{"id":562,"date":"2013-09-04T12:19:38","date_gmt":"2013-09-04T17:19:38","guid":{"rendered":"http:\/\/www.kalot.com.mx\/?p=562"},"modified":"2013-09-04T12:19:38","modified_gmt":"2013-09-04T17:19:38","slug":"teaser-de-lo-nuevo-de-arcade-fire","status":"publish","type":"post","link":"https:\/\/kalot.com.mx\/site\/2013\/09\/04\/teaser-de-lo-nuevo-de-arcade-fire\/","title":{"rendered":"Teaser de lo nuevo de Arcade Fire"},"content":{"rendered":"<p>No hab\u00edan pasado ni siquiera 2 d\u00edas del teaser de tan s\u00f3lo 15 segundos a trav\u00e9s de Spotify que nos regal\u00f3 la banda oriunda de Montreal, Canad\u00e1 y favorita de muchos: <strong>Arcade Fire<\/strong>, cuando de pronto a trav\u00e9s de su canal oficial de YouTube nos regalan desde el d\u00eda de ayer lo que al parecer viene siendo un adelanto musical y visual de <strong>&#8220;Reflektor&#8221;<\/strong>, nombre tentativo para que as\u00ed se titule su 4to disco de estudio.<\/p>\n<p><a href=\"https:\/\/i0.wp.com\/www.kalot.com.mx\/wp-content\/uploads\/2013\/09\/arcade-5801220553148.jpg\"><img data-recalc-dims=\"1\" decoding=\"async\" data-attachment-id=\"570\" data-permalink=\"https:\/\/kalot.com.mx\/site\/2013\/09\/04\/teaser-de-lo-nuevo-de-arcade-fire\/arcade-5801220553148\/\" data-orig-file=\"https:\/\/i0.wp.com\/kalot.com.mx\/site\/wp-content\/uploads\/2013\/09\/arcade-5801220553148.jpg?fit=580%2C220&amp;ssl=1\" data-orig-size=\"580,220\" data-comments-opened=\"1\" data-image-meta=\"{&quot;aperture&quot;:&quot;0&quot;,&quot;credit&quot;:&quot;&quot;,&quot;camera&quot;:&quot;&quot;,&quot;caption&quot;:&quot;&quot;,&quot;created_timestamp&quot;:&quot;0&quot;,&quot;copyright&quot;:&quot;&quot;,&quot;focal_length&quot;:&quot;0&quot;,&quot;iso&quot;:&quot;0&quot;,&quot;shutter_speed&quot;:&quot;0&quot;,&quot;title&quot;:&quot;&quot;}\" data-image-title=\"arcade-5801220553148\" data-image-description=\"\" data-image-caption=\"\" data-large-file=\"https:\/\/i0.wp.com\/kalot.com.mx\/site\/wp-content\/uploads\/2013\/09\/arcade-5801220553148.jpg?fit=580%2C220&amp;ssl=1\" class=\"alignnone size-medium wp-image-570\" alt=\"arcade-5801220553148\" src=\"https:\/\/i0.wp.com\/www.kalot.com.mx\/wp-content\/uploads\/2013\/09\/arcade-5801220553148-300x113.jpg?resize=300%2C113\" width=\"300\" height=\"113\" srcset=\"https:\/\/i0.wp.com\/kalot.com.mx\/site\/wp-content\/uploads\/2013\/09\/arcade-5801220553148.jpg?resize=300%2C113&amp;ssl=1 300w, https:\/\/i0.wp.com\/kalot.com.mx\/site\/wp-content\/uploads\/2013\/09\/arcade-5801220553148.jpg?w=580&amp;ssl=1 580w\" sizes=\"(max-width: 300px) 100vw, 300px\" \/><\/a><\/p>\n<p>El d\u00eda 9\/9 a las 9:00 hrs es la fecha que ha acompa\u00f1ado a esta campa\u00f1a viral (graffitis, p\u00f3sters, redes sociales) \u00a0en la que seguramente se nos mostrar\u00e1 un adelanto de lo que nos tienen preparado.<\/p>\n<p>El \u00e1lbum tiene su fecha de salida prevista para el <strong>29 de Octubre<\/strong>, esto fue contestado a trav\u00e9s de Twitter a una fan que los mencion\u00f3 y pregunt\u00f3 acerca de su nuevo material, a lo que el tweet fue contestado con lo siguiente:\u00a0\u201cGracias. Nuestro nuevo disco va a salir el 29 de octubre\u201d.<\/p>\n<p>Mientras tanto les dejamos el adelanto:<\/p>\n<p><span class=\"embed-youtube\" style=\"text-align:center; display: block;\"><iframe class=\"youtube-player\" width=\"1200\" height=\"675\" src=\"https:\/\/www.youtube.com\/embed\/4i2wp3GkNrg?version=3&#038;rel=1&#038;showsearch=0&#038;showinfo=1&#038;iv_load_policy=1&#038;fs=1&#038;hl=es-MX&#038;autohide=2&#038;wmode=transparent\" allowfullscreen=\"true\" style=\"border:0;\" sandbox=\"allow-scripts allow-same-origin allow-popups allow-presentation allow-popups-to-escape-sandbox\"><\/iframe><\/span><\/p>\n<p>&nbsp;<\/p>\n","protected":false},"excerpt":{"rendered":"No hab\u00edan pasado ni siquiera 2 d\u00edas del teaser de tan s\u00f3lo 15 segundos a trav\u00e9s de Spotify&hellip;\n","protected":false},"author":18,"featured_media":580,"comment_status":"open","ping_status":"open","sticky":false,"template":"","format":"standard","meta":{"jetpack_post_was_ever_published":false,"_jetpack_newsletter_access":"","_jetpack_dont_email_post_to_subs":false,"_jetpack_newsletter_tier_id":0,"_jetpack_memberships_contains_paywalled_content":false,"_jetpack_memberships_contains_paid_content":false,"footnotes":"","jetpack_publicize_message":"","jetpack_publicize_feature_enabled":true,"jetpack_social_post_already_shared":true,"jetpack_social_options":{"image_generator_settings":{"template":"highway","default_image_id":0,"font":"","enabled":false},"version":2}},"categories":[],"tags":[],"class_list":{"0":"post-562","1":"post","2":"type-post","3":"status-publish","4":"format-standard","5":"has-post-thumbnail","7":"cs-entry","8":"cs-video-wrap"},"yoast_head":"<!-- This site is optimized with the Yoast SEO plugin v27.4 - https:\/\/yoast.com\/product\/yoast-seo-wordpress\/ -->\n<title>Teaser de lo nuevo de Arcade Fire - Kalot<\/title>\n<meta name=\"description\" content=\"No hab\u00edan pasado ni siquiera 2 d\u00edas del teaser de tan s\u00f3lo 15 segundos a trav\u00e9s de Spotify que nos regal\u00f3 la banda oriunda de Montreal, Canad\u00e1 y favorita\" \/>\n<meta name=\"robots\" content=\"index, follow, max-snippet:-1, max-image-preview:large, max-video-preview:-1\" \/>\n<link rel=\"canonical\" href=\"https:\/\/kalot.com.mx\/site\/2013\/09\/04\/teaser-de-lo-nuevo-de-arcade-fire\/\" \/>\n<meta property=\"og:locale\" content=\"es_MX\" \/>\n<meta property=\"og:type\" content=\"article\" \/>\n<meta property=\"og:title\" content=\"Teaser de lo nuevo de Arcade Fire - Kalot\" \/>\n<meta property=\"og:description\" content=\"No hab\u00edan pasado ni siquiera 2 d\u00edas del teaser de tan s\u00f3lo 15 segundos a trav\u00e9s de Spotify que nos regal\u00f3 la banda oriunda de Montreal, Canad\u00e1 y favorita\" \/>\n<meta property=\"og:url\" content=\"https:\/\/kalot.com.mx\/site\/2013\/09\/04\/teaser-de-lo-nuevo-de-arcade-fire\/\" \/>\n<meta property=\"og:site_name\" content=\"Kalot\" \/>\n<meta property=\"article:publisher\" content=\"http:\/\/facebook.com\/mxkalot\" \/>\n<meta property=\"article:author\" content=\"https:\/\/www.facebook.com\/don.capu\" \/>\n<meta property=\"article:published_time\" content=\"2013-09-04T17:19:38+00:00\" \/>\n<meta property=\"og:image\" content=\"https:\/\/i0.wp.com\/kalot.com.mx\/site\/wp-content\/uploads\/2013\/09\/Arcade-Fire.jpeg?fit=1360%2C768&ssl=1\" \/>\n\t<meta property=\"og:image:width\" content=\"1360\" \/>\n\t<meta property=\"og:image:height\" content=\"768\" \/>\n\t<meta property=\"og:image:type\" content=\"image\/jpeg\" \/>\n<meta name=\"author\" content=\"Omar Herrera\" \/>\n<meta name=\"twitter:card\" content=\"summary_large_image\" \/>\n<meta name=\"twitter:creator\" content=\"@thedoncapu\" \/>\n<meta name=\"twitter:site\" content=\"@kalotmx\" \/>\n<meta name=\"twitter:label1\" content=\"Escrito por\" \/>\n\t<meta name=\"twitter:data1\" content=\"Omar Herrera\" \/>\n\t<meta name=\"twitter:label2\" content=\"Tiempo de lectura\" \/>\n\t<meta name=\"twitter:data2\" content=\"1 minuto\" \/>\n<!-- \/ Yoast SEO plugin. -->","yoast_head_json":{"title":"Teaser de lo nuevo de Arcade Fire - Kalot","description":"No hab\u00edan pasado ni siquiera 2 d\u00edas del teaser de tan s\u00f3lo 15 segundos a trav\u00e9s de Spotify que nos regal\u00f3 la banda oriunda de Montreal, Canad\u00e1 y favorita","robots":{"index":"index","follow":"follow","max-snippet":"max-snippet:-1","max-image-preview":"max-image-preview:large","max-video-preview":"max-video-preview:-1"},"canonical":"https:\/\/kalot.com.mx\/site\/2013\/09\/04\/teaser-de-lo-nuevo-de-arcade-fire\/","og_locale":"es_MX","og_type":"article","og_title":"Teaser de lo nuevo de Arcade Fire - Kalot","og_description":"No hab\u00edan pasado ni siquiera 2 d\u00edas del teaser de tan s\u00f3lo 15 segundos a trav\u00e9s de Spotify que nos regal\u00f3 la banda oriunda de Montreal, Canad\u00e1 y favorita","og_url":"https:\/\/kalot.com.mx\/site\/2013\/09\/04\/teaser-de-lo-nuevo-de-arcade-fire\/","og_site_name":"Kalot","article_publisher":"http:\/\/facebook.com\/mxkalot","article_author":"https:\/\/www.facebook.com\/don.capu","article_published_time":"2013-09-04T17:19:38+00:00","og_image":[{"width":1360,"height":768,"url":"https:\/\/i0.wp.com\/kalot.com.mx\/site\/wp-content\/uploads\/2013\/09\/Arcade-Fire.jpeg?fit=1360%2C768&ssl=1","type":"image\/jpeg"}],"author":"Omar Herrera","twitter_card":"summary_large_image","twitter_creator":"@thedoncapu","twitter_site":"@kalotmx","twitter_misc":{"Escrito por":"Omar Herrera","Tiempo de lectura":"1 minuto"},"schema":{"@context":"https:\/\/schema.org","@graph":[{"@type":"Article","@id":"https:\/\/kalot.com.mx\/site\/2013\/09\/04\/teaser-de-lo-nuevo-de-arcade-fire\/#article","isPartOf":{"@id":"https:\/\/kalot.com.mx\/site\/2013\/09\/04\/teaser-de-lo-nuevo-de-arcade-fire\/"},"author":{"name":"Omar Herrera","@id":"https:\/\/kalot.com.mx\/site\/#\/schema\/person\/1bf32c47ee15104d1e824350c07ac220"},"headline":"Teaser de lo nuevo de Arcade Fire","datePublished":"2013-09-04T17:19:38+00:00","mainEntityOfPage":{"@id":"https:\/\/kalot.com.mx\/site\/2013\/09\/04\/teaser-de-lo-nuevo-de-arcade-fire\/"},"wordCount":194,"commentCount":0,"publisher":{"@id":"https:\/\/kalot.com.mx\/site\/#organization"},"image":{"@id":"https:\/\/kalot.com.mx\/site\/2013\/09\/04\/teaser-de-lo-nuevo-de-arcade-fire\/#primaryimage"},"thumbnailUrl":"https:\/\/i0.wp.com\/kalot.com.mx\/site\/wp-content\/uploads\/2013\/09\/Arcade-Fire.jpeg?fit=1360%2C768&ssl=1","inLanguage":"es","potentialAction":[{"@type":"CommentAction","name":"Comment","target":["https:\/\/kalot.com.mx\/site\/2013\/09\/04\/teaser-de-lo-nuevo-de-arcade-fire\/#respond"]}]},{"@type":"WebPage","@id":"https:\/\/kalot.com.mx\/site\/2013\/09\/04\/teaser-de-lo-nuevo-de-arcade-fire\/","url":"https:\/\/kalot.com.mx\/site\/2013\/09\/04\/teaser-de-lo-nuevo-de-arcade-fire\/","name":"Teaser de lo nuevo de Arcade Fire - Kalot","isPartOf":{"@id":"https:\/\/kalot.com.mx\/site\/#website"},"primaryImageOfPage":{"@id":"https:\/\/kalot.com.mx\/site\/2013\/09\/04\/teaser-de-lo-nuevo-de-arcade-fire\/#primaryimage"},"image":{"@id":"https:\/\/kalot.com.mx\/site\/2013\/09\/04\/teaser-de-lo-nuevo-de-arcade-fire\/#primaryimage"},"thumbnailUrl":"https:\/\/i0.wp.com\/kalot.com.mx\/site\/wp-content\/uploads\/2013\/09\/Arcade-Fire.jpeg?fit=1360%2C768&ssl=1","datePublished":"2013-09-04T17:19:38+00:00","description":"No hab\u00edan pasado ni siquiera 2 d\u00edas del teaser de tan s\u00f3lo 15 segundos a trav\u00e9s de Spotify que nos regal\u00f3 la banda oriunda de Montreal, Canad\u00e1 y favorita","breadcrumb":{"@id":"https:\/\/kalot.com.mx\/site\/2013\/09\/04\/teaser-de-lo-nuevo-de-arcade-fire\/#breadcrumb"},"inLanguage":"es","potentialAction":[{"@type":"ReadAction","target":["https:\/\/kalot.com.mx\/site\/2013\/09\/04\/teaser-de-lo-nuevo-de-arcade-fire\/"]}]},{"@type":"ImageObject","inLanguage":"es","@id":"https:\/\/kalot.com.mx\/site\/2013\/09\/04\/teaser-de-lo-nuevo-de-arcade-fire\/#primaryimage","url":"https:\/\/i0.wp.com\/kalot.com.mx\/site\/wp-content\/uploads\/2013\/09\/Arcade-Fire.jpeg?fit=1360%2C768&ssl=1","contentUrl":"https:\/\/i0.wp.com\/kalot.com.mx\/site\/wp-content\/uploads\/2013\/09\/Arcade-Fire.jpeg?fit=1360%2C768&ssl=1","width":1360,"height":768},{"@type":"BreadcrumbList","@id":"https:\/\/kalot.com.mx\/site\/2013\/09\/04\/teaser-de-lo-nuevo-de-arcade-fire\/#breadcrumb","itemListElement":[{"@type":"ListItem","position":1,"name":"Home","item":"https:\/\/kalot.com.mx\/site\/"},{"@type":"ListItem","position":2,"name":"Teaser de lo nuevo de Arcade Fire"}]},{"@type":"WebSite","@id":"https:\/\/kalot.com.mx\/site\/#website","url":"https:\/\/kalot.com.mx\/site\/","name":"Kalot","description":"Conoce Todo Sobre Todo","publisher":{"@id":"https:\/\/kalot.com.mx\/site\/#organization"},"potentialAction":[{"@type":"SearchAction","target":{"@type":"EntryPoint","urlTemplate":"https:\/\/kalot.com.mx\/site\/?s={search_term_string}"},"query-input":{"@type":"PropertyValueSpecification","valueRequired":true,"valueName":"search_term_string"}}],"inLanguage":"es"},{"@type":"Organization","@id":"https:\/\/kalot.com.mx\/site\/#organization","name":"Kalot","url":"https:\/\/kalot.com.mx\/site\/","logo":{"@type":"ImageObject","inLanguage":"es","@id":"https:\/\/kalot.com.mx\/site\/#\/schema\/logo\/image\/","url":"https:\/\/i0.wp.com\/kalot.com.mx\/site\/wp-content\/uploads\/2020\/04\/Kalot-logo-sin-tagline.png?fit=1707%2C1014&ssl=1","contentUrl":"https:\/\/i0.wp.com\/kalot.com.mx\/site\/wp-content\/uploads\/2020\/04\/Kalot-logo-sin-tagline.png?fit=1707%2C1014&ssl=1","width":1707,"height":1014,"caption":"Kalot"},"image":{"@id":"https:\/\/kalot.com.mx\/site\/#\/schema\/logo\/image\/"},"sameAs":["http:\/\/facebook.com\/mxkalot","https:\/\/x.com\/kalotmx","http:\/\/instagram.com\/kalotmx","http:\/\/pinterest.com\/jorgeerana\/kalot"]},{"@type":"Person","@id":"https:\/\/kalot.com.mx\/site\/#\/schema\/person\/1bf32c47ee15104d1e824350c07ac220","name":"Omar Herrera","image":{"@type":"ImageObject","inLanguage":"es","@id":"https:\/\/secure.gravatar.com\/avatar\/ae84de016d43d093bed40799c6d19430bc23d65401e1d68c9afab71da0688278?s=96&d=mm&r=g","url":"https:\/\/secure.gravatar.com\/avatar\/ae84de016d43d093bed40799c6d19430bc23d65401e1d68c9afab71da0688278?s=96&d=mm&r=g","contentUrl":"https:\/\/secure.gravatar.com\/avatar\/ae84de016d43d093bed40799c6d19430bc23d65401e1d68c9afab71da0688278?s=96&d=mm&r=g","caption":"Omar Herrera"},"description":"Si mi vida se resumiera en una pel\u00edcula, ser\u00eda en una dirigida por Woody Allen. Licenciado en Ciencias y T\u00e9cnicas de la Comunicaci\u00f3n.","sameAs":["http:\/\/www.linkedin.com\/pub\/omar-vargas-herrera\/8a\/792\/288","https:\/\/www.facebook.com\/don.capu","https:\/\/x.com\/thedoncapu"],"url":"https:\/\/kalot.com.mx\/site\/author\/doncapu\/"}]}},"jetpack_publicize_connections":[],"jetpack_featured_media_url":"https:\/\/i0.wp.com\/kalot.com.mx\/site\/wp-content\/uploads\/2013\/09\/Arcade-Fire.jpeg?fit=1360%2C768&ssl=1","jetpack_shortlink":"https:\/\/wp.me\/p6IHEI-94","jetpack-related-posts":[{"id":24680,"url":"https:\/\/kalot.com.mx\/site\/2016\/01\/06\/primer-adelanto-de-el-conjuro-2\/","url_meta":{"origin":562,"position":0},"title":"Primer adelanto de &#8220;El Conjuro 2&#8221;","author":"yash","date":"6 enero, 2016","format":false,"excerpt":"James Wan, director de \"El Conjuro 2\", acaba de revelar a trav\u00e9s de su cuenta de Twitter el primer adelanto de lo que ser\u00e1 el trailer de la tan esperada secuela. Ma\u00f1ana ser\u00e1 el estreno de dicho trailer. La secuela de \u201cEl Conjuro\u201d tendr\u00e1 su estreno el pr\u00f3ximo 10 de\u2026","rel":"","context":"En &quot;Cine&quot;","block_context":{"text":"Cine","link":"https:\/\/kalot.com.mx\/site\/category\/cine\/"},"img":{"alt_text":"","src":"https:\/\/i0.wp.com\/kalot.com.mx\/site\/wp-content\/uploads\/2015\/12\/the-conjuring-2-enfield-ghost.jpg?fit=612%2C380&ssl=1&resize=350%2C200","width":350,"height":200,"srcset":"https:\/\/i0.wp.com\/kalot.com.mx\/site\/wp-content\/uploads\/2015\/12\/the-conjuring-2-enfield-ghost.jpg?fit=612%2C380&ssl=1&resize=350%2C200 1x, https:\/\/i0.wp.com\/kalot.com.mx\/site\/wp-content\/uploads\/2015\/12\/the-conjuring-2-enfield-ghost.jpg?fit=612%2C380&ssl=1&resize=525%2C300 1.5x"},"classes":[]},{"id":2569,"url":"https:\/\/kalot.com.mx\/site\/2013\/09\/29\/arcade-fire-estrena-musica-en-saturday-night-live\/","url_meta":{"origin":562,"position":1},"title":"Arcade Fire estrena m\u00fasica en Saturday Night Live","author":"Omar Herrera","date":"29 septiembre, 2013","format":false,"excerpt":"La noche del s\u00e1bado estuvo engalanada en la televisi\u00f3n norteamericana con la premier de la temporada n\u00famero 39 en la historia de uno de los mejores shows de comedia en la historia de la televisi\u00f3n, estamos hablando de Saturday Night Live. El show cont\u00f3 con la presencia de invitados especiales\u2026","rel":"","context":"Entrada similar ","block_context":{"text":"Entrada similar ","link":""},"img":{"alt_text":"","src":"https:\/\/i0.wp.com\/kalot.com.mx\/site\/wp-content\/uploads\/2013\/09\/o-ARCADE-FIRE-facebook.jpg?fit=1200%2C600&ssl=1&resize=350%2C200","width":350,"height":200,"srcset":"https:\/\/i0.wp.com\/kalot.com.mx\/site\/wp-content\/uploads\/2013\/09\/o-ARCADE-FIRE-facebook.jpg?fit=1200%2C600&ssl=1&resize=350%2C200 1x, https:\/\/i0.wp.com\/kalot.com.mx\/site\/wp-content\/uploads\/2013\/09\/o-ARCADE-FIRE-facebook.jpg?fit=1200%2C600&ssl=1&resize=525%2C300 1.5x, https:\/\/i0.wp.com\/kalot.com.mx\/site\/wp-content\/uploads\/2013\/09\/o-ARCADE-FIRE-facebook.jpg?fit=1200%2C600&ssl=1&resize=700%2C400 2x, https:\/\/i0.wp.com\/kalot.com.mx\/site\/wp-content\/uploads\/2013\/09\/o-ARCADE-FIRE-facebook.jpg?fit=1200%2C600&ssl=1&resize=1050%2C600 3x"},"classes":[]},{"id":14077,"url":"https:\/\/kalot.com.mx\/site\/2014\/03\/27\/teaser-trailer-tortugas-ninja\/","url_meta":{"origin":562,"position":2},"title":"Teaser Trailer de Las Tortugas Ninja","author":"Jorge Era\u00f1a","date":"27 marzo, 2014","format":false,"excerpt":"Por fin se liber\u00f3 el primer Teaser Trailer de Las Tortugas Ninja Agosto 8 ser\u00e1 la fecha cuando veremos el regreso del que, personalmente he esperado por mucho tiempo volver a ver en Cine, les hablo de la nueva de pel\u00edcula producida por Michael Bay y dirigida por\u00a0Jonathan Liebesman que\u2026","rel":"","context":"Entrada similar ","block_context":{"text":"Entrada similar ","link":""},"img":{"alt_text":"","src":"https:\/\/i0.wp.com\/kalot.com.mx\/site\/wp-content\/uploads\/2014\/03\/tortugas-ninja.png?fit=680%2C478&ssl=1&resize=350%2C200","width":350,"height":200,"srcset":"https:\/\/i0.wp.com\/kalot.com.mx\/site\/wp-content\/uploads\/2014\/03\/tortugas-ninja.png?fit=680%2C478&ssl=1&resize=350%2C200 1x, https:\/\/i0.wp.com\/kalot.com.mx\/site\/wp-content\/uploads\/2014\/03\/tortugas-ninja.png?fit=680%2C478&ssl=1&resize=525%2C300 1.5x"},"classes":[]},{"id":21551,"url":"https:\/\/kalot.com.mx\/site\/2015\/05\/21\/se-presenta-el-teaser-trailer-del-nuevo-juego-de-need-for-speed\/","url_meta":{"origin":562,"position":3},"title":"Se presenta el teaser trailer del nuevo juego de NEED FOR SPEED","author":"HM_MKT007","date":"21 mayo, 2015","format":false,"excerpt":"Ya ten\u00eda rato que no ve\u00edamos noticias de NEED FOR SPEED en la industria de los videojuegos, algo as\u00ed como un par de a\u00f1os, pero hace poco ELECTRONIC ARTS, responsables de la saga, se comprometieron a que ver\u00edamos algo nuevo y realmente importante para la saga, pero no nos quisieron\u2026","rel":"","context":"Entrada similar ","block_context":{"text":"Entrada similar ","link":""},"img":{"alt_text":"","src":"https:\/\/i0.wp.com\/kalot.com.mx\/site\/wp-content\/uploads\/2015\/05\/NFS_Profile_650.png?fit=553%2C553&ssl=1&resize=350%2C200","width":350,"height":200,"srcset":"https:\/\/i0.wp.com\/kalot.com.mx\/site\/wp-content\/uploads\/2015\/05\/NFS_Profile_650.png?fit=553%2C553&ssl=1&resize=350%2C200 1x, https:\/\/i0.wp.com\/kalot.com.mx\/site\/wp-content\/uploads\/2015\/05\/NFS_Profile_650.png?fit=553%2C553&ssl=1&resize=525%2C300 1.5x"},"classes":[]},{"id":14113,"url":"https:\/\/kalot.com.mx\/site\/2014\/03\/28\/las-13-mejores-canciones-de-arcade-fire\/","url_meta":{"origin":562,"position":4},"title":"Las 13 Mejores Canciones de Arcade Fire","author":"Omar Herrera","date":"28 marzo, 2014","format":false,"excerpt":"Ser\u00e1 en estos d\u00edas cuando el grupo liderado por el matrimonio Win Butler y R\u00e9gine Chassagne vendr\u00e1n a su \u00fanica fecha en la gira de Reflektor en M\u00e9xico al Festival Iberoamericano de Cultura Musical en su quinceava edici\u00f3n o mejor conocido como Vive Latino 2014 para los cuates por lo\u2026","rel":"","context":"Entrada similar ","block_context":{"text":"Entrada similar ","link":""},"img":{"alt_text":"","src":"https:\/\/i0.wp.com\/kalot.com.mx\/site\/wp-content\/uploads\/2014\/03\/Arcade-Fire.jpeg?fit=1200%2C678&ssl=1&resize=350%2C200","width":350,"height":200,"srcset":"https:\/\/i0.wp.com\/kalot.com.mx\/site\/wp-content\/uploads\/2014\/03\/Arcade-Fire.jpeg?fit=1200%2C678&ssl=1&resize=350%2C200 1x, https:\/\/i0.wp.com\/kalot.com.mx\/site\/wp-content\/uploads\/2014\/03\/Arcade-Fire.jpeg?fit=1200%2C678&ssl=1&resize=525%2C300 1.5x, https:\/\/i0.wp.com\/kalot.com.mx\/site\/wp-content\/uploads\/2014\/03\/Arcade-Fire.jpeg?fit=1200%2C678&ssl=1&resize=700%2C400 2x, https:\/\/i0.wp.com\/kalot.com.mx\/site\/wp-content\/uploads\/2014\/03\/Arcade-Fire.jpeg?fit=1200%2C678&ssl=1&resize=1050%2C600 3x"},"classes":[]},{"id":11627,"url":"https:\/\/kalot.com.mx\/site\/2014\/02\/13\/san-valen-que\/","url_meta":{"origin":562,"position":5},"title":"San Valen&#8230; \u00bfqu\u00e9?","author":"Mar\u00eda Alvarado","date":"13 febrero, 2014","format":false,"excerpt":"[dropcap size=big]O[\/dropcap]h San Valent\u00edn, aquella fecha en que todo es amor y felicidad, para algunos es una fecha importante pero para otros es m\u00e1s dif\u00edcil o no les importa un comino y hasta llegan a decir: San Valen... \u00bfqu\u00e9?. La idea que rodea a esta festividad un tanto comercial es\u2026","rel":"","context":"Entrada similar ","block_context":{"text":"Entrada similar ","link":""},"img":{"alt_text":"","src":"https:\/\/i0.wp.com\/kalot.com.mx\/site\/wp-content\/uploads\/2014\/02\/Valentines-Day-Roses.jpg?fit=1200%2C750&ssl=1&resize=350%2C200","width":350,"height":200,"srcset":"https:\/\/i0.wp.com\/kalot.com.mx\/site\/wp-content\/uploads\/2014\/02\/Valentines-Day-Roses.jpg?fit=1200%2C750&ssl=1&resize=350%2C200 1x, https:\/\/i0.wp.com\/kalot.com.mx\/site\/wp-content\/uploads\/2014\/02\/Valentines-Day-Roses.jpg?fit=1200%2C750&ssl=1&resize=525%2C300 1.5x, https:\/\/i0.wp.com\/kalot.com.mx\/site\/wp-content\/uploads\/2014\/02\/Valentines-Day-Roses.jpg?fit=1200%2C750&ssl=1&resize=700%2C400 2x, https:\/\/i0.wp.com\/kalot.com.mx\/site\/wp-content\/uploads\/2014\/02\/Valentines-Day-Roses.jpg?fit=1200%2C750&ssl=1&resize=1050%2C600 3x"},"classes":[]}],"jetpack_sharing_enabled":true,"_links":{"self":[{"href":"https:\/\/kalot.com.mx\/site\/wp-json\/wp\/v2\/posts\/562","targetHints":{"allow":["GET"]}}],"collection":[{"href":"https:\/\/kalot.com.mx\/site\/wp-json\/wp\/v2\/posts"}],"about":[{"href":"https:\/\/kalot.com.mx\/site\/wp-json\/wp\/v2\/types\/post"}],"author":[{"embeddable":true,"href":"https:\/\/kalot.com.mx\/site\/wp-json\/wp\/v2\/users\/18"}],"replies":[{"embeddable":true,"href":"https:\/\/kalot.com.mx\/site\/wp-json\/wp\/v2\/comments?post=562"}],"version-history":[{"count":0,"href":"https:\/\/kalot.com.mx\/site\/wp-json\/wp\/v2\/posts\/562\/revisions"}],"wp:featuredmedia":[{"embeddable":true,"href":"https:\/\/kalot.com.mx\/site\/wp-json\/wp\/v2\/media\/580"}],"wp:attachment":[{"href":"https:\/\/kalot.com.mx\/site\/wp-json\/wp\/v2\/media?parent=562"}],"wp:term":[{"taxonomy":"category","embeddable":true,"href":"https:\/\/kalot.com.mx\/site\/wp-json\/wp\/v2\/categories?post=562"},{"taxonomy":"post_tag","embeddable":true,"href":"https:\/\/kalot.com.mx\/site\/wp-json\/wp\/v2\/tags?post=562"}],"curies":[{"name":"wp","href":"https:\/\/api.w.org\/{rel}","templated":true}]}}