{"id":555,"date":"2013-09-04T11:20:02","date_gmt":"2013-09-04T16:20:02","guid":{"rendered":"http:\/\/www.kalot.com.mx\/?p=555"},"modified":"2013-09-04T11:20:02","modified_gmt":"2013-09-04T16:20:02","slug":"el-origen-del-planeta-de-los-simios","status":"publish","type":"post","link":"https:\/\/kalot.com.mx\/site\/2013\/09\/04\/el-origen-del-planeta-de-los-simios\/","title":{"rendered":"El origen del Planeta de los simios"},"content":{"rendered":"<p>Este es el nombre que llevar\u00e1 la segunda parte de la pel\u00edcula El planeta de los simios (R) Evoluci\u00f3n que correr\u00e1 a cargo de Rupert Wyatt y que ten\u00eda como una fecha tentativa de estreno el 2014, esto a\u00fan no est\u00e1 confirmado.<\/p>\n<p>A pesar de que poco se ha dicho de esta segunda entrega, es muy interesante la forma de publicitarse, aunque no sea tan popular, es una propuesta muynovedosa. Ya que existe en la web una p\u00e1gina llamada <a href=\"http:\/\/www.simianflu.com\/\">http:\/\/www.simianflu.com<\/a> y que ofrece toda la informaci\u00f3n al respecto de la gripe de los simios la cual como recordamos es da\u00f1ina para los seres humanos, dentro de la p\u00e1gina muestra a lo largo de algunos a\u00f1os el nivel de infecci\u00f3n en el mundo.<\/p>\n<p>La informaci\u00f3n que muestra la p\u00e1gina web, querido lector, parece tan real que si en una de esas, no presta la suficiente atenci\u00f3n si se me anda asustando por los condenados changos. Los mexicanos hemos sobrevivido a varios virus como la Influenza H1N1, las vacas locas, el chupacabras y hasta los tacos de la esquina pero en esta ocasi\u00f3n al igual que en Guerra Mundial Z no correremos con la misma suerte.<\/p>\n<p>Los invito a que comparta su opini\u00f3n conmigo querido lector y estemos en contacto a trav\u00e9s de Twitter como <a href=\"https:\/\/twitter.com\/MisaelGallegos\">@MisaelGallegos<\/a>\u2026<\/p>\n<p>&nbsp;<\/p>\n<p>Cesar is back&#8230;<\/p>\n<p>&nbsp;<\/p>\n<p>Les comparto uno de los grandes momentos de la en la historia del cine, \u00a0la escena donde el Tylor encuentra la estatua de la libertad algunos a\u00f1os despu\u00e9s de su partida en 1972.<\/p>\n<p>(Planet of the apes 1968)<\/p>\n<p>&nbsp;<\/p>\n<p>Esta fue su reacci\u00f3n<\/p>\n<p><span class=\"embed-youtube\" style=\"text-align:center; display: block;\"><iframe class=\"youtube-player\" width=\"1200\" height=\"675\" src=\"https:\/\/www.youtube.com\/embed\/VR9yZYgaq8s?version=3&#038;rel=1&#038;showsearch=0&#038;showinfo=1&#038;iv_load_policy=1&#038;fs=1&#038;hl=es-MX&#038;autohide=2&#038;wmode=transparent\" allowfullscreen=\"true\" style=\"border:0;\" sandbox=\"allow-scripts allow-same-origin allow-popups allow-presentation allow-popups-to-escape-sandbox\"><\/iframe><\/span><\/p>\n","protected":false},"excerpt":{"rendered":"Este es el nombre que llevar\u00e1 la segunda parte de la pel\u00edcula El planeta de los simios (R)&hellip;\n","protected":false},"author":4,"featured_media":556,"comment_status":"open","ping_status":"open","sticky":false,"template":"","format":"standard","meta":{"jetpack_post_was_ever_published":false,"_jetpack_newsletter_access":"","_jetpack_dont_email_post_to_subs":false,"_jetpack_newsletter_tier_id":0,"_jetpack_memberships_contains_paywalled_content":false,"_jetpack_memberships_contains_paid_content":false,"footnotes":"","jetpack_publicize_message":"","jetpack_publicize_feature_enabled":true,"jetpack_social_post_already_shared":true,"jetpack_social_options":{"image_generator_settings":{"template":"highway","default_image_id":0,"font":"","enabled":false},"version":2}},"categories":[],"tags":[],"class_list":{"0":"post-555","1":"post","2":"type-post","3":"status-publish","4":"format-standard","5":"has-post-thumbnail","7":"cs-entry","8":"cs-video-wrap"},"yoast_head":"<!-- This site is optimized with the Yoast SEO plugin v27.5 - https:\/\/yoast.com\/product\/yoast-seo-wordpress\/ -->\n<title>El origen del Planeta de los simios - Kalot<\/title>\n<meta name=\"description\" content=\"Este es el nombre que llevar\u00e1 la segunda parte de la pel\u00edcula El planeta de los simios (R) Evoluci\u00f3n que correr\u00e1 a cargo de Rupert Wyatt y que ten\u00eda como\" \/>\n<meta name=\"robots\" content=\"index, follow, max-snippet:-1, max-image-preview:large, max-video-preview:-1\" \/>\n<link rel=\"canonical\" href=\"https:\/\/kalot.com.mx\/site\/2013\/09\/04\/el-origen-del-planeta-de-los-simios\/\" \/>\n<meta property=\"og:locale\" content=\"es_MX\" \/>\n<meta property=\"og:type\" content=\"article\" \/>\n<meta property=\"og:title\" content=\"El origen del Planeta de los simios - Kalot\" \/>\n<meta property=\"og:description\" content=\"Este es el nombre que llevar\u00e1 la segunda parte de la pel\u00edcula El planeta de los simios (R) Evoluci\u00f3n que correr\u00e1 a cargo de Rupert Wyatt y que ten\u00eda como\" \/>\n<meta property=\"og:url\" content=\"https:\/\/kalot.com.mx\/site\/2013\/09\/04\/el-origen-del-planeta-de-los-simios\/\" \/>\n<meta property=\"og:site_name\" content=\"Kalot\" \/>\n<meta property=\"article:publisher\" content=\"http:\/\/facebook.com\/mxkalot\" \/>\n<meta property=\"article:published_time\" content=\"2013-09-04T16:20:02+00:00\" \/>\n<meta property=\"og:image\" content=\"https:\/\/i2.wp.com\/kalot.com.mx\/site\/wp-content\/uploads\/2013\/09\/dawn-of-the-planet-of-the-apes-610x319.jpg?fit=610%2C319&ssl=1\" \/>\n\t<meta property=\"og:image:width\" content=\"610\" \/>\n\t<meta property=\"og:image:height\" content=\"319\" \/>\n\t<meta property=\"og:image:type\" content=\"image\/jpeg\" \/>\n<meta name=\"author\" content=\"Misael Gallegos\" \/>\n<meta name=\"twitter:card\" content=\"summary_large_image\" \/>\n<meta name=\"twitter:creator\" content=\"@kalotmx\" \/>\n<meta name=\"twitter:site\" content=\"@kalotmx\" \/>\n<meta name=\"twitter:label1\" content=\"Escrito por\" \/>\n\t<meta name=\"twitter:data1\" content=\"Misael Gallegos\" \/>\n\t<meta name=\"twitter:label2\" content=\"Tiempo de lectura\" \/>\n\t<meta name=\"twitter:data2\" content=\"1 minuto\" \/>\n<!-- \/ Yoast SEO plugin. -->","yoast_head_json":{"title":"El origen del Planeta de los simios - Kalot","description":"Este es el nombre que llevar\u00e1 la segunda parte de la pel\u00edcula El planeta de los simios (R) Evoluci\u00f3n que correr\u00e1 a cargo de Rupert Wyatt y que ten\u00eda como","robots":{"index":"index","follow":"follow","max-snippet":"max-snippet:-1","max-image-preview":"max-image-preview:large","max-video-preview":"max-video-preview:-1"},"canonical":"https:\/\/kalot.com.mx\/site\/2013\/09\/04\/el-origen-del-planeta-de-los-simios\/","og_locale":"es_MX","og_type":"article","og_title":"El origen del Planeta de los simios - Kalot","og_description":"Este es el nombre que llevar\u00e1 la segunda parte de la pel\u00edcula El planeta de los simios (R) Evoluci\u00f3n que correr\u00e1 a cargo de Rupert Wyatt y que ten\u00eda como","og_url":"https:\/\/kalot.com.mx\/site\/2013\/09\/04\/el-origen-del-planeta-de-los-simios\/","og_site_name":"Kalot","article_publisher":"http:\/\/facebook.com\/mxkalot","article_published_time":"2013-09-04T16:20:02+00:00","og_image":[{"width":610,"height":319,"url":"https:\/\/i2.wp.com\/kalot.com.mx\/site\/wp-content\/uploads\/2013\/09\/dawn-of-the-planet-of-the-apes-610x319.jpg?fit=610%2C319&ssl=1","type":"image\/jpeg"}],"author":"Misael Gallegos","twitter_card":"summary_large_image","twitter_creator":"@kalotmx","twitter_site":"@kalotmx","twitter_misc":{"Escrito por":"Misael Gallegos","Tiempo de lectura":"1 minuto"},"schema":{"@context":"https:\/\/schema.org","@graph":[{"@type":"Article","@id":"https:\/\/kalot.com.mx\/site\/2013\/09\/04\/el-origen-del-planeta-de-los-simios\/#article","isPartOf":{"@id":"https:\/\/kalot.com.mx\/site\/2013\/09\/04\/el-origen-del-planeta-de-los-simios\/"},"author":{"name":"Misael Gallegos","@id":"https:\/\/kalot.com.mx\/site\/#\/schema\/person\/fb7ce9814652fa8a952639aa902da29c"},"headline":"El origen del Planeta de los simios","datePublished":"2013-09-04T16:20:02+00:00","mainEntityOfPage":{"@id":"https:\/\/kalot.com.mx\/site\/2013\/09\/04\/el-origen-del-planeta-de-los-simios\/"},"wordCount":298,"commentCount":0,"publisher":{"@id":"https:\/\/kalot.com.mx\/site\/#organization"},"image":{"@id":"https:\/\/kalot.com.mx\/site\/2013\/09\/04\/el-origen-del-planeta-de-los-simios\/#primaryimage"},"thumbnailUrl":"https:\/\/i0.wp.com\/kalot.com.mx\/site\/wp-content\/uploads\/2013\/09\/dawn-of-the-planet-of-the-apes-610x319.jpg?fit=610%2C319&ssl=1","inLanguage":"es","potentialAction":[{"@type":"CommentAction","name":"Comment","target":["https:\/\/kalot.com.mx\/site\/2013\/09\/04\/el-origen-del-planeta-de-los-simios\/#respond"]}]},{"@type":"WebPage","@id":"https:\/\/kalot.com.mx\/site\/2013\/09\/04\/el-origen-del-planeta-de-los-simios\/","url":"https:\/\/kalot.com.mx\/site\/2013\/09\/04\/el-origen-del-planeta-de-los-simios\/","name":"El origen del Planeta de los simios - Kalot","isPartOf":{"@id":"https:\/\/kalot.com.mx\/site\/#website"},"primaryImageOfPage":{"@id":"https:\/\/kalot.com.mx\/site\/2013\/09\/04\/el-origen-del-planeta-de-los-simios\/#primaryimage"},"image":{"@id":"https:\/\/kalot.com.mx\/site\/2013\/09\/04\/el-origen-del-planeta-de-los-simios\/#primaryimage"},"thumbnailUrl":"https:\/\/i0.wp.com\/kalot.com.mx\/site\/wp-content\/uploads\/2013\/09\/dawn-of-the-planet-of-the-apes-610x319.jpg?fit=610%2C319&ssl=1","datePublished":"2013-09-04T16:20:02+00:00","description":"Este es el nombre que llevar\u00e1 la segunda parte de la pel\u00edcula El planeta de los simios (R) Evoluci\u00f3n que correr\u00e1 a cargo de Rupert Wyatt y que ten\u00eda como","breadcrumb":{"@id":"https:\/\/kalot.com.mx\/site\/2013\/09\/04\/el-origen-del-planeta-de-los-simios\/#breadcrumb"},"inLanguage":"es","potentialAction":[{"@type":"ReadAction","target":["https:\/\/kalot.com.mx\/site\/2013\/09\/04\/el-origen-del-planeta-de-los-simios\/"]}]},{"@type":"ImageObject","inLanguage":"es","@id":"https:\/\/kalot.com.mx\/site\/2013\/09\/04\/el-origen-del-planeta-de-los-simios\/#primaryimage","url":"https:\/\/i0.wp.com\/kalot.com.mx\/site\/wp-content\/uploads\/2013\/09\/dawn-of-the-planet-of-the-apes-610x319.jpg?fit=610%2C319&ssl=1","contentUrl":"https:\/\/i0.wp.com\/kalot.com.mx\/site\/wp-content\/uploads\/2013\/09\/dawn-of-the-planet-of-the-apes-610x319.jpg?fit=610%2C319&ssl=1","width":610,"height":319},{"@type":"BreadcrumbList","@id":"https:\/\/kalot.com.mx\/site\/2013\/09\/04\/el-origen-del-planeta-de-los-simios\/#breadcrumb","itemListElement":[{"@type":"ListItem","position":1,"name":"Home","item":"https:\/\/kalot.com.mx\/site\/"},{"@type":"ListItem","position":2,"name":"El origen del Planeta de los simios"}]},{"@type":"WebSite","@id":"https:\/\/kalot.com.mx\/site\/#website","url":"https:\/\/kalot.com.mx\/site\/","name":"Kalot","description":"Conoce Todo Sobre Todo","publisher":{"@id":"https:\/\/kalot.com.mx\/site\/#organization"},"potentialAction":[{"@type":"SearchAction","target":{"@type":"EntryPoint","urlTemplate":"https:\/\/kalot.com.mx\/site\/?s={search_term_string}"},"query-input":{"@type":"PropertyValueSpecification","valueRequired":true,"valueName":"search_term_string"}}],"inLanguage":"es"},{"@type":"Organization","@id":"https:\/\/kalot.com.mx\/site\/#organization","name":"Kalot","url":"https:\/\/kalot.com.mx\/site\/","logo":{"@type":"ImageObject","inLanguage":"es","@id":"https:\/\/kalot.com.mx\/site\/#\/schema\/logo\/image\/","url":"https:\/\/i0.wp.com\/kalot.com.mx\/site\/wp-content\/uploads\/2020\/04\/Kalot-logo-sin-tagline.png?fit=1707%2C1014&ssl=1","contentUrl":"https:\/\/i0.wp.com\/kalot.com.mx\/site\/wp-content\/uploads\/2020\/04\/Kalot-logo-sin-tagline.png?fit=1707%2C1014&ssl=1","width":1707,"height":1014,"caption":"Kalot"},"image":{"@id":"https:\/\/kalot.com.mx\/site\/#\/schema\/logo\/image\/"},"sameAs":["http:\/\/facebook.com\/mxkalot","https:\/\/x.com\/kalotmx","http:\/\/instagram.com\/kalotmx","http:\/\/pinterest.com\/jorgeerana\/kalot"]},{"@type":"Person","@id":"https:\/\/kalot.com.mx\/site\/#\/schema\/person\/fb7ce9814652fa8a952639aa902da29c","name":"Misael Gallegos","image":{"@type":"ImageObject","inLanguage":"es","@id":"https:\/\/secure.gravatar.com\/avatar\/460269539e13f65a5cfc150721888fa0eb738dc3156db4df397d338c73df8c8b?s=96&d=mm&r=g","url":"https:\/\/secure.gravatar.com\/avatar\/460269539e13f65a5cfc150721888fa0eb738dc3156db4df397d338c73df8c8b?s=96&d=mm&r=g","contentUrl":"https:\/\/secure.gravatar.com\/avatar\/460269539e13f65a5cfc150721888fa0eb738dc3156db4df397d338c73df8c8b?s=96&d=mm&r=g","caption":"Misael Gallegos"},"description":"Gustoso por compartir un punto de vista e intercambiar opiniones al respecto de alg\u00fan del tema de arriba...","url":"https:\/\/kalot.com.mx\/site\/author\/misa_ranzio\/"}]}},"jetpack_publicize_connections":[],"jetpack_featured_media_url":"https:\/\/i0.wp.com\/kalot.com.mx\/site\/wp-content\/uploads\/2013\/09\/dawn-of-the-planet-of-the-apes-610x319.jpg?fit=610%2C319&ssl=1","jetpack_shortlink":"https:\/\/wp.me\/p6IHEI-8X","jetpack-related-posts":[{"id":8191,"url":"https:\/\/kalot.com.mx\/site\/2013\/12\/21\/que-nos-espera-este-2014-en-los-cines\/","url_meta":{"origin":555,"position":0},"title":"\u00bfQu\u00e9 nos espera este 2014 en los cines?","author":"Gustavo Elizarrar\u00e1s","date":"21 diciembre, 2013","format":false,"excerpt":"Hola mis estimados lectores, si bien tenemos claro que este 2013 se nos va en unos cuantos d\u00edas y con ello dejamos atr\u00e1s todo el buen cine que tuvimos la fortuna de apreciar, claro sin dejar de pensar \u00bfqu\u00e9 nos espera este 2014 en los cines?. Pues si bien es\u2026","rel":"","context":"En &quot;Sin categor\u00eda&quot;","block_context":{"text":"Sin categor\u00eda","link":"https:\/\/kalot.com.mx\/site\/category\/sin-categoria\/"},"img":{"alt_text":"","src":"https:\/\/i0.wp.com\/kalot.com.mx\/site\/wp-content\/uploads\/2013\/12\/2fadd09_slide_4_main.jpg?fit=588%2C252&ssl=1&resize=350%2C200","width":350,"height":200,"srcset":"https:\/\/i0.wp.com\/kalot.com.mx\/site\/wp-content\/uploads\/2013\/12\/2fadd09_slide_4_main.jpg?fit=588%2C252&ssl=1&resize=350%2C200 1x, https:\/\/i0.wp.com\/kalot.com.mx\/site\/wp-content\/uploads\/2013\/12\/2fadd09_slide_4_main.jpg?fit=588%2C252&ssl=1&resize=525%2C300 1.5x"},"classes":[]},{"id":26775,"url":"https:\/\/kalot.com.mx\/site\/2016\/12\/29\/editorial-cuando-cgi-innecesario-malo\/","url_meta":{"origin":555,"position":1},"title":"Editorial: Cuando el CGI es innecesario o malo","author":"yash","date":"29 diciembre, 2016","format":false,"excerpt":"Alguna vez nos hemos topado con alguna pel\u00edcula que abusa de este recurso tecnol\u00f3gico o ocasiones nos preguntamos \u00bfRealmente era necesario? Para quienes no sepan o no est\u00e9n familiarizados con las siglas CGI, no se preocupen, tratar\u00e9 de explicarlo de una manera breve y sin tanto tecnicismo. El t\u00e9rmino CGI\u2026","rel":"","context":"En &quot;Cine&quot;","block_context":{"text":"Cine","link":"https:\/\/kalot.com.mx\/site\/category\/cine\/"},"img":{"alt_text":"","src":"https:\/\/i0.wp.com\/kalot.com.mx\/site\/wp-content\/uploads\/2016\/12\/EditorialCGI.png?fit=1024%2C512&ssl=1&resize=350%2C200","width":350,"height":200,"srcset":"https:\/\/i0.wp.com\/kalot.com.mx\/site\/wp-content\/uploads\/2016\/12\/EditorialCGI.png?fit=1024%2C512&ssl=1&resize=350%2C200 1x, https:\/\/i0.wp.com\/kalot.com.mx\/site\/wp-content\/uploads\/2016\/12\/EditorialCGI.png?fit=1024%2C512&ssl=1&resize=525%2C300 1.5x, https:\/\/i0.wp.com\/kalot.com.mx\/site\/wp-content\/uploads\/2016\/12\/EditorialCGI.png?fit=1024%2C512&ssl=1&resize=700%2C400 2x"},"classes":[]},{"id":4414,"url":"https:\/\/kalot.com.mx\/site\/2013\/10\/19\/top-5-drama-en-el-espacionew\/","url_meta":{"origin":555,"position":2},"title":"Top 5: Drama en el espacio","author":"Omar Herrera","date":"19 octubre, 2013","format":false,"excerpt":"Con el lanzamiento de Gravity (2013) e Interstellar (2014) en a\u00f1os recientes, tal parece que se han vuelto a popularizar aquellas odiseas con trasfondo espacial por lo que\u00a0decidimos realizar un Top 5\u00a0de pel\u00edculas que tienen como escenario el espacio y que son tan inquietantes y terror\u00edficas que te har\u00e1n saltar\u2026","rel":"","context":"En &quot;Sin categor\u00eda&quot;","block_context":{"text":"Sin categor\u00eda","link":"https:\/\/kalot.com.mx\/site\/category\/sin-categoria\/"},"img":{"alt_text":"","src":"https:\/\/i0.wp.com\/kalot.com.mx\/site\/wp-content\/uploads\/2013\/10\/gravity_2013_sandra_bullock.jpg?fit=1200%2C676&ssl=1&resize=350%2C200","width":350,"height":200,"srcset":"https:\/\/i0.wp.com\/kalot.com.mx\/site\/wp-content\/uploads\/2013\/10\/gravity_2013_sandra_bullock.jpg?fit=1200%2C676&ssl=1&resize=350%2C200 1x, https:\/\/i0.wp.com\/kalot.com.mx\/site\/wp-content\/uploads\/2013\/10\/gravity_2013_sandra_bullock.jpg?fit=1200%2C676&ssl=1&resize=525%2C300 1.5x, https:\/\/i0.wp.com\/kalot.com.mx\/site\/wp-content\/uploads\/2013\/10\/gravity_2013_sandra_bullock.jpg?fit=1200%2C676&ssl=1&resize=700%2C400 2x, https:\/\/i0.wp.com\/kalot.com.mx\/site\/wp-content\/uploads\/2013\/10\/gravity_2013_sandra_bullock.jpg?fit=1200%2C676&ssl=1&resize=1050%2C600 3x"},"classes":[]},{"id":15215,"url":"https:\/\/kalot.com.mx\/site\/2014\/04\/22\/cuidemos-nuestro-planeta\/","url_meta":{"origin":555,"position":3},"title":"\u00a1Cuidemos nuestro planeta!","author":"Andrea Debo","date":"22 abril, 2014","format":false,"excerpt":"22 de abril, considerado como el d\u00eda en que celebramos a la TIERRA, sin embargo son 365 d\u00edas los que habitamos en ella, son 365 d\u00edas los que hacemos uso de ella, as\u00ed que yo me pregunto: \u00bfS\u00f3lo acordarnos de ella porqu\u00e9 se le ha asignado un d\u00eda? No es\u2026","rel":"","context":"En &quot;Sin categor\u00eda&quot;","block_context":{"text":"Sin categor\u00eda","link":"https:\/\/kalot.com.mx\/site\/category\/sin-categoria\/"},"img":{"alt_text":"","src":"https:\/\/i0.wp.com\/kalot.com.mx\/site\/wp-content\/uploads\/2014\/04\/12004_10201122957099764_594732325_n.jpg?fit=599%2C399&ssl=1&resize=350%2C200","width":350,"height":200,"srcset":"https:\/\/i0.wp.com\/kalot.com.mx\/site\/wp-content\/uploads\/2014\/04\/12004_10201122957099764_594732325_n.jpg?fit=599%2C399&ssl=1&resize=350%2C200 1x, https:\/\/i0.wp.com\/kalot.com.mx\/site\/wp-content\/uploads\/2014\/04\/12004_10201122957099764_594732325_n.jpg?fit=599%2C399&ssl=1&resize=525%2C300 1.5x"},"classes":[]},{"id":13818,"url":"https:\/\/kalot.com.mx\/site\/2014\/03\/23\/13818\/","url_meta":{"origin":555,"position":4},"title":"Cinema Planeta","author":"Ceci Cuevas","date":"23 marzo, 2014","format":false,"excerpt":"por Ceci Cuevas En el estado de Morelos,\u00a0a 40 minutos de la ciudad de Cuernavaca,\u00a0el pasado viernes 21 de marzo se llev\u00f3 a cabo\u00a0\u00a0la inauguraci\u00f3n de\u00a0la sexta edici\u00f3n del festival internacional de cine y medio ambiente de M\u00e9xico\u00a0Cinema Planeta. Con la presencia de mas de 4,500 personas, se hizo la\u2026","rel":"","context":"Entrada similar ","block_context":{"text":"Entrada similar ","link":""},"img":{"alt_text":"","src":"https:\/\/i0.wp.com\/kalot.com.mx\/site\/wp-content\/uploads\/2014\/03\/cinema-planeta.png?fit=680%2C444&ssl=1&resize=350%2C200","width":350,"height":200,"srcset":"https:\/\/i0.wp.com\/kalot.com.mx\/site\/wp-content\/uploads\/2014\/03\/cinema-planeta.png?fit=680%2C444&ssl=1&resize=350%2C200 1x, https:\/\/i0.wp.com\/kalot.com.mx\/site\/wp-content\/uploads\/2014\/03\/cinema-planeta.png?fit=680%2C444&ssl=1&resize=525%2C300 1.5x"},"classes":[]},{"id":6427,"url":"https:\/\/kalot.com.mx\/site\/2013\/11\/13\/casco-invisible-para-ciclistas\/","url_meta":{"origin":555,"position":5},"title":"Casco Invisible para Ciclistas!","author":"Ceci Cuevas","date":"13 noviembre, 2013","format":false,"excerpt":"por Ceci Cuevas Si has andado en bici como debes hacerlo (usando casco) sabes lo inc\u00f3modo que esto es, aparte que si eres muy fashion te despeina, si no te gusta sudar bueno obvio te hace sudar mas y no te deja disfrutar de la sensaci\u00f3n del viento. Por estas\u2026","rel":"","context":"Entrada similar ","block_context":{"text":"Entrada similar ","link":""},"img":{"alt_text":"","src":"https:\/\/i0.wp.com\/kalot.com.mx\/site\/wp-content\/uploads\/2013\/11\/20131113-030455-p.m..jpg?fit=640%2C360&ssl=1&resize=350%2C200","width":350,"height":200,"srcset":"https:\/\/i0.wp.com\/kalot.com.mx\/site\/wp-content\/uploads\/2013\/11\/20131113-030455-p.m..jpg?fit=640%2C360&ssl=1&resize=350%2C200 1x, https:\/\/i0.wp.com\/kalot.com.mx\/site\/wp-content\/uploads\/2013\/11\/20131113-030455-p.m..jpg?fit=640%2C360&ssl=1&resize=525%2C300 1.5x"},"classes":[]}],"jetpack_sharing_enabled":true,"_links":{"self":[{"href":"https:\/\/kalot.com.mx\/site\/wp-json\/wp\/v2\/posts\/555","targetHints":{"allow":["GET"]}}],"collection":[{"href":"https:\/\/kalot.com.mx\/site\/wp-json\/wp\/v2\/posts"}],"about":[{"href":"https:\/\/kalot.com.mx\/site\/wp-json\/wp\/v2\/types\/post"}],"author":[{"embeddable":true,"href":"https:\/\/kalot.com.mx\/site\/wp-json\/wp\/v2\/users\/4"}],"replies":[{"embeddable":true,"href":"https:\/\/kalot.com.mx\/site\/wp-json\/wp\/v2\/comments?post=555"}],"version-history":[{"count":0,"href":"https:\/\/kalot.com.mx\/site\/wp-json\/wp\/v2\/posts\/555\/revisions"}],"wp:featuredmedia":[{"embeddable":true,"href":"https:\/\/kalot.com.mx\/site\/wp-json\/wp\/v2\/media\/556"}],"wp:attachment":[{"href":"https:\/\/kalot.com.mx\/site\/wp-json\/wp\/v2\/media?parent=555"}],"wp:term":[{"taxonomy":"category","embeddable":true,"href":"https:\/\/kalot.com.mx\/site\/wp-json\/wp\/v2\/categories?post=555"},{"taxonomy":"post_tag","embeddable":true,"href":"https:\/\/kalot.com.mx\/site\/wp-json\/wp\/v2\/tags?post=555"}],"curies":[{"name":"wp","href":"https:\/\/api.w.org\/{rel}","templated":true}]}}