{"id":5495,"date":"2013-11-01T12:51:49","date_gmt":"2013-11-01T18:51:49","guid":{"rendered":"http:\/\/www.kalot.com.mx\/?p=5495"},"modified":"2013-11-01T12:54:35","modified_gmt":"2013-11-01T18:54:35","slug":"la-sub-17-sac","status":"publish","type":"post","link":"https:\/\/kalot.com.mx\/site\/2013\/11\/01\/la-sub-17-sac\/","title":{"rendered":"La sub-17 Saca la casta por M\u00e9xico"},"content":{"rendered":"<p style=\"text-align: justify\">El d\u00eda de hoy M\u00e9xico enfrentaba un cl\u00e1sico mundial contra Brasil en la Copa del mundo Sub-17 con las alineaciones.<\/p>\n<p style=\"text-align: justify\">Alineaci\u00f3n M\u00e9xico: Gudi\u00f1o, Wbias, Ter\u00e1n, Rodr\u00edguez, Hern\u00e1ndez, D\u00edaz, Ochoa, Aguirre, Rivas, Govea, Jaimes<\/p>\n<p style=\"text-align: justify\">M\u00e9xico llega a cuartos tras derrotar a\u00a0 Italia en la ronda previa<\/p>\n<p style=\"text-align: justify\">Alineaci\u00f3n Brasil: Marcos; Auro, Lucas, Eduardo, Danilo, Caio, Mosquito, Nathan, Thiago Maia, \u00cdndio, Kenedy<\/p>\n<p style=\"text-align: justify\">Brasil llega a esta instancia despu\u00e9s de vencer a Rusia en octavos de final.<\/p>\n<p style=\"text-align: center\"><a href=\"https:\/\/i0.wp.com\/www.kalot.com.mx\/wp-content\/uploads\/2013\/11\/Captura-de-pantalla-2013-11-01-a-las-12.43.51.png\"><img data-recalc-dims=\"1\" decoding=\"async\" data-attachment-id=\"5499\" data-permalink=\"https:\/\/kalot.com.mx\/site\/2013\/11\/01\/la-sub-17-sac\/captura-de-pantalla-2013-11-01-a-las-12-43-51\/\" data-orig-file=\"https:\/\/i0.wp.com\/kalot.com.mx\/site\/wp-content\/uploads\/2013\/11\/Captura-de-pantalla-2013-11-01-a-las-12.43.51.png?fit=953%2C513&amp;ssl=1\" data-orig-size=\"953,513\" data-comments-opened=\"1\" data-image-meta=\"{&quot;aperture&quot;:&quot;0&quot;,&quot;credit&quot;:&quot;&quot;,&quot;camera&quot;:&quot;&quot;,&quot;caption&quot;:&quot;&quot;,&quot;created_timestamp&quot;:&quot;0&quot;,&quot;copyright&quot;:&quot;&quot;,&quot;focal_length&quot;:&quot;0&quot;,&quot;iso&quot;:&quot;0&quot;,&quot;shutter_speed&quot;:&quot;0&quot;,&quot;title&quot;:&quot;&quot;}\" data-image-title=\"Captura de pantalla 2013-11-01 a la(s) 12.43.51\" data-image-description=\"\" data-image-caption=\"\" data-large-file=\"https:\/\/i0.wp.com\/kalot.com.mx\/site\/wp-content\/uploads\/2013\/11\/Captura-de-pantalla-2013-11-01-a-las-12.43.51.png?fit=953%2C513&amp;ssl=1\" class=\"alignnone size-medium wp-image-5499\" alt=\"Captura de pantalla 2013-11-01 a la(s) 12.43.51\" src=\"https:\/\/i0.wp.com\/www.kalot.com.mx\/wp-content\/uploads\/2013\/11\/Captura-de-pantalla-2013-11-01-a-las-12.43.51-300x161.png?resize=300%2C161\" width=\"300\" height=\"161\" srcset=\"https:\/\/i0.wp.com\/kalot.com.mx\/site\/wp-content\/uploads\/2013\/11\/Captura-de-pantalla-2013-11-01-a-las-12.43.51.png?resize=300%2C161&amp;ssl=1 300w, https:\/\/i0.wp.com\/kalot.com.mx\/site\/wp-content\/uploads\/2013\/11\/Captura-de-pantalla-2013-11-01-a-las-12.43.51.png?resize=750%2C400&amp;ssl=1 750w, https:\/\/i0.wp.com\/kalot.com.mx\/site\/wp-content\/uploads\/2013\/11\/Captura-de-pantalla-2013-11-01-a-las-12.43.51.png?resize=280%2C150&amp;ssl=1 280w, https:\/\/i0.wp.com\/kalot.com.mx\/site\/wp-content\/uploads\/2013\/11\/Captura-de-pantalla-2013-11-01-a-las-12.43.51.png?w=953&amp;ssl=1 953w\" sizes=\"(max-width: 300px) 100vw, 300px\" \/><\/a><\/p>\n<p style=\"text-align: justify\">Los tricolores se han enfrentado tres veces en un\u00a0 Mundial Sub-17.\u00a0 Son dos victorias\u00a0 para M\u00e9xico\u00a0 y una para los cariocas.<\/p>\n<p style=\"text-align: justify\">En la cancha se ve\u00edan muy duro de que M\u00e9xico pudiese ganar al seleccionado brasile\u00f1o. Un primer tiempo muy parejo, en el segundo tiempo Brasil se fue arriba y estaba presionando demasiado. Aunque a su vez se ve\u00eda un poco nervioso, ya que en los partidos pasados gole\u00f3, a quien se le pusiera enfrente, el defensa brasile\u00f1o golpea por la banda a un jugador Mexicano y en esa jugada a bal\u00f3n parado con pase de Rivas y desvi\u00f3 de D\u00edaz se logro la anotaci\u00f3n mexicana para subir en el marcador, aunque no duro mucho el gusto ya que faltando 5 minutos para que terminara el partido el numero 10 de Brasil Nathan anoto el gol con el que emparejaba el partido.<\/p>\n<p style=\"text-align: center\"><a href=\"https:\/\/i0.wp.com\/www.kalot.com.mx\/wp-content\/uploads\/2013\/11\/Captura-de-pantalla-2013-11-01-a-las-12.44.48.png\"><img data-recalc-dims=\"1\" decoding=\"async\" data-attachment-id=\"5503\" data-permalink=\"https:\/\/kalot.com.mx\/site\/2013\/11\/01\/la-sub-17-sac\/captura-de-pantalla-2013-11-01-a-las-12-44-48\/\" data-orig-file=\"https:\/\/i0.wp.com\/kalot.com.mx\/site\/wp-content\/uploads\/2013\/11\/Captura-de-pantalla-2013-11-01-a-las-12.44.48.png?fit=949%2C516&amp;ssl=1\" data-orig-size=\"949,516\" data-comments-opened=\"1\" data-image-meta=\"{&quot;aperture&quot;:&quot;0&quot;,&quot;credit&quot;:&quot;&quot;,&quot;camera&quot;:&quot;&quot;,&quot;caption&quot;:&quot;&quot;,&quot;created_timestamp&quot;:&quot;0&quot;,&quot;copyright&quot;:&quot;&quot;,&quot;focal_length&quot;:&quot;0&quot;,&quot;iso&quot;:&quot;0&quot;,&quot;shutter_speed&quot;:&quot;0&quot;,&quot;title&quot;:&quot;&quot;}\" data-image-title=\"Captura de pantalla 2013-11-01 a la(s) 12.44.48\" data-image-description=\"\" data-image-caption=\"\" data-large-file=\"https:\/\/i0.wp.com\/kalot.com.mx\/site\/wp-content\/uploads\/2013\/11\/Captura-de-pantalla-2013-11-01-a-las-12.44.48.png?fit=949%2C516&amp;ssl=1\" class=\"alignnone size-medium wp-image-5503\" alt=\"Captura de pantalla 2013-11-01 a la(s) 12.44.48\" src=\"https:\/\/i0.wp.com\/www.kalot.com.mx\/wp-content\/uploads\/2013\/11\/Captura-de-pantalla-2013-11-01-a-las-12.44.48-300x163.png?resize=300%2C163\" width=\"300\" height=\"163\" srcset=\"https:\/\/i0.wp.com\/kalot.com.mx\/site\/wp-content\/uploads\/2013\/11\/Captura-de-pantalla-2013-11-01-a-las-12.44.48.png?resize=300%2C163&amp;ssl=1 300w, https:\/\/i0.wp.com\/kalot.com.mx\/site\/wp-content\/uploads\/2013\/11\/Captura-de-pantalla-2013-11-01-a-las-12.44.48.png?w=949&amp;ssl=1 949w\" sizes=\"(max-width: 300px) 100vw, 300px\" \/><\/a><\/p>\n<p style=\"text-align: justify\">Aunque Brasil termino arriba de M\u00e9xico los j\u00f3venes supieron mantener el marcador para pasar a la tanda de penales, donde M\u00e9xico de adjudico el pase a la semifinal depuse de que el marcador quedara 11-10 favor el tri.<\/p>\n<p><img data-recalc-dims=\"1\" decoding=\"async\" data-attachment-id=\"5500\" data-permalink=\"https:\/\/kalot.com.mx\/site\/2013\/11\/01\/la-sub-17-sac\/captura-de-pantalla-2013-11-01-a-las-12-44-28\/\" data-orig-file=\"https:\/\/i0.wp.com\/kalot.com.mx\/site\/wp-content\/uploads\/2013\/11\/Captura-de-pantalla-2013-11-01-a-las-12.44.28.png?fit=950%2C514&amp;ssl=1\" data-orig-size=\"950,514\" data-comments-opened=\"1\" data-image-meta=\"{&quot;aperture&quot;:&quot;0&quot;,&quot;credit&quot;:&quot;&quot;,&quot;camera&quot;:&quot;&quot;,&quot;caption&quot;:&quot;&quot;,&quot;created_timestamp&quot;:&quot;0&quot;,&quot;copyright&quot;:&quot;&quot;,&quot;focal_length&quot;:&quot;0&quot;,&quot;iso&quot;:&quot;0&quot;,&quot;shutter_speed&quot;:&quot;0&quot;,&quot;title&quot;:&quot;&quot;}\" data-image-title=\"Captura de pantalla 2013-11-01 a la(s) 12.44.28\" data-image-description=\"\" data-image-caption=\"\" data-large-file=\"https:\/\/i0.wp.com\/kalot.com.mx\/site\/wp-content\/uploads\/2013\/11\/Captura-de-pantalla-2013-11-01-a-las-12.44.28.png?fit=950%2C514&amp;ssl=1\" class=\"size-medium wp-image-5500 aligncenter\" alt=\"Captura de pantalla 2013-11-01 a la(s) 12.44.28\" src=\"https:\/\/i0.wp.com\/www.kalot.com.mx\/wp-content\/uploads\/2013\/11\/Captura-de-pantalla-2013-11-01-a-las-12.44.28-300x162.png?resize=300%2C162\" width=\"300\" height=\"162\" srcset=\"https:\/\/i0.wp.com\/kalot.com.mx\/site\/wp-content\/uploads\/2013\/11\/Captura-de-pantalla-2013-11-01-a-las-12.44.28.png?resize=300%2C162&amp;ssl=1 300w, https:\/\/i0.wp.com\/kalot.com.mx\/site\/wp-content\/uploads\/2013\/11\/Captura-de-pantalla-2013-11-01-a-las-12.44.28.png?resize=280%2C150&amp;ssl=1 280w, https:\/\/i0.wp.com\/kalot.com.mx\/site\/wp-content\/uploads\/2013\/11\/Captura-de-pantalla-2013-11-01-a-las-12.44.28.png?w=950&amp;ssl=1 950w\" sizes=\"(max-width: 300px) 100vw, 300px\" \/><\/p>\n<p style=\"text-align: justify\">Una tanda de penales muy larga y donde no falto la calidad de los jugadores, donde se dio la vuelta a todo el equipo al patear, e el ultimo penal con Fallo de Mosquito (Brasil) y anotaci\u00f3n de D\u00edaz(M\u00e9xico) .<\/p>\n<p style=\"text-align: center\"><a href=\"https:\/\/i0.wp.com\/www.kalot.com.mx\/wp-content\/uploads\/2013\/11\/Captura-de-pantalla-2013-11-01-a-las-12.43.031.png\"><img data-recalc-dims=\"1\" loading=\"lazy\" decoding=\"async\" data-attachment-id=\"5498\" data-permalink=\"https:\/\/kalot.com.mx\/site\/2013\/11\/01\/la-sub-17-sac\/captura-de-pantalla-2013-11-01-a-las-12-43-03-2\/\" data-orig-file=\"https:\/\/i0.wp.com\/kalot.com.mx\/site\/wp-content\/uploads\/2013\/11\/Captura-de-pantalla-2013-11-01-a-las-12.43.031.png?fit=957%2C519&amp;ssl=1\" data-orig-size=\"957,519\" data-comments-opened=\"1\" data-image-meta=\"{&quot;aperture&quot;:&quot;0&quot;,&quot;credit&quot;:&quot;&quot;,&quot;camera&quot;:&quot;&quot;,&quot;caption&quot;:&quot;&quot;,&quot;created_timestamp&quot;:&quot;0&quot;,&quot;copyright&quot;:&quot;&quot;,&quot;focal_length&quot;:&quot;0&quot;,&quot;iso&quot;:&quot;0&quot;,&quot;shutter_speed&quot;:&quot;0&quot;,&quot;title&quot;:&quot;&quot;}\" data-image-title=\"Captura de pantalla 2013-11-01 a la(s) 12.43.03\" data-image-description=\"\" data-image-caption=\"\" data-large-file=\"https:\/\/i0.wp.com\/kalot.com.mx\/site\/wp-content\/uploads\/2013\/11\/Captura-de-pantalla-2013-11-01-a-las-12.43.031.png?fit=957%2C519&amp;ssl=1\" class=\"alignnone size-medium wp-image-5498\" alt=\"Captura de pantalla 2013-11-01 a la(s) 12.43.03\" src=\"https:\/\/i0.wp.com\/www.kalot.com.mx\/wp-content\/uploads\/2013\/11\/Captura-de-pantalla-2013-11-01-a-las-12.43.031-300x162.png?resize=300%2C162\" width=\"300\" height=\"162\" srcset=\"https:\/\/i0.wp.com\/kalot.com.mx\/site\/wp-content\/uploads\/2013\/11\/Captura-de-pantalla-2013-11-01-a-las-12.43.031.png?resize=300%2C162&amp;ssl=1 300w, https:\/\/i0.wp.com\/kalot.com.mx\/site\/wp-content\/uploads\/2013\/11\/Captura-de-pantalla-2013-11-01-a-las-12.43.031.png?resize=280%2C150&amp;ssl=1 280w, https:\/\/i0.wp.com\/kalot.com.mx\/site\/wp-content\/uploads\/2013\/11\/Captura-de-pantalla-2013-11-01-a-las-12.43.031.png?w=957&amp;ssl=1 957w\" sizes=\"(max-width: 300px) 100vw, 300px\" \/><\/a><\/p>\n<p style=\"text-align: justify\">Ahora vemos que los ni\u00f1os vuelven a sacar la casta por M\u00e9xico esperan rival que puede ser Argentina o Costa de Marfil esperemos que les vaya muy bien, y a apoyarlos en esta etapa.<\/p>\n<p style=\"text-align: justify\">Bueno Kalochos que est\u00e9n muy bien un abrazo y que pasen buen fin, nos leemos pronto.<\/p>\n","protected":false},"excerpt":{"rendered":"El d\u00eda de hoy M\u00e9xico enfrentaba un cl\u00e1sico mundial contra Brasil en la Copa del mundo Sub-17 con&hellip;\n","protected":false},"author":19,"featured_media":5497,"comment_status":"open","ping_status":"open","sticky":false,"template":"","format":"standard","meta":{"jetpack_post_was_ever_published":false,"_jetpack_newsletter_access":"","_jetpack_dont_email_post_to_subs":false,"_jetpack_newsletter_tier_id":0,"_jetpack_memberships_contains_paywalled_content":false,"_jetpack_memberships_contains_paid_content":false,"footnotes":"","jetpack_publicize_message":"","jetpack_publicize_feature_enabled":true,"jetpack_social_post_already_shared":true,"jetpack_social_options":{"image_generator_settings":{"template":"highway","default_image_id":0,"font":"","enabled":false},"version":2}},"categories":[],"tags":[],"class_list":{"0":"post-5495","1":"post","2":"type-post","3":"status-publish","4":"format-standard","5":"has-post-thumbnail","7":"cs-entry","8":"cs-video-wrap"},"yoast_head":"<!-- This site is optimized with the Yoast SEO plugin v27.5 - https:\/\/yoast.com\/product\/yoast-seo-wordpress\/ -->\n<title>La sub-17 Saca la casta por M\u00e9xico - Kalot<\/title>\n<meta name=\"description\" content=\"La sub-17 Saca la casta por M\u00e9xico despu\u00e9s de vencer a Brasil en tanda de penales\" \/>\n<meta name=\"robots\" content=\"index, follow, max-snippet:-1, max-image-preview:large, max-video-preview:-1\" \/>\n<link rel=\"canonical\" href=\"https:\/\/kalot.com.mx\/site\/2013\/11\/01\/la-sub-17-sac\/\" \/>\n<meta property=\"og:locale\" content=\"es_MX\" \/>\n<meta property=\"og:type\" content=\"article\" \/>\n<meta property=\"og:title\" content=\"La sub-17 Saca la casta por M\u00e9xico - Kalot\" \/>\n<meta property=\"og:description\" content=\"La sub-17 Saca la casta por M\u00e9xico despu\u00e9s de vencer a Brasil en tanda de penales\" \/>\n<meta property=\"og:url\" content=\"https:\/\/kalot.com.mx\/site\/2013\/11\/01\/la-sub-17-sac\/\" \/>\n<meta property=\"og:site_name\" content=\"Kalot\" \/>\n<meta property=\"article:publisher\" content=\"http:\/\/facebook.com\/mxkalot\" \/>\n<meta property=\"article:published_time\" content=\"2013-11-01T18:51:49+00:00\" \/>\n<meta property=\"article:modified_time\" content=\"2013-11-01T18:54:35+00:00\" \/>\n<meta property=\"og:image\" content=\"https:\/\/i2.wp.com\/kalot.com.mx\/site\/wp-content\/uploads\/2013\/11\/Captura-de-pantalla-2013-11-01-a-las-12.43.03.png?fit=957%2C519&ssl=1\" \/>\n\t<meta property=\"og:image:width\" content=\"957\" \/>\n\t<meta property=\"og:image:height\" content=\"519\" \/>\n\t<meta property=\"og:image:type\" content=\"image\/png\" \/>\n<meta name=\"author\" content=\"Anastacio S\u00e1nchez\" \/>\n<meta name=\"twitter:card\" content=\"summary_large_image\" \/>\n<meta name=\"twitter:creator\" content=\"@kalotmx\" \/>\n<meta name=\"twitter:site\" content=\"@kalotmx\" \/>\n<meta name=\"twitter:label1\" content=\"Escrito por\" \/>\n\t<meta name=\"twitter:data1\" content=\"Anastacio S\u00e1nchez\" \/>\n\t<meta name=\"twitter:label2\" content=\"Tiempo de lectura\" \/>\n\t<meta name=\"twitter:data2\" content=\"2 minutos\" \/>\n<!-- \/ Yoast SEO plugin. -->","yoast_head_json":{"title":"La sub-17 Saca la casta por M\u00e9xico - Kalot","description":"La sub-17 Saca la casta por M\u00e9xico despu\u00e9s de vencer a Brasil en tanda de penales","robots":{"index":"index","follow":"follow","max-snippet":"max-snippet:-1","max-image-preview":"max-image-preview:large","max-video-preview":"max-video-preview:-1"},"canonical":"https:\/\/kalot.com.mx\/site\/2013\/11\/01\/la-sub-17-sac\/","og_locale":"es_MX","og_type":"article","og_title":"La sub-17 Saca la casta por M\u00e9xico - Kalot","og_description":"La sub-17 Saca la casta por M\u00e9xico despu\u00e9s de vencer a Brasil en tanda de penales","og_url":"https:\/\/kalot.com.mx\/site\/2013\/11\/01\/la-sub-17-sac\/","og_site_name":"Kalot","article_publisher":"http:\/\/facebook.com\/mxkalot","article_published_time":"2013-11-01T18:51:49+00:00","article_modified_time":"2013-11-01T18:54:35+00:00","og_image":[{"width":957,"height":519,"url":"https:\/\/i2.wp.com\/kalot.com.mx\/site\/wp-content\/uploads\/2013\/11\/Captura-de-pantalla-2013-11-01-a-las-12.43.03.png?fit=957%2C519&ssl=1","type":"image\/png"}],"author":"Anastacio S\u00e1nchez","twitter_card":"summary_large_image","twitter_creator":"@kalotmx","twitter_site":"@kalotmx","twitter_misc":{"Escrito por":"Anastacio S\u00e1nchez","Tiempo de lectura":"2 minutos"},"schema":{"@context":"https:\/\/schema.org","@graph":[{"@type":"Article","@id":"https:\/\/kalot.com.mx\/site\/2013\/11\/01\/la-sub-17-sac\/#article","isPartOf":{"@id":"https:\/\/kalot.com.mx\/site\/2013\/11\/01\/la-sub-17-sac\/"},"author":{"name":"Anastacio S\u00e1nchez","@id":"https:\/\/kalot.com.mx\/site\/#\/schema\/person\/ee236b25e18db7b6c0361096b819085e"},"headline":"La sub-17 Saca la casta por M\u00e9xico","datePublished":"2013-11-01T18:51:49+00:00","dateModified":"2013-11-01T18:54:35+00:00","mainEntityOfPage":{"@id":"https:\/\/kalot.com.mx\/site\/2013\/11\/01\/la-sub-17-sac\/"},"wordCount":380,"commentCount":0,"publisher":{"@id":"https:\/\/kalot.com.mx\/site\/#organization"},"image":{"@id":"https:\/\/kalot.com.mx\/site\/2013\/11\/01\/la-sub-17-sac\/#primaryimage"},"thumbnailUrl":"https:\/\/i0.wp.com\/kalot.com.mx\/site\/wp-content\/uploads\/2013\/11\/Captura-de-pantalla-2013-11-01-a-las-12.43.03.png?fit=957%2C519&ssl=1","inLanguage":"es","potentialAction":[{"@type":"CommentAction","name":"Comment","target":["https:\/\/kalot.com.mx\/site\/2013\/11\/01\/la-sub-17-sac\/#respond"]}]},{"@type":"WebPage","@id":"https:\/\/kalot.com.mx\/site\/2013\/11\/01\/la-sub-17-sac\/","url":"https:\/\/kalot.com.mx\/site\/2013\/11\/01\/la-sub-17-sac\/","name":"La sub-17 Saca la casta por M\u00e9xico - Kalot","isPartOf":{"@id":"https:\/\/kalot.com.mx\/site\/#website"},"primaryImageOfPage":{"@id":"https:\/\/kalot.com.mx\/site\/2013\/11\/01\/la-sub-17-sac\/#primaryimage"},"image":{"@id":"https:\/\/kalot.com.mx\/site\/2013\/11\/01\/la-sub-17-sac\/#primaryimage"},"thumbnailUrl":"https:\/\/i0.wp.com\/kalot.com.mx\/site\/wp-content\/uploads\/2013\/11\/Captura-de-pantalla-2013-11-01-a-las-12.43.03.png?fit=957%2C519&ssl=1","datePublished":"2013-11-01T18:51:49+00:00","dateModified":"2013-11-01T18:54:35+00:00","description":"La sub-17 Saca la casta por M\u00e9xico despu\u00e9s de vencer a Brasil en tanda de penales","breadcrumb":{"@id":"https:\/\/kalot.com.mx\/site\/2013\/11\/01\/la-sub-17-sac\/#breadcrumb"},"inLanguage":"es","potentialAction":[{"@type":"ReadAction","target":["https:\/\/kalot.com.mx\/site\/2013\/11\/01\/la-sub-17-sac\/"]}]},{"@type":"ImageObject","inLanguage":"es","@id":"https:\/\/kalot.com.mx\/site\/2013\/11\/01\/la-sub-17-sac\/#primaryimage","url":"https:\/\/i0.wp.com\/kalot.com.mx\/site\/wp-content\/uploads\/2013\/11\/Captura-de-pantalla-2013-11-01-a-las-12.43.03.png?fit=957%2C519&ssl=1","contentUrl":"https:\/\/i0.wp.com\/kalot.com.mx\/site\/wp-content\/uploads\/2013\/11\/Captura-de-pantalla-2013-11-01-a-las-12.43.03.png?fit=957%2C519&ssl=1","width":957,"height":519},{"@type":"BreadcrumbList","@id":"https:\/\/kalot.com.mx\/site\/2013\/11\/01\/la-sub-17-sac\/#breadcrumb","itemListElement":[{"@type":"ListItem","position":1,"name":"Home","item":"https:\/\/kalot.com.mx\/site\/"},{"@type":"ListItem","position":2,"name":"La sub-17 Saca la casta por M\u00e9xico"}]},{"@type":"WebSite","@id":"https:\/\/kalot.com.mx\/site\/#website","url":"https:\/\/kalot.com.mx\/site\/","name":"Kalot","description":"Conoce Todo Sobre Todo","publisher":{"@id":"https:\/\/kalot.com.mx\/site\/#organization"},"potentialAction":[{"@type":"SearchAction","target":{"@type":"EntryPoint","urlTemplate":"https:\/\/kalot.com.mx\/site\/?s={search_term_string}"},"query-input":{"@type":"PropertyValueSpecification","valueRequired":true,"valueName":"search_term_string"}}],"inLanguage":"es"},{"@type":"Organization","@id":"https:\/\/kalot.com.mx\/site\/#organization","name":"Kalot","url":"https:\/\/kalot.com.mx\/site\/","logo":{"@type":"ImageObject","inLanguage":"es","@id":"https:\/\/kalot.com.mx\/site\/#\/schema\/logo\/image\/","url":"https:\/\/i0.wp.com\/kalot.com.mx\/site\/wp-content\/uploads\/2020\/04\/Kalot-logo-sin-tagline.png?fit=1707%2C1014&ssl=1","contentUrl":"https:\/\/i0.wp.com\/kalot.com.mx\/site\/wp-content\/uploads\/2020\/04\/Kalot-logo-sin-tagline.png?fit=1707%2C1014&ssl=1","width":1707,"height":1014,"caption":"Kalot"},"image":{"@id":"https:\/\/kalot.com.mx\/site\/#\/schema\/logo\/image\/"},"sameAs":["http:\/\/facebook.com\/mxkalot","https:\/\/x.com\/kalotmx","http:\/\/instagram.com\/kalotmx","http:\/\/pinterest.com\/jorgeerana\/kalot"]},{"@type":"Person","@id":"https:\/\/kalot.com.mx\/site\/#\/schema\/person\/ee236b25e18db7b6c0361096b819085e","name":"Anastacio S\u00e1nchez","image":{"@type":"ImageObject","inLanguage":"es","@id":"https:\/\/secure.gravatar.com\/avatar\/324a92a45418ed8a3050af905f315c92e1a55b521705c4387fc1ff31aa115e86?s=96&d=mm&r=g","url":"https:\/\/secure.gravatar.com\/avatar\/324a92a45418ed8a3050af905f315c92e1a55b521705c4387fc1ff31aa115e86?s=96&d=mm&r=g","contentUrl":"https:\/\/secure.gravatar.com\/avatar\/324a92a45418ed8a3050af905f315c92e1a55b521705c4387fc1ff31aa115e86?s=96&d=mm&r=g","caption":"Anastacio S\u00e1nchez"},"description":"Soy Huasteco de nacimiento, Americanista de coraz\u00f3n y mercadologo en formaci\u00f3n, estudiante de la Universidad Polit\u00e9cnica de San Luis Potos\u00ed, Bloger novato.","sameAs":["https:\/\/twitter.com\/ASC2807"],"url":"https:\/\/kalot.com.mx\/site\/author\/tacho\/"}]}},"jetpack_publicize_connections":[],"jetpack_featured_media_url":"https:\/\/i0.wp.com\/kalot.com.mx\/site\/wp-content\/uploads\/2013\/11\/Captura-de-pantalla-2013-11-01-a-las-12.43.03.png?fit=957%2C519&ssl=1","jetpack_shortlink":"https:\/\/wp.me\/p6IHEI-1qD","jetpack-related-posts":[{"id":4338,"url":"https:\/\/kalot.com.mx\/site\/2013\/10\/18\/mundial-sub-17-deportes-miseleccionmx\/","url_meta":{"origin":5495,"position":0},"title":"Mundial Sub-17 #Deportes @miseleccionmx","author":"Anastacio S\u00e1nchez","date":"18 octubre, 2013","format":false,"excerpt":"La Copa Mundial sub-17 arranc\u00f3 el pasado jueves 17 de octubre en os Emiratos \u00c1rabes Unidos\u00a0. La d\u00e9cima quinta edici\u00f3n del torneo juvenil re\u00fane a 24 selecciones, incluido M\u00e9xico que buscar\u00e1 revalidar el t\u00edtulo cosechado en el campeonato Mundial de 2011. Abu Dabi, Dub\u00e1i, Al Ain, Sharjah, Fujairah y Ras\u2026","rel":"","context":"Entrada similar ","block_context":{"text":"Entrada similar ","link":""},"img":{"alt_text":"","src":"https:\/\/i0.wp.com\/kalot.com.mx\/site\/wp-content\/uploads\/2013\/10\/trofeo.jpg?fit=600%2C400&ssl=1&resize=350%2C200","width":350,"height":200,"srcset":"https:\/\/i0.wp.com\/kalot.com.mx\/site\/wp-content\/uploads\/2013\/10\/trofeo.jpg?fit=600%2C400&ssl=1&resize=350%2C200 1x, https:\/\/i0.wp.com\/kalot.com.mx\/site\/wp-content\/uploads\/2013\/10\/trofeo.jpg?fit=600%2C400&ssl=1&resize=525%2C300 1.5x"},"classes":[]},{"id":4196,"url":"https:\/\/kalot.com.mx\/site\/2013\/10\/16\/llega-chavo-kart-para-xbox-y-playstation\/","url_meta":{"origin":5495,"position":1},"title":"Llega Chavo Kart para XBOX y PLAYSTATION","author":"Samuel Arriaga","date":"16 octubre, 2013","format":false,"excerpt":"Amigos Kaloch@s el juego de el Chavo Kart ya tiene fecha de lanzamiento . El juego est\u00e1 basado en la versi\u00f3n de los personajes creados por Chespirito, es el segundo juego que lanza SLANG de el Chavo. Televisa Home\u00a0Entertainment y Slang se unen a la celebraci\u00f3n del cumplea\u00f1os 85\u00a0de Don\u2026","rel":"","context":"Con 2 comentarios","block_context":{"text":"Con 2 comentarios","link":"https:\/\/kalot.com.mx\/site\/2013\/10\/16\/llega-chavo-kart-para-xbox-y-playstation\/#comments"},"img":{"alt_text":"","src":"https:\/\/i0.wp.com\/kalot.com.mx\/site\/wp-content\/uploads\/2013\/10\/ChavoKart.png?fit=1200%2C908&ssl=1&resize=350%2C200","width":350,"height":200,"srcset":"https:\/\/i0.wp.com\/kalot.com.mx\/site\/wp-content\/uploads\/2013\/10\/ChavoKart.png?fit=1200%2C908&ssl=1&resize=350%2C200 1x, https:\/\/i0.wp.com\/kalot.com.mx\/site\/wp-content\/uploads\/2013\/10\/ChavoKart.png?fit=1200%2C908&ssl=1&resize=525%2C300 1.5x, https:\/\/i0.wp.com\/kalot.com.mx\/site\/wp-content\/uploads\/2013\/10\/ChavoKart.png?fit=1200%2C908&ssl=1&resize=700%2C400 2x, https:\/\/i0.wp.com\/kalot.com.mx\/site\/wp-content\/uploads\/2013\/10\/ChavoKart.png?fit=1200%2C908&ssl=1&resize=1050%2C600 3x"},"classes":[]},{"id":4295,"url":"https:\/\/kalot.com.mx\/site\/2013\/10\/17\/playstation-4-en-brasil-extremadamente-caro-valdra-1852-16-usd-ps_br-ps4brasil\/","url_meta":{"origin":5495,"position":2},"title":"PLAYSTATION 4 en BRASIL, extremadamente caro, valdr\u00e1 $1852.16 USD @PS_BR #PS4Brasil","author":"HM_MKT007","date":"17 octubre, 2013","format":false,"excerpt":"Ya se sab\u00eda dese mucho tiempo atr\u00e1s que la consola de SONY, la PLAYSTATION 4, ser\u00eda mucho m\u00e1s cara en pa\u00edses sudamericanos como lo son BRASIL o ARGENTINA, pero el d\u00eda de hoy, se ha revelado el precio oficial de esta esperada consola para las tierras brasile\u00f1as. Hace unos meses,\u2026","rel":"","context":"Con 1 comentario","block_context":{"text":"Con 1 comentario","link":"https:\/\/kalot.com.mx\/site\/2013\/10\/17\/playstation-4-en-brasil-extremadamente-caro-valdra-1852-16-usd-ps_br-ps4brasil\/#comments"},"img":{"alt_text":"","src":"https:\/\/i0.wp.com\/kalot.com.mx\/site\/wp-content\/uploads\/2013\/10\/ps41.jpg?fit=1200%2C800&ssl=1&resize=350%2C200","width":350,"height":200,"srcset":"https:\/\/i0.wp.com\/kalot.com.mx\/site\/wp-content\/uploads\/2013\/10\/ps41.jpg?fit=1200%2C800&ssl=1&resize=350%2C200 1x, https:\/\/i0.wp.com\/kalot.com.mx\/site\/wp-content\/uploads\/2013\/10\/ps41.jpg?fit=1200%2C800&ssl=1&resize=525%2C300 1.5x, https:\/\/i0.wp.com\/kalot.com.mx\/site\/wp-content\/uploads\/2013\/10\/ps41.jpg?fit=1200%2C800&ssl=1&resize=700%2C400 2x, https:\/\/i0.wp.com\/kalot.com.mx\/site\/wp-content\/uploads\/2013\/10\/ps41.jpg?fit=1200%2C800&ssl=1&resize=1050%2C600 3x"},"classes":[]},{"id":5060,"url":"https:\/\/kalot.com.mx\/site\/2013\/10\/30\/el-reality-de-google-ya-tiene-ganadores-inscripciones-abiertas-en-mexico\/","url_meta":{"origin":5495,"position":3},"title":"El reality de Google ya tiene ganadores.  Inscripciones abiertas en M\u00e9xico","author":"Anibal Santamaria","date":"30 octubre, 2013","format":false,"excerpt":"\u00a0 El primer reality de\u00a0 Google en Latinoam\u00e9rica para desarrolladores ya coron\u00f3 a su primer equipo ganador en Buenos Aires, Argentina Este tour que pasar\u00e1 por M\u00e9xico, Colombia, Brasil y que culminar\u00e1 en Silicon Valley ya eligi\u00f3 a uno entre 40 participantes divididos en 10 equipos que compitieron durante 3\u2026","rel":"","context":"Entrada similar ","block_context":{"text":"Entrada similar ","link":""},"img":{"alt_text":"","src":"https:\/\/i0.wp.com\/kalot.com.mx\/site\/wp-content\/uploads\/2013\/10\/ganadores-Gdevbus1.jpg?fit=650%2C450&ssl=1&resize=350%2C200","width":350,"height":200,"srcset":"https:\/\/i0.wp.com\/kalot.com.mx\/site\/wp-content\/uploads\/2013\/10\/ganadores-Gdevbus1.jpg?fit=650%2C450&ssl=1&resize=350%2C200 1x, https:\/\/i0.wp.com\/kalot.com.mx\/site\/wp-content\/uploads\/2013\/10\/ganadores-Gdevbus1.jpg?fit=650%2C450&ssl=1&resize=525%2C300 1.5x"},"classes":[]},{"id":11455,"url":"https:\/\/kalot.com.mx\/site\/2014\/02\/10\/la-copa-mundial-de-la-fifa-en-mexico\/","url_meta":{"origin":5495,"position":4},"title":"La Copa Mundial de la FIFA en M\u00e9xico.","author":"El Memo Pacheco","date":"10 febrero, 2014","format":false,"excerpt":"La Copa del Mundo estuvo en la\u00a0Ciudad de M\u00e9xico\u00a0como parte de la gira que realiza por todo el mundo. M\u00e9xico es el pa\u00eds 69 en el recorrido que el trofeo m\u00e1s codiciado del mundo har\u00e1 antes de instalarse\u00a0en Brasil en junio pr\u00f3ximo. Copa del Mundo Foto: Notimex El domingo y\u2026","rel":"","context":"Entrada similar ","block_context":{"text":"Entrada similar ","link":""},"img":{"alt_text":"","src":"https:\/\/i0.wp.com\/kalot.com.mx\/site\/wp-content\/uploads\/2014\/02\/copa-del-mundo.jpg?fit=500%2C375&ssl=1&resize=350%2C200","width":350,"height":200},"classes":[]},{"id":9712,"url":"https:\/\/kalot.com.mx\/site\/2014\/01\/18\/100-impresiones-de-mexico-por-vinicius-covas\/","url_meta":{"origin":5495,"position":5},"title":"100 impresiones de M\u00e9xico por Vinicius Covas","author":"Martha Navarro","date":"18 enero, 2014","format":false,"excerpt":"Aqu\u00ed de regreso Kalochos, les traigo una informaci\u00f3n que me encant\u00f3 desde el primer momento que la le\u00ed. Vinicius Covas un estudiante brasile\u00f1o vivi\u00f3 durante todo el 2013 en M\u00e9xico como parte de un programa de intercambios, Vinicius relata como ve a nuestro pa\u00eds y que le gusto y que\u2026","rel":"","context":"En &quot;Sin categor\u00eda&quot;","block_context":{"text":"Sin categor\u00eda","link":"https:\/\/kalot.com.mx\/site\/category\/sin-categoria\/"},"img":{"alt_text":"","src":"https:\/\/i0.wp.com\/kalot.com.mx\/site\/wp-content\/uploads\/2014\/01\/vini.jpg?fit=1200%2C675&ssl=1&resize=350%2C200","width":350,"height":200,"srcset":"https:\/\/i0.wp.com\/kalot.com.mx\/site\/wp-content\/uploads\/2014\/01\/vini.jpg?fit=1200%2C675&ssl=1&resize=350%2C200 1x, https:\/\/i0.wp.com\/kalot.com.mx\/site\/wp-content\/uploads\/2014\/01\/vini.jpg?fit=1200%2C675&ssl=1&resize=525%2C300 1.5x, https:\/\/i0.wp.com\/kalot.com.mx\/site\/wp-content\/uploads\/2014\/01\/vini.jpg?fit=1200%2C675&ssl=1&resize=700%2C400 2x, https:\/\/i0.wp.com\/kalot.com.mx\/site\/wp-content\/uploads\/2014\/01\/vini.jpg?fit=1200%2C675&ssl=1&resize=1050%2C600 3x"},"classes":[]}],"jetpack_sharing_enabled":true,"_links":{"self":[{"href":"https:\/\/kalot.com.mx\/site\/wp-json\/wp\/v2\/posts\/5495","targetHints":{"allow":["GET"]}}],"collection":[{"href":"https:\/\/kalot.com.mx\/site\/wp-json\/wp\/v2\/posts"}],"about":[{"href":"https:\/\/kalot.com.mx\/site\/wp-json\/wp\/v2\/types\/post"}],"author":[{"embeddable":true,"href":"https:\/\/kalot.com.mx\/site\/wp-json\/wp\/v2\/users\/19"}],"replies":[{"embeddable":true,"href":"https:\/\/kalot.com.mx\/site\/wp-json\/wp\/v2\/comments?post=5495"}],"version-history":[{"count":0,"href":"https:\/\/kalot.com.mx\/site\/wp-json\/wp\/v2\/posts\/5495\/revisions"}],"wp:featuredmedia":[{"embeddable":true,"href":"https:\/\/kalot.com.mx\/site\/wp-json\/wp\/v2\/media\/5497"}],"wp:attachment":[{"href":"https:\/\/kalot.com.mx\/site\/wp-json\/wp\/v2\/media?parent=5495"}],"wp:term":[{"taxonomy":"category","embeddable":true,"href":"https:\/\/kalot.com.mx\/site\/wp-json\/wp\/v2\/categories?post=5495"},{"taxonomy":"post_tag","embeddable":true,"href":"https:\/\/kalot.com.mx\/site\/wp-json\/wp\/v2\/tags?post=5495"}],"curies":[{"name":"wp","href":"https:\/\/api.w.org\/{rel}","templated":true}]}}