{"id":5457,"date":"2013-11-01T09:39:55","date_gmt":"2013-11-01T15:39:55","guid":{"rendered":"http:\/\/www.kalot.com.mx\/?p=5457"},"modified":"2013-11-01T09:39:55","modified_gmt":"2013-11-01T15:39:55","slug":"fiesta-morbido-mueran-humanos-xiii","status":"publish","type":"post","link":"https:\/\/kalot.com.mx\/site\/2013\/11\/01\/fiesta-morbido-mueran-humanos-xiii\/","title":{"rendered":"Fiesta M\u00f3rbido \/ Mueran Humanos + XIII"},"content":{"rendered":"<p style=\"text-align: justify\">As\u00ed es mis querid@s Kaloch@s, en un pre\u00e1mbulo de lo que este viernes tendr\u00e1 la Cineteca y WIRD como parte de el Festival M\u00f3rbido, nos traen un poco de ambiente vivo y loco a nuestra tierra potosina, presentando a Mueran Humanos y como invitados el grupo local XIII.<\/p>\n<p><span class=\"embed-youtube\" style=\"text-align:center; display: block;\"><iframe class=\"youtube-player\" width=\"1200\" height=\"675\" src=\"https:\/\/www.youtube.com\/embed\/qKABWt7WBI0?version=3&#038;rel=1&#038;showsearch=0&#038;showinfo=1&#038;iv_load_policy=1&#038;fs=1&#038;hl=es-MX&#038;autohide=2&#038;wmode=transparent\" allowfullscreen=\"true\" style=\"border:0;\" sandbox=\"allow-scripts allow-same-origin allow-popups allow-presentation allow-popups-to-escape-sandbox\"><\/iframe><\/span><\/p>\n<p style=\"text-align: justify\">Nada m\u00e1s perfecto como escenario que la misma Cineteca Alameda que entre su t\u00e9trica y antigua fachada, as\u00ed como su interior lleno de historia, creado para ser teatro y lo suficientemente impactante para hacer historia hasta nuestros tiempos, \u00a0nos permite este viernes 1\u00b0 de Noviembre en conjunto con WIRD la presentaci\u00f3n de<strong> Mueran Humanos,<\/strong> un d\u00fao argentino conformado por Carmen Burguess\u00a0y\u00a0Tom\u00e1s Nochteff,\u00a0que entre bajo, teclado, voces, \u00a0sonidos y mezclas nos dan un zarpazo de punk y vitalidad en sus interpretaciones, que a su paso por el Festival Corona Capital 2013 llevado a cabo en la ciudad de M\u00e9xico el pasado Octubre nos vienen a compartir algo de esa magia art\u00edstica que los ha llevado a transformarse de colectivo abstracto, a agrupaci\u00f3n y finalmente a dueto, siempre experimentando e improvisando en sus creaciones.<\/p>\n<p><span class=\"embed-youtube\" style=\"text-align:center; display: block;\"><iframe class=\"youtube-player\" width=\"1200\" height=\"675\" src=\"https:\/\/www.youtube.com\/embed\/Qoma67iZEdw?version=3&#038;rel=1&#038;showsearch=0&#038;showinfo=1&#038;iv_load_policy=1&#038;fs=1&#038;hl=es-MX&#038;autohide=2&#038;wmode=transparent\" allowfullscreen=\"true\" style=\"border:0;\" sandbox=\"allow-scripts allow-same-origin allow-popups allow-presentation allow-popups-to-escape-sandbox\"><\/iframe><\/span><\/p>\n<p>&nbsp;<\/p>\n<p>\u00bf Y qu\u00e9 decir de los locales?<\/p>\n<p style=\"text-align: justify\">\n<a href=\"https:\/\/i0.wp.com\/www.kalot.com.mx\/wp-content\/uploads\/2013\/11\/XIII-kalot.jpg\"><img data-recalc-dims=\"1\" fetchpriority=\"high\" decoding=\"async\" data-attachment-id=\"5460\" data-permalink=\"https:\/\/kalot.com.mx\/site\/2013\/11\/01\/fiesta-morbido-mueran-humanos-xiii\/xiii-kalot\/\" data-orig-file=\"https:\/\/i0.wp.com\/kalot.com.mx\/site\/wp-content\/uploads\/2013\/11\/XIII-kalot.jpg?fit=768%2C960&amp;ssl=1\" data-orig-size=\"768,960\" data-comments-opened=\"1\" data-image-meta=\"{&quot;aperture&quot;:&quot;0&quot;,&quot;credit&quot;:&quot;&quot;,&quot;camera&quot;:&quot;&quot;,&quot;caption&quot;:&quot;&quot;,&quot;created_timestamp&quot;:&quot;0&quot;,&quot;copyright&quot;:&quot;&quot;,&quot;focal_length&quot;:&quot;0&quot;,&quot;iso&quot;:&quot;0&quot;,&quot;shutter_speed&quot;:&quot;0&quot;,&quot;title&quot;:&quot;&quot;}\" data-image-title=\"XIII kalot\" data-image-description=\"\" data-image-caption=\"\" data-large-file=\"https:\/\/i0.wp.com\/kalot.com.mx\/site\/wp-content\/uploads\/2013\/11\/XIII-kalot.jpg?fit=768%2C960&amp;ssl=1\" class=\"size-medium wp-image-5460 alignleft\" alt=\"XIII kalot\" src=\"https:\/\/i0.wp.com\/www.kalot.com.mx\/wp-content\/uploads\/2013\/11\/XIII-kalot-240x300.jpg?resize=240%2C300\" width=\"240\" height=\"300\" srcset=\"https:\/\/i0.wp.com\/kalot.com.mx\/site\/wp-content\/uploads\/2013\/11\/XIII-kalot.jpg?resize=240%2C300&amp;ssl=1 240w, https:\/\/i0.wp.com\/kalot.com.mx\/site\/wp-content\/uploads\/2013\/11\/XIII-kalot.jpg?w=768&amp;ssl=1 768w\" sizes=\"(max-width: 240px) 100vw, 240px\" \/><\/a><strong>XIII<\/strong> este tr\u00edo de rock alternativo que nos brinda sus integrantes Ismael, Erick y Miguel en una recurrente muestra de creatividad, que aun sin contar con vocalizaci\u00f3n y\/o letra, tiene el suficiente impacto para elevarte a un misterioso circulo y querer seguir escuchando m\u00e1s de ellos, conocerlos y entender su idioma a trav\u00e9s de sus creaciones. Ellos tambi\u00e9n forman parte de esta presentaci\u00f3n \u00a0en la que trataran de empujarnos fuera de nuestros complejos y realidades por medio de su m\u00fasica meramente instrumental.<\/p>\n<p>Les dejamos un poco de su trabajo pa&#8217; que se den una buena embarradita de las maravillas que escucharemos por la noche.<\/p>\n<p><a href=\"http:\/\/player.vimeo.com\/video\/78289719\">http:\/\/player.vimeo.com\/video\/78289719<\/a><\/p>\n<p>&nbsp;<\/p>\n<p style=\"text-align: justify\">Ambas agrupaciones llevar\u00e1n su mercanc\u00eda al evento, por s i les gustan los recuerditos interesantes ah\u00ed los tendr\u00e1n.<\/p>\n<p>&nbsp;<\/p>\n<p>Les dejamos algo de la &#8220;propa&#8221; y algunos links del evento y recuerden Kaloch@s:<\/p>\n<p><a href=\"https:\/\/i0.wp.com\/www.kalot.com.mx\/wp-content\/uploads\/2013\/11\/FM-kalot.jpg\"><img data-recalc-dims=\"1\" decoding=\"async\" data-attachment-id=\"5461\" data-permalink=\"https:\/\/kalot.com.mx\/site\/2013\/11\/01\/fiesta-morbido-mueran-humanos-xiii\/fm-kalot\/\" data-orig-file=\"https:\/\/i0.wp.com\/kalot.com.mx\/site\/wp-content\/uploads\/2013\/11\/FM-kalot.jpg?fit=720%2C360&amp;ssl=1\" data-orig-size=\"720,360\" data-comments-opened=\"1\" data-image-meta=\"{&quot;aperture&quot;:&quot;0&quot;,&quot;credit&quot;:&quot;&quot;,&quot;camera&quot;:&quot;&quot;,&quot;caption&quot;:&quot;&quot;,&quot;created_timestamp&quot;:&quot;0&quot;,&quot;copyright&quot;:&quot;&quot;,&quot;focal_length&quot;:&quot;0&quot;,&quot;iso&quot;:&quot;0&quot;,&quot;shutter_speed&quot;:&quot;0&quot;,&quot;title&quot;:&quot;&quot;}\" data-image-title=\"FM kalot\" data-image-description=\"\" data-image-caption=\"\" data-large-file=\"https:\/\/i0.wp.com\/kalot.com.mx\/site\/wp-content\/uploads\/2013\/11\/FM-kalot.jpg?fit=720%2C360&amp;ssl=1\" class=\"aligncenter size-medium wp-image-5461\" alt=\"FM kalot\" src=\"https:\/\/i0.wp.com\/www.kalot.com.mx\/wp-content\/uploads\/2013\/11\/FM-kalot-300x150.jpg?resize=300%2C150\" width=\"300\" height=\"150\" srcset=\"https:\/\/i0.wp.com\/kalot.com.mx\/site\/wp-content\/uploads\/2013\/11\/FM-kalot.jpg?resize=300%2C150&amp;ssl=1 300w, https:\/\/i0.wp.com\/kalot.com.mx\/site\/wp-content\/uploads\/2013\/11\/FM-kalot.jpg?resize=480%2C240&amp;ssl=1 480w, https:\/\/i0.wp.com\/kalot.com.mx\/site\/wp-content\/uploads\/2013\/11\/FM-kalot.jpg?w=720&amp;ssl=1 720w\" sizes=\"(max-width: 300px) 100vw, 300px\" \/><\/a><\/p>\n<p><strong>\u00a1 Nos vemos ah\u00ed!<\/strong><\/p>\n<p>&nbsp;<\/p>\n<p style=\"text-align: justify\">\nNota:\u00a0Entrada libre con el boleto de la funci\u00f3n de las 20:30 hrs de la pel\u00edcula The Last Will and Testament of Rosalind Leigh del d\u00eda 01 de noviembre \u00f3 $40.00<\/p>\n<p>Venta de Cerveza + 18<\/p>\n<p>&nbsp;<\/p>\n<p>Enlaces Relacionados :<\/p>\n<p>Festival M\u00f3rbido :\u00a0<a href=\"https:\/\/www.facebook.com\/events\/173157826212611\/?fref=ts\" rel=\"nofollow\">https:\/\/www.facebook.com\/events\/173157826212611\/?fref=ts<\/a><\/p>\n<p>Fiesta M\u00f3rbido :\u00a0<a href=\"https:\/\/www.facebook.com\/events\/210974839081592\/?fref=ts\" rel=\"nofollow\">https:\/\/www.facebook.com\/events\/210974839081592\/?fref=ts<\/a><\/p>\n<p>Mueran Humanos : \u00a0<a href=\"http:\/\/mueranhumanos.com\/\" target=\"_blank\" rel=\"nofollow nofollow\">http:\/\/mueranhumanos.com\/<\/a><br \/>\n<a href=\"https:\/\/www.facebook.com\/mueran\" rel=\"nofollow\">https:\/\/www.facebook.com\/mueran<\/a><\/p>\n<p>XIII :\u00a0<a href=\"https:\/\/www.facebook.com\/trecemx\" rel=\"nofollow\">https:\/\/www.facebook.com\/trecemx<\/a><\/p>\n<p>&nbsp;<\/p>\n<p><span style=\"color: #33cccc\"><em><strong>\u00a0Chochos (:<\/strong><\/em><\/span><\/p>\n","protected":false},"excerpt":{"rendered":"As\u00ed es mis querid@s Kaloch@s, en un pre\u00e1mbulo de lo que este viernes tendr\u00e1 la Cineteca y WIRD&hellip;\n","protected":false},"author":31,"featured_media":5461,"comment_status":"open","ping_status":"open","sticky":false,"template":"","format":"standard","meta":{"jetpack_post_was_ever_published":false,"_jetpack_newsletter_access":"","_jetpack_dont_email_post_to_subs":false,"_jetpack_newsletter_tier_id":0,"_jetpack_memberships_contains_paywalled_content":false,"_jetpack_memberships_contains_paid_content":false,"footnotes":"","jetpack_publicize_message":"","jetpack_publicize_feature_enabled":true,"jetpack_social_post_already_shared":true,"jetpack_social_options":{"image_generator_settings":{"template":"highway","default_image_id":0,"font":"","enabled":false},"version":2}},"categories":[],"tags":[],"class_list":{"0":"post-5457","1":"post","2":"type-post","3":"status-publish","4":"format-standard","5":"has-post-thumbnail","7":"cs-entry","8":"cs-video-wrap"},"yoast_head":"<!-- This site is optimized with the Yoast SEO plugin v27.4 - https:\/\/yoast.com\/product\/yoast-seo-wordpress\/ -->\n<title>Fiesta M\u00f3rbido \/ Mueran Humanos + XIII - Kalot<\/title>\n<meta name=\"description\" content=\"As\u00ed es mis querid@s Kaloch@s, en un pre\u00e1mbulo de lo que este viernes tendr\u00e1 la Cineteca y WIRD como parte de el Festival M\u00f3rbido, nos traen un poco de\" \/>\n<meta name=\"robots\" content=\"index, follow, max-snippet:-1, max-image-preview:large, max-video-preview:-1\" \/>\n<link rel=\"canonical\" href=\"https:\/\/kalot.com.mx\/site\/2013\/11\/01\/fiesta-morbido-mueran-humanos-xiii\/\" \/>\n<meta property=\"og:locale\" content=\"es_MX\" \/>\n<meta property=\"og:type\" content=\"article\" \/>\n<meta property=\"og:title\" content=\"Fiesta M\u00f3rbido \/ Mueran Humanos + XIII - Kalot\" \/>\n<meta property=\"og:description\" content=\"As\u00ed es mis querid@s Kaloch@s, en un pre\u00e1mbulo de lo que este viernes tendr\u00e1 la Cineteca y WIRD como parte de el Festival M\u00f3rbido, nos traen un poco de\" \/>\n<meta property=\"og:url\" content=\"https:\/\/kalot.com.mx\/site\/2013\/11\/01\/fiesta-morbido-mueran-humanos-xiii\/\" \/>\n<meta property=\"og:site_name\" content=\"Kalot\" \/>\n<meta property=\"article:publisher\" content=\"http:\/\/facebook.com\/mxkalot\" \/>\n<meta property=\"article:author\" content=\"https:\/\/www.facebook.com\/chochines\" \/>\n<meta property=\"article:published_time\" content=\"2013-11-01T15:39:55+00:00\" \/>\n<meta property=\"og:image\" content=\"https:\/\/i1.wp.com\/kalot.com.mx\/site\/wp-content\/uploads\/2013\/11\/FM-kalot.jpg?fit=720%2C360&ssl=1\" \/>\n\t<meta property=\"og:image:width\" content=\"720\" \/>\n\t<meta property=\"og:image:height\" content=\"360\" \/>\n\t<meta property=\"og:image:type\" content=\"image\/jpeg\" \/>\n<meta name=\"author\" content=\"Karla Ju\u00e1rez\" \/>\n<meta name=\"twitter:card\" content=\"summary_large_image\" \/>\n<meta name=\"twitter:creator\" content=\"@Chochosagogo\" \/>\n<meta name=\"twitter:site\" content=\"@kalotmx\" \/>\n<meta name=\"twitter:label1\" content=\"Escrito por\" \/>\n\t<meta name=\"twitter:data1\" content=\"Karla Ju\u00e1rez\" \/>\n\t<meta name=\"twitter:label2\" content=\"Tiempo de lectura\" \/>\n\t<meta name=\"twitter:data2\" content=\"2 minutos\" \/>\n<!-- \/ Yoast SEO plugin. -->","yoast_head_json":{"title":"Fiesta M\u00f3rbido \/ Mueran Humanos + XIII - Kalot","description":"As\u00ed es mis querid@s Kaloch@s, en un pre\u00e1mbulo de lo que este viernes tendr\u00e1 la Cineteca y WIRD como parte de el Festival M\u00f3rbido, nos traen un poco de","robots":{"index":"index","follow":"follow","max-snippet":"max-snippet:-1","max-image-preview":"max-image-preview:large","max-video-preview":"max-video-preview:-1"},"canonical":"https:\/\/kalot.com.mx\/site\/2013\/11\/01\/fiesta-morbido-mueran-humanos-xiii\/","og_locale":"es_MX","og_type":"article","og_title":"Fiesta M\u00f3rbido \/ Mueran Humanos + XIII - Kalot","og_description":"As\u00ed es mis querid@s Kaloch@s, en un pre\u00e1mbulo de lo que este viernes tendr\u00e1 la Cineteca y WIRD como parte de el Festival M\u00f3rbido, nos traen un poco de","og_url":"https:\/\/kalot.com.mx\/site\/2013\/11\/01\/fiesta-morbido-mueran-humanos-xiii\/","og_site_name":"Kalot","article_publisher":"http:\/\/facebook.com\/mxkalot","article_author":"https:\/\/www.facebook.com\/chochines","article_published_time":"2013-11-01T15:39:55+00:00","og_image":[{"width":720,"height":360,"url":"https:\/\/i1.wp.com\/kalot.com.mx\/site\/wp-content\/uploads\/2013\/11\/FM-kalot.jpg?fit=720%2C360&ssl=1","type":"image\/jpeg"}],"author":"Karla Ju\u00e1rez","twitter_card":"summary_large_image","twitter_creator":"@Chochosagogo","twitter_site":"@kalotmx","twitter_misc":{"Escrito por":"Karla Ju\u00e1rez","Tiempo de lectura":"2 minutos"},"schema":{"@context":"https:\/\/schema.org","@graph":[{"@type":"Article","@id":"https:\/\/kalot.com.mx\/site\/2013\/11\/01\/fiesta-morbido-mueran-humanos-xiii\/#article","isPartOf":{"@id":"https:\/\/kalot.com.mx\/site\/2013\/11\/01\/fiesta-morbido-mueran-humanos-xiii\/"},"author":{"name":"Karla Ju\u00e1rez","@id":"https:\/\/kalot.com.mx\/site\/#\/schema\/person\/beddf7b350bcc8cc3c4ec89a2c46d3bf"},"headline":"Fiesta M\u00f3rbido \/ Mueran Humanos + XIII","datePublished":"2013-11-01T15:39:55+00:00","mainEntityOfPage":{"@id":"https:\/\/kalot.com.mx\/site\/2013\/11\/01\/fiesta-morbido-mueran-humanos-xiii\/"},"wordCount":449,"commentCount":0,"publisher":{"@id":"https:\/\/kalot.com.mx\/site\/#organization"},"image":{"@id":"https:\/\/kalot.com.mx\/site\/2013\/11\/01\/fiesta-morbido-mueran-humanos-xiii\/#primaryimage"},"thumbnailUrl":"https:\/\/i0.wp.com\/kalot.com.mx\/site\/wp-content\/uploads\/2013\/11\/FM-kalot.jpg?fit=720%2C360&ssl=1","inLanguage":"es","potentialAction":[{"@type":"CommentAction","name":"Comment","target":["https:\/\/kalot.com.mx\/site\/2013\/11\/01\/fiesta-morbido-mueran-humanos-xiii\/#respond"]}]},{"@type":"WebPage","@id":"https:\/\/kalot.com.mx\/site\/2013\/11\/01\/fiesta-morbido-mueran-humanos-xiii\/","url":"https:\/\/kalot.com.mx\/site\/2013\/11\/01\/fiesta-morbido-mueran-humanos-xiii\/","name":"Fiesta M\u00f3rbido \/ Mueran Humanos + XIII - Kalot","isPartOf":{"@id":"https:\/\/kalot.com.mx\/site\/#website"},"primaryImageOfPage":{"@id":"https:\/\/kalot.com.mx\/site\/2013\/11\/01\/fiesta-morbido-mueran-humanos-xiii\/#primaryimage"},"image":{"@id":"https:\/\/kalot.com.mx\/site\/2013\/11\/01\/fiesta-morbido-mueran-humanos-xiii\/#primaryimage"},"thumbnailUrl":"https:\/\/i0.wp.com\/kalot.com.mx\/site\/wp-content\/uploads\/2013\/11\/FM-kalot.jpg?fit=720%2C360&ssl=1","datePublished":"2013-11-01T15:39:55+00:00","description":"As\u00ed es mis querid@s Kaloch@s, en un pre\u00e1mbulo de lo que este viernes tendr\u00e1 la Cineteca y WIRD como parte de el Festival M\u00f3rbido, nos traen un poco de","breadcrumb":{"@id":"https:\/\/kalot.com.mx\/site\/2013\/11\/01\/fiesta-morbido-mueran-humanos-xiii\/#breadcrumb"},"inLanguage":"es","potentialAction":[{"@type":"ReadAction","target":["https:\/\/kalot.com.mx\/site\/2013\/11\/01\/fiesta-morbido-mueran-humanos-xiii\/"]}]},{"@type":"ImageObject","inLanguage":"es","@id":"https:\/\/kalot.com.mx\/site\/2013\/11\/01\/fiesta-morbido-mueran-humanos-xiii\/#primaryimage","url":"https:\/\/i0.wp.com\/kalot.com.mx\/site\/wp-content\/uploads\/2013\/11\/FM-kalot.jpg?fit=720%2C360&ssl=1","contentUrl":"https:\/\/i0.wp.com\/kalot.com.mx\/site\/wp-content\/uploads\/2013\/11\/FM-kalot.jpg?fit=720%2C360&ssl=1","width":720,"height":360},{"@type":"BreadcrumbList","@id":"https:\/\/kalot.com.mx\/site\/2013\/11\/01\/fiesta-morbido-mueran-humanos-xiii\/#breadcrumb","itemListElement":[{"@type":"ListItem","position":1,"name":"Home","item":"https:\/\/kalot.com.mx\/site\/"},{"@type":"ListItem","position":2,"name":"Fiesta M\u00f3rbido \/ Mueran Humanos + XIII"}]},{"@type":"WebSite","@id":"https:\/\/kalot.com.mx\/site\/#website","url":"https:\/\/kalot.com.mx\/site\/","name":"Kalot","description":"Conoce Todo Sobre Todo","publisher":{"@id":"https:\/\/kalot.com.mx\/site\/#organization"},"potentialAction":[{"@type":"SearchAction","target":{"@type":"EntryPoint","urlTemplate":"https:\/\/kalot.com.mx\/site\/?s={search_term_string}"},"query-input":{"@type":"PropertyValueSpecification","valueRequired":true,"valueName":"search_term_string"}}],"inLanguage":"es"},{"@type":"Organization","@id":"https:\/\/kalot.com.mx\/site\/#organization","name":"Kalot","url":"https:\/\/kalot.com.mx\/site\/","logo":{"@type":"ImageObject","inLanguage":"es","@id":"https:\/\/kalot.com.mx\/site\/#\/schema\/logo\/image\/","url":"https:\/\/i0.wp.com\/kalot.com.mx\/site\/wp-content\/uploads\/2020\/04\/Kalot-logo-sin-tagline.png?fit=1707%2C1014&ssl=1","contentUrl":"https:\/\/i0.wp.com\/kalot.com.mx\/site\/wp-content\/uploads\/2020\/04\/Kalot-logo-sin-tagline.png?fit=1707%2C1014&ssl=1","width":1707,"height":1014,"caption":"Kalot"},"image":{"@id":"https:\/\/kalot.com.mx\/site\/#\/schema\/logo\/image\/"},"sameAs":["http:\/\/facebook.com\/mxkalot","https:\/\/x.com\/kalotmx","http:\/\/instagram.com\/kalotmx","http:\/\/pinterest.com\/jorgeerana\/kalot"]},{"@type":"Person","@id":"https:\/\/kalot.com.mx\/site\/#\/schema\/person\/beddf7b350bcc8cc3c4ec89a2c46d3bf","name":"Karla Ju\u00e1rez","image":{"@type":"ImageObject","inLanguage":"es","@id":"https:\/\/secure.gravatar.com\/avatar\/f81226fd2d8f5e22064e7e20726366a164b59191e5979b340b6623421c4e79bb?s=96&d=mm&r=g","url":"https:\/\/secure.gravatar.com\/avatar\/f81226fd2d8f5e22064e7e20726366a164b59191e5979b340b6623421c4e79bb?s=96&d=mm&r=g","contentUrl":"https:\/\/secure.gravatar.com\/avatar\/f81226fd2d8f5e22064e7e20726366a164b59191e5979b340b6623421c4e79bb?s=96&d=mm&r=g","caption":"Karla Ju\u00e1rez"},"description":"Una bibliotec\u00f3loga feliz, loca, idealista, distra\u00edda y observadora, simple y complicada.","sameAs":["https:\/\/www.facebook.com\/chochines","https:\/\/x.com\/Chochosagogo"],"url":"https:\/\/kalot.com.mx\/site\/author\/karla\/"}]}},"jetpack_publicize_connections":[],"jetpack_featured_media_url":"https:\/\/i0.wp.com\/kalot.com.mx\/site\/wp-content\/uploads\/2013\/11\/FM-kalot.jpg?fit=720%2C360&ssl=1","jetpack_shortlink":"https:\/\/wp.me\/p6IHEI-1q1","jetpack-related-posts":[{"id":14380,"url":"https:\/\/kalot.com.mx\/site\/2014\/04\/02\/la-grande-bellezza-en-la-cineteca-alameda-estreno-exclusivo\/","url_meta":{"origin":5457,"position":0},"title":"La Grande Bellezza en la Cineteca Alameda [ESTRENO EXCLUSIVO]","author":"Omar Herrera","date":"2 abril, 2014","format":false,"excerpt":"Ganadora indiscutible del Oscar a la Mejor Pel\u00edcula Extranjera o hablada en lengua no inglesa, La Gran Belleza (La Grande Bellezza, Italia, 2013 ), dirigida por el italiano Paolo Sorrentino llegar\u00e1 a la capital potosina\u00a0del mi\u00e9rcoles 2 al domingo 6 de abril en la Cineteca Alameda. La Gran Belleza narra\u2026","rel":"","context":"En &quot;Sin categor\u00eda&quot;","block_context":{"text":"Sin categor\u00eda","link":"https:\/\/kalot.com.mx\/site\/category\/sin-categoria\/"},"img":{"alt_text":"","src":"https:\/\/i0.wp.com\/kalot.com.mx\/site\/wp-content\/uploads\/2014\/04\/hero_GreatBeauty-2013-1.jpg?fit=1200%2C500&ssl=1&resize=350%2C200","width":350,"height":200,"srcset":"https:\/\/i0.wp.com\/kalot.com.mx\/site\/wp-content\/uploads\/2014\/04\/hero_GreatBeauty-2013-1.jpg?fit=1200%2C500&ssl=1&resize=350%2C200 1x, https:\/\/i0.wp.com\/kalot.com.mx\/site\/wp-content\/uploads\/2014\/04\/hero_GreatBeauty-2013-1.jpg?fit=1200%2C500&ssl=1&resize=525%2C300 1.5x, https:\/\/i0.wp.com\/kalot.com.mx\/site\/wp-content\/uploads\/2014\/04\/hero_GreatBeauty-2013-1.jpg?fit=1200%2C500&ssl=1&resize=700%2C400 2x, https:\/\/i0.wp.com\/kalot.com.mx\/site\/wp-content\/uploads\/2014\/04\/hero_GreatBeauty-2013-1.jpg?fit=1200%2C500&ssl=1&resize=1050%2C600 3x"},"classes":[]},{"id":23168,"url":"https:\/\/kalot.com.mx\/site\/2015\/08\/27\/todo-lo-que-necesitas-saber-del-wirdfestival2015\/","url_meta":{"origin":5457,"position":1},"title":"Todo lo que necesitas saber del #WIRDFESTIVAL2015","author":"Omar Herrera","date":"27 agosto, 2015","format":false,"excerpt":"\"Si Black Sabbath hubiera tocado en SLP...?\" Con esta frase se invita a la reflexi\u00f3n acerca de aquella frase que dice: \"Es que en San Luis nunca pasa nada\" y en donde la juventud y las nuevas generaciones ahora tienen el poder de cambiar la historia y quien sabe, tal\u2026","rel":"","context":"Entrada similar ","block_context":{"text":"Entrada similar ","link":""},"img":{"alt_text":"wird-b","src":"https:\/\/i0.wp.com\/www.kalot.com.mx\/wp-content\/uploads\/2015\/08\/wird-b.jpg?resize=350%2C200","width":350,"height":200,"srcset":"https:\/\/i0.wp.com\/www.kalot.com.mx\/wp-content\/uploads\/2015\/08\/wird-b.jpg?resize=350%2C200 1x, https:\/\/i0.wp.com\/www.kalot.com.mx\/wp-content\/uploads\/2015\/08\/wird-b.jpg?resize=525%2C300 1.5x"},"classes":[]},{"id":22415,"url":"https:\/\/kalot.com.mx\/site\/2015\/07\/21\/ciclo-8-fantasticas-cine-sci-fi-en-cineteca-alameda-boletos-gratis\/","url_meta":{"origin":5457,"position":2},"title":"Ciclo 8 Fant\u00e1sticas Cine Sci-Fi en Cineteca Alameda (+Boletos gratis)","author":"Omar Herrera","date":"21 julio, 2015","format":false,"excerpt":"Desde el 19 y hasta el 25 de julio la Cineteca Alameda (Av. Universidad #575) estar\u00e1 proyectando un ciclo que desde hace ya un tiempo los cin\u00e9filos potosinos estaban pidiendo con ansias. La ciencia ficci\u00f3n resulta ser uno de los g\u00e9neros m\u00e1s queridos por la audiencia; esto sea quiz\u00e1s por\u2026","rel":"","context":"Con 16 comentarios","block_context":{"text":"Con 16 comentarios","link":"https:\/\/kalot.com.mx\/site\/2015\/07\/21\/ciclo-8-fantasticas-cine-sci-fi-en-cineteca-alameda-boletos-gratis\/#comments"},"img":{"alt_text":"","src":"https:\/\/i0.wp.com\/kalot.com.mx\/site\/wp-content\/uploads\/2015\/07\/11227534_841106705965206_8947656212761361688_o.jpg?fit=1200%2C599&ssl=1&resize=350%2C200","width":350,"height":200,"srcset":"https:\/\/i0.wp.com\/kalot.com.mx\/site\/wp-content\/uploads\/2015\/07\/11227534_841106705965206_8947656212761361688_o.jpg?fit=1200%2C599&ssl=1&resize=350%2C200 1x, https:\/\/i0.wp.com\/kalot.com.mx\/site\/wp-content\/uploads\/2015\/07\/11227534_841106705965206_8947656212761361688_o.jpg?fit=1200%2C599&ssl=1&resize=525%2C300 1.5x, https:\/\/i0.wp.com\/kalot.com.mx\/site\/wp-content\/uploads\/2015\/07\/11227534_841106705965206_8947656212761361688_o.jpg?fit=1200%2C599&ssl=1&resize=700%2C400 2x, https:\/\/i0.wp.com\/kalot.com.mx\/site\/wp-content\/uploads\/2015\/07\/11227534_841106705965206_8947656212761361688_o.jpg?fit=1200%2C599&ssl=1&resize=1050%2C600 3x"},"classes":[]},{"id":13991,"url":"https:\/\/kalot.com.mx\/site\/2014\/03\/26\/de-tal-padre-tal-hijo-en-la-cineteca-alameda-estreno-exclusivo\/","url_meta":{"origin":5457,"position":3},"title":"De tal padre, tal hijo en la Cineteca Alameda [ESTRENO EXCLUSIVO]","author":"Omar Herrera","date":"26 marzo, 2014","format":false,"excerpt":"Nominada a la Palma de oro y ganadora del Premio del Jurado en\u00a0la pasada edici\u00f3n del Festival de Cannes y Premio del P\u00fablico en la \u00faltima edici\u00f3n del Festival de San Sebasti\u00e1n,\u00a0y\u00a0protagonizada por Fukuyama Masaharu,\u00a0Lily Franky, Maki Y\u014dko y Ono Machiko.\u00a0De tal padre, tal hijo se estrenar\u00e1 en Cineteca Alameda\u2026","rel":"","context":"En &quot;Sin categor\u00eda&quot;","block_context":{"text":"Sin categor\u00eda","link":"https:\/\/kalot.com.mx\/site\/category\/sin-categoria\/"},"img":{"alt_text":"","src":"https:\/\/i0.wp.com\/kalot.com.mx\/site\/wp-content\/uploads\/2014\/03\/img_00.jpg?fit=1200%2C985&ssl=1&resize=350%2C200","width":350,"height":200,"srcset":"https:\/\/i0.wp.com\/kalot.com.mx\/site\/wp-content\/uploads\/2014\/03\/img_00.jpg?fit=1200%2C985&ssl=1&resize=350%2C200 1x, https:\/\/i0.wp.com\/kalot.com.mx\/site\/wp-content\/uploads\/2014\/03\/img_00.jpg?fit=1200%2C985&ssl=1&resize=525%2C300 1.5x, https:\/\/i0.wp.com\/kalot.com.mx\/site\/wp-content\/uploads\/2014\/03\/img_00.jpg?fit=1200%2C985&ssl=1&resize=700%2C400 2x, https:\/\/i0.wp.com\/kalot.com.mx\/site\/wp-content\/uploads\/2014\/03\/img_00.jpg?fit=1200%2C985&ssl=1&resize=1050%2C600 3x"},"classes":[]},{"id":12944,"url":"https:\/\/kalot.com.mx\/site\/2014\/03\/05\/pelicula-los-chidos\/","url_meta":{"origin":5457,"position":4},"title":"Los Chidos (Pel\u00edcula), la verg\u00fcenza de ser latino","author":"Miguel Amaya","date":"5 marzo, 2014","format":false,"excerpt":"Esta semana me enter\u00e9 de la proyecci\u00f3n que la Cineteca Alameda est\u00e1 realizando de una pel\u00edcula que en 2013 llam\u00f3 mucho mi atenci\u00f3n pero no tuve la oportunidad de ver y aprovechando la ocasi\u00f3n, despu\u00e9s de ver la pel\u00edcula me gustar\u00eda escribir mis impresiones. Los Chidos, se trata del \u00faltimo\u2026","rel":"","context":"En &quot;Sin categor\u00eda&quot;","block_context":{"text":"Sin categor\u00eda","link":"https:\/\/kalot.com.mx\/site\/category\/sin-categoria\/"},"img":{"alt_text":"","src":"https:\/\/i0.wp.com\/kalot.com.mx\/site\/wp-content\/uploads\/2014\/03\/Los_Chidos_Poster_Header1.jpg?fit=658%2C370&ssl=1&resize=350%2C200","width":350,"height":200,"srcset":"https:\/\/i0.wp.com\/kalot.com.mx\/site\/wp-content\/uploads\/2014\/03\/Los_Chidos_Poster_Header1.jpg?fit=658%2C370&ssl=1&resize=350%2C200 1x, https:\/\/i0.wp.com\/kalot.com.mx\/site\/wp-content\/uploads\/2014\/03\/Los_Chidos_Poster_Header1.jpg?fit=658%2C370&ssl=1&resize=525%2C300 1.5x"},"classes":[]},{"id":2082,"url":"https:\/\/kalot.com.mx\/site\/2013\/09\/20\/octubre-mes-del-rodandofilmfestival\/","url_meta":{"origin":5457,"position":5},"title":"Octubre, mes del #RodandoFilmFestival","author":"Misael Gallegos","date":"20 septiembre, 2013","format":false,"excerpt":"Regresa uno de los festivales m\u00e1s importantes de cine en la ciudad de San Luis Potos\u00ed en su tercera edici\u00f3n y se llevar\u00e1 a cabo del d\u00eda 18 al 26 de octubre en diferentes sedes de la ciudad y como principal la ic\u00f3nica \u201cCineteca alameda\u201d. Rodando Film Festival aparte de\u2026","rel":"","context":"Con 1 comentario","block_context":{"text":"Con 1 comentario","link":"https:\/\/kalot.com.mx\/site\/2013\/09\/20\/octubre-mes-del-rodandofilmfestival\/#comments"},"img":{"alt_text":"","src":"https:\/\/i0.wp.com\/kalot.com.mx\/site\/wp-content\/uploads\/2013\/09\/1185261_603953849656424_490516882_n.jpg?fit=960%2C357&ssl=1&resize=350%2C200","width":350,"height":200,"srcset":"https:\/\/i0.wp.com\/kalot.com.mx\/site\/wp-content\/uploads\/2013\/09\/1185261_603953849656424_490516882_n.jpg?fit=960%2C357&ssl=1&resize=350%2C200 1x, https:\/\/i0.wp.com\/kalot.com.mx\/site\/wp-content\/uploads\/2013\/09\/1185261_603953849656424_490516882_n.jpg?fit=960%2C357&ssl=1&resize=525%2C300 1.5x, https:\/\/i0.wp.com\/kalot.com.mx\/site\/wp-content\/uploads\/2013\/09\/1185261_603953849656424_490516882_n.jpg?fit=960%2C357&ssl=1&resize=700%2C400 2x"},"classes":[]}],"jetpack_sharing_enabled":true,"_links":{"self":[{"href":"https:\/\/kalot.com.mx\/site\/wp-json\/wp\/v2\/posts\/5457","targetHints":{"allow":["GET"]}}],"collection":[{"href":"https:\/\/kalot.com.mx\/site\/wp-json\/wp\/v2\/posts"}],"about":[{"href":"https:\/\/kalot.com.mx\/site\/wp-json\/wp\/v2\/types\/post"}],"author":[{"embeddable":true,"href":"https:\/\/kalot.com.mx\/site\/wp-json\/wp\/v2\/users\/31"}],"replies":[{"embeddable":true,"href":"https:\/\/kalot.com.mx\/site\/wp-json\/wp\/v2\/comments?post=5457"}],"version-history":[{"count":0,"href":"https:\/\/kalot.com.mx\/site\/wp-json\/wp\/v2\/posts\/5457\/revisions"}],"wp:featuredmedia":[{"embeddable":true,"href":"https:\/\/kalot.com.mx\/site\/wp-json\/wp\/v2\/media\/5461"}],"wp:attachment":[{"href":"https:\/\/kalot.com.mx\/site\/wp-json\/wp\/v2\/media?parent=5457"}],"wp:term":[{"taxonomy":"category","embeddable":true,"href":"https:\/\/kalot.com.mx\/site\/wp-json\/wp\/v2\/categories?post=5457"},{"taxonomy":"post_tag","embeddable":true,"href":"https:\/\/kalot.com.mx\/site\/wp-json\/wp\/v2\/tags?post=5457"}],"curies":[{"name":"wp","href":"https:\/\/api.w.org\/{rel}","templated":true}]}}