{"id":545,"date":"2013-09-04T09:52:24","date_gmt":"2013-09-04T14:52:24","guid":{"rendered":"http:\/\/www.kalot.com.mx\/?p=545"},"modified":"2013-09-04T10:36:48","modified_gmt":"2013-09-04T15:36:48","slug":"kalot-merca-y-agruras","status":"publish","type":"post","link":"https:\/\/kalot.com.mx\/site\/2013\/09\/04\/kalot-merca-y-agruras\/","title":{"rendered":"Merca, agruras y Kalot&#8230;"},"content":{"rendered":"<p>La presente introducci\u00f3n del que escribe, adem\u00e1s de cumplir con el requisito indispensable para empezar a publicar en esta p\u00e1gina, es tambi\u00e9n un trabajo de introspecci\u00f3n del autor con respecto a lo que pr\u00f3ximamente regurgitar\u00e1 en este espacio.<\/p>\n<p>Ya que esta entrada <i>(post)<\/i> est\u00e1 pensada y dise\u00f1ada en la vida de un simple estudiante universitario, sin haber hecho ning\u00fan m\u00e9rito en especial; si\u00e9ntase, querido lector, libre de criticar, romper, quemar y enterrar este escrito, asegur\u00e1ndose de que no resucite al tercer d\u00eda. Res\u00edgnese y ac\u00e9rquese a las elucubraciones de Abraham, el merolico.<\/p>\n<p>\u00c9l, lo llevar\u00e1 a recorrer el laberinto que es el Marketing en la regi\u00f3n y en la vida propia. No se asuste, pase y vea la cantidad de ideas, concepciones y lagunas mentales que aqu\u00ed se tejen, se mastican y se escupen por Abraham, el protervo Mercad\u00f3logo em\u00e9rito.<\/p>\n<p>Estar\u00e1 muy bien acompa\u00f1ado de los m\u00faltiples demonios que lleva el autor consigo; encuentre su par y pase un rato agradable. Todos los personajes representan al autor por igual,\u00a0 y todos llevan la intenci\u00f3n de ser un auxilio en\u00a0 este <i>blogajo<\/i> diario; aqu\u00ed est\u00e1 el ser divino y el terrenal, el esteta y el cardenal, el sabio y el buf\u00f3n, el tartamudo y el charlat\u00e1n, el egoc\u00e9ntrico y el t\u00edmido, el loco y el poeta, todos ordenados para hablar de la buena merca seg\u00fan Abraham, el frustrado escritor nocturno.<\/p>\n<p>An\u00edmese, casi nadie tiene tiempo de leer este tipo de proyectos imberbes y usted ya ha avanzado (tal vez sin querer, una entrada) as\u00ed que contin\u00fae, lea y conv\u00e9nzase de que: esto es el resultado del apuro de conocer, entender y \u00a0tratar de explicar (sin conceptualizar) la mercadotecnia en un rinconcito de Kalot. Eso afirma el autor, Abraham, el desesperado nuevo Kalotero\u2026<\/p>\n","protected":false},"excerpt":{"rendered":"La presente introducci\u00f3n del que escribe, adem\u00e1s de cumplir con el requisito indispensable para empezar a publicar en&hellip;\n","protected":false},"author":16,"featured_media":549,"comment_status":"open","ping_status":"open","sticky":false,"template":"","format":"standard","meta":{"jetpack_post_was_ever_published":false,"_jetpack_newsletter_access":"","_jetpack_dont_email_post_to_subs":false,"_jetpack_newsletter_tier_id":0,"_jetpack_memberships_contains_paywalled_content":false,"_jetpack_memberships_contains_paid_content":false,"footnotes":"","jetpack_publicize_message":"","jetpack_publicize_feature_enabled":true,"jetpack_social_post_already_shared":true,"jetpack_social_options":{"image_generator_settings":{"template":"highway","default_image_id":0,"font":"","enabled":false},"version":2}},"categories":[],"tags":[],"class_list":{"0":"post-545","1":"post","2":"type-post","3":"status-publish","4":"format-standard","5":"has-post-thumbnail","7":"cs-entry","8":"cs-video-wrap"},"yoast_head":"<!-- This site is optimized with the Yoast SEO plugin v27.5 - https:\/\/yoast.com\/product\/yoast-seo-wordpress\/ -->\n<title>Merca, agruras y Kalot... - Kalot<\/title>\n<meta name=\"description\" content=\"La presente introducci\u00f3n del que escribe, adem\u00e1s de cumplir con el requisito indispensable para empezar a publicar en esta p\u00e1gina, es tambi\u00e9n un trabajo\" \/>\n<meta name=\"robots\" content=\"index, follow, max-snippet:-1, max-image-preview:large, max-video-preview:-1\" \/>\n<link rel=\"canonical\" href=\"https:\/\/kalot.com.mx\/site\/2013\/09\/04\/kalot-merca-y-agruras\/\" \/>\n<meta property=\"og:locale\" content=\"es_MX\" \/>\n<meta property=\"og:type\" content=\"article\" \/>\n<meta property=\"og:title\" content=\"Merca, agruras y Kalot... - Kalot\" \/>\n<meta property=\"og:description\" content=\"La presente introducci\u00f3n del que escribe, adem\u00e1s de cumplir con el requisito indispensable para empezar a publicar en esta p\u00e1gina, es tambi\u00e9n un trabajo\" \/>\n<meta property=\"og:url\" content=\"https:\/\/kalot.com.mx\/site\/2013\/09\/04\/kalot-merca-y-agruras\/\" \/>\n<meta property=\"og:site_name\" content=\"Kalot\" \/>\n<meta property=\"article:publisher\" content=\"http:\/\/facebook.com\/mxkalot\" \/>\n<meta property=\"article:published_time\" content=\"2013-09-04T14:52:24+00:00\" \/>\n<meta property=\"article:modified_time\" content=\"2013-09-04T15:36:48+00:00\" \/>\n<meta property=\"og:image\" content=\"https:\/\/i0.wp.com\/kalot.com.mx\/site\/wp-content\/uploads\/2013\/09\/acidez.jpg?fit=675%2C359&ssl=1\" \/>\n\t<meta property=\"og:image:width\" content=\"675\" \/>\n\t<meta property=\"og:image:height\" content=\"359\" \/>\n\t<meta property=\"og:image:type\" content=\"image\/jpeg\" \/>\n<meta name=\"author\" content=\"Abraham Quinta\" \/>\n<meta name=\"twitter:card\" content=\"summary_large_image\" \/>\n<meta name=\"twitter:creator\" content=\"@kalotmx\" \/>\n<meta name=\"twitter:site\" content=\"@kalotmx\" \/>\n<meta name=\"twitter:label1\" content=\"Escrito por\" \/>\n\t<meta name=\"twitter:data1\" content=\"Abraham Quinta\" \/>\n\t<meta name=\"twitter:label2\" content=\"Tiempo de lectura\" \/>\n\t<meta name=\"twitter:data2\" content=\"2 minutos\" \/>\n<!-- \/ Yoast SEO plugin. -->","yoast_head_json":{"title":"Merca, agruras y Kalot... - Kalot","description":"La presente introducci\u00f3n del que escribe, adem\u00e1s de cumplir con el requisito indispensable para empezar a publicar en esta p\u00e1gina, es tambi\u00e9n un trabajo","robots":{"index":"index","follow":"follow","max-snippet":"max-snippet:-1","max-image-preview":"max-image-preview:large","max-video-preview":"max-video-preview:-1"},"canonical":"https:\/\/kalot.com.mx\/site\/2013\/09\/04\/kalot-merca-y-agruras\/","og_locale":"es_MX","og_type":"article","og_title":"Merca, agruras y Kalot... - Kalot","og_description":"La presente introducci\u00f3n del que escribe, adem\u00e1s de cumplir con el requisito indispensable para empezar a publicar en esta p\u00e1gina, es tambi\u00e9n un trabajo","og_url":"https:\/\/kalot.com.mx\/site\/2013\/09\/04\/kalot-merca-y-agruras\/","og_site_name":"Kalot","article_publisher":"http:\/\/facebook.com\/mxkalot","article_published_time":"2013-09-04T14:52:24+00:00","article_modified_time":"2013-09-04T15:36:48+00:00","og_image":[{"width":675,"height":359,"url":"https:\/\/i0.wp.com\/kalot.com.mx\/site\/wp-content\/uploads\/2013\/09\/acidez.jpg?fit=675%2C359&ssl=1","type":"image\/jpeg"}],"author":"Abraham Quinta","twitter_card":"summary_large_image","twitter_creator":"@kalotmx","twitter_site":"@kalotmx","twitter_misc":{"Escrito por":"Abraham Quinta","Tiempo de lectura":"2 minutos"},"schema":{"@context":"https:\/\/schema.org","@graph":[{"@type":"Article","@id":"https:\/\/kalot.com.mx\/site\/2013\/09\/04\/kalot-merca-y-agruras\/#article","isPartOf":{"@id":"https:\/\/kalot.com.mx\/site\/2013\/09\/04\/kalot-merca-y-agruras\/"},"author":{"name":"Abraham Quinta","@id":"https:\/\/kalot.com.mx\/site\/#\/schema\/person\/05e45cd8d2488d4cc228bb6d91895072"},"headline":"Merca, agruras y Kalot&#8230;","datePublished":"2013-09-04T14:52:24+00:00","dateModified":"2013-09-04T15:36:48+00:00","mainEntityOfPage":{"@id":"https:\/\/kalot.com.mx\/site\/2013\/09\/04\/kalot-merca-y-agruras\/"},"wordCount":323,"commentCount":0,"publisher":{"@id":"https:\/\/kalot.com.mx\/site\/#organization"},"image":{"@id":"https:\/\/kalot.com.mx\/site\/2013\/09\/04\/kalot-merca-y-agruras\/#primaryimage"},"thumbnailUrl":"https:\/\/i0.wp.com\/kalot.com.mx\/site\/wp-content\/uploads\/2013\/09\/acidez.jpg?fit=675%2C359&ssl=1","inLanguage":"es","potentialAction":[{"@type":"CommentAction","name":"Comment","target":["https:\/\/kalot.com.mx\/site\/2013\/09\/04\/kalot-merca-y-agruras\/#respond"]}]},{"@type":"WebPage","@id":"https:\/\/kalot.com.mx\/site\/2013\/09\/04\/kalot-merca-y-agruras\/","url":"https:\/\/kalot.com.mx\/site\/2013\/09\/04\/kalot-merca-y-agruras\/","name":"Merca, agruras y Kalot... - Kalot","isPartOf":{"@id":"https:\/\/kalot.com.mx\/site\/#website"},"primaryImageOfPage":{"@id":"https:\/\/kalot.com.mx\/site\/2013\/09\/04\/kalot-merca-y-agruras\/#primaryimage"},"image":{"@id":"https:\/\/kalot.com.mx\/site\/2013\/09\/04\/kalot-merca-y-agruras\/#primaryimage"},"thumbnailUrl":"https:\/\/i0.wp.com\/kalot.com.mx\/site\/wp-content\/uploads\/2013\/09\/acidez.jpg?fit=675%2C359&ssl=1","datePublished":"2013-09-04T14:52:24+00:00","dateModified":"2013-09-04T15:36:48+00:00","description":"La presente introducci\u00f3n del que escribe, adem\u00e1s de cumplir con el requisito indispensable para empezar a publicar en esta p\u00e1gina, es tambi\u00e9n un trabajo","breadcrumb":{"@id":"https:\/\/kalot.com.mx\/site\/2013\/09\/04\/kalot-merca-y-agruras\/#breadcrumb"},"inLanguage":"es","potentialAction":[{"@type":"ReadAction","target":["https:\/\/kalot.com.mx\/site\/2013\/09\/04\/kalot-merca-y-agruras\/"]}]},{"@type":"ImageObject","inLanguage":"es","@id":"https:\/\/kalot.com.mx\/site\/2013\/09\/04\/kalot-merca-y-agruras\/#primaryimage","url":"https:\/\/i0.wp.com\/kalot.com.mx\/site\/wp-content\/uploads\/2013\/09\/acidez.jpg?fit=675%2C359&ssl=1","contentUrl":"https:\/\/i0.wp.com\/kalot.com.mx\/site\/wp-content\/uploads\/2013\/09\/acidez.jpg?fit=675%2C359&ssl=1","width":675,"height":359},{"@type":"BreadcrumbList","@id":"https:\/\/kalot.com.mx\/site\/2013\/09\/04\/kalot-merca-y-agruras\/#breadcrumb","itemListElement":[{"@type":"ListItem","position":1,"name":"Home","item":"https:\/\/kalot.com.mx\/site\/"},{"@type":"ListItem","position":2,"name":"Merca, agruras y Kalot&#8230;"}]},{"@type":"WebSite","@id":"https:\/\/kalot.com.mx\/site\/#website","url":"https:\/\/kalot.com.mx\/site\/","name":"Kalot","description":"Conoce Todo Sobre Todo","publisher":{"@id":"https:\/\/kalot.com.mx\/site\/#organization"},"potentialAction":[{"@type":"SearchAction","target":{"@type":"EntryPoint","urlTemplate":"https:\/\/kalot.com.mx\/site\/?s={search_term_string}"},"query-input":{"@type":"PropertyValueSpecification","valueRequired":true,"valueName":"search_term_string"}}],"inLanguage":"es"},{"@type":"Organization","@id":"https:\/\/kalot.com.mx\/site\/#organization","name":"Kalot","url":"https:\/\/kalot.com.mx\/site\/","logo":{"@type":"ImageObject","inLanguage":"es","@id":"https:\/\/kalot.com.mx\/site\/#\/schema\/logo\/image\/","url":"https:\/\/i0.wp.com\/kalot.com.mx\/site\/wp-content\/uploads\/2020\/04\/Kalot-logo-sin-tagline.png?fit=1707%2C1014&ssl=1","contentUrl":"https:\/\/i0.wp.com\/kalot.com.mx\/site\/wp-content\/uploads\/2020\/04\/Kalot-logo-sin-tagline.png?fit=1707%2C1014&ssl=1","width":1707,"height":1014,"caption":"Kalot"},"image":{"@id":"https:\/\/kalot.com.mx\/site\/#\/schema\/logo\/image\/"},"sameAs":["http:\/\/facebook.com\/mxkalot","https:\/\/x.com\/kalotmx","http:\/\/instagram.com\/kalotmx","http:\/\/pinterest.com\/jorgeerana\/kalot"]},{"@type":"Person","@id":"https:\/\/kalot.com.mx\/site\/#\/schema\/person\/05e45cd8d2488d4cc228bb6d91895072","name":"Abraham Quinta","image":{"@type":"ImageObject","inLanguage":"es","@id":"https:\/\/secure.gravatar.com\/avatar\/abc2c42223432f98dd20645af153cc79e32340654fe8c5170f67ff81b9f7fab0?s=96&d=mm&r=g","url":"https:\/\/secure.gravatar.com\/avatar\/abc2c42223432f98dd20645af153cc79e32340654fe8c5170f67ff81b9f7fab0?s=96&d=mm&r=g","contentUrl":"https:\/\/secure.gravatar.com\/avatar\/abc2c42223432f98dd20645af153cc79e32340654fe8c5170f67ff81b9f7fab0?s=96&d=mm&r=g","caption":"Abraham Quinta"},"url":"https:\/\/kalot.com.mx\/site\/author\/abraham\/"}]}},"jetpack_publicize_connections":[],"jetpack_featured_media_url":"https:\/\/i0.wp.com\/kalot.com.mx\/site\/wp-content\/uploads\/2013\/09\/acidez.jpg?fit=675%2C359&ssl=1","jetpack_shortlink":"https:\/\/wp.me\/p6IHEI-8N","jetpack-related-posts":[{"id":1093,"url":"https:\/\/kalot.com.mx\/site\/2013\/09\/09\/borrador-del-credo-del-emprendedor\/","url_meta":{"origin":545,"position":0},"title":"Borrador del credo del emprendedor","author":"Abraham Quinta","date":"9 septiembre, 2013","format":false,"excerpt":"\u00a0 Aprovechando la gran motivaci\u00f3n, que por alguna extra\u00f1a raz\u00f3n pienso que todos debemos de tener, quiero compartirte algo que escuch\u00e9 hace unos a\u00f1os del Maestro y conferencista Luis Maram; 10 puntos para tenerse en cuenta como emprendedor (y persona). Cambiando s\u00f3lo algunos puntos, manteniendo el resto y agregando un\u2026","rel":"","context":"Entrada similar ","block_context":{"text":"Entrada similar ","link":""},"img":{"alt_text":"","src":"https:\/\/i0.wp.com\/kalot.com.mx\/site\/wp-content\/uploads\/2013\/09\/borrador.jpg?fit=320%2C283&ssl=1&resize=350%2C200","width":350,"height":200},"classes":[]},{"id":2245,"url":"https:\/\/kalot.com.mx\/site\/2013\/09\/23\/los-artistas\/","url_meta":{"origin":545,"position":1},"title":"Los artistas&#8230;","author":"Abraham Quinta","date":"23 septiembre, 2013","format":false,"excerpt":"Alguna vez, un Maestro argentino me dijo: \"Cuando calla la codicia, cuando se sosiega la voluntad, el mundo se manifiesta como representaci\u00f3n. Y en este sentido es bello y se sustrae a la lucha por la vida... Es el mundo del Arte\". He pensado tanto en sus palabras, y en\u2026","rel":"","context":"Entrada similar ","block_context":{"text":"Entrada similar ","link":""},"img":{"alt_text":"","src":"https:\/\/i0.wp.com\/kalot.com.mx\/site\/wp-content\/uploads\/2013\/09\/hombre-dando-regalo.jpg?fit=400%2C300&ssl=1&resize=350%2C200","width":350,"height":200},"classes":[]},{"id":23229,"url":"https:\/\/kalot.com.mx\/site\/2015\/09\/02\/la-vida-y-la-muerte\/","url_meta":{"origin":545,"position":2},"title":"La Vida y la Muerte","author":"Fabiia Rivera","date":"2 septiembre, 2015","format":false,"excerpt":"Hola mis queridos kaloteros, buen inicio de semana hoy es un d\u00eda muy especial como todos y cada uno de ellos,\u00a0 m\u00e1s hoy porque es lunes y m\u00e1s porque ya es el \u00faltimo d\u00eda del mes de agosto, y les quiero compartir un art\u00edculo de lo cual en estos d\u00edas\u2026","rel":"","context":"Entrada similar ","block_context":{"text":"Entrada similar ","link":""},"img":{"alt_text":"","src":"https:\/\/i0.wp.com\/kalot.com.mx\/site\/wp-content\/uploads\/2015\/09\/vida-vs-muerte-620x350.jpg?fit=620%2C350&ssl=1&resize=350%2C200","width":350,"height":200,"srcset":"https:\/\/i0.wp.com\/kalot.com.mx\/site\/wp-content\/uploads\/2015\/09\/vida-vs-muerte-620x350.jpg?fit=620%2C350&ssl=1&resize=350%2C200 1x, https:\/\/i0.wp.com\/kalot.com.mx\/site\/wp-content\/uploads\/2015\/09\/vida-vs-muerte-620x350.jpg?fit=620%2C350&ssl=1&resize=525%2C300 1.5x"},"classes":[]},{"id":6862,"url":"https:\/\/kalot.com.mx\/site\/2013\/11\/21\/el-amor\/","url_meta":{"origin":545,"position":3},"title":"El amor llama n veces","author":"Fernanda S\u00e1nchez","date":"21 noviembre, 2013","format":false,"excerpt":"Hace poco una persona me coment\u00f3 que la vida estaba compuesta por ciclos, que cada ciclo representaba una historia y que cada historia tiene tanto un principio como un fin. Cada ciclo en nuestra vida relata la historia de un v\u00ednculo con otra persona: una relaci\u00f3n. En el caso de\u2026","rel":"","context":"En &quot;Sin categor\u00eda&quot;","block_context":{"text":"Sin categor\u00eda","link":"https:\/\/kalot.com.mx\/site\/category\/sin-categoria\/"},"img":{"alt_text":"","src":"https:\/\/i0.wp.com\/kalot.com.mx\/site\/wp-content\/uploads\/2016\/04\/10-cloverfield-lane-trailer_kt9g.jpg?fit=1080%2C540&ssl=1&resize=350%2C200","width":350,"height":200,"srcset":"https:\/\/i0.wp.com\/kalot.com.mx\/site\/wp-content\/uploads\/2016\/04\/10-cloverfield-lane-trailer_kt9g.jpg?fit=1080%2C540&ssl=1&resize=350%2C200 1x, https:\/\/i0.wp.com\/kalot.com.mx\/site\/wp-content\/uploads\/2016\/04\/10-cloverfield-lane-trailer_kt9g.jpg?fit=1080%2C540&ssl=1&resize=525%2C300 1.5x, https:\/\/i0.wp.com\/kalot.com.mx\/site\/wp-content\/uploads\/2016\/04\/10-cloverfield-lane-trailer_kt9g.jpg?fit=1080%2C540&ssl=1&resize=700%2C400 2x, https:\/\/i0.wp.com\/kalot.com.mx\/site\/wp-content\/uploads\/2016\/04\/10-cloverfield-lane-trailer_kt9g.jpg?fit=1080%2C540&ssl=1&resize=1050%2C600 3x"},"classes":[]},{"id":9613,"url":"https:\/\/kalot.com.mx\/site\/2014\/01\/16\/recomendacion-la-tregua-mario-benedetti\/","url_meta":{"origin":545,"position":4},"title":"Recomendaci\u00f3n: La tregua, Mario Benedetti","author":"Valeria Aguilar","date":"16 enero, 2014","format":false,"excerpt":"\u201cLo qu\u00e9 uno quiere de verdad, es lo que est\u00e1 hecho para uno; entonces hay que tomarlo, o intentar: En eso se te puede ir la Vida, pero es una vida mucho mejor\u2026\u201d ( Mario Benedetti, La tregua) \u00a0 El d\u00eda de hoy quiero recomendarles La Tregua de Mario Benedetti,\u2026","rel":"","context":"Entrada similar ","block_context":{"text":"Entrada similar ","link":""},"img":{"alt_text":"","src":"https:\/\/i0.wp.com\/kalot.com.mx\/site\/wp-content\/uploads\/2014\/01\/escanear0011.jpg?fit=788%2C1200&ssl=1&resize=350%2C200","width":350,"height":200,"srcset":"https:\/\/i0.wp.com\/kalot.com.mx\/site\/wp-content\/uploads\/2014\/01\/escanear0011.jpg?fit=788%2C1200&ssl=1&resize=350%2C200 1x, https:\/\/i0.wp.com\/kalot.com.mx\/site\/wp-content\/uploads\/2014\/01\/escanear0011.jpg?fit=788%2C1200&ssl=1&resize=525%2C300 1.5x, https:\/\/i0.wp.com\/kalot.com.mx\/site\/wp-content\/uploads\/2014\/01\/escanear0011.jpg?fit=788%2C1200&ssl=1&resize=700%2C400 2x"},"classes":[]},{"id":807,"url":"https:\/\/kalot.com.mx\/site\/2013\/09\/06\/editores-de-kalot-te-invito-a-conocernos\/","url_meta":{"origin":545,"position":5},"title":"Editores de Kalot, \u00a1Te invito a conocernos!","author":"Jorge Era\u00f1a","date":"6 septiembre, 2013","format":false,"excerpt":"Hola qu\u00e9 tal, por fin tenemos completo nuestro equipo de trabajo que les estar\u00e1 llevando el mejor material relacionado con sus \u00e1reas de inter\u00e9s y \u00a0temas de dominio, con la informaci\u00f3n m\u00e1s actualizada y en la forma que todos lo queremos. Cada editor tiene su estilo y forma de escribir,\u2026","rel":"","context":"Entrada similar ","block_context":{"text":"Entrada similar ","link":""},"img":{"alt_text":"3745024","src":"https:\/\/i0.wp.com\/www.kalot.com.mx\/wp-content\/uploads\/2013\/09\/3745024.jpg?resize=350%2C200","width":350,"height":200},"classes":[]}],"jetpack_sharing_enabled":true,"_links":{"self":[{"href":"https:\/\/kalot.com.mx\/site\/wp-json\/wp\/v2\/posts\/545","targetHints":{"allow":["GET"]}}],"collection":[{"href":"https:\/\/kalot.com.mx\/site\/wp-json\/wp\/v2\/posts"}],"about":[{"href":"https:\/\/kalot.com.mx\/site\/wp-json\/wp\/v2\/types\/post"}],"author":[{"embeddable":true,"href":"https:\/\/kalot.com.mx\/site\/wp-json\/wp\/v2\/users\/16"}],"replies":[{"embeddable":true,"href":"https:\/\/kalot.com.mx\/site\/wp-json\/wp\/v2\/comments?post=545"}],"version-history":[{"count":0,"href":"https:\/\/kalot.com.mx\/site\/wp-json\/wp\/v2\/posts\/545\/revisions"}],"wp:featuredmedia":[{"embeddable":true,"href":"https:\/\/kalot.com.mx\/site\/wp-json\/wp\/v2\/media\/549"}],"wp:attachment":[{"href":"https:\/\/kalot.com.mx\/site\/wp-json\/wp\/v2\/media?parent=545"}],"wp:term":[{"taxonomy":"category","embeddable":true,"href":"https:\/\/kalot.com.mx\/site\/wp-json\/wp\/v2\/categories?post=545"},{"taxonomy":"post_tag","embeddable":true,"href":"https:\/\/kalot.com.mx\/site\/wp-json\/wp\/v2\/tags?post=545"}],"curies":[{"name":"wp","href":"https:\/\/api.w.org\/{rel}","templated":true}]}}