{"id":5363,"date":"2013-10-31T10:00:54","date_gmt":"2013-10-31T16:00:54","guid":{"rendered":"http:\/\/www.kalot.com.mx\/?p=5363"},"modified":"2013-10-31T08:30:15","modified_gmt":"2013-10-31T14:30:15","slug":"la-dictadura-social","status":"publish","type":"post","link":"https:\/\/kalot.com.mx\/site\/2013\/10\/31\/la-dictadura-social\/","title":{"rendered":"La dictadura social"},"content":{"rendered":"<p style=\"text-align: justify\">Orgullo y prejuicio, aparte de ser mi libro favorito de todos los tiempos, es una obra de arte en la que se muestran los estragos causados por tener una actitud orgullosa y prejuiciosa ante la vida. Hace poco v\u00ed la pel\u00edcula, la cual es buena tambi\u00e9n, y me llam\u00f3 la atenci\u00f3n una parte en espec\u00edfico; un personaje \u201csalva\u201d a su amigo de lo que <span style=\"text-decoration: underline\">considera<\/span> ser\u00e1 una vida m\u00edsera e insufrible por el simple hecho de querer casarse con una muchachita de <span style=\"text-decoration: underline\">bajo estatus social.<\/span><\/p>\n<p style=\"text-align: justify\">Esa acci\u00f3n, aunque aparentemente era por un buen f\u00edn, se describe como: PREJUICIO. Todos hemos prejuiciado a alguien m\u00e1s de una vez, me incluyo, y lo que\u00a0me llama la atenci\u00f3n es\u00a0saber por qu\u00e9 lo hacemos si sabemos que est\u00e1 mal. Reflexionando un poco llegu\u00e9 a la conclusi\u00f3n que hoy quiero compartirles:<\/p>\n<p style=\"text-align: justify\">\n<p style=\"text-align: justify\">En el proceso de construcci\u00f3n de nuestra realidad, vivimos en una sociedad gris y homog\u00e9nea en la que s\u00f3lo caminamos en una misma direcci\u00f3n dentro de nuestra zona de confort, y en lugar de derribar las fronteras y obst\u00e1culos que se nos van presentando en el camino para poder continuar con la expansi\u00f3n de nuestro mundo, nos dedicamos a construir s\u00f3tanos y t\u00faneles subterr\u00e1neos en los cuales sofocamos nuestras oportunidades de cambio y de prosperidad\u00a0 a trav\u00e9s de los prejuicios.<\/p>\n<p style=\"text-align: justify\">Los <strong>prejuicios<\/strong> son ese monstruo multifac\u00e9tico que representa el miedo a lo diferente. Conforme ha ido evolucionando la historia, se han ido formando <strong>estereotipos<\/strong>, que son las jaulas de la sociedad en las cuales se crean etiquetas con caracter\u00edsticas espec\u00edficas sobre un \u201ctipo\u201d de persona. Estos estereotipos hacen que con el simple hecho de ver a <b>alguien<\/b> lo cataloguemos como <b>algo<\/b>. La persona deja de ser persona para convertirse en alguno de los productos del cat\u00e1logo de estereotipos, y se priva del derecho de demostrar qui\u00e9n es y lo que vale, todo por una conducta vana y superficial que ha sido inculcada en nosotros como sociedad.<\/p>\n<p style=\"text-align: justify\">Son estas <strong>etiquetas<\/strong> las que conllevan a la falta de identidad de las personas; No somos nuestros abuelos o nuestros padres, tampoco lo que hayan hecho. No somos un apellido,\u00a0ni la ropa que traemos puesta,\u00a0ni somos lo que dicta la moda\u2026<\/p>\n<p style=\"text-align: justify\">Cada ser humano es <b>igual<\/b>, y valemos por lo que somos y por lo que hacemos como individuos, NO por lo que dicta la sociedad que es lo correcto, o en su defecto, lo que no lo es.<\/p>\n<p style=\"text-align: justify\">Y ESE es el problema en s\u00ed: vivimos en una <b>dictadura totalitaria<\/b> en la que somos tanto el dictador como el pueblo, y en donde las reglas que nos rigen son estereotipos infundamentados en los que se preestableci\u00f3 alguna vez lo que aparentemente es correcto y lo que no, quit\u00e1ndole el lugar y el poder a la gente de salir del territorio y expresar sus diferencias.<\/p>\n<p style=\"text-align: justify\">Le hemos dado tanto poder a lo que dicta la sociedad que hemos perdido la noci\u00f3n de lo que verdaderamente importa: nuestra esencia. Dentro de la dictadura social, en la cual hemos sido obligados a portar un uniforme que se adecue a dichas reglas, existen los insurgentes; aquellos que se atrevieron a quitarse el uniforme y portar sus verdaderos colores. \u00c9stas personas son las que son objeto de cr\u00edtica y prejuicio, y por la misma conducta superficial son catalogados como algo malo por el simple hecho de ser <strong>DIFERENTES<\/strong>. Lo que la gente no sabe es que los insurgentes son m\u00e1s valiosos que el resto del pueblo, por tener la valent\u00eda y la capacidad de permanecer fieles a quienes son a pesar de la cr\u00edtica. Y lo que la gente tampoco sabe, o s\u00ed sabe pero de manera inconsciente, es que prejuiciando y criticando s\u00f3lo demuestra lo celosa que est\u00e1 por no tener el valor para tambi\u00e9n romper con sus propios uniformes.<\/p>\n<p style=\"text-align: justify\">La gente superficial es la que <b>menor <\/b>autoestima tiene.<\/p>\n<p style=\"text-align: justify\">\n<p style=\"text-align: justify\">\u00bfPor qu\u00e9 es que tendemos a criticar a las personas entonces?<\/p>\n<p style=\"text-align: justify\">Porque son diferentes, y las diferencias nos hacen mucho ruido, pues rompen con nuestra zona de confort en la cual los patrones de conducta est\u00e1n ya establecidos.<\/p>\n<p style=\"text-align: justify\">Debemos de trabajar el coraje y la valent\u00eda de ser fieles a quienes somos, rompiendo con esas etiquetas que s\u00f3lo nos enjaulan y nos privan de nuestra identidad, no s\u00f3lo porque esa es la \u00fanica manera en la que podemos destacar, tambi\u00e9n porque siendo nosotros mismos y sinti\u00e9ndonos orgullosos de ello, independientemente de si la sociedad nos clasifique como algo bueno o malo, dejamos de construir s\u00f3tanos y contribuimos a derribar las fronteras que nos bloquean de la verdadera prosperidad.<\/p>\n<p style=\"text-align: justify\">Adem\u00e1s, no debemos de permitir que la opini\u00f3n de los dem\u00e1s, ll\u00e1mese la sociedad, influya en quienes somos o en lo que hacemos, porque debemos recordar SIEMPRE que TODOS somos iguales, por lo tanto no somos NADIE para criticar a los dem\u00e1s. Prejuiciar es un acto de cobard\u00eda del cual todos hemos sido part\u00edcipes, y que es el producto de la superficialidad que es inculcada cada d\u00eda m\u00e1s en nuestras vidas, pero debemos recordar que la imagen se va a desvanecer con el tiempo irremediablemente, pero el coraz\u00f3n siempre va a permanecer intacto.<\/p>\n<p style=\"text-align: justify\">\n<p style=\"text-align: justify\">La vida es cuesti\u00f3n de perspectiva.<\/p>\n<p style=\"text-align: justify\">\n<p style=\"text-align: justify\">Esto dicta la rata el d\u00eda de hoy:<\/p>\n<p style=\"text-align: justify\">La diversidad es lo que nos enriquece como personas y los estereotipos y etiquetas, fundamentos del prejuicio, son las barreras que impone la dictadura de la sociedad para impedir el cambio. Atr\u00e9vete a unirte a la fila de insurgentes, ver\u00e1s como prosperaras m\u00e1s que estando con la materia gris que no lo hace.<\/p>\n<p style=\"text-align: justify\">\u00a0Date y dale la oportunidad a los dem\u00e1s de entrar en tu vida, independientemente de lo que a primera vista aparenten, deja de ser superficial y aprende a ver m\u00e1s alla. Recuerda que \u201cLo esencial es invisible a los ojos\u201d. Cada persona esconde mil y un maravillas, y a veces en quien menos lo esperas es en quien m\u00e1s descubres.<\/p>\n<p style=\"text-align: justify\">\u00a0<a href=\"https:\/\/i0.wp.com\/www.kalot.com.mx\/wp-content\/uploads\/2013\/10\/kalot-prejudice.jpg\"><img data-recalc-dims=\"1\" fetchpriority=\"high\" decoding=\"async\" data-attachment-id=\"5365\" data-permalink=\"https:\/\/kalot.com.mx\/site\/2013\/10\/31\/la-dictadura-social\/kalot-prejudice\/\" data-orig-file=\"https:\/\/i0.wp.com\/kalot.com.mx\/site\/wp-content\/uploads\/2013\/10\/kalot-prejudice.jpg?fit=600%2C400&amp;ssl=1\" data-orig-size=\"600,400\" data-comments-opened=\"1\" data-image-meta=\"{&quot;aperture&quot;:&quot;0&quot;,&quot;credit&quot;:&quot;&quot;,&quot;camera&quot;:&quot;&quot;,&quot;caption&quot;:&quot;&quot;,&quot;created_timestamp&quot;:&quot;0&quot;,&quot;copyright&quot;:&quot;&quot;,&quot;focal_length&quot;:&quot;0&quot;,&quot;iso&quot;:&quot;0&quot;,&quot;shutter_speed&quot;:&quot;0&quot;,&quot;title&quot;:&quot;&quot;}\" data-image-title=\"kalot prejudice\" data-image-description=\"\" data-image-caption=\"\" data-large-file=\"https:\/\/i0.wp.com\/kalot.com.mx\/site\/wp-content\/uploads\/2013\/10\/kalot-prejudice.jpg?fit=600%2C400&amp;ssl=1\" class=\"alignnone size-medium wp-image-5365\" alt=\"kalot prejudice\" src=\"https:\/\/i0.wp.com\/www.kalot.com.mx\/wp-content\/uploads\/2013\/10\/kalot-prejudice-300x200.jpg?resize=300%2C200\" width=\"300\" height=\"200\" srcset=\"https:\/\/i0.wp.com\/kalot.com.mx\/site\/wp-content\/uploads\/2013\/10\/kalot-prejudice.jpg?resize=300%2C200&amp;ssl=1 300w, https:\/\/i0.wp.com\/kalot.com.mx\/site\/wp-content\/uploads\/2013\/10\/kalot-prejudice.jpg?resize=360%2C240&amp;ssl=1 360w, https:\/\/i0.wp.com\/kalot.com.mx\/site\/wp-content\/uploads\/2013\/10\/kalot-prejudice.jpg?w=600&amp;ssl=1 600w\" sizes=\"(max-width: 300px) 100vw, 300px\" \/><\/a><\/p>\n<p style=\"text-align: justify\">Cambio y fuera.<\/p>\n","protected":false},"excerpt":{"rendered":"Orgullo y prejuicio, aparte de ser mi libro favorito de todos los tiempos, es una obra de arte&hellip;\n","protected":false},"author":26,"featured_media":5364,"comment_status":"open","ping_status":"open","sticky":false,"template":"","format":"standard","meta":{"jetpack_post_was_ever_published":false,"_jetpack_newsletter_access":"","_jetpack_dont_email_post_to_subs":false,"_jetpack_newsletter_tier_id":0,"_jetpack_memberships_contains_paywalled_content":false,"_jetpack_memberships_contains_paid_content":false,"footnotes":"","jetpack_publicize_message":"","jetpack_publicize_feature_enabled":true,"jetpack_social_post_already_shared":true,"jetpack_social_options":{"image_generator_settings":{"template":"highway","default_image_id":0,"font":"","enabled":false},"version":2}},"categories":[],"tags":[],"class_list":{"0":"post-5363","1":"post","2":"type-post","3":"status-publish","4":"format-standard","5":"has-post-thumbnail","7":"cs-entry","8":"cs-video-wrap"},"yoast_head":"<!-- This site is optimized with the Yoast SEO plugin v27.4 - https:\/\/yoast.com\/product\/yoast-seo-wordpress\/ -->\n<title>La dictadura social - Kalot<\/title>\n<meta name=\"description\" content=\"Orgullo y prejuicio, aparte de ser mi libro favorito de todos los tiempos, es una obra de arte en la que se muestran los estragos causados por tener una\" \/>\n<meta name=\"robots\" content=\"index, follow, max-snippet:-1, max-image-preview:large, max-video-preview:-1\" \/>\n<link rel=\"canonical\" href=\"https:\/\/kalot.com.mx\/site\/2013\/10\/31\/la-dictadura-social\/\" \/>\n<meta property=\"og:locale\" content=\"es_MX\" \/>\n<meta property=\"og:type\" content=\"article\" \/>\n<meta property=\"og:title\" content=\"La dictadura social - Kalot\" \/>\n<meta property=\"og:description\" content=\"Orgullo y prejuicio, aparte de ser mi libro favorito de todos los tiempos, es una obra de arte en la que se muestran los estragos causados por tener una\" \/>\n<meta property=\"og:url\" content=\"https:\/\/kalot.com.mx\/site\/2013\/10\/31\/la-dictadura-social\/\" \/>\n<meta property=\"og:site_name\" content=\"Kalot\" \/>\n<meta property=\"article:publisher\" content=\"http:\/\/facebook.com\/mxkalot\" \/>\n<meta property=\"article:published_time\" content=\"2013-10-31T16:00:54+00:00\" \/>\n<meta property=\"og:image\" content=\"https:\/\/i0.wp.com\/kalot.com.mx\/site\/wp-content\/uploads\/2013\/10\/kalot-etiquetas.jpg?fit=849%2C565&ssl=1\" \/>\n\t<meta property=\"og:image:width\" content=\"849\" \/>\n\t<meta property=\"og:image:height\" content=\"565\" \/>\n\t<meta property=\"og:image:type\" content=\"image\/jpeg\" \/>\n<meta name=\"author\" content=\"Fernanda S\u00e1nchez\" \/>\n<meta name=\"twitter:card\" content=\"summary_large_image\" \/>\n<meta name=\"twitter:creator\" content=\"@fer_ssm\" \/>\n<meta name=\"twitter:site\" content=\"@kalotmx\" \/>\n<meta name=\"twitter:label1\" content=\"Escrito por\" \/>\n\t<meta name=\"twitter:data1\" content=\"Fernanda S\u00e1nchez\" \/>\n\t<meta name=\"twitter:label2\" content=\"Tiempo de lectura\" \/>\n\t<meta name=\"twitter:data2\" content=\"5 minutos\" \/>\n<!-- \/ Yoast SEO plugin. -->","yoast_head_json":{"title":"La dictadura social - Kalot","description":"Orgullo y prejuicio, aparte de ser mi libro favorito de todos los tiempos, es una obra de arte en la que se muestran los estragos causados por tener una","robots":{"index":"index","follow":"follow","max-snippet":"max-snippet:-1","max-image-preview":"max-image-preview:large","max-video-preview":"max-video-preview:-1"},"canonical":"https:\/\/kalot.com.mx\/site\/2013\/10\/31\/la-dictadura-social\/","og_locale":"es_MX","og_type":"article","og_title":"La dictadura social - Kalot","og_description":"Orgullo y prejuicio, aparte de ser mi libro favorito de todos los tiempos, es una obra de arte en la que se muestran los estragos causados por tener una","og_url":"https:\/\/kalot.com.mx\/site\/2013\/10\/31\/la-dictadura-social\/","og_site_name":"Kalot","article_publisher":"http:\/\/facebook.com\/mxkalot","article_published_time":"2013-10-31T16:00:54+00:00","og_image":[{"width":849,"height":565,"url":"https:\/\/i0.wp.com\/kalot.com.mx\/site\/wp-content\/uploads\/2013\/10\/kalot-etiquetas.jpg?fit=849%2C565&ssl=1","type":"image\/jpeg"}],"author":"Fernanda S\u00e1nchez","twitter_card":"summary_large_image","twitter_creator":"@fer_ssm","twitter_site":"@kalotmx","twitter_misc":{"Escrito por":"Fernanda S\u00e1nchez","Tiempo de lectura":"5 minutos"},"schema":{"@context":"https:\/\/schema.org","@graph":[{"@type":"Article","@id":"https:\/\/kalot.com.mx\/site\/2013\/10\/31\/la-dictadura-social\/#article","isPartOf":{"@id":"https:\/\/kalot.com.mx\/site\/2013\/10\/31\/la-dictadura-social\/"},"author":{"name":"Fernanda S\u00e1nchez","@id":"https:\/\/kalot.com.mx\/site\/#\/schema\/person\/197a15ab8435e01dcf11e7cfe5ac7258"},"headline":"La dictadura social","datePublished":"2013-10-31T16:00:54+00:00","mainEntityOfPage":{"@id":"https:\/\/kalot.com.mx\/site\/2013\/10\/31\/la-dictadura-social\/"},"wordCount":1044,"commentCount":0,"publisher":{"@id":"https:\/\/kalot.com.mx\/site\/#organization"},"image":{"@id":"https:\/\/kalot.com.mx\/site\/2013\/10\/31\/la-dictadura-social\/#primaryimage"},"thumbnailUrl":"https:\/\/i0.wp.com\/kalot.com.mx\/site\/wp-content\/uploads\/2013\/10\/kalot-etiquetas.jpg?fit=849%2C565&ssl=1","inLanguage":"es","potentialAction":[{"@type":"CommentAction","name":"Comment","target":["https:\/\/kalot.com.mx\/site\/2013\/10\/31\/la-dictadura-social\/#respond"]}]},{"@type":"WebPage","@id":"https:\/\/kalot.com.mx\/site\/2013\/10\/31\/la-dictadura-social\/","url":"https:\/\/kalot.com.mx\/site\/2013\/10\/31\/la-dictadura-social\/","name":"La dictadura social - Kalot","isPartOf":{"@id":"https:\/\/kalot.com.mx\/site\/#website"},"primaryImageOfPage":{"@id":"https:\/\/kalot.com.mx\/site\/2013\/10\/31\/la-dictadura-social\/#primaryimage"},"image":{"@id":"https:\/\/kalot.com.mx\/site\/2013\/10\/31\/la-dictadura-social\/#primaryimage"},"thumbnailUrl":"https:\/\/i0.wp.com\/kalot.com.mx\/site\/wp-content\/uploads\/2013\/10\/kalot-etiquetas.jpg?fit=849%2C565&ssl=1","datePublished":"2013-10-31T16:00:54+00:00","description":"Orgullo y prejuicio, aparte de ser mi libro favorito de todos los tiempos, es una obra de arte en la que se muestran los estragos causados por tener una","breadcrumb":{"@id":"https:\/\/kalot.com.mx\/site\/2013\/10\/31\/la-dictadura-social\/#breadcrumb"},"inLanguage":"es","potentialAction":[{"@type":"ReadAction","target":["https:\/\/kalot.com.mx\/site\/2013\/10\/31\/la-dictadura-social\/"]}]},{"@type":"ImageObject","inLanguage":"es","@id":"https:\/\/kalot.com.mx\/site\/2013\/10\/31\/la-dictadura-social\/#primaryimage","url":"https:\/\/i0.wp.com\/kalot.com.mx\/site\/wp-content\/uploads\/2013\/10\/kalot-etiquetas.jpg?fit=849%2C565&ssl=1","contentUrl":"https:\/\/i0.wp.com\/kalot.com.mx\/site\/wp-content\/uploads\/2013\/10\/kalot-etiquetas.jpg?fit=849%2C565&ssl=1","width":849,"height":565},{"@type":"BreadcrumbList","@id":"https:\/\/kalot.com.mx\/site\/2013\/10\/31\/la-dictadura-social\/#breadcrumb","itemListElement":[{"@type":"ListItem","position":1,"name":"Home","item":"https:\/\/kalot.com.mx\/site\/"},{"@type":"ListItem","position":2,"name":"La dictadura social"}]},{"@type":"WebSite","@id":"https:\/\/kalot.com.mx\/site\/#website","url":"https:\/\/kalot.com.mx\/site\/","name":"Kalot","description":"Conoce Todo Sobre Todo","publisher":{"@id":"https:\/\/kalot.com.mx\/site\/#organization"},"potentialAction":[{"@type":"SearchAction","target":{"@type":"EntryPoint","urlTemplate":"https:\/\/kalot.com.mx\/site\/?s={search_term_string}"},"query-input":{"@type":"PropertyValueSpecification","valueRequired":true,"valueName":"search_term_string"}}],"inLanguage":"es"},{"@type":"Organization","@id":"https:\/\/kalot.com.mx\/site\/#organization","name":"Kalot","url":"https:\/\/kalot.com.mx\/site\/","logo":{"@type":"ImageObject","inLanguage":"es","@id":"https:\/\/kalot.com.mx\/site\/#\/schema\/logo\/image\/","url":"https:\/\/i0.wp.com\/kalot.com.mx\/site\/wp-content\/uploads\/2020\/04\/Kalot-logo-sin-tagline.png?fit=1707%2C1014&ssl=1","contentUrl":"https:\/\/i0.wp.com\/kalot.com.mx\/site\/wp-content\/uploads\/2020\/04\/Kalot-logo-sin-tagline.png?fit=1707%2C1014&ssl=1","width":1707,"height":1014,"caption":"Kalot"},"image":{"@id":"https:\/\/kalot.com.mx\/site\/#\/schema\/logo\/image\/"},"sameAs":["http:\/\/facebook.com\/mxkalot","https:\/\/x.com\/kalotmx","http:\/\/instagram.com\/kalotmx","http:\/\/pinterest.com\/jorgeerana\/kalot"]},{"@type":"Person","@id":"https:\/\/kalot.com.mx\/site\/#\/schema\/person\/197a15ab8435e01dcf11e7cfe5ac7258","name":"Fernanda S\u00e1nchez","image":{"@type":"ImageObject","inLanguage":"es","@id":"https:\/\/secure.gravatar.com\/avatar\/2ce17b9d3c1fd99e3718a164b16b51eacb5d80cb13712355c9052d3739993ea5?s=96&d=mm&r=g","url":"https:\/\/secure.gravatar.com\/avatar\/2ce17b9d3c1fd99e3718a164b16b51eacb5d80cb13712355c9052d3739993ea5?s=96&d=mm&r=g","contentUrl":"https:\/\/secure.gravatar.com\/avatar\/2ce17b9d3c1fd99e3718a164b16b51eacb5d80cb13712355c9052d3739993ea5?s=96&d=mm&r=g","caption":"Fernanda S\u00e1nchez"},"description":"Escritora en proceso, amante de la comida, apasionada de la lectura y famosa chorera. Rata mental dando vueltas a 1000 por hora. Moto: El que persevera, alcanza.","sameAs":["https:\/\/x.com\/@fer_ssm"],"url":"https:\/\/kalot.com.mx\/site\/author\/fer\/"}]}},"jetpack_publicize_connections":[],"jetpack_featured_media_url":"https:\/\/i0.wp.com\/kalot.com.mx\/site\/wp-content\/uploads\/2013\/10\/kalot-etiquetas.jpg?fit=849%2C565&ssl=1","jetpack_shortlink":"https:\/\/wp.me\/p6IHEI-1ov","jetpack-related-posts":[{"id":2527,"url":"https:\/\/kalot.com.mx\/site\/2013\/09\/29\/se-que-ponerme-en-cc13\/","url_meta":{"origin":5363,"position":0},"title":"Atuendos para #CC13 by @DulceMireles","author":"Dulce Mireles","date":"29 septiembre, 2013","format":false,"excerpt":"Hola amigas (os) de Kalot, gracias por entrar a este post y a todos los de esta p\u00e1gina, es grato para mi saber que nos leen y nos dan retroalimentaci\u00f3n. Publicaciones atr\u00e1s, hablaba sobre moda y el \"prejuicio\" que se tiene hacia este mundo y mi parte favorita es la\u2026","rel":"","context":"Entrada similar ","block_context":{"text":"Entrada similar ","link":""},"img":{"alt_text":"","src":"https:\/\/i0.wp.com\/kalot.com.mx\/site\/wp-content\/uploads\/2013\/09\/da8f62f65c0c23be643dbb6f5a000b38.jpg?resize=350%2C200","width":350,"height":200},"classes":[]},{"id":16923,"url":"https:\/\/kalot.com.mx\/site\/2014\/06\/21\/orgullo-y-prejuiciolizzie-bennet-diaries\/","url_meta":{"origin":5363,"position":1},"title":"ORGULLO Y PREJUICIO\/LIZZIE BENNET DIARIES","author":"Ruth V\u00e1zquez","date":"21 junio, 2014","format":false,"excerpt":"Soy una gran fan de Jane Austen y sus libros, el m\u00e1s famoso de todos, es de los que ha tenido m\u00e1s adaptaciones o sido presentado en varias versiones desde que fue escrito: las 5 series deTV que ha habido (siendo la de BBC la m\u00e1s famosa), las pel\u00edculas (4\u2026","rel":"","context":"Entrada similar ","block_context":{"text":"Entrada similar ","link":""},"img":{"alt_text":"","src":"https:\/\/i0.wp.com\/kalot.com.mx\/site\/wp-content\/uploads\/2014\/06\/lizzieb.png?fit=1200%2C653&ssl=1&resize=350%2C200","width":350,"height":200,"srcset":"https:\/\/i0.wp.com\/kalot.com.mx\/site\/wp-content\/uploads\/2014\/06\/lizzieb.png?fit=1200%2C653&ssl=1&resize=350%2C200 1x, https:\/\/i0.wp.com\/kalot.com.mx\/site\/wp-content\/uploads\/2014\/06\/lizzieb.png?fit=1200%2C653&ssl=1&resize=525%2C300 1.5x, https:\/\/i0.wp.com\/kalot.com.mx\/site\/wp-content\/uploads\/2014\/06\/lizzieb.png?fit=1200%2C653&ssl=1&resize=700%2C400 2x, https:\/\/i0.wp.com\/kalot.com.mx\/site\/wp-content\/uploads\/2014\/06\/lizzieb.png?fit=1200%2C653&ssl=1&resize=1050%2C600 3x"},"classes":[]},{"id":17904,"url":"https:\/\/kalot.com.mx\/site\/2014\/09\/03\/virginmx\/","url_meta":{"origin":5363,"position":2},"title":"Lo bueno, lo malo y lo feo de #VirginMX","author":"Carlos Ru\u00edz Mtz","date":"3 septiembre, 2014","format":false,"excerpt":"Hace poco m\u00e1s de un mes que termin\u00f3 mi plazo forzoso con Telhell Telcel y opt\u00e9 por\u00a0checar las nuevas propuestas que llegaron a nuestro pa\u00eds. Finalmente, tras\u00a0meditarlo con la almohada, decid\u00ed entrar a Virgin Mobile, parte del conglomerado Virgin de sir Richard Branson. Ha pasado un mes desde el cambio\u2026","rel":"","context":"En &quot;Sin categor\u00eda&quot;","block_context":{"text":"Sin categor\u00eda","link":"https:\/\/kalot.com.mx\/site\/category\/sin-categoria\/"},"img":{"alt_text":"","src":"https:\/\/i0.wp.com\/kalot.com.mx\/site\/wp-content\/uploads\/2014\/09\/virgin-mobile-comienza-andadura-mexico-objetivo-mercado_2_1971003.jpg?fit=800%2C397&ssl=1&resize=350%2C200","width":350,"height":200,"srcset":"https:\/\/i0.wp.com\/kalot.com.mx\/site\/wp-content\/uploads\/2014\/09\/virgin-mobile-comienza-andadura-mexico-objetivo-mercado_2_1971003.jpg?fit=800%2C397&ssl=1&resize=350%2C200 1x, https:\/\/i0.wp.com\/kalot.com.mx\/site\/wp-content\/uploads\/2014\/09\/virgin-mobile-comienza-andadura-mexico-objetivo-mercado_2_1971003.jpg?fit=800%2C397&ssl=1&resize=525%2C300 1.5x, https:\/\/i0.wp.com\/kalot.com.mx\/site\/wp-content\/uploads\/2014\/09\/virgin-mobile-comienza-andadura-mexico-objetivo-mercado_2_1971003.jpg?fit=800%2C397&ssl=1&resize=700%2C400 2x"},"classes":[]},{"id":8183,"url":"https:\/\/kalot.com.mx\/site\/2013\/12\/21\/y-tu-que-eres-microadicto\/","url_meta":{"origin":5363,"position":3},"title":"\u00bfY t\u00fa a que eres microadicto?","author":"Dulce Mireles","date":"21 diciembre, 2013","format":false,"excerpt":"Hoy en d\u00eda \u00a0se tienen una serie de h\u00e1bitos que por m\u00e1s inofensivos que parezcan pueden ser considerados seg\u00fan la ciencia, como microadicciones. No te preocupes, en esta entrada vamos a identificar algunos, primero vamos a empezar con diferenciar una adicci\u00f3n de una microadicci\u00f3n. Una adicci\u00f3n es el deseo de\u2026","rel":"","context":"En &quot;Sin categor\u00eda&quot;","block_context":{"text":"Sin categor\u00eda","link":"https:\/\/kalot.com.mx\/site\/category\/sin-categoria\/"},"img":{"alt_text":"","src":"https:\/\/i0.wp.com\/kalot.com.mx\/site\/wp-content\/uploads\/2013\/12\/popcorn-icon-psd.jpg?fit=610%2C458&ssl=1&resize=350%2C200","width":350,"height":200,"srcset":"https:\/\/i0.wp.com\/kalot.com.mx\/site\/wp-content\/uploads\/2013\/12\/popcorn-icon-psd.jpg?fit=610%2C458&ssl=1&resize=350%2C200 1x, https:\/\/i0.wp.com\/kalot.com.mx\/site\/wp-content\/uploads\/2013\/12\/popcorn-icon-psd.jpg?fit=610%2C458&ssl=1&resize=525%2C300 1.5x"},"classes":[]},{"id":2651,"url":"https:\/\/kalot.com.mx\/site\/2013\/09\/29\/momentos-de-felicidad\/","url_meta":{"origin":5363,"position":4},"title":"Momentos de felicidad","author":"Fernanda S\u00e1nchez","date":"29 septiembre, 2013","format":false,"excerpt":"La gente dice que soy muy \"chorera\". Soy conocida por ser la amiga que les escribe cartas de cumplea\u00f1os de 9 p\u00e1ginas a sus mejores amigas, a la que le dejan escribir las conclusiones en los trabajos en equipo y a la que mandan a negociar las salidas con los\u2026","rel":"","context":"Con 1 comentario","block_context":{"text":"Con 1 comentario","link":"https:\/\/kalot.com.mx\/site\/2013\/09\/29\/momentos-de-felicidad\/#comments"},"img":{"alt_text":"","src":"https:\/\/i0.wp.com\/kalot.com.mx\/site\/wp-content\/uploads\/2013\/09\/instagram.jpg?fit=440%2C440&ssl=1&resize=350%2C200","width":350,"height":200},"classes":[]},{"id":22150,"url":"https:\/\/kalot.com.mx\/site\/2015\/07\/08\/coca-cola-le-dice-adios-a-logo\/","url_meta":{"origin":5363,"position":5},"title":"Coca Cola  le dice adi\u00f3s a su logo","author":"Gregoria Huerta","date":"8 julio, 2015","format":false,"excerpt":"\u00a0 Vamos por la calle y de pronto nos encontramos a una mujer con una falda muy corta, un hombre tatuado y vestido en su mayor\u00eda de negro, gente pidiendo dinero. No pasa mucho tiempo y ya nos formamos una opini\u00f3n de esa persona. \u00bfSe han puesto a pensar cu\u00e1nto\u2026","rel":"","context":"Entrada similar ","block_context":{"text":"Entrada similar ","link":""},"img":{"alt_text":"","src":"https:\/\/i0.wp.com\/kalot.com.mx\/site\/wp-content\/uploads\/2015\/07\/20_el_ramadan_snetiqueta__860x450-1.jpg?fit=600%2C400&ssl=1&resize=350%2C200","width":350,"height":200,"srcset":"https:\/\/i0.wp.com\/kalot.com.mx\/site\/wp-content\/uploads\/2015\/07\/20_el_ramadan_snetiqueta__860x450-1.jpg?fit=600%2C400&ssl=1&resize=350%2C200 1x, https:\/\/i0.wp.com\/kalot.com.mx\/site\/wp-content\/uploads\/2015\/07\/20_el_ramadan_snetiqueta__860x450-1.jpg?fit=600%2C400&ssl=1&resize=525%2C300 1.5x"},"classes":[]}],"jetpack_sharing_enabled":true,"_links":{"self":[{"href":"https:\/\/kalot.com.mx\/site\/wp-json\/wp\/v2\/posts\/5363","targetHints":{"allow":["GET"]}}],"collection":[{"href":"https:\/\/kalot.com.mx\/site\/wp-json\/wp\/v2\/posts"}],"about":[{"href":"https:\/\/kalot.com.mx\/site\/wp-json\/wp\/v2\/types\/post"}],"author":[{"embeddable":true,"href":"https:\/\/kalot.com.mx\/site\/wp-json\/wp\/v2\/users\/26"}],"replies":[{"embeddable":true,"href":"https:\/\/kalot.com.mx\/site\/wp-json\/wp\/v2\/comments?post=5363"}],"version-history":[{"count":0,"href":"https:\/\/kalot.com.mx\/site\/wp-json\/wp\/v2\/posts\/5363\/revisions"}],"wp:featuredmedia":[{"embeddable":true,"href":"https:\/\/kalot.com.mx\/site\/wp-json\/wp\/v2\/media\/5364"}],"wp:attachment":[{"href":"https:\/\/kalot.com.mx\/site\/wp-json\/wp\/v2\/media?parent=5363"}],"wp:term":[{"taxonomy":"category","embeddable":true,"href":"https:\/\/kalot.com.mx\/site\/wp-json\/wp\/v2\/categories?post=5363"},{"taxonomy":"post_tag","embeddable":true,"href":"https:\/\/kalot.com.mx\/site\/wp-json\/wp\/v2\/tags?post=5363"}],"curies":[{"name":"wp","href":"https:\/\/api.w.org\/{rel}","templated":true}]}}