{"id":5323,"date":"2013-10-31T01:02:29","date_gmt":"2013-10-31T07:02:29","guid":{"rendered":"http:\/\/www.kalot.com.mx\/?p=5323"},"modified":"2013-10-31T01:02:29","modified_gmt":"2013-10-31T07:02:29","slug":"encuentro-de-proteccion-civil-academia-industria","status":"publish","type":"post","link":"https:\/\/kalot.com.mx\/site\/2013\/10\/31\/encuentro-de-proteccion-civil-academia-industria\/","title":{"rendered":"Encuentro de protecci\u00f3n civil [Academia-Industria]"},"content":{"rendered":"<p style=\"text-align: center\"><a href=\"https:\/\/i0.wp.com\/www.kalot.com.mx\/wp-content\/uploads\/2013\/10\/LOGOUIPC.png\"><img data-recalc-dims=\"1\" decoding=\"async\" data-attachment-id=\"5326\" data-permalink=\"https:\/\/kalot.com.mx\/site\/2013\/10\/31\/encuentro-de-proteccion-civil-academia-industria\/logouipc\/\" data-orig-file=\"https:\/\/i0.wp.com\/kalot.com.mx\/site\/wp-content\/uploads\/2013\/10\/LOGOUIPC.png?fit=437%2C436&amp;ssl=1\" data-orig-size=\"437,436\" data-comments-opened=\"1\" data-image-meta=\"{&quot;aperture&quot;:&quot;0&quot;,&quot;credit&quot;:&quot;&quot;,&quot;camera&quot;:&quot;&quot;,&quot;caption&quot;:&quot;&quot;,&quot;created_timestamp&quot;:&quot;0&quot;,&quot;copyright&quot;:&quot;&quot;,&quot;focal_length&quot;:&quot;0&quot;,&quot;iso&quot;:&quot;0&quot;,&quot;shutter_speed&quot;:&quot;0&quot;,&quot;title&quot;:&quot;&quot;}\" data-image-title=\"LOGOUIPC\" data-image-description=\"\" data-image-caption=\"\" data-large-file=\"https:\/\/i0.wp.com\/kalot.com.mx\/site\/wp-content\/uploads\/2013\/10\/LOGOUIPC.png?fit=437%2C436&amp;ssl=1\" class=\"aligncenter  wp-image-5326\" alt=\"LOGOUIPC\" src=\"https:\/\/i0.wp.com\/www.kalot.com.mx\/wp-content\/uploads\/2013\/10\/LOGOUIPC.png?resize=221%2C220\" width=\"221\" height=\"220\" srcset=\"https:\/\/i0.wp.com\/kalot.com.mx\/site\/wp-content\/uploads\/2013\/10\/LOGOUIPC.png?w=437&amp;ssl=1 437w, https:\/\/i0.wp.com\/kalot.com.mx\/site\/wp-content\/uploads\/2013\/10\/LOGOUIPC.png?resize=150%2C150&amp;ssl=1 150w, https:\/\/i0.wp.com\/kalot.com.mx\/site\/wp-content\/uploads\/2013\/10\/LOGOUIPC.png?resize=300%2C300&amp;ssl=1 300w, https:\/\/i0.wp.com\/kalot.com.mx\/site\/wp-content\/uploads\/2013\/10\/LOGOUIPC.png?resize=125%2C125&amp;ssl=1 125w\" sizes=\"(max-width: 221px) 100vw, 221px\" \/><\/a><\/p>\n<p style=\"text-align: left\">A lo largo de la historia, en M\u00e9xico y en el mundo, la humanidad ha sufrido diversos acontecimientos desastrosos que nos han ense\u00f1ado a crear medidas y acciones para prevenir, auxiliar y recuperar a la poblaci\u00f3n ante estos. No hablo solo de desastres naturales, tambi\u00e9n de los que creamos nosotros mismos voluntaria o involuntariamente.<\/p>\n<p style=\"text-align: left\"><a href=\"https:\/\/i0.wp.com\/www.kalot.com.mx\/wp-content\/uploads\/2013\/10\/desastres-naturales-china-1040lg140311.jpg\"><img data-recalc-dims=\"1\" fetchpriority=\"high\" decoding=\"async\" data-attachment-id=\"5338\" data-permalink=\"https:\/\/kalot.com.mx\/site\/2013\/10\/31\/encuentro-de-proteccion-civil-academia-industria\/desastres-naturales-china-1040lg140311\/\" data-orig-file=\"https:\/\/i0.wp.com\/kalot.com.mx\/site\/wp-content\/uploads\/2013\/10\/desastres-naturales-china-1040lg140311.jpg?fit=1000%2C667&amp;ssl=1\" data-orig-size=\"1000,667\" data-comments-opened=\"1\" data-image-meta=\"{&quot;aperture&quot;:&quot;0&quot;,&quot;credit&quot;:&quot;&quot;,&quot;camera&quot;:&quot;&quot;,&quot;caption&quot;:&quot;&quot;,&quot;created_timestamp&quot;:&quot;0&quot;,&quot;copyright&quot;:&quot;&quot;,&quot;focal_length&quot;:&quot;0&quot;,&quot;iso&quot;:&quot;0&quot;,&quot;shutter_speed&quot;:&quot;0&quot;,&quot;title&quot;:&quot;&quot;}\" data-image-title=\"desastres-naturales-china-1040lg140311\" data-image-description=\"\" data-image-caption=\"\" data-large-file=\"https:\/\/i0.wp.com\/kalot.com.mx\/site\/wp-content\/uploads\/2013\/10\/desastres-naturales-china-1040lg140311.jpg?fit=1000%2C667&amp;ssl=1\" class=\"alignleft  wp-image-5338\" alt=\"desastres-naturales-china-1040lg140311\" src=\"https:\/\/i0.wp.com\/www.kalot.com.mx\/wp-content\/uploads\/2013\/10\/desastres-naturales-china-1040lg140311.jpg?resize=360%2C240\" width=\"360\" height=\"240\" srcset=\"https:\/\/i0.wp.com\/kalot.com.mx\/site\/wp-content\/uploads\/2013\/10\/desastres-naturales-china-1040lg140311.jpg?w=1000&amp;ssl=1 1000w, https:\/\/i0.wp.com\/kalot.com.mx\/site\/wp-content\/uploads\/2013\/10\/desastres-naturales-china-1040lg140311.jpg?resize=300%2C200&amp;ssl=1 300w, https:\/\/i0.wp.com\/kalot.com.mx\/site\/wp-content\/uploads\/2013\/10\/desastres-naturales-china-1040lg140311.jpg?resize=360%2C240&amp;ssl=1 360w, https:\/\/i0.wp.com\/kalot.com.mx\/site\/wp-content\/uploads\/2013\/10\/desastres-naturales-china-1040lg140311.jpg?resize=600%2C400&amp;ssl=1 600w\" sizes=\"(max-width: 360px) 100vw, 360px\" \/><\/a>Gracias a esto nace \u00a0la Protecci\u00f3n Civil con el fin de proteger a la poblaci\u00f3n contra los peligros de hostilidades derivadas de conflictos sociales, actividad humana y cat\u00e1strofes\u00a0 naturales, as\u00ed como de ayudarla a recuperarse y facilitar su supervivencia. Y es que para mi protecci\u00f3n civil va mas all\u00e1 de una simple organizaci\u00f3n, creo que son h\u00e1bitos, es una cultura, es decir, si la poblaci\u00f3n o sociedad en el mundo tuviera mas noci\u00f3n de lo que es la protecci\u00f3n civil nos evitar\u00edamos muchos accidentes e infinidad de problemas.<\/p>\n<p style=\"text-align: left\">Creo que es por eso que en la industria y muchos lugares se ven obligados a crear su propia unidad interna de protecci\u00f3n civil, ya que esto garantiza una prevenci\u00f3n de accidentes, en caso de que los haya se garantiza su correcto tratamiento, y tambi\u00e9n su efectiva recuperaci\u00f3n. Por tanto para los que estamos por trabajar en la industria nos es aun m\u00e1s importante el conocer este tipo de informaci\u00f3n.<\/p>\n<p style=\"text-align: left\">Es aqu\u00ed en donde la Universidad Aut\u00f3noma de San Luis potos\u00ed, preocupada por que la protecci\u00f3n civil sea difundida de manera que los programas establecidos sean fortalecidos organiza el primer Encuentro Nacional de Protecci\u00f3n Civil Academia \u2013 Industria el cual busca formar un vinculo entre las instituciones de educaci\u00f3n y el sector empresarial. \u00a0 \u00a0 \u00a0 \u00a0 \u00a0 \u00a0 \u00a0 \u00a0 \u00a0 \u00a0 \u00a0 \u00a0 \u00a0 \u00a0 \u00a0 \u00a0 \u00a0 \u00a0 \u00a0 \u00a0 \u00a0 \u00a0 \u00a0 \u00a0 \u00a0 \u00a0 \u00a0 \u00a0 \u00a0 \u00a0 \u00a0 \u00a0 \u00a0 \u00a0 \u00a0 \u00a0 \u00a0 \u00a0 \u00a0 \u00a0 \u00a0 \u00a0 \u00a0 \u00a0 \u00a0 \u00a0 \u00a0 \u00a0 \u00a0 \u00a0 \u00a0 \u00a0 \u00a0 \u00a0 \u00a0 \u00a0 \u00a0 \u00a0 \u00a0 \u00a0 \u00a0 \u00a0 \u00a0 \u00a0 \u00a0 \u00a0 \u00a0 \u00a0 \u00a0 \u00a0 \u00a0 \u00a0 \u00a0 \u00a0 \u00a0 \u00a0 \u00a0 \u00a0 \u00a0 \u00a0 \u00a0 \u00a0 \u00a0 \u00a0 \u00a0 \u00a0<a href=\"https:\/\/i0.wp.com\/www.kalot.com.mx\/wp-content\/uploads\/2013\/10\/Simulacroevacuacion3.jpg\"><img data-recalc-dims=\"1\" decoding=\"async\" data-attachment-id=\"5329\" data-permalink=\"https:\/\/kalot.com.mx\/site\/2013\/10\/31\/encuentro-de-proteccion-civil-academia-industria\/simulacroevacuacion3\/\" data-orig-file=\"https:\/\/i0.wp.com\/kalot.com.mx\/site\/wp-content\/uploads\/2013\/10\/Simulacroevacuacion3.jpg?fit=1000%2C666&amp;ssl=1\" data-orig-size=\"1000,666\" data-comments-opened=\"1\" data-image-meta=\"{&quot;aperture&quot;:&quot;0&quot;,&quot;credit&quot;:&quot;&quot;,&quot;camera&quot;:&quot;&quot;,&quot;caption&quot;:&quot;&quot;,&quot;created_timestamp&quot;:&quot;0&quot;,&quot;copyright&quot;:&quot;&quot;,&quot;focal_length&quot;:&quot;0&quot;,&quot;iso&quot;:&quot;0&quot;,&quot;shutter_speed&quot;:&quot;0&quot;,&quot;title&quot;:&quot;&quot;}\" data-image-title=\"Simulacroevacuacion3\" data-image-description=\"\" data-image-caption=\"\" data-large-file=\"https:\/\/i0.wp.com\/kalot.com.mx\/site\/wp-content\/uploads\/2013\/10\/Simulacroevacuacion3.jpg?fit=1000%2C666&amp;ssl=1\" class=\"alignnone size-medium wp-image-5329\" alt=\"Simulacroevacuacion3\" src=\"https:\/\/i0.wp.com\/www.kalot.com.mx\/wp-content\/uploads\/2013\/10\/Simulacroevacuacion3-300x199.jpg?resize=300%2C199\" width=\"300\" height=\"199\" srcset=\"https:\/\/i0.wp.com\/kalot.com.mx\/site\/wp-content\/uploads\/2013\/10\/Simulacroevacuacion3.jpg?resize=300%2C200&amp;ssl=1 300w, https:\/\/i0.wp.com\/kalot.com.mx\/site\/wp-content\/uploads\/2013\/10\/Simulacroevacuacion3.jpg?resize=360%2C240&amp;ssl=1 360w, https:\/\/i0.wp.com\/kalot.com.mx\/site\/wp-content\/uploads\/2013\/10\/Simulacroevacuacion3.jpg?resize=600%2C400&amp;ssl=1 600w, https:\/\/i0.wp.com\/kalot.com.mx\/site\/wp-content\/uploads\/2013\/10\/Simulacroevacuacion3.jpg?w=1000&amp;ssl=1 1000w\" sizes=\"(max-width: 300px) 100vw, 300px\" \/>\u00a0 \u00a0 \u00a0 \u00a0 \u00a0<\/a><a href=\"https:\/\/i0.wp.com\/www.kalot.com.mx\/wp-content\/uploads\/2013\/10\/simula3.jpg\"><img data-recalc-dims=\"1\" loading=\"lazy\" decoding=\"async\" data-attachment-id=\"5330\" data-permalink=\"https:\/\/kalot.com.mx\/site\/2013\/10\/31\/encuentro-de-proteccion-civil-academia-industria\/simula3\/\" data-orig-file=\"https:\/\/i0.wp.com\/kalot.com.mx\/site\/wp-content\/uploads\/2013\/10\/simula3.jpg?fit=1000%2C666&amp;ssl=1\" data-orig-size=\"1000,666\" data-comments-opened=\"1\" data-image-meta=\"{&quot;aperture&quot;:&quot;0&quot;,&quot;credit&quot;:&quot;&quot;,&quot;camera&quot;:&quot;&quot;,&quot;caption&quot;:&quot;&quot;,&quot;created_timestamp&quot;:&quot;0&quot;,&quot;copyright&quot;:&quot;&quot;,&quot;focal_length&quot;:&quot;0&quot;,&quot;iso&quot;:&quot;0&quot;,&quot;shutter_speed&quot;:&quot;0&quot;,&quot;title&quot;:&quot;&quot;}\" data-image-title=\"simula3\" data-image-description=\"\" data-image-caption=\"\" data-large-file=\"https:\/\/i0.wp.com\/kalot.com.mx\/site\/wp-content\/uploads\/2013\/10\/simula3.jpg?fit=1000%2C666&amp;ssl=1\" class=\"alignnone size-medium wp-image-5330\" alt=\"simula3\" src=\"https:\/\/i0.wp.com\/www.kalot.com.mx\/wp-content\/uploads\/2013\/10\/simula3-300x199.jpg?resize=300%2C199\" width=\"300\" height=\"199\" srcset=\"https:\/\/i0.wp.com\/kalot.com.mx\/site\/wp-content\/uploads\/2013\/10\/simula3.jpg?resize=300%2C200&amp;ssl=1 300w, https:\/\/i0.wp.com\/kalot.com.mx\/site\/wp-content\/uploads\/2013\/10\/simula3.jpg?resize=360%2C240&amp;ssl=1 360w, https:\/\/i0.wp.com\/kalot.com.mx\/site\/wp-content\/uploads\/2013\/10\/simula3.jpg?resize=600%2C400&amp;ssl=1 600w, https:\/\/i0.wp.com\/kalot.com.mx\/site\/wp-content\/uploads\/2013\/10\/simula3.jpg?w=1000&amp;ssl=1 1000w\" sizes=\"(max-width: 300px) 100vw, 300px\" \/><\/a><\/p>\n<p style=\"text-align: left\">El encuentro se llevara a cabo del 6 al 8 de noviembre del 2013 en las instalaciones de la Facultad de Ciencias Qu\u00edmicas y la Facultad de Ingenier\u00eda. El curso cuenta con las participaciones de destacados ponentes a nivel nacional, con amplia experiencia en protecci\u00f3n civil, normatividad y seguridad. Cabe destacar que se otorgara una constancia de participaci\u00f3n avalada por la STPS y la UASLP<\/p>\n<p style=\"text-align: left\">Entre los temas y talleres a tratar se encuentran:<\/p>\n<ul style=\"text-align: left\">\n<li>Protecci\u00f3n Civil en instituciones de educaci\u00f3n<\/li>\n<li>Prevenci\u00f3n del delito<\/li>\n<li>Emergencias con productos qu\u00edmicos<\/li>\n<li>Prevenci\u00f3n de problemas de salud publica<\/li>\n<li>Manejo de materiales peligrosos<\/li>\n<li>Primeros auxilios<\/li>\n<li>Combate de incendios<\/li>\n<li>Taller de manejo de masas<\/li>\n<li>Taller de planeaci\u00f3n de simulacros<\/li>\n<li>Taller de acciones b\u00e1sicas para salvar una vida<\/li>\n<li>Taller de control de riesgos biol\u00f3gicos en instituciones de salud e investigaci\u00f3n<\/li>\n<li>Taller de manejo de materiales peligrosos<\/li>\n<li>Taller de normatividad en seguridad, NOM<\/li>\n<\/ul>\n<p style=\"text-align: left\">Aqu\u00ed les dejo la p\u00e1gina oficial del evento y el programa Kaloch@s por si les interesa.<\/p>\n<p style=\"text-align: left\"><a href=\"http:\/\/www.fcq.uaslp.mx\/eventos\/encuentro-de-proteccion-civil\">http:\/\/www.fcq.uaslp.mx\/eventos\/encuentro-de-proteccion-civil<\/a><\/p>\n<p style=\"text-align: left\">\u00a0<a href=\"https:\/\/i0.wp.com\/www.kalot.com.mx\/wp-content\/uploads\/2013\/10\/ProgramaEncuentrodeProteccionCivilUIPC-FCQ.png\"><img data-recalc-dims=\"1\" loading=\"lazy\" decoding=\"async\" data-attachment-id=\"5333\" data-permalink=\"https:\/\/kalot.com.mx\/site\/2013\/10\/31\/encuentro-de-proteccion-civil-academia-industria\/programaencuentrodeproteccionciviluipc-fcq\/\" data-orig-file=\"https:\/\/i0.wp.com\/kalot.com.mx\/site\/wp-content\/uploads\/2013\/10\/ProgramaEncuentrodeProteccionCivilUIPC-FCQ.png?fit=772%2C1000&amp;ssl=1\" data-orig-size=\"772,1000\" data-comments-opened=\"1\" data-image-meta=\"{&quot;aperture&quot;:&quot;0&quot;,&quot;credit&quot;:&quot;&quot;,&quot;camera&quot;:&quot;&quot;,&quot;caption&quot;:&quot;&quot;,&quot;created_timestamp&quot;:&quot;0&quot;,&quot;copyright&quot;:&quot;&quot;,&quot;focal_length&quot;:&quot;0&quot;,&quot;iso&quot;:&quot;0&quot;,&quot;shutter_speed&quot;:&quot;0&quot;,&quot;title&quot;:&quot;&quot;}\" data-image-title=\"ProgramaEncuentrodeProteccionCivilUIPC-FCQ\" data-image-description=\"\" data-image-caption=\"\" data-large-file=\"https:\/\/i0.wp.com\/kalot.com.mx\/site\/wp-content\/uploads\/2013\/10\/ProgramaEncuentrodeProteccionCivilUIPC-FCQ.png?fit=772%2C1000&amp;ssl=1\" class=\"alignnone size-full wp-image-5333\" alt=\"ProgramaEncuentrodeProteccionCivilUIPC-FCQ\" src=\"https:\/\/i0.wp.com\/www.kalot.com.mx\/wp-content\/uploads\/2013\/10\/ProgramaEncuentrodeProteccionCivilUIPC-FCQ.png?resize=772%2C1000\" width=\"772\" height=\"1000\" srcset=\"https:\/\/i0.wp.com\/kalot.com.mx\/site\/wp-content\/uploads\/2013\/10\/ProgramaEncuentrodeProteccionCivilUIPC-FCQ.png?w=772&amp;ssl=1 772w, https:\/\/i0.wp.com\/kalot.com.mx\/site\/wp-content\/uploads\/2013\/10\/ProgramaEncuentrodeProteccionCivilUIPC-FCQ.png?resize=231%2C300&amp;ssl=1 231w\" sizes=\"(max-width: 772px) 100vw, 772px\" \/><\/a><\/p>\n<p style=\"text-align: left\">Informes al:<br \/>\n(444) 826-23-00<\/p>\n<p style=\"text-align: left\">Kaloch@s este evento va dirigido a todas las personas que quieran adquirir habilidades y competencias de la protecci\u00f3n civil que puedan aplicar en su vida diaria y actividad profesional. No se pueden perder esta oportunidad, y m\u00e1s cuando decimos que aqu\u00ed en nuestra bella ciudad no hay acontecimientos relevantes a nivel nacional jaja. Est\u00e9n pendientes a las din\u00e1micas para que puedan ganarse una inscripci\u00f3n gratis para este interesante encuentro.<\/p>\n","protected":false},"excerpt":{"rendered":"A lo largo de la historia, en M\u00e9xico y en el mundo, la humanidad ha sufrido diversos acontecimientos&hellip;\n","protected":false},"author":34,"featured_media":5324,"comment_status":"open","ping_status":"open","sticky":false,"template":"","format":"standard","meta":{"jetpack_post_was_ever_published":false,"_jetpack_newsletter_access":"","_jetpack_dont_email_post_to_subs":false,"_jetpack_newsletter_tier_id":0,"_jetpack_memberships_contains_paywalled_content":false,"_jetpack_memberships_contains_paid_content":false,"footnotes":"","jetpack_publicize_message":"","jetpack_publicize_feature_enabled":true,"jetpack_social_post_already_shared":true,"jetpack_social_options":{"image_generator_settings":{"template":"highway","default_image_id":0,"font":"","enabled":false},"version":2}},"categories":[],"tags":[],"class_list":{"0":"post-5323","1":"post","2":"type-post","3":"status-publish","4":"format-standard","5":"has-post-thumbnail","7":"cs-entry","8":"cs-video-wrap"},"yoast_head":"<!-- This site is optimized with the Yoast SEO plugin v27.5 - https:\/\/yoast.com\/product\/yoast-seo-wordpress\/ -->\n<title>Encuentro de protecci\u00f3n civil [Academia-Industria] - Kalot<\/title>\n<meta name=\"description\" content=\"A lo largo de la historia, en M\u00e9xico y en el mundo, la humanidad ha sufrido diversos acontecimientos desastrosos que nos han ense\u00f1ado a crear medidas y\" \/>\n<meta name=\"robots\" content=\"index, follow, max-snippet:-1, max-image-preview:large, max-video-preview:-1\" \/>\n<link rel=\"canonical\" href=\"https:\/\/kalot.com.mx\/site\/2013\/10\/31\/encuentro-de-proteccion-civil-academia-industria\/\" \/>\n<meta property=\"og:locale\" content=\"es_MX\" \/>\n<meta property=\"og:type\" content=\"article\" \/>\n<meta property=\"og:title\" content=\"Encuentro de protecci\u00f3n civil [Academia-Industria] - Kalot\" \/>\n<meta property=\"og:description\" content=\"A lo largo de la historia, en M\u00e9xico y en el mundo, la humanidad ha sufrido diversos acontecimientos desastrosos que nos han ense\u00f1ado a crear medidas y\" \/>\n<meta property=\"og:url\" content=\"https:\/\/kalot.com.mx\/site\/2013\/10\/31\/encuentro-de-proteccion-civil-academia-industria\/\" \/>\n<meta property=\"og:site_name\" content=\"Kalot\" \/>\n<meta property=\"article:publisher\" content=\"http:\/\/facebook.com\/mxkalot\" \/>\n<meta property=\"article:author\" content=\"https:\/\/www.facebook.com\/cris.patlan93\" \/>\n<meta property=\"article:published_time\" content=\"2013-10-31T07:02:29+00:00\" \/>\n<meta property=\"og:image\" content=\"https:\/\/i1.wp.com\/kalot.com.mx\/site\/wp-content\/uploads\/2013\/10\/uipcbanner.png?fit=931%2C432&ssl=1\" \/>\n\t<meta property=\"og:image:width\" content=\"931\" \/>\n\t<meta property=\"og:image:height\" content=\"432\" \/>\n\t<meta property=\"og:image:type\" content=\"image\/png\" \/>\n<meta name=\"author\" content=\"Cristian Patl\u00e1n\" \/>\n<meta name=\"twitter:card\" content=\"summary_large_image\" \/>\n<meta name=\"twitter:creator\" content=\"@Yisus_Patlan\" \/>\n<meta name=\"twitter:site\" content=\"@kalotmx\" \/>\n<meta name=\"twitter:label1\" content=\"Escrito por\" \/>\n\t<meta name=\"twitter:data1\" content=\"Cristian Patl\u00e1n\" \/>\n\t<meta name=\"twitter:label2\" content=\"Tiempo de lectura\" \/>\n\t<meta name=\"twitter:data2\" content=\"3 minutos\" \/>\n<!-- \/ Yoast SEO plugin. -->","yoast_head_json":{"title":"Encuentro de protecci\u00f3n civil [Academia-Industria] - Kalot","description":"A lo largo de la historia, en M\u00e9xico y en el mundo, la humanidad ha sufrido diversos acontecimientos desastrosos que nos han ense\u00f1ado a crear medidas y","robots":{"index":"index","follow":"follow","max-snippet":"max-snippet:-1","max-image-preview":"max-image-preview:large","max-video-preview":"max-video-preview:-1"},"canonical":"https:\/\/kalot.com.mx\/site\/2013\/10\/31\/encuentro-de-proteccion-civil-academia-industria\/","og_locale":"es_MX","og_type":"article","og_title":"Encuentro de protecci\u00f3n civil [Academia-Industria] - Kalot","og_description":"A lo largo de la historia, en M\u00e9xico y en el mundo, la humanidad ha sufrido diversos acontecimientos desastrosos que nos han ense\u00f1ado a crear medidas y","og_url":"https:\/\/kalot.com.mx\/site\/2013\/10\/31\/encuentro-de-proteccion-civil-academia-industria\/","og_site_name":"Kalot","article_publisher":"http:\/\/facebook.com\/mxkalot","article_author":"https:\/\/www.facebook.com\/cris.patlan93","article_published_time":"2013-10-31T07:02:29+00:00","og_image":[{"width":931,"height":432,"url":"https:\/\/i1.wp.com\/kalot.com.mx\/site\/wp-content\/uploads\/2013\/10\/uipcbanner.png?fit=931%2C432&ssl=1","type":"image\/png"}],"author":"Cristian Patl\u00e1n","twitter_card":"summary_large_image","twitter_creator":"@Yisus_Patlan","twitter_site":"@kalotmx","twitter_misc":{"Escrito por":"Cristian Patl\u00e1n","Tiempo de lectura":"3 minutos"},"schema":{"@context":"https:\/\/schema.org","@graph":[{"@type":"Article","@id":"https:\/\/kalot.com.mx\/site\/2013\/10\/31\/encuentro-de-proteccion-civil-academia-industria\/#article","isPartOf":{"@id":"https:\/\/kalot.com.mx\/site\/2013\/10\/31\/encuentro-de-proteccion-civil-academia-industria\/"},"author":{"name":"Cristian Patl\u00e1n","@id":"https:\/\/kalot.com.mx\/site\/#\/schema\/person\/6bdbd46347e033d36a508b69486fc24f"},"headline":"Encuentro de protecci\u00f3n civil [Academia-Industria]","datePublished":"2013-10-31T07:02:29+00:00","mainEntityOfPage":{"@id":"https:\/\/kalot.com.mx\/site\/2013\/10\/31\/encuentro-de-proteccion-civil-academia-industria\/"},"wordCount":552,"commentCount":2,"publisher":{"@id":"https:\/\/kalot.com.mx\/site\/#organization"},"image":{"@id":"https:\/\/kalot.com.mx\/site\/2013\/10\/31\/encuentro-de-proteccion-civil-academia-industria\/#primaryimage"},"thumbnailUrl":"https:\/\/i0.wp.com\/kalot.com.mx\/site\/wp-content\/uploads\/2013\/10\/uipcbanner.png?fit=931%2C432&ssl=1","inLanguage":"es","potentialAction":[{"@type":"CommentAction","name":"Comment","target":["https:\/\/kalot.com.mx\/site\/2013\/10\/31\/encuentro-de-proteccion-civil-academia-industria\/#respond"]}]},{"@type":"WebPage","@id":"https:\/\/kalot.com.mx\/site\/2013\/10\/31\/encuentro-de-proteccion-civil-academia-industria\/","url":"https:\/\/kalot.com.mx\/site\/2013\/10\/31\/encuentro-de-proteccion-civil-academia-industria\/","name":"Encuentro de protecci\u00f3n civil [Academia-Industria] - Kalot","isPartOf":{"@id":"https:\/\/kalot.com.mx\/site\/#website"},"primaryImageOfPage":{"@id":"https:\/\/kalot.com.mx\/site\/2013\/10\/31\/encuentro-de-proteccion-civil-academia-industria\/#primaryimage"},"image":{"@id":"https:\/\/kalot.com.mx\/site\/2013\/10\/31\/encuentro-de-proteccion-civil-academia-industria\/#primaryimage"},"thumbnailUrl":"https:\/\/i0.wp.com\/kalot.com.mx\/site\/wp-content\/uploads\/2013\/10\/uipcbanner.png?fit=931%2C432&ssl=1","datePublished":"2013-10-31T07:02:29+00:00","description":"A lo largo de la historia, en M\u00e9xico y en el mundo, la humanidad ha sufrido diversos acontecimientos desastrosos que nos han ense\u00f1ado a crear medidas y","breadcrumb":{"@id":"https:\/\/kalot.com.mx\/site\/2013\/10\/31\/encuentro-de-proteccion-civil-academia-industria\/#breadcrumb"},"inLanguage":"es","potentialAction":[{"@type":"ReadAction","target":["https:\/\/kalot.com.mx\/site\/2013\/10\/31\/encuentro-de-proteccion-civil-academia-industria\/"]}]},{"@type":"ImageObject","inLanguage":"es","@id":"https:\/\/kalot.com.mx\/site\/2013\/10\/31\/encuentro-de-proteccion-civil-academia-industria\/#primaryimage","url":"https:\/\/i0.wp.com\/kalot.com.mx\/site\/wp-content\/uploads\/2013\/10\/uipcbanner.png?fit=931%2C432&ssl=1","contentUrl":"https:\/\/i0.wp.com\/kalot.com.mx\/site\/wp-content\/uploads\/2013\/10\/uipcbanner.png?fit=931%2C432&ssl=1","width":931,"height":432},{"@type":"BreadcrumbList","@id":"https:\/\/kalot.com.mx\/site\/2013\/10\/31\/encuentro-de-proteccion-civil-academia-industria\/#breadcrumb","itemListElement":[{"@type":"ListItem","position":1,"name":"Home","item":"https:\/\/kalot.com.mx\/site\/"},{"@type":"ListItem","position":2,"name":"Encuentro de protecci\u00f3n civil [Academia-Industria]"}]},{"@type":"WebSite","@id":"https:\/\/kalot.com.mx\/site\/#website","url":"https:\/\/kalot.com.mx\/site\/","name":"Kalot","description":"Conoce Todo Sobre Todo","publisher":{"@id":"https:\/\/kalot.com.mx\/site\/#organization"},"potentialAction":[{"@type":"SearchAction","target":{"@type":"EntryPoint","urlTemplate":"https:\/\/kalot.com.mx\/site\/?s={search_term_string}"},"query-input":{"@type":"PropertyValueSpecification","valueRequired":true,"valueName":"search_term_string"}}],"inLanguage":"es"},{"@type":"Organization","@id":"https:\/\/kalot.com.mx\/site\/#organization","name":"Kalot","url":"https:\/\/kalot.com.mx\/site\/","logo":{"@type":"ImageObject","inLanguage":"es","@id":"https:\/\/kalot.com.mx\/site\/#\/schema\/logo\/image\/","url":"https:\/\/i0.wp.com\/kalot.com.mx\/site\/wp-content\/uploads\/2020\/04\/Kalot-logo-sin-tagline.png?fit=1707%2C1014&ssl=1","contentUrl":"https:\/\/i0.wp.com\/kalot.com.mx\/site\/wp-content\/uploads\/2020\/04\/Kalot-logo-sin-tagline.png?fit=1707%2C1014&ssl=1","width":1707,"height":1014,"caption":"Kalot"},"image":{"@id":"https:\/\/kalot.com.mx\/site\/#\/schema\/logo\/image\/"},"sameAs":["http:\/\/facebook.com\/mxkalot","https:\/\/x.com\/kalotmx","http:\/\/instagram.com\/kalotmx","http:\/\/pinterest.com\/jorgeerana\/kalot"]},{"@type":"Person","@id":"https:\/\/kalot.com.mx\/site\/#\/schema\/person\/6bdbd46347e033d36a508b69486fc24f","name":"Cristian Patl\u00e1n","image":{"@type":"ImageObject","inLanguage":"es","@id":"https:\/\/secure.gravatar.com\/avatar\/b7b82d811d3878355ee7189204c1d2a61c16738012a3341c84e47b436eff8a7d?s=96&d=mm&r=g","url":"https:\/\/secure.gravatar.com\/avatar\/b7b82d811d3878355ee7189204c1d2a61c16738012a3341c84e47b436eff8a7d?s=96&d=mm&r=g","contentUrl":"https:\/\/secure.gravatar.com\/avatar\/b7b82d811d3878355ee7189204c1d2a61c16738012a3341c84e47b436eff8a7d?s=96&d=mm&r=g","caption":"Cristian Patl\u00e1n"},"description":"Qu\u00edmico farmacobi\u00f3logo en formaci\u00f3n, Gamer de coraz\u00f3n, Cin\u00e9filo sin raz\u00f3n, Intelectualoide cabez\u00f3n, No me mido con la tragaz\u00f3n.","sameAs":["https:\/\/www.facebook.com\/cris.patlan93","https:\/\/x.com\/Yisus_Patlan"],"url":"https:\/\/kalot.com.mx\/site\/author\/patlan\/"}]}},"jetpack_publicize_connections":[],"jetpack_featured_media_url":"https:\/\/i0.wp.com\/kalot.com.mx\/site\/wp-content\/uploads\/2013\/10\/uipcbanner.png?fit=931%2C432&ssl=1","jetpack_shortlink":"https:\/\/wp.me\/p6IHEI-1nR","jetpack-related-posts":[{"id":23602,"url":"https:\/\/kalot.com.mx\/site\/2015\/09\/22\/estamos-realmente-preparados-para-catastrofes-naturales\/","url_meta":{"origin":5323,"position":0},"title":"\u00bfEstamos realmente preparados para cat\u00e1strofes naturales?","author":"Brenda A","date":"22 septiembre, 2015","format":false,"excerpt":"Un 19 de septiembre la ciudad de M\u00e9xico se sacudi\u00f3 violentamente, sorprendi\u00f3 a la poblaci\u00f3n y al gobierno, a 30 a\u00f1os del terremoto de 1985, \u00bfrealmente estamos preparados para contingencias de ese tipo? Ya que se acaban de cumplir 30 a\u00f1os desde el terremoto de 1985 en M\u00e9xico, y nos\u2026","rel":"","context":"En &quot;Eventos&quot;","block_context":{"text":"Eventos","link":"https:\/\/kalot.com.mx\/site\/category\/eventos\/"},"img":{"alt_text":"","src":"https:\/\/i0.wp.com\/kalot.com.mx\/site\/wp-content\/uploads\/2015\/09\/terremoto-la-falla-de-san-andres.jpg?fit=627%2C363&ssl=1&resize=350%2C200","width":350,"height":200,"srcset":"https:\/\/i0.wp.com\/kalot.com.mx\/site\/wp-content\/uploads\/2015\/09\/terremoto-la-falla-de-san-andres.jpg?fit=627%2C363&ssl=1&resize=350%2C200 1x, https:\/\/i0.wp.com\/kalot.com.mx\/site\/wp-content\/uploads\/2015\/09\/terremoto-la-falla-de-san-andres.jpg?fit=627%2C363&ssl=1&resize=525%2C300 1.5x"},"classes":[]},{"id":31069,"url":"https:\/\/kalot.com.mx\/site\/2019\/03\/07\/tijuana-se-convierte-en-la-primera-ciudad-mexicana-sin-bolsas-de-plastico\/","url_meta":{"origin":5323,"position":1},"title":"Tijuana se convierte en la primera ciudad mexicana sin bolsas de pl\u00e1stico","author":"Nelly Gonz\u00e1lez Tapia","date":"7 marzo, 2019","format":false,"excerpt":"\u00a0 \u00a0 \u00a0 \u00a0 \u00a0 \u00a0 \u00a0 \u00a0 \u00a0 \u00a0 \u00a0 \u00a0 \u00a0 \u00a0 \u00a0 \u00a0 \u00a0 \u00a0 \u00a0 \u00a0 \u00a0 \u00a0 \u00a0 \u00a0 \u00a0 \u00a0El medio ambiente lo agradecer\u00e1 En agosto del 2018, una iniciativa en Baja California con respecto al cuidado del medio ambiente, propon\u00eda empezar a eliminar\u2026","rel":"","context":"En &quot;Cultura&quot;","block_context":{"text":"Cultura","link":"https:\/\/kalot.com.mx\/site\/category\/cultura\/"},"img":{"alt_text":"","src":"https:\/\/i0.wp.com\/kalot.com.mx\/site\/wp-content\/uploads\/2019\/03\/bolsas-plastico-utilizadas-tiendas-comerciales.jpg?fit=958%2C596&ssl=1&resize=350%2C200","width":350,"height":200,"srcset":"https:\/\/i0.wp.com\/kalot.com.mx\/site\/wp-content\/uploads\/2019\/03\/bolsas-plastico-utilizadas-tiendas-comerciales.jpg?fit=958%2C596&ssl=1&resize=350%2C200 1x, https:\/\/i0.wp.com\/kalot.com.mx\/site\/wp-content\/uploads\/2019\/03\/bolsas-plastico-utilizadas-tiendas-comerciales.jpg?fit=958%2C596&ssl=1&resize=525%2C300 1.5x, https:\/\/i0.wp.com\/kalot.com.mx\/site\/wp-content\/uploads\/2019\/03\/bolsas-plastico-utilizadas-tiendas-comerciales.jpg?fit=958%2C596&ssl=1&resize=700%2C400 2x"},"classes":[]},{"id":17440,"url":"https:\/\/kalot.com.mx\/site\/2014\/07\/31\/internet-org-internet-gratis\/","url_meta":{"origin":5323,"position":2},"title":"Internet.org (Internet gratis)","author":"Samuel Arriaga","date":"31 julio, 2014","format":false,"excerpt":"Despu\u00e9s de tantos meses de espera el d\u00eda de hoy la red social Facebook presento una aplicacion m\u00f3vil que permite acceder de forma gratuita a algunos servicios de Internet. La aplicaci\u00f3n Internet.org para android estar\u00e1 disponible para los habitantes de Zambia en \u00c1frica que sean suscriptores de la compa\u00f1\u00eda Airtel\u2026","rel":"","context":"Entrada similar ","block_context":{"text":"Entrada similar ","link":""},"img":{"alt_text":"","src":"https:\/\/i0.wp.com\/kalot.com.mx\/site\/wp-content\/uploads\/2014\/07\/Internet.org_.jpg?fit=900%2C505&ssl=1&resize=350%2C200","width":350,"height":200,"srcset":"https:\/\/i0.wp.com\/kalot.com.mx\/site\/wp-content\/uploads\/2014\/07\/Internet.org_.jpg?fit=900%2C505&ssl=1&resize=350%2C200 1x, https:\/\/i0.wp.com\/kalot.com.mx\/site\/wp-content\/uploads\/2014\/07\/Internet.org_.jpg?fit=900%2C505&ssl=1&resize=525%2C300 1.5x, https:\/\/i0.wp.com\/kalot.com.mx\/site\/wp-content\/uploads\/2014\/07\/Internet.org_.jpg?fit=900%2C505&ssl=1&resize=700%2C400 2x"},"classes":[]},{"id":3333,"url":"https:\/\/kalot.com.mx\/site\/2013\/10\/08\/altruismo-egocentrico\/","url_meta":{"origin":5323,"position":3},"title":"Altruismo Egoc\u00e9ntrico","author":"Adriana Baranda","date":"8 octubre, 2013","format":false,"excerpt":"No me malentiendan. Todos en M\u00e9xico nos hemos enterado y hemos sufrido un poco, y de alguna manera u otra, los estragos de las lluvias torrenciales. Nosotros en San Luis Potos\u00ed, no sufrimos por mucho, lo que sufrieron otros estados en el pa\u00eds, como Guerrero. Pero las lluvias que tuvimos\u2026","rel":"","context":"Entrada similar ","block_context":{"text":"Entrada similar ","link":""},"img":{"alt_text":"","src":"https:\/\/i0.wp.com\/kalot.com.mx\/site\/wp-content\/uploads\/2013\/10\/musica-por-la.jpg?fit=960%2C480&ssl=1&resize=350%2C200","width":350,"height":200,"srcset":"https:\/\/i0.wp.com\/kalot.com.mx\/site\/wp-content\/uploads\/2013\/10\/musica-por-la.jpg?fit=960%2C480&ssl=1&resize=350%2C200 1x, https:\/\/i0.wp.com\/kalot.com.mx\/site\/wp-content\/uploads\/2013\/10\/musica-por-la.jpg?fit=960%2C480&ssl=1&resize=525%2C300 1.5x, https:\/\/i0.wp.com\/kalot.com.mx\/site\/wp-content\/uploads\/2013\/10\/musica-por-la.jpg?fit=960%2C480&ssl=1&resize=700%2C400 2x"},"classes":[]},{"id":25333,"url":"https:\/\/kalot.com.mx\/site\/2016\/05\/05\/espectador-vs-lector-buena-civil-war\/","url_meta":{"origin":5323,"position":4},"title":"\u00bfQUE TAN BUENA ES CAPIT\u00c1N AM\u00c9RICA: CIVIL WAR?","author":"HM_MKT007","date":"5 mayo, 2016","format":false,"excerpt":"La semana pasada, se estreno la tercera y \u00faltima parte de la saga del PRIMER VENGADOR, nos referimos a la esperadisima CAPIT\u00c1N AM\u00c9RICA: CIVIL WAR, y c\u00f3mo ya ha pasado un rato, podemos hablar de ella con mayor libertad, ya que si no la has visto y estas por verla,\u2026","rel":"","context":"En &quot;Cine&quot;","block_context":{"text":"Cine","link":"https:\/\/kalot.com.mx\/site\/category\/cine\/"},"img":{"alt_text":"","src":"https:\/\/i0.wp.com\/kalot.com.mx\/site\/wp-content\/uploads\/2016\/05\/civilwar.jpg?fit=1200%2C675&ssl=1&resize=350%2C200","width":350,"height":200,"srcset":"https:\/\/i0.wp.com\/kalot.com.mx\/site\/wp-content\/uploads\/2016\/05\/civilwar.jpg?fit=1200%2C675&ssl=1&resize=350%2C200 1x, https:\/\/i0.wp.com\/kalot.com.mx\/site\/wp-content\/uploads\/2016\/05\/civilwar.jpg?fit=1200%2C675&ssl=1&resize=525%2C300 1.5x, https:\/\/i0.wp.com\/kalot.com.mx\/site\/wp-content\/uploads\/2016\/05\/civilwar.jpg?fit=1200%2C675&ssl=1&resize=700%2C400 2x, https:\/\/i0.wp.com\/kalot.com.mx\/site\/wp-content\/uploads\/2016\/05\/civilwar.jpg?fit=1200%2C675&ssl=1&resize=1050%2C600 3x"},"classes":[]},{"id":7645,"url":"https:\/\/kalot.com.mx\/site\/2013\/12\/08\/los-beneficios-de-la-barba\/","url_meta":{"origin":5323,"position":5},"title":"Los beneficios de la barba.","author":"Ivan Mendez","date":"8 diciembre, 2013","format":false,"excerpt":"En estos tiempos (cuantas veces oigo decir esto) en que en el mundo occidental los roles de g\u00e9nero se difuminan hasta casi perderse, la forma de vestir no es la excepci\u00f3n y es que si asomamos la cabeza por la ventana podremos constatar esto por nosotros mismos, ya todo es\u2026","rel":"","context":"Entrada similar ","block_context":{"text":"Entrada similar ","link":""},"img":{"alt_text":"","src":"https:\/\/i0.wp.com\/kalot.com.mx\/site\/wp-content\/uploads\/2013\/12\/tumblr_mgllesMMyo1r0o6tko1_1280.jpg?fit=1000%2C666&ssl=1&resize=350%2C200","width":350,"height":200,"srcset":"https:\/\/i0.wp.com\/kalot.com.mx\/site\/wp-content\/uploads\/2013\/12\/tumblr_mgllesMMyo1r0o6tko1_1280.jpg?fit=1000%2C666&ssl=1&resize=350%2C200 1x, https:\/\/i0.wp.com\/kalot.com.mx\/site\/wp-content\/uploads\/2013\/12\/tumblr_mgllesMMyo1r0o6tko1_1280.jpg?fit=1000%2C666&ssl=1&resize=525%2C300 1.5x, https:\/\/i0.wp.com\/kalot.com.mx\/site\/wp-content\/uploads\/2013\/12\/tumblr_mgllesMMyo1r0o6tko1_1280.jpg?fit=1000%2C666&ssl=1&resize=700%2C400 2x"},"classes":[]}],"jetpack_sharing_enabled":true,"_links":{"self":[{"href":"https:\/\/kalot.com.mx\/site\/wp-json\/wp\/v2\/posts\/5323","targetHints":{"allow":["GET"]}}],"collection":[{"href":"https:\/\/kalot.com.mx\/site\/wp-json\/wp\/v2\/posts"}],"about":[{"href":"https:\/\/kalot.com.mx\/site\/wp-json\/wp\/v2\/types\/post"}],"author":[{"embeddable":true,"href":"https:\/\/kalot.com.mx\/site\/wp-json\/wp\/v2\/users\/34"}],"replies":[{"embeddable":true,"href":"https:\/\/kalot.com.mx\/site\/wp-json\/wp\/v2\/comments?post=5323"}],"version-history":[{"count":0,"href":"https:\/\/kalot.com.mx\/site\/wp-json\/wp\/v2\/posts\/5323\/revisions"}],"wp:featuredmedia":[{"embeddable":true,"href":"https:\/\/kalot.com.mx\/site\/wp-json\/wp\/v2\/media\/5324"}],"wp:attachment":[{"href":"https:\/\/kalot.com.mx\/site\/wp-json\/wp\/v2\/media?parent=5323"}],"wp:term":[{"taxonomy":"category","embeddable":true,"href":"https:\/\/kalot.com.mx\/site\/wp-json\/wp\/v2\/categories?post=5323"},{"taxonomy":"post_tag","embeddable":true,"href":"https:\/\/kalot.com.mx\/site\/wp-json\/wp\/v2\/tags?post=5323"}],"curies":[{"name":"wp","href":"https:\/\/api.w.org\/{rel}","templated":true}]}}