{"id":521,"date":"2013-09-04T01:27:57","date_gmt":"2013-09-04T06:27:57","guid":{"rendered":"http:\/\/www.kalot.com.mx\/?p=521"},"modified":"2013-09-08T13:25:14","modified_gmt":"2013-09-08T18:25:14","slug":"kodak-deja-atras-la-bancarrota-ahora-se-centrara-en-el-servicio-de-la-impresion-comercial","status":"publish","type":"post","link":"https:\/\/kalot.com.mx\/site\/2013\/09\/04\/kodak-deja-atras-la-bancarrota-ahora-se-centrara-en-el-servicio-de-la-impresion-comercial\/","title":{"rendered":"Kodak deja atr\u00e1s la bancarrota, ahora se centrara en el servicio de la impresi\u00f3n comercial"},"content":{"rendered":"<p><a href=\"https:\/\/i0.wp.com\/www.kalot.com.mx\/wp-content\/uploads\/2013\/09\/KODAK-2.jpg\"><img data-recalc-dims=\"1\" fetchpriority=\"high\" decoding=\"async\" data-attachment-id=\"523\" data-permalink=\"https:\/\/kalot.com.mx\/site\/2013\/09\/04\/kodak-deja-atras-la-bancarrota-ahora-se-centrara-en-el-servicio-de-la-impresion-comercial\/kodak-2\/\" data-orig-file=\"https:\/\/i0.wp.com\/kalot.com.mx\/site\/wp-content\/uploads\/2013\/09\/KODAK-2.jpg?fit=579%2C309&amp;ssl=1\" data-orig-size=\"579,309\" data-comments-opened=\"1\" data-image-meta=\"{&quot;aperture&quot;:&quot;0&quot;,&quot;credit&quot;:&quot;&quot;,&quot;camera&quot;:&quot;&quot;,&quot;caption&quot;:&quot;&quot;,&quot;created_timestamp&quot;:&quot;0&quot;,&quot;copyright&quot;:&quot;&quot;,&quot;focal_length&quot;:&quot;0&quot;,&quot;iso&quot;:&quot;0&quot;,&quot;shutter_speed&quot;:&quot;0&quot;,&quot;title&quot;:&quot;&quot;}\" data-image-title=\"KODAK 2\" data-image-description=\"\" data-image-caption=\"\" data-large-file=\"https:\/\/i0.wp.com\/kalot.com.mx\/site\/wp-content\/uploads\/2013\/09\/KODAK-2.jpg?fit=579%2C309&amp;ssl=1\" class=\"size-medium wp-image-523 aligncenter\" alt=\"KODAK 2\" src=\"https:\/\/i0.wp.com\/www.kalot.com.mx\/wp-content\/uploads\/2013\/09\/KODAK-2-300x160.jpg?resize=356%2C189\" width=\"356\" height=\"189\" srcset=\"https:\/\/i0.wp.com\/kalot.com.mx\/site\/wp-content\/uploads\/2013\/09\/KODAK-2.jpg?resize=300%2C160&amp;ssl=1 300w, https:\/\/i0.wp.com\/kalot.com.mx\/site\/wp-content\/uploads\/2013\/09\/KODAK-2.jpg?w=579&amp;ssl=1 579w\" sizes=\"(max-width: 356px) 100vw, 356px\" \/><\/a><\/p>\n<p style=\"text-align: justify\">El d\u00eda de hoy Kodak anunci\u00f3 que sali\u00f3 de la bancarrota temporal\u00a0 declarada por la empresa\u00a0 en el a\u00f1o 2012; ahora se dedicar\u00e1 a servicios diferentes, dejando atr\u00e1s aquellos productos que le resultaron de gran utilidad.<\/p>\n<p style=\"text-align: justify\">Recordamos a la firma como una de las empresas con mayor solidez en el mercado de la fotograf\u00eda. La innovaci\u00f3n fue un punto que la marca manejaba de buena manera, pero la era digital fue el inicio del fin para la empresa; a pesar de ser uno de los pioneros en la fotograf\u00eda digital, en mi opini\u00f3n creo que falto un poco de agresividad en el mercado, ya la empresa mantuvo en segundo plano las cuestiones digitales, enfocando la totalidad de sus esfuerzos en la \u00a0fotograf\u00eda an\u00e1loga; no conozco la raz\u00f3n que est\u00e1 detr\u00e1s de su estrategia (tal vez por miedo a llegar a una canibalizaci\u00f3n en sus productos, o simplemente porque lo que ven\u00edan haciendo les estaba dando buen resultado) pero est\u00e1 claro que fue una etapa clave que marcar el declive de la marca.<\/p>\n<p style=\"text-align: justify\">Para el mes de enero de 2012 Kodak se declar\u00f3 en bancarrota temporal, anunciando la suspensi\u00f3n de sus pagos, con el objetivo de lograr una reestructuraci\u00f3n.\u00a0 Este paso no fue sencillo ya que le tom\u00f3 m\u00e1s de a\u00f1o y medio para volver\u00a0 a lograr una estabilidad, el financiamiento y la venta de alguna de sus patentes a clientes como Google y Apple son algunas de las medidas que la compa\u00f1\u00eda implemento para poder resurgir en el mercado.<\/p>\n<p style=\"text-align: justify\">Como parte de sus cambios destaca que la empresa se enfocar\u00e1 en un futuro en gran parte al sector industrial ofreciendo a empresas los servicios de comunicaci\u00f3n gr\u00e1fica, Packaging, impresi\u00f3n y servicios profesionales, esto debido a que se tuvieron que cerrar muchos departamentos que estaban enfocados para la venta hacia un consumidor final (como la divisi\u00f3n de c\u00e1maras digitales).<\/p>\n<p style=\"text-align: justify\">Habr\u00e1 que esperar si la estrategia de Kodak da resultado, en un futuro sabremos si el gigante amarillo logra tomar esa posici\u00f3n en el mercado que por mucho tiempo mantuvo vigente.<\/p>\n","protected":false},"excerpt":{"rendered":"El d\u00eda de hoy Kodak anunci\u00f3 que sali\u00f3 de la bancarrota temporal\u00a0 declarada por la empresa\u00a0 en el&hellip;\n","protected":false},"author":7,"featured_media":522,"comment_status":"open","ping_status":"open","sticky":false,"template":"","format":"standard","meta":{"jetpack_post_was_ever_published":false,"_jetpack_newsletter_access":"","_jetpack_dont_email_post_to_subs":false,"_jetpack_newsletter_tier_id":0,"_jetpack_memberships_contains_paywalled_content":false,"_jetpack_memberships_contains_paid_content":false,"footnotes":"","jetpack_publicize_message":"","jetpack_publicize_feature_enabled":true,"jetpack_social_post_already_shared":true,"jetpack_social_options":{"image_generator_settings":{"template":"highway","default_image_id":0,"font":"","enabled":false},"version":2}},"categories":[],"tags":[],"class_list":{"0":"post-521","1":"post","2":"type-post","3":"status-publish","4":"format-standard","5":"has-post-thumbnail","7":"cs-entry","8":"cs-video-wrap"},"yoast_head":"<!-- This site is optimized with the Yoast SEO plugin v27.5 - https:\/\/yoast.com\/product\/yoast-seo-wordpress\/ -->\n<title>Kodak deja atr\u00e1s la bancarrota, ahora se centrara en el servicio de la impresi\u00f3n comercial - Kalot<\/title>\n<meta name=\"description\" content=\"El d\u00eda de hoy Kodak anunci\u00f3 que sali\u00f3 de la bancarrota temporal\u00a0 declarada por la empresa\u00a0 en el a\u00f1o 2012; ahora se dedicar\u00e1 a servicios diferentes,\" \/>\n<meta name=\"robots\" content=\"index, follow, max-snippet:-1, max-image-preview:large, max-video-preview:-1\" \/>\n<link rel=\"canonical\" href=\"https:\/\/kalot.com.mx\/site\/2013\/09\/04\/kodak-deja-atras-la-bancarrota-ahora-se-centrara-en-el-servicio-de-la-impresion-comercial\/\" \/>\n<meta property=\"og:locale\" content=\"es_MX\" \/>\n<meta property=\"og:type\" content=\"article\" \/>\n<meta property=\"og:title\" content=\"Kodak deja atr\u00e1s la bancarrota, ahora se centrara en el servicio de la impresi\u00f3n comercial - Kalot\" \/>\n<meta property=\"og:description\" content=\"El d\u00eda de hoy Kodak anunci\u00f3 que sali\u00f3 de la bancarrota temporal\u00a0 declarada por la empresa\u00a0 en el a\u00f1o 2012; ahora se dedicar\u00e1 a servicios diferentes,\" \/>\n<meta property=\"og:url\" content=\"https:\/\/kalot.com.mx\/site\/2013\/09\/04\/kodak-deja-atras-la-bancarrota-ahora-se-centrara-en-el-servicio-de-la-impresion-comercial\/\" \/>\n<meta property=\"og:site_name\" content=\"Kalot\" \/>\n<meta property=\"article:publisher\" content=\"http:\/\/facebook.com\/mxkalot\" \/>\n<meta property=\"article:author\" content=\"https:\/\/www.facebook.com\/edgar.villanueva.rdz\" \/>\n<meta property=\"article:published_time\" content=\"2013-09-04T06:27:57+00:00\" \/>\n<meta property=\"article:modified_time\" content=\"2013-09-08T18:25:14+00:00\" \/>\n<meta property=\"og:image\" content=\"https:\/\/i1.wp.com\/kalot.com.mx\/site\/wp-content\/uploads\/2013\/09\/KODAK-1.jpg?fit=1594%2C653&ssl=1\" \/>\n\t<meta property=\"og:image:width\" content=\"1594\" \/>\n\t<meta property=\"og:image:height\" content=\"653\" \/>\n\t<meta property=\"og:image:type\" content=\"image\/jpeg\" \/>\n<meta name=\"author\" content=\"Edgar Villanueva\" \/>\n<meta name=\"twitter:card\" content=\"summary_large_image\" \/>\n<meta name=\"twitter:creator\" content=\"@VRedgarIvan\" \/>\n<meta name=\"twitter:site\" content=\"@kalotmx\" \/>\n<meta name=\"twitter:label1\" content=\"Escrito por\" \/>\n\t<meta name=\"twitter:data1\" content=\"Edgar Villanueva\" \/>\n\t<meta name=\"twitter:label2\" content=\"Tiempo de lectura\" \/>\n\t<meta name=\"twitter:data2\" content=\"2 minutos\" \/>\n<!-- \/ Yoast SEO plugin. -->","yoast_head_json":{"title":"Kodak deja atr\u00e1s la bancarrota, ahora se centrara en el servicio de la impresi\u00f3n comercial - Kalot","description":"El d\u00eda de hoy Kodak anunci\u00f3 que sali\u00f3 de la bancarrota temporal\u00a0 declarada por la empresa\u00a0 en el a\u00f1o 2012; ahora se dedicar\u00e1 a servicios diferentes,","robots":{"index":"index","follow":"follow","max-snippet":"max-snippet:-1","max-image-preview":"max-image-preview:large","max-video-preview":"max-video-preview:-1"},"canonical":"https:\/\/kalot.com.mx\/site\/2013\/09\/04\/kodak-deja-atras-la-bancarrota-ahora-se-centrara-en-el-servicio-de-la-impresion-comercial\/","og_locale":"es_MX","og_type":"article","og_title":"Kodak deja atr\u00e1s la bancarrota, ahora se centrara en el servicio de la impresi\u00f3n comercial - Kalot","og_description":"El d\u00eda de hoy Kodak anunci\u00f3 que sali\u00f3 de la bancarrota temporal\u00a0 declarada por la empresa\u00a0 en el a\u00f1o 2012; ahora se dedicar\u00e1 a servicios diferentes,","og_url":"https:\/\/kalot.com.mx\/site\/2013\/09\/04\/kodak-deja-atras-la-bancarrota-ahora-se-centrara-en-el-servicio-de-la-impresion-comercial\/","og_site_name":"Kalot","article_publisher":"http:\/\/facebook.com\/mxkalot","article_author":"https:\/\/www.facebook.com\/edgar.villanueva.rdz","article_published_time":"2013-09-04T06:27:57+00:00","article_modified_time":"2013-09-08T18:25:14+00:00","og_image":[{"width":1594,"height":653,"url":"https:\/\/i1.wp.com\/kalot.com.mx\/site\/wp-content\/uploads\/2013\/09\/KODAK-1.jpg?fit=1594%2C653&ssl=1","type":"image\/jpeg"}],"author":"Edgar Villanueva","twitter_card":"summary_large_image","twitter_creator":"@VRedgarIvan","twitter_site":"@kalotmx","twitter_misc":{"Escrito por":"Edgar Villanueva","Tiempo de lectura":"2 minutos"},"schema":{"@context":"https:\/\/schema.org","@graph":[{"@type":"Article","@id":"https:\/\/kalot.com.mx\/site\/2013\/09\/04\/kodak-deja-atras-la-bancarrota-ahora-se-centrara-en-el-servicio-de-la-impresion-comercial\/#article","isPartOf":{"@id":"https:\/\/kalot.com.mx\/site\/2013\/09\/04\/kodak-deja-atras-la-bancarrota-ahora-se-centrara-en-el-servicio-de-la-impresion-comercial\/"},"author":{"name":"Edgar Villanueva","@id":"https:\/\/kalot.com.mx\/site\/#\/schema\/person\/2a950859b779871682d568e483d6daf1"},"headline":"Kodak deja atr\u00e1s la bancarrota, ahora se centrara en el servicio de la impresi\u00f3n comercial","datePublished":"2013-09-04T06:27:57+00:00","dateModified":"2013-09-08T18:25:14+00:00","mainEntityOfPage":{"@id":"https:\/\/kalot.com.mx\/site\/2013\/09\/04\/kodak-deja-atras-la-bancarrota-ahora-se-centrara-en-el-servicio-de-la-impresion-comercial\/"},"wordCount":378,"commentCount":0,"publisher":{"@id":"https:\/\/kalot.com.mx\/site\/#organization"},"image":{"@id":"https:\/\/kalot.com.mx\/site\/2013\/09\/04\/kodak-deja-atras-la-bancarrota-ahora-se-centrara-en-el-servicio-de-la-impresion-comercial\/#primaryimage"},"thumbnailUrl":"https:\/\/i0.wp.com\/kalot.com.mx\/site\/wp-content\/uploads\/2013\/09\/KODAK-1.jpg?fit=1594%2C653&ssl=1","inLanguage":"es","potentialAction":[{"@type":"CommentAction","name":"Comment","target":["https:\/\/kalot.com.mx\/site\/2013\/09\/04\/kodak-deja-atras-la-bancarrota-ahora-se-centrara-en-el-servicio-de-la-impresion-comercial\/#respond"]}]},{"@type":"WebPage","@id":"https:\/\/kalot.com.mx\/site\/2013\/09\/04\/kodak-deja-atras-la-bancarrota-ahora-se-centrara-en-el-servicio-de-la-impresion-comercial\/","url":"https:\/\/kalot.com.mx\/site\/2013\/09\/04\/kodak-deja-atras-la-bancarrota-ahora-se-centrara-en-el-servicio-de-la-impresion-comercial\/","name":"Kodak deja atr\u00e1s la bancarrota, ahora se centrara en el servicio de la impresi\u00f3n comercial - Kalot","isPartOf":{"@id":"https:\/\/kalot.com.mx\/site\/#website"},"primaryImageOfPage":{"@id":"https:\/\/kalot.com.mx\/site\/2013\/09\/04\/kodak-deja-atras-la-bancarrota-ahora-se-centrara-en-el-servicio-de-la-impresion-comercial\/#primaryimage"},"image":{"@id":"https:\/\/kalot.com.mx\/site\/2013\/09\/04\/kodak-deja-atras-la-bancarrota-ahora-se-centrara-en-el-servicio-de-la-impresion-comercial\/#primaryimage"},"thumbnailUrl":"https:\/\/i0.wp.com\/kalot.com.mx\/site\/wp-content\/uploads\/2013\/09\/KODAK-1.jpg?fit=1594%2C653&ssl=1","datePublished":"2013-09-04T06:27:57+00:00","dateModified":"2013-09-08T18:25:14+00:00","description":"El d\u00eda de hoy Kodak anunci\u00f3 que sali\u00f3 de la bancarrota temporal\u00a0 declarada por la empresa\u00a0 en el a\u00f1o 2012; ahora se dedicar\u00e1 a servicios diferentes,","breadcrumb":{"@id":"https:\/\/kalot.com.mx\/site\/2013\/09\/04\/kodak-deja-atras-la-bancarrota-ahora-se-centrara-en-el-servicio-de-la-impresion-comercial\/#breadcrumb"},"inLanguage":"es","potentialAction":[{"@type":"ReadAction","target":["https:\/\/kalot.com.mx\/site\/2013\/09\/04\/kodak-deja-atras-la-bancarrota-ahora-se-centrara-en-el-servicio-de-la-impresion-comercial\/"]}]},{"@type":"ImageObject","inLanguage":"es","@id":"https:\/\/kalot.com.mx\/site\/2013\/09\/04\/kodak-deja-atras-la-bancarrota-ahora-se-centrara-en-el-servicio-de-la-impresion-comercial\/#primaryimage","url":"https:\/\/i0.wp.com\/kalot.com.mx\/site\/wp-content\/uploads\/2013\/09\/KODAK-1.jpg?fit=1594%2C653&ssl=1","contentUrl":"https:\/\/i0.wp.com\/kalot.com.mx\/site\/wp-content\/uploads\/2013\/09\/KODAK-1.jpg?fit=1594%2C653&ssl=1","width":1594,"height":653},{"@type":"BreadcrumbList","@id":"https:\/\/kalot.com.mx\/site\/2013\/09\/04\/kodak-deja-atras-la-bancarrota-ahora-se-centrara-en-el-servicio-de-la-impresion-comercial\/#breadcrumb","itemListElement":[{"@type":"ListItem","position":1,"name":"Home","item":"https:\/\/kalot.com.mx\/site\/"},{"@type":"ListItem","position":2,"name":"Kodak deja atr\u00e1s la bancarrota, ahora se centrara en el servicio de la impresi\u00f3n comercial"}]},{"@type":"WebSite","@id":"https:\/\/kalot.com.mx\/site\/#website","url":"https:\/\/kalot.com.mx\/site\/","name":"Kalot","description":"Conoce Todo Sobre Todo","publisher":{"@id":"https:\/\/kalot.com.mx\/site\/#organization"},"potentialAction":[{"@type":"SearchAction","target":{"@type":"EntryPoint","urlTemplate":"https:\/\/kalot.com.mx\/site\/?s={search_term_string}"},"query-input":{"@type":"PropertyValueSpecification","valueRequired":true,"valueName":"search_term_string"}}],"inLanguage":"es"},{"@type":"Organization","@id":"https:\/\/kalot.com.mx\/site\/#organization","name":"Kalot","url":"https:\/\/kalot.com.mx\/site\/","logo":{"@type":"ImageObject","inLanguage":"es","@id":"https:\/\/kalot.com.mx\/site\/#\/schema\/logo\/image\/","url":"https:\/\/i0.wp.com\/kalot.com.mx\/site\/wp-content\/uploads\/2020\/04\/Kalot-logo-sin-tagline.png?fit=1707%2C1014&ssl=1","contentUrl":"https:\/\/i0.wp.com\/kalot.com.mx\/site\/wp-content\/uploads\/2020\/04\/Kalot-logo-sin-tagline.png?fit=1707%2C1014&ssl=1","width":1707,"height":1014,"caption":"Kalot"},"image":{"@id":"https:\/\/kalot.com.mx\/site\/#\/schema\/logo\/image\/"},"sameAs":["http:\/\/facebook.com\/mxkalot","https:\/\/x.com\/kalotmx","http:\/\/instagram.com\/kalotmx","http:\/\/pinterest.com\/jorgeerana\/kalot"]},{"@type":"Person","@id":"https:\/\/kalot.com.mx\/site\/#\/schema\/person\/2a950859b779871682d568e483d6daf1","name":"Edgar Villanueva","image":{"@type":"ImageObject","inLanguage":"es","@id":"https:\/\/secure.gravatar.com\/avatar\/63550c9e1cbf01c9670d3ff383179c0fbffa30342fc5d8f1967132498e9add09?s=96&d=mm&r=g","url":"https:\/\/secure.gravatar.com\/avatar\/63550c9e1cbf01c9670d3ff383179c0fbffa30342fc5d8f1967132498e9add09?s=96&d=mm&r=g","contentUrl":"https:\/\/secure.gravatar.com\/avatar\/63550c9e1cbf01c9670d3ff383179c0fbffa30342fc5d8f1967132498e9add09?s=96&d=mm&r=g","caption":"Edgar Villanueva"},"description":"Estudiante de Mercadotecnia Internacional en la UPSLP La m\u00fasica, la lectura y la mercadotecnia son las pasiones que marcan mis d\u00edas.","sameAs":["https:\/\/www.facebook.com\/edgar.villanueva.rdz","https:\/\/x.com\/VRedgarIvan"],"url":"https:\/\/kalot.com.mx\/site\/author\/edgarivan\/"}]}},"jetpack_publicize_connections":[],"jetpack_featured_media_url":"https:\/\/i0.wp.com\/kalot.com.mx\/site\/wp-content\/uploads\/2013\/09\/KODAK-1.jpg?fit=1594%2C653&ssl=1","jetpack_shortlink":"https:\/\/wp.me\/p6IHEI-8p","jetpack-related-posts":[{"id":6603,"url":"https:\/\/kalot.com.mx\/site\/2013\/11\/17\/blockbuster-cuando-el-mercado-exige-una-evolucion\/","url_meta":{"origin":521,"position":0},"title":"Blockbuster: cuando el mercado exige una evoluci\u00f3n","author":"Edgar Villanueva","date":"17 noviembre, 2013","format":false,"excerpt":"En el presente mes, \u00a0la empresa estadounidense anunci\u00f3\u00a0 que para principios de 2014 se cerrar\u00e1n las ultimas 300 sucursales estaan operando en Estados Unidos\u00a0 (de las mas de 4000 que se llegaron a tener activas). Existen dos puntos importantes que demuestran que Bluckbuster esta atravesando por una evoluci\u00f3n;\u00a0 el primero\u2026","rel":"","context":"En &quot;Sin categor\u00eda&quot;","block_context":{"text":"Sin categor\u00eda","link":"https:\/\/kalot.com.mx\/site\/category\/sin-categoria\/"},"img":{"alt_text":"","src":"https:\/\/i0.wp.com\/kalot.com.mx\/site\/wp-content\/uploads\/2013\/11\/blockbuster-store-closing.jpg?fit=480%2C360&ssl=1&resize=350%2C200","width":350,"height":200},"classes":[]},{"id":7859,"url":"https:\/\/kalot.com.mx\/site\/2013\/12\/15\/instagram-direct-compitiendo-por-la-privacidad-de-los-usuarios\/","url_meta":{"origin":521,"position":1},"title":"Instagram Direct, compitiendo por la privacidad de los usuarios","author":"Edgar Villanueva","date":"15 diciembre, 2013","format":false,"excerpt":"Esta semana la firma estadounidense anunci\u00f3 la llegada de Instagram Direct, un sistema de mensajer\u00eda que complementa a su servicio principal y que\u00a0 permite a los usuarios enviar texto, video y fotograf\u00edas de manera privada. \u00a0A pesar de que los mensajes deben iniciar con una fotograf\u00eda, el CEO de la\u2026","rel":"","context":"Entrada similar ","block_context":{"text":"Entrada similar ","link":""},"img":{"alt_text":"","src":"https:\/\/i0.wp.com\/kalot.com.mx\/site\/wp-content\/uploads\/2013\/12\/instagram-direct-970x0.jpg?fit=970%2C646&ssl=1&resize=350%2C200","width":350,"height":200,"srcset":"https:\/\/i0.wp.com\/kalot.com.mx\/site\/wp-content\/uploads\/2013\/12\/instagram-direct-970x0.jpg?fit=970%2C646&ssl=1&resize=350%2C200 1x, https:\/\/i0.wp.com\/kalot.com.mx\/site\/wp-content\/uploads\/2013\/12\/instagram-direct-970x0.jpg?fit=970%2C646&ssl=1&resize=525%2C300 1.5x, https:\/\/i0.wp.com\/kalot.com.mx\/site\/wp-content\/uploads\/2013\/12\/instagram-direct-970x0.jpg?fit=970%2C646&ssl=1&resize=700%2C400 2x"},"classes":[]},{"id":5385,"url":"https:\/\/kalot.com.mx\/site\/2013\/11\/01\/blackberry-messenger-bbm-vs-whatsapp-cual-debo-escoger\/","url_meta":{"origin":521,"position":2},"title":"BlackBerry Messenger BBM vs Whatsapp, \u00bfcu\u00e1l debo escoger?","author":"Jorge Era\u00f1a","date":"1 noviembre, 2013","format":false,"excerpt":"Hola qu\u00e9 tal Kalochos y Kalochas, seguramente en las \u00faltimas semanas has escuchado mucho acerca de BBM, el regreso del gran BlackBerry Messenger. Para los que no lo han conocido les comento, BBM fue la aplicaci\u00f3n de mensajer\u00eda pionera en los smartphones, ya sabemos que Blackberry fue de los primeros\u2026","rel":"","context":"Entrada similar ","block_context":{"text":"Entrada similar ","link":""},"img":{"alt_text":"","src":"https:\/\/i0.wp.com\/kalot.com.mx\/site\/wp-content\/uploads\/2013\/10\/BBM.jpg?fit=618%2C363&ssl=1&resize=350%2C200","width":350,"height":200,"srcset":"https:\/\/i0.wp.com\/kalot.com.mx\/site\/wp-content\/uploads\/2013\/10\/BBM.jpg?fit=618%2C363&ssl=1&resize=350%2C200 1x, https:\/\/i0.wp.com\/kalot.com.mx\/site\/wp-content\/uploads\/2013\/10\/BBM.jpg?fit=618%2C363&ssl=1&resize=525%2C300 1.5x"},"classes":[]},{"id":15458,"url":"https:\/\/kalot.com.mx\/site\/2014\/04\/26\/encuentran-cartuchos-de-e-t-para-atari-enterrados-en-nuevo-mexico\/","url_meta":{"origin":521,"position":3},"title":"Encuentran cartuchos de E.T para Atari enterrados en Nuevo M\u00e9xico","author":"Omar Herrera","date":"26 abril, 2014","format":false,"excerpt":"Si son fan\u00e1ticos de los videojuegos de seguro han escuchado ciertas leyendas o mitos urbanos que con el paso de los a\u00f1os y en ocasiones dif\u00edciles de comprobar se han vuelto parte de la cultura pop en la industria. Entre las m\u00e1s famosas leyendas podemos mencionar algunas como: Mario Bros.\u2026","rel":"","context":"Entrada similar ","block_context":{"text":"Entrada similar ","link":""},"img":{"alt_text":"","src":"https:\/\/i0.wp.com\/kalot.com.mx\/site\/wp-content\/uploads\/2014\/04\/222.jpg?fit=640%2C640&ssl=1&resize=350%2C200","width":350,"height":200,"srcset":"https:\/\/i0.wp.com\/kalot.com.mx\/site\/wp-content\/uploads\/2014\/04\/222.jpg?fit=640%2C640&ssl=1&resize=350%2C200 1x, https:\/\/i0.wp.com\/kalot.com.mx\/site\/wp-content\/uploads\/2014\/04\/222.jpg?fit=640%2C640&ssl=1&resize=525%2C300 1.5x"},"classes":[]},{"id":12650,"url":"https:\/\/kalot.com.mx\/site\/2014\/02\/27\/boeing-black-el-smartphone-que-se-autodestruye\/","url_meta":{"origin":521,"position":4},"title":"Boeing Black, el smartphone que se autodestruye","author":"Martha Navarro","date":"27 febrero, 2014","format":false,"excerpt":"Hoy en d\u00eda contar con un celular que tenga las aplicaciones m\u00e1s avanzadas esta a pasos peque\u00f1os de convertirse en realidades ya que cada d\u00eda, a cada hora, minuto e incluso segundo se crea una nueva aplicaci\u00f3n cada vez mejorada para buscar satisfacer las necesidades de los usuarios que cada\u2026","rel":"","context":"En &quot;Sin categor\u00eda&quot;","block_context":{"text":"Sin categor\u00eda","link":"https:\/\/kalot.com.mx\/site\/category\/sin-categoria\/"},"img":{"alt_text":"","src":"https:\/\/i0.wp.com\/kalot.com.mx\/site\/wp-content\/uploads\/2014\/02\/boeing-black-render.jpg?fit=800%2C600&ssl=1&resize=350%2C200","width":350,"height":200,"srcset":"https:\/\/i0.wp.com\/kalot.com.mx\/site\/wp-content\/uploads\/2014\/02\/boeing-black-render.jpg?fit=800%2C600&ssl=1&resize=350%2C200 1x, https:\/\/i0.wp.com\/kalot.com.mx\/site\/wp-content\/uploads\/2014\/02\/boeing-black-render.jpg?fit=800%2C600&ssl=1&resize=525%2C300 1.5x, https:\/\/i0.wp.com\/kalot.com.mx\/site\/wp-content\/uploads\/2014\/02\/boeing-black-render.jpg?fit=800%2C600&ssl=1&resize=700%2C400 2x"},"classes":[]},{"id":4073,"url":"https:\/\/kalot.com.mx\/site\/2013\/10\/15\/blackberry-busca-calmar-el-mercado-con-una-carta\/","url_meta":{"origin":521,"position":5},"title":"BlackBerry busca calmar el mercado con una carta","author":"Samuel Arriaga","date":"15 octubre, 2013","format":false,"excerpt":"BlackBerry es una marca de tel\u00e9fonos inteligentes, de origen canadiense, conocida por su teclado QWERTY, y por integrar al famoso servicio de mensajer\u00eda instant\u00e1nea BlackBerry Messenger con la que logro cifras de suscriptores nunca antes vistas. Mucho se ha estado hablando en estas semanas sobre la ca\u00edda de la empresa\u2026","rel":"","context":"Con 2 comentarios","block_context":{"text":"Con 2 comentarios","link":"https:\/\/kalot.com.mx\/site\/2013\/10\/15\/blackberry-busca-calmar-el-mercado-con-una-carta\/#comments"},"img":{"alt_text":"","src":"https:\/\/i0.wp.com\/kalot.com.mx\/site\/wp-content\/uploads\/2013\/10\/Blackberry-.jpg?fit=1200%2C600&ssl=1&resize=350%2C200","width":350,"height":200,"srcset":"https:\/\/i0.wp.com\/kalot.com.mx\/site\/wp-content\/uploads\/2013\/10\/Blackberry-.jpg?fit=1200%2C600&ssl=1&resize=350%2C200 1x, https:\/\/i0.wp.com\/kalot.com.mx\/site\/wp-content\/uploads\/2013\/10\/Blackberry-.jpg?fit=1200%2C600&ssl=1&resize=525%2C300 1.5x, https:\/\/i0.wp.com\/kalot.com.mx\/site\/wp-content\/uploads\/2013\/10\/Blackberry-.jpg?fit=1200%2C600&ssl=1&resize=700%2C400 2x, https:\/\/i0.wp.com\/kalot.com.mx\/site\/wp-content\/uploads\/2013\/10\/Blackberry-.jpg?fit=1200%2C600&ssl=1&resize=1050%2C600 3x"},"classes":[]}],"jetpack_sharing_enabled":true,"_links":{"self":[{"href":"https:\/\/kalot.com.mx\/site\/wp-json\/wp\/v2\/posts\/521","targetHints":{"allow":["GET"]}}],"collection":[{"href":"https:\/\/kalot.com.mx\/site\/wp-json\/wp\/v2\/posts"}],"about":[{"href":"https:\/\/kalot.com.mx\/site\/wp-json\/wp\/v2\/types\/post"}],"author":[{"embeddable":true,"href":"https:\/\/kalot.com.mx\/site\/wp-json\/wp\/v2\/users\/7"}],"replies":[{"embeddable":true,"href":"https:\/\/kalot.com.mx\/site\/wp-json\/wp\/v2\/comments?post=521"}],"version-history":[{"count":0,"href":"https:\/\/kalot.com.mx\/site\/wp-json\/wp\/v2\/posts\/521\/revisions"}],"wp:featuredmedia":[{"embeddable":true,"href":"https:\/\/kalot.com.mx\/site\/wp-json\/wp\/v2\/media\/522"}],"wp:attachment":[{"href":"https:\/\/kalot.com.mx\/site\/wp-json\/wp\/v2\/media?parent=521"}],"wp:term":[{"taxonomy":"category","embeddable":true,"href":"https:\/\/kalot.com.mx\/site\/wp-json\/wp\/v2\/categories?post=521"},{"taxonomy":"post_tag","embeddable":true,"href":"https:\/\/kalot.com.mx\/site\/wp-json\/wp\/v2\/tags?post=521"}],"curies":[{"name":"wp","href":"https:\/\/api.w.org\/{rel}","templated":true}]}}