{"id":5201,"date":"2013-10-30T02:44:23","date_gmt":"2013-10-30T08:44:23","guid":{"rendered":"http:\/\/www.kalot.com.mx\/?p=5201"},"modified":"2017-12-20T15:54:37","modified_gmt":"2017-12-20T21:54:37","slug":"walking-dead-4x03-isolation-resena","status":"publish","type":"post","link":"https:\/\/kalot.com.mx\/site\/2013\/10\/30\/walking-dead-4x03-isolation-resena\/","title":{"rendered":"The Walking Dead 4\u00d703 \u201cIsolation\u201d [RESE\u00d1A]"},"content":{"rendered":"<p style=\"text-align: justify\"><em><strong>Esta rese\u00f1a puede contener algunos spoilers<\/strong><\/em><\/p>\n<p style=\"text-align: justify\">La prisi\u00f3n <strong>ya no es segura<\/strong>. Como podemos ver en este nuevo episodio y despu\u00e9s de los acontecimientos de <a title=\"4\u00d702 \u201cInfected\u201d\" href=\"http:\/\/www.kalot.com.mx\/2013\/10\/22\/walking-dead-4x02-infected\/\">4\u00d702 \u201cInfected\u201d<\/a>, los <strong>sobrevivientes<\/strong> cada vez son menos y <strong>m\u00e1s propensos<\/strong> al brote de <strong>virus<\/strong> que se presentan como s\u00edntomas de una gripe pero m\u00e1s agraviada.<\/p>\n<p style=\"text-align: justify\"><strong>Tyreese<\/strong> se encuentra ante la sorpresa de encontrar los <strong>cad\u00e1veres<\/strong> calcinados de <strong>Karen y David<\/strong>, por lo que exige a <strong>Rick<\/strong> una explicaci\u00f3n sobre qu\u00e9 es lo que pasa; ambos reaccionan<strong> violentamente<\/strong> ante el <strong>estado de shock<\/strong> en el que se encuentran.<\/p>\n<p style=\"text-align: center\"><a href=\"https:\/\/i0.wp.com\/www.kalot.com.mx\/wp-content\/uploads\/2013\/10\/The-Walking-Dead-Isolation-Critica-4x03-5.jpg\"><img data-recalc-dims=\"1\" fetchpriority=\"high\" decoding=\"async\" data-attachment-id=\"14539\" data-permalink=\"https:\/\/kalot.com.mx\/site\/2013\/10\/30\/walking-dead-4x03-isolation-resena\/the-walking-dead-isolation-critica-4x03-5\/\" data-orig-file=\"https:\/\/i0.wp.com\/kalot.com.mx\/site\/wp-content\/uploads\/2013\/10\/The-Walking-Dead-Isolation-Critica-4x03-5.jpg?fit=1000%2C665&ssl=1\" data-orig-size=\"1000,665\" data-comments-opened=\"1\" data-image-meta=\"{&quot;aperture&quot;:&quot;2.8&quot;,&quot;credit&quot;:&quot;Gene Page\/AMC&quot;,&quot;camera&quot;:&quot;NIKON D700&quot;,&quot;caption&quot;:&quot;Carol (Melissa Suzanne McBride), Rick Grimes (Andrew Lincoln) and Tyreese (Chad Coleman) - The Walking Dead _ Season 4, Episode 3 - Photo Credit: Gene Page\/AMC&quot;,&quot;created_timestamp&quot;:&quot;1369908432&quot;,&quot;copyright&quot;:&quot;&quot;,&quot;focal_length&quot;:&quot;78&quot;,&quot;iso&quot;:&quot;500&quot;,&quot;shutter_speed&quot;:&quot;0.00125&quot;,&quot;title&quot;:&quot;&quot;,&quot;orientation&quot;:&quot;1&quot;}\" data-image-title=\"The-Walking-Dead-Isolation-Critica-4&#215;03-5\" data-image-description=\"<p>Carol (Melissa Suzanne McBride), Rick Grimes (Andrew Lincoln) and Tyreese (Chad Coleman) &#8211; The Walking Dead _ Season 4, Episode 3 &#8211; Photo Credit: Gene Page\/AMC<\/p>\n\" data-image-caption=\"\" data-large-file=\"https:\/\/i0.wp.com\/kalot.com.mx\/site\/wp-content\/uploads\/2013\/10\/The-Walking-Dead-Isolation-Critica-4x03-5.jpg?fit=1000%2C665&ssl=1\" class=\"aligncenter  wp-image-14539\" alt=\"The-Walking-Dead-Isolation-Critica-4x03-5\" src=\"https:\/\/i0.wp.com\/www.kalot.com.mx\/wp-content\/uploads\/2013\/10\/The-Walking-Dead-Isolation-Critica-4x03-5.jpg?resize=800%2C532\" width=\"800\" height=\"532\" srcset=\"https:\/\/i0.wp.com\/kalot.com.mx\/site\/wp-content\/uploads\/2013\/10\/The-Walking-Dead-Isolation-Critica-4x03-5.jpg?w=1000&ssl=1 1000w, https:\/\/i0.wp.com\/kalot.com.mx\/site\/wp-content\/uploads\/2013\/10\/The-Walking-Dead-Isolation-Critica-4x03-5.jpg?resize=768%2C511&ssl=1 768w, https:\/\/i0.wp.com\/kalot.com.mx\/site\/wp-content\/uploads\/2013\/10\/The-Walking-Dead-Isolation-Critica-4x03-5.jpg?resize=380%2C253&ssl=1 380w, https:\/\/i0.wp.com\/kalot.com.mx\/site\/wp-content\/uploads\/2013\/10\/The-Walking-Dead-Isolation-Critica-4x03-5.jpg?resize=800%2C532&ssl=1 800w, https:\/\/i0.wp.com\/kalot.com.mx\/site\/wp-content\/uploads\/2013\/10\/The-Walking-Dead-Isolation-Critica-4x03-5.jpg?resize=300%2C200&ssl=1 300w, https:\/\/i0.wp.com\/kalot.com.mx\/site\/wp-content\/uploads\/2013\/10\/The-Walking-Dead-Isolation-Critica-4x03-5.jpg?resize=810%2C539&ssl=1 810w\" sizes=\"(max-width: 800px) 100vw, 800px\" \/><\/a><\/p>\n<p style=\"text-align: justify\">Los habitantes de la<strong> prisi\u00f3n de Woodbury<\/strong> se encuentran ahora <strong>expuestos<\/strong> al virus que se ha propagado y ahora todos deber\u00e1n permanecer en <strong>cuarentena<\/strong>, al menos hasta que <strong>Daryl y compa\u00f1\u00eda<\/strong> vayan a conseguir <strong>antibi\u00f3ticos<\/strong> a la enfermer\u00eda de la Universidad m\u00e1s cercana que se encuentra a <strong>80 km<\/strong> de su ubicaci\u00f3n.<\/p>\n<p style=\"text-align: justify\"><strong>Rick<\/strong> ahora intenta proteger a <strong>Holly y Carl,<\/strong> por lo que deja a los dem\u00e1s que vayan por los medicamentos mientras se queda a lidiar con que elementos tan b\u00e1sicos como el <strong>agua<\/strong> est\u00e1n <strong>escaseando<\/strong> dentro de las instalaciones.<\/p>\n<p style=\"text-align: justify\">Es en este episodio donde <strong>Carol<\/strong> muestra un protagonismo m\u00e1s sobresaliente, esto debido a que desde los primeros cap\u00edtulos de esta nueva temporada pod\u00edamos visualizar a una Carol <strong>m\u00e1s fuerte y decidida<\/strong> en comparaci\u00f3n con las primeras temporadas en donde era <strong>v\u00edctima<\/strong> del temperamento de su esposo. Esto es muy importante debido a que Carol es uno de los personajes m\u00e1s<strong> reales<\/strong> dentro de la serie; una mujer que ha abierto los ojos ante la<strong> problem\u00e1tica<\/strong> de la situaci\u00f3n, que d\u00eda a d\u00eda carga con m\u00e1s responsabilidades de las que pueda soportar, llegando al<strong> punto de quiebre<\/strong> en el cu\u00e1l el llanto y la desesperaci\u00f3n se hacen presentes, a\u00f1adiendo que al final de este cap\u00edtulo hace<strong> interesantes revelaciones<\/strong> para la trama.<\/p>\n<p style=\"text-align: center\"><a href=\"https:\/\/i0.wp.com\/www.kalot.com.mx\/wp-content\/uploads\/2013\/10\/Carol-The-Walking-Dead-4-Temporada1.jpg\"><img data-recalc-dims=\"1\" decoding=\"async\" data-attachment-id=\"14540\" data-permalink=\"https:\/\/kalot.com.mx\/site\/2013\/10\/30\/walking-dead-4x03-isolation-resena\/carol-the-walking-dead-4-temporada1\/\" data-orig-file=\"https:\/\/i0.wp.com\/kalot.com.mx\/site\/wp-content\/uploads\/2013\/10\/Carol-The-Walking-Dead-4-Temporada1.jpg?fit=995%2C438&ssl=1\" data-orig-size=\"995,438\" data-comments-opened=\"1\" data-image-meta=\"{&quot;aperture&quot;:&quot;0&quot;,&quot;credit&quot;:&quot;&quot;,&quot;camera&quot;:&quot;&quot;,&quot;caption&quot;:&quot;&quot;,&quot;created_timestamp&quot;:&quot;0&quot;,&quot;copyright&quot;:&quot;&quot;,&quot;focal_length&quot;:&quot;0&quot;,&quot;iso&quot;:&quot;0&quot;,&quot;shutter_speed&quot;:&quot;0&quot;,&quot;title&quot;:&quot;&quot;,&quot;orientation&quot;:&quot;1&quot;}\" data-image-title=\"Carol-The-Walking-Dead-4-Temporada1\" data-image-description=\"\" data-image-caption=\"\" data-large-file=\"https:\/\/i0.wp.com\/kalot.com.mx\/site\/wp-content\/uploads\/2013\/10\/Carol-The-Walking-Dead-4-Temporada1.jpg?fit=995%2C438&ssl=1\" class=\"aligncenter  wp-image-14540\" alt=\"Carol-The-Walking-Dead-4-Temporada1\" src=\"https:\/\/i0.wp.com\/www.kalot.com.mx\/wp-content\/uploads\/2013\/10\/Carol-The-Walking-Dead-4-Temporada1.jpg?resize=806%2C355\" width=\"806\" height=\"355\" srcset=\"https:\/\/i0.wp.com\/kalot.com.mx\/site\/wp-content\/uploads\/2013\/10\/Carol-The-Walking-Dead-4-Temporada1.jpg?w=995&ssl=1 995w, https:\/\/i0.wp.com\/kalot.com.mx\/site\/wp-content\/uploads\/2013\/10\/Carol-The-Walking-Dead-4-Temporada1.jpg?resize=768%2C338&ssl=1 768w, https:\/\/i0.wp.com\/kalot.com.mx\/site\/wp-content\/uploads\/2013\/10\/Carol-The-Walking-Dead-4-Temporada1.jpg?resize=380%2C167&ssl=1 380w, https:\/\/i0.wp.com\/kalot.com.mx\/site\/wp-content\/uploads\/2013\/10\/Carol-The-Walking-Dead-4-Temporada1.jpg?resize=800%2C352&ssl=1 800w, https:\/\/i0.wp.com\/kalot.com.mx\/site\/wp-content\/uploads\/2013\/10\/Carol-The-Walking-Dead-4-Temporada1.jpg?resize=300%2C132&ssl=1 300w, https:\/\/i0.wp.com\/kalot.com.mx\/site\/wp-content\/uploads\/2013\/10\/Carol-The-Walking-Dead-4-Temporada1.jpg?resize=810%2C357&ssl=1 810w\" sizes=\"(max-width: 806px) 100vw, 806px\" \/><\/a><\/p>\n<p style=\"text-align: justify\"><strong>Daryl, Todd, Michonne <\/strong>y<strong> Ty<\/strong> encuentran una <strong>transmisi\u00f3n de radio<\/strong> en donde pueden escuchar voces entrecortadas de lo que parecen ser m\u00e1s<strong> sobrevivientes<\/strong> mientras se encuentran de camino por las provisiones, est\u00e1 inminente <strong>distracci\u00f3n<\/strong> resulta en el ataque de una <strong>horda de caminantes<\/strong> por lo cu\u00e1l tendr\u00e1n que abandonar su veh\u00edculo y seguir a pie.<\/p>\n<p style=\"text-align: justify\"><a href=\"https:\/\/i0.wp.com\/www.kalot.com.mx\/wp-content\/uploads\/2013\/10\/episode3_1.jpg\"><img decoding=\"async\" data-attachment-id=\"14541\" data-permalink=\"https:\/\/kalot.com.mx\/site\/2013\/10\/30\/walking-dead-4x03-isolation-resena\/episode3_1\/\" data-orig-file=\"https:\/\/i0.wp.com\/kalot.com.mx\/site\/wp-content\/uploads\/2013\/10\/episode3_1.jpg?fit=595%2C368&ssl=1\" data-orig-size=\"595,368\" data-comments-opened=\"1\" data-image-meta=\"{&quot;aperture&quot;:&quot;0&quot;,&quot;credit&quot;:&quot;&quot;,&quot;camera&quot;:&quot;&quot;,&quot;caption&quot;:&quot;&quot;,&quot;created_timestamp&quot;:&quot;0&quot;,&quot;copyright&quot;:&quot;&quot;,&quot;focal_length&quot;:&quot;0&quot;,&quot;iso&quot;:&quot;0&quot;,&quot;shutter_speed&quot;:&quot;0&quot;,&quot;title&quot;:&quot;&quot;,&quot;orientation&quot;:&quot;0&quot;}\" data-image-title=\"episode3_1\" data-image-description=\"\" data-image-caption=\"\" data-large-file=\"https:\/\/i0.wp.com\/kalot.com.mx\/site\/wp-content\/uploads\/2013\/10\/episode3_1.jpg?fit=595%2C368&ssl=1\" class=\"aligncenter size-full wp-image-14541\" alt=\"episode3_1\" src=\"https:\/\/i2.wp.com\/kalot.com.mx\/site\/wp-content\/uploads\/2013\/08\/20130830-134055.jpg?fit=660%2C371&ssl=1\" width=\"660\" height=\"371\" \/><\/a><\/p>\n<p style=\"text-align: justify\"><strong>Hershel<\/strong> est\u00e1 determinado a seguir <strong>cuidando<\/strong> a los enfermos, esto ante la mirada preocupante de <strong>Maggie<\/strong> y<strong> Beth<\/strong>, quienes prefieren no pensar en la p\u00e9rdida de otro de sus seres queridos. La primera se encuentra preocupada ya que<strong> Glenn<\/strong> ahora tambi\u00e9n presenta los s\u00edntomas de la enfermedad.<\/p>\n<p style=\"text-align: justify\">Un\u00a0 episodio <strong>bastante completo <\/strong>con <strong>actuaciones sobresalientes<\/strong> del viejo <strong>Hersh <\/strong>y la<strong> t\u00eda Carol<\/strong>. La serie avanza a buen paso y no se queda estancada como en temporadas pasadas con <strong>di\u00e1logos extensos y l\u00edneas absurdas<\/strong>. \u00a0Se agradecen las <strong>dosis de acci\u00f3n<\/strong> que se presentan por episodios y se avecinan m\u00e1s situaciones <strong>fuera de la prisi\u00f3n<\/strong> para los siguientes cap\u00edtulos.<\/p>\n<p style=\"text-align: justify\"><strong>\u00bfC\u00f3mo ven kalochos? \u00bfLes est\u00e1 gustando el rumbo que toma la serie?<\/strong> Nos leemos luego.<\/p>\n<p style=\"text-align: justify\">\n","protected":false},"excerpt":{"rendered":"Esta rese\u00f1a puede contener algunos spoilers La prisi\u00f3n ya no es segura. Como podemos ver en este nuevo&hellip;\n","protected":false},"author":18,"featured_media":14542,"comment_status":"open","ping_status":"open","sticky":false,"template":"","format":"standard","meta":{"jetpack_post_was_ever_published":false,"_jetpack_newsletter_access":"","_jetpack_dont_email_post_to_subs":false,"_jetpack_newsletter_tier_id":0,"_jetpack_memberships_contains_paywalled_content":false,"_jetpack_memberships_contains_paid_content":false,"footnotes":"","jetpack_publicize_message":"","jetpack_publicize_feature_enabled":true,"jetpack_social_post_already_shared":true,"jetpack_social_options":{"image_generator_settings":{"template":"highway","default_image_id":0,"font":"","enabled":false},"version":2}},"categories":[1],"tags":[],"class_list":{"0":"post-5201","1":"post","2":"type-post","3":"status-publish","4":"format-standard","5":"has-post-thumbnail","7":"category-sin-categoria","8":"cs-entry","9":"cs-video-wrap"},"yoast_head":"<!-- This site is optimized with the Yoast SEO plugin v27.5 - https:\/\/yoast.com\/product\/yoast-seo-wordpress\/ -->\n<title>The Walking Dead 4\u00d703 \u201cIsolation\u201d [RESE\u00d1A] - Kalot<\/title>\n<meta name=\"description\" content=\"Esta rese\u00f1a puede contener algunos spoilers La prisi\u00f3n ya no es segura. Como podemos ver en este nuevo episodio y despu\u00e9s de los acontecimientos de 4x02\" \/>\n<meta name=\"robots\" content=\"index, follow, max-snippet:-1, max-image-preview:large, max-video-preview:-1\" \/>\n<link rel=\"canonical\" href=\"https:\/\/kalot.com.mx\/site\/2013\/10\/30\/walking-dead-4x03-isolation-resena\/\" \/>\n<meta property=\"og:locale\" content=\"es_MX\" \/>\n<meta property=\"og:type\" content=\"article\" \/>\n<meta property=\"og:title\" content=\"The Walking Dead 4\u00d703 \u201cIsolation\u201d [RESE\u00d1A] - Kalot\" \/>\n<meta property=\"og:description\" content=\"Esta rese\u00f1a puede contener algunos spoilers La prisi\u00f3n ya no es segura. Como podemos ver en este nuevo episodio y despu\u00e9s de los acontecimientos de 4x02\" \/>\n<meta property=\"og:url\" content=\"https:\/\/kalot.com.mx\/site\/2013\/10\/30\/walking-dead-4x03-isolation-resena\/\" \/>\n<meta property=\"og:site_name\" content=\"Kalot\" \/>\n<meta property=\"article:publisher\" content=\"http:\/\/facebook.com\/mxkalot\" \/>\n<meta property=\"article:author\" content=\"https:\/\/www.facebook.com\/don.capu\" \/>\n<meta property=\"article:published_time\" content=\"2013-10-30T08:44:23+00:00\" \/>\n<meta property=\"article:modified_time\" content=\"2017-12-20T21:54:37+00:00\" \/>\n<meta property=\"og:image\" content=\"https:\/\/i2.wp.com\/kalot.com.mx\/site\/wp-content\/uploads\/2013\/10\/Lecciones-de-superviviencia-con-los-protagonistas-de-The-Walking-Dead-1.jpg?fit=1260%2C838&ssl=1\" \/>\n\t<meta property=\"og:image:width\" content=\"1260\" \/>\n\t<meta property=\"og:image:height\" content=\"838\" \/>\n\t<meta property=\"og:image:type\" content=\"image\/jpeg\" \/>\n<meta name=\"author\" content=\"Omar Herrera\" \/>\n<meta name=\"twitter:card\" content=\"summary_large_image\" \/>\n<meta name=\"twitter:creator\" content=\"@thedoncapu\" \/>\n<meta name=\"twitter:site\" content=\"@kalotmx\" \/>\n<meta name=\"twitter:label1\" content=\"Escrito por\" \/>\n\t<meta name=\"twitter:data1\" content=\"Omar Herrera\" \/>\n\t<meta name=\"twitter:label2\" content=\"Tiempo de lectura\" \/>\n\t<meta name=\"twitter:data2\" content=\"3 minutos\" \/>\n<!-- \/ Yoast SEO plugin. -->","yoast_head_json":{"title":"The Walking Dead 4\u00d703 \u201cIsolation\u201d [RESE\u00d1A] - Kalot","description":"Esta rese\u00f1a puede contener algunos spoilers La prisi\u00f3n ya no es segura. Como podemos ver en este nuevo episodio y despu\u00e9s de los acontecimientos de 4x02","robots":{"index":"index","follow":"follow","max-snippet":"max-snippet:-1","max-image-preview":"max-image-preview:large","max-video-preview":"max-video-preview:-1"},"canonical":"https:\/\/kalot.com.mx\/site\/2013\/10\/30\/walking-dead-4x03-isolation-resena\/","og_locale":"es_MX","og_type":"article","og_title":"The Walking Dead 4\u00d703 \u201cIsolation\u201d [RESE\u00d1A] - Kalot","og_description":"Esta rese\u00f1a puede contener algunos spoilers La prisi\u00f3n ya no es segura. Como podemos ver en este nuevo episodio y despu\u00e9s de los acontecimientos de 4x02","og_url":"https:\/\/kalot.com.mx\/site\/2013\/10\/30\/walking-dead-4x03-isolation-resena\/","og_site_name":"Kalot","article_publisher":"http:\/\/facebook.com\/mxkalot","article_author":"https:\/\/www.facebook.com\/don.capu","article_published_time":"2013-10-30T08:44:23+00:00","article_modified_time":"2017-12-20T21:54:37+00:00","og_image":[{"width":1260,"height":838,"url":"https:\/\/i2.wp.com\/kalot.com.mx\/site\/wp-content\/uploads\/2013\/10\/Lecciones-de-superviviencia-con-los-protagonistas-de-The-Walking-Dead-1.jpg?fit=1260%2C838&ssl=1","type":"image\/jpeg"}],"author":"Omar Herrera","twitter_card":"summary_large_image","twitter_creator":"@thedoncapu","twitter_site":"@kalotmx","twitter_misc":{"Escrito por":"Omar Herrera","Tiempo de lectura":"3 minutos"},"schema":{"@context":"https:\/\/schema.org","@graph":[{"@type":"Article","@id":"https:\/\/kalot.com.mx\/site\/2013\/10\/30\/walking-dead-4x03-isolation-resena\/#article","isPartOf":{"@id":"https:\/\/kalot.com.mx\/site\/2013\/10\/30\/walking-dead-4x03-isolation-resena\/"},"author":{"name":"Omar Herrera","@id":"https:\/\/kalot.com.mx\/site\/#\/schema\/person\/1bf32c47ee15104d1e824350c07ac220"},"headline":"The Walking Dead 4\u00d703 \u201cIsolation\u201d [RESE\u00d1A]","datePublished":"2013-10-30T08:44:23+00:00","dateModified":"2017-12-20T21:54:37+00:00","mainEntityOfPage":{"@id":"https:\/\/kalot.com.mx\/site\/2013\/10\/30\/walking-dead-4x03-isolation-resena\/"},"wordCount":537,"commentCount":0,"publisher":{"@id":"https:\/\/kalot.com.mx\/site\/#organization"},"image":{"@id":"https:\/\/kalot.com.mx\/site\/2013\/10\/30\/walking-dead-4x03-isolation-resena\/#primaryimage"},"thumbnailUrl":"https:\/\/i0.wp.com\/kalot.com.mx\/site\/wp-content\/uploads\/2013\/10\/Lecciones-de-superviviencia-con-los-protagonistas-de-The-Walking-Dead-1.jpg?fit=1260%2C838&ssl=1","inLanguage":"es","potentialAction":[{"@type":"CommentAction","name":"Comment","target":["https:\/\/kalot.com.mx\/site\/2013\/10\/30\/walking-dead-4x03-isolation-resena\/#respond"]}]},{"@type":"WebPage","@id":"https:\/\/kalot.com.mx\/site\/2013\/10\/30\/walking-dead-4x03-isolation-resena\/","url":"https:\/\/kalot.com.mx\/site\/2013\/10\/30\/walking-dead-4x03-isolation-resena\/","name":"The Walking Dead 4\u00d703 \u201cIsolation\u201d [RESE\u00d1A] - Kalot","isPartOf":{"@id":"https:\/\/kalot.com.mx\/site\/#website"},"primaryImageOfPage":{"@id":"https:\/\/kalot.com.mx\/site\/2013\/10\/30\/walking-dead-4x03-isolation-resena\/#primaryimage"},"image":{"@id":"https:\/\/kalot.com.mx\/site\/2013\/10\/30\/walking-dead-4x03-isolation-resena\/#primaryimage"},"thumbnailUrl":"https:\/\/i0.wp.com\/kalot.com.mx\/site\/wp-content\/uploads\/2013\/10\/Lecciones-de-superviviencia-con-los-protagonistas-de-The-Walking-Dead-1.jpg?fit=1260%2C838&ssl=1","datePublished":"2013-10-30T08:44:23+00:00","dateModified":"2017-12-20T21:54:37+00:00","description":"Esta rese\u00f1a puede contener algunos spoilers La prisi\u00f3n ya no es segura. Como podemos ver en este nuevo episodio y despu\u00e9s de los acontecimientos de 4x02","breadcrumb":{"@id":"https:\/\/kalot.com.mx\/site\/2013\/10\/30\/walking-dead-4x03-isolation-resena\/#breadcrumb"},"inLanguage":"es","potentialAction":[{"@type":"ReadAction","target":["https:\/\/kalot.com.mx\/site\/2013\/10\/30\/walking-dead-4x03-isolation-resena\/"]}]},{"@type":"ImageObject","inLanguage":"es","@id":"https:\/\/kalot.com.mx\/site\/2013\/10\/30\/walking-dead-4x03-isolation-resena\/#primaryimage","url":"https:\/\/i0.wp.com\/kalot.com.mx\/site\/wp-content\/uploads\/2013\/10\/Lecciones-de-superviviencia-con-los-protagonistas-de-The-Walking-Dead-1.jpg?fit=1260%2C838&ssl=1","contentUrl":"https:\/\/i0.wp.com\/kalot.com.mx\/site\/wp-content\/uploads\/2013\/10\/Lecciones-de-superviviencia-con-los-protagonistas-de-The-Walking-Dead-1.jpg?fit=1260%2C838&ssl=1","width":1260,"height":838},{"@type":"BreadcrumbList","@id":"https:\/\/kalot.com.mx\/site\/2013\/10\/30\/walking-dead-4x03-isolation-resena\/#breadcrumb","itemListElement":[{"@type":"ListItem","position":1,"name":"Home","item":"https:\/\/kalot.com.mx\/site\/"},{"@type":"ListItem","position":2,"name":"The Walking Dead 4\u00d703 \u201cIsolation\u201d [RESE\u00d1A]"}]},{"@type":"WebSite","@id":"https:\/\/kalot.com.mx\/site\/#website","url":"https:\/\/kalot.com.mx\/site\/","name":"Kalot","description":"Conoce Todo Sobre Todo","publisher":{"@id":"https:\/\/kalot.com.mx\/site\/#organization"},"potentialAction":[{"@type":"SearchAction","target":{"@type":"EntryPoint","urlTemplate":"https:\/\/kalot.com.mx\/site\/?s={search_term_string}"},"query-input":{"@type":"PropertyValueSpecification","valueRequired":true,"valueName":"search_term_string"}}],"inLanguage":"es"},{"@type":"Organization","@id":"https:\/\/kalot.com.mx\/site\/#organization","name":"Kalot","url":"https:\/\/kalot.com.mx\/site\/","logo":{"@type":"ImageObject","inLanguage":"es","@id":"https:\/\/kalot.com.mx\/site\/#\/schema\/logo\/image\/","url":"https:\/\/i0.wp.com\/kalot.com.mx\/site\/wp-content\/uploads\/2020\/04\/Kalot-logo-sin-tagline.png?fit=1707%2C1014&ssl=1","contentUrl":"https:\/\/i0.wp.com\/kalot.com.mx\/site\/wp-content\/uploads\/2020\/04\/Kalot-logo-sin-tagline.png?fit=1707%2C1014&ssl=1","width":1707,"height":1014,"caption":"Kalot"},"image":{"@id":"https:\/\/kalot.com.mx\/site\/#\/schema\/logo\/image\/"},"sameAs":["http:\/\/facebook.com\/mxkalot","https:\/\/x.com\/kalotmx","http:\/\/instagram.com\/kalotmx","http:\/\/pinterest.com\/jorgeerana\/kalot"]},{"@type":"Person","@id":"https:\/\/kalot.com.mx\/site\/#\/schema\/person\/1bf32c47ee15104d1e824350c07ac220","name":"Omar Herrera","image":{"@type":"ImageObject","inLanguage":"es","@id":"https:\/\/secure.gravatar.com\/avatar\/ae84de016d43d093bed40799c6d19430bc23d65401e1d68c9afab71da0688278?s=96&d=mm&r=g","url":"https:\/\/secure.gravatar.com\/avatar\/ae84de016d43d093bed40799c6d19430bc23d65401e1d68c9afab71da0688278?s=96&d=mm&r=g","contentUrl":"https:\/\/secure.gravatar.com\/avatar\/ae84de016d43d093bed40799c6d19430bc23d65401e1d68c9afab71da0688278?s=96&d=mm&r=g","caption":"Omar Herrera"},"description":"Si mi vida se resumiera en una pel\u00edcula, ser\u00eda en una dirigida por Woody Allen. Licenciado en Ciencias y T\u00e9cnicas de la Comunicaci\u00f3n.","sameAs":["http:\/\/www.linkedin.com\/pub\/omar-vargas-herrera\/8a\/792\/288","https:\/\/www.facebook.com\/don.capu","https:\/\/x.com\/thedoncapu"],"url":"https:\/\/kalot.com.mx\/site\/author\/doncapu\/"}]}},"jetpack_publicize_connections":[],"jetpack_featured_media_url":"https:\/\/i0.wp.com\/kalot.com.mx\/site\/wp-content\/uploads\/2013\/10\/Lecciones-de-superviviencia-con-los-protagonistas-de-The-Walking-Dead-1.jpg?fit=1260%2C838&ssl=1","jetpack_shortlink":"https:\/\/wp.me\/p6IHEI-1lT","jetpack-related-posts":[{"id":26880,"url":"https:\/\/kalot.com.mx\/site\/2017\/01\/19\/resena-la-la-land\/","url_meta":{"origin":5201,"position":0},"title":"#LaRese\u00f1a: La La Land #Oscars2017","author":"yash","date":"19 enero, 2017","format":false,"excerpt":"No es el mejor musical, no es la mejor historia de amor, no es la mejor pel\u00edcula. Entonces \u00bfPor qu\u00e9 todos hablan de ella? Probablemente \u00e9sta no sea la \u00fanica cr\u00edtica (o rese\u00f1a) que leas sobre esta pel\u00edcula, tal vez sea la segunda o la tercera, o si soy afortunado\u2026","rel":"","context":"En &quot;Cine&quot;","block_context":{"text":"Cine","link":"https:\/\/kalot.com.mx\/site\/category\/cine\/"},"img":{"alt_text":"","src":"https:\/\/i0.wp.com\/kalot.com.mx\/site\/wp-content\/uploads\/2017\/01\/lalaland.jpg?fit=1200%2C630&ssl=1&resize=350%2C200","width":350,"height":200,"srcset":"https:\/\/i0.wp.com\/kalot.com.mx\/site\/wp-content\/uploads\/2017\/01\/lalaland.jpg?fit=1200%2C630&ssl=1&resize=350%2C200 1x, https:\/\/i0.wp.com\/kalot.com.mx\/site\/wp-content\/uploads\/2017\/01\/lalaland.jpg?fit=1200%2C630&ssl=1&resize=525%2C300 1.5x, https:\/\/i0.wp.com\/kalot.com.mx\/site\/wp-content\/uploads\/2017\/01\/lalaland.jpg?fit=1200%2C630&ssl=1&resize=700%2C400 2x, https:\/\/i0.wp.com\/kalot.com.mx\/site\/wp-content\/uploads\/2017\/01\/lalaland.jpg?fit=1200%2C630&ssl=1&resize=1050%2C600 3x"},"classes":[]},{"id":26685,"url":"https:\/\/kalot.com.mx\/site\/2016\/11\/19\/editorial-correcto-leer-una-resena-ver-una-pelicula\/","url_meta":{"origin":5201,"position":1},"title":"Editorial: \u00bfEs correcto leer una rese\u00f1a antes de ver una pel\u00edcula?","author":"yash","date":"19 noviembre, 2016","format":false,"excerpt":"Leer una rese\u00f1a con el riesgo de que nos arruinen la pel\u00edcula o que nos ayuden a evitar un fiasco \u00bfQu\u00e9 opinas? Ya sea por los spoilers o los comentarios cargados (positivos o negativos), lo cierto es que, cuando se estrena una pel\u00edcula, las ganas de saber qu\u00e9 opinan los\u2026","rel":"","context":"En &quot;Cine&quot;","block_context":{"text":"Cine","link":"https:\/\/kalot.com.mx\/site\/category\/cine\/"},"img":{"alt_text":"","src":"https:\/\/i0.wp.com\/kalot.com.mx\/site\/wp-content\/uploads\/2016\/11\/EditorialRese%C3%B1a.png?fit=1024%2C512&ssl=1&resize=350%2C200","width":350,"height":200,"srcset":"https:\/\/i0.wp.com\/kalot.com.mx\/site\/wp-content\/uploads\/2016\/11\/EditorialRese%C3%B1a.png?fit=1024%2C512&ssl=1&resize=350%2C200 1x, https:\/\/i0.wp.com\/kalot.com.mx\/site\/wp-content\/uploads\/2016\/11\/EditorialRese%C3%B1a.png?fit=1024%2C512&ssl=1&resize=525%2C300 1.5x, https:\/\/i0.wp.com\/kalot.com.mx\/site\/wp-content\/uploads\/2016\/11\/EditorialRese%C3%B1a.png?fit=1024%2C512&ssl=1&resize=700%2C400 2x"},"classes":[]},{"id":25805,"url":"https:\/\/kalot.com.mx\/site\/2016\/08\/14\/dos-llevar-porco-rosso-resena-2\/","url_meta":{"origin":5201,"position":2},"title":"Dos para llevar: Porco Rosso (Rese\u00f1a)","author":"Eduardo","date":"14 agosto, 2016","format":false,"excerpt":"El Porco Rosso es una pel\u00edcula genuinamente espectacular , de principio a fin te logra enganchar con su historia, esta pel\u00edcula estrenada en el a\u00f1o de 1992 de la mano de Hayao Miyazaki es un collar de perlas las cuales est\u00e1n distribuidas en cada una de sus \u00a0caracter\u00edsticas ejemplares, las\u2026","rel":"","context":"En &quot;Cine&quot;","block_context":{"text":"Cine","link":"https:\/\/kalot.com.mx\/site\/category\/cine\/"},"img":{"alt_text":"","src":"https:\/\/i0.wp.com\/kalot.com.mx\/site\/wp-content\/uploads\/2016\/08\/porco-rosso-fdae-hd-wallpaper-29848.jpg?fit=1200%2C675&ssl=1&resize=350%2C200","width":350,"height":200,"srcset":"https:\/\/i0.wp.com\/kalot.com.mx\/site\/wp-content\/uploads\/2016\/08\/porco-rosso-fdae-hd-wallpaper-29848.jpg?fit=1200%2C675&ssl=1&resize=350%2C200 1x, https:\/\/i0.wp.com\/kalot.com.mx\/site\/wp-content\/uploads\/2016\/08\/porco-rosso-fdae-hd-wallpaper-29848.jpg?fit=1200%2C675&ssl=1&resize=525%2C300 1.5x, https:\/\/i0.wp.com\/kalot.com.mx\/site\/wp-content\/uploads\/2016\/08\/porco-rosso-fdae-hd-wallpaper-29848.jpg?fit=1200%2C675&ssl=1&resize=700%2C400 2x, https:\/\/i0.wp.com\/kalot.com.mx\/site\/wp-content\/uploads\/2016\/08\/porco-rosso-fdae-hd-wallpaper-29848.jpg?fit=1200%2C675&ssl=1&resize=1050%2C600 3x"},"classes":[]},{"id":7766,"url":"https:\/\/kalot.com.mx\/site\/2013\/12\/13\/resena-la-verdad-sobre-el-caso-harry-quebert\/","url_meta":{"origin":5201,"position":3},"title":"Rese\u00f1a: La Verdad Sobre el Caso Harry Quebert","author":"Ivan Mendez","date":"13 diciembre, 2013","format":false,"excerpt":"No s\u00e9 si a ustedes les pase pero a mi si, cuando voy a una librer\u00eda por lo general ya sabiendo de cual obra quiero comprar no siempre salgo de la tienda del todo satisfecho y no porque no compre el libro que quer\u00eda, sino porque no pude comprar todos\u2026","rel":"","context":"En &quot;Sin categor\u00eda&quot;","block_context":{"text":"Sin categor\u00eda","link":"https:\/\/kalot.com.mx\/site\/category\/sin-categoria\/"},"img":{"alt_text":"","src":"https:\/\/i0.wp.com\/kalot.com.mx\/site\/wp-content\/uploads\/2013\/12\/novela1.jpg?fit=400%2C400&ssl=1&resize=350%2C200","width":350,"height":200},"classes":[]},{"id":12242,"url":"https:\/\/kalot.com.mx\/site\/2014\/02\/23\/resena-lo-que-sabes-de-mi-amor\/","url_meta":{"origin":5201,"position":4},"title":"Rese\u00f1a: Lo que no sabes de mi amor","author":"Ivan Mendez","date":"23 febrero, 2014","format":false,"excerpt":"Cuando vi este libro a finales del a\u00f1o pasado casi hace que no comprara otro por el que fui expresamente a la librer\u00eda. Y es que esta obra la compre m\u00e1s por la autora Delphine Bertholon una francesa que forma parte de los nuevos autores reconocidos. Su libro \u201cNunca olvides\u2026","rel":"","context":"Entrada similar ","block_context":{"text":"Entrada similar ","link":""},"img":{"alt_text":"","src":"https:\/\/i0.wp.com\/kalot.com.mx\/site\/wp-content\/uploads\/2014\/02\/loquenosabes.jpg?fit=650%2C507&ssl=1&resize=350%2C200","width":350,"height":200,"srcset":"https:\/\/i0.wp.com\/kalot.com.mx\/site\/wp-content\/uploads\/2014\/02\/loquenosabes.jpg?fit=650%2C507&ssl=1&resize=350%2C200 1x, https:\/\/i0.wp.com\/kalot.com.mx\/site\/wp-content\/uploads\/2014\/02\/loquenosabes.jpg?fit=650%2C507&ssl=1&resize=525%2C300 1.5x"},"classes":[]},{"id":9363,"url":"https:\/\/kalot.com.mx\/site\/2014\/01\/11\/una-resena-del-clasico-entre-clasicos-dracula-libro-elmanuelgamez\/","url_meta":{"origin":5201,"position":5},"title":"Una Rese\u00f1a del Clasico Entre Clasicos; DRACULA &#8220;Libro&#8221; (@ElManuelGamez)","author":"Manuel Gamez","date":"11 enero, 2014","format":false,"excerpt":"Dr\u00e1cula es el vampiro m\u00e1s famoso en el mundo, tanto es as\u00ed, que quien diga que nunca ha escuchado de un tal Dr\u00e1cula lo m\u00e1s seguro es que este mintiendo, es de esos personajes base en la cultura de cualquier persona, \u00a0porque se han hecho infinidad de cosas relacionadas a\u2026","rel":"","context":"En &quot;Sin categor\u00eda&quot;","block_context":{"text":"Sin categor\u00eda","link":"https:\/\/kalot.com.mx\/site\/category\/sin-categoria\/"},"img":{"alt_text":"","src":"https:\/\/i0.wp.com\/kalot.com.mx\/site\/wp-content\/uploads\/2014\/01\/portada6.jpg?fit=600%2C400&ssl=1&resize=350%2C200","width":350,"height":200,"srcset":"https:\/\/i0.wp.com\/kalot.com.mx\/site\/wp-content\/uploads\/2014\/01\/portada6.jpg?fit=600%2C400&ssl=1&resize=350%2C200 1x, https:\/\/i0.wp.com\/kalot.com.mx\/site\/wp-content\/uploads\/2014\/01\/portada6.jpg?fit=600%2C400&ssl=1&resize=525%2C300 1.5x"},"classes":[]}],"jetpack_sharing_enabled":true,"_links":{"self":[{"href":"https:\/\/kalot.com.mx\/site\/wp-json\/wp\/v2\/posts\/5201","targetHints":{"allow":["GET"]}}],"collection":[{"href":"https:\/\/kalot.com.mx\/site\/wp-json\/wp\/v2\/posts"}],"about":[{"href":"https:\/\/kalot.com.mx\/site\/wp-json\/wp\/v2\/types\/post"}],"author":[{"embeddable":true,"href":"https:\/\/kalot.com.mx\/site\/wp-json\/wp\/v2\/users\/18"}],"replies":[{"embeddable":true,"href":"https:\/\/kalot.com.mx\/site\/wp-json\/wp\/v2\/comments?post=5201"}],"version-history":[{"count":11,"href":"https:\/\/kalot.com.mx\/site\/wp-json\/wp\/v2\/posts\/5201\/revisions"}],"predecessor-version":[{"id":29906,"href":"https:\/\/kalot.com.mx\/site\/wp-json\/wp\/v2\/posts\/5201\/revisions\/29906"}],"wp:featuredmedia":[{"embeddable":true,"href":"https:\/\/kalot.com.mx\/site\/wp-json\/wp\/v2\/media\/14542"}],"wp:attachment":[{"href":"https:\/\/kalot.com.mx\/site\/wp-json\/wp\/v2\/media?parent=5201"}],"wp:term":[{"taxonomy":"category","embeddable":true,"href":"https:\/\/kalot.com.mx\/site\/wp-json\/wp\/v2\/categories?post=5201"},{"taxonomy":"post_tag","embeddable":true,"href":"https:\/\/kalot.com.mx\/site\/wp-json\/wp\/v2\/tags?post=5201"}],"curies":[{"name":"wp","href":"https:\/\/api.w.org\/{rel}","templated":true}]}}