{"id":517,"date":"2013-09-04T01:00:02","date_gmt":"2013-09-04T06:00:02","guid":{"rendered":"http:\/\/www.kalot.com.mx\/?p=517"},"modified":"2013-09-04T01:00:02","modified_gmt":"2013-09-04T06:00:02","slug":"estimado-denver-no-te-vayas-al-recreo","status":"publish","type":"post","link":"https:\/\/kalot.com.mx\/site\/2013\/09\/04\/estimado-denver-no-te-vayas-al-recreo\/","title":{"rendered":"Estimado D\u00ebnver, no te vayas al recreo."},"content":{"rendered":"<p style=\"text-align: justify\">Cuando vi el siguiente tuit, sent\u00ed como si me hubieran cortado por mensaje.<\/p>\n<p style=\"text-align: justify\"><em>Comunicado oficial: D\u00ebnver ha decidido tomarse un receso, Mari y Milk seguir\u00e1n por separados sus caminos. Milk como l\u00edder del proyecto seguir\u00e1 en la \u201cindustria\u201d musical pero con nuevos proyectos, as\u00ed que nuestras \u00faltimas fechas en vivo ser\u00e1n Guadalajara y DF, ya veremos que depara el futuro, gracias a todos los que nos acompa\u00f1aron en esta traves\u00eda.<\/em><\/p>\n<p><em>Atentamente<\/em><br \/>\n<em>D\u00ebnver<\/em><\/p>\n<p style=\"text-align: justify\">As\u00ed como si hubi\u00e9ramos tenido una relaci\u00f3n insignificante, me abandonan&#8230;Les dedico esto Denver:<\/p>\n<p style=\"text-align: justify\"><em>&#8220;Y el miedo mas grande que me da\u00a0es nunca poder arrancarte de las cosas&#8221; \u00a0<\/em><\/p>\n<p><em>\u00a0<\/em><\/p>\n<p><span class=\"embed-youtube\" style=\"text-align:center; display: block;\"><iframe class=\"youtube-player\" width=\"1200\" height=\"675\" src=\"https:\/\/www.youtube.com\/embed\/7IzmCLEAqNk?version=3&#038;rel=1&#038;showsearch=0&#038;showinfo=1&#038;iv_load_policy=1&#038;fs=1&#038;hl=es-MX&#038;autohide=2&#038;wmode=transparent\" allowfullscreen=\"true\" style=\"border:0;\" sandbox=\"allow-scripts allow-same-origin allow-popups allow-presentation allow-popups-to-escape-sandbox\"><\/iframe><\/span><\/p>\n<p style=\"text-align: justify\">D\u00ebnver huele a marimba, chicle de frutas rojas, cuerda de guitarra ac\u00fastica y crema de broncear.<\/p>\n<p style=\"text-align: justify\">Como ustedes dicen, las promesas a los fans son pesan, ojal\u00e1 que a ustedes no les de lo mismo. Aqu\u00ed los esperamos.<\/p>\n<p>&nbsp;<\/p>\n<p>&nbsp;<\/p>\n<p><a href=\"https:\/\/i0.wp.com\/www.kalot.com.mx\/wp-content\/uploads\/2013\/09\/denver.jpg\"><img data-recalc-dims=\"1\" fetchpriority=\"high\" decoding=\"async\" data-attachment-id=\"518\" data-permalink=\"https:\/\/kalot.com.mx\/site\/2013\/09\/04\/estimado-denver-no-te-vayas-al-recreo\/denver\/\" data-orig-file=\"https:\/\/i0.wp.com\/kalot.com.mx\/site\/wp-content\/uploads\/2013\/09\/denver.jpg?fit=400%2C300&amp;ssl=1\" data-orig-size=\"400,300\" data-comments-opened=\"1\" data-image-meta=\"{&quot;aperture&quot;:&quot;0&quot;,&quot;credit&quot;:&quot;&quot;,&quot;camera&quot;:&quot;&quot;,&quot;caption&quot;:&quot;&quot;,&quot;created_timestamp&quot;:&quot;0&quot;,&quot;copyright&quot;:&quot;&quot;,&quot;focal_length&quot;:&quot;0&quot;,&quot;iso&quot;:&quot;0&quot;,&quot;shutter_speed&quot;:&quot;0&quot;,&quot;title&quot;:&quot;&quot;}\" data-image-title=\"denver\" data-image-description=\"\" data-image-caption=\"\" data-large-file=\"https:\/\/i0.wp.com\/kalot.com.mx\/site\/wp-content\/uploads\/2013\/09\/denver.jpg?fit=400%2C300&amp;ssl=1\" class=\"alignnone size-medium wp-image-518\" alt=\"denver\" src=\"https:\/\/i0.wp.com\/www.kalot.com.mx\/wp-content\/uploads\/2013\/09\/denver-300x225.jpg?resize=300%2C225\" width=\"300\" height=\"225\" srcset=\"https:\/\/i0.wp.com\/kalot.com.mx\/site\/wp-content\/uploads\/2013\/09\/denver.jpg?resize=300%2C225&amp;ssl=1 300w, https:\/\/i0.wp.com\/kalot.com.mx\/site\/wp-content\/uploads\/2013\/09\/denver.jpg?w=400&amp;ssl=1 400w\" sizes=\"(max-width: 300px) 100vw, 300px\" \/><\/a><\/p>\n<p>&nbsp;<\/p>\n<p style=\"text-align: justify\">NOTA: El anterior post refleja la opini\u00f3n personal de su servidora, de ninguna manera expresa la opini\u00f3n general de mis colegas de blog. Perd\u00f3n pero si soy bien fan y ten\u00eda que hacerlo.<\/p>\n<p>&nbsp;<\/p>\n<p>&nbsp;<\/p>\n<p>&nbsp;<\/p>\n<p>&nbsp;<\/p>\n","protected":false},"excerpt":{"rendered":"Cuando vi el siguiente tuit, sent\u00ed como si me hubieran cortado por mensaje. Comunicado oficial: D\u00ebnver ha decidido&hellip;\n","protected":false},"author":97,"featured_media":518,"comment_status":"open","ping_status":"open","sticky":false,"template":"","format":"standard","meta":{"jetpack_post_was_ever_published":false,"_jetpack_newsletter_access":"","_jetpack_dont_email_post_to_subs":false,"_jetpack_newsletter_tier_id":0,"_jetpack_memberships_contains_paywalled_content":false,"_jetpack_memberships_contains_paid_content":false,"footnotes":"","jetpack_publicize_message":"","jetpack_publicize_feature_enabled":true,"jetpack_social_post_already_shared":true,"jetpack_social_options":{"image_generator_settings":{"template":"highway","default_image_id":0,"font":"","enabled":false},"version":2}},"categories":[],"tags":[],"class_list":{"0":"post-517","1":"post","2":"type-post","3":"status-publish","4":"format-standard","5":"has-post-thumbnail","7":"cs-entry","8":"cs-video-wrap"},"yoast_head":"<!-- This site is optimized with the Yoast SEO plugin v27.5 - https:\/\/yoast.com\/product\/yoast-seo-wordpress\/ -->\n<title>Estimado D\u00ebnver, no te vayas al recreo. - Kalot<\/title>\n<meta name=\"description\" content=\"Cuando vi el siguiente tuit, sent\u00ed como si me hubieran cortado por mensaje. Comunicado oficial: D\u00ebnver ha decidido tomarse un receso, Mari y Milk seguir\u00e1n\" \/>\n<meta name=\"robots\" content=\"index, follow, max-snippet:-1, max-image-preview:large, max-video-preview:-1\" \/>\n<link rel=\"canonical\" href=\"https:\/\/kalot.com.mx\/site\/2013\/09\/04\/estimado-denver-no-te-vayas-al-recreo\/\" \/>\n<meta property=\"og:locale\" content=\"es_MX\" \/>\n<meta property=\"og:type\" content=\"article\" \/>\n<meta property=\"og:title\" content=\"Estimado D\u00ebnver, no te vayas al recreo. - Kalot\" \/>\n<meta property=\"og:description\" content=\"Cuando vi el siguiente tuit, sent\u00ed como si me hubieran cortado por mensaje. Comunicado oficial: D\u00ebnver ha decidido tomarse un receso, Mari y Milk seguir\u00e1n\" \/>\n<meta property=\"og:url\" content=\"https:\/\/kalot.com.mx\/site\/2013\/09\/04\/estimado-denver-no-te-vayas-al-recreo\/\" \/>\n<meta property=\"og:site_name\" content=\"Kalot\" \/>\n<meta property=\"article:publisher\" content=\"http:\/\/facebook.com\/mxkalot\" \/>\n<meta property=\"article:author\" content=\"https:\/\/www.facebook.com\/mireles.dulce\" \/>\n<meta property=\"article:published_time\" content=\"2013-09-04T06:00:02+00:00\" \/>\n<meta property=\"og:image\" content=\"https:\/\/i0.wp.com\/kalot.com.mx\/site\/wp-content\/uploads\/2013\/09\/denver.jpg?fit=400%2C300&ssl=1\" \/>\n\t<meta property=\"og:image:width\" content=\"400\" \/>\n\t<meta property=\"og:image:height\" content=\"300\" \/>\n\t<meta property=\"og:image:type\" content=\"image\/jpeg\" \/>\n<meta name=\"author\" content=\"Dulce Mireles\" \/>\n<meta name=\"twitter:card\" content=\"summary_large_image\" \/>\n<meta name=\"twitter:creator\" content=\"@dulcemireles\" \/>\n<meta name=\"twitter:site\" content=\"@kalotmx\" \/>\n<meta name=\"twitter:label1\" content=\"Escrito por\" \/>\n\t<meta name=\"twitter:data1\" content=\"Dulce Mireles\" \/>\n\t<meta name=\"twitter:label2\" content=\"Tiempo de lectura\" \/>\n\t<meta name=\"twitter:data2\" content=\"1 minuto\" \/>\n<!-- \/ Yoast SEO plugin. -->","yoast_head_json":{"title":"Estimado D\u00ebnver, no te vayas al recreo. - Kalot","description":"Cuando vi el siguiente tuit, sent\u00ed como si me hubieran cortado por mensaje. Comunicado oficial: D\u00ebnver ha decidido tomarse un receso, Mari y Milk seguir\u00e1n","robots":{"index":"index","follow":"follow","max-snippet":"max-snippet:-1","max-image-preview":"max-image-preview:large","max-video-preview":"max-video-preview:-1"},"canonical":"https:\/\/kalot.com.mx\/site\/2013\/09\/04\/estimado-denver-no-te-vayas-al-recreo\/","og_locale":"es_MX","og_type":"article","og_title":"Estimado D\u00ebnver, no te vayas al recreo. - Kalot","og_description":"Cuando vi el siguiente tuit, sent\u00ed como si me hubieran cortado por mensaje. Comunicado oficial: D\u00ebnver ha decidido tomarse un receso, Mari y Milk seguir\u00e1n","og_url":"https:\/\/kalot.com.mx\/site\/2013\/09\/04\/estimado-denver-no-te-vayas-al-recreo\/","og_site_name":"Kalot","article_publisher":"http:\/\/facebook.com\/mxkalot","article_author":"https:\/\/www.facebook.com\/mireles.dulce","article_published_time":"2013-09-04T06:00:02+00:00","og_image":[{"width":400,"height":300,"url":"https:\/\/i0.wp.com\/kalot.com.mx\/site\/wp-content\/uploads\/2013\/09\/denver.jpg?fit=400%2C300&ssl=1","type":"image\/jpeg"}],"author":"Dulce Mireles","twitter_card":"summary_large_image","twitter_creator":"@dulcemireles","twitter_site":"@kalotmx","twitter_misc":{"Escrito por":"Dulce Mireles","Tiempo de lectura":"1 minuto"},"schema":{"@context":"https:\/\/schema.org","@graph":[{"@type":"Article","@id":"https:\/\/kalot.com.mx\/site\/2013\/09\/04\/estimado-denver-no-te-vayas-al-recreo\/#article","isPartOf":{"@id":"https:\/\/kalot.com.mx\/site\/2013\/09\/04\/estimado-denver-no-te-vayas-al-recreo\/"},"author":{"name":"Dulce Mireles","@id":"https:\/\/kalot.com.mx\/site\/#\/schema\/person\/655544162290388f1408067116229e94"},"headline":"Estimado D\u00ebnver, no te vayas al recreo.","datePublished":"2013-09-04T06:00:02+00:00","mainEntityOfPage":{"@id":"https:\/\/kalot.com.mx\/site\/2013\/09\/04\/estimado-denver-no-te-vayas-al-recreo\/"},"wordCount":209,"commentCount":2,"publisher":{"@id":"https:\/\/kalot.com.mx\/site\/#organization"},"image":{"@id":"https:\/\/kalot.com.mx\/site\/2013\/09\/04\/estimado-denver-no-te-vayas-al-recreo\/#primaryimage"},"thumbnailUrl":"https:\/\/i0.wp.com\/kalot.com.mx\/site\/wp-content\/uploads\/2013\/09\/denver.jpg?fit=400%2C300&ssl=1","inLanguage":"es","potentialAction":[{"@type":"CommentAction","name":"Comment","target":["https:\/\/kalot.com.mx\/site\/2013\/09\/04\/estimado-denver-no-te-vayas-al-recreo\/#respond"]}]},{"@type":"WebPage","@id":"https:\/\/kalot.com.mx\/site\/2013\/09\/04\/estimado-denver-no-te-vayas-al-recreo\/","url":"https:\/\/kalot.com.mx\/site\/2013\/09\/04\/estimado-denver-no-te-vayas-al-recreo\/","name":"Estimado D\u00ebnver, no te vayas al recreo. - Kalot","isPartOf":{"@id":"https:\/\/kalot.com.mx\/site\/#website"},"primaryImageOfPage":{"@id":"https:\/\/kalot.com.mx\/site\/2013\/09\/04\/estimado-denver-no-te-vayas-al-recreo\/#primaryimage"},"image":{"@id":"https:\/\/kalot.com.mx\/site\/2013\/09\/04\/estimado-denver-no-te-vayas-al-recreo\/#primaryimage"},"thumbnailUrl":"https:\/\/i0.wp.com\/kalot.com.mx\/site\/wp-content\/uploads\/2013\/09\/denver.jpg?fit=400%2C300&ssl=1","datePublished":"2013-09-04T06:00:02+00:00","description":"Cuando vi el siguiente tuit, sent\u00ed como si me hubieran cortado por mensaje. Comunicado oficial: D\u00ebnver ha decidido tomarse un receso, Mari y Milk seguir\u00e1n","breadcrumb":{"@id":"https:\/\/kalot.com.mx\/site\/2013\/09\/04\/estimado-denver-no-te-vayas-al-recreo\/#breadcrumb"},"inLanguage":"es","potentialAction":[{"@type":"ReadAction","target":["https:\/\/kalot.com.mx\/site\/2013\/09\/04\/estimado-denver-no-te-vayas-al-recreo\/"]}]},{"@type":"ImageObject","inLanguage":"es","@id":"https:\/\/kalot.com.mx\/site\/2013\/09\/04\/estimado-denver-no-te-vayas-al-recreo\/#primaryimage","url":"https:\/\/i0.wp.com\/kalot.com.mx\/site\/wp-content\/uploads\/2013\/09\/denver.jpg?fit=400%2C300&ssl=1","contentUrl":"https:\/\/i0.wp.com\/kalot.com.mx\/site\/wp-content\/uploads\/2013\/09\/denver.jpg?fit=400%2C300&ssl=1","width":400,"height":300},{"@type":"BreadcrumbList","@id":"https:\/\/kalot.com.mx\/site\/2013\/09\/04\/estimado-denver-no-te-vayas-al-recreo\/#breadcrumb","itemListElement":[{"@type":"ListItem","position":1,"name":"Home","item":"https:\/\/kalot.com.mx\/site\/"},{"@type":"ListItem","position":2,"name":"Estimado D\u00ebnver, no te vayas al recreo."}]},{"@type":"WebSite","@id":"https:\/\/kalot.com.mx\/site\/#website","url":"https:\/\/kalot.com.mx\/site\/","name":"Kalot","description":"Conoce Todo Sobre Todo","publisher":{"@id":"https:\/\/kalot.com.mx\/site\/#organization"},"potentialAction":[{"@type":"SearchAction","target":{"@type":"EntryPoint","urlTemplate":"https:\/\/kalot.com.mx\/site\/?s={search_term_string}"},"query-input":{"@type":"PropertyValueSpecification","valueRequired":true,"valueName":"search_term_string"}}],"inLanguage":"es"},{"@type":"Organization","@id":"https:\/\/kalot.com.mx\/site\/#organization","name":"Kalot","url":"https:\/\/kalot.com.mx\/site\/","logo":{"@type":"ImageObject","inLanguage":"es","@id":"https:\/\/kalot.com.mx\/site\/#\/schema\/logo\/image\/","url":"https:\/\/i0.wp.com\/kalot.com.mx\/site\/wp-content\/uploads\/2020\/04\/Kalot-logo-sin-tagline.png?fit=1707%2C1014&ssl=1","contentUrl":"https:\/\/i0.wp.com\/kalot.com.mx\/site\/wp-content\/uploads\/2020\/04\/Kalot-logo-sin-tagline.png?fit=1707%2C1014&ssl=1","width":1707,"height":1014,"caption":"Kalot"},"image":{"@id":"https:\/\/kalot.com.mx\/site\/#\/schema\/logo\/image\/"},"sameAs":["http:\/\/facebook.com\/mxkalot","https:\/\/x.com\/kalotmx","http:\/\/instagram.com\/kalotmx","http:\/\/pinterest.com\/jorgeerana\/kalot"]},{"@type":"Person","@id":"https:\/\/kalot.com.mx\/site\/#\/schema\/person\/655544162290388f1408067116229e94","name":"Dulce Mireles","image":{"@type":"ImageObject","inLanguage":"es","@id":"https:\/\/secure.gravatar.com\/avatar\/2e509fd77f8d3252341ab205504ec2216b61edd89bfd74420e00d4db91ed872e?s=96&d=mm&r=g","url":"https:\/\/secure.gravatar.com\/avatar\/2e509fd77f8d3252341ab205504ec2216b61edd89bfd74420e00d4db91ed872e?s=96&d=mm&r=g","contentUrl":"https:\/\/secure.gravatar.com\/avatar\/2e509fd77f8d3252341ab205504ec2216b61edd89bfd74420e00d4db91ed872e?s=96&d=mm&r=g","caption":"Dulce Mireles"},"description":"Ya me aburr\u00ed de poner bio en todos lados. Mejor hablame de tu...its en @dulcemireles","sameAs":["https:\/\/www.facebook.com\/mireles.dulce","https:\/\/x.com\/@dulcemireles"],"url":"https:\/\/kalot.com.mx\/site\/author\/dulcemireles\/"}]}},"jetpack_publicize_connections":[],"jetpack_featured_media_url":"https:\/\/i0.wp.com\/kalot.com.mx\/site\/wp-content\/uploads\/2013\/09\/denver.jpg?fit=400%2C300&ssl=1","jetpack_shortlink":"https:\/\/wp.me\/p6IHEI-8l","jetpack-related-posts":[{"id":9213,"url":"https:\/\/kalot.com.mx\/site\/2014\/01\/09\/mejor-selfie\/","url_meta":{"origin":517,"position":0},"title":"El mejor Selfie del a\u00f1o es para&#8230;","author":"Jorge Era\u00f1a","date":"9 enero, 2014","format":false,"excerpt":"Al parecer el movimiento de los \"Selfies\" en redes sociales cada vez son m\u00e1s frecuentes y no son otra cosa m\u00e1s que una fotograf\u00eda tipo auto retrato tomada con un dispositivo digital ya sea un celular o una c\u00e1mara y el 2013 fue el a\u00f1o donde tuvieron su mayor exposici\u00f3n.\u2026","rel":"","context":"Entrada similar ","block_context":{"text":"Entrada similar ","link":""},"img":{"alt_text":"","src":"https:\/\/i0.wp.com\/kalot.com.mx\/site\/wp-content\/uploads\/2014\/01\/gif-bro_640_600_s_c1_c_t_0_0.png?fit=640%2C600&ssl=1&resize=350%2C200","width":350,"height":200,"srcset":"https:\/\/i0.wp.com\/kalot.com.mx\/site\/wp-content\/uploads\/2014\/01\/gif-bro_640_600_s_c1_c_t_0_0.png?fit=640%2C600&ssl=1&resize=350%2C200 1x, https:\/\/i0.wp.com\/kalot.com.mx\/site\/wp-content\/uploads\/2014\/01\/gif-bro_640_600_s_c1_c_t_0_0.png?fit=640%2C600&ssl=1&resize=525%2C300 1.5x"},"classes":[]},{"id":25550,"url":"https:\/\/kalot.com.mx\/site\/2016\/06\/10\/camilo-vii-regreso-en-san-luis-potosi\/","url_meta":{"origin":517,"position":1},"title":"Camilo VII regresa a San Luis Potos\u00ed","author":"Eliana Mtz","date":"10 junio, 2016","format":false,"excerpt":"Tras su gira de promoci\u00f3n del EP \"Maya\" y dejando a los potosinos con ganas de m\u00e1s, Camilo S\u00e9ptimo regresa a la capital potosina. Esta vez con su Tour Ne\u00f3n presentando su nuevo material. https:\/\/www.youtube.com\/watch?v=M6hvGrBmCdQ La banda originaria de la Ciudad de M\u00e9xico y su propuesta de rock un tanto\u2026","rel":"","context":"En &quot;Eventos&quot;","block_context":{"text":"Eventos","link":"https:\/\/kalot.com.mx\/site\/category\/eventos\/"},"img":{"alt_text":"","src":"https:\/\/i0.wp.com\/kalot.com.mx\/site\/wp-content\/uploads\/2016\/06\/Camilo-VII-24.06.16-S.L.P.-Banner.png?fit=851%2C315&ssl=1&resize=350%2C200","width":350,"height":200,"srcset":"https:\/\/i0.wp.com\/kalot.com.mx\/site\/wp-content\/uploads\/2016\/06\/Camilo-VII-24.06.16-S.L.P.-Banner.png?fit=851%2C315&ssl=1&resize=350%2C200 1x, https:\/\/i0.wp.com\/kalot.com.mx\/site\/wp-content\/uploads\/2016\/06\/Camilo-VII-24.06.16-S.L.P.-Banner.png?fit=851%2C315&ssl=1&resize=525%2C300 1.5x, https:\/\/i0.wp.com\/kalot.com.mx\/site\/wp-content\/uploads\/2016\/06\/Camilo-VII-24.06.16-S.L.P.-Banner.png?fit=851%2C315&ssl=1&resize=700%2C400 2x"},"classes":[]},{"id":11091,"url":"https:\/\/kalot.com.mx\/site\/2014\/02\/04\/nuevo-record-de-tweets-en-super-bowl\/","url_meta":{"origin":517,"position":2},"title":"Nuevo R\u00e9cord de Tweets en Super Bowl","author":"Daniel Cacho","date":"4 febrero, 2014","format":false,"excerpt":"El Super Bowl XLVIII fue un \u00e9xito tambi\u00e9n para la red social Twitter, ya que super\u00f3 el n\u00famero de mensajes enviados en la edici\u00f3n del a\u00f1o pasado, al sumar 24.9 millones de tuits durante el encuentro entre los Broncos de Denver y los Halcones Marinos de Seattle. La red social\u2026","rel":"","context":"Entrada similar ","block_context":{"text":"Entrada similar ","link":""},"img":{"alt_text":"","src":"https:\/\/i0.wp.com\/kalot.com.mx\/site\/wp-content\/uploads\/2014\/02\/superbowl-twitter.jpg?fit=950%2C534&ssl=1&resize=350%2C200","width":350,"height":200,"srcset":"https:\/\/i0.wp.com\/kalot.com.mx\/site\/wp-content\/uploads\/2014\/02\/superbowl-twitter.jpg?fit=950%2C534&ssl=1&resize=350%2C200 1x, https:\/\/i0.wp.com\/kalot.com.mx\/site\/wp-content\/uploads\/2014\/02\/superbowl-twitter.jpg?fit=950%2C534&ssl=1&resize=525%2C300 1.5x, https:\/\/i0.wp.com\/kalot.com.mx\/site\/wp-content\/uploads\/2014\/02\/superbowl-twitter.jpg?fit=950%2C534&ssl=1&resize=700%2C400 2x"},"classes":[]},{"id":12597,"url":"https:\/\/kalot.com.mx\/site\/2014\/02\/27\/que-es-festival-nrmal\/","url_meta":{"origin":517,"position":3},"title":"\u00bfQu\u00e9 es Festival Nrmal?","author":"Miguel Amaya","date":"27 febrero, 2014","format":false,"excerpt":"Hoy en d\u00eda la cantidad de conciertos y festivales en M\u00e9xico resulta abrumadora, los hay para todo tipo de gustos y personas. Los hay chicos, grandes, con bandas de renombre y con m\u00fasicos emergentes. el d\u00eda de hoy les quiero platicar un poco acerca de un festival relativamente joven, ya\u2026","rel":"","context":"En &quot;Sin categor\u00eda&quot;","block_context":{"text":"Sin categor\u00eda","link":"https:\/\/kalot.com.mx\/site\/category\/sin-categoria\/"},"img":{"alt_text":"","src":"https:\/\/i0.wp.com\/kalot.com.mx\/site\/wp-content\/uploads\/2014\/02\/1601193_797591760256410_1128470508_n.jpg?fit=700%2C393&ssl=1&resize=350%2C200","width":350,"height":200,"srcset":"https:\/\/i0.wp.com\/kalot.com.mx\/site\/wp-content\/uploads\/2014\/02\/1601193_797591760256410_1128470508_n.jpg?fit=700%2C393&ssl=1&resize=350%2C200 1x, https:\/\/i0.wp.com\/kalot.com.mx\/site\/wp-content\/uploads\/2014\/02\/1601193_797591760256410_1128470508_n.jpg?fit=700%2C393&ssl=1&resize=525%2C300 1.5x, https:\/\/i0.wp.com\/kalot.com.mx\/site\/wp-content\/uploads\/2014\/02\/1601193_797591760256410_1128470508_n.jpg?fit=700%2C393&ssl=1&resize=700%2C400 2x"},"classes":[]},{"id":26954,"url":"https:\/\/kalot.com.mx\/site\/2017\/02\/19\/kerouac-viviendo-en-camino\/","url_meta":{"origin":517,"position":4},"title":"Kerouac: viviendo en el camino.","author":"Aldo L\u00f3pez","date":"19 febrero, 2017","format":false,"excerpt":"En el camino es una novela cl\u00e1sica de la literatura norteamericana, la cual en cuanto se comienza a leer tanto la historia como los personajes y las situaciones que en ella transcurren, hacen al lector sentirse familiarizado y \u201cganchado\u201d ante lo que el protagonista narra a manera de\u00a0 un \u201cdiario\u2026","rel":"","context":"En &quot;Cultura&quot;","block_context":{"text":"Cultura","link":"https:\/\/kalot.com.mx\/site\/category\/cultura\/"},"img":{"alt_text":"","src":"https:\/\/i0.wp.com\/kalot.com.mx\/site\/wp-content\/uploads\/2017\/02\/Kerouac-Cassady.jpg?fit=675%2C533&ssl=1&resize=350%2C200","width":350,"height":200,"srcset":"https:\/\/i0.wp.com\/kalot.com.mx\/site\/wp-content\/uploads\/2017\/02\/Kerouac-Cassady.jpg?fit=675%2C533&ssl=1&resize=350%2C200 1x, https:\/\/i0.wp.com\/kalot.com.mx\/site\/wp-content\/uploads\/2017\/02\/Kerouac-Cassady.jpg?fit=675%2C533&ssl=1&resize=525%2C300 1.5x"},"classes":[]},{"id":20679,"url":"https:\/\/kalot.com.mx\/site\/2015\/03\/10\/como-quieren-que-madure-si-saint-seiya-dragon-ball-z-y-digimon-regresan-en-2015\/","url_meta":{"origin":517,"position":5},"title":"\u00bfC\u00f3mo quieren que madure si SAINT SEIYA, DRAGON BALL Z y DIGIMON regresan en 2015?","author":"HM_MKT007","date":"10 marzo, 2015","format":false,"excerpt":"Creo que este es uno de los grandes dilemas de muchos, \u00bfMadurar o no Madurar? Porque debemos aceptarlo, principalmente los hombres, \u00bfC\u00f3mo madurar cuando te regresan al canal 5 la serie de tu infancia?, \u00bfCuando DRAGON BALL Z regreso a la pantalla chica? Y aunque has visto m\u00e1s de 20\u2026","rel":"","context":"En &quot;Sin categor\u00eda&quot;","block_context":{"text":"Sin categor\u00eda","link":"https:\/\/kalot.com.mx\/site\/category\/sin-categoria\/"},"img":{"alt_text":"","src":"https:\/\/i0.wp.com\/kalot.com.mx\/site\/wp-content\/uploads\/2015\/03\/Presentaci%C3%B3n1.jpg?fit=1200%2C648&ssl=1&resize=350%2C200","width":350,"height":200,"srcset":"https:\/\/i0.wp.com\/kalot.com.mx\/site\/wp-content\/uploads\/2015\/03\/Presentaci%C3%B3n1.jpg?fit=1200%2C648&ssl=1&resize=350%2C200 1x, https:\/\/i0.wp.com\/kalot.com.mx\/site\/wp-content\/uploads\/2015\/03\/Presentaci%C3%B3n1.jpg?fit=1200%2C648&ssl=1&resize=525%2C300 1.5x, https:\/\/i0.wp.com\/kalot.com.mx\/site\/wp-content\/uploads\/2015\/03\/Presentaci%C3%B3n1.jpg?fit=1200%2C648&ssl=1&resize=700%2C400 2x, https:\/\/i0.wp.com\/kalot.com.mx\/site\/wp-content\/uploads\/2015\/03\/Presentaci%C3%B3n1.jpg?fit=1200%2C648&ssl=1&resize=1050%2C600 3x"},"classes":[]}],"jetpack_sharing_enabled":true,"_links":{"self":[{"href":"https:\/\/kalot.com.mx\/site\/wp-json\/wp\/v2\/posts\/517","targetHints":{"allow":["GET"]}}],"collection":[{"href":"https:\/\/kalot.com.mx\/site\/wp-json\/wp\/v2\/posts"}],"about":[{"href":"https:\/\/kalot.com.mx\/site\/wp-json\/wp\/v2\/types\/post"}],"author":[{"embeddable":true,"href":"https:\/\/kalot.com.mx\/site\/wp-json\/wp\/v2\/users\/97"}],"replies":[{"embeddable":true,"href":"https:\/\/kalot.com.mx\/site\/wp-json\/wp\/v2\/comments?post=517"}],"version-history":[{"count":0,"href":"https:\/\/kalot.com.mx\/site\/wp-json\/wp\/v2\/posts\/517\/revisions"}],"wp:featuredmedia":[{"embeddable":true,"href":"https:\/\/kalot.com.mx\/site\/wp-json\/wp\/v2\/media\/518"}],"wp:attachment":[{"href":"https:\/\/kalot.com.mx\/site\/wp-json\/wp\/v2\/media?parent=517"}],"wp:term":[{"taxonomy":"category","embeddable":true,"href":"https:\/\/kalot.com.mx\/site\/wp-json\/wp\/v2\/categories?post=517"},{"taxonomy":"post_tag","embeddable":true,"href":"https:\/\/kalot.com.mx\/site\/wp-json\/wp\/v2\/tags?post=517"}],"curies":[{"name":"wp","href":"https:\/\/api.w.org\/{rel}","templated":true}]}}