{"id":4985,"date":"2013-10-27T22:56:40","date_gmt":"2013-10-28T04:56:40","guid":{"rendered":"http:\/\/www.kalot.com.mx\/?p=4985"},"modified":"2017-12-20T09:26:08","modified_gmt":"2017-12-20T15:26:08","slug":"review-avatar-la-leyenda-de-korra","status":"publish","type":"post","link":"https:\/\/kalot.com.mx\/site\/2013\/10\/27\/review-avatar-la-leyenda-de-korra\/","title":{"rendered":"Review: \u201cAVATAR: La leyenda de Korra\u201d"},"content":{"rendered":"<p><a href=\"https:\/\/i0.wp.com\/www.kalot.com.mx\/wp-content\/uploads\/2013\/10\/Avatarnewlogocopy21.png\"><img fetchpriority=\"high\" decoding=\"async\" data-attachment-id=\"4982\" data-permalink=\"https:\/\/kalot.com.mx\/site\/avatarnewlogocopy21\/\" data-orig-file=\"https:\/\/i0.wp.com\/kalot.com.mx\/site\/wp-content\/uploads\/2013\/10\/Avatarnewlogocopy21.png?fit=360%2C181&amp;ssl=1\" data-orig-size=\"360,181\" data-comments-opened=\"1\" data-image-meta=\"{&quot;aperture&quot;:&quot;0&quot;,&quot;credit&quot;:&quot;&quot;,&quot;camera&quot;:&quot;&quot;,&quot;caption&quot;:&quot;&quot;,&quot;created_timestamp&quot;:&quot;0&quot;,&quot;copyright&quot;:&quot;&quot;,&quot;focal_length&quot;:&quot;0&quot;,&quot;iso&quot;:&quot;0&quot;,&quot;shutter_speed&quot;:&quot;0&quot;,&quot;title&quot;:&quot;&quot;}\" data-image-title=\"Avatarnewlogocopy2[1]\" data-image-description=\"\" data-image-caption=\"\" data-large-file=\"https:\/\/i0.wp.com\/kalot.com.mx\/site\/wp-content\/uploads\/2013\/10\/Avatarnewlogocopy21.png?fit=360%2C181&amp;ssl=1\" class=\"aligncenter size-full wp-image-4982\" alt=\"Avatarnewlogocopy2[1]\" src=\"https:\/\/i0.wp.com\/kalot.com.mx\/site\/wp-content\/uploads\/2013\/08\/millennial-generation-workplace-casual-620px-620x412.jpg?fit=620%2C412&#038;ssl=1\" width=\"620\" height=\"412\" \/><\/a>Kaloch@s si al igual que yo cuando se acabo Avatar: La leyenda de Aang sintieron que su vida no ten\u00eda ning\u00fan prop\u00f3sito ya, puede que la alegr\u00eda regrese a sus corazones. Hablo de Avatar: La leyenda de Korra, secuela de la ya mencionada serie que actualmente se transmite el libro 2: \u201cEsp\u00edritus\u201d por el canal Nickelodeon y que a mi parecer ha hecho un excelente trabajo.<\/p>\n<p><span class=\"embed-youtube\" style=\"text-align:center; display: block;\"><iframe class=\"youtube-player\" width=\"1200\" height=\"675\" src=\"https:\/\/www.youtube.com\/embed\/E7pZvihpgyA?version=3&#038;rel=1&#038;showsearch=0&#038;showinfo=1&#038;iv_load_policy=1&#038;fs=1&#038;hl=es-MX&#038;autohide=2&#038;wmode=transparent\" allowfullscreen=\"true\" style=\"border:0;\" sandbox=\"allow-scripts allow-same-origin allow-popups allow-presentation allow-popups-to-escape-sandbox\"><\/iframe><\/span><\/p>\n<p><span class=\"embed-youtube\" style=\"text-align:center; display: block;\"><iframe class=\"youtube-player\" width=\"1200\" height=\"675\" src=\"https:\/\/www.youtube.com\/embed\/GMjyArdxsUo?version=3&#038;rel=1&#038;showsearch=0&#038;showinfo=1&#038;iv_load_policy=1&#038;fs=1&#038;hl=es-MX&#038;autohide=2&#038;wmode=transparent\" allowfullscreen=\"true\" style=\"border:0;\" sandbox=\"allow-scripts allow-same-origin allow-popups allow-presentation allow-popups-to-escape-sandbox\"><\/iframe><\/span><\/p>\n<p style=\"text-align: left\">En contexto: El universo de Avatar abarca un mundo en donde algunas personas tienen la habilidad de controlar los elementos y estas habitan en tribus dependiendo del elemento, como la tribu del agua o el reino de la tierra. En cada generaci\u00f3n hay un \u201cAvatar\u201d, una persona con la habilidad de controlar los 4 elementos y que adem\u00e1s de ser un mediador de paz a la tierra es un puente entre el mundo de los esp\u00edritus y el f\u00edsico, cada que este muere reencarna en alguien m\u00e1s siguiendo un patr\u00f3n c\u00edclico dependiendo de las tribus (Agua-Tierra-Fuego-Aire).<\/p>\n<p><a href=\"https:\/\/i0.wp.com\/www.kalot.com.mx\/wp-content\/uploads\/2013\/10\/tumblr_m39xa9pa5o1qf2564o5_500.gif\"><img decoding=\"async\" data-attachment-id=\"4986\" data-permalink=\"https:\/\/kalot.com.mx\/site\/2013\/10\/27\/review-avatar-la-leyenda-de-korra\/tumblr_m39xa9pa5o1qf2564o5_500\/\" data-orig-file=\"https:\/\/i0.wp.com\/kalot.com.mx\/site\/wp-content\/uploads\/2013\/10\/tumblr_m39xa9pa5o1qf2564o5_500.gif?fit=500%2C281&amp;ssl=1\" data-orig-size=\"500,281\" data-comments-opened=\"1\" data-image-meta=\"{&quot;aperture&quot;:&quot;0&quot;,&quot;credit&quot;:&quot;&quot;,&quot;camera&quot;:&quot;&quot;,&quot;caption&quot;:&quot;&quot;,&quot;created_timestamp&quot;:&quot;0&quot;,&quot;copyright&quot;:&quot;&quot;,&quot;focal_length&quot;:&quot;0&quot;,&quot;iso&quot;:&quot;0&quot;,&quot;shutter_speed&quot;:&quot;0&quot;,&quot;title&quot;:&quot;&quot;}\" data-image-title=\"tumblr_m39xa9pa5o1qf2564o5_500\" data-image-description=\"\" data-image-caption=\"\" data-large-file=\"https:\/\/i0.wp.com\/kalot.com.mx\/site\/wp-content\/uploads\/2013\/10\/tumblr_m39xa9pa5o1qf2564o5_500.gif?fit=500%2C281&amp;ssl=1\" class=\"aligncenter size-full wp-image-4986\" alt=\"tumblr_m39xa9pa5o1qf2564o5_500\" src=\"https:\/\/i0.wp.com\/kalot.com.mx\/site\/wp-content\/uploads\/2013\/08\/millennial-generation-workplace-casual-620px-620x412.jpg?fit=620%2C412&#038;ssl=1\" width=\"620\" height=\"412\" \/><\/a><\/p>\n<p style=\"text-align: left\">La leyenda de Korra cronol\u00f3gicamente sucede 70 a\u00f1os despu\u00e9s del final de la leyenda de Aang (en donde este ya muri\u00f3) y nos presenta la historia de Korra, la nueva avatar de tan solo 17 a\u00f1os que viaja desde su tierra natal (Tribu Agua del Sur) hasta Ciudad <a href=\"https:\/\/i0.wp.com\/www.kalot.com.mx\/wp-content\/uploads\/2013\/10\/images7.jpg\"><img decoding=\"async\" data-attachment-id=\"4983\" data-permalink=\"https:\/\/kalot.com.mx\/site\/images-18\/\" data-orig-file=\"https:\/\/i0.wp.com\/kalot.com.mx\/site\/wp-content\/uploads\/2013\/10\/images7.jpg?fit=299%2C168&amp;ssl=1\" data-orig-size=\"299,168\" data-comments-opened=\"1\" data-image-meta=\"{&quot;aperture&quot;:&quot;0&quot;,&quot;credit&quot;:&quot;&quot;,&quot;camera&quot;:&quot;&quot;,&quot;caption&quot;:&quot;&quot;,&quot;created_timestamp&quot;:&quot;0&quot;,&quot;copyright&quot;:&quot;&quot;,&quot;focal_length&quot;:&quot;0&quot;,&quot;iso&quot;:&quot;0&quot;,&quot;shutter_speed&quot;:&quot;0&quot;,&quot;title&quot;:&quot;&quot;}\" data-image-title=\"images\" data-image-description=\"\" data-image-caption=\"\" data-large-file=\"https:\/\/i0.wp.com\/kalot.com.mx\/site\/wp-content\/uploads\/2013\/10\/images7.jpg?fit=299%2C168&amp;ssl=1\" class=\"alignleft size-full wp-image-4983\" alt=\"images\" src=\"https:\/\/i0.wp.com\/kalot.com.mx\/site\/wp-content\/uploads\/2013\/08\/millennial-generation-workplace-casual-620px-620x412.jpg?fit=620%2C412&#038;ssl=1\" width=\"620\" height=\"412\" \/><\/a>Rep\u00fablica, esto para dominar el \u00fanico elemento que le falta, el aire control. La serie plantea un mundo muy cambiado (hasta cierto punto medio steampunk) comparado con el mostrado en la historia de Aang, adem\u00e1s de tocar temas diversos como el terrorismo, disturbios pol\u00edtico, diferencia de clases y hasta problemas amorosos. En las aventuras de nuestra hero\u00edna se involucraran personajes que son descendientes de nuestros protagonistas de la leyenda Aang, como la jefa de polic\u00eda Lin Beifong, hija de Toph o Tenzin, hijo de Aang y Katara y \u00fanico maestro aire. En el libro 1 la trama sigue la historia de los igualitarios, gente sin la habilidad de manejar elementos que luchan por quitarle esta a los \u201cBenders\u201d para buscar una sociedad equitativa. En el segundo libro seguiremos la historia del mundo de los esp\u00edritus y del primer avatar, ambos libros con el humor caracter\u00edstico de la serie. Todo esto combinado hace de esta serie un programa que sin duda no te puedes perder.<\/p>\n<p><a href=\"https:\/\/i0.wp.com\/www.kalot.com.mx\/wp-content\/uploads\/2013\/10\/korra1.jpg\"><img loading=\"lazy\" decoding=\"async\" data-attachment-id=\"4988\" data-permalink=\"https:\/\/kalot.com.mx\/site\/2013\/10\/27\/review-avatar-la-leyenda-de-korra\/korra-2\/\" data-orig-file=\"https:\/\/i0.wp.com\/kalot.com.mx\/site\/wp-content\/uploads\/2013\/10\/korra1.jpg?fit=840%2C489&amp;ssl=1\" data-orig-size=\"840,489\" data-comments-opened=\"1\" data-image-meta=\"{&quot;aperture&quot;:&quot;0&quot;,&quot;credit&quot;:&quot;&quot;,&quot;camera&quot;:&quot;&quot;,&quot;caption&quot;:&quot;&quot;,&quot;created_timestamp&quot;:&quot;0&quot;,&quot;copyright&quot;:&quot;&quot;,&quot;focal_length&quot;:&quot;0&quot;,&quot;iso&quot;:&quot;0&quot;,&quot;shutter_speed&quot;:&quot;0&quot;,&quot;title&quot;:&quot;&quot;}\" data-image-title=\"korra\" data-image-description=\"\" data-image-caption=\"\" data-large-file=\"https:\/\/i0.wp.com\/kalot.com.mx\/site\/wp-content\/uploads\/2013\/10\/korra1.jpg?fit=840%2C489&amp;ssl=1\" class=\"aligncenter size-full wp-image-4988\" alt=\"korra\" src=\"https:\/\/i0.wp.com\/kalot.com.mx\/site\/wp-content\/uploads\/2013\/08\/millennial-generation-workplace-casual-620px-620x412.jpg?fit=620%2C412&#038;ssl=1\" width=\"620\" height=\"412\" \/><\/a><\/p>\n<p style=\"text-align: left\">Si nunca han visto la serie, esta es una buena oportunidad para empezar a verla, desde la leyenda de Aang. Abst\u00e9nganse de comparar la bazofia de pel\u00edcula de M. Night Shyamalan con la serie, y de paso tambi\u00e9n abst\u00e9nganse de ver la pel\u00edcula si no lo han hecho. Si bien puede parecer que la serie est\u00e1 dirigida a un p\u00fablico infantil por como se manejan los temas, no veo inconveniente alguno en que los pubertos\/adolescentes\/adultos podamos disfrutarla. Kaloch@s \u00bfUstedes ya vieron esta elogiada serie? \u00bfLes parece una buena opci\u00f3n haber hecho la Leyenda de Korra?<\/p>\n","protected":false},"excerpt":{"rendered":"Kaloch@s si al igual que yo cuando se acabo Avatar: La leyenda de Aang sintieron que su vida&hellip;\n","protected":false},"author":34,"featured_media":4981,"comment_status":"open","ping_status":"open","sticky":false,"template":"","format":"standard","meta":{"jetpack_post_was_ever_published":false,"_jetpack_newsletter_access":"","_jetpack_dont_email_post_to_subs":false,"_jetpack_newsletter_tier_id":0,"_jetpack_memberships_contains_paywalled_content":false,"_jetpack_memberships_contains_paid_content":false,"footnotes":"","jetpack_publicize_message":"","jetpack_publicize_feature_enabled":true,"jetpack_social_post_already_shared":true,"jetpack_social_options":{"image_generator_settings":{"template":"highway","default_image_id":0,"font":"","enabled":false},"version":2}},"categories":[1],"tags":[],"class_list":{"0":"post-4985","1":"post","2":"type-post","3":"status-publish","4":"format-standard","5":"has-post-thumbnail","7":"category-sin-categoria","8":"cs-entry","9":"cs-video-wrap"},"yoast_head":"<!-- This site is optimized with the Yoast SEO plugin v27.5 - https:\/\/yoast.com\/product\/yoast-seo-wordpress\/ -->\n<title>Review: \u201cAVATAR: La leyenda de Korra\u201d - Kalot<\/title>\n<meta name=\"description\" content=\"Kaloch@s si al igual que yo cuando se acabo Avatar: La leyenda de Aang sintieron que su vida no ten\u00eda ning\u00fan prop\u00f3sito ya, puede que la alegr\u00eda regrese a\" \/>\n<meta name=\"robots\" content=\"index, follow, max-snippet:-1, max-image-preview:large, max-video-preview:-1\" \/>\n<link rel=\"canonical\" href=\"https:\/\/kalot.com.mx\/site\/2013\/10\/27\/review-avatar-la-leyenda-de-korra\/\" \/>\n<meta property=\"og:locale\" content=\"es_MX\" \/>\n<meta property=\"og:type\" content=\"article\" \/>\n<meta property=\"og:title\" content=\"Review: \u201cAVATAR: La leyenda de Korra\u201d - Kalot\" \/>\n<meta property=\"og:description\" content=\"Kaloch@s si al igual que yo cuando se acabo Avatar: La leyenda de Aang sintieron que su vida no ten\u00eda ning\u00fan prop\u00f3sito ya, puede que la alegr\u00eda regrese a\" \/>\n<meta property=\"og:url\" content=\"https:\/\/kalot.com.mx\/site\/2013\/10\/27\/review-avatar-la-leyenda-de-korra\/\" \/>\n<meta property=\"og:site_name\" content=\"Kalot\" \/>\n<meta property=\"article:publisher\" content=\"http:\/\/facebook.com\/mxkalot\" \/>\n<meta property=\"article:author\" content=\"https:\/\/www.facebook.com\/cris.patlan93\" \/>\n<meta property=\"article:published_time\" content=\"2013-10-28T04:56:40+00:00\" \/>\n<meta property=\"article:modified_time\" content=\"2017-12-20T15:26:08+00:00\" \/>\n<meta property=\"og:image\" content=\"https:\/\/i0.wp.com\/kalot.com.mx\/site\/wp-content\/uploads\/2013\/10\/wallpapers-de-la-leyenda-de-korra4.jpg?fit=500%2C375&ssl=1\" \/>\n\t<meta property=\"og:image:width\" content=\"500\" \/>\n\t<meta property=\"og:image:height\" content=\"375\" \/>\n\t<meta property=\"og:image:type\" content=\"image\/jpeg\" \/>\n<meta name=\"author\" content=\"Cristian Patl\u00e1n\" \/>\n<meta name=\"twitter:card\" content=\"summary_large_image\" \/>\n<meta name=\"twitter:creator\" content=\"@Yisus_Patlan\" \/>\n<meta name=\"twitter:site\" content=\"@kalotmx\" \/>\n<meta name=\"twitter:label1\" content=\"Escrito por\" \/>\n\t<meta name=\"twitter:data1\" content=\"Cristian Patl\u00e1n\" \/>\n\t<meta name=\"twitter:label2\" content=\"Tiempo de lectura\" \/>\n\t<meta name=\"twitter:data2\" content=\"3 minutos\" \/>\n<!-- \/ Yoast SEO plugin. -->","yoast_head_json":{"title":"Review: \u201cAVATAR: La leyenda de Korra\u201d - Kalot","description":"Kaloch@s si al igual que yo cuando se acabo Avatar: La leyenda de Aang sintieron que su vida no ten\u00eda ning\u00fan prop\u00f3sito ya, puede que la alegr\u00eda regrese a","robots":{"index":"index","follow":"follow","max-snippet":"max-snippet:-1","max-image-preview":"max-image-preview:large","max-video-preview":"max-video-preview:-1"},"canonical":"https:\/\/kalot.com.mx\/site\/2013\/10\/27\/review-avatar-la-leyenda-de-korra\/","og_locale":"es_MX","og_type":"article","og_title":"Review: \u201cAVATAR: La leyenda de Korra\u201d - Kalot","og_description":"Kaloch@s si al igual que yo cuando se acabo Avatar: La leyenda de Aang sintieron que su vida no ten\u00eda ning\u00fan prop\u00f3sito ya, puede que la alegr\u00eda regrese a","og_url":"https:\/\/kalot.com.mx\/site\/2013\/10\/27\/review-avatar-la-leyenda-de-korra\/","og_site_name":"Kalot","article_publisher":"http:\/\/facebook.com\/mxkalot","article_author":"https:\/\/www.facebook.com\/cris.patlan93","article_published_time":"2013-10-28T04:56:40+00:00","article_modified_time":"2017-12-20T15:26:08+00:00","og_image":[{"width":500,"height":375,"url":"https:\/\/i0.wp.com\/kalot.com.mx\/site\/wp-content\/uploads\/2013\/10\/wallpapers-de-la-leyenda-de-korra4.jpg?fit=500%2C375&ssl=1","type":"image\/jpeg"}],"author":"Cristian Patl\u00e1n","twitter_card":"summary_large_image","twitter_creator":"@Yisus_Patlan","twitter_site":"@kalotmx","twitter_misc":{"Escrito por":"Cristian Patl\u00e1n","Tiempo de lectura":"3 minutos"},"schema":{"@context":"https:\/\/schema.org","@graph":[{"@type":"Article","@id":"https:\/\/kalot.com.mx\/site\/2013\/10\/27\/review-avatar-la-leyenda-de-korra\/#article","isPartOf":{"@id":"https:\/\/kalot.com.mx\/site\/2013\/10\/27\/review-avatar-la-leyenda-de-korra\/"},"author":{"name":"Cristian Patl\u00e1n","@id":"https:\/\/kalot.com.mx\/site\/#\/schema\/person\/6bdbd46347e033d36a508b69486fc24f"},"headline":"Review: \u201cAVATAR: La leyenda de Korra\u201d","datePublished":"2013-10-28T04:56:40+00:00","dateModified":"2017-12-20T15:26:08+00:00","mainEntityOfPage":{"@id":"https:\/\/kalot.com.mx\/site\/2013\/10\/27\/review-avatar-la-leyenda-de-korra\/"},"wordCount":519,"commentCount":1,"publisher":{"@id":"https:\/\/kalot.com.mx\/site\/#organization"},"image":{"@id":"https:\/\/kalot.com.mx\/site\/2013\/10\/27\/review-avatar-la-leyenda-de-korra\/#primaryimage"},"thumbnailUrl":"https:\/\/i0.wp.com\/kalot.com.mx\/site\/wp-content\/uploads\/2013\/10\/wallpapers-de-la-leyenda-de-korra4.jpg?fit=500%2C375&ssl=1","inLanguage":"es","potentialAction":[{"@type":"CommentAction","name":"Comment","target":["https:\/\/kalot.com.mx\/site\/2013\/10\/27\/review-avatar-la-leyenda-de-korra\/#respond"]}]},{"@type":"WebPage","@id":"https:\/\/kalot.com.mx\/site\/2013\/10\/27\/review-avatar-la-leyenda-de-korra\/","url":"https:\/\/kalot.com.mx\/site\/2013\/10\/27\/review-avatar-la-leyenda-de-korra\/","name":"Review: \u201cAVATAR: La leyenda de Korra\u201d - Kalot","isPartOf":{"@id":"https:\/\/kalot.com.mx\/site\/#website"},"primaryImageOfPage":{"@id":"https:\/\/kalot.com.mx\/site\/2013\/10\/27\/review-avatar-la-leyenda-de-korra\/#primaryimage"},"image":{"@id":"https:\/\/kalot.com.mx\/site\/2013\/10\/27\/review-avatar-la-leyenda-de-korra\/#primaryimage"},"thumbnailUrl":"https:\/\/i0.wp.com\/kalot.com.mx\/site\/wp-content\/uploads\/2013\/10\/wallpapers-de-la-leyenda-de-korra4.jpg?fit=500%2C375&ssl=1","datePublished":"2013-10-28T04:56:40+00:00","dateModified":"2017-12-20T15:26:08+00:00","description":"Kaloch@s si al igual que yo cuando se acabo Avatar: La leyenda de Aang sintieron que su vida no ten\u00eda ning\u00fan prop\u00f3sito ya, puede que la alegr\u00eda regrese a","breadcrumb":{"@id":"https:\/\/kalot.com.mx\/site\/2013\/10\/27\/review-avatar-la-leyenda-de-korra\/#breadcrumb"},"inLanguage":"es","potentialAction":[{"@type":"ReadAction","target":["https:\/\/kalot.com.mx\/site\/2013\/10\/27\/review-avatar-la-leyenda-de-korra\/"]}]},{"@type":"ImageObject","inLanguage":"es","@id":"https:\/\/kalot.com.mx\/site\/2013\/10\/27\/review-avatar-la-leyenda-de-korra\/#primaryimage","url":"https:\/\/i0.wp.com\/kalot.com.mx\/site\/wp-content\/uploads\/2013\/10\/wallpapers-de-la-leyenda-de-korra4.jpg?fit=500%2C375&ssl=1","contentUrl":"https:\/\/i0.wp.com\/kalot.com.mx\/site\/wp-content\/uploads\/2013\/10\/wallpapers-de-la-leyenda-de-korra4.jpg?fit=500%2C375&ssl=1","width":500,"height":375},{"@type":"BreadcrumbList","@id":"https:\/\/kalot.com.mx\/site\/2013\/10\/27\/review-avatar-la-leyenda-de-korra\/#breadcrumb","itemListElement":[{"@type":"ListItem","position":1,"name":"Home","item":"https:\/\/kalot.com.mx\/site\/"},{"@type":"ListItem","position":2,"name":"Review: \u201cAVATAR: La leyenda de Korra\u201d"}]},{"@type":"WebSite","@id":"https:\/\/kalot.com.mx\/site\/#website","url":"https:\/\/kalot.com.mx\/site\/","name":"Kalot","description":"Conoce Todo Sobre Todo","publisher":{"@id":"https:\/\/kalot.com.mx\/site\/#organization"},"potentialAction":[{"@type":"SearchAction","target":{"@type":"EntryPoint","urlTemplate":"https:\/\/kalot.com.mx\/site\/?s={search_term_string}"},"query-input":{"@type":"PropertyValueSpecification","valueRequired":true,"valueName":"search_term_string"}}],"inLanguage":"es"},{"@type":"Organization","@id":"https:\/\/kalot.com.mx\/site\/#organization","name":"Kalot","url":"https:\/\/kalot.com.mx\/site\/","logo":{"@type":"ImageObject","inLanguage":"es","@id":"https:\/\/kalot.com.mx\/site\/#\/schema\/logo\/image\/","url":"https:\/\/i0.wp.com\/kalot.com.mx\/site\/wp-content\/uploads\/2020\/04\/Kalot-logo-sin-tagline.png?fit=1707%2C1014&ssl=1","contentUrl":"https:\/\/i0.wp.com\/kalot.com.mx\/site\/wp-content\/uploads\/2020\/04\/Kalot-logo-sin-tagline.png?fit=1707%2C1014&ssl=1","width":1707,"height":1014,"caption":"Kalot"},"image":{"@id":"https:\/\/kalot.com.mx\/site\/#\/schema\/logo\/image\/"},"sameAs":["http:\/\/facebook.com\/mxkalot","https:\/\/x.com\/kalotmx","http:\/\/instagram.com\/kalotmx","http:\/\/pinterest.com\/jorgeerana\/kalot"]},{"@type":"Person","@id":"https:\/\/kalot.com.mx\/site\/#\/schema\/person\/6bdbd46347e033d36a508b69486fc24f","name":"Cristian Patl\u00e1n","image":{"@type":"ImageObject","inLanguage":"es","@id":"https:\/\/secure.gravatar.com\/avatar\/b7b82d811d3878355ee7189204c1d2a61c16738012a3341c84e47b436eff8a7d?s=96&d=mm&r=g","url":"https:\/\/secure.gravatar.com\/avatar\/b7b82d811d3878355ee7189204c1d2a61c16738012a3341c84e47b436eff8a7d?s=96&d=mm&r=g","contentUrl":"https:\/\/secure.gravatar.com\/avatar\/b7b82d811d3878355ee7189204c1d2a61c16738012a3341c84e47b436eff8a7d?s=96&d=mm&r=g","caption":"Cristian Patl\u00e1n"},"description":"Qu\u00edmico farmacobi\u00f3logo en formaci\u00f3n, Gamer de coraz\u00f3n, Cin\u00e9filo sin raz\u00f3n, Intelectualoide cabez\u00f3n, No me mido con la tragaz\u00f3n.","sameAs":["https:\/\/www.facebook.com\/cris.patlan93","https:\/\/x.com\/Yisus_Patlan"],"url":"https:\/\/kalot.com.mx\/site\/author\/patlan\/"}]}},"jetpack_publicize_connections":[],"jetpack_featured_media_url":"https:\/\/i0.wp.com\/kalot.com.mx\/site\/wp-content\/uploads\/2013\/10\/wallpapers-de-la-leyenda-de-korra4.jpg?fit=500%2C375&ssl=1","jetpack_shortlink":"https:\/\/wp.me\/p6IHEI-1ip","jetpack-related-posts":[{"id":17020,"url":"https:\/\/kalot.com.mx\/site\/2014\/06\/27\/korra-tambien-sabe-patear\/","url_meta":{"origin":4985,"position":0},"title":"\u00a1Korra tambi\u00e9n sabe patear!","author":"Ivan Mendez","date":"27 junio, 2014","format":false,"excerpt":"Tengo que decir que tambi\u00e9n soy y esto no siempre, un gran fan de la animaci\u00f3n como el anime hasta otras series que pudiesen parecer para ni\u00f1os. La leyenda de Korra trata de la nueva avatar - Aqu\u00ed suponiendo que hallan visto La leyenda de aang - nacida en la\u2026","rel":"","context":"Entrada similar ","block_context":{"text":"Entrada similar ","link":""},"img":{"alt_text":"","src":"https:\/\/i0.wp.com\/kalot.com.mx\/site\/wp-content\/uploads\/2014\/06\/The-Legend-of-Korra-Season-2-Episode-14-Light-in-the-Dark.jpg?fit=1200%2C686&ssl=1&resize=350%2C200","width":350,"height":200,"srcset":"https:\/\/i0.wp.com\/kalot.com.mx\/site\/wp-content\/uploads\/2014\/06\/The-Legend-of-Korra-Season-2-Episode-14-Light-in-the-Dark.jpg?fit=1200%2C686&ssl=1&resize=350%2C200 1x, https:\/\/i0.wp.com\/kalot.com.mx\/site\/wp-content\/uploads\/2014\/06\/The-Legend-of-Korra-Season-2-Episode-14-Light-in-the-Dark.jpg?fit=1200%2C686&ssl=1&resize=525%2C300 1.5x, https:\/\/i0.wp.com\/kalot.com.mx\/site\/wp-content\/uploads\/2014\/06\/The-Legend-of-Korra-Season-2-Episode-14-Light-in-the-Dark.jpg?fit=1200%2C686&ssl=1&resize=700%2C400 2x, https:\/\/i0.wp.com\/kalot.com.mx\/site\/wp-content\/uploads\/2014\/06\/The-Legend-of-Korra-Season-2-Episode-14-Light-in-the-Dark.jpg?fit=1200%2C686&ssl=1&resize=1050%2C600 3x"},"classes":[]},{"id":19553,"url":"https:\/\/kalot.com.mx\/site\/2014\/12\/23\/la-leyenda-de-korra-llega-su-final-haciendo-historia\/","url_meta":{"origin":4985,"position":1},"title":"La leyenda de Korra llega a su final haciendo historia.","author":"Ivan Mendez","date":"23 diciembre, 2014","format":false,"excerpt":"En 2012 lleg\u00f3 a la televisi\u00f3n de la mano de Nickelodeon La leyenda de Korra, serie de dibujos animados ubicada en un universo en las personas pueden, dependiendo de la\u00a0naci\u00f3n a la que pertenezcan, controlar un elemento. Dentro de esta idea existe tambi\u00e9n un \u00fanico humano con la capacidad para\u2026","rel":"","context":"Con 2 comentarios","block_context":{"text":"Con 2 comentarios","link":"https:\/\/kalot.com.mx\/site\/2014\/12\/23\/la-leyenda-de-korra-llega-su-final-haciendo-historia\/#comments"},"img":{"alt_text":"","src":"https:\/\/i0.wp.com\/kalot.com.mx\/site\/wp-content\/uploads\/2014\/12\/10868156_736260169784703_8403133624507052673_n.png?fit=960%2C534&ssl=1&resize=350%2C200","width":350,"height":200,"srcset":"https:\/\/i0.wp.com\/kalot.com.mx\/site\/wp-content\/uploads\/2014\/12\/10868156_736260169784703_8403133624507052673_n.png?fit=960%2C534&ssl=1&resize=350%2C200 1x, https:\/\/i0.wp.com\/kalot.com.mx\/site\/wp-content\/uploads\/2014\/12\/10868156_736260169784703_8403133624507052673_n.png?fit=960%2C534&ssl=1&resize=525%2C300 1.5x, https:\/\/i0.wp.com\/kalot.com.mx\/site\/wp-content\/uploads\/2014\/12\/10868156_736260169784703_8403133624507052673_n.png?fit=960%2C534&ssl=1&resize=700%2C400 2x"},"classes":[]},{"id":25867,"url":"https:\/\/kalot.com.mx\/site\/2016\/08\/28\/nuevos-spots-blair-witch\/","url_meta":{"origin":4985,"position":2},"title":"Nuevos spots de #BlairWitch","author":"yash","date":"28 agosto, 2016","format":false,"excerpt":"Lionsgate ha comenzado a emitir TV Spots de la Bruja de Blair. El primero de ellos nos hace recordar un poco sobre la historia de 1999 mientras que el segundo nos advierte la maldici\u00f3n que ser\u00e1 explorada en esta pel\u00edcula. \u201cUn grupo de estudiantes universitarios se introducen en el Bosque\u2026","rel":"","context":"En &quot;Cine&quot;","block_context":{"text":"Cine","link":"https:\/\/kalot.com.mx\/site\/category\/cine\/"},"img":{"alt_text":"","src":"https:\/\/i0.wp.com\/kalot.com.mx\/site\/wp-content\/uploads\/2016\/08\/Screen-Shot-2016-08-28-at-8.35.33-AM.jpg?fit=620%2C400&ssl=1&resize=350%2C200","width":350,"height":200,"srcset":"https:\/\/i0.wp.com\/kalot.com.mx\/site\/wp-content\/uploads\/2016\/08\/Screen-Shot-2016-08-28-at-8.35.33-AM.jpg?fit=620%2C400&ssl=1&resize=350%2C200 1x, https:\/\/i0.wp.com\/kalot.com.mx\/site\/wp-content\/uploads\/2016\/08\/Screen-Shot-2016-08-28-at-8.35.33-AM.jpg?fit=620%2C400&ssl=1&resize=525%2C300 1.5x"},"classes":[]},{"id":25687,"url":"https:\/\/kalot.com.mx\/site\/2016\/07\/31\/nuevo-trailer-la-bruja-blair\/","url_meta":{"origin":4985,"position":3},"title":"El nuevo trailer de &#8220;La Bruja de Blair&#8221;","author":"yash","date":"31 julio, 2016","format":false,"excerpt":"La inesperada secuela de \"La Bruja de Blair\" llegar\u00e1 en Septiembre y ha liberado su primer trailer. Lionsgate sorprendi\u00f3 a todos con el lanzamiento de la nueva secuela directa de \"La Bruja de Blair\"; nadie esperaba esto debido a que se trabaja en un proyecto titulado \"El Bosque\", que result\u00f3\u2026","rel":"","context":"En &quot;Cine&quot;","block_context":{"text":"Cine","link":"https:\/\/kalot.com.mx\/site\/category\/cine\/"},"img":{"alt_text":"","src":"https:\/\/i0.wp.com\/kalot.com.mx\/site\/wp-content\/uploads\/2016\/07\/Screen-Shot-2016-07-22-at-2.24.25-PM.jpg?fit=620%2C400&ssl=1&resize=350%2C200","width":350,"height":200,"srcset":"https:\/\/i0.wp.com\/kalot.com.mx\/site\/wp-content\/uploads\/2016\/07\/Screen-Shot-2016-07-22-at-2.24.25-PM.jpg?fit=620%2C400&ssl=1&resize=350%2C200 1x, https:\/\/i0.wp.com\/kalot.com.mx\/site\/wp-content\/uploads\/2016\/07\/Screen-Shot-2016-07-22-at-2.24.25-PM.jpg?fit=620%2C400&ssl=1&resize=525%2C300 1.5x"},"classes":[]},{"id":16544,"url":"https:\/\/kalot.com.mx\/site\/2014\/05\/30\/trailer-en-espanol-de-la-pelicula-de-los-caballeros-del-zodiaco-la-leyenda-del-santuario\/","url_meta":{"origin":4985,"position":4},"title":"Tr\u00e1iler en espa\u00f1ol de la pel\u00edcula de Los Caballeros del Zodiaco: La Leyenda del Santuario","author":"Jorge Era\u00f1a","date":"30 mayo, 2014","format":false,"excerpt":"Si todav\u00eda tienen sus monitos\u00a0dorados de hace algunos ayeres, prep\u00e1rate y abr\u00e1zalo con fuerza porque aqu\u00ed est\u00e1 el tr\u00e1iler en espa\u00f1ol de su nueva pel\u00edcula Los Caballeros del Zodiaco: La Leyenda del Santuario [embedvideo id=\"B2UmEN9mOkY\" website=\"youtube\"] La pel\u00edcula se lanzar\u00e1 en septiembre de este 2014 y todo parece que Diamond\u2026","rel":"","context":"Con 3 comentarios","block_context":{"text":"Con 3 comentarios","link":"https:\/\/kalot.com.mx\/site\/2014\/05\/30\/trailer-en-espanol-de-la-pelicula-de-los-caballeros-del-zodiaco-la-leyenda-del-santuario\/#comments"},"img":{"alt_text":"","src":"https:\/\/i0.wp.com\/kalot.com.mx\/site\/wp-content\/uploads\/2014\/05\/los-caballeros-del-zodiaco-leyenda-del-santuario.jpg?fit=500%2C250&ssl=1&resize=350%2C200","width":350,"height":200},"classes":[]},{"id":10613,"url":"https:\/\/kalot.com.mx\/site\/2014\/01\/29\/just-add-zero-cocacolazeromx\/","url_meta":{"origin":4985,"position":5},"title":"Just Add Zero @CocaColaZeroMx","author":"Dulce Mireles","date":"29 enero, 2014","format":false,"excerpt":"Recientemente Coca Cola Zero de la gran familia de gaseosas de la ciudad de Atlanta, Georgia EUA ha lanzado este interesante spot bajo la leyenda \"Just add Zero\" Del director\u00a0NIMA Nourizadeh quien ha trabajo con artistas como Lilly Allen,\u00a0Sophie Ellis-Bextor y \u00a0Hot Chip, sin embargo NIMA ha sido reconocido por\u2026","rel":"","context":"Entrada similar ","block_context":{"text":"Entrada similar ","link":""},"img":{"alt_text":"","src":"https:\/\/i0.wp.com\/kalot.com.mx\/site\/wp-content\/uploads\/2014\/01\/x.jpg?fit=1200%2C800&ssl=1&resize=350%2C200","width":350,"height":200,"srcset":"https:\/\/i0.wp.com\/kalot.com.mx\/site\/wp-content\/uploads\/2014\/01\/x.jpg?fit=1200%2C800&ssl=1&resize=350%2C200 1x, https:\/\/i0.wp.com\/kalot.com.mx\/site\/wp-content\/uploads\/2014\/01\/x.jpg?fit=1200%2C800&ssl=1&resize=525%2C300 1.5x, https:\/\/i0.wp.com\/kalot.com.mx\/site\/wp-content\/uploads\/2014\/01\/x.jpg?fit=1200%2C800&ssl=1&resize=700%2C400 2x, https:\/\/i0.wp.com\/kalot.com.mx\/site\/wp-content\/uploads\/2014\/01\/x.jpg?fit=1200%2C800&ssl=1&resize=1050%2C600 3x"},"classes":[]}],"jetpack_sharing_enabled":true,"_links":{"self":[{"href":"https:\/\/kalot.com.mx\/site\/wp-json\/wp\/v2\/posts\/4985","targetHints":{"allow":["GET"]}}],"collection":[{"href":"https:\/\/kalot.com.mx\/site\/wp-json\/wp\/v2\/posts"}],"about":[{"href":"https:\/\/kalot.com.mx\/site\/wp-json\/wp\/v2\/types\/post"}],"author":[{"embeddable":true,"href":"https:\/\/kalot.com.mx\/site\/wp-json\/wp\/v2\/users\/34"}],"replies":[{"embeddable":true,"href":"https:\/\/kalot.com.mx\/site\/wp-json\/wp\/v2\/comments?post=4985"}],"version-history":[{"count":1,"href":"https:\/\/kalot.com.mx\/site\/wp-json\/wp\/v2\/posts\/4985\/revisions"}],"predecessor-version":[{"id":28154,"href":"https:\/\/kalot.com.mx\/site\/wp-json\/wp\/v2\/posts\/4985\/revisions\/28154"}],"wp:featuredmedia":[{"embeddable":true,"href":"https:\/\/kalot.com.mx\/site\/wp-json\/wp\/v2\/media\/4981"}],"wp:attachment":[{"href":"https:\/\/kalot.com.mx\/site\/wp-json\/wp\/v2\/media?parent=4985"}],"wp:term":[{"taxonomy":"category","embeddable":true,"href":"https:\/\/kalot.com.mx\/site\/wp-json\/wp\/v2\/categories?post=4985"},{"taxonomy":"post_tag","embeddable":true,"href":"https:\/\/kalot.com.mx\/site\/wp-json\/wp\/v2\/tags?post=4985"}],"curies":[{"name":"wp","href":"https:\/\/api.w.org\/{rel}","templated":true}]}}