{"id":4944,"date":"2013-10-27T20:49:34","date_gmt":"2013-10-28T02:49:34","guid":{"rendered":"http:\/\/www.kalot.com.mx\/?p=4944"},"modified":"2013-12-31T10:22:23","modified_gmt":"2013-12-31T16:22:23","slug":"joaquin-sabina-te-mueras-nunca-galeria-concierto-slp","status":"publish","type":"post","link":"https:\/\/kalot.com.mx\/site\/2013\/10\/27\/joaquin-sabina-te-mueras-nunca-galeria-concierto-slp\/","title":{"rendered":"Joaqu\u00edn Sabina, \u00a1No te mueras nunca! (Rese\u00f1a\/Galer\u00eda Concierto SLP)"},"content":{"rendered":"<blockquote><p>Que no arranquen los coches,<br \/>\nque se detengan todas las factor\u00edas,<br \/>\nque la ciudad se llene de largas noches<br \/>\ny calles fr\u00edas&#8230;<\/p><\/blockquote>\n<p style=\"text-align: justify;\">Conocido como &#8220;El Flaco&#8221;, Joaqu\u00edn Sabina recibi\u00f3 el dia viernes 25 a un p\u00fablico potosino que se entreg\u00f3 como ning\u00fan otro que yo haya visto, he tenido la fortuna de seguirle en el Distrito Federal en m\u00e1s de 2 ocasiones, una en la Corregidora de Quer\u00e9taro, y ayer en San Luis Potos\u00ed. Todo fue gracias a su gira <strong>Canciones para una crisis<\/strong> que se est\u00e1 llevando a cabo en M\u00e9xico la cu\u00e1l incluye sus grandes \u00e9xitos y algunas otras canciones que son de fans conocedores.<\/p>\n<p style=\"text-align: justify;\">Vest\u00eda traje verde, camisa azul y su peculiar sombrero de bomb\u00edn, eran las 9:15 pm cuando Sabina sali\u00f3 al escenario con un ensordecedor ruido; no supe distinguir entre aplausos, v\u00edtores, gritos, y hasta piropos. Contento, de buen humor, y con mucha energ\u00eda, Joaqu\u00edn abri\u00f3 el concierto con &#8220;<strong>esta noche contigo<\/strong>&#8220;, esta pieza que para mi es el himno perfecto para una cita rom\u00e1nica con tu pareja. Casi sin darme cuenta, ya estaba empezando con &#8220;tiramis\u00fa de lim\u00f3n&#8221; (Vinagre y Rosas) que fue de las m\u00e1s aplaudidas de la noche.<\/p>\n<p>De las m\u00e1s aclamadas y cantadas por el p\u00fablico fueron <strong>Siete Crisantemos, Y sin embargo, Por el boulevard de los sue\u00f1os rotos, Peces de ciudad, Peor para el sol, tiramis\u00fa de lim\u00f3n, Noches de Boda\/Y nos dieron las 10, llueve sobre mojado <\/strong>y la que cre\u00ed que no tocar\u00eda <strong>Pastillas para no so\u00f1ar. <\/strong>Sin embargo, las grandes sorpresas de la noche fueron;\u00a0<strong>Corre dijo la tortuga <\/strong>y <strong>Todav\u00eda una canci\u00f3n de amor, <\/strong>ya que son canciones que tal vez no forman parte de su lista de \u00e9xitos pero que a\u00fan con ello son grandes poemas del Flaco de \u00dabeda.<\/p>\n<p style=\"text-align: justify;\">El p\u00fablico, ni\u00f1os de 5 a\u00f1os vestidos de Sabina, adolescentes, adultos mayores, de todas las edades, clases, tribus, que afuera del concierto son tan diferentes, ayer, por s\u00f3lo 2 horas y media, se entregaron de una misma forma y a una sola voz. Me toc\u00f3 ver llegar a personas con semblantes muy serios y que apenas se arranc\u00f3 Sabina con las primeras, ya hab\u00edan perdido el glamour o la etiqueta. Al Flaco se le entrega el alma en cada canci\u00f3n, y ayer no fue la excepci\u00f3n. Hab\u00eda los que ven\u00edan de otras partes de la rep\u00fablica, ya que Sabina no ir\u00e1 a las tres ciudades m\u00e1s grandes de M\u00e9xico en esta gira; Guadalajara, el DF y Monterrey.<\/p>\n<p style=\"text-align: justify;\">Uno de los momentos m\u00e1s especiales de la noche fue cuando Sabina junto con Marita (corista) cantaron <strong>Y sin embargo<\/strong>, con casi todo el p\u00fablico de pie cantando &#8220;Y me envenenan los besos que voy dando, Y sin embargo cuando duermo sin t\u00ed, contigo sue\u00f1o&#8221;, tan s\u00f3lo de acordarme la piel se eriza. Hubo de todo, momentos de melancol\u00eda con canciones como <strong>Medias Negras <\/strong>y\u00a0<strong>\u00bfQui\u00e9n me ha robado el mes de abril?<\/strong> como tambien hubo momentos de amor, amistad, alegr\u00eda e inclusive de risas; como cuando Sabina, cantando 19 d\u00edas y 500 noches, hizo una pausa en la frase &#8220;Dijo: Hola y adi\u00f3s&#8221; insinuando a los asistentes que no sab\u00edan cu\u00e1l era la frase, el p\u00fablico, a una sola voz, le respondi\u00f3 cantando &#8220;Hola y adi\u00f3s&#8221;, a lo que Sabina con su peculiar sentido del humor respondi\u00f3 <strong>&#8220;\u00a1Cabrones! Maldito Twitter&#8221;<\/strong> haciendo alusi\u00f3n a que se hab\u00eda propagado la frase por dicha red.<\/p>\n<p>De manera habitual, como en sus conciertos, Sabina regal\u00f3 al p\u00fablico una serie de versos y poemas, algunos los modific\u00f3 para dar gusto a los potosinos. Sin duda, uno de mis favoritos, y que ayer recit\u00f3 es:<\/p>\n<blockquote><p>El mo\u00f1o, las pesta\u00f1as, las pupilas,<br \/>\nel peron\u00e9, la tibia, las narices,<br \/>\nla frente, los tobillos, las axilas,<br \/>\nel menisco, la aorta, las varices.<\/p>\n<p>La garganta, los p\u00e1rpados, las cejas,<br \/>\nlas plantas de los pies, la comisura,<br \/>\nlos cabellos, el coxis, las orejas,<br \/>\nlos nervios, la matriz, la dentadura.<\/p>\n<p>Las enc\u00edas, las nalgas, los tendones,<br \/>\nla rabadilla, el vientre, las costillas,<br \/>\nlos h\u00fameros, el pubis, los talones.<\/p>\n<p>La clav\u00edcula, el cr\u00e1neo, la papada,<br \/>\nel cl\u00edtoris, el alma, las cosquillas,<br \/>\nesa es mi patria, alrededor no hay nada<\/p><\/blockquote>\n<p style=\"text-align: justify;\">En medio de entradas y salidas de los m\u00fasicos acompa\u00f1antes de Sabina, <strong>Pancho Varona<\/strong>, <strong>Antonio Garc\u00eda de Diego, Marita, \u00a0Jaime Asua\u00a0y Pedrito Barcel\u00f3, <\/strong>quienes amagaron en m\u00e1s de una canci\u00f3n con terminar el concierto, despu\u00e9s de escuchar el ensordecedor grito de los fans pidiendo canciones que estaban pendientes, regresaban a su lugar y continuaban tocando, unas sin Sabina como lo fue; <strong>conductores suicidas, yo quiero ser una chica \u00c1lmodovar, el caso de la rubia platino, a la orilla de la chimenea, entre otras.<\/strong><\/p>\n<p style=\"text-align: justify;\">El cierre no pudo ser mejor, en d\u00edas pasados hab\u00eda recibido una lista de las canciones que hab\u00eda tocado en Tijuana, y para mi sorpresa esa lista no inclu\u00eda <strong>Pastillas para no so\u00f1ar<\/strong>, que desde mi punto de vista era una infaltable si la gira se llama <strong>Canciones para una crisis<\/strong>. Casi por terminar, Sabina recibi\u00f3 de uno de los de staff su gitarra el\u00e9ctrica, la de las de rock&#8217;n&#8217;roll, entonces por ese momento record\u00e9 que en los conciertos anteriores a los que hab\u00eda ido hab\u00eda terminado con Pastillas para no so\u00f1ar. Y si, fue en ese instante cuando escuch\u00e9 las primeras notas musicales de esa canci\u00f3n, sin m\u00e1s sab\u00eda que la experiencia estaba completa, no le pod\u00eda pedir nada m\u00e1s si me conced\u00eda el honor de cantar &#8220;Si lo que quieres es vivir 100 a\u00f1os, no lo hagas nunca sin cond\u00f3n&#8230; deja pasar la tentaci\u00f3n dile a esa chica que no llame m\u00e1s y si protesta el coraz\u00f3n en la farmacia puedes preguntar &lt;&lt;\u00bfTiene pastillas para no so\u00f1ar?&gt;&gt;&#8221; recuerdo que en esa canci\u00f3n bail\u00e9 de esa forma en la que no debes bailar en un concierto de Sabina; sin chiste pero con muchas ganas; y no me arrepiento, fue lo mejor de la noche, adem\u00e1s a mi alrededor nadie se notaba cuerdo, \u00a1todos estan locos por Sabina!<\/p>\n<p style=\"text-align: justify;\">Lista de canciones del concierto &#8220;Canciones para una crisis en San Luis Potos\u00ed&#8221;<\/p>\n<ul>\n<ul>\n<li><a>Esta noche<\/a> contigo<\/li>\n<li>Tiramis\u00fa de Lim\u00f3n<\/li>\n<li>Viridiana<\/li>\n<li>Medias negras<\/li>\n<li>Siete crisantemos<\/li>\n<li>\u00bfQuien me ha robado el mes de abril?<\/li>\n<li>Corre dijo la tortuga<\/li>\n<li>Por el boulevard de los sue\u00f1os rotos<\/li>\n<li>Todav\u00eda una canci\u00f3n de amor<\/li>\n<li>Llueve sobre mojado<\/li>\n<li>Conductores suicidas<\/li>\n<li>Yo quiero ser una chica Almod\u00f3var<\/li>\n<li>Y sin embargo<\/li>\n<li>Peces de ciudad<\/li>\n<li>Una canci\u00f3n para Magdalena<\/li>\n<li>Peor para el sol<\/li>\n<li>19 d\u00edas y 500 noches<\/li>\n<li>Princesa<\/li>\n<li>A la orilla de la chimenea<\/li>\n<li>Noches de boda\/Y nos dieron las 10<\/li>\n<li>El caso de la rubia platino<\/li>\n<li>Contigo<\/li>\n<li>Pastillas para no so\u00f1ar<\/li>\n<\/ul>\n<\/ul>\n<p style=\"text-align: justify;\">Galer\u00eda del concierto de Sabina en SLP<\/p>\n<p class=\"jetpack-slideshow-noscript robots-nocontent\">El pase de diapositivas requiere JavaScript.<\/p><div id=\"gallery-4944-1-slideshow\" class=\"jetpack-slideshow-window jetpack-slideshow jetpack-slideshow-black\" data-trans=\"fade\" data-autostart=\"1\" data-gallery=\"[{&quot;src&quot;:&quot;https:\\\/\\\/i0.wp.com\\\/kalot.com.mx\\\/site\\\/wp-content\\\/uploads\\\/2013\\\/10\\\/KalotSabina1.png?fit=666%2C500\\u0026ssl=1&quot;,&quot;id&quot;:&quot;4950&quot;,&quot;title&quot;:&quot;KalotSabina&quot;,&quot;alt&quot;:&quot;&quot;,&quot;caption&quot;:&quot;&quot;,&quot;itemprop&quot;:&quot;image&quot;},{&quot;src&quot;:&quot;https:\\\/\\\/i0.wp.com\\\/kalot.com.mx\\\/site\\\/wp-content\\\/uploads\\\/2013\\\/10\\\/Sabina1.png?fit=666%2C500\\u0026ssl=1&quot;,&quot;id&quot;:&quot;4951&quot;,&quot;title&quot;:&quot;Sabina1&quot;,&quot;alt&quot;:&quot;&quot;,&quot;caption&quot;:&quot;&quot;,&quot;itemprop&quot;:&quot;image&quot;},{&quot;src&quot;:&quot;https:\\\/\\\/i0.wp.com\\\/kalot.com.mx\\\/site\\\/wp-content\\\/uploads\\\/2013\\\/10\\\/Sabina2.png?fit=666%2C500\\u0026ssl=1&quot;,&quot;id&quot;:&quot;4952&quot;,&quot;title&quot;:&quot;Sabina2&quot;,&quot;alt&quot;:&quot;&quot;,&quot;caption&quot;:&quot;&quot;,&quot;itemprop&quot;:&quot;image&quot;},{&quot;src&quot;:&quot;https:\\\/\\\/i0.wp.com\\\/kalot.com.mx\\\/site\\\/wp-content\\\/uploads\\\/2013\\\/10\\\/Sabina3.png?fit=666%2C500\\u0026ssl=1&quot;,&quot;id&quot;:&quot;4953&quot;,&quot;title&quot;:&quot;Sabina3&quot;,&quot;alt&quot;:&quot;&quot;,&quot;caption&quot;:&quot;&quot;,&quot;itemprop&quot;:&quot;image&quot;},{&quot;src&quot;:&quot;https:\\\/\\\/i0.wp.com\\\/kalot.com.mx\\\/site\\\/wp-content\\\/uploads\\\/2013\\\/10\\\/Sabina4.png?fit=666%2C500\\u0026ssl=1&quot;,&quot;id&quot;:&quot;4954&quot;,&quot;title&quot;:&quot;Sabina4&quot;,&quot;alt&quot;:&quot;&quot;,&quot;caption&quot;:&quot;&quot;,&quot;itemprop&quot;:&quot;image&quot;},{&quot;src&quot;:&quot;https:\\\/\\\/i0.wp.com\\\/kalot.com.mx\\\/site\\\/wp-content\\\/uploads\\\/2013\\\/10\\\/Sabina5.png?fit=666%2C500\\u0026ssl=1&quot;,&quot;id&quot;:&quot;4955&quot;,&quot;title&quot;:&quot;Sabina5&quot;,&quot;alt&quot;:&quot;&quot;,&quot;caption&quot;:&quot;&quot;,&quot;itemprop&quot;:&quot;image&quot;},{&quot;src&quot;:&quot;https:\\\/\\\/i0.wp.com\\\/kalot.com.mx\\\/site\\\/wp-content\\\/uploads\\\/2013\\\/10\\\/Sabina6.png?fit=666%2C500\\u0026ssl=1&quot;,&quot;id&quot;:&quot;4956&quot;,&quot;title&quot;:&quot;Sabina6&quot;,&quot;alt&quot;:&quot;&quot;,&quot;caption&quot;:&quot;&quot;,&quot;itemprop&quot;:&quot;image&quot;},{&quot;src&quot;:&quot;https:\\\/\\\/i0.wp.com\\\/kalot.com.mx\\\/site\\\/wp-content\\\/uploads\\\/2013\\\/10\\\/Sabina7.png?fit=666%2C500\\u0026ssl=1&quot;,&quot;id&quot;:&quot;4957&quot;,&quot;title&quot;:&quot;Sabina7&quot;,&quot;alt&quot;:&quot;&quot;,&quot;caption&quot;:&quot;&quot;,&quot;itemprop&quot;:&quot;image&quot;},{&quot;src&quot;:&quot;https:\\\/\\\/i0.wp.com\\\/kalot.com.mx\\\/site\\\/wp-content\\\/uploads\\\/2013\\\/10\\\/Sabina8.png?fit=666%2C500\\u0026ssl=1&quot;,&quot;id&quot;:&quot;4958&quot;,&quot;title&quot;:&quot;Sabina8&quot;,&quot;alt&quot;:&quot;&quot;,&quot;caption&quot;:&quot;&quot;,&quot;itemprop&quot;:&quot;image&quot;},{&quot;src&quot;:&quot;https:\\\/\\\/i0.wp.com\\\/kalot.com.mx\\\/site\\\/wp-content\\\/uploads\\\/2013\\\/10\\\/Sabina9.png?fit=666%2C500\\u0026ssl=1&quot;,&quot;id&quot;:&quot;4959&quot;,&quot;title&quot;:&quot;Sabina9&quot;,&quot;alt&quot;:&quot;&quot;,&quot;caption&quot;:&quot;&quot;,&quot;itemprop&quot;:&quot;image&quot;},{&quot;src&quot;:&quot;https:\\\/\\\/i0.wp.com\\\/kalot.com.mx\\\/site\\\/wp-content\\\/uploads\\\/2013\\\/10\\\/Sabina10.png?fit=666%2C500\\u0026ssl=1&quot;,&quot;id&quot;:&quot;4960&quot;,&quot;title&quot;:&quot;Sabina10&quot;,&quot;alt&quot;:&quot;&quot;,&quot;caption&quot;:&quot;&quot;,&quot;itemprop&quot;:&quot;image&quot;},{&quot;src&quot;:&quot;https:\\\/\\\/i0.wp.com\\\/kalot.com.mx\\\/site\\\/wp-content\\\/uploads\\\/2013\\\/10\\\/Sabina11.png?fit=666%2C500\\u0026ssl=1&quot;,&quot;id&quot;:&quot;4961&quot;,&quot;title&quot;:&quot;Sabina11&quot;,&quot;alt&quot;:&quot;&quot;,&quot;caption&quot;:&quot;&quot;,&quot;itemprop&quot;:&quot;image&quot;},{&quot;src&quot;:&quot;https:\\\/\\\/i0.wp.com\\\/kalot.com.mx\\\/site\\\/wp-content\\\/uploads\\\/2013\\\/10\\\/Sabina12.png?fit=666%2C500\\u0026ssl=1&quot;,&quot;id&quot;:&quot;4962&quot;,&quot;title&quot;:&quot;Sabina12&quot;,&quot;alt&quot;:&quot;&quot;,&quot;caption&quot;:&quot;&quot;,&quot;itemprop&quot;:&quot;image&quot;},{&quot;src&quot;:&quot;https:\\\/\\\/i0.wp.com\\\/kalot.com.mx\\\/site\\\/wp-content\\\/uploads\\\/2013\\\/10\\\/Sabina13.png?fit=666%2C500\\u0026ssl=1&quot;,&quot;id&quot;:&quot;4963&quot;,&quot;title&quot;:&quot;Sabina13&quot;,&quot;alt&quot;:&quot;&quot;,&quot;caption&quot;:&quot;&quot;,&quot;itemprop&quot;:&quot;image&quot;},{&quot;src&quot;:&quot;https:\\\/\\\/i0.wp.com\\\/kalot.com.mx\\\/site\\\/wp-content\\\/uploads\\\/2013\\\/10\\\/Sabina14.png?fit=666%2C500\\u0026ssl=1&quot;,&quot;id&quot;:&quot;4964&quot;,&quot;title&quot;:&quot;Sabina14&quot;,&quot;alt&quot;:&quot;&quot;,&quot;caption&quot;:&quot;&quot;,&quot;itemprop&quot;:&quot;image&quot;},{&quot;src&quot;:&quot;https:\\\/\\\/i0.wp.com\\\/kalot.com.mx\\\/site\\\/wp-content\\\/uploads\\\/2013\\\/10\\\/Sabina15.png?fit=666%2C500\\u0026ssl=1&quot;,&quot;id&quot;:&quot;4965&quot;,&quot;title&quot;:&quot;Sabina15&quot;,&quot;alt&quot;:&quot;&quot;,&quot;caption&quot;:&quot;&quot;,&quot;itemprop&quot;:&quot;image&quot;},{&quot;src&quot;:&quot;https:\\\/\\\/i0.wp.com\\\/kalot.com.mx\\\/site\\\/wp-content\\\/uploads\\\/2013\\\/10\\\/Sabina16.png?fit=666%2C500\\u0026ssl=1&quot;,&quot;id&quot;:&quot;4966&quot;,&quot;title&quot;:&quot;Sabina16&quot;,&quot;alt&quot;:&quot;&quot;,&quot;caption&quot;:&quot;&quot;,&quot;itemprop&quot;:&quot;image&quot;},{&quot;src&quot;:&quot;https:\\\/\\\/i0.wp.com\\\/kalot.com.mx\\\/site\\\/wp-content\\\/uploads\\\/2013\\\/10\\\/Sabina17.png?fit=666%2C500\\u0026ssl=1&quot;,&quot;id&quot;:&quot;4967&quot;,&quot;title&quot;:&quot;Sabina17&quot;,&quot;alt&quot;:&quot;&quot;,&quot;caption&quot;:&quot;&quot;,&quot;itemprop&quot;:&quot;image&quot;},{&quot;src&quot;:&quot;https:\\\/\\\/i0.wp.com\\\/kalot.com.mx\\\/site\\\/wp-content\\\/uploads\\\/2013\\\/10\\\/Sabina18.png?fit=666%2C500\\u0026ssl=1&quot;,&quot;id&quot;:&quot;4968&quot;,&quot;title&quot;:&quot;Sabina18&quot;,&quot;alt&quot;:&quot;&quot;,&quot;caption&quot;:&quot;&quot;,&quot;itemprop&quot;:&quot;image&quot;}]\" itemscope itemtype=\"https:\/\/schema.org\/ImageGallery\"><\/div>\n<p>&nbsp;<\/p>\n<p>Recuerdo que hace ya casi tres a\u00f1os que escuch\u00e9 la primer canci\u00f3n de Sabina, que fue &#8220;Embustera&#8221; del disco de Vinagre y Rosas, aunque con la que supe que hab\u00eda un v\u00ednculo entre el Flaco y yo fue cuando escuch\u00e9 la de &#8220;M\u00f3nica&#8221;, literal, me pas\u00f3 lo de la canci\u00f3n con una mujer del mismo nombre, que actualmente es la mujer de mi vida&#8230; Y t\u00fa \u00bfcon cu\u00e1l canci\u00f3n conociste a Sabina?<\/p>\n","protected":false},"excerpt":{"rendered":"Que no arranquen los coches, que se detengan todas las factor\u00edas, que la ciudad se llene de largas&hellip;\n","protected":false},"author":8,"featured_media":4946,"comment_status":"open","ping_status":"open","sticky":false,"template":"","format":"standard","meta":{"jetpack_post_was_ever_published":false,"_jetpack_newsletter_access":"","_jetpack_dont_email_post_to_subs":false,"_jetpack_newsletter_tier_id":0,"_jetpack_memberships_contains_paywalled_content":false,"_jetpack_memberships_contains_paid_content":false,"footnotes":"","jetpack_publicize_message":"","jetpack_publicize_feature_enabled":true,"jetpack_social_post_already_shared":true,"jetpack_social_options":{"image_generator_settings":{"template":"highway","default_image_id":0,"font":"","enabled":false},"version":2}},"categories":[],"tags":[],"class_list":{"0":"post-4944","1":"post","2":"type-post","3":"status-publish","4":"format-standard","5":"has-post-thumbnail","7":"cs-entry","8":"cs-video-wrap"},"yoast_head":"<!-- This site is optimized with the Yoast SEO plugin v27.4 - https:\/\/yoast.com\/product\/yoast-seo-wordpress\/ -->\n<title>Joaqu\u00edn Sabina, \u00a1No te mueras nunca! (Rese\u00f1a\/Galer\u00eda Concierto SLP) - Kalot<\/title>\n<meta name=\"description\" content=\"Que no arranquen los coches, que se detengan todas las factor\u00edas, que la ciudad se llene de largas noches y calles fr\u00edas... Conocido como &quot;El Flaco&quot;,\" \/>\n<meta name=\"robots\" content=\"index, follow, max-snippet:-1, max-image-preview:large, max-video-preview:-1\" \/>\n<link rel=\"canonical\" href=\"https:\/\/kalot.com.mx\/site\/2013\/10\/27\/joaquin-sabina-te-mueras-nunca-galeria-concierto-slp\/\" \/>\n<meta property=\"og:locale\" content=\"es_MX\" \/>\n<meta property=\"og:type\" content=\"article\" \/>\n<meta property=\"og:title\" content=\"Joaqu\u00edn Sabina, \u00a1No te mueras nunca! (Rese\u00f1a\/Galer\u00eda Concierto SLP) - Kalot\" \/>\n<meta property=\"og:description\" content=\"Que no arranquen los coches, que se detengan todas las factor\u00edas, que la ciudad se llene de largas noches y calles fr\u00edas... Conocido como &quot;El Flaco&quot;,\" \/>\n<meta property=\"og:url\" content=\"https:\/\/kalot.com.mx\/site\/2013\/10\/27\/joaquin-sabina-te-mueras-nunca-galeria-concierto-slp\/\" \/>\n<meta property=\"og:site_name\" content=\"Kalot\" \/>\n<meta property=\"article:publisher\" content=\"http:\/\/facebook.com\/mxkalot\" \/>\n<meta property=\"article:published_time\" content=\"2013-10-28T02:49:34+00:00\" \/>\n<meta property=\"article:modified_time\" content=\"2013-12-31T16:22:23+00:00\" \/>\n<meta property=\"og:image\" content=\"https:\/\/i1.wp.com\/kalot.com.mx\/site\/wp-content\/uploads\/2013\/10\/KalotSabina.png?fit=666%2C500&ssl=1\" \/>\n\t<meta property=\"og:image:width\" content=\"666\" \/>\n\t<meta property=\"og:image:height\" content=\"500\" \/>\n\t<meta property=\"og:image:type\" content=\"image\/png\" \/>\n<meta name=\"author\" content=\"Rudy Marin\" \/>\n<meta name=\"twitter:card\" content=\"summary_large_image\" \/>\n<meta name=\"twitter:creator\" content=\"@kalotmx\" \/>\n<meta name=\"twitter:site\" content=\"@kalotmx\" \/>\n<meta name=\"twitter:label1\" content=\"Escrito por\" \/>\n\t<meta name=\"twitter:data1\" content=\"Rudy Marin\" \/>\n\t<meta name=\"twitter:label2\" content=\"Tiempo de lectura\" \/>\n\t<meta name=\"twitter:data2\" content=\"6 minutos\" \/>\n<!-- \/ Yoast SEO plugin. -->","yoast_head_json":{"title":"Joaqu\u00edn Sabina, \u00a1No te mueras nunca! (Rese\u00f1a\/Galer\u00eda Concierto SLP) - Kalot","description":"Que no arranquen los coches, que se detengan todas las factor\u00edas, que la ciudad se llene de largas noches y calles fr\u00edas... Conocido como \"El Flaco\",","robots":{"index":"index","follow":"follow","max-snippet":"max-snippet:-1","max-image-preview":"max-image-preview:large","max-video-preview":"max-video-preview:-1"},"canonical":"https:\/\/kalot.com.mx\/site\/2013\/10\/27\/joaquin-sabina-te-mueras-nunca-galeria-concierto-slp\/","og_locale":"es_MX","og_type":"article","og_title":"Joaqu\u00edn Sabina, \u00a1No te mueras nunca! (Rese\u00f1a\/Galer\u00eda Concierto SLP) - Kalot","og_description":"Que no arranquen los coches, que se detengan todas las factor\u00edas, que la ciudad se llene de largas noches y calles fr\u00edas... Conocido como \"El Flaco\",","og_url":"https:\/\/kalot.com.mx\/site\/2013\/10\/27\/joaquin-sabina-te-mueras-nunca-galeria-concierto-slp\/","og_site_name":"Kalot","article_publisher":"http:\/\/facebook.com\/mxkalot","article_published_time":"2013-10-28T02:49:34+00:00","article_modified_time":"2013-12-31T16:22:23+00:00","og_image":[{"width":666,"height":500,"url":"https:\/\/i1.wp.com\/kalot.com.mx\/site\/wp-content\/uploads\/2013\/10\/KalotSabina.png?fit=666%2C500&ssl=1","type":"image\/png"}],"author":"Rudy Marin","twitter_card":"summary_large_image","twitter_creator":"@kalotmx","twitter_site":"@kalotmx","twitter_misc":{"Escrito por":"Rudy Marin","Tiempo de lectura":"6 minutos"},"schema":{"@context":"https:\/\/schema.org","@graph":[{"@type":"Article","@id":"https:\/\/kalot.com.mx\/site\/2013\/10\/27\/joaquin-sabina-te-mueras-nunca-galeria-concierto-slp\/#article","isPartOf":{"@id":"https:\/\/kalot.com.mx\/site\/2013\/10\/27\/joaquin-sabina-te-mueras-nunca-galeria-concierto-slp\/"},"author":{"name":"Rudy Marin","@id":"https:\/\/kalot.com.mx\/site\/#\/schema\/person\/c92e0faf7c6131124c9e7afdaaf4c22c"},"headline":"Joaqu\u00edn Sabina, \u00a1No te mueras nunca! (Rese\u00f1a\/Galer\u00eda Concierto SLP)","datePublished":"2013-10-28T02:49:34+00:00","dateModified":"2013-12-31T16:22:23+00:00","mainEntityOfPage":{"@id":"https:\/\/kalot.com.mx\/site\/2013\/10\/27\/joaquin-sabina-te-mueras-nunca-galeria-concierto-slp\/"},"wordCount":1295,"commentCount":8,"publisher":{"@id":"https:\/\/kalot.com.mx\/site\/#organization"},"image":{"@id":"https:\/\/kalot.com.mx\/site\/2013\/10\/27\/joaquin-sabina-te-mueras-nunca-galeria-concierto-slp\/#primaryimage"},"thumbnailUrl":"https:\/\/i0.wp.com\/kalot.com.mx\/site\/wp-content\/uploads\/2013\/10\/KalotSabina.png?fit=666%2C500&ssl=1","inLanguage":"es","potentialAction":[{"@type":"CommentAction","name":"Comment","target":["https:\/\/kalot.com.mx\/site\/2013\/10\/27\/joaquin-sabina-te-mueras-nunca-galeria-concierto-slp\/#respond"]}]},{"@type":"WebPage","@id":"https:\/\/kalot.com.mx\/site\/2013\/10\/27\/joaquin-sabina-te-mueras-nunca-galeria-concierto-slp\/","url":"https:\/\/kalot.com.mx\/site\/2013\/10\/27\/joaquin-sabina-te-mueras-nunca-galeria-concierto-slp\/","name":"Joaqu\u00edn Sabina, \u00a1No te mueras nunca! (Rese\u00f1a\/Galer\u00eda Concierto SLP) - Kalot","isPartOf":{"@id":"https:\/\/kalot.com.mx\/site\/#website"},"primaryImageOfPage":{"@id":"https:\/\/kalot.com.mx\/site\/2013\/10\/27\/joaquin-sabina-te-mueras-nunca-galeria-concierto-slp\/#primaryimage"},"image":{"@id":"https:\/\/kalot.com.mx\/site\/2013\/10\/27\/joaquin-sabina-te-mueras-nunca-galeria-concierto-slp\/#primaryimage"},"thumbnailUrl":"https:\/\/i0.wp.com\/kalot.com.mx\/site\/wp-content\/uploads\/2013\/10\/KalotSabina.png?fit=666%2C500&ssl=1","datePublished":"2013-10-28T02:49:34+00:00","dateModified":"2013-12-31T16:22:23+00:00","description":"Que no arranquen los coches, que se detengan todas las factor\u00edas, que la ciudad se llene de largas noches y calles fr\u00edas... Conocido como \"El Flaco\",","breadcrumb":{"@id":"https:\/\/kalot.com.mx\/site\/2013\/10\/27\/joaquin-sabina-te-mueras-nunca-galeria-concierto-slp\/#breadcrumb"},"inLanguage":"es","potentialAction":[{"@type":"ReadAction","target":["https:\/\/kalot.com.mx\/site\/2013\/10\/27\/joaquin-sabina-te-mueras-nunca-galeria-concierto-slp\/"]}]},{"@type":"ImageObject","inLanguage":"es","@id":"https:\/\/kalot.com.mx\/site\/2013\/10\/27\/joaquin-sabina-te-mueras-nunca-galeria-concierto-slp\/#primaryimage","url":"https:\/\/i0.wp.com\/kalot.com.mx\/site\/wp-content\/uploads\/2013\/10\/KalotSabina.png?fit=666%2C500&ssl=1","contentUrl":"https:\/\/i0.wp.com\/kalot.com.mx\/site\/wp-content\/uploads\/2013\/10\/KalotSabina.png?fit=666%2C500&ssl=1","width":666,"height":500,"caption":"Joaqu\u00edn Sabina en San Luis Potos\u00ed, SLP"},{"@type":"BreadcrumbList","@id":"https:\/\/kalot.com.mx\/site\/2013\/10\/27\/joaquin-sabina-te-mueras-nunca-galeria-concierto-slp\/#breadcrumb","itemListElement":[{"@type":"ListItem","position":1,"name":"Home","item":"https:\/\/kalot.com.mx\/site\/"},{"@type":"ListItem","position":2,"name":"Joaqu\u00edn Sabina, \u00a1No te mueras nunca! (Rese\u00f1a\/Galer\u00eda Concierto SLP)"}]},{"@type":"WebSite","@id":"https:\/\/kalot.com.mx\/site\/#website","url":"https:\/\/kalot.com.mx\/site\/","name":"Kalot","description":"Conoce Todo Sobre Todo","publisher":{"@id":"https:\/\/kalot.com.mx\/site\/#organization"},"potentialAction":[{"@type":"SearchAction","target":{"@type":"EntryPoint","urlTemplate":"https:\/\/kalot.com.mx\/site\/?s={search_term_string}"},"query-input":{"@type":"PropertyValueSpecification","valueRequired":true,"valueName":"search_term_string"}}],"inLanguage":"es"},{"@type":"Organization","@id":"https:\/\/kalot.com.mx\/site\/#organization","name":"Kalot","url":"https:\/\/kalot.com.mx\/site\/","logo":{"@type":"ImageObject","inLanguage":"es","@id":"https:\/\/kalot.com.mx\/site\/#\/schema\/logo\/image\/","url":"https:\/\/i0.wp.com\/kalot.com.mx\/site\/wp-content\/uploads\/2020\/04\/Kalot-logo-sin-tagline.png?fit=1707%2C1014&ssl=1","contentUrl":"https:\/\/i0.wp.com\/kalot.com.mx\/site\/wp-content\/uploads\/2020\/04\/Kalot-logo-sin-tagline.png?fit=1707%2C1014&ssl=1","width":1707,"height":1014,"caption":"Kalot"},"image":{"@id":"https:\/\/kalot.com.mx\/site\/#\/schema\/logo\/image\/"},"sameAs":["http:\/\/facebook.com\/mxkalot","https:\/\/x.com\/kalotmx","http:\/\/instagram.com\/kalotmx","http:\/\/pinterest.com\/jorgeerana\/kalot"]},{"@type":"Person","@id":"https:\/\/kalot.com.mx\/site\/#\/schema\/person\/c92e0faf7c6131124c9e7afdaaf4c22c","name":"Rudy Marin","image":{"@type":"ImageObject","inLanguage":"es","@id":"https:\/\/secure.gravatar.com\/avatar\/9d602f834cae9211ebf2bb652f47ee964d637614b9e543cda340daea773bb3d5?s=96&d=mm&r=g","url":"https:\/\/secure.gravatar.com\/avatar\/9d602f834cae9211ebf2bb652f47ee964d637614b9e543cda340daea773bb3d5?s=96&d=mm&r=g","contentUrl":"https:\/\/secure.gravatar.com\/avatar\/9d602f834cae9211ebf2bb652f47ee964d637614b9e543cda340daea773bb3d5?s=96&d=mm&r=g","caption":"Rudy Marin"},"description":"Mercad\u00f3logo. Emprendedor por Internet. Amante de la Nutella.","url":"https:\/\/kalot.com.mx\/site\/author\/rudymarin\/"}]}},"jetpack_publicize_connections":[],"jetpack_featured_media_url":"https:\/\/i0.wp.com\/kalot.com.mx\/site\/wp-content\/uploads\/2013\/10\/KalotSabina.png?fit=666%2C500&ssl=1","jetpack_shortlink":"https:\/\/wp.me\/p6IHEI-1hK","jetpack-related-posts":[{"id":9033,"url":"https:\/\/kalot.com.mx\/site\/2014\/01\/04\/joaquin-sabina-se-retira-de-los-escenarios-en-serio\/","url_meta":{"origin":4944,"position":0},"title":"Joaqu\u00edn Sabina se retira de los escenarios&#8230; \u00bfEn serio?","author":"Rudy Marin","date":"4 enero, 2014","format":false,"excerpt":"La siguiente nota es una mera opini\u00f3n del autor En su gira Canciones para una crisis Joaqu\u00edn Sabina anunci\u00f3 en San Luis Potos\u00ed que nos ver\u00edamos el siguiente a\u00f1o, sin duda cre\u00ed que estaba cerca del retiro, que sacar\u00eda nuevo \u00e1lbum y se despedir\u00eda de los escenarios. Ese fue un\u2026","rel":"","context":"Entrada similar ","block_context":{"text":"Entrada similar ","link":""},"img":{"alt_text":"","src":"https:\/\/i0.wp.com\/kalot.com.mx\/site\/wp-content\/uploads\/2014\/01\/20140104-232758.jpg?fit=960%2C720&ssl=1&resize=350%2C200","width":350,"height":200,"srcset":"https:\/\/i0.wp.com\/kalot.com.mx\/site\/wp-content\/uploads\/2014\/01\/20140104-232758.jpg?fit=960%2C720&ssl=1&resize=350%2C200 1x, https:\/\/i0.wp.com\/kalot.com.mx\/site\/wp-content\/uploads\/2014\/01\/20140104-232758.jpg?fit=960%2C720&ssl=1&resize=525%2C300 1.5x, https:\/\/i0.wp.com\/kalot.com.mx\/site\/wp-content\/uploads\/2014\/01\/20140104-232758.jpg?fit=960%2C720&ssl=1&resize=700%2C400 2x"},"classes":[]},{"id":477,"url":"https:\/\/kalot.com.mx\/site\/2013\/09\/03\/ya-estan-a-la-venta-los-boletos-para-sabina-en-slp\/","url_meta":{"origin":4944,"position":1},"title":"\u00a1Ya est\u00e1n a la venta los boletos para Sabina en SLP!","author":"Rudy Marin","date":"3 septiembre, 2013","format":false,"excerpt":"Luego de que hace unos d\u00edas se diera a conocer la noticia de la presentaci\u00f3n de Joaqu\u00edn Sabina en nuestra bella ciudad, las reacciones no se hicieron esperar entre sus fans no s\u00f3lo potosinos, sino de cualquier parte de la rep\u00fablica. Si eres fan al igual que yo, sentir\u00e1s la\u2026","rel":"","context":"Entrada similar ","block_context":{"text":"Entrada similar ","link":""},"img":{"alt_text":"spacer","src":"https:\/\/i0.wp.com\/web.superboletos.com\/SuperBoletosWeb\/assets\/diseno\/Spacer.png?resize=350%2C200","width":350,"height":200},"classes":[]},{"id":14971,"url":"https:\/\/kalot.com.mx\/site\/2014\/04\/17\/chavelita-de-mi-corazon\/","url_meta":{"origin":4944,"position":2},"title":"&#8220;Chavelita de mi coraz\u00f3n.&#8221;","author":"Andrea Debo","date":"17 abril, 2014","format":false,"excerpt":"D\u00edganme, \u00bfqui\u00e9n en alg\u00fan momento de su vida ha escuchado a la se\u00f1orona de Chavela Vargas? Yo digo que todos o casi casi todos. \u00a0Vive en cada persona que la recuerda y \u00a0que la canta alrededor del mundo. Y es qu\u00e9 bueeeeno, sus canciones, sus letras, su voz es algo\u2026","rel":"","context":"En &quot;Sin categor\u00eda&quot;","block_context":{"text":"Sin categor\u00eda","link":"https:\/\/kalot.com.mx\/site\/category\/sin-categoria\/"},"img":{"alt_text":"","src":"https:\/\/i0.wp.com\/kalot.com.mx\/site\/wp-content\/uploads\/2014\/04\/chavela-vargas.jpg?fit=640%2C343&ssl=1&resize=350%2C200","width":350,"height":200,"srcset":"https:\/\/i0.wp.com\/kalot.com.mx\/site\/wp-content\/uploads\/2014\/04\/chavela-vargas.jpg?fit=640%2C343&ssl=1&resize=350%2C200 1x, https:\/\/i0.wp.com\/kalot.com.mx\/site\/wp-content\/uploads\/2014\/04\/chavela-vargas.jpg?fit=640%2C343&ssl=1&resize=525%2C300 1.5x"},"classes":[]},{"id":19001,"url":"https:\/\/kalot.com.mx\/site\/2014\/10\/29\/si-ya-sabes-que-dedicarle-estas-canciones-comodin-nunca-fallan\/","url_meta":{"origin":4944,"position":3},"title":"Si ya no sabes que dedicarle, estas canciones \u201ccomod\u00edn\u201d nunca fallan.","author":"Dulce Mireles","date":"29 octubre, 2014","format":false,"excerpt":"1 hora de canciones para quien pensaste que era hambre pero result\u00f3 si ser amor. \u00a1Qu\u00e9 tal amigos (as) de Kalot! Como cada mi\u00e9rcoles les compartir\u00e9 1 hora de canciones pero ahora de empalague, porque todos aunque sea una vez hemos sentido que no hay palabras para describir lo que\u2026","rel":"","context":"Entrada similar ","block_context":{"text":"Entrada similar ","link":""},"img":{"alt_text":"","src":"https:\/\/i0.wp.com\/kalot.com.mx\/site\/wp-content\/uploads\/2014\/10\/Frank-Sinatra.jpg?fit=1200%2C1067&ssl=1&resize=350%2C200","width":350,"height":200,"srcset":"https:\/\/i0.wp.com\/kalot.com.mx\/site\/wp-content\/uploads\/2014\/10\/Frank-Sinatra.jpg?fit=1200%2C1067&ssl=1&resize=350%2C200 1x, https:\/\/i0.wp.com\/kalot.com.mx\/site\/wp-content\/uploads\/2014\/10\/Frank-Sinatra.jpg?fit=1200%2C1067&ssl=1&resize=525%2C300 1.5x, https:\/\/i0.wp.com\/kalot.com.mx\/site\/wp-content\/uploads\/2014\/10\/Frank-Sinatra.jpg?fit=1200%2C1067&ssl=1&resize=700%2C400 2x, https:\/\/i0.wp.com\/kalot.com.mx\/site\/wp-content\/uploads\/2014\/10\/Frank-Sinatra.jpg?fit=1200%2C1067&ssl=1&resize=1050%2C600 3x"},"classes":[]},{"id":17749,"url":"https:\/\/kalot.com.mx\/site\/2014\/08\/27\/playlist-corona-capital-2014\/","url_meta":{"origin":4944,"position":4},"title":"Corona Capital 2014 en 200 canciones #RolasKalot","author":"Dulce Mireles","date":"27 agosto, 2014","format":false,"excerpt":"Kalot en colaboraci\u00f3n con Deezer re\u00fane 200 canciones que seguramente escucharemos en Corona Capital 2014...o al menos eso deseamos.\u00a0 \u00bfQu\u00e9 canciones agregar\u00edas al playlist Corona Capital 2014? Seguramente cuando viste el line-up del CC14 pensaste en las canciones que no deb\u00edan de faltar por cada banda favorita que ya est\u00e1s\u2026","rel":"","context":"En &quot;Sin categor\u00eda&quot;","block_context":{"text":"Sin categor\u00eda","link":"https:\/\/kalot.com.mx\/site\/category\/sin-categoria\/"},"img":{"alt_text":"","src":"https:\/\/i0.wp.com\/kalot.com.mx\/site\/wp-content\/uploads\/2014\/08\/haim.jpg?fit=600%2C400&ssl=1&resize=350%2C200","width":350,"height":200,"srcset":"https:\/\/i0.wp.com\/kalot.com.mx\/site\/wp-content\/uploads\/2014\/08\/haim.jpg?fit=600%2C400&ssl=1&resize=350%2C200 1x, https:\/\/i0.wp.com\/kalot.com.mx\/site\/wp-content\/uploads\/2014\/08\/haim.jpg?fit=600%2C400&ssl=1&resize=525%2C300 1.5x"},"classes":[]},{"id":7828,"url":"https:\/\/kalot.com.mx\/site\/2013\/12\/14\/las-mejores-canciones-para-corazones-rotos\/","url_meta":{"origin":4944,"position":5},"title":"Las mejores canciones para corazones rotos.","author":"Mar\u00eda Alvarado","date":"14 diciembre, 2013","format":false,"excerpt":"[dropcap size=big]L[\/dropcap]a m\u00fasica es una gran aliada de las emociones, m\u00e1s no siempre del tipo de emociones que esperamos sentir. Hay canciones que hablan de una extensa felicidad y otras que simplemente te hacen sentir como la persona m\u00e1s desdichada del universo, pero siempre y cuando la canci\u00f3n te llegue\u2026","rel":"","context":"Con 1 comentario","block_context":{"text":"Con 1 comentario","link":"https:\/\/kalot.com.mx\/site\/2013\/12\/14\/las-mejores-canciones-para-corazones-rotos\/#comments"},"img":{"alt_text":"","src":"https:\/\/i0.wp.com\/kalot.com.mx\/site\/wp-content\/uploads\/2013\/12\/Break-Up-4502.jpg?fit=521%2C521&ssl=1&resize=350%2C200","width":350,"height":200},"classes":[]}],"jetpack_sharing_enabled":true,"_links":{"self":[{"href":"https:\/\/kalot.com.mx\/site\/wp-json\/wp\/v2\/posts\/4944","targetHints":{"allow":["GET"]}}],"collection":[{"href":"https:\/\/kalot.com.mx\/site\/wp-json\/wp\/v2\/posts"}],"about":[{"href":"https:\/\/kalot.com.mx\/site\/wp-json\/wp\/v2\/types\/post"}],"author":[{"embeddable":true,"href":"https:\/\/kalot.com.mx\/site\/wp-json\/wp\/v2\/users\/8"}],"replies":[{"embeddable":true,"href":"https:\/\/kalot.com.mx\/site\/wp-json\/wp\/v2\/comments?post=4944"}],"version-history":[{"count":0,"href":"https:\/\/kalot.com.mx\/site\/wp-json\/wp\/v2\/posts\/4944\/revisions"}],"wp:featuredmedia":[{"embeddable":true,"href":"https:\/\/kalot.com.mx\/site\/wp-json\/wp\/v2\/media\/4946"}],"wp:attachment":[{"href":"https:\/\/kalot.com.mx\/site\/wp-json\/wp\/v2\/media?parent=4944"}],"wp:term":[{"taxonomy":"category","embeddable":true,"href":"https:\/\/kalot.com.mx\/site\/wp-json\/wp\/v2\/categories?post=4944"},{"taxonomy":"post_tag","embeddable":true,"href":"https:\/\/kalot.com.mx\/site\/wp-json\/wp\/v2\/tags?post=4944"}],"curies":[{"name":"wp","href":"https:\/\/api.w.org\/{rel}","templated":true}]}}