{"id":48,"date":"2013-08-31T07:10:18","date_gmt":"2013-08-31T07:10:18","guid":{"rendered":"http:\/\/www.kalot.com.mx\/?p=48"},"modified":"2013-08-31T07:10:18","modified_gmt":"2013-08-31T07:10:18","slug":"comercio-electronico-la-revolucion-industrial-de-los-millennials","status":"publish","type":"post","link":"https:\/\/kalot.com.mx\/site\/2013\/08\/31\/comercio-electronico-la-revolucion-industrial-de-los-millennials\/","title":{"rendered":"Comercio electr\u00f3nico: la &#8220;revoluci\u00f3n industrial&#8221; de los Millennials"},"content":{"rendered":"<p>Fue en el siglo XVII que por iniciativa de la Gran Breta\u00f1a y otros pa\u00edses europeos se dio paso a la revoluci\u00f3n industrial. Este movimiento pretend\u00eda suplantar el trabajo manual por el desarrollo de la industria y la manufactura. Logrando avanzar en la forma de hacer negocios, la revoluci\u00f3n industrial trajo consigo muchos beneficios para los pa\u00edses que r\u00e1pidamente se adaptaron a ese nuevo modelo econ\u00f3mico.<\/p>\n<p>Despu\u00e9s de la segunda guerra mundial, la globalizaci\u00f3n tom\u00f3 un papel muy importante en el modelo econ\u00f3mico mundial. Esto llevo al conocido modelo neoliberal, el cu\u00e1l tiene sus ventajas y desventajas. El modelo neoliberal tiene como principio la nula intervenci\u00f3n del Estado en el desarrollo econ\u00f3mico. Otra premisa del neoliberalismo es el uso y desarrollo de la tecnolog\u00eda. Este movimiento se vi\u00f3 impulsada por la generaci\u00f3n de los baby boomers (personas nacidas en la decada de 1940 hasta 1960)<\/p>\n<p>En la generaci\u00f3n de los Millennials (todas aquellas personas nacidas en la d\u00e9cada de 1990 en adelante), tambi\u00e9n conocida como Generation Y, el fen\u00f3meno de internet es un factor que pone a esta generaci\u00f3n en un punto clave de la historia de la humanidad. Imagina como era la comunicaci\u00f3n en los contextos de los dos p\u00e1rrafos anteriores. Hoy nos comunicamos con todo el mundo gracias al internet, eso hace que un Millennial sea un individuo muy diverso en sus actividades diarias. Un buen ejemplo de ello, son los editores de este blog, algunos de ellos se dedican a la m\u00fasica, mientras estudian marketing, tienen afici\u00f3n por el cine y las artes, tienen su propio negocio y adem\u00e1s les da tiempo para escribir en este blog. Somos la generaci\u00f3n m\u00e1s diversa de la historia, as\u00ed lo dice este <a title=\"Millennials generation\" href=\"http:\/\/www.youtube.com\/watch?v=GnzzwpWV1Fw\" target=\"_blank\">video<\/a>.<\/p>\n<p>Los millennials piensan primero en el beneficio que un empleo les dar\u00e1 a corto plazo, a diferencia de los baby boomers, quienes sab\u00edan que habr\u00eda una recompensa a largo plazo. Hoy en d\u00eda nuestra generaci\u00f3n es una generaci\u00f3n exigente que pide a gritos avanzar en la escalera laboral de manera precipitada. La globalizaci\u00f3n a tra\u00eddo consigo una competencia brutal en el modelo tradicional de hacer negocios. Pareciera que no hay muchas opciones para hacer un negocio rentable con tanta competencia. Es aqu\u00ed donde entra la importancia del comercio electr\u00f3nico para los Millennials. Un negocio que funcione a trav\u00e9s de internet, es equiparable al efecto que provoc\u00f3 la revoluci\u00f3n industrial, solo que en este caso es digital.<\/p>\n<p>Actualmente el mundo vive una recesi\u00f3n. Con optimismo y convicci\u00f3n, considero que el desarrollo de modelos de negocio a trav\u00e9s de internet, ser\u00e1n la puerta a un nuevo desarrollo econ\u00f3mico sin precedentes.<\/p>\n<p>\u00bfCrees que el comercio electr\u00f3nico se est\u00e1 aprovechando en M\u00e9xico como se deber\u00eda?<\/p>\n","protected":false},"excerpt":{"rendered":"Fue en el siglo XVII que por iniciativa de la Gran Breta\u00f1a y otros pa\u00edses europeos se dio&hellip;\n","protected":false},"author":8,"featured_media":49,"comment_status":"open","ping_status":"open","sticky":false,"template":"","format":"standard","meta":{"jetpack_post_was_ever_published":false,"_jetpack_newsletter_access":"","_jetpack_dont_email_post_to_subs":false,"_jetpack_newsletter_tier_id":0,"_jetpack_memberships_contains_paywalled_content":false,"_jetpack_memberships_contains_paid_content":false,"footnotes":"","jetpack_publicize_message":"","jetpack_publicize_feature_enabled":true,"jetpack_social_post_already_shared":true,"jetpack_social_options":{"image_generator_settings":{"template":"highway","default_image_id":0,"font":"","enabled":false},"version":2}},"categories":[],"tags":[],"class_list":{"0":"post-48","1":"post","2":"type-post","3":"status-publish","4":"format-standard","5":"has-post-thumbnail","7":"cs-entry","8":"cs-video-wrap"},"yoast_head":"<!-- This site is optimized with the Yoast SEO plugin v27.5 - https:\/\/yoast.com\/product\/yoast-seo-wordpress\/ -->\n<title>Comercio electr\u00f3nico: la &quot;revoluci\u00f3n industrial&quot; de los Millennials - Kalot<\/title>\n<meta name=\"description\" content=\"Fue en el siglo XVII que por iniciativa de la Gran Breta\u00f1a y otros pa\u00edses europeos se dio paso a la revoluci\u00f3n industrial. Este movimiento pretend\u00eda\" \/>\n<meta name=\"robots\" content=\"index, follow, max-snippet:-1, max-image-preview:large, max-video-preview:-1\" \/>\n<link rel=\"canonical\" href=\"https:\/\/kalot.com.mx\/site\/2013\/08\/31\/comercio-electronico-la-revolucion-industrial-de-los-millennials\/\" \/>\n<meta property=\"og:locale\" content=\"es_MX\" \/>\n<meta property=\"og:type\" content=\"article\" \/>\n<meta property=\"og:title\" content=\"Comercio electr\u00f3nico: la &quot;revoluci\u00f3n industrial&quot; de los Millennials - Kalot\" \/>\n<meta property=\"og:description\" content=\"Fue en el siglo XVII que por iniciativa de la Gran Breta\u00f1a y otros pa\u00edses europeos se dio paso a la revoluci\u00f3n industrial. Este movimiento pretend\u00eda\" \/>\n<meta property=\"og:url\" content=\"https:\/\/kalot.com.mx\/site\/2013\/08\/31\/comercio-electronico-la-revolucion-industrial-de-los-millennials\/\" \/>\n<meta property=\"og:site_name\" content=\"Kalot\" \/>\n<meta property=\"article:publisher\" content=\"http:\/\/facebook.com\/mxkalot\" \/>\n<meta property=\"article:published_time\" content=\"2013-08-31T07:10:18+00:00\" \/>\n<meta property=\"og:image\" content=\"https:\/\/i2.wp.com\/kalot.com.mx\/site\/wp-content\/uploads\/2013\/08\/millennial-generation-workplace-casual-620px-620x412.jpg?fit=620%2C412&ssl=1\" \/>\n\t<meta property=\"og:image:width\" content=\"620\" \/>\n\t<meta property=\"og:image:height\" content=\"412\" \/>\n\t<meta property=\"og:image:type\" content=\"image\/jpeg\" \/>\n<meta name=\"author\" content=\"Rudy Marin\" \/>\n<meta name=\"twitter:card\" content=\"summary_large_image\" \/>\n<meta name=\"twitter:creator\" content=\"@kalotmx\" \/>\n<meta name=\"twitter:site\" content=\"@kalotmx\" \/>\n<meta name=\"twitter:label1\" content=\"Escrito por\" \/>\n\t<meta name=\"twitter:data1\" content=\"Rudy Marin\" \/>\n\t<meta name=\"twitter:label2\" content=\"Tiempo de lectura\" \/>\n\t<meta name=\"twitter:data2\" content=\"2 minutos\" \/>\n<!-- \/ Yoast SEO plugin. -->","yoast_head_json":{"title":"Comercio electr\u00f3nico: la \"revoluci\u00f3n industrial\" de los Millennials - Kalot","description":"Fue en el siglo XVII que por iniciativa de la Gran Breta\u00f1a y otros pa\u00edses europeos se dio paso a la revoluci\u00f3n industrial. Este movimiento pretend\u00eda","robots":{"index":"index","follow":"follow","max-snippet":"max-snippet:-1","max-image-preview":"max-image-preview:large","max-video-preview":"max-video-preview:-1"},"canonical":"https:\/\/kalot.com.mx\/site\/2013\/08\/31\/comercio-electronico-la-revolucion-industrial-de-los-millennials\/","og_locale":"es_MX","og_type":"article","og_title":"Comercio electr\u00f3nico: la \"revoluci\u00f3n industrial\" de los Millennials - Kalot","og_description":"Fue en el siglo XVII que por iniciativa de la Gran Breta\u00f1a y otros pa\u00edses europeos se dio paso a la revoluci\u00f3n industrial. Este movimiento pretend\u00eda","og_url":"https:\/\/kalot.com.mx\/site\/2013\/08\/31\/comercio-electronico-la-revolucion-industrial-de-los-millennials\/","og_site_name":"Kalot","article_publisher":"http:\/\/facebook.com\/mxkalot","article_published_time":"2013-08-31T07:10:18+00:00","og_image":[{"width":620,"height":412,"url":"https:\/\/i2.wp.com\/kalot.com.mx\/site\/wp-content\/uploads\/2013\/08\/millennial-generation-workplace-casual-620px-620x412.jpg?fit=620%2C412&ssl=1","type":"image\/jpeg"}],"author":"Rudy Marin","twitter_card":"summary_large_image","twitter_creator":"@kalotmx","twitter_site":"@kalotmx","twitter_misc":{"Escrito por":"Rudy Marin","Tiempo de lectura":"2 minutos"},"schema":{"@context":"https:\/\/schema.org","@graph":[{"@type":"Article","@id":"https:\/\/kalot.com.mx\/site\/2013\/08\/31\/comercio-electronico-la-revolucion-industrial-de-los-millennials\/#article","isPartOf":{"@id":"https:\/\/kalot.com.mx\/site\/2013\/08\/31\/comercio-electronico-la-revolucion-industrial-de-los-millennials\/"},"author":{"name":"Rudy Marin","@id":"https:\/\/kalot.com.mx\/site\/#\/schema\/person\/c92e0faf7c6131124c9e7afdaaf4c22c"},"headline":"Comercio electr\u00f3nico: la &#8220;revoluci\u00f3n industrial&#8221; de los Millennials","datePublished":"2013-08-31T07:10:18+00:00","mainEntityOfPage":{"@id":"https:\/\/kalot.com.mx\/site\/2013\/08\/31\/comercio-electronico-la-revolucion-industrial-de-los-millennials\/"},"wordCount":497,"commentCount":1,"publisher":{"@id":"https:\/\/kalot.com.mx\/site\/#organization"},"image":{"@id":"https:\/\/kalot.com.mx\/site\/2013\/08\/31\/comercio-electronico-la-revolucion-industrial-de-los-millennials\/#primaryimage"},"thumbnailUrl":"https:\/\/i0.wp.com\/kalot.com.mx\/site\/wp-content\/uploads\/2013\/08\/millennial-generation-workplace-casual-620px-620x412.jpg?fit=620%2C412&ssl=1","inLanguage":"es","potentialAction":[{"@type":"CommentAction","name":"Comment","target":["https:\/\/kalot.com.mx\/site\/2013\/08\/31\/comercio-electronico-la-revolucion-industrial-de-los-millennials\/#respond"]}]},{"@type":"WebPage","@id":"https:\/\/kalot.com.mx\/site\/2013\/08\/31\/comercio-electronico-la-revolucion-industrial-de-los-millennials\/","url":"https:\/\/kalot.com.mx\/site\/2013\/08\/31\/comercio-electronico-la-revolucion-industrial-de-los-millennials\/","name":"Comercio electr\u00f3nico: la \"revoluci\u00f3n industrial\" de los Millennials - Kalot","isPartOf":{"@id":"https:\/\/kalot.com.mx\/site\/#website"},"primaryImageOfPage":{"@id":"https:\/\/kalot.com.mx\/site\/2013\/08\/31\/comercio-electronico-la-revolucion-industrial-de-los-millennials\/#primaryimage"},"image":{"@id":"https:\/\/kalot.com.mx\/site\/2013\/08\/31\/comercio-electronico-la-revolucion-industrial-de-los-millennials\/#primaryimage"},"thumbnailUrl":"https:\/\/i0.wp.com\/kalot.com.mx\/site\/wp-content\/uploads\/2013\/08\/millennial-generation-workplace-casual-620px-620x412.jpg?fit=620%2C412&ssl=1","datePublished":"2013-08-31T07:10:18+00:00","description":"Fue en el siglo XVII que por iniciativa de la Gran Breta\u00f1a y otros pa\u00edses europeos se dio paso a la revoluci\u00f3n industrial. Este movimiento pretend\u00eda","breadcrumb":{"@id":"https:\/\/kalot.com.mx\/site\/2013\/08\/31\/comercio-electronico-la-revolucion-industrial-de-los-millennials\/#breadcrumb"},"inLanguage":"es","potentialAction":[{"@type":"ReadAction","target":["https:\/\/kalot.com.mx\/site\/2013\/08\/31\/comercio-electronico-la-revolucion-industrial-de-los-millennials\/"]}]},{"@type":"ImageObject","inLanguage":"es","@id":"https:\/\/kalot.com.mx\/site\/2013\/08\/31\/comercio-electronico-la-revolucion-industrial-de-los-millennials\/#primaryimage","url":"https:\/\/i0.wp.com\/kalot.com.mx\/site\/wp-content\/uploads\/2013\/08\/millennial-generation-workplace-casual-620px-620x412.jpg?fit=620%2C412&ssl=1","contentUrl":"https:\/\/i0.wp.com\/kalot.com.mx\/site\/wp-content\/uploads\/2013\/08\/millennial-generation-workplace-casual-620px-620x412.jpg?fit=620%2C412&ssl=1","width":620,"height":412,"caption":"Kalot"},{"@type":"BreadcrumbList","@id":"https:\/\/kalot.com.mx\/site\/2013\/08\/31\/comercio-electronico-la-revolucion-industrial-de-los-millennials\/#breadcrumb","itemListElement":[{"@type":"ListItem","position":1,"name":"Home","item":"https:\/\/kalot.com.mx\/site\/"},{"@type":"ListItem","position":2,"name":"Comercio electr\u00f3nico: la &#8220;revoluci\u00f3n industrial&#8221; de los Millennials"}]},{"@type":"WebSite","@id":"https:\/\/kalot.com.mx\/site\/#website","url":"https:\/\/kalot.com.mx\/site\/","name":"Kalot","description":"Conoce Todo Sobre Todo","publisher":{"@id":"https:\/\/kalot.com.mx\/site\/#organization"},"potentialAction":[{"@type":"SearchAction","target":{"@type":"EntryPoint","urlTemplate":"https:\/\/kalot.com.mx\/site\/?s={search_term_string}"},"query-input":{"@type":"PropertyValueSpecification","valueRequired":true,"valueName":"search_term_string"}}],"inLanguage":"es"},{"@type":"Organization","@id":"https:\/\/kalot.com.mx\/site\/#organization","name":"Kalot","url":"https:\/\/kalot.com.mx\/site\/","logo":{"@type":"ImageObject","inLanguage":"es","@id":"https:\/\/kalot.com.mx\/site\/#\/schema\/logo\/image\/","url":"https:\/\/i0.wp.com\/kalot.com.mx\/site\/wp-content\/uploads\/2020\/04\/Kalot-logo-sin-tagline.png?fit=1707%2C1014&ssl=1","contentUrl":"https:\/\/i0.wp.com\/kalot.com.mx\/site\/wp-content\/uploads\/2020\/04\/Kalot-logo-sin-tagline.png?fit=1707%2C1014&ssl=1","width":1707,"height":1014,"caption":"Kalot"},"image":{"@id":"https:\/\/kalot.com.mx\/site\/#\/schema\/logo\/image\/"},"sameAs":["http:\/\/facebook.com\/mxkalot","https:\/\/x.com\/kalotmx","http:\/\/instagram.com\/kalotmx","http:\/\/pinterest.com\/jorgeerana\/kalot"]},{"@type":"Person","@id":"https:\/\/kalot.com.mx\/site\/#\/schema\/person\/c92e0faf7c6131124c9e7afdaaf4c22c","name":"Rudy Marin","image":{"@type":"ImageObject","inLanguage":"es","@id":"https:\/\/secure.gravatar.com\/avatar\/9d602f834cae9211ebf2bb652f47ee964d637614b9e543cda340daea773bb3d5?s=96&d=mm&r=g","url":"https:\/\/secure.gravatar.com\/avatar\/9d602f834cae9211ebf2bb652f47ee964d637614b9e543cda340daea773bb3d5?s=96&d=mm&r=g","contentUrl":"https:\/\/secure.gravatar.com\/avatar\/9d602f834cae9211ebf2bb652f47ee964d637614b9e543cda340daea773bb3d5?s=96&d=mm&r=g","caption":"Rudy Marin"},"description":"Mercad\u00f3logo. Emprendedor por Internet. Amante de la Nutella.","url":"https:\/\/kalot.com.mx\/site\/author\/rudymarin\/"}]}},"jetpack_publicize_connections":[],"jetpack_featured_media_url":"https:\/\/i0.wp.com\/kalot.com.mx\/site\/wp-content\/uploads\/2013\/08\/millennial-generation-workplace-casual-620px-620x412.jpg?fit=620%2C412&ssl=1","jetpack_shortlink":"https:\/\/wp.me\/p6IHEI-M","jetpack-related-posts":[{"id":10798,"url":"https:\/\/kalot.com.mx\/site\/2014\/01\/30\/ps-vita-2000-slim-se-empieza-animar-en-otros-paises-playstation_la-psvitaslim\/","url_meta":{"origin":48,"position":0},"title":"PS VITA 2000 (SLIM) se empieza a animar en otros pa\u00edses @PlayStation_LA #PSVITASLIM","author":"HM_MKT007","date":"30 enero, 2014","format":false,"excerpt":"El a\u00f1o pasado vimos como SONY regresaba a la cima de la industria de los videojuegos con su PS4, y como se empezaba a acomodar todo el ecosistema de PLAYSTATION, y como en el E3 destrozo a XBOX ONE, (aunque muchos digan lo contrario), pero todo gigante tiene su tal\u00f3n\u2026","rel":"","context":"Entrada similar ","block_context":{"text":"Entrada similar ","link":""},"img":{"alt_text":"","src":"https:\/\/i0.wp.com\/kalot.com.mx\/site\/wp-content\/uploads\/2014\/01\/psvita_slim.jpg?fit=650%2C343&ssl=1&resize=350%2C200","width":350,"height":200,"srcset":"https:\/\/i0.wp.com\/kalot.com.mx\/site\/wp-content\/uploads\/2014\/01\/psvita_slim.jpg?fit=650%2C343&ssl=1&resize=350%2C200 1x, https:\/\/i0.wp.com\/kalot.com.mx\/site\/wp-content\/uploads\/2014\/01\/psvita_slim.jpg?fit=650%2C343&ssl=1&resize=525%2C300 1.5x"},"classes":[]},{"id":2210,"url":"https:\/\/kalot.com.mx\/site\/2013\/09\/23\/nuevo-record-de-apple-anuncia-9-millones-de-iphones-vendidos-en-el-fin-de-lanzamiento\/","url_meta":{"origin":48,"position":1},"title":"Nuevo R\u00e9cord de Apple, anuncia 9 millones de iPhones vendidos en el fin de lanzamiento","author":"Jorge Era\u00f1a","date":"23 septiembre, 2013","format":false,"excerpt":"Ustedes recordar\u00e1 la nota que hab\u00edamos hecho acerca que hab\u00eda gente ya formada para el lanzamiento en USA, pues este fin de semana pasado fue el lanzamiento oficial del iPhone 5S y 5C en diferentes pa\u00edses alrededor del mundo donde se lanz\u00f3 primero. \u00a0Los pa\u00edses fueron\u00a0Estados Unidos, Australia, Canad\u00e1, China,\u2026","rel":"","context":"Entrada similar ","block_context":{"text":"Entrada similar ","link":""},"img":{"alt_text":"","src":"https:\/\/i0.wp.com\/kalot.com.mx\/site\/wp-content\/uploads\/2013\/09\/iphone_5s_5c.jpg?fit=570%2C324&ssl=1&resize=350%2C200","width":350,"height":200,"srcset":"https:\/\/i0.wp.com\/kalot.com.mx\/site\/wp-content\/uploads\/2013\/09\/iphone_5s_5c.jpg?fit=570%2C324&ssl=1&resize=350%2C200 1x, https:\/\/i0.wp.com\/kalot.com.mx\/site\/wp-content\/uploads\/2013\/09\/iphone_5s_5c.jpg?fit=570%2C324&ssl=1&resize=525%2C300 1.5x"},"classes":[]},{"id":7431,"url":"https:\/\/kalot.com.mx\/site\/2013\/12\/01\/la-bundesliga-el-modelo-de-negocios-perfecto\/","url_meta":{"origin":48,"position":2},"title":"La Bundesliga, el modelo de negocios perfecto","author":"Pepe M\u00e9ndez","date":"1 diciembre, 2013","format":false,"excerpt":"En los \u00faltimos d\u00edas me he dado cuenta que un tema muy comentado en todos los medios de comunicaci\u00f3n son los deportes, en especial el futbol, y es de este donde me naci\u00f3 la curiosidad de este interesante tema, ya que recordar\u00e1n que este a\u00f1o la final de la Champions\u2026","rel":"","context":"Entrada similar ","block_context":{"text":"Entrada similar ","link":""},"img":{"alt_text":"","src":"https:\/\/i0.wp.com\/kalot.com.mx\/site\/wp-content\/uploads\/2013\/12\/bundesliga-logo-2010.png?fit=634%2C545&ssl=1&resize=350%2C200","width":350,"height":200,"srcset":"https:\/\/i0.wp.com\/kalot.com.mx\/site\/wp-content\/uploads\/2013\/12\/bundesliga-logo-2010.png?fit=634%2C545&ssl=1&resize=350%2C200 1x, https:\/\/i0.wp.com\/kalot.com.mx\/site\/wp-content\/uploads\/2013\/12\/bundesliga-logo-2010.png?fit=634%2C545&ssl=1&resize=525%2C300 1.5x"},"classes":[]},{"id":3534,"url":"https:\/\/kalot.com.mx\/site\/2013\/10\/10\/topstartups-conekta-pagos-simples-para-mexico-conectamx\/","url_meta":{"origin":48,"position":3},"title":"#TopStartups: Conekta, pagos simples para M\u00e9xico (@conectamx)","author":"Rudy Marin","date":"10 octubre, 2013","format":false,"excerpt":"En mi primer entrada para Kalot, habl\u00e9 del comercio electr\u00f3nico como revoluci\u00f3n de la generaci\u00f3n de los Millennials. Tengo convicci\u00f3n en que esta forma de hacer negocios revolucionar\u00e1 la econom\u00eda mundial en los pr\u00f3ximos 10 a\u00f1os. A mi parecer, ser\u00e1 algo similar a lo que se vivi\u00f3 con la revoluci\u00f3n\u2026","rel":"","context":"Con 2 comentarios","block_context":{"text":"Con 2 comentarios","link":"https:\/\/kalot.com.mx\/site\/2013\/10\/10\/topstartups-conekta-pagos-simples-para-mexico-conectamx\/#comments"},"img":{"alt_text":"","src":"https:\/\/i0.wp.com\/kalot.com.mx\/site\/wp-content\/uploads\/2013\/10\/20131009-215039.jpg?fit=638%2C491&ssl=1&resize=350%2C200","width":350,"height":200,"srcset":"https:\/\/i0.wp.com\/kalot.com.mx\/site\/wp-content\/uploads\/2013\/10\/20131009-215039.jpg?fit=638%2C491&ssl=1&resize=350%2C200 1x, https:\/\/i0.wp.com\/kalot.com.mx\/site\/wp-content\/uploads\/2013\/10\/20131009-215039.jpg?fit=638%2C491&ssl=1&resize=525%2C300 1.5x"},"classes":[]},{"id":19259,"url":"https:\/\/kalot.com.mx\/site\/2014\/11\/21\/toribio-ortega-el-primero-en-la-revolucion\/","url_meta":{"origin":48,"position":4},"title":"Toribio Ortega, el primero en la revoluci\u00f3n.","author":"Aldo L\u00f3pez","date":"21 noviembre, 2014","format":false,"excerpt":"El d\u00eda de ayer se celebr\u00f3 en M\u00e9xico una fecha que forma parte de la historia social y pol\u00edtica de este pa\u00eds: La\u00a0 revoluci\u00f3n mexicana. Es por todos sabido que Francisco I. Madero eligi\u00f3 el 20 de noviembre para levantarse en armas contra el gobierno del presidente Porfirio D\u00edaz, a\u2026","rel":"","context":"En &quot;Cultura&quot;","block_context":{"text":"Cultura","link":"https:\/\/kalot.com.mx\/site\/category\/cultura\/"},"img":{"alt_text":"","src":"https:\/\/i0.wp.com\/kalot.com.mx\/site\/wp-content\/uploads\/2014\/11\/Toribio-Ortega-y-sus-compa%C3%B1eros.jpg?fit=1000%2C612&ssl=1&resize=350%2C200","width":350,"height":200,"srcset":"https:\/\/i0.wp.com\/kalot.com.mx\/site\/wp-content\/uploads\/2014\/11\/Toribio-Ortega-y-sus-compa%C3%B1eros.jpg?fit=1000%2C612&ssl=1&resize=350%2C200 1x, https:\/\/i0.wp.com\/kalot.com.mx\/site\/wp-content\/uploads\/2014\/11\/Toribio-Ortega-y-sus-compa%C3%B1eros.jpg?fit=1000%2C612&ssl=1&resize=525%2C300 1.5x, https:\/\/i0.wp.com\/kalot.com.mx\/site\/wp-content\/uploads\/2014\/11\/Toribio-Ortega-y-sus-compa%C3%B1eros.jpg?fit=1000%2C612&ssl=1&resize=700%2C400 2x"},"classes":[]},{"id":1424,"url":"https:\/\/kalot.com.mx\/site\/2013\/09\/11\/como-inician-las-parejas\/","url_meta":{"origin":48,"position":5},"title":"\u00bfC\u00f3mo inician las parejas?","author":"Dal\u00ed Flores","date":"11 septiembre, 2013","format":false,"excerpt":"La elecci\u00f3n de pareja est\u00e1 influida por muchas cosas, la familia, lo social, lo econ\u00f3mico y lo cultural; todos tenemos un modelo de pareja inconsciente y buscamos llenar ese modelo con personas que lo complementa. La familia es la base de dichos modelos por los cuales se crean las relaciones\u2026","rel":"","context":"Entrada similar ","block_context":{"text":"Entrada similar ","link":""},"img":{"alt_text":"","src":"https:\/\/i0.wp.com\/kalot.com.mx\/site\/wp-content\/uploads\/2013\/09\/486531_510677628949623_684718347_n.jpg?fit=800%2C547&ssl=1&resize=350%2C200","width":350,"height":200,"srcset":"https:\/\/i0.wp.com\/kalot.com.mx\/site\/wp-content\/uploads\/2013\/09\/486531_510677628949623_684718347_n.jpg?fit=800%2C547&ssl=1&resize=350%2C200 1x, https:\/\/i0.wp.com\/kalot.com.mx\/site\/wp-content\/uploads\/2013\/09\/486531_510677628949623_684718347_n.jpg?fit=800%2C547&ssl=1&resize=525%2C300 1.5x, https:\/\/i0.wp.com\/kalot.com.mx\/site\/wp-content\/uploads\/2013\/09\/486531_510677628949623_684718347_n.jpg?fit=800%2C547&ssl=1&resize=700%2C400 2x"},"classes":[]}],"jetpack_sharing_enabled":true,"_links":{"self":[{"href":"https:\/\/kalot.com.mx\/site\/wp-json\/wp\/v2\/posts\/48","targetHints":{"allow":["GET"]}}],"collection":[{"href":"https:\/\/kalot.com.mx\/site\/wp-json\/wp\/v2\/posts"}],"about":[{"href":"https:\/\/kalot.com.mx\/site\/wp-json\/wp\/v2\/types\/post"}],"author":[{"embeddable":true,"href":"https:\/\/kalot.com.mx\/site\/wp-json\/wp\/v2\/users\/8"}],"replies":[{"embeddable":true,"href":"https:\/\/kalot.com.mx\/site\/wp-json\/wp\/v2\/comments?post=48"}],"version-history":[{"count":0,"href":"https:\/\/kalot.com.mx\/site\/wp-json\/wp\/v2\/posts\/48\/revisions"}],"wp:featuredmedia":[{"embeddable":true,"href":"https:\/\/kalot.com.mx\/site\/wp-json\/wp\/v2\/media\/49"}],"wp:attachment":[{"href":"https:\/\/kalot.com.mx\/site\/wp-json\/wp\/v2\/media?parent=48"}],"wp:term":[{"taxonomy":"category","embeddable":true,"href":"https:\/\/kalot.com.mx\/site\/wp-json\/wp\/v2\/categories?post=48"},{"taxonomy":"post_tag","embeddable":true,"href":"https:\/\/kalot.com.mx\/site\/wp-json\/wp\/v2\/tags?post=48"}],"curies":[{"name":"wp","href":"https:\/\/api.w.org\/{rel}","templated":true}]}}