{"id":4613,"date":"2013-10-21T23:23:49","date_gmt":"2013-10-22T04:23:49","guid":{"rendered":"http:\/\/www.kalot.com.mx\/?p=4613"},"modified":"2013-10-21T23:23:49","modified_gmt":"2013-10-22T04:23:49","slug":"emprendedor-que-es-eso","status":"publish","type":"post","link":"https:\/\/kalot.com.mx\/site\/2013\/10\/21\/emprendedor-que-es-eso\/","title":{"rendered":"Emprendedor \u00bfQue es eso?"},"content":{"rendered":"<p style=\"text-align: justify\">Hace un par de d\u00edas me preguntaron unas personas a cerca de las caracter\u00edsticas que deber\u00eda tener una persona para ser un emprendedor, a lo que conteste que no hay caracter\u00edsticas muy definidas para serlo.<\/p>\n<p style=\"text-align: justify\">Les explicaba que muchas veces las personas cuando estamos por iniciar un negocio, la mayor\u00eda siempre nos dir\u00e1 que nuestra idea no va a funcionar o que ya existe mucha competencia en ese \u00e1mbito.<\/p>\n<p style=\"text-align: justify\">Pero es ah\u00ed donde debemos demostrar a los dem\u00e1s que esa idea que todos pensaban que era una locura, es posible realizarla y demostrarnos a nosotros mismos que si podemos sacar esa idea adelante.<\/p>\n<p style=\"text-align: justify\">Me preguntaban que es ser emprendedor, a lo que les conteste <strong>&#8221; Ser emprendedor es ser una persona decidida, que busca y descubre nuevas oportunidades en el mercado para sacar provecho de ello, buscando siempre ideas innovadoras. Mostrando siempre confianza en sus decisiones e ideas. No muestra miedo a equivocarse y volver a empezar, es capaz de motivar y convencer a todos sobre que sus ideas son buenas, comprometi\u00e9ndose con lo que hace, sabiendo ser un l\u00edder&#8221;<\/strong><\/p>\n<p style=\"text-align: justify\">Porque transmitiendo la idea y contagiando de que saldr\u00e1n adelante, todos se sentir\u00e1n motivados y el trabajo en equipo es muy importante para alcanzar las metas.<\/p>\n<p style=\"text-align: justify\">Y entonces \u00bfCuales son las caracter\u00edsticas de un emprendedor?<\/p>\n<p style=\"text-align: justify\"><strong>Solo nombre algunas caracter\u00edsticas que considero son esenciales en un emprendedor:<\/strong><\/p>\n<ul style=\"text-align: justify\">\n<li><strong>Persona decidida<\/strong><\/li>\n<li><strong>Iniciativa<\/strong><\/li>\n<li><strong>Optimismo<\/strong><\/li>\n<li><strong>Confianza<\/strong><\/li>\n<li><strong>Creatividad<\/strong><\/li>\n<li><strong>Liderazgo<\/strong><\/li>\n<li><strong>Competitividad<\/strong><\/li>\n<li><strong>Predisposici\u00f3n a los riesgos<\/strong><\/li>\n<li><strong>Tolerancia a la frustraci\u00f3n<\/strong><\/li>\n<\/ul>\n<p style=\"text-align: justify\">Un punto muy importante que les mencionaba es, que a veces confundimos a un emprendedor con un empresario y eso lo considero mal.<\/p>\n<p style=\"text-align: justify\">Porque un emprendedor es una persona capaz de idear y desarrollar un negocio y ser empresario es ser una persona capaz de gestionar el negocio luego de haberlo implementado.<\/p>\n<p style=\"text-align: justify\">Si eres capaz de reunir estas habilidades pues felicidades estas destinado al \u00e9xito total, aunque son pocas las personas que tienen estas habilidades.<\/p>\n<p style=\"text-align: justify\">Emprender no es una tarea sencilla, siempre nos encontraremos con obst\u00e1culos, pero tenemos que confiar en nosotros mismos.<\/p>\n","protected":false},"excerpt":{"rendered":"Hace un par de d\u00edas me preguntaron unas personas a cerca de las caracter\u00edsticas que deber\u00eda tener una&hellip;\n","protected":false},"author":33,"featured_media":4616,"comment_status":"open","ping_status":"open","sticky":false,"template":"","format":"standard","meta":{"_jetpack_newsletter_access":"","_jetpack_dont_email_post_to_subs":false,"_jetpack_newsletter_tier_id":0,"_jetpack_memberships_contains_paywalled_content":false,"_jetpack_feature_clip_id":0,"_jetpack_memberships_contains_paid_content":false,"footnotes":"","jetpack_publicize_message":"","jetpack_publicize_feature_enabled":true,"jetpack_social_post_already_shared":true,"jetpack_social_options":{"image_generator_settings":{"template":"highway","default_image_id":0,"font":"","enabled":false},"version":2},"jetpack_post_was_ever_published":false},"categories":[],"tags":[],"class_list":["post-4613","post","type-post","status-publish","format-standard","has-post-thumbnail","cs-entry","cs-video-wrap"],"yoast_head":"<!-- This site is optimized with the Yoast SEO plugin v28.4 - https:\/\/yoast.com\/product\/yoast-seo-wordpress\/ -->\n<title>Emprendedor \u00bfQue es eso? - Kalot<\/title>\n<meta name=\"description\" content=\"Hace un par de d\u00edas me preguntaron unas personas a cerca de las caracter\u00edsticas que deber\u00eda tener una persona para ser un emprendedor, a lo que conteste\" \/>\n<meta name=\"robots\" content=\"index, follow, max-snippet:-1, max-image-preview:large, max-video-preview:-1\" \/>\n<link rel=\"canonical\" href=\"https:\/\/kalot.com.mx\/site\/2013\/10\/21\/emprendedor-que-es-eso\/\" \/>\n<meta property=\"og:locale\" content=\"es_MX\" \/>\n<meta property=\"og:type\" content=\"article\" \/>\n<meta property=\"og:title\" content=\"Emprendedor \u00bfQue es eso? - Kalot\" \/>\n<meta property=\"og:description\" content=\"Hace un par de d\u00edas me preguntaron unas personas a cerca de las caracter\u00edsticas que deber\u00eda tener una persona para ser un emprendedor, a lo que conteste\" \/>\n<meta property=\"og:url\" content=\"https:\/\/kalot.com.mx\/site\/2013\/10\/21\/emprendedor-que-es-eso\/\" \/>\n<meta property=\"og:site_name\" content=\"Kalot\" \/>\n<meta property=\"article:publisher\" content=\"http:\/\/facebook.com\/mxkalot\" \/>\n<meta property=\"article:published_time\" content=\"2013-10-22T04:23:49+00:00\" \/>\n<meta property=\"og:image\" content=\"https:\/\/i0.wp.com\/kalot.com.mx\/site\/wp-content\/uploads\/2013\/10\/emprende.jpg?fit=400%2C300&ssl=1\" \/>\n\t<meta property=\"og:image:width\" content=\"400\" \/>\n\t<meta property=\"og:image:height\" content=\"300\" \/>\n\t<meta property=\"og:image:type\" content=\"image\/jpeg\" \/>\n<meta name=\"author\" content=\"Samuel Arriaga\" \/>\n<meta name=\"twitter:card\" content=\"summary_large_image\" \/>\n<meta name=\"twitter:creator\" content=\"@kalotmx\" \/>\n<meta name=\"twitter:site\" content=\"@kalotmx\" \/>\n<meta name=\"twitter:label1\" content=\"Escrito por\" \/>\n\t<meta name=\"twitter:data1\" content=\"Samuel Arriaga\" \/>\n\t<meta name=\"twitter:label2\" content=\"Tiempo de lectura\" \/>\n\t<meta name=\"twitter:data2\" content=\"2 minutos\" \/>\n<!-- \/ Yoast SEO plugin. -->","yoast_head_json":{"title":"Emprendedor \u00bfQue es eso? - Kalot","description":"Hace un par de d\u00edas me preguntaron unas personas a cerca de las caracter\u00edsticas que deber\u00eda tener una persona para ser un emprendedor, a lo que conteste","robots":{"index":"index","follow":"follow","max-snippet":"max-snippet:-1","max-image-preview":"max-image-preview:large","max-video-preview":"max-video-preview:-1"},"canonical":"https:\/\/kalot.com.mx\/site\/2013\/10\/21\/emprendedor-que-es-eso\/","og_locale":"es_MX","og_type":"article","og_title":"Emprendedor \u00bfQue es eso? - Kalot","og_description":"Hace un par de d\u00edas me preguntaron unas personas a cerca de las caracter\u00edsticas que deber\u00eda tener una persona para ser un emprendedor, a lo que conteste","og_url":"https:\/\/kalot.com.mx\/site\/2013\/10\/21\/emprendedor-que-es-eso\/","og_site_name":"Kalot","article_publisher":"http:\/\/facebook.com\/mxkalot","article_published_time":"2013-10-22T04:23:49+00:00","og_image":[{"width":400,"height":300,"url":"https:\/\/i0.wp.com\/kalot.com.mx\/site\/wp-content\/uploads\/2013\/10\/emprende.jpg?fit=400%2C300&ssl=1","type":"image\/jpeg"}],"author":"Samuel Arriaga","twitter_card":"summary_large_image","twitter_creator":"@kalotmx","twitter_site":"@kalotmx","twitter_misc":{"Escrito por":"Samuel Arriaga","Tiempo de lectura":"2 minutos"},"schema":{"@context":"https:\/\/schema.org","@graph":[{"@type":"Article","@id":"https:\/\/kalot.com.mx\/site\/2013\/10\/21\/emprendedor-que-es-eso\/#article","isPartOf":{"@id":"https:\/\/kalot.com.mx\/site\/2013\/10\/21\/emprendedor-que-es-eso\/"},"author":{"name":"Samuel Arriaga","@id":"https:\/\/kalot.com.mx\/site\/#\/schema\/person\/dd5c05682cc5c2f90e15b43f4876bb07"},"headline":"Emprendedor \u00bfQue es eso?","datePublished":"2013-10-22T04:23:49+00:00","mainEntityOfPage":{"@id":"https:\/\/kalot.com.mx\/site\/2013\/10\/21\/emprendedor-que-es-eso\/"},"wordCount":353,"commentCount":0,"publisher":{"@id":"https:\/\/kalot.com.mx\/site\/#organization"},"image":{"@id":"https:\/\/kalot.com.mx\/site\/2013\/10\/21\/emprendedor-que-es-eso\/#primaryimage"},"thumbnailUrl":"https:\/\/i0.wp.com\/kalot.com.mx\/site\/wp-content\/uploads\/2013\/10\/emprende.jpg?fit=400%2C300&ssl=1","inLanguage":"es","potentialAction":[{"@type":"CommentAction","name":"Comment","target":["https:\/\/kalot.com.mx\/site\/2013\/10\/21\/emprendedor-que-es-eso\/#respond"]}]},{"@type":"WebPage","@id":"https:\/\/kalot.com.mx\/site\/2013\/10\/21\/emprendedor-que-es-eso\/","url":"https:\/\/kalot.com.mx\/site\/2013\/10\/21\/emprendedor-que-es-eso\/","name":"Emprendedor \u00bfQue es eso? - Kalot","isPartOf":{"@id":"https:\/\/kalot.com.mx\/site\/#website"},"primaryImageOfPage":{"@id":"https:\/\/kalot.com.mx\/site\/2013\/10\/21\/emprendedor-que-es-eso\/#primaryimage"},"image":{"@id":"https:\/\/kalot.com.mx\/site\/2013\/10\/21\/emprendedor-que-es-eso\/#primaryimage"},"thumbnailUrl":"https:\/\/i0.wp.com\/kalot.com.mx\/site\/wp-content\/uploads\/2013\/10\/emprende.jpg?fit=400%2C300&ssl=1","datePublished":"2013-10-22T04:23:49+00:00","description":"Hace un par de d\u00edas me preguntaron unas personas a cerca de las caracter\u00edsticas que deber\u00eda tener una persona para ser un emprendedor, a lo que conteste","breadcrumb":{"@id":"https:\/\/kalot.com.mx\/site\/2013\/10\/21\/emprendedor-que-es-eso\/#breadcrumb"},"inLanguage":"es","potentialAction":[{"@type":"ReadAction","target":["https:\/\/kalot.com.mx\/site\/2013\/10\/21\/emprendedor-que-es-eso\/"]}]},{"@type":"ImageObject","inLanguage":"es","@id":"https:\/\/kalot.com.mx\/site\/2013\/10\/21\/emprendedor-que-es-eso\/#primaryimage","url":"https:\/\/i0.wp.com\/kalot.com.mx\/site\/wp-content\/uploads\/2013\/10\/emprende.jpg?fit=400%2C300&ssl=1","contentUrl":"https:\/\/i0.wp.com\/kalot.com.mx\/site\/wp-content\/uploads\/2013\/10\/emprende.jpg?fit=400%2C300&ssl=1","width":400,"height":300},{"@type":"BreadcrumbList","@id":"https:\/\/kalot.com.mx\/site\/2013\/10\/21\/emprendedor-que-es-eso\/#breadcrumb","itemListElement":[{"@type":"ListItem","position":1,"name":"Home","item":"https:\/\/kalot.com.mx\/site\/"},{"@type":"ListItem","position":2,"name":"Emprendedor \u00bfQue es eso?"}]},{"@type":"WebSite","@id":"https:\/\/kalot.com.mx\/site\/#website","url":"https:\/\/kalot.com.mx\/site\/","name":"Kalot","description":"Conoce Todo Sobre Todo","publisher":{"@id":"https:\/\/kalot.com.mx\/site\/#organization"},"potentialAction":[{"@type":"SearchAction","target":{"@type":"EntryPoint","urlTemplate":"https:\/\/kalot.com.mx\/site\/?s={search_term_string}"},"query-input":{"@type":"PropertyValueSpecification","valueRequired":true,"valueName":"search_term_string"}}],"inLanguage":"es"},{"@type":"Organization","@id":"https:\/\/kalot.com.mx\/site\/#organization","name":"Kalot","url":"https:\/\/kalot.com.mx\/site\/","logo":{"@type":"ImageObject","inLanguage":"es","@id":"https:\/\/kalot.com.mx\/site\/#\/schema\/logo\/image\/","url":"https:\/\/i0.wp.com\/kalot.com.mx\/site\/wp-content\/uploads\/2020\/04\/Kalot-logo-sin-tagline.png?fit=1707%2C1014&ssl=1","contentUrl":"https:\/\/i0.wp.com\/kalot.com.mx\/site\/wp-content\/uploads\/2020\/04\/Kalot-logo-sin-tagline.png?fit=1707%2C1014&ssl=1","width":1707,"height":1014,"caption":"Kalot"},"image":{"@id":"https:\/\/kalot.com.mx\/site\/#\/schema\/logo\/image\/"},"sameAs":["http:\/\/facebook.com\/mxkalot","https:\/\/x.com\/kalotmx","http:\/\/instagram.com\/kalotmx","http:\/\/pinterest.com\/jorgeerana\/kalot"]},{"@type":"Person","@id":"https:\/\/kalot.com.mx\/site\/#\/schema\/person\/dd5c05682cc5c2f90e15b43f4876bb07","name":"Samuel Arriaga","image":{"@type":"ImageObject","inLanguage":"es","@id":"https:\/\/secure.gravatar.com\/avatar\/4d903cda45bbc366a5fa7bd20f9ef978480e7ed6a0507effb654eb82065720c7?s=96&d=mm&r=g","url":"https:\/\/secure.gravatar.com\/avatar\/4d903cda45bbc366a5fa7bd20f9ef978480e7ed6a0507effb654eb82065720c7?s=96&d=mm&r=g","contentUrl":"https:\/\/secure.gravatar.com\/avatar\/4d903cda45bbc366a5fa7bd20f9ef978480e7ed6a0507effb654eb82065720c7?s=96&d=mm&r=g","caption":"Samuel Arriaga"},"url":"https:\/\/kalot.com.mx\/site\/author\/mario\/"}]}},"jetpack_publicize_connections":[],"jetpack_shortlink":"https:\/\/wp.me\/p6IHEI-1cp","jetpack-related-posts":[{"id":6099,"url":"https:\/\/kalot.com.mx\/site\/2013\/11\/09\/elementos-necesarios-para-el-exito-de-un-negocio-en-linea\/","url_meta":{"origin":4613,"position":0},"title":"Elementos necesarios para el \u00e9xito de un Negocio en Linea","author":"#YoSoyElOtro","date":"9 noviembre, 2013","format":false,"excerpt":"Elementos necesarios para el \u00e9xito de un Negocio en Linea Sin duda alguna puedo decir que el tema de emprendedores es de mis temas favoritos. Los emprendedores somos la fuerza que mueve a M\u00e9xico y estoy seguro que en muchos otros pa\u00edses es lo mismo... as\u00ed que este articulo aplica\u2026","rel":"","context":"Entrada similar ","block_context":{"text":"Entrada similar ","link":""},"img":{"alt_text":"","src":"https:\/\/i0.wp.com\/kalot.com.mx\/site\/wp-content\/uploads\/2013\/11\/e-commerce.jpg?fit=235%2C215&ssl=1&resize=350%2C200","width":350,"height":200},"classes":[]},{"id":1560,"url":"https:\/\/kalot.com.mx\/site\/2013\/09\/13\/20-frases-de-grandes-emprendedores-para-inspirarse\/","url_meta":{"origin":4613,"position":1},"title":"20 frases de grandes empresarios para inspirarse #Emprendi\u00e9ndola","author":"Rudy Marin","date":"13 septiembre, 2013","format":false,"excerpt":"Cuando eres emprendedor, suele haber momentos en los que necesitas inspirarte, escuchar otras opiniones de gente destacada para retomar tu valor, es por ello que creo oportuno compartirte estas 20 frases de grandes empresarios para no perder la inspiraci\u00f3n. 1. Tu tiempo es limitado. No lo desperdicies viviendo el sue\u00f1o\u2026","rel":"","context":"Con 1 comentario","block_context":{"text":"Con 1 comentario","link":"https:\/\/kalot.com.mx\/site\/2013\/09\/13\/20-frases-de-grandes-emprendedores-para-inspirarse\/#comments"},"img":{"alt_text":"","src":"https:\/\/i0.wp.com\/kalot.com.mx\/site\/wp-content\/uploads\/2013\/09\/20130913-223537.jpg?fit=485%2C330&ssl=1&resize=350%2C200","width":350,"height":200},"classes":[]},{"id":2012,"url":"https:\/\/kalot.com.mx\/site\/2013\/09\/19\/que-hace-el-instituto-del-emprendedor-de-san-luis-emprendiendola\/","url_meta":{"origin":4613,"position":2},"title":"\u00bfQu\u00e9 hace el Instituto del Emprendedor de San Luis? #Emprendi\u00e9ndola","author":"Rudy Marin","date":"19 septiembre, 2013","format":false,"excerpt":"Durante meses hab\u00eda escuchado que este era el proyecto estrella del Presidente de M\u00e9xico, Enrique Pe\u00f1a Nieto. A nivel nacional, por medio del Instituto Nacional del Emprendedor (INADEM), se han desarrollado un conjunto de programas para incentivar el emprendimiento en M\u00e9xico, buscando con ello modelos de negocio de alto impacto\u2026","rel":"","context":"Entrada similar ","block_context":{"text":"Entrada similar ","link":""},"img":{"alt_text":"","src":"https:\/\/i0.wp.com\/kalot.com.mx\/site\/wp-content\/uploads\/2013\/09\/20130919-230602.jpg?fit=497%2C768&ssl=1&resize=350%2C200","width":350,"height":200},"classes":[]},{"id":4855,"url":"https:\/\/kalot.com.mx\/site\/2013\/10\/24\/emprendedor-cambia-el-cafe-por-la-cerveza\/","url_meta":{"origin":4613,"position":3},"title":"Emprendedor cambia el caf\u00e9 por la cerveza","author":"Samuel Arriaga","date":"24 octubre, 2013","format":false,"excerpt":"Amigos Kaloch@s les traigo la historia de Felipe Medina un gran emprendedor que decidi\u00f3 refugiarse \u00a0en el alcohol. Cuando concluyo la carrera de Administraci\u00f3n de Empresas en la ciudad de M\u00e9xico se dio a la tarea de buscar empleo, pidi\u00f3 trabajo como es com\u00fan en los j\u00f3venes que terminan su\u2026","rel":"","context":"Con 2 comentarios","block_context":{"text":"Con 2 comentarios","link":"https:\/\/kalot.com.mx\/site\/2013\/10\/24\/emprendedor-cambia-el-cafe-por-la-cerveza\/#comments"},"img":{"alt_text":"","src":"https:\/\/i0.wp.com\/kalot.com.mx\/site\/wp-content\/uploads\/2013\/10\/the-beer.jpg?fit=800%2C450&ssl=1&resize=350%2C200","width":350,"height":200,"srcset":"https:\/\/i0.wp.com\/kalot.com.mx\/site\/wp-content\/uploads\/2013\/10\/the-beer.jpg?fit=800%2C450&ssl=1&resize=350%2C200 1x, https:\/\/i0.wp.com\/kalot.com.mx\/site\/wp-content\/uploads\/2013\/10\/the-beer.jpg?fit=800%2C450&ssl=1&resize=525%2C300 1.5x, https:\/\/i0.wp.com\/kalot.com.mx\/site\/wp-content\/uploads\/2013\/10\/the-beer.jpg?fit=800%2C450&ssl=1&resize=700%2C400 2x"},"classes":[]},{"id":1093,"url":"https:\/\/kalot.com.mx\/site\/2013\/09\/09\/borrador-del-credo-del-emprendedor\/","url_meta":{"origin":4613,"position":4},"title":"Borrador del credo del emprendedor","author":"Abraham Quinta","date":"9 septiembre, 2013","format":false,"excerpt":"\u00a0 Aprovechando la gran motivaci\u00f3n, que por alguna extra\u00f1a raz\u00f3n pienso que todos debemos de tener, quiero compartirte algo que escuch\u00e9 hace unos a\u00f1os del Maestro y conferencista Luis Maram; 10 puntos para tenerse en cuenta como emprendedor (y persona). Cambiando s\u00f3lo algunos puntos, manteniendo el resto y agregando un\u2026","rel":"","context":"Entrada similar ","block_context":{"text":"Entrada similar ","link":""},"img":{"alt_text":"","src":"https:\/\/i0.wp.com\/kalot.com.mx\/site\/wp-content\/uploads\/2013\/09\/borrador.jpg?fit=320%2C283&ssl=1&resize=350%2C200","width":350,"height":200},"classes":[]},{"id":11338,"url":"https:\/\/kalot.com.mx\/site\/2014\/02\/09\/de-estudiante-empleado-y-de-empleado-emprendedor\/","url_meta":{"origin":4613,"position":5},"title":"De estudiante a empleado, y de empleado a emprendedor.","author":"Rudy Marin","date":"9 febrero, 2014","format":false,"excerpt":"Desde muy peque\u00f1os solemos empezar a formar nuestras propias concepciones de la vida, y a partir de ellos, es com\u00fan que vayamos formando nuestros sue\u00f1os. Por ejemplo, es muy com\u00fan que teniendo 5 a\u00f1os de vida querr\u00e1mos ser un doctor o un bombero, o cualquier otra profesi\u00f3n. Conforme vamos avanzando\u2026","rel":"","context":"Con 3 comentarios","block_context":{"text":"Con 3 comentarios","link":"https:\/\/kalot.com.mx\/site\/2014\/02\/09\/de-estudiante-empleado-y-de-empleado-emprendedor\/#comments"},"img":{"alt_text":"","src":"https:\/\/i0.wp.com\/kalot.com.mx\/site\/wp-content\/uploads\/2014\/02\/estudiante-emprendedor-kalot.jpg?fit=470%2C352&ssl=1&resize=350%2C200","width":350,"height":200},"classes":[]}],"jetpack_sharing_enabled":true,"jetpack_featured_media_url":"https:\/\/i0.wp.com\/kalot.com.mx\/site\/wp-content\/uploads\/2013\/10\/emprende.jpg?fit=400%2C300&ssl=1","_links":{"self":[{"href":"https:\/\/kalot.com.mx\/site\/wp-json\/wp\/v2\/posts\/4613","targetHints":{"allow":["GET"]}}],"collection":[{"href":"https:\/\/kalot.com.mx\/site\/wp-json\/wp\/v2\/posts"}],"about":[{"href":"https:\/\/kalot.com.mx\/site\/wp-json\/wp\/v2\/types\/post"}],"author":[{"embeddable":true,"href":"https:\/\/kalot.com.mx\/site\/wp-json\/wp\/v2\/users\/33"}],"replies":[{"embeddable":true,"href":"https:\/\/kalot.com.mx\/site\/wp-json\/wp\/v2\/comments?post=4613"}],"version-history":[{"count":0,"href":"https:\/\/kalot.com.mx\/site\/wp-json\/wp\/v2\/posts\/4613\/revisions"}],"wp:featuredmedia":[{"embeddable":true,"href":"https:\/\/kalot.com.mx\/site\/wp-json\/wp\/v2\/media\/4616"}],"wp:attachment":[{"href":"https:\/\/kalot.com.mx\/site\/wp-json\/wp\/v2\/media?parent=4613"}],"wp:term":[{"taxonomy":"category","embeddable":true,"href":"https:\/\/kalot.com.mx\/site\/wp-json\/wp\/v2\/categories?post=4613"},{"taxonomy":"post_tag","embeddable":true,"href":"https:\/\/kalot.com.mx\/site\/wp-json\/wp\/v2\/tags?post=4613"}],"curies":[{"name":"wp","href":"https:\/\/api.w.org\/{rel}","templated":true}]}}