{"id":4515,"date":"2013-10-24T12:05:44","date_gmt":"2013-10-24T17:05:44","guid":{"rendered":"http:\/\/www.kalot.com.mx\/?p=4515"},"modified":"2013-10-24T12:42:50","modified_gmt":"2013-10-24T17:42:50","slug":"la-paz-y-su-premio-nobel","status":"publish","type":"post","link":"https:\/\/kalot.com.mx\/site\/2013\/10\/24\/la-paz-y-su-premio-nobel\/","title":{"rendered":"La Paz y su Premio Nobel"},"content":{"rendered":"<p>Ya les contaba \u00a0de las motivaciones pol\u00edticas detr\u00e1s de los Premios Nobel.<\/p>\n<p>En este 2013, uno de los mas importantes, el Premio Nobel de la Paz, fue otorgado a la Organizaci\u00f3n por la Prohibici\u00f3n de Armas Qu\u00edmicas (OPAQ). Good timing.<\/p>\n<p>El Premio Nobel de la Paz, ademas de ser importante y muy simb\u00f3lico, es uno de los premios que hist\u00f3ricamente ha sido entregado a instituciones u organizaciones (tales como la OPAQ), ademas de individuos. Otros premios Nobel, como el de F\u00edsica, Qu\u00edmica o Medicina, son entregados la mayor\u00eda de las veces a individuos o grupos de individuos que realizan un trabajo conjunto.<\/p>\n<p>Este anyo, el Nobel de la Paz tenia varios candidatos (no oficiales, pero personas sobresalientes con potencial de ganarlo) como la chica afgana Malala Yousafzai -joven activista por la educaci\u00f3n de ninyas\u00a0en su pais-, el soldado estadounidense Bradley Manning -actualmente en juicio por la transferencia de informaci\u00f3n militar clasificada a Wikileaks-, y la cubana Yoani Sanchez -joven bloggera anticastrista-.<\/p>\n<p>Y finalmente, el premio fue otorgado a la organizaci\u00f3n por la Prohibici\u00f3n de Armas Qu\u00edmicas. Unos meses despu\u00e9s de que alarmante informaci\u00f3n se filtrara a medios de comunicaci\u00f3n internacionales sobre el uso de Armas Qu\u00edmicas en Siria. Que en principio, seg\u00fan la informaci\u00f3n, fueron usadas por Bashir Al-Assad en contra de los rebeldes.<\/p>\n<p>Asi que\u2026 dejamos fuera la educaci\u00f3n de las ninyas, el derecho a la informaci\u00f3n, y el derecho a la libre expresi\u00f3n. No pienso que sean mas o menos importantes, simplemente, despu\u00e9s de tantos conflictos y problemas sociales, este hecho me parece el reflejo de \u00a0nuestro concepto universal de \u201cPaz\u201d como ausencia de conflicto armado en lugar de calidad de vida y derechos civiles para toda la poblaci\u00f3n. Interesante.<\/p>\n","protected":false},"excerpt":{"rendered":"Ya les contaba \u00a0de las motivaciones pol\u00edticas detr\u00e1s de los Premios Nobel. En este 2013, uno de los&hellip;\n","protected":false},"author":28,"featured_media":4831,"comment_status":"open","ping_status":"open","sticky":false,"template":"","format":"standard","meta":{"jetpack_post_was_ever_published":false,"_jetpack_newsletter_access":"","_jetpack_dont_email_post_to_subs":false,"_jetpack_newsletter_tier_id":0,"_jetpack_memberships_contains_paywalled_content":false,"_jetpack_memberships_contains_paid_content":false,"footnotes":"","jetpack_publicize_message":"","jetpack_publicize_feature_enabled":true,"jetpack_social_post_already_shared":true,"jetpack_social_options":{"image_generator_settings":{"template":"highway","default_image_id":0,"font":"","enabled":false},"version":2}},"categories":[],"tags":[],"class_list":{"0":"post-4515","1":"post","2":"type-post","3":"status-publish","4":"format-standard","5":"has-post-thumbnail","7":"cs-entry","8":"cs-video-wrap"},"yoast_head":"<!-- This site is optimized with the Yoast SEO plugin v27.5 - https:\/\/yoast.com\/product\/yoast-seo-wordpress\/ -->\n<title>La Paz y su Premio Nobel - Kalot<\/title>\n<meta name=\"description\" content=\"Ya les contaba \u00a0de las motivaciones pol\u00edticas detr\u00e1s de los Premios Nobel. En este 2013, uno de los mas importantes, el Premio Nobel de la Paz, fue\" \/>\n<meta name=\"robots\" content=\"index, follow, max-snippet:-1, max-image-preview:large, max-video-preview:-1\" \/>\n<link rel=\"canonical\" href=\"https:\/\/kalot.com.mx\/site\/2013\/10\/24\/la-paz-y-su-premio-nobel\/\" \/>\n<meta property=\"og:locale\" content=\"es_MX\" \/>\n<meta property=\"og:type\" content=\"article\" \/>\n<meta property=\"og:title\" content=\"La Paz y su Premio Nobel - Kalot\" \/>\n<meta property=\"og:description\" content=\"Ya les contaba \u00a0de las motivaciones pol\u00edticas detr\u00e1s de los Premios Nobel. En este 2013, uno de los mas importantes, el Premio Nobel de la Paz, fue\" \/>\n<meta property=\"og:url\" content=\"https:\/\/kalot.com.mx\/site\/2013\/10\/24\/la-paz-y-su-premio-nobel\/\" \/>\n<meta property=\"og:site_name\" content=\"Kalot\" \/>\n<meta property=\"article:publisher\" content=\"http:\/\/facebook.com\/mxkalot\" \/>\n<meta property=\"article:published_time\" content=\"2013-10-24T17:05:44+00:00\" \/>\n<meta property=\"article:modified_time\" content=\"2013-10-24T17:42:50+00:00\" \/>\n<meta property=\"og:image\" content=\"https:\/\/i0.wp.com\/kalot.com.mx\/site\/wp-content\/uploads\/2013\/10\/image1.jpg?fit=854%2C440&ssl=1\" \/>\n\t<meta property=\"og:image:width\" content=\"854\" \/>\n\t<meta property=\"og:image:height\" content=\"440\" \/>\n\t<meta property=\"og:image:type\" content=\"image\/jpeg\" \/>\n<meta name=\"author\" content=\"Adriana Baranda\" \/>\n<meta name=\"twitter:card\" content=\"summary_large_image\" \/>\n<meta name=\"twitter:creator\" content=\"@ninamonsivais\" \/>\n<meta name=\"twitter:site\" content=\"@kalotmx\" \/>\n<meta name=\"twitter:label1\" content=\"Escrito por\" \/>\n\t<meta name=\"twitter:data1\" content=\"Adriana Baranda\" \/>\n\t<meta name=\"twitter:label2\" content=\"Tiempo de lectura\" \/>\n\t<meta name=\"twitter:data2\" content=\"2 minutos\" \/>\n<!-- \/ Yoast SEO plugin. -->","yoast_head_json":{"title":"La Paz y su Premio Nobel - Kalot","description":"Ya les contaba \u00a0de las motivaciones pol\u00edticas detr\u00e1s de los Premios Nobel. En este 2013, uno de los mas importantes, el Premio Nobel de la Paz, fue","robots":{"index":"index","follow":"follow","max-snippet":"max-snippet:-1","max-image-preview":"max-image-preview:large","max-video-preview":"max-video-preview:-1"},"canonical":"https:\/\/kalot.com.mx\/site\/2013\/10\/24\/la-paz-y-su-premio-nobel\/","og_locale":"es_MX","og_type":"article","og_title":"La Paz y su Premio Nobel - Kalot","og_description":"Ya les contaba \u00a0de las motivaciones pol\u00edticas detr\u00e1s de los Premios Nobel. En este 2013, uno de los mas importantes, el Premio Nobel de la Paz, fue","og_url":"https:\/\/kalot.com.mx\/site\/2013\/10\/24\/la-paz-y-su-premio-nobel\/","og_site_name":"Kalot","article_publisher":"http:\/\/facebook.com\/mxkalot","article_published_time":"2013-10-24T17:05:44+00:00","article_modified_time":"2013-10-24T17:42:50+00:00","og_image":[{"width":854,"height":440,"url":"https:\/\/i0.wp.com\/kalot.com.mx\/site\/wp-content\/uploads\/2013\/10\/image1.jpg?fit=854%2C440&ssl=1","type":"image\/jpeg"}],"author":"Adriana Baranda","twitter_card":"summary_large_image","twitter_creator":"@ninamonsivais","twitter_site":"@kalotmx","twitter_misc":{"Escrito por":"Adriana Baranda","Tiempo de lectura":"2 minutos"},"schema":{"@context":"https:\/\/schema.org","@graph":[{"@type":"Article","@id":"https:\/\/kalot.com.mx\/site\/2013\/10\/24\/la-paz-y-su-premio-nobel\/#article","isPartOf":{"@id":"https:\/\/kalot.com.mx\/site\/2013\/10\/24\/la-paz-y-su-premio-nobel\/"},"author":{"name":"Adriana Baranda","@id":"https:\/\/kalot.com.mx\/site\/#\/schema\/person\/50bd26831dd79b281498465bb24db139"},"headline":"La Paz y su Premio Nobel","datePublished":"2013-10-24T17:05:44+00:00","dateModified":"2013-10-24T17:42:50+00:00","mainEntityOfPage":{"@id":"https:\/\/kalot.com.mx\/site\/2013\/10\/24\/la-paz-y-su-premio-nobel\/"},"wordCount":314,"commentCount":0,"publisher":{"@id":"https:\/\/kalot.com.mx\/site\/#organization"},"image":{"@id":"https:\/\/kalot.com.mx\/site\/2013\/10\/24\/la-paz-y-su-premio-nobel\/#primaryimage"},"thumbnailUrl":"https:\/\/i0.wp.com\/kalot.com.mx\/site\/wp-content\/uploads\/2013\/10\/image1.jpg?fit=854%2C440&ssl=1","inLanguage":"es","potentialAction":[{"@type":"CommentAction","name":"Comment","target":["https:\/\/kalot.com.mx\/site\/2013\/10\/24\/la-paz-y-su-premio-nobel\/#respond"]}]},{"@type":"WebPage","@id":"https:\/\/kalot.com.mx\/site\/2013\/10\/24\/la-paz-y-su-premio-nobel\/","url":"https:\/\/kalot.com.mx\/site\/2013\/10\/24\/la-paz-y-su-premio-nobel\/","name":"La Paz y su Premio Nobel - Kalot","isPartOf":{"@id":"https:\/\/kalot.com.mx\/site\/#website"},"primaryImageOfPage":{"@id":"https:\/\/kalot.com.mx\/site\/2013\/10\/24\/la-paz-y-su-premio-nobel\/#primaryimage"},"image":{"@id":"https:\/\/kalot.com.mx\/site\/2013\/10\/24\/la-paz-y-su-premio-nobel\/#primaryimage"},"thumbnailUrl":"https:\/\/i0.wp.com\/kalot.com.mx\/site\/wp-content\/uploads\/2013\/10\/image1.jpg?fit=854%2C440&ssl=1","datePublished":"2013-10-24T17:05:44+00:00","dateModified":"2013-10-24T17:42:50+00:00","description":"Ya les contaba \u00a0de las motivaciones pol\u00edticas detr\u00e1s de los Premios Nobel. En este 2013, uno de los mas importantes, el Premio Nobel de la Paz, fue","breadcrumb":{"@id":"https:\/\/kalot.com.mx\/site\/2013\/10\/24\/la-paz-y-su-premio-nobel\/#breadcrumb"},"inLanguage":"es","potentialAction":[{"@type":"ReadAction","target":["https:\/\/kalot.com.mx\/site\/2013\/10\/24\/la-paz-y-su-premio-nobel\/"]}]},{"@type":"ImageObject","inLanguage":"es","@id":"https:\/\/kalot.com.mx\/site\/2013\/10\/24\/la-paz-y-su-premio-nobel\/#primaryimage","url":"https:\/\/i0.wp.com\/kalot.com.mx\/site\/wp-content\/uploads\/2013\/10\/image1.jpg?fit=854%2C440&ssl=1","contentUrl":"https:\/\/i0.wp.com\/kalot.com.mx\/site\/wp-content\/uploads\/2013\/10\/image1.jpg?fit=854%2C440&ssl=1","width":854,"height":440},{"@type":"BreadcrumbList","@id":"https:\/\/kalot.com.mx\/site\/2013\/10\/24\/la-paz-y-su-premio-nobel\/#breadcrumb","itemListElement":[{"@type":"ListItem","position":1,"name":"Home","item":"https:\/\/kalot.com.mx\/site\/"},{"@type":"ListItem","position":2,"name":"La Paz y su Premio Nobel"}]},{"@type":"WebSite","@id":"https:\/\/kalot.com.mx\/site\/#website","url":"https:\/\/kalot.com.mx\/site\/","name":"Kalot","description":"Conoce Todo Sobre Todo","publisher":{"@id":"https:\/\/kalot.com.mx\/site\/#organization"},"potentialAction":[{"@type":"SearchAction","target":{"@type":"EntryPoint","urlTemplate":"https:\/\/kalot.com.mx\/site\/?s={search_term_string}"},"query-input":{"@type":"PropertyValueSpecification","valueRequired":true,"valueName":"search_term_string"}}],"inLanguage":"es"},{"@type":"Organization","@id":"https:\/\/kalot.com.mx\/site\/#organization","name":"Kalot","url":"https:\/\/kalot.com.mx\/site\/","logo":{"@type":"ImageObject","inLanguage":"es","@id":"https:\/\/kalot.com.mx\/site\/#\/schema\/logo\/image\/","url":"https:\/\/i0.wp.com\/kalot.com.mx\/site\/wp-content\/uploads\/2020\/04\/Kalot-logo-sin-tagline.png?fit=1707%2C1014&ssl=1","contentUrl":"https:\/\/i0.wp.com\/kalot.com.mx\/site\/wp-content\/uploads\/2020\/04\/Kalot-logo-sin-tagline.png?fit=1707%2C1014&ssl=1","width":1707,"height":1014,"caption":"Kalot"},"image":{"@id":"https:\/\/kalot.com.mx\/site\/#\/schema\/logo\/image\/"},"sameAs":["http:\/\/facebook.com\/mxkalot","https:\/\/x.com\/kalotmx","http:\/\/instagram.com\/kalotmx","http:\/\/pinterest.com\/jorgeerana\/kalot"]},{"@type":"Person","@id":"https:\/\/kalot.com.mx\/site\/#\/schema\/person\/50bd26831dd79b281498465bb24db139","name":"Adriana Baranda","image":{"@type":"ImageObject","inLanguage":"es","@id":"https:\/\/secure.gravatar.com\/avatar\/e6e520b0e3ee828ce53d00bdfb79115553fa526ea9a591549255876a460c1a05?s=96&d=mm&r=g","url":"https:\/\/secure.gravatar.com\/avatar\/e6e520b0e3ee828ce53d00bdfb79115553fa526ea9a591549255876a460c1a05?s=96&d=mm&r=g","contentUrl":"https:\/\/secure.gravatar.com\/avatar\/e6e520b0e3ee828ce53d00bdfb79115553fa526ea9a591549255876a460c1a05?s=96&d=mm&r=g","caption":"Adriana Baranda"},"description":"Soy Adriana Baranda, mejor conocida como Nina. Soy Licenciada en Relaciones Internacionales, y me encanta mi profesion, pero solo en la teoria, no en la practica; asi que soy el ente tripartito esquizofrenico detras de Laitue Hydroponics (lechugas hidroponicas) y me gusta leer, viajar y escribir.","sameAs":["https:\/\/x.com\/ninamonsivais"],"url":"https:\/\/kalot.com.mx\/site\/author\/nina\/"}]}},"jetpack_publicize_connections":[],"jetpack_featured_media_url":"https:\/\/i0.wp.com\/kalot.com.mx\/site\/wp-content\/uploads\/2013\/10\/image1.jpg?fit=854%2C440&ssl=1","jetpack_shortlink":"https:\/\/wp.me\/p6IHEI-1aP","jetpack-related-posts":[{"id":3899,"url":"https:\/\/kalot.com.mx\/site\/2013\/10\/14\/y-llegaron-los-premios-nobel-2013\/","url_meta":{"origin":4515,"position":0},"title":"Y llegaron los Premios Nobel 2013","author":"Karla Ju\u00e1rez","date":"14 octubre, 2013","format":false,"excerpt":"Como cada a\u00f1o y desde 1901 Los Premios Nobel considerados los galardones m\u00e1s importantes referente a ciencia, arte y humanidades, dan a conocer a los ganadores del nombramiento a lo m\u00e1s sobresaliente en su campo; que a pesar de las expectativas que generan, mucho se desconoce del origen de estos\u2026","rel":"","context":"Entrada similar ","block_context":{"text":"Entrada similar ","link":""},"img":{"alt_text":"","src":"https:\/\/i0.wp.com\/kalot.com.mx\/site\/wp-content\/uploads\/2013\/10\/nobel_prize.jpg?fit=900%2C350&ssl=1&resize=350%2C200","width":350,"height":200,"srcset":"https:\/\/i0.wp.com\/kalot.com.mx\/site\/wp-content\/uploads\/2013\/10\/nobel_prize.jpg?fit=900%2C350&ssl=1&resize=350%2C200 1x, https:\/\/i0.wp.com\/kalot.com.mx\/site\/wp-content\/uploads\/2013\/10\/nobel_prize.jpg?fit=900%2C350&ssl=1&resize=525%2C300 1.5x, https:\/\/i0.wp.com\/kalot.com.mx\/site\/wp-content\/uploads\/2013\/10\/nobel_prize.jpg?fit=900%2C350&ssl=1&resize=700%2C400 2x"},"classes":[]},{"id":4385,"url":"https:\/\/kalot.com.mx\/site\/2013\/10\/19\/alice-munro-ganadora-del-premio-nobel-de-literatura-2013\/","url_meta":{"origin":4515,"position":1},"title":"Alice Munro, ganadora del premio Nobel de Literatura 2013","author":"Adriana Baranda","date":"19 octubre, 2013","format":false,"excerpt":"Ya es fin de semana, al parecer estar\u00e1 lluvioso, y aunque la temperatura no es muy baja, se antoja -o se me antoja- estar en un sill\u00f3n c\u00f3modo leyendo un buen libro, ahhhh :) \u00a0 Ya les ven\u00edamos platicando de los Premios Nobel. Este 2013, el Premio Nobel de Literatura\u2026","rel":"","context":"Entrada similar ","block_context":{"text":"Entrada similar ","link":""},"img":{"alt_text":"","src":"","width":0,"height":0},"classes":[]},{"id":15005,"url":"https:\/\/kalot.com.mx\/site\/2014\/04\/17\/adios-gabriel-garcia-marquez\/","url_meta":{"origin":4515,"position":2},"title":"Adi\u00f3s Gabriel Garc\u00eda M\u00e1rquez.","author":"Gustavo Elizarrar\u00e1s","date":"17 abril, 2014","format":false,"excerpt":"El d\u00eda de hoy el colombiano Gabriel Garc\u00eda M\u00e1rquez en su hogar en la ciudad de M\u00e9xico a los 87 a\u00f1os de edad. Hoy perdimos al premio nobel de Literatura tras una fuerte lucha contra el cancer. Gabriel Jos\u00e9 de la Concordia Garc\u00eda M\u00e1rquez naci\u00f3 un 6 de marzo de\u2026","rel":"","context":"En &quot;Sin categor\u00eda&quot;","block_context":{"text":"Sin categor\u00eda","link":"https:\/\/kalot.com.mx\/site\/category\/sin-categoria\/"},"img":{"alt_text":"","src":"https:\/\/i0.wp.com\/kalot.com.mx\/site\/wp-content\/uploads\/2014\/04\/unnamed.jpg?fit=506%2C323&ssl=1&resize=350%2C200","width":350,"height":200},"classes":[]},{"id":7109,"url":"https:\/\/kalot.com.mx\/site\/2013\/11\/25\/elena-poniatowska-una-grande-de-la-literatura-hispanoamericana\/","url_meta":{"origin":4515,"position":3},"title":"Elena Poniatowska, una grande de La Literatura Hispanoamericana","author":"Am\u00e9rica Vel\u00e1zquez","date":"25 noviembre, 2013","format":false,"excerpt":"Elena Poniatowska recibi\u00f3 hace poco \u201cEl Premio Cervantes\u201d, considerado el \u201cNobel de las letras hispanas\u201d, siendo la primera mujer mexicana en obtener dicho reconocimiento. Hablar de los escritores de la literatura Hispanoamericana, es hablar sin lugar a dudas de Elena Poniatowska, nacida en Par\u00eds, Francia en el a\u00f1o de 1932,\u2026","rel":"","context":"Entrada similar ","block_context":{"text":"Entrada similar ","link":""},"img":{"alt_text":"","src":"https:\/\/i0.wp.com\/kalot.com.mx\/site\/wp-content\/uploads\/2013\/11\/KALOT-ELENA.jpg?fit=900%2C500&ssl=1&resize=350%2C200","width":350,"height":200,"srcset":"https:\/\/i0.wp.com\/kalot.com.mx\/site\/wp-content\/uploads\/2013\/11\/KALOT-ELENA.jpg?fit=900%2C500&ssl=1&resize=350%2C200 1x, https:\/\/i0.wp.com\/kalot.com.mx\/site\/wp-content\/uploads\/2013\/11\/KALOT-ELENA.jpg?fit=900%2C500&ssl=1&resize=525%2C300 1.5x, https:\/\/i0.wp.com\/kalot.com.mx\/site\/wp-content\/uploads\/2013\/11\/KALOT-ELENA.jpg?fit=900%2C500&ssl=1&resize=700%2C400 2x"},"classes":[]},{"id":18618,"url":"https:\/\/kalot.com.mx\/site\/2014\/10\/08\/misoginia-2-0-o-como-la-estupidez-obstaculiza-la-igualdad\/","url_meta":{"origin":4515,"position":4},"title":"Misoginia 2.0 o c\u00f3mo la estupidez obstaculiza la igualdad","author":"Carlos Ru\u00edz Mtz","date":"8 octubre, 2014","format":false,"excerpt":"Mucho se ha escuchado hablar de la liberaci\u00f3n femenina, el feminismo, el rechazo hacia el machismo o heteropatriarcado, temas de gran relevancia en la\u00a0sociedad global en la que vivimos. Sin embargo, \u00bfalguien conoce el verdadero alcance y significado detr\u00e1s de estos t\u00e9rminos? Para contextualizar, volvamos al 2009; cuando el reci\u00e9n\u2026","rel":"","context":"Entrada similar ","block_context":{"text":"Entrada similar ","link":""},"img":{"alt_text":"","src":"https:\/\/i0.wp.com\/kalot.com.mx\/site\/wp-content\/uploads\/2014\/10\/large.jpg?fit=1024%2C768&ssl=1&resize=350%2C200","width":350,"height":200,"srcset":"https:\/\/i0.wp.com\/kalot.com.mx\/site\/wp-content\/uploads\/2014\/10\/large.jpg?fit=1024%2C768&ssl=1&resize=350%2C200 1x, https:\/\/i0.wp.com\/kalot.com.mx\/site\/wp-content\/uploads\/2014\/10\/large.jpg?fit=1024%2C768&ssl=1&resize=525%2C300 1.5x, https:\/\/i0.wp.com\/kalot.com.mx\/site\/wp-content\/uploads\/2014\/10\/large.jpg?fit=1024%2C768&ssl=1&resize=700%2C400 2x"},"classes":[]},{"id":3047,"url":"https:\/\/kalot.com.mx\/site\/2013\/10\/03\/scribd-premium-netflix-para-libros\/","url_meta":{"origin":4515,"position":5},"title":"Scribd Premium \u00bfNetflix para libros?","author":"Karla Ju\u00e1rez","date":"3 octubre, 2013","format":false,"excerpt":"Hey comunidad \u00a1Kalocha! \u00bfSe consideran amantes de la lectura? \u00bfAficionados? \u00bfLes gusta? Entonces esto les va a interesar. La herramienta Scribd\u00a0\u00a0autodenominada la biblioteca digital m\u00e1s grande del mundo, nos presenta uno de los mejores servicios en cuanto a recuperaci\u00f3n, localizaci\u00f3n y descarga de poco m\u00e1s de 40 millones de libros\u2026","rel":"","context":"Entrada similar ","block_context":{"text":"Entrada similar ","link":""},"img":{"alt_text":"","src":"https:\/\/i0.wp.com\/kalot.com.mx\/site\/wp-content\/uploads\/2013\/10\/jumbotronzfinal_updated2.jpg?fit=500%2C750&ssl=1&resize=350%2C200","width":350,"height":200},"classes":[]}],"jetpack_sharing_enabled":true,"_links":{"self":[{"href":"https:\/\/kalot.com.mx\/site\/wp-json\/wp\/v2\/posts\/4515","targetHints":{"allow":["GET"]}}],"collection":[{"href":"https:\/\/kalot.com.mx\/site\/wp-json\/wp\/v2\/posts"}],"about":[{"href":"https:\/\/kalot.com.mx\/site\/wp-json\/wp\/v2\/types\/post"}],"author":[{"embeddable":true,"href":"https:\/\/kalot.com.mx\/site\/wp-json\/wp\/v2\/users\/28"}],"replies":[{"embeddable":true,"href":"https:\/\/kalot.com.mx\/site\/wp-json\/wp\/v2\/comments?post=4515"}],"version-history":[{"count":0,"href":"https:\/\/kalot.com.mx\/site\/wp-json\/wp\/v2\/posts\/4515\/revisions"}],"wp:featuredmedia":[{"embeddable":true,"href":"https:\/\/kalot.com.mx\/site\/wp-json\/wp\/v2\/media\/4831"}],"wp:attachment":[{"href":"https:\/\/kalot.com.mx\/site\/wp-json\/wp\/v2\/media?parent=4515"}],"wp:term":[{"taxonomy":"category","embeddable":true,"href":"https:\/\/kalot.com.mx\/site\/wp-json\/wp\/v2\/categories?post=4515"},{"taxonomy":"post_tag","embeddable":true,"href":"https:\/\/kalot.com.mx\/site\/wp-json\/wp\/v2\/tags?post=4515"}],"curies":[{"name":"wp","href":"https:\/\/api.w.org\/{rel}","templated":true}]}}