{"id":4385,"date":"2013-10-19T09:33:29","date_gmt":"2013-10-19T14:33:29","guid":{"rendered":"http:\/\/www.kalot.com.mx\/?p=4385"},"modified":"2013-10-29T00:07:24","modified_gmt":"2013-10-29T06:07:24","slug":"alice-munro-ganadora-del-premio-nobel-de-literatura-2013","status":"publish","type":"post","link":"https:\/\/kalot.com.mx\/site\/2013\/10\/19\/alice-munro-ganadora-del-premio-nobel-de-literatura-2013\/","title":{"rendered":"Alice Munro, ganadora del premio Nobel de Literatura 2013"},"content":{"rendered":"<p>Ya es fin de semana, al parecer estar\u00e1 lluvioso, y aunque la temperatura no es muy baja, se antoja -o se me antoja- estar en un sill\u00f3n c\u00f3modo leyendo un buen libro, ahhhh \ud83d\ude42<\/p>\n<p>&nbsp;<\/p>\n<p>Ya les ven\u00edamos platicando de los Premios Nobel. Este 2013, el Premio Nobel de Literatura fue otorgado a la escritora canadiense.<\/p>\n<p>Les dir\u00e9 por principio, que yo soy un poco esc\u00e9ptica acerca de los Noble. Estoy convencida de los poderosos intereses pol\u00edticos detr\u00e1s de ellos, por ejemplo, un Nobel de Literatura a un Colombiano en pleno conflicto, pero bueno, me gusta, lo que no podre perdonar nunca, por citar, es que Carlos Fuentes no lo haya recibido, pero ya estoy divagando.<\/p>\n<p>Antes de la semana pasada, cuando el Nobel Literario fue anunciado, yo no hab\u00eda escuchado de Alice Munro, pero al saberla galardonada r\u00e1pidamente me apresure a comprar uno de sus libros, por dos razones: es canadiense, y es mujer.<\/p>\n<p>Con la convicci\u00f3n que tengo tambi\u00e9n de conocer lugares y culturas por su literatura, confieso que hasta ahora, no hab\u00eda le\u00eddo a un autor canadiense. Y bueno, por esa misma convicci\u00f3n, me atrae mucho la literatura producida por mujeres, porque proporcionan una visi\u00f3n del mundo distinta.<\/p>\n<p>Alice Munro no me decepciono. Para empezar, escribe cuentos, historias cortas, que a pesar de contar con pocas paginas, crean una historia y un ambiente que algunas novelas envidiar\u00edan. Luego, Alice escribe sobre su nativa Canad\u00e1, yo se que tenemos -o yo tengo- esa idea de Canad\u00e1 como un pa\u00eds desarrollado de personas tolerantes y sonrientes, el Canad\u00e1 de Munro es ese pero con particularidades de por ejemplo, el uso recurrente del tren como medio de transporte, escenarios remotos como pueblos al norte, situaciones especificas como el tiempo de posguerra (2GM). Y finalmente, la mayor\u00eda de los personajes de Munro, son mujeres, mujeres con preocupaciones, vidas incompletas, vidas felices, vidas cotidianas.<\/p>\n<p>Dedicare mi fin de semana a terminar &#8220;Dear Life, Stories&#8221; de Alice Munro. Y si ustedes no saben que hacer el fin de semana, o esta semana, o este mes, o el resto del a\u00f1o, lean a Alice. Seguro les gustara.<\/p>\n","protected":false},"excerpt":{"rendered":"Ya es fin de semana, al parecer estar\u00e1 lluvioso, y aunque la temperatura no es muy baja, se&hellip;\n","protected":false},"author":28,"featured_media":4391,"comment_status":"open","ping_status":"open","sticky":false,"template":"","format":"standard","meta":{"jetpack_post_was_ever_published":false,"_jetpack_newsletter_access":"","_jetpack_dont_email_post_to_subs":false,"_jetpack_newsletter_tier_id":0,"_jetpack_memberships_contains_paywalled_content":false,"_jetpack_memberships_contains_paid_content":false,"footnotes":"","jetpack_publicize_message":"","jetpack_publicize_feature_enabled":true,"jetpack_social_post_already_shared":true,"jetpack_social_options":{"image_generator_settings":{"template":"highway","default_image_id":0,"font":"","enabled":false},"version":2}},"categories":[],"tags":[],"class_list":{"0":"post-4385","1":"post","2":"type-post","3":"status-publish","4":"format-standard","5":"has-post-thumbnail","7":"cs-entry","8":"cs-video-wrap"},"yoast_head":"<!-- This site is optimized with the Yoast SEO plugin v27.5 - https:\/\/yoast.com\/product\/yoast-seo-wordpress\/ -->\n<title>Alice Munro, ganadora del premio Nobel de Literatura 2013 - Kalot<\/title>\n<meta name=\"description\" content=\"Ya es fin de semana, al parecer estar\u00e1 lluvioso, y aunque la temperatura no es muy baja, se antoja -o se me antoja- estar en un sill\u00f3n c\u00f3modo leyendo un\" \/>\n<meta name=\"robots\" content=\"index, follow, max-snippet:-1, max-image-preview:large, max-video-preview:-1\" \/>\n<link rel=\"canonical\" href=\"https:\/\/kalot.com.mx\/site\/2013\/10\/19\/alice-munro-ganadora-del-premio-nobel-de-literatura-2013\/\" \/>\n<meta property=\"og:locale\" content=\"es_MX\" \/>\n<meta property=\"og:type\" content=\"article\" \/>\n<meta property=\"og:title\" content=\"Alice Munro, ganadora del premio Nobel de Literatura 2013 - Kalot\" \/>\n<meta property=\"og:description\" content=\"Ya es fin de semana, al parecer estar\u00e1 lluvioso, y aunque la temperatura no es muy baja, se antoja -o se me antoja- estar en un sill\u00f3n c\u00f3modo leyendo un\" \/>\n<meta property=\"og:url\" content=\"https:\/\/kalot.com.mx\/site\/2013\/10\/19\/alice-munro-ganadora-del-premio-nobel-de-literatura-2013\/\" \/>\n<meta property=\"og:site_name\" content=\"Kalot\" \/>\n<meta property=\"article:publisher\" content=\"http:\/\/facebook.com\/mxkalot\" \/>\n<meta property=\"article:published_time\" content=\"2013-10-19T14:33:29+00:00\" \/>\n<meta property=\"article:modified_time\" content=\"2013-10-29T06:07:24+00:00\" \/>\n<meta property=\"og:image\" content=\"https:\/\/i0.wp.com\/kalot.com.mx\/site\/wp-content\/uploads\/2013\/10\/alice-munro.jpg?fit=186%2C271&ssl=1\" \/>\n\t<meta property=\"og:image:width\" content=\"186\" \/>\n\t<meta property=\"og:image:height\" content=\"271\" \/>\n\t<meta property=\"og:image:type\" content=\"image\/jpeg\" \/>\n<meta name=\"author\" content=\"Adriana Baranda\" \/>\n<meta name=\"twitter:card\" content=\"summary_large_image\" \/>\n<meta name=\"twitter:creator\" content=\"@ninamonsivais\" \/>\n<meta name=\"twitter:site\" content=\"@kalotmx\" \/>\n<meta name=\"twitter:label1\" content=\"Escrito por\" \/>\n\t<meta name=\"twitter:data1\" content=\"Adriana Baranda\" \/>\n\t<meta name=\"twitter:label2\" content=\"Tiempo de lectura\" \/>\n\t<meta name=\"twitter:data2\" content=\"2 minutos\" \/>\n<!-- \/ Yoast SEO plugin. -->","yoast_head_json":{"title":"Alice Munro, ganadora del premio Nobel de Literatura 2013 - Kalot","description":"Ya es fin de semana, al parecer estar\u00e1 lluvioso, y aunque la temperatura no es muy baja, se antoja -o se me antoja- estar en un sill\u00f3n c\u00f3modo leyendo un","robots":{"index":"index","follow":"follow","max-snippet":"max-snippet:-1","max-image-preview":"max-image-preview:large","max-video-preview":"max-video-preview:-1"},"canonical":"https:\/\/kalot.com.mx\/site\/2013\/10\/19\/alice-munro-ganadora-del-premio-nobel-de-literatura-2013\/","og_locale":"es_MX","og_type":"article","og_title":"Alice Munro, ganadora del premio Nobel de Literatura 2013 - Kalot","og_description":"Ya es fin de semana, al parecer estar\u00e1 lluvioso, y aunque la temperatura no es muy baja, se antoja -o se me antoja- estar en un sill\u00f3n c\u00f3modo leyendo un","og_url":"https:\/\/kalot.com.mx\/site\/2013\/10\/19\/alice-munro-ganadora-del-premio-nobel-de-literatura-2013\/","og_site_name":"Kalot","article_publisher":"http:\/\/facebook.com\/mxkalot","article_published_time":"2013-10-19T14:33:29+00:00","article_modified_time":"2013-10-29T06:07:24+00:00","og_image":[{"width":186,"height":271,"url":"https:\/\/i0.wp.com\/kalot.com.mx\/site\/wp-content\/uploads\/2013\/10\/alice-munro.jpg?fit=186%2C271&ssl=1","type":"image\/jpeg"}],"author":"Adriana Baranda","twitter_card":"summary_large_image","twitter_creator":"@ninamonsivais","twitter_site":"@kalotmx","twitter_misc":{"Escrito por":"Adriana Baranda","Tiempo de lectura":"2 minutos"},"schema":{"@context":"https:\/\/schema.org","@graph":[{"@type":"Article","@id":"https:\/\/kalot.com.mx\/site\/2013\/10\/19\/alice-munro-ganadora-del-premio-nobel-de-literatura-2013\/#article","isPartOf":{"@id":"https:\/\/kalot.com.mx\/site\/2013\/10\/19\/alice-munro-ganadora-del-premio-nobel-de-literatura-2013\/"},"author":{"name":"Adriana Baranda","@id":"https:\/\/kalot.com.mx\/site\/#\/schema\/person\/50bd26831dd79b281498465bb24db139"},"headline":"Alice Munro, ganadora del premio Nobel de Literatura 2013","datePublished":"2013-10-19T14:33:29+00:00","dateModified":"2013-10-29T06:07:24+00:00","mainEntityOfPage":{"@id":"https:\/\/kalot.com.mx\/site\/2013\/10\/19\/alice-munro-ganadora-del-premio-nobel-de-literatura-2013\/"},"wordCount":377,"commentCount":0,"publisher":{"@id":"https:\/\/kalot.com.mx\/site\/#organization"},"image":{"@id":"https:\/\/kalot.com.mx\/site\/2013\/10\/19\/alice-munro-ganadora-del-premio-nobel-de-literatura-2013\/#primaryimage"},"thumbnailUrl":"https:\/\/i0.wp.com\/kalot.com.mx\/site\/wp-content\/uploads\/2013\/10\/alice-munro.jpg?fit=186%2C271&ssl=1","inLanguage":"es","potentialAction":[{"@type":"CommentAction","name":"Comment","target":["https:\/\/kalot.com.mx\/site\/2013\/10\/19\/alice-munro-ganadora-del-premio-nobel-de-literatura-2013\/#respond"]}]},{"@type":"WebPage","@id":"https:\/\/kalot.com.mx\/site\/2013\/10\/19\/alice-munro-ganadora-del-premio-nobel-de-literatura-2013\/","url":"https:\/\/kalot.com.mx\/site\/2013\/10\/19\/alice-munro-ganadora-del-premio-nobel-de-literatura-2013\/","name":"Alice Munro, ganadora del premio Nobel de Literatura 2013 - Kalot","isPartOf":{"@id":"https:\/\/kalot.com.mx\/site\/#website"},"primaryImageOfPage":{"@id":"https:\/\/kalot.com.mx\/site\/2013\/10\/19\/alice-munro-ganadora-del-premio-nobel-de-literatura-2013\/#primaryimage"},"image":{"@id":"https:\/\/kalot.com.mx\/site\/2013\/10\/19\/alice-munro-ganadora-del-premio-nobel-de-literatura-2013\/#primaryimage"},"thumbnailUrl":"https:\/\/i0.wp.com\/kalot.com.mx\/site\/wp-content\/uploads\/2013\/10\/alice-munro.jpg?fit=186%2C271&ssl=1","datePublished":"2013-10-19T14:33:29+00:00","dateModified":"2013-10-29T06:07:24+00:00","description":"Ya es fin de semana, al parecer estar\u00e1 lluvioso, y aunque la temperatura no es muy baja, se antoja -o se me antoja- estar en un sill\u00f3n c\u00f3modo leyendo un","breadcrumb":{"@id":"https:\/\/kalot.com.mx\/site\/2013\/10\/19\/alice-munro-ganadora-del-premio-nobel-de-literatura-2013\/#breadcrumb"},"inLanguage":"es","potentialAction":[{"@type":"ReadAction","target":["https:\/\/kalot.com.mx\/site\/2013\/10\/19\/alice-munro-ganadora-del-premio-nobel-de-literatura-2013\/"]}]},{"@type":"ImageObject","inLanguage":"es","@id":"https:\/\/kalot.com.mx\/site\/2013\/10\/19\/alice-munro-ganadora-del-premio-nobel-de-literatura-2013\/#primaryimage","url":"https:\/\/i0.wp.com\/kalot.com.mx\/site\/wp-content\/uploads\/2013\/10\/alice-munro.jpg?fit=186%2C271&ssl=1","contentUrl":"https:\/\/i0.wp.com\/kalot.com.mx\/site\/wp-content\/uploads\/2013\/10\/alice-munro.jpg?fit=186%2C271&ssl=1","width":186,"height":271},{"@type":"BreadcrumbList","@id":"https:\/\/kalot.com.mx\/site\/2013\/10\/19\/alice-munro-ganadora-del-premio-nobel-de-literatura-2013\/#breadcrumb","itemListElement":[{"@type":"ListItem","position":1,"name":"Home","item":"https:\/\/kalot.com.mx\/site\/"},{"@type":"ListItem","position":2,"name":"Alice Munro, ganadora del premio Nobel de Literatura 2013"}]},{"@type":"WebSite","@id":"https:\/\/kalot.com.mx\/site\/#website","url":"https:\/\/kalot.com.mx\/site\/","name":"Kalot","description":"Conoce Todo Sobre Todo","publisher":{"@id":"https:\/\/kalot.com.mx\/site\/#organization"},"potentialAction":[{"@type":"SearchAction","target":{"@type":"EntryPoint","urlTemplate":"https:\/\/kalot.com.mx\/site\/?s={search_term_string}"},"query-input":{"@type":"PropertyValueSpecification","valueRequired":true,"valueName":"search_term_string"}}],"inLanguage":"es"},{"@type":"Organization","@id":"https:\/\/kalot.com.mx\/site\/#organization","name":"Kalot","url":"https:\/\/kalot.com.mx\/site\/","logo":{"@type":"ImageObject","inLanguage":"es","@id":"https:\/\/kalot.com.mx\/site\/#\/schema\/logo\/image\/","url":"https:\/\/i0.wp.com\/kalot.com.mx\/site\/wp-content\/uploads\/2020\/04\/Kalot-logo-sin-tagline.png?fit=1707%2C1014&ssl=1","contentUrl":"https:\/\/i0.wp.com\/kalot.com.mx\/site\/wp-content\/uploads\/2020\/04\/Kalot-logo-sin-tagline.png?fit=1707%2C1014&ssl=1","width":1707,"height":1014,"caption":"Kalot"},"image":{"@id":"https:\/\/kalot.com.mx\/site\/#\/schema\/logo\/image\/"},"sameAs":["http:\/\/facebook.com\/mxkalot","https:\/\/x.com\/kalotmx","http:\/\/instagram.com\/kalotmx","http:\/\/pinterest.com\/jorgeerana\/kalot"]},{"@type":"Person","@id":"https:\/\/kalot.com.mx\/site\/#\/schema\/person\/50bd26831dd79b281498465bb24db139","name":"Adriana Baranda","image":{"@type":"ImageObject","inLanguage":"es","@id":"https:\/\/secure.gravatar.com\/avatar\/e6e520b0e3ee828ce53d00bdfb79115553fa526ea9a591549255876a460c1a05?s=96&d=mm&r=g","url":"https:\/\/secure.gravatar.com\/avatar\/e6e520b0e3ee828ce53d00bdfb79115553fa526ea9a591549255876a460c1a05?s=96&d=mm&r=g","contentUrl":"https:\/\/secure.gravatar.com\/avatar\/e6e520b0e3ee828ce53d00bdfb79115553fa526ea9a591549255876a460c1a05?s=96&d=mm&r=g","caption":"Adriana Baranda"},"description":"Soy Adriana Baranda, mejor conocida como Nina. Soy Licenciada en Relaciones Internacionales, y me encanta mi profesion, pero solo en la teoria, no en la practica; asi que soy el ente tripartito esquizofrenico detras de Laitue Hydroponics (lechugas hidroponicas) y me gusta leer, viajar y escribir.","sameAs":["https:\/\/x.com\/ninamonsivais"],"url":"https:\/\/kalot.com.mx\/site\/author\/nina\/"}]}},"jetpack_publicize_connections":[],"jetpack_featured_media_url":"https:\/\/i0.wp.com\/kalot.com.mx\/site\/wp-content\/uploads\/2013\/10\/alice-munro.jpg?fit=186%2C271&ssl=1","jetpack_shortlink":"https:\/\/wp.me\/p6IHEI-18J","jetpack-related-posts":[{"id":4515,"url":"https:\/\/kalot.com.mx\/site\/2013\/10\/24\/la-paz-y-su-premio-nobel\/","url_meta":{"origin":4385,"position":0},"title":"La Paz y su Premio Nobel","author":"Adriana Baranda","date":"24 octubre, 2013","format":false,"excerpt":"Ya les contaba \u00a0de las motivaciones pol\u00edticas detr\u00e1s de los Premios Nobel. En este 2013, uno de los mas importantes, el Premio Nobel de la Paz, fue otorgado a la Organizaci\u00f3n por la Prohibici\u00f3n de Armas Qu\u00edmicas (OPAQ). Good timing. El Premio Nobel de la Paz, ademas de ser importante\u2026","rel":"","context":"Entrada similar ","block_context":{"text":"Entrada similar ","link":""},"img":{"alt_text":"","src":"https:\/\/i0.wp.com\/kalot.com.mx\/site\/wp-content\/uploads\/2013\/10\/image1.jpg?fit=854%2C440&ssl=1&resize=350%2C200","width":350,"height":200,"srcset":"https:\/\/i0.wp.com\/kalot.com.mx\/site\/wp-content\/uploads\/2013\/10\/image1.jpg?fit=854%2C440&ssl=1&resize=350%2C200 1x, https:\/\/i0.wp.com\/kalot.com.mx\/site\/wp-content\/uploads\/2013\/10\/image1.jpg?fit=854%2C440&ssl=1&resize=525%2C300 1.5x, https:\/\/i0.wp.com\/kalot.com.mx\/site\/wp-content\/uploads\/2013\/10\/image1.jpg?fit=854%2C440&ssl=1&resize=700%2C400 2x"},"classes":[]},{"id":3899,"url":"https:\/\/kalot.com.mx\/site\/2013\/10\/14\/y-llegaron-los-premios-nobel-2013\/","url_meta":{"origin":4385,"position":1},"title":"Y llegaron los Premios Nobel 2013","author":"Karla Ju\u00e1rez","date":"14 octubre, 2013","format":false,"excerpt":"Como cada a\u00f1o y desde 1901 Los Premios Nobel considerados los galardones m\u00e1s importantes referente a ciencia, arte y humanidades, dan a conocer a los ganadores del nombramiento a lo m\u00e1s sobresaliente en su campo; que a pesar de las expectativas que generan, mucho se desconoce del origen de estos\u2026","rel":"","context":"Entrada similar ","block_context":{"text":"Entrada similar ","link":""},"img":{"alt_text":"","src":"https:\/\/i0.wp.com\/kalot.com.mx\/site\/wp-content\/uploads\/2013\/10\/nobel_prize.jpg?fit=900%2C350&ssl=1&resize=350%2C200","width":350,"height":200,"srcset":"https:\/\/i0.wp.com\/kalot.com.mx\/site\/wp-content\/uploads\/2013\/10\/nobel_prize.jpg?fit=900%2C350&ssl=1&resize=350%2C200 1x, https:\/\/i0.wp.com\/kalot.com.mx\/site\/wp-content\/uploads\/2013\/10\/nobel_prize.jpg?fit=900%2C350&ssl=1&resize=525%2C300 1.5x, https:\/\/i0.wp.com\/kalot.com.mx\/site\/wp-content\/uploads\/2013\/10\/nobel_prize.jpg?fit=900%2C350&ssl=1&resize=700%2C400 2x"},"classes":[]},{"id":15005,"url":"https:\/\/kalot.com.mx\/site\/2014\/04\/17\/adios-gabriel-garcia-marquez\/","url_meta":{"origin":4385,"position":2},"title":"Adi\u00f3s Gabriel Garc\u00eda M\u00e1rquez.","author":"Gustavo Elizarrar\u00e1s","date":"17 abril, 2014","format":false,"excerpt":"El d\u00eda de hoy el colombiano Gabriel Garc\u00eda M\u00e1rquez en su hogar en la ciudad de M\u00e9xico a los 87 a\u00f1os de edad. Hoy perdimos al premio nobel de Literatura tras una fuerte lucha contra el cancer. Gabriel Jos\u00e9 de la Concordia Garc\u00eda M\u00e1rquez naci\u00f3 un 6 de marzo de\u2026","rel":"","context":"En &quot;Sin categor\u00eda&quot;","block_context":{"text":"Sin categor\u00eda","link":"https:\/\/kalot.com.mx\/site\/category\/sin-categoria\/"},"img":{"alt_text":"","src":"https:\/\/i0.wp.com\/kalot.com.mx\/site\/wp-content\/uploads\/2014\/04\/unnamed.jpg?fit=506%2C323&ssl=1&resize=350%2C200","width":350,"height":200},"classes":[]},{"id":7109,"url":"https:\/\/kalot.com.mx\/site\/2013\/11\/25\/elena-poniatowska-una-grande-de-la-literatura-hispanoamericana\/","url_meta":{"origin":4385,"position":3},"title":"Elena Poniatowska, una grande de La Literatura Hispanoamericana","author":"Am\u00e9rica Vel\u00e1zquez","date":"25 noviembre, 2013","format":false,"excerpt":"Elena Poniatowska recibi\u00f3 hace poco \u201cEl Premio Cervantes\u201d, considerado el \u201cNobel de las letras hispanas\u201d, siendo la primera mujer mexicana en obtener dicho reconocimiento. Hablar de los escritores de la literatura Hispanoamericana, es hablar sin lugar a dudas de Elena Poniatowska, nacida en Par\u00eds, Francia en el a\u00f1o de 1932,\u2026","rel":"","context":"Entrada similar ","block_context":{"text":"Entrada similar ","link":""},"img":{"alt_text":"","src":"https:\/\/i0.wp.com\/kalot.com.mx\/site\/wp-content\/uploads\/2013\/11\/KALOT-ELENA.jpg?fit=900%2C500&ssl=1&resize=350%2C200","width":350,"height":200,"srcset":"https:\/\/i0.wp.com\/kalot.com.mx\/site\/wp-content\/uploads\/2013\/11\/KALOT-ELENA.jpg?fit=900%2C500&ssl=1&resize=350%2C200 1x, https:\/\/i0.wp.com\/kalot.com.mx\/site\/wp-content\/uploads\/2013\/11\/KALOT-ELENA.jpg?fit=900%2C500&ssl=1&resize=525%2C300 1.5x, https:\/\/i0.wp.com\/kalot.com.mx\/site\/wp-content\/uploads\/2013\/11\/KALOT-ELENA.jpg?fit=900%2C500&ssl=1&resize=700%2C400 2x"},"classes":[]},{"id":12699,"url":"https:\/\/kalot.com.mx\/site\/2014\/03\/06\/un-poquito-de-gabriel-garcia-m\/","url_meta":{"origin":4385,"position":4},"title":"Un poquito de Gabriel Garc\u00eda M\u00e1rquez #FelizCumplea\u00f1os","author":"Andrea Debo","date":"6 marzo, 2014","format":false,"excerpt":"Y hoy cumple a\u00f1os un cl\u00e1sico novelista, que en 1982 recibi\u00f3 el Premio Nobel de Literatura... Y s\u00ed, si es esa persona que ustedes est\u00e1n pensando: Gabriel Garc\u00eda M\u00e1rquez. Un cl\u00e1sico de la literatura, un hombre lleno de letras que cautiva las mentes lectoras. Naci\u00f3 en Colombia,\u00a0Estudi\u00f3 Derecho (qui\u00e9n lo\u2026","rel":"","context":"En &quot;Sin categor\u00eda&quot;","block_context":{"text":"Sin categor\u00eda","link":"https:\/\/kalot.com.mx\/site\/category\/sin-categoria\/"},"img":{"alt_text":"","src":"https:\/\/i0.wp.com\/kalot.com.mx\/site\/wp-content\/uploads\/2014\/03\/Gabriel-Garc%C3%ADa-M%C3%A1rquez.jpg?fit=400%2C288&ssl=1&resize=350%2C200","width":350,"height":200},"classes":[]},{"id":15095,"url":"https:\/\/kalot.com.mx\/site\/2014\/04\/20\/las-10-obras-de-garcia-marquez-que-debes-de-leer\/","url_meta":{"origin":4385,"position":5},"title":"Las 10 obras de Garc\u00eda M\u00e1rquez que debes de leer","author":"Saul Alonso","date":"20 abril, 2014","format":false,"excerpt":"Y desgraciadamente uno de los mejores escritores ha fallecido, estoy hablando de Gabriel Garc\u00eda M\u00e1rquez, quien gan\u00f3 el Premio Nobel de Literatura en 1982. Pero dejo un gran legado de obras que se deben de leer, dado el contenido y temas que estos abordan. Veamos las 10 obras catalogadas como\u2026","rel":"","context":"Entrada similar ","block_context":{"text":"Entrada similar ","link":""},"img":{"alt_text":"","src":"https:\/\/i0.wp.com\/kalot.com.mx\/site\/wp-content\/uploads\/2014\/04\/Garcia_Marquez_by_sleepisbad.jpg?fit=768%2C943&ssl=1&resize=350%2C200","width":350,"height":200,"srcset":"https:\/\/i0.wp.com\/kalot.com.mx\/site\/wp-content\/uploads\/2014\/04\/Garcia_Marquez_by_sleepisbad.jpg?fit=768%2C943&ssl=1&resize=350%2C200 1x, https:\/\/i0.wp.com\/kalot.com.mx\/site\/wp-content\/uploads\/2014\/04\/Garcia_Marquez_by_sleepisbad.jpg?fit=768%2C943&ssl=1&resize=525%2C300 1.5x, https:\/\/i0.wp.com\/kalot.com.mx\/site\/wp-content\/uploads\/2014\/04\/Garcia_Marquez_by_sleepisbad.jpg?fit=768%2C943&ssl=1&resize=700%2C400 2x"},"classes":[]}],"jetpack_sharing_enabled":true,"_links":{"self":[{"href":"https:\/\/kalot.com.mx\/site\/wp-json\/wp\/v2\/posts\/4385","targetHints":{"allow":["GET"]}}],"collection":[{"href":"https:\/\/kalot.com.mx\/site\/wp-json\/wp\/v2\/posts"}],"about":[{"href":"https:\/\/kalot.com.mx\/site\/wp-json\/wp\/v2\/types\/post"}],"author":[{"embeddable":true,"href":"https:\/\/kalot.com.mx\/site\/wp-json\/wp\/v2\/users\/28"}],"replies":[{"embeddable":true,"href":"https:\/\/kalot.com.mx\/site\/wp-json\/wp\/v2\/comments?post=4385"}],"version-history":[{"count":0,"href":"https:\/\/kalot.com.mx\/site\/wp-json\/wp\/v2\/posts\/4385\/revisions"}],"wp:featuredmedia":[{"embeddable":true,"href":"https:\/\/kalot.com.mx\/site\/wp-json\/wp\/v2\/media\/4391"}],"wp:attachment":[{"href":"https:\/\/kalot.com.mx\/site\/wp-json\/wp\/v2\/media?parent=4385"}],"wp:term":[{"taxonomy":"category","embeddable":true,"href":"https:\/\/kalot.com.mx\/site\/wp-json\/wp\/v2\/categories?post=4385"},{"taxonomy":"post_tag","embeddable":true,"href":"https:\/\/kalot.com.mx\/site\/wp-json\/wp\/v2\/tags?post=4385"}],"curies":[{"name":"wp","href":"https:\/\/api.w.org\/{rel}","templated":true}]}}