{"id":4326,"date":"2013-10-18T09:54:54","date_gmt":"2013-10-18T14:54:54","guid":{"rendered":"http:\/\/www.kalot.com.mx\/?p=4326"},"modified":"2013-10-18T09:56:02","modified_gmt":"2013-10-18T14:56:02","slug":"feria-del-libro-infantil-y-juvenil-de-san-luis-potosi","status":"publish","type":"post","link":"https:\/\/kalot.com.mx\/site\/2013\/10\/18\/feria-del-libro-infantil-y-juvenil-de-san-luis-potosi\/","title":{"rendered":"Feria del libro Infantil y Juvenil 2013"},"content":{"rendered":"<p style=\"text-align: justify\">Pues querid@s Kaloch@s, \u00a0en su edici\u00f3n de este a\u00f1o la Feria del Libro Infantil y Juvenil nos presentar\u00e1 entre sus\u00a0\u00a033 expositores en 43 stands, lo mejor y m\u00e1s reciente referente \u00a0a material educativo, literario y de preparaci\u00f3n as\u00ed como entretenimiento y como cada a\u00f1o y sin falta se adhieren\u00a035 actividades diversas durante los d\u00edas de feria, que incluyen 8 presentaciones de libros y sus autores; 8 audiciones musicales; y 19 espect\u00e1culos esc\u00e9nicos o actividades de promoci\u00f3n de la lectura.<\/p>\n<p style=\"text-align: justify\">Con poco m\u00e1s de 338 mil pesos de presupuesto invertido, provenientes del\u00a0\u00a0Programa de Formaci\u00f3n y Divulgaci\u00f3n Literaria y del Fondo de Fomento a la Lectura, se llevar\u00e1 acabo la inauguraci\u00f3n el pr\u00f3ximo Lunes 21 de Octubre del a\u00f1o en curso, en la explanada de la Plaza de los Fundadores a partir de las 11:00 am y quedar\u00e1 abierto al publico general como en sus pasadas ediciones.<\/p>\n<p style=\"text-align: justify\"><a href=\"https:\/\/i0.wp.com\/www.kalot.com.mx\/wp-content\/uploads\/2013\/10\/cat.jpg\"><img data-recalc-dims=\"1\" fetchpriority=\"high\" decoding=\"async\" data-attachment-id=\"4333\" data-permalink=\"https:\/\/kalot.com.mx\/site\/2013\/10\/18\/feria-del-libro-infantil-y-juvenil-de-san-luis-potosi\/cat\/\" data-orig-file=\"https:\/\/i0.wp.com\/kalot.com.mx\/site\/wp-content\/uploads\/2013\/10\/cat.jpg?fit=290%2C174&amp;ssl=1\" data-orig-size=\"290,174\" data-comments-opened=\"1\" data-image-meta=\"{&quot;aperture&quot;:&quot;0&quot;,&quot;credit&quot;:&quot;&quot;,&quot;camera&quot;:&quot;&quot;,&quot;caption&quot;:&quot;&quot;,&quot;created_timestamp&quot;:&quot;0&quot;,&quot;copyright&quot;:&quot;&quot;,&quot;focal_length&quot;:&quot;0&quot;,&quot;iso&quot;:&quot;0&quot;,&quot;shutter_speed&quot;:&quot;0&quot;,&quot;title&quot;:&quot;&quot;}\" data-image-title=\"cat\" data-image-description=\"\" data-image-caption=\"\" data-large-file=\"https:\/\/i0.wp.com\/kalot.com.mx\/site\/wp-content\/uploads\/2013\/10\/cat.jpg?fit=290%2C174&amp;ssl=1\" class=\"size-full wp-image-4333 alignleft\" alt=\"cat\" src=\"https:\/\/i0.wp.com\/www.kalot.com.mx\/wp-content\/uploads\/2013\/10\/cat.jpg?resize=290%2C174\" width=\"290\" height=\"174\" \/><\/a><\/p>\n<p style=\"text-align: justify\">Cabe mencionar que los libros que ser\u00e1n presentados y las muestras ser\u00e1n enfocados a ni\u00f1os y j\u00f3venes principalmente. Las presentaciones dar\u00e1n inicio el mismo d\u00eda de apertura a partir de las 18:oo hrs\u00a0con la presentaci\u00f3n del libro Ojos llenos de sombra, de Raquel Castro, seguido por la presentaci\u00f3n de la Escuela de Iniciaci\u00f3n Musical Juli\u00e1n Carrillo, con ni\u00f1os y j\u00f3venes ejecutantes de guitarra cl\u00e1sica; y para cerrar se presentar\u00e1 el libro Ilab, de Cecilia Guinea Corres.<\/p>\n<p style=\"text-align: justify\">El programa de este a\u00f1o es variado y maravilloso, recuerden que como sociedad es parte de nuestra responsabilidad el cultivar y guiar a las nuevas generaciones a desarrollar h\u00e1bitos tan ben\u00e9ficos como lo es la lectura, algo que debido al desarrollo de otras tecnolog\u00edas se ha visto afectado a tal grado de impactar de manera educativa y socio-econ\u00f3mica en nuestro pa\u00eds.<\/p>\n<p style=\"text-align: justify\">Permitamos \u00a0que nuestros ni\u00f1os y j\u00f3venes vivan a trav\u00e9s de los libros todas esas maravillosas historias que los ayudar\u00e1n a no perder ese v\u00ednculo invaluable con la inocencia, esos relatos maravillosos, esos mundos fant\u00e1sticos, esa historia que nos hace saber de nuestro pasado, \u00a0aquellos y aquellas hero\u00ednas que los alentaran y rescatar\u00e1n, en fin todo lo que implica estar inmerso en este maravilloso h\u00e1bito que es la lectura.\u00a0<a href=\"https:\/\/i0.wp.com\/www.kalot.com.mx\/wp-content\/uploads\/2013\/10\/Books.jpg\"><img data-recalc-dims=\"1\" decoding=\"async\" data-attachment-id=\"4331\" data-permalink=\"https:\/\/kalot.com.mx\/site\/2013\/10\/18\/feria-del-libro-infantil-y-juvenil-de-san-luis-potosi\/books\/\" data-orig-file=\"https:\/\/i0.wp.com\/kalot.com.mx\/site\/wp-content\/uploads\/2013\/10\/Books.jpg?fit=475%2C325&amp;ssl=1\" data-orig-size=\"475,325\" data-comments-opened=\"1\" data-image-meta=\"{&quot;aperture&quot;:&quot;0&quot;,&quot;credit&quot;:&quot;&quot;,&quot;camera&quot;:&quot;&quot;,&quot;caption&quot;:&quot;&quot;,&quot;created_timestamp&quot;:&quot;0&quot;,&quot;copyright&quot;:&quot;&quot;,&quot;focal_length&quot;:&quot;0&quot;,&quot;iso&quot;:&quot;0&quot;,&quot;shutter_speed&quot;:&quot;0&quot;,&quot;title&quot;:&quot;&quot;}\" data-image-title=\"Books\" data-image-description=\"\" data-image-caption=\"\" data-large-file=\"https:\/\/i0.wp.com\/kalot.com.mx\/site\/wp-content\/uploads\/2013\/10\/Books.jpg?fit=475%2C325&amp;ssl=1\" class=\"size-medium wp-image-4331 alignright\" alt=\"Books\" src=\"https:\/\/i0.wp.com\/www.kalot.com.mx\/wp-content\/uploads\/2013\/10\/Books-300x205.jpg?resize=300%2C205\" width=\"300\" height=\"205\" srcset=\"https:\/\/i0.wp.com\/kalot.com.mx\/site\/wp-content\/uploads\/2013\/10\/Books.jpg?resize=300%2C205&amp;ssl=1 300w, https:\/\/i0.wp.com\/kalot.com.mx\/site\/wp-content\/uploads\/2013\/10\/Books.jpg?resize=330%2C225&amp;ssl=1 330w, https:\/\/i0.wp.com\/kalot.com.mx\/site\/wp-content\/uploads\/2013\/10\/Books.jpg?w=475&amp;ssl=1 475w\" sizes=\"(max-width: 300px) 100vw, 300px\" \/><\/a><\/p>\n<p>Les dejo el link de la Secretar\u00eda de Cultura por si les interesa ver el programa de actividades: <a href=\"http:\/\/culturaslp.gob.mx\/\">http:\/\/culturaslp.gob.mx\/<\/a><\/p>\n<p>&nbsp;<\/p>\n<p>Tengan una excelente vida Kaloch@s !!<\/p>\n<p>&nbsp;<\/p>\n<p><em><strong><span style=\"color: #00ccff\">Chochos (: \u00a0<\/span><\/strong><\/em><\/p>\n","protected":false},"excerpt":{"rendered":"Pues querid@s Kaloch@s, \u00a0en su edici\u00f3n de este a\u00f1o la Feria del Libro Infantil y Juvenil nos presentar\u00e1&hellip;\n","protected":false},"author":31,"featured_media":4331,"comment_status":"open","ping_status":"open","sticky":false,"template":"","format":"standard","meta":{"jetpack_post_was_ever_published":false,"_jetpack_newsletter_access":"","_jetpack_dont_email_post_to_subs":false,"_jetpack_newsletter_tier_id":0,"_jetpack_memberships_contains_paywalled_content":false,"_jetpack_memberships_contains_paid_content":false,"footnotes":"","jetpack_publicize_message":"","jetpack_publicize_feature_enabled":true,"jetpack_social_post_already_shared":true,"jetpack_social_options":{"image_generator_settings":{"template":"highway","default_image_id":0,"font":"","enabled":false},"version":2}},"categories":[],"tags":[],"class_list":{"0":"post-4326","1":"post","2":"type-post","3":"status-publish","4":"format-standard","5":"has-post-thumbnail","7":"cs-entry","8":"cs-video-wrap"},"yoast_head":"<!-- This site is optimized with the Yoast SEO plugin v27.5 - https:\/\/yoast.com\/product\/yoast-seo-wordpress\/ -->\n<title>Feria del libro Infantil y Juvenil 2013 - Kalot<\/title>\n<meta name=\"description\" content=\"Pues querid@s Kaloch@s, \u00a0en su edici\u00f3n de este a\u00f1o la Feria del Libro Infantil y Juvenil nos presentar\u00e1 entre sus\u00a0\u00a033 expositores en 43 stands, lo mejor y\" \/>\n<meta name=\"robots\" content=\"index, follow, max-snippet:-1, max-image-preview:large, max-video-preview:-1\" \/>\n<link rel=\"canonical\" href=\"https:\/\/kalot.com.mx\/site\/2013\/10\/18\/feria-del-libro-infantil-y-juvenil-de-san-luis-potosi\/\" \/>\n<meta property=\"og:locale\" content=\"es_MX\" \/>\n<meta property=\"og:type\" content=\"article\" \/>\n<meta property=\"og:title\" content=\"Feria del libro Infantil y Juvenil 2013 - Kalot\" \/>\n<meta property=\"og:description\" content=\"Pues querid@s Kaloch@s, \u00a0en su edici\u00f3n de este a\u00f1o la Feria del Libro Infantil y Juvenil nos presentar\u00e1 entre sus\u00a0\u00a033 expositores en 43 stands, lo mejor y\" \/>\n<meta property=\"og:url\" content=\"https:\/\/kalot.com.mx\/site\/2013\/10\/18\/feria-del-libro-infantil-y-juvenil-de-san-luis-potosi\/\" \/>\n<meta property=\"og:site_name\" content=\"Kalot\" \/>\n<meta property=\"article:publisher\" content=\"http:\/\/facebook.com\/mxkalot\" \/>\n<meta property=\"article:author\" content=\"https:\/\/www.facebook.com\/chochines\" \/>\n<meta property=\"article:published_time\" content=\"2013-10-18T14:54:54+00:00\" \/>\n<meta property=\"article:modified_time\" content=\"2013-10-18T14:56:02+00:00\" \/>\n<meta property=\"og:image\" content=\"https:\/\/i1.wp.com\/kalot.com.mx\/site\/wp-content\/uploads\/2013\/10\/Books.jpg?fit=475%2C325&ssl=1\" \/>\n\t<meta property=\"og:image:width\" content=\"475\" \/>\n\t<meta property=\"og:image:height\" content=\"325\" \/>\n\t<meta property=\"og:image:type\" content=\"image\/jpeg\" \/>\n<meta name=\"author\" content=\"Karla Ju\u00e1rez\" \/>\n<meta name=\"twitter:card\" content=\"summary_large_image\" \/>\n<meta name=\"twitter:creator\" content=\"@Chochosagogo\" \/>\n<meta name=\"twitter:site\" content=\"@kalotmx\" \/>\n<meta name=\"twitter:label1\" content=\"Escrito por\" \/>\n\t<meta name=\"twitter:data1\" content=\"Karla Ju\u00e1rez\" \/>\n\t<meta name=\"twitter:label2\" content=\"Tiempo de lectura\" \/>\n\t<meta name=\"twitter:data2\" content=\"2 minutos\" \/>\n<!-- \/ Yoast SEO plugin. -->","yoast_head_json":{"title":"Feria del libro Infantil y Juvenil 2013 - Kalot","description":"Pues querid@s Kaloch@s, \u00a0en su edici\u00f3n de este a\u00f1o la Feria del Libro Infantil y Juvenil nos presentar\u00e1 entre sus\u00a0\u00a033 expositores en 43 stands, lo mejor y","robots":{"index":"index","follow":"follow","max-snippet":"max-snippet:-1","max-image-preview":"max-image-preview:large","max-video-preview":"max-video-preview:-1"},"canonical":"https:\/\/kalot.com.mx\/site\/2013\/10\/18\/feria-del-libro-infantil-y-juvenil-de-san-luis-potosi\/","og_locale":"es_MX","og_type":"article","og_title":"Feria del libro Infantil y Juvenil 2013 - Kalot","og_description":"Pues querid@s Kaloch@s, \u00a0en su edici\u00f3n de este a\u00f1o la Feria del Libro Infantil y Juvenil nos presentar\u00e1 entre sus\u00a0\u00a033 expositores en 43 stands, lo mejor y","og_url":"https:\/\/kalot.com.mx\/site\/2013\/10\/18\/feria-del-libro-infantil-y-juvenil-de-san-luis-potosi\/","og_site_name":"Kalot","article_publisher":"http:\/\/facebook.com\/mxkalot","article_author":"https:\/\/www.facebook.com\/chochines","article_published_time":"2013-10-18T14:54:54+00:00","article_modified_time":"2013-10-18T14:56:02+00:00","og_image":[{"width":475,"height":325,"url":"https:\/\/i1.wp.com\/kalot.com.mx\/site\/wp-content\/uploads\/2013\/10\/Books.jpg?fit=475%2C325&ssl=1","type":"image\/jpeg"}],"author":"Karla Ju\u00e1rez","twitter_card":"summary_large_image","twitter_creator":"@Chochosagogo","twitter_site":"@kalotmx","twitter_misc":{"Escrito por":"Karla Ju\u00e1rez","Tiempo de lectura":"2 minutos"},"schema":{"@context":"https:\/\/schema.org","@graph":[{"@type":"Article","@id":"https:\/\/kalot.com.mx\/site\/2013\/10\/18\/feria-del-libro-infantil-y-juvenil-de-san-luis-potosi\/#article","isPartOf":{"@id":"https:\/\/kalot.com.mx\/site\/2013\/10\/18\/feria-del-libro-infantil-y-juvenil-de-san-luis-potosi\/"},"author":{"name":"Karla Ju\u00e1rez","@id":"https:\/\/kalot.com.mx\/site\/#\/schema\/person\/beddf7b350bcc8cc3c4ec89a2c46d3bf"},"headline":"Feria del libro Infantil y Juvenil 2013","datePublished":"2013-10-18T14:54:54+00:00","dateModified":"2013-10-18T14:56:02+00:00","mainEntityOfPage":{"@id":"https:\/\/kalot.com.mx\/site\/2013\/10\/18\/feria-del-libro-infantil-y-juvenil-de-san-luis-potosi\/"},"wordCount":428,"commentCount":0,"publisher":{"@id":"https:\/\/kalot.com.mx\/site\/#organization"},"image":{"@id":"https:\/\/kalot.com.mx\/site\/2013\/10\/18\/feria-del-libro-infantil-y-juvenil-de-san-luis-potosi\/#primaryimage"},"thumbnailUrl":"https:\/\/i0.wp.com\/kalot.com.mx\/site\/wp-content\/uploads\/2013\/10\/Books.jpg?fit=475%2C325&ssl=1","inLanguage":"es","potentialAction":[{"@type":"CommentAction","name":"Comment","target":["https:\/\/kalot.com.mx\/site\/2013\/10\/18\/feria-del-libro-infantil-y-juvenil-de-san-luis-potosi\/#respond"]}]},{"@type":"WebPage","@id":"https:\/\/kalot.com.mx\/site\/2013\/10\/18\/feria-del-libro-infantil-y-juvenil-de-san-luis-potosi\/","url":"https:\/\/kalot.com.mx\/site\/2013\/10\/18\/feria-del-libro-infantil-y-juvenil-de-san-luis-potosi\/","name":"Feria del libro Infantil y Juvenil 2013 - Kalot","isPartOf":{"@id":"https:\/\/kalot.com.mx\/site\/#website"},"primaryImageOfPage":{"@id":"https:\/\/kalot.com.mx\/site\/2013\/10\/18\/feria-del-libro-infantil-y-juvenil-de-san-luis-potosi\/#primaryimage"},"image":{"@id":"https:\/\/kalot.com.mx\/site\/2013\/10\/18\/feria-del-libro-infantil-y-juvenil-de-san-luis-potosi\/#primaryimage"},"thumbnailUrl":"https:\/\/i0.wp.com\/kalot.com.mx\/site\/wp-content\/uploads\/2013\/10\/Books.jpg?fit=475%2C325&ssl=1","datePublished":"2013-10-18T14:54:54+00:00","dateModified":"2013-10-18T14:56:02+00:00","description":"Pues querid@s Kaloch@s, \u00a0en su edici\u00f3n de este a\u00f1o la Feria del Libro Infantil y Juvenil nos presentar\u00e1 entre sus\u00a0\u00a033 expositores en 43 stands, lo mejor y","breadcrumb":{"@id":"https:\/\/kalot.com.mx\/site\/2013\/10\/18\/feria-del-libro-infantil-y-juvenil-de-san-luis-potosi\/#breadcrumb"},"inLanguage":"es","potentialAction":[{"@type":"ReadAction","target":["https:\/\/kalot.com.mx\/site\/2013\/10\/18\/feria-del-libro-infantil-y-juvenil-de-san-luis-potosi\/"]}]},{"@type":"ImageObject","inLanguage":"es","@id":"https:\/\/kalot.com.mx\/site\/2013\/10\/18\/feria-del-libro-infantil-y-juvenil-de-san-luis-potosi\/#primaryimage","url":"https:\/\/i0.wp.com\/kalot.com.mx\/site\/wp-content\/uploads\/2013\/10\/Books.jpg?fit=475%2C325&ssl=1","contentUrl":"https:\/\/i0.wp.com\/kalot.com.mx\/site\/wp-content\/uploads\/2013\/10\/Books.jpg?fit=475%2C325&ssl=1","width":475,"height":325},{"@type":"BreadcrumbList","@id":"https:\/\/kalot.com.mx\/site\/2013\/10\/18\/feria-del-libro-infantil-y-juvenil-de-san-luis-potosi\/#breadcrumb","itemListElement":[{"@type":"ListItem","position":1,"name":"Home","item":"https:\/\/kalot.com.mx\/site\/"},{"@type":"ListItem","position":2,"name":"Feria del libro Infantil y Juvenil 2013"}]},{"@type":"WebSite","@id":"https:\/\/kalot.com.mx\/site\/#website","url":"https:\/\/kalot.com.mx\/site\/","name":"Kalot","description":"Conoce Todo Sobre Todo","publisher":{"@id":"https:\/\/kalot.com.mx\/site\/#organization"},"potentialAction":[{"@type":"SearchAction","target":{"@type":"EntryPoint","urlTemplate":"https:\/\/kalot.com.mx\/site\/?s={search_term_string}"},"query-input":{"@type":"PropertyValueSpecification","valueRequired":true,"valueName":"search_term_string"}}],"inLanguage":"es"},{"@type":"Organization","@id":"https:\/\/kalot.com.mx\/site\/#organization","name":"Kalot","url":"https:\/\/kalot.com.mx\/site\/","logo":{"@type":"ImageObject","inLanguage":"es","@id":"https:\/\/kalot.com.mx\/site\/#\/schema\/logo\/image\/","url":"https:\/\/i0.wp.com\/kalot.com.mx\/site\/wp-content\/uploads\/2020\/04\/Kalot-logo-sin-tagline.png?fit=1707%2C1014&ssl=1","contentUrl":"https:\/\/i0.wp.com\/kalot.com.mx\/site\/wp-content\/uploads\/2020\/04\/Kalot-logo-sin-tagline.png?fit=1707%2C1014&ssl=1","width":1707,"height":1014,"caption":"Kalot"},"image":{"@id":"https:\/\/kalot.com.mx\/site\/#\/schema\/logo\/image\/"},"sameAs":["http:\/\/facebook.com\/mxkalot","https:\/\/x.com\/kalotmx","http:\/\/instagram.com\/kalotmx","http:\/\/pinterest.com\/jorgeerana\/kalot"]},{"@type":"Person","@id":"https:\/\/kalot.com.mx\/site\/#\/schema\/person\/beddf7b350bcc8cc3c4ec89a2c46d3bf","name":"Karla Ju\u00e1rez","image":{"@type":"ImageObject","inLanguage":"es","@id":"https:\/\/secure.gravatar.com\/avatar\/f81226fd2d8f5e22064e7e20726366a164b59191e5979b340b6623421c4e79bb?s=96&d=mm&r=g","url":"https:\/\/secure.gravatar.com\/avatar\/f81226fd2d8f5e22064e7e20726366a164b59191e5979b340b6623421c4e79bb?s=96&d=mm&r=g","contentUrl":"https:\/\/secure.gravatar.com\/avatar\/f81226fd2d8f5e22064e7e20726366a164b59191e5979b340b6623421c4e79bb?s=96&d=mm&r=g","caption":"Karla Ju\u00e1rez"},"description":"Una bibliotec\u00f3loga feliz, loca, idealista, distra\u00edda y observadora, simple y complicada.","sameAs":["https:\/\/www.facebook.com\/chochines","https:\/\/x.com\/Chochosagogo"],"url":"https:\/\/kalot.com.mx\/site\/author\/karla\/"}]}},"jetpack_publicize_connections":[],"jetpack_featured_media_url":"https:\/\/i0.wp.com\/kalot.com.mx\/site\/wp-content\/uploads\/2013\/10\/Books.jpg?fit=475%2C325&ssl=1","jetpack_shortlink":"https:\/\/wp.me\/p6IHEI-17M","jetpack-related-posts":[{"id":23811,"url":"https:\/\/kalot.com.mx\/site\/2015\/10\/09\/la-feria-del-huipil-viernesde-breviario-cultural\/","url_meta":{"origin":4326,"position":0},"title":"La feria del Huipil. #Viernesde breviario cultural.","author":"Brenda A","date":"9 octubre, 2015","format":false,"excerpt":"Chiquillos y chiquillas, pensar\u00e1n por qu\u00e9 una feria en nuestro breviario, pues porque todas las expresiones art\u00edsticas de una sociedad son considerados como cultura material, de modo que conocer las tradiciones que ocurren en los diversos lugares del pa\u00eds es importante. \u00a0Un HUIPIL o g\u00fcipil\u00a0es una blusa o vestido sin\u2026","rel":"","context":"En &quot;Cultura&quot;","block_context":{"text":"Cultura","link":"https:\/\/kalot.com.mx\/site\/category\/cultura\/"},"img":{"alt_text":"","src":"https:\/\/i0.wp.com\/kalot.com.mx\/site\/wp-content\/uploads\/2015\/10\/4reina_cuetzalan.jpg?fit=730%2C500&ssl=1&resize=350%2C200","width":350,"height":200,"srcset":"https:\/\/i0.wp.com\/kalot.com.mx\/site\/wp-content\/uploads\/2015\/10\/4reina_cuetzalan.jpg?fit=730%2C500&ssl=1&resize=350%2C200 1x, https:\/\/i0.wp.com\/kalot.com.mx\/site\/wp-content\/uploads\/2015\/10\/4reina_cuetzalan.jpg?fit=730%2C500&ssl=1&resize=525%2C300 1.5x, https:\/\/i0.wp.com\/kalot.com.mx\/site\/wp-content\/uploads\/2015\/10\/4reina_cuetzalan.jpg?fit=730%2C500&ssl=1&resize=700%2C400 2x"},"classes":[]},{"id":20625,"url":"https:\/\/kalot.com.mx\/site\/2015\/03\/03\/la-lectura-como-alimento-espiritual-para-el-ser-humano-ay-aja\/","url_meta":{"origin":4326,"position":1},"title":"La lectura como alimento espiritual para el ser humano (\u00a1ay aj\u00e1!)","author":"Javier Luna","date":"3 marzo, 2015","format":false,"excerpt":"De ni\u00f1o fui un lector muy avezado, ustedes perdonar\u00e1n que utilice lenguaje rebuscado y poco com\u00fan, como les dec\u00eda, a temprana edad la lectura se volvi\u00f3 un vicio y eso hace que inevitablemente los 'choros' mareadores fluyan con singular naturalidad y mi vocabulario sea m\u00e1s extenso que el de nuestro\u2026","rel":"","context":"Con 1 comentario","block_context":{"text":"Con 1 comentario","link":"https:\/\/kalot.com.mx\/site\/2015\/03\/03\/la-lectura-como-alimento-espiritual-para-el-ser-humano-ay-aja\/#comments"},"img":{"alt_text":"","src":"https:\/\/i0.wp.com\/kalot.com.mx\/site\/wp-content\/uploads\/2015\/03\/Book-iPad-wallpaper-Reading-Ray-Ban-Glasses.jpg?fit=1200%2C750&ssl=1&resize=350%2C200","width":350,"height":200,"srcset":"https:\/\/i0.wp.com\/kalot.com.mx\/site\/wp-content\/uploads\/2015\/03\/Book-iPad-wallpaper-Reading-Ray-Ban-Glasses.jpg?fit=1200%2C750&ssl=1&resize=350%2C200 1x, https:\/\/i0.wp.com\/kalot.com.mx\/site\/wp-content\/uploads\/2015\/03\/Book-iPad-wallpaper-Reading-Ray-Ban-Glasses.jpg?fit=1200%2C750&ssl=1&resize=525%2C300 1.5x, https:\/\/i0.wp.com\/kalot.com.mx\/site\/wp-content\/uploads\/2015\/03\/Book-iPad-wallpaper-Reading-Ray-Ban-Glasses.jpg?fit=1200%2C750&ssl=1&resize=700%2C400 2x, https:\/\/i0.wp.com\/kalot.com.mx\/site\/wp-content\/uploads\/2015\/03\/Book-iPad-wallpaper-Reading-Ray-Ban-Glasses.jpg?fit=1200%2C750&ssl=1&resize=1050%2C600 3x"},"classes":[]},{"id":5076,"url":"https:\/\/kalot.com.mx\/site\/2013\/10\/29\/que-son-los-booktubers-booktubers-raizarevelles\/","url_meta":{"origin":4326,"position":2},"title":"\u00bfQu\u00e9 son los Booktubers? #Booktubers  @RaizaRevelles","author":"Am\u00e9rica Vel\u00e1zquez","date":"29 octubre, 2013","format":false,"excerpt":"\u00bfQu\u00e9 son los Booktubers?, \u00a0Bueno, los Booktubers son j\u00f3venes que hacen rese\u00f1as, dan sus comentarios y sugieren libros a trav\u00e9s de YouTube. Son lectores que tuvieron la iniciativa de subir videos sobre lo qu\u00e9 les gusto y lo qu\u00e9 no les gust\u00f3 de los libros y discuten al respecto con\u2026","rel":"","context":"Entrada similar ","block_context":{"text":"Entrada similar ","link":""},"img":{"alt_text":"","src":"https:\/\/i0.wp.com\/kalot.com.mx\/site\/wp-content\/uploads\/2013\/10\/art-01.jpg?fit=960%2C534&ssl=1&resize=350%2C200","width":350,"height":200,"srcset":"https:\/\/i0.wp.com\/kalot.com.mx\/site\/wp-content\/uploads\/2013\/10\/art-01.jpg?fit=960%2C534&ssl=1&resize=350%2C200 1x, https:\/\/i0.wp.com\/kalot.com.mx\/site\/wp-content\/uploads\/2013\/10\/art-01.jpg?fit=960%2C534&ssl=1&resize=525%2C300 1.5x, https:\/\/i0.wp.com\/kalot.com.mx\/site\/wp-content\/uploads\/2013\/10\/art-01.jpg?fit=960%2C534&ssl=1&resize=700%2C400 2x"},"classes":[]},{"id":19092,"url":"https:\/\/kalot.com.mx\/site\/2014\/11\/06\/mientras-mas-leo-y-pregunto-mas-dudas-tengo\/","url_meta":{"origin":4326,"position":3},"title":"Mientras m\u00e1s leo y pregunto, m\u00e1s dudas tengo.","author":"Fernando Benitez","date":"6 noviembre, 2014","format":false,"excerpt":"\u201cEl que lee mucho y anda mucho, ve mucho y sabe mucho\" \u00a0 - Miguel de Cervantes- Casas, autos, escuela, trabajo, viajes, entre otras cosas, sabemos que son excelentes inversiones, pero todav\u00eda algunos, piensan que leer no es buena inversi\u00f3n,\u00a0 \u00a1pero claro que lo es! m\u00e1s que de dinero, de\u2026","rel":"","context":"En &quot;Sin categor\u00eda&quot;","block_context":{"text":"Sin categor\u00eda","link":"https:\/\/kalot.com.mx\/site\/category\/sin-categoria\/"},"img":{"alt_text":"","src":"https:\/\/i0.wp.com\/kalot.com.mx\/site\/wp-content\/uploads\/2014\/11\/B1ESerRCUAE2z6o.png?fit=832%2C544&ssl=1&resize=350%2C200","width":350,"height":200,"srcset":"https:\/\/i0.wp.com\/kalot.com.mx\/site\/wp-content\/uploads\/2014\/11\/B1ESerRCUAE2z6o.png?fit=832%2C544&ssl=1&resize=350%2C200 1x, https:\/\/i0.wp.com\/kalot.com.mx\/site\/wp-content\/uploads\/2014\/11\/B1ESerRCUAE2z6o.png?fit=832%2C544&ssl=1&resize=525%2C300 1.5x, https:\/\/i0.wp.com\/kalot.com.mx\/site\/wp-content\/uploads\/2014\/11\/B1ESerRCUAE2z6o.png?fit=832%2C544&ssl=1&resize=700%2C400 2x"},"classes":[]},{"id":7236,"url":"https:\/\/kalot.com.mx\/site\/2013\/11\/29\/mas-libros-mas-orgasmos\/","url_meta":{"origin":4326,"position":4},"title":"M\u00e1s libros, m\u00e1s orgasmos","author":"Ilse Canela","date":"29 noviembre, 2013","format":false,"excerpt":"Este post naci\u00f3 en una cabina de radio hace dos d\u00edas mientras comentaba con mi compa\u00f1ero \u00a0como un libro puede cambiar la forma de pensar de las f\u00e9minas, concretamente nos refer\u00edamos a \u201cLas 50 Sombras de Grey\u201d, creo que no es necesario que te explique, que hace pocos meses era\u2026","rel":"","context":"Entrada similar ","block_context":{"text":"Entrada similar ","link":""},"img":{"alt_text":"","src":"https:\/\/i0.wp.com\/kalot.com.mx\/site\/wp-content\/uploads\/2013\/11\/hystlitwallpaper-gumroad-thmb-a.jpg?fit=670%2C250&ssl=1&resize=350%2C200","width":350,"height":200,"srcset":"https:\/\/i0.wp.com\/kalot.com.mx\/site\/wp-content\/uploads\/2013\/11\/hystlitwallpaper-gumroad-thmb-a.jpg?fit=670%2C250&ssl=1&resize=350%2C200 1x, https:\/\/i0.wp.com\/kalot.com.mx\/site\/wp-content\/uploads\/2013\/11\/hystlitwallpaper-gumroad-thmb-a.jpg?fit=670%2C250&ssl=1&resize=525%2C300 1.5x"},"classes":[]},{"id":15632,"url":"https:\/\/kalot.com.mx\/site\/2014\/04\/30\/nino-deseado-nino-feliz\/","url_meta":{"origin":4326,"position":5},"title":"Ni\u00f1o Deseado, Ni\u00f1o Feliz.","author":"Andrea Debo","date":"30 abril, 2014","format":false,"excerpt":"Hola lectores Kalochos, el d\u00eda de hoy quiero contarles un poquito de un libro qu\u00e9 encontr\u00e9\u00a0el cu\u00e1l es muy interesante (m\u00e1s si eres pap\u00e1 o si quieres serlo) y pues a prop\u00f3sito que hoy se festeja el d\u00eda del ni\u00f1o espero les sea de su agrado. La autora es Fran\u00e7oise\u2026","rel":"","context":"En &quot;Sin categor\u00eda&quot;","block_context":{"text":"Sin categor\u00eda","link":"https:\/\/kalot.com.mx\/site\/category\/sin-categoria\/"},"img":{"alt_text":"FrancoiseDolto","src":"https:\/\/i0.wp.com\/kalot.com.mx\/site\/wp-content\/uploads\/2013\/08\/20130830-134112.jpg?fit=300%2C244&ssl=1&resize=350%2C200","width":350,"height":200},"classes":[]}],"jetpack_sharing_enabled":true,"_links":{"self":[{"href":"https:\/\/kalot.com.mx\/site\/wp-json\/wp\/v2\/posts\/4326","targetHints":{"allow":["GET"]}}],"collection":[{"href":"https:\/\/kalot.com.mx\/site\/wp-json\/wp\/v2\/posts"}],"about":[{"href":"https:\/\/kalot.com.mx\/site\/wp-json\/wp\/v2\/types\/post"}],"author":[{"embeddable":true,"href":"https:\/\/kalot.com.mx\/site\/wp-json\/wp\/v2\/users\/31"}],"replies":[{"embeddable":true,"href":"https:\/\/kalot.com.mx\/site\/wp-json\/wp\/v2\/comments?post=4326"}],"version-history":[{"count":0,"href":"https:\/\/kalot.com.mx\/site\/wp-json\/wp\/v2\/posts\/4326\/revisions"}],"wp:featuredmedia":[{"embeddable":true,"href":"https:\/\/kalot.com.mx\/site\/wp-json\/wp\/v2\/media\/4331"}],"wp:attachment":[{"href":"https:\/\/kalot.com.mx\/site\/wp-json\/wp\/v2\/media?parent=4326"}],"wp:term":[{"taxonomy":"category","embeddable":true,"href":"https:\/\/kalot.com.mx\/site\/wp-json\/wp\/v2\/categories?post=4326"},{"taxonomy":"post_tag","embeddable":true,"href":"https:\/\/kalot.com.mx\/site\/wp-json\/wp\/v2\/tags?post=4326"}],"curies":[{"name":"wp","href":"https:\/\/api.w.org\/{rel}","templated":true}]}}