{"id":4044,"date":"2013-10-15T09:16:36","date_gmt":"2013-10-15T14:16:36","guid":{"rendered":"http:\/\/www.kalot.com.mx\/?p=4044"},"modified":"2013-10-15T09:16:36","modified_gmt":"2013-10-15T14:16:36","slug":"ps-vita-de-2da-generacion-usara-puerto-micro-usb-acierto-o-error-ps_lm-psvita2dagen","status":"publish","type":"post","link":"https:\/\/kalot.com.mx\/site\/2013\/10\/15\/ps-vita-de-2da-generacion-usara-puerto-micro-usb-acierto-o-error-ps_lm-psvita2dagen\/","title":{"rendered":"PS VITA de 2DA GENERACI\u00d3N, usar\u00e1 puerto MICRO-USB \u00bfAcierto o Error? @PS_LM #PSVITA2DAGEN"},"content":{"rendered":"<p style=\"text-align: justify\">En SONY, y en cada una de sus ramas son muy fan\u00e1ticos de usar sus propios est\u00e1ndares propios, les fascina hacerlo, a un grado alt\u00edsimo. Pero en muchas de las ocasiones, tienen raz\u00f3n, muchos de ellos, han sido clave en el crecimiento de SONY, y que lo colocan como una de las empresas m\u00e1s importantes a nivel global.<\/p>\n<p style=\"text-align: justify\">Pero no todas sus innovaciones han sido perfectas, de vez en cuando, surgen nuevas tecnolog\u00edas que no funcionan del todo bien en el mercado, y no son aceptadas por m\u00e1s que se les empuje, dej\u00e1ndonos con un sabor agridulce en este aspecto, pero muy rara vez SONY, acepta sus errores y mucho menos los corrige.<\/p>\n<p style=\"text-align: justify\">Pero en esta ocasi\u00f3n, tenemos buenas noticias, o de cierta manera, una correcci\u00f3n, y es que para la nueva generaci\u00f3n de la consola port\u00e1til de siguiente generaci\u00f3n, la PS VITA, SONY ha decidido abandonar el puerto y cable especializados que desarrollo para PS VITA, y optar por el uso del ya universal cable y conector MICRO-USB, para cargar la bater\u00eda de la consola y realizar la transferencia de datos.<\/p>\n<p style=\"text-align: justify\">Esto son buenas noticias, las cuales han sido confirmadas por el directivo de la empresa SHUHEI TOSHIDA, y reafirmadas por el mismo en su cuenta oficial de TWITTER. Los fan\u00e1ticos de esta consola (Que si bien a\u00fan no son muchos) podr\u00e1n sacar m\u00e1s provecho de los cargadores m\u00f3viles, y del mismo conector que se ha colocado en esta nueva versi\u00f3n de la consola.<\/p>\n<p style=\"text-align: justify\">SONY, de paso a pasito va aceptando la validez de este puerto est\u00e1ndar de conexi\u00f3n, que ya ha sido integrado en muchos de sus dispositivos actuales, en una gran variedad de l\u00edneas, como lo son algunas c\u00e1maras digitales, en sus Smartphones XPERIA, en su tableta XPERIA TABLET Z, o en su reciente versi\u00f3n del SmartWatch.<\/p>\n<p style=\"text-align: justify\">Es un nuevo paso hacia el camino correcto, que puede que efectivamente, uno que otro seguidor de SONY de la vieja escuela, reclame esto, ya que estar\u00e1n acostumbrados a contar con todo tipo de tecnolog\u00edas exclusivas de la marca, pero seguramente, las nuevas generaciones estar\u00e1n m\u00e1s que emocionados de saber que se est\u00e1 optando por nuevas tecnolog\u00edas est\u00e1ndar, que facilitar\u00e1n muchas cosas, por\u00a0 lo que los futuros due\u00f1os de la nueva versi\u00f3n de PS VITA con puertos MICRO-USB estar\u00e1n m\u00e1s que satisfechos.<\/p>\n<p style=\"text-align: justify\">Ahora, analicemos un poco, esto ser\u00e1, \u00bfUn acierto o un error?, pues podr\u00edamos decir que es complicado determinarlo como una u otra, lo que si podemos decir, es que es un parte aguas, no solo para su consola port\u00e1til, sino para la marca en general, ya que desde hace unos a\u00f1os, han comenzado a optar por tecnolog\u00edas innovadoras, pero gen\u00e9ricas, como lo fue la adopci\u00f3n de las memorias Micro-SD, y el inicio de la adopci\u00f3n del puerto MICRO-USB en algunos dispositivos, por este lado podr\u00eda ser un gran acierto, ya que la inversi\u00f3n en el desarrollo de tecnolog\u00edas exclusivas podr\u00edan ayudar demasiado en los costos de la empresa, adem\u00e1s de que las nuevas generaciones, optan por este tipo de tecnolog\u00edas.<\/p>\n<p style=\"text-align: justify\">Por el otro lado, podr\u00eda ser un error, ya que gran parte de la esencia de la marca, consiste justo en esto, en contar con tecnolog\u00edas exclusivas, lo cual de cierta manera mal acostumbro a muchos clientes, al proporcionarles exclusividad, pese a que son m\u00e1s costosas, adem\u00e1s de que este desarrollo de innovaciones, provee de grandes tecnolog\u00edas, que marcan en muchas ocasiones las tendencias del mercado, y adoptar tecnolog\u00edas est\u00e1ndar, podr\u00eda alejar a muchos de los clientes cautivos de la empresa.<\/p>\n<p style=\"text-align: justify\">Por lo que podemos definir, es un gran acierto, pero si no se maneja de la forma correcta, se podr\u00eda convertir en un error que podr\u00eda alejar a clientes leales de la empresa, pero sea como sea, el incluir el puerto MICRO-USB, es una gran ayuda para la consola, probablemente reducir\u00e1 sus costos, y la volver\u00e1 m\u00e1s redituable, adem\u00e1s de que ser\u00e1 mejor aceptada por los gamers.<\/p>\n<p style=\"text-align: justify\">Que opinan KALOCHOS Y KALOCHAS, \u00bfEs un acierto o un error para PS VITA, incluir el puerto MICRO-USB? \u00bfSer\u00e1 un acierto o un error que SONY use tecnolog\u00edas est\u00e1ndar?<\/p>\n","protected":false},"excerpt":{"rendered":"En SONY, y en cada una de sus ramas son muy fan\u00e1ticos de usar sus propios est\u00e1ndares propios,&hellip;\n","protected":false},"author":11,"featured_media":4048,"comment_status":"open","ping_status":"open","sticky":false,"template":"","format":"standard","meta":{"jetpack_post_was_ever_published":false,"_jetpack_newsletter_access":"","_jetpack_dont_email_post_to_subs":false,"_jetpack_newsletter_tier_id":0,"_jetpack_memberships_contains_paywalled_content":false,"_jetpack_memberships_contains_paid_content":false,"footnotes":"","jetpack_publicize_message":"","jetpack_publicize_feature_enabled":true,"jetpack_social_post_already_shared":true,"jetpack_social_options":{"image_generator_settings":{"template":"highway","default_image_id":0,"font":"","enabled":false},"version":2}},"categories":[],"tags":[],"class_list":{"0":"post-4044","1":"post","2":"type-post","3":"status-publish","4":"format-standard","5":"has-post-thumbnail","7":"cs-entry","8":"cs-video-wrap"},"yoast_head":"<!-- This site is optimized with the Yoast SEO plugin v27.5 - https:\/\/yoast.com\/product\/yoast-seo-wordpress\/ -->\n<title>PS VITA de 2DA GENERACI\u00d3N, usar\u00e1 puerto MICRO-USB \u00bfAcierto o Error? @PS_LM #PSVITA2DAGEN - Kalot<\/title>\n<meta name=\"description\" content=\"En SONY, y en cada una de sus ramas son muy fan\u00e1ticos de usar sus propios est\u00e1ndares propios, les fascina hacerlo, a un grado alt\u00edsimo. Pero en muchas de\" \/>\n<meta name=\"robots\" content=\"index, follow, max-snippet:-1, max-image-preview:large, max-video-preview:-1\" \/>\n<link rel=\"canonical\" href=\"https:\/\/kalot.com.mx\/site\/2013\/10\/15\/ps-vita-de-2da-generacion-usara-puerto-micro-usb-acierto-o-error-ps_lm-psvita2dagen\/\" \/>\n<meta property=\"og:locale\" content=\"es_MX\" \/>\n<meta property=\"og:type\" content=\"article\" \/>\n<meta property=\"og:title\" content=\"PS VITA de 2DA GENERACI\u00d3N, usar\u00e1 puerto MICRO-USB \u00bfAcierto o Error? @PS_LM #PSVITA2DAGEN - Kalot\" \/>\n<meta property=\"og:description\" content=\"En SONY, y en cada una de sus ramas son muy fan\u00e1ticos de usar sus propios est\u00e1ndares propios, les fascina hacerlo, a un grado alt\u00edsimo. Pero en muchas de\" \/>\n<meta property=\"og:url\" content=\"https:\/\/kalot.com.mx\/site\/2013\/10\/15\/ps-vita-de-2da-generacion-usara-puerto-micro-usb-acierto-o-error-ps_lm-psvita2dagen\/\" \/>\n<meta property=\"og:site_name\" content=\"Kalot\" \/>\n<meta property=\"article:publisher\" content=\"http:\/\/facebook.com\/mxkalot\" \/>\n<meta property=\"article:published_time\" content=\"2013-10-15T14:16:36+00:00\" \/>\n<meta property=\"og:image\" content=\"https:\/\/i0.wp.com\/kalot.com.mx\/site\/wp-content\/uploads\/2013\/10\/ps-vita-micro-usb.jpg?fit=650%2C375&ssl=1\" \/>\n\t<meta property=\"og:image:width\" content=\"650\" \/>\n\t<meta property=\"og:image:height\" content=\"375\" \/>\n\t<meta property=\"og:image:type\" content=\"image\/jpeg\" \/>\n<meta name=\"author\" content=\"HM_MKT007\" \/>\n<meta name=\"twitter:card\" content=\"summary_large_image\" \/>\n<meta name=\"twitter:creator\" content=\"@HM_MKT007\" \/>\n<meta name=\"twitter:site\" content=\"@kalotmx\" \/>\n<meta name=\"twitter:label1\" content=\"Escrito por\" \/>\n\t<meta name=\"twitter:data1\" content=\"HM_MKT007\" \/>\n\t<meta name=\"twitter:label2\" content=\"Tiempo de lectura\" \/>\n\t<meta name=\"twitter:data2\" content=\"4 minutos\" \/>\n<!-- \/ Yoast SEO plugin. -->","yoast_head_json":{"title":"PS VITA de 2DA GENERACI\u00d3N, usar\u00e1 puerto MICRO-USB \u00bfAcierto o Error? @PS_LM #PSVITA2DAGEN - Kalot","description":"En SONY, y en cada una de sus ramas son muy fan\u00e1ticos de usar sus propios est\u00e1ndares propios, les fascina hacerlo, a un grado alt\u00edsimo. Pero en muchas de","robots":{"index":"index","follow":"follow","max-snippet":"max-snippet:-1","max-image-preview":"max-image-preview:large","max-video-preview":"max-video-preview:-1"},"canonical":"https:\/\/kalot.com.mx\/site\/2013\/10\/15\/ps-vita-de-2da-generacion-usara-puerto-micro-usb-acierto-o-error-ps_lm-psvita2dagen\/","og_locale":"es_MX","og_type":"article","og_title":"PS VITA de 2DA GENERACI\u00d3N, usar\u00e1 puerto MICRO-USB \u00bfAcierto o Error? @PS_LM #PSVITA2DAGEN - Kalot","og_description":"En SONY, y en cada una de sus ramas son muy fan\u00e1ticos de usar sus propios est\u00e1ndares propios, les fascina hacerlo, a un grado alt\u00edsimo. Pero en muchas de","og_url":"https:\/\/kalot.com.mx\/site\/2013\/10\/15\/ps-vita-de-2da-generacion-usara-puerto-micro-usb-acierto-o-error-ps_lm-psvita2dagen\/","og_site_name":"Kalot","article_publisher":"http:\/\/facebook.com\/mxkalot","article_published_time":"2013-10-15T14:16:36+00:00","og_image":[{"width":650,"height":375,"url":"https:\/\/i0.wp.com\/kalot.com.mx\/site\/wp-content\/uploads\/2013\/10\/ps-vita-micro-usb.jpg?fit=650%2C375&ssl=1","type":"image\/jpeg"}],"author":"HM_MKT007","twitter_card":"summary_large_image","twitter_creator":"@HM_MKT007","twitter_site":"@kalotmx","twitter_misc":{"Escrito por":"HM_MKT007","Tiempo de lectura":"4 minutos"},"schema":{"@context":"https:\/\/schema.org","@graph":[{"@type":"Article","@id":"https:\/\/kalot.com.mx\/site\/2013\/10\/15\/ps-vita-de-2da-generacion-usara-puerto-micro-usb-acierto-o-error-ps_lm-psvita2dagen\/#article","isPartOf":{"@id":"https:\/\/kalot.com.mx\/site\/2013\/10\/15\/ps-vita-de-2da-generacion-usara-puerto-micro-usb-acierto-o-error-ps_lm-psvita2dagen\/"},"author":{"name":"HM_MKT007","@id":"https:\/\/kalot.com.mx\/site\/#\/schema\/person\/60f6fe29bfd83707f2738bccc81156ec"},"headline":"PS VITA de 2DA GENERACI\u00d3N, usar\u00e1 puerto MICRO-USB \u00bfAcierto o Error? @PS_LM #PSVITA2DAGEN","datePublished":"2013-10-15T14:16:36+00:00","mainEntityOfPage":{"@id":"https:\/\/kalot.com.mx\/site\/2013\/10\/15\/ps-vita-de-2da-generacion-usara-puerto-micro-usb-acierto-o-error-ps_lm-psvita2dagen\/"},"wordCount":758,"commentCount":0,"publisher":{"@id":"https:\/\/kalot.com.mx\/site\/#organization"},"image":{"@id":"https:\/\/kalot.com.mx\/site\/2013\/10\/15\/ps-vita-de-2da-generacion-usara-puerto-micro-usb-acierto-o-error-ps_lm-psvita2dagen\/#primaryimage"},"thumbnailUrl":"https:\/\/i0.wp.com\/kalot.com.mx\/site\/wp-content\/uploads\/2013\/10\/ps-vita-micro-usb.jpg?fit=650%2C375&ssl=1","inLanguage":"es","potentialAction":[{"@type":"CommentAction","name":"Comment","target":["https:\/\/kalot.com.mx\/site\/2013\/10\/15\/ps-vita-de-2da-generacion-usara-puerto-micro-usb-acierto-o-error-ps_lm-psvita2dagen\/#respond"]}]},{"@type":"WebPage","@id":"https:\/\/kalot.com.mx\/site\/2013\/10\/15\/ps-vita-de-2da-generacion-usara-puerto-micro-usb-acierto-o-error-ps_lm-psvita2dagen\/","url":"https:\/\/kalot.com.mx\/site\/2013\/10\/15\/ps-vita-de-2da-generacion-usara-puerto-micro-usb-acierto-o-error-ps_lm-psvita2dagen\/","name":"PS VITA de 2DA GENERACI\u00d3N, usar\u00e1 puerto MICRO-USB \u00bfAcierto o Error? @PS_LM #PSVITA2DAGEN - Kalot","isPartOf":{"@id":"https:\/\/kalot.com.mx\/site\/#website"},"primaryImageOfPage":{"@id":"https:\/\/kalot.com.mx\/site\/2013\/10\/15\/ps-vita-de-2da-generacion-usara-puerto-micro-usb-acierto-o-error-ps_lm-psvita2dagen\/#primaryimage"},"image":{"@id":"https:\/\/kalot.com.mx\/site\/2013\/10\/15\/ps-vita-de-2da-generacion-usara-puerto-micro-usb-acierto-o-error-ps_lm-psvita2dagen\/#primaryimage"},"thumbnailUrl":"https:\/\/i0.wp.com\/kalot.com.mx\/site\/wp-content\/uploads\/2013\/10\/ps-vita-micro-usb.jpg?fit=650%2C375&ssl=1","datePublished":"2013-10-15T14:16:36+00:00","description":"En SONY, y en cada una de sus ramas son muy fan\u00e1ticos de usar sus propios est\u00e1ndares propios, les fascina hacerlo, a un grado alt\u00edsimo. Pero en muchas de","breadcrumb":{"@id":"https:\/\/kalot.com.mx\/site\/2013\/10\/15\/ps-vita-de-2da-generacion-usara-puerto-micro-usb-acierto-o-error-ps_lm-psvita2dagen\/#breadcrumb"},"inLanguage":"es","potentialAction":[{"@type":"ReadAction","target":["https:\/\/kalot.com.mx\/site\/2013\/10\/15\/ps-vita-de-2da-generacion-usara-puerto-micro-usb-acierto-o-error-ps_lm-psvita2dagen\/"]}]},{"@type":"ImageObject","inLanguage":"es","@id":"https:\/\/kalot.com.mx\/site\/2013\/10\/15\/ps-vita-de-2da-generacion-usara-puerto-micro-usb-acierto-o-error-ps_lm-psvita2dagen\/#primaryimage","url":"https:\/\/i0.wp.com\/kalot.com.mx\/site\/wp-content\/uploads\/2013\/10\/ps-vita-micro-usb.jpg?fit=650%2C375&ssl=1","contentUrl":"https:\/\/i0.wp.com\/kalot.com.mx\/site\/wp-content\/uploads\/2013\/10\/ps-vita-micro-usb.jpg?fit=650%2C375&ssl=1","width":650,"height":375},{"@type":"BreadcrumbList","@id":"https:\/\/kalot.com.mx\/site\/2013\/10\/15\/ps-vita-de-2da-generacion-usara-puerto-micro-usb-acierto-o-error-ps_lm-psvita2dagen\/#breadcrumb","itemListElement":[{"@type":"ListItem","position":1,"name":"Home","item":"https:\/\/kalot.com.mx\/site\/"},{"@type":"ListItem","position":2,"name":"PS VITA de 2DA GENERACI\u00d3N, usar\u00e1 puerto MICRO-USB \u00bfAcierto o Error? @PS_LM #PSVITA2DAGEN"}]},{"@type":"WebSite","@id":"https:\/\/kalot.com.mx\/site\/#website","url":"https:\/\/kalot.com.mx\/site\/","name":"Kalot","description":"Conoce Todo Sobre Todo","publisher":{"@id":"https:\/\/kalot.com.mx\/site\/#organization"},"potentialAction":[{"@type":"SearchAction","target":{"@type":"EntryPoint","urlTemplate":"https:\/\/kalot.com.mx\/site\/?s={search_term_string}"},"query-input":{"@type":"PropertyValueSpecification","valueRequired":true,"valueName":"search_term_string"}}],"inLanguage":"es"},{"@type":"Organization","@id":"https:\/\/kalot.com.mx\/site\/#organization","name":"Kalot","url":"https:\/\/kalot.com.mx\/site\/","logo":{"@type":"ImageObject","inLanguage":"es","@id":"https:\/\/kalot.com.mx\/site\/#\/schema\/logo\/image\/","url":"https:\/\/i0.wp.com\/kalot.com.mx\/site\/wp-content\/uploads\/2020\/04\/Kalot-logo-sin-tagline.png?fit=1707%2C1014&ssl=1","contentUrl":"https:\/\/i0.wp.com\/kalot.com.mx\/site\/wp-content\/uploads\/2020\/04\/Kalot-logo-sin-tagline.png?fit=1707%2C1014&ssl=1","width":1707,"height":1014,"caption":"Kalot"},"image":{"@id":"https:\/\/kalot.com.mx\/site\/#\/schema\/logo\/image\/"},"sameAs":["http:\/\/facebook.com\/mxkalot","https:\/\/x.com\/kalotmx","http:\/\/instagram.com\/kalotmx","http:\/\/pinterest.com\/jorgeerana\/kalot"]},{"@type":"Person","@id":"https:\/\/kalot.com.mx\/site\/#\/schema\/person\/60f6fe29bfd83707f2738bccc81156ec","name":"HM_MKT007","image":{"@type":"ImageObject","inLanguage":"es","@id":"https:\/\/secure.gravatar.com\/avatar\/8d5ec09079a21301186c9f7e8b973012363772e45326c576666fe5c082ebd717?s=96&d=mm&r=g","url":"https:\/\/secure.gravatar.com\/avatar\/8d5ec09079a21301186c9f7e8b973012363772e45326c576666fe5c082ebd717?s=96&d=mm&r=g","contentUrl":"https:\/\/secure.gravatar.com\/avatar\/8d5ec09079a21301186c9f7e8b973012363772e45326c576666fe5c082ebd717?s=96&d=mm&r=g","caption":"HM_MKT007"},"sameAs":["https:\/\/x.com\/@HM_MKT007"],"url":"https:\/\/kalot.com.mx\/site\/author\/hectorhdz\/"}]}},"jetpack_publicize_connections":[],"jetpack_featured_media_url":"https:\/\/i0.wp.com\/kalot.com.mx\/site\/wp-content\/uploads\/2013\/10\/ps-vita-micro-usb.jpg?fit=650%2C375&ssl=1","jetpack_shortlink":"https:\/\/wp.me\/p6IHEI-13e","jetpack-related-posts":[{"id":20485,"url":"https:\/\/kalot.com.mx\/site\/2015\/02\/23\/3-anos-de-ps-vita-como-le-ha-ido\/","url_meta":{"origin":4044,"position":0},"title":"3 A\u00d1OS de PS VITA \u00bfComo le ha ido?","author":"HM_MKT007","date":"23 febrero, 2015","format":false,"excerpt":"Este a\u00f1o, es uno de los m\u00e1s importantes en la industria de los juegos, por infinidad de razones, estamos gozando ya del segundo a\u00f1o de las consolas de nueva generaci\u00f3n, si lo s\u00e9, el tiempo se pasa volando, en aqu\u00e9l 2013, ve\u00edamos como llegaban a nuestras tiendas las poderosas XBOX\u2026","rel":"","context":"Entrada similar ","block_context":{"text":"Entrada similar ","link":""},"img":{"alt_text":"","src":"https:\/\/i0.wp.com\/kalot.com.mx\/site\/wp-content\/uploads\/2015\/02\/psvitalarge1.jpg?fit=1200%2C676&ssl=1&resize=350%2C200","width":350,"height":200,"srcset":"https:\/\/i0.wp.com\/kalot.com.mx\/site\/wp-content\/uploads\/2015\/02\/psvitalarge1.jpg?fit=1200%2C676&ssl=1&resize=350%2C200 1x, https:\/\/i0.wp.com\/kalot.com.mx\/site\/wp-content\/uploads\/2015\/02\/psvitalarge1.jpg?fit=1200%2C676&ssl=1&resize=525%2C300 1.5x, https:\/\/i0.wp.com\/kalot.com.mx\/site\/wp-content\/uploads\/2015\/02\/psvitalarge1.jpg?fit=1200%2C676&ssl=1&resize=700%2C400 2x, https:\/\/i0.wp.com\/kalot.com.mx\/site\/wp-content\/uploads\/2015\/02\/psvitalarge1.jpg?fit=1200%2C676&ssl=1&resize=1050%2C600 3x"},"classes":[]},{"id":11202,"url":"https:\/\/kalot.com.mx\/site\/2014\/02\/06\/sony-regresa-la-cima-de-los-videojuegos-con-ps4-playstation_la-ps4\/","url_meta":{"origin":4044,"position":1},"title":"SONY regresa a la cima de los videojuegos con PS4 @PlayStation_LA #PS4","author":"HM_MKT007","date":"6 febrero, 2014","format":false,"excerpt":"He de aceptar que SONY se hab\u00eda perdido del camino que lo llevo a la gloria con PS2, y al llegar el PS3, todos supon\u00edamos no tendr\u00eda rival, y por ende, ser\u00eda la consumaci\u00f3n de su \u00e9xito como la mejor opci\u00f3n en videojuegos, en todos los aspectos, pero MICROSOFT se\u2026","rel":"","context":"Entrada similar ","block_context":{"text":"Entrada similar ","link":""},"img":{"alt_text":"","src":"https:\/\/i0.wp.com\/kalot.com.mx\/site\/wp-content\/uploads\/2014\/02\/ps4-vita-bundle_0.jpg?fit=640%2C352&ssl=1&resize=350%2C200","width":350,"height":200,"srcset":"https:\/\/i0.wp.com\/kalot.com.mx\/site\/wp-content\/uploads\/2014\/02\/ps4-vita-bundle_0.jpg?fit=640%2C352&ssl=1&resize=350%2C200 1x, https:\/\/i0.wp.com\/kalot.com.mx\/site\/wp-content\/uploads\/2014\/02\/ps4-vita-bundle_0.jpg?fit=640%2C352&ssl=1&resize=525%2C300 1.5x"},"classes":[]},{"id":3052,"url":"https:\/\/kalot.com.mx\/site\/2013\/10\/03\/el-bundle-ideal-para-psvita-siempre-de-la-mano-de-su-hermano-ps4-playstatiom_la-bundlepsvitaps4\/","url_meta":{"origin":4044,"position":2},"title":"EL BUNDLE IDEAL PARA PSVITA, SIEMPRE DE LA MANO DE SU HERMANO PS4 @PlayStatiom_LA #BundlePSVITAPS4","author":"HM_MKT007","date":"3 octubre, 2013","format":false,"excerpt":"PS VITA, es una m\u00e1quina asombrosa, en verdad lo es, pero..... NO SE VENDE, desgraciadamente es la triste realidad que vive esta incre\u00edble consola port\u00e1til, tiene muchos canceres que le afectan en todo el desempe\u00f1o de su estrategia de mercadotecnia, y simple y sencillamente no despega, para muchos especialistas, la\u2026","rel":"","context":"Entrada similar ","block_context":{"text":"Entrada similar ","link":""},"img":{"alt_text":"","src":"https:\/\/i0.wp.com\/kalot.com.mx\/site\/wp-content\/uploads\/2013\/10\/133205.jpg?fit=610%2C343&ssl=1&resize=350%2C200","width":350,"height":200,"srcset":"https:\/\/i0.wp.com\/kalot.com.mx\/site\/wp-content\/uploads\/2013\/10\/133205.jpg?fit=610%2C343&ssl=1&resize=350%2C200 1x, https:\/\/i0.wp.com\/kalot.com.mx\/site\/wp-content\/uploads\/2013\/10\/133205.jpg?fit=610%2C343&ssl=1&resize=525%2C300 1.5x"},"classes":[]},{"id":4625,"url":"https:\/\/kalot.com.mx\/site\/2013\/10\/22\/sony-nos-recuerda-los-origenes-de-ps4-playstationeu-ps4historia\/","url_meta":{"origin":4044,"position":3},"title":"SONY nos recuerda los origenes de PS4 @PlayStationEU #PS4Historia","author":"HM_MKT007","date":"22 octubre, 2013","format":false,"excerpt":"Como sabemos SONY, esta imparable, la raz\u00f3n, muy simple, su nuevo PLAYSTATION 4, que sin duda, en el inicio de la nueva guerra de consolas, es la gran vencedora, es la m\u00e1s aceptada, la m\u00e1s valorada, aunque si analizamos a fondo su precio, la verdad es que de haber contado\u2026","rel":"","context":"Entrada similar ","block_context":{"text":"Entrada similar ","link":""},"img":{"alt_text":"","src":"https:\/\/i0.wp.com\/kalot.com.mx\/site\/wp-content\/uploads\/2013\/10\/1395841_607307275977034_335176098_n.jpg?fit=960%2C458&ssl=1&resize=350%2C200","width":350,"height":200,"srcset":"https:\/\/i0.wp.com\/kalot.com.mx\/site\/wp-content\/uploads\/2013\/10\/1395841_607307275977034_335176098_n.jpg?fit=960%2C458&ssl=1&resize=350%2C200 1x, https:\/\/i0.wp.com\/kalot.com.mx\/site\/wp-content\/uploads\/2013\/10\/1395841_607307275977034_335176098_n.jpg?fit=960%2C458&ssl=1&resize=525%2C300 1.5x, https:\/\/i0.wp.com\/kalot.com.mx\/site\/wp-content\/uploads\/2013\/10\/1395841_607307275977034_335176098_n.jpg?fit=960%2C458&ssl=1&resize=700%2C400 2x"},"classes":[]},{"id":23691,"url":"https:\/\/kalot.com.mx\/site\/2015\/09\/29\/ps-vita-no-tendria-sucesora-sera-igual-para-todas-las-consolas-portatiles\/","url_meta":{"origin":4044,"position":4},"title":"PS VITA no tendr\u00eda sucesora \u00bfSer\u00e1 igual para todas las Consolas Port\u00e1tiles?","author":"HM_MKT007","date":"29 septiembre, 2015","format":false,"excerpt":"Hace 4 a\u00f1os, ve\u00edamos el nacimiento de una consola port\u00e1til que promet\u00eda ser una revoluci\u00f3n en este segmento de la industria del videojuego, se mostraba al mundo la PLAYSTATION VITA, la sucesora en alma y esp\u00edritu de la exitosa, PLAYSTATION PORT\u00c1TIL, o m\u00e1s com\u00fanmente conocida como PSP. Cuando anunciaban que\u2026","rel":"","context":"En &quot;Marketing&quot;","block_context":{"text":"Marketing","link":"https:\/\/kalot.com.mx\/site\/category\/marketing\/"},"img":{"alt_text":"","src":"https:\/\/i0.wp.com\/kalot.com.mx\/site\/wp-content\/uploads\/2015\/09\/psvita-japan.jpg?fit=650%2C350&ssl=1&resize=350%2C200","width":350,"height":200,"srcset":"https:\/\/i0.wp.com\/kalot.com.mx\/site\/wp-content\/uploads\/2015\/09\/psvita-japan.jpg?fit=650%2C350&ssl=1&resize=350%2C200 1x, https:\/\/i0.wp.com\/kalot.com.mx\/site\/wp-content\/uploads\/2015\/09\/psvita-japan.jpg?fit=650%2C350&ssl=1&resize=525%2C300 1.5x"},"classes":[]},{"id":1110,"url":"https:\/\/kalot.com.mx\/site\/2013\/09\/09\/nuevo-modelo-de-ps-vita-podria-ser-el-momento-clave-de-vita\/","url_meta":{"origin":4044,"position":5},"title":"NUEVO MODELO DE PS VITA; \u00bfPodr\u00eda ser el momento clave de VITA?","author":"HM_MKT007","date":"9 septiembre, 2013","format":false,"excerpt":"Actualmente, vemos como el mundo de las consolas portatiles se ha visto claramente afectada por la llegada de los smartphones y de sus aplicaciones economicas o gratuitas, adem\u00e1s de lo potentes que son algunos equipos como el iPhone 5 o el Galaxy S4, pero en este momento las consola portatiles\u2026","rel":"","context":"En &quot;Sin categor\u00eda&quot;","block_context":{"text":"Sin categor\u00eda","link":"https:\/\/kalot.com.mx\/site\/category\/sin-categoria\/"},"img":{"alt_text":"","src":"https:\/\/i0.wp.com\/kalot.com.mx\/site\/wp-content\/uploads\/2013\/09\/ku-bigpic.jpg?fit=970%2C530&ssl=1&resize=350%2C200","width":350,"height":200,"srcset":"https:\/\/i0.wp.com\/kalot.com.mx\/site\/wp-content\/uploads\/2013\/09\/ku-bigpic.jpg?fit=970%2C530&ssl=1&resize=350%2C200 1x, https:\/\/i0.wp.com\/kalot.com.mx\/site\/wp-content\/uploads\/2013\/09\/ku-bigpic.jpg?fit=970%2C530&ssl=1&resize=525%2C300 1.5x, https:\/\/i0.wp.com\/kalot.com.mx\/site\/wp-content\/uploads\/2013\/09\/ku-bigpic.jpg?fit=970%2C530&ssl=1&resize=700%2C400 2x"},"classes":[]}],"jetpack_sharing_enabled":true,"_links":{"self":[{"href":"https:\/\/kalot.com.mx\/site\/wp-json\/wp\/v2\/posts\/4044","targetHints":{"allow":["GET"]}}],"collection":[{"href":"https:\/\/kalot.com.mx\/site\/wp-json\/wp\/v2\/posts"}],"about":[{"href":"https:\/\/kalot.com.mx\/site\/wp-json\/wp\/v2\/types\/post"}],"author":[{"embeddable":true,"href":"https:\/\/kalot.com.mx\/site\/wp-json\/wp\/v2\/users\/11"}],"replies":[{"embeddable":true,"href":"https:\/\/kalot.com.mx\/site\/wp-json\/wp\/v2\/comments?post=4044"}],"version-history":[{"count":0,"href":"https:\/\/kalot.com.mx\/site\/wp-json\/wp\/v2\/posts\/4044\/revisions"}],"wp:featuredmedia":[{"embeddable":true,"href":"https:\/\/kalot.com.mx\/site\/wp-json\/wp\/v2\/media\/4048"}],"wp:attachment":[{"href":"https:\/\/kalot.com.mx\/site\/wp-json\/wp\/v2\/media?parent=4044"}],"wp:term":[{"taxonomy":"category","embeddable":true,"href":"https:\/\/kalot.com.mx\/site\/wp-json\/wp\/v2\/categories?post=4044"},{"taxonomy":"post_tag","embeddable":true,"href":"https:\/\/kalot.com.mx\/site\/wp-json\/wp\/v2\/tags?post=4044"}],"curies":[{"name":"wp","href":"https:\/\/api.w.org\/{rel}","templated":true}]}}