{"id":3936,"date":"2013-10-14T20:00:55","date_gmt":"2013-10-15T01:00:55","guid":{"rendered":"http:\/\/www.kalot.com.mx\/?p=3936"},"modified":"2013-10-14T21:33:10","modified_gmt":"2013-10-15T02:33:10","slug":"sir-alex-ferguson-calle","status":"publish","type":"post","link":"https:\/\/kalot.com.mx\/site\/2013\/10\/14\/sir-alex-ferguson-calle\/","title":{"rendered":"Sir Alex Ferguson \u00a1ya tiene su calle! #ForeverUnited"},"content":{"rendered":"<p style=\"text-align: justify\">As\u00ed como lo leen, en la ciudad de Manchester, ya existe la calle con el nombre de \u00e9ste Sir. Le han rendido homenaje al hist\u00f3rico ex-DT del Manchester United, reconociendo su trayectoria con el club durante 26 a\u00f1os, cambi\u00e9ndole el nombre a la calle <em>Water\u2019s Reach <\/em>aleda\u00f1a al<em> Old Trafford<\/em>,\u00a0por <strong>Sir Alex Ferguson Way<\/strong>.<\/p>\n<p style=\"text-align: justify\"><a href=\"https:\/\/i0.wp.com\/www.kalot.com.mx\/wp-content\/uploads\/2013\/10\/Sir-Alex-Ferguson-Way.jpg\"><img data-recalc-dims=\"1\" fetchpriority=\"high\" decoding=\"async\" data-attachment-id=\"3937\" data-permalink=\"https:\/\/kalot.com.mx\/site\/2013\/10\/14\/sir-alex-ferguson-calle\/sir-alex-ferguson-way\/\" data-orig-file=\"https:\/\/i0.wp.com\/kalot.com.mx\/site\/wp-content\/uploads\/2013\/10\/Sir-Alex-Ferguson-Way.jpg?fit=620%2C415&amp;ssl=1\" data-orig-size=\"620,415\" data-comments-opened=\"1\" data-image-meta=\"{&quot;aperture&quot;:&quot;0&quot;,&quot;credit&quot;:&quot;\\u00a9 AFP\/Getty Images&quot;,&quot;camera&quot;:&quot;&quot;,&quot;caption&quot;:&quot;&quot;,&quot;created_timestamp&quot;:&quot;0&quot;,&quot;copyright&quot;:&quot;&quot;,&quot;focal_length&quot;:&quot;0&quot;,&quot;iso&quot;:&quot;0&quot;,&quot;shutter_speed&quot;:&quot;0&quot;,&quot;title&quot;:&quot;&quot;}\" data-image-title=\"Sir Alex Ferguson Way\" data-image-description=\"\" data-image-caption=\"\" data-large-file=\"https:\/\/i0.wp.com\/kalot.com.mx\/site\/wp-content\/uploads\/2013\/10\/Sir-Alex-Ferguson-Way.jpg?fit=620%2C415&amp;ssl=1\" class=\"aligncenter size-full wp-image-3937\" alt=\"Sir Alex Ferguson Way\" src=\"https:\/\/i0.wp.com\/www.kalot.com.mx\/wp-content\/uploads\/2013\/10\/Sir-Alex-Ferguson-Way.jpg?resize=620%2C415\" width=\"620\" height=\"415\" srcset=\"https:\/\/i0.wp.com\/kalot.com.mx\/site\/wp-content\/uploads\/2013\/10\/Sir-Alex-Ferguson-Way.jpg?w=620&amp;ssl=1 620w, https:\/\/i0.wp.com\/kalot.com.mx\/site\/wp-content\/uploads\/2013\/10\/Sir-Alex-Ferguson-Way.jpg?resize=300%2C200&amp;ssl=1 300w, https:\/\/i0.wp.com\/kalot.com.mx\/site\/wp-content\/uploads\/2013\/10\/Sir-Alex-Ferguson-Way.jpg?resize=330%2C220&amp;ssl=1 330w\" sizes=\"(max-width: 620px) 100vw, 620px\" \/><\/a><\/p>\n<p style=\"text-align: justify\">Las palabras de<strong> Sir Alex Ferguson<\/strong> al recibir \u00e9ste homenaje fueron:<\/p>\n<blockquote><p>\u201cEs un privilegio y un honor tener una calle nombrada en mi honor. No esperas estas cosas en la vida\u201d<\/p><\/blockquote>\n<p style=\"text-align: justify\">\u00a1Y lo tiene m\u00e1s que merecido!<\/p>\n<p style=\"text-align: justify\">A sus 71 a\u00f1os de edad, le fu\u00e9 otorgado el t\u00edtulo de\u00a0\u201chombre libre honorario&#8221; que es otorgado por gobiernos municipales de Inglaterra a \u201cpersonas distinguidas y a cualquier persona que ha prestado servicios eminentes\u201d a la localidad. \u00a1Y vaya si no le di\u00f3 muchas alegr\u00edas a la localidad de Manchester! Con m\u00e1s de 30 t\u00edtulos obtenidos, 13 de ellos de la liga premier&#8230; \u00a1yo tambi\u00e9n le hac\u00eda un homenaje!<\/p>\n<p style=\"text-align: justify\">Sin duda \u00e9sta es una gran noticia para los que somos fan\u00e1ticos de la English Premier League en general, ya que seas o no aficionado del Manchester United, <strong>Sir Alex Ferguson<\/strong> fu\u00e9 un referente en la liga durante 26 a\u00f1os. Es un hombre legendario y es motivo de orgullo y felicidad que reconozcan las labores en el mundo del f\u00fatbol, con \u00e9ste tipo de gestos.<\/p>\n<p style=\"text-align: justify\">Las futuras generaciones llegar\u00e1n al Old Trafford por el <strong>Sir Alex Ferguson Way<\/strong> y entonces conocer\u00e1n la historia, al igual que las generaciones actuales al llegar al inmueble, vemos inmortalizado a <strong>Sir Bobby Charlton<\/strong>.<\/p>\n<p>Les dejo el video del momento hist\u00f3rico del homenaje:<\/p>\n<p><span class=\"embed-youtube\" style=\"text-align:center; display: block;\"><iframe class=\"youtube-player\" width=\"1200\" height=\"675\" src=\"https:\/\/www.youtube.com\/embed\/WTuGFj2o6kw?version=3&#038;rel=1&#038;showsearch=0&#038;showinfo=1&#038;iv_load_policy=1&#038;fs=1&#038;hl=es-MX&#038;autohide=2&#038;wmode=transparent\" allowfullscreen=\"true\" style=\"border:0;\" sandbox=\"allow-scripts allow-same-origin allow-popups allow-presentation allow-popups-to-escape-sandbox\"><\/iframe><\/span><\/p>\n<p>\u00bfQu\u00e9 les parece \u00e9sto mis Kalochos futboleros?<\/p>\n<p style=\"text-align: justify\">(La verdad yo admiro demasiado a \u00e9ste Sir y ya quiero ir a tomarme la foto en el letrero.**Palabras de un fan #ForeverUnited.)<\/p>\n","protected":false},"excerpt":{"rendered":"As\u00ed como lo leen, en la ciudad de Manchester, ya existe la calle con el nombre de \u00e9ste&hellip;\n","protected":false},"author":24,"featured_media":3937,"comment_status":"open","ping_status":"open","sticky":false,"template":"","format":"standard","meta":{"jetpack_post_was_ever_published":false,"_jetpack_newsletter_access":"","_jetpack_dont_email_post_to_subs":false,"_jetpack_newsletter_tier_id":0,"_jetpack_memberships_contains_paywalled_content":false,"_jetpack_memberships_contains_paid_content":false,"footnotes":"","jetpack_publicize_message":"","jetpack_publicize_feature_enabled":true,"jetpack_social_post_already_shared":true,"jetpack_social_options":{"image_generator_settings":{"template":"highway","default_image_id":0,"font":"","enabled":false},"version":2}},"categories":[],"tags":[],"class_list":{"0":"post-3936","1":"post","2":"type-post","3":"status-publish","4":"format-standard","5":"has-post-thumbnail","7":"cs-entry","8":"cs-video-wrap"},"yoast_head":"<!-- This site is optimized with the Yoast SEO plugin v27.4 - https:\/\/yoast.com\/product\/yoast-seo-wordpress\/ -->\n<title>Sir Alex Ferguson \u00a1ya tiene su calle! #ForeverUnited  - Kalot<\/title>\n<meta name=\"description\" content=\"As\u00ed como lo leen, en la ciudad de Manchester, ya existe la calle con el nombre de \u00e9ste Sir. Le han rendido homenaje al hist\u00f3rico ex-DT del Manchester\" \/>\n<meta name=\"robots\" content=\"index, follow, max-snippet:-1, max-image-preview:large, max-video-preview:-1\" \/>\n<link rel=\"canonical\" href=\"https:\/\/kalot.com.mx\/site\/2013\/10\/14\/sir-alex-ferguson-calle\/\" \/>\n<meta property=\"og:locale\" content=\"es_MX\" \/>\n<meta property=\"og:type\" content=\"article\" \/>\n<meta property=\"og:title\" content=\"Sir Alex Ferguson \u00a1ya tiene su calle! #ForeverUnited  - Kalot\" \/>\n<meta property=\"og:description\" content=\"As\u00ed como lo leen, en la ciudad de Manchester, ya existe la calle con el nombre de \u00e9ste Sir. Le han rendido homenaje al hist\u00f3rico ex-DT del Manchester\" \/>\n<meta property=\"og:url\" content=\"https:\/\/kalot.com.mx\/site\/2013\/10\/14\/sir-alex-ferguson-calle\/\" \/>\n<meta property=\"og:site_name\" content=\"Kalot\" \/>\n<meta property=\"article:publisher\" content=\"http:\/\/facebook.com\/mxkalot\" \/>\n<meta property=\"article:author\" content=\"https:\/\/www.facebook.com\/karego22\" \/>\n<meta property=\"article:published_time\" content=\"2013-10-15T01:00:55+00:00\" \/>\n<meta property=\"article:modified_time\" content=\"2013-10-15T02:33:10+00:00\" \/>\n<meta property=\"og:image\" content=\"https:\/\/i2.wp.com\/kalot.com.mx\/site\/wp-content\/uploads\/2013\/10\/Sir-Alex-Ferguson-Way.jpg?fit=620%2C415&ssl=1\" \/>\n\t<meta property=\"og:image:width\" content=\"620\" \/>\n\t<meta property=\"og:image:height\" content=\"415\" \/>\n\t<meta property=\"og:image:type\" content=\"image\/jpeg\" \/>\n<meta name=\"author\" content=\"Karenina Gonzalez\" \/>\n<meta name=\"twitter:card\" content=\"summary_large_image\" \/>\n<meta name=\"twitter:creator\" content=\"@KareGo22\" \/>\n<meta name=\"twitter:site\" content=\"@kalotmx\" \/>\n<meta name=\"twitter:label1\" content=\"Escrito por\" \/>\n\t<meta name=\"twitter:data1\" content=\"Karenina Gonzalez\" \/>\n\t<meta name=\"twitter:label2\" content=\"Tiempo de lectura\" \/>\n\t<meta name=\"twitter:data2\" content=\"2 minutos\" \/>\n<!-- \/ Yoast SEO plugin. -->","yoast_head_json":{"title":"Sir Alex Ferguson \u00a1ya tiene su calle! #ForeverUnited  - Kalot","description":"As\u00ed como lo leen, en la ciudad de Manchester, ya existe la calle con el nombre de \u00e9ste Sir. Le han rendido homenaje al hist\u00f3rico ex-DT del Manchester","robots":{"index":"index","follow":"follow","max-snippet":"max-snippet:-1","max-image-preview":"max-image-preview:large","max-video-preview":"max-video-preview:-1"},"canonical":"https:\/\/kalot.com.mx\/site\/2013\/10\/14\/sir-alex-ferguson-calle\/","og_locale":"es_MX","og_type":"article","og_title":"Sir Alex Ferguson \u00a1ya tiene su calle! #ForeverUnited  - Kalot","og_description":"As\u00ed como lo leen, en la ciudad de Manchester, ya existe la calle con el nombre de \u00e9ste Sir. Le han rendido homenaje al hist\u00f3rico ex-DT del Manchester","og_url":"https:\/\/kalot.com.mx\/site\/2013\/10\/14\/sir-alex-ferguson-calle\/","og_site_name":"Kalot","article_publisher":"http:\/\/facebook.com\/mxkalot","article_author":"https:\/\/www.facebook.com\/karego22","article_published_time":"2013-10-15T01:00:55+00:00","article_modified_time":"2013-10-15T02:33:10+00:00","og_image":[{"width":620,"height":415,"url":"https:\/\/i2.wp.com\/kalot.com.mx\/site\/wp-content\/uploads\/2013\/10\/Sir-Alex-Ferguson-Way.jpg?fit=620%2C415&ssl=1","type":"image\/jpeg"}],"author":"Karenina Gonzalez","twitter_card":"summary_large_image","twitter_creator":"@KareGo22","twitter_site":"@kalotmx","twitter_misc":{"Escrito por":"Karenina Gonzalez","Tiempo de lectura":"2 minutos"},"schema":{"@context":"https:\/\/schema.org","@graph":[{"@type":"Article","@id":"https:\/\/kalot.com.mx\/site\/2013\/10\/14\/sir-alex-ferguson-calle\/#article","isPartOf":{"@id":"https:\/\/kalot.com.mx\/site\/2013\/10\/14\/sir-alex-ferguson-calle\/"},"author":{"name":"Karenina Gonzalez","@id":"https:\/\/kalot.com.mx\/site\/#\/schema\/person\/b45fe5afd4e90f9fe3242de44c649503"},"headline":"Sir Alex Ferguson \u00a1ya tiene su calle! #ForeverUnited","datePublished":"2013-10-15T01:00:55+00:00","dateModified":"2013-10-15T02:33:10+00:00","mainEntityOfPage":{"@id":"https:\/\/kalot.com.mx\/site\/2013\/10\/14\/sir-alex-ferguson-calle\/"},"wordCount":329,"commentCount":0,"publisher":{"@id":"https:\/\/kalot.com.mx\/site\/#organization"},"image":{"@id":"https:\/\/kalot.com.mx\/site\/2013\/10\/14\/sir-alex-ferguson-calle\/#primaryimage"},"thumbnailUrl":"https:\/\/i0.wp.com\/kalot.com.mx\/site\/wp-content\/uploads\/2013\/10\/Sir-Alex-Ferguson-Way.jpg?fit=620%2C415&ssl=1","inLanguage":"es","potentialAction":[{"@type":"CommentAction","name":"Comment","target":["https:\/\/kalot.com.mx\/site\/2013\/10\/14\/sir-alex-ferguson-calle\/#respond"]}]},{"@type":"WebPage","@id":"https:\/\/kalot.com.mx\/site\/2013\/10\/14\/sir-alex-ferguson-calle\/","url":"https:\/\/kalot.com.mx\/site\/2013\/10\/14\/sir-alex-ferguson-calle\/","name":"Sir Alex Ferguson \u00a1ya tiene su calle! #ForeverUnited - Kalot","isPartOf":{"@id":"https:\/\/kalot.com.mx\/site\/#website"},"primaryImageOfPage":{"@id":"https:\/\/kalot.com.mx\/site\/2013\/10\/14\/sir-alex-ferguson-calle\/#primaryimage"},"image":{"@id":"https:\/\/kalot.com.mx\/site\/2013\/10\/14\/sir-alex-ferguson-calle\/#primaryimage"},"thumbnailUrl":"https:\/\/i0.wp.com\/kalot.com.mx\/site\/wp-content\/uploads\/2013\/10\/Sir-Alex-Ferguson-Way.jpg?fit=620%2C415&ssl=1","datePublished":"2013-10-15T01:00:55+00:00","dateModified":"2013-10-15T02:33:10+00:00","description":"As\u00ed como lo leen, en la ciudad de Manchester, ya existe la calle con el nombre de \u00e9ste Sir. Le han rendido homenaje al hist\u00f3rico ex-DT del Manchester","breadcrumb":{"@id":"https:\/\/kalot.com.mx\/site\/2013\/10\/14\/sir-alex-ferguson-calle\/#breadcrumb"},"inLanguage":"es","potentialAction":[{"@type":"ReadAction","target":["https:\/\/kalot.com.mx\/site\/2013\/10\/14\/sir-alex-ferguson-calle\/"]}]},{"@type":"ImageObject","inLanguage":"es","@id":"https:\/\/kalot.com.mx\/site\/2013\/10\/14\/sir-alex-ferguson-calle\/#primaryimage","url":"https:\/\/i0.wp.com\/kalot.com.mx\/site\/wp-content\/uploads\/2013\/10\/Sir-Alex-Ferguson-Way.jpg?fit=620%2C415&ssl=1","contentUrl":"https:\/\/i0.wp.com\/kalot.com.mx\/site\/wp-content\/uploads\/2013\/10\/Sir-Alex-Ferguson-Way.jpg?fit=620%2C415&ssl=1","width":620,"height":415,"caption":"Sir Alex Ferguson Way"},{"@type":"BreadcrumbList","@id":"https:\/\/kalot.com.mx\/site\/2013\/10\/14\/sir-alex-ferguson-calle\/#breadcrumb","itemListElement":[{"@type":"ListItem","position":1,"name":"Home","item":"https:\/\/kalot.com.mx\/site\/"},{"@type":"ListItem","position":2,"name":"Sir Alex Ferguson \u00a1ya tiene su calle! #ForeverUnited"}]},{"@type":"WebSite","@id":"https:\/\/kalot.com.mx\/site\/#website","url":"https:\/\/kalot.com.mx\/site\/","name":"Kalot","description":"Conoce Todo Sobre Todo","publisher":{"@id":"https:\/\/kalot.com.mx\/site\/#organization"},"potentialAction":[{"@type":"SearchAction","target":{"@type":"EntryPoint","urlTemplate":"https:\/\/kalot.com.mx\/site\/?s={search_term_string}"},"query-input":{"@type":"PropertyValueSpecification","valueRequired":true,"valueName":"search_term_string"}}],"inLanguage":"es"},{"@type":"Organization","@id":"https:\/\/kalot.com.mx\/site\/#organization","name":"Kalot","url":"https:\/\/kalot.com.mx\/site\/","logo":{"@type":"ImageObject","inLanguage":"es","@id":"https:\/\/kalot.com.mx\/site\/#\/schema\/logo\/image\/","url":"https:\/\/i0.wp.com\/kalot.com.mx\/site\/wp-content\/uploads\/2020\/04\/Kalot-logo-sin-tagline.png?fit=1707%2C1014&ssl=1","contentUrl":"https:\/\/i0.wp.com\/kalot.com.mx\/site\/wp-content\/uploads\/2020\/04\/Kalot-logo-sin-tagline.png?fit=1707%2C1014&ssl=1","width":1707,"height":1014,"caption":"Kalot"},"image":{"@id":"https:\/\/kalot.com.mx\/site\/#\/schema\/logo\/image\/"},"sameAs":["http:\/\/facebook.com\/mxkalot","https:\/\/x.com\/kalotmx","http:\/\/instagram.com\/kalotmx","http:\/\/pinterest.com\/jorgeerana\/kalot"]},{"@type":"Person","@id":"https:\/\/kalot.com.mx\/site\/#\/schema\/person\/b45fe5afd4e90f9fe3242de44c649503","name":"Karenina Gonzalez","image":{"@type":"ImageObject","inLanguage":"es","@id":"https:\/\/secure.gravatar.com\/avatar\/1fdfbd0d759c4d5450db9d6931e246032892bcbe453b949a88d38f29095c0fb7?s=96&d=mm&r=g","url":"https:\/\/secure.gravatar.com\/avatar\/1fdfbd0d759c4d5450db9d6931e246032892bcbe453b949a88d38f29095c0fb7?s=96&d=mm&r=g","contentUrl":"https:\/\/secure.gravatar.com\/avatar\/1fdfbd0d759c4d5450db9d6931e246032892bcbe453b949a88d38f29095c0fb7?s=96&d=mm&r=g","caption":"Karenina Gonzalez"},"description":"Soy una loca marketera, colaboradora en la #RevistaMarketiin y en los blogs #MktLovers, #EspaciosBlog y #BlogMarketiin. Ahora formando parte de @KalotMx. El caf\u00e9 y las redes sociales son mi adicci\u00f3n.","sameAs":["http:\/\/www.mktlovers.wordpress.com","https:\/\/www.facebook.com\/karego22","https:\/\/x.com\/KareGo22"],"url":"https:\/\/kalot.com.mx\/site\/author\/kare\/"}]}},"jetpack_publicize_connections":[],"jetpack_featured_media_url":"https:\/\/i0.wp.com\/kalot.com.mx\/site\/wp-content\/uploads\/2013\/10\/Sir-Alex-Ferguson-Way.jpg?fit=620%2C415&ssl=1","jetpack_shortlink":"https:\/\/wp.me\/p6IHEI-11u","jetpack-related-posts":[{"id":3121,"url":"https:\/\/kalot.com.mx\/site\/2013\/10\/03\/ryan-giggs-rompiendo-records-deportes\/","url_meta":{"origin":3936,"position":0},"title":"Ryan Giggs Rompiendo Records #Deportes","author":"Anastacio S\u00e1nchez","date":"3 octubre, 2013","format":false,"excerpt":"El gal\u00e9s Ryan Giggs, jugador del Manchester United, super\u00f3 hoy al espa\u00f1ol Ra\u00fal Gonz\u00e1lez como el futbolista con m\u00e1s partidos disputados de la Champions League, con 145 encuentros. El veterano, que el pr\u00f3ximo 29 de noviembre cumplir\u00e1 40 a\u00f1os, salt\u00f3 al terreno de juego en el minuto 66 del partido\u2026","rel":"","context":"En &quot;Sin categor\u00eda&quot;","block_context":{"text":"Sin categor\u00eda","link":"https:\/\/kalot.com.mx\/site\/category\/sin-categoria\/"},"img":{"alt_text":"","src":"https:\/\/i0.wp.com\/kalot.com.mx\/site\/wp-content\/uploads\/2013\/10\/ryan-giggs_10257-L0x0.jpg?fit=600%2C400&ssl=1&resize=350%2C200","width":350,"height":200,"srcset":"https:\/\/i0.wp.com\/kalot.com.mx\/site\/wp-content\/uploads\/2013\/10\/ryan-giggs_10257-L0x0.jpg?fit=600%2C400&ssl=1&resize=350%2C200 1x, https:\/\/i0.wp.com\/kalot.com.mx\/site\/wp-content\/uploads\/2013\/10\/ryan-giggs_10257-L0x0.jpg?fit=600%2C400&ssl=1&resize=525%2C300 1.5x"},"classes":[]},{"id":17865,"url":"https:\/\/kalot.com.mx\/site\/2014\/09\/01\/chicharito-con-merengue\/","url_meta":{"origin":3936,"position":1},"title":"CHICHARITO CON MERENGUE","author":"HM_MKT007","date":"1 septiembre, 2014","format":false,"excerpt":"Quiz\u00e1 para muchos fue sorpresivo este fichaje, principalmente por todo lo sucedido con \"EL TIGRE\" RADAMEL FALCAO, del cual todos especulaban su llegada al club merengue, sin dudas, era el fichaje que todos esperan del REAL MADRID, porque seamos honestos, es quiz\u00e1 el mejor centro delantero de todo el planeta,\u2026","rel":"","context":"Entrada similar ","block_context":{"text":"Entrada similar ","link":""},"img":{"alt_text":"","src":"https:\/\/i0.wp.com\/kalot.com.mx\/site\/wp-content\/uploads\/2014\/09\/10649565_857775837565867_7048619463312560987_n.png?fit=960%2C478&ssl=1&resize=350%2C200","width":350,"height":200,"srcset":"https:\/\/i0.wp.com\/kalot.com.mx\/site\/wp-content\/uploads\/2014\/09\/10649565_857775837565867_7048619463312560987_n.png?fit=960%2C478&ssl=1&resize=350%2C200 1x, https:\/\/i0.wp.com\/kalot.com.mx\/site\/wp-content\/uploads\/2014\/09\/10649565_857775837565867_7048619463312560987_n.png?fit=960%2C478&ssl=1&resize=525%2C300 1.5x, https:\/\/i0.wp.com\/kalot.com.mx\/site\/wp-content\/uploads\/2014\/09\/10649565_857775837565867_7048619463312560987_n.png?fit=960%2C478&ssl=1&resize=700%2C400 2x"},"classes":[]},{"id":17667,"url":"https:\/\/kalot.com.mx\/site\/2014\/08\/20\/la-verdadera-alex-vause-escribira-sus-memorias\/","url_meta":{"origin":3936,"position":2},"title":"La verdadera Alex Vause escribir\u00e1 sus memorias.","author":"Ivan Mendez","date":"20 agosto, 2014","format":false,"excerpt":"La ya amadisima seria \"Orange Is The New Black\" nominada a un Emmy a mejor serie de comedia de la televisi\u00f3n - que aunque te\u00f3ricamente no es en televisi\u00f3n, ya que es de Netflix- competir\u00e1 y posiblemente gane contra la ya ganadora cuatro a\u00f1os consecutivos: Modern Family que aunque no\u2026","rel":"","context":"Entrada similar ","block_context":{"text":"Entrada similar ","link":""},"img":{"alt_text":"","src":"https:\/\/i0.wp.com\/kalot.com.mx\/site\/wp-content\/uploads\/2014\/08\/Screen-Shot-2013-07-21-at-10.33.45-AM.png?fit=1200%2C693&ssl=1&resize=350%2C200","width":350,"height":200,"srcset":"https:\/\/i0.wp.com\/kalot.com.mx\/site\/wp-content\/uploads\/2014\/08\/Screen-Shot-2013-07-21-at-10.33.45-AM.png?fit=1200%2C693&ssl=1&resize=350%2C200 1x, https:\/\/i0.wp.com\/kalot.com.mx\/site\/wp-content\/uploads\/2014\/08\/Screen-Shot-2013-07-21-at-10.33.45-AM.png?fit=1200%2C693&ssl=1&resize=525%2C300 1.5x, https:\/\/i0.wp.com\/kalot.com.mx\/site\/wp-content\/uploads\/2014\/08\/Screen-Shot-2013-07-21-at-10.33.45-AM.png?fit=1200%2C693&ssl=1&resize=700%2C400 2x, https:\/\/i0.wp.com\/kalot.com.mx\/site\/wp-content\/uploads\/2014\/08\/Screen-Shot-2013-07-21-at-10.33.45-AM.png?fit=1200%2C693&ssl=1&resize=1050%2C600 3x"},"classes":[]},{"id":15123,"url":"https:\/\/kalot.com.mx\/site\/2014\/04\/21\/cumpleanos-de-un-grande-gameboy-tiene-25-anos\/","url_meta":{"origin":3936,"position":3},"title":"Cumplea\u00f1os de un grande, GAMEBOY tiene 25 A\u00d1OS","author":"HM_MKT007","date":"21 abril, 2014","format":false,"excerpt":"Pensemos un momento, principalmente los m\u00e1s veteranos, busquemos algo que haya marcado una diferencia en esta bella industria, y encontraremos siempre, esta consola, el GAMEBOY, que un 21 de abril de 1989, se presentaba en el mercado como la primera consola port\u00e1til como tal, ya que las GAME & WATCH\u2026","rel":"","context":"Entrada similar ","block_context":{"text":"Entrada similar ","link":""},"img":{"alt_text":"","src":"https:\/\/i0.wp.com\/kalot.com.mx\/site\/wp-content\/uploads\/2014\/04\/gameboy_original.jpg?fit=350%2C395&ssl=1&resize=350%2C200","width":350,"height":200},"classes":[]},{"id":9185,"url":"https:\/\/kalot.com.mx\/site\/2014\/01\/08\/simon\/","url_meta":{"origin":3936,"position":4},"title":"Sim\u00f3n","author":"Ceci Cuevas","date":"8 enero, 2014","format":false,"excerpt":"por Ceci Cuevas Ahora que soy grande, que ya tengo 12 a\u00f1os, tengo nombre fijo y me gusta: me llamo Sim\u00f3n. Cuando era chiquito me dec\u00edan de muchas maneras. Mis hermanos y yo viv\u00edamos en la calle. Nacimos cerca de las Lagunas de Zempoala; es un lugar muy bonito, hab\u00eda\u2026","rel":"","context":"Entrada similar ","block_context":{"text":"Entrada similar ","link":""},"img":{"alt_text":"","src":"https:\/\/i0.wp.com\/kalot.com.mx\/site\/wp-content\/uploads\/2014\/01\/20140108-091020-a.m..jpg?fit=1024%2C578&ssl=1&resize=350%2C200","width":350,"height":200,"srcset":"https:\/\/i0.wp.com\/kalot.com.mx\/site\/wp-content\/uploads\/2014\/01\/20140108-091020-a.m..jpg?fit=1024%2C578&ssl=1&resize=350%2C200 1x, https:\/\/i0.wp.com\/kalot.com.mx\/site\/wp-content\/uploads\/2014\/01\/20140108-091020-a.m..jpg?fit=1024%2C578&ssl=1&resize=525%2C300 1.5x, https:\/\/i0.wp.com\/kalot.com.mx\/site\/wp-content\/uploads\/2014\/01\/20140108-091020-a.m..jpg?fit=1024%2C578&ssl=1&resize=700%2C400 2x"},"classes":[]},{"id":14516,"url":"https:\/\/kalot.com.mx\/site\/2014\/04\/11\/como-carajos-presento\/","url_meta":{"origin":3936,"position":5},"title":"\u00bfC\u00f3mo carajos me presento?","author":"Alex Mart\u00ednez","date":"11 abril, 2014","format":false,"excerpt":"Las presentaciones y el hablar de uno mismo siempre es un paso dif\u00edcil para m\u00ed. Cuando nos preguntan quienes somos, solemos definirnos por un nombre, como \"soy \u00c1lex\" y creemos que eso dice mucho sobre nosotros como si ese nombre tuviera impl\u00edcito todo el contenido que guarda nuestro cerebro sobre\u2026","rel":"","context":"Entrada similar ","block_context":{"text":"Entrada similar ","link":""},"img":{"alt_text":"","src":"https:\/\/i0.wp.com\/kalot.com.mx\/site\/wp-content\/uploads\/2014\/04\/heres-the-trailer-for-the-new-cosmos-series-that-debuts-tomorrow.jpg?fit=1188%2C594&ssl=1&resize=350%2C200","width":350,"height":200,"srcset":"https:\/\/i0.wp.com\/kalot.com.mx\/site\/wp-content\/uploads\/2014\/04\/heres-the-trailer-for-the-new-cosmos-series-that-debuts-tomorrow.jpg?fit=1188%2C594&ssl=1&resize=350%2C200 1x, https:\/\/i0.wp.com\/kalot.com.mx\/site\/wp-content\/uploads\/2014\/04\/heres-the-trailer-for-the-new-cosmos-series-that-debuts-tomorrow.jpg?fit=1188%2C594&ssl=1&resize=525%2C300 1.5x, https:\/\/i0.wp.com\/kalot.com.mx\/site\/wp-content\/uploads\/2014\/04\/heres-the-trailer-for-the-new-cosmos-series-that-debuts-tomorrow.jpg?fit=1188%2C594&ssl=1&resize=700%2C400 2x, https:\/\/i0.wp.com\/kalot.com.mx\/site\/wp-content\/uploads\/2014\/04\/heres-the-trailer-for-the-new-cosmos-series-that-debuts-tomorrow.jpg?fit=1188%2C594&ssl=1&resize=1050%2C600 3x"},"classes":[]}],"jetpack_sharing_enabled":true,"_links":{"self":[{"href":"https:\/\/kalot.com.mx\/site\/wp-json\/wp\/v2\/posts\/3936","targetHints":{"allow":["GET"]}}],"collection":[{"href":"https:\/\/kalot.com.mx\/site\/wp-json\/wp\/v2\/posts"}],"about":[{"href":"https:\/\/kalot.com.mx\/site\/wp-json\/wp\/v2\/types\/post"}],"author":[{"embeddable":true,"href":"https:\/\/kalot.com.mx\/site\/wp-json\/wp\/v2\/users\/24"}],"replies":[{"embeddable":true,"href":"https:\/\/kalot.com.mx\/site\/wp-json\/wp\/v2\/comments?post=3936"}],"version-history":[{"count":0,"href":"https:\/\/kalot.com.mx\/site\/wp-json\/wp\/v2\/posts\/3936\/revisions"}],"wp:featuredmedia":[{"embeddable":true,"href":"https:\/\/kalot.com.mx\/site\/wp-json\/wp\/v2\/media\/3937"}],"wp:attachment":[{"href":"https:\/\/kalot.com.mx\/site\/wp-json\/wp\/v2\/media?parent=3936"}],"wp:term":[{"taxonomy":"category","embeddable":true,"href":"https:\/\/kalot.com.mx\/site\/wp-json\/wp\/v2\/categories?post=3936"},{"taxonomy":"post_tag","embeddable":true,"href":"https:\/\/kalot.com.mx\/site\/wp-json\/wp\/v2\/tags?post=3936"}],"curies":[{"name":"wp","href":"https:\/\/api.w.org\/{rel}","templated":true}]}}