{"id":3357,"date":"2013-10-08T20:00:14","date_gmt":"2013-10-09T01:00:14","guid":{"rendered":"http:\/\/www.kalot.com.mx\/?p=3357"},"modified":"2017-12-20T09:25:42","modified_gmt":"2017-12-20T15:25:42","slug":"y-si-vendemos-mas-lo-nacional-en-lugar-de-comprar-lo-extranjero","status":"publish","type":"post","link":"https:\/\/kalot.com.mx\/site\/2013\/10\/08\/y-si-vendemos-mas-lo-nacional-en-lugar-de-comprar-lo-extranjero\/","title":{"rendered":"\u00bfY si vendemos m\u00e1s lo nacional, en lugar de comprar lo extranjero?"},"content":{"rendered":"<p style=\"text-align: justify;\">En muchas ocasiones me he encontrado con gente que dice que los productos mexicanos no son tan buenos como los que venden en el extranjero; con la llegada de la globalizaci\u00f3n este aspecto se ha aumentado de manera exponencial, ya que se importan una gran cantidad de productos de origen extranjero al pa\u00eds, lo que afecta de manera directa a las firmas mexicanas que dif\u00edcilmente pueden competir con la gran infraestructura que traen las empresas extranjeras.<\/p>\n<p style=\"text-align: justify;\">Pero tal vez el problema no radique de lleno en la mentalidad del consumidor mexicano (puesto que esta estamos educados en t\u00e9rminos de consumo a preferir los productos que vienen de otros pa\u00edses sobre los productos nacionales), sino que tambi\u00e9n faltan enfocar esfuerzos de mercadotecnia que incluyen factores desde la adquisici\u00f3n de materia prima hasta su colocaci\u00f3n en el punto de venta para poder hacer que las personas voleen a ver los productos que M\u00e9xico ofrece.<\/p>\n<p style=\"text-align: justify;\">Existen algunas objeciones que ponemos al momento de elegir un producto nacional, a continuaci\u00f3n mencionar\u00e9 alguna de ellas.<\/p>\n<p style=\"text-align: justify;\">\u201cLa calidad no est\u00e1n buena como los productos extranjeros\u201d: En M\u00e9xico existen productos de muy buena calidad que f\u00e1cilmente le pueden competir a cualquier empresa del mundo en ese factor, lo que falta en este punto es una manera de comunicar dicha calidad para que se prefieran los productos nacionales, o bien manejar una estrategia de precios adecuada para que la calidad pase a segundo t\u00e9rmino (los productos chinos por ejemplo, hace unos a\u00f1os no presum\u00edan de tener buena calidad, sin embargo por manejar precios bajos no se tomaba mucho en cuenta su funcionalidad, si no su precio bajo).<\/p>\n<p style=\"text-align: justify;\">\u201cLos productos mexicanos est\u00e1n muy caros, en cambio los de car\u00e1cter extranjero est\u00e1n a un mejor precio y de mejor calidad\u201d: en este punto difiero un poco ya que muchas de las veces compramos productos extranjeros a precios fuera de \u00f3rbita, productos de la marca Apple o Starbucks por ejemplo, manejan precios elevados pero una estrategia de comunicaci\u00f3n excelente que hace ver otros elementos como m\u00e1s importantes , dejando a un lado el factor precio.<\/p>\n<p style=\"text-align: justify;\">\u201cLos productos mexicanos son muy escasos y es sumamente complicado localizarlos\u201d: si bien en este punto est\u00e1 claro que faltan estrategias de distribuci\u00f3n adecuadas para una mejor colocaci\u00f3n del producto en el mercado, la parte de la escases (solo en algunos casos) no es un factor determinante al momento de realizar una compra. En a\u00f1os anteriores en la ciudad de San Luis Potos\u00ed no se contaba con la firma espa\u00f1ola Zara, con lo que muchas personas iban a otros estados a comprar los productos de esta marca sin importar que tan lejos estaban de ellos, Lo mismo pasa con la marca de cosm\u00e9ticos MAC que al no estar en SLP se buscaba la manera de localizarlos sin importar el lugar donde estaban ubicados. Lo importante es comunicar que el producto es tan bueno que vale la pena conseguirlo a como d\u00e9 lugar.<\/p>\n<p style=\"text-align: justify;\">Como \u00e9stas, podemos encontrar un gran n\u00famero de objeciones que a nosotros mismos como mexicanos nos toca vencer, \u00faltimamente ha aumentado el n\u00famero de emprendedores en el pa\u00eds que se ve reflejado en un aumento de oportunidades para competir en mercados internacionales (si estas interesado en entrar al mundo del emprendimiento, te recomiendo que leas la secci\u00f3n de kalot \u00a0&#8220;TopStartups&#8221; de mi colega \u00a0Rudy Mar\u00edn los d\u00edas mi\u00e9rcoles).<\/p>\n<p style=\"text-align: justify;\">A continuaci\u00f3n les dejo un ejemplo de c\u00f3mo se puede cambiar la percepci\u00f3n de un producto al mejorar su imagen. \u00a0El producto a comercializar es Mezcal de la marca Perro malo.<\/p>\n<p style=\"text-align: justify;\"><a href=\"https:\/\/i0.wp.com\/www.kalot.com.mx\/wp-content\/uploads\/2013\/10\/Perro_Malo_17.jpg\"><img fetchpriority=\"high\" decoding=\"async\" data-attachment-id=\"3358\" data-permalink=\"https:\/\/kalot.com.mx\/site\/2013\/10\/08\/y-si-vendemos-mas-lo-nacional-en-lugar-de-comprar-lo-extranjero\/perro_malo_17\/\" data-orig-file=\"https:\/\/i0.wp.com\/kalot.com.mx\/site\/wp-content\/uploads\/2013\/10\/Perro_Malo_17.jpg?fit=885%2C575&amp;ssl=1\" data-orig-size=\"885,575\" data-comments-opened=\"1\" data-image-meta=\"{&quot;aperture&quot;:&quot;0&quot;,&quot;credit&quot;:&quot;&quot;,&quot;camera&quot;:&quot;&quot;,&quot;caption&quot;:&quot;&quot;,&quot;created_timestamp&quot;:&quot;0&quot;,&quot;copyright&quot;:&quot;&quot;,&quot;focal_length&quot;:&quot;0&quot;,&quot;iso&quot;:&quot;0&quot;,&quot;shutter_speed&quot;:&quot;0&quot;,&quot;title&quot;:&quot;&quot;}\" data-image-title=\"Perro_Malo_17\" data-image-description=\"\" data-image-caption=\"\" data-large-file=\"https:\/\/i0.wp.com\/kalot.com.mx\/site\/wp-content\/uploads\/2013\/10\/Perro_Malo_17.jpg?fit=885%2C575&amp;ssl=1\" class=\"alignnone size-full wp-image-3358\" alt=\"Perro_Malo_17\" src=\"https:\/\/i0.wp.com\/kalot.com.mx\/site\/wp-content\/uploads\/2013\/08\/juan-son.jpg?fit=510%2C338&#038;ssl=1\" width=\"510\" height=\"338\" \/><\/a> <a href=\"https:\/\/i0.wp.com\/www.kalot.com.mx\/wp-content\/uploads\/2013\/10\/Perro_Malo_18.jpg\"><img decoding=\"async\" data-attachment-id=\"3359\" data-permalink=\"https:\/\/kalot.com.mx\/site\/2013\/10\/08\/y-si-vendemos-mas-lo-nacional-en-lugar-de-comprar-lo-extranjero\/perro_malo_18\/\" data-orig-file=\"https:\/\/i0.wp.com\/kalot.com.mx\/site\/wp-content\/uploads\/2013\/10\/Perro_Malo_18.jpg?fit=885%2C575&amp;ssl=1\" data-orig-size=\"885,575\" data-comments-opened=\"1\" data-image-meta=\"{&quot;aperture&quot;:&quot;0&quot;,&quot;credit&quot;:&quot;&quot;,&quot;camera&quot;:&quot;&quot;,&quot;caption&quot;:&quot;&quot;,&quot;created_timestamp&quot;:&quot;0&quot;,&quot;copyright&quot;:&quot;&quot;,&quot;focal_length&quot;:&quot;0&quot;,&quot;iso&quot;:&quot;0&quot;,&quot;shutter_speed&quot;:&quot;0&quot;,&quot;title&quot;:&quot;&quot;}\" data-image-title=\"Perro_Malo_18\" data-image-description=\"\" data-image-caption=\"\" data-large-file=\"https:\/\/i0.wp.com\/kalot.com.mx\/site\/wp-content\/uploads\/2013\/10\/Perro_Malo_18.jpg?fit=885%2C575&amp;ssl=1\" class=\"alignnone size-full wp-image-3359\" alt=\"Perro_Malo_18\" src=\"https:\/\/i0.wp.com\/kalot.com.mx\/site\/wp-content\/uploads\/2013\/08\/juan-son.jpg?fit=510%2C338&#038;ssl=1\" width=\"510\" height=\"338\" \/><\/a> <a href=\"https:\/\/i0.wp.com\/www.kalot.com.mx\/wp-content\/uploads\/2013\/10\/Perro_Malo_061.jpg\"><img decoding=\"async\" data-attachment-id=\"3360\" data-permalink=\"https:\/\/kalot.com.mx\/site\/2013\/10\/08\/y-si-vendemos-mas-lo-nacional-en-lugar-de-comprar-lo-extranjero\/perro_malo_061\/\" data-orig-file=\"https:\/\/i0.wp.com\/kalot.com.mx\/site\/wp-content\/uploads\/2013\/10\/Perro_Malo_061.jpg?fit=885%2C575&amp;ssl=1\" data-orig-size=\"885,575\" data-comments-opened=\"1\" data-image-meta=\"{&quot;aperture&quot;:&quot;0&quot;,&quot;credit&quot;:&quot;&quot;,&quot;camera&quot;:&quot;&quot;,&quot;caption&quot;:&quot;&quot;,&quot;created_timestamp&quot;:&quot;0&quot;,&quot;copyright&quot;:&quot;CAROGA&quot;,&quot;focal_length&quot;:&quot;0&quot;,&quot;iso&quot;:&quot;0&quot;,&quot;shutter_speed&quot;:&quot;0&quot;,&quot;title&quot;:&quot;&quot;}\" data-image-title=\"Perro_Malo_061\" data-image-description=\"\" data-image-caption=\"\" data-large-file=\"https:\/\/i0.wp.com\/kalot.com.mx\/site\/wp-content\/uploads\/2013\/10\/Perro_Malo_061.jpg?fit=885%2C575&amp;ssl=1\" class=\"alignnone size-full wp-image-3360\" alt=\"Perro_Malo_061\" src=\"https:\/\/i0.wp.com\/kalot.com.mx\/site\/wp-content\/uploads\/2013\/08\/juan-son.jpg?fit=510%2C338&#038;ssl=1\" width=\"510\" height=\"338\" \/><\/a> <a href=\"https:\/\/i0.wp.com\/www.kalot.com.mx\/wp-content\/uploads\/2013\/10\/Perro_Malo_071.jpg\"><img loading=\"lazy\" decoding=\"async\" data-attachment-id=\"3361\" data-permalink=\"https:\/\/kalot.com.mx\/site\/2013\/10\/08\/y-si-vendemos-mas-lo-nacional-en-lugar-de-comprar-lo-extranjero\/perro_malo_071\/\" data-orig-file=\"https:\/\/i0.wp.com\/kalot.com.mx\/site\/wp-content\/uploads\/2013\/10\/Perro_Malo_071.jpg?fit=885%2C575&amp;ssl=1\" data-orig-size=\"885,575\" data-comments-opened=\"1\" data-image-meta=\"{&quot;aperture&quot;:&quot;0&quot;,&quot;credit&quot;:&quot;&quot;,&quot;camera&quot;:&quot;&quot;,&quot;caption&quot;:&quot;&quot;,&quot;created_timestamp&quot;:&quot;0&quot;,&quot;copyright&quot;:&quot;CAROGA&quot;,&quot;focal_length&quot;:&quot;0&quot;,&quot;iso&quot;:&quot;0&quot;,&quot;shutter_speed&quot;:&quot;0&quot;,&quot;title&quot;:&quot;&quot;}\" data-image-title=\"Perro_Malo_071\" data-image-description=\"\" data-image-caption=\"\" data-large-file=\"https:\/\/i0.wp.com\/kalot.com.mx\/site\/wp-content\/uploads\/2013\/10\/Perro_Malo_071.jpg?fit=885%2C575&amp;ssl=1\" class=\"alignnone size-full wp-image-3361\" alt=\"Perro_Malo_071\" src=\"https:\/\/i0.wp.com\/kalot.com.mx\/site\/wp-content\/uploads\/2013\/08\/juan-son.jpg?fit=510%2C338&#038;ssl=1\" width=\"510\" height=\"338\" \/><\/a> <a href=\"https:\/\/i0.wp.com\/www.kalot.com.mx\/wp-content\/uploads\/2013\/10\/Perro_Malo_081.jpg\"><img loading=\"lazy\" decoding=\"async\" data-attachment-id=\"3362\" data-permalink=\"https:\/\/kalot.com.mx\/site\/2013\/10\/08\/y-si-vendemos-mas-lo-nacional-en-lugar-de-comprar-lo-extranjero\/perro_malo_081\/\" data-orig-file=\"https:\/\/i0.wp.com\/kalot.com.mx\/site\/wp-content\/uploads\/2013\/10\/Perro_Malo_081.jpg?fit=885%2C575&amp;ssl=1\" data-orig-size=\"885,575\" data-comments-opened=\"1\" data-image-meta=\"{&quot;aperture&quot;:&quot;0&quot;,&quot;credit&quot;:&quot;&quot;,&quot;camera&quot;:&quot;&quot;,&quot;caption&quot;:&quot;&quot;,&quot;created_timestamp&quot;:&quot;0&quot;,&quot;copyright&quot;:&quot;CAROGA&quot;,&quot;focal_length&quot;:&quot;0&quot;,&quot;iso&quot;:&quot;0&quot;,&quot;shutter_speed&quot;:&quot;0&quot;,&quot;title&quot;:&quot;&quot;}\" data-image-title=\"Perro_Malo_081\" data-image-description=\"\" data-image-caption=\"\" data-large-file=\"https:\/\/i0.wp.com\/kalot.com.mx\/site\/wp-content\/uploads\/2013\/10\/Perro_Malo_081.jpg?fit=885%2C575&amp;ssl=1\" class=\"alignnone size-full wp-image-3362\" alt=\"Perro_Malo_081\" src=\"https:\/\/i0.wp.com\/kalot.com.mx\/site\/wp-content\/uploads\/2013\/08\/juan-son.jpg?fit=510%2C338&#038;ssl=1\" width=\"510\" height=\"338\" \/><\/a> <a href=\"https:\/\/i0.wp.com\/www.kalot.com.mx\/wp-content\/uploads\/2013\/10\/Perro_Malo_091.jpg\"><img loading=\"lazy\" decoding=\"async\" data-attachment-id=\"3363\" data-permalink=\"https:\/\/kalot.com.mx\/site\/2013\/10\/08\/y-si-vendemos-mas-lo-nacional-en-lugar-de-comprar-lo-extranjero\/perro_malo_091\/\" data-orig-file=\"https:\/\/i0.wp.com\/kalot.com.mx\/site\/wp-content\/uploads\/2013\/10\/Perro_Malo_091.jpg?fit=885%2C575&amp;ssl=1\" data-orig-size=\"885,575\" data-comments-opened=\"1\" data-image-meta=\"{&quot;aperture&quot;:&quot;0&quot;,&quot;credit&quot;:&quot;&quot;,&quot;camera&quot;:&quot;&quot;,&quot;caption&quot;:&quot;&quot;,&quot;created_timestamp&quot;:&quot;0&quot;,&quot;copyright&quot;:&quot;CAROGA&quot;,&quot;focal_length&quot;:&quot;0&quot;,&quot;iso&quot;:&quot;0&quot;,&quot;shutter_speed&quot;:&quot;0&quot;,&quot;title&quot;:&quot;&quot;}\" data-image-title=\"Perro_Malo_091\" data-image-description=\"\" data-image-caption=\"\" data-large-file=\"https:\/\/i0.wp.com\/kalot.com.mx\/site\/wp-content\/uploads\/2013\/10\/Perro_Malo_091.jpg?fit=885%2C575&amp;ssl=1\" class=\"alignnone size-full wp-image-3363\" alt=\"Perro_Malo_091\" src=\"https:\/\/i0.wp.com\/kalot.com.mx\/site\/wp-content\/uploads\/2013\/08\/juan-son.jpg?fit=510%2C338&#038;ssl=1\" width=\"510\" height=\"338\" \/><\/a> <a href=\"https:\/\/i0.wp.com\/www.kalot.com.mx\/wp-content\/uploads\/2013\/10\/Perro_Malo_101.jpg\"><img loading=\"lazy\" decoding=\"async\" data-attachment-id=\"3364\" data-permalink=\"https:\/\/kalot.com.mx\/site\/2013\/10\/08\/y-si-vendemos-mas-lo-nacional-en-lugar-de-comprar-lo-extranjero\/perro_malo_101\/\" data-orig-file=\"https:\/\/i0.wp.com\/kalot.com.mx\/site\/wp-content\/uploads\/2013\/10\/Perro_Malo_101.jpg?fit=885%2C575&amp;ssl=1\" data-orig-size=\"885,575\" data-comments-opened=\"1\" data-image-meta=\"{&quot;aperture&quot;:&quot;0&quot;,&quot;credit&quot;:&quot;&quot;,&quot;camera&quot;:&quot;&quot;,&quot;caption&quot;:&quot;&quot;,&quot;created_timestamp&quot;:&quot;0&quot;,&quot;copyright&quot;:&quot;CAROGA&quot;,&quot;focal_length&quot;:&quot;0&quot;,&quot;iso&quot;:&quot;0&quot;,&quot;shutter_speed&quot;:&quot;0&quot;,&quot;title&quot;:&quot;&quot;}\" data-image-title=\"Perro_Malo_101\" data-image-description=\"\" data-image-caption=\"\" data-large-file=\"https:\/\/i0.wp.com\/kalot.com.mx\/site\/wp-content\/uploads\/2013\/10\/Perro_Malo_101.jpg?fit=885%2C575&amp;ssl=1\" class=\"alignnone size-full wp-image-3364\" alt=\"Perro_Malo_101\" src=\"https:\/\/i0.wp.com\/kalot.com.mx\/site\/wp-content\/uploads\/2013\/08\/juan-son.jpg?fit=510%2C338&#038;ssl=1\" width=\"510\" height=\"338\" \/><\/a> <a href=\"https:\/\/i0.wp.com\/www.kalot.com.mx\/wp-content\/uploads\/2013\/10\/Perro_Malo_121.jpg\"><img loading=\"lazy\" decoding=\"async\" data-attachment-id=\"3365\" data-permalink=\"https:\/\/kalot.com.mx\/site\/2013\/10\/08\/y-si-vendemos-mas-lo-nacional-en-lugar-de-comprar-lo-extranjero\/perro_malo_121\/\" data-orig-file=\"https:\/\/i0.wp.com\/kalot.com.mx\/site\/wp-content\/uploads\/2013\/10\/Perro_Malo_121.jpg?fit=885%2C575&amp;ssl=1\" data-orig-size=\"885,575\" data-comments-opened=\"1\" data-image-meta=\"{&quot;aperture&quot;:&quot;0&quot;,&quot;credit&quot;:&quot;&quot;,&quot;camera&quot;:&quot;&quot;,&quot;caption&quot;:&quot;&quot;,&quot;created_timestamp&quot;:&quot;0&quot;,&quot;copyright&quot;:&quot;CAROGA&quot;,&quot;focal_length&quot;:&quot;0&quot;,&quot;iso&quot;:&quot;0&quot;,&quot;shutter_speed&quot;:&quot;0&quot;,&quot;title&quot;:&quot;&quot;}\" data-image-title=\"Perro_Malo_121\" data-image-description=\"\" data-image-caption=\"\" data-large-file=\"https:\/\/i0.wp.com\/kalot.com.mx\/site\/wp-content\/uploads\/2013\/10\/Perro_Malo_121.jpg?fit=885%2C575&amp;ssl=1\" class=\"alignnone size-full wp-image-3365\" alt=\"Perro_Malo_121\" src=\"https:\/\/i0.wp.com\/kalot.com.mx\/site\/wp-content\/uploads\/2013\/08\/juan-son.jpg?fit=510%2C338&#038;ssl=1\" width=\"510\" height=\"338\" \/><\/a> <a href=\"https:\/\/i0.wp.com\/www.kalot.com.mx\/wp-content\/uploads\/2013\/10\/Perro_Malo_0131.jpg\"><img loading=\"lazy\" decoding=\"async\" data-attachment-id=\"3366\" data-permalink=\"https:\/\/kalot.com.mx\/site\/2013\/10\/08\/y-si-vendemos-mas-lo-nacional-en-lugar-de-comprar-lo-extranjero\/perro_malo_0131\/\" data-orig-file=\"https:\/\/i0.wp.com\/kalot.com.mx\/site\/wp-content\/uploads\/2013\/10\/Perro_Malo_0131.jpg?fit=885%2C575&amp;ssl=1\" data-orig-size=\"885,575\" data-comments-opened=\"1\" data-image-meta=\"{&quot;aperture&quot;:&quot;0&quot;,&quot;credit&quot;:&quot;&quot;,&quot;camera&quot;:&quot;&quot;,&quot;caption&quot;:&quot;&quot;,&quot;created_timestamp&quot;:&quot;0&quot;,&quot;copyright&quot;:&quot;CAROGA&quot;,&quot;focal_length&quot;:&quot;0&quot;,&quot;iso&quot;:&quot;0&quot;,&quot;shutter_speed&quot;:&quot;0&quot;,&quot;title&quot;:&quot;&quot;}\" data-image-title=\"Perro_Malo_0131\" data-image-description=\"\" data-image-caption=\"\" data-large-file=\"https:\/\/i0.wp.com\/kalot.com.mx\/site\/wp-content\/uploads\/2013\/10\/Perro_Malo_0131.jpg?fit=885%2C575&amp;ssl=1\" class=\"alignnone size-full wp-image-3366\" alt=\"Perro_Malo_0131\" src=\"https:\/\/i0.wp.com\/kalot.com.mx\/site\/wp-content\/uploads\/2013\/08\/juan-son.jpg?fit=510%2C338&#038;ssl=1\" width=\"510\" height=\"338\" \/><\/a> <a href=\"https:\/\/i0.wp.com\/www.kalot.com.mx\/wp-content\/uploads\/2013\/10\/Perro_Malo011.jpg\"><img loading=\"lazy\" decoding=\"async\" data-attachment-id=\"3367\" data-permalink=\"https:\/\/kalot.com.mx\/site\/2013\/10\/08\/y-si-vendemos-mas-lo-nacional-en-lugar-de-comprar-lo-extranjero\/perro_malo011\/\" data-orig-file=\"https:\/\/i0.wp.com\/kalot.com.mx\/site\/wp-content\/uploads\/2013\/10\/Perro_Malo011.jpg?fit=885%2C575&amp;ssl=1\" data-orig-size=\"885,575\" data-comments-opened=\"1\" data-image-meta=\"{&quot;aperture&quot;:&quot;0&quot;,&quot;credit&quot;:&quot;&quot;,&quot;camera&quot;:&quot;&quot;,&quot;caption&quot;:&quot;&quot;,&quot;created_timestamp&quot;:&quot;0&quot;,&quot;copyright&quot;:&quot;CAROGA&quot;,&quot;focal_length&quot;:&quot;0&quot;,&quot;iso&quot;:&quot;0&quot;,&quot;shutter_speed&quot;:&quot;0&quot;,&quot;title&quot;:&quot;&quot;}\" data-image-title=\"Perro_Malo011\" data-image-description=\"\" data-image-caption=\"\" data-large-file=\"https:\/\/i0.wp.com\/kalot.com.mx\/site\/wp-content\/uploads\/2013\/10\/Perro_Malo011.jpg?fit=885%2C575&amp;ssl=1\" class=\"alignnone size-full wp-image-3367\" alt=\"Perro_Malo011\" src=\"https:\/\/i0.wp.com\/kalot.com.mx\/site\/wp-content\/uploads\/2013\/08\/juan-son.jpg?fit=510%2C338&#038;ssl=1\" width=\"510\" height=\"338\" \/><\/a> <a href=\"https:\/\/i0.wp.com\/www.kalot.com.mx\/wp-content\/uploads\/2013\/10\/PerroMalo_021.jpg\"><img loading=\"lazy\" decoding=\"async\" data-attachment-id=\"3368\" data-permalink=\"https:\/\/kalot.com.mx\/site\/2013\/10\/08\/y-si-vendemos-mas-lo-nacional-en-lugar-de-comprar-lo-extranjero\/perromalo_021\/\" data-orig-file=\"https:\/\/i0.wp.com\/kalot.com.mx\/site\/wp-content\/uploads\/2013\/10\/PerroMalo_021.jpg?fit=885%2C575&amp;ssl=1\" data-orig-size=\"885,575\" data-comments-opened=\"1\" data-image-meta=\"{&quot;aperture&quot;:&quot;0&quot;,&quot;credit&quot;:&quot;&quot;,&quot;camera&quot;:&quot;&quot;,&quot;caption&quot;:&quot;&quot;,&quot;created_timestamp&quot;:&quot;0&quot;,&quot;copyright&quot;:&quot;CAROGA&quot;,&quot;focal_length&quot;:&quot;0&quot;,&quot;iso&quot;:&quot;0&quot;,&quot;shutter_speed&quot;:&quot;0&quot;,&quot;title&quot;:&quot;&quot;}\" data-image-title=\"PerroMalo_021\" data-image-description=\"\" data-image-caption=\"\" data-large-file=\"https:\/\/i0.wp.com\/kalot.com.mx\/site\/wp-content\/uploads\/2013\/10\/PerroMalo_021.jpg?fit=885%2C575&amp;ssl=1\" class=\"alignnone size-full wp-image-3368\" alt=\"PerroMalo_021\" src=\"https:\/\/i0.wp.com\/kalot.com.mx\/site\/wp-content\/uploads\/2013\/08\/juan-son.jpg?fit=510%2C338&#038;ssl=1\" width=\"510\" height=\"338\" \/><\/a> <a href=\"https:\/\/i0.wp.com\/www.kalot.com.mx\/wp-content\/uploads\/2013\/10\/PerroMalo_052.jpg\"><img loading=\"lazy\" decoding=\"async\" data-attachment-id=\"3369\" data-permalink=\"https:\/\/kalot.com.mx\/site\/2013\/10\/08\/y-si-vendemos-mas-lo-nacional-en-lugar-de-comprar-lo-extranjero\/perromalo_052\/\" data-orig-file=\"https:\/\/i0.wp.com\/kalot.com.mx\/site\/wp-content\/uploads\/2013\/10\/PerroMalo_052.jpg?fit=885%2C525&amp;ssl=1\" data-orig-size=\"885,525\" data-comments-opened=\"1\" data-image-meta=\"{&quot;aperture&quot;:&quot;0&quot;,&quot;credit&quot;:&quot;&quot;,&quot;camera&quot;:&quot;&quot;,&quot;caption&quot;:&quot;&quot;,&quot;created_timestamp&quot;:&quot;0&quot;,&quot;copyright&quot;:&quot;CAROGA&quot;,&quot;focal_length&quot;:&quot;0&quot;,&quot;iso&quot;:&quot;0&quot;,&quot;shutter_speed&quot;:&quot;0&quot;,&quot;title&quot;:&quot;&quot;}\" data-image-title=\"PerroMalo_052\" data-image-description=\"\" data-image-caption=\"\" data-large-file=\"https:\/\/i0.wp.com\/kalot.com.mx\/site\/wp-content\/uploads\/2013\/10\/PerroMalo_052.jpg?fit=885%2C525&amp;ssl=1\" class=\"alignnone size-full wp-image-3369\" alt=\"PerroMalo_052\" src=\"https:\/\/i0.wp.com\/kalot.com.mx\/site\/wp-content\/uploads\/2013\/08\/juan-son.jpg?fit=510%2C338&#038;ssl=1\" width=\"510\" height=\"338\" \/><\/a><\/p>\n<p style=\"text-align: justify;\">El dise\u00f1o de identidad, etiqueta y empaque fue realizado por Estudio Futura, un estudio de dise\u00f1o independiente de Monterrey, N.L (Si quieren ver m\u00e1s trabajos de este estudio les comparto su p\u00e1gina web <a href=\"http:\/\/mfutura.mx\">Mfutura<\/a>), que nos demuestra que tambi\u00e9n lo nacional se puede comercializar trasmitiendo un valor agregado al producto. Todo est\u00e1 en saber c\u00f3mo vender.<\/p>\n<p style=\"text-align: justify;\">Nos leemos pronto.<\/p>\n","protected":false},"excerpt":{"rendered":"En muchas ocasiones me he encontrado con gente que dice que los productos mexicanos no son tan buenos&hellip;\n","protected":false},"author":7,"featured_media":3360,"comment_status":"open","ping_status":"open","sticky":false,"template":"","format":"standard","meta":{"jetpack_post_was_ever_published":false,"_jetpack_newsletter_access":"","_jetpack_dont_email_post_to_subs":false,"_jetpack_newsletter_tier_id":0,"_jetpack_memberships_contains_paywalled_content":false,"_jetpack_memberships_contains_paid_content":false,"footnotes":"","jetpack_publicize_message":"\u00bfY si vendemos m\u00e1s nacional, en lugar de comprar lo extranjero?  #Marketing #Dise\u00f1o @mfutura","jetpack_publicize_feature_enabled":true,"jetpack_social_post_already_shared":true,"jetpack_social_options":{"image_generator_settings":{"template":"highway","default_image_id":0,"font":"","enabled":false},"version":2}},"categories":[1],"tags":[],"class_list":{"0":"post-3357","1":"post","2":"type-post","3":"status-publish","4":"format-standard","5":"has-post-thumbnail","7":"category-sin-categoria","8":"cs-entry","9":"cs-video-wrap"},"yoast_head":"<!-- This site is optimized with the Yoast SEO plugin v27.5 - https:\/\/yoast.com\/product\/yoast-seo-wordpress\/ -->\n<title>\u00bfY si vendemos m\u00e1s lo nacional, en lugar de comprar lo extranjero? - Kalot<\/title>\n<meta name=\"description\" content=\"En muchas ocasiones me he encontrado con gente que dice que los productos mexicanos no son tan buenos como los que venden en el extranjero; con la llegada\" \/>\n<meta name=\"robots\" content=\"index, follow, max-snippet:-1, max-image-preview:large, max-video-preview:-1\" \/>\n<link rel=\"canonical\" href=\"https:\/\/kalot.com.mx\/site\/2013\/10\/08\/y-si-vendemos-mas-lo-nacional-en-lugar-de-comprar-lo-extranjero\/\" \/>\n<meta property=\"og:locale\" content=\"es_MX\" \/>\n<meta property=\"og:type\" content=\"article\" \/>\n<meta property=\"og:title\" content=\"\u00bfY si vendemos m\u00e1s lo nacional, en lugar de comprar lo extranjero? - Kalot\" \/>\n<meta property=\"og:description\" content=\"En muchas ocasiones me he encontrado con gente que dice que los productos mexicanos no son tan buenos como los que venden en el extranjero; con la llegada\" \/>\n<meta property=\"og:url\" content=\"https:\/\/kalot.com.mx\/site\/2013\/10\/08\/y-si-vendemos-mas-lo-nacional-en-lugar-de-comprar-lo-extranjero\/\" \/>\n<meta property=\"og:site_name\" content=\"Kalot\" \/>\n<meta property=\"article:publisher\" content=\"http:\/\/facebook.com\/mxkalot\" \/>\n<meta property=\"article:author\" content=\"https:\/\/www.facebook.com\/edgar.villanueva.rdz\" \/>\n<meta property=\"article:published_time\" content=\"2013-10-09T01:00:14+00:00\" \/>\n<meta property=\"article:modified_time\" content=\"2017-12-20T15:25:42+00:00\" \/>\n<meta property=\"og:image\" content=\"https:\/\/i1.wp.com\/kalot.com.mx\/site\/wp-content\/uploads\/2013\/10\/Perro_Malo_061.jpg?fit=885%2C575&ssl=1\" \/>\n\t<meta property=\"og:image:width\" content=\"885\" \/>\n\t<meta property=\"og:image:height\" content=\"575\" \/>\n\t<meta property=\"og:image:type\" content=\"image\/jpeg\" \/>\n<meta name=\"author\" content=\"Edgar Villanueva\" \/>\n<meta name=\"twitter:card\" content=\"summary_large_image\" \/>\n<meta name=\"twitter:creator\" content=\"@VRedgarIvan\" \/>\n<meta name=\"twitter:site\" content=\"@kalotmx\" \/>\n<meta name=\"twitter:label1\" content=\"Escrito por\" \/>\n\t<meta name=\"twitter:data1\" content=\"Edgar Villanueva\" \/>\n\t<meta name=\"twitter:label2\" content=\"Tiempo de lectura\" \/>\n\t<meta name=\"twitter:data2\" content=\"3 minutos\" \/>\n<!-- \/ Yoast SEO plugin. -->","yoast_head_json":{"title":"\u00bfY si vendemos m\u00e1s lo nacional, en lugar de comprar lo extranjero? - Kalot","description":"En muchas ocasiones me he encontrado con gente que dice que los productos mexicanos no son tan buenos como los que venden en el extranjero; con la llegada","robots":{"index":"index","follow":"follow","max-snippet":"max-snippet:-1","max-image-preview":"max-image-preview:large","max-video-preview":"max-video-preview:-1"},"canonical":"https:\/\/kalot.com.mx\/site\/2013\/10\/08\/y-si-vendemos-mas-lo-nacional-en-lugar-de-comprar-lo-extranjero\/","og_locale":"es_MX","og_type":"article","og_title":"\u00bfY si vendemos m\u00e1s lo nacional, en lugar de comprar lo extranjero? - Kalot","og_description":"En muchas ocasiones me he encontrado con gente que dice que los productos mexicanos no son tan buenos como los que venden en el extranjero; con la llegada","og_url":"https:\/\/kalot.com.mx\/site\/2013\/10\/08\/y-si-vendemos-mas-lo-nacional-en-lugar-de-comprar-lo-extranjero\/","og_site_name":"Kalot","article_publisher":"http:\/\/facebook.com\/mxkalot","article_author":"https:\/\/www.facebook.com\/edgar.villanueva.rdz","article_published_time":"2013-10-09T01:00:14+00:00","article_modified_time":"2017-12-20T15:25:42+00:00","og_image":[{"width":885,"height":575,"url":"https:\/\/i1.wp.com\/kalot.com.mx\/site\/wp-content\/uploads\/2013\/10\/Perro_Malo_061.jpg?fit=885%2C575&ssl=1","type":"image\/jpeg"}],"author":"Edgar Villanueva","twitter_card":"summary_large_image","twitter_creator":"@VRedgarIvan","twitter_site":"@kalotmx","twitter_misc":{"Escrito por":"Edgar Villanueva","Tiempo de lectura":"3 minutos"},"schema":{"@context":"https:\/\/schema.org","@graph":[{"@type":"Article","@id":"https:\/\/kalot.com.mx\/site\/2013\/10\/08\/y-si-vendemos-mas-lo-nacional-en-lugar-de-comprar-lo-extranjero\/#article","isPartOf":{"@id":"https:\/\/kalot.com.mx\/site\/2013\/10\/08\/y-si-vendemos-mas-lo-nacional-en-lugar-de-comprar-lo-extranjero\/"},"author":{"name":"Edgar Villanueva","@id":"https:\/\/kalot.com.mx\/site\/#\/schema\/person\/2a950859b779871682d568e483d6daf1"},"headline":"\u00bfY si vendemos m\u00e1s lo nacional, en lugar de comprar lo extranjero?","datePublished":"2013-10-09T01:00:14+00:00","dateModified":"2017-12-20T15:25:42+00:00","mainEntityOfPage":{"@id":"https:\/\/kalot.com.mx\/site\/2013\/10\/08\/y-si-vendemos-mas-lo-nacional-en-lugar-de-comprar-lo-extranjero\/"},"wordCount":699,"commentCount":0,"publisher":{"@id":"https:\/\/kalot.com.mx\/site\/#organization"},"image":{"@id":"https:\/\/kalot.com.mx\/site\/2013\/10\/08\/y-si-vendemos-mas-lo-nacional-en-lugar-de-comprar-lo-extranjero\/#primaryimage"},"thumbnailUrl":"https:\/\/i0.wp.com\/kalot.com.mx\/site\/wp-content\/uploads\/2013\/10\/Perro_Malo_061.jpg?fit=885%2C575&ssl=1","inLanguage":"es","potentialAction":[{"@type":"CommentAction","name":"Comment","target":["https:\/\/kalot.com.mx\/site\/2013\/10\/08\/y-si-vendemos-mas-lo-nacional-en-lugar-de-comprar-lo-extranjero\/#respond"]}]},{"@type":"WebPage","@id":"https:\/\/kalot.com.mx\/site\/2013\/10\/08\/y-si-vendemos-mas-lo-nacional-en-lugar-de-comprar-lo-extranjero\/","url":"https:\/\/kalot.com.mx\/site\/2013\/10\/08\/y-si-vendemos-mas-lo-nacional-en-lugar-de-comprar-lo-extranjero\/","name":"\u00bfY si vendemos m\u00e1s lo nacional, en lugar de comprar lo extranjero? - Kalot","isPartOf":{"@id":"https:\/\/kalot.com.mx\/site\/#website"},"primaryImageOfPage":{"@id":"https:\/\/kalot.com.mx\/site\/2013\/10\/08\/y-si-vendemos-mas-lo-nacional-en-lugar-de-comprar-lo-extranjero\/#primaryimage"},"image":{"@id":"https:\/\/kalot.com.mx\/site\/2013\/10\/08\/y-si-vendemos-mas-lo-nacional-en-lugar-de-comprar-lo-extranjero\/#primaryimage"},"thumbnailUrl":"https:\/\/i0.wp.com\/kalot.com.mx\/site\/wp-content\/uploads\/2013\/10\/Perro_Malo_061.jpg?fit=885%2C575&ssl=1","datePublished":"2013-10-09T01:00:14+00:00","dateModified":"2017-12-20T15:25:42+00:00","description":"En muchas ocasiones me he encontrado con gente que dice que los productos mexicanos no son tan buenos como los que venden en el extranjero; con la llegada","breadcrumb":{"@id":"https:\/\/kalot.com.mx\/site\/2013\/10\/08\/y-si-vendemos-mas-lo-nacional-en-lugar-de-comprar-lo-extranjero\/#breadcrumb"},"inLanguage":"es","potentialAction":[{"@type":"ReadAction","target":["https:\/\/kalot.com.mx\/site\/2013\/10\/08\/y-si-vendemos-mas-lo-nacional-en-lugar-de-comprar-lo-extranjero\/"]}]},{"@type":"ImageObject","inLanguage":"es","@id":"https:\/\/kalot.com.mx\/site\/2013\/10\/08\/y-si-vendemos-mas-lo-nacional-en-lugar-de-comprar-lo-extranjero\/#primaryimage","url":"https:\/\/i0.wp.com\/kalot.com.mx\/site\/wp-content\/uploads\/2013\/10\/Perro_Malo_061.jpg?fit=885%2C575&ssl=1","contentUrl":"https:\/\/i0.wp.com\/kalot.com.mx\/site\/wp-content\/uploads\/2013\/10\/Perro_Malo_061.jpg?fit=885%2C575&ssl=1","width":885,"height":575},{"@type":"BreadcrumbList","@id":"https:\/\/kalot.com.mx\/site\/2013\/10\/08\/y-si-vendemos-mas-lo-nacional-en-lugar-de-comprar-lo-extranjero\/#breadcrumb","itemListElement":[{"@type":"ListItem","position":1,"name":"Home","item":"https:\/\/kalot.com.mx\/site\/"},{"@type":"ListItem","position":2,"name":"\u00bfY si vendemos m\u00e1s lo nacional, en lugar de comprar lo extranjero?"}]},{"@type":"WebSite","@id":"https:\/\/kalot.com.mx\/site\/#website","url":"https:\/\/kalot.com.mx\/site\/","name":"Kalot","description":"Conoce Todo Sobre Todo","publisher":{"@id":"https:\/\/kalot.com.mx\/site\/#organization"},"potentialAction":[{"@type":"SearchAction","target":{"@type":"EntryPoint","urlTemplate":"https:\/\/kalot.com.mx\/site\/?s={search_term_string}"},"query-input":{"@type":"PropertyValueSpecification","valueRequired":true,"valueName":"search_term_string"}}],"inLanguage":"es"},{"@type":"Organization","@id":"https:\/\/kalot.com.mx\/site\/#organization","name":"Kalot","url":"https:\/\/kalot.com.mx\/site\/","logo":{"@type":"ImageObject","inLanguage":"es","@id":"https:\/\/kalot.com.mx\/site\/#\/schema\/logo\/image\/","url":"https:\/\/i0.wp.com\/kalot.com.mx\/site\/wp-content\/uploads\/2020\/04\/Kalot-logo-sin-tagline.png?fit=1707%2C1014&ssl=1","contentUrl":"https:\/\/i0.wp.com\/kalot.com.mx\/site\/wp-content\/uploads\/2020\/04\/Kalot-logo-sin-tagline.png?fit=1707%2C1014&ssl=1","width":1707,"height":1014,"caption":"Kalot"},"image":{"@id":"https:\/\/kalot.com.mx\/site\/#\/schema\/logo\/image\/"},"sameAs":["http:\/\/facebook.com\/mxkalot","https:\/\/x.com\/kalotmx","http:\/\/instagram.com\/kalotmx","http:\/\/pinterest.com\/jorgeerana\/kalot"]},{"@type":"Person","@id":"https:\/\/kalot.com.mx\/site\/#\/schema\/person\/2a950859b779871682d568e483d6daf1","name":"Edgar Villanueva","image":{"@type":"ImageObject","inLanguage":"es","@id":"https:\/\/secure.gravatar.com\/avatar\/63550c9e1cbf01c9670d3ff383179c0fbffa30342fc5d8f1967132498e9add09?s=96&d=mm&r=g","url":"https:\/\/secure.gravatar.com\/avatar\/63550c9e1cbf01c9670d3ff383179c0fbffa30342fc5d8f1967132498e9add09?s=96&d=mm&r=g","contentUrl":"https:\/\/secure.gravatar.com\/avatar\/63550c9e1cbf01c9670d3ff383179c0fbffa30342fc5d8f1967132498e9add09?s=96&d=mm&r=g","caption":"Edgar Villanueva"},"description":"Estudiante de Mercadotecnia Internacional en la UPSLP La m\u00fasica, la lectura y la mercadotecnia son las pasiones que marcan mis d\u00edas.","sameAs":["https:\/\/www.facebook.com\/edgar.villanueva.rdz","https:\/\/x.com\/VRedgarIvan"],"url":"https:\/\/kalot.com.mx\/site\/author\/edgarivan\/"}]}},"jetpack_publicize_connections":[],"jetpack_featured_media_url":"https:\/\/i0.wp.com\/kalot.com.mx\/site\/wp-content\/uploads\/2013\/10\/Perro_Malo_061.jpg?fit=885%2C575&ssl=1","jetpack_shortlink":"https:\/\/wp.me\/p6IHEI-S9","jetpack-related-posts":[{"id":11874,"url":"https:\/\/kalot.com.mx\/site\/2014\/02\/17\/yamaha-la-musica-es-para-todos\/","url_meta":{"origin":3357,"position":0},"title":"YAMAHA: La m\u00fasica es para todos","author":"Edgar Villanueva","date":"17 febrero, 2014","format":false,"excerpt":"Navegando por internet me top\u00e9 con este agradable comercial de la empresa YAMAHA que tiene un gran reto al comercializar \u00a0sus productos diversificados; en este caso hablo de la serie b de su l\u00ednea de pianos.\u00a0Normalmente se le reconoce a la marca por alguno de sus productos\u00a0 pero muchos desconocen\u2026","rel":"","context":"Entrada similar ","block_context":{"text":"Entrada similar ","link":""},"img":{"alt_text":"","src":"https:\/\/i0.wp.com\/kalot.com.mx\/site\/wp-content\/uploads\/2014\/02\/Yamaha-b-series-Master01-620x341.jpg?fit=620%2C341&ssl=1&resize=350%2C200","width":350,"height":200,"srcset":"https:\/\/i0.wp.com\/kalot.com.mx\/site\/wp-content\/uploads\/2014\/02\/Yamaha-b-series-Master01-620x341.jpg?fit=620%2C341&ssl=1&resize=350%2C200 1x, https:\/\/i0.wp.com\/kalot.com.mx\/site\/wp-content\/uploads\/2014\/02\/Yamaha-b-series-Master01-620x341.jpg?fit=620%2C341&ssl=1&resize=525%2C300 1.5x"},"classes":[]},{"id":5063,"url":"https:\/\/kalot.com.mx\/site\/2013\/10\/28\/sitio-del-dia-super-pyme\/","url_meta":{"origin":3357,"position":1},"title":"Sitio del d\u00eda: S\u00faper PyME","author":"Samuel Arriaga","date":"28 octubre, 2013","format":false,"excerpt":"Si eres una PYME y quieres promocionar tus productos o servicios, esta pagina puede ayudarte a realizarlo. Las peque\u00f1as y medianas empresas (PYMES) tienen una gran importancia en la econom\u00eda, en el empleo a nivel nacional y regional, tanto en los pa\u00edses industrializados como en los de menor grado de\u2026","rel":"","context":"Entrada similar ","block_context":{"text":"Entrada similar ","link":""},"img":{"alt_text":"","src":"https:\/\/i0.wp.com\/kalot.com.mx\/site\/wp-content\/uploads\/2013\/10\/Imagen1.jpg?fit=1200%2C341&ssl=1&resize=350%2C200","width":350,"height":200,"srcset":"https:\/\/i0.wp.com\/kalot.com.mx\/site\/wp-content\/uploads\/2013\/10\/Imagen1.jpg?fit=1200%2C341&ssl=1&resize=350%2C200 1x, https:\/\/i0.wp.com\/kalot.com.mx\/site\/wp-content\/uploads\/2013\/10\/Imagen1.jpg?fit=1200%2C341&ssl=1&resize=525%2C300 1.5x, https:\/\/i0.wp.com\/kalot.com.mx\/site\/wp-content\/uploads\/2013\/10\/Imagen1.jpg?fit=1200%2C341&ssl=1&resize=700%2C400 2x, https:\/\/i0.wp.com\/kalot.com.mx\/site\/wp-content\/uploads\/2013\/10\/Imagen1.jpg?fit=1200%2C341&ssl=1&resize=1050%2C600 3x"},"classes":[]},{"id":13639,"url":"https:\/\/kalot.com.mx\/site\/2014\/03\/19\/chocolates-costanzo-simbolo-de-calidad-potosina\/","url_meta":{"origin":3357,"position":2},"title":"Chocolates Costanzo, s\u00edmbolo de calidad potosina.","author":"HM_MKT007","date":"19 marzo, 2014","format":false,"excerpt":"Conoce un poco sobre los Chocolates Costanzo, originarios de San Luis Potos\u00ed. Est\u00e1 marca de chocolates tiene en el mercado m\u00e1s de 86 a\u00f1os y sigue vigente, creciendo de manera muy positiva para la empresa, algo que todos pueden notar de primera mano. Para muchos, es una marca que los\u2026","rel":"","context":"En &quot;Novedades&quot;","block_context":{"text":"Novedades","link":"https:\/\/kalot.com.mx\/site\/category\/novedades\/"},"img":{"alt_text":"","src":"https:\/\/i0.wp.com\/kalot.com.mx\/site\/wp-content\/uploads\/2014\/03\/chocolates-Costanzo.jpg?fit=640%2C424&ssl=1&resize=350%2C200","width":350,"height":200,"srcset":"https:\/\/i0.wp.com\/kalot.com.mx\/site\/wp-content\/uploads\/2014\/03\/chocolates-Costanzo.jpg?fit=640%2C424&ssl=1&resize=350%2C200 1x, https:\/\/i0.wp.com\/kalot.com.mx\/site\/wp-content\/uploads\/2014\/03\/chocolates-Costanzo.jpg?fit=640%2C424&ssl=1&resize=525%2C300 1.5x"},"classes":[]},{"id":10320,"url":"https:\/\/kalot.com.mx\/site\/2014\/01\/25\/axe-las-buenas-intenciones-son-mas-faciles-de-recordar\/","url_meta":{"origin":3357,"position":3},"title":"AXE:  Las buenas intenciones son m\u00e1s f\u00e1ciles de recordar","author":"Edgar Villanueva","date":"25 enero, 2014","format":false,"excerpt":"Una de las marcas del ejercito Unilever que m\u00e1s impacto tienen es AXE, ya que se caracteriza por manejar una comunicaci\u00f3n clara y bien dirigida a su mercado meta. En esta ocasi\u00f3n la firma dedicada a la comercializaci\u00f3n de productos para el cuidado personal masculino, cambi\u00f3 su l\u00ednea de comunicaci\u00f3n\u2026","rel":"","context":"En &quot;Sin categor\u00eda&quot;","block_context":{"text":"Sin categor\u00eda","link":"https:\/\/kalot.com.mx\/site\/category\/sin-categoria\/"},"img":{"alt_text":"","src":"https:\/\/i0.wp.com\/kalot.com.mx\/site\/wp-content\/uploads\/2014\/01\/hqdefault2.jpg?fit=480%2C360&ssl=1&resize=350%2C200","width":350,"height":200},"classes":[]},{"id":18255,"url":"https:\/\/kalot.com.mx\/site\/2014\/09\/22\/que-es-el-arbol-del-te\/","url_meta":{"origin":3357,"position":4},"title":"\u00bfQu\u00e9 es el \u00c1rbol del T\u00e9?","author":"Adrian Aldana","date":"22 septiembre, 2014","format":false,"excerpt":"Hola a todos, excelente inicio de semana en esa ocasi\u00f3n queremos tocar otro punto relativo al cuidado de la piel y de un producto que est\u00e1 tomando tambi\u00e9n bastante popularidad en algunas tiendas o productos que incluyen este ingrediente. Esta vez le toca el turno a: \"El \u00c1rbol del T\u00e9\"\u2026","rel":"","context":"Entrada similar ","block_context":{"text":"Entrada similar ","link":""},"img":{"alt_text":"arbol-te","src":"https:\/\/i0.wp.com\/www.kalot.com.mx\/wp-content\/uploads\/2014\/09\/arbol-te.jpg?resize=350%2C200","width":350,"height":200},"classes":[]},{"id":14734,"url":"https:\/\/kalot.com.mx\/site\/2014\/04\/10\/por-que-el-personaje-en-la-caja-de-cereal-siempre-mira-hacia-abajo-marketing\/","url_meta":{"origin":3357,"position":5},"title":"\u00bfPor qu\u00e9 el personaje en la caja de cereal siempre mira hacia abajo? #Marketing","author":"Carlos Ru\u00edz Mtz","date":"10 abril, 2014","format":false,"excerpt":"\u00bfAlguna vez se han percatado que los personajes en las cajas de cereal (y otros productos infantiles) normalmente miran hacia abajo? La Universidad de Cornell, en los EE.UU. llev\u00f3 a cabo un estudio para medir la relaci\u00f3n de los personajes que aparecen en las envolturas con el consumidor final y\u2026","rel":"","context":"En &quot;Sin categor\u00eda&quot;","block_context":{"text":"Sin categor\u00eda","link":"https:\/\/kalot.com.mx\/site\/category\/sin-categoria\/"},"img":{"alt_text":"","src":"https:\/\/i0.wp.com\/kalot.com.mx\/site\/wp-content\/uploads\/2014\/04\/Frosted-Flakes-710x267.jpg?fit=710%2C267&ssl=1&resize=350%2C200","width":350,"height":200,"srcset":"https:\/\/i0.wp.com\/kalot.com.mx\/site\/wp-content\/uploads\/2014\/04\/Frosted-Flakes-710x267.jpg?fit=710%2C267&ssl=1&resize=350%2C200 1x, https:\/\/i0.wp.com\/kalot.com.mx\/site\/wp-content\/uploads\/2014\/04\/Frosted-Flakes-710x267.jpg?fit=710%2C267&ssl=1&resize=525%2C300 1.5x, https:\/\/i0.wp.com\/kalot.com.mx\/site\/wp-content\/uploads\/2014\/04\/Frosted-Flakes-710x267.jpg?fit=710%2C267&ssl=1&resize=700%2C400 2x"},"classes":[]}],"jetpack_sharing_enabled":true,"_links":{"self":[{"href":"https:\/\/kalot.com.mx\/site\/wp-json\/wp\/v2\/posts\/3357","targetHints":{"allow":["GET"]}}],"collection":[{"href":"https:\/\/kalot.com.mx\/site\/wp-json\/wp\/v2\/posts"}],"about":[{"href":"https:\/\/kalot.com.mx\/site\/wp-json\/wp\/v2\/types\/post"}],"author":[{"embeddable":true,"href":"https:\/\/kalot.com.mx\/site\/wp-json\/wp\/v2\/users\/7"}],"replies":[{"embeddable":true,"href":"https:\/\/kalot.com.mx\/site\/wp-json\/wp\/v2\/comments?post=3357"}],"version-history":[{"count":1,"href":"https:\/\/kalot.com.mx\/site\/wp-json\/wp\/v2\/posts\/3357\/revisions"}],"predecessor-version":[{"id":28150,"href":"https:\/\/kalot.com.mx\/site\/wp-json\/wp\/v2\/posts\/3357\/revisions\/28150"}],"wp:featuredmedia":[{"embeddable":true,"href":"https:\/\/kalot.com.mx\/site\/wp-json\/wp\/v2\/media\/3360"}],"wp:attachment":[{"href":"https:\/\/kalot.com.mx\/site\/wp-json\/wp\/v2\/media?parent=3357"}],"wp:term":[{"taxonomy":"category","embeddable":true,"href":"https:\/\/kalot.com.mx\/site\/wp-json\/wp\/v2\/categories?post=3357"},{"taxonomy":"post_tag","embeddable":true,"href":"https:\/\/kalot.com.mx\/site\/wp-json\/wp\/v2\/tags?post=3357"}],"curies":[{"name":"wp","href":"https:\/\/api.w.org\/{rel}","templated":true}]}}