{"id":3023,"date":"2013-10-03T17:00:14","date_gmt":"2013-10-03T22:00:14","guid":{"rendered":"http:\/\/www.kalot.com.mx\/?p=3023"},"modified":"2013-10-04T23:24:54","modified_gmt":"2013-10-05T04:24:54","slug":"si-tu-negocio-quieres-empezar-con-un-arbol-lo-debes-de-comparar","status":"publish","type":"post","link":"https:\/\/kalot.com.mx\/site\/2013\/10\/03\/si-tu-negocio-quieres-empezar-con-un-arbol-lo-debes-de-comparar\/","title":{"rendered":"Si tu negocio quieres empezar, con un \u00e1rbol lo debes de comparar"},"content":{"rendered":"<div style=\"text-align: justify;\">\u00bfQui\u00e9n no ha pensado en emprender un proyecto, sea de negocios, o bien publicitario o de cualquier otra \u00edndole? Considero que muchos (por no atreverme a decir todos), pero en la mayor\u00eda de las ocasiones, solo pensamos en dos vertientes: El inter\u00e9s o la necesidad a cubrir dentro de mi mercado objetivo y en la rentabilidad del mismo. Pero existen otros factores de igual importancia, que no los consideramos y que, en conjunto, <strong>logran agregar valor al proyecto en su totalidad.<\/strong><\/div>\n<div style=\"text-align: justify;\"><\/div>\n<div style=\"text-align: justify;\"><strong>El agregar valor\u00a0<\/strong>va m\u00e1s all\u00e1 de distinguirnos de una competencia,\u00a0<strong>consiste en que, el recurso humano en el proyecto, aporte sus cualidades innatas en la ejecuci\u00f3n de sus labores, como voluntad, b\u00fasqueda de la mejora y libertad de decisi\u00f3n; y a la vez, el proyecto en si mismo, responda a los cambios con calidad, servicio y oportunidad, mediante la publicidad efectiva y creativa.\u00a0<\/strong><\/div>\n<div style=\"text-align: justify;\"><\/div>\n<div style=\"text-align: justify;\">Pero, \u00bfc\u00f3mo distinguir estos factores que permiten agregar valor en mi proyecto? Hagamos una comparaci\u00f3n sencilla de su proyecto con un \u00e1rbol. El \u00e1rbol tiene 4 componentes fundamentales:<\/div>\n<div style=\"text-align: justify;\"><\/div>\n<div style=\"text-align: justify;\"><strong>1) Las ra\u00edces:\u00a0<\/strong>Permiten al \u00e1rbol mantenerse con vida, pues es por donde absorben los nutrientes necesarios; en su proyecto, las ra\u00edces corresponden al recurso humano, y sus acciones en pro del funcionamiento de la empresa, tales como la generaci\u00f3n y aplicaci\u00f3n del conocimiento, toma de decisiones efectivas y la mejora de la organizaci\u00f3n.<\/div>\n<div style=\"text-align: justify;\"><strong>2) El tronco:<\/strong>\u00a0Es el cuerpo del \u00e1rbol, lo que lo mantiene erguido; en este caso, para su proyecto, son los dem\u00e1s recursos que permiten el funcionamiento constante de la organizaci\u00f3n, como los recursos materiales, tecnol\u00f3gicos, financieros y ambientales.<\/div>\n<div style=\"text-align: justify;\"><strong>3) Las ramas:\u00a0<\/strong>Podemos decir que las ramas son las extensiones de los \u00e1rboles o los troncos secundarios que, bajo ciertos efectos naturales, le dan forma a los \u00e1rboles; en el proyecto, son esas extensiones que dan forma al proyecto en s\u00ed, y con los que existe una relaci\u00f3n rec\u00edproca de beneficios mutuos, entre los que se encuentran: Colaboradores, proveedores, accionistas, clientes, gobierno y comunidad.<\/div>\n<div style=\"text-align: justify;\"><strong>4) La flor o el fruto: <\/strong>Finalmente, la flor o el fruto son todos los resultados que pueden obtenerse, tanto para el propio proyecto como para los dem\u00e1s, tales como ingresos, reinversi\u00f3n, cumplimiento de normas y leyes, satisfacci\u00f3n de necesidades, creaci\u00f3n de fuentes de empleo, entre otros.<\/div>\n<div style=\"text-align: justify;\"><\/div>\n<div style=\"text-align: justify;\">As\u00ed que mis estimados lectores, esta es una de las m\u00faltiples formas existentes para comenzar y planear un proyecto a emprender. S\u00f3lo tengan en mente que, independientemente del modelo a seguir, todo debe de ir enfocado a agregar valor.<\/div>\n<div style=\"text-align: justify;\"><\/div>\n<div style=\"text-align: justify;\">See ya.<\/div>\n","protected":false},"excerpt":{"rendered":"\u00bfQui\u00e9n no ha pensado en emprender un proyecto, sea de negocios, o bien publicitario o de cualquier otra&hellip;\n","protected":false},"author":25,"featured_media":3027,"comment_status":"open","ping_status":"open","sticky":false,"template":"","format":"standard","meta":{"jetpack_post_was_ever_published":false,"_jetpack_newsletter_access":"","_jetpack_dont_email_post_to_subs":false,"_jetpack_newsletter_tier_id":0,"_jetpack_memberships_contains_paywalled_content":false,"_jetpack_memberships_contains_paid_content":false,"footnotes":"","jetpack_publicize_message":"","jetpack_publicize_feature_enabled":true,"jetpack_social_post_already_shared":true,"jetpack_social_options":{"image_generator_settings":{"template":"highway","default_image_id":0,"font":"","enabled":false},"version":2}},"categories":[],"tags":[],"class_list":{"0":"post-3023","1":"post","2":"type-post","3":"status-publish","4":"format-standard","5":"has-post-thumbnail","7":"cs-entry","8":"cs-video-wrap"},"yoast_head":"<!-- This site is optimized with the Yoast SEO plugin v27.5 - https:\/\/yoast.com\/product\/yoast-seo-wordpress\/ -->\n<title>Si tu negocio quieres empezar, con un \u00e1rbol lo debes de comparar - Kalot<\/title>\n<meta name=\"description\" content=\"\u00bfQui\u00e9n no ha pensado en emprender un proyecto, sea de negocios, o bien publicitario o de cualquier otra \u00edndole? Considero que muchos (por no atreverme a\" \/>\n<meta name=\"robots\" content=\"index, follow, max-snippet:-1, max-image-preview:large, max-video-preview:-1\" \/>\n<link rel=\"canonical\" href=\"https:\/\/kalot.com.mx\/site\/2013\/10\/03\/si-tu-negocio-quieres-empezar-con-un-arbol-lo-debes-de-comparar\/\" \/>\n<meta property=\"og:locale\" content=\"es_MX\" \/>\n<meta property=\"og:type\" content=\"article\" \/>\n<meta property=\"og:title\" content=\"Si tu negocio quieres empezar, con un \u00e1rbol lo debes de comparar - Kalot\" \/>\n<meta property=\"og:description\" content=\"\u00bfQui\u00e9n no ha pensado en emprender un proyecto, sea de negocios, o bien publicitario o de cualquier otra \u00edndole? Considero que muchos (por no atreverme a\" \/>\n<meta property=\"og:url\" content=\"https:\/\/kalot.com.mx\/site\/2013\/10\/03\/si-tu-negocio-quieres-empezar-con-un-arbol-lo-debes-de-comparar\/\" \/>\n<meta property=\"og:site_name\" content=\"Kalot\" \/>\n<meta property=\"article:publisher\" content=\"http:\/\/facebook.com\/mxkalot\" \/>\n<meta property=\"article:published_time\" content=\"2013-10-03T22:00:14+00:00\" \/>\n<meta property=\"article:modified_time\" content=\"2013-10-05T04:24:54+00:00\" \/>\n<meta property=\"og:image\" content=\"https:\/\/i1.wp.com\/kalot.com.mx\/site\/wp-content\/uploads\/2013\/10\/arbol.gif?fit=635%2C639&ssl=1\" \/>\n\t<meta property=\"og:image:width\" content=\"635\" \/>\n\t<meta property=\"og:image:height\" content=\"639\" \/>\n\t<meta property=\"og:image:type\" content=\"image\/gif\" \/>\n<meta name=\"author\" content=\"Saul Alonso\" \/>\n<meta name=\"twitter:card\" content=\"summary_large_image\" \/>\n<meta name=\"twitter:creator\" content=\"@kalotmx\" \/>\n<meta name=\"twitter:site\" content=\"@kalotmx\" \/>\n<meta name=\"twitter:label1\" content=\"Escrito por\" \/>\n\t<meta name=\"twitter:data1\" content=\"Saul Alonso\" \/>\n\t<meta name=\"twitter:label2\" content=\"Tiempo de lectura\" \/>\n\t<meta name=\"twitter:data2\" content=\"2 minutos\" \/>\n<!-- \/ Yoast SEO plugin. -->","yoast_head_json":{"title":"Si tu negocio quieres empezar, con un \u00e1rbol lo debes de comparar - Kalot","description":"\u00bfQui\u00e9n no ha pensado en emprender un proyecto, sea de negocios, o bien publicitario o de cualquier otra \u00edndole? Considero que muchos (por no atreverme a","robots":{"index":"index","follow":"follow","max-snippet":"max-snippet:-1","max-image-preview":"max-image-preview:large","max-video-preview":"max-video-preview:-1"},"canonical":"https:\/\/kalot.com.mx\/site\/2013\/10\/03\/si-tu-negocio-quieres-empezar-con-un-arbol-lo-debes-de-comparar\/","og_locale":"es_MX","og_type":"article","og_title":"Si tu negocio quieres empezar, con un \u00e1rbol lo debes de comparar - Kalot","og_description":"\u00bfQui\u00e9n no ha pensado en emprender un proyecto, sea de negocios, o bien publicitario o de cualquier otra \u00edndole? Considero que muchos (por no atreverme a","og_url":"https:\/\/kalot.com.mx\/site\/2013\/10\/03\/si-tu-negocio-quieres-empezar-con-un-arbol-lo-debes-de-comparar\/","og_site_name":"Kalot","article_publisher":"http:\/\/facebook.com\/mxkalot","article_published_time":"2013-10-03T22:00:14+00:00","article_modified_time":"2013-10-05T04:24:54+00:00","og_image":[{"width":635,"height":639,"url":"https:\/\/i1.wp.com\/kalot.com.mx\/site\/wp-content\/uploads\/2013\/10\/arbol.gif?fit=635%2C639&ssl=1","type":"image\/gif"}],"author":"Saul Alonso","twitter_card":"summary_large_image","twitter_creator":"@kalotmx","twitter_site":"@kalotmx","twitter_misc":{"Escrito por":"Saul Alonso","Tiempo de lectura":"2 minutos"},"schema":{"@context":"https:\/\/schema.org","@graph":[{"@type":"Article","@id":"https:\/\/kalot.com.mx\/site\/2013\/10\/03\/si-tu-negocio-quieres-empezar-con-un-arbol-lo-debes-de-comparar\/#article","isPartOf":{"@id":"https:\/\/kalot.com.mx\/site\/2013\/10\/03\/si-tu-negocio-quieres-empezar-con-un-arbol-lo-debes-de-comparar\/"},"author":{"name":"Saul Alonso","@id":"https:\/\/kalot.com.mx\/site\/#\/schema\/person\/0af7e4a35e97d3b642a1427204342da1"},"headline":"Si tu negocio quieres empezar, con un \u00e1rbol lo debes de comparar","datePublished":"2013-10-03T22:00:14+00:00","dateModified":"2013-10-05T04:24:54+00:00","mainEntityOfPage":{"@id":"https:\/\/kalot.com.mx\/site\/2013\/10\/03\/si-tu-negocio-quieres-empezar-con-un-arbol-lo-debes-de-comparar\/"},"wordCount":451,"commentCount":0,"publisher":{"@id":"https:\/\/kalot.com.mx\/site\/#organization"},"image":{"@id":"https:\/\/kalot.com.mx\/site\/2013\/10\/03\/si-tu-negocio-quieres-empezar-con-un-arbol-lo-debes-de-comparar\/#primaryimage"},"thumbnailUrl":"https:\/\/i0.wp.com\/kalot.com.mx\/site\/wp-content\/uploads\/2013\/10\/arbol.gif?fit=635%2C639&ssl=1","inLanguage":"es","potentialAction":[{"@type":"CommentAction","name":"Comment","target":["https:\/\/kalot.com.mx\/site\/2013\/10\/03\/si-tu-negocio-quieres-empezar-con-un-arbol-lo-debes-de-comparar\/#respond"]}]},{"@type":"WebPage","@id":"https:\/\/kalot.com.mx\/site\/2013\/10\/03\/si-tu-negocio-quieres-empezar-con-un-arbol-lo-debes-de-comparar\/","url":"https:\/\/kalot.com.mx\/site\/2013\/10\/03\/si-tu-negocio-quieres-empezar-con-un-arbol-lo-debes-de-comparar\/","name":"Si tu negocio quieres empezar, con un \u00e1rbol lo debes de comparar - Kalot","isPartOf":{"@id":"https:\/\/kalot.com.mx\/site\/#website"},"primaryImageOfPage":{"@id":"https:\/\/kalot.com.mx\/site\/2013\/10\/03\/si-tu-negocio-quieres-empezar-con-un-arbol-lo-debes-de-comparar\/#primaryimage"},"image":{"@id":"https:\/\/kalot.com.mx\/site\/2013\/10\/03\/si-tu-negocio-quieres-empezar-con-un-arbol-lo-debes-de-comparar\/#primaryimage"},"thumbnailUrl":"https:\/\/i0.wp.com\/kalot.com.mx\/site\/wp-content\/uploads\/2013\/10\/arbol.gif?fit=635%2C639&ssl=1","datePublished":"2013-10-03T22:00:14+00:00","dateModified":"2013-10-05T04:24:54+00:00","description":"\u00bfQui\u00e9n no ha pensado en emprender un proyecto, sea de negocios, o bien publicitario o de cualquier otra \u00edndole? Considero que muchos (por no atreverme a","breadcrumb":{"@id":"https:\/\/kalot.com.mx\/site\/2013\/10\/03\/si-tu-negocio-quieres-empezar-con-un-arbol-lo-debes-de-comparar\/#breadcrumb"},"inLanguage":"es","potentialAction":[{"@type":"ReadAction","target":["https:\/\/kalot.com.mx\/site\/2013\/10\/03\/si-tu-negocio-quieres-empezar-con-un-arbol-lo-debes-de-comparar\/"]}]},{"@type":"ImageObject","inLanguage":"es","@id":"https:\/\/kalot.com.mx\/site\/2013\/10\/03\/si-tu-negocio-quieres-empezar-con-un-arbol-lo-debes-de-comparar\/#primaryimage","url":"https:\/\/i0.wp.com\/kalot.com.mx\/site\/wp-content\/uploads\/2013\/10\/arbol.gif?fit=635%2C639&ssl=1","contentUrl":"https:\/\/i0.wp.com\/kalot.com.mx\/site\/wp-content\/uploads\/2013\/10\/arbol.gif?fit=635%2C639&ssl=1","width":635,"height":639},{"@type":"BreadcrumbList","@id":"https:\/\/kalot.com.mx\/site\/2013\/10\/03\/si-tu-negocio-quieres-empezar-con-un-arbol-lo-debes-de-comparar\/#breadcrumb","itemListElement":[{"@type":"ListItem","position":1,"name":"Home","item":"https:\/\/kalot.com.mx\/site\/"},{"@type":"ListItem","position":2,"name":"Si tu negocio quieres empezar, con un \u00e1rbol lo debes de comparar"}]},{"@type":"WebSite","@id":"https:\/\/kalot.com.mx\/site\/#website","url":"https:\/\/kalot.com.mx\/site\/","name":"Kalot","description":"Conoce Todo Sobre Todo","publisher":{"@id":"https:\/\/kalot.com.mx\/site\/#organization"},"potentialAction":[{"@type":"SearchAction","target":{"@type":"EntryPoint","urlTemplate":"https:\/\/kalot.com.mx\/site\/?s={search_term_string}"},"query-input":{"@type":"PropertyValueSpecification","valueRequired":true,"valueName":"search_term_string"}}],"inLanguage":"es"},{"@type":"Organization","@id":"https:\/\/kalot.com.mx\/site\/#organization","name":"Kalot","url":"https:\/\/kalot.com.mx\/site\/","logo":{"@type":"ImageObject","inLanguage":"es","@id":"https:\/\/kalot.com.mx\/site\/#\/schema\/logo\/image\/","url":"https:\/\/i0.wp.com\/kalot.com.mx\/site\/wp-content\/uploads\/2020\/04\/Kalot-logo-sin-tagline.png?fit=1707%2C1014&ssl=1","contentUrl":"https:\/\/i0.wp.com\/kalot.com.mx\/site\/wp-content\/uploads\/2020\/04\/Kalot-logo-sin-tagline.png?fit=1707%2C1014&ssl=1","width":1707,"height":1014,"caption":"Kalot"},"image":{"@id":"https:\/\/kalot.com.mx\/site\/#\/schema\/logo\/image\/"},"sameAs":["http:\/\/facebook.com\/mxkalot","https:\/\/x.com\/kalotmx","http:\/\/instagram.com\/kalotmx","http:\/\/pinterest.com\/jorgeerana\/kalot"]},{"@type":"Person","@id":"https:\/\/kalot.com.mx\/site\/#\/schema\/person\/0af7e4a35e97d3b642a1427204342da1","name":"Saul Alonso","image":{"@type":"ImageObject","inLanguage":"es","@id":"https:\/\/secure.gravatar.com\/avatar\/567d81852bbebfd1de3d0230b17b0030cb90aacd14e0f6c3e0d25e45c92e3109?s=96&d=mm&r=g","url":"https:\/\/secure.gravatar.com\/avatar\/567d81852bbebfd1de3d0230b17b0030cb90aacd14e0f6c3e0d25e45c92e3109?s=96&d=mm&r=g","contentUrl":"https:\/\/secure.gravatar.com\/avatar\/567d81852bbebfd1de3d0230b17b0030cb90aacd14e0f6c3e0d25e45c92e3109?s=96&d=mm&r=g","caption":"Saul Alonso"},"description":"Licenciado en Administraci\u00f3n por parte de la Universidad Polit\u00e9cnica de San Luis Potos\u00ed. Trabaja en la Direcci\u00f3n de Control en Grupo Bimbo. Galardonado por la Fundaci\u00f3n Trayectoria de \u00c9xito en el certamen \"Medalla Estudiantes Ejemplares\" en su edici\u00f3n 2013. Amante de la lectura y escritura. En proceso de redacci\u00f3n del libro \"Crossed Destinies\".","url":"https:\/\/kalot.com.mx\/site\/author\/saul\/"}]}},"jetpack_publicize_connections":[],"jetpack_featured_media_url":"https:\/\/i0.wp.com\/kalot.com.mx\/site\/wp-content\/uploads\/2013\/10\/arbol.gif?fit=635%2C639&ssl=1","jetpack_shortlink":"https:\/\/wp.me\/p6IHEI-ML","jetpack-related-posts":[{"id":17766,"url":"https:\/\/kalot.com.mx\/site\/2014\/08\/27\/deezer-musica-gratis\/","url_meta":{"origin":3023,"position":0},"title":"Celebra con Kalot y ll\u00e9vate una cuenta Premium de Deezer para tener m\u00fasica gratis","author":"Jorge Era\u00f1a","date":"27 agosto, 2014","format":false,"excerpt":"As\u00ed es Kalochos y Kalochas, les contamos que el 29 de agosto del 2013 empezamos este bonito proyecto que d\u00eda a d\u00eda hemos estado trabajando para mejorar y ofrecerles a ustedes de manera escrita lo que m\u00e1s nos apasiona as\u00ed que pronto llegamos al primer aniversario oficial de Kalot. Podr\u00eda\u2026","rel":"","context":"En &quot;Sin categor\u00eda&quot;","block_context":{"text":"Sin categor\u00eda","link":"https:\/\/kalot.com.mx\/site\/category\/sin-categoria\/"},"img":{"alt_text":"","src":"https:\/\/i0.wp.com\/kalot.com.mx\/site\/wp-content\/uploads\/2014\/08\/logo-kalot.png?fit=1000%2C594&ssl=1&resize=350%2C200","width":350,"height":200,"srcset":"https:\/\/i0.wp.com\/kalot.com.mx\/site\/wp-content\/uploads\/2014\/08\/logo-kalot.png?fit=1000%2C594&ssl=1&resize=350%2C200 1x, https:\/\/i0.wp.com\/kalot.com.mx\/site\/wp-content\/uploads\/2014\/08\/logo-kalot.png?fit=1000%2C594&ssl=1&resize=525%2C300 1.5x, https:\/\/i0.wp.com\/kalot.com.mx\/site\/wp-content\/uploads\/2014\/08\/logo-kalot.png?fit=1000%2C594&ssl=1&resize=700%2C400 2x"},"classes":[]},{"id":2550,"url":"https:\/\/kalot.com.mx\/site\/2013\/09\/28\/equipo-de-trabajo-clave-del-exito-para-las-startups-emprendiendola\/","url_meta":{"origin":3023,"position":1},"title":"Equipo de trabajo: clave del \u00e9xito para las Startups #Emprendi\u00e9ndola","author":"Rudy Marin","date":"28 septiembre, 2013","format":false,"excerpt":"Cuando inicias tu startup, uno de los factores que ser\u00e1n parte del \u00e9xito de tu negocio ser\u00e1 el equipo de trabajo que estar\u00e1 detr\u00e1s de tu idea. En mi caso, o mejor dicho, en el caso de Noddus, el equipo surgi\u00f3 en el Startup Weekend de SLP que se llev\u00f3\u2026","rel":"","context":"Con 1 comentario","block_context":{"text":"Con 1 comentario","link":"https:\/\/kalot.com.mx\/site\/2013\/09\/28\/equipo-de-trabajo-clave-del-exito-para-las-startups-emprendiendola\/#comments"},"img":{"alt_text":"","src":"https:\/\/i0.wp.com\/kalot.com.mx\/site\/wp-content\/uploads\/2013\/09\/20130928-145345.jpg?fit=960%2C540&ssl=1&resize=350%2C200","width":350,"height":200,"srcset":"https:\/\/i0.wp.com\/kalot.com.mx\/site\/wp-content\/uploads\/2013\/09\/20130928-145345.jpg?fit=960%2C540&ssl=1&resize=350%2C200 1x, https:\/\/i0.wp.com\/kalot.com.mx\/site\/wp-content\/uploads\/2013\/09\/20130928-145345.jpg?fit=960%2C540&ssl=1&resize=525%2C300 1.5x, https:\/\/i0.wp.com\/kalot.com.mx\/site\/wp-content\/uploads\/2013\/09\/20130928-145345.jpg?fit=960%2C540&ssl=1&resize=700%2C400 2x"},"classes":[]},{"id":2688,"url":"https:\/\/kalot.com.mx\/site\/2013\/09\/30\/startupero-a-tus-zapatos-emprendiendola\/","url_meta":{"origin":3023,"position":2},"title":"Startupero a tus zapatos #Emprendi\u00e9ndola","author":"Rudy Marin","date":"30 septiembre, 2013","format":false,"excerpt":"Seguro has escuchado el refr\u00e1n \"Zapatero a tus zapatos\" que se refiere a que te dediques a lo tuyo y no ye distraigas con otras cosas que no tienen nada que ver con tu negocio. As\u00ed que al leer el t\u00edtulo de esta entrada debes ponerte en esa situaci\u00f3n, que\u2026","rel":"","context":"Con 1 comentario","block_context":{"text":"Con 1 comentario","link":"https:\/\/kalot.com.mx\/site\/2013\/09\/30\/startupero-a-tus-zapatos-emprendiendola\/#comments"},"img":{"alt_text":"","src":"https:\/\/i0.wp.com\/kalot.com.mx\/site\/wp-content\/uploads\/2013\/09\/20130929-223150.jpg?fit=500%2C412&ssl=1&resize=350%2C200","width":350,"height":200},"classes":[]},{"id":10613,"url":"https:\/\/kalot.com.mx\/site\/2014\/01\/29\/just-add-zero-cocacolazeromx\/","url_meta":{"origin":3023,"position":3},"title":"Just Add Zero @CocaColaZeroMx","author":"Dulce Mireles","date":"29 enero, 2014","format":false,"excerpt":"Recientemente Coca Cola Zero de la gran familia de gaseosas de la ciudad de Atlanta, Georgia EUA ha lanzado este interesante spot bajo la leyenda \"Just add Zero\" Del director\u00a0NIMA Nourizadeh quien ha trabajo con artistas como Lilly Allen,\u00a0Sophie Ellis-Bextor y \u00a0Hot Chip, sin embargo NIMA ha sido reconocido por\u2026","rel":"","context":"Entrada similar ","block_context":{"text":"Entrada similar ","link":""},"img":{"alt_text":"","src":"https:\/\/i0.wp.com\/kalot.com.mx\/site\/wp-content\/uploads\/2014\/01\/x.jpg?fit=1200%2C800&ssl=1&resize=350%2C200","width":350,"height":200,"srcset":"https:\/\/i0.wp.com\/kalot.com.mx\/site\/wp-content\/uploads\/2014\/01\/x.jpg?fit=1200%2C800&ssl=1&resize=350%2C200 1x, https:\/\/i0.wp.com\/kalot.com.mx\/site\/wp-content\/uploads\/2014\/01\/x.jpg?fit=1200%2C800&ssl=1&resize=525%2C300 1.5x, https:\/\/i0.wp.com\/kalot.com.mx\/site\/wp-content\/uploads\/2014\/01\/x.jpg?fit=1200%2C800&ssl=1&resize=700%2C400 2x, https:\/\/i0.wp.com\/kalot.com.mx\/site\/wp-content\/uploads\/2014\/01\/x.jpg?fit=1200%2C800&ssl=1&resize=1050%2C600 3x"},"classes":[]},{"id":15279,"url":"https:\/\/kalot.com.mx\/site\/2014\/04\/24\/posicionamiento-con-super-poderes\/","url_meta":{"origin":3023,"position":4},"title":"Posicionamiento con superpoderes","author":"Edgar Villanueva","date":"24 abril, 2014","format":false,"excerpt":"Estar presente en la mente del consumidor es un gran reto; existen bastantes empresas que est\u00e1n compitiendo por posicionar su marca en el mercado, y a su vez, los medios tecnol\u00f3gicos permiten compartir una cantidad exponencial de informaci\u00f3n, haciendo mucho m\u00e1s interesante la tarea de permanecer en los pensamientos de\u2026","rel":"","context":"En &quot;Sin categor\u00eda&quot;","block_context":{"text":"Sin categor\u00eda","link":"https:\/\/kalot.com.mx\/site\/category\/sin-categoria\/"},"img":{"alt_text":"","src":"https:\/\/i0.wp.com\/kalot.com.mx\/site\/wp-content\/uploads\/2014\/04\/RedBull_Diego_Fonseca_041.jpg?fit=1000%2C750&ssl=1&resize=350%2C200","width":350,"height":200,"srcset":"https:\/\/i0.wp.com\/kalot.com.mx\/site\/wp-content\/uploads\/2014\/04\/RedBull_Diego_Fonseca_041.jpg?fit=1000%2C750&ssl=1&resize=350%2C200 1x, https:\/\/i0.wp.com\/kalot.com.mx\/site\/wp-content\/uploads\/2014\/04\/RedBull_Diego_Fonseca_041.jpg?fit=1000%2C750&ssl=1&resize=525%2C300 1.5x, https:\/\/i0.wp.com\/kalot.com.mx\/site\/wp-content\/uploads\/2014\/04\/RedBull_Diego_Fonseca_041.jpg?fit=1000%2C750&ssl=1&resize=700%2C400 2x"},"classes":[]},{"id":2663,"url":"https:\/\/kalot.com.mx\/site\/2013\/09\/30\/alianzas-estrategicas-para-alcanzar-un-objetivo-intel-apostara-por-la-television-inteligente\/","url_meta":{"origin":3023,"position":5},"title":"Alianzas estrat\u00e9gicas para alcanzar un objetivo; Intel apostar\u00e1 por la Televisi\u00f3n inteligente","author":"Edgar Villanueva","date":"30 septiembre, 2013","format":false,"excerpt":"La empresa Intel es mundialmente reconocida por su producci\u00f3n y venta de procesadores para computadoras, el enfoque de la compa\u00f1\u00eda est\u00e1 muy claro, al entrar a su p\u00e1gina web se puede ver \u00a0el copy: \u201cDescubre la potencia interior\u201d con lo que se demuestra que los esfuerzos van dirigidos a un\u2026","rel":"","context":"En &quot;Sin categor\u00eda&quot;","block_context":{"text":"Sin categor\u00eda","link":"https:\/\/kalot.com.mx\/site\/category\/sin-categoria\/"},"img":{"alt_text":"amazon-ubuntu","src":"https:\/\/i0.wp.com\/www.kalot.com.mx\/wp-content\/uploads\/2013\/09\/amazon-ubuntu.jpg?resize=350%2C200","width":350,"height":200},"classes":[]}],"jetpack_sharing_enabled":true,"_links":{"self":[{"href":"https:\/\/kalot.com.mx\/site\/wp-json\/wp\/v2\/posts\/3023","targetHints":{"allow":["GET"]}}],"collection":[{"href":"https:\/\/kalot.com.mx\/site\/wp-json\/wp\/v2\/posts"}],"about":[{"href":"https:\/\/kalot.com.mx\/site\/wp-json\/wp\/v2\/types\/post"}],"author":[{"embeddable":true,"href":"https:\/\/kalot.com.mx\/site\/wp-json\/wp\/v2\/users\/25"}],"replies":[{"embeddable":true,"href":"https:\/\/kalot.com.mx\/site\/wp-json\/wp\/v2\/comments?post=3023"}],"version-history":[{"count":0,"href":"https:\/\/kalot.com.mx\/site\/wp-json\/wp\/v2\/posts\/3023\/revisions"}],"wp:featuredmedia":[{"embeddable":true,"href":"https:\/\/kalot.com.mx\/site\/wp-json\/wp\/v2\/media\/3027"}],"wp:attachment":[{"href":"https:\/\/kalot.com.mx\/site\/wp-json\/wp\/v2\/media?parent=3023"}],"wp:term":[{"taxonomy":"category","embeddable":true,"href":"https:\/\/kalot.com.mx\/site\/wp-json\/wp\/v2\/categories?post=3023"},{"taxonomy":"post_tag","embeddable":true,"href":"https:\/\/kalot.com.mx\/site\/wp-json\/wp\/v2\/tags?post=3023"}],"curies":[{"name":"wp","href":"https:\/\/api.w.org\/{rel}","templated":true}]}}