{"id":2884,"date":"2013-10-01T23:01:24","date_gmt":"2013-10-02T04:01:24","guid":{"rendered":"http:\/\/www.kalot.com.mx\/?p=2884"},"modified":"2017-12-20T10:00:36","modified_gmt":"2017-12-20T16:00:36","slug":"y-es-que-el-amor-mueve-montanas","status":"publish","type":"post","link":"https:\/\/kalot.com.mx\/site\/2013\/10\/01\/y-es-que-el-amor-mueve-montanas\/","title":{"rendered":"&#8220;Y es que el amor mueve monta\u00f1as&#8221;"},"content":{"rendered":"<p>&#8230;&#8230;&#8230; y es que apoco si hasta nos duele la cabeza porque simplemente no podemos entender que al novio, que a la novia, que el amigo, que quiero para la vida, en fin, mil y un problemas que traemos en la cabezota sin olvidar que la carrera, que el trabajo, que si soy buena, que si soy mala, que si soy gorda, enano, no trigo buen speach&#8230;&#8230;.. uffffff!! que pesado hijas (os).<\/p>\n<p><a href=\"https:\/\/i0.wp.com\/www.kalot.com.mx\/wp-content\/uploads\/2013\/10\/pareja.jpg\"><img fetchpriority=\"high\" decoding=\"async\" data-attachment-id=\"2888\" data-permalink=\"https:\/\/kalot.com.mx\/site\/2013\/10\/01\/y-es-que-el-amor-mueve-montanas\/pareja\/\" data-orig-file=\"https:\/\/i0.wp.com\/kalot.com.mx\/site\/wp-content\/uploads\/2013\/10\/pareja.jpg?fit=500%2C333&amp;ssl=1\" data-orig-size=\"500,333\" data-comments-opened=\"1\" data-image-meta=\"{&quot;aperture&quot;:&quot;0&quot;,&quot;credit&quot;:&quot;&quot;,&quot;camera&quot;:&quot;&quot;,&quot;caption&quot;:&quot;&quot;,&quot;created_timestamp&quot;:&quot;0&quot;,&quot;copyright&quot;:&quot;&quot;,&quot;focal_length&quot;:&quot;0&quot;,&quot;iso&quot;:&quot;0&quot;,&quot;shutter_speed&quot;:&quot;0&quot;,&quot;title&quot;:&quot;&quot;,&quot;orientation&quot;:&quot;0&quot;}\" data-image-title=\"pareja\" data-image-description=\"\" data-image-caption=\"\" data-large-file=\"https:\/\/i0.wp.com\/kalot.com.mx\/site\/wp-content\/uploads\/2013\/10\/pareja.jpg?fit=500%2C333&amp;ssl=1\" class=\"size-full wp-image-2888 aligncenter\" alt=\"pareja\" src=\"https:\/\/i0.wp.com\/kalot.com.mx\/site\/wp-content\/uploads\/2013\/10\/pareja.jpg?fit=500%2C333&#038;ssl=1\" width=\"500\" height=\"333\" srcset=\"https:\/\/i0.wp.com\/kalot.com.mx\/site\/wp-content\/uploads\/2013\/10\/pareja.jpg?w=500&amp;ssl=1 500w, https:\/\/i0.wp.com\/kalot.com.mx\/site\/wp-content\/uploads\/2013\/10\/pareja.jpg?resize=380%2C253&amp;ssl=1 380w, https:\/\/i0.wp.com\/kalot.com.mx\/site\/wp-content\/uploads\/2013\/10\/pareja.jpg?resize=300%2C200&amp;ssl=1 300w, https:\/\/i0.wp.com\/kalot.com.mx\/site\/wp-content\/uploads\/2013\/10\/pareja.jpg?resize=450%2C300&amp;ssl=1 450w, https:\/\/i0.wp.com\/kalot.com.mx\/site\/wp-content\/uploads\/2013\/10\/pareja.jpg?resize=192%2C128&amp;ssl=1 192w\" sizes=\"(max-width: 500px) 100vw, 500px\" \/><\/a><\/p>\n<p>Chuladas! Ya no se apuren, aqu\u00ed les voy a dar una gu\u00eda y tips para hacer su vida m\u00e1s llevadera, total para eso estamos chicos, soy Leticia Sanmiguel, Leto pa&#8217; los cuates, y mi objetivo es darles una ayudadita en eso de las relaciones y para que saquen su mejor versi\u00f3n!! Los cambios son buenos, y llevarlos con humor mas. Les mando besos con baba y abrazos de oso! muack!!<\/p>\n","protected":false},"excerpt":{"rendered":"&#8230;&#8230;&#8230; y es que apoco si hasta nos duele la cabeza porque simplemente no podemos entender que al&hellip;\n","protected":false},"author":29,"featured_media":2886,"comment_status":"open","ping_status":"open","sticky":false,"template":"","format":"standard","meta":{"jetpack_post_was_ever_published":false,"_jetpack_newsletter_access":"","_jetpack_dont_email_post_to_subs":false,"_jetpack_newsletter_tier_id":0,"_jetpack_memberships_contains_paywalled_content":false,"_jetpack_memberships_contains_paid_content":false,"footnotes":"","jetpack_publicize_message":"","jetpack_publicize_feature_enabled":true,"jetpack_social_post_already_shared":true,"jetpack_social_options":{"image_generator_settings":{"template":"highway","default_image_id":0,"font":"","enabled":false},"version":2}},"categories":[1],"tags":[],"class_list":{"0":"post-2884","1":"post","2":"type-post","3":"status-publish","4":"format-standard","5":"has-post-thumbnail","7":"category-sin-categoria","8":"cs-entry","9":"cs-video-wrap"},"yoast_head":"<!-- This site is optimized with the Yoast SEO plugin v27.4 - https:\/\/yoast.com\/product\/yoast-seo-wordpress\/ -->\n<title>&quot;Y es que el amor mueve monta\u00f1as&quot; - Kalot<\/title>\n<meta name=\"description\" content=\"......... y es que apoco si hasta nos duele la cabeza porque simplemente no podemos entender que al novio, que a la novia, que el amigo, que quiero para\" \/>\n<meta name=\"robots\" content=\"index, follow, max-snippet:-1, max-image-preview:large, max-video-preview:-1\" \/>\n<link rel=\"canonical\" href=\"https:\/\/kalot.com.mx\/site\/2013\/10\/01\/y-es-que-el-amor-mueve-montanas\/\" \/>\n<meta property=\"og:locale\" content=\"es_MX\" \/>\n<meta property=\"og:type\" content=\"article\" \/>\n<meta property=\"og:title\" content=\"&quot;Y es que el amor mueve monta\u00f1as&quot; - Kalot\" \/>\n<meta property=\"og:description\" content=\"......... y es que apoco si hasta nos duele la cabeza porque simplemente no podemos entender que al novio, que a la novia, que el amigo, que quiero para\" \/>\n<meta property=\"og:url\" content=\"https:\/\/kalot.com.mx\/site\/2013\/10\/01\/y-es-que-el-amor-mueve-montanas\/\" \/>\n<meta property=\"og:site_name\" content=\"Kalot\" \/>\n<meta property=\"article:publisher\" content=\"http:\/\/facebook.com\/mxkalot\" \/>\n<meta property=\"article:author\" content=\"leto sanmiguel\" \/>\n<meta property=\"article:published_time\" content=\"2013-10-02T04:01:24+00:00\" \/>\n<meta property=\"article:modified_time\" content=\"2017-12-20T16:00:36+00:00\" \/>\n<meta property=\"og:image\" content=\"https:\/\/i0.wp.com\/kalot.com.mx\/site\/wp-content\/uploads\/2013\/10\/necesidad.jpg?fit=500%2C375&ssl=1\" \/>\n\t<meta property=\"og:image:width\" content=\"500\" \/>\n\t<meta property=\"og:image:height\" content=\"375\" \/>\n\t<meta property=\"og:image:type\" content=\"image\/jpeg\" \/>\n<meta name=\"author\" content=\"Leticia SanMiguel\" \/>\n<meta name=\"twitter:card\" content=\"summary_large_image\" \/>\n<meta name=\"twitter:creator\" content=\"@letosanmiguel\" \/>\n<meta name=\"twitter:site\" content=\"@kalotmx\" \/>\n<meta name=\"twitter:label1\" content=\"Escrito por\" \/>\n\t<meta name=\"twitter:data1\" content=\"Leticia SanMiguel\" \/>\n\t<meta name=\"twitter:label2\" content=\"Tiempo de lectura\" \/>\n\t<meta name=\"twitter:data2\" content=\"1 minuto\" \/>\n<!-- \/ Yoast SEO plugin. -->","yoast_head_json":{"title":"\"Y es que el amor mueve monta\u00f1as\" - Kalot","description":"......... y es que apoco si hasta nos duele la cabeza porque simplemente no podemos entender que al novio, que a la novia, que el amigo, que quiero para","robots":{"index":"index","follow":"follow","max-snippet":"max-snippet:-1","max-image-preview":"max-image-preview:large","max-video-preview":"max-video-preview:-1"},"canonical":"https:\/\/kalot.com.mx\/site\/2013\/10\/01\/y-es-que-el-amor-mueve-montanas\/","og_locale":"es_MX","og_type":"article","og_title":"\"Y es que el amor mueve monta\u00f1as\" - Kalot","og_description":"......... y es que apoco si hasta nos duele la cabeza porque simplemente no podemos entender que al novio, que a la novia, que el amigo, que quiero para","og_url":"https:\/\/kalot.com.mx\/site\/2013\/10\/01\/y-es-que-el-amor-mueve-montanas\/","og_site_name":"Kalot","article_publisher":"http:\/\/facebook.com\/mxkalot","article_author":"leto sanmiguel","article_published_time":"2013-10-02T04:01:24+00:00","article_modified_time":"2017-12-20T16:00:36+00:00","og_image":[{"width":500,"height":375,"url":"https:\/\/i0.wp.com\/kalot.com.mx\/site\/wp-content\/uploads\/2013\/10\/necesidad.jpg?fit=500%2C375&ssl=1","type":"image\/jpeg"}],"author":"Leticia SanMiguel","twitter_card":"summary_large_image","twitter_creator":"@letosanmiguel","twitter_site":"@kalotmx","twitter_misc":{"Escrito por":"Leticia SanMiguel","Tiempo de lectura":"1 minuto"},"schema":{"@context":"https:\/\/schema.org","@graph":[{"@type":"Article","@id":"https:\/\/kalot.com.mx\/site\/2013\/10\/01\/y-es-que-el-amor-mueve-montanas\/#article","isPartOf":{"@id":"https:\/\/kalot.com.mx\/site\/2013\/10\/01\/y-es-que-el-amor-mueve-montanas\/"},"author":{"name":"Leticia SanMiguel","@id":"https:\/\/kalot.com.mx\/site\/#\/schema\/person\/c6a876b65fa19d6c8718af3610b0bb67"},"headline":"&#8220;Y es que el amor mueve monta\u00f1as&#8221;","datePublished":"2013-10-02T04:01:24+00:00","dateModified":"2017-12-20T16:00:36+00:00","mainEntityOfPage":{"@id":"https:\/\/kalot.com.mx\/site\/2013\/10\/01\/y-es-que-el-amor-mueve-montanas\/"},"wordCount":152,"commentCount":0,"publisher":{"@id":"https:\/\/kalot.com.mx\/site\/#organization"},"image":{"@id":"https:\/\/kalot.com.mx\/site\/2013\/10\/01\/y-es-que-el-amor-mueve-montanas\/#primaryimage"},"thumbnailUrl":"https:\/\/i0.wp.com\/kalot.com.mx\/site\/wp-content\/uploads\/2013\/10\/necesidad.jpg?fit=500%2C375&ssl=1","inLanguage":"es","potentialAction":[{"@type":"CommentAction","name":"Comment","target":["https:\/\/kalot.com.mx\/site\/2013\/10\/01\/y-es-que-el-amor-mueve-montanas\/#respond"]}]},{"@type":"WebPage","@id":"https:\/\/kalot.com.mx\/site\/2013\/10\/01\/y-es-que-el-amor-mueve-montanas\/","url":"https:\/\/kalot.com.mx\/site\/2013\/10\/01\/y-es-que-el-amor-mueve-montanas\/","name":"\"Y es que el amor mueve monta\u00f1as\" - Kalot","isPartOf":{"@id":"https:\/\/kalot.com.mx\/site\/#website"},"primaryImageOfPage":{"@id":"https:\/\/kalot.com.mx\/site\/2013\/10\/01\/y-es-que-el-amor-mueve-montanas\/#primaryimage"},"image":{"@id":"https:\/\/kalot.com.mx\/site\/2013\/10\/01\/y-es-que-el-amor-mueve-montanas\/#primaryimage"},"thumbnailUrl":"https:\/\/i0.wp.com\/kalot.com.mx\/site\/wp-content\/uploads\/2013\/10\/necesidad.jpg?fit=500%2C375&ssl=1","datePublished":"2013-10-02T04:01:24+00:00","dateModified":"2017-12-20T16:00:36+00:00","description":"......... y es que apoco si hasta nos duele la cabeza porque simplemente no podemos entender que al novio, que a la novia, que el amigo, que quiero para","breadcrumb":{"@id":"https:\/\/kalot.com.mx\/site\/2013\/10\/01\/y-es-que-el-amor-mueve-montanas\/#breadcrumb"},"inLanguage":"es","potentialAction":[{"@type":"ReadAction","target":["https:\/\/kalot.com.mx\/site\/2013\/10\/01\/y-es-que-el-amor-mueve-montanas\/"]}]},{"@type":"ImageObject","inLanguage":"es","@id":"https:\/\/kalot.com.mx\/site\/2013\/10\/01\/y-es-que-el-amor-mueve-montanas\/#primaryimage","url":"https:\/\/i0.wp.com\/kalot.com.mx\/site\/wp-content\/uploads\/2013\/10\/necesidad.jpg?fit=500%2C375&ssl=1","contentUrl":"https:\/\/i0.wp.com\/kalot.com.mx\/site\/wp-content\/uploads\/2013\/10\/necesidad.jpg?fit=500%2C375&ssl=1","width":500,"height":375},{"@type":"BreadcrumbList","@id":"https:\/\/kalot.com.mx\/site\/2013\/10\/01\/y-es-que-el-amor-mueve-montanas\/#breadcrumb","itemListElement":[{"@type":"ListItem","position":1,"name":"Home","item":"https:\/\/kalot.com.mx\/site\/"},{"@type":"ListItem","position":2,"name":"&#8220;Y es que el amor mueve monta\u00f1as&#8221;"}]},{"@type":"WebSite","@id":"https:\/\/kalot.com.mx\/site\/#website","url":"https:\/\/kalot.com.mx\/site\/","name":"Kalot","description":"Conoce Todo Sobre Todo","publisher":{"@id":"https:\/\/kalot.com.mx\/site\/#organization"},"potentialAction":[{"@type":"SearchAction","target":{"@type":"EntryPoint","urlTemplate":"https:\/\/kalot.com.mx\/site\/?s={search_term_string}"},"query-input":{"@type":"PropertyValueSpecification","valueRequired":true,"valueName":"search_term_string"}}],"inLanguage":"es"},{"@type":"Organization","@id":"https:\/\/kalot.com.mx\/site\/#organization","name":"Kalot","url":"https:\/\/kalot.com.mx\/site\/","logo":{"@type":"ImageObject","inLanguage":"es","@id":"https:\/\/kalot.com.mx\/site\/#\/schema\/logo\/image\/","url":"https:\/\/i0.wp.com\/kalot.com.mx\/site\/wp-content\/uploads\/2020\/04\/Kalot-logo-sin-tagline.png?fit=1707%2C1014&ssl=1","contentUrl":"https:\/\/i0.wp.com\/kalot.com.mx\/site\/wp-content\/uploads\/2020\/04\/Kalot-logo-sin-tagline.png?fit=1707%2C1014&ssl=1","width":1707,"height":1014,"caption":"Kalot"},"image":{"@id":"https:\/\/kalot.com.mx\/site\/#\/schema\/logo\/image\/"},"sameAs":["http:\/\/facebook.com\/mxkalot","https:\/\/x.com\/kalotmx","http:\/\/instagram.com\/kalotmx","http:\/\/pinterest.com\/jorgeerana\/kalot"]},{"@type":"Person","@id":"https:\/\/kalot.com.mx\/site\/#\/schema\/person\/c6a876b65fa19d6c8718af3610b0bb67","name":"Leticia SanMiguel","image":{"@type":"ImageObject","inLanguage":"es","@id":"https:\/\/secure.gravatar.com\/avatar\/184e17ad697c906c76fdae7d5ae9d6dfac46071e8d9cc62c4cf5ff0ec71f0a32?s=96&d=mm&r=g","url":"https:\/\/secure.gravatar.com\/avatar\/184e17ad697c906c76fdae7d5ae9d6dfac46071e8d9cc62c4cf5ff0ec71f0a32?s=96&d=mm&r=g","contentUrl":"https:\/\/secure.gravatar.com\/avatar\/184e17ad697c906c76fdae7d5ae9d6dfac46071e8d9cc62c4cf5ff0ec71f0a32?s=96&d=mm&r=g","caption":"Leticia SanMiguel"},"description":"Nacida del norte para el mundo, Licenciada en derecho, y fan\u00e1tica del estudio del comportamiento humano, ademas del desarrollo personal, simplemente para sacar una la mejor versi\u00f3n de ti.","sameAs":["leto sanmiguel","https:\/\/x.com\/letosanmiguel"],"url":"https:\/\/kalot.com.mx\/site\/author\/leto\/"}]}},"jetpack_publicize_connections":[],"jetpack_featured_media_url":"https:\/\/i0.wp.com\/kalot.com.mx\/site\/wp-content\/uploads\/2013\/10\/necesidad.jpg?fit=500%2C375&ssl=1","jetpack_shortlink":"https:\/\/wp.me\/p6IHEI-Kw","jetpack-related-posts":[{"id":1231,"url":"https:\/\/kalot.com.mx\/site\/2013\/09\/10\/nanncita-flaquita-y-asi\/","url_meta":{"origin":2884,"position":0},"title":"Nanncita flaquita, y as\u00ed.","author":"Nancy Huerta","date":"10 septiembre, 2013","format":false,"excerpt":"\u00a1Hola! Pues si, ya me integre a un blog m\u00e1s, ahora soy parte de los kalochos y Kalochas, \u00a0no se en que momento de la vida \u00a0paso que ya escribo en muchos, pero bueno, eso es bueno ;) (ah\u00ed disculpen la redundancia) Comencemos por platicar un poquito de mi, para\u2026","rel":"","context":"Entrada similar ","block_context":{"text":"Entrada similar ","link":""},"img":{"alt_text":"","src":"https:\/\/i0.wp.com\/kalot.com.mx\/site\/wp-content\/uploads\/2013\/09\/316724_342149509212250_1132967105_n.jpg?fit=604%2C854&ssl=1&resize=350%2C200","width":350,"height":200,"srcset":"https:\/\/i0.wp.com\/kalot.com.mx\/site\/wp-content\/uploads\/2013\/09\/316724_342149509212250_1132967105_n.jpg?fit=604%2C854&ssl=1&resize=350%2C200 1x, https:\/\/i0.wp.com\/kalot.com.mx\/site\/wp-content\/uploads\/2013\/09\/316724_342149509212250_1132967105_n.jpg?fit=604%2C854&ssl=1&resize=525%2C300 1.5x"},"classes":[]},{"id":7205,"url":"https:\/\/kalot.com.mx\/site\/2013\/11\/26\/cosas-de-la-vida\/","url_meta":{"origin":2884,"position":1},"title":"Cosas de la vida.","author":"Mar\u00eda Alvarado","date":"26 noviembre, 2013","format":false,"excerpt":"\u00a1Hola mundo! Mi nombre es Elisa, nueva en el mundo de la escritura pero vieja amiga de las letras. En este primer post voy a presentarme. Tengo 19 a\u00f1os y muchos ya me han dicho que ya soy grande, pero de hecho hace poco conoc\u00ed a un se\u00f1or que me\u2026","rel":"","context":"Con 1 comentario","block_context":{"text":"Con 1 comentario","link":"https:\/\/kalot.com.mx\/site\/2013\/11\/26\/cosas-de-la-vida\/#comments"},"img":{"alt_text":"","src":"https:\/\/i0.wp.com\/kalot.com.mx\/site\/wp-content\/uploads\/2013\/11\/buscas-la-felicidad.jpg?fit=884%2C540&ssl=1&resize=350%2C200","width":350,"height":200,"srcset":"https:\/\/i0.wp.com\/kalot.com.mx\/site\/wp-content\/uploads\/2013\/11\/buscas-la-felicidad.jpg?fit=884%2C540&ssl=1&resize=350%2C200 1x, https:\/\/i0.wp.com\/kalot.com.mx\/site\/wp-content\/uploads\/2013\/11\/buscas-la-felicidad.jpg?fit=884%2C540&ssl=1&resize=525%2C300 1.5x, https:\/\/i0.wp.com\/kalot.com.mx\/site\/wp-content\/uploads\/2013\/11\/buscas-la-felicidad.jpg?fit=884%2C540&ssl=1&resize=700%2C400 2x"},"classes":[]},{"id":1563,"url":"https:\/\/kalot.com.mx\/site\/2013\/09\/13\/soy-de-la-generacion-uso-converse-desde-los-12\/","url_meta":{"origin":2884,"position":2},"title":"Generaci\u00f3n &#8220;Uso CONVERSE desde los 12&#8221; @converse_mexico","author":"Dulce Mireles","date":"13 septiembre, 2013","format":false,"excerpt":"Soy de la generaci\u00f3n \u201cconozco desde la secu a The Strokes \u201c, una generaci\u00f3n que creci\u00f3 de la manita con la tecnolog\u00eda, de la generaci\u00f3n \u201ctraigo un cel con pantalla a color\u201d de la generaci\u00f3n \u201cpr\u00e9stame tu celular para jugar la viborita\u201d\u00a0Me he enfrentado a muchos cambios, tengo muchas inquietudes,\u2026","rel":"","context":"En &quot;Sin categor\u00eda&quot;","block_context":{"text":"Sin categor\u00eda","link":"https:\/\/kalot.com.mx\/site\/category\/sin-categoria\/"},"img":{"alt_text":"","src":"https:\/\/i0.wp.com\/kalot.com.mx\/site\/wp-content\/uploads\/2013\/09\/5283fc093f4fb1ae7f4cede0ff68bdcb.jpg?fit=400%2C400&ssl=1&resize=350%2C200","width":350,"height":200},"classes":[]},{"id":5490,"url":"https:\/\/kalot.com.mx\/site\/2013\/11\/01\/sergiohurtado\/","url_meta":{"origin":2884,"position":3},"title":"Sergio Hurtado","author":"#YoSoyElOtro","date":"1 noviembre, 2013","format":false,"excerpt":"Hoy me integro a este gran proyecto como lo es Kalot\u00a0al cual no dud\u00e9 en integrarme puesto que hay mucho que compartir y mucho por aprender. Me integro desde la ciudad de la eterna primavera Cuernavaca en el hermoso estado de Morelos. Lamentablemente mi estado se encuentra en una situaci\u00f3n\u2026","rel":"","context":"Entrada similar ","block_context":{"text":"Entrada similar ","link":""},"img":{"alt_text":"","src":"https:\/\/i0.wp.com\/kalot.com.mx\/site\/wp-content\/uploads\/2013\/11\/moi.jpg?fit=612%2C461&ssl=1&resize=350%2C200","width":350,"height":200,"srcset":"https:\/\/i0.wp.com\/kalot.com.mx\/site\/wp-content\/uploads\/2013\/11\/moi.jpg?fit=612%2C461&ssl=1&resize=350%2C200 1x, https:\/\/i0.wp.com\/kalot.com.mx\/site\/wp-content\/uploads\/2013\/11\/moi.jpg?fit=612%2C461&ssl=1&resize=525%2C300 1.5x"},"classes":[]},{"id":12610,"url":"https:\/\/kalot.com.mx\/site\/2014\/02\/27\/andrea-debo\/","url_meta":{"origin":2884,"position":4},"title":"Andrea Debo.","author":"Andrea Debo","date":"27 febrero, 2014","format":false,"excerpt":"\u00a1Hola a todos! Tratar\u00e9 de ser breve. \u00a0Se que en esta peque\u00f1a presentaci\u00f3n no me conocer\u00e1n por completo, pero quiz\u00e1 si un poco m\u00e1s por mis escritos o lo que vaya aportando a esta incre\u00edble p\u00e1gina. Como dice Principito: \u201cNo se puede ver bien, s\u00f3lo con el coraz\u00f3n. Lo esencial\u2026","rel":"","context":"Con 1 comentario","block_context":{"text":"Con 1 comentario","link":"https:\/\/kalot.com.mx\/site\/2014\/02\/27\/andrea-debo\/#comments"},"img":{"alt_text":"","src":"https:\/\/i0.wp.com\/kalot.com.mx\/site\/wp-content\/uploads\/2014\/02\/1000817_10201625326418683_254655415_n.jpg?fit=960%2C640&ssl=1&resize=350%2C200","width":350,"height":200,"srcset":"https:\/\/i0.wp.com\/kalot.com.mx\/site\/wp-content\/uploads\/2014\/02\/1000817_10201625326418683_254655415_n.jpg?fit=960%2C640&ssl=1&resize=350%2C200 1x, https:\/\/i0.wp.com\/kalot.com.mx\/site\/wp-content\/uploads\/2014\/02\/1000817_10201625326418683_254655415_n.jpg?fit=960%2C640&ssl=1&resize=525%2C300 1.5x, https:\/\/i0.wp.com\/kalot.com.mx\/site\/wp-content\/uploads\/2014\/02\/1000817_10201625326418683_254655415_n.jpg?fit=960%2C640&ssl=1&resize=700%2C400 2x"},"classes":[]},{"id":5516,"url":"https:\/\/kalot.com.mx\/site\/2013\/11\/01\/hola-soy-tania-la-nueva\/","url_meta":{"origin":2884,"position":5},"title":"Hola, soy Tania","author":"Tania Aguirre","date":"1 noviembre, 2013","format":false,"excerpt":"Primero que nada \u00a1Mucho Gusto! \u00a1Gracias por leerme! Empezando bien noviembre, decid\u00ed unirme a Kalot, con todo el entusiasmo posible. Para ser sincera fui persuadida por mis #MarketerasTequileras, pues dos de ellas ya escriben para Kalot (Nancy y Alba) y Sandy que tambi\u00e9n se integra pronto, me encant\u00f3 la idea\u2026","rel":"","context":"Con 2 comentarios","block_context":{"text":"Con 2 comentarios","link":"https:\/\/kalot.com.mx\/site\/2013\/11\/01\/hola-soy-tania-la-nueva\/#comments"},"img":{"alt_text":"","src":"https:\/\/i0.wp.com\/kalot.com.mx\/site\/wp-content\/uploads\/2013\/11\/1450150_10151959105491405_361894809_n.jpg?fit=720%2C960&ssl=1&resize=350%2C200","width":350,"height":200,"srcset":"https:\/\/i0.wp.com\/kalot.com.mx\/site\/wp-content\/uploads\/2013\/11\/1450150_10151959105491405_361894809_n.jpg?fit=720%2C960&ssl=1&resize=350%2C200 1x, https:\/\/i0.wp.com\/kalot.com.mx\/site\/wp-content\/uploads\/2013\/11\/1450150_10151959105491405_361894809_n.jpg?fit=720%2C960&ssl=1&resize=525%2C300 1.5x, https:\/\/i0.wp.com\/kalot.com.mx\/site\/wp-content\/uploads\/2013\/11\/1450150_10151959105491405_361894809_n.jpg?fit=720%2C960&ssl=1&resize=700%2C400 2x"},"classes":[]}],"jetpack_sharing_enabled":true,"_links":{"self":[{"href":"https:\/\/kalot.com.mx\/site\/wp-json\/wp\/v2\/posts\/2884","targetHints":{"allow":["GET"]}}],"collection":[{"href":"https:\/\/kalot.com.mx\/site\/wp-json\/wp\/v2\/posts"}],"about":[{"href":"https:\/\/kalot.com.mx\/site\/wp-json\/wp\/v2\/types\/post"}],"author":[{"embeddable":true,"href":"https:\/\/kalot.com.mx\/site\/wp-json\/wp\/v2\/users\/29"}],"replies":[{"embeddable":true,"href":"https:\/\/kalot.com.mx\/site\/wp-json\/wp\/v2\/comments?post=2884"}],"version-history":[{"count":1,"href":"https:\/\/kalot.com.mx\/site\/wp-json\/wp\/v2\/posts\/2884\/revisions"}],"predecessor-version":[{"id":28539,"href":"https:\/\/kalot.com.mx\/site\/wp-json\/wp\/v2\/posts\/2884\/revisions\/28539"}],"wp:featuredmedia":[{"embeddable":true,"href":"https:\/\/kalot.com.mx\/site\/wp-json\/wp\/v2\/media\/2886"}],"wp:attachment":[{"href":"https:\/\/kalot.com.mx\/site\/wp-json\/wp\/v2\/media?parent=2884"}],"wp:term":[{"taxonomy":"category","embeddable":true,"href":"https:\/\/kalot.com.mx\/site\/wp-json\/wp\/v2\/categories?post=2884"},{"taxonomy":"post_tag","embeddable":true,"href":"https:\/\/kalot.com.mx\/site\/wp-json\/wp\/v2\/tags?post=2884"}],"curies":[{"name":"wp","href":"https:\/\/api.w.org\/{rel}","templated":true}]}}