{"id":2846,"date":"2013-10-01T14:22:08","date_gmt":"2013-10-01T19:22:08","guid":{"rendered":"http:\/\/www.kalot.com.mx\/?p=2846"},"modified":"2013-10-01T14:46:23","modified_gmt":"2013-10-01T19:46:23","slug":"leer-los-pecados-de-la-familia-montejo-es-un-pecado","status":"publish","type":"post","link":"https:\/\/kalot.com.mx\/site\/2013\/10\/01\/leer-los-pecados-de-la-familia-montejo-es-un-pecado\/","title":{"rendered":"Leer &#8220;Los Pecados de la familia Montejo&#8221; es un pecado!"},"content":{"rendered":"<p>Seguramente muchos de ustedes siguen en Twitter a @DonPorfirioDiaz. A m\u00ed lo &#8220;presento un amigo&#8221; y desde que lo sigo, casi siempre me gustan sus comentarios con referencias hist\u00f3ricas que muchas veces refleja la realidad del pa\u00eds. Tambi\u00e9n me gustan mucho sus din\u00e1micas con seguidores como\u00a0el Domingo Hist\u00f3rico de Don Porfirio y una din\u00e1mica similar donde otros seguidores participan por medio de preguntas y respuestas hist\u00f3ricas.<\/p>\n<p>As\u00ed que, cuando supe que hab\u00eda publicado un libro, que era una novela historia ubicada en el Porfiriato, no me pude resistir.<\/p>\n<p>Claro que&#8230; no me pude resistir porque tengo una inclinaci\u00f3n por las novelas hist\u00f3ricas, por las novelas hist\u00f3ricas latinoamericanas y por las novelas hist\u00f3ricas mexicanas, y si, por la historia, por la historia contada como novela.<\/p>\n<p>Le\u00ed el libro en menos de una semana, casi la mitad en un d\u00eda por la emoci\u00f3n, y la otra mitad en el resto de la semana porque hab\u00eda gastado casi 250 pesos, y ya tenia el libro, y para criticar tenia que terminar. Estaba -estoy- tan ofendida que hasta escrib\u00ed un correo electr\u00f3nico a la editorial, que no ha recibido ning\u00fan tipo de respuesta por cierto, mas que el autom\u00e1tico &#8220;gracias por su correo&#8221;.<\/p>\n<p>En general, me gusto la actitud de la editorial de publicar a autores j\u00f3venes y novatos, y que escriben sobre temas hist\u00f3ricos, pero este libro necesita una muy buena pulida. Se ve que fue publicado por la mercadotecnia y fama del personaje en Twitter y no por su calidad literaria.<\/p>\n<p>La prosa es aburrida, sosa y muy repetitiva. La historia es muy floja, como de mala copia de realismo m\u00e1gico. A pesar de las figuras literarias, los personajes fantasmag\u00f3ricos suenan exagerados con tanta repetici\u00f3n.<br \/>\nY para llegar a uno de los personajes centrales (Magda Montejo) pasamos por muchos otros que no alcanzan a desarrollar su por qu\u00e9 en la historia.<\/p>\n<p>Adem\u00e1s de esto, caray, los editores est\u00e1n ausentes. Hay cambios bruscos en la narraci\u00f3n, que no tienen seguimiento. Muchas palabras (como otrora) y frases como &#8216;mientras tanto&#8217; se repiten hasta el cansancio. Y por si fuera poco, hay errores de escritura!<\/p>\n<p>Me gusta el hecho de que a trav\u00e9s de este libro -y el personaje en Twitter- mucha gente tenga un acercamiento diferente a la historia de M\u00e9xico, pero si quieren leer literatura propiamente, en cuanto a novelas hist\u00f3ricas, lean a Eugenio Aguirre, el de Cantolla Aeronauta, mi favorito \ud83d\ude42<\/p>\n<p>Y este libro, hmmm&#8230; que sea prestado o de segunda mano.<\/p>\n","protected":false},"excerpt":{"rendered":"Seguramente muchos de ustedes siguen en Twitter a @DonPorfirioDiaz. A m\u00ed lo &#8220;presento un amigo&#8221; y desde que&hellip;\n","protected":false},"author":28,"featured_media":2851,"comment_status":"open","ping_status":"open","sticky":false,"template":"","format":"standard","meta":{"jetpack_post_was_ever_published":false,"_jetpack_newsletter_access":"","_jetpack_dont_email_post_to_subs":false,"_jetpack_newsletter_tier_id":0,"_jetpack_memberships_contains_paywalled_content":false,"_jetpack_memberships_contains_paid_content":false,"footnotes":"","jetpack_publicize_message":"","jetpack_publicize_feature_enabled":true,"jetpack_social_post_already_shared":true,"jetpack_social_options":{"image_generator_settings":{"template":"highway","default_image_id":0,"font":"","enabled":false},"version":2}},"categories":[],"tags":[],"class_list":{"0":"post-2846","1":"post","2":"type-post","3":"status-publish","4":"format-standard","5":"has-post-thumbnail","7":"cs-entry","8":"cs-video-wrap"},"yoast_head":"<!-- This site is optimized with the Yoast SEO plugin v27.5 - https:\/\/yoast.com\/product\/yoast-seo-wordpress\/ -->\n<title>Leer &quot;Los Pecados de la familia Montejo&quot; es un pecado! - Kalot<\/title>\n<meta name=\"description\" content=\"Seguramente muchos de ustedes siguen en Twitter a @DonPorfirioDiaz. A m\u00ed lo &quot;presento un amigo&quot; y desde que lo sigo, casi siempre me gustan sus\" \/>\n<meta name=\"robots\" content=\"index, follow, max-snippet:-1, max-image-preview:large, max-video-preview:-1\" \/>\n<link rel=\"canonical\" href=\"https:\/\/kalot.com.mx\/site\/2013\/10\/01\/leer-los-pecados-de-la-familia-montejo-es-un-pecado\/\" \/>\n<meta property=\"og:locale\" content=\"es_MX\" \/>\n<meta property=\"og:type\" content=\"article\" \/>\n<meta property=\"og:title\" content=\"Leer &quot;Los Pecados de la familia Montejo&quot; es un pecado! - Kalot\" \/>\n<meta property=\"og:description\" content=\"Seguramente muchos de ustedes siguen en Twitter a @DonPorfirioDiaz. A m\u00ed lo &quot;presento un amigo&quot; y desde que lo sigo, casi siempre me gustan sus\" \/>\n<meta property=\"og:url\" content=\"https:\/\/kalot.com.mx\/site\/2013\/10\/01\/leer-los-pecados-de-la-familia-montejo-es-un-pecado\/\" \/>\n<meta property=\"og:site_name\" content=\"Kalot\" \/>\n<meta property=\"article:publisher\" content=\"http:\/\/facebook.com\/mxkalot\" \/>\n<meta property=\"article:published_time\" content=\"2013-10-01T19:22:08+00:00\" \/>\n<meta property=\"article:modified_time\" content=\"2013-10-01T19:46:23+00:00\" \/>\n<meta property=\"og:image\" content=\"https:\/\/i2.wp.com\/kalot.com.mx\/site\/wp-content\/uploads\/2013\/10\/download-3.jpg?fit=181%2C278&ssl=1\" \/>\n\t<meta property=\"og:image:width\" content=\"181\" \/>\n\t<meta property=\"og:image:height\" content=\"278\" \/>\n\t<meta property=\"og:image:type\" content=\"image\/jpeg\" \/>\n<meta name=\"author\" content=\"Adriana Baranda\" \/>\n<meta name=\"twitter:card\" content=\"summary_large_image\" \/>\n<meta name=\"twitter:creator\" content=\"@ninamonsivais\" \/>\n<meta name=\"twitter:site\" content=\"@kalotmx\" \/>\n<meta name=\"twitter:label1\" content=\"Escrito por\" \/>\n\t<meta name=\"twitter:data1\" content=\"Adriana Baranda\" \/>\n\t<meta name=\"twitter:label2\" content=\"Tiempo de lectura\" \/>\n\t<meta name=\"twitter:data2\" content=\"2 minutos\" \/>\n<!-- \/ Yoast SEO plugin. -->","yoast_head_json":{"title":"Leer \"Los Pecados de la familia Montejo\" es un pecado! - Kalot","description":"Seguramente muchos de ustedes siguen en Twitter a @DonPorfirioDiaz. A m\u00ed lo \"presento un amigo\" y desde que lo sigo, casi siempre me gustan sus","robots":{"index":"index","follow":"follow","max-snippet":"max-snippet:-1","max-image-preview":"max-image-preview:large","max-video-preview":"max-video-preview:-1"},"canonical":"https:\/\/kalot.com.mx\/site\/2013\/10\/01\/leer-los-pecados-de-la-familia-montejo-es-un-pecado\/","og_locale":"es_MX","og_type":"article","og_title":"Leer \"Los Pecados de la familia Montejo\" es un pecado! - Kalot","og_description":"Seguramente muchos de ustedes siguen en Twitter a @DonPorfirioDiaz. A m\u00ed lo \"presento un amigo\" y desde que lo sigo, casi siempre me gustan sus","og_url":"https:\/\/kalot.com.mx\/site\/2013\/10\/01\/leer-los-pecados-de-la-familia-montejo-es-un-pecado\/","og_site_name":"Kalot","article_publisher":"http:\/\/facebook.com\/mxkalot","article_published_time":"2013-10-01T19:22:08+00:00","article_modified_time":"2013-10-01T19:46:23+00:00","og_image":[{"width":181,"height":278,"url":"https:\/\/i2.wp.com\/kalot.com.mx\/site\/wp-content\/uploads\/2013\/10\/download-3.jpg?fit=181%2C278&ssl=1","type":"image\/jpeg"}],"author":"Adriana Baranda","twitter_card":"summary_large_image","twitter_creator":"@ninamonsivais","twitter_site":"@kalotmx","twitter_misc":{"Escrito por":"Adriana Baranda","Tiempo de lectura":"2 minutos"},"schema":{"@context":"https:\/\/schema.org","@graph":[{"@type":"Article","@id":"https:\/\/kalot.com.mx\/site\/2013\/10\/01\/leer-los-pecados-de-la-familia-montejo-es-un-pecado\/#article","isPartOf":{"@id":"https:\/\/kalot.com.mx\/site\/2013\/10\/01\/leer-los-pecados-de-la-familia-montejo-es-un-pecado\/"},"author":{"name":"Adriana Baranda","@id":"https:\/\/kalot.com.mx\/site\/#\/schema\/person\/50bd26831dd79b281498465bb24db139"},"headline":"Leer &#8220;Los Pecados de la familia Montejo&#8221; es un pecado!","datePublished":"2013-10-01T19:22:08+00:00","dateModified":"2013-10-01T19:46:23+00:00","mainEntityOfPage":{"@id":"https:\/\/kalot.com.mx\/site\/2013\/10\/01\/leer-los-pecados-de-la-familia-montejo-es-un-pecado\/"},"wordCount":448,"commentCount":0,"publisher":{"@id":"https:\/\/kalot.com.mx\/site\/#organization"},"image":{"@id":"https:\/\/kalot.com.mx\/site\/2013\/10\/01\/leer-los-pecados-de-la-familia-montejo-es-un-pecado\/#primaryimage"},"thumbnailUrl":"https:\/\/i0.wp.com\/kalot.com.mx\/site\/wp-content\/uploads\/2013\/10\/download-3.jpg?fit=181%2C278&ssl=1","inLanguage":"es","potentialAction":[{"@type":"CommentAction","name":"Comment","target":["https:\/\/kalot.com.mx\/site\/2013\/10\/01\/leer-los-pecados-de-la-familia-montejo-es-un-pecado\/#respond"]}]},{"@type":"WebPage","@id":"https:\/\/kalot.com.mx\/site\/2013\/10\/01\/leer-los-pecados-de-la-familia-montejo-es-un-pecado\/","url":"https:\/\/kalot.com.mx\/site\/2013\/10\/01\/leer-los-pecados-de-la-familia-montejo-es-un-pecado\/","name":"Leer \"Los Pecados de la familia Montejo\" es un pecado! - Kalot","isPartOf":{"@id":"https:\/\/kalot.com.mx\/site\/#website"},"primaryImageOfPage":{"@id":"https:\/\/kalot.com.mx\/site\/2013\/10\/01\/leer-los-pecados-de-la-familia-montejo-es-un-pecado\/#primaryimage"},"image":{"@id":"https:\/\/kalot.com.mx\/site\/2013\/10\/01\/leer-los-pecados-de-la-familia-montejo-es-un-pecado\/#primaryimage"},"thumbnailUrl":"https:\/\/i0.wp.com\/kalot.com.mx\/site\/wp-content\/uploads\/2013\/10\/download-3.jpg?fit=181%2C278&ssl=1","datePublished":"2013-10-01T19:22:08+00:00","dateModified":"2013-10-01T19:46:23+00:00","description":"Seguramente muchos de ustedes siguen en Twitter a @DonPorfirioDiaz. A m\u00ed lo \"presento un amigo\" y desde que lo sigo, casi siempre me gustan sus","breadcrumb":{"@id":"https:\/\/kalot.com.mx\/site\/2013\/10\/01\/leer-los-pecados-de-la-familia-montejo-es-un-pecado\/#breadcrumb"},"inLanguage":"es","potentialAction":[{"@type":"ReadAction","target":["https:\/\/kalot.com.mx\/site\/2013\/10\/01\/leer-los-pecados-de-la-familia-montejo-es-un-pecado\/"]}]},{"@type":"ImageObject","inLanguage":"es","@id":"https:\/\/kalot.com.mx\/site\/2013\/10\/01\/leer-los-pecados-de-la-familia-montejo-es-un-pecado\/#primaryimage","url":"https:\/\/i0.wp.com\/kalot.com.mx\/site\/wp-content\/uploads\/2013\/10\/download-3.jpg?fit=181%2C278&ssl=1","contentUrl":"https:\/\/i0.wp.com\/kalot.com.mx\/site\/wp-content\/uploads\/2013\/10\/download-3.jpg?fit=181%2C278&ssl=1","width":181,"height":278},{"@type":"BreadcrumbList","@id":"https:\/\/kalot.com.mx\/site\/2013\/10\/01\/leer-los-pecados-de-la-familia-montejo-es-un-pecado\/#breadcrumb","itemListElement":[{"@type":"ListItem","position":1,"name":"Home","item":"https:\/\/kalot.com.mx\/site\/"},{"@type":"ListItem","position":2,"name":"Leer &#8220;Los Pecados de la familia Montejo&#8221; es un pecado!"}]},{"@type":"WebSite","@id":"https:\/\/kalot.com.mx\/site\/#website","url":"https:\/\/kalot.com.mx\/site\/","name":"Kalot","description":"Conoce Todo Sobre Todo","publisher":{"@id":"https:\/\/kalot.com.mx\/site\/#organization"},"potentialAction":[{"@type":"SearchAction","target":{"@type":"EntryPoint","urlTemplate":"https:\/\/kalot.com.mx\/site\/?s={search_term_string}"},"query-input":{"@type":"PropertyValueSpecification","valueRequired":true,"valueName":"search_term_string"}}],"inLanguage":"es"},{"@type":"Organization","@id":"https:\/\/kalot.com.mx\/site\/#organization","name":"Kalot","url":"https:\/\/kalot.com.mx\/site\/","logo":{"@type":"ImageObject","inLanguage":"es","@id":"https:\/\/kalot.com.mx\/site\/#\/schema\/logo\/image\/","url":"https:\/\/i0.wp.com\/kalot.com.mx\/site\/wp-content\/uploads\/2020\/04\/Kalot-logo-sin-tagline.png?fit=1707%2C1014&ssl=1","contentUrl":"https:\/\/i0.wp.com\/kalot.com.mx\/site\/wp-content\/uploads\/2020\/04\/Kalot-logo-sin-tagline.png?fit=1707%2C1014&ssl=1","width":1707,"height":1014,"caption":"Kalot"},"image":{"@id":"https:\/\/kalot.com.mx\/site\/#\/schema\/logo\/image\/"},"sameAs":["http:\/\/facebook.com\/mxkalot","https:\/\/x.com\/kalotmx","http:\/\/instagram.com\/kalotmx","http:\/\/pinterest.com\/jorgeerana\/kalot"]},{"@type":"Person","@id":"https:\/\/kalot.com.mx\/site\/#\/schema\/person\/50bd26831dd79b281498465bb24db139","name":"Adriana Baranda","image":{"@type":"ImageObject","inLanguage":"es","@id":"https:\/\/secure.gravatar.com\/avatar\/e6e520b0e3ee828ce53d00bdfb79115553fa526ea9a591549255876a460c1a05?s=96&d=mm&r=g","url":"https:\/\/secure.gravatar.com\/avatar\/e6e520b0e3ee828ce53d00bdfb79115553fa526ea9a591549255876a460c1a05?s=96&d=mm&r=g","contentUrl":"https:\/\/secure.gravatar.com\/avatar\/e6e520b0e3ee828ce53d00bdfb79115553fa526ea9a591549255876a460c1a05?s=96&d=mm&r=g","caption":"Adriana Baranda"},"description":"Soy Adriana Baranda, mejor conocida como Nina. Soy Licenciada en Relaciones Internacionales, y me encanta mi profesion, pero solo en la teoria, no en la practica; asi que soy el ente tripartito esquizofrenico detras de Laitue Hydroponics (lechugas hidroponicas) y me gusta leer, viajar y escribir.","sameAs":["https:\/\/x.com\/ninamonsivais"],"url":"https:\/\/kalot.com.mx\/site\/author\/nina\/"}]}},"jetpack_publicize_connections":[],"jetpack_featured_media_url":"https:\/\/i0.wp.com\/kalot.com.mx\/site\/wp-content\/uploads\/2013\/10\/download-3.jpg?fit=181%2C278&ssl=1","jetpack_shortlink":"https:\/\/wp.me\/p6IHEI-JU","jetpack-related-posts":[{"id":10968,"url":"https:\/\/kalot.com.mx\/site\/2014\/02\/02\/el-principe-de-la-niebla\/","url_meta":{"origin":2846,"position":0},"title":"El Pr\u00edncipe de la Niebla.","author":"Mar\u00eda Alvarado","date":"2 febrero, 2014","format":false,"excerpt":"Carlos Ruiz Zaf\u00f3n es un escritor espa\u00f1ol que se dedica a las obras de misterio y terror, su primer obra publicada \u2013El Pr\u00edncipe de la Niebla, 1993- fue un \u00e9xito y obtuvo el premio Edeb\u00e9, us\u00f3 el dinero del premio para irse despu\u00e9s a Estados Unidos donde se dedic\u00f3 a\u2026","rel":"","context":"Entrada similar ","block_context":{"text":"Entrada similar ","link":""},"img":{"alt_text":"","src":"https:\/\/i0.wp.com\/kalot.com.mx\/site\/wp-content\/uploads\/2014\/02\/jack-the-ripper1.jpg?fit=900%2C506&ssl=1&resize=350%2C200","width":350,"height":200,"srcset":"https:\/\/i0.wp.com\/kalot.com.mx\/site\/wp-content\/uploads\/2014\/02\/jack-the-ripper1.jpg?fit=900%2C506&ssl=1&resize=350%2C200 1x, https:\/\/i0.wp.com\/kalot.com.mx\/site\/wp-content\/uploads\/2014\/02\/jack-the-ripper1.jpg?fit=900%2C506&ssl=1&resize=525%2C300 1.5x, https:\/\/i0.wp.com\/kalot.com.mx\/site\/wp-content\/uploads\/2014\/02\/jack-the-ripper1.jpg?fit=900%2C506&ssl=1&resize=700%2C400 2x"},"classes":[]},{"id":14302,"url":"https:\/\/kalot.com.mx\/site\/2014\/04\/01\/recomendacion-literaria-tokio-blues\/","url_meta":{"origin":2846,"position":1},"title":"Recomendaci\u00f3n Literaria: &#8220;Tokio Blues.&#8221;","author":"Andrea Debo","date":"1 abril, 2014","format":false,"excerpt":"\u00a0\u00c9sta semana les traigo una #Recomendaci\u00f3nLiteraria muy buena. \"Tokio Blues.\" Es una novela muy reconocida del autor Haruki Murakami. \u00a0Anteriormente era un desconocido para mi, 'peeeeero' cuando \u00e9ste libro lleg\u00f3 a mis manos vaya que me agrad\u00f3 mucho, lo suficiente para querer recomendarlo y buscar alguna otra de sus novelas.\u2026","rel":"","context":"En &quot;Sin categor\u00eda&quot;","block_context":{"text":"Sin categor\u00eda","link":"https:\/\/kalot.com.mx\/site\/category\/sin-categoria\/"},"img":{"alt_text":"descarga (1)","src":"https:\/\/i2.wp.com\/kalot.com.mx\/site\/wp-content\/uploads\/2013\/08\/20130830-134055.jpg?fit=660%2C371&ssl=1&resize=350%2C200","width":350,"height":200,"srcset":"https:\/\/i2.wp.com\/kalot.com.mx\/site\/wp-content\/uploads\/2013\/08\/20130830-134055.jpg?fit=660%2C371&ssl=1&resize=350%2C200 1x, https:\/\/i2.wp.com\/kalot.com.mx\/site\/wp-content\/uploads\/2013\/08\/20130830-134055.jpg?fit=660%2C371&ssl=1&resize=525%2C300 1.5x"},"classes":[]},{"id":12699,"url":"https:\/\/kalot.com.mx\/site\/2014\/03\/06\/un-poquito-de-gabriel-garcia-m\/","url_meta":{"origin":2846,"position":2},"title":"Un poquito de Gabriel Garc\u00eda M\u00e1rquez #FelizCumplea\u00f1os","author":"Andrea Debo","date":"6 marzo, 2014","format":false,"excerpt":"Y hoy cumple a\u00f1os un cl\u00e1sico novelista, que en 1982 recibi\u00f3 el Premio Nobel de Literatura... Y s\u00ed, si es esa persona que ustedes est\u00e1n pensando: Gabriel Garc\u00eda M\u00e1rquez. Un cl\u00e1sico de la literatura, un hombre lleno de letras que cautiva las mentes lectoras. Naci\u00f3 en Colombia,\u00a0Estudi\u00f3 Derecho (qui\u00e9n lo\u2026","rel":"","context":"En &quot;Sin categor\u00eda&quot;","block_context":{"text":"Sin categor\u00eda","link":"https:\/\/kalot.com.mx\/site\/category\/sin-categoria\/"},"img":{"alt_text":"","src":"https:\/\/i0.wp.com\/kalot.com.mx\/site\/wp-content\/uploads\/2014\/03\/Gabriel-Garc%C3%ADa-M%C3%A1rquez.jpg?fit=400%2C288&ssl=1&resize=350%2C200","width":350,"height":200},"classes":[]},{"id":12779,"url":"https:\/\/kalot.com.mx\/site\/2014\/03\/03\/novela-diablo-guardian\/","url_meta":{"origin":2846,"position":3},"title":"Recomendaci\u00f3n: Diablo Guardi\u00e1n (Novela), de Xavier Velasco","author":"Miguel Amaya","date":"3 marzo, 2014","format":false,"excerpt":"Hoy les voy a recomendar un libro que en lo personal me parece genial. Quiero comenzar esta peque\u00f1a rese\u00f1a\/recomendaci\u00f3n escribiendo la sinopsis que Alfaguara, editorial que comercializa el libro, incluye en cada una de las ediciones: Violetta tiene quince a\u00f1os cuando cruza la frontera con m\u00e1s de cien mil d\u00f3lares\u2026","rel":"","context":"En &quot;Sin categor\u00eda&quot;","block_context":{"text":"Sin categor\u00eda","link":"https:\/\/kalot.com.mx\/site\/category\/sin-categoria\/"},"img":{"alt_text":"","src":"https:\/\/i0.wp.com\/kalot.com.mx\/site\/wp-content\/uploads\/2014\/03\/diablo1.jpg?fit=701%2C364&ssl=1&resize=350%2C200","width":350,"height":200,"srcset":"https:\/\/i0.wp.com\/kalot.com.mx\/site\/wp-content\/uploads\/2014\/03\/diablo1.jpg?fit=701%2C364&ssl=1&resize=350%2C200 1x, https:\/\/i0.wp.com\/kalot.com.mx\/site\/wp-content\/uploads\/2014\/03\/diablo1.jpg?fit=701%2C364&ssl=1&resize=525%2C300 1.5x, https:\/\/i0.wp.com\/kalot.com.mx\/site\/wp-content\/uploads\/2014\/03\/diablo1.jpg?fit=701%2C364&ssl=1&resize=700%2C400 2x"},"classes":[]},{"id":5374,"url":"https:\/\/kalot.com.mx\/site\/2013\/10\/31\/el-maestro-del-terror-stephen-king-realiza-secuela-de-el-resplandor-doctorsleep-stephen-king\/","url_meta":{"origin":2846,"position":4},"title":"El maestro del terror Stephen King realiza secuela de &#8220;El Resplandor&#8221;   #DoctorSleep #Stephen #King","author":"Am\u00e9rica Vel\u00e1zquez","date":"31 octubre, 2013","format":false,"excerpt":"As\u00ed es, Stephen King, considerado el m\u00e1ximo exponente del terror, ha realizado la segunda parte de una de sus m\u00e1s famosas novelas, \u201cEl Resplandor\u201d, secuela anunciada desde 2009. Han pasado cuatro a\u00f1os desde que el rey del miedo Stephen King anunci\u00f3 que realizar\u00eda la secuela de \u201cEl Resplandor\u201d, tiempo que\u2026","rel":"","context":"Entrada similar ","block_context":{"text":"Entrada similar ","link":""},"img":{"alt_text":"","src":"https:\/\/i0.wp.com\/kalot.com.mx\/site\/wp-content\/uploads\/2013\/10\/Doctor_Sleep-KALOT.jpg?fit=610%2C484&ssl=1&resize=350%2C200","width":350,"height":200,"srcset":"https:\/\/i0.wp.com\/kalot.com.mx\/site\/wp-content\/uploads\/2013\/10\/Doctor_Sleep-KALOT.jpg?fit=610%2C484&ssl=1&resize=350%2C200 1x, https:\/\/i0.wp.com\/kalot.com.mx\/site\/wp-content\/uploads\/2013\/10\/Doctor_Sleep-KALOT.jpg?fit=610%2C484&ssl=1&resize=525%2C300 1.5x"},"classes":[]},{"id":10181,"url":"https:\/\/kalot.com.mx\/site\/2014\/01\/24\/3-libros-que-tienen-leyendo-todo-el-mundo\/","url_meta":{"origin":2846,"position":5},"title":"3 Libros que tienen leyendo a todo el mundo","author":"Beto Mart\u00ednez","date":"24 enero, 2014","format":false,"excerpt":"La Selecci\u00f3n Si te gustaron Los Juegos del hambre, lo m\u00e1s probable es que te gustar\u00e1 La Selecci\u00f3n de Kiera Cass. De entrada La Selecci\u00f3n es una trilog\u00eda conformada por la primer novela del mismo nombre, La Elite y The one, tal vez pensaremos m\u00e1s de lo mismo, hablando de\u2026","rel":"","context":"En &quot;Sin categor\u00eda&quot;","block_context":{"text":"Sin categor\u00eda","link":"https:\/\/kalot.com.mx\/site\/category\/sin-categoria\/"},"img":{"alt_text":"","src":"https:\/\/i0.wp.com\/kalot.com.mx\/site\/wp-content\/uploads\/2014\/01\/selection-cvr-2.jpg?fit=843%2C571&ssl=1&resize=350%2C200","width":350,"height":200,"srcset":"https:\/\/i0.wp.com\/kalot.com.mx\/site\/wp-content\/uploads\/2014\/01\/selection-cvr-2.jpg?fit=843%2C571&ssl=1&resize=350%2C200 1x, https:\/\/i0.wp.com\/kalot.com.mx\/site\/wp-content\/uploads\/2014\/01\/selection-cvr-2.jpg?fit=843%2C571&ssl=1&resize=525%2C300 1.5x, https:\/\/i0.wp.com\/kalot.com.mx\/site\/wp-content\/uploads\/2014\/01\/selection-cvr-2.jpg?fit=843%2C571&ssl=1&resize=700%2C400 2x"},"classes":[]}],"jetpack_sharing_enabled":true,"_links":{"self":[{"href":"https:\/\/kalot.com.mx\/site\/wp-json\/wp\/v2\/posts\/2846","targetHints":{"allow":["GET"]}}],"collection":[{"href":"https:\/\/kalot.com.mx\/site\/wp-json\/wp\/v2\/posts"}],"about":[{"href":"https:\/\/kalot.com.mx\/site\/wp-json\/wp\/v2\/types\/post"}],"author":[{"embeddable":true,"href":"https:\/\/kalot.com.mx\/site\/wp-json\/wp\/v2\/users\/28"}],"replies":[{"embeddable":true,"href":"https:\/\/kalot.com.mx\/site\/wp-json\/wp\/v2\/comments?post=2846"}],"version-history":[{"count":0,"href":"https:\/\/kalot.com.mx\/site\/wp-json\/wp\/v2\/posts\/2846\/revisions"}],"wp:featuredmedia":[{"embeddable":true,"href":"https:\/\/kalot.com.mx\/site\/wp-json\/wp\/v2\/media\/2851"}],"wp:attachment":[{"href":"https:\/\/kalot.com.mx\/site\/wp-json\/wp\/v2\/media?parent=2846"}],"wp:term":[{"taxonomy":"category","embeddable":true,"href":"https:\/\/kalot.com.mx\/site\/wp-json\/wp\/v2\/categories?post=2846"},{"taxonomy":"post_tag","embeddable":true,"href":"https:\/\/kalot.com.mx\/site\/wp-json\/wp\/v2\/tags?post=2846"}],"curies":[{"name":"wp","href":"https:\/\/api.w.org\/{rel}","templated":true}]}}