{"id":2787,"date":"2013-10-01T11:09:00","date_gmt":"2013-10-01T16:09:00","guid":{"rendered":"http:\/\/www.kalot.com.mx\/?p=2787"},"modified":"2013-10-02T13:48:40","modified_gmt":"2013-10-02T18:48:40","slug":"el-corte-pixie-o-coco-cut-el-corte-mas-cool-de-toda-la-vida","status":"publish","type":"post","link":"https:\/\/kalot.com.mx\/site\/2013\/10\/01\/el-corte-pixie-o-coco-cut-el-corte-mas-cool-de-toda-la-vida\/","title":{"rendered":"El corte pixie o Coco Cut \u201cEl corte m\u00e1s cool de toda la vida\u201d"},"content":{"rendered":"<p style=\"text-align: justify\">El corte pixie o tambi\u00e9n conocido como Coco Cut naci\u00f3 en los a\u00f1os 60 cuando un famoso peluquero brit\u00e1nico, lo creo en Mia Farrow para su papel en la pel\u00edcula Rosemary\u00b4s Baby.<\/p>\n<div class=\"tiled-gallery type-rectangular tiled-gallery-unresized\" data-original-width=\"1200\" data-carousel-extra='{&quot;blog_id&quot;:1,&quot;permalink&quot;:&quot;https:\\\/\\\/kalot.com.mx\\\/site\\\/2013\\\/10\\\/01\\\/el-corte-pixie-o-coco-cut-el-corte-mas-cool-de-toda-la-vida\\\/&quot;,&quot;likes_blog_id&quot;:99312264}' itemscope itemtype=\"http:\/\/schema.org\/ImageGallery\" > <div class=\"gallery-row\" style=\"width: 1200px; height: 307px;\" data-original-width=\"1200\" data-original-height=\"307\" > <div class=\"gallery-group images-1\" style=\"width: 565px; height: 307px;\" data-original-width=\"565\" data-original-height=\"307\" > <div class=\"tiled-gallery-item tiled-gallery-item-large\" itemprop=\"associatedMedia\" itemscope itemtype=\"http:\/\/schema.org\/ImageObject\"> <a href=\"https:\/\/kalot.com.mx\/site\/2013\/10\/01\/el-corte-pixie-o-coco-cut-el-corte-mas-cool-de-toda-la-vida\/rosemarys-baby-1968\/\" border=\"0\" itemprop=\"url\"> <meta itemprop=\"width\" content=\"561\"> <meta itemprop=\"height\" content=\"303\"> <img loading=\"lazy\" decoding=\"async\" class=\"\" data-attachment-id=\"2792\" data-orig-file=\"https:\/\/kalot.com.mx\/site\/wp-content\/uploads\/2013\/10\/Rosemarys-Baby-1968.jpg\" data-orig-size=\"1600,864\" data-comments-opened=\"1\" data-image-meta=\"{&quot;aperture&quot;:&quot;0&quot;,&quot;credit&quot;:&quot;&quot;,&quot;camera&quot;:&quot;&quot;,&quot;caption&quot;:&quot;&quot;,&quot;created_timestamp&quot;:&quot;0&quot;,&quot;copyright&quot;:&quot;&quot;,&quot;focal_length&quot;:&quot;0&quot;,&quot;iso&quot;:&quot;0&quot;,&quot;shutter_speed&quot;:&quot;0&quot;,&quot;title&quot;:&quot;&quot;}\" data-image-title=\"Rosemarys Baby 1968\" data-image-description=\"\" data-medium-file=\"https:\/\/i0.wp.com\/kalot.com.mx\/site\/wp-content\/uploads\/2013\/10\/Rosemarys-Baby-1968.jpg?fit=300%2C162&#038;ssl=1\" data-large-file=\"https:\/\/i0.wp.com\/kalot.com.mx\/site\/wp-content\/uploads\/2013\/10\/Rosemarys-Baby-1968.jpg?fit=1024%2C552&#038;ssl=1\" src=\"https:\/\/i0.wp.com\/kalot.com.mx\/site\/wp-content\/uploads\/2013\/10\/Rosemarys-Baby-1968.jpg?w=561&#038;h=303&#038;ssl=1\" srcset=\"https:\/\/i0.wp.com\/kalot.com.mx\/site\/wp-content\/uploads\/2013\/10\/Rosemarys-Baby-1968.jpg?w=1600&amp;ssl=1 1600w, https:\/\/i0.wp.com\/kalot.com.mx\/site\/wp-content\/uploads\/2013\/10\/Rosemarys-Baby-1968.jpg?resize=300%2C162&amp;ssl=1 300w, https:\/\/i0.wp.com\/kalot.com.mx\/site\/wp-content\/uploads\/2013\/10\/Rosemarys-Baby-1968.jpg?resize=1024%2C552&amp;ssl=1 1024w, https:\/\/i0.wp.com\/kalot.com.mx\/site\/wp-content\/uploads\/2013\/10\/Rosemarys-Baby-1968.jpg?resize=720%2C388&amp;ssl=1 720w, https:\/\/i0.wp.com\/kalot.com.mx\/site\/wp-content\/uploads\/2013\/10\/Rosemarys-Baby-1968.jpg?resize=280%2C150&amp;ssl=1 280w\" width=\"561\" height=\"303\" loading=\"lazy\" data-original-width=\"561\" data-original-height=\"303\" itemprop=\"http:\/\/schema.org\/image\" title=\"Rosemarys Baby 1968\" alt=\"Rosemarys Baby 1968\" style=\"width: 561px; height: 303px;\" \/> <\/a> <\/div> <\/div> <!-- close group --> <div class=\"gallery-group images-1\" style=\"width: 253px; height: 307px;\" data-original-width=\"253\" data-original-height=\"307\" > <div class=\"tiled-gallery-item tiled-gallery-item-small\" itemprop=\"associatedMedia\" itemscope itemtype=\"http:\/\/schema.org\/ImageObject\"> <a href=\"https:\/\/kalot.com.mx\/site\/2013\/10\/01\/el-corte-pixie-o-coco-cut-el-corte-mas-cool-de-toda-la-vida\/rosemarys_baby_farrow_haircut_1crop\/\" border=\"0\" itemprop=\"url\"> <meta itemprop=\"width\" content=\"249\"> <meta itemprop=\"height\" content=\"303\"> <img loading=\"lazy\" decoding=\"async\" class=\"\" data-attachment-id=\"2790\" data-orig-file=\"https:\/\/kalot.com.mx\/site\/wp-content\/uploads\/2013\/10\/Rosemarys_Baby_Farrow_Haircut_1crop.jpg\" data-orig-size=\"328,400\" data-comments-opened=\"1\" data-image-meta=\"{&quot;aperture&quot;:&quot;0&quot;,&quot;credit&quot;:&quot;&quot;,&quot;camera&quot;:&quot;&quot;,&quot;caption&quot;:&quot;&quot;,&quot;created_timestamp&quot;:&quot;0&quot;,&quot;copyright&quot;:&quot;&quot;,&quot;focal_length&quot;:&quot;0&quot;,&quot;iso&quot;:&quot;0&quot;,&quot;shutter_speed&quot;:&quot;0&quot;,&quot;title&quot;:&quot;&quot;}\" data-image-title=\"Rosemarys_Baby_Farrow_Haircut_1crop\" data-image-description=\"\" data-medium-file=\"https:\/\/i0.wp.com\/kalot.com.mx\/site\/wp-content\/uploads\/2013\/10\/Rosemarys_Baby_Farrow_Haircut_1crop.jpg?fit=246%2C300&#038;ssl=1\" data-large-file=\"https:\/\/i0.wp.com\/kalot.com.mx\/site\/wp-content\/uploads\/2013\/10\/Rosemarys_Baby_Farrow_Haircut_1crop.jpg?fit=328%2C400&#038;ssl=1\" src=\"https:\/\/i0.wp.com\/kalot.com.mx\/site\/wp-content\/uploads\/2013\/10\/Rosemarys_Baby_Farrow_Haircut_1crop.jpg?w=249&#038;h=303&#038;ssl=1\" srcset=\"https:\/\/i0.wp.com\/kalot.com.mx\/site\/wp-content\/uploads\/2013\/10\/Rosemarys_Baby_Farrow_Haircut_1crop.jpg?w=328&amp;ssl=1 328w, https:\/\/i0.wp.com\/kalot.com.mx\/site\/wp-content\/uploads\/2013\/10\/Rosemarys_Baby_Farrow_Haircut_1crop.jpg?resize=246%2C300&amp;ssl=1 246w\" width=\"249\" height=\"303\" loading=\"lazy\" data-original-width=\"249\" data-original-height=\"303\" itemprop=\"http:\/\/schema.org\/image\" title=\"Rosemarys_Baby_Farrow_Haircut_1crop\" alt=\"Rosemarys_Baby_Farrow_Haircut_1crop\" style=\"width: 249px; height: 303px;\" \/> <\/a> <\/div> <\/div> <!-- close group --> <div class=\"gallery-group images-1\" style=\"width: 382px; height: 307px;\" data-original-width=\"382\" data-original-height=\"307\" > <div class=\"tiled-gallery-item tiled-gallery-item-large\" itemprop=\"associatedMedia\" itemscope itemtype=\"http:\/\/schema.org\/ImageObject\"> <a href=\"https:\/\/kalot.com.mx\/site\/2013\/10\/01\/el-corte-pixie-o-coco-cut-el-corte-mas-cool-de-toda-la-vida\/vidal-sassoon-mia_farrow_hellow_magazine_columnas_6\/\" border=\"0\" itemprop=\"url\"> <meta itemprop=\"width\" content=\"378\"> <meta itemprop=\"height\" content=\"303\"> <img loading=\"lazy\" decoding=\"async\" class=\"\" data-attachment-id=\"2789\" data-orig-file=\"https:\/\/kalot.com.mx\/site\/wp-content\/uploads\/2013\/10\/vidal-sassoon-mia_farrow_hellow_magazine_columnas_6.jpg\" data-orig-size=\"490,393\" data-comments-opened=\"1\" data-image-meta=\"{&quot;aperture&quot;:&quot;0&quot;,&quot;credit&quot;:&quot;&quot;,&quot;camera&quot;:&quot;&quot;,&quot;caption&quot;:&quot;&quot;,&quot;created_timestamp&quot;:&quot;0&quot;,&quot;copyright&quot;:&quot;&quot;,&quot;focal_length&quot;:&quot;0&quot;,&quot;iso&quot;:&quot;0&quot;,&quot;shutter_speed&quot;:&quot;0&quot;,&quot;title&quot;:&quot;&quot;}\" data-image-title=\"vidal-sassoon-mia_farrow_hellow_magazine_columnas_6\" data-image-description=\"\" data-medium-file=\"https:\/\/i0.wp.com\/kalot.com.mx\/site\/wp-content\/uploads\/2013\/10\/vidal-sassoon-mia_farrow_hellow_magazine_columnas_6.jpg?fit=300%2C240&#038;ssl=1\" data-large-file=\"https:\/\/i0.wp.com\/kalot.com.mx\/site\/wp-content\/uploads\/2013\/10\/vidal-sassoon-mia_farrow_hellow_magazine_columnas_6.jpg?fit=490%2C393&#038;ssl=1\" src=\"https:\/\/i0.wp.com\/kalot.com.mx\/site\/wp-content\/uploads\/2013\/10\/vidal-sassoon-mia_farrow_hellow_magazine_columnas_6.jpg?w=378&#038;h=303&#038;ssl=1\" srcset=\"https:\/\/i0.wp.com\/kalot.com.mx\/site\/wp-content\/uploads\/2013\/10\/vidal-sassoon-mia_farrow_hellow_magazine_columnas_6.jpg?w=490&amp;ssl=1 490w, https:\/\/i0.wp.com\/kalot.com.mx\/site\/wp-content\/uploads\/2013\/10\/vidal-sassoon-mia_farrow_hellow_magazine_columnas_6.jpg?resize=300%2C240&amp;ssl=1 300w\" width=\"378\" height=\"303\" loading=\"lazy\" data-original-width=\"378\" data-original-height=\"303\" itemprop=\"http:\/\/schema.org\/image\" title=\"vidal-sassoon-mia_farrow_hellow_magazine_columnas_6\" alt=\"vidal-sassoon-mia_farrow_hellow_magazine_columnas_6\" style=\"width: 378px; height: 303px;\" \/> <\/a> <\/div> <\/div> <!-- close group --> <\/div> <!-- close row --> <div class=\"gallery-row\" style=\"width: 1200px; height: 549px;\" data-original-width=\"1200\" data-original-height=\"549\" > <div class=\"gallery-group images-1\" style=\"width: 412px; height: 549px;\" data-original-width=\"412\" data-original-height=\"549\" > <div class=\"tiled-gallery-item tiled-gallery-item-large\" itemprop=\"associatedMedia\" itemscope itemtype=\"http:\/\/schema.org\/ImageObject\"> <a href=\"https:\/\/kalot.com.mx\/site\/2013\/10\/01\/el-corte-pixie-o-coco-cut-el-corte-mas-cool-de-toda-la-vida\/pbdmifa-ec005\/\" border=\"0\" itemprop=\"url\"> <meta itemprop=\"width\" content=\"408\"> <meta itemprop=\"height\" content=\"545\"> <img loading=\"lazy\" decoding=\"async\" class=\"\" data-attachment-id=\"2791\" data-orig-file=\"https:\/\/kalot.com.mx\/site\/wp-content\/uploads\/2013\/10\/rosemary-woodhouse-mia-farrow-rosemarys-baby.jpg\" data-orig-size=\"375,500\" data-comments-opened=\"1\" data-image-meta=\"{&quot;aperture&quot;:&quot;0&quot;,&quot;credit&quot;:&quot;&quot;,&quot;camera&quot;:&quot;&quot;,&quot;caption&quot;:&quot;Mia Farrow in ROSEMARY\\u0027S BABY, 1968&quot;,&quot;created_timestamp&quot;:&quot;0&quot;,&quot;copyright&quot;:&quot;Courtesy Everett Collection&quot;,&quot;focal_length&quot;:&quot;0&quot;,&quot;iso&quot;:&quot;0&quot;,&quot;shutter_speed&quot;:&quot;0&quot;,&quot;title&quot;:&quot;PBDMIFA EC005&quot;}\" data-image-title=\"PBDMIFA EC005\" data-image-description=\"&lt;p&gt;Mia Farrow in ROSEMARY&amp;#8217;S BABY, 1968&lt;\/p&gt; \" data-medium-file=\"https:\/\/i0.wp.com\/kalot.com.mx\/site\/wp-content\/uploads\/2013\/10\/rosemary-woodhouse-mia-farrow-rosemarys-baby.jpg?fit=225%2C300&#038;ssl=1\" data-large-file=\"https:\/\/i0.wp.com\/kalot.com.mx\/site\/wp-content\/uploads\/2013\/10\/rosemary-woodhouse-mia-farrow-rosemarys-baby.jpg?fit=375%2C500&#038;ssl=1\" src=\"https:\/\/i0.wp.com\/kalot.com.mx\/site\/wp-content\/uploads\/2013\/10\/rosemary-woodhouse-mia-farrow-rosemarys-baby.jpg?w=408&#038;h=545&#038;ssl=1\" srcset=\"https:\/\/i0.wp.com\/kalot.com.mx\/site\/wp-content\/uploads\/2013\/10\/rosemary-woodhouse-mia-farrow-rosemarys-baby.jpg?w=375&amp;ssl=1 375w, https:\/\/i0.wp.com\/kalot.com.mx\/site\/wp-content\/uploads\/2013\/10\/rosemary-woodhouse-mia-farrow-rosemarys-baby.jpg?resize=225%2C300&amp;ssl=1 225w, https:\/\/i0.wp.com\/kalot.com.mx\/site\/wp-content\/uploads\/2013\/10\/rosemary-woodhouse-mia-farrow-rosemarys-baby.jpg?resize=280%2C375&amp;ssl=1 280w\" width=\"408\" height=\"545\" loading=\"lazy\" data-original-width=\"408\" data-original-height=\"545\" itemprop=\"http:\/\/schema.org\/image\" title=\"PBDMIFA EC005\" alt=\"PBDMIFA EC005\" style=\"width: 408px; height: 545px;\" \/> <\/a> <\/div> <\/div> <!-- close group --> <div class=\"gallery-group images-1\" style=\"width: 788px; height: 549px;\" data-original-width=\"788\" data-original-height=\"549\" > <div class=\"tiled-gallery-item tiled-gallery-item-large\" itemprop=\"associatedMedia\" itemscope itemtype=\"http:\/\/schema.org\/ImageObject\"> <a href=\"https:\/\/kalot.com.mx\/site\/2013\/10\/01\/el-corte-pixie-o-coco-cut-el-corte-mas-cool-de-toda-la-vida\/imagescapknc42\/\" border=\"0\" itemprop=\"url\"> <meta itemprop=\"width\" content=\"784\"> <meta itemprop=\"height\" content=\"545\"> <img loading=\"lazy\" decoding=\"async\" class=\"\" data-attachment-id=\"2788\" data-orig-file=\"https:\/\/kalot.com.mx\/site\/wp-content\/uploads\/2013\/10\/imagesCAPKNC42.jpg\" data-orig-size=\"269,187\" data-comments-opened=\"1\" data-image-meta=\"{&quot;aperture&quot;:&quot;0&quot;,&quot;credit&quot;:&quot;&quot;,&quot;camera&quot;:&quot;&quot;,&quot;caption&quot;:&quot;&quot;,&quot;created_timestamp&quot;:&quot;0&quot;,&quot;copyright&quot;:&quot;&quot;,&quot;focal_length&quot;:&quot;0&quot;,&quot;iso&quot;:&quot;0&quot;,&quot;shutter_speed&quot;:&quot;0&quot;,&quot;title&quot;:&quot;&quot;}\" data-image-title=\"imagesCAPKNC42\" data-image-description=\"\" data-medium-file=\"https:\/\/i0.wp.com\/kalot.com.mx\/site\/wp-content\/uploads\/2013\/10\/imagesCAPKNC42.jpg?fit=269%2C187&#038;ssl=1\" data-large-file=\"https:\/\/i0.wp.com\/kalot.com.mx\/site\/wp-content\/uploads\/2013\/10\/imagesCAPKNC42.jpg?fit=269%2C187&#038;ssl=1\" src=\"https:\/\/i0.wp.com\/kalot.com.mx\/site\/wp-content\/uploads\/2013\/10\/imagesCAPKNC42.jpg?w=784&#038;h=545&#038;ssl=1\" width=\"784\" height=\"545\" loading=\"lazy\" data-original-width=\"784\" data-original-height=\"545\" itemprop=\"http:\/\/schema.org\/image\" title=\"imagesCAPKNC42\" alt=\"imagesCAPKNC42\" style=\"width: 784px; height: 545px;\" \/> <\/a> <\/div> <\/div> <!-- close group --> <\/div> <!-- close row --> <\/div>\n<p>&nbsp;<\/p>\n<p style=\"text-align: justify\">Es entonces que a partir de esto, nace el corte pixie, el cual se caracteriza por tener poca longitud y ser f\u00e1cil de manejar. Es ideal para aquellas mujeres que desean un look que requiera poco mantenimiento.<\/p>\n<p style=\"text-align: justify\">Si bien requiere pocos cuidados, es necesarios visitar cada mes al peluquero para mantenerlo s\u00faper chulo. Tal corte lleva varios meses en tendencia y seguir\u00e1 un buen rato m\u00e1s. As\u00ed que atr\u00e9vanse a darle un look ameno, desenfadado y c\u00f3modo a su cabellera.<\/p>\n<p style=\"text-align: justify\">Una de las tantas celebridades que est\u00e1n impulsando esta tendencia, es la modelo Coco Rocha, es por ella que a este corte tambi\u00e9n se le da el nombre de \u201ccoco cut\u201d, en su honor\u00a0 y por la forma en c\u00f3mo adopto este estilo.<\/p>\n<p style=\"text-align: justify\">Los expertos dicen que lo fabuloso de este corte es que a todas les queda como ani\u00f1o al dedo, y adem\u00e1s lo califican como \u201cel corte m\u00e1s cool de toda la vida\u201d. Yo creo que la mayor\u00eda de las mujeres lucir\u00edan\u00a0geniales con el estilo pixie, pero hay ciertas formas de rostro a los cuales no les resultar\u00eda del todo favorecedor.<\/p>\n<div class=\"tiled-gallery type-rectangular tiled-gallery-unresized\" data-original-width=\"1200\" data-carousel-extra='{&quot;blog_id&quot;:1,&quot;permalink&quot;:&quot;https:\\\/\\\/kalot.com.mx\\\/site\\\/2013\\\/10\\\/01\\\/el-corte-pixie-o-coco-cut-el-corte-mas-cool-de-toda-la-vida\\\/&quot;,&quot;likes_blog_id&quot;:99312264}' itemscope itemtype=\"http:\/\/schema.org\/ImageGallery\" > <div class=\"gallery-row\" style=\"width: 1200px; height: 420px;\" data-original-width=\"1200\" data-original-height=\"420\" > <div class=\"gallery-group images-1\" style=\"width: 300px; height: 420px;\" data-original-width=\"300\" data-original-height=\"420\" > <div class=\"tiled-gallery-item tiled-gallery-item-large\" itemprop=\"associatedMedia\" itemscope itemtype=\"http:\/\/schema.org\/ImageObject\"> <a href=\"https:\/\/kalot.com.mx\/site\/2013\/10\/01\/el-corte-pixie-o-coco-cut-el-corte-mas-cool-de-toda-la-vida\/corte_pixie_5364_620x\/\" border=\"0\" itemprop=\"url\"> <meta itemprop=\"width\" content=\"296\"> <meta itemprop=\"height\" content=\"416\"> <img loading=\"lazy\" decoding=\"async\" class=\"\" data-attachment-id=\"2796\" data-orig-file=\"https:\/\/kalot.com.mx\/site\/wp-content\/uploads\/2013\/10\/corte_pixie_5364_620x.jpg\" data-orig-size=\"620,871\" data-comments-opened=\"1\" data-image-meta=\"{&quot;aperture&quot;:&quot;0&quot;,&quot;credit&quot;:&quot;&quot;,&quot;camera&quot;:&quot;&quot;,&quot;caption&quot;:&quot;&quot;,&quot;created_timestamp&quot;:&quot;0&quot;,&quot;copyright&quot;:&quot;&quot;,&quot;focal_length&quot;:&quot;0&quot;,&quot;iso&quot;:&quot;0&quot;,&quot;shutter_speed&quot;:&quot;0&quot;,&quot;title&quot;:&quot;&quot;}\" data-image-title=\"corte_pixie_5364_620x\" data-image-description=\"\" data-medium-file=\"https:\/\/i0.wp.com\/kalot.com.mx\/site\/wp-content\/uploads\/2013\/10\/corte_pixie_5364_620x.jpg?fit=213%2C300&#038;ssl=1\" data-large-file=\"https:\/\/i0.wp.com\/kalot.com.mx\/site\/wp-content\/uploads\/2013\/10\/corte_pixie_5364_620x.jpg?fit=620%2C871&#038;ssl=1\" src=\"https:\/\/i0.wp.com\/kalot.com.mx\/site\/wp-content\/uploads\/2013\/10\/corte_pixie_5364_620x.jpg?w=296&#038;h=416&#038;ssl=1\" srcset=\"https:\/\/i0.wp.com\/kalot.com.mx\/site\/wp-content\/uploads\/2013\/10\/corte_pixie_5364_620x.jpg?w=620&amp;ssl=1 620w, https:\/\/i0.wp.com\/kalot.com.mx\/site\/wp-content\/uploads\/2013\/10\/corte_pixie_5364_620x.jpg?resize=213%2C300&amp;ssl=1 213w\" width=\"296\" height=\"416\" loading=\"lazy\" data-original-width=\"296\" data-original-height=\"416\" itemprop=\"http:\/\/schema.org\/image\" title=\"corte_pixie_5364_620x\" alt=\"corte_pixie_5364_620x\" style=\"width: 296px; height: 416px;\" \/> <\/a> <\/div> <\/div> <!-- close group --> <div class=\"gallery-group images-1\" style=\"width: 281px; height: 420px;\" data-original-width=\"281\" data-original-height=\"420\" > <div class=\"tiled-gallery-item tiled-gallery-item-large\" itemprop=\"associatedMedia\" itemscope itemtype=\"http:\/\/schema.org\/ImageObject\"> <a href=\"https:\/\/kalot.com.mx\/site\/2013\/10\/01\/el-corte-pixie-o-coco-cut-el-corte-mas-cool-de-toda-la-vida\/corte-pixie-4\/\" border=\"0\" itemprop=\"url\"> <meta itemprop=\"width\" content=\"277\"> <meta itemprop=\"height\" content=\"416\"> <img loading=\"lazy\" decoding=\"async\" class=\"\" data-attachment-id=\"2797\" data-orig-file=\"https:\/\/kalot.com.mx\/site\/wp-content\/uploads\/2013\/10\/corte-pixie-4.jpg\" data-orig-size=\"333,500\" data-comments-opened=\"1\" data-image-meta=\"{&quot;aperture&quot;:&quot;0&quot;,&quot;credit&quot;:&quot;&quot;,&quot;camera&quot;:&quot;&quot;,&quot;caption&quot;:&quot;&quot;,&quot;created_timestamp&quot;:&quot;0&quot;,&quot;copyright&quot;:&quot;&quot;,&quot;focal_length&quot;:&quot;0&quot;,&quot;iso&quot;:&quot;0&quot;,&quot;shutter_speed&quot;:&quot;0&quot;,&quot;title&quot;:&quot;&quot;}\" data-image-title=\"corte-pixie-4\" data-image-description=\"\" data-medium-file=\"https:\/\/i0.wp.com\/kalot.com.mx\/site\/wp-content\/uploads\/2013\/10\/corte-pixie-4.jpg?fit=199%2C300&#038;ssl=1\" data-large-file=\"https:\/\/i0.wp.com\/kalot.com.mx\/site\/wp-content\/uploads\/2013\/10\/corte-pixie-4.jpg?fit=333%2C500&#038;ssl=1\" src=\"https:\/\/i0.wp.com\/kalot.com.mx\/site\/wp-content\/uploads\/2013\/10\/corte-pixie-4.jpg?w=277&#038;h=416&#038;ssl=1\" srcset=\"https:\/\/i0.wp.com\/kalot.com.mx\/site\/wp-content\/uploads\/2013\/10\/corte-pixie-4.jpg?w=333&amp;ssl=1 333w, https:\/\/i0.wp.com\/kalot.com.mx\/site\/wp-content\/uploads\/2013\/10\/corte-pixie-4.jpg?resize=199%2C300&amp;ssl=1 199w\" width=\"277\" height=\"416\" loading=\"lazy\" data-original-width=\"277\" data-original-height=\"416\" itemprop=\"http:\/\/schema.org\/image\" title=\"corte-pixie-4\" alt=\"corte-pixie-4\" style=\"width: 277px; height: 416px;\" \/> <\/a> <\/div> <\/div> <!-- close group --> <div class=\"gallery-group images-1\" style=\"width: 281px; height: 420px;\" data-original-width=\"281\" data-original-height=\"420\" > <div class=\"tiled-gallery-item tiled-gallery-item-large\" itemprop=\"associatedMedia\" itemscope itemtype=\"http:\/\/schema.org\/ImageObject\"> <a href=\"https:\/\/kalot.com.mx\/site\/2013\/10\/01\/el-corte-pixie-o-coco-cut-el-corte-mas-cool-de-toda-la-vida\/corte-pixie-8\/\" border=\"0\" itemprop=\"url\"> <meta itemprop=\"width\" content=\"277\"> <meta itemprop=\"height\" content=\"416\"> <img loading=\"lazy\" decoding=\"async\" class=\"\" data-attachment-id=\"2798\" data-orig-file=\"https:\/\/kalot.com.mx\/site\/wp-content\/uploads\/2013\/10\/corte-pixie-8.jpg\" data-orig-size=\"333,500\" data-comments-opened=\"1\" data-image-meta=\"{&quot;aperture&quot;:&quot;0&quot;,&quot;credit&quot;:&quot;&quot;,&quot;camera&quot;:&quot;&quot;,&quot;caption&quot;:&quot;&quot;,&quot;created_timestamp&quot;:&quot;0&quot;,&quot;copyright&quot;:&quot;&quot;,&quot;focal_length&quot;:&quot;0&quot;,&quot;iso&quot;:&quot;0&quot;,&quot;shutter_speed&quot;:&quot;0&quot;,&quot;title&quot;:&quot;&quot;}\" data-image-title=\"corte-pixie-8\" data-image-description=\"\" data-medium-file=\"https:\/\/i0.wp.com\/kalot.com.mx\/site\/wp-content\/uploads\/2013\/10\/corte-pixie-8.jpg?fit=199%2C300&#038;ssl=1\" data-large-file=\"https:\/\/i0.wp.com\/kalot.com.mx\/site\/wp-content\/uploads\/2013\/10\/corte-pixie-8.jpg?fit=333%2C500&#038;ssl=1\" src=\"https:\/\/i0.wp.com\/kalot.com.mx\/site\/wp-content\/uploads\/2013\/10\/corte-pixie-8.jpg?w=277&#038;h=416&#038;ssl=1\" srcset=\"https:\/\/i0.wp.com\/kalot.com.mx\/site\/wp-content\/uploads\/2013\/10\/corte-pixie-8.jpg?w=333&amp;ssl=1 333w, https:\/\/i0.wp.com\/kalot.com.mx\/site\/wp-content\/uploads\/2013\/10\/corte-pixie-8.jpg?resize=199%2C300&amp;ssl=1 199w\" width=\"277\" height=\"416\" loading=\"lazy\" data-original-width=\"277\" data-original-height=\"416\" itemprop=\"http:\/\/schema.org\/image\" title=\"corte-pixie-8\" alt=\"corte-pixie-8\" style=\"width: 277px; height: 416px;\" \/> <\/a> <\/div> <\/div> <!-- close group --> <div class=\"gallery-group images-1\" style=\"width: 338px; height: 420px;\" data-original-width=\"338\" data-original-height=\"420\" > <div class=\"tiled-gallery-item tiled-gallery-item-large\" itemprop=\"associatedMedia\" itemscope itemtype=\"http:\/\/schema.org\/ImageObject\"> <a href=\"https:\/\/kalot.com.mx\/site\/2013\/10\/01\/el-corte-pixie-o-coco-cut-el-corte-mas-cool-de-toda-la-vida\/imagesca7kbpca\/\" border=\"0\" itemprop=\"url\"> <meta itemprop=\"width\" content=\"334\"> <meta itemprop=\"height\" content=\"416\"> <img loading=\"lazy\" decoding=\"async\" class=\"\" data-attachment-id=\"2799\" data-orig-file=\"https:\/\/kalot.com.mx\/site\/wp-content\/uploads\/2013\/10\/imagesCA7KBPCA.jpg\" data-orig-size=\"201,251\" data-comments-opened=\"1\" data-image-meta=\"{&quot;aperture&quot;:&quot;0&quot;,&quot;credit&quot;:&quot;&quot;,&quot;camera&quot;:&quot;&quot;,&quot;caption&quot;:&quot;&quot;,&quot;created_timestamp&quot;:&quot;0&quot;,&quot;copyright&quot;:&quot;&quot;,&quot;focal_length&quot;:&quot;0&quot;,&quot;iso&quot;:&quot;0&quot;,&quot;shutter_speed&quot;:&quot;0&quot;,&quot;title&quot;:&quot;&quot;}\" data-image-title=\"imagesCA7KBPCA\" data-image-description=\"\" data-medium-file=\"https:\/\/i0.wp.com\/kalot.com.mx\/site\/wp-content\/uploads\/2013\/10\/imagesCA7KBPCA.jpg?fit=201%2C251&#038;ssl=1\" data-large-file=\"https:\/\/i0.wp.com\/kalot.com.mx\/site\/wp-content\/uploads\/2013\/10\/imagesCA7KBPCA.jpg?fit=201%2C251&#038;ssl=1\" src=\"https:\/\/i0.wp.com\/kalot.com.mx\/site\/wp-content\/uploads\/2013\/10\/imagesCA7KBPCA.jpg?w=334&#038;h=416&#038;ssl=1\" width=\"334\" height=\"416\" loading=\"lazy\" data-original-width=\"334\" data-original-height=\"416\" itemprop=\"http:\/\/schema.org\/image\" title=\"imagesCA7KBPCA\" alt=\"imagesCA7KBPCA\" style=\"width: 334px; height: 416px;\" \/> <\/a> <\/div> <\/div> <!-- close group --> <\/div> <!-- close row --> <div class=\"gallery-row\" style=\"width: 1200px; height: 752px;\" data-original-width=\"1200\" data-original-height=\"752\" > <div class=\"gallery-group images-1\" style=\"width: 552px; height: 752px;\" data-original-width=\"552\" data-original-height=\"752\" > <div class=\"tiled-gallery-item tiled-gallery-item-large\" itemprop=\"associatedMedia\" itemscope itemtype=\"http:\/\/schema.org\/ImageObject\"> <a href=\"https:\/\/kalot.com.mx\/site\/2013\/10\/01\/el-corte-pixie-o-coco-cut-el-corte-mas-cool-de-toda-la-vida\/imagesca85aus4\/\" border=\"0\" itemprop=\"url\"> <meta itemprop=\"width\" content=\"548\"> <meta itemprop=\"height\" content=\"748\"> <img loading=\"lazy\" decoding=\"async\" class=\"\" data-attachment-id=\"2800\" data-orig-file=\"https:\/\/kalot.com.mx\/site\/wp-content\/uploads\/2013\/10\/imagesCA85AUS4.jpg\" data-orig-size=\"192,262\" data-comments-opened=\"1\" data-image-meta=\"{&quot;aperture&quot;:&quot;0&quot;,&quot;credit&quot;:&quot;&quot;,&quot;camera&quot;:&quot;&quot;,&quot;caption&quot;:&quot;&quot;,&quot;created_timestamp&quot;:&quot;0&quot;,&quot;copyright&quot;:&quot;&quot;,&quot;focal_length&quot;:&quot;0&quot;,&quot;iso&quot;:&quot;0&quot;,&quot;shutter_speed&quot;:&quot;0&quot;,&quot;title&quot;:&quot;&quot;}\" data-image-title=\"imagesCA85AUS4\" data-image-description=\"\" data-medium-file=\"https:\/\/i0.wp.com\/kalot.com.mx\/site\/wp-content\/uploads\/2013\/10\/imagesCA85AUS4.jpg?fit=192%2C262&#038;ssl=1\" data-large-file=\"https:\/\/i0.wp.com\/kalot.com.mx\/site\/wp-content\/uploads\/2013\/10\/imagesCA85AUS4.jpg?fit=192%2C262&#038;ssl=1\" src=\"https:\/\/i0.wp.com\/kalot.com.mx\/site\/wp-content\/uploads\/2013\/10\/imagesCA85AUS4.jpg?w=548&#038;h=748&#038;ssl=1\" width=\"548\" height=\"748\" loading=\"lazy\" data-original-width=\"548\" data-original-height=\"748\" itemprop=\"http:\/\/schema.org\/image\" title=\"imagesCA85AUS4\" alt=\"imagesCA85AUS4\" style=\"width: 548px; height: 748px;\" \/> <\/a> <\/div> <\/div> <!-- close group --> <div class=\"gallery-group images-1\" style=\"width: 648px; height: 752px;\" data-original-width=\"648\" data-original-height=\"752\" > <div class=\"tiled-gallery-item tiled-gallery-item-large\" itemprop=\"associatedMedia\" itemscope itemtype=\"http:\/\/schema.org\/ImageObject\"> <a href=\"https:\/\/kalot.com.mx\/site\/2013\/10\/01\/el-corte-pixie-o-coco-cut-el-corte-mas-cool-de-toda-la-vida\/michelle-williams-short-straigth-haircut\/\" border=\"0\" itemprop=\"url\"> <meta itemprop=\"width\" content=\"644\"> <meta itemprop=\"height\" content=\"748\"> <img loading=\"lazy\" decoding=\"async\" class=\"\" data-attachment-id=\"2801\" data-orig-file=\"https:\/\/kalot.com.mx\/site\/wp-content\/uploads\/2013\/10\/Michelle-Williams-short-straigth-haircut.jpg\" data-orig-size=\"455,529\" data-comments-opened=\"1\" data-image-meta=\"{&quot;aperture&quot;:&quot;0&quot;,&quot;credit&quot;:&quot;&quot;,&quot;camera&quot;:&quot;&quot;,&quot;caption&quot;:&quot;&quot;,&quot;created_timestamp&quot;:&quot;0&quot;,&quot;copyright&quot;:&quot;&quot;,&quot;focal_length&quot;:&quot;0&quot;,&quot;iso&quot;:&quot;0&quot;,&quot;shutter_speed&quot;:&quot;0&quot;,&quot;title&quot;:&quot;&quot;}\" data-image-title=\"Michelle-Williams-short-straigth-haircut\" data-image-description=\"\" data-medium-file=\"https:\/\/i0.wp.com\/kalot.com.mx\/site\/wp-content\/uploads\/2013\/10\/Michelle-Williams-short-straigth-haircut.jpg?fit=258%2C300&#038;ssl=1\" data-large-file=\"https:\/\/i0.wp.com\/kalot.com.mx\/site\/wp-content\/uploads\/2013\/10\/Michelle-Williams-short-straigth-haircut.jpg?fit=455%2C529&#038;ssl=1\" src=\"https:\/\/i0.wp.com\/kalot.com.mx\/site\/wp-content\/uploads\/2013\/10\/Michelle-Williams-short-straigth-haircut.jpg?w=644&#038;h=748&#038;ssl=1\" srcset=\"https:\/\/i0.wp.com\/kalot.com.mx\/site\/wp-content\/uploads\/2013\/10\/Michelle-Williams-short-straigth-haircut.jpg?w=455&amp;ssl=1 455w, https:\/\/i0.wp.com\/kalot.com.mx\/site\/wp-content\/uploads\/2013\/10\/Michelle-Williams-short-straigth-haircut.jpg?resize=258%2C300&amp;ssl=1 258w\" width=\"644\" height=\"748\" loading=\"lazy\" data-original-width=\"644\" data-original-height=\"748\" itemprop=\"http:\/\/schema.org\/image\" title=\"Michelle-Williams-short-straigth-haircut\" alt=\"Michelle-Williams-short-straigth-haircut\" style=\"width: 644px; height: 748px;\" \/> <\/a> <\/div> <\/div> <!-- close group --> <\/div> <!-- close row --> <\/div>\n<p style=\"text-align: center\" align=\"center\"><strong>Ahora les voy hablar sobre mi experiencia con este corte.<\/strong><\/p>\n<p style=\"text-align: justify\">Me encontraba en una etapa de mi vida en donde estaba cerrando ciclos y sobretodo empezando y viviendo nuevos cambios, as\u00ed que quer\u00eda y ten\u00eda esa necesidad de darle un cambio radical a mi look.<\/p>\n<p style=\"text-align: justify\">La mayor parte de mi vida hab\u00eda tenido el pelo largo, y lo confieso fui parte del club de la eterna cabellera larga o mejor dicho, forme parte del fen\u00f3meno rapunzel (en donde, mientras m\u00e1s largo much\u00edsimo mejor) y es que muchos creen que esa es\u00a0una de las\u00a0partes m\u00e1s femeninas de una mujer, pero yo no lo creo as\u00ed. El tener una melena corta no te quita ni te resta feminidad, yo hasta me siento m\u00e1s coqueta ahora que adopte la tendencia del corte pixie.<\/p>\n<p style=\"text-align: justify\">Pero bueno, pasar de tener el pelo largo a tener un corte corto puede ser una experiencia un tanto dr\u00e1stica, y puedes llegar a necesitar algo de tiempo para acostumbrarte al cambio, pero en mi caso no fue as\u00ed, ahora con este corte me siento m\u00e1s yo, que cuando ten\u00eda el pelo largo, largo, largoo\u2026!<\/p>\n<p style=\"text-align: justify\">Chicas las invito a que se atrevan y aventuren hacer cambios nuevos, y sobre todo se animen a darle un look diferente a su melena.<\/p>\n<p style=\"text-align: justify\">No tengan miedo! Tenemos la gran fortuna de que el cabello crece, total si no te gusta no pasa nada, porque \u00bfQu\u00e9 crees? \u00a1Va a crecer!<\/p>\n<p style=\"text-align: justify\">Plat\u00edcame si te atrever\u00edas adoptar esta tendencia, \u00bfDejar\u00edas atr\u00e1s esa melena larga por una realmente corta?<\/p>\n","protected":false},"excerpt":{"rendered":"El corte pixie o tambi\u00e9n conocido como Coco Cut naci\u00f3 en los a\u00f1os 60 cuando un famoso peluquero&hellip;\n","protected":false},"author":10,"featured_media":2798,"comment_status":"open","ping_status":"open","sticky":false,"template":"","format":"standard","meta":{"jetpack_post_was_ever_published":false,"_jetpack_newsletter_access":"","_jetpack_dont_email_post_to_subs":false,"_jetpack_newsletter_tier_id":0,"_jetpack_memberships_contains_paywalled_content":false,"_jetpack_memberships_contains_paid_content":false,"footnotes":"","jetpack_publicize_message":"","jetpack_publicize_feature_enabled":true,"jetpack_social_post_already_shared":true,"jetpack_social_options":{"image_generator_settings":{"template":"highway","default_image_id":0,"font":"","enabled":false},"version":2}},"categories":[],"tags":[],"class_list":{"0":"post-2787","1":"post","2":"type-post","3":"status-publish","4":"format-standard","5":"has-post-thumbnail","7":"cs-entry","8":"cs-video-wrap"},"yoast_head":"<!-- This site is optimized with the Yoast SEO plugin v27.4 - https:\/\/yoast.com\/product\/yoast-seo-wordpress\/ -->\n<title>El corte pixie o Coco Cut \u201cEl corte m\u00e1s cool de toda la vida\u201d - Kalot<\/title>\n<meta name=\"description\" content=\"El corte pixie o tambi\u00e9n conocido como Coco Cut naci\u00f3 en los a\u00f1os 60 cuando un famoso peluquero brit\u00e1nico, lo creo en Mia Farrow para su papel en la\" \/>\n<meta name=\"robots\" content=\"index, follow, max-snippet:-1, max-image-preview:large, max-video-preview:-1\" \/>\n<link rel=\"canonical\" href=\"https:\/\/kalot.com.mx\/site\/2013\/10\/01\/el-corte-pixie-o-coco-cut-el-corte-mas-cool-de-toda-la-vida\/\" \/>\n<meta property=\"og:locale\" content=\"es_MX\" \/>\n<meta property=\"og:type\" content=\"article\" \/>\n<meta property=\"og:title\" content=\"El corte pixie o Coco Cut \u201cEl corte m\u00e1s cool de toda la vida\u201d - Kalot\" \/>\n<meta property=\"og:description\" content=\"El corte pixie o tambi\u00e9n conocido como Coco Cut naci\u00f3 en los a\u00f1os 60 cuando un famoso peluquero brit\u00e1nico, lo creo en Mia Farrow para su papel en la\" \/>\n<meta property=\"og:url\" content=\"https:\/\/kalot.com.mx\/site\/2013\/10\/01\/el-corte-pixie-o-coco-cut-el-corte-mas-cool-de-toda-la-vida\/\" \/>\n<meta property=\"og:site_name\" content=\"Kalot\" \/>\n<meta property=\"article:publisher\" content=\"http:\/\/facebook.com\/mxkalot\" \/>\n<meta property=\"article:published_time\" content=\"2013-10-01T16:09:00+00:00\" \/>\n<meta property=\"article:modified_time\" content=\"2013-10-02T18:48:40+00:00\" \/>\n<meta property=\"og:image\" content=\"https:\/\/i1.wp.com\/kalot.com.mx\/site\/wp-content\/uploads\/2013\/10\/corte-pixie-8.jpg?fit=333%2C500&ssl=1\" \/>\n\t<meta property=\"og:image:width\" content=\"333\" \/>\n\t<meta property=\"og:image:height\" content=\"500\" \/>\n\t<meta property=\"og:image:type\" content=\"image\/jpeg\" \/>\n<meta name=\"author\" content=\"Jesica Zubiri\" \/>\n<meta name=\"twitter:card\" content=\"summary_large_image\" \/>\n<meta name=\"twitter:creator\" content=\"@kalotmx\" \/>\n<meta name=\"twitter:site\" content=\"@kalotmx\" \/>\n<meta name=\"twitter:label1\" content=\"Escrito por\" \/>\n\t<meta name=\"twitter:data1\" content=\"Jesica Zubiri\" \/>\n\t<meta name=\"twitter:label2\" content=\"Tiempo de lectura\" \/>\n\t<meta name=\"twitter:data2\" content=\"3 minutos\" \/>\n<!-- \/ Yoast SEO plugin. -->","yoast_head_json":{"title":"El corte pixie o Coco Cut \u201cEl corte m\u00e1s cool de toda la vida\u201d - Kalot","description":"El corte pixie o tambi\u00e9n conocido como Coco Cut naci\u00f3 en los a\u00f1os 60 cuando un famoso peluquero brit\u00e1nico, lo creo en Mia Farrow para su papel en la","robots":{"index":"index","follow":"follow","max-snippet":"max-snippet:-1","max-image-preview":"max-image-preview:large","max-video-preview":"max-video-preview:-1"},"canonical":"https:\/\/kalot.com.mx\/site\/2013\/10\/01\/el-corte-pixie-o-coco-cut-el-corte-mas-cool-de-toda-la-vida\/","og_locale":"es_MX","og_type":"article","og_title":"El corte pixie o Coco Cut \u201cEl corte m\u00e1s cool de toda la vida\u201d - Kalot","og_description":"El corte pixie o tambi\u00e9n conocido como Coco Cut naci\u00f3 en los a\u00f1os 60 cuando un famoso peluquero brit\u00e1nico, lo creo en Mia Farrow para su papel en la","og_url":"https:\/\/kalot.com.mx\/site\/2013\/10\/01\/el-corte-pixie-o-coco-cut-el-corte-mas-cool-de-toda-la-vida\/","og_site_name":"Kalot","article_publisher":"http:\/\/facebook.com\/mxkalot","article_published_time":"2013-10-01T16:09:00+00:00","article_modified_time":"2013-10-02T18:48:40+00:00","og_image":[{"width":333,"height":500,"url":"https:\/\/i1.wp.com\/kalot.com.mx\/site\/wp-content\/uploads\/2013\/10\/corte-pixie-8.jpg?fit=333%2C500&ssl=1","type":"image\/jpeg"}],"author":"Jesica Zubiri","twitter_card":"summary_large_image","twitter_creator":"@kalotmx","twitter_site":"@kalotmx","twitter_misc":{"Escrito por":"Jesica Zubiri","Tiempo de lectura":"3 minutos"},"schema":{"@context":"https:\/\/schema.org","@graph":[{"@type":"Article","@id":"https:\/\/kalot.com.mx\/site\/2013\/10\/01\/el-corte-pixie-o-coco-cut-el-corte-mas-cool-de-toda-la-vida\/#article","isPartOf":{"@id":"https:\/\/kalot.com.mx\/site\/2013\/10\/01\/el-corte-pixie-o-coco-cut-el-corte-mas-cool-de-toda-la-vida\/"},"author":{"name":"Jesica Zubiri","@id":"https:\/\/kalot.com.mx\/site\/#\/schema\/person\/a3f5127a4eb0ca0a95238a9def0934fa"},"headline":"El corte pixie o Coco Cut \u201cEl corte m\u00e1s cool de toda la vida\u201d","datePublished":"2013-10-01T16:09:00+00:00","dateModified":"2013-10-02T18:48:40+00:00","mainEntityOfPage":{"@id":"https:\/\/kalot.com.mx\/site\/2013\/10\/01\/el-corte-pixie-o-coco-cut-el-corte-mas-cool-de-toda-la-vida\/"},"wordCount":523,"commentCount":2,"publisher":{"@id":"https:\/\/kalot.com.mx\/site\/#organization"},"image":{"@id":"https:\/\/kalot.com.mx\/site\/2013\/10\/01\/el-corte-pixie-o-coco-cut-el-corte-mas-cool-de-toda-la-vida\/#primaryimage"},"thumbnailUrl":"https:\/\/i0.wp.com\/kalot.com.mx\/site\/wp-content\/uploads\/2013\/10\/corte-pixie-8.jpg?fit=333%2C500&ssl=1","inLanguage":"es","potentialAction":[{"@type":"CommentAction","name":"Comment","target":["https:\/\/kalot.com.mx\/site\/2013\/10\/01\/el-corte-pixie-o-coco-cut-el-corte-mas-cool-de-toda-la-vida\/#respond"]}]},{"@type":"WebPage","@id":"https:\/\/kalot.com.mx\/site\/2013\/10\/01\/el-corte-pixie-o-coco-cut-el-corte-mas-cool-de-toda-la-vida\/","url":"https:\/\/kalot.com.mx\/site\/2013\/10\/01\/el-corte-pixie-o-coco-cut-el-corte-mas-cool-de-toda-la-vida\/","name":"El corte pixie o Coco Cut \u201cEl corte m\u00e1s cool de toda la vida\u201d - Kalot","isPartOf":{"@id":"https:\/\/kalot.com.mx\/site\/#website"},"primaryImageOfPage":{"@id":"https:\/\/kalot.com.mx\/site\/2013\/10\/01\/el-corte-pixie-o-coco-cut-el-corte-mas-cool-de-toda-la-vida\/#primaryimage"},"image":{"@id":"https:\/\/kalot.com.mx\/site\/2013\/10\/01\/el-corte-pixie-o-coco-cut-el-corte-mas-cool-de-toda-la-vida\/#primaryimage"},"thumbnailUrl":"https:\/\/i0.wp.com\/kalot.com.mx\/site\/wp-content\/uploads\/2013\/10\/corte-pixie-8.jpg?fit=333%2C500&ssl=1","datePublished":"2013-10-01T16:09:00+00:00","dateModified":"2013-10-02T18:48:40+00:00","description":"El corte pixie o tambi\u00e9n conocido como Coco Cut naci\u00f3 en los a\u00f1os 60 cuando un famoso peluquero brit\u00e1nico, lo creo en Mia Farrow para su papel en la","breadcrumb":{"@id":"https:\/\/kalot.com.mx\/site\/2013\/10\/01\/el-corte-pixie-o-coco-cut-el-corte-mas-cool-de-toda-la-vida\/#breadcrumb"},"inLanguage":"es","potentialAction":[{"@type":"ReadAction","target":["https:\/\/kalot.com.mx\/site\/2013\/10\/01\/el-corte-pixie-o-coco-cut-el-corte-mas-cool-de-toda-la-vida\/"]}]},{"@type":"ImageObject","inLanguage":"es","@id":"https:\/\/kalot.com.mx\/site\/2013\/10\/01\/el-corte-pixie-o-coco-cut-el-corte-mas-cool-de-toda-la-vida\/#primaryimage","url":"https:\/\/i0.wp.com\/kalot.com.mx\/site\/wp-content\/uploads\/2013\/10\/corte-pixie-8.jpg?fit=333%2C500&ssl=1","contentUrl":"https:\/\/i0.wp.com\/kalot.com.mx\/site\/wp-content\/uploads\/2013\/10\/corte-pixie-8.jpg?fit=333%2C500&ssl=1","width":333,"height":500},{"@type":"BreadcrumbList","@id":"https:\/\/kalot.com.mx\/site\/2013\/10\/01\/el-corte-pixie-o-coco-cut-el-corte-mas-cool-de-toda-la-vida\/#breadcrumb","itemListElement":[{"@type":"ListItem","position":1,"name":"Home","item":"https:\/\/kalot.com.mx\/site\/"},{"@type":"ListItem","position":2,"name":"El corte pixie o Coco Cut \u201cEl corte m\u00e1s cool de toda la vida\u201d"}]},{"@type":"WebSite","@id":"https:\/\/kalot.com.mx\/site\/#website","url":"https:\/\/kalot.com.mx\/site\/","name":"Kalot","description":"Conoce Todo Sobre Todo","publisher":{"@id":"https:\/\/kalot.com.mx\/site\/#organization"},"potentialAction":[{"@type":"SearchAction","target":{"@type":"EntryPoint","urlTemplate":"https:\/\/kalot.com.mx\/site\/?s={search_term_string}"},"query-input":{"@type":"PropertyValueSpecification","valueRequired":true,"valueName":"search_term_string"}}],"inLanguage":"es"},{"@type":"Organization","@id":"https:\/\/kalot.com.mx\/site\/#organization","name":"Kalot","url":"https:\/\/kalot.com.mx\/site\/","logo":{"@type":"ImageObject","inLanguage":"es","@id":"https:\/\/kalot.com.mx\/site\/#\/schema\/logo\/image\/","url":"https:\/\/i0.wp.com\/kalot.com.mx\/site\/wp-content\/uploads\/2020\/04\/Kalot-logo-sin-tagline.png?fit=1707%2C1014&ssl=1","contentUrl":"https:\/\/i0.wp.com\/kalot.com.mx\/site\/wp-content\/uploads\/2020\/04\/Kalot-logo-sin-tagline.png?fit=1707%2C1014&ssl=1","width":1707,"height":1014,"caption":"Kalot"},"image":{"@id":"https:\/\/kalot.com.mx\/site\/#\/schema\/logo\/image\/"},"sameAs":["http:\/\/facebook.com\/mxkalot","https:\/\/x.com\/kalotmx","http:\/\/instagram.com\/kalotmx","http:\/\/pinterest.com\/jorgeerana\/kalot"]},{"@type":"Person","@id":"https:\/\/kalot.com.mx\/site\/#\/schema\/person\/a3f5127a4eb0ca0a95238a9def0934fa","name":"Jesica Zubiri","image":{"@type":"ImageObject","inLanguage":"es","@id":"https:\/\/secure.gravatar.com\/avatar\/675bf4671a13298254a388fabc1fc8285958b7155de691f06ed69a03ee93fb88?s=96&d=mm&r=g","url":"https:\/\/secure.gravatar.com\/avatar\/675bf4671a13298254a388fabc1fc8285958b7155de691f06ed69a03ee93fb88?s=96&d=mm&r=g","contentUrl":"https:\/\/secure.gravatar.com\/avatar\/675bf4671a13298254a388fabc1fc8285958b7155de691f06ed69a03ee93fb88?s=96&d=mm&r=g","caption":"Jesica Zubiri"},"description":"Soy Jessica Zubiri y soy Mercadologa, Graf\u00f3loga y Consultora en Imagen F\u00edsica. Mi objetivo dentro del blog es ayudar y guiar a las mujeres a que puedan descubrir su propio potencial, y de esta manera logren proyectar y resaltar todas aquellas cualidades que las hacen \u00fanicas e irrepetibles.","url":"https:\/\/kalot.com.mx\/site\/author\/jess\/"}]}},"jetpack_publicize_connections":[],"jetpack_featured_media_url":"https:\/\/i0.wp.com\/kalot.com.mx\/site\/wp-content\/uploads\/2013\/10\/corte-pixie-8.jpg?fit=333%2C500&ssl=1","jetpack_shortlink":"https:\/\/wp.me\/p6IHEI-IX","jetpack-related-posts":[{"id":7368,"url":"https:\/\/kalot.com.mx\/site\/2013\/11\/30\/el-estilo-de-coco-chanel\/","url_meta":{"origin":2787,"position":0},"title":"El estilo de Coco Chanel","author":"Alba Gonz\u00e1lez","date":"30 noviembre, 2013","format":false,"excerpt":"Mi \u00faltimo post fue dedicado a Simone de Beauvoir, hoy le toca a Coco Chanel, \u00bfpor qu\u00e9? Porque se lo merece, porque quiero, y porque puedo. Bueno, tambi\u00e9n porque fue una mujer que demostr\u00f3 que el trabajo, el esfuerzo y la dedicaci\u00f3n pueden lograr la formaci\u00f3n de un imperio, y\u2026","rel":"","context":"Entrada similar ","block_context":{"text":"Entrada similar ","link":""},"img":{"alt_text":"","src":"https:\/\/i0.wp.com\/kalot.com.mx\/site\/wp-content\/uploads\/2013\/11\/chanellogo.jpg?fit=648%2C413&ssl=1&resize=350%2C200","width":350,"height":200,"srcset":"https:\/\/i0.wp.com\/kalot.com.mx\/site\/wp-content\/uploads\/2013\/11\/chanellogo.jpg?fit=648%2C413&ssl=1&resize=350%2C200 1x, https:\/\/i0.wp.com\/kalot.com.mx\/site\/wp-content\/uploads\/2013\/11\/chanellogo.jpg?fit=648%2C413&ssl=1&resize=525%2C300 1.5x"},"classes":[]},{"id":7266,"url":"https:\/\/kalot.com.mx\/site\/2013\/11\/28\/laves-tus-jeans\/","url_meta":{"origin":2787,"position":1},"title":"\u00a1NO LAVES TUS JEANS!","author":"Ivan Mendez","date":"28 noviembre, 2013","format":false,"excerpt":"Los pantalones de mezclilla son nuestro uniforme de las masas, eso lo sabemos todos, existen un sinf\u00edn de variedades y hasta hace no tanto el color no variaba mucho, el t\u00edpico azul y tal vez un caf\u00e9 o negro, pero \u00faltimamente tanto en hombres como en mujeres est\u00e1 de moda\u2026","rel":"","context":"Entrada similar ","block_context":{"text":"Entrada similar ","link":""},"img":{"alt_text":"","src":"https:\/\/i0.wp.com\/kalot.com.mx\/site\/wp-content\/uploads\/2013\/11\/tangodeal.com-Refocus-Men-Gents-Jeans-Slim-Fit-Lycra-TD-100257-387.jpg?fit=500%2C500&ssl=1&resize=350%2C200","width":350,"height":200},"classes":[]},{"id":6137,"url":"https:\/\/kalot.com.mx\/site\/2013\/11\/09\/todos-la-corte-del-canguro-capital-cities-_cristianflores\/","url_meta":{"origin":2787,"position":2},"title":"Todos a la corte del Canguro! [Capital Cities] @_CristianFlores","author":"Christian Flores","date":"9 noviembre, 2013","format":false,"excerpt":"Buenas noches mis estimados lectores que no salieron, digo si est\u00e1n leyendo esto supongo que no lo hicieron o ya van de salida. En esta ocasi\u00f3n me es grato saludarles y por supuesto compartir con ustedes una excelente propuesta musical. En tiempos modernos al escuchar una canci\u00f3n corremos el riesgo\u2026","rel":"","context":"Entrada similar ","block_context":{"text":"Entrada similar ","link":""},"img":{"alt_text":"","src":"https:\/\/i0.wp.com\/kalot.com.mx\/site\/wp-content\/uploads\/2013\/11\/Sin-t%C3%ADtulo1.jpg?fit=1000%2C492&ssl=1&resize=350%2C200","width":350,"height":200,"srcset":"https:\/\/i0.wp.com\/kalot.com.mx\/site\/wp-content\/uploads\/2013\/11\/Sin-t%C3%ADtulo1.jpg?fit=1000%2C492&ssl=1&resize=350%2C200 1x, https:\/\/i0.wp.com\/kalot.com.mx\/site\/wp-content\/uploads\/2013\/11\/Sin-t%C3%ADtulo1.jpg?fit=1000%2C492&ssl=1&resize=525%2C300 1.5x, https:\/\/i0.wp.com\/kalot.com.mx\/site\/wp-content\/uploads\/2013\/11\/Sin-t%C3%ADtulo1.jpg?fit=1000%2C492&ssl=1&resize=700%2C400 2x"},"classes":[]},{"id":4172,"url":"https:\/\/kalot.com.mx\/site\/2013\/10\/16\/15-cosas-que-nos-atraen-de-un-hombre-tomen-nota-caballeros\/","url_meta":{"origin":2787,"position":3},"title":"15 Cosas que nos atraen de un hombre \u00a1Tomen nota caballeros!","author":"Jesica Zubiri","date":"16 octubre, 2013","format":false,"excerpt":"Y ahora... un poema Cuando vamos caminando por la calle o estamos en una fiesta, en el restaurante, en la fila de las tortillas, en el banco o que se yo, y de repente \u00a1Pum! observamos a un hombre que a nuestro parecer es atractivo para nuestros ojos, lo primero\u2026","rel":"","context":"En &quot;Reflexi\u00f3n&quot;","block_context":{"text":"Reflexi\u00f3n","link":"https:\/\/kalot.com.mx\/site\/category\/reflexion\/"},"img":{"alt_text":"","src":"https:\/\/i0.wp.com\/kalot.com.mx\/site\/wp-content\/uploads\/2013\/10\/ws_James_Franco_Writing_1680x1050.jpg?fit=1200%2C750&ssl=1&resize=350%2C200","width":350,"height":200,"srcset":"https:\/\/i0.wp.com\/kalot.com.mx\/site\/wp-content\/uploads\/2013\/10\/ws_James_Franco_Writing_1680x1050.jpg?fit=1200%2C750&ssl=1&resize=350%2C200 1x, https:\/\/i0.wp.com\/kalot.com.mx\/site\/wp-content\/uploads\/2013\/10\/ws_James_Franco_Writing_1680x1050.jpg?fit=1200%2C750&ssl=1&resize=525%2C300 1.5x, https:\/\/i0.wp.com\/kalot.com.mx\/site\/wp-content\/uploads\/2013\/10\/ws_James_Franco_Writing_1680x1050.jpg?fit=1200%2C750&ssl=1&resize=700%2C400 2x, https:\/\/i0.wp.com\/kalot.com.mx\/site\/wp-content\/uploads\/2013\/10\/ws_James_Franco_Writing_1680x1050.jpg?fit=1200%2C750&ssl=1&resize=1050%2C600 3x"},"classes":[]},{"id":7629,"url":"https:\/\/kalot.com.mx\/site\/2013\/12\/07\/la-otra-cara-de-chanel\/","url_meta":{"origin":2787,"position":4},"title":"LA OTRA CARA DE CHANEL","author":"Ivan Mendez","date":"7 diciembre, 2013","format":false,"excerpt":"\"La moda pasa, el estilo permanece.\" Nacida en 1883, hija de un vendedor ambulante y su madre ama de casa, Gabrielle Bonheur, mejor conocida como Coco Chanel puede ser por muchas personas reconocida solo por su apellido sin embargo esa gran visionaria de la moda tuvo una vida marcada por\u2026","rel":"","context":"Entrada similar ","block_context":{"text":"Entrada similar ","link":""},"img":{"alt_text":"","src":"https:\/\/i0.wp.com\/kalot.com.mx\/site\/wp-content\/uploads\/2013\/12\/coco-chanel-closeup.jpg?fit=773%2C819&ssl=1&resize=350%2C200","width":350,"height":200,"srcset":"https:\/\/i0.wp.com\/kalot.com.mx\/site\/wp-content\/uploads\/2013\/12\/coco-chanel-closeup.jpg?fit=773%2C819&ssl=1&resize=350%2C200 1x, https:\/\/i0.wp.com\/kalot.com.mx\/site\/wp-content\/uploads\/2013\/12\/coco-chanel-closeup.jpg?fit=773%2C819&ssl=1&resize=525%2C300 1.5x, https:\/\/i0.wp.com\/kalot.com.mx\/site\/wp-content\/uploads\/2013\/12\/coco-chanel-closeup.jpg?fit=773%2C819&ssl=1&resize=700%2C400 2x"},"classes":[]},{"id":785,"url":"https:\/\/kalot.com.mx\/site\/2013\/09\/05\/785\/","url_meta":{"origin":2787,"position":5},"title":"La moda insoportable","author":"Dulce Mireles","date":"5 septiembre, 2013","format":false,"excerpt":"\u00a0 Navegando por la web (frases del abuelo) me encontr\u00e9 con esta imagen, primero solt\u00e9 una carcajada (frase tan noventera) y despu\u00e9s pens\u00e9: \u00bfQu\u00e9 opinar\u00edan los expertos de moda sobre esta imagen? Tal vez Coco muera de nuevo o simplemente regresar\u00eda para recordarnos una de sus frases famosas\"Todo lo que\u2026","rel":"","context":"Entrada similar ","block_context":{"text":"Entrada similar ","link":""},"img":{"alt_text":"","src":"https:\/\/i0.wp.com\/kalot.com.mx\/site\/wp-content\/uploads\/2013\/09\/1236801_10151547539641292_1574893388_n.png?fit=488%2C559&ssl=1&resize=350%2C200","width":350,"height":200},"classes":[]}],"jetpack_sharing_enabled":true,"_links":{"self":[{"href":"https:\/\/kalot.com.mx\/site\/wp-json\/wp\/v2\/posts\/2787","targetHints":{"allow":["GET"]}}],"collection":[{"href":"https:\/\/kalot.com.mx\/site\/wp-json\/wp\/v2\/posts"}],"about":[{"href":"https:\/\/kalot.com.mx\/site\/wp-json\/wp\/v2\/types\/post"}],"author":[{"embeddable":true,"href":"https:\/\/kalot.com.mx\/site\/wp-json\/wp\/v2\/users\/10"}],"replies":[{"embeddable":true,"href":"https:\/\/kalot.com.mx\/site\/wp-json\/wp\/v2\/comments?post=2787"}],"version-history":[{"count":0,"href":"https:\/\/kalot.com.mx\/site\/wp-json\/wp\/v2\/posts\/2787\/revisions"}],"wp:featuredmedia":[{"embeddable":true,"href":"https:\/\/kalot.com.mx\/site\/wp-json\/wp\/v2\/media\/2798"}],"wp:attachment":[{"href":"https:\/\/kalot.com.mx\/site\/wp-json\/wp\/v2\/media?parent=2787"}],"wp:term":[{"taxonomy":"category","embeddable":true,"href":"https:\/\/kalot.com.mx\/site\/wp-json\/wp\/v2\/categories?post=2787"},{"taxonomy":"post_tag","embeddable":true,"href":"https:\/\/kalot.com.mx\/site\/wp-json\/wp\/v2\/tags?post=2787"}],"curies":[{"name":"wp","href":"https:\/\/api.w.org\/{rel}","templated":true}]}}