{"id":27298,"date":"2017-07-25T20:48:35","date_gmt":"2017-07-26T02:48:35","guid":{"rendered":"http:\/\/kalot.com.mx\/site\/?p=27298"},"modified":"2019-02-27T12:44:30","modified_gmt":"2019-02-27T18:44:30","slug":"mexico-malo-en-futbol","status":"publish","type":"post","link":"https:\/\/kalot.com.mx\/site\/2017\/07\/25\/mexico-malo-en-futbol\/","title":{"rendered":"S\u00ed, M\u00e9xico es malo en f\u00fatbol."},"content":{"rendered":"<p>Debemos aceptarlo, M\u00e9xico es malo en el f\u00fatbol, no se ofendan, no estoy hablando que no sepamos jugar nada f\u00fatbol y nunca llegamos a ser profesionales porque nos \u201cchingamos\u201d la rodilla, AJ\u00c1. O que no tuvimos, tenemos o tendremos buenos futbolistas profesionales. Hablo de que simplemente no sabemos ni hemos entendido la magnitud del deporte y todos sus beneficios. En espec\u00edfico,no sabemos invertir en f\u00fatbol, menos en la selecci\u00f3n de M\u00e9xico,preferimos tener partidos \u201cmoleros de preparaci\u00f3n\u201d casi siempre en Estados Unidos, ya que \u00a0all\u00e1 la ganancia es en d\u00f3lares, pondr\u00e9 un ejemplo: un partido contra una selecci\u00f3n del Top 10 mundial, te cuesta 50 d\u00f3lares (Te va a dejar m\u00e1s experiencia pero es probable que pierdas el partido), por otro lado tener un partido con una selecci\u00f3n del Top 100 mundial, te cuesta 25 d\u00f3lares (No sirve de nada, con el viaje solo desgastas a los jugadores, pero vas a ganar el partido f\u00e1cilmente). Hagan cuentas, el partido te va a generar 150 d\u00f3lares de ganancias aseguradas porque el estadio se va a llenar; porque la afici\u00f3n mexicana es de las mejores del mundo y juegan con la nostalgia del mexicano que radica en Estados Unidos, saben que va a pagar una gran cantidad de dinero por sentirse 90 minutos cerca de M\u00e9xico. Es claro, en M\u00e9xico el f\u00fatbol es utilizado m\u00e1s como negocio que como deporte, pero exigiendo resultados deportivos a veces inmediatos.<\/p>\n<p><img data-recalc-dims=\"1\" decoding=\"async\" data-attachment-id=\"27301\" data-permalink=\"https:\/\/kalot.com.mx\/site\/2017\/07\/25\/mexico-malo-en-futbol\/3-34\/\" data-orig-file=\"https:\/\/i0.wp.com\/kalot.com.mx\/site\/wp-content\/uploads\/2017\/07\/3.jpg?fit=639%2C342&ssl=1\" data-orig-size=\"639,342\" data-comments-opened=\"1\" data-image-meta=\"{&quot;aperture&quot;:&quot;0&quot;,&quot;credit&quot;:&quot;&quot;,&quot;camera&quot;:&quot;&quot;,&quot;caption&quot;:&quot;&quot;,&quot;created_timestamp&quot;:&quot;0&quot;,&quot;copyright&quot;:&quot;&quot;,&quot;focal_length&quot;:&quot;0&quot;,&quot;iso&quot;:&quot;0&quot;,&quot;shutter_speed&quot;:&quot;0&quot;,&quot;title&quot;:&quot;&quot;,&quot;orientation&quot;:&quot;0&quot;}\" data-image-title=\"3\" data-image-description=\"\" data-image-caption=\"\" data-large-file=\"https:\/\/i0.wp.com\/kalot.com.mx\/site\/wp-content\/uploads\/2017\/07\/3.jpg?fit=639%2C342&ssl=1\" class=\"aligncenter wp-image-27301 size-medium\" src=\"https:\/\/i0.wp.com\/kalot.com.mx\/site\/wp-content\/uploads\/2017\/07\/3.jpg?resize=300%2C161&ssl=1\" alt=\"\" width=\"300\" height=\"161\" srcset=\"https:\/\/i0.wp.com\/kalot.com.mx\/site\/wp-content\/uploads\/2017\/07\/3.jpg?resize=300%2C161&ssl=1 300w, https:\/\/i0.wp.com\/kalot.com.mx\/site\/wp-content\/uploads\/2017\/07\/3.jpg?w=639&ssl=1 639w\" sizes=\"(max-width: 300px) 100vw, 300px\" \/><\/p>\n<p>Siendo sinceros, M\u00e9xico no tiene para dos selecciones,parece que ni siquiera tiene para una, que compita contra las grandes potencias. Uno de los problemas secundarios es el D.T. pero el problema principal viene de ra\u00edz, viene de nuestra liga que no beneficia al jugador mexicano y las ligas nacionales son la base de todas las selecciones,al tener una liga competitiva le abre el abanico al D.T. para seleccionar los mejores jugadores l\u00ednea por l\u00ednea,no seleccionar lo que hay, o peor, tener que habilitar jugadores en otras posiciones. Tiene mucho que ver nuestra liga, m\u00e1s cuantitativa que cualitativa extranjeramente hablando, ya que en los \u00faltimos a\u00f1os prefieren traer una mayor cantidad de extranjeros que traer extranjeros de calidad.Es excelente complementar la liga con habilidades diferentes y\/o mejores que los mexicanos; antes algunos equipos del f\u00fatbol\u00a0 mexicano ten\u00edan 3, 4,5 extranjeros referentes, hac\u00edan retumbar la liga imponiendo su gran calidad. Ahora parece burla que la liga haya implementado la regla 9\/9, engendro de la regla 10\/8, donde se da m\u00e1s oportunidad al extranjero en el 1er equipo, aun sin tener m\u00e1s calidad que un joven mexicano, por ende, el talento mexicano se queda sin la posibilidad de debutar\/jugar porque su lugar ya lo ocuparon.<\/p>\n<p><img data-recalc-dims=\"1\" fetchpriority=\"high\" decoding=\"async\" data-attachment-id=\"27302\" data-permalink=\"https:\/\/kalot.com.mx\/site\/2017\/07\/25\/mexico-malo-en-futbol\/4-24\/\" data-orig-file=\"https:\/\/i0.wp.com\/kalot.com.mx\/site\/wp-content\/uploads\/2017\/07\/4.jpg?fit=684%2C401&ssl=1\" data-orig-size=\"684,401\" data-comments-opened=\"1\" data-image-meta=\"{&quot;aperture&quot;:&quot;0&quot;,&quot;credit&quot;:&quot;Erick Allan Maya Ortega&quot;,&quot;camera&quot;:&quot;&quot;,&quot;caption&quot;:&quot;&quot;,&quot;created_timestamp&quot;:&quot;1452081383&quot;,&quot;copyright&quot;:&quot;&quot;,&quot;focal_length&quot;:&quot;0&quot;,&quot;iso&quot;:&quot;0&quot;,&quot;shutter_speed&quot;:&quot;0&quot;,&quot;title&quot;:&quot;&quot;,&quot;orientation&quot;:&quot;0&quot;}\" data-image-title=\"4\" data-image-description=\"\" data-image-caption=\"\" data-large-file=\"https:\/\/i0.wp.com\/kalot.com.mx\/site\/wp-content\/uploads\/2017\/07\/4.jpg?fit=684%2C401&ssl=1\" class=\"aligncenter wp-image-27302 size-medium\" src=\"https:\/\/i0.wp.com\/kalot.com.mx\/site\/wp-content\/uploads\/2017\/07\/4.jpg?resize=300%2C176&ssl=1\" alt=\"\" width=\"300\" height=\"176\" srcset=\"https:\/\/i0.wp.com\/kalot.com.mx\/site\/wp-content\/uploads\/2017\/07\/4.jpg?resize=300%2C176&ssl=1 300w, https:\/\/i0.wp.com\/kalot.com.mx\/site\/wp-content\/uploads\/2017\/07\/4.jpg?w=684&ssl=1 684w\" sizes=\"(max-width: 300px) 100vw, 300px\" \/><\/p>\n<p>Aplaudamos a los equipos mexicanos que invierten en nuevos talentos, los hacen debutar, les dan una salida al extranjero, pues saben que recuperar\u00e1n con creces la inversi\u00f3n hecha en el jugador.<\/p>\n<p>Aun as\u00ed casi no se le da oportunidad a j\u00f3venes, cuando solo requieren un seguimiento, porque calidad deportiva comprobada existe, tenemos dos generaciones Sub17 campeonas del mundo (Per\u00fa 2005 y M\u00e9xico 2011) que la l\u00f3gica dice que si invertimos tiempo y arropamos a esas generaciones, van a poder dar el salto de calidad cuando lleguen a la Selecci\u00f3n mayor, entregando mejores resultados. Eso no sucede en M\u00e9xico, la prensa los echa a perder agrand\u00e1ndolos, poni\u00e9ndolos como jugadores estrellas, listos para irse a Europa, pero el desenlace es que terminan sin debutar, jugando en la primera \u201cA\u201d y peor a\u00fan con un retiro prematuro por falta de oportunidad o bajo rendimiento.<\/p>\n<p>M\u00e9xico a\u00fan no ha logrado nada,vivimos enga\u00f1ados, no somos el gigante de CONCACAF, lo de gigante es consecuencia de los reflectores hechos por la prensa al pasar caminando en \u00e9pocas anteriores las eliminatorias mundialistas. Lo bueno viene cuando llegamos a la confederaciones o el mundial bien infladitos por golear a selecciones de pa\u00edses con una poblaci\u00f3n de 150,000 personas (Cupo del estadio Azteca y medio) para enfrentarnos a pa\u00edses preparados, nosotros al no estar al nivel, nos terminan poniendo una zarandeada.<\/p>\n<p>Lo mas f\u00e1cil es hacer \u00a0cr\u00edticas, maldecir al D.T. que no hizo bien las cosas. Y pens\u00e1ndolo bien M\u00e9xico ha llegado a jugar bien con diferentes D.T. pero \u00bfQui\u00e9n\/Qu\u00e9 ha funcionado o entregado resultados IMPORTANTES con la selecci\u00f3n?<\/p>\n<p><span class=\"embed-youtube\" style=\"text-align:center; display: block;\"><iframe class=\"youtube-player\" width=\"1200\" height=\"675\" src=\"https:\/\/www.youtube.com\/embed\/jL24NE0gqoQ?version=3&rel=1&showsearch=0&showinfo=1&iv_load_policy=1&fs=1&hl=es-MX&autohide=2&wmode=transparent\" allowfullscreen=\"true\" style=\"border:0;\" sandbox=\"allow-scripts allow-same-origin allow-popups allow-presentation allow-popups-to-escape-sandbox\"><\/iframe><\/span><\/p>\n<p>No minimizo los resultados que M\u00e9xico tiene, una medalla de Oro en Juegos Olimpicos(Sub 23), confederaci\u00f3n, Copas Oro, entre otros. Pero hablemos en el contexto de mundiales, porque los mundiales son la m\u00e1xima evaluaci\u00f3n peri\u00f3dica del f\u00fatbol, que al compararnos con otras selecciones que han participado las mismas veces en mundiales,los resultados son distintos: M\u00e9xico es el 5to pa\u00eds con m\u00e1s mundiales disputados\u00a0 (15) detr\u00e1s de Brasil (20), Alemania e Italia (18) y Argentina (16) (todas ya campeonas del mundo). Nosotros ni siquiera hemos llegado al tan mencionado 5to partido y pa\u00edses como Estados Unidos (10) y Costa Rica (4) ya han llegado m\u00e1s lejos sin ser considerados gigantes de Concacaf. Para dejarlo m\u00e1s claro, M\u00e9xico en selecciones mayores nunca en la historia ha ganado un partido de FIFA en eliminaci\u00f3n directa fuera del Pa\u00eds (Todas las competiciones).<\/p>\n<p>Y no podemos quejarnos que no hay materia prima, somos 127 Millones de mexicanos, solo hace falta invertir y trabajar. Pongo otras selecciones de ejemplo:<\/p>\n<ul>\n<li>Portugal (10,35 millones de personas), trabajaron\/invirtieron para ganar la Eurocopa.<\/li>\n<li>Chile (17,9 millones de personas), trabajaron\/invirtieron para ser bicampeones de Am\u00e9rica.<\/li>\n<li>Alemania (81,4 millones de personas), trabajaron\/invirtieron para ganar 4 veces el mundial.<\/li>\n<\/ul>\n<p>Tenemos\u00a0 de donde elegir, trabajar e invertir en nuevas generaciones, pero preferimos aferrarnos a nuestras estrellas, en la actualidad est\u00e1 el ejemplo del K\u00e1iser, Rafael M\u00e1rquez,que tristemente las piernas no le dan para m\u00e1s y a\u00fan queremos que siga jugando a nivel de selecci\u00f3n a la edad de 38 a\u00f1os; por otro lado, la selecci\u00f3n de Alemania en la final del mundial Brasil 2014, jubil\u00f3 a Mirsolav Klose (m\u00e1ximo goleador de mundiales) a la edad de 36 a\u00f1os, sali\u00f3 de cambio al minuto(88), entrando a la cancha un joven de 22 a\u00f1os llamado Mario G\u00f6tze. Ese joven en tiempos extras marc\u00f3 el gol de la victoria d\u00e1ndoles el campeonato del Mundo. Saquen sus conclusiones.(Lo pueden revivir desde el minuto 3:44 del siguiente v\u00eddeo, aunque el v\u00eddeo vale la pena verlo completo)<\/p>\n<p><span class=\"embed-youtube\" style=\"text-align:center; display: block;\"><iframe class=\"youtube-player\" width=\"1200\" height=\"675\" src=\"https:\/\/www.youtube.com\/embed\/MIIyNLy22GE?version=3&rel=1&showsearch=0&showinfo=1&iv_load_policy=1&fs=1&hl=es-MX&autohide=2&wmode=transparent\" allowfullscreen=\"true\" style=\"border:0;\" sandbox=\"allow-scripts allow-same-origin allow-popups allow-presentation allow-popups-to-escape-sandbox\"><\/iframe><\/span><\/p>\n<p>M\u00e9xico debe de mejorar bastante, le puede pasar el cuento del conejo y la tortuga, ha estado dormido en sus laureles por gran tiempo, mientras otras selecciones de CONCACAF que son m\u00e1s humildes, se han puesto a trabajar sus recursos,que aunque limitados, empiezan a dar resultados. Parece que piensan que el mejor beneficio para la selecci\u00f3n es que las otras selecciones de la zona no crezcan, o \u00bfCu\u00e1ntos Hondure\u00f1os,Paname\u00f1os, Ticos,Salvadore\u00f1os hay en la liga mexicana? Preferimos plagarnos de jugadores de Paraguay,Argentina,Brasil, Uruguay,etc. Que no son nuestros rivales directos. Pero \u00bfQu\u00e9 pasar\u00eda si M\u00e9xico estuviera en la zona de Conmebol? \u00bfA cu\u00e1ntos mundiales hubi\u00e9ramos asistido?<\/p>\n<p><img data-recalc-dims=\"1\" decoding=\"async\" data-attachment-id=\"27304\" data-permalink=\"https:\/\/kalot.com.mx\/site\/2017\/07\/25\/mexico-malo-en-futbol\/6-15\/\" data-orig-file=\"https:\/\/i0.wp.com\/kalot.com.mx\/site\/wp-content\/uploads\/2017\/07\/6.jpg?fit=316%2C502&ssl=1\" data-orig-size=\"316,502\" data-comments-opened=\"1\" data-image-meta=\"{&quot;aperture&quot;:&quot;0&quot;,&quot;credit&quot;:&quot;&quot;,&quot;camera&quot;:&quot;&quot;,&quot;caption&quot;:&quot;&quot;,&quot;created_timestamp&quot;:&quot;0&quot;,&quot;copyright&quot;:&quot;&quot;,&quot;focal_length&quot;:&quot;0&quot;,&quot;iso&quot;:&quot;0&quot;,&quot;shutter_speed&quot;:&quot;0&quot;,&quot;title&quot;:&quot;&quot;,&quot;orientation&quot;:&quot;0&quot;}\" data-image-title=\"6\" data-image-description=\"\" data-image-caption=\"\" data-large-file=\"https:\/\/i0.wp.com\/kalot.com.mx\/site\/wp-content\/uploads\/2017\/07\/6.jpg?fit=316%2C502&ssl=1\" class=\"aligncenter wp-image-27304 size-medium\" src=\"https:\/\/i0.wp.com\/kalot.com.mx\/site\/wp-content\/uploads\/2017\/07\/6.jpg?resize=189%2C300&ssl=1\" alt=\"\" width=\"189\" height=\"300\" srcset=\"https:\/\/i0.wp.com\/kalot.com.mx\/site\/wp-content\/uploads\/2017\/07\/6.jpg?resize=189%2C300&ssl=1 189w, https:\/\/i0.wp.com\/kalot.com.mx\/site\/wp-content\/uploads\/2017\/07\/6.jpg?w=316&ssl=1 316w\" sizes=\"(max-width: 189px) 100vw, 189px\" \/><\/p>\n<p>\u00a0<\/p>\n<p>Todos tenemos culpa en el p\u00e9simo crecimiento de M\u00e9xico, no hablo solo de lo deportivo, pero esa es otra historia\u2026<\/p>\n<p>\u00bfA qu\u00e9 le tiras mexicano?<\/p>\n<p>Gracias.<\/p>\n<p>@f_erbenitez<\/p>\n","protected":false},"excerpt":{"rendered":"Debemos aceptarlo, M\u00e9xico es malo en el f\u00fatbol, no se ofendan, no estoy hablando que no sepamos jugar&hellip;\n","protected":false},"author":105,"featured_media":27300,"comment_status":"open","ping_status":"open","sticky":false,"template":"","format":"standard","meta":{"jetpack_post_was_ever_published":false,"_jetpack_newsletter_access":"","_jetpack_dont_email_post_to_subs":false,"_jetpack_newsletter_tier_id":0,"_jetpack_memberships_contains_paywalled_content":false,"_jetpack_memberships_contains_paid_content":false,"footnotes":"","jetpack_publicize_message":"","jetpack_publicize_feature_enabled":true,"jetpack_social_post_already_shared":true,"jetpack_social_options":{"image_generator_settings":{"template":"highway","default_image_id":0,"font":"","enabled":false},"version":2}},"categories":[68,7],"tags":[1526,1525,20,19,28,1524,1527,251],"class_list":{"0":"post-27298","1":"post","2":"type-post","3":"status-publish","4":"format-standard","5":"has-post-thumbnail","7":"category-deportes","8":"category-novedades","9":"tag-confederaciones","10":"tag-copa-oro","11":"tag-futbol","12":"tag-liga-mx","13":"tag-mexico","14":"tag-mundial","15":"tag-soccer","16":"tag-tri-copa-mundial","17":"cs-entry","18":"cs-video-wrap"},"yoast_head":"<!-- This site is optimized with the Yoast SEO plugin v27.5 - https:\/\/yoast.com\/product\/yoast-seo-wordpress\/ -->\n<title>S\u00ed, M\u00e9xico es malo en f\u00fatbol. - Kalot<\/title>\n<meta name=\"description\" content=\"Debemos aceptarlo, M\u00e9xico es malo en el f\u00fatbol, no se ofendan, no estoy hablando que no sepamos jugar nada f\u00fatbol y nunca llegamos a ser profesionales\" \/>\n<meta name=\"robots\" content=\"index, follow, max-snippet:-1, max-image-preview:large, max-video-preview:-1\" \/>\n<link rel=\"canonical\" href=\"https:\/\/kalot.com.mx\/site\/2017\/07\/25\/mexico-malo-en-futbol\/\" \/>\n<meta property=\"og:locale\" content=\"es_MX\" \/>\n<meta property=\"og:type\" content=\"article\" \/>\n<meta property=\"og:title\" content=\"S\u00ed, M\u00e9xico es malo en f\u00fatbol. - Kalot\" \/>\n<meta property=\"og:description\" content=\"Debemos aceptarlo, M\u00e9xico es malo en el f\u00fatbol, no se ofendan, no estoy hablando que no sepamos jugar nada f\u00fatbol y nunca llegamos a ser profesionales\" \/>\n<meta property=\"og:url\" content=\"https:\/\/kalot.com.mx\/site\/2017\/07\/25\/mexico-malo-en-futbol\/\" \/>\n<meta property=\"og:site_name\" content=\"Kalot\" \/>\n<meta property=\"article:publisher\" content=\"http:\/\/facebook.com\/mxkalot\" \/>\n<meta property=\"article:published_time\" content=\"2017-07-26T02:48:35+00:00\" \/>\n<meta property=\"article:modified_time\" content=\"2019-02-27T18:44:30+00:00\" \/>\n<meta property=\"og:image\" content=\"https:\/\/i0.wp.com\/kalot.com.mx\/site\/wp-content\/uploads\/2017\/07\/2.jpg?fit=620%2C465&ssl=1\" \/>\n\t<meta property=\"og:image:width\" content=\"620\" \/>\n\t<meta property=\"og:image:height\" content=\"465\" \/>\n\t<meta property=\"og:image:type\" content=\"image\/jpeg\" \/>\n<meta name=\"author\" content=\"Fernando Benitez\" \/>\n<meta name=\"twitter:card\" content=\"summary_large_image\" \/>\n<meta name=\"twitter:creator\" content=\"@f_erbenitez\" \/>\n<meta name=\"twitter:site\" content=\"@kalotmx\" \/>\n<meta name=\"twitter:label1\" content=\"Escrito por\" \/>\n\t<meta name=\"twitter:data1\" content=\"Fernando Benitez\" \/>\n\t<meta name=\"twitter:label2\" content=\"Tiempo de lectura\" \/>\n\t<meta name=\"twitter:data2\" content=\"6 minutos\" \/>\n<!-- \/ Yoast SEO plugin. -->","yoast_head_json":{"title":"S\u00ed, M\u00e9xico es malo en f\u00fatbol. - Kalot","description":"Debemos aceptarlo, M\u00e9xico es malo en el f\u00fatbol, no se ofendan, no estoy hablando que no sepamos jugar nada f\u00fatbol y nunca llegamos a ser profesionales","robots":{"index":"index","follow":"follow","max-snippet":"max-snippet:-1","max-image-preview":"max-image-preview:large","max-video-preview":"max-video-preview:-1"},"canonical":"https:\/\/kalot.com.mx\/site\/2017\/07\/25\/mexico-malo-en-futbol\/","og_locale":"es_MX","og_type":"article","og_title":"S\u00ed, M\u00e9xico es malo en f\u00fatbol. - Kalot","og_description":"Debemos aceptarlo, M\u00e9xico es malo en el f\u00fatbol, no se ofendan, no estoy hablando que no sepamos jugar nada f\u00fatbol y nunca llegamos a ser profesionales","og_url":"https:\/\/kalot.com.mx\/site\/2017\/07\/25\/mexico-malo-en-futbol\/","og_site_name":"Kalot","article_publisher":"http:\/\/facebook.com\/mxkalot","article_published_time":"2017-07-26T02:48:35+00:00","article_modified_time":"2019-02-27T18:44:30+00:00","og_image":[{"width":620,"height":465,"url":"https:\/\/i0.wp.com\/kalot.com.mx\/site\/wp-content\/uploads\/2017\/07\/2.jpg?fit=620%2C465&ssl=1","type":"image\/jpeg"}],"author":"Fernando Benitez","twitter_card":"summary_large_image","twitter_creator":"@f_erbenitez","twitter_site":"@kalotmx","twitter_misc":{"Escrito por":"Fernando Benitez","Tiempo de lectura":"6 minutos"},"schema":{"@context":"https:\/\/schema.org","@graph":[{"@type":"Article","@id":"https:\/\/kalot.com.mx\/site\/2017\/07\/25\/mexico-malo-en-futbol\/#article","isPartOf":{"@id":"https:\/\/kalot.com.mx\/site\/2017\/07\/25\/mexico-malo-en-futbol\/"},"author":{"name":"Fernando Benitez","@id":"https:\/\/kalot.com.mx\/site\/#\/schema\/person\/e82d16d1da7f12642f3eaefa6daba1c0"},"headline":"S\u00ed, M\u00e9xico es malo en f\u00fatbol.","datePublished":"2017-07-26T02:48:35+00:00","dateModified":"2019-02-27T18:44:30+00:00","mainEntityOfPage":{"@id":"https:\/\/kalot.com.mx\/site\/2017\/07\/25\/mexico-malo-en-futbol\/"},"wordCount":1280,"commentCount":2,"publisher":{"@id":"https:\/\/kalot.com.mx\/site\/#organization"},"image":{"@id":"https:\/\/kalot.com.mx\/site\/2017\/07\/25\/mexico-malo-en-futbol\/#primaryimage"},"thumbnailUrl":"https:\/\/i0.wp.com\/kalot.com.mx\/site\/wp-content\/uploads\/2017\/07\/2.jpg?fit=620%2C465&ssl=1","keywords":["confederaciones","copa oro","F\u00fatbol","Liga mx","mexico","mundial","soccer","Tri. Copa Mundial"],"articleSection":["Deportes","Novedades"],"inLanguage":"es","potentialAction":[{"@type":"CommentAction","name":"Comment","target":["https:\/\/kalot.com.mx\/site\/2017\/07\/25\/mexico-malo-en-futbol\/#respond"]}]},{"@type":"WebPage","@id":"https:\/\/kalot.com.mx\/site\/2017\/07\/25\/mexico-malo-en-futbol\/","url":"https:\/\/kalot.com.mx\/site\/2017\/07\/25\/mexico-malo-en-futbol\/","name":"S\u00ed, M\u00e9xico es malo en f\u00fatbol. - Kalot","isPartOf":{"@id":"https:\/\/kalot.com.mx\/site\/#website"},"primaryImageOfPage":{"@id":"https:\/\/kalot.com.mx\/site\/2017\/07\/25\/mexico-malo-en-futbol\/#primaryimage"},"image":{"@id":"https:\/\/kalot.com.mx\/site\/2017\/07\/25\/mexico-malo-en-futbol\/#primaryimage"},"thumbnailUrl":"https:\/\/i0.wp.com\/kalot.com.mx\/site\/wp-content\/uploads\/2017\/07\/2.jpg?fit=620%2C465&ssl=1","datePublished":"2017-07-26T02:48:35+00:00","dateModified":"2019-02-27T18:44:30+00:00","description":"Debemos aceptarlo, M\u00e9xico es malo en el f\u00fatbol, no se ofendan, no estoy hablando que no sepamos jugar nada f\u00fatbol y nunca llegamos a ser profesionales","breadcrumb":{"@id":"https:\/\/kalot.com.mx\/site\/2017\/07\/25\/mexico-malo-en-futbol\/#breadcrumb"},"inLanguage":"es","potentialAction":[{"@type":"ReadAction","target":["https:\/\/kalot.com.mx\/site\/2017\/07\/25\/mexico-malo-en-futbol\/"]}]},{"@type":"ImageObject","inLanguage":"es","@id":"https:\/\/kalot.com.mx\/site\/2017\/07\/25\/mexico-malo-en-futbol\/#primaryimage","url":"https:\/\/i0.wp.com\/kalot.com.mx\/site\/wp-content\/uploads\/2017\/07\/2.jpg?fit=620%2C465&ssl=1","contentUrl":"https:\/\/i0.wp.com\/kalot.com.mx\/site\/wp-content\/uploads\/2017\/07\/2.jpg?fit=620%2C465&ssl=1","width":620,"height":465},{"@type":"BreadcrumbList","@id":"https:\/\/kalot.com.mx\/site\/2017\/07\/25\/mexico-malo-en-futbol\/#breadcrumb","itemListElement":[{"@type":"ListItem","position":1,"name":"Home","item":"https:\/\/kalot.com.mx\/site\/"},{"@type":"ListItem","position":2,"name":"S\u00ed, M\u00e9xico es malo en f\u00fatbol."}]},{"@type":"WebSite","@id":"https:\/\/kalot.com.mx\/site\/#website","url":"https:\/\/kalot.com.mx\/site\/","name":"Kalot","description":"Conoce Todo Sobre Todo","publisher":{"@id":"https:\/\/kalot.com.mx\/site\/#organization"},"potentialAction":[{"@type":"SearchAction","target":{"@type":"EntryPoint","urlTemplate":"https:\/\/kalot.com.mx\/site\/?s={search_term_string}"},"query-input":{"@type":"PropertyValueSpecification","valueRequired":true,"valueName":"search_term_string"}}],"inLanguage":"es"},{"@type":"Organization","@id":"https:\/\/kalot.com.mx\/site\/#organization","name":"Kalot","url":"https:\/\/kalot.com.mx\/site\/","logo":{"@type":"ImageObject","inLanguage":"es","@id":"https:\/\/kalot.com.mx\/site\/#\/schema\/logo\/image\/","url":"https:\/\/i0.wp.com\/kalot.com.mx\/site\/wp-content\/uploads\/2020\/04\/Kalot-logo-sin-tagline.png?fit=1707%2C1014&ssl=1","contentUrl":"https:\/\/i0.wp.com\/kalot.com.mx\/site\/wp-content\/uploads\/2020\/04\/Kalot-logo-sin-tagline.png?fit=1707%2C1014&ssl=1","width":1707,"height":1014,"caption":"Kalot"},"image":{"@id":"https:\/\/kalot.com.mx\/site\/#\/schema\/logo\/image\/"},"sameAs":["http:\/\/facebook.com\/mxkalot","https:\/\/x.com\/kalotmx","http:\/\/instagram.com\/kalotmx","http:\/\/pinterest.com\/jorgeerana\/kalot"]},{"@type":"Person","@id":"https:\/\/kalot.com.mx\/site\/#\/schema\/person\/e82d16d1da7f12642f3eaefa6daba1c0","name":"Fernando Benitez","image":{"@type":"ImageObject","inLanguage":"es","@id":"https:\/\/secure.gravatar.com\/avatar\/62bdd498d60e7802a83bf78b44a4cdccb6029e4a3650d94a72a9bcfc72bf0bf9?s=96&d=mm&r=g","url":"https:\/\/secure.gravatar.com\/avatar\/62bdd498d60e7802a83bf78b44a4cdccb6029e4a3650d94a72a9bcfc72bf0bf9?s=96&d=mm&r=g","contentUrl":"https:\/\/secure.gravatar.com\/avatar\/62bdd498d60e7802a83bf78b44a4cdccb6029e4a3650d94a72a9bcfc72bf0bf9?s=96&d=mm&r=g","caption":"Fernando Benitez"},"description":"Mercatodologo que le gusta conocer, ajedrez, deportes y una fiesta que se atraviese con los amigos . No me enojo, no corro, no empujo. Me fijo en lo que pasa y se los platico. Puma de coraz\u00f3n que no estudia en la U.N.A.M. Leo mucho y ando mucho, veo mucho y no se mucho.","sameAs":["https:\/\/x.com\/f_erbenitez"],"url":"https:\/\/kalot.com.mx\/site\/author\/fernando\/"}]}},"jetpack_publicize_connections":[],"jetpack_featured_media_url":"https:\/\/i0.wp.com\/kalot.com.mx\/site\/wp-content\/uploads\/2017\/07\/2.jpg?fit=620%2C465&ssl=1","jetpack_shortlink":"https:\/\/wp.me\/p6IHEI-76i","jetpack-related-posts":[{"id":22472,"url":"https:\/\/kalot.com.mx\/site\/2015\/07\/22\/copa-oro-mexico-2-1-panama-bochornoso\/","url_meta":{"origin":27298,"position":0},"title":"Copa Oro. Mexico 2-1 Panama: Bochornoso","author":"Andres Bautista","date":"22 julio, 2015","format":false,"excerpt":"Espect\u00e1culo bochornoso es lo que se vivi\u00f3 en la semifinal de Copa Oro. Da\u00f1o irreparable a la, ya de por si muy lastimada, credibilidad de CONCACAF. Un primer tiempo que estuvo marcado por las pol\u00e9micas arbitrales; primero un codazo de Vela que el \u00e1rbitro considero como tarjeta amarilla y m\u00e1s\u2026","rel":"","context":"Entrada similar ","block_context":{"text":"Entrada similar ","link":""},"img":{"alt_text":"","src":"https:\/\/i0.wp.com\/kalot.com.mx\/site\/wp-content\/uploads\/2015\/07\/mexico-panama-final-copa-oro-.jpg?fit=820%2C550&ssl=1&resize=350%2C200","width":350,"height":200,"srcset":"https:\/\/i0.wp.com\/kalot.com.mx\/site\/wp-content\/uploads\/2015\/07\/mexico-panama-final-copa-oro-.jpg?fit=820%2C550&ssl=1&resize=350%2C200 1x, https:\/\/i0.wp.com\/kalot.com.mx\/site\/wp-content\/uploads\/2015\/07\/mexico-panama-final-copa-oro-.jpg?fit=820%2C550&ssl=1&resize=525%2C300 1.5x, https:\/\/i0.wp.com\/kalot.com.mx\/site\/wp-content\/uploads\/2015\/07\/mexico-panama-final-copa-oro-.jpg?fit=820%2C550&ssl=1&resize=700%2C400 2x"},"classes":[]},{"id":16375,"url":"https:\/\/kalot.com.mx\/site\/2014\/05\/24\/estan-de-vuelta-pero-como-aficionados\/","url_meta":{"origin":27298,"position":1},"title":"Estan de vuelta, pero como aficionados","author":"Kevin Uresti","date":"24 mayo, 2014","format":false,"excerpt":"Pepsi, la principal competencia de Coca-Cola en M\u00e9xico, ha reunido a 3 de los mejores futbolistas artilleros mexicanos de todos los tiempos, Cuauht\u00e9moc Blanco, Luis Hern\u00e1ndez \u201cel matador\u201d y Juan Francisco Palencia aquellos jugadores que participaron en la copa mundial de Francia 98, copa confederaciones 99 y mundial de f\u00fatbol\u2026","rel":"","context":"Entrada similar ","block_context":{"text":"Entrada similar ","link":""},"img":{"alt_text":"","src":"https:\/\/i0.wp.com\/kalot.com.mx\/site\/wp-content\/uploads\/2014\/05\/MEX.jpg?fit=672%2C402&ssl=1&resize=350%2C200","width":350,"height":200,"srcset":"https:\/\/i0.wp.com\/kalot.com.mx\/site\/wp-content\/uploads\/2014\/05\/MEX.jpg?fit=672%2C402&ssl=1&resize=350%2C200 1x, https:\/\/i0.wp.com\/kalot.com.mx\/site\/wp-content\/uploads\/2014\/05\/MEX.jpg?fit=672%2C402&ssl=1&resize=525%2C300 1.5x"},"classes":[]},{"id":16740,"url":"https:\/\/kalot.com.mx\/site\/2014\/06\/12\/apps-para-ver-el-mundial-desde-donde-estes\/","url_meta":{"origin":27298,"position":2},"title":"Apps para ver el Mundial desde donde est\u00e9s","author":"Cecilia Mata","date":"12 junio, 2014","format":false,"excerpt":"A llegado el momento y por fin empez\u00f3 la copa del mundo 2014 tras cuatro a\u00f1os que se han tenido que esperar para que las mejores estrellas del bal\u00f3n se den cita en una nueva edici\u00f3n del mundial de f\u00fatbol \u00a0ya estamos listos en kalot y espero que ustedes tambi\u00e9n\u2026","rel":"","context":"Entrada similar ","block_context":{"text":"Entrada similar ","link":""},"img":{"alt_text":"","src":"https:\/\/i0.wp.com\/kalot.com.mx\/site\/wp-content\/uploads\/2014\/06\/MASTER-IMAGE-Best-Apps-664x374.jpg?fit=664%2C374&ssl=1&resize=350%2C200","width":350,"height":200,"srcset":"https:\/\/i0.wp.com\/kalot.com.mx\/site\/wp-content\/uploads\/2014\/06\/MASTER-IMAGE-Best-Apps-664x374.jpg?fit=664%2C374&ssl=1&resize=350%2C200 1x, https:\/\/i0.wp.com\/kalot.com.mx\/site\/wp-content\/uploads\/2014\/06\/MASTER-IMAGE-Best-Apps-664x374.jpg?fit=664%2C374&ssl=1&resize=525%2C300 1.5x"},"classes":[]},{"id":17007,"url":"https:\/\/kalot.com.mx\/site\/2014\/06\/26\/otro-post-mundialista\/","url_meta":{"origin":27298,"position":3},"title":"OTRO Post Mundialista","author":"K. Max","date":"26 junio, 2014","format":false,"excerpt":"Ah, El Mundial de Futbol\u2026 ese bonito evento de la FIFA que cada 4 a\u00f1os esperamos para que nos bombardeen con comerciales donde aparezca la jeta del DT de la selecci\u00f3n, con los jugadores estrella de los equipos nacionales, para que cada a\u00f1o la selecci\u00f3n haga su agosto y salga\u2026","rel":"","context":"Entrada similar ","block_context":{"text":"Entrada similar ","link":""},"img":{"alt_text":"","src":"https:\/\/i0.wp.com\/kalot.com.mx\/site\/wp-content\/uploads\/2014\/06\/La-Seleccion.jpg?fit=800%2C532&ssl=1&resize=350%2C200","width":350,"height":200,"srcset":"https:\/\/i0.wp.com\/kalot.com.mx\/site\/wp-content\/uploads\/2014\/06\/La-Seleccion.jpg?fit=800%2C532&ssl=1&resize=350%2C200 1x, https:\/\/i0.wp.com\/kalot.com.mx\/site\/wp-content\/uploads\/2014\/06\/La-Seleccion.jpg?fit=800%2C532&ssl=1&resize=525%2C300 1.5x, https:\/\/i0.wp.com\/kalot.com.mx\/site\/wp-content\/uploads\/2014\/06\/La-Seleccion.jpg?fit=800%2C532&ssl=1&resize=700%2C400 2x"},"classes":[]},{"id":3864,"url":"https:\/\/kalot.com.mx\/site\/2013\/10\/13\/3864clasificadosbrasil14\/","url_meta":{"origin":27298,"position":4},"title":"14 son los equipos clasificados a Brasil 2014 #Deportes","author":"Anastacio S\u00e1nchez","date":"13 octubre, 2013","format":false,"excerpt":"Despu\u00e9s de la pen\u00faltima fecha de las eliminatorias hacia el mundial de Brasil 2014, \u00a0se cuenta con casi la mitad de las selecciones que estar\u00e1n presentes en este magno evento. Las 14 Selecciones de todo el mundo que ya est\u00e1n en el Mundial son: Confederaci\u00f3n Sudamericana de F\u00fatbol Conmebol: Argentina,\u2026","rel":"","context":"Entrada similar ","block_context":{"text":"Entrada similar ","link":""},"img":{"alt_text":"","src":"https:\/\/i0.wp.com\/kalot.com.mx\/site\/wp-content\/uploads\/2013\/10\/brasil-2014.jpg?fit=1087%2C601&ssl=1&resize=350%2C200","width":350,"height":200,"srcset":"https:\/\/i0.wp.com\/kalot.com.mx\/site\/wp-content\/uploads\/2013\/10\/brasil-2014.jpg?fit=1087%2C601&ssl=1&resize=350%2C200 1x, https:\/\/i0.wp.com\/kalot.com.mx\/site\/wp-content\/uploads\/2013\/10\/brasil-2014.jpg?fit=1087%2C601&ssl=1&resize=525%2C300 1.5x, https:\/\/i0.wp.com\/kalot.com.mx\/site\/wp-content\/uploads\/2013\/10\/brasil-2014.jpg?fit=1087%2C601&ssl=1&resize=700%2C400 2x, https:\/\/i0.wp.com\/kalot.com.mx\/site\/wp-content\/uploads\/2013\/10\/brasil-2014.jpg?fit=1087%2C601&ssl=1&resize=1050%2C600 3x"},"classes":[]},{"id":17050,"url":"https:\/\/kalot.com.mx\/site\/2014\/06\/30\/mexico-y-el-fin-del-partido\/","url_meta":{"origin":27298,"position":5},"title":"M\u00e9xico y El Fin del Partido","author":"Omar Herrera","date":"30 junio, 2014","format":false,"excerpt":"Amanece con un clima inusual y enga\u00f1oso desde temprana hora en el pa\u00eds; las calles y establecimientos se visten de verde, blanco y rojo en esta ma\u00f1ana de domingo en donde a pesar del crudo despertar de su servidor, el reloj interno marca las 10:37 am y no traiciona ya\u2026","rel":"","context":"Con 1 comentario","block_context":{"text":"Con 1 comentario","link":"https:\/\/kalot.com.mx\/site\/2014\/06\/30\/mexico-y-el-fin-del-partido\/#comments"},"img":{"alt_text":"","src":"https:\/\/i0.wp.com\/kalot.com.mx\/site\/wp-content\/uploads\/2014\/06\/Selecci%C3%B3n-Mexicana.jpg?fit=1200%2C800&ssl=1&resize=350%2C200","width":350,"height":200,"srcset":"https:\/\/i0.wp.com\/kalot.com.mx\/site\/wp-content\/uploads\/2014\/06\/Selecci%C3%B3n-Mexicana.jpg?fit=1200%2C800&ssl=1&resize=350%2C200 1x, https:\/\/i0.wp.com\/kalot.com.mx\/site\/wp-content\/uploads\/2014\/06\/Selecci%C3%B3n-Mexicana.jpg?fit=1200%2C800&ssl=1&resize=525%2C300 1.5x, https:\/\/i0.wp.com\/kalot.com.mx\/site\/wp-content\/uploads\/2014\/06\/Selecci%C3%B3n-Mexicana.jpg?fit=1200%2C800&ssl=1&resize=700%2C400 2x, https:\/\/i0.wp.com\/kalot.com.mx\/site\/wp-content\/uploads\/2014\/06\/Selecci%C3%B3n-Mexicana.jpg?fit=1200%2C800&ssl=1&resize=1050%2C600 3x"},"classes":[]}],"jetpack_sharing_enabled":true,"_links":{"self":[{"href":"https:\/\/kalot.com.mx\/site\/wp-json\/wp\/v2\/posts\/27298","targetHints":{"allow":["GET"]}}],"collection":[{"href":"https:\/\/kalot.com.mx\/site\/wp-json\/wp\/v2\/posts"}],"about":[{"href":"https:\/\/kalot.com.mx\/site\/wp-json\/wp\/v2\/types\/post"}],"author":[{"embeddable":true,"href":"https:\/\/kalot.com.mx\/site\/wp-json\/wp\/v2\/users\/105"}],"replies":[{"embeddable":true,"href":"https:\/\/kalot.com.mx\/site\/wp-json\/wp\/v2\/comments?post=27298"}],"version-history":[{"count":11,"href":"https:\/\/kalot.com.mx\/site\/wp-json\/wp\/v2\/posts\/27298\/revisions"}],"predecessor-version":[{"id":27314,"href":"https:\/\/kalot.com.mx\/site\/wp-json\/wp\/v2\/posts\/27298\/revisions\/27314"}],"wp:featuredmedia":[{"embeddable":true,"href":"https:\/\/kalot.com.mx\/site\/wp-json\/wp\/v2\/media\/27300"}],"wp:attachment":[{"href":"https:\/\/kalot.com.mx\/site\/wp-json\/wp\/v2\/media?parent=27298"}],"wp:term":[{"taxonomy":"category","embeddable":true,"href":"https:\/\/kalot.com.mx\/site\/wp-json\/wp\/v2\/categories?post=27298"},{"taxonomy":"post_tag","embeddable":true,"href":"https:\/\/kalot.com.mx\/site\/wp-json\/wp\/v2\/tags?post=27298"}],"curies":[{"name":"wp","href":"https:\/\/api.w.org\/{rel}","templated":true}]}}