{"id":27227,"date":"2017-06-27T14:34:45","date_gmt":"2017-06-27T20:34:45","guid":{"rendered":"http:\/\/kalot.com.mx\/site\/?p=27227"},"modified":"2017-12-20T09:24:26","modified_gmt":"2017-12-20T15:24:26","slug":"albricias-trisha-ziff","status":"publish","type":"post","link":"https:\/\/kalot.com.mx\/site\/2017\/06\/27\/albricias-trisha-ziff\/","title":{"rendered":"Albricias para Trisha Ziff"},"content":{"rendered":"<p>Querida Trisha Ziff:<\/p>\n<p>Es realmente cautivador pensar en el conjunto de entes de luz que hemos visto a lo largo de nuestras vidas, y c\u00f3mo estos definen el sentido de lo que decidimos observar.<\/p>\n<p>Al ver los primeros minutos de El hombre que vio demasiado, intuimos que estamos a punto de presenciar alg\u00fan tipo de fatalidad, algo que es real, gracias a los sonidos de las ambulancias, la c\u00e1mara en mano, el recorrido hacia el lugar del hecho, y al final el disparo de la c\u00e1mara fotogr\u00e1fica, para inmediatamente presentarnos a quien ha presenciado y fotografiado la desgracia humana en todo su esplendor: Enrique Metinides, quien\u00a0\u00a0venturosamente se zambull\u00f3 en la orbe de la tragedia, capturando diariamente 100 fotograf\u00edas que formaban parte de la nota roja.<\/p>\n<p><img data-recalc-dims=\"1\" fetchpriority=\"high\" decoding=\"async\" data-attachment-id=\"27228\" data-permalink=\"https:\/\/kalot.com.mx\/site\/2017\/06\/27\/albricias-trisha-ziff\/metinides\/\" data-orig-file=\"https:\/\/i0.wp.com\/kalot.com.mx\/site\/wp-content\/uploads\/2017\/06\/Metinides.jpg?fit=1024%2C625&amp;ssl=1\" data-orig-size=\"1024,625\" data-comments-opened=\"1\" data-image-meta=\"{&quot;aperture&quot;:&quot;0&quot;,&quot;credit&quot;:&quot;&quot;,&quot;camera&quot;:&quot;&quot;,&quot;caption&quot;:&quot;&quot;,&quot;created_timestamp&quot;:&quot;0&quot;,&quot;copyright&quot;:&quot;&quot;,&quot;focal_length&quot;:&quot;0&quot;,&quot;iso&quot;:&quot;0&quot;,&quot;shutter_speed&quot;:&quot;0&quot;,&quot;title&quot;:&quot;&quot;,&quot;orientation&quot;:&quot;0&quot;}\" data-image-title=\"Metinides\" data-image-description=\"\" data-image-caption=\"\" data-large-file=\"https:\/\/i0.wp.com\/kalot.com.mx\/site\/wp-content\/uploads\/2017\/06\/Metinides.jpg?fit=1024%2C625&amp;ssl=1\" class=\"alignnone wp-image-27228\" src=\"https:\/\/i0.wp.com\/kalot.com.mx\/site\/wp-content\/uploads\/2017\/06\/Metinides-300x183.jpg?resize=445%2C272\" alt=\"\" width=\"445\" height=\"272\" srcset=\"https:\/\/i0.wp.com\/kalot.com.mx\/site\/wp-content\/uploads\/2017\/06\/Metinides.jpg?resize=300%2C183&amp;ssl=1 300w, https:\/\/i0.wp.com\/kalot.com.mx\/site\/wp-content\/uploads\/2017\/06\/Metinides.jpg?resize=768%2C469&amp;ssl=1 768w, https:\/\/i0.wp.com\/kalot.com.mx\/site\/wp-content\/uploads\/2017\/06\/Metinides.jpg?w=1024&amp;ssl=1 1024w, https:\/\/i0.wp.com\/kalot.com.mx\/site\/wp-content\/uploads\/2017\/06\/Metinides.jpg?resize=810%2C494&amp;ssl=1 810w\" sizes=\"(max-width: 445px) 100vw, 445px\" \/><\/p>\n<p>En la primera parte, cuando Metinides cuenta que su fijaci\u00f3n por encuadres determinados de sus fotograf\u00edas naci\u00f3 de cuando iba al cine y se dejaba fascinar por aquellas im\u00e1genes que contaban historias, se crea una di\u00e1logo muy interesante en torno a lo tr\u00e1gico\u00a0entre im\u00e1genes en movimiento de determinadas pel\u00edculas e im\u00e1genes fijas tomadas por Metinides.<\/p>\n<p>El documental tiene una edici\u00f3n magn\u00edficamente pensada y ejecutada, logrando apropiarse de la calamidad mostrada en pantalla, para darle un tratamiento de experiencia de vida a Metinides y a los periodistas que se entrevistan. Es una decisi\u00f3n bastante atrayente; la m\u00fasica no dieg\u00e9tica que estiliza a las im\u00e1genes de una manera contraria a la aflicci\u00f3n.<\/p>\n<p>La fotograf\u00eda planteada para el largometraje es muy concreta en cada momento. Cuando se presentan las desgracias, generalmente son planos abiertos y en exterior; es una fotograf\u00eda menos cuidada, mientras que para las entrevistas, principalmente cuando aparece Metinides, se aprecia un retrato con la luz situada de forma en que nos queda claro que lo principal es el hombre que ha visto demasiado.<\/p>\n<p><img data-recalc-dims=\"1\" decoding=\"async\" data-attachment-id=\"27229\" data-permalink=\"https:\/\/kalot.com.mx\/site\/2017\/06\/27\/albricias-trisha-ziff\/enrique_metinides_tragedia_muerto_fotografo7\/\" data-orig-file=\"https:\/\/i0.wp.com\/kalot.com.mx\/site\/wp-content\/uploads\/2017\/06\/Enrique_Metinides_tragedia_muerto_fotografo7.jpg?fit=728%2C488&amp;ssl=1\" data-orig-size=\"728,488\" data-comments-opened=\"1\" data-image-meta=\"{&quot;aperture&quot;:&quot;0&quot;,&quot;credit&quot;:&quot;&quot;,&quot;camera&quot;:&quot;&quot;,&quot;caption&quot;:&quot;&quot;,&quot;created_timestamp&quot;:&quot;0&quot;,&quot;copyright&quot;:&quot;&quot;,&quot;focal_length&quot;:&quot;0&quot;,&quot;iso&quot;:&quot;0&quot;,&quot;shutter_speed&quot;:&quot;0&quot;,&quot;title&quot;:&quot;&quot;,&quot;orientation&quot;:&quot;0&quot;}\" data-image-title=\"Enrique_Metinides_tragedia_muerto_fotografo7\" data-image-description=\"\" data-image-caption=\"\" data-large-file=\"https:\/\/i0.wp.com\/kalot.com.mx\/site\/wp-content\/uploads\/2017\/06\/Enrique_Metinides_tragedia_muerto_fotografo7.jpg?fit=728%2C488&amp;ssl=1\" class=\"alignnone wp-image-27229\" src=\"https:\/\/i0.wp.com\/kalot.com.mx\/site\/wp-content\/uploads\/2017\/06\/Enrique_Metinides_tragedia_muerto_fotografo7-300x201.jpg?resize=406%2C272\" alt=\"\" width=\"406\" height=\"272\" srcset=\"https:\/\/i0.wp.com\/kalot.com.mx\/site\/wp-content\/uploads\/2017\/06\/Enrique_Metinides_tragedia_muerto_fotografo7.jpg?resize=300%2C201&amp;ssl=1 300w, https:\/\/i0.wp.com\/kalot.com.mx\/site\/wp-content\/uploads\/2017\/06\/Enrique_Metinides_tragedia_muerto_fotografo7.jpg?w=728&amp;ssl=1 728w\" sizes=\"(max-width: 406px) 100vw, 406px\" \/><\/p>\n<p>M\u00e1s all\u00e1 de la forma y t\u00e9cnica del documental, es un soporte de im\u00e1genes en movimiento que habla acerca de la a\u00f1oranza, del dolor a posteriori y del instante decisivo de la tragedia humana, no solo en la fotograf\u00eda, sino en la existencia tan ef\u00edmera a la que estamos atados.<\/p>\n<p>Hace unos meses tuve la oportunidad de entrevistar a Metinides y a cada pregunta que le hac\u00eda, pod\u00edamos notar que es un ser humano lleno de sensibilidad, que el haber visto demasiado, lo hizo ver con el alma y no solo con la vista. No hay manera m\u00e1s elocuente y conmovedora de terminar el documental con la orden que da Metinides: &#8220;Otra pregunta, otra&#8221;. Todos en la sala quer\u00edamos hacerle mil preguntas m\u00e1s y descubrir qui\u00e9n es aquel que ha visto y sigue viendo demasiado.<\/p>\n<p>Gracias, Trisha, por compartirnos\u00a0el Eros y el T\u00e1natos, a trav\u00e9s de im\u00e1genes que estoy segura que se quedar\u00e1n en nuestra memoria y que al ver alguna tragedia recordaremos sin duda a El hombre que vio demasiado.<\/p>\n<p><img data-recalc-dims=\"1\" decoding=\"async\" data-attachment-id=\"27230\" data-permalink=\"https:\/\/kalot.com.mx\/site\/2017\/06\/27\/albricias-trisha-ziff\/metinides-2-1024x678\/\" data-orig-file=\"https:\/\/i0.wp.com\/kalot.com.mx\/site\/wp-content\/uploads\/2017\/06\/metinides-2-1024x678.jpg?fit=1024%2C678&amp;ssl=1\" data-orig-size=\"1024,678\" data-comments-opened=\"1\" data-image-meta=\"{&quot;aperture&quot;:&quot;0&quot;,&quot;credit&quot;:&quot;&quot;,&quot;camera&quot;:&quot;&quot;,&quot;caption&quot;:&quot;&quot;,&quot;created_timestamp&quot;:&quot;0&quot;,&quot;copyright&quot;:&quot;&quot;,&quot;focal_length&quot;:&quot;0&quot;,&quot;iso&quot;:&quot;0&quot;,&quot;shutter_speed&quot;:&quot;0&quot;,&quot;title&quot;:&quot;&quot;,&quot;orientation&quot;:&quot;0&quot;}\" data-image-title=\"metinides-2-1024&amp;#215;678\" data-image-description=\"\" data-image-caption=\"\" data-large-file=\"https:\/\/i0.wp.com\/kalot.com.mx\/site\/wp-content\/uploads\/2017\/06\/metinides-2-1024x678.jpg?fit=1024%2C678&amp;ssl=1\" class=\"alignnone wp-image-27230\" src=\"https:\/\/i0.wp.com\/kalot.com.mx\/site\/wp-content\/uploads\/2017\/06\/metinides-2-1024x678-300x199.jpg?resize=395%2C262\" alt=\"\" width=\"395\" height=\"262\" srcset=\"https:\/\/i0.wp.com\/kalot.com.mx\/site\/wp-content\/uploads\/2017\/06\/metinides-2-1024x678.jpg?resize=300%2C199&amp;ssl=1 300w, https:\/\/i0.wp.com\/kalot.com.mx\/site\/wp-content\/uploads\/2017\/06\/metinides-2-1024x678.jpg?resize=768%2C509&amp;ssl=1 768w, https:\/\/i0.wp.com\/kalot.com.mx\/site\/wp-content\/uploads\/2017\/06\/metinides-2-1024x678.jpg?resize=1024%2C678&amp;ssl=1 1024w, https:\/\/i0.wp.com\/kalot.com.mx\/site\/wp-content\/uploads\/2017\/06\/metinides-2-1024x678.jpg?resize=810%2C536&amp;ssl=1 810w\" sizes=\"(max-width: 395px) 100vw, 395px\" \/><\/p>\n","protected":false},"excerpt":{"rendered":"Querida Trisha Ziff: Es realmente cautivador pensar en el conjunto de entes de luz que hemos visto a&hellip;\n","protected":false},"author":137,"featured_media":27231,"comment_status":"open","ping_status":"open","sticky":false,"template":"","format":"standard","meta":{"_jetpack_newsletter_access":"","_jetpack_dont_email_post_to_subs":false,"_jetpack_newsletter_tier_id":0,"_jetpack_memberships_contains_paywalled_content":false,"_jetpack_feature_clip_id":0,"_jetpack_memberships_contains_paid_content":false,"footnotes":"","jetpack_publicize_message":"","jetpack_publicize_feature_enabled":true,"jetpack_social_post_already_shared":true,"jetpack_social_options":{"image_generator_settings":{"template":"highway","default_image_id":0,"font":"","enabled":false},"version":2},"jetpack_post_was_ever_published":false},"categories":[9,12],"tags":[139,422,524,1519,1518,158,1517,28,393,1516],"class_list":["post-27227","post","type-post","status-publish","format-standard","has-post-thumbnail","category-cine","category-reflexion","tag-cine","tag-cine-mexicano","tag-critica","tag-documental","tag-elhombrequeviodemasiado","tag-fotografia","tag-metinides","tag-mexico","tag-peliculas-2016","tag-trishaziff","cs-entry","cs-video-wrap"],"yoast_head":"<!-- This site is optimized with the Yoast SEO plugin v28.4 - https:\/\/yoast.com\/product\/yoast-seo-wordpress\/ -->\n<title>Albricias para Trisha Ziff - Kalot<\/title>\n<meta name=\"description\" content=\"Querida Trisha Ziff: Es realmente cautivador pensar en el conjunto de entes de luz que hemos visto a lo largo de nuestras vidas, y c\u00f3mo estos definen el\" \/>\n<meta name=\"robots\" content=\"index, follow, max-snippet:-1, max-image-preview:large, max-video-preview:-1\" \/>\n<link rel=\"canonical\" href=\"https:\/\/kalot.com.mx\/site\/2017\/06\/27\/albricias-trisha-ziff\/\" \/>\n<meta property=\"og:locale\" content=\"es_MX\" \/>\n<meta property=\"og:type\" content=\"article\" \/>\n<meta property=\"og:title\" content=\"Albricias para Trisha Ziff - Kalot\" \/>\n<meta property=\"og:description\" content=\"Querida Trisha Ziff: Es realmente cautivador pensar en el conjunto de entes de luz que hemos visto a lo largo de nuestras vidas, y c\u00f3mo estos definen el\" \/>\n<meta property=\"og:url\" content=\"https:\/\/kalot.com.mx\/site\/2017\/06\/27\/albricias-trisha-ziff\/\" \/>\n<meta property=\"og:site_name\" content=\"Kalot\" \/>\n<meta property=\"article:publisher\" content=\"http:\/\/facebook.com\/mxkalot\" \/>\n<meta property=\"article:published_time\" content=\"2017-06-27T20:34:45+00:00\" \/>\n<meta property=\"article:modified_time\" content=\"2017-12-20T15:24:26+00:00\" \/>\n<meta property=\"og:image\" content=\"https:\/\/i2.wp.com\/kalot.com.mx\/site\/wp-content\/uploads\/2017\/06\/el-hombre_youtube.jpg?fit=1920%2C1080&ssl=1\" \/>\n\t<meta property=\"og:image:width\" content=\"1920\" \/>\n\t<meta property=\"og:image:height\" content=\"1080\" \/>\n\t<meta property=\"og:image:type\" content=\"image\/jpeg\" \/>\n<meta name=\"author\" content=\"Doctor Caligari\" \/>\n<meta name=\"twitter:card\" content=\"summary_large_image\" \/>\n<meta name=\"twitter:creator\" content=\"@kalotmx\" \/>\n<meta name=\"twitter:site\" content=\"@kalotmx\" \/>\n<meta name=\"twitter:label1\" content=\"Escrito por\" \/>\n\t<meta name=\"twitter:data1\" content=\"Doctor Caligari\" \/>\n\t<meta name=\"twitter:label2\" content=\"Tiempo de lectura\" \/>\n\t<meta name=\"twitter:data2\" content=\"3 minutos\" \/>\n<!-- \/ Yoast SEO plugin. -->","yoast_head_json":{"title":"Albricias para Trisha Ziff - Kalot","description":"Querida Trisha Ziff: Es realmente cautivador pensar en el conjunto de entes de luz que hemos visto a lo largo de nuestras vidas, y c\u00f3mo estos definen el","robots":{"index":"index","follow":"follow","max-snippet":"max-snippet:-1","max-image-preview":"max-image-preview:large","max-video-preview":"max-video-preview:-1"},"canonical":"https:\/\/kalot.com.mx\/site\/2017\/06\/27\/albricias-trisha-ziff\/","og_locale":"es_MX","og_type":"article","og_title":"Albricias para Trisha Ziff - Kalot","og_description":"Querida Trisha Ziff: Es realmente cautivador pensar en el conjunto de entes de luz que hemos visto a lo largo de nuestras vidas, y c\u00f3mo estos definen el","og_url":"https:\/\/kalot.com.mx\/site\/2017\/06\/27\/albricias-trisha-ziff\/","og_site_name":"Kalot","article_publisher":"http:\/\/facebook.com\/mxkalot","article_published_time":"2017-06-27T20:34:45+00:00","article_modified_time":"2017-12-20T15:24:26+00:00","og_image":[{"width":1920,"height":1080,"url":"https:\/\/i2.wp.com\/kalot.com.mx\/site\/wp-content\/uploads\/2017\/06\/el-hombre_youtube.jpg?fit=1920%2C1080&ssl=1","type":"image\/jpeg"}],"author":"Doctor Caligari","twitter_card":"summary_large_image","twitter_creator":"@kalotmx","twitter_site":"@kalotmx","twitter_misc":{"Escrito por":"Doctor Caligari","Tiempo de lectura":"3 minutos"},"schema":{"@context":"https:\/\/schema.org","@graph":[{"@type":"Article","@id":"https:\/\/kalot.com.mx\/site\/2017\/06\/27\/albricias-trisha-ziff\/#article","isPartOf":{"@id":"https:\/\/kalot.com.mx\/site\/2017\/06\/27\/albricias-trisha-ziff\/"},"author":{"name":"Doctor Caligari","@id":"https:\/\/kalot.com.mx\/site\/#\/schema\/person\/645e1055387450a9aaddb8b199167f89"},"headline":"Albricias para Trisha Ziff","datePublished":"2017-06-27T20:34:45+00:00","dateModified":"2017-12-20T15:24:26+00:00","mainEntityOfPage":{"@id":"https:\/\/kalot.com.mx\/site\/2017\/06\/27\/albricias-trisha-ziff\/"},"wordCount":514,"commentCount":0,"publisher":{"@id":"https:\/\/kalot.com.mx\/site\/#organization"},"image":{"@id":"https:\/\/kalot.com.mx\/site\/2017\/06\/27\/albricias-trisha-ziff\/#primaryimage"},"thumbnailUrl":"https:\/\/i0.wp.com\/kalot.com.mx\/site\/wp-content\/uploads\/2017\/06\/el-hombre_youtube.jpg?fit=1920%2C1080&ssl=1","keywords":["CINE","Cine Mexicano","critica","documental","Elhombrequeviodemasiado","fotograf\u00eda","Metinides","mexico","PEL\u00cdCULAS 2016","TrishaZiff"],"articleSection":["Cine","Reflexi\u00f3n"],"inLanguage":"es","potentialAction":[{"@type":"CommentAction","name":"Comment","target":["https:\/\/kalot.com.mx\/site\/2017\/06\/27\/albricias-trisha-ziff\/#respond"]}]},{"@type":"WebPage","@id":"https:\/\/kalot.com.mx\/site\/2017\/06\/27\/albricias-trisha-ziff\/","url":"https:\/\/kalot.com.mx\/site\/2017\/06\/27\/albricias-trisha-ziff\/","name":"Albricias para Trisha Ziff - Kalot","isPartOf":{"@id":"https:\/\/kalot.com.mx\/site\/#website"},"primaryImageOfPage":{"@id":"https:\/\/kalot.com.mx\/site\/2017\/06\/27\/albricias-trisha-ziff\/#primaryimage"},"image":{"@id":"https:\/\/kalot.com.mx\/site\/2017\/06\/27\/albricias-trisha-ziff\/#primaryimage"},"thumbnailUrl":"https:\/\/i0.wp.com\/kalot.com.mx\/site\/wp-content\/uploads\/2017\/06\/el-hombre_youtube.jpg?fit=1920%2C1080&ssl=1","datePublished":"2017-06-27T20:34:45+00:00","dateModified":"2017-12-20T15:24:26+00:00","description":"Querida Trisha Ziff: Es realmente cautivador pensar en el conjunto de entes de luz que hemos visto a lo largo de nuestras vidas, y c\u00f3mo estos definen el","breadcrumb":{"@id":"https:\/\/kalot.com.mx\/site\/2017\/06\/27\/albricias-trisha-ziff\/#breadcrumb"},"inLanguage":"es","potentialAction":[{"@type":"ReadAction","target":["https:\/\/kalot.com.mx\/site\/2017\/06\/27\/albricias-trisha-ziff\/"]}]},{"@type":"ImageObject","inLanguage":"es","@id":"https:\/\/kalot.com.mx\/site\/2017\/06\/27\/albricias-trisha-ziff\/#primaryimage","url":"https:\/\/i0.wp.com\/kalot.com.mx\/site\/wp-content\/uploads\/2017\/06\/el-hombre_youtube.jpg?fit=1920%2C1080&ssl=1","contentUrl":"https:\/\/i0.wp.com\/kalot.com.mx\/site\/wp-content\/uploads\/2017\/06\/el-hombre_youtube.jpg?fit=1920%2C1080&ssl=1","width":1920,"height":1080},{"@type":"BreadcrumbList","@id":"https:\/\/kalot.com.mx\/site\/2017\/06\/27\/albricias-trisha-ziff\/#breadcrumb","itemListElement":[{"@type":"ListItem","position":1,"name":"Home","item":"https:\/\/kalot.com.mx\/site\/"},{"@type":"ListItem","position":2,"name":"Albricias para Trisha Ziff"}]},{"@type":"WebSite","@id":"https:\/\/kalot.com.mx\/site\/#website","url":"https:\/\/kalot.com.mx\/site\/","name":"Kalot","description":"Conoce Todo Sobre Todo","publisher":{"@id":"https:\/\/kalot.com.mx\/site\/#organization"},"potentialAction":[{"@type":"SearchAction","target":{"@type":"EntryPoint","urlTemplate":"https:\/\/kalot.com.mx\/site\/?s={search_term_string}"},"query-input":{"@type":"PropertyValueSpecification","valueRequired":true,"valueName":"search_term_string"}}],"inLanguage":"es"},{"@type":"Organization","@id":"https:\/\/kalot.com.mx\/site\/#organization","name":"Kalot","url":"https:\/\/kalot.com.mx\/site\/","logo":{"@type":"ImageObject","inLanguage":"es","@id":"https:\/\/kalot.com.mx\/site\/#\/schema\/logo\/image\/","url":"https:\/\/i0.wp.com\/kalot.com.mx\/site\/wp-content\/uploads\/2020\/04\/Kalot-logo-sin-tagline.png?fit=1707%2C1014&ssl=1","contentUrl":"https:\/\/i0.wp.com\/kalot.com.mx\/site\/wp-content\/uploads\/2020\/04\/Kalot-logo-sin-tagline.png?fit=1707%2C1014&ssl=1","width":1707,"height":1014,"caption":"Kalot"},"image":{"@id":"https:\/\/kalot.com.mx\/site\/#\/schema\/logo\/image\/"},"sameAs":["http:\/\/facebook.com\/mxkalot","https:\/\/x.com\/kalotmx","http:\/\/instagram.com\/kalotmx","http:\/\/pinterest.com\/jorgeerana\/kalot"]},{"@type":"Person","@id":"https:\/\/kalot.com.mx\/site\/#\/schema\/person\/645e1055387450a9aaddb8b199167f89","name":"Doctor Caligari","image":{"@type":"ImageObject","inLanguage":"es","@id":"https:\/\/secure.gravatar.com\/avatar\/39f408f452c285bcf62aeb0cd476a4858c3ed7f4acbfaa3ee45e423d1e44c2f0?s=96&d=mm&r=g","url":"https:\/\/secure.gravatar.com\/avatar\/39f408f452c285bcf62aeb0cd476a4858c3ed7f4acbfaa3ee45e423d1e44c2f0?s=96&d=mm&r=g","contentUrl":"https:\/\/secure.gravatar.com\/avatar\/39f408f452c285bcf62aeb0cd476a4858c3ed7f4acbfaa3ee45e423d1e44c2f0?s=96&d=mm&r=g","caption":"Doctor Caligari"},"url":"https:\/\/kalot.com.mx\/site\/author\/sahiye\/"}]}},"jetpack_publicize_connections":[],"jetpack_shortlink":"https:\/\/wp.me\/p6IHEI-759","jetpack-related-posts":[{"id":30159,"url":"https:\/\/kalot.com.mx\/site\/2018\/02\/21\/la-espiritualidad-la-luz-eterna\/","url_meta":{"origin":27227,"position":0},"title":"La espiritualidad de la luz eterna","author":"Doctor Caligari","date":"21 febrero, 2018","format":false,"excerpt":"Umberto Eco alguna vez explic\u00f3 que \u00abla belleza de un color viene dada por una forma que domina la oscuridad de la materia, por la presencia de una luz incorp\u00f3rea que no es m\u00e1s que raz\u00f3n e idea\u00bb. Y, aunque su oraci\u00f3n se contextualiza en la corriente luminosa del fuego,\u2026","rel":"","context":"En &quot;Cine&quot;","block_context":{"text":"Cine","link":"https:\/\/kalot.com.mx\/site\/category\/cine\/"},"img":{"alt_text":"","src":"https:\/\/i0.wp.com\/kalot.com.mx\/site\/wp-content\/uploads\/2018\/02\/chelovek-s-kinoapparatom-004.jpg?fit=1200%2C981&ssl=1&resize=350%2C200","width":350,"height":200,"srcset":"https:\/\/i0.wp.com\/kalot.com.mx\/site\/wp-content\/uploads\/2018\/02\/chelovek-s-kinoapparatom-004.jpg?fit=1200%2C981&ssl=1&resize=350%2C200 1x, https:\/\/i0.wp.com\/kalot.com.mx\/site\/wp-content\/uploads\/2018\/02\/chelovek-s-kinoapparatom-004.jpg?fit=1200%2C981&ssl=1&resize=525%2C300 1.5x, https:\/\/i0.wp.com\/kalot.com.mx\/site\/wp-content\/uploads\/2018\/02\/chelovek-s-kinoapparatom-004.jpg?fit=1200%2C981&ssl=1&resize=700%2C400 2x, https:\/\/i0.wp.com\/kalot.com.mx\/site\/wp-content\/uploads\/2018\/02\/chelovek-s-kinoapparatom-004.jpg?fit=1200%2C981&ssl=1&resize=1050%2C600 3x"},"classes":[]},{"id":19057,"url":"https:\/\/kalot.com.mx\/site\/2014\/11\/02\/halloween-john-carpenter-1978-2\/","url_meta":{"origin":27227,"position":1},"title":"Halloween (John Carpenter, 1978)","author":"Aldo L\u00f3pez","date":"2 noviembre, 2014","format":false,"excerpt":"Indudablemente, en fechas como hoy, me da por echar un vistazo atr\u00e1s a los filmes que marcaron mi ni\u00f1ez y adolescencia, en este caso la pel\u00edcula Halloween (1978) es mi elecci\u00f3n para echar a andar esos recuerdos. El filme, que me atrevo a decir muy poca gente desconoce se ha\u2026","rel":"","context":"En &quot;Cine&quot;","block_context":{"text":"Cine","link":"https:\/\/kalot.com.mx\/site\/category\/cine\/"},"img":{"alt_text":"","src":"https:\/\/i0.wp.com\/kalot.com.mx\/site\/wp-content\/uploads\/2014\/11\/Halloween-1.jpg?fit=1200%2C515&ssl=1&resize=350%2C200","width":350,"height":200,"srcset":"https:\/\/i0.wp.com\/kalot.com.mx\/site\/wp-content\/uploads\/2014\/11\/Halloween-1.jpg?fit=1200%2C515&ssl=1&resize=350%2C200 1x, https:\/\/i0.wp.com\/kalot.com.mx\/site\/wp-content\/uploads\/2014\/11\/Halloween-1.jpg?fit=1200%2C515&ssl=1&resize=525%2C300 1.5x, https:\/\/i0.wp.com\/kalot.com.mx\/site\/wp-content\/uploads\/2014\/11\/Halloween-1.jpg?fit=1200%2C515&ssl=1&resize=700%2C400 2x, https:\/\/i0.wp.com\/kalot.com.mx\/site\/wp-content\/uploads\/2014\/11\/Halloween-1.jpg?fit=1200%2C515&ssl=1&resize=1050%2C600 3x"},"classes":[]},{"id":12775,"url":"https:\/\/kalot.com.mx\/site\/2014\/03\/01\/nuevo-cine-mexicano\/","url_meta":{"origin":27227,"position":2},"title":"El &#8220;nuevo&#8221; cine Mexicano","author":"Jorge Era\u00f1a","date":"1 marzo, 2014","format":false,"excerpt":"Quiero aclarar que no es un punto de vista con enfoque cr\u00edtico a la calidad del cine en M\u00e9xico sino al esfuerzo en estrategias de Mkt aplicadas a la industria del cine nacional en base a mi percepci\u00f3n. Yo me considero un fiel amante del cine pero se que no\u2026","rel":"","context":"Con 3 comentarios","block_context":{"text":"Con 3 comentarios","link":"https:\/\/kalot.com.mx\/site\/2014\/03\/01\/nuevo-cine-mexicano\/#comments"},"img":{"alt_text":"","src":"https:\/\/i0.wp.com\/kalot.com.mx\/site\/wp-content\/uploads\/2014\/03\/image.jpg?fit=300%2C300&ssl=1&resize=350%2C200","width":350,"height":200},"classes":[]},{"id":19139,"url":"https:\/\/kalot.com.mx\/site\/2014\/11\/09\/dia-de-los-difuntos-luis-alcoriza-1988\/","url_meta":{"origin":27227,"position":3},"title":"D\u00eda de difuntos (Luis Alcoriza , 1988)","author":"Aldo L\u00f3pez","date":"9 noviembre, 2014","format":false,"excerpt":"La semana pasada se celebr\u00f3 en M\u00e9xico el D\u00eda de muertos, tambi\u00e9n conocido como D\u00eda de los fieles difuntos y Todos los santos. Esta fecha es muy especial para los mexicanos y admirada en el extranjero por la forma tan peculiar con que se trata el tema de la muerte.\u2026","rel":"","context":"En &quot;Cine&quot;","block_context":{"text":"Cine","link":"https:\/\/kalot.com.mx\/site\/category\/cine\/"},"img":{"alt_text":"","src":"https:\/\/i0.wp.com\/kalot.com.mx\/site\/wp-content\/uploads\/2014\/11\/dia-de-difuntos-4.jpg?fit=357%2C500&ssl=1&resize=350%2C200","width":350,"height":200},"classes":[]},{"id":2574,"url":"https:\/\/kalot.com.mx\/site\/2013\/09\/29\/fernando-eimbcke-y-su-club-sandwich-ganan-premio-mejor-director-en-festival-de-cine-de-san-sebastian\/","url_meta":{"origin":27227,"position":4},"title":"Fernando Eimbcke y su Club Sandwich ganan premio a Mejor Director en Festival de Cine de San Sebasti\u00e1n","author":"Omar Herrera","date":"29 septiembre, 2013","format":false,"excerpt":"Y ustedes se preguntar\u00e1n \u00bfqui\u00e9n es Fernando Eimbcke? Eimbcke es un director de cine mexicano, qui\u00e9n en su corta carrera como director lleva m\u00e1s de 30 premios nacionales e internacionales en su curr\u00edculum. \u00c9ste s\u00e1bado se present\u00f3 la lista de ganadores en la 61era edici\u00f3n del Festival de Cine de\u2026","rel":"","context":"Entrada similar ","block_context":{"text":"Entrada similar ","link":""},"img":{"alt_text":"","src":"https:\/\/i0.wp.com\/kalot.com.mx\/site\/wp-content\/uploads\/2013\/09\/morelia-club-sandwich.jpg?fit=1000%2C563&ssl=1&resize=350%2C200","width":350,"height":200,"srcset":"https:\/\/i0.wp.com\/kalot.com.mx\/site\/wp-content\/uploads\/2013\/09\/morelia-club-sandwich.jpg?fit=1000%2C563&ssl=1&resize=350%2C200 1x, https:\/\/i0.wp.com\/kalot.com.mx\/site\/wp-content\/uploads\/2013\/09\/morelia-club-sandwich.jpg?fit=1000%2C563&ssl=1&resize=525%2C300 1.5x, https:\/\/i0.wp.com\/kalot.com.mx\/site\/wp-content\/uploads\/2013\/09\/morelia-club-sandwich.jpg?fit=1000%2C563&ssl=1&resize=700%2C400 2x"},"classes":[]},{"id":11234,"url":"https:\/\/kalot.com.mx\/site\/2014\/02\/06\/los-mejores-efectos-especiales-del-cine-video\/","url_meta":{"origin":27227,"position":5},"title":"Los Mejores Efectos Especiales del Cine [V\u00eddeo]","author":"Carlos Ru\u00edz Mtz","date":"6 febrero, 2014","format":false,"excerpt":"Una categor\u00eda en los premios de la Academia, (u Oscares para los amigos) que siempre me ha fascinado es la de Mejores Efectos Visuales. Y es que, \u00bfqu\u00e9 ser\u00eda de grandes producciones como Jurassic Park, The Terminator o Alien sin sus efectos especiales? Los efectos especiales es tambi\u00e9n una clara\u2026","rel":"","context":"Entrada similar ","block_context":{"text":"Entrada similar ","link":""},"img":{"alt_text":"","src":"https:\/\/i0.wp.com\/kalot.com.mx\/site\/wp-content\/uploads\/2014\/02\/oscar-efectos-visuales.jpg?fit=642%2C366&ssl=1&resize=350%2C200","width":350,"height":200,"srcset":"https:\/\/i0.wp.com\/kalot.com.mx\/site\/wp-content\/uploads\/2014\/02\/oscar-efectos-visuales.jpg?fit=642%2C366&ssl=1&resize=350%2C200 1x, https:\/\/i0.wp.com\/kalot.com.mx\/site\/wp-content\/uploads\/2014\/02\/oscar-efectos-visuales.jpg?fit=642%2C366&ssl=1&resize=525%2C300 1.5x"},"classes":[]}],"jetpack_sharing_enabled":true,"jetpack_featured_media_url":"https:\/\/i0.wp.com\/kalot.com.mx\/site\/wp-content\/uploads\/2017\/06\/el-hombre_youtube.jpg?fit=1920%2C1080&ssl=1","_links":{"self":[{"href":"https:\/\/kalot.com.mx\/site\/wp-json\/wp\/v2\/posts\/27227","targetHints":{"allow":["GET"]}}],"collection":[{"href":"https:\/\/kalot.com.mx\/site\/wp-json\/wp\/v2\/posts"}],"about":[{"href":"https:\/\/kalot.com.mx\/site\/wp-json\/wp\/v2\/types\/post"}],"author":[{"embeddable":true,"href":"https:\/\/kalot.com.mx\/site\/wp-json\/wp\/v2\/users\/137"}],"replies":[{"embeddable":true,"href":"https:\/\/kalot.com.mx\/site\/wp-json\/wp\/v2\/comments?post=27227"}],"version-history":[{"count":5,"href":"https:\/\/kalot.com.mx\/site\/wp-json\/wp\/v2\/posts\/27227\/revisions"}],"predecessor-version":[{"id":27234,"href":"https:\/\/kalot.com.mx\/site\/wp-json\/wp\/v2\/posts\/27227\/revisions\/27234"}],"wp:featuredmedia":[{"embeddable":true,"href":"https:\/\/kalot.com.mx\/site\/wp-json\/wp\/v2\/media\/27231"}],"wp:attachment":[{"href":"https:\/\/kalot.com.mx\/site\/wp-json\/wp\/v2\/media?parent=27227"}],"wp:term":[{"taxonomy":"category","embeddable":true,"href":"https:\/\/kalot.com.mx\/site\/wp-json\/wp\/v2\/categories?post=27227"},{"taxonomy":"post_tag","embeddable":true,"href":"https:\/\/kalot.com.mx\/site\/wp-json\/wp\/v2\/tags?post=27227"}],"curies":[{"name":"wp","href":"https:\/\/api.w.org\/{rel}","templated":true}]}}