{"id":27220,"date":"2017-06-26T18:32:24","date_gmt":"2017-06-27T00:32:24","guid":{"rendered":"http:\/\/kalot.com.mx\/site\/?p=27220"},"modified":"2017-12-20T09:24:25","modified_gmt":"2017-12-20T15:24:25","slug":"atleticodesanluis","status":"publish","type":"post","link":"https:\/\/kalot.com.mx\/site\/2017\/06\/26\/atleticodesanluis\/","title":{"rendered":"Atletico de San Luis: Un nuevo inicio"},"content":{"rendered":"<p class=\"p1\">Amigos que disfrutan del deporte m\u00e1s bello del planeta, el f\u00fatbol. Este mes tuvimos la grata sorpresa de que club Atl\u00e9tico de Madrid present\u00f3 por fin su proyecto Atletico de San Luis. Este equipo, cuyo principal objetivo de la temporada ser\u00e1 ascender, se vio bien reforzado en el draft hecho en la ciudad de Canc\u00fan.<\/p>\n<p class=\"p1\">El \u00faltimo a\u00f1o futbol\u00edstico la capital potosina se qued\u00f3 sin f\u00fatbol, esto debido a que el empresario Jacobo Pay\u00e1n puso la franquicia de Ascenso en la congeladora, a la espera de que se concretar\u00e1 la compra de Jaguares por parte de inversionistas potosinos. Como ya sabemos, esto no pas\u00f3. Por la raz\u00f3n que haya sido, el movimiento se cay\u00f3 y lo peor es que para cuando la transacci\u00f3n cay\u00f3, era imposible descongelar la franquicia de Ascenso MX y fue as\u00ed como nos quedas un a\u00f1o sin el deporte que enciende las pasiones m\u00e1s intensas.<\/p>\n<p class=\"p1\">Despu\u00e9s de un a\u00f1o de espera, los rumores apuntaban a que un equipo de importancia europea volteo a ver la capital potosina. Y ese equipo no era cualquier equipo, era el Atl\u00e9tico de Madrid. Un equipo que ha estado bajo los reflectores de la Champions en \u00faltimos a\u00f1os, sumando dos finales y siendo el \u00fanico equipo, que en \u00e9pocas recientes, le ha quitado el t\u00edtulo de La Liga al Real Madrid y al Barcelona. Hablar del Atl\u00e9tico de Madrid es llenarse la boca de historia, tanto en la Liga como en competencias europeas.<\/p>\n<p class=\"p1\">Las preguntas que cruzan la mente de todos los auriazules es: \u00bfPor qu\u00e9 el Atleti invirti\u00f3 en un equipo de segunda divisi\u00f3n de M\u00e9xico? \u00bfPor que el San Luis? Y la que se volvi\u00f3 m\u00e1s importante \u00bfPor qu\u00e9 nos quitaron nuestros colores del escudo?<\/p>\n<p class=\"p1\">La respuesta es sencilla es negocio y no solo negocio hablando monetariamente sino tambi\u00e9n negocio hablando futbol\u00edsticamente \u00bfPor qu\u00e9? El atl\u00e9tico de Madrid usar\u00e1 a San Luis para foguear a las j\u00f3venes estrellas que tiene en su cantera, aquellos que a\u00fan no logran alcanzar el primer equipo.<\/p>\n<p class=\"p1\">Ahora para responder la pregunta \u00bfPor qu\u00e9 San Luis? Habra muchas razones; la ubicaci\u00f3n, el clima, las grandes empresas estableciendo negocios en la ciudad, pero la principal ser\u00eda el f\u00fatbol, San Luis Potos\u00ed es conocida como una ciudad donde el f\u00fatbol no s\u00f3lo es un deporte es una religi\u00f3n, y ya fuera con los Cachorros de San Luis, con el Real San Luis, con el San Luis o con el Atl\u00e9tico San Luis, esta ciudad se desvive apasionadamente por los colores y por el amor al f\u00fatbol que representa a esta ciudad.<\/p>\n<p class=\"p1\">Y esto nos lleva la \u00faltima pregunta \u00bfPor qu\u00e9 nos quitaron nuestros colores del escudo? La respuesta obvia ser\u00eda; con un nuevo grupo de empresarios ellos tienen el derecho de imponer sus colores y tal vez esa sea la raz\u00f3n pero no olvidemos, el San Luis es m\u00e1s que dos colores, es m\u00e1s que un estadio lleno donde no cabe un solo alfiler, es m\u00e1s que finales perdidas y descensos, es m\u00e1s que un gol de salvaci\u00f3n en el \u00faltimo minuto, es m\u00e1s que malos tratos por parte de directivos, es el amor que llevamos cada uno de nosotros llevamos en nuestro coraz\u00f3n por alentar a los jugadores que representan nuestra ciudad.<\/p>\n<p>Juntos estaremos siguiendo al Atl\u00e9tico de San Luis en esta nueva etapa del f\u00fatbol potosino que inicio este fin de semana con un partido amistoso en contra del Cruz Azul. El cual concluy\u00f3 con un empate 1-1 y sirvi\u00f3 a Chava Reyes Jr. para empezar a formar el equipo titular en la siguiente temporada, la cual iniciar\u00e1 el d\u00eda 22 de Julio.<\/p>\n<p><a href=\"https:\/\/i0.wp.com\/kalot.com.mx\/site\/wp-content\/uploads\/2017\/06\/Atle.jpeg\"><img decoding=\"async\" data-attachment-id=\"27223\" data-permalink=\"https:\/\/kalot.com.mx\/site\/2017\/06\/26\/atleticodesanluis\/atle\/\" data-orig-file=\"https:\/\/i0.wp.com\/kalot.com.mx\/site\/wp-content\/uploads\/2017\/06\/Atle.jpeg?fit=1600%2C1066&amp;ssl=1\" data-orig-size=\"1600,1066\" data-comments-opened=\"1\" data-image-meta=\"{&quot;aperture&quot;:&quot;0&quot;,&quot;credit&quot;:&quot;&quot;,&quot;camera&quot;:&quot;&quot;,&quot;caption&quot;:&quot;&quot;,&quot;created_timestamp&quot;:&quot;0&quot;,&quot;copyright&quot;:&quot;&quot;,&quot;focal_length&quot;:&quot;0&quot;,&quot;iso&quot;:&quot;0&quot;,&quot;shutter_speed&quot;:&quot;0&quot;,&quot;title&quot;:&quot;&quot;,&quot;orientation&quot;:&quot;0&quot;}\" data-image-title=\"Atle\" data-image-description=\"\" data-image-caption=\"\" data-large-file=\"https:\/\/i0.wp.com\/kalot.com.mx\/site\/wp-content\/uploads\/2017\/06\/Atle.jpeg?fit=1024%2C682&amp;ssl=1\" class=\"aligncenter size-full wp-image-27223\" src=\"https:\/\/i2.wp.com\/kalot.com.mx\/site\/wp-content\/uploads\/2013\/08\/20130830-190458.jpg?fit=150%2C150&#038;ssl=1\" alt=\"\" width=\"150\" height=\"150\" \/><\/a><\/p>\n<p>&nbsp;<\/p>\n","protected":false},"excerpt":{"rendered":"Amigos que disfrutan del deporte m\u00e1s bello del planeta, el f\u00fatbol. Este mes tuvimos la grata sorpresa de&hellip;\n","protected":false},"author":80,"featured_media":27221,"comment_status":"open","ping_status":"open","sticky":false,"template":"","format":"standard","meta":{"jetpack_post_was_ever_published":false,"_jetpack_newsletter_access":"","_jetpack_dont_email_post_to_subs":false,"_jetpack_newsletter_tier_id":0,"_jetpack_memberships_contains_paywalled_content":false,"_jetpack_memberships_contains_paid_content":false,"footnotes":"","jetpack_publicize_message":"","jetpack_publicize_feature_enabled":true,"jetpack_social_post_already_shared":true,"jetpack_social_options":{"image_generator_settings":{"template":"highway","default_image_id":0,"font":"","enabled":false},"version":2}},"categories":[68],"tags":[1514,1512,1515,20,1513,28],"class_list":{"0":"post-27220","1":"post","2":"type-post","3":"status-publish","4":"format-standard","5":"has-post-thumbnail","7":"category-deportes","8":"tag-atletico-de-madrid","9":"tag-atletico-de-san-luis","10":"tag-espana","11":"tag-futbol","12":"tag-inicio","13":"tag-mexico","14":"cs-entry","15":"cs-video-wrap"},"yoast_head":"<!-- This site is optimized with the Yoast SEO plugin v27.5 - https:\/\/yoast.com\/product\/yoast-seo-wordpress\/ -->\n<title>Atletico de San Luis: Un nuevo inicio - Kalot<\/title>\n<meta name=\"description\" content=\"Amigos que disfrutan del deporte m\u00e1s bello del planeta, el f\u00fatbol. Este mes tuvimos la grata sorpresa de que club Atl\u00e9tico de Madrid present\u00f3 por fin su\" \/>\n<meta name=\"robots\" content=\"index, follow, max-snippet:-1, max-image-preview:large, max-video-preview:-1\" \/>\n<link rel=\"canonical\" href=\"https:\/\/kalot.com.mx\/site\/2017\/06\/26\/atleticodesanluis\/\" \/>\n<meta property=\"og:locale\" content=\"es_MX\" \/>\n<meta property=\"og:type\" content=\"article\" \/>\n<meta property=\"og:title\" content=\"Atletico de San Luis: Un nuevo inicio - Kalot\" \/>\n<meta property=\"og:description\" content=\"Amigos que disfrutan del deporte m\u00e1s bello del planeta, el f\u00fatbol. Este mes tuvimos la grata sorpresa de que club Atl\u00e9tico de Madrid present\u00f3 por fin su\" \/>\n<meta property=\"og:url\" content=\"https:\/\/kalot.com.mx\/site\/2017\/06\/26\/atleticodesanluis\/\" \/>\n<meta property=\"og:site_name\" content=\"Kalot\" \/>\n<meta property=\"article:publisher\" content=\"http:\/\/facebook.com\/mxkalot\" \/>\n<meta property=\"article:published_time\" content=\"2017-06-27T00:32:24+00:00\" \/>\n<meta property=\"article:modified_time\" content=\"2017-12-20T15:24:25+00:00\" \/>\n<meta property=\"og:image\" content=\"https:\/\/i2.wp.com\/kalot.com.mx\/site\/wp-content\/uploads\/2017\/06\/Atleti.jpg?fit=650%2C217&ssl=1\" \/>\n\t<meta property=\"og:image:width\" content=\"650\" \/>\n\t<meta property=\"og:image:height\" content=\"217\" \/>\n\t<meta property=\"og:image:type\" content=\"image\/jpeg\" \/>\n<meta name=\"author\" content=\"David S\u00e1nchez\" \/>\n<meta name=\"twitter:card\" content=\"summary_large_image\" \/>\n<meta name=\"twitter:creator\" content=\"@davidpms96\" \/>\n<meta name=\"twitter:site\" content=\"@kalotmx\" \/>\n<meta name=\"twitter:label1\" content=\"Escrito por\" \/>\n\t<meta name=\"twitter:data1\" content=\"David S\u00e1nchez\" \/>\n\t<meta name=\"twitter:label2\" content=\"Tiempo de lectura\" \/>\n\t<meta name=\"twitter:data2\" content=\"3 minutos\" \/>\n<!-- \/ Yoast SEO plugin. -->","yoast_head_json":{"title":"Atletico de San Luis: Un nuevo inicio - Kalot","description":"Amigos que disfrutan del deporte m\u00e1s bello del planeta, el f\u00fatbol. Este mes tuvimos la grata sorpresa de que club Atl\u00e9tico de Madrid present\u00f3 por fin su","robots":{"index":"index","follow":"follow","max-snippet":"max-snippet:-1","max-image-preview":"max-image-preview:large","max-video-preview":"max-video-preview:-1"},"canonical":"https:\/\/kalot.com.mx\/site\/2017\/06\/26\/atleticodesanluis\/","og_locale":"es_MX","og_type":"article","og_title":"Atletico de San Luis: Un nuevo inicio - Kalot","og_description":"Amigos que disfrutan del deporte m\u00e1s bello del planeta, el f\u00fatbol. Este mes tuvimos la grata sorpresa de que club Atl\u00e9tico de Madrid present\u00f3 por fin su","og_url":"https:\/\/kalot.com.mx\/site\/2017\/06\/26\/atleticodesanluis\/","og_site_name":"Kalot","article_publisher":"http:\/\/facebook.com\/mxkalot","article_published_time":"2017-06-27T00:32:24+00:00","article_modified_time":"2017-12-20T15:24:25+00:00","og_image":[{"width":650,"height":217,"url":"https:\/\/i2.wp.com\/kalot.com.mx\/site\/wp-content\/uploads\/2017\/06\/Atleti.jpg?fit=650%2C217&ssl=1","type":"image\/jpeg"}],"author":"David S\u00e1nchez","twitter_card":"summary_large_image","twitter_creator":"@davidpms96","twitter_site":"@kalotmx","twitter_misc":{"Escrito por":"David S\u00e1nchez","Tiempo de lectura":"3 minutos"},"schema":{"@context":"https:\/\/schema.org","@graph":[{"@type":"Article","@id":"https:\/\/kalot.com.mx\/site\/2017\/06\/26\/atleticodesanluis\/#article","isPartOf":{"@id":"https:\/\/kalot.com.mx\/site\/2017\/06\/26\/atleticodesanluis\/"},"author":{"name":"David S\u00e1nchez","@id":"https:\/\/kalot.com.mx\/site\/#\/schema\/person\/6baf594887d9ab62944fda9244330603"},"headline":"Atletico de San Luis: Un nuevo inicio","datePublished":"2017-06-27T00:32:24+00:00","dateModified":"2017-12-20T15:24:25+00:00","mainEntityOfPage":{"@id":"https:\/\/kalot.com.mx\/site\/2017\/06\/26\/atleticodesanluis\/"},"wordCount":652,"commentCount":0,"publisher":{"@id":"https:\/\/kalot.com.mx\/site\/#organization"},"image":{"@id":"https:\/\/kalot.com.mx\/site\/2017\/06\/26\/atleticodesanluis\/#primaryimage"},"thumbnailUrl":"https:\/\/i0.wp.com\/kalot.com.mx\/site\/wp-content\/uploads\/2017\/06\/Atleti.jpg?fit=650%2C217&ssl=1","keywords":["Atletico de Madrid","Atl\u00e9tico de San Luis","Espa\u00f1a","F\u00fatbol","Inicio","mexico"],"articleSection":["Deportes"],"inLanguage":"es","potentialAction":[{"@type":"CommentAction","name":"Comment","target":["https:\/\/kalot.com.mx\/site\/2017\/06\/26\/atleticodesanluis\/#respond"]}]},{"@type":"WebPage","@id":"https:\/\/kalot.com.mx\/site\/2017\/06\/26\/atleticodesanluis\/","url":"https:\/\/kalot.com.mx\/site\/2017\/06\/26\/atleticodesanluis\/","name":"Atletico de San Luis: Un nuevo inicio - Kalot","isPartOf":{"@id":"https:\/\/kalot.com.mx\/site\/#website"},"primaryImageOfPage":{"@id":"https:\/\/kalot.com.mx\/site\/2017\/06\/26\/atleticodesanluis\/#primaryimage"},"image":{"@id":"https:\/\/kalot.com.mx\/site\/2017\/06\/26\/atleticodesanluis\/#primaryimage"},"thumbnailUrl":"https:\/\/i0.wp.com\/kalot.com.mx\/site\/wp-content\/uploads\/2017\/06\/Atleti.jpg?fit=650%2C217&ssl=1","datePublished":"2017-06-27T00:32:24+00:00","dateModified":"2017-12-20T15:24:25+00:00","description":"Amigos que disfrutan del deporte m\u00e1s bello del planeta, el f\u00fatbol. Este mes tuvimos la grata sorpresa de que club Atl\u00e9tico de Madrid present\u00f3 por fin su","breadcrumb":{"@id":"https:\/\/kalot.com.mx\/site\/2017\/06\/26\/atleticodesanluis\/#breadcrumb"},"inLanguage":"es","potentialAction":[{"@type":"ReadAction","target":["https:\/\/kalot.com.mx\/site\/2017\/06\/26\/atleticodesanluis\/"]}]},{"@type":"ImageObject","inLanguage":"es","@id":"https:\/\/kalot.com.mx\/site\/2017\/06\/26\/atleticodesanluis\/#primaryimage","url":"https:\/\/i0.wp.com\/kalot.com.mx\/site\/wp-content\/uploads\/2017\/06\/Atleti.jpg?fit=650%2C217&ssl=1","contentUrl":"https:\/\/i0.wp.com\/kalot.com.mx\/site\/wp-content\/uploads\/2017\/06\/Atleti.jpg?fit=650%2C217&ssl=1","width":650,"height":217},{"@type":"BreadcrumbList","@id":"https:\/\/kalot.com.mx\/site\/2017\/06\/26\/atleticodesanluis\/#breadcrumb","itemListElement":[{"@type":"ListItem","position":1,"name":"Home","item":"https:\/\/kalot.com.mx\/site\/"},{"@type":"ListItem","position":2,"name":"Atletico de San Luis: Un nuevo inicio"}]},{"@type":"WebSite","@id":"https:\/\/kalot.com.mx\/site\/#website","url":"https:\/\/kalot.com.mx\/site\/","name":"Kalot","description":"Conoce Todo Sobre Todo","publisher":{"@id":"https:\/\/kalot.com.mx\/site\/#organization"},"potentialAction":[{"@type":"SearchAction","target":{"@type":"EntryPoint","urlTemplate":"https:\/\/kalot.com.mx\/site\/?s={search_term_string}"},"query-input":{"@type":"PropertyValueSpecification","valueRequired":true,"valueName":"search_term_string"}}],"inLanguage":"es"},{"@type":"Organization","@id":"https:\/\/kalot.com.mx\/site\/#organization","name":"Kalot","url":"https:\/\/kalot.com.mx\/site\/","logo":{"@type":"ImageObject","inLanguage":"es","@id":"https:\/\/kalot.com.mx\/site\/#\/schema\/logo\/image\/","url":"https:\/\/i0.wp.com\/kalot.com.mx\/site\/wp-content\/uploads\/2020\/04\/Kalot-logo-sin-tagline.png?fit=1707%2C1014&ssl=1","contentUrl":"https:\/\/i0.wp.com\/kalot.com.mx\/site\/wp-content\/uploads\/2020\/04\/Kalot-logo-sin-tagline.png?fit=1707%2C1014&ssl=1","width":1707,"height":1014,"caption":"Kalot"},"image":{"@id":"https:\/\/kalot.com.mx\/site\/#\/schema\/logo\/image\/"},"sameAs":["http:\/\/facebook.com\/mxkalot","https:\/\/x.com\/kalotmx","http:\/\/instagram.com\/kalotmx","http:\/\/pinterest.com\/jorgeerana\/kalot"]},{"@type":"Person","@id":"https:\/\/kalot.com.mx\/site\/#\/schema\/person\/6baf594887d9ab62944fda9244330603","name":"David S\u00e1nchez","image":{"@type":"ImageObject","inLanguage":"es","@id":"https:\/\/secure.gravatar.com\/avatar\/a9993bb96b15c68a3759a39521e2f7d884b80007e4aec92ba75820217fdeff1e?s=96&d=mm&r=g","url":"https:\/\/secure.gravatar.com\/avatar\/a9993bb96b15c68a3759a39521e2f7d884b80007e4aec92ba75820217fdeff1e?s=96&d=mm&r=g","contentUrl":"https:\/\/secure.gravatar.com\/avatar\/a9993bb96b15c68a3759a39521e2f7d884b80007e4aec92ba75820217fdeff1e?s=96&d=mm&r=g","caption":"David S\u00e1nchez"},"description":"Estudiante de Derecho y un amante m\u00e1s de la m\u00fasica. Prefiero experiencias que cosas materiales.","sameAs":["https:\/\/x.com\/@davidpms96"],"url":"https:\/\/kalot.com.mx\/site\/author\/david\/"}]}},"jetpack_publicize_connections":[],"jetpack_featured_media_url":"https:\/\/i0.wp.com\/kalot.com.mx\/site\/wp-content\/uploads\/2017\/06\/Atleti.jpg?fit=650%2C217&ssl=1","jetpack_shortlink":"https:\/\/wp.me\/p6IHEI-752","jetpack-related-posts":[{"id":10915,"url":"https:\/\/kalot.com.mx\/site\/2014\/02\/01\/muere-luis-aragones-los-75-anos-de-edad\/","url_meta":{"origin":27220,"position":0},"title":"Muere Luis Aragon\u00e9s a los 75 a\u00f1os de edad","author":"Daniel Cacho","date":"1 febrero, 2014","format":false,"excerpt":"El entrenador de f\u00fatbol Luis Aragon\u00e9s, exseleccionador nacional, ha fallecido esta ma\u00f1ana en Madrid a los 75 a\u00f1os de edad, seg\u00fan han informado fuentes de la cl\u00ednica Cemtro de Madrid, donde ingres\u00f3 ayer. La causa de la muerte ha sido una leucemia que se le ha agravado en los dos\u2026","rel":"","context":"Entrada similar ","block_context":{"text":"Entrada similar ","link":""},"img":{"alt_text":"","src":"https:\/\/i0.wp.com\/kalot.com.mx\/site\/wp-content\/uploads\/2014\/02\/1386256261024.jpg?fit=768%2C432&ssl=1&resize=350%2C200","width":350,"height":200,"srcset":"https:\/\/i0.wp.com\/kalot.com.mx\/site\/wp-content\/uploads\/2014\/02\/1386256261024.jpg?fit=768%2C432&ssl=1&resize=350%2C200 1x, https:\/\/i0.wp.com\/kalot.com.mx\/site\/wp-content\/uploads\/2014\/02\/1386256261024.jpg?fit=768%2C432&ssl=1&resize=525%2C300 1.5x, https:\/\/i0.wp.com\/kalot.com.mx\/site\/wp-content\/uploads\/2014\/02\/1386256261024.jpg?fit=768%2C432&ssl=1&resize=700%2C400 2x"},"classes":[]},{"id":9982,"url":"https:\/\/kalot.com.mx\/site\/2014\/01\/23\/penosa-derrota-del-atletico-san-luis\/","url_meta":{"origin":27220,"position":1},"title":"Penosa derrota del Atl\u00e9tico San Luis","author":"Luisndestroy","date":"23 enero, 2014","format":false,"excerpt":"Despu\u00e9s de los sucesos lamentables en la jornada 1 de la Copa Mx en el Alfonso Lastras, se lleg\u00f3 la jornada 2 donde los potosinos visitaron a los Tigres en el Volc\u00e1n. El Atl\u00e9tico San Luis que se vio bien en el primer juego llegaba con la idea de llevarse\u2026","rel":"","context":"Con 2 comentarios","block_context":{"text":"Con 2 comentarios","link":"https:\/\/kalot.com.mx\/site\/2014\/01\/23\/penosa-derrota-del-atletico-san-luis\/#comments"},"img":{"alt_text":"","src":"https:\/\/i0.wp.com\/kalot.com.mx\/site\/wp-content\/uploads\/2014\/01\/xlos-felinos-aplastaron-a-los-potosinos-en-el-volcan.jpg.pagespeed.ic_.Oo4n1Ml5zo.jpg?fit=600%2C400&ssl=1&resize=350%2C200","width":350,"height":200,"srcset":"https:\/\/i0.wp.com\/kalot.com.mx\/site\/wp-content\/uploads\/2014\/01\/xlos-felinos-aplastaron-a-los-potosinos-en-el-volcan.jpg.pagespeed.ic_.Oo4n1Ml5zo.jpg?fit=600%2C400&ssl=1&resize=350%2C200 1x, https:\/\/i0.wp.com\/kalot.com.mx\/site\/wp-content\/uploads\/2014\/01\/xlos-felinos-aplastaron-a-los-potosinos-en-el-volcan.jpg.pagespeed.ic_.Oo4n1Ml5zo.jpg?fit=600%2C400&ssl=1&resize=525%2C300 1.5x"},"classes":[]},{"id":17796,"url":"https:\/\/kalot.com.mx\/site\/2014\/08\/28\/la-champions-league-2014-15-ya-tiene-grupos\/","url_meta":{"origin":27220,"position":2},"title":"LA CHAMPIONS LEAGUE 2014-15 ya tiene grupos","author":"HM_MKT007","date":"28 agosto, 2014","format":false,"excerpt":"El d\u00eda de hoy jueves 28 de agosto (D\u00eda de los abuelos por cierto, felicidades a todos por parte de KALOT) se realiz\u00f3 en la bella ciudad de M\u00f3naco, el sorteo por parte de la UEFA para los 32 equipos calificados, sin dudas grupos interesantes, regresan grandes equipos, y est\u00e1n\u2026","rel":"","context":"Entrada similar ","block_context":{"text":"Entrada similar ","link":""},"img":{"alt_text":"","src":"https:\/\/i0.wp.com\/kalot.com.mx\/site\/wp-content\/uploads\/2014\/08\/Champions-League-Final1.jpg?fit=980%2C540&ssl=1&resize=350%2C200","width":350,"height":200,"srcset":"https:\/\/i0.wp.com\/kalot.com.mx\/site\/wp-content\/uploads\/2014\/08\/Champions-League-Final1.jpg?fit=980%2C540&ssl=1&resize=350%2C200 1x, https:\/\/i0.wp.com\/kalot.com.mx\/site\/wp-content\/uploads\/2014\/08\/Champions-League-Final1.jpg?fit=980%2C540&ssl=1&resize=525%2C300 1.5x, https:\/\/i0.wp.com\/kalot.com.mx\/site\/wp-content\/uploads\/2014\/08\/Champions-League-Final1.jpg?fit=980%2C540&ssl=1&resize=700%2C400 2x"},"classes":[]},{"id":7910,"url":"https:\/\/kalot.com.mx\/site\/2013\/12\/16\/listos-los-octavos-de-champions-league\/","url_meta":{"origin":27220,"position":3},"title":"Listos los Octavos de Champions League","author":"Daniel Cacho","date":"16 diciembre, 2013","format":false,"excerpt":"Una nueva edici\u00f3n de fases finales de la Copa de Campeones de Europa se prepara para arrancar. Este a\u00f1o, la Champions League ofrecer\u00e1 duelos muy interesantes (y otros no tanto) para deleitar al p\u00fablico que gusta de ver buen f\u00fatbol (no pedazos como el espect\u00e1culo de ayer). Luis Figo, embajador\u2026","rel":"","context":"En &quot;Sin categor\u00eda&quot;","block_context":{"text":"Sin categor\u00eda","link":"https:\/\/kalot.com.mx\/site\/category\/sin-categoria\/"},"img":{"alt_text":"","src":"https:\/\/i0.wp.com\/kalot.com.mx\/site\/wp-content\/uploads\/2013\/12\/1503348_722658474425909_122927432_n.jpg?fit=843%2C403&ssl=1&resize=350%2C200","width":350,"height":200,"srcset":"https:\/\/i0.wp.com\/kalot.com.mx\/site\/wp-content\/uploads\/2013\/12\/1503348_722658474425909_122927432_n.jpg?fit=843%2C403&ssl=1&resize=350%2C200 1x, https:\/\/i0.wp.com\/kalot.com.mx\/site\/wp-content\/uploads\/2013\/12\/1503348_722658474425909_122927432_n.jpg?fit=843%2C403&ssl=1&resize=525%2C300 1.5x, https:\/\/i0.wp.com\/kalot.com.mx\/site\/wp-content\/uploads\/2013\/12\/1503348_722658474425909_122927432_n.jpg?fit=843%2C403&ssl=1&resize=700%2C400 2x"},"classes":[]},{"id":23175,"url":"https:\/\/kalot.com.mx\/site\/2015\/08\/27\/uefa-champions-league-sorteo\/","url_meta":{"origin":27220,"position":4},"title":"UEFA Champions League; Sorteo","author":"Andres Bautista","date":"27 agosto, 2015","format":false,"excerpt":"Hoy se realiz\u00f3 en M\u00f3naco el Sorteo de la Fase de Grupos de la UEFA Champions League 2015-16. Se destaca que por primera vez habr\u00e1 5 equipos espa\u00f1oles en la competici\u00f3n. Habra 3 equipos debutantes: Astana (Kazajst\u00e1n) Gent (Belgica) y el Monchengladbach (Alemania). Asi quedaron conformados los Grupos. GRUPO A\u2026","rel":"","context":"Entrada similar ","block_context":{"text":"Entrada similar ","link":""},"img":{"alt_text":"","src":"https:\/\/i0.wp.com\/kalot.com.mx\/site\/wp-content\/uploads\/2015\/08\/maxresdefault.jpg?fit=1200%2C675&ssl=1&resize=350%2C200","width":350,"height":200,"srcset":"https:\/\/i0.wp.com\/kalot.com.mx\/site\/wp-content\/uploads\/2015\/08\/maxresdefault.jpg?fit=1200%2C675&ssl=1&resize=350%2C200 1x, https:\/\/i0.wp.com\/kalot.com.mx\/site\/wp-content\/uploads\/2015\/08\/maxresdefault.jpg?fit=1200%2C675&ssl=1&resize=525%2C300 1.5x, https:\/\/i0.wp.com\/kalot.com.mx\/site\/wp-content\/uploads\/2015\/08\/maxresdefault.jpg?fit=1200%2C675&ssl=1&resize=700%2C400 2x, https:\/\/i0.wp.com\/kalot.com.mx\/site\/wp-content\/uploads\/2015\/08\/maxresdefault.jpg?fit=1200%2C675&ssl=1&resize=1050%2C600 3x"},"classes":[]},{"id":7431,"url":"https:\/\/kalot.com.mx\/site\/2013\/12\/01\/la-bundesliga-el-modelo-de-negocios-perfecto\/","url_meta":{"origin":27220,"position":5},"title":"La Bundesliga, el modelo de negocios perfecto","author":"Pepe M\u00e9ndez","date":"1 diciembre, 2013","format":false,"excerpt":"En los \u00faltimos d\u00edas me he dado cuenta que un tema muy comentado en todos los medios de comunicaci\u00f3n son los deportes, en especial el futbol, y es de este donde me naci\u00f3 la curiosidad de este interesante tema, ya que recordar\u00e1n que este a\u00f1o la final de la Champions\u2026","rel":"","context":"Entrada similar ","block_context":{"text":"Entrada similar ","link":""},"img":{"alt_text":"","src":"https:\/\/i0.wp.com\/kalot.com.mx\/site\/wp-content\/uploads\/2013\/12\/bundesliga-logo-2010.png?fit=634%2C545&ssl=1&resize=350%2C200","width":350,"height":200,"srcset":"https:\/\/i0.wp.com\/kalot.com.mx\/site\/wp-content\/uploads\/2013\/12\/bundesliga-logo-2010.png?fit=634%2C545&ssl=1&resize=350%2C200 1x, https:\/\/i0.wp.com\/kalot.com.mx\/site\/wp-content\/uploads\/2013\/12\/bundesliga-logo-2010.png?fit=634%2C545&ssl=1&resize=525%2C300 1.5x"},"classes":[]}],"jetpack_sharing_enabled":true,"_links":{"self":[{"href":"https:\/\/kalot.com.mx\/site\/wp-json\/wp\/v2\/posts\/27220","targetHints":{"allow":["GET"]}}],"collection":[{"href":"https:\/\/kalot.com.mx\/site\/wp-json\/wp\/v2\/posts"}],"about":[{"href":"https:\/\/kalot.com.mx\/site\/wp-json\/wp\/v2\/types\/post"}],"author":[{"embeddable":true,"href":"https:\/\/kalot.com.mx\/site\/wp-json\/wp\/v2\/users\/80"}],"replies":[{"embeddable":true,"href":"https:\/\/kalot.com.mx\/site\/wp-json\/wp\/v2\/comments?post=27220"}],"version-history":[{"count":3,"href":"https:\/\/kalot.com.mx\/site\/wp-json\/wp\/v2\/posts\/27220\/revisions"}],"predecessor-version":[{"id":28120,"href":"https:\/\/kalot.com.mx\/site\/wp-json\/wp\/v2\/posts\/27220\/revisions\/28120"}],"wp:featuredmedia":[{"embeddable":true,"href":"https:\/\/kalot.com.mx\/site\/wp-json\/wp\/v2\/media\/27221"}],"wp:attachment":[{"href":"https:\/\/kalot.com.mx\/site\/wp-json\/wp\/v2\/media?parent=27220"}],"wp:term":[{"taxonomy":"category","embeddable":true,"href":"https:\/\/kalot.com.mx\/site\/wp-json\/wp\/v2\/categories?post=27220"},{"taxonomy":"post_tag","embeddable":true,"href":"https:\/\/kalot.com.mx\/site\/wp-json\/wp\/v2\/tags?post=27220"}],"curies":[{"name":"wp","href":"https:\/\/api.w.org\/{rel}","templated":true}]}}