{"id":27070,"date":"2017-04-02T13:31:20","date_gmt":"2017-04-02T19:31:20","guid":{"rendered":"http:\/\/kalot.com.mx\/site\/?p=27070"},"modified":"2017-12-20T09:24:21","modified_gmt":"2017-12-20T15:24:21","slug":"misiva-a-maria-jose-cuevas","status":"publish","type":"post","link":"https:\/\/kalot.com.mx\/site\/2017\/04\/02\/misiva-a-maria-jose-cuevas\/","title":{"rendered":"Misiva a Mar\u00eda Jos\u00e9 Cuevas."},"content":{"rendered":"<p>Querida Mar\u00eda Jos\u00e9:<\/p>\n<p>Cuando vi tu documental, <em>Bellas de noche<\/em>, se me vino a la mente la importancia de la memoria del cuerpo, y t\u00fa nos muestras que es muy significativo poder tener un formato en cual guardarlo: \u00bfqu\u00e9 mejor que hacerlo en un formato digital para la memoria colectiva del p\u00fablico que disfrutaron al ver aquellas extraordinarias vedettes y para quienes pueden presenciar la redenci\u00f3n de lo corporal y lo espiritual?<\/p>\n<p>Hay varias escenas que me remiten a la rememoraci\u00f3n y la nostalgia no solo de lo corporal, sino de la exuberancia de la vida misma: una es cuando Rossy Mendoza rompe en pedazos la pi\u00f1ata de Betty Boop, qued\u00e1ndose en el suelo en pedazos, despu\u00e9s de ser un jolgorio l\u00fadico de la celebraci\u00f3n; otra, en donde Wanda Seux hablando de lo bello del resplandor del sol, del renacer de \u00e9sta, mientras la imagen proyectada se sobreexpone casi llegando al blanco total.<\/p>\n<p><img data-recalc-dims=\"1\" fetchpriority=\"high\" decoding=\"async\" data-attachment-id=\"27071\" data-permalink=\"https:\/\/kalot.com.mx\/site\/2017\/04\/02\/misiva-a-maria-jose-cuevas\/captura-de-pantalla-2016-11-30-a-las-9-50-11-p-m-c-702x468\/\" data-orig-file=\"https:\/\/i0.wp.com\/kalot.com.mx\/site\/wp-content\/uploads\/2017\/04\/Captura-de-pantalla-2016-11-30-a-las-9.50.11-p.m.-c-702x468.jpeg?fit=702%2C468&amp;ssl=1\" data-orig-size=\"702,468\" data-comments-opened=\"1\" data-image-meta=\"{&quot;aperture&quot;:&quot;0&quot;,&quot;credit&quot;:&quot;&quot;,&quot;camera&quot;:&quot;&quot;,&quot;caption&quot;:&quot;&quot;,&quot;created_timestamp&quot;:&quot;0&quot;,&quot;copyright&quot;:&quot;&quot;,&quot;focal_length&quot;:&quot;0&quot;,&quot;iso&quot;:&quot;0&quot;,&quot;shutter_speed&quot;:&quot;0&quot;,&quot;title&quot;:&quot;&quot;,&quot;orientation&quot;:&quot;0&quot;}\" data-image-title=\"Captura-de-pantalla-2016-11-30-a-las-9.50.11-p.m.-c-702&amp;#215;468\" data-image-description=\"\" data-image-caption=\"\" data-large-file=\"https:\/\/i0.wp.com\/kalot.com.mx\/site\/wp-content\/uploads\/2017\/04\/Captura-de-pantalla-2016-11-30-a-las-9.50.11-p.m.-c-702x468.jpeg?fit=702%2C468&amp;ssl=1\" class=\"alignnone  wp-image-27071\" src=\"https:\/\/i0.wp.com\/kalot.com.mx\/site\/wp-content\/uploads\/2017\/04\/Captura-de-pantalla-2016-11-30-a-las-9.50.11-p.m.-c-702x468-300x200.jpeg?resize=347%2C231\" alt=\"\" width=\"347\" height=\"231\" srcset=\"https:\/\/i0.wp.com\/kalot.com.mx\/site\/wp-content\/uploads\/2017\/04\/Captura-de-pantalla-2016-11-30-a-las-9.50.11-p.m.-c-702x468.jpeg?resize=300%2C200&amp;ssl=1 300w, https:\/\/i0.wp.com\/kalot.com.mx\/site\/wp-content\/uploads\/2017\/04\/Captura-de-pantalla-2016-11-30-a-las-9.50.11-p.m.-c-702x468.jpeg?resize=702%2C468&amp;ssl=1 702w\" sizes=\"(max-width: 347px) 100vw, 347px\" \/><\/p>\n<p>Mientras que las dem\u00e1s viven una vida mucho m\u00e1s modesta, Olga Breeskin tiene una vida mas c\u00f3moda que le permite tener sesiones de rejuvenecimiento, qued\u00e1ndose por varios minutos recostada cantando <em>B\u00e9same mucho<\/em>, mientras su cuerpo lleno de barro es testigo de los estereotipos de belleza que prevalecen en el mundo exterior, por medio de una publicidad que muestra un una corporalidad joven.<\/p>\n<p><em>Bellas de noche<\/em> tiene una edici\u00f3n bastante interesante que juega con las palabras y las im\u00e1genes, un ejemplo es la bonita alegor\u00eda con la champa\u00f1a que corr\u00eda con una imagen de Wanda lavando el patio y la llamada contestada por ella misma y seguida por La Princesa Yamal, interconectando la amistad de las dos mujeres en un sentido estrictamente de cortes de video.<\/p>\n<p><img data-recalc-dims=\"1\" decoding=\"async\" data-attachment-id=\"27072\" data-permalink=\"https:\/\/kalot.com.mx\/site\/2017\/04\/02\/misiva-a-maria-jose-cuevas\/bellas-de-noche-entre-personas-y-personajes-body-image-1461168389-size_1000\/\" data-orig-file=\"https:\/\/i0.wp.com\/kalot.com.mx\/site\/wp-content\/uploads\/2017\/04\/bellas-de-noche-entre-personas-y-personajes-body-image-1461168389-size_1000.jpeg?fit=1000%2C562&amp;ssl=1\" data-orig-size=\"1000,562\" data-comments-opened=\"1\" data-image-meta=\"{&quot;aperture&quot;:&quot;0&quot;,&quot;credit&quot;:&quot;&quot;,&quot;camera&quot;:&quot;&quot;,&quot;caption&quot;:&quot;&quot;,&quot;created_timestamp&quot;:&quot;0&quot;,&quot;copyright&quot;:&quot;&quot;,&quot;focal_length&quot;:&quot;0&quot;,&quot;iso&quot;:&quot;0&quot;,&quot;shutter_speed&quot;:&quot;0&quot;,&quot;title&quot;:&quot;&quot;,&quot;orientation&quot;:&quot;0&quot;}\" data-image-title=\"bellas-de-noche-entre-personas-y-personajes-body-image-1461168389-size_1000\" data-image-description=\"\" data-image-caption=\"\" data-large-file=\"https:\/\/i0.wp.com\/kalot.com.mx\/site\/wp-content\/uploads\/2017\/04\/bellas-de-noche-entre-personas-y-personajes-body-image-1461168389-size_1000.jpeg?fit=1000%2C562&amp;ssl=1\" class=\"alignnone  wp-image-27072\" src=\"https:\/\/i0.wp.com\/kalot.com.mx\/site\/wp-content\/uploads\/2017\/04\/bellas-de-noche-entre-personas-y-personajes-body-image-1461168389-size_1000-300x169.jpeg?resize=398%2C224\" alt=\"\" width=\"398\" height=\"224\" srcset=\"https:\/\/i0.wp.com\/kalot.com.mx\/site\/wp-content\/uploads\/2017\/04\/bellas-de-noche-entre-personas-y-personajes-body-image-1461168389-size_1000.jpeg?resize=300%2C169&amp;ssl=1 300w, https:\/\/i0.wp.com\/kalot.com.mx\/site\/wp-content\/uploads\/2017\/04\/bellas-de-noche-entre-personas-y-personajes-body-image-1461168389-size_1000.jpeg?resize=768%2C432&amp;ssl=1 768w, https:\/\/i0.wp.com\/kalot.com.mx\/site\/wp-content\/uploads\/2017\/04\/bellas-de-noche-entre-personas-y-personajes-body-image-1461168389-size_1000.jpeg?resize=810%2C455&amp;ssl=1 810w, https:\/\/i0.wp.com\/kalot.com.mx\/site\/wp-content\/uploads\/2017\/04\/bellas-de-noche-entre-personas-y-personajes-body-image-1461168389-size_1000.jpeg?w=1000&amp;ssl=1 1000w\" sizes=\"(max-width: 398px) 100vw, 398px\" \/><\/p>\n<p>El documental, a mi consideraci\u00f3n, tiene algunas deficiencias que quiz\u00e1 por la din\u00e1mica de grabaci\u00f3n se perdieron, esto se puede ver en la iluminaci\u00f3n de algunas escenas y los sonidos para anticipar el drama en especial en el relato de Lyn May sobre su esposo chino.<\/p>\n<p>Las historias desde un principio se cruzan, todas buscan la redenci\u00f3n y el anhelo del cuerpo que qued\u00f3 registrado en fotograf\u00edas y videos, mostr\u00e1ndonos lo ef\u00edmero de la materia, pasando as\u00ed a lo emotivo de las vivencias, del sufrimiento, de la pasi\u00f3n y del amor.<\/p>\n<p>Me despido echando las cartas para <em>Bellas de noche<\/em>, justo como lo hace La Princesa Yamal antes de aparecer los primeros cr\u00e9ditos.<\/p>\n<p><img data-recalc-dims=\"1\" decoding=\"async\" data-attachment-id=\"27073\" data-permalink=\"https:\/\/kalot.com.mx\/site\/2017\/04\/02\/misiva-a-maria-jose-cuevas\/bellas-de-noche-poster\/\" data-orig-file=\"https:\/\/i0.wp.com\/kalot.com.mx\/site\/wp-content\/uploads\/2017\/04\/Bellas-de-noche-poster.jpeg?fit=537%2C767&amp;ssl=1\" data-orig-size=\"537,767\" data-comments-opened=\"1\" data-image-meta=\"{&quot;aperture&quot;:&quot;0&quot;,&quot;credit&quot;:&quot;&quot;,&quot;camera&quot;:&quot;&quot;,&quot;caption&quot;:&quot;&quot;,&quot;created_timestamp&quot;:&quot;0&quot;,&quot;copyright&quot;:&quot;&quot;,&quot;focal_length&quot;:&quot;0&quot;,&quot;iso&quot;:&quot;0&quot;,&quot;shutter_speed&quot;:&quot;0&quot;,&quot;title&quot;:&quot;&quot;,&quot;orientation&quot;:&quot;0&quot;}\" data-image-title=\"Bellas-de-noche-poster\" data-image-description=\"\" data-image-caption=\"\" data-large-file=\"https:\/\/i0.wp.com\/kalot.com.mx\/site\/wp-content\/uploads\/2017\/04\/Bellas-de-noche-poster.jpeg?fit=537%2C767&amp;ssl=1\" class=\"alignnone  wp-image-27073\" src=\"https:\/\/i0.wp.com\/kalot.com.mx\/site\/wp-content\/uploads\/2017\/04\/Bellas-de-noche-poster-210x300.jpeg?resize=273%2C390\" alt=\"\" width=\"273\" height=\"390\" srcset=\"https:\/\/i0.wp.com\/kalot.com.mx\/site\/wp-content\/uploads\/2017\/04\/Bellas-de-noche-poster.jpeg?resize=210%2C300&amp;ssl=1 210w, https:\/\/i0.wp.com\/kalot.com.mx\/site\/wp-content\/uploads\/2017\/04\/Bellas-de-noche-poster.jpeg?w=537&amp;ssl=1 537w\" sizes=\"(max-width: 273px) 100vw, 273px\" \/><\/p>\n","protected":false},"excerpt":{"rendered":"Querida Mar\u00eda Jos\u00e9: Cuando vi tu documental, Bellas de noche, se me vino a la mente la importancia&hellip;\n","protected":false},"author":137,"featured_media":27074,"comment_status":"open","ping_status":"open","sticky":false,"template":"","format":"standard","meta":{"jetpack_post_was_ever_published":false,"_jetpack_newsletter_access":"","_jetpack_dont_email_post_to_subs":false,"_jetpack_newsletter_tier_id":0,"_jetpack_memberships_contains_paywalled_content":false,"_jetpack_memberships_contains_paid_content":false,"footnotes":"","jetpack_publicize_message":"","jetpack_publicize_feature_enabled":true,"jetpack_social_post_already_shared":true,"jetpack_social_options":{"image_generator_settings":{"template":"highway","default_image_id":0,"font":"","enabled":false},"version":2}},"categories":[9],"tags":[1466,139,422,524,1468,1471,1469,1467,1470],"class_list":{"0":"post-27070","1":"post","2":"type-post","3":"status-publish","4":"format-standard","5":"has-post-thumbnail","7":"category-cine","8":"tag-bellas-de-noche","9":"tag-cine","10":"tag-cine-mexicano","11":"tag-critica","12":"tag-lyn-may","13":"tag-olga-breeskin","14":"tag-rossy-mendonza","15":"tag-vedettes","16":"tag-wanda-seux","17":"cs-entry","18":"cs-video-wrap"},"yoast_head":"<!-- This site is optimized with the Yoast SEO plugin v27.5 - https:\/\/yoast.com\/product\/yoast-seo-wordpress\/ -->\n<title>Misiva a Mar\u00eda Jos\u00e9 Cuevas. - Kalot<\/title>\n<meta name=\"description\" content=\"Querida Mar\u00eda Jos\u00e9: Cuando vi tu documental, Bellas de noche, se me vino a la mente la importancia de la memoria del cuerpo, y t\u00fa nos muestras que es muy\" \/>\n<meta name=\"robots\" content=\"index, follow, max-snippet:-1, max-image-preview:large, max-video-preview:-1\" \/>\n<link rel=\"canonical\" href=\"https:\/\/kalot.com.mx\/site\/2017\/04\/02\/misiva-a-maria-jose-cuevas\/\" \/>\n<meta property=\"og:locale\" content=\"es_MX\" \/>\n<meta property=\"og:type\" content=\"article\" \/>\n<meta property=\"og:title\" content=\"Misiva a Mar\u00eda Jos\u00e9 Cuevas. - Kalot\" \/>\n<meta property=\"og:description\" content=\"Querida Mar\u00eda Jos\u00e9: Cuando vi tu documental, Bellas de noche, se me vino a la mente la importancia de la memoria del cuerpo, y t\u00fa nos muestras que es muy\" \/>\n<meta property=\"og:url\" content=\"https:\/\/kalot.com.mx\/site\/2017\/04\/02\/misiva-a-maria-jose-cuevas\/\" \/>\n<meta property=\"og:site_name\" content=\"Kalot\" \/>\n<meta property=\"article:publisher\" content=\"http:\/\/facebook.com\/mxkalot\" \/>\n<meta property=\"article:published_time\" content=\"2017-04-02T19:31:20+00:00\" \/>\n<meta property=\"article:modified_time\" content=\"2017-12-20T15:24:21+00:00\" \/>\n<meta property=\"og:image\" content=\"https:\/\/i0.wp.com\/kalot.com.mx\/site\/wp-content\/uploads\/2017\/04\/cdn1.uvnimg.com_.jpeg?fit=1240%2C698&ssl=1\" \/>\n\t<meta property=\"og:image:width\" content=\"1240\" \/>\n\t<meta property=\"og:image:height\" content=\"698\" \/>\n\t<meta property=\"og:image:type\" content=\"image\/jpeg\" \/>\n<meta name=\"author\" content=\"Doctor Caligari\" \/>\n<meta name=\"twitter:card\" content=\"summary_large_image\" \/>\n<meta name=\"twitter:creator\" content=\"@kalotmx\" \/>\n<meta name=\"twitter:site\" content=\"@kalotmx\" \/>\n<meta name=\"twitter:label1\" content=\"Escrito por\" \/>\n\t<meta name=\"twitter:data1\" content=\"Doctor Caligari\" \/>\n\t<meta name=\"twitter:label2\" content=\"Tiempo de lectura\" \/>\n\t<meta name=\"twitter:data2\" content=\"2 minutos\" \/>\n<!-- \/ Yoast SEO plugin. -->","yoast_head_json":{"title":"Misiva a Mar\u00eda Jos\u00e9 Cuevas. - Kalot","description":"Querida Mar\u00eda Jos\u00e9: Cuando vi tu documental, Bellas de noche, se me vino a la mente la importancia de la memoria del cuerpo, y t\u00fa nos muestras que es muy","robots":{"index":"index","follow":"follow","max-snippet":"max-snippet:-1","max-image-preview":"max-image-preview:large","max-video-preview":"max-video-preview:-1"},"canonical":"https:\/\/kalot.com.mx\/site\/2017\/04\/02\/misiva-a-maria-jose-cuevas\/","og_locale":"es_MX","og_type":"article","og_title":"Misiva a Mar\u00eda Jos\u00e9 Cuevas. - Kalot","og_description":"Querida Mar\u00eda Jos\u00e9: Cuando vi tu documental, Bellas de noche, se me vino a la mente la importancia de la memoria del cuerpo, y t\u00fa nos muestras que es muy","og_url":"https:\/\/kalot.com.mx\/site\/2017\/04\/02\/misiva-a-maria-jose-cuevas\/","og_site_name":"Kalot","article_publisher":"http:\/\/facebook.com\/mxkalot","article_published_time":"2017-04-02T19:31:20+00:00","article_modified_time":"2017-12-20T15:24:21+00:00","og_image":[{"width":1240,"height":698,"url":"https:\/\/i0.wp.com\/kalot.com.mx\/site\/wp-content\/uploads\/2017\/04\/cdn1.uvnimg.com_.jpeg?fit=1240%2C698&ssl=1","type":"image\/jpeg"}],"author":"Doctor Caligari","twitter_card":"summary_large_image","twitter_creator":"@kalotmx","twitter_site":"@kalotmx","twitter_misc":{"Escrito por":"Doctor Caligari","Tiempo de lectura":"2 minutos"},"schema":{"@context":"https:\/\/schema.org","@graph":[{"@type":"Article","@id":"https:\/\/kalot.com.mx\/site\/2017\/04\/02\/misiva-a-maria-jose-cuevas\/#article","isPartOf":{"@id":"https:\/\/kalot.com.mx\/site\/2017\/04\/02\/misiva-a-maria-jose-cuevas\/"},"author":{"name":"Doctor Caligari","@id":"https:\/\/kalot.com.mx\/site\/#\/schema\/person\/645e1055387450a9aaddb8b199167f89"},"headline":"Misiva a Mar\u00eda Jos\u00e9 Cuevas.","datePublished":"2017-04-02T19:31:20+00:00","dateModified":"2017-12-20T15:24:21+00:00","mainEntityOfPage":{"@id":"https:\/\/kalot.com.mx\/site\/2017\/04\/02\/misiva-a-maria-jose-cuevas\/"},"wordCount":426,"commentCount":0,"publisher":{"@id":"https:\/\/kalot.com.mx\/site\/#organization"},"image":{"@id":"https:\/\/kalot.com.mx\/site\/2017\/04\/02\/misiva-a-maria-jose-cuevas\/#primaryimage"},"thumbnailUrl":"https:\/\/i0.wp.com\/kalot.com.mx\/site\/wp-content\/uploads\/2017\/04\/cdn1.uvnimg.com_.jpeg?fit=1240%2C698&ssl=1","keywords":["bellas de noche","CINE","Cine Mexicano","critica","lyn may","olga breeskin","rossy mendonza","vedettes","wanda seux"],"articleSection":["Cine"],"inLanguage":"es","potentialAction":[{"@type":"CommentAction","name":"Comment","target":["https:\/\/kalot.com.mx\/site\/2017\/04\/02\/misiva-a-maria-jose-cuevas\/#respond"]}]},{"@type":"WebPage","@id":"https:\/\/kalot.com.mx\/site\/2017\/04\/02\/misiva-a-maria-jose-cuevas\/","url":"https:\/\/kalot.com.mx\/site\/2017\/04\/02\/misiva-a-maria-jose-cuevas\/","name":"Misiva a Mar\u00eda Jos\u00e9 Cuevas. - Kalot","isPartOf":{"@id":"https:\/\/kalot.com.mx\/site\/#website"},"primaryImageOfPage":{"@id":"https:\/\/kalot.com.mx\/site\/2017\/04\/02\/misiva-a-maria-jose-cuevas\/#primaryimage"},"image":{"@id":"https:\/\/kalot.com.mx\/site\/2017\/04\/02\/misiva-a-maria-jose-cuevas\/#primaryimage"},"thumbnailUrl":"https:\/\/i0.wp.com\/kalot.com.mx\/site\/wp-content\/uploads\/2017\/04\/cdn1.uvnimg.com_.jpeg?fit=1240%2C698&ssl=1","datePublished":"2017-04-02T19:31:20+00:00","dateModified":"2017-12-20T15:24:21+00:00","description":"Querida Mar\u00eda Jos\u00e9: Cuando vi tu documental, Bellas de noche, se me vino a la mente la importancia de la memoria del cuerpo, y t\u00fa nos muestras que es muy","breadcrumb":{"@id":"https:\/\/kalot.com.mx\/site\/2017\/04\/02\/misiva-a-maria-jose-cuevas\/#breadcrumb"},"inLanguage":"es","potentialAction":[{"@type":"ReadAction","target":["https:\/\/kalot.com.mx\/site\/2017\/04\/02\/misiva-a-maria-jose-cuevas\/"]}]},{"@type":"ImageObject","inLanguage":"es","@id":"https:\/\/kalot.com.mx\/site\/2017\/04\/02\/misiva-a-maria-jose-cuevas\/#primaryimage","url":"https:\/\/i0.wp.com\/kalot.com.mx\/site\/wp-content\/uploads\/2017\/04\/cdn1.uvnimg.com_.jpeg?fit=1240%2C698&ssl=1","contentUrl":"https:\/\/i0.wp.com\/kalot.com.mx\/site\/wp-content\/uploads\/2017\/04\/cdn1.uvnimg.com_.jpeg?fit=1240%2C698&ssl=1","width":1240,"height":698},{"@type":"BreadcrumbList","@id":"https:\/\/kalot.com.mx\/site\/2017\/04\/02\/misiva-a-maria-jose-cuevas\/#breadcrumb","itemListElement":[{"@type":"ListItem","position":1,"name":"Home","item":"https:\/\/kalot.com.mx\/site\/"},{"@type":"ListItem","position":2,"name":"Misiva a Mar\u00eda Jos\u00e9 Cuevas."}]},{"@type":"WebSite","@id":"https:\/\/kalot.com.mx\/site\/#website","url":"https:\/\/kalot.com.mx\/site\/","name":"Kalot","description":"Conoce Todo Sobre Todo","publisher":{"@id":"https:\/\/kalot.com.mx\/site\/#organization"},"potentialAction":[{"@type":"SearchAction","target":{"@type":"EntryPoint","urlTemplate":"https:\/\/kalot.com.mx\/site\/?s={search_term_string}"},"query-input":{"@type":"PropertyValueSpecification","valueRequired":true,"valueName":"search_term_string"}}],"inLanguage":"es"},{"@type":"Organization","@id":"https:\/\/kalot.com.mx\/site\/#organization","name":"Kalot","url":"https:\/\/kalot.com.mx\/site\/","logo":{"@type":"ImageObject","inLanguage":"es","@id":"https:\/\/kalot.com.mx\/site\/#\/schema\/logo\/image\/","url":"https:\/\/i0.wp.com\/kalot.com.mx\/site\/wp-content\/uploads\/2020\/04\/Kalot-logo-sin-tagline.png?fit=1707%2C1014&ssl=1","contentUrl":"https:\/\/i0.wp.com\/kalot.com.mx\/site\/wp-content\/uploads\/2020\/04\/Kalot-logo-sin-tagline.png?fit=1707%2C1014&ssl=1","width":1707,"height":1014,"caption":"Kalot"},"image":{"@id":"https:\/\/kalot.com.mx\/site\/#\/schema\/logo\/image\/"},"sameAs":["http:\/\/facebook.com\/mxkalot","https:\/\/x.com\/kalotmx","http:\/\/instagram.com\/kalotmx","http:\/\/pinterest.com\/jorgeerana\/kalot"]},{"@type":"Person","@id":"https:\/\/kalot.com.mx\/site\/#\/schema\/person\/645e1055387450a9aaddb8b199167f89","name":"Doctor Caligari","image":{"@type":"ImageObject","inLanguage":"es","@id":"https:\/\/secure.gravatar.com\/avatar\/39f408f452c285bcf62aeb0cd476a4858c3ed7f4acbfaa3ee45e423d1e44c2f0?s=96&d=mm&r=g","url":"https:\/\/secure.gravatar.com\/avatar\/39f408f452c285bcf62aeb0cd476a4858c3ed7f4acbfaa3ee45e423d1e44c2f0?s=96&d=mm&r=g","contentUrl":"https:\/\/secure.gravatar.com\/avatar\/39f408f452c285bcf62aeb0cd476a4858c3ed7f4acbfaa3ee45e423d1e44c2f0?s=96&d=mm&r=g","caption":"Doctor Caligari"},"url":"https:\/\/kalot.com.mx\/site\/author\/sahiye\/"}]}},"jetpack_publicize_connections":[],"jetpack_featured_media_url":"https:\/\/i0.wp.com\/kalot.com.mx\/site\/wp-content\/uploads\/2017\/04\/cdn1.uvnimg.com_.jpeg?fit=1240%2C698&ssl=1","jetpack_shortlink":"https:\/\/wp.me\/p6IHEI-72C","jetpack-related-posts":[{"id":14787,"url":"https:\/\/kalot.com.mx\/site\/2014\/04\/12\/cine-avenida-su-demolicion\/","url_meta":{"origin":27070,"position":0},"title":"Cine Avenida, su demolici\u00f3n.","author":"Gustavo Elizarrar\u00e1s","date":"12 abril, 2014","format":false,"excerpt":"Todos los potosinos o en una gran parte conocemos y alg\u00fan d\u00eda tuvimos la oportunidad de visitar este gran inmueble ubicado en la ya muy conocida Av. Carranza. A mi parecer es una terrible noticia que suceda esto ya que San Luis Potos\u00ed tiene ese potencial explotable en sitios de\u2026","rel":"","context":"Entrada similar ","block_context":{"text":"Entrada similar ","link":""},"img":{"alt_text":"","src":"https:\/\/i0.wp.com\/kalot.com.mx\/site\/wp-content\/uploads\/2014\/04\/large.jpg?fit=640%2C398&ssl=1&resize=350%2C200","width":350,"height":200,"srcset":"https:\/\/i0.wp.com\/kalot.com.mx\/site\/wp-content\/uploads\/2014\/04\/large.jpg?fit=640%2C398&ssl=1&resize=350%2C200 1x, https:\/\/i0.wp.com\/kalot.com.mx\/site\/wp-content\/uploads\/2014\/04\/large.jpg?fit=640%2C398&ssl=1&resize=525%2C300 1.5x"},"classes":[]},{"id":24573,"url":"https:\/\/kalot.com.mx\/site\/2015\/12\/16\/la-ultima-pelicula-de-mauricio-garces\/","url_meta":{"origin":27070,"position":1},"title":"La \u00faltima pel\u00edcula de Mauricio Garc\u00e9s.","author":"Aldo L\u00f3pez","date":"16 diciembre, 2015","format":false,"excerpt":"El d\u00eda de hoy se cumplen 89 a\u00f1os del nacimiento de Mauricio Fer\u00e9z Y\u00e1zbek, mejor conocido en la historia del cine mexicano como Mauricio Garc\u00e9s. Nacido en Tampico, Tamaulipas en 1926, de familia de origen liban\u00e9s (qui\u00e9nes m\u00e1s tarde se trasladaron a vivir a la Ciudad de M\u00e9xico), fue un\u2026","rel":"","context":"En &quot;Cine&quot;","block_context":{"text":"Cine","link":"https:\/\/kalot.com.mx\/site\/category\/cine\/"},"img":{"alt_text":"","src":"https:\/\/i0.wp.com\/kalot.com.mx\/site\/wp-content\/uploads\/2015\/12\/Mauricio-Garces-1.jpg?fit=1024%2C360&ssl=1&resize=350%2C200","width":350,"height":200,"srcset":"https:\/\/i0.wp.com\/kalot.com.mx\/site\/wp-content\/uploads\/2015\/12\/Mauricio-Garces-1.jpg?fit=1024%2C360&ssl=1&resize=350%2C200 1x, https:\/\/i0.wp.com\/kalot.com.mx\/site\/wp-content\/uploads\/2015\/12\/Mauricio-Garces-1.jpg?fit=1024%2C360&ssl=1&resize=525%2C300 1.5x, https:\/\/i0.wp.com\/kalot.com.mx\/site\/wp-content\/uploads\/2015\/12\/Mauricio-Garces-1.jpg?fit=1024%2C360&ssl=1&resize=700%2C400 2x"},"classes":[]},{"id":13574,"url":"https:\/\/kalot.com.mx\/site\/2014\/03\/18\/semana-de-cine-erotico-clasico-en-la-cineteca-alameda\/","url_meta":{"origin":27070,"position":2},"title":"Semana de Cine Er\u00f3tico Cl\u00e1sico en la Cineteca Alameda","author":"Omar Herrera","date":"18 marzo, 2014","format":false,"excerpt":"Cineteca Alameda presenta la Semana de Cine Er\u00f3tico Cl\u00e1sico, donde a lo largo de siete d\u00edas se presentan en pantalla siete pel\u00edculas diferentes que abordan el tema del erotismo visto desde la lente de diversos directores y pa\u00edses. En esta semana, que inici\u00f3 desde el lunes 17 y culminar\u00e1 el\u2026","rel":"","context":"En &quot;Sin categor\u00eda&quot;","block_context":{"text":"Sin categor\u00eda","link":"https:\/\/kalot.com.mx\/site\/category\/sin-categoria\/"},"img":{"alt_text":"","src":"https:\/\/i0.wp.com\/kalot.com.mx\/site\/wp-content\/uploads\/2014\/03\/cine-erotico_web.jpg?fit=567%2C851&ssl=1&resize=350%2C200","width":350,"height":200,"srcset":"https:\/\/i0.wp.com\/kalot.com.mx\/site\/wp-content\/uploads\/2014\/03\/cine-erotico_web.jpg?fit=567%2C851&ssl=1&resize=350%2C200 1x, https:\/\/i0.wp.com\/kalot.com.mx\/site\/wp-content\/uploads\/2014\/03\/cine-erotico_web.jpg?fit=567%2C851&ssl=1&resize=525%2C300 1.5x"},"classes":[]},{"id":31422,"url":"https:\/\/kalot.com.mx\/site\/2019\/07\/13\/como-comprar-boletos-de-cinemex-por-internet\/","url_meta":{"origin":27070,"position":3},"title":"\u00bfC\u00f3mo comprar boletos de Cinemex por Internet en 3 sencillos pasos?","author":"Jorge Era\u00f1a","date":"13 julio, 2019","format":false,"excerpt":"Este art\u00edculo es para todas y todo aquellos que les gusta el cine y que por alguna raz\u00f3n no han encontrado informaci\u00f3n necesaria para disfrutar al m\u00e1ximo sus pel\u00edculas en el cine de su preferencia. Ya lo he hecho anteriormente con Cin\u00e9polis pero en esta ocasi\u00f3n a quien le toca\u2026","rel":"","context":"En &quot;#MiExperienciaCon&quot;","block_context":{"text":"#MiExperienciaCon","link":"https:\/\/kalot.com.mx\/site\/category\/miexperienciacon\/"},"img":{"alt_text":"","src":"https:\/\/i0.wp.com\/kalot.com.mx\/site\/wp-content\/uploads\/2019\/07\/como-comprar-boletos-cinemex-por-internet.jpg?fit=900%2C540&ssl=1&resize=350%2C200","width":350,"height":200,"srcset":"https:\/\/i0.wp.com\/kalot.com.mx\/site\/wp-content\/uploads\/2019\/07\/como-comprar-boletos-cinemex-por-internet.jpg?fit=900%2C540&ssl=1&resize=350%2C200 1x, https:\/\/i0.wp.com\/kalot.com.mx\/site\/wp-content\/uploads\/2019\/07\/como-comprar-boletos-cinemex-por-internet.jpg?fit=900%2C540&ssl=1&resize=525%2C300 1.5x, https:\/\/i0.wp.com\/kalot.com.mx\/site\/wp-content\/uploads\/2019\/07\/como-comprar-boletos-cinemex-por-internet.jpg?fit=900%2C540&ssl=1&resize=700%2C400 2x"},"classes":[]},{"id":20719,"url":"https:\/\/kalot.com.mx\/site\/2015\/03\/12\/el-santo-un-heroe-del-cine\/","url_meta":{"origin":27070,"position":4},"title":"El Santo: Un H\u00e9roe del Cine","author":"yash","date":"12 marzo, 2015","format":false,"excerpt":"El cine mexicano, a lo largo de su historia, ha vivido de todo. Desde su gloriosa \"\u00c9poca de Oro\" hasta su turbulento y oscuro mundo llamado \"Cine de Ficheras\". Pero hay una etapa en especial que es mi favorita, una etapa que me atrap\u00f3 con su magia desde la primera\u2026","rel":"","context":"En &quot;Cine&quot;","block_context":{"text":"Cine","link":"https:\/\/kalot.com.mx\/site\/category\/cine\/"},"img":{"alt_text":"","src":"https:\/\/i0.wp.com\/kalot.com.mx\/site\/wp-content\/uploads\/2015\/03\/santocera_03.jpg?fit=499%2C378&ssl=1&resize=350%2C200","width":350,"height":200},"classes":[]},{"id":25365,"url":"https:\/\/kalot.com.mx\/site\/2016\/05\/13\/culpa-tenemos-los-la-fuimos-a-ver\/","url_meta":{"origin":27070,"position":5},"title":"\u00bfQu\u00e9 culpa tenemos los que la fuimos a ver? [Rese\u00f1a]","author":"Christian Flores","date":"13 mayo, 2016","format":false,"excerpt":"Awww las comedias rom\u00e1nticas mexicanas\u00a0 ese gusto culposo que tengo, que se ubica entre las formas de entretenimiento m\u00e1s bajas (casi como ver un partido del am\u00e9rica e irle al am\u00e9rica). MENTIRA no hay nada m\u00e1s bajo que eso #OdienmeMas\u00a0 , debo confesar que no hay cosa tan sencilla y\u2026","rel":"","context":"En &quot;Cine&quot;","block_context":{"text":"Cine","link":"https:\/\/kalot.com.mx\/site\/category\/cine\/"},"img":{"alt_text":"","src":"https:\/\/i0.wp.com\/kalot.com.mx\/site\/wp-content\/uploads\/2016\/05\/Captura-de-pantalla-2016-05-13-a-las-9.06.29-a.m..png?fit=1200%2C740&ssl=1&resize=350%2C200","width":350,"height":200,"srcset":"https:\/\/i0.wp.com\/kalot.com.mx\/site\/wp-content\/uploads\/2016\/05\/Captura-de-pantalla-2016-05-13-a-las-9.06.29-a.m..png?fit=1200%2C740&ssl=1&resize=350%2C200 1x, https:\/\/i0.wp.com\/kalot.com.mx\/site\/wp-content\/uploads\/2016\/05\/Captura-de-pantalla-2016-05-13-a-las-9.06.29-a.m..png?fit=1200%2C740&ssl=1&resize=525%2C300 1.5x, https:\/\/i0.wp.com\/kalot.com.mx\/site\/wp-content\/uploads\/2016\/05\/Captura-de-pantalla-2016-05-13-a-las-9.06.29-a.m..png?fit=1200%2C740&ssl=1&resize=700%2C400 2x, https:\/\/i0.wp.com\/kalot.com.mx\/site\/wp-content\/uploads\/2016\/05\/Captura-de-pantalla-2016-05-13-a-las-9.06.29-a.m..png?fit=1200%2C740&ssl=1&resize=1050%2C600 3x"},"classes":[]}],"jetpack_sharing_enabled":true,"_links":{"self":[{"href":"https:\/\/kalot.com.mx\/site\/wp-json\/wp\/v2\/posts\/27070","targetHints":{"allow":["GET"]}}],"collection":[{"href":"https:\/\/kalot.com.mx\/site\/wp-json\/wp\/v2\/posts"}],"about":[{"href":"https:\/\/kalot.com.mx\/site\/wp-json\/wp\/v2\/types\/post"}],"author":[{"embeddable":true,"href":"https:\/\/kalot.com.mx\/site\/wp-json\/wp\/v2\/users\/137"}],"replies":[{"embeddable":true,"href":"https:\/\/kalot.com.mx\/site\/wp-json\/wp\/v2\/comments?post=27070"}],"version-history":[{"count":1,"href":"https:\/\/kalot.com.mx\/site\/wp-json\/wp\/v2\/posts\/27070\/revisions"}],"predecessor-version":[{"id":27075,"href":"https:\/\/kalot.com.mx\/site\/wp-json\/wp\/v2\/posts\/27070\/revisions\/27075"}],"wp:featuredmedia":[{"embeddable":true,"href":"https:\/\/kalot.com.mx\/site\/wp-json\/wp\/v2\/media\/27074"}],"wp:attachment":[{"href":"https:\/\/kalot.com.mx\/site\/wp-json\/wp\/v2\/media?parent=27070"}],"wp:term":[{"taxonomy":"category","embeddable":true,"href":"https:\/\/kalot.com.mx\/site\/wp-json\/wp\/v2\/categories?post=27070"},{"taxonomy":"post_tag","embeddable":true,"href":"https:\/\/kalot.com.mx\/site\/wp-json\/wp\/v2\/tags?post=27070"}],"curies":[{"name":"wp","href":"https:\/\/api.w.org\/{rel}","templated":true}]}}