{"id":2692,"date":"2013-09-30T14:01:48","date_gmt":"2013-09-30T19:01:48","guid":{"rendered":"http:\/\/www.kalot.com.mx\/?p=2692"},"modified":"2017-12-20T09:24:19","modified_gmt":"2017-12-20T15:24:19","slug":"que-ver-despues-de-breaking-bad","status":"publish","type":"post","link":"https:\/\/kalot.com.mx\/site\/2013\/09\/30\/que-ver-despues-de-breaking-bad\/","title":{"rendered":"\u00bfQu\u00e9 ver despu\u00e9s de Breaking Bad?"},"content":{"rendered":"<p style=\"text-align: justify;\">El d\u00eda de ayer concluy\u00f3 una de las mejores series de todos los tiempos con uno de los finales mejor elaborados de la historia.<\/p>\n<p style=\"text-align: justify;\">La pregunta es \u00bf Qu\u00e9 sigue? Es dif\u00edcil pensar que alguna serie pueda superar lo hecho por Vince Gilligan pero me parece que es un gran error pensar que ya no hay cosas interesantes que ver en la televisi\u00f3n.<\/p>\n<p style=\"text-align: justify;\">A continuaci\u00f3n les dejo 5 opciones que les podr\u00eda llamar la atenci\u00f3n.<\/p>\n<p style=\"text-align: justify;\">1.- The Following<\/p>\n<p style=\"text-align: justify;\">Se enfoca en un ex-agente del FBI que se encuentra en medio de una red de asesinos comandada por un profesor convicto que se dedicaba a ense\u00f1ar las palabras de Poe a sus estudiantes.<\/p>\n<p style=\"text-align: justify;\"><a href=\"https:\/\/i0.wp.com\/www.kalot.com.mx\/wp-content\/uploads\/2013\/09\/the-following-17.jpg\"><img decoding=\"async\" data-attachment-id=\"2721\" data-permalink=\"https:\/\/kalot.com.mx\/site\/2013\/09\/30\/que-ver-despues-de-breaking-bad\/the-following-17\/\" data-orig-file=\"https:\/\/i0.wp.com\/kalot.com.mx\/site\/wp-content\/uploads\/2013\/09\/the-following-17.jpg?fit=1440%2C1080&amp;ssl=1\" data-orig-size=\"1440,1080\" data-comments-opened=\"1\" data-image-meta=\"{&quot;aperture&quot;:&quot;0&quot;,&quot;credit&quot;:&quot;&quot;,&quot;camera&quot;:&quot;&quot;,&quot;caption&quot;:&quot;THE FOLLOWING: A fast-paced psychological thriller that follows  former FBI agent Ryan Hardy (Kevin Bacon, R), who is called out of retirement to track down a devious and diabolical serial killer (James Purefoy, L), and the mastermind behind an ever-growing web of killers in the new drama THE FOLLOWING premiering Monday, Jan. 21 (9:00-10:00 PM ET\/PT) on FOX. \\u0026#xa9;2012 Fox Broadcasting Co. CR: Michael Lavine\/FOX&quot;,&quot;created_timestamp&quot;:&quot;0&quot;,&quot;copyright&quot;:&quot;&quot;,&quot;focal_length&quot;:&quot;0&quot;,&quot;iso&quot;:&quot;0&quot;,&quot;shutter_speed&quot;:&quot;0&quot;,&quot;title&quot;:&quot;&quot;}\" data-image-title=\"\" data-image-description=\"&lt;p&gt;THE FOLLOWING: A fast-paced psychological thriller that follows  former FBI agent Ryan Hardy (Kevin Bacon, R), who is called out of retirement to track down a devious and diabolical serial killer (James Purefoy, L), and the mastermind behind an ever-growing web of killers in the new drama THE FOLLOWING premiering Monday, Jan. 21 (9:00-10:00 PM ET\/PT) on FOX. &amp;#xa9;2012 Fox Broadcasting Co. CR: Michael Lavine\/FOX&lt;\/p&gt;\n\" data-image-caption=\"\" data-large-file=\"https:\/\/i0.wp.com\/kalot.com.mx\/site\/wp-content\/uploads\/2013\/09\/the-following-17.jpg?fit=1024%2C768&amp;ssl=1\" class=\"alignnone size-medium wp-image-2721\" alt=\"\" src=\"https:\/\/i2.wp.com\/kalot.com.mx\/site\/wp-content\/uploads\/2013\/08\/20130830-190458.jpg?fit=150%2C150&#038;ssl=1\" width=\"150\" height=\"150\" \/><\/a><\/p>\n<p style=\"text-align: justify;\">2.- Orange Is The New Black<\/p>\n<p style=\"text-align: justify;\">Una producci\u00f3n de Lionsgate original de Netflix que nos relata las memorias de Piper Kerman en prisi\u00f3n.<\/p>\n<p style=\"text-align: justify;\"><a href=\"https:\/\/i0.wp.com\/www.kalot.com.mx\/wp-content\/uploads\/2013\/09\/netflix-renews-orange-is-the-new-black-before-it-premieres.jpg\"><img decoding=\"async\" data-attachment-id=\"2723\" data-permalink=\"https:\/\/kalot.com.mx\/site\/2013\/09\/30\/que-ver-despues-de-breaking-bad\/netflix-renews-orange-is-the-new-black-before-it-premieres\/\" data-orig-file=\"https:\/\/i0.wp.com\/kalot.com.mx\/site\/wp-content\/uploads\/2013\/09\/netflix-renews-orange-is-the-new-black-before-it-premieres.jpg?fit=549%2C800&amp;ssl=1\" data-orig-size=\"549,800\" data-comments-opened=\"1\" data-image-meta=\"{&quot;aperture&quot;:&quot;0&quot;,&quot;credit&quot;:&quot;&quot;,&quot;camera&quot;:&quot;&quot;,&quot;caption&quot;:&quot;&quot;,&quot;created_timestamp&quot;:&quot;0&quot;,&quot;copyright&quot;:&quot;&quot;,&quot;focal_length&quot;:&quot;0&quot;,&quot;iso&quot;:&quot;0&quot;,&quot;shutter_speed&quot;:&quot;0&quot;,&quot;title&quot;:&quot;&quot;}\" data-image-title=\"\" data-image-description=\"\" data-image-caption=\"\" data-large-file=\"https:\/\/i0.wp.com\/kalot.com.mx\/site\/wp-content\/uploads\/2013\/09\/netflix-renews-orange-is-the-new-black-before-it-premieres.jpg?fit=549%2C800&amp;ssl=1\" class=\"alignnone size-medium wp-image-2723\" alt=\"\" src=\"https:\/\/i2.wp.com\/kalot.com.mx\/site\/wp-content\/uploads\/2013\/08\/20130830-190458.jpg?fit=150%2C150&#038;ssl=1\" width=\"150\" height=\"150\" \/><\/a><\/p>\n<p style=\"text-align: justify;\">3.- House of Cards<\/p>\n<p style=\"text-align: justify;\">Otra serie de Netflix basada en la mini-serie de los a\u00f1os 90&#8217;s del mismo nombre. Un thriller pol\u00edtico que relata la ambici\u00f3n de el congresista estadounidense Francis Underwood y su esposa Claire que no se detendr\u00e1n ante nada para saciar sus ambiciones.<\/p>\n<p style=\"text-align: justify;\"><a href=\"https:\/\/i0.wp.com\/www.kalot.com.mx\/wp-content\/uploads\/2013\/09\/house-of-cards.jpg\"><img decoding=\"async\" data-attachment-id=\"2725\" data-permalink=\"https:\/\/kalot.com.mx\/site\/2013\/09\/30\/que-ver-despues-de-breaking-bad\/house-of-cards\/\" data-orig-file=\"https:\/\/i0.wp.com\/kalot.com.mx\/site\/wp-content\/uploads\/2013\/09\/house-of-cards.jpg?fit=620%2C458&amp;ssl=1\" data-orig-size=\"620,458\" data-comments-opened=\"1\" data-image-meta=\"{&quot;aperture&quot;:&quot;0&quot;,&quot;credit&quot;:&quot;&quot;,&quot;camera&quot;:&quot;&quot;,&quot;caption&quot;:&quot;&quot;,&quot;created_timestamp&quot;:&quot;0&quot;,&quot;copyright&quot;:&quot;&quot;,&quot;focal_length&quot;:&quot;0&quot;,&quot;iso&quot;:&quot;0&quot;,&quot;shutter_speed&quot;:&quot;0&quot;,&quot;title&quot;:&quot;&quot;}\" data-image-title=\"\" data-image-description=\"\" data-image-caption=\"\" data-large-file=\"https:\/\/i0.wp.com\/kalot.com.mx\/site\/wp-content\/uploads\/2013\/09\/house-of-cards.jpg?fit=620%2C458&amp;ssl=1\" class=\"alignnone size-medium wp-image-2725\" alt=\"\" src=\"https:\/\/i2.wp.com\/kalot.com.mx\/site\/wp-content\/uploads\/2013\/08\/20130830-190458.jpg?fit=150%2C150&#038;ssl=1\" width=\"150\" height=\"150\" \/><\/a><\/p>\n<p style=\"text-align: justify;\">4.- Bates Motel<\/p>\n<p style=\"text-align: justify;\">Precuela de la pel\u00edcula Psicosis donde se plantea la evoluci\u00f3n del joven Norman Bates as\u00ed como su relaci\u00f3n con su madre. Excelentes actuaciones de Vera Farmiga y Fredie Highmore le dan a credibilidad a una historia basada en tiempos modernos.<\/p>\n<p style=\"text-align: justify;\"><a href=\"https:\/\/i0.wp.com\/www.kalot.com.mx\/wp-content\/uploads\/2013\/09\/202-batesb.jpg\"><img loading=\"lazy\" decoding=\"async\" data-attachment-id=\"2726\" data-permalink=\"https:\/\/kalot.com.mx\/site\/2013\/09\/30\/que-ver-despues-de-breaking-bad\/202-batesb\/\" data-orig-file=\"https:\/\/i0.wp.com\/kalot.com.mx\/site\/wp-content\/uploads\/2013\/09\/202-batesb.jpg?fit=1237%2C933&amp;ssl=1\" data-orig-size=\"1237,933\" data-comments-opened=\"1\" data-image-meta=\"{&quot;aperture&quot;:&quot;0&quot;,&quot;credit&quot;:&quot;&quot;,&quot;camera&quot;:&quot;&quot;,&quot;caption&quot;:&quot;&quot;,&quot;created_timestamp&quot;:&quot;0&quot;,&quot;copyright&quot;:&quot;&quot;,&quot;focal_length&quot;:&quot;0&quot;,&quot;iso&quot;:&quot;0&quot;,&quot;shutter_speed&quot;:&quot;0&quot;,&quot;title&quot;:&quot;&quot;}\" data-image-title=\"\" data-image-description=\"\" data-image-caption=\"\" data-large-file=\"https:\/\/i0.wp.com\/kalot.com.mx\/site\/wp-content\/uploads\/2013\/09\/202-batesb.jpg?fit=1024%2C772&amp;ssl=1\" class=\"alignnone size-medium wp-image-2726\" alt=\"\" src=\"https:\/\/i2.wp.com\/kalot.com.mx\/site\/wp-content\/uploads\/2013\/08\/20130830-190458.jpg?fit=150%2C150&#038;ssl=1\" width=\"150\" height=\"150\" \/><\/a><\/p>\n<p style=\"text-align: justify;\">5.- Game of Thrones<\/p>\n<p style=\"text-align: justify;\">Novela\u00a0 fant\u00e1stica que da lugar \u00e9poca medieval. Relata las guerras por el control del Trono de Hielo. La serie est\u00e1 basada en el libro de Jorge R. R. Martin.<\/p>\n<p style=\"text-align: justify;\"><a href=\"https:\/\/i0.wp.com\/www.kalot.com.mx\/wp-content\/uploads\/2013\/09\/game-of-thrones-season-4.jpg\"><img loading=\"lazy\" decoding=\"async\" data-attachment-id=\"2727\" data-permalink=\"https:\/\/kalot.com.mx\/site\/2013\/09\/30\/que-ver-despues-de-breaking-bad\/game-of-thrones-season-4\/\" data-orig-file=\"https:\/\/i0.wp.com\/kalot.com.mx\/site\/wp-content\/uploads\/2013\/09\/game-of-thrones-season-4.jpg?fit=1920%2C1200&amp;ssl=1\" data-orig-size=\"1920,1200\" data-comments-opened=\"1\" data-image-meta=\"{&quot;aperture&quot;:&quot;0&quot;,&quot;credit&quot;:&quot;&quot;,&quot;camera&quot;:&quot;&quot;,&quot;caption&quot;:&quot;&quot;,&quot;created_timestamp&quot;:&quot;0&quot;,&quot;copyright&quot;:&quot;&quot;,&quot;focal_length&quot;:&quot;0&quot;,&quot;iso&quot;:&quot;0&quot;,&quot;shutter_speed&quot;:&quot;0&quot;,&quot;title&quot;:&quot;&quot;}\" data-image-title=\"\" data-image-description=\"\" data-image-caption=\"\" data-large-file=\"https:\/\/i0.wp.com\/kalot.com.mx\/site\/wp-content\/uploads\/2013\/09\/game-of-thrones-season-4.jpg?fit=1024%2C640&amp;ssl=1\" class=\"alignnone size-medium wp-image-2727\" alt=\"\" src=\"https:\/\/i2.wp.com\/kalot.com.mx\/site\/wp-content\/uploads\/2013\/08\/20130830-190458.jpg?fit=150%2C150&#038;ssl=1\" width=\"150\" height=\"150\" \/><\/a><\/p>\n<p style=\"text-align: justify;\">Y para los fan\u00e1ticos de hueso colorado de Breaking Bad solamente queda esperar el spin-off &#8220;Better Call Saul&#8221;<\/p>\n<p style=\"text-align: justify;\"><a href=\"https:\/\/i0.wp.com\/www.kalot.com.mx\/wp-content\/uploads\/2013\/09\/saul1.jpg\"><img loading=\"lazy\" decoding=\"async\" data-attachment-id=\"2732\" data-permalink=\"https:\/\/kalot.com.mx\/site\/2013\/09\/30\/que-ver-despues-de-breaking-bad\/saul1\/\" data-orig-file=\"https:\/\/i0.wp.com\/kalot.com.mx\/site\/wp-content\/uploads\/2013\/09\/saul1.jpg?fit=620%2C454&amp;ssl=1\" data-orig-size=\"620,454\" data-comments-opened=\"1\" data-image-meta=\"{&quot;aperture&quot;:&quot;0&quot;,&quot;credit&quot;:&quot;&quot;,&quot;camera&quot;:&quot;&quot;,&quot;caption&quot;:&quot;&quot;,&quot;created_timestamp&quot;:&quot;0&quot;,&quot;copyright&quot;:&quot;&quot;,&quot;focal_length&quot;:&quot;0&quot;,&quot;iso&quot;:&quot;0&quot;,&quot;shutter_speed&quot;:&quot;0&quot;,&quot;title&quot;:&quot;&quot;}\" data-image-title=\"\" data-image-description=\"\" data-image-caption=\"\" data-large-file=\"https:\/\/i0.wp.com\/kalot.com.mx\/site\/wp-content\/uploads\/2013\/09\/saul1.jpg?fit=620%2C454&amp;ssl=1\" class=\"alignnone size-medium wp-image-2732\" alt=\"\" src=\"https:\/\/i2.wp.com\/kalot.com.mx\/site\/wp-content\/uploads\/2013\/08\/20130830-190458.jpg?fit=150%2C150&#038;ssl=1\" width=\"150\" height=\"150\" \/><\/a><\/p>\n","protected":false},"excerpt":{"rendered":"El d\u00eda de ayer concluy\u00f3 una de las mejores series de todos los tiempos con uno de los&hellip;\n","protected":false},"author":15,"featured_media":2736,"comment_status":"open","ping_status":"open","sticky":false,"template":"","format":"standard","meta":{"jetpack_post_was_ever_published":false,"_jetpack_newsletter_access":"","_jetpack_dont_email_post_to_subs":false,"_jetpack_newsletter_tier_id":0,"_jetpack_memberships_contains_paywalled_content":false,"_jetpack_memberships_contains_paid_content":false,"footnotes":"","jetpack_publicize_message":"","jetpack_publicize_feature_enabled":true,"jetpack_social_post_already_shared":true,"jetpack_social_options":{"image_generator_settings":{"template":"highway","default_image_id":0,"font":"","enabled":false},"version":2}},"categories":[1],"tags":[],"class_list":{"0":"post-2692","1":"post","2":"type-post","3":"status-publish","4":"format-standard","5":"has-post-thumbnail","7":"category-sin-categoria","8":"cs-entry","9":"cs-video-wrap"},"yoast_head":"<!-- This site is optimized with the Yoast SEO plugin v27.5 - https:\/\/yoast.com\/product\/yoast-seo-wordpress\/ -->\n<title>\u00bfQu\u00e9 ver despu\u00e9s de Breaking Bad? - Kalot<\/title>\n<meta name=\"description\" content=\"El d\u00eda de ayer concluy\u00f3 una de las mejores series de todos los tiempos con uno de los finales mejor elaborados de la historia. La pregunta es \u00bf Qu\u00e9 sigue?\" \/>\n<meta name=\"robots\" content=\"index, follow, max-snippet:-1, max-image-preview:large, max-video-preview:-1\" \/>\n<link rel=\"canonical\" href=\"https:\/\/kalot.com.mx\/site\/2013\/09\/30\/que-ver-despues-de-breaking-bad\/\" \/>\n<meta property=\"og:locale\" content=\"es_MX\" \/>\n<meta property=\"og:type\" content=\"article\" \/>\n<meta property=\"og:title\" content=\"\u00bfQu\u00e9 ver despu\u00e9s de Breaking Bad? - Kalot\" \/>\n<meta property=\"og:description\" content=\"El d\u00eda de ayer concluy\u00f3 una de las mejores series de todos los tiempos con uno de los finales mejor elaborados de la historia. La pregunta es \u00bf Qu\u00e9 sigue?\" \/>\n<meta property=\"og:url\" content=\"https:\/\/kalot.com.mx\/site\/2013\/09\/30\/que-ver-despues-de-breaking-bad\/\" \/>\n<meta property=\"og:site_name\" content=\"Kalot\" \/>\n<meta property=\"article:publisher\" content=\"http:\/\/facebook.com\/mxkalot\" \/>\n<meta property=\"article:published_time\" content=\"2013-09-30T19:01:48+00:00\" \/>\n<meta property=\"article:modified_time\" content=\"2017-12-20T15:24:19+00:00\" \/>\n<meta property=\"og:image\" content=\"https:\/\/i1.wp.com\/kalot.com.mx\/site\/wp-content\/uploads\/2013\/09\/26103_breaking_bad_jesse_and_walter_chilling_on_sofa.jpg?fit=1920%2C1080&ssl=1\" \/>\n\t<meta property=\"og:image:width\" content=\"1920\" \/>\n\t<meta property=\"og:image:height\" content=\"1080\" \/>\n\t<meta property=\"og:image:type\" content=\"image\/jpeg\" \/>\n<meta name=\"author\" content=\"Juan P\u00e9rez\" \/>\n<meta name=\"twitter:card\" content=\"summary_large_image\" \/>\n<meta name=\"twitter:creator\" content=\"@kalotmx\" \/>\n<meta name=\"twitter:site\" content=\"@kalotmx\" \/>\n<meta name=\"twitter:label1\" content=\"Escrito por\" \/>\n\t<meta name=\"twitter:data1\" content=\"Juan P\u00e9rez\" \/>\n\t<meta name=\"twitter:label2\" content=\"Tiempo de lectura\" \/>\n\t<meta name=\"twitter:data2\" content=\"1 minuto\" \/>\n<!-- \/ Yoast SEO plugin. -->","yoast_head_json":{"title":"\u00bfQu\u00e9 ver despu\u00e9s de Breaking Bad? - Kalot","description":"El d\u00eda de ayer concluy\u00f3 una de las mejores series de todos los tiempos con uno de los finales mejor elaborados de la historia. La pregunta es \u00bf Qu\u00e9 sigue?","robots":{"index":"index","follow":"follow","max-snippet":"max-snippet:-1","max-image-preview":"max-image-preview:large","max-video-preview":"max-video-preview:-1"},"canonical":"https:\/\/kalot.com.mx\/site\/2013\/09\/30\/que-ver-despues-de-breaking-bad\/","og_locale":"es_MX","og_type":"article","og_title":"\u00bfQu\u00e9 ver despu\u00e9s de Breaking Bad? - Kalot","og_description":"El d\u00eda de ayer concluy\u00f3 una de las mejores series de todos los tiempos con uno de los finales mejor elaborados de la historia. La pregunta es \u00bf Qu\u00e9 sigue?","og_url":"https:\/\/kalot.com.mx\/site\/2013\/09\/30\/que-ver-despues-de-breaking-bad\/","og_site_name":"Kalot","article_publisher":"http:\/\/facebook.com\/mxkalot","article_published_time":"2013-09-30T19:01:48+00:00","article_modified_time":"2017-12-20T15:24:19+00:00","og_image":[{"width":1920,"height":1080,"url":"https:\/\/i1.wp.com\/kalot.com.mx\/site\/wp-content\/uploads\/2013\/09\/26103_breaking_bad_jesse_and_walter_chilling_on_sofa.jpg?fit=1920%2C1080&ssl=1","type":"image\/jpeg"}],"author":"Juan P\u00e9rez","twitter_card":"summary_large_image","twitter_creator":"@kalotmx","twitter_site":"@kalotmx","twitter_misc":{"Escrito por":"Juan P\u00e9rez","Tiempo de lectura":"1 minuto"},"schema":{"@context":"https:\/\/schema.org","@graph":[{"@type":"Article","@id":"https:\/\/kalot.com.mx\/site\/2013\/09\/30\/que-ver-despues-de-breaking-bad\/#article","isPartOf":{"@id":"https:\/\/kalot.com.mx\/site\/2013\/09\/30\/que-ver-despues-de-breaking-bad\/"},"author":{"name":"Juan P\u00e9rez","@id":"https:\/\/kalot.com.mx\/site\/#\/schema\/person\/7b221f5f917099a209989b96909de036"},"headline":"\u00bfQu\u00e9 ver despu\u00e9s de Breaking Bad?","datePublished":"2013-09-30T19:01:48+00:00","dateModified":"2017-12-20T15:24:19+00:00","mainEntityOfPage":{"@id":"https:\/\/kalot.com.mx\/site\/2013\/09\/30\/que-ver-despues-de-breaking-bad\/"},"wordCount":298,"commentCount":0,"publisher":{"@id":"https:\/\/kalot.com.mx\/site\/#organization"},"image":{"@id":"https:\/\/kalot.com.mx\/site\/2013\/09\/30\/que-ver-despues-de-breaking-bad\/#primaryimage"},"thumbnailUrl":"https:\/\/i0.wp.com\/kalot.com.mx\/site\/wp-content\/uploads\/2013\/09\/26103_breaking_bad_jesse_and_walter_chilling_on_sofa.jpg?fit=1920%2C1080&ssl=1","inLanguage":"es","potentialAction":[{"@type":"CommentAction","name":"Comment","target":["https:\/\/kalot.com.mx\/site\/2013\/09\/30\/que-ver-despues-de-breaking-bad\/#respond"]}]},{"@type":"WebPage","@id":"https:\/\/kalot.com.mx\/site\/2013\/09\/30\/que-ver-despues-de-breaking-bad\/","url":"https:\/\/kalot.com.mx\/site\/2013\/09\/30\/que-ver-despues-de-breaking-bad\/","name":"\u00bfQu\u00e9 ver despu\u00e9s de Breaking Bad? - Kalot","isPartOf":{"@id":"https:\/\/kalot.com.mx\/site\/#website"},"primaryImageOfPage":{"@id":"https:\/\/kalot.com.mx\/site\/2013\/09\/30\/que-ver-despues-de-breaking-bad\/#primaryimage"},"image":{"@id":"https:\/\/kalot.com.mx\/site\/2013\/09\/30\/que-ver-despues-de-breaking-bad\/#primaryimage"},"thumbnailUrl":"https:\/\/i0.wp.com\/kalot.com.mx\/site\/wp-content\/uploads\/2013\/09\/26103_breaking_bad_jesse_and_walter_chilling_on_sofa.jpg?fit=1920%2C1080&ssl=1","datePublished":"2013-09-30T19:01:48+00:00","dateModified":"2017-12-20T15:24:19+00:00","description":"El d\u00eda de ayer concluy\u00f3 una de las mejores series de todos los tiempos con uno de los finales mejor elaborados de la historia. La pregunta es \u00bf Qu\u00e9 sigue?","breadcrumb":{"@id":"https:\/\/kalot.com.mx\/site\/2013\/09\/30\/que-ver-despues-de-breaking-bad\/#breadcrumb"},"inLanguage":"es","potentialAction":[{"@type":"ReadAction","target":["https:\/\/kalot.com.mx\/site\/2013\/09\/30\/que-ver-despues-de-breaking-bad\/"]}]},{"@type":"ImageObject","inLanguage":"es","@id":"https:\/\/kalot.com.mx\/site\/2013\/09\/30\/que-ver-despues-de-breaking-bad\/#primaryimage","url":"https:\/\/i0.wp.com\/kalot.com.mx\/site\/wp-content\/uploads\/2013\/09\/26103_breaking_bad_jesse_and_walter_chilling_on_sofa.jpg?fit=1920%2C1080&ssl=1","contentUrl":"https:\/\/i0.wp.com\/kalot.com.mx\/site\/wp-content\/uploads\/2013\/09\/26103_breaking_bad_jesse_and_walter_chilling_on_sofa.jpg?fit=1920%2C1080&ssl=1","width":1920,"height":1080},{"@type":"BreadcrumbList","@id":"https:\/\/kalot.com.mx\/site\/2013\/09\/30\/que-ver-despues-de-breaking-bad\/#breadcrumb","itemListElement":[{"@type":"ListItem","position":1,"name":"Home","item":"https:\/\/kalot.com.mx\/site\/"},{"@type":"ListItem","position":2,"name":"\u00bfQu\u00e9 ver despu\u00e9s de Breaking Bad?"}]},{"@type":"WebSite","@id":"https:\/\/kalot.com.mx\/site\/#website","url":"https:\/\/kalot.com.mx\/site\/","name":"Kalot","description":"Conoce Todo Sobre Todo","publisher":{"@id":"https:\/\/kalot.com.mx\/site\/#organization"},"potentialAction":[{"@type":"SearchAction","target":{"@type":"EntryPoint","urlTemplate":"https:\/\/kalot.com.mx\/site\/?s={search_term_string}"},"query-input":{"@type":"PropertyValueSpecification","valueRequired":true,"valueName":"search_term_string"}}],"inLanguage":"es"},{"@type":"Organization","@id":"https:\/\/kalot.com.mx\/site\/#organization","name":"Kalot","url":"https:\/\/kalot.com.mx\/site\/","logo":{"@type":"ImageObject","inLanguage":"es","@id":"https:\/\/kalot.com.mx\/site\/#\/schema\/logo\/image\/","url":"https:\/\/i0.wp.com\/kalot.com.mx\/site\/wp-content\/uploads\/2020\/04\/Kalot-logo-sin-tagline.png?fit=1707%2C1014&ssl=1","contentUrl":"https:\/\/i0.wp.com\/kalot.com.mx\/site\/wp-content\/uploads\/2020\/04\/Kalot-logo-sin-tagline.png?fit=1707%2C1014&ssl=1","width":1707,"height":1014,"caption":"Kalot"},"image":{"@id":"https:\/\/kalot.com.mx\/site\/#\/schema\/logo\/image\/"},"sameAs":["http:\/\/facebook.com\/mxkalot","https:\/\/x.com\/kalotmx","http:\/\/instagram.com\/kalotmx","http:\/\/pinterest.com\/jorgeerana\/kalot"]},{"@type":"Person","@id":"https:\/\/kalot.com.mx\/site\/#\/schema\/person\/7b221f5f917099a209989b96909de036","name":"Juan P\u00e9rez","image":{"@type":"ImageObject","inLanguage":"es","@id":"https:\/\/secure.gravatar.com\/avatar\/4eea315e56cbb77c943bc4cea4b6002dabd60d1fa0bdf79e531632cac2753d1d?s=96&d=mm&r=g","url":"https:\/\/secure.gravatar.com\/avatar\/4eea315e56cbb77c943bc4cea4b6002dabd60d1fa0bdf79e531632cac2753d1d?s=96&d=mm&r=g","contentUrl":"https:\/\/secure.gravatar.com\/avatar\/4eea315e56cbb77c943bc4cea4b6002dabd60d1fa0bdf79e531632cac2753d1d?s=96&d=mm&r=g","caption":"Juan P\u00e9rez"},"url":"https:\/\/kalot.com.mx\/site\/author\/johnny\/"}]}},"jetpack_publicize_connections":[],"jetpack_featured_media_url":"https:\/\/i0.wp.com\/kalot.com.mx\/site\/wp-content\/uploads\/2013\/09\/26103_breaking_bad_jesse_and_walter_chilling_on_sofa.jpg?fit=1920%2C1080&ssl=1","jetpack_shortlink":"https:\/\/wp.me\/p6IHEI-Hq","jetpack-related-posts":[{"id":19254,"url":"https:\/\/kalot.com.mx\/site\/2014\/11\/19\/foxcatcher-la-pelicula-de-lucha-grecorromana-que-nos-faltaba-ver\/","url_meta":{"origin":2692,"position":0},"title":"Foxcatcher, la pel\u00edcula de lucha grecorromana que nos faltaba ver","author":"Jorge Era\u00f1a","date":"19 noviembre, 2014","format":false,"excerpt":"Definitivamente este 2014 ha sido un a\u00f1o de grandes pel\u00edculas y producciones independientes, nacionales e\u00a0internacionales. Hoy les quiero hablar de una pel\u00edcula que tengo ya rato esperando a que salga porque me ha creado una buen expectativa desde el primer d\u00eda que vi el trailer. Cuenta con elementos muy atractivos\u2026","rel":"","context":"Entrada similar ","block_context":{"text":"Entrada similar ","link":""},"img":{"alt_text":"","src":"https:\/\/i0.wp.com\/kalot.com.mx\/site\/wp-content\/uploads\/2014\/11\/Foxcatcher25.jpg?fit=1200%2C800&ssl=1&resize=350%2C200","width":350,"height":200,"srcset":"https:\/\/i0.wp.com\/kalot.com.mx\/site\/wp-content\/uploads\/2014\/11\/Foxcatcher25.jpg?fit=1200%2C800&ssl=1&resize=350%2C200 1x, https:\/\/i0.wp.com\/kalot.com.mx\/site\/wp-content\/uploads\/2014\/11\/Foxcatcher25.jpg?fit=1200%2C800&ssl=1&resize=525%2C300 1.5x, https:\/\/i0.wp.com\/kalot.com.mx\/site\/wp-content\/uploads\/2014\/11\/Foxcatcher25.jpg?fit=1200%2C800&ssl=1&resize=700%2C400 2x, https:\/\/i0.wp.com\/kalot.com.mx\/site\/wp-content\/uploads\/2014\/11\/Foxcatcher25.jpg?fit=1200%2C800&ssl=1&resize=1050%2C600 3x"},"classes":[]},{"id":7758,"url":"https:\/\/kalot.com.mx\/site\/2013\/12\/12\/pensar-o-pensar-ahi-el-dilema\/","url_meta":{"origin":2692,"position":1},"title":"Pensar o no pensar, he ah\u00ed el dilema.","author":"Fernanda S\u00e1nchez","date":"12 diciembre, 2013","format":false,"excerpt":"Si tuviera que describirme, dir\u00eda que una de mis caracter\u00edsticas es que pienso demasiado las cosas. Nunca paro de pensar. Mi rata mental si da vueltas y no se cansa nunca, y aunque s\u00e9 que no es una caracter\u00edstica exclusiva, porque muchas otras personas cuentan con ella, si marca en\u2026","rel":"","context":"En &quot;Sin categor\u00eda&quot;","block_context":{"text":"Sin categor\u00eda","link":"https:\/\/kalot.com.mx\/site\/category\/sin-categoria\/"},"img":{"alt_text":"","src":"https:\/\/i0.wp.com\/kalot.com.mx\/site\/wp-content\/uploads\/2013\/12\/kalot-maze.jpg?fit=600%2C400&ssl=1&resize=350%2C200","width":350,"height":200,"srcset":"https:\/\/i0.wp.com\/kalot.com.mx\/site\/wp-content\/uploads\/2013\/12\/kalot-maze.jpg?fit=600%2C400&ssl=1&resize=350%2C200 1x, https:\/\/i0.wp.com\/kalot.com.mx\/site\/wp-content\/uploads\/2013\/12\/kalot-maze.jpg?fit=600%2C400&ssl=1&resize=525%2C300 1.5x"},"classes":[]},{"id":11433,"url":"https:\/\/kalot.com.mx\/site\/2014\/02\/10\/her-realidad-ficcion\/","url_meta":{"origin":2692,"position":2},"title":"Her, la delgada l\u00ednea entre la vida y la ficci\u00f3n.","author":"Miguel Amaya","date":"10 febrero, 2014","format":false,"excerpt":"A pesar de que es una pel\u00edcula que pas\u00f3 injustamente desapercibida en 2013, Her es uno de esos peque\u00f1os diamantes escondidos que causan placer al encontrarlos entre el mont\u00f3n de peliculas que son lanzadas a\u00f1o con a\u00f1o. Esta cinta del director Spike Jonze (Being John Malkovich, Where The Wild Thingd\u2026","rel":"","context":"Entrada similar ","block_context":{"text":"Entrada similar ","link":""},"img":{"alt_text":"","src":"https:\/\/i0.wp.com\/kalot.com.mx\/site\/wp-content\/uploads\/2014\/02\/her.jpg?fit=619%2C328&ssl=1&resize=350%2C200","width":350,"height":200,"srcset":"https:\/\/i0.wp.com\/kalot.com.mx\/site\/wp-content\/uploads\/2014\/02\/her.jpg?fit=619%2C328&ssl=1&resize=350%2C200 1x, https:\/\/i0.wp.com\/kalot.com.mx\/site\/wp-content\/uploads\/2014\/02\/her.jpg?fit=619%2C328&ssl=1&resize=525%2C300 1.5x"},"classes":[]},{"id":826,"url":"https:\/\/kalot.com.mx\/site\/2013\/09\/06\/de-la-recamara-a-kalot\/","url_meta":{"origin":2692,"position":3},"title":"De la recamara a Kalot.","author":"Anastacio S\u00e1nchez","date":"6 septiembre, 2013","format":false,"excerpt":"Mi nombre es Anastacio Sanchez o mejor conocido en el bajo mundo como Tacho Sanchez, soy americanista de coraz\u00f3n, Mercadologo en formaci\u00f3n y Chef Frustrado.\u00a0Me considero una persona muy observador y a su vez muy directa algunas veces esto es bueno pero en otras malo porque a la gente no\u2026","rel":"","context":"Entrada similar ","block_context":{"text":"Entrada similar ","link":""},"img":{"alt_text":"","src":"https:\/\/i0.wp.com\/kalot.com.mx\/site\/wp-content\/uploads\/2013\/09\/hola1.jpg?fit=1200%2C800&ssl=1&resize=350%2C200","width":350,"height":200,"srcset":"https:\/\/i0.wp.com\/kalot.com.mx\/site\/wp-content\/uploads\/2013\/09\/hola1.jpg?fit=1200%2C800&ssl=1&resize=350%2C200 1x, https:\/\/i0.wp.com\/kalot.com.mx\/site\/wp-content\/uploads\/2013\/09\/hola1.jpg?fit=1200%2C800&ssl=1&resize=525%2C300 1.5x, https:\/\/i0.wp.com\/kalot.com.mx\/site\/wp-content\/uploads\/2013\/09\/hola1.jpg?fit=1200%2C800&ssl=1&resize=700%2C400 2x, https:\/\/i0.wp.com\/kalot.com.mx\/site\/wp-content\/uploads\/2013\/09\/hola1.jpg?fit=1200%2C800&ssl=1&resize=1050%2C600 3x"},"classes":[]},{"id":11252,"url":"https:\/\/kalot.com.mx\/site\/2014\/02\/07\/el-dia-en-que-google-defendio-el-arcoiris\/","url_meta":{"origin":2692,"position":4},"title":"El d\u00eda que Google defendi\u00f3 el arco\u00edris","author":"Ivan Mendez","date":"7 febrero, 2014","format":false,"excerpt":"Por un momento dude en publicar esto y no porque no me interese el tema, sino porque cre\u00ed que de hecho ya Internet estar\u00eda inundado con publicaciones de como Google decidi\u00f3 poner su nuevo Doodle en relaci\u00f3n a la carta ol\u00edmpica y a su vez ilustrando el mismo con los\u2026","rel":"","context":"Entrada similar ","block_context":{"text":"Entrada similar ","link":""},"img":{"alt_text":"","src":"https:\/\/i0.wp.com\/kalot.com.mx\/site\/wp-content\/uploads\/2014\/02\/doodle.png?fit=1128%2C431&ssl=1&resize=350%2C200","width":350,"height":200,"srcset":"https:\/\/i0.wp.com\/kalot.com.mx\/site\/wp-content\/uploads\/2014\/02\/doodle.png?fit=1128%2C431&ssl=1&resize=350%2C200 1x, https:\/\/i0.wp.com\/kalot.com.mx\/site\/wp-content\/uploads\/2014\/02\/doodle.png?fit=1128%2C431&ssl=1&resize=525%2C300 1.5x, https:\/\/i0.wp.com\/kalot.com.mx\/site\/wp-content\/uploads\/2014\/02\/doodle.png?fit=1128%2C431&ssl=1&resize=700%2C400 2x, https:\/\/i0.wp.com\/kalot.com.mx\/site\/wp-content\/uploads\/2014\/02\/doodle.png?fit=1128%2C431&ssl=1&resize=1050%2C600 3x"},"classes":[]},{"id":17352,"url":"https:\/\/kalot.com.mx\/site\/2014\/07\/23\/cambia-tu-vida-laboral\/","url_meta":{"origin":2692,"position":5},"title":"Cambia tu vida laboral","author":"Samuel Arriaga","date":"23 julio, 2014","format":false,"excerpt":"Muchas veces he imaginado mi vida como si fuera una pel\u00edcula, espero no ser el \u00fanico que lo ha imaginado. A veces nos identificamos con los personajes o historias de algunas pel\u00edculas y esto hace que cambiemos nuestra forma de ser y pensar, el impacto que se puede producir puede\u2026","rel":"","context":"Entrada similar ","block_context":{"text":"Entrada similar ","link":""},"img":{"alt_text":"","src":"https:\/\/i0.wp.com\/kalot.com.mx\/site\/wp-content\/uploads\/2014\/07\/abu.jpg?fit=500%2C468&ssl=1&resize=350%2C200","width":350,"height":200},"classes":[]}],"jetpack_sharing_enabled":true,"_links":{"self":[{"href":"https:\/\/kalot.com.mx\/site\/wp-json\/wp\/v2\/posts\/2692","targetHints":{"allow":["GET"]}}],"collection":[{"href":"https:\/\/kalot.com.mx\/site\/wp-json\/wp\/v2\/posts"}],"about":[{"href":"https:\/\/kalot.com.mx\/site\/wp-json\/wp\/v2\/types\/post"}],"author":[{"embeddable":true,"href":"https:\/\/kalot.com.mx\/site\/wp-json\/wp\/v2\/users\/15"}],"replies":[{"embeddable":true,"href":"https:\/\/kalot.com.mx\/site\/wp-json\/wp\/v2\/comments?post=2692"}],"version-history":[{"count":1,"href":"https:\/\/kalot.com.mx\/site\/wp-json\/wp\/v2\/posts\/2692\/revisions"}],"predecessor-version":[{"id":28107,"href":"https:\/\/kalot.com.mx\/site\/wp-json\/wp\/v2\/posts\/2692\/revisions\/28107"}],"wp:featuredmedia":[{"embeddable":true,"href":"https:\/\/kalot.com.mx\/site\/wp-json\/wp\/v2\/media\/2736"}],"wp:attachment":[{"href":"https:\/\/kalot.com.mx\/site\/wp-json\/wp\/v2\/media?parent=2692"}],"wp:term":[{"taxonomy":"category","embeddable":true,"href":"https:\/\/kalot.com.mx\/site\/wp-json\/wp\/v2\/categories?post=2692"},{"taxonomy":"post_tag","embeddable":true,"href":"https:\/\/kalot.com.mx\/site\/wp-json\/wp\/v2\/tags?post=2692"}],"curies":[{"name":"wp","href":"https:\/\/api.w.org\/{rel}","templated":true}]}}