{"id":26789,"date":"2017-01-03T15:58:16","date_gmt":"2017-01-03T21:58:16","guid":{"rendered":"http:\/\/kalot.com.mx\/site\/?p=26789"},"modified":"2017-12-20T15:56:32","modified_gmt":"2017-12-20T21:56:32","slug":"nuevo-poster-aro-3-maldicion-samara","status":"publish","type":"post","link":"https:\/\/kalot.com.mx\/site\/2017\/01\/03\/nuevo-poster-aro-3-maldicion-samara\/","title":{"rendered":"Nuevo p\u00f3ster de &#8220;El Aro 3&#8221; con maldici\u00f3n de Samara"},"content":{"rendered":"<p style=\"text-align: justify\">Paramount Pictures ha lanzado un nuevo p\u00f3ster de &#8220;El Aro 3&#8221; adem\u00e1s de una imagen de la pel\u00edcula.<\/p>\n<p style=\"text-align: justify\"><img fetchpriority=\"high\" decoding=\"async\" data-attachment-id=\"26790\" data-permalink=\"https:\/\/kalot.com.mx\/site\/2017\/01\/03\/nuevo-poster-aro-3-maldicion-samara\/matilda-lutz-as-julia-in-rings-by-paramount-pictures\/\" data-orig-file=\"https:\/\/i0.wp.com\/kalot.com.mx\/site\/wp-content\/uploads\/2017\/01\/rgs-06638r.jpg?fit=956%2C637&amp;ssl=1\" data-orig-size=\"956,637\" data-comments-opened=\"1\" data-image-meta=\"{&quot;aperture&quot;:&quot;2.8&quot;,&quot;credit&quot;:&quot;Photo credit: Quantrell Colbert&quot;,&quot;camera&quot;:&quot;Canon EOS 5D Mark III&quot;,&quot;caption&quot;:&quot;&quot;,&quot;created_timestamp&quot;:&quot;1432177710&quot;,&quot;copyright&quot;:&quot;\\u00a9 2016 Paramount Pictures.  All Rights Reserved.&quot;,&quot;focal_length&quot;:&quot;57&quot;,&quot;iso&quot;:&quot;12800&quot;,&quot;shutter_speed&quot;:&quot;0.025&quot;,&quot;title&quot;:&quot;Matilda Lutz as Julia in RINGS by Paramount Pictures&quot;,&quot;orientation&quot;:&quot;1&quot;}\" data-image-title=\"Matilda Lutz as Julia in RINGS by Paramount Pictures\" data-image-description=\"\" data-image-caption=\"\" data-large-file=\"https:\/\/i0.wp.com\/kalot.com.mx\/site\/wp-content\/uploads\/2017\/01\/rgs-06638r.jpg?fit=956%2C637&amp;ssl=1\" class=\"size-full wp-image-26790 aligncenter\" src=\"https:\/\/i0.wp.com\/kalot.com.mx\/site\/wp-content\/uploads\/2013\/08\/20130830-190129.jpg?fit=1536%2C1536&#038;ssl=1\" alt=\"\" width=\"1536\" height=\"1536\" \/><\/p>\n<p style=\"text-align: justify\">Matilde Lutz, Alex Roe, Johnny Galecki, Aimee Teegarden, y Bonnie Morgan protagonizan esta historia escrita por David Loucka, Jacob Estes y Akiva Goldsman, &#8220;El Aro 3&#8221; es la tercera pel\u00edcula de la franquicia, que comenz\u00f3 con el remake de terror en 2002, que fue dirigida por Gore Verbinski ( Piratas del Caribe ). Una secuela m\u00e1s fue lanzada en 2005.<\/p>\n<p style=\"text-align: justify\"><em>Una mujer joven que se preocupa por su novio cuando explora lo que rodea una misteriosa cinta de v\u00eddeo, que dice matar siete d\u00edas despu\u00e9s de que \u00e9l ha visto \u00e9l. Ella se sacrifica para salvar a su novio y al hacerlo hace un terrible descubrimiento: hay una &#8220;pel\u00edcula dentro de la pel\u00edcula&#8221; que nadie ha visto nunca antes&#8230;<\/em><\/p>\n<p style=\"text-align: justify\">Su estreno ser\u00e1 el pr\u00f3ximo 3 de Febrero.<\/p>\n<p style=\"text-align: justify\"><img decoding=\"async\" data-attachment-id=\"26791\" data-permalink=\"https:\/\/kalot.com.mx\/site\/2017\/01\/03\/nuevo-poster-aro-3-maldicion-samara\/small_rings_payoff-1-sheet-copykabt\/\" data-orig-file=\"https:\/\/i0.wp.com\/kalot.com.mx\/site\/wp-content\/uploads\/2017\/01\/Small_Rings_Payoff-1-Sheet-copyKaBt.png?fit=956%2C1493&amp;ssl=1\" data-orig-size=\"956,1493\" data-comments-opened=\"1\" data-image-meta=\"{&quot;aperture&quot;:&quot;0&quot;,&quot;credit&quot;:&quot;&quot;,&quot;camera&quot;:&quot;&quot;,&quot;caption&quot;:&quot;&quot;,&quot;created_timestamp&quot;:&quot;0&quot;,&quot;copyright&quot;:&quot;&quot;,&quot;focal_length&quot;:&quot;0&quot;,&quot;iso&quot;:&quot;0&quot;,&quot;shutter_speed&quot;:&quot;0&quot;,&quot;title&quot;:&quot;&quot;,&quot;orientation&quot;:&quot;0&quot;}\" data-image-title=\"Small_Rings_Payoff-1-Sheet-copyKaBt\" data-image-description=\"\" data-image-caption=\"\" data-large-file=\"https:\/\/i0.wp.com\/kalot.com.mx\/site\/wp-content\/uploads\/2017\/01\/Small_Rings_Payoff-1-Sheet-copyKaBt.png?fit=656%2C1024&amp;ssl=1\" class=\"alignnone size-full wp-image-26791\" src=\"https:\/\/i0.wp.com\/kalot.com.mx\/site\/wp-content\/uploads\/2013\/08\/20130830-190129.jpg?fit=1536%2C1536&#038;ssl=1\" alt=\"\" width=\"1536\" height=\"1536\" \/><\/p>\n<p style=\"text-align: justify\">Con informaci\u00f3n e im\u00e1genes de:\u00a0<a href=\"http:\/\/bloody-disgusting.com\/images\/3419877\/rings-poster-cursed-samara\/\">bloody-disgusting.com<\/a><\/p>\n","protected":false},"excerpt":{"rendered":"Paramount Pictures ha lanzado un nuevo p\u00f3ster de &#8220;El Aro 3&#8221; adem\u00e1s de una imagen de la pel\u00edcula.&hellip;\n","protected":false},"author":108,"featured_media":26793,"comment_status":"open","ping_status":"open","sticky":false,"template":"","format":"standard","meta":{"jetpack_post_was_ever_published":false,"_jetpack_newsletter_access":"","_jetpack_dont_email_post_to_subs":false,"_jetpack_newsletter_tier_id":0,"_jetpack_memberships_contains_paywalled_content":false,"_jetpack_memberships_contains_paid_content":false,"footnotes":"","jetpack_publicize_message":"","jetpack_publicize_feature_enabled":true,"jetpack_social_post_already_shared":true,"jetpack_social_options":{"image_generator_settings":{"template":"highway","default_image_id":0,"font":"","enabled":false},"version":2}},"categories":[9,7],"tags":[1266,1259,742,1264,1265,1262,1263,885,1260,1261],"class_list":{"0":"post-26789","1":"post","2":"type-post","3":"status-publish","4":"format-standard","5":"has-post-thumbnail","7":"category-cine","8":"category-novedades","9":"tag-actriz-que-hace-a-la-nina-del-aro","10":"tag-el-aro","11":"tag-el-aro-3","12":"tag-la-nina-del-aro","13":"tag-nueva-pelicula-de-el-aro","14":"tag-pelicula-el-aro","15":"tag-pelicula-el-aro-3","16":"tag-samara","17":"tag-the-ring","18":"tag-the-ring-3","19":"cs-entry","20":"cs-video-wrap"},"yoast_head":"<!-- This site is optimized with the Yoast SEO plugin v27.4 - https:\/\/yoast.com\/product\/yoast-seo-wordpress\/ -->\n<title>Nuevo p\u00f3ster de &quot;El Aro 3&quot; con maldici\u00f3n de Samara - Kalot<\/title>\n<meta name=\"description\" content=\"Paramount Pictures ha lanzado un nuevo p\u00f3ster de &quot;El Aro 3&quot; adem\u00e1s de una imagen de la pel\u00edcula. Matilde Lutz, Alex Roe, Johnny Galecki, Aimee Teegarden,\" \/>\n<meta name=\"robots\" content=\"index, follow, max-snippet:-1, max-image-preview:large, max-video-preview:-1\" \/>\n<link rel=\"canonical\" href=\"https:\/\/kalot.com.mx\/site\/2017\/01\/03\/nuevo-poster-aro-3-maldicion-samara\/\" \/>\n<meta property=\"og:locale\" content=\"es_MX\" \/>\n<meta property=\"og:type\" content=\"article\" \/>\n<meta property=\"og:title\" content=\"Nuevo p\u00f3ster de &quot;El Aro 3&quot; con maldici\u00f3n de Samara - Kalot\" \/>\n<meta property=\"og:description\" content=\"Paramount Pictures ha lanzado un nuevo p\u00f3ster de &quot;El Aro 3&quot; adem\u00e1s de una imagen de la pel\u00edcula. Matilde Lutz, Alex Roe, Johnny Galecki, Aimee Teegarden,\" \/>\n<meta property=\"og:url\" content=\"https:\/\/kalot.com.mx\/site\/2017\/01\/03\/nuevo-poster-aro-3-maldicion-samara\/\" \/>\n<meta property=\"og:site_name\" content=\"Kalot\" \/>\n<meta property=\"article:publisher\" content=\"http:\/\/facebook.com\/mxkalot\" \/>\n<meta property=\"article:published_time\" content=\"2017-01-03T21:58:16+00:00\" \/>\n<meta property=\"article:modified_time\" content=\"2017-12-20T21:56:32+00:00\" \/>\n<meta property=\"og:image\" content=\"https:\/\/i1.wp.com\/kalot.com.mx\/site\/wp-content\/uploads\/2017\/01\/maxresdefault-1.jpg?fit=1280%2C720&ssl=1\" \/>\n\t<meta property=\"og:image:width\" content=\"1280\" \/>\n\t<meta property=\"og:image:height\" content=\"720\" \/>\n\t<meta property=\"og:image:type\" content=\"image\/jpeg\" \/>\n<meta name=\"author\" content=\"yash\" \/>\n<meta name=\"twitter:card\" content=\"summary_large_image\" \/>\n<meta name=\"twitter:creator\" content=\"@kalotmx\" \/>\n<meta name=\"twitter:site\" content=\"@kalotmx\" \/>\n<meta name=\"twitter:label1\" content=\"Escrito por\" \/>\n\t<meta name=\"twitter:data1\" content=\"yash\" \/>\n\t<meta name=\"twitter:label2\" content=\"Tiempo de lectura\" \/>\n\t<meta name=\"twitter:data2\" content=\"1 minuto\" \/>\n<!-- \/ Yoast SEO plugin. -->","yoast_head_json":{"title":"Nuevo p\u00f3ster de \"El Aro 3\" con maldici\u00f3n de Samara - Kalot","description":"Paramount Pictures ha lanzado un nuevo p\u00f3ster de \"El Aro 3\" adem\u00e1s de una imagen de la pel\u00edcula. Matilde Lutz, Alex Roe, Johnny Galecki, Aimee Teegarden,","robots":{"index":"index","follow":"follow","max-snippet":"max-snippet:-1","max-image-preview":"max-image-preview:large","max-video-preview":"max-video-preview:-1"},"canonical":"https:\/\/kalot.com.mx\/site\/2017\/01\/03\/nuevo-poster-aro-3-maldicion-samara\/","og_locale":"es_MX","og_type":"article","og_title":"Nuevo p\u00f3ster de \"El Aro 3\" con maldici\u00f3n de Samara - Kalot","og_description":"Paramount Pictures ha lanzado un nuevo p\u00f3ster de \"El Aro 3\" adem\u00e1s de una imagen de la pel\u00edcula. Matilde Lutz, Alex Roe, Johnny Galecki, Aimee Teegarden,","og_url":"https:\/\/kalot.com.mx\/site\/2017\/01\/03\/nuevo-poster-aro-3-maldicion-samara\/","og_site_name":"Kalot","article_publisher":"http:\/\/facebook.com\/mxkalot","article_published_time":"2017-01-03T21:58:16+00:00","article_modified_time":"2017-12-20T21:56:32+00:00","og_image":[{"width":1280,"height":720,"url":"https:\/\/i1.wp.com\/kalot.com.mx\/site\/wp-content\/uploads\/2017\/01\/maxresdefault-1.jpg?fit=1280%2C720&ssl=1","type":"image\/jpeg"}],"author":"yash","twitter_card":"summary_large_image","twitter_creator":"@kalotmx","twitter_site":"@kalotmx","twitter_misc":{"Escrito por":"yash","Tiempo de lectura":"1 minuto"},"schema":{"@context":"https:\/\/schema.org","@graph":[{"@type":"Article","@id":"https:\/\/kalot.com.mx\/site\/2017\/01\/03\/nuevo-poster-aro-3-maldicion-samara\/#article","isPartOf":{"@id":"https:\/\/kalot.com.mx\/site\/2017\/01\/03\/nuevo-poster-aro-3-maldicion-samara\/"},"author":{"name":"yash","@id":"https:\/\/kalot.com.mx\/site\/#\/schema\/person\/1d75ba57b0359df6aee12de5a86e5b04"},"headline":"Nuevo p\u00f3ster de &#8220;El Aro 3&#8221; con maldici\u00f3n de Samara","datePublished":"2017-01-03T21:58:16+00:00","dateModified":"2017-12-20T21:56:32+00:00","mainEntityOfPage":{"@id":"https:\/\/kalot.com.mx\/site\/2017\/01\/03\/nuevo-poster-aro-3-maldicion-samara\/"},"wordCount":169,"commentCount":0,"publisher":{"@id":"https:\/\/kalot.com.mx\/site\/#organization"},"image":{"@id":"https:\/\/kalot.com.mx\/site\/2017\/01\/03\/nuevo-poster-aro-3-maldicion-samara\/#primaryimage"},"thumbnailUrl":"https:\/\/i0.wp.com\/kalot.com.mx\/site\/wp-content\/uploads\/2017\/01\/maxresdefault-1.jpg?fit=1280%2C720&ssl=1","keywords":["actriz que hace a la ni\u00f1a del aro","El aro","El Aro 3","la ni\u00f1a del aro","nueva pelicula de el aro","pelicula el aro","pelicula el aro 3","samara","the ring","the ring 3"],"articleSection":["Cine","Novedades"],"inLanguage":"es","potentialAction":[{"@type":"CommentAction","name":"Comment","target":["https:\/\/kalot.com.mx\/site\/2017\/01\/03\/nuevo-poster-aro-3-maldicion-samara\/#respond"]}]},{"@type":"WebPage","@id":"https:\/\/kalot.com.mx\/site\/2017\/01\/03\/nuevo-poster-aro-3-maldicion-samara\/","url":"https:\/\/kalot.com.mx\/site\/2017\/01\/03\/nuevo-poster-aro-3-maldicion-samara\/","name":"Nuevo p\u00f3ster de \"El Aro 3\" con maldici\u00f3n de Samara - Kalot","isPartOf":{"@id":"https:\/\/kalot.com.mx\/site\/#website"},"primaryImageOfPage":{"@id":"https:\/\/kalot.com.mx\/site\/2017\/01\/03\/nuevo-poster-aro-3-maldicion-samara\/#primaryimage"},"image":{"@id":"https:\/\/kalot.com.mx\/site\/2017\/01\/03\/nuevo-poster-aro-3-maldicion-samara\/#primaryimage"},"thumbnailUrl":"https:\/\/i0.wp.com\/kalot.com.mx\/site\/wp-content\/uploads\/2017\/01\/maxresdefault-1.jpg?fit=1280%2C720&ssl=1","datePublished":"2017-01-03T21:58:16+00:00","dateModified":"2017-12-20T21:56:32+00:00","description":"Paramount Pictures ha lanzado un nuevo p\u00f3ster de \"El Aro 3\" adem\u00e1s de una imagen de la pel\u00edcula. Matilde Lutz, Alex Roe, Johnny Galecki, Aimee Teegarden,","breadcrumb":{"@id":"https:\/\/kalot.com.mx\/site\/2017\/01\/03\/nuevo-poster-aro-3-maldicion-samara\/#breadcrumb"},"inLanguage":"es","potentialAction":[{"@type":"ReadAction","target":["https:\/\/kalot.com.mx\/site\/2017\/01\/03\/nuevo-poster-aro-3-maldicion-samara\/"]}]},{"@type":"ImageObject","inLanguage":"es","@id":"https:\/\/kalot.com.mx\/site\/2017\/01\/03\/nuevo-poster-aro-3-maldicion-samara\/#primaryimage","url":"https:\/\/i0.wp.com\/kalot.com.mx\/site\/wp-content\/uploads\/2017\/01\/maxresdefault-1.jpg?fit=1280%2C720&ssl=1","contentUrl":"https:\/\/i0.wp.com\/kalot.com.mx\/site\/wp-content\/uploads\/2017\/01\/maxresdefault-1.jpg?fit=1280%2C720&ssl=1","width":1280,"height":720},{"@type":"BreadcrumbList","@id":"https:\/\/kalot.com.mx\/site\/2017\/01\/03\/nuevo-poster-aro-3-maldicion-samara\/#breadcrumb","itemListElement":[{"@type":"ListItem","position":1,"name":"Home","item":"https:\/\/kalot.com.mx\/site\/"},{"@type":"ListItem","position":2,"name":"Nuevo p\u00f3ster de &#8220;El Aro 3&#8221; con maldici\u00f3n de Samara"}]},{"@type":"WebSite","@id":"https:\/\/kalot.com.mx\/site\/#website","url":"https:\/\/kalot.com.mx\/site\/","name":"Kalot","description":"Conoce Todo Sobre Todo","publisher":{"@id":"https:\/\/kalot.com.mx\/site\/#organization"},"potentialAction":[{"@type":"SearchAction","target":{"@type":"EntryPoint","urlTemplate":"https:\/\/kalot.com.mx\/site\/?s={search_term_string}"},"query-input":{"@type":"PropertyValueSpecification","valueRequired":true,"valueName":"search_term_string"}}],"inLanguage":"es"},{"@type":"Organization","@id":"https:\/\/kalot.com.mx\/site\/#organization","name":"Kalot","url":"https:\/\/kalot.com.mx\/site\/","logo":{"@type":"ImageObject","inLanguage":"es","@id":"https:\/\/kalot.com.mx\/site\/#\/schema\/logo\/image\/","url":"https:\/\/i0.wp.com\/kalot.com.mx\/site\/wp-content\/uploads\/2020\/04\/Kalot-logo-sin-tagline.png?fit=1707%2C1014&ssl=1","contentUrl":"https:\/\/i0.wp.com\/kalot.com.mx\/site\/wp-content\/uploads\/2020\/04\/Kalot-logo-sin-tagline.png?fit=1707%2C1014&ssl=1","width":1707,"height":1014,"caption":"Kalot"},"image":{"@id":"https:\/\/kalot.com.mx\/site\/#\/schema\/logo\/image\/"},"sameAs":["http:\/\/facebook.com\/mxkalot","https:\/\/x.com\/kalotmx","http:\/\/instagram.com\/kalotmx","http:\/\/pinterest.com\/jorgeerana\/kalot"]},{"@type":"Person","@id":"https:\/\/kalot.com.mx\/site\/#\/schema\/person\/1d75ba57b0359df6aee12de5a86e5b04","name":"yash","image":{"@type":"ImageObject","inLanguage":"es","@id":"https:\/\/secure.gravatar.com\/avatar\/be80e9883aa4c662e1a435d9ba36a6fba313cea893e0d847aac2ca2290e6decb?s=96&d=mm&r=g","url":"https:\/\/secure.gravatar.com\/avatar\/be80e9883aa4c662e1a435d9ba36a6fba313cea893e0d847aac2ca2290e6decb?s=96&d=mm&r=g","contentUrl":"https:\/\/secure.gravatar.com\/avatar\/be80e9883aa4c662e1a435d9ba36a6fba313cea893e0d847aac2ca2290e6decb?s=96&d=mm&r=g","caption":"yash"},"url":"https:\/\/kalot.com.mx\/site\/author\/yash\/"}]}},"jetpack_publicize_connections":[],"jetpack_featured_media_url":"https:\/\/i0.wp.com\/kalot.com.mx\/site\/wp-content\/uploads\/2017\/01\/maxresdefault-1.jpg?fit=1280%2C720&ssl=1","jetpack_shortlink":"https:\/\/wp.me\/p6IHEI-6Y5","jetpack-related-posts":[{"id":26803,"url":"https:\/\/kalot.com.mx\/site\/2017\/01\/08\/nuevo-trailer-aro-3\/","url_meta":{"origin":26789,"position":0},"title":"Nuevo trailer de &#8220;El Aro 3&#8221;","author":"yash","date":"8 enero, 2017","format":false,"excerpt":"Paramount Pictures lanz\u00f3 el nuevo trailer de \"El Aro 3\", que mantiene la regla: tendr\u00e1s siete d\u00edas de vida una vez que has visto su v\u00eddeo. En este nuevo tr\u00e1iler se detallan las marcas de la maldici\u00f3n, mientras que tambi\u00e9n revela que los espectadores ser\u00e1n llevados de vuelta al pozo\u2026","rel":"","context":"En &quot;Cine&quot;","block_context":{"text":"Cine","link":"https:\/\/kalot.com.mx\/site\/category\/cine\/"},"img":{"alt_text":"","src":"https:\/\/i0.wp.com\/kalot.com.mx\/site\/wp-content\/uploads\/2017\/01\/el-aro3.jpg?fit=1200%2C675&ssl=1&resize=350%2C200","width":350,"height":200,"srcset":"https:\/\/i0.wp.com\/kalot.com.mx\/site\/wp-content\/uploads\/2017\/01\/el-aro3.jpg?fit=1200%2C675&ssl=1&resize=350%2C200 1x, https:\/\/i0.wp.com\/kalot.com.mx\/site\/wp-content\/uploads\/2017\/01\/el-aro3.jpg?fit=1200%2C675&ssl=1&resize=525%2C300 1.5x, https:\/\/i0.wp.com\/kalot.com.mx\/site\/wp-content\/uploads\/2017\/01\/el-aro3.jpg?fit=1200%2C675&ssl=1&resize=700%2C400 2x, https:\/\/i0.wp.com\/kalot.com.mx\/site\/wp-content\/uploads\/2017\/01\/el-aro3.jpg?fit=1200%2C675&ssl=1&resize=1050%2C600 3x"},"classes":[]},{"id":25851,"url":"https:\/\/kalot.com.mx\/site\/2016\/08\/24\/mira-trailer-aro-3\/","url_meta":{"origin":26789,"position":1},"title":"\u00a1Mira el tr\u00e1iler de &#8220;El Aro 3&#8221;!","author":"yash","date":"24 agosto, 2016","format":false,"excerpt":"La tercera parte de la saga de \"El Aro\" ha revelado su primer tr\u00e1iler. Hace unos d\u00edas se hab\u00eda anunciado que el tr\u00e1iler de la nueva entrega de \"El Aro\" se estrenar\u00eda en esta semana, pues finalmente la espera acab\u00f3 y Paramount Pictures lo ha liberado. Bajo el t\u00edtulo de\u2026","rel":"","context":"En &quot;Cine&quot;","block_context":{"text":"Cine","link":"https:\/\/kalot.com.mx\/site\/category\/cine\/"},"img":{"alt_text":"","src":"https:\/\/i0.wp.com\/kalot.com.mx\/site\/wp-content\/uploads\/2016\/08\/maxresdefault-1-1.jpg?fit=1200%2C675&ssl=1&resize=350%2C200","width":350,"height":200,"srcset":"https:\/\/i0.wp.com\/kalot.com.mx\/site\/wp-content\/uploads\/2016\/08\/maxresdefault-1-1.jpg?fit=1200%2C675&ssl=1&resize=350%2C200 1x, https:\/\/i0.wp.com\/kalot.com.mx\/site\/wp-content\/uploads\/2016\/08\/maxresdefault-1-1.jpg?fit=1200%2C675&ssl=1&resize=525%2C300 1.5x, https:\/\/i0.wp.com\/kalot.com.mx\/site\/wp-content\/uploads\/2016\/08\/maxresdefault-1-1.jpg?fit=1200%2C675&ssl=1&resize=700%2C400 2x, https:\/\/i0.wp.com\/kalot.com.mx\/site\/wp-content\/uploads\/2016\/08\/maxresdefault-1-1.jpg?fit=1200%2C675&ssl=1&resize=1050%2C600 3x"},"classes":[]},{"id":26251,"url":"https:\/\/kalot.com.mx\/site\/2016\/10\/08\/nuevo-poster-aro-3\/","url_meta":{"origin":26789,"position":2},"title":"Nuevo p\u00f3ster de &#8220;El Aro 3&#8221;","author":"yash","date":"8 octubre, 2016","format":false,"excerpt":"Un nuevo p\u00f3ster de \"El Aro 3\" ha sido revelado con Samara como protagonista. Despu\u00e9s de sufrir un nuevo cambio en su fecha de estreno, \"El Aro 3\" presenta nuevo p\u00f3ster donde podemos apreciar a la m\u00edtica Samara saliendo del televisor dispuesta a atacar. Dirigida por F. Javier Guti\u00e9rrez, \"Rings\"\u2026","rel":"","context":"En &quot;Cine&quot;","block_context":{"text":"Cine","link":"https:\/\/kalot.com.mx\/site\/category\/cine\/"},"img":{"alt_text":"","src":"https:\/\/i0.wp.com\/kalot.com.mx\/site\/wp-content\/uploads\/2016\/10\/maxresdefault-11.jpg?fit=1200%2C675&ssl=1&resize=350%2C200","width":350,"height":200,"srcset":"https:\/\/i0.wp.com\/kalot.com.mx\/site\/wp-content\/uploads\/2016\/10\/maxresdefault-11.jpg?fit=1200%2C675&ssl=1&resize=350%2C200 1x, https:\/\/i0.wp.com\/kalot.com.mx\/site\/wp-content\/uploads\/2016\/10\/maxresdefault-11.jpg?fit=1200%2C675&ssl=1&resize=525%2C300 1.5x, https:\/\/i0.wp.com\/kalot.com.mx\/site\/wp-content\/uploads\/2016\/10\/maxresdefault-11.jpg?fit=1200%2C675&ssl=1&resize=700%2C400 2x, https:\/\/i0.wp.com\/kalot.com.mx\/site\/wp-content\/uploads\/2016\/10\/maxresdefault-11.jpg?fit=1200%2C675&ssl=1&resize=1050%2C600 3x"},"classes":[]},{"id":26896,"url":"https:\/\/kalot.com.mx\/site\/2017\/01\/21\/nuevo-spot-aro-3\/","url_meta":{"origin":26789,"position":3},"title":"Nuevo spot de &#8220;El Aro 3&#8221;","author":"yash","date":"21 enero, 2017","format":false,"excerpt":"Este es el primer anuncio para la televisi\u00f3n de \"El Aro 3\" que es b\u00e1sicamente un breve clip que muestra Samara. Dirigida por F. Javier Guti\u00e9rrez, \"Rings\" es protagonizada por Matilde Lutz, Alex Roe, Johnny Galecki, Aimee Teegarden, Bonnie Morgan, y Vincent D'Onofrio. Su fecha de lanzamiento ser\u00e1 el 3\u2026","rel":"","context":"En &quot;Cine&quot;","block_context":{"text":"Cine","link":"https:\/\/kalot.com.mx\/site\/category\/cine\/"},"img":{"alt_text":"","src":"https:\/\/i0.wp.com\/kalot.com.mx\/site\/wp-content\/uploads\/2017\/01\/el-aro3-2.jpg?fit=1200%2C675&ssl=1&resize=350%2C200","width":350,"height":200,"srcset":"https:\/\/i0.wp.com\/kalot.com.mx\/site\/wp-content\/uploads\/2017\/01\/el-aro3-2.jpg?fit=1200%2C675&ssl=1&resize=350%2C200 1x, https:\/\/i0.wp.com\/kalot.com.mx\/site\/wp-content\/uploads\/2017\/01\/el-aro3-2.jpg?fit=1200%2C675&ssl=1&resize=525%2C300 1.5x, https:\/\/i0.wp.com\/kalot.com.mx\/site\/wp-content\/uploads\/2017\/01\/el-aro3-2.jpg?fit=1200%2C675&ssl=1&resize=700%2C400 2x, https:\/\/i0.wp.com\/kalot.com.mx\/site\/wp-content\/uploads\/2017\/01\/el-aro3-2.jpg?fit=1200%2C675&ssl=1&resize=1050%2C600 3x"},"classes":[]},{"id":23719,"url":"https:\/\/kalot.com.mx\/site\/2015\/10\/01\/en-2016-llegara-nueva-pelicula-de-el-aro\/","url_meta":{"origin":26789,"position":4},"title":"En 2016 Llegar\u00e1 Nueva Pel\u00edcula de &#8220;El Aro&#8221;","author":"yash","date":"1 octubre, 2015","format":false,"excerpt":"Paramount Pictures ha decido posponer la fecha de estreno de la tercera parte de \"El Aro\", la saga de terror basada en la cinta japonesa de\u00a0Hideo Nakata. Bloody Disgusting informa que \"Rings\" (titulo de la cinta) ten\u00eda previsto su estreno el pr\u00f3ximo 13 de noviembre de este a\u00f1o, pero otros\u2026","rel":"","context":"En &quot;Cine&quot;","block_context":{"text":"Cine","link":"https:\/\/kalot.com.mx\/site\/category\/cine\/"},"img":{"alt_text":"","src":"https:\/\/i0.wp.com\/kalot.com.mx\/site\/wp-content\/uploads\/2015\/10\/ElAro.png?fit=1200%2C675&ssl=1&resize=350%2C200","width":350,"height":200,"srcset":"https:\/\/i0.wp.com\/kalot.com.mx\/site\/wp-content\/uploads\/2015\/10\/ElAro.png?fit=1200%2C675&ssl=1&resize=350%2C200 1x, https:\/\/i0.wp.com\/kalot.com.mx\/site\/wp-content\/uploads\/2015\/10\/ElAro.png?fit=1200%2C675&ssl=1&resize=525%2C300 1.5x, https:\/\/i0.wp.com\/kalot.com.mx\/site\/wp-content\/uploads\/2015\/10\/ElAro.png?fit=1200%2C675&ssl=1&resize=700%2C400 2x, https:\/\/i0.wp.com\/kalot.com.mx\/site\/wp-content\/uploads\/2015\/10\/ElAro.png?fit=1200%2C675&ssl=1&resize=1050%2C600 3x"},"classes":[]},{"id":26213,"url":"https:\/\/kalot.com.mx\/site\/2016\/09\/27\/cambian-la-fecha-estreno-aro-3-viernes-13\/","url_meta":{"origin":26789,"position":5},"title":"Cambian la fecha de estreno de &#8220;El Aro 3&#8221; y &#8220;Viernes 13&#8221;","author":"yash","date":"27 septiembre, 2016","format":false,"excerpt":"Ambos estrenos han sido desplazados sin que\u00a0Paramount explicara los motivos. Los fans del terror tendr\u00e1n que esperar un poco m\u00e1s para el regreso de Samara y Jason ya que\u00a0Paramount ha decido cambiar las fechas de sus respectivos estrenos. Esta es la cuarta vez que el estreno de la nueva secuela\u2026","rel":"","context":"En &quot;Cine&quot;","block_context":{"text":"Cine","link":"https:\/\/kalot.com.mx\/site\/category\/cine\/"},"img":{"alt_text":"","src":"https:\/\/i0.wp.com\/kalot.com.mx\/site\/wp-content\/uploads\/2016\/09\/ring-3-rings-movie-release-date-2016.jpg?fit=1200%2C600&ssl=1&resize=350%2C200","width":350,"height":200,"srcset":"https:\/\/i0.wp.com\/kalot.com.mx\/site\/wp-content\/uploads\/2016\/09\/ring-3-rings-movie-release-date-2016.jpg?fit=1200%2C600&ssl=1&resize=350%2C200 1x, https:\/\/i0.wp.com\/kalot.com.mx\/site\/wp-content\/uploads\/2016\/09\/ring-3-rings-movie-release-date-2016.jpg?fit=1200%2C600&ssl=1&resize=525%2C300 1.5x, https:\/\/i0.wp.com\/kalot.com.mx\/site\/wp-content\/uploads\/2016\/09\/ring-3-rings-movie-release-date-2016.jpg?fit=1200%2C600&ssl=1&resize=700%2C400 2x, https:\/\/i0.wp.com\/kalot.com.mx\/site\/wp-content\/uploads\/2016\/09\/ring-3-rings-movie-release-date-2016.jpg?fit=1200%2C600&ssl=1&resize=1050%2C600 3x"},"classes":[]}],"jetpack_sharing_enabled":true,"_links":{"self":[{"href":"https:\/\/kalot.com.mx\/site\/wp-json\/wp\/v2\/posts\/26789","targetHints":{"allow":["GET"]}}],"collection":[{"href":"https:\/\/kalot.com.mx\/site\/wp-json\/wp\/v2\/posts"}],"about":[{"href":"https:\/\/kalot.com.mx\/site\/wp-json\/wp\/v2\/types\/post"}],"author":[{"embeddable":true,"href":"https:\/\/kalot.com.mx\/site\/wp-json\/wp\/v2\/users\/108"}],"replies":[{"embeddable":true,"href":"https:\/\/kalot.com.mx\/site\/wp-json\/wp\/v2\/comments?post=26789"}],"version-history":[{"count":2,"href":"https:\/\/kalot.com.mx\/site\/wp-json\/wp\/v2\/posts\/26789\/revisions"}],"predecessor-version":[{"id":28087,"href":"https:\/\/kalot.com.mx\/site\/wp-json\/wp\/v2\/posts\/26789\/revisions\/28087"}],"wp:featuredmedia":[{"embeddable":true,"href":"https:\/\/kalot.com.mx\/site\/wp-json\/wp\/v2\/media\/26793"}],"wp:attachment":[{"href":"https:\/\/kalot.com.mx\/site\/wp-json\/wp\/v2\/media?parent=26789"}],"wp:term":[{"taxonomy":"category","embeddable":true,"href":"https:\/\/kalot.com.mx\/site\/wp-json\/wp\/v2\/categories?post=26789"},{"taxonomy":"post_tag","embeddable":true,"href":"https:\/\/kalot.com.mx\/site\/wp-json\/wp\/v2\/tags?post=26789"}],"curies":[{"name":"wp","href":"https:\/\/api.w.org\/{rel}","templated":true}]}}