{"id":26637,"date":"2016-11-10T15:56:59","date_gmt":"2016-11-10T21:56:59","guid":{"rendered":"http:\/\/kalot.com.mx\/site\/?p=26637"},"modified":"2017-12-20T15:56:28","modified_gmt":"2017-12-20T21:56:28","slug":"festival-internacional-las-luces-mexico-2016","status":"publish","type":"post","link":"https:\/\/kalot.com.mx\/site\/2016\/11\/10\/festival-internacional-las-luces-mexico-2016\/","title":{"rendered":"Festival Internacional de las Luces M\u00e9xico 2016"},"content":{"rendered":"<p>Vagando por los eventos culturales que se encuentran en el D.F. (la Ciudad de M\u00e9xico para Mancera) en los cuales relucen las exposiciones de MLK en el Museo de Memoria y Tolerancia; Anish Kapoor en el MUAC; Otto Dix en el Munal; Javier Senosiain, Agricultura Org\u00e1nica en el Museo Nacional de Arquitectura, entre otros, uno que se apoderar\u00e1 de las calles en centro de la ciudad es el FILUX. As\u00ed es, este a\u00f1o se llevar\u00e1 acabo la tercera edici\u00f3n del Festival Internacional de las Luces.<\/p>\n<p>Pero \u00bfQu\u00e9 es el FILUX?, \u00bfCu\u00e1ndo se llevar\u00e1 acabo?, \u00bfD\u00f3nde se llevar\u00e1 acabo?, \u00bfEn cu\u00e1nto me va a salir el chistesito de ir?<\/p>\n<div class=\"page\" title=\"Page 2\">\n<div class=\"layoutArea\">\n<div class=\"column\">\n<p>FILUX nacio\u0301 en la Ciudad de Me\u0301xico y es el primer Festival Internacional de las Luces del continente realizado por Filux Lab en alianza con Instituciones y empresas.<\/p>\n<p>FILUX tiene la estructura de los festivales internacionales de la luz; es un espacio de promocio\u0301n y exhibicio\u0301n de la obra de arte realizada con el lenguaje de la luz, que vincula a los artistas locales con lo mejor del arte internacional y los acerca a los habitantes de la Ciudad de Me\u0301xico. Asi\u0301, la Ciudad se consolida como un escenario cultural internacional, de integracio\u0301n social y recuperacio\u0301n del espacio pu\u0301blico.<\/p>\n<p>Este se llevar\u00e1 acabo del 10 al 13 de Noviembre y como lo mencionamos, ser\u00e1 un recorrido espectacular donde las luces bailaran con los monumentos hist\u00f3ricos del centro. Aqu\u00ed les dejamos el mapa:<\/p>\n<p><a href=\"https:\/\/i0.wp.com\/kalot.com.mx\/site\/wp-content\/uploads\/2016\/11\/Screen-Shot-2016-11-10-at-3.48.13-PM.png\"><img fetchpriority=\"high\" decoding=\"async\" data-attachment-id=\"26638\" data-permalink=\"https:\/\/kalot.com.mx\/site\/2016\/11\/10\/festival-internacional-las-luces-mexico-2016\/screen-shot-2016-11-10-at-3-48-13-pm\/\" data-orig-file=\"https:\/\/i0.wp.com\/kalot.com.mx\/site\/wp-content\/uploads\/2016\/11\/Screen-Shot-2016-11-10-at-3.48.13-PM.png?fit=1134%2C871&amp;ssl=1\" data-orig-size=\"1134,871\" data-comments-opened=\"1\" data-image-meta=\"{&quot;aperture&quot;:&quot;0&quot;,&quot;credit&quot;:&quot;&quot;,&quot;camera&quot;:&quot;&quot;,&quot;caption&quot;:&quot;&quot;,&quot;created_timestamp&quot;:&quot;0&quot;,&quot;copyright&quot;:&quot;&quot;,&quot;focal_length&quot;:&quot;0&quot;,&quot;iso&quot;:&quot;0&quot;,&quot;shutter_speed&quot;:&quot;0&quot;,&quot;title&quot;:&quot;&quot;,&quot;orientation&quot;:&quot;0&quot;}\" data-image-title=\"FILUX\" data-image-description=\"\" data-image-caption=\"\" data-large-file=\"https:\/\/i0.wp.com\/kalot.com.mx\/site\/wp-content\/uploads\/2016\/11\/Screen-Shot-2016-11-10-at-3.48.13-PM.png?fit=1024%2C787&amp;ssl=1\" class=\"aligncenter size-full wp-image-26638\" src=\"https:\/\/i0.wp.com\/kalot.com.mx\/site\/wp-content\/uploads\/2013\/08\/20130830-190129.jpg?fit=1536%2C1536&#038;ssl=1\" alt=\"FILUX\" width=\"1536\" height=\"1536\" \/><\/a><\/p>\n<p>Y lo mejor de todo es que todo el evento ser\u00e1 gratuito, as\u00ed que prep\u00e1rense para 4 noches donde las luces de artistas de talla mundial, har\u00e1n que el centro hist\u00f3rico de la ciudad vuelva a la vida.<\/p>\n<\/div>\n<p><a href=\"https:\/\/i0.wp.com\/kalot.com.mx\/site\/wp-content\/uploads\/2016\/11\/cabeza-de-quetzalcoatl.jpg\"><img decoding=\"async\" data-attachment-id=\"26640\" data-permalink=\"https:\/\/kalot.com.mx\/site\/2016\/11\/10\/festival-internacional-las-luces-mexico-2016\/cabeza-de-quetzalcoatl\/\" data-orig-file=\"https:\/\/i0.wp.com\/kalot.com.mx\/site\/wp-content\/uploads\/2016\/11\/cabeza-de-quetzalcoatl.jpg?fit=750%2C500&amp;ssl=1\" data-orig-size=\"750,500\" data-comments-opened=\"1\" data-image-meta=\"{&quot;aperture&quot;:&quot;0&quot;,&quot;credit&quot;:&quot;&quot;,&quot;camera&quot;:&quot;&quot;,&quot;caption&quot;:&quot;&quot;,&quot;created_timestamp&quot;:&quot;0&quot;,&quot;copyright&quot;:&quot;&quot;,&quot;focal_length&quot;:&quot;0&quot;,&quot;iso&quot;:&quot;0&quot;,&quot;shutter_speed&quot;:&quot;0&quot;,&quot;title&quot;:&quot;&quot;,&quot;orientation&quot;:&quot;0&quot;}\" data-image-title=\"Filux3\" data-image-description=\"\" data-image-caption=\"\" data-large-file=\"https:\/\/i0.wp.com\/kalot.com.mx\/site\/wp-content\/uploads\/2016\/11\/cabeza-de-quetzalcoatl.jpg?fit=750%2C500&amp;ssl=1\" class=\"aligncenter size-full wp-image-26640\" src=\"https:\/\/i0.wp.com\/kalot.com.mx\/site\/wp-content\/uploads\/2013\/08\/20130830-190129.jpg?fit=1536%2C1536&#038;ssl=1\" alt=\"Filux3\" width=\"1536\" height=\"1536\" \/><\/a><\/p>\n<\/div>\n<\/div>\n","protected":false},"excerpt":{"rendered":"Vagando por los eventos culturales que se encuentran en el D.F. (la Ciudad de M\u00e9xico para Mancera) en&hellip;\n","protected":false},"author":80,"featured_media":26639,"comment_status":"open","ping_status":"open","sticky":false,"template":"","format":"standard","meta":{"jetpack_post_was_ever_published":false,"_jetpack_newsletter_access":"","_jetpack_dont_email_post_to_subs":false,"_jetpack_newsletter_tier_id":0,"_jetpack_memberships_contains_paywalled_content":false,"_jetpack_memberships_contains_paid_content":false,"footnotes":"","jetpack_publicize_message":"","jetpack_publicize_feature_enabled":true,"jetpack_social_post_already_shared":true,"jetpack_social_options":{"image_generator_settings":{"template":"highway","default_image_id":0,"font":"","enabled":false},"version":2}},"categories":[13],"tags":[],"class_list":{"0":"post-26637","1":"post","2":"type-post","3":"status-publish","4":"format-standard","5":"has-post-thumbnail","7":"category-cultura","8":"cs-entry","9":"cs-video-wrap"},"yoast_head":"<!-- This site is optimized with the Yoast SEO plugin v27.4 - https:\/\/yoast.com\/product\/yoast-seo-wordpress\/ -->\n<title>Festival Internacional de las Luces M\u00e9xico 2016 - Kalot<\/title>\n<meta name=\"description\" content=\"Vagando por los eventos culturales que se encuentran en el D.F. (la Ciudad de M\u00e9xico para Mancera) en los cuales relucen las exposiciones de MLK en el\" \/>\n<meta name=\"robots\" content=\"index, follow, max-snippet:-1, max-image-preview:large, max-video-preview:-1\" \/>\n<link rel=\"canonical\" href=\"https:\/\/kalot.com.mx\/site\/2016\/11\/10\/festival-internacional-las-luces-mexico-2016\/\" \/>\n<meta property=\"og:locale\" content=\"es_MX\" \/>\n<meta property=\"og:type\" content=\"article\" \/>\n<meta property=\"og:title\" content=\"Festival Internacional de las Luces M\u00e9xico 2016 - Kalot\" \/>\n<meta property=\"og:description\" content=\"Vagando por los eventos culturales que se encuentran en el D.F. (la Ciudad de M\u00e9xico para Mancera) en los cuales relucen las exposiciones de MLK en el\" \/>\n<meta property=\"og:url\" content=\"https:\/\/kalot.com.mx\/site\/2016\/11\/10\/festival-internacional-las-luces-mexico-2016\/\" \/>\n<meta property=\"og:site_name\" content=\"Kalot\" \/>\n<meta property=\"article:publisher\" content=\"http:\/\/facebook.com\/mxkalot\" \/>\n<meta property=\"article:published_time\" content=\"2016-11-10T21:56:59+00:00\" \/>\n<meta property=\"article:modified_time\" content=\"2017-12-20T21:56:28+00:00\" \/>\n<meta property=\"og:image\" content=\"https:\/\/i0.wp.com\/kalot.com.mx\/site\/wp-content\/uploads\/2016\/11\/1_Teresa-Mar\u2013Paradiso.jpg?fit=750%2C500&ssl=1\" \/>\n\t<meta property=\"og:image:width\" content=\"750\" \/>\n\t<meta property=\"og:image:height\" content=\"500\" \/>\n\t<meta property=\"og:image:type\" content=\"image\/jpeg\" \/>\n<meta name=\"author\" content=\"David S\u00e1nchez\" \/>\n<meta name=\"twitter:card\" content=\"summary_large_image\" \/>\n<meta name=\"twitter:creator\" content=\"@davidpms96\" \/>\n<meta name=\"twitter:site\" content=\"@kalotmx\" \/>\n<meta name=\"twitter:label1\" content=\"Escrito por\" \/>\n\t<meta name=\"twitter:data1\" content=\"David S\u00e1nchez\" \/>\n\t<meta name=\"twitter:label2\" content=\"Tiempo de lectura\" \/>\n\t<meta name=\"twitter:data2\" content=\"1 minuto\" \/>\n<!-- \/ Yoast SEO plugin. -->","yoast_head_json":{"title":"Festival Internacional de las Luces M\u00e9xico 2016 - Kalot","description":"Vagando por los eventos culturales que se encuentran en el D.F. (la Ciudad de M\u00e9xico para Mancera) en los cuales relucen las exposiciones de MLK en el","robots":{"index":"index","follow":"follow","max-snippet":"max-snippet:-1","max-image-preview":"max-image-preview:large","max-video-preview":"max-video-preview:-1"},"canonical":"https:\/\/kalot.com.mx\/site\/2016\/11\/10\/festival-internacional-las-luces-mexico-2016\/","og_locale":"es_MX","og_type":"article","og_title":"Festival Internacional de las Luces M\u00e9xico 2016 - Kalot","og_description":"Vagando por los eventos culturales que se encuentran en el D.F. (la Ciudad de M\u00e9xico para Mancera) en los cuales relucen las exposiciones de MLK en el","og_url":"https:\/\/kalot.com.mx\/site\/2016\/11\/10\/festival-internacional-las-luces-mexico-2016\/","og_site_name":"Kalot","article_publisher":"http:\/\/facebook.com\/mxkalot","article_published_time":"2016-11-10T21:56:59+00:00","article_modified_time":"2017-12-20T21:56:28+00:00","og_image":[{"width":750,"height":500,"url":"https:\/\/i0.wp.com\/kalot.com.mx\/site\/wp-content\/uploads\/2016\/11\/1_Teresa-Mar\u2013Paradiso.jpg?fit=750%2C500&ssl=1","type":"image\/jpeg"}],"author":"David S\u00e1nchez","twitter_card":"summary_large_image","twitter_creator":"@davidpms96","twitter_site":"@kalotmx","twitter_misc":{"Escrito por":"David S\u00e1nchez","Tiempo de lectura":"1 minuto"},"schema":{"@context":"https:\/\/schema.org","@graph":[{"@type":"Article","@id":"https:\/\/kalot.com.mx\/site\/2016\/11\/10\/festival-internacional-las-luces-mexico-2016\/#article","isPartOf":{"@id":"https:\/\/kalot.com.mx\/site\/2016\/11\/10\/festival-internacional-las-luces-mexico-2016\/"},"author":{"name":"David S\u00e1nchez","@id":"https:\/\/kalot.com.mx\/site\/#\/schema\/person\/6baf594887d9ab62944fda9244330603"},"headline":"Festival Internacional de las Luces M\u00e9xico 2016","datePublished":"2016-11-10T21:56:59+00:00","dateModified":"2017-12-20T21:56:28+00:00","mainEntityOfPage":{"@id":"https:\/\/kalot.com.mx\/site\/2016\/11\/10\/festival-internacional-las-luces-mexico-2016\/"},"wordCount":301,"commentCount":0,"publisher":{"@id":"https:\/\/kalot.com.mx\/site\/#organization"},"image":{"@id":"https:\/\/kalot.com.mx\/site\/2016\/11\/10\/festival-internacional-las-luces-mexico-2016\/#primaryimage"},"thumbnailUrl":"https:\/\/i0.wp.com\/kalot.com.mx\/site\/wp-content\/uploads\/2016\/11\/1_Teresa-Mar%E2%80%93Paradiso.jpg?fit=750%2C500&ssl=1","articleSection":["Cultura"],"inLanguage":"es","potentialAction":[{"@type":"CommentAction","name":"Comment","target":["https:\/\/kalot.com.mx\/site\/2016\/11\/10\/festival-internacional-las-luces-mexico-2016\/#respond"]}]},{"@type":"WebPage","@id":"https:\/\/kalot.com.mx\/site\/2016\/11\/10\/festival-internacional-las-luces-mexico-2016\/","url":"https:\/\/kalot.com.mx\/site\/2016\/11\/10\/festival-internacional-las-luces-mexico-2016\/","name":"Festival Internacional de las Luces M\u00e9xico 2016 - Kalot","isPartOf":{"@id":"https:\/\/kalot.com.mx\/site\/#website"},"primaryImageOfPage":{"@id":"https:\/\/kalot.com.mx\/site\/2016\/11\/10\/festival-internacional-las-luces-mexico-2016\/#primaryimage"},"image":{"@id":"https:\/\/kalot.com.mx\/site\/2016\/11\/10\/festival-internacional-las-luces-mexico-2016\/#primaryimage"},"thumbnailUrl":"https:\/\/i0.wp.com\/kalot.com.mx\/site\/wp-content\/uploads\/2016\/11\/1_Teresa-Mar%E2%80%93Paradiso.jpg?fit=750%2C500&ssl=1","datePublished":"2016-11-10T21:56:59+00:00","dateModified":"2017-12-20T21:56:28+00:00","description":"Vagando por los eventos culturales que se encuentran en el D.F. (la Ciudad de M\u00e9xico para Mancera) en los cuales relucen las exposiciones de MLK en el","breadcrumb":{"@id":"https:\/\/kalot.com.mx\/site\/2016\/11\/10\/festival-internacional-las-luces-mexico-2016\/#breadcrumb"},"inLanguage":"es","potentialAction":[{"@type":"ReadAction","target":["https:\/\/kalot.com.mx\/site\/2016\/11\/10\/festival-internacional-las-luces-mexico-2016\/"]}]},{"@type":"ImageObject","inLanguage":"es","@id":"https:\/\/kalot.com.mx\/site\/2016\/11\/10\/festival-internacional-las-luces-mexico-2016\/#primaryimage","url":"https:\/\/i0.wp.com\/kalot.com.mx\/site\/wp-content\/uploads\/2016\/11\/1_Teresa-Mar%E2%80%93Paradiso.jpg?fit=750%2C500&ssl=1","contentUrl":"https:\/\/i0.wp.com\/kalot.com.mx\/site\/wp-content\/uploads\/2016\/11\/1_Teresa-Mar%E2%80%93Paradiso.jpg?fit=750%2C500&ssl=1","width":750,"height":500},{"@type":"BreadcrumbList","@id":"https:\/\/kalot.com.mx\/site\/2016\/11\/10\/festival-internacional-las-luces-mexico-2016\/#breadcrumb","itemListElement":[{"@type":"ListItem","position":1,"name":"Home","item":"https:\/\/kalot.com.mx\/site\/"},{"@type":"ListItem","position":2,"name":"Festival Internacional de las Luces M\u00e9xico 2016"}]},{"@type":"WebSite","@id":"https:\/\/kalot.com.mx\/site\/#website","url":"https:\/\/kalot.com.mx\/site\/","name":"Kalot","description":"Conoce Todo Sobre Todo","publisher":{"@id":"https:\/\/kalot.com.mx\/site\/#organization"},"potentialAction":[{"@type":"SearchAction","target":{"@type":"EntryPoint","urlTemplate":"https:\/\/kalot.com.mx\/site\/?s={search_term_string}"},"query-input":{"@type":"PropertyValueSpecification","valueRequired":true,"valueName":"search_term_string"}}],"inLanguage":"es"},{"@type":"Organization","@id":"https:\/\/kalot.com.mx\/site\/#organization","name":"Kalot","url":"https:\/\/kalot.com.mx\/site\/","logo":{"@type":"ImageObject","inLanguage":"es","@id":"https:\/\/kalot.com.mx\/site\/#\/schema\/logo\/image\/","url":"https:\/\/i0.wp.com\/kalot.com.mx\/site\/wp-content\/uploads\/2020\/04\/Kalot-logo-sin-tagline.png?fit=1707%2C1014&ssl=1","contentUrl":"https:\/\/i0.wp.com\/kalot.com.mx\/site\/wp-content\/uploads\/2020\/04\/Kalot-logo-sin-tagline.png?fit=1707%2C1014&ssl=1","width":1707,"height":1014,"caption":"Kalot"},"image":{"@id":"https:\/\/kalot.com.mx\/site\/#\/schema\/logo\/image\/"},"sameAs":["http:\/\/facebook.com\/mxkalot","https:\/\/x.com\/kalotmx","http:\/\/instagram.com\/kalotmx","http:\/\/pinterest.com\/jorgeerana\/kalot"]},{"@type":"Person","@id":"https:\/\/kalot.com.mx\/site\/#\/schema\/person\/6baf594887d9ab62944fda9244330603","name":"David S\u00e1nchez","image":{"@type":"ImageObject","inLanguage":"es","@id":"https:\/\/secure.gravatar.com\/avatar\/a9993bb96b15c68a3759a39521e2f7d884b80007e4aec92ba75820217fdeff1e?s=96&d=mm&r=g","url":"https:\/\/secure.gravatar.com\/avatar\/a9993bb96b15c68a3759a39521e2f7d884b80007e4aec92ba75820217fdeff1e?s=96&d=mm&r=g","contentUrl":"https:\/\/secure.gravatar.com\/avatar\/a9993bb96b15c68a3759a39521e2f7d884b80007e4aec92ba75820217fdeff1e?s=96&d=mm&r=g","caption":"David S\u00e1nchez"},"description":"Estudiante de Derecho y un amante m\u00e1s de la m\u00fasica. Prefiero experiencias que cosas materiales.","sameAs":["https:\/\/x.com\/@davidpms96"],"url":"https:\/\/kalot.com.mx\/site\/author\/david\/"}]}},"jetpack_publicize_connections":[],"jetpack_featured_media_url":"https:\/\/i0.wp.com\/kalot.com.mx\/site\/wp-content\/uploads\/2016\/11\/1_Teresa-Mar%E2%80%93Paradiso.jpg?fit=750%2C500&ssl=1","jetpack_shortlink":"https:\/\/wp.me\/p6IHEI-6VD","jetpack-related-posts":[{"id":13196,"url":"https:\/\/kalot.com.mx\/site\/2014\/03\/10\/lunes-electronico\/","url_meta":{"origin":26637,"position":0},"title":"Lunes electr\u00f3nico!","author":"David S\u00e1nchez","date":"10 marzo, 2014","format":false,"excerpt":"Se nos acab\u00f3 el fin de semana, cada vez siento que dura menos nuestro descanso de s\u00e1bado y domingo. Pero ya que le queda y como dice mi padre \"A perseguir la chuleta\". El \u00fanico consuelo que nos queda de motivaci\u00f3n para este lunes, es que el s\u00e1bado es el\u2026","rel":"","context":"Entrada similar ","block_context":{"text":"Entrada similar ","link":""},"img":{"alt_text":"","src":"https:\/\/i0.wp.com\/kalot.com.mx\/site\/wp-content\/uploads\/2014\/03\/not_EDC.jpg?fit=600%2C300&ssl=1&resize=350%2C200","width":350,"height":200,"srcset":"https:\/\/i0.wp.com\/kalot.com.mx\/site\/wp-content\/uploads\/2014\/03\/not_EDC.jpg?fit=600%2C300&ssl=1&resize=350%2C200 1x, https:\/\/i0.wp.com\/kalot.com.mx\/site\/wp-content\/uploads\/2014\/03\/not_EDC.jpg?fit=600%2C300&ssl=1&resize=525%2C300 1.5x"},"classes":[]},{"id":6125,"url":"https:\/\/kalot.com.mx\/site\/2013\/11\/09\/hhh-fest\/","url_meta":{"origin":26637,"position":1},"title":"The HHH Fest","author":"Rom\u00e1n Salgado","date":"9 noviembre, 2013","format":false,"excerpt":"La fiesta de los DJ\u00b4s comienza por fin en M\u00e9xico La m\u00fasica electr\u00f3nica ha aumentado sus niveles de tendencia en los \u00faltimos a\u00f1os, no solo en el mundo, sino tambi\u00e9n en M\u00e9xico y es que con tan grandes exponentes visitando cada vez m\u00e1s seguido el pa\u00eds, la calidad de los\u2026","rel":"","context":"Entrada similar ","block_context":{"text":"Entrada similar ","link":""},"img":{"alt_text":"","src":"https:\/\/i0.wp.com\/kalot.com.mx\/site\/wp-content\/uploads\/2013\/11\/hhh.jpg?fit=555%2C416&ssl=1&resize=350%2C200","width":350,"height":200,"srcset":"https:\/\/i0.wp.com\/kalot.com.mx\/site\/wp-content\/uploads\/2013\/11\/hhh.jpg?fit=555%2C416&ssl=1&resize=350%2C200 1x, https:\/\/i0.wp.com\/kalot.com.mx\/site\/wp-content\/uploads\/2013\/11\/hhh.jpg?fit=555%2C416&ssl=1&resize=525%2C300 1.5x"},"classes":[]},{"id":3728,"url":"https:\/\/kalot.com.mx\/site\/2013\/10\/10\/las-luces-de-berlin-berlinlightfestival-hideki_87\/","url_meta":{"origin":26637,"position":2},"title":"Las luces de Berl\u00edn #BerlinLightFestival  @hideki_87","author":"Jorge Era\u00f1a","date":"10 octubre, 2013","format":false,"excerpt":"A\u00f1o con a\u00f1o, los edificios m\u00e1s importantes del centro de nuestra ciudad se ven iluminados con luces artificiales multicolores, con movimiento y acompa\u00f1adas de m\u00fasica barroca para ofrecer un espect\u00e1culo atractivo para los turistas y los propios potosinos. Desde su primera edici\u00f3n en el 2008 ha ido mejorando poco a\u2026","rel":"","context":"Entrada similar ","block_context":{"text":"Entrada similar ","link":""},"img":{"alt_text":"","src":"https:\/\/i0.wp.com\/kalot.com.mx\/site\/wp-content\/uploads\/2013\/10\/00festival-luces1.jpg?fit=730%2C530&ssl=1&resize=350%2C200","width":350,"height":200,"srcset":"https:\/\/i0.wp.com\/kalot.com.mx\/site\/wp-content\/uploads\/2013\/10\/00festival-luces1.jpg?fit=730%2C530&ssl=1&resize=350%2C200 1x, https:\/\/i0.wp.com\/kalot.com.mx\/site\/wp-content\/uploads\/2013\/10\/00festival-luces1.jpg?fit=730%2C530&ssl=1&resize=525%2C300 1.5x, https:\/\/i0.wp.com\/kalot.com.mx\/site\/wp-content\/uploads\/2013\/10\/00festival-luces1.jpg?fit=730%2C530&ssl=1&resize=700%2C400 2x"},"classes":[]},{"id":21365,"url":"https:\/\/kalot.com.mx\/site\/2015\/04\/29\/incubadora-giff-capacitacion-a-la-vision-cinematografica-nacional\/","url_meta":{"origin":26637,"position":3},"title":"Incubadora GIFF, capacitaci\u00f3n a la visi\u00f3n cinematogr\u00e1fica nacional","author":"Alain O\u00f1ate","date":"29 abril, 2015","format":false,"excerpt":"El Guanajuato International Film Festival, GIFF por sus siglas en ingl\u00e9s; dio a conocer la\u00a0 apertura a la convocatoria de la Sexta Edici\u00f3n del programa \u00b4Incubadora\u00b4; la cual estar\u00e1 vigente del 14 de abril y cierre el 20 de junio del presente a\u00f1o. La \u00b4Incubadora\u00b4 del GIFF es una de\u2026","rel":"","context":"Entrada similar ","block_context":{"text":"Entrada similar ","link":""},"img":{"alt_text":"","src":"https:\/\/i0.wp.com\/kalot.com.mx\/site\/wp-content\/uploads\/2015\/04\/giff3.jpg?fit=900%2C900&ssl=1&resize=350%2C200","width":350,"height":200,"srcset":"https:\/\/i0.wp.com\/kalot.com.mx\/site\/wp-content\/uploads\/2015\/04\/giff3.jpg?fit=900%2C900&ssl=1&resize=350%2C200 1x, https:\/\/i0.wp.com\/kalot.com.mx\/site\/wp-content\/uploads\/2015\/04\/giff3.jpg?fit=900%2C900&ssl=1&resize=525%2C300 1.5x, https:\/\/i0.wp.com\/kalot.com.mx\/site\/wp-content\/uploads\/2015\/04\/giff3.jpg?fit=900%2C900&ssl=1&resize=700%2C400 2x"},"classes":[]},{"id":5509,"url":"https:\/\/kalot.com.mx\/site\/2013\/11\/01\/festival-del-chocolate-festivalchoco-tinchodelacruz\/","url_meta":{"origin":26637,"position":4},"title":"Festival del chocolate @FestivalChoco @tinchodelacruz","author":"Samuel Arriaga","date":"1 noviembre, 2013","format":false,"excerpt":"El festival nace con el fin de promover la tradici\u00f3n, la gastronom\u00eda y el turismo considerando como eje tem\u00e1tico la semilla del cacao criollo originario de Tabasco, y el chocolate local, con un enfoque desde diferentes dimensiones: cultural, antropol\u00f3gico, social y econ\u00f3mico. Para ello se llevo acabo la organizaci\u00f3n de\u2026","rel":"","context":"Entrada similar ","block_context":{"text":"Entrada similar ","link":""},"img":{"alt_text":"","src":"https:\/\/i0.wp.com\/kalot.com.mx\/site\/wp-content\/uploads\/2013\/11\/Captura.jpg?fit=645%2C430&ssl=1&resize=350%2C200","width":350,"height":200,"srcset":"https:\/\/i0.wp.com\/kalot.com.mx\/site\/wp-content\/uploads\/2013\/11\/Captura.jpg?fit=645%2C430&ssl=1&resize=350%2C200 1x, https:\/\/i0.wp.com\/kalot.com.mx\/site\/wp-content\/uploads\/2013\/11\/Captura.jpg?fit=645%2C430&ssl=1&resize=525%2C300 1.5x"},"classes":[]},{"id":1969,"url":"https:\/\/kalot.com.mx\/site\/2013\/09\/19\/gran\/","url_meta":{"origin":26637,"position":5},"title":"Gran Premio Hist\u00f3rico en la CD de Mexico. #automoviles","author":"Anastacio S\u00e1nchez","date":"19 septiembre, 2013","format":false,"excerpt":"El GP Hist\u00f3rico\u00a0es el gran evento que re\u00fane a los m\u00e1s hermosos\u00a0autos de colecci\u00f3n y deportivos especiales\u00a0en una emocionante\u00a0competencia\u00a0desarrollada en el hist\u00f3rico circuito del\u00a0Aut\u00f3dromo Hermanos Rodr\u00edguez\u00a0el cual festejara a su vez sus 50 a\u00f1os. No se le permite el acceso a la pista a los autom\u00f3viles que presenten alteraciones, que\u2026","rel":"","context":"Entrada similar ","block_context":{"text":"Entrada similar ","link":""},"img":{"alt_text":"","src":"https:\/\/i0.wp.com\/kalot.com.mx\/site\/wp-content\/uploads\/2013\/09\/logo-GP-HISTORICO-2012-nueva-forma-OK-01.jpg?fit=1200%2C624&ssl=1&resize=350%2C200","width":350,"height":200,"srcset":"https:\/\/i0.wp.com\/kalot.com.mx\/site\/wp-content\/uploads\/2013\/09\/logo-GP-HISTORICO-2012-nueva-forma-OK-01.jpg?fit=1200%2C624&ssl=1&resize=350%2C200 1x, https:\/\/i0.wp.com\/kalot.com.mx\/site\/wp-content\/uploads\/2013\/09\/logo-GP-HISTORICO-2012-nueva-forma-OK-01.jpg?fit=1200%2C624&ssl=1&resize=525%2C300 1.5x, https:\/\/i0.wp.com\/kalot.com.mx\/site\/wp-content\/uploads\/2013\/09\/logo-GP-HISTORICO-2012-nueva-forma-OK-01.jpg?fit=1200%2C624&ssl=1&resize=700%2C400 2x, https:\/\/i0.wp.com\/kalot.com.mx\/site\/wp-content\/uploads\/2013\/09\/logo-GP-HISTORICO-2012-nueva-forma-OK-01.jpg?fit=1200%2C624&ssl=1&resize=1050%2C600 3x"},"classes":[]}],"jetpack_sharing_enabled":true,"_links":{"self":[{"href":"https:\/\/kalot.com.mx\/site\/wp-json\/wp\/v2\/posts\/26637","targetHints":{"allow":["GET"]}}],"collection":[{"href":"https:\/\/kalot.com.mx\/site\/wp-json\/wp\/v2\/posts"}],"about":[{"href":"https:\/\/kalot.com.mx\/site\/wp-json\/wp\/v2\/types\/post"}],"author":[{"embeddable":true,"href":"https:\/\/kalot.com.mx\/site\/wp-json\/wp\/v2\/users\/80"}],"replies":[{"embeddable":true,"href":"https:\/\/kalot.com.mx\/site\/wp-json\/wp\/v2\/comments?post=26637"}],"version-history":[{"count":2,"href":"https:\/\/kalot.com.mx\/site\/wp-json\/wp\/v2\/posts\/26637\/revisions"}],"predecessor-version":[{"id":28076,"href":"https:\/\/kalot.com.mx\/site\/wp-json\/wp\/v2\/posts\/26637\/revisions\/28076"}],"wp:featuredmedia":[{"embeddable":true,"href":"https:\/\/kalot.com.mx\/site\/wp-json\/wp\/v2\/media\/26639"}],"wp:attachment":[{"href":"https:\/\/kalot.com.mx\/site\/wp-json\/wp\/v2\/media?parent=26637"}],"wp:term":[{"taxonomy":"category","embeddable":true,"href":"https:\/\/kalot.com.mx\/site\/wp-json\/wp\/v2\/categories?post=26637"},{"taxonomy":"post_tag","embeddable":true,"href":"https:\/\/kalot.com.mx\/site\/wp-json\/wp\/v2\/tags?post=26637"}],"curies":[{"name":"wp","href":"https:\/\/api.w.org\/{rel}","templated":true}]}}