{"id":26621,"date":"2016-11-01T21:16:08","date_gmt":"2016-11-02T03:16:08","guid":{"rendered":"http:\/\/kalot.com.mx\/site\/?p=26621"},"modified":"2017-12-20T15:56:27","modified_gmt":"2017-12-20T21:56:27","slug":"may-quieres-mi-amigo","status":"publish","type":"post","link":"https:\/\/kalot.com.mx\/site\/2016\/11\/01\/may-quieres-mi-amigo\/","title":{"rendered":"May, \u00bfQuieres ser mi amigo?"},"content":{"rendered":"<p><img data-recalc-dims=\"1\" fetchpriority=\"high\" decoding=\"async\" data-attachment-id=\"26625\" data-permalink=\"https:\/\/kalot.com.mx\/site\/2016\/11\/01\/may-quieres-mi-amigo\/484823-may2y\/\" data-orig-file=\"https:\/\/i0.wp.com\/kalot.com.mx\/site\/wp-content\/uploads\/2016\/11\/484823-may2y.jpg?fit=608%2C320&ssl=1\" data-orig-size=\"608,320\" data-comments-opened=\"1\" data-image-meta=\"{&quot;aperture&quot;:&quot;0&quot;,&quot;credit&quot;:&quot;&quot;,&quot;camera&quot;:&quot;&quot;,&quot;caption&quot;:&quot;&quot;,&quot;created_timestamp&quot;:&quot;0&quot;,&quot;copyright&quot;:&quot;&quot;,&quot;focal_length&quot;:&quot;0&quot;,&quot;iso&quot;:&quot;0&quot;,&quot;shutter_speed&quot;:&quot;0&quot;,&quot;title&quot;:&quot;&quot;,&quot;orientation&quot;:&quot;0&quot;}\" data-image-title=\"484823-may2y\" data-image-description=\"\" data-image-caption=\"\" data-large-file=\"https:\/\/i0.wp.com\/kalot.com.mx\/site\/wp-content\/uploads\/2016\/11\/484823-may2y.jpg?fit=608%2C320&ssl=1\" class=\"wp-image-26625 aligncenter\" src=\"https:\/\/i0.wp.com\/kalot.com.mx\/site\/wp-content\/uploads\/2016\/11\/484823-may2y-300x158.jpg?resize=441%2C232\" alt=\"484823-may2y\" width=\"441\" height=\"232\" srcset=\"https:\/\/i0.wp.com\/kalot.com.mx\/site\/wp-content\/uploads\/2016\/11\/484823-may2y.jpg?resize=300%2C158&ssl=1 300w, https:\/\/i0.wp.com\/kalot.com.mx\/site\/wp-content\/uploads\/2016\/11\/484823-may2y.jpg?w=608&ssl=1 608w\" sizes=\"(max-width: 441px) 100vw, 441px\" \/><\/p>\n<p style=\"text-align: justify\">\u00bfTe has sentido solo(a)?, \u00bfNecesitas un amigo?, \u00bfLos dem\u00e1s te dicen que eres raro o rara?, \u00bfTe sientes rechazado(a) por otras personas?, si tu respuesta a estas preguntas es un rotundo s\u00ed, May te ense\u00f1ara que si no tienes un amigo puedes hacerte uno.<\/p>\n<p><img data-recalc-dims=\"1\" decoding=\"async\" data-attachment-id=\"26626\" data-permalink=\"https:\/\/kalot.com.mx\/site\/2016\/11\/01\/may-quieres-mi-amigo\/may-2\/\" data-orig-file=\"https:\/\/i0.wp.com\/kalot.com.mx\/site\/wp-content\/uploads\/2016\/11\/may.png?fit=853%2C480&ssl=1\" data-orig-size=\"853,480\" data-comments-opened=\"1\" data-image-meta=\"{&quot;aperture&quot;:&quot;0&quot;,&quot;credit&quot;:&quot;&quot;,&quot;camera&quot;:&quot;&quot;,&quot;caption&quot;:&quot;&quot;,&quot;created_timestamp&quot;:&quot;0&quot;,&quot;copyright&quot;:&quot;&quot;,&quot;focal_length&quot;:&quot;0&quot;,&quot;iso&quot;:&quot;0&quot;,&quot;shutter_speed&quot;:&quot;0&quot;,&quot;title&quot;:&quot;&quot;,&quot;orientation&quot;:&quot;0&quot;}\" data-image-title=\"may\" data-image-description=\"\" data-image-caption=\"\" data-large-file=\"https:\/\/i0.wp.com\/kalot.com.mx\/site\/wp-content\/uploads\/2016\/11\/may.png?fit=853%2C480&ssl=1\" class=\"wp-image-26626 aligncenter\" src=\"https:\/\/i0.wp.com\/kalot.com.mx\/site\/wp-content\/uploads\/2016\/11\/may-300x169.png?resize=440%2C248\" alt=\"may\" width=\"440\" height=\"248\" srcset=\"https:\/\/i0.wp.com\/kalot.com.mx\/site\/wp-content\/uploads\/2016\/11\/may.png?resize=300%2C169&ssl=1 300w, https:\/\/i0.wp.com\/kalot.com.mx\/site\/wp-content\/uploads\/2016\/11\/may.png?resize=768%2C432&ssl=1 768w, https:\/\/i0.wp.com\/kalot.com.mx\/site\/wp-content\/uploads\/2016\/11\/may.png?resize=810%2C456&ssl=1 810w, https:\/\/i0.wp.com\/kalot.com.mx\/site\/wp-content\/uploads\/2016\/11\/may.png?w=853&ssl=1 853w\" sizes=\"(max-width: 440px) 100vw, 440px\" \/><\/p>\n<p style=\"text-align: justify\">Desde ni\u00f1a May ha sufrido problemas sociales al presentar un problema en su ojo izquierdo, crece sin tener amigos, por lo que su madre le obsequia de cumplea\u00f1os una mu\u00f1eca llamada Suzie, siendo esta su \u00fanica amiga; con el paso de los a\u00f1os May crece y se convierte en asistente de una cl\u00ednica veterinaria donde conoce a Polly, la secretaria, con la cual tiene una relaci\u00f3n lesbica tras su ruptura amorosa con Adam, su gran amor.<\/p>\n<p>Algunos comportamientos de May hac\u00edan que los dem\u00e1s la llamaran \u2018rara\u2019, pero crecer con solo la compa\u00f1\u00eda de una mu\u00f1eca le desarrollo problemas psicol\u00f3gicos al grado de que escuchaba como Suzie le hablaba y la celaba por querer tener amigos reales.<\/p>\n<p style=\"text-align: justify\">La locura se apodera de May cuando un chico llamado Blank, tras descubrir el cad\u00e1ver de un gato en su refrigerador, le dice que no quiere ser amigo de alguien tan rara. Sin pensarlo May se disfraza de Suzie y sale en busca de las piezas perfectas (partes de cuerpos humanos) que le servir\u00e1n para armar a su nuevo amigo.<\/p>\n<p style=\"text-align: justify\"><img data-recalc-dims=\"1\" decoding=\"async\" data-attachment-id=\"26624\" data-permalink=\"https:\/\/kalot.com.mx\/site\/2016\/11\/01\/may-quieres-mi-amigo\/6-0\/\" data-orig-file=\"https:\/\/i0.wp.com\/kalot.com.mx\/site\/wp-content\/uploads\/2016\/11\/6.0.jpg?fit=592%2C320&ssl=1\" data-orig-size=\"592,320\" data-comments-opened=\"1\" data-image-meta=\"{&quot;aperture&quot;:&quot;0&quot;,&quot;credit&quot;:&quot;?&quot;,&quot;camera&quot;:&quot;&quot;,&quot;caption&quot;:&quot;&quot;,&quot;created_timestamp&quot;:&quot;0&quot;,&quot;copyright&quot;:&quot;&quot;,&quot;focal_length&quot;:&quot;0&quot;,&quot;iso&quot;:&quot;0&quot;,&quot;shutter_speed&quot;:&quot;0&quot;,&quot;title&quot;:&quot;&quot;,&quot;orientation&quot;:&quot;0&quot;}\" data-image-title=\"6-0\" data-image-description=\"\" data-image-caption=\"\" data-large-file=\"https:\/\/i0.wp.com\/kalot.com.mx\/site\/wp-content\/uploads\/2016\/11\/6.0.jpg?fit=592%2C320&ssl=1\" class=\"wp-image-26624 aligncenter\" src=\"https:\/\/i0.wp.com\/kalot.com.mx\/site\/wp-content\/uploads\/2016\/11\/6.0-300x162.jpg?resize=446%2C241\" alt=\"6-0\" width=\"446\" height=\"241\" srcset=\"https:\/\/i0.wp.com\/kalot.com.mx\/site\/wp-content\/uploads\/2016\/11\/6.0.jpg?resize=300%2C162&ssl=1 300w, https:\/\/i0.wp.com\/kalot.com.mx\/site\/wp-content\/uploads\/2016\/11\/6.0.jpg?w=592&ssl=1 592w\" sizes=\"(max-width: 446px) 100vw, 446px\" \/><\/p>\n<p style=\"text-align: justify\">Esta pel\u00edcula de terror es una mezcla de thriller psicol\u00f3gico, drama, gore y suspenso; la protagonista de May logra trasmitir al espectador su angustia, soledad y psicosis por querer sentir una verdadera amistad, ella en conjunto con los dem\u00e1s protagonistas desarrollan una trama que permite conocer a cada uno de ellos y que poco a poco te envuelve.<\/p>\n<p style=\"text-align: justify\">As\u00ed que si no tienes amigos puedes aprovechar estas fechas para disfrazarte y salir a buscar las piezas que compondr\u00e1n a tu amigo perfecto.<\/p>\n<p style=\"text-align: justify\">S\u00edgueme en twitter: @SNiaEJ<\/p>\n<p style=\"text-align: justify\">S\u00edgueme en instagram: saraniaenriquez<\/p>\n","protected":false},"excerpt":{"rendered":"\u00bfTe has sentido solo(a)?, \u00bfNecesitas un amigo?, \u00bfLos dem\u00e1s te dicen que eres raro o rara?, \u00bfTe sientes&hellip;\n","protected":false},"author":161,"featured_media":26627,"comment_status":"open","ping_status":"open","sticky":false,"template":"","format":"standard","meta":{"jetpack_post_was_ever_published":false,"_jetpack_newsletter_access":"","_jetpack_dont_email_post_to_subs":false,"_jetpack_newsletter_tier_id":0,"_jetpack_memberships_contains_paywalled_content":false,"_jetpack_memberships_contains_paid_content":false,"footnotes":"","jetpack_publicize_message":"","jetpack_publicize_feature_enabled":true,"jetpack_social_post_already_shared":true,"jetpack_social_options":{"image_generator_settings":{"template":"highway","default_image_id":0,"font":"","enabled":false},"version":2}},"categories":[9,13,7,12],"tags":[1095,1097,1108,1096,1106,1109,1100,1094,1093,1105,1107,1103,1098,1104,1099,1101,1069,1102],"class_list":{"0":"post-26621","1":"post","2":"type-post","3":"status-publish","4":"format-standard","5":"has-post-thumbnail","7":"category-cine","8":"category-cultura","9":"category-novedades","10":"category-reflexion","11":"tag-quieressermiamigo","12":"tag-amistad","13":"tag-cadaver","14":"tag-criticamayquieressermiamigo","15":"tag-disfraz","16":"tag-gato","17":"tag-gore","18":"tag-may","19":"tag-mayquieressermiamigo","20":"tag-muneca","21":"tag-ojo","22":"tag-parteshumanas","23":"tag-peliculas","24":"tag-perfecto","25":"tag-problemaspsicologicos","26":"tag-soledad","27":"tag-terror","28":"tag-thriller","29":"cs-entry","30":"cs-video-wrap"},"yoast_head":"<!-- This site is optimized with the Yoast SEO plugin v27.5 - https:\/\/yoast.com\/product\/yoast-seo-wordpress\/ -->\n<title>May, \u00bfQuieres ser mi amigo? - Kalot<\/title>\n<meta name=\"description\" content=\"\u00bfTe has sentido solo(a)?, \u00bfNecesitas un amigo?, \u00bfLos dem\u00e1s te dicen que eres raro o rara?, \u00bfTe sientes rechazado(a) por otras personas?, si tu respuesta a\" \/>\n<meta name=\"robots\" content=\"index, follow, max-snippet:-1, max-image-preview:large, max-video-preview:-1\" \/>\n<link rel=\"canonical\" href=\"https:\/\/kalot.com.mx\/site\/2016\/11\/01\/may-quieres-mi-amigo\/\" \/>\n<meta property=\"og:locale\" content=\"es_MX\" \/>\n<meta property=\"og:type\" content=\"article\" \/>\n<meta property=\"og:title\" content=\"May, \u00bfQuieres ser mi amigo? - Kalot\" \/>\n<meta property=\"og:description\" content=\"\u00bfTe has sentido solo(a)?, \u00bfNecesitas un amigo?, \u00bfLos dem\u00e1s te dicen que eres raro o rara?, \u00bfTe sientes rechazado(a) por otras personas?, si tu respuesta a\" \/>\n<meta property=\"og:url\" content=\"https:\/\/kalot.com.mx\/site\/2016\/11\/01\/may-quieres-mi-amigo\/\" \/>\n<meta property=\"og:site_name\" content=\"Kalot\" \/>\n<meta property=\"article:publisher\" content=\"http:\/\/facebook.com\/mxkalot\" \/>\n<meta property=\"article:published_time\" content=\"2016-11-02T03:16:08+00:00\" \/>\n<meta property=\"article:modified_time\" content=\"2017-12-20T21:56:27+00:00\" \/>\n<meta property=\"og:image\" content=\"https:\/\/i2.wp.com\/kalot.com.mx\/site\/wp-content\/uploads\/2016\/11\/may-987667133-large.jpg?fit=360%2C534&ssl=1\" \/>\n\t<meta property=\"og:image:width\" content=\"360\" \/>\n\t<meta property=\"og:image:height\" content=\"534\" \/>\n\t<meta property=\"og:image:type\" content=\"image\/jpeg\" \/>\n<meta name=\"author\" content=\"Sara Enriquez\" \/>\n<meta name=\"twitter:card\" content=\"summary_large_image\" \/>\n<meta name=\"twitter:creator\" content=\"@SNiaEJ\" \/>\n<meta name=\"twitter:site\" content=\"@kalotmx\" \/>\n<meta name=\"twitter:label1\" content=\"Escrito por\" \/>\n\t<meta name=\"twitter:data1\" content=\"Sara Enriquez\" \/>\n\t<meta name=\"twitter:label2\" content=\"Tiempo de lectura\" \/>\n\t<meta name=\"twitter:data2\" content=\"2 minutos\" \/>\n<!-- \/ Yoast SEO plugin. -->","yoast_head_json":{"title":"May, \u00bfQuieres ser mi amigo? - Kalot","description":"\u00bfTe has sentido solo(a)?, \u00bfNecesitas un amigo?, \u00bfLos dem\u00e1s te dicen que eres raro o rara?, \u00bfTe sientes rechazado(a) por otras personas?, si tu respuesta a","robots":{"index":"index","follow":"follow","max-snippet":"max-snippet:-1","max-image-preview":"max-image-preview:large","max-video-preview":"max-video-preview:-1"},"canonical":"https:\/\/kalot.com.mx\/site\/2016\/11\/01\/may-quieres-mi-amigo\/","og_locale":"es_MX","og_type":"article","og_title":"May, \u00bfQuieres ser mi amigo? - Kalot","og_description":"\u00bfTe has sentido solo(a)?, \u00bfNecesitas un amigo?, \u00bfLos dem\u00e1s te dicen que eres raro o rara?, \u00bfTe sientes rechazado(a) por otras personas?, si tu respuesta a","og_url":"https:\/\/kalot.com.mx\/site\/2016\/11\/01\/may-quieres-mi-amigo\/","og_site_name":"Kalot","article_publisher":"http:\/\/facebook.com\/mxkalot","article_published_time":"2016-11-02T03:16:08+00:00","article_modified_time":"2017-12-20T21:56:27+00:00","og_image":[{"width":360,"height":534,"url":"https:\/\/i2.wp.com\/kalot.com.mx\/site\/wp-content\/uploads\/2016\/11\/may-987667133-large.jpg?fit=360%2C534&ssl=1","type":"image\/jpeg"}],"author":"Sara Enriquez","twitter_card":"summary_large_image","twitter_creator":"@SNiaEJ","twitter_site":"@kalotmx","twitter_misc":{"Escrito por":"Sara Enriquez","Tiempo de lectura":"2 minutos"},"schema":{"@context":"https:\/\/schema.org","@graph":[{"@type":"Article","@id":"https:\/\/kalot.com.mx\/site\/2016\/11\/01\/may-quieres-mi-amigo\/#article","isPartOf":{"@id":"https:\/\/kalot.com.mx\/site\/2016\/11\/01\/may-quieres-mi-amigo\/"},"author":{"name":"Sara Enriquez","@id":"https:\/\/kalot.com.mx\/site\/#\/schema\/person\/401f12dc78c2f01e128261b0229e8c1a"},"headline":"May, \u00bfQuieres ser mi amigo?","datePublished":"2016-11-02T03:16:08+00:00","dateModified":"2017-12-20T21:56:27+00:00","mainEntityOfPage":{"@id":"https:\/\/kalot.com.mx\/site\/2016\/11\/01\/may-quieres-mi-amigo\/"},"wordCount":339,"commentCount":0,"publisher":{"@id":"https:\/\/kalot.com.mx\/site\/#organization"},"image":{"@id":"https:\/\/kalot.com.mx\/site\/2016\/11\/01\/may-quieres-mi-amigo\/#primaryimage"},"thumbnailUrl":"https:\/\/i0.wp.com\/kalot.com.mx\/site\/wp-content\/uploads\/2016\/11\/may-987667133-large.jpg?fit=360%2C534&ssl=1","keywords":["\u00bfQuieressermiamigo?","amistad","cadaver","CriticaMay\u00bfQuieressermiamigo?","disfraz","gato","gore","May","May\u00bfQuieressermiamigo?","mu\u00f1eca","ojo","parteshumanas","peliculas","perfecto","problemaspsicologicos","soledad","terror","thriller"],"articleSection":["Cine","Cultura","Novedades","Reflexi\u00f3n"],"inLanguage":"es","potentialAction":[{"@type":"CommentAction","name":"Comment","target":["https:\/\/kalot.com.mx\/site\/2016\/11\/01\/may-quieres-mi-amigo\/#respond"]}]},{"@type":"WebPage","@id":"https:\/\/kalot.com.mx\/site\/2016\/11\/01\/may-quieres-mi-amigo\/","url":"https:\/\/kalot.com.mx\/site\/2016\/11\/01\/may-quieres-mi-amigo\/","name":"May, \u00bfQuieres ser mi amigo? - Kalot","isPartOf":{"@id":"https:\/\/kalot.com.mx\/site\/#website"},"primaryImageOfPage":{"@id":"https:\/\/kalot.com.mx\/site\/2016\/11\/01\/may-quieres-mi-amigo\/#primaryimage"},"image":{"@id":"https:\/\/kalot.com.mx\/site\/2016\/11\/01\/may-quieres-mi-amigo\/#primaryimage"},"thumbnailUrl":"https:\/\/i0.wp.com\/kalot.com.mx\/site\/wp-content\/uploads\/2016\/11\/may-987667133-large.jpg?fit=360%2C534&ssl=1","datePublished":"2016-11-02T03:16:08+00:00","dateModified":"2017-12-20T21:56:27+00:00","description":"\u00bfTe has sentido solo(a)?, \u00bfNecesitas un amigo?, \u00bfLos dem\u00e1s te dicen que eres raro o rara?, \u00bfTe sientes rechazado(a) por otras personas?, si tu respuesta a","breadcrumb":{"@id":"https:\/\/kalot.com.mx\/site\/2016\/11\/01\/may-quieres-mi-amigo\/#breadcrumb"},"inLanguage":"es","potentialAction":[{"@type":"ReadAction","target":["https:\/\/kalot.com.mx\/site\/2016\/11\/01\/may-quieres-mi-amigo\/"]}]},{"@type":"ImageObject","inLanguage":"es","@id":"https:\/\/kalot.com.mx\/site\/2016\/11\/01\/may-quieres-mi-amigo\/#primaryimage","url":"https:\/\/i0.wp.com\/kalot.com.mx\/site\/wp-content\/uploads\/2016\/11\/may-987667133-large.jpg?fit=360%2C534&ssl=1","contentUrl":"https:\/\/i0.wp.com\/kalot.com.mx\/site\/wp-content\/uploads\/2016\/11\/may-987667133-large.jpg?fit=360%2C534&ssl=1","width":360,"height":534},{"@type":"BreadcrumbList","@id":"https:\/\/kalot.com.mx\/site\/2016\/11\/01\/may-quieres-mi-amigo\/#breadcrumb","itemListElement":[{"@type":"ListItem","position":1,"name":"Home","item":"https:\/\/kalot.com.mx\/site\/"},{"@type":"ListItem","position":2,"name":"May, \u00bfQuieres ser mi amigo?"}]},{"@type":"WebSite","@id":"https:\/\/kalot.com.mx\/site\/#website","url":"https:\/\/kalot.com.mx\/site\/","name":"Kalot","description":"Conoce Todo Sobre Todo","publisher":{"@id":"https:\/\/kalot.com.mx\/site\/#organization"},"potentialAction":[{"@type":"SearchAction","target":{"@type":"EntryPoint","urlTemplate":"https:\/\/kalot.com.mx\/site\/?s={search_term_string}"},"query-input":{"@type":"PropertyValueSpecification","valueRequired":true,"valueName":"search_term_string"}}],"inLanguage":"es"},{"@type":"Organization","@id":"https:\/\/kalot.com.mx\/site\/#organization","name":"Kalot","url":"https:\/\/kalot.com.mx\/site\/","logo":{"@type":"ImageObject","inLanguage":"es","@id":"https:\/\/kalot.com.mx\/site\/#\/schema\/logo\/image\/","url":"https:\/\/i0.wp.com\/kalot.com.mx\/site\/wp-content\/uploads\/2020\/04\/Kalot-logo-sin-tagline.png?fit=1707%2C1014&ssl=1","contentUrl":"https:\/\/i0.wp.com\/kalot.com.mx\/site\/wp-content\/uploads\/2020\/04\/Kalot-logo-sin-tagline.png?fit=1707%2C1014&ssl=1","width":1707,"height":1014,"caption":"Kalot"},"image":{"@id":"https:\/\/kalot.com.mx\/site\/#\/schema\/logo\/image\/"},"sameAs":["http:\/\/facebook.com\/mxkalot","https:\/\/x.com\/kalotmx","http:\/\/instagram.com\/kalotmx","http:\/\/pinterest.com\/jorgeerana\/kalot"]},{"@type":"Person","@id":"https:\/\/kalot.com.mx\/site\/#\/schema\/person\/401f12dc78c2f01e128261b0229e8c1a","name":"Sara Enriquez","image":{"@type":"ImageObject","inLanguage":"es","@id":"https:\/\/secure.gravatar.com\/avatar\/2ea088a9c3eded93fb4533403e3edd4de723d222097b1481a3e63476dc84e52b?s=96&d=mm&r=g","url":"https:\/\/secure.gravatar.com\/avatar\/2ea088a9c3eded93fb4533403e3edd4de723d222097b1481a3e63476dc84e52b?s=96&d=mm&r=g","contentUrl":"https:\/\/secure.gravatar.com\/avatar\/2ea088a9c3eded93fb4533403e3edd4de723d222097b1481a3e63476dc84e52b?s=96&d=mm&r=g","caption":"Sara Enriquez"},"description":"Comunic\u00f3loga. Terror, gatos, m\u00fasica, pel\u00edculas, pa\u00edses.","sameAs":["saraniaenriquez","https:\/\/x.com\/@SNiaEJ"],"url":"https:\/\/kalot.com.mx\/site\/author\/sara\/"}]}},"jetpack_publicize_connections":[],"jetpack_featured_media_url":"https:\/\/i0.wp.com\/kalot.com.mx\/site\/wp-content\/uploads\/2016\/11\/may-987667133-large.jpg?fit=360%2C534&ssl=1","jetpack_shortlink":"https:\/\/wp.me\/p6IHEI-6Vn","jetpack-related-posts":[{"id":3531,"url":"https:\/\/kalot.com.mx\/site\/2013\/10\/09\/que-sea-comprensivo-que-sea-guapa-tu\/","url_meta":{"origin":26621,"position":0},"title":"QUE SEA COMPRENSIVO, QUE SEA GUAPA&#8230;#TU","author":"Leticia SanMiguel","date":"9 octubre, 2013","format":false,"excerpt":"Que tenga buen trasero, que mida 1.60 m\u00ednimo, que sea cat\u00f3lica, que se lleve bien con mi mam\u00e1, que le caiga bien a mis amigos, que agarre el pedo, que este delgada, que comprenda mis borracheras... En fin esto solo me fue el inicio de la lista interminable . Lista\u2026","rel":"","context":"Entrada similar ","block_context":{"text":"Entrada similar ","link":""},"img":{"alt_text":"","src":"https:\/\/i0.wp.com\/kalot.com.mx\/site\/wp-content\/uploads\/2013\/10\/1D03F3B97D93B96732542E7B2984.jpg?fit=598%2C358&ssl=1&resize=350%2C200","width":350,"height":200,"srcset":"https:\/\/i0.wp.com\/kalot.com.mx\/site\/wp-content\/uploads\/2013\/10\/1D03F3B97D93B96732542E7B2984.jpg?fit=598%2C358&ssl=1&resize=350%2C200 1x, https:\/\/i0.wp.com\/kalot.com.mx\/site\/wp-content\/uploads\/2013\/10\/1D03F3B97D93B96732542E7B2984.jpg?fit=598%2C358&ssl=1&resize=525%2C300 1.5x"},"classes":[]},{"id":22032,"url":"https:\/\/kalot.com.mx\/site\/2015\/06\/29\/10-apps-que-debes-tener-en-el-apple-watch\/","url_meta":{"origin":26621,"position":1},"title":"10 apps que debes tener en el Apple Watch","author":"Monica Prieto","date":"29 junio, 2015","format":false,"excerpt":"Sin duda, el tan codiciado reloj de la marca de la manzana es uno de los temas del momento, y si t\u00fa eres uno de los afortunados poseedores de un Apple Watch o piensas adquirirlo, aseg\u00farate de tener las aplicaciones m\u00e1s \u00fatiles para sacar el mayor provecho de este gadget.\u2026","rel":"","context":"En &quot;Tecnolog\u00eda&quot;","block_context":{"text":"Tecnolog\u00eda","link":"https:\/\/kalot.com.mx\/site\/category\/tecnologia\/"},"img":{"alt_text":"","src":"https:\/\/i0.wp.com\/kalot.com.mx\/site\/wp-content\/uploads\/2015\/06\/yeahP9090002.jpg?fit=960%2C640&ssl=1&resize=350%2C200","width":350,"height":200,"srcset":"https:\/\/i0.wp.com\/kalot.com.mx\/site\/wp-content\/uploads\/2015\/06\/yeahP9090002.jpg?fit=960%2C640&ssl=1&resize=350%2C200 1x, https:\/\/i0.wp.com\/kalot.com.mx\/site\/wp-content\/uploads\/2015\/06\/yeahP9090002.jpg?fit=960%2C640&ssl=1&resize=525%2C300 1.5x, https:\/\/i0.wp.com\/kalot.com.mx\/site\/wp-content\/uploads\/2015\/06\/yeahP9090002.jpg?fit=960%2C640&ssl=1&resize=700%2C400 2x"},"classes":[]},{"id":4682,"url":"https:\/\/kalot.com.mx\/site\/2013\/10\/23\/28-dias-dando-las-gracias-tu\/","url_meta":{"origin":26621,"position":2},"title":"28 DIAS DANDO LAS GRACIAS #TU","author":"Leticia SanMiguel","date":"23 octubre, 2013","format":false,"excerpt":"Si fuera m\u00e1s alta, rica, blanca, delgada, si tuviera el ojo azul, un bmw, una mansi\u00f3n, m\u00e1s ropa, m\u00e1s, m\u00e1s m\u00e1s, m\u00e1s... Y es que la vida se te puede ir as\u00ed, ESPERANDO EL MOMENTO PERFECTO PARA SER FELIZ, y eso es lo peor que podemos hacer, porque debemos de\u2026","rel":"","context":"Entrada similar ","block_context":{"text":"Entrada similar ","link":""},"img":{"alt_text":"","src":"https:\/\/i0.wp.com\/kalot.com.mx\/site\/wp-content\/uploads\/2013\/10\/2344.jpg?fit=682%2C486&ssl=1&resize=350%2C200","width":350,"height":200,"srcset":"https:\/\/i0.wp.com\/kalot.com.mx\/site\/wp-content\/uploads\/2013\/10\/2344.jpg?fit=682%2C486&ssl=1&resize=350%2C200 1x, https:\/\/i0.wp.com\/kalot.com.mx\/site\/wp-content\/uploads\/2013\/10\/2344.jpg?fit=682%2C486&ssl=1&resize=525%2C300 1.5x"},"classes":[]},{"id":18827,"url":"https:\/\/kalot.com.mx\/site\/2014\/10\/21\/carta-a-un-amigo-lejano\/","url_meta":{"origin":26621,"position":3},"title":"Carta a un amigo lejano","author":"David S\u00e1nchez","date":"21 octubre, 2014","format":false,"excerpt":"Hola Carlos Adrian! Wow! Ha pasado m\u00e1s de 1 a\u00f1o o m\u00e1s sin verte. Creo que la \u00faltima vez que te vi fue en Parque Lindavista, ya lleva un buen rato. Se que no est\u00e1s pasando buenos momentos, y lamento mucho todo este tiempo que llevamos sin hablar, aunque no\u2026","rel":"","context":"Con 1 comentario","block_context":{"text":"Con 1 comentario","link":"https:\/\/kalot.com.mx\/site\/2014\/10\/21\/carta-a-un-amigo-lejano\/#comments"},"img":{"alt_text":"","src":"https:\/\/i0.wp.com\/kalot.com.mx\/site\/wp-content\/uploads\/2014\/10\/Foto.jpg?fit=414%2C301&ssl=1&resize=350%2C200","width":350,"height":200},"classes":[]},{"id":1254,"url":"https:\/\/kalot.com.mx\/site\/2013\/09\/10\/stigmas-si-asi-sin-la-e\/","url_meta":{"origin":26621,"position":4},"title":"Stigmas (si, as\u00ed sin la E)","author":"K. Max","date":"10 septiembre, 2013","format":false,"excerpt":"Dentro de las tantas cosas que se \u201cproh\u00edben\u201d, en la sociedad (mexicana, por lo menos), es el hecho de tatuarse, de marcarse de por vida, y tener algo que siempre nos recuerde ese momento, ese alguien, esa etapa de nuestra vida que para bien o para mal, nos hizo las\u2026","rel":"","context":"Con 1 comentario","block_context":{"text":"Con 1 comentario","link":"https:\/\/kalot.com.mx\/site\/2013\/09\/10\/stigmas-si-asi-sin-la-e\/#comments"},"img":{"alt_text":"","src":"https:\/\/i0.wp.com\/kalot.com.mx\/site\/wp-content\/uploads\/2013\/09\/tatuajes-660x350.jpg?fit=660%2C350&ssl=1&resize=350%2C200","width":350,"height":200,"srcset":"https:\/\/i0.wp.com\/kalot.com.mx\/site\/wp-content\/uploads\/2013\/09\/tatuajes-660x350.jpg?fit=660%2C350&ssl=1&resize=350%2C200 1x, https:\/\/i0.wp.com\/kalot.com.mx\/site\/wp-content\/uploads\/2013\/09\/tatuajes-660x350.jpg?fit=660%2C350&ssl=1&resize=525%2C300 1.5x"},"classes":[]},{"id":3397,"url":"https:\/\/kalot.com.mx\/site\/2013\/10\/08\/mi-casa-pues-el-mundo-el-mundo-entero-te-odio-henry-miller\/","url_meta":{"origin":26621,"position":5},"title":"&#8220;\u00bfMI casa? Pues, el mundo\u2026. El mundo entero&#8221;. Te odio Henry Miller","author":"Dulce Mireles","date":"8 octubre, 2013","format":false,"excerpt":"Henry Miller bien podr\u00eda ser amigo de cualquiera, es uno de esos compas que te dicen la verdad cruda y de una manera c\u00ednica, es aquel amigo que preferir\u00edas no escuchar pero no puedes evitar hacerlo, es aquel amigo inc\u00f3modo que puedes odiar pero lo adoras en el fondo \u00a0por\u2026","rel":"","context":"Entrada similar ","block_context":{"text":"Entrada similar ","link":""},"img":{"alt_text":"","src":"https:\/\/i0.wp.com\/kalot.com.mx\/site\/wp-content\/uploads\/2013\/10\/miller2.jpg?fit=500%2C500&ssl=1&resize=350%2C200","width":350,"height":200},"classes":[]}],"jetpack_sharing_enabled":true,"_links":{"self":[{"href":"https:\/\/kalot.com.mx\/site\/wp-json\/wp\/v2\/posts\/26621","targetHints":{"allow":["GET"]}}],"collection":[{"href":"https:\/\/kalot.com.mx\/site\/wp-json\/wp\/v2\/posts"}],"about":[{"href":"https:\/\/kalot.com.mx\/site\/wp-json\/wp\/v2\/types\/post"}],"author":[{"embeddable":true,"href":"https:\/\/kalot.com.mx\/site\/wp-json\/wp\/v2\/users\/161"}],"replies":[{"embeddable":true,"href":"https:\/\/kalot.com.mx\/site\/wp-json\/wp\/v2\/comments?post=26621"}],"version-history":[{"count":2,"href":"https:\/\/kalot.com.mx\/site\/wp-json\/wp\/v2\/posts\/26621\/revisions"}],"predecessor-version":[{"id":26629,"href":"https:\/\/kalot.com.mx\/site\/wp-json\/wp\/v2\/posts\/26621\/revisions\/26629"}],"wp:featuredmedia":[{"embeddable":true,"href":"https:\/\/kalot.com.mx\/site\/wp-json\/wp\/v2\/media\/26627"}],"wp:attachment":[{"href":"https:\/\/kalot.com.mx\/site\/wp-json\/wp\/v2\/media?parent=26621"}],"wp:term":[{"taxonomy":"category","embeddable":true,"href":"https:\/\/kalot.com.mx\/site\/wp-json\/wp\/v2\/categories?post=26621"},{"taxonomy":"post_tag","embeddable":true,"href":"https:\/\/kalot.com.mx\/site\/wp-json\/wp\/v2\/tags?post=26621"}],"curies":[{"name":"wp","href":"https:\/\/api.w.org\/{rel}","templated":true}]}}