{"id":26251,"date":"2016-10-08T11:34:05","date_gmt":"2016-10-08T17:34:05","guid":{"rendered":"http:\/\/kalot.com.mx\/site\/?p=26251"},"modified":"2017-12-20T15:56:22","modified_gmt":"2017-12-20T21:56:22","slug":"nuevo-poster-aro-3","status":"publish","type":"post","link":"https:\/\/kalot.com.mx\/site\/2016\/10\/08\/nuevo-poster-aro-3\/","title":{"rendered":"Nuevo p\u00f3ster de &#8220;El Aro 3&#8221;"},"content":{"rendered":"<p style=\"text-align: justify\">Un nuevo p\u00f3ster de &#8220;El Aro 3&#8221; ha sido revelado con Samara como protagonista.<\/p>\n<p><img fetchpriority=\"high\" decoding=\"async\" data-attachment-id=\"26253\" data-permalink=\"https:\/\/kalot.com.mx\/site\/2016\/10\/08\/nuevo-poster-aro-3\/screen-shot-2016-08-24-at-6-13-58-am\/\" data-orig-file=\"https:\/\/i0.wp.com\/kalot.com.mx\/site\/wp-content\/uploads\/2016\/10\/Screen-Shot-2016-08-24-at-6.13.58-AM.jpg?fit=620%2C400&amp;ssl=1\" data-orig-size=\"620,400\" data-comments-opened=\"1\" data-image-meta=\"{&quot;aperture&quot;:&quot;0&quot;,&quot;credit&quot;:&quot;&quot;,&quot;camera&quot;:&quot;&quot;,&quot;caption&quot;:&quot;&quot;,&quot;created_timestamp&quot;:&quot;0&quot;,&quot;copyright&quot;:&quot;&quot;,&quot;focal_length&quot;:&quot;0&quot;,&quot;iso&quot;:&quot;0&quot;,&quot;shutter_speed&quot;:&quot;0&quot;,&quot;title&quot;:&quot;&quot;,&quot;orientation&quot;:&quot;0&quot;}\" data-image-title=\"screen-shot-2016-08-24-at-6-13-58-am\" data-image-description=\"\" data-image-caption=\"\" data-large-file=\"https:\/\/i0.wp.com\/kalot.com.mx\/site\/wp-content\/uploads\/2016\/10\/Screen-Shot-2016-08-24-at-6.13.58-AM.jpg?fit=620%2C400&amp;ssl=1\" class=\"alignnone size-full wp-image-26253 aligncenter\" src=\"https:\/\/i0.wp.com\/kalot.com.mx\/site\/wp-content\/uploads\/2013\/08\/20130830-190129.jpg?fit=1536%2C1536&#038;ssl=1\" alt=\"screen-shot-2016-08-24-at-6-13-58-am\" width=\"1536\" height=\"1536\" \/><\/p>\n<p style=\"text-align: justify\">Despu\u00e9s de sufrir un nuevo cambio en su fecha de estreno, &#8220;El Aro 3&#8221; presenta nuevo p\u00f3ster donde podemos apreciar a la m\u00edtica Samara saliendo del televisor dispuesta a atacar.<\/p>\n<p style=\"text-align: justify\">Dirigida por F. Javier Guti\u00e9rrez, &#8220;Rings&#8221; es protagonizada por Matilde Lutz, Alex Roe, Johnny Galecki, Aimee Teegarden, Bonnie Morgan, y Vincent D&#8217;Onofrio. Su fecha de lanzamiento ser\u00e1 el 3 \u00a0de febrero de, 2017 .<\/p>\n<p style=\"text-align: justify\"><strong>Sinopsis:<\/strong><\/p>\n<p style=\"text-align: justify\"><em>Una joven angustiada por su novio, que investiga la oscura subcultura que rodea una misteriosa cinta de v\u00eddeo, de la que se dice que asesina a sus espectadores a los siete d\u00edas de haberla visto, decide sacrificarse para salvarle, y al hacerlo, un descubrimiento le hiela la sangre: hay una &#8220;pel\u00edcula dentro de la pel\u00edcula&#8221; que nadie ha visto jam\u00e1s.<\/em><\/p>\n<p style=\"text-align: justify\">Aqu\u00ed te dejamos el nuevo p\u00f3ster.<\/p>\n<p style=\"text-align: justify\"><img decoding=\"async\" data-attachment-id=\"26254\" data-permalink=\"https:\/\/kalot.com.mx\/site\/2016\/10\/08\/nuevo-poster-aro-3\/ringsposter3-1\/\" data-orig-file=\"https:\/\/i0.wp.com\/kalot.com.mx\/site\/wp-content\/uploads\/2016\/10\/ringsposter3-1.jpg?fit=528%2C755&amp;ssl=1\" data-orig-size=\"528,755\" data-comments-opened=\"1\" data-image-meta=\"{&quot;aperture&quot;:&quot;0&quot;,&quot;credit&quot;:&quot;&quot;,&quot;camera&quot;:&quot;&quot;,&quot;caption&quot;:&quot;&quot;,&quot;created_timestamp&quot;:&quot;0&quot;,&quot;copyright&quot;:&quot;&quot;,&quot;focal_length&quot;:&quot;0&quot;,&quot;iso&quot;:&quot;0&quot;,&quot;shutter_speed&quot;:&quot;0&quot;,&quot;title&quot;:&quot;&quot;,&quot;orientation&quot;:&quot;0&quot;}\" data-image-title=\"ringsposter3-1\" data-image-description=\"\" data-image-caption=\"\" data-large-file=\"https:\/\/i0.wp.com\/kalot.com.mx\/site\/wp-content\/uploads\/2016\/10\/ringsposter3-1.jpg?fit=528%2C755&amp;ssl=1\" class=\"size-full wp-image-26254 aligncenter\" src=\"https:\/\/i0.wp.com\/kalot.com.mx\/site\/wp-content\/uploads\/2013\/08\/20130830-190129.jpg?fit=1536%2C1536&#038;ssl=1\" alt=\"ringsposter3-1\" width=\"1536\" height=\"1536\" \/><\/p>\n<p style=\"text-align: justify\">Con informaci\u00f3n de:\u00a0<a href=\"http:\/\/bloody-disgusting.com\/movie\/3409013\/new-rings-poster-real-reach\/\">bloody-disgusting.com<\/a><\/p>\n","protected":false},"excerpt":{"rendered":"Un nuevo p\u00f3ster de &#8220;El Aro 3&#8221; ha sido revelado con Samara como protagonista. Despu\u00e9s de sufrir un&hellip;\n","protected":false},"author":108,"featured_media":26252,"comment_status":"open","ping_status":"open","sticky":false,"template":"","format":"standard","meta":{"jetpack_post_was_ever_published":false,"_jetpack_newsletter_access":"","_jetpack_dont_email_post_to_subs":false,"_jetpack_newsletter_tier_id":0,"_jetpack_memberships_contains_paywalled_content":false,"_jetpack_memberships_contains_paid_content":false,"footnotes":"","jetpack_publicize_message":"","jetpack_publicize_feature_enabled":true,"jetpack_social_post_already_shared":true,"jetpack_social_options":{"image_generator_settings":{"template":"highway","default_image_id":0,"font":"","enabled":false},"version":2}},"categories":[9,7],"tags":[883,130,847,887,886,882,848,881,888,884,744,885],"class_list":{"0":"post-26251","1":"post","2":"type-post","3":"status-publish","4":"format-standard","5":"has-post-thumbnail","7":"category-cine","8":"category-novedades","9":"tag-cuandoseestrenaelaro3","10":"tag-elaro","11":"tag-elaro3","12":"tag-fechadeestrenodelaro3","13":"tag-laninadelaro","14":"tag-nuevapeliculadeelaro","15":"tag-nuevapeliculadelaro","16":"tag-peliculaelaro","17":"tag-protagonistadeelaro","18":"tag-ring3","19":"tag-rings","20":"tag-samara","21":"cs-entry","22":"cs-video-wrap"},"yoast_head":"<!-- This site is optimized with the Yoast SEO plugin v27.5 - https:\/\/yoast.com\/product\/yoast-seo-wordpress\/ -->\n<title>Nuevo p\u00f3ster de &quot;El Aro 3&quot; - Kalot<\/title>\n<meta name=\"description\" content=\"Un nuevo p\u00f3ster de &quot;El Aro 3&quot; ha sido revelado con Samara como protagonista. Despu\u00e9s de sufrir un nuevo cambio en su fecha de estreno, &quot;El Aro 3&quot; presenta\" \/>\n<meta name=\"robots\" content=\"index, follow, max-snippet:-1, max-image-preview:large, max-video-preview:-1\" \/>\n<link rel=\"canonical\" href=\"https:\/\/kalot.com.mx\/site\/2016\/10\/08\/nuevo-poster-aro-3\/\" \/>\n<meta property=\"og:locale\" content=\"es_MX\" \/>\n<meta property=\"og:type\" content=\"article\" \/>\n<meta property=\"og:title\" content=\"Nuevo p\u00f3ster de &quot;El Aro 3&quot; - Kalot\" \/>\n<meta property=\"og:description\" content=\"Un nuevo p\u00f3ster de &quot;El Aro 3&quot; ha sido revelado con Samara como protagonista. Despu\u00e9s de sufrir un nuevo cambio en su fecha de estreno, &quot;El Aro 3&quot; presenta\" \/>\n<meta property=\"og:url\" content=\"https:\/\/kalot.com.mx\/site\/2016\/10\/08\/nuevo-poster-aro-3\/\" \/>\n<meta property=\"og:site_name\" content=\"Kalot\" \/>\n<meta property=\"article:publisher\" content=\"http:\/\/facebook.com\/mxkalot\" \/>\n<meta property=\"article:published_time\" content=\"2016-10-08T17:34:05+00:00\" \/>\n<meta property=\"article:modified_time\" content=\"2017-12-20T21:56:22+00:00\" \/>\n<meta property=\"og:image\" content=\"https:\/\/i0.wp.com\/kalot.com.mx\/site\/wp-content\/uploads\/2016\/10\/maxresdefault-11.jpg?fit=1280%2C720&ssl=1\" \/>\n\t<meta property=\"og:image:width\" content=\"1280\" \/>\n\t<meta property=\"og:image:height\" content=\"720\" \/>\n\t<meta property=\"og:image:type\" content=\"image\/jpeg\" \/>\n<meta name=\"author\" content=\"yash\" \/>\n<meta name=\"twitter:card\" content=\"summary_large_image\" \/>\n<meta name=\"twitter:creator\" content=\"@kalotmx\" \/>\n<meta name=\"twitter:site\" content=\"@kalotmx\" \/>\n<meta name=\"twitter:label1\" content=\"Escrito por\" \/>\n\t<meta name=\"twitter:data1\" content=\"yash\" \/>\n\t<meta name=\"twitter:label2\" content=\"Tiempo de lectura\" \/>\n\t<meta name=\"twitter:data2\" content=\"1 minuto\" \/>\n<!-- \/ Yoast SEO plugin. -->","yoast_head_json":{"title":"Nuevo p\u00f3ster de \"El Aro 3\" - Kalot","description":"Un nuevo p\u00f3ster de \"El Aro 3\" ha sido revelado con Samara como protagonista. Despu\u00e9s de sufrir un nuevo cambio en su fecha de estreno, \"El Aro 3\" presenta","robots":{"index":"index","follow":"follow","max-snippet":"max-snippet:-1","max-image-preview":"max-image-preview:large","max-video-preview":"max-video-preview:-1"},"canonical":"https:\/\/kalot.com.mx\/site\/2016\/10\/08\/nuevo-poster-aro-3\/","og_locale":"es_MX","og_type":"article","og_title":"Nuevo p\u00f3ster de \"El Aro 3\" - Kalot","og_description":"Un nuevo p\u00f3ster de \"El Aro 3\" ha sido revelado con Samara como protagonista. Despu\u00e9s de sufrir un nuevo cambio en su fecha de estreno, \"El Aro 3\" presenta","og_url":"https:\/\/kalot.com.mx\/site\/2016\/10\/08\/nuevo-poster-aro-3\/","og_site_name":"Kalot","article_publisher":"http:\/\/facebook.com\/mxkalot","article_published_time":"2016-10-08T17:34:05+00:00","article_modified_time":"2017-12-20T21:56:22+00:00","og_image":[{"width":1280,"height":720,"url":"https:\/\/i0.wp.com\/kalot.com.mx\/site\/wp-content\/uploads\/2016\/10\/maxresdefault-11.jpg?fit=1280%2C720&ssl=1","type":"image\/jpeg"}],"author":"yash","twitter_card":"summary_large_image","twitter_creator":"@kalotmx","twitter_site":"@kalotmx","twitter_misc":{"Escrito por":"yash","Tiempo de lectura":"1 minuto"},"schema":{"@context":"https:\/\/schema.org","@graph":[{"@type":"Article","@id":"https:\/\/kalot.com.mx\/site\/2016\/10\/08\/nuevo-poster-aro-3\/#article","isPartOf":{"@id":"https:\/\/kalot.com.mx\/site\/2016\/10\/08\/nuevo-poster-aro-3\/"},"author":{"name":"yash","@id":"https:\/\/kalot.com.mx\/site\/#\/schema\/person\/1d75ba57b0359df6aee12de5a86e5b04"},"headline":"Nuevo p\u00f3ster de &#8220;El Aro 3&#8221;","datePublished":"2016-10-08T17:34:05+00:00","dateModified":"2017-12-20T21:56:22+00:00","mainEntityOfPage":{"@id":"https:\/\/kalot.com.mx\/site\/2016\/10\/08\/nuevo-poster-aro-3\/"},"wordCount":164,"commentCount":0,"publisher":{"@id":"https:\/\/kalot.com.mx\/site\/#organization"},"image":{"@id":"https:\/\/kalot.com.mx\/site\/2016\/10\/08\/nuevo-poster-aro-3\/#primaryimage"},"thumbnailUrl":"https:\/\/i0.wp.com\/kalot.com.mx\/site\/wp-content\/uploads\/2016\/10\/maxresdefault-11.jpg?fit=1280%2C720&ssl=1","keywords":["cuandoseestrenaelaro3","ElAro","ElAro3","fechadeestrenodelaro3","lani\u00f1adelaro","Nuevapeliculadeelaro","Nuevapeliculadelaro","PeliculaElAro","protagonistadeelaro","ring3","rings","samara"],"articleSection":["Cine","Novedades"],"inLanguage":"es","potentialAction":[{"@type":"CommentAction","name":"Comment","target":["https:\/\/kalot.com.mx\/site\/2016\/10\/08\/nuevo-poster-aro-3\/#respond"]}]},{"@type":"WebPage","@id":"https:\/\/kalot.com.mx\/site\/2016\/10\/08\/nuevo-poster-aro-3\/","url":"https:\/\/kalot.com.mx\/site\/2016\/10\/08\/nuevo-poster-aro-3\/","name":"Nuevo p\u00f3ster de \"El Aro 3\" - Kalot","isPartOf":{"@id":"https:\/\/kalot.com.mx\/site\/#website"},"primaryImageOfPage":{"@id":"https:\/\/kalot.com.mx\/site\/2016\/10\/08\/nuevo-poster-aro-3\/#primaryimage"},"image":{"@id":"https:\/\/kalot.com.mx\/site\/2016\/10\/08\/nuevo-poster-aro-3\/#primaryimage"},"thumbnailUrl":"https:\/\/i0.wp.com\/kalot.com.mx\/site\/wp-content\/uploads\/2016\/10\/maxresdefault-11.jpg?fit=1280%2C720&ssl=1","datePublished":"2016-10-08T17:34:05+00:00","dateModified":"2017-12-20T21:56:22+00:00","description":"Un nuevo p\u00f3ster de \"El Aro 3\" ha sido revelado con Samara como protagonista. Despu\u00e9s de sufrir un nuevo cambio en su fecha de estreno, \"El Aro 3\" presenta","breadcrumb":{"@id":"https:\/\/kalot.com.mx\/site\/2016\/10\/08\/nuevo-poster-aro-3\/#breadcrumb"},"inLanguage":"es","potentialAction":[{"@type":"ReadAction","target":["https:\/\/kalot.com.mx\/site\/2016\/10\/08\/nuevo-poster-aro-3\/"]}]},{"@type":"ImageObject","inLanguage":"es","@id":"https:\/\/kalot.com.mx\/site\/2016\/10\/08\/nuevo-poster-aro-3\/#primaryimage","url":"https:\/\/i0.wp.com\/kalot.com.mx\/site\/wp-content\/uploads\/2016\/10\/maxresdefault-11.jpg?fit=1280%2C720&ssl=1","contentUrl":"https:\/\/i0.wp.com\/kalot.com.mx\/site\/wp-content\/uploads\/2016\/10\/maxresdefault-11.jpg?fit=1280%2C720&ssl=1","width":1280,"height":720},{"@type":"BreadcrumbList","@id":"https:\/\/kalot.com.mx\/site\/2016\/10\/08\/nuevo-poster-aro-3\/#breadcrumb","itemListElement":[{"@type":"ListItem","position":1,"name":"Home","item":"https:\/\/kalot.com.mx\/site\/"},{"@type":"ListItem","position":2,"name":"Nuevo p\u00f3ster de &#8220;El Aro 3&#8221;"}]},{"@type":"WebSite","@id":"https:\/\/kalot.com.mx\/site\/#website","url":"https:\/\/kalot.com.mx\/site\/","name":"Kalot","description":"Conoce Todo Sobre Todo","publisher":{"@id":"https:\/\/kalot.com.mx\/site\/#organization"},"potentialAction":[{"@type":"SearchAction","target":{"@type":"EntryPoint","urlTemplate":"https:\/\/kalot.com.mx\/site\/?s={search_term_string}"},"query-input":{"@type":"PropertyValueSpecification","valueRequired":true,"valueName":"search_term_string"}}],"inLanguage":"es"},{"@type":"Organization","@id":"https:\/\/kalot.com.mx\/site\/#organization","name":"Kalot","url":"https:\/\/kalot.com.mx\/site\/","logo":{"@type":"ImageObject","inLanguage":"es","@id":"https:\/\/kalot.com.mx\/site\/#\/schema\/logo\/image\/","url":"https:\/\/i0.wp.com\/kalot.com.mx\/site\/wp-content\/uploads\/2020\/04\/Kalot-logo-sin-tagline.png?fit=1707%2C1014&ssl=1","contentUrl":"https:\/\/i0.wp.com\/kalot.com.mx\/site\/wp-content\/uploads\/2020\/04\/Kalot-logo-sin-tagline.png?fit=1707%2C1014&ssl=1","width":1707,"height":1014,"caption":"Kalot"},"image":{"@id":"https:\/\/kalot.com.mx\/site\/#\/schema\/logo\/image\/"},"sameAs":["http:\/\/facebook.com\/mxkalot","https:\/\/x.com\/kalotmx","http:\/\/instagram.com\/kalotmx","http:\/\/pinterest.com\/jorgeerana\/kalot"]},{"@type":"Person","@id":"https:\/\/kalot.com.mx\/site\/#\/schema\/person\/1d75ba57b0359df6aee12de5a86e5b04","name":"yash","image":{"@type":"ImageObject","inLanguage":"es","@id":"https:\/\/secure.gravatar.com\/avatar\/be80e9883aa4c662e1a435d9ba36a6fba313cea893e0d847aac2ca2290e6decb?s=96&d=mm&r=g","url":"https:\/\/secure.gravatar.com\/avatar\/be80e9883aa4c662e1a435d9ba36a6fba313cea893e0d847aac2ca2290e6decb?s=96&d=mm&r=g","contentUrl":"https:\/\/secure.gravatar.com\/avatar\/be80e9883aa4c662e1a435d9ba36a6fba313cea893e0d847aac2ca2290e6decb?s=96&d=mm&r=g","caption":"yash"},"url":"https:\/\/kalot.com.mx\/site\/author\/yash\/"}]}},"jetpack_publicize_connections":[],"jetpack_featured_media_url":"https:\/\/i0.wp.com\/kalot.com.mx\/site\/wp-content\/uploads\/2016\/10\/maxresdefault-11.jpg?fit=1280%2C720&ssl=1","jetpack_shortlink":"https:\/\/wp.me\/p6IHEI-6Pp","jetpack-related-posts":[{"id":26789,"url":"https:\/\/kalot.com.mx\/site\/2017\/01\/03\/nuevo-poster-aro-3-maldicion-samara\/","url_meta":{"origin":26251,"position":0},"title":"Nuevo p\u00f3ster de &#8220;El Aro 3&#8221; con maldici\u00f3n de Samara","author":"yash","date":"3 enero, 2017","format":false,"excerpt":"Paramount Pictures ha lanzado un nuevo p\u00f3ster de \"El Aro 3\" adem\u00e1s de una imagen de la pel\u00edcula. Matilde Lutz, Alex Roe, Johnny Galecki, Aimee Teegarden, y Bonnie Morgan protagonizan esta historia escrita por David Loucka, Jacob Estes y Akiva Goldsman, \"El Aro 3\" es la tercera pel\u00edcula de la\u2026","rel":"","context":"En &quot;Cine&quot;","block_context":{"text":"Cine","link":"https:\/\/kalot.com.mx\/site\/category\/cine\/"},"img":{"alt_text":"","src":"https:\/\/i0.wp.com\/kalot.com.mx\/site\/wp-content\/uploads\/2017\/01\/maxresdefault-1.jpg?fit=1200%2C675&ssl=1&resize=350%2C200","width":350,"height":200,"srcset":"https:\/\/i0.wp.com\/kalot.com.mx\/site\/wp-content\/uploads\/2017\/01\/maxresdefault-1.jpg?fit=1200%2C675&ssl=1&resize=350%2C200 1x, https:\/\/i0.wp.com\/kalot.com.mx\/site\/wp-content\/uploads\/2017\/01\/maxresdefault-1.jpg?fit=1200%2C675&ssl=1&resize=525%2C300 1.5x, https:\/\/i0.wp.com\/kalot.com.mx\/site\/wp-content\/uploads\/2017\/01\/maxresdefault-1.jpg?fit=1200%2C675&ssl=1&resize=700%2C400 2x, https:\/\/i0.wp.com\/kalot.com.mx\/site\/wp-content\/uploads\/2017\/01\/maxresdefault-1.jpg?fit=1200%2C675&ssl=1&resize=1050%2C600 3x"},"classes":[]},{"id":26896,"url":"https:\/\/kalot.com.mx\/site\/2017\/01\/21\/nuevo-spot-aro-3\/","url_meta":{"origin":26251,"position":1},"title":"Nuevo spot de &#8220;El Aro 3&#8221;","author":"yash","date":"21 enero, 2017","format":false,"excerpt":"Este es el primer anuncio para la televisi\u00f3n de \"El Aro 3\" que es b\u00e1sicamente un breve clip que muestra Samara. Dirigida por F. Javier Guti\u00e9rrez, \"Rings\" es protagonizada por Matilde Lutz, Alex Roe, Johnny Galecki, Aimee Teegarden, Bonnie Morgan, y Vincent D'Onofrio. Su fecha de lanzamiento ser\u00e1 el 3\u2026","rel":"","context":"En &quot;Cine&quot;","block_context":{"text":"Cine","link":"https:\/\/kalot.com.mx\/site\/category\/cine\/"},"img":{"alt_text":"","src":"https:\/\/i0.wp.com\/kalot.com.mx\/site\/wp-content\/uploads\/2017\/01\/el-aro3-2.jpg?fit=1200%2C675&ssl=1&resize=350%2C200","width":350,"height":200,"srcset":"https:\/\/i0.wp.com\/kalot.com.mx\/site\/wp-content\/uploads\/2017\/01\/el-aro3-2.jpg?fit=1200%2C675&ssl=1&resize=350%2C200 1x, https:\/\/i0.wp.com\/kalot.com.mx\/site\/wp-content\/uploads\/2017\/01\/el-aro3-2.jpg?fit=1200%2C675&ssl=1&resize=525%2C300 1.5x, https:\/\/i0.wp.com\/kalot.com.mx\/site\/wp-content\/uploads\/2017\/01\/el-aro3-2.jpg?fit=1200%2C675&ssl=1&resize=700%2C400 2x, https:\/\/i0.wp.com\/kalot.com.mx\/site\/wp-content\/uploads\/2017\/01\/el-aro3-2.jpg?fit=1200%2C675&ssl=1&resize=1050%2C600 3x"},"classes":[]},{"id":26803,"url":"https:\/\/kalot.com.mx\/site\/2017\/01\/08\/nuevo-trailer-aro-3\/","url_meta":{"origin":26251,"position":2},"title":"Nuevo trailer de &#8220;El Aro 3&#8221;","author":"yash","date":"8 enero, 2017","format":false,"excerpt":"Paramount Pictures lanz\u00f3 el nuevo trailer de \"El Aro 3\", que mantiene la regla: tendr\u00e1s siete d\u00edas de vida una vez que has visto su v\u00eddeo. En este nuevo tr\u00e1iler se detallan las marcas de la maldici\u00f3n, mientras que tambi\u00e9n revela que los espectadores ser\u00e1n llevados de vuelta al pozo\u2026","rel":"","context":"En &quot;Cine&quot;","block_context":{"text":"Cine","link":"https:\/\/kalot.com.mx\/site\/category\/cine\/"},"img":{"alt_text":"","src":"https:\/\/i0.wp.com\/kalot.com.mx\/site\/wp-content\/uploads\/2017\/01\/el-aro3.jpg?fit=1200%2C675&ssl=1&resize=350%2C200","width":350,"height":200,"srcset":"https:\/\/i0.wp.com\/kalot.com.mx\/site\/wp-content\/uploads\/2017\/01\/el-aro3.jpg?fit=1200%2C675&ssl=1&resize=350%2C200 1x, https:\/\/i0.wp.com\/kalot.com.mx\/site\/wp-content\/uploads\/2017\/01\/el-aro3.jpg?fit=1200%2C675&ssl=1&resize=525%2C300 1.5x, https:\/\/i0.wp.com\/kalot.com.mx\/site\/wp-content\/uploads\/2017\/01\/el-aro3.jpg?fit=1200%2C675&ssl=1&resize=700%2C400 2x, https:\/\/i0.wp.com\/kalot.com.mx\/site\/wp-content\/uploads\/2017\/01\/el-aro3.jpg?fit=1200%2C675&ssl=1&resize=1050%2C600 3x"},"classes":[]},{"id":25851,"url":"https:\/\/kalot.com.mx\/site\/2016\/08\/24\/mira-trailer-aro-3\/","url_meta":{"origin":26251,"position":3},"title":"\u00a1Mira el tr\u00e1iler de &#8220;El Aro 3&#8221;!","author":"yash","date":"24 agosto, 2016","format":false,"excerpt":"La tercera parte de la saga de \"El Aro\" ha revelado su primer tr\u00e1iler. Hace unos d\u00edas se hab\u00eda anunciado que el tr\u00e1iler de la nueva entrega de \"El Aro\" se estrenar\u00eda en esta semana, pues finalmente la espera acab\u00f3 y Paramount Pictures lo ha liberado. Bajo el t\u00edtulo de\u2026","rel":"","context":"En &quot;Cine&quot;","block_context":{"text":"Cine","link":"https:\/\/kalot.com.mx\/site\/category\/cine\/"},"img":{"alt_text":"","src":"https:\/\/i0.wp.com\/kalot.com.mx\/site\/wp-content\/uploads\/2016\/08\/maxresdefault-1-1.jpg?fit=1200%2C675&ssl=1&resize=350%2C200","width":350,"height":200,"srcset":"https:\/\/i0.wp.com\/kalot.com.mx\/site\/wp-content\/uploads\/2016\/08\/maxresdefault-1-1.jpg?fit=1200%2C675&ssl=1&resize=350%2C200 1x, https:\/\/i0.wp.com\/kalot.com.mx\/site\/wp-content\/uploads\/2016\/08\/maxresdefault-1-1.jpg?fit=1200%2C675&ssl=1&resize=525%2C300 1.5x, https:\/\/i0.wp.com\/kalot.com.mx\/site\/wp-content\/uploads\/2016\/08\/maxresdefault-1-1.jpg?fit=1200%2C675&ssl=1&resize=700%2C400 2x, https:\/\/i0.wp.com\/kalot.com.mx\/site\/wp-content\/uploads\/2016\/08\/maxresdefault-1-1.jpg?fit=1200%2C675&ssl=1&resize=1050%2C600 3x"},"classes":[]},{"id":26213,"url":"https:\/\/kalot.com.mx\/site\/2016\/09\/27\/cambian-la-fecha-estreno-aro-3-viernes-13\/","url_meta":{"origin":26251,"position":4},"title":"Cambian la fecha de estreno de &#8220;El Aro 3&#8221; y &#8220;Viernes 13&#8221;","author":"yash","date":"27 septiembre, 2016","format":false,"excerpt":"Ambos estrenos han sido desplazados sin que\u00a0Paramount explicara los motivos. Los fans del terror tendr\u00e1n que esperar un poco m\u00e1s para el regreso de Samara y Jason ya que\u00a0Paramount ha decido cambiar las fechas de sus respectivos estrenos. Esta es la cuarta vez que el estreno de la nueva secuela\u2026","rel":"","context":"En &quot;Cine&quot;","block_context":{"text":"Cine","link":"https:\/\/kalot.com.mx\/site\/category\/cine\/"},"img":{"alt_text":"","src":"https:\/\/i0.wp.com\/kalot.com.mx\/site\/wp-content\/uploads\/2016\/09\/ring-3-rings-movie-release-date-2016.jpg?fit=1200%2C600&ssl=1&resize=350%2C200","width":350,"height":200,"srcset":"https:\/\/i0.wp.com\/kalot.com.mx\/site\/wp-content\/uploads\/2016\/09\/ring-3-rings-movie-release-date-2016.jpg?fit=1200%2C600&ssl=1&resize=350%2C200 1x, https:\/\/i0.wp.com\/kalot.com.mx\/site\/wp-content\/uploads\/2016\/09\/ring-3-rings-movie-release-date-2016.jpg?fit=1200%2C600&ssl=1&resize=525%2C300 1.5x, https:\/\/i0.wp.com\/kalot.com.mx\/site\/wp-content\/uploads\/2016\/09\/ring-3-rings-movie-release-date-2016.jpg?fit=1200%2C600&ssl=1&resize=700%2C400 2x, https:\/\/i0.wp.com\/kalot.com.mx\/site\/wp-content\/uploads\/2016\/09\/ring-3-rings-movie-release-date-2016.jpg?fit=1200%2C600&ssl=1&resize=1050%2C600 3x"},"classes":[]},{"id":23719,"url":"https:\/\/kalot.com.mx\/site\/2015\/10\/01\/en-2016-llegara-nueva-pelicula-de-el-aro\/","url_meta":{"origin":26251,"position":5},"title":"En 2016 Llegar\u00e1 Nueva Pel\u00edcula de &#8220;El Aro&#8221;","author":"yash","date":"1 octubre, 2015","format":false,"excerpt":"Paramount Pictures ha decido posponer la fecha de estreno de la tercera parte de \"El Aro\", la saga de terror basada en la cinta japonesa de\u00a0Hideo Nakata. Bloody Disgusting informa que \"Rings\" (titulo de la cinta) ten\u00eda previsto su estreno el pr\u00f3ximo 13 de noviembre de este a\u00f1o, pero otros\u2026","rel":"","context":"En &quot;Cine&quot;","block_context":{"text":"Cine","link":"https:\/\/kalot.com.mx\/site\/category\/cine\/"},"img":{"alt_text":"","src":"https:\/\/i0.wp.com\/kalot.com.mx\/site\/wp-content\/uploads\/2015\/10\/ElAro.png?fit=1200%2C675&ssl=1&resize=350%2C200","width":350,"height":200,"srcset":"https:\/\/i0.wp.com\/kalot.com.mx\/site\/wp-content\/uploads\/2015\/10\/ElAro.png?fit=1200%2C675&ssl=1&resize=350%2C200 1x, https:\/\/i0.wp.com\/kalot.com.mx\/site\/wp-content\/uploads\/2015\/10\/ElAro.png?fit=1200%2C675&ssl=1&resize=525%2C300 1.5x, https:\/\/i0.wp.com\/kalot.com.mx\/site\/wp-content\/uploads\/2015\/10\/ElAro.png?fit=1200%2C675&ssl=1&resize=700%2C400 2x, https:\/\/i0.wp.com\/kalot.com.mx\/site\/wp-content\/uploads\/2015\/10\/ElAro.png?fit=1200%2C675&ssl=1&resize=1050%2C600 3x"},"classes":[]}],"jetpack_sharing_enabled":true,"_links":{"self":[{"href":"https:\/\/kalot.com.mx\/site\/wp-json\/wp\/v2\/posts\/26251","targetHints":{"allow":["GET"]}}],"collection":[{"href":"https:\/\/kalot.com.mx\/site\/wp-json\/wp\/v2\/posts"}],"about":[{"href":"https:\/\/kalot.com.mx\/site\/wp-json\/wp\/v2\/types\/post"}],"author":[{"embeddable":true,"href":"https:\/\/kalot.com.mx\/site\/wp-json\/wp\/v2\/users\/108"}],"replies":[{"embeddable":true,"href":"https:\/\/kalot.com.mx\/site\/wp-json\/wp\/v2\/comments?post=26251"}],"version-history":[{"count":2,"href":"https:\/\/kalot.com.mx\/site\/wp-json\/wp\/v2\/posts\/26251\/revisions"}],"predecessor-version":[{"id":28057,"href":"https:\/\/kalot.com.mx\/site\/wp-json\/wp\/v2\/posts\/26251\/revisions\/28057"}],"wp:featuredmedia":[{"embeddable":true,"href":"https:\/\/kalot.com.mx\/site\/wp-json\/wp\/v2\/media\/26252"}],"wp:attachment":[{"href":"https:\/\/kalot.com.mx\/site\/wp-json\/wp\/v2\/media?parent=26251"}],"wp:term":[{"taxonomy":"category","embeddable":true,"href":"https:\/\/kalot.com.mx\/site\/wp-json\/wp\/v2\/categories?post=26251"},{"taxonomy":"post_tag","embeddable":true,"href":"https:\/\/kalot.com.mx\/site\/wp-json\/wp\/v2\/tags?post=26251"}],"curies":[{"name":"wp","href":"https:\/\/api.w.org\/{rel}","templated":true}]}}