{"id":26245,"date":"2016-10-08T09:12:57","date_gmt":"2016-10-08T15:12:57","guid":{"rendered":"http:\/\/kalot.com.mx\/site\/?p=26245"},"modified":"2017-12-20T15:56:22","modified_gmt":"2017-12-20T21:56:22","slug":"comienza-la-produccion-saw-legacy","status":"publish","type":"post","link":"https:\/\/kalot.com.mx\/site\/2016\/10\/08\/comienza-la-produccion-saw-legacy\/","title":{"rendered":"Comienza la producci\u00f3n de SAW: Legacy"},"content":{"rendered":"<p style=\"text-align: justify\">La saga que comenzara en 2004 ha iniciado la etapa de producci\u00f3n para su octava entrega seg\u00fan el portal\u00a0Bloody Disgusting.<\/p>\n<p style=\"text-align: justify\"><img fetchpriority=\"high\" decoding=\"async\" data-attachment-id=\"26247\" data-permalink=\"https:\/\/kalot.com.mx\/site\/2016\/10\/08\/comienza-la-produccion-saw-legacy\/saw-2-720p-2005-2\/\" data-orig-file=\"https:\/\/i0.wp.com\/kalot.com.mx\/site\/wp-content\/uploads\/2016\/10\/saw-2-720p-2005-2.jpg?fit=1280%2C720&ssl=1\" data-orig-size=\"1280,720\" data-comments-opened=\"1\" data-image-meta=\"{&quot;aperture&quot;:&quot;0&quot;,&quot;credit&quot;:&quot;&quot;,&quot;camera&quot;:&quot;&quot;,&quot;caption&quot;:&quot;&quot;,&quot;created_timestamp&quot;:&quot;0&quot;,&quot;copyright&quot;:&quot;&quot;,&quot;focal_length&quot;:&quot;0&quot;,&quot;iso&quot;:&quot;0&quot;,&quot;shutter_speed&quot;:&quot;0&quot;,&quot;title&quot;:&quot;&quot;,&quot;orientation&quot;:&quot;0&quot;}\" data-image-title=\"saw-2-720p-2005-2\" data-image-description=\"\" data-image-caption=\"\" data-large-file=\"https:\/\/i0.wp.com\/kalot.com.mx\/site\/wp-content\/uploads\/2016\/10\/saw-2-720p-2005-2.jpg?fit=1024%2C576&ssl=1\" class=\"alignnone size-full wp-image-26247\" src=\"https:\/\/i0.wp.com\/kalot.com.mx\/site\/wp-content\/uploads\/2013\/08\/20130830-190129.jpg?fit=1536%2C1536&ssl=1\" alt=\"saw-2-720p-2005-2\" width=\"1536\" height=\"1536\" \/><\/p>\n<p style=\"text-align: justify\">Bloody-Disgusting ha confirmado en exclusiva que la producci\u00f3n de SAW: Legacy \u00a0la octava pel\u00edcula de la franquicia creada por James Wan (<i>Dead Silence, Insidious, The Conjuring<\/i>) y Leigh Whannell ha comenzado. Y aunque no se sabe la historia o de qu\u00e9 tratar\u00e1, se han compartido un par de fotos de una posible locaci\u00f3n.<\/p>\n<p style=\"text-align: justify\">Saw: Legacy est\u00e1 escrita por Josh Stolberg y Pete Goldfiner, el d\u00fao detr\u00e1s de Pira\u00f1a 3D, Piranha 3DD y \u00a0secreto de sangre. Es dirigida por los hermanos Spierig, Peter y Michael, que son los responsables de pel\u00edculas como Undead, Daybreakers y Predestination , mientras que Dan Heffner y Oren Koules estar\u00e1n \u00a0en la producci\u00f3n.<\/p>\n<p style=\"text-align: justify\"><img decoding=\"async\" data-attachment-id=\"26246\" data-permalink=\"https:\/\/kalot.com.mx\/site\/2016\/10\/08\/comienza-la-produccion-saw-legacy\/saw2\/\" data-orig-file=\"https:\/\/i0.wp.com\/kalot.com.mx\/site\/wp-content\/uploads\/2016\/10\/saw2.jpg?fit=1600%2C800&ssl=1\" data-orig-size=\"1600,800\" data-comments-opened=\"1\" data-image-meta=\"{&quot;aperture&quot;:&quot;0&quot;,&quot;credit&quot;:&quot;&quot;,&quot;camera&quot;:&quot;&quot;,&quot;caption&quot;:&quot;&quot;,&quot;created_timestamp&quot;:&quot;0&quot;,&quot;copyright&quot;:&quot;&quot;,&quot;focal_length&quot;:&quot;0&quot;,&quot;iso&quot;:&quot;0&quot;,&quot;shutter_speed&quot;:&quot;0&quot;,&quot;title&quot;:&quot;&quot;,&quot;orientation&quot;:&quot;0&quot;}\" data-image-title=\"saw2\" data-image-description=\"\" data-image-caption=\"\" data-large-file=\"https:\/\/i0.wp.com\/kalot.com.mx\/site\/wp-content\/uploads\/2016\/10\/saw2.jpg?fit=1024%2C512&ssl=1\" class=\"alignnone size-full wp-image-26246\" src=\"https:\/\/i0.wp.com\/kalot.com.mx\/site\/wp-content\/uploads\/2013\/08\/20130830-190129.jpg?fit=1536%2C1536&ssl=1\" alt=\"saw2\" width=\"1536\" height=\"1536\" \/><\/p>\n<p style=\"text-align: justify\">IMDb tiene previsto el lanzamiento de Saw: Legacy para el 27 de octubre de 2017, a pesar de que no es una fecha confirmada.<\/p>\n<p style=\"text-align: justify\">A continuaci\u00f3n te mostramos las im\u00e1genes compartidas sobre la supuesa grabaci\u00f3n de SAW: Legacy, en ellas se puede observar un peque\u00f1o cementerio en el cual una tumba ha sido profanada. Se trata de nada menos que el sepulcro de \u201cJigsaw\u201d \u00bfSer\u00e1 la premisa de lo que veremos en esta octava pel\u00edcula?<\/p>\n<blockquote class=\"twitter-tweet\" data-width=\"550\" data-dnt=\"true\">\n<p lang=\"en\" dir=\"ltr\"><a href=\"https:\/\/twitter.com\/BDisgusting?ref_src=twsrc%5Etfw\">@BDisgusting<\/a> <a href=\"https:\/\/twitter.com\/JonathanBarkan?ref_src=twsrc%5Etfw\">@JonathanBarkan<\/a> <a href=\"https:\/\/twitter.com\/bradmiska?ref_src=twsrc%5Etfw\">@bradmiska<\/a> can you guys confirm this is from Saw 8? Saw this on a IMDb thread. <a href=\"https:\/\/t.co\/oVDEVOkIcO\">pic.twitter.com\/oVDEVOkIcO<\/a><\/p>\n<p>\u2014 Josh (@joshdubs_) <a href=\"https:\/\/twitter.com\/joshdubs_\/status\/782099337455161344?ref_src=twsrc%5Etfw\">October 1, 2016<\/a><\/p><\/blockquote>\n<p><script async src=\"https:\/\/platform.twitter.com\/widgets.js\" charset=\"utf-8\"><\/script><\/p>\n<p>Con informaci\u00f3n de:\u00a0<a href=\"http:\/\/bloody-disgusting.com\/movie\/3408599\/saw-legacy-production-beginning-exclusive\/\">bloody-disgusting.com<\/a><\/p>\n","protected":false},"excerpt":{"rendered":"La saga que comenzara en 2004 ha iniciado la etapa de producci\u00f3n para su octava entrega seg\u00fan el&hellip;\n","protected":false},"author":108,"featured_media":26248,"comment_status":"open","ping_status":"open","sticky":false,"template":"","format":"standard","meta":{"jetpack_post_was_ever_published":false,"_jetpack_newsletter_access":"","_jetpack_dont_email_post_to_subs":true,"_jetpack_newsletter_tier_id":0,"_jetpack_memberships_contains_paywalled_content":false,"_jetpack_memberships_contains_paid_content":false,"footnotes":"","jetpack_publicize_message":"","jetpack_publicize_feature_enabled":true,"jetpack_social_post_already_shared":true,"jetpack_social_options":{"image_generator_settings":{"template":"highway","default_image_id":0,"font":"","enabled":false},"version":2}},"categories":[9,7],"tags":[880,879,876,875,874,878,871,870,872,877,873],"class_list":{"0":"post-26245","1":"post","2":"type-post","3":"status-publish","4":"format-standard","5":"has-post-thumbnail","7":"category-cine","8":"category-novedades","9":"tag-cuandoseestrenalanuevapeliculadesaw","10":"tag-cuandoseestrenasaw8","11":"tag-historiadesaw8","12":"tag-jigsaw","13":"tag-nuevapeliculadesaw","14":"tag-nuevapeliculadesawestreno","15":"tag-pelpiculasaw","16":"tag-saw","17":"tag-saw8","18":"tag-saw8estreno","19":"tag-sawlegacy","20":"cs-entry","21":"cs-video-wrap"},"yoast_head":"<!-- This site is optimized with the Yoast SEO plugin v27.5 - https:\/\/yoast.com\/product\/yoast-seo-wordpress\/ -->\n<title>Comienza la producci\u00f3n de SAW: Legacy - Kalot<\/title>\n<meta name=\"description\" content=\"La saga que comenzara en 2004 ha iniciado la etapa de producci\u00f3n para su octava entrega seg\u00fan el portal\u00a0Bloody Disgusting. Bloody-Disgusting ha confirmado\" \/>\n<meta name=\"robots\" content=\"index, follow, max-snippet:-1, max-image-preview:large, max-video-preview:-1\" \/>\n<link rel=\"canonical\" href=\"https:\/\/kalot.com.mx\/site\/2016\/10\/08\/comienza-la-produccion-saw-legacy\/\" \/>\n<meta property=\"og:locale\" content=\"es_MX\" \/>\n<meta property=\"og:type\" content=\"article\" \/>\n<meta property=\"og:title\" content=\"Comienza la producci\u00f3n de SAW: Legacy - Kalot\" \/>\n<meta property=\"og:description\" content=\"La saga que comenzara en 2004 ha iniciado la etapa de producci\u00f3n para su octava entrega seg\u00fan el portal\u00a0Bloody Disgusting. Bloody-Disgusting ha confirmado\" \/>\n<meta property=\"og:url\" content=\"https:\/\/kalot.com.mx\/site\/2016\/10\/08\/comienza-la-produccion-saw-legacy\/\" \/>\n<meta property=\"og:site_name\" content=\"Kalot\" \/>\n<meta property=\"article:publisher\" content=\"http:\/\/facebook.com\/mxkalot\" \/>\n<meta property=\"article:published_time\" content=\"2016-10-08T15:12:57+00:00\" \/>\n<meta property=\"article:modified_time\" content=\"2017-12-20T21:56:22+00:00\" \/>\n<meta property=\"og:image\" content=\"https:\/\/i2.wp.com\/kalot.com.mx\/site\/wp-content\/uploads\/2016\/10\/Saw_JigsawPuppet_Bike.jpg?fit=1280%2C720&ssl=1\" \/>\n\t<meta property=\"og:image:width\" content=\"1280\" \/>\n\t<meta property=\"og:image:height\" content=\"720\" \/>\n\t<meta property=\"og:image:type\" content=\"image\/jpeg\" \/>\n<meta name=\"author\" content=\"yash\" \/>\n<meta name=\"twitter:card\" content=\"summary_large_image\" \/>\n<meta name=\"twitter:creator\" content=\"@kalotmx\" \/>\n<meta name=\"twitter:site\" content=\"@kalotmx\" \/>\n<meta name=\"twitter:label1\" content=\"Escrito por\" \/>\n\t<meta name=\"twitter:data1\" content=\"yash\" \/>\n\t<meta name=\"twitter:label2\" content=\"Tiempo de lectura\" \/>\n\t<meta name=\"twitter:data2\" content=\"1 minuto\" \/>\n<!-- \/ Yoast SEO plugin. -->","yoast_head_json":{"title":"Comienza la producci\u00f3n de SAW: Legacy - Kalot","description":"La saga que comenzara en 2004 ha iniciado la etapa de producci\u00f3n para su octava entrega seg\u00fan el portal\u00a0Bloody Disgusting. Bloody-Disgusting ha confirmado","robots":{"index":"index","follow":"follow","max-snippet":"max-snippet:-1","max-image-preview":"max-image-preview:large","max-video-preview":"max-video-preview:-1"},"canonical":"https:\/\/kalot.com.mx\/site\/2016\/10\/08\/comienza-la-produccion-saw-legacy\/","og_locale":"es_MX","og_type":"article","og_title":"Comienza la producci\u00f3n de SAW: Legacy - Kalot","og_description":"La saga que comenzara en 2004 ha iniciado la etapa de producci\u00f3n para su octava entrega seg\u00fan el portal\u00a0Bloody Disgusting. Bloody-Disgusting ha confirmado","og_url":"https:\/\/kalot.com.mx\/site\/2016\/10\/08\/comienza-la-produccion-saw-legacy\/","og_site_name":"Kalot","article_publisher":"http:\/\/facebook.com\/mxkalot","article_published_time":"2016-10-08T15:12:57+00:00","article_modified_time":"2017-12-20T21:56:22+00:00","og_image":[{"width":1280,"height":720,"url":"https:\/\/i2.wp.com\/kalot.com.mx\/site\/wp-content\/uploads\/2016\/10\/Saw_JigsawPuppet_Bike.jpg?fit=1280%2C720&ssl=1","type":"image\/jpeg"}],"author":"yash","twitter_card":"summary_large_image","twitter_creator":"@kalotmx","twitter_site":"@kalotmx","twitter_misc":{"Escrito por":"yash","Tiempo de lectura":"1 minuto"},"schema":{"@context":"https:\/\/schema.org","@graph":[{"@type":"Article","@id":"https:\/\/kalot.com.mx\/site\/2016\/10\/08\/comienza-la-produccion-saw-legacy\/#article","isPartOf":{"@id":"https:\/\/kalot.com.mx\/site\/2016\/10\/08\/comienza-la-produccion-saw-legacy\/"},"author":{"name":"yash","@id":"https:\/\/kalot.com.mx\/site\/#\/schema\/person\/1d75ba57b0359df6aee12de5a86e5b04"},"headline":"Comienza la producci\u00f3n de SAW: Legacy","datePublished":"2016-10-08T15:12:57+00:00","dateModified":"2017-12-20T21:56:22+00:00","mainEntityOfPage":{"@id":"https:\/\/kalot.com.mx\/site\/2016\/10\/08\/comienza-la-produccion-saw-legacy\/"},"wordCount":237,"commentCount":0,"publisher":{"@id":"https:\/\/kalot.com.mx\/site\/#organization"},"image":{"@id":"https:\/\/kalot.com.mx\/site\/2016\/10\/08\/comienza-la-produccion-saw-legacy\/#primaryimage"},"thumbnailUrl":"https:\/\/i0.wp.com\/kalot.com.mx\/site\/wp-content\/uploads\/2016\/10\/Saw_JigsawPuppet_Bike.jpg?fit=1280%2C720&ssl=1","keywords":["cuandoseestrenalanuevapeliculadesaw","cuandoseestrenasaw8","HistoriadeSAW8","Jigsaw","NuevaPel\u00edculadeSAW","nuevapeliculadesawestreno","PelpiculaSAW","SAW","SAW8","SAW8estreno","SAWLegacy"],"articleSection":["Cine","Novedades"],"inLanguage":"es","potentialAction":[{"@type":"CommentAction","name":"Comment","target":["https:\/\/kalot.com.mx\/site\/2016\/10\/08\/comienza-la-produccion-saw-legacy\/#respond"]}]},{"@type":"WebPage","@id":"https:\/\/kalot.com.mx\/site\/2016\/10\/08\/comienza-la-produccion-saw-legacy\/","url":"https:\/\/kalot.com.mx\/site\/2016\/10\/08\/comienza-la-produccion-saw-legacy\/","name":"Comienza la producci\u00f3n de SAW: Legacy - Kalot","isPartOf":{"@id":"https:\/\/kalot.com.mx\/site\/#website"},"primaryImageOfPage":{"@id":"https:\/\/kalot.com.mx\/site\/2016\/10\/08\/comienza-la-produccion-saw-legacy\/#primaryimage"},"image":{"@id":"https:\/\/kalot.com.mx\/site\/2016\/10\/08\/comienza-la-produccion-saw-legacy\/#primaryimage"},"thumbnailUrl":"https:\/\/i0.wp.com\/kalot.com.mx\/site\/wp-content\/uploads\/2016\/10\/Saw_JigsawPuppet_Bike.jpg?fit=1280%2C720&ssl=1","datePublished":"2016-10-08T15:12:57+00:00","dateModified":"2017-12-20T21:56:22+00:00","description":"La saga que comenzara en 2004 ha iniciado la etapa de producci\u00f3n para su octava entrega seg\u00fan el portal\u00a0Bloody Disgusting. Bloody-Disgusting ha confirmado","breadcrumb":{"@id":"https:\/\/kalot.com.mx\/site\/2016\/10\/08\/comienza-la-produccion-saw-legacy\/#breadcrumb"},"inLanguage":"es","potentialAction":[{"@type":"ReadAction","target":["https:\/\/kalot.com.mx\/site\/2016\/10\/08\/comienza-la-produccion-saw-legacy\/"]}]},{"@type":"ImageObject","inLanguage":"es","@id":"https:\/\/kalot.com.mx\/site\/2016\/10\/08\/comienza-la-produccion-saw-legacy\/#primaryimage","url":"https:\/\/i0.wp.com\/kalot.com.mx\/site\/wp-content\/uploads\/2016\/10\/Saw_JigsawPuppet_Bike.jpg?fit=1280%2C720&ssl=1","contentUrl":"https:\/\/i0.wp.com\/kalot.com.mx\/site\/wp-content\/uploads\/2016\/10\/Saw_JigsawPuppet_Bike.jpg?fit=1280%2C720&ssl=1","width":1280,"height":720},{"@type":"BreadcrumbList","@id":"https:\/\/kalot.com.mx\/site\/2016\/10\/08\/comienza-la-produccion-saw-legacy\/#breadcrumb","itemListElement":[{"@type":"ListItem","position":1,"name":"Home","item":"https:\/\/kalot.com.mx\/site\/"},{"@type":"ListItem","position":2,"name":"Comienza la producci\u00f3n de SAW: Legacy"}]},{"@type":"WebSite","@id":"https:\/\/kalot.com.mx\/site\/#website","url":"https:\/\/kalot.com.mx\/site\/","name":"Kalot","description":"Conoce Todo Sobre Todo","publisher":{"@id":"https:\/\/kalot.com.mx\/site\/#organization"},"potentialAction":[{"@type":"SearchAction","target":{"@type":"EntryPoint","urlTemplate":"https:\/\/kalot.com.mx\/site\/?s={search_term_string}"},"query-input":{"@type":"PropertyValueSpecification","valueRequired":true,"valueName":"search_term_string"}}],"inLanguage":"es"},{"@type":"Organization","@id":"https:\/\/kalot.com.mx\/site\/#organization","name":"Kalot","url":"https:\/\/kalot.com.mx\/site\/","logo":{"@type":"ImageObject","inLanguage":"es","@id":"https:\/\/kalot.com.mx\/site\/#\/schema\/logo\/image\/","url":"https:\/\/i0.wp.com\/kalot.com.mx\/site\/wp-content\/uploads\/2020\/04\/Kalot-logo-sin-tagline.png?fit=1707%2C1014&ssl=1","contentUrl":"https:\/\/i0.wp.com\/kalot.com.mx\/site\/wp-content\/uploads\/2020\/04\/Kalot-logo-sin-tagline.png?fit=1707%2C1014&ssl=1","width":1707,"height":1014,"caption":"Kalot"},"image":{"@id":"https:\/\/kalot.com.mx\/site\/#\/schema\/logo\/image\/"},"sameAs":["http:\/\/facebook.com\/mxkalot","https:\/\/x.com\/kalotmx","http:\/\/instagram.com\/kalotmx","http:\/\/pinterest.com\/jorgeerana\/kalot"]},{"@type":"Person","@id":"https:\/\/kalot.com.mx\/site\/#\/schema\/person\/1d75ba57b0359df6aee12de5a86e5b04","name":"yash","image":{"@type":"ImageObject","inLanguage":"es","@id":"https:\/\/secure.gravatar.com\/avatar\/be80e9883aa4c662e1a435d9ba36a6fba313cea893e0d847aac2ca2290e6decb?s=96&d=mm&r=g","url":"https:\/\/secure.gravatar.com\/avatar\/be80e9883aa4c662e1a435d9ba36a6fba313cea893e0d847aac2ca2290e6decb?s=96&d=mm&r=g","contentUrl":"https:\/\/secure.gravatar.com\/avatar\/be80e9883aa4c662e1a435d9ba36a6fba313cea893e0d847aac2ca2290e6decb?s=96&d=mm&r=g","caption":"yash"},"url":"https:\/\/kalot.com.mx\/site\/author\/yash\/"}]}},"jetpack_publicize_connections":[],"jetpack_featured_media_url":"https:\/\/i0.wp.com\/kalot.com.mx\/site\/wp-content\/uploads\/2016\/10\/Saw_JigsawPuppet_Bike.jpg?fit=1280%2C720&ssl=1","jetpack_shortlink":"https:\/\/wp.me\/p6IHEI-6Pj","jetpack-related-posts":[{"id":23719,"url":"https:\/\/kalot.com.mx\/site\/2015\/10\/01\/en-2016-llegara-nueva-pelicula-de-el-aro\/","url_meta":{"origin":26245,"position":0},"title":"En 2016 Llegar\u00e1 Nueva Pel\u00edcula de &#8220;El Aro&#8221;","author":"yash","date":"1 octubre, 2015","format":false,"excerpt":"Paramount Pictures ha decido posponer la fecha de estreno de la tercera parte de \"El Aro\", la saga de terror basada en la cinta japonesa de\u00a0Hideo Nakata. Bloody Disgusting informa que \"Rings\" (titulo de la cinta) ten\u00eda previsto su estreno el pr\u00f3ximo 13 de noviembre de este a\u00f1o, pero otros\u2026","rel":"","context":"En &quot;Cine&quot;","block_context":{"text":"Cine","link":"https:\/\/kalot.com.mx\/site\/category\/cine\/"},"img":{"alt_text":"","src":"https:\/\/i0.wp.com\/kalot.com.mx\/site\/wp-content\/uploads\/2015\/10\/ElAro.png?fit=1200%2C675&ssl=1&resize=350%2C200","width":350,"height":200,"srcset":"https:\/\/i0.wp.com\/kalot.com.mx\/site\/wp-content\/uploads\/2015\/10\/ElAro.png?fit=1200%2C675&ssl=1&resize=350%2C200 1x, https:\/\/i0.wp.com\/kalot.com.mx\/site\/wp-content\/uploads\/2015\/10\/ElAro.png?fit=1200%2C675&ssl=1&resize=525%2C300 1.5x, https:\/\/i0.wp.com\/kalot.com.mx\/site\/wp-content\/uploads\/2015\/10\/ElAro.png?fit=1200%2C675&ssl=1&resize=700%2C400 2x, https:\/\/i0.wp.com\/kalot.com.mx\/site\/wp-content\/uploads\/2015\/10\/ElAro.png?fit=1200%2C675&ssl=1&resize=1050%2C600 3x"},"classes":[]},{"id":23038,"url":"https:\/\/kalot.com.mx\/site\/2015\/08\/19\/terror-casero-en-the-visit\/","url_meta":{"origin":26245,"position":1},"title":"Terror Casero en &#8220;The Visit&#8221;","author":"yash","date":"19 agosto, 2015","format":false,"excerpt":"\"The Visit\" es la nueva pel\u00edcula del director\u00a0M. Night Shyamalan (Sexto Sentido, Se\u00f1ales) la cual marca su regreso al g\u00e9nero de terror. Cabe destacar que desde Sexto Sentido no ha gozado de las mejores cr\u00edticas y es por eso que esta cinta est\u00e1 generando expectativas sobre si podr\u00e1 volver a\u2026","rel":"","context":"Entrada similar ","block_context":{"text":"Entrada similar ","link":""},"img":{"alt_text":"","src":"https:\/\/i0.wp.com\/kalot.com.mx\/site\/wp-content\/uploads\/2015\/08\/TheVisit2.jpg?fit=1200%2C675&ssl=1&resize=350%2C200","width":350,"height":200,"srcset":"https:\/\/i0.wp.com\/kalot.com.mx\/site\/wp-content\/uploads\/2015\/08\/TheVisit2.jpg?fit=1200%2C675&ssl=1&resize=350%2C200 1x, https:\/\/i0.wp.com\/kalot.com.mx\/site\/wp-content\/uploads\/2015\/08\/TheVisit2.jpg?fit=1200%2C675&ssl=1&resize=525%2C300 1.5x, https:\/\/i0.wp.com\/kalot.com.mx\/site\/wp-content\/uploads\/2015\/08\/TheVisit2.jpg?fit=1200%2C675&ssl=1&resize=700%2C400 2x, https:\/\/i0.wp.com\/kalot.com.mx\/site\/wp-content\/uploads\/2015\/08\/TheVisit2.jpg?fit=1200%2C675&ssl=1&resize=1050%2C600 3x"},"classes":[]},{"id":24384,"url":"https:\/\/kalot.com.mx\/site\/2015\/12\/01\/el-guion-de-depredador-ya-esta-listo\/","url_meta":{"origin":26245,"position":2},"title":"\u00a1El gui\u00f3n de Depredador ya est\u00e1 listo!","author":"yash","date":"1 diciembre, 2015","format":false,"excerpt":"Anteriormente se hab\u00eda dado a conocer que\u00a020th Century Fox estaba buscando a Shane Black (Iron Man 3), \u00a0para dirigir y escribir un reboot de Depredador. Finalmente fue as\u00ed y ahora junto a\u00a0Fredd Dekker se ha entregado el gui\u00f3n a la FOX para que decida cuando se mandar\u00e1 \u00a0a pre-producci\u00f3n. En\u2026","rel":"","context":"En &quot;Cine&quot;","block_context":{"text":"Cine","link":"https:\/\/kalot.com.mx\/site\/category\/cine\/"},"img":{"alt_text":"","src":"https:\/\/i0.wp.com\/kalot.com.mx\/site\/wp-content\/uploads\/2015\/12\/Depredador.jpg?fit=1200%2C645&ssl=1&resize=350%2C200","width":350,"height":200,"srcset":"https:\/\/i0.wp.com\/kalot.com.mx\/site\/wp-content\/uploads\/2015\/12\/Depredador.jpg?fit=1200%2C645&ssl=1&resize=350%2C200 1x, https:\/\/i0.wp.com\/kalot.com.mx\/site\/wp-content\/uploads\/2015\/12\/Depredador.jpg?fit=1200%2C645&ssl=1&resize=525%2C300 1.5x, https:\/\/i0.wp.com\/kalot.com.mx\/site\/wp-content\/uploads\/2015\/12\/Depredador.jpg?fit=1200%2C645&ssl=1&resize=700%2C400 2x, https:\/\/i0.wp.com\/kalot.com.mx\/site\/wp-content\/uploads\/2015\/12\/Depredador.jpg?fit=1200%2C645&ssl=1&resize=1050%2C600 3x"},"classes":[]},{"id":26698,"url":"https:\/\/kalot.com.mx\/site\/2016\/11\/20\/pelicula-mortal-kombat-ha-encontrado-director\/","url_meta":{"origin":26245,"position":3},"title":"Pel\u00edcula de &#8216;Mortal Kombat&#8217; ha encontrado director","author":"yash","date":"20 noviembre, 2016","format":false,"excerpt":"La pel\u00edcula basada en la exitosa saga de videojuegos es producida por\u00a0James Wan. Personajes como Scorpion, Raiden, y Kitana est\u00e1n listos para luchar en la gran pantalla en una pel\u00edcula que servir\u00e1 como de reinicio de la franquicia de Mortal Kombat. El portal Variety\u00a0 inform\u00f3 que un director ha sido\u2026","rel":"","context":"En &quot;Cine&quot;","block_context":{"text":"Cine","link":"https:\/\/kalot.com.mx\/site\/category\/cine\/"},"img":{"alt_text":"","src":"https:\/\/i0.wp.com\/kalot.com.mx\/site\/wp-content\/uploads\/2016\/11\/Mortal-Kombat-logo.jpg?fit=1200%2C675&ssl=1&resize=350%2C200","width":350,"height":200,"srcset":"https:\/\/i0.wp.com\/kalot.com.mx\/site\/wp-content\/uploads\/2016\/11\/Mortal-Kombat-logo.jpg?fit=1200%2C675&ssl=1&resize=350%2C200 1x, https:\/\/i0.wp.com\/kalot.com.mx\/site\/wp-content\/uploads\/2016\/11\/Mortal-Kombat-logo.jpg?fit=1200%2C675&ssl=1&resize=525%2C300 1.5x, https:\/\/i0.wp.com\/kalot.com.mx\/site\/wp-content\/uploads\/2016\/11\/Mortal-Kombat-logo.jpg?fit=1200%2C675&ssl=1&resize=700%2C400 2x, https:\/\/i0.wp.com\/kalot.com.mx\/site\/wp-content\/uploads\/2016\/11\/Mortal-Kombat-logo.jpg?fit=1200%2C675&ssl=1&resize=1050%2C600 3x"},"classes":[]},{"id":22319,"url":"https:\/\/kalot.com.mx\/site\/2015\/07\/16\/andy-muschietti-podria-dirigir-el-remake-de-it\/","url_meta":{"origin":26245,"position":4},"title":"Andy Muschietti Podr\u00eda Dirigir el Remake de &#8220;It&#8221;","author":"yash","date":"16 julio, 2015","format":false,"excerpt":"Andy Muschietti (director de Mam\u00e1) se encuentra en platicas para convertirse en el nuevo director del remake de It. Cary Fukunaga, quien hab\u00eda sido designado para dirigir la cinta, abandon\u00f3 el proyecto por diferencias creativas con el estudio. El proyecto se hab\u00eda quedado en pausa y los productores de New\u2026","rel":"","context":"Entrada similar ","block_context":{"text":"Entrada similar ","link":""},"img":{"alt_text":"","src":"https:\/\/i0.wp.com\/kalot.com.mx\/site\/wp-content\/uploads\/2015\/07\/It.jpg?fit=1200%2C675&ssl=1&resize=350%2C200","width":350,"height":200,"srcset":"https:\/\/i0.wp.com\/kalot.com.mx\/site\/wp-content\/uploads\/2015\/07\/It.jpg?fit=1200%2C675&ssl=1&resize=350%2C200 1x, https:\/\/i0.wp.com\/kalot.com.mx\/site\/wp-content\/uploads\/2015\/07\/It.jpg?fit=1200%2C675&ssl=1&resize=525%2C300 1.5x, https:\/\/i0.wp.com\/kalot.com.mx\/site\/wp-content\/uploads\/2015\/07\/It.jpg?fit=1200%2C675&ssl=1&resize=700%2C400 2x, https:\/\/i0.wp.com\/kalot.com.mx\/site\/wp-content\/uploads\/2015\/07\/It.jpg?fit=1200%2C675&ssl=1&resize=1050%2C600 3x"},"classes":[]},{"id":22249,"url":"https:\/\/kalot.com.mx\/site\/2015\/07\/14\/siniestro-segunda-parte\/","url_meta":{"origin":26245,"position":5},"title":"Siniestro: Segunda Parte","author":"yash","date":"14 julio, 2015","format":false,"excerpt":"El demonio\u00a0Bughuul est\u00e1 de vuelta y trae consigo a m\u00e1s ni\u00f1os. Hace unos d\u00edas fue estrenado el segundo trailer de Siniestro 2.\u00a0En esta segunda parte se espera que haya m\u00e1s asesinatos y terror que en la primera pel\u00edcula. Scott Derrickson (director de la primera parte) y C. Robert Cargill fueron\u2026","rel":"","context":"Entrada similar ","block_context":{"text":"Entrada similar ","link":""},"img":{"alt_text":"","src":"https:\/\/i0.wp.com\/kalot.com.mx\/site\/wp-content\/uploads\/2015\/07\/Sinister-2-Movie.jpg?fit=1200%2C675&ssl=1&resize=350%2C200","width":350,"height":200,"srcset":"https:\/\/i0.wp.com\/kalot.com.mx\/site\/wp-content\/uploads\/2015\/07\/Sinister-2-Movie.jpg?fit=1200%2C675&ssl=1&resize=350%2C200 1x, https:\/\/i0.wp.com\/kalot.com.mx\/site\/wp-content\/uploads\/2015\/07\/Sinister-2-Movie.jpg?fit=1200%2C675&ssl=1&resize=525%2C300 1.5x, https:\/\/i0.wp.com\/kalot.com.mx\/site\/wp-content\/uploads\/2015\/07\/Sinister-2-Movie.jpg?fit=1200%2C675&ssl=1&resize=700%2C400 2x, https:\/\/i0.wp.com\/kalot.com.mx\/site\/wp-content\/uploads\/2015\/07\/Sinister-2-Movie.jpg?fit=1200%2C675&ssl=1&resize=1050%2C600 3x"},"classes":[]}],"jetpack_sharing_enabled":true,"_links":{"self":[{"href":"https:\/\/kalot.com.mx\/site\/wp-json\/wp\/v2\/posts\/26245","targetHints":{"allow":["GET"]}}],"collection":[{"href":"https:\/\/kalot.com.mx\/site\/wp-json\/wp\/v2\/posts"}],"about":[{"href":"https:\/\/kalot.com.mx\/site\/wp-json\/wp\/v2\/types\/post"}],"author":[{"embeddable":true,"href":"https:\/\/kalot.com.mx\/site\/wp-json\/wp\/v2\/users\/108"}],"replies":[{"embeddable":true,"href":"https:\/\/kalot.com.mx\/site\/wp-json\/wp\/v2\/comments?post=26245"}],"version-history":[{"count":3,"href":"https:\/\/kalot.com.mx\/site\/wp-json\/wp\/v2\/posts\/26245\/revisions"}],"predecessor-version":[{"id":28055,"href":"https:\/\/kalot.com.mx\/site\/wp-json\/wp\/v2\/posts\/26245\/revisions\/28055"}],"wp:featuredmedia":[{"embeddable":true,"href":"https:\/\/kalot.com.mx\/site\/wp-json\/wp\/v2\/media\/26248"}],"wp:attachment":[{"href":"https:\/\/kalot.com.mx\/site\/wp-json\/wp\/v2\/media?parent=26245"}],"wp:term":[{"taxonomy":"category","embeddable":true,"href":"https:\/\/kalot.com.mx\/site\/wp-json\/wp\/v2\/categories?post=26245"},{"taxonomy":"post_tag","embeddable":true,"href":"https:\/\/kalot.com.mx\/site\/wp-json\/wp\/v2\/tags?post=26245"}],"curies":[{"name":"wp","href":"https:\/\/api.w.org\/{rel}","templated":true}]}}