{"id":26003,"date":"2016-09-07T11:26:07","date_gmt":"2016-09-07T17:26:07","guid":{"rendered":"http:\/\/kalot.com.mx\/site\/?p=26003"},"modified":"2017-12-20T15:56:14","modified_gmt":"2017-12-20T21:56:14","slug":"appleevent-novedades-la-keynote-2016","status":"publish","type":"post","link":"https:\/\/kalot.com.mx\/site\/2016\/09\/07\/appleevent-novedades-la-keynote-2016\/","title":{"rendered":"#AppleEvent Lo que nos dej\u00f3 la Keynote 2016"},"content":{"rendered":"<h1 id=\"aqui-un-recuento-de-las-principales-novedades-de-la-keynote\" style=\"text-align: center\">Aqu\u00ed\u00a0un recuento de las principales novedades de la <strong>Keynote<\/strong><\/h1>\n<h2 id=\"mario-se-integra-a-la-appstore-como-super-mario-run-y-shigeru-miyamoto-se-hace-presente\" style=\"text-align: justify\">Mario se integra a la Appstore como &#8220;Super Mario Run&#8221; y Shigeru Miyamoto se hace presente!<\/h2>\n<p style=\"text-align: justify\"><img fetchpriority=\"high\" decoding=\"async\" data-attachment-id=\"26004\" data-permalink=\"https:\/\/kalot.com.mx\/site\/2016\/09\/07\/appleevent-novedades-la-keynote-2016\/mario-bros\/\" data-orig-file=\"https:\/\/i0.wp.com\/kalot.com.mx\/site\/wp-content\/uploads\/2016\/09\/Mario-Bros.png?fit=1586%2C2462&amp;ssl=1\" data-orig-size=\"1586,2462\" data-comments-opened=\"1\" data-image-meta=\"{&quot;aperture&quot;:&quot;0&quot;,&quot;credit&quot;:&quot;&quot;,&quot;camera&quot;:&quot;&quot;,&quot;caption&quot;:&quot;&quot;,&quot;created_timestamp&quot;:&quot;0&quot;,&quot;copyright&quot;:&quot;&quot;,&quot;focal_length&quot;:&quot;0&quot;,&quot;iso&quot;:&quot;0&quot;,&quot;shutter_speed&quot;:&quot;0&quot;,&quot;title&quot;:&quot;&quot;,&quot;orientation&quot;:&quot;0&quot;}\" data-image-title=\"mario-bros\" data-image-description=\"\" data-image-caption=\"\" data-large-file=\"https:\/\/i0.wp.com\/kalot.com.mx\/site\/wp-content\/uploads\/2016\/09\/Mario-Bros.png?fit=660%2C1024&amp;ssl=1\" class=\"aligncenter wp-image-26004 size-medium\" src=\"https:\/\/i0.wp.com\/kalot.com.mx\/site\/wp-content\/uploads\/2013\/08\/20130830-190129.jpg?fit=300%2C300&#038;ssl=1\" alt=\"mario-bros\" width=\"300\" height=\"300\" \/><\/p>\n<p style=\"text-align: justify\">Algo as\u00ed como un <em>Run-Game<\/em> mezclado con el cl\u00e1sico donde la pantalla te va comiendo, hay un modo <em>survival<\/em> y otro donde podr\u00e1s competir contra el &#8220;fantasma&#8221; de alguien mas. Con las monedas podremos ir comprando y mejorando nuestro reino.<\/p>\n<p style=\"text-align: justify\">Agregaran nuevos Stickers de Mario en\u00a0Mensajes para iOS 10.<\/p>\n<p style=\"text-align: justify\"><img decoding=\"async\" data-attachment-id=\"26005\" data-permalink=\"https:\/\/kalot.com.mx\/site\/2016\/09\/07\/appleevent-novedades-la-keynote-2016\/650_1200-1\/\" data-orig-file=\"https:\/\/i0.wp.com\/kalot.com.mx\/site\/wp-content\/uploads\/2016\/09\/650_1200-1.jpg?fit=650%2C268&amp;ssl=1\" data-orig-size=\"650,268\" data-comments-opened=\"1\" data-image-meta=\"{&quot;aperture&quot;:&quot;0&quot;,&quot;credit&quot;:&quot;&quot;,&quot;camera&quot;:&quot;&quot;,&quot;caption&quot;:&quot;&quot;,&quot;created_timestamp&quot;:&quot;0&quot;,&quot;copyright&quot;:&quot;&quot;,&quot;focal_length&quot;:&quot;0&quot;,&quot;iso&quot;:&quot;0&quot;,&quot;shutter_speed&quot;:&quot;0&quot;,&quot;title&quot;:&quot;&quot;,&quot;orientation&quot;:&quot;0&quot;}\" data-image-title=\"Run\" data-image-description=\"\" data-image-caption=\"\" data-large-file=\"https:\/\/i0.wp.com\/kalot.com.mx\/site\/wp-content\/uploads\/2016\/09\/650_1200-1.jpg?fit=650%2C268&amp;ssl=1\" class=\"aligncenter wp-image-26005 size-full\" src=\"https:\/\/i0.wp.com\/kalot.com.mx\/site\/wp-content\/uploads\/2013\/08\/20130830-190129.jpg?fit=1536%2C1536&#038;ssl=1\" alt=\"Run\" width=\"1536\" height=\"1536\" \/><\/p>\n<p style=\"text-align: justify\">Esperemos sea un parte aguas para que mas personajes de la franquicia se integren a la\u00a0tienda de aplicaciones, como lo hizo Miitomo (que no tuvo el \u00e9xito esperado).<\/p>\n<p style=\"text-align: justify\">El juego a\u00fan no est\u00e1 disponible pero esperemos que para fin de a\u00f1o llegue a nuestros dispositivos.<\/p>\n<h2 id=\"iwork\" style=\"text-align: justify\">iWork<\/h2>\n<p style=\"text-align: justify\"><img decoding=\"async\" data-attachment-id=\"26010\" data-permalink=\"https:\/\/kalot.com.mx\/site\/2016\/09\/07\/appleevent-novedades-la-keynote-2016\/iwork-app-icons\/\" data-orig-file=\"https:\/\/i0.wp.com\/kalot.com.mx\/site\/wp-content\/uploads\/2016\/09\/iWork-app-icons.png?fit=501%2C343&amp;ssl=1\" data-orig-size=\"501,343\" data-comments-opened=\"1\" data-image-meta=\"{&quot;aperture&quot;:&quot;0&quot;,&quot;credit&quot;:&quot;&quot;,&quot;camera&quot;:&quot;&quot;,&quot;caption&quot;:&quot;&quot;,&quot;created_timestamp&quot;:&quot;0&quot;,&quot;copyright&quot;:&quot;&quot;,&quot;focal_length&quot;:&quot;0&quot;,&quot;iso&quot;:&quot;0&quot;,&quot;shutter_speed&quot;:&quot;0&quot;,&quot;title&quot;:&quot;&quot;,&quot;orientation&quot;:&quot;0&quot;}\" data-image-title=\"iwork-app-icons\" data-image-description=\"\" data-image-caption=\"\" data-large-file=\"https:\/\/i0.wp.com\/kalot.com.mx\/site\/wp-content\/uploads\/2016\/09\/iWork-app-icons.png?fit=501%2C343&amp;ssl=1\" class=\"aligncenter wp-image-26010 size-full\" src=\"https:\/\/i0.wp.com\/kalot.com.mx\/site\/wp-content\/uploads\/2013\/08\/20130830-190129.jpg?fit=1536%2C1536&#038;ssl=1\" alt=\"iwork-app-icons\" width=\"1536\" height=\"1536\" \/><\/p>\n<p style=\"text-align: justify\">iWork ahora nos permitir\u00e1 editar en tiempo real un mismo documento entre varias personas, saber qui\u00e9n lo est\u00e1 editando y desde d\u00f3nde (iOS, Mac o Web).<\/p>\n<h2 id=\"apple-watch-y-watchos-3-0\" style=\"text-align: justify\">Apple Watch y WatchOS 3.0<\/h2>\n<h3 id=\"watchos-3-0\" style=\"text-align: justify\">WatchOS 3.0<\/h3>\n<p style=\"text-align: justify\"><img loading=\"lazy\" decoding=\"async\" data-attachment-id=\"26013\" data-permalink=\"https:\/\/kalot.com.mx\/site\/2016\/09\/07\/appleevent-novedades-la-keynote-2016\/650_1200-4-2\/\" data-orig-file=\"https:\/\/i0.wp.com\/kalot.com.mx\/site\/wp-content\/uploads\/2016\/09\/650_1200-4.jpg?fit=650%2C269&amp;ssl=1\" data-orig-size=\"650,269\" data-comments-opened=\"1\" data-image-meta=\"{&quot;aperture&quot;:&quot;0&quot;,&quot;credit&quot;:&quot;&quot;,&quot;camera&quot;:&quot;&quot;,&quot;caption&quot;:&quot;&quot;,&quot;created_timestamp&quot;:&quot;0&quot;,&quot;copyright&quot;:&quot;&quot;,&quot;focal_length&quot;:&quot;0&quot;,&quot;iso&quot;:&quot;0&quot;,&quot;shutter_speed&quot;:&quot;0&quot;,&quot;title&quot;:&quot;&quot;,&quot;orientation&quot;:&quot;0&quot;}\" data-image-title=\"650_1200-4\" data-image-description=\"\" data-image-caption=\"\" data-large-file=\"https:\/\/i0.wp.com\/kalot.com.mx\/site\/wp-content\/uploads\/2016\/09\/650_1200-4.jpg?fit=650%2C269&amp;ssl=1\" class=\"aligncenter wp-image-26013 size-full\" src=\"https:\/\/i0.wp.com\/kalot.com.mx\/site\/wp-content\/uploads\/2013\/08\/20130830-190129.jpg?fit=1536%2C1536&#038;ssl=1\" alt=\"650_1200-4\" width=\"1536\" height=\"1536\" \/><\/p>\n<ul style=\"text-align: justify\">\n<li>Notificaci\u00f3n de emergencia a contactos con una pulsaci\u00f3n larga<\/li>\n<li>Nuevas funciones como actividad, respiraci\u00f3n, SOS.<\/li>\n<\/ul>\n<h3 id=\"pokemongo-en-apple-watch\" style=\"text-align: justify\">PokemonGO en Apple Watch<\/h3>\n<p style=\"text-align: justify\"><img loading=\"lazy\" decoding=\"async\" data-attachment-id=\"26012\" data-permalink=\"https:\/\/kalot.com.mx\/site\/2016\/09\/07\/appleevent-novedades-la-keynote-2016\/650_1200-3-2\/\" data-orig-file=\"https:\/\/i0.wp.com\/kalot.com.mx\/site\/wp-content\/uploads\/2016\/09\/650_1200-3.jpg?fit=650%2C269&amp;ssl=1\" data-orig-size=\"650,269\" data-comments-opened=\"1\" data-image-meta=\"{&quot;aperture&quot;:&quot;0&quot;,&quot;credit&quot;:&quot;&quot;,&quot;camera&quot;:&quot;&quot;,&quot;caption&quot;:&quot;&quot;,&quot;created_timestamp&quot;:&quot;0&quot;,&quot;copyright&quot;:&quot;&quot;,&quot;focal_length&quot;:&quot;0&quot;,&quot;iso&quot;:&quot;0&quot;,&quot;shutter_speed&quot;:&quot;0&quot;,&quot;title&quot;:&quot;&quot;,&quot;orientation&quot;:&quot;0&quot;}\" data-image-title=\"650_1200-3\" data-image-description=\"\" data-image-caption=\"\" data-large-file=\"https:\/\/i0.wp.com\/kalot.com.mx\/site\/wp-content\/uploads\/2016\/09\/650_1200-3.jpg?fit=650%2C269&amp;ssl=1\" class=\"aligncenter wp-image-26012 size-full\" src=\"https:\/\/i0.wp.com\/kalot.com.mx\/site\/wp-content\/uploads\/2013\/08\/20130830-190129.jpg?fit=1536%2C1536&#038;ssl=1\" alt=\"650_1200-3\" width=\"1536\" height=\"1536\" \/><\/p>\n<p style=\"text-align: justify\">Desde la aplicaci\u00f3n podremos ver:<\/p>\n<ul style=\"text-align: justify\">\n<li>Radar<\/li>\n<li>Incubaci\u00f3n<\/li>\n<li>Equipo<\/li>\n<li><em>Swipear<\/em> para recoger art\u00edculos en Pokeparadas<\/li>\n<\/ul>\n<p style=\"text-align: justify\">Todas las notificaciones de la app del m\u00f3vil, en nuestro reloj inteligente.<\/p>\n<h3 id=\"apple-watch-2\" style=\"text-align: justify\">Apple Watch 2<\/h3>\n<h4 id=\"\" style=\"text-align: justify\"><img loading=\"lazy\" decoding=\"async\" data-attachment-id=\"26015\" data-permalink=\"https:\/\/kalot.com.mx\/site\/2016\/09\/07\/appleevent-novedades-la-keynote-2016\/650_1200-5\/\" data-orig-file=\"https:\/\/i0.wp.com\/kalot.com.mx\/site\/wp-content\/uploads\/2016\/09\/650_1200-5.jpg?fit=650%2C307&amp;ssl=1\" data-orig-size=\"650,307\" data-comments-opened=\"1\" data-image-meta=\"{&quot;aperture&quot;:&quot;0&quot;,&quot;credit&quot;:&quot;&quot;,&quot;camera&quot;:&quot;&quot;,&quot;caption&quot;:&quot;&quot;,&quot;created_timestamp&quot;:&quot;0&quot;,&quot;copyright&quot;:&quot;&quot;,&quot;focal_length&quot;:&quot;0&quot;,&quot;iso&quot;:&quot;0&quot;,&quot;shutter_speed&quot;:&quot;0&quot;,&quot;title&quot;:&quot;&quot;,&quot;orientation&quot;:&quot;0&quot;}\" data-image-title=\"650_1200-5\" data-image-description=\"\" data-image-caption=\"\" data-large-file=\"https:\/\/i0.wp.com\/kalot.com.mx\/site\/wp-content\/uploads\/2016\/09\/650_1200-5.jpg?fit=650%2C307&amp;ssl=1\" class=\"aligncenter wp-image-26015 size-full\" src=\"https:\/\/i0.wp.com\/kalot.com.mx\/site\/wp-content\/uploads\/2013\/08\/20130830-190129.jpg?fit=1536%2C1536&#038;ssl=1\" alt=\"650_1200-5\" width=\"1536\" height=\"1536\" \/><\/h4>\n<p style=\"text-align: justify\">A pesar de ser est\u00e9ticamente id\u00e9ntico, nuestro Apple Watch 2 ahora es <strong>Sumergible,<\/strong>\u00a0hasta 50 metros de profundidad (ya no habr\u00e1\u00a0pretextos de que no quieres nadar por que se moja tu reloj).<\/p>\n<p style=\"text-align: justify\"><img loading=\"lazy\" decoding=\"async\" data-attachment-id=\"26016\" data-permalink=\"https:\/\/kalot.com.mx\/site\/2016\/09\/07\/appleevent-novedades-la-keynote-2016\/watch\/\" data-orig-file=\"https:\/\/i0.wp.com\/kalot.com.mx\/site\/wp-content\/uploads\/2016\/09\/watch.jpg?fit=650%2C269&amp;ssl=1\" data-orig-size=\"650,269\" data-comments-opened=\"1\" data-image-meta=\"{&quot;aperture&quot;:&quot;0&quot;,&quot;credit&quot;:&quot;&quot;,&quot;camera&quot;:&quot;&quot;,&quot;caption&quot;:&quot;&quot;,&quot;created_timestamp&quot;:&quot;0&quot;,&quot;copyright&quot;:&quot;&quot;,&quot;focal_length&quot;:&quot;0&quot;,&quot;iso&quot;:&quot;0&quot;,&quot;shutter_speed&quot;:&quot;0&quot;,&quot;title&quot;:&quot;&quot;,&quot;orientation&quot;:&quot;0&quot;}\" data-image-title=\"watch\" data-image-description=\"\" data-image-caption=\"\" data-large-file=\"https:\/\/i0.wp.com\/kalot.com.mx\/site\/wp-content\/uploads\/2016\/09\/watch.jpg?fit=650%2C269&amp;ssl=1\" class=\"aligncenter wp-image-26016 size-full\" src=\"https:\/\/i0.wp.com\/kalot.com.mx\/site\/wp-content\/uploads\/2013\/08\/20130830-190129.jpg?fit=1536%2C1536&#038;ssl=1\" alt=\"watch\" width=\"1536\" height=\"1536\" \/><\/p>\n<p style=\"text-align: justify\">Nuevo procesador integrado con aceler\u00f3metro y GPS en tiempo real!<\/p>\n<p style=\"text-align: justify\"><img loading=\"lazy\" decoding=\"async\" data-attachment-id=\"26018\" data-permalink=\"https:\/\/kalot.com.mx\/site\/2016\/09\/07\/appleevent-novedades-la-keynote-2016\/watch-2\/\" data-orig-file=\"https:\/\/i0.wp.com\/kalot.com.mx\/site\/wp-content\/uploads\/2016\/09\/watch-2.jpg?fit=650%2C270&amp;ssl=1\" data-orig-size=\"650,270\" data-comments-opened=\"1\" data-image-meta=\"{&quot;aperture&quot;:&quot;0&quot;,&quot;credit&quot;:&quot;&quot;,&quot;camera&quot;:&quot;&quot;,&quot;caption&quot;:&quot;&quot;,&quot;created_timestamp&quot;:&quot;0&quot;,&quot;copyright&quot;:&quot;&quot;,&quot;focal_length&quot;:&quot;0&quot;,&quot;iso&quot;:&quot;0&quot;,&quot;shutter_speed&quot;:&quot;0&quot;,&quot;title&quot;:&quot;&quot;,&quot;orientation&quot;:&quot;0&quot;}\" data-image-title=\"watch-2\" data-image-description=\"\" data-image-caption=\"\" data-large-file=\"https:\/\/i0.wp.com\/kalot.com.mx\/site\/wp-content\/uploads\/2016\/09\/watch-2.jpg?fit=650%2C270&amp;ssl=1\" class=\"aligncenter wp-image-26018 size-full\" src=\"https:\/\/i0.wp.com\/kalot.com.mx\/site\/wp-content\/uploads\/2013\/08\/20130830-190129.jpg?fit=1536%2C1536&#038;ssl=1\" alt=\"watch-2\" width=\"1536\" height=\"1536\" \/><\/p>\n<p style=\"text-align: justify\">El GPS trabajar\u00e1 de la mano con la aplicaci\u00f3n\u00a0de\u00a0rutas la cual funcionara a modo turn-by-turn que nos guiara por una ruta trazada y permitir\u00e1 enviarnos una notificaci\u00f3n en caso de salirnos de la ruta predefinida en caso de que cerremos la app.<\/p>\n<p style=\"text-align: justify\"><img loading=\"lazy\" decoding=\"async\" data-attachment-id=\"26019\" data-permalink=\"https:\/\/kalot.com.mx\/site\/2016\/09\/07\/appleevent-novedades-la-keynote-2016\/watch-3\/\" data-orig-file=\"https:\/\/i0.wp.com\/kalot.com.mx\/site\/wp-content\/uploads\/2016\/09\/watch-3.jpg?fit=650%2C349&amp;ssl=1\" data-orig-size=\"650,349\" data-comments-opened=\"1\" data-image-meta=\"{&quot;aperture&quot;:&quot;0&quot;,&quot;credit&quot;:&quot;&quot;,&quot;camera&quot;:&quot;&quot;,&quot;caption&quot;:&quot;&quot;,&quot;created_timestamp&quot;:&quot;0&quot;,&quot;copyright&quot;:&quot;&quot;,&quot;focal_length&quot;:&quot;0&quot;,&quot;iso&quot;:&quot;0&quot;,&quot;shutter_speed&quot;:&quot;0&quot;,&quot;title&quot;:&quot;&quot;,&quot;orientation&quot;:&quot;0&quot;}\" data-image-title=\"watch-3\" data-image-description=\"\" data-image-caption=\"\" data-large-file=\"https:\/\/i0.wp.com\/kalot.com.mx\/site\/wp-content\/uploads\/2016\/09\/watch-3.jpg?fit=650%2C349&amp;ssl=1\" class=\"aligncenter wp-image-26019 size-full\" src=\"https:\/\/i0.wp.com\/kalot.com.mx\/site\/wp-content\/uploads\/2013\/08\/20130830-190129.jpg?fit=1536%2C1536&#038;ssl=1\" alt=\"watch-3\" width=\"1536\" height=\"1536\" \/><\/p>\n<p style=\"text-align: justify\">Diferentes colores y un nuevo \u00a0material: <strong>Cer\u00e1mica<\/strong>.<\/p>\n<p style=\"text-align: justify\"><img loading=\"lazy\" decoding=\"async\" data-attachment-id=\"26020\" data-permalink=\"https:\/\/kalot.com.mx\/site\/2016\/09\/07\/appleevent-novedades-la-keynote-2016\/650_1200-6\/\" data-orig-file=\"https:\/\/i0.wp.com\/kalot.com.mx\/site\/wp-content\/uploads\/2016\/09\/650_1200.jpg?fit=650%2C269&amp;ssl=1\" data-orig-size=\"650,269\" data-comments-opened=\"1\" data-image-meta=\"{&quot;aperture&quot;:&quot;0&quot;,&quot;credit&quot;:&quot;&quot;,&quot;camera&quot;:&quot;&quot;,&quot;caption&quot;:&quot;&quot;,&quot;created_timestamp&quot;:&quot;0&quot;,&quot;copyright&quot;:&quot;&quot;,&quot;focal_length&quot;:&quot;0&quot;,&quot;iso&quot;:&quot;0&quot;,&quot;shutter_speed&quot;:&quot;0&quot;,&quot;title&quot;:&quot;&quot;,&quot;orientation&quot;:&quot;0&quot;}\" data-image-title=\"650_1200\" data-image-description=\"\" data-image-caption=\"\" data-large-file=\"https:\/\/i0.wp.com\/kalot.com.mx\/site\/wp-content\/uploads\/2016\/09\/650_1200.jpg?fit=650%2C269&amp;ssl=1\" class=\"aligncenter wp-image-26020 size-full\" src=\"https:\/\/i0.wp.com\/kalot.com.mx\/site\/wp-content\/uploads\/2013\/08\/20130830-190129.jpg?fit=1536%2C1536&#038;ssl=1\" alt=\"650_1200\" width=\"1536\" height=\"1536\" \/><\/p>\n<p style=\"text-align: justify\">Regresa Herm\u00e9s con una nueva colecci\u00f3n (recordemos que ya hab\u00edan trabajado con el modelo pasado).<\/p>\n<p style=\"text-align: justify\"><img loading=\"lazy\" decoding=\"async\" data-attachment-id=\"26021\" data-permalink=\"https:\/\/kalot.com.mx\/site\/2016\/09\/07\/appleevent-novedades-la-keynote-2016\/hermes\/\" data-orig-file=\"https:\/\/i0.wp.com\/kalot.com.mx\/site\/wp-content\/uploads\/2016\/09\/herm%C3%A9s.jpg?fit=650%2C268&amp;ssl=1\" data-orig-size=\"650,268\" data-comments-opened=\"1\" data-image-meta=\"{&quot;aperture&quot;:&quot;0&quot;,&quot;credit&quot;:&quot;&quot;,&quot;camera&quot;:&quot;&quot;,&quot;caption&quot;:&quot;&quot;,&quot;created_timestamp&quot;:&quot;0&quot;,&quot;copyright&quot;:&quot;&quot;,&quot;focal_length&quot;:&quot;0&quot;,&quot;iso&quot;:&quot;0&quot;,&quot;shutter_speed&quot;:&quot;0&quot;,&quot;title&quot;:&quot;&quot;,&quot;orientation&quot;:&quot;0&quot;}\" data-image-title=\"hermes\" data-image-description=\"\" data-image-caption=\"\" data-large-file=\"https:\/\/i0.wp.com\/kalot.com.mx\/site\/wp-content\/uploads\/2016\/09\/herm%C3%A9s.jpg?fit=650%2C268&amp;ssl=1\" class=\"aligncenter wp-image-26021 size-full\" src=\"https:\/\/i0.wp.com\/kalot.com.mx\/site\/wp-content\/uploads\/2013\/08\/20130830-190129.jpg?fit=1536%2C1536&#038;ssl=1\" alt=\"hermes\" width=\"1536\" height=\"1536\" \/><\/p>\n<p style=\"text-align: justify\">Para los deportistas tenemos una colaboraci\u00f3n de Nike y Apple:<\/p>\n<p style=\"text-align: justify\"><img loading=\"lazy\" decoding=\"async\" data-attachment-id=\"26024\" data-permalink=\"https:\/\/kalot.com.mx\/site\/2016\/09\/07\/appleevent-novedades-la-keynote-2016\/nike-2\/\" data-orig-file=\"https:\/\/i0.wp.com\/kalot.com.mx\/site\/wp-content\/uploads\/2016\/09\/nike-2.jpg?fit=650%2C269&amp;ssl=1\" data-orig-size=\"650,269\" data-comments-opened=\"1\" data-image-meta=\"{&quot;aperture&quot;:&quot;0&quot;,&quot;credit&quot;:&quot;&quot;,&quot;camera&quot;:&quot;&quot;,&quot;caption&quot;:&quot;&quot;,&quot;created_timestamp&quot;:&quot;0&quot;,&quot;copyright&quot;:&quot;&quot;,&quot;focal_length&quot;:&quot;0&quot;,&quot;iso&quot;:&quot;0&quot;,&quot;shutter_speed&quot;:&quot;0&quot;,&quot;title&quot;:&quot;&quot;,&quot;orientation&quot;:&quot;0&quot;}\" data-image-title=\"nike-2\" data-image-description=\"\" data-image-caption=\"\" data-large-file=\"https:\/\/i0.wp.com\/kalot.com.mx\/site\/wp-content\/uploads\/2016\/09\/nike-2.jpg?fit=650%2C269&amp;ssl=1\" class=\"aligncenter wp-image-26024 size-full\" src=\"https:\/\/i0.wp.com\/kalot.com.mx\/site\/wp-content\/uploads\/2013\/08\/20130830-190129.jpg?fit=1536%2C1536&#038;ssl=1\" alt=\"nike-2\" width=\"1536\" height=\"1536\" \/><\/p>\n<p style=\"text-align: justify\">Apple Watch Nike Plus<\/p>\n<p style=\"text-align: justify\">Disponible en 4 colores y con una interfaz sencilla e intuitiva para no tener distracciones a la hora de hacer ejercicio, tambi\u00e9n motivara al usuario cuando ya tenga tiempo de no ejercitarse.<\/p>\n<h2 id=\"la-joya-de-la-corona-iphone-7\" style=\"text-align: justify\">La joya de la corona: iPhone 7<\/h2>\n<p>Procesador A10 Fusion, un nuevo\u00a0procesador quad-core, 40% mas r\u00e1pido que el A9 (iPhone 6S)<\/p>\n<h2 id=\"-2\" style=\"text-align: justify\"><img loading=\"lazy\" decoding=\"async\" data-attachment-id=\"26027\" data-permalink=\"https:\/\/kalot.com.mx\/site\/2016\/09\/07\/appleevent-novedades-la-keynote-2016\/iphone-3\/\" data-orig-file=\"https:\/\/i0.wp.com\/kalot.com.mx\/site\/wp-content\/uploads\/2016\/09\/iphone-3.jpg?fit=650%2C270&amp;ssl=1\" data-orig-size=\"650,270\" data-comments-opened=\"1\" data-image-meta=\"{&quot;aperture&quot;:&quot;0&quot;,&quot;credit&quot;:&quot;&quot;,&quot;camera&quot;:&quot;&quot;,&quot;caption&quot;:&quot;&quot;,&quot;created_timestamp&quot;:&quot;0&quot;,&quot;copyright&quot;:&quot;&quot;,&quot;focal_length&quot;:&quot;0&quot;,&quot;iso&quot;:&quot;0&quot;,&quot;shutter_speed&quot;:&quot;0&quot;,&quot;title&quot;:&quot;&quot;,&quot;orientation&quot;:&quot;0&quot;}\" data-image-title=\"iphone-3\" data-image-description=\"\" data-image-caption=\"\" data-large-file=\"https:\/\/i0.wp.com\/kalot.com.mx\/site\/wp-content\/uploads\/2016\/09\/iphone-3.jpg?fit=650%2C270&amp;ssl=1\" class=\"aligncenter wp-image-26027 size-full\" src=\"https:\/\/i0.wp.com\/kalot.com.mx\/site\/wp-content\/uploads\/2013\/08\/20130830-190129.jpg?fit=1536%2C1536&#038;ssl=1\" alt=\"iphone-3\" width=\"1536\" height=\"1536\" \/><\/h2>\n<p style=\"text-align: justify\">Si me preguntaran a mi, les dir\u00eda que lo \u00fanico que le faltaba al iPhone es que fuera\u00a0sumergible, \u00bfque creen? al igual que el Apple Watch, ahora lo es! Con un grado de protecci\u00f3n\u00a0IP67 que se refiere a impermeabilidad\u00a0ante agua o polvo. (Segun el IP67, el objeto debe soportar sin filtraci\u00f3n alguna la inmersi\u00f3n completa a 1 metro durante 30 minutos).<\/p>\n<p style=\"text-align: justify\"><img loading=\"lazy\" decoding=\"async\" data-attachment-id=\"26025\" data-permalink=\"https:\/\/kalot.com.mx\/site\/2016\/09\/07\/appleevent-novedades-la-keynote-2016\/iphone-1\/\" data-orig-file=\"https:\/\/i0.wp.com\/kalot.com.mx\/site\/wp-content\/uploads\/2016\/09\/iphone-1.jpg?fit=650%2C270&amp;ssl=1\" data-orig-size=\"650,270\" data-comments-opened=\"1\" data-image-meta=\"{&quot;aperture&quot;:&quot;0&quot;,&quot;credit&quot;:&quot;&quot;,&quot;camera&quot;:&quot;&quot;,&quot;caption&quot;:&quot;&quot;,&quot;created_timestamp&quot;:&quot;0&quot;,&quot;copyright&quot;:&quot;&quot;,&quot;focal_length&quot;:&quot;0&quot;,&quot;iso&quot;:&quot;0&quot;,&quot;shutter_speed&quot;:&quot;0&quot;,&quot;title&quot;:&quot;&quot;,&quot;orientation&quot;:&quot;0&quot;}\" data-image-title=\"iphone-1\" data-image-description=\"\" data-image-caption=\"\" data-large-file=\"https:\/\/i0.wp.com\/kalot.com.mx\/site\/wp-content\/uploads\/2016\/09\/iphone-1.jpg?fit=650%2C270&amp;ssl=1\" class=\"aligncenter wp-image-26025 size-full\" src=\"https:\/\/i0.wp.com\/kalot.com.mx\/site\/wp-content\/uploads\/2013\/08\/20130830-190129.jpg?fit=1536%2C1536&#038;ssl=1\" alt=\"iphone-1\" width=\"1536\" height=\"1536\" \/><\/p>\n<p style=\"text-align: justify\">Color Piano black (a modo retro regresamos al modelo 3G <em>&#8220;Once you try black, you never go back&#8221;<\/em>) otros colores\u00a0Black, Gold, Silver y el Rose Gold.<\/p>\n<p style=\"text-align: justify\"><img loading=\"lazy\" decoding=\"async\" data-attachment-id=\"26029\" data-permalink=\"https:\/\/kalot.com.mx\/site\/2016\/09\/07\/appleevent-novedades-la-keynote-2016\/iphone-5\/\" data-orig-file=\"https:\/\/i0.wp.com\/kalot.com.mx\/site\/wp-content\/uploads\/2016\/09\/iphone-5.jpg?fit=650%2C268&amp;ssl=1\" data-orig-size=\"650,268\" data-comments-opened=\"1\" data-image-meta=\"{&quot;aperture&quot;:&quot;0&quot;,&quot;credit&quot;:&quot;&quot;,&quot;camera&quot;:&quot;&quot;,&quot;caption&quot;:&quot;&quot;,&quot;created_timestamp&quot;:&quot;0&quot;,&quot;copyright&quot;:&quot;&quot;,&quot;focal_length&quot;:&quot;0&quot;,&quot;iso&quot;:&quot;0&quot;,&quot;shutter_speed&quot;:&quot;0&quot;,&quot;title&quot;:&quot;&quot;,&quot;orientation&quot;:&quot;0&quot;}\" data-image-title=\"iphone-5\" data-image-description=\"\" data-image-caption=\"\" data-large-file=\"https:\/\/i0.wp.com\/kalot.com.mx\/site\/wp-content\/uploads\/2016\/09\/iphone-5.jpg?fit=650%2C268&amp;ssl=1\" class=\"aligncenter wp-image-26029 size-full\" src=\"https:\/\/i0.wp.com\/kalot.com.mx\/site\/wp-content\/uploads\/2013\/08\/20130830-190129.jpg?fit=1536%2C1536&#038;ssl=1\" alt=\"iphone-5\" width=\"1536\" height=\"1536\" \/><\/p>\n<p style=\"text-align: justify\">Bot\u00f3n Home ahora con un nuevo Taptic Engine<\/p>\n<p style=\"text-align: justify\"><img loading=\"lazy\" decoding=\"async\" data-attachment-id=\"26026\" data-permalink=\"https:\/\/kalot.com.mx\/site\/2016\/09\/07\/appleevent-novedades-la-keynote-2016\/iphone-2-2\/\" data-orig-file=\"https:\/\/i0.wp.com\/kalot.com.mx\/site\/wp-content\/uploads\/2016\/09\/iphone-2.jpg?fit=650%2C269&amp;ssl=1\" data-orig-size=\"650,269\" data-comments-opened=\"1\" data-image-meta=\"{&quot;aperture&quot;:&quot;0&quot;,&quot;credit&quot;:&quot;&quot;,&quot;camera&quot;:&quot;&quot;,&quot;caption&quot;:&quot;&quot;,&quot;created_timestamp&quot;:&quot;0&quot;,&quot;copyright&quot;:&quot;&quot;,&quot;focal_length&quot;:&quot;0&quot;,&quot;iso&quot;:&quot;0&quot;,&quot;shutter_speed&quot;:&quot;0&quot;,&quot;title&quot;:&quot;&quot;,&quot;orientation&quot;:&quot;0&quot;}\" data-image-title=\"iphone-2\" data-image-description=\"\" data-image-caption=\"\" data-large-file=\"https:\/\/i0.wp.com\/kalot.com.mx\/site\/wp-content\/uploads\/2016\/09\/iphone-2.jpg?fit=650%2C269&amp;ssl=1\" class=\"aligncenter wp-image-26026 size-full\" src=\"https:\/\/i0.wp.com\/kalot.com.mx\/site\/wp-content\/uploads\/2013\/08\/20130830-190129.jpg?fit=1536%2C1536&#038;ssl=1\" alt=\"iphone-2\" width=\"1536\" height=\"1536\" \/><\/p>\n<p style=\"text-align: justify\">Nueva c\u00e1mara (no dual en iPhone 7)<\/p>\n<ul style=\"text-align: justify\">\n<li style=\"text-align: justify\">C\u00e1mara FaceTime de 7\u00a0MP\u00a0(como referencia el 6S es de 5 MP)<\/li>\n<li style=\"text-align: justify\">Mejor estabilizaci\u00f3n \u00f3ptica<\/li>\n<li style=\"text-align: justify\">Una exposici\u00f3n tres veces mayor<\/li>\n<li style=\"text-align: justify\">50% m\u00e1s de luminosidad<\/li>\n<li style=\"text-align: justify\">Alta velocidad en el sensor siendo un 60% m\u00e1s r\u00e1pido<\/li>\n<li style=\"text-align: justify\">Flash Quad-LED, True Tone, siendo un\u00a050% m\u00e1s luminoso\u00a0y un sensor anti &#8220;flickering&#8221;<\/li>\n<\/ul>\n<p style=\"text-align: justify\"><img loading=\"lazy\" decoding=\"async\" data-attachment-id=\"26032\" data-permalink=\"https:\/\/kalot.com.mx\/site\/2016\/09\/07\/appleevent-novedades-la-keynote-2016\/camip7\/\" data-orig-file=\"https:\/\/i0.wp.com\/kalot.com.mx\/site\/wp-content\/uploads\/2016\/09\/camip7.jpg?fit=650%2C269&amp;ssl=1\" data-orig-size=\"650,269\" data-comments-opened=\"1\" data-image-meta=\"{&quot;aperture&quot;:&quot;0&quot;,&quot;credit&quot;:&quot;&quot;,&quot;camera&quot;:&quot;&quot;,&quot;caption&quot;:&quot;&quot;,&quot;created_timestamp&quot;:&quot;0&quot;,&quot;copyright&quot;:&quot;&quot;,&quot;focal_length&quot;:&quot;0&quot;,&quot;iso&quot;:&quot;0&quot;,&quot;shutter_speed&quot;:&quot;0&quot;,&quot;title&quot;:&quot;&quot;,&quot;orientation&quot;:&quot;0&quot;}\" data-image-title=\"camip7\" data-image-description=\"\" data-image-caption=\"\" data-large-file=\"https:\/\/i0.wp.com\/kalot.com.mx\/site\/wp-content\/uploads\/2016\/09\/camip7.jpg?fit=650%2C269&amp;ssl=1\" class=\"aligncenter wp-image-26032 size-full\" src=\"https:\/\/i0.wp.com\/kalot.com.mx\/site\/wp-content\/uploads\/2013\/08\/20130830-190129.jpg?fit=1536%2C1536&#038;ssl=1\" alt=\"camip7\" width=\"1536\" height=\"1536\" \/><\/p>\n<p style=\"text-align: justify\">El procesador de imagen\u00a0trabaja as\u00ed:<\/p>\n<p style=\"text-align: justify\">Durante varias capas, procesa la imagen y reconoce los objetos en m\u00e1s de 100 mil millones de operaciones en 25 milisegundos entreg\u00e1ndonos una escena perfecta<\/p>\n<p style=\"text-align: justify\">Las Live Photos ahora cuentan con una mejor estabilizaci\u00f3n, video y c\u00e1mara para FaceTime tambi\u00e9n.<\/p>\n<p style=\"text-align: justify\">Una app para obtener el RAW de la foto (\u00fatil para fot\u00f3grafos, dise\u00f1adores, etc.)<\/p>\n<p style=\"text-align: justify\"><img loading=\"lazy\" decoding=\"async\" data-attachment-id=\"26034\" data-permalink=\"https:\/\/kalot.com.mx\/site\/2016\/09\/07\/appleevent-novedades-la-keynote-2016\/650_1200-1-2\/\" data-orig-file=\"https:\/\/i0.wp.com\/kalot.com.mx\/site\/wp-content\/uploads\/2016\/09\/650_1200-1-1.jpg?fit=650%2C360&amp;ssl=1\" data-orig-size=\"650,360\" data-comments-opened=\"1\" data-image-meta=\"{&quot;aperture&quot;:&quot;0&quot;,&quot;credit&quot;:&quot;&quot;,&quot;camera&quot;:&quot;&quot;,&quot;caption&quot;:&quot;&quot;,&quot;created_timestamp&quot;:&quot;0&quot;,&quot;copyright&quot;:&quot;&quot;,&quot;focal_length&quot;:&quot;0&quot;,&quot;iso&quot;:&quot;0&quot;,&quot;shutter_speed&quot;:&quot;0&quot;,&quot;title&quot;:&quot;&quot;,&quot;orientation&quot;:&quot;0&quot;}\" data-image-title=\"camip71\" data-image-description=\"\" data-image-caption=\"\" data-large-file=\"https:\/\/i0.wp.com\/kalot.com.mx\/site\/wp-content\/uploads\/2016\/09\/650_1200-1-1.jpg?fit=650%2C360&amp;ssl=1\" class=\"aligncenter wp-image-26034 size-full\" src=\"https:\/\/i0.wp.com\/kalot.com.mx\/site\/wp-content\/uploads\/2013\/08\/20130830-190129.jpg?fit=1536%2C1536&#038;ssl=1\" alt=\"camip71\" width=\"1536\" height=\"1536\" \/><\/p>\n<h4 id=\"la-doble-camara-del-iphone-7-plus\" style=\"text-align: justify\">La doble c\u00e1mara del iPhone 7 Plus<\/h4>\n<p style=\"text-align: justify\"><span style=\"color: #000000\">Captura dos fotograf\u00edas al mismo tiempo procesando con diferentes colores. Despu\u00e9s\u00a0las combina en una sola fotograf\u00eda, que es la que obtiene el usuario.<\/span><\/p>\n<p style=\"text-align: justify\"><img loading=\"lazy\" decoding=\"async\" data-attachment-id=\"26038\" data-permalink=\"https:\/\/kalot.com.mx\/site\/2016\/09\/07\/appleevent-novedades-la-keynote-2016\/camip7p\/\" data-orig-file=\"https:\/\/i0.wp.com\/kalot.com.mx\/site\/wp-content\/uploads\/2016\/09\/camip7p.jpg?fit=650%2C270&amp;ssl=1\" data-orig-size=\"650,270\" data-comments-opened=\"1\" data-image-meta=\"{&quot;aperture&quot;:&quot;0&quot;,&quot;credit&quot;:&quot;&quot;,&quot;camera&quot;:&quot;&quot;,&quot;caption&quot;:&quot;&quot;,&quot;created_timestamp&quot;:&quot;0&quot;,&quot;copyright&quot;:&quot;&quot;,&quot;focal_length&quot;:&quot;0&quot;,&quot;iso&quot;:&quot;0&quot;,&quot;shutter_speed&quot;:&quot;0&quot;,&quot;title&quot;:&quot;&quot;,&quot;orientation&quot;:&quot;0&quot;}\" data-image-title=\"camip7p\" data-image-description=\"\" data-image-caption=\"\" data-large-file=\"https:\/\/i0.wp.com\/kalot.com.mx\/site\/wp-content\/uploads\/2016\/09\/camip7p.jpg?fit=650%2C270&amp;ssl=1\" class=\"aligncenter wp-image-26038 size-full\" src=\"https:\/\/i0.wp.com\/kalot.com.mx\/site\/wp-content\/uploads\/2013\/08\/20130830-190129.jpg?fit=1536%2C1536&#038;ssl=1\" alt=\"camip7p\" width=\"1536\" height=\"1536\" \/><\/p>\n<p style=\"text-align: justify\"><span style=\"color: #000000\">Ahora con este nuevo sistema las fotos ser\u00e1n mas n\u00edtidas aun en entornos de baja luminosidad, d\u00e1ndonos como resultado fotos de la fiesta en la noche o en interiores oscuros con menos ruido y m\u00e1s fieles a la escena original. De mismo modo, permitir\u00e1 hacer recortes o ampliaciones de la imagen sin perder tanta calidad en el proceso que haga que la foto \u00a0salga <em>pixeleada<\/em>.<\/span><\/p>\n<p style=\"text-align: justify\"><img loading=\"lazy\" decoding=\"async\" data-attachment-id=\"26040\" data-permalink=\"https:\/\/kalot.com.mx\/site\/2016\/09\/07\/appleevent-novedades-la-keynote-2016\/depth\/\" data-orig-file=\"https:\/\/i0.wp.com\/kalot.com.mx\/site\/wp-content\/uploads\/2016\/09\/depth.jpg?fit=650%2C269&amp;ssl=1\" data-orig-size=\"650,269\" data-comments-opened=\"1\" data-image-meta=\"{&quot;aperture&quot;:&quot;0&quot;,&quot;credit&quot;:&quot;&quot;,&quot;camera&quot;:&quot;&quot;,&quot;caption&quot;:&quot;&quot;,&quot;created_timestamp&quot;:&quot;0&quot;,&quot;copyright&quot;:&quot;&quot;,&quot;focal_length&quot;:&quot;0&quot;,&quot;iso&quot;:&quot;0&quot;,&quot;shutter_speed&quot;:&quot;0&quot;,&quot;title&quot;:&quot;&quot;,&quot;orientation&quot;:&quot;0&quot;}\" data-image-title=\"depth\" data-image-description=\"\" data-image-caption=\"\" data-large-file=\"https:\/\/i0.wp.com\/kalot.com.mx\/site\/wp-content\/uploads\/2016\/09\/depth.jpg?fit=650%2C269&amp;ssl=1\" class=\"aligncenter wp-image-26040 size-full\" src=\"https:\/\/i0.wp.com\/kalot.com.mx\/site\/wp-content\/uploads\/2013\/08\/20130830-190129.jpg?fit=1536%2C1536&#038;ssl=1\" alt=\"depth\" width=\"1536\" height=\"1536\" \/><\/p>\n<p style=\"text-align: justify\">Un nuevo aliado para nuestras fotos, el\u00a0<em>Depth Effect,<\/em>\u00a0algo as\u00ed como cuando en tu foto de Instagram le metes el &#8220;desenfoque&#8221; la diferencia es que ahora ser\u00e1 natural, permitiendo un efecto <em>Bookeh <\/em>(como el de las luces de la invitaci\u00f3n al evento). No vendr\u00e1 por defecto en iOS 10, pero en una futura actualizaci\u00f3n lo tendremos en nuestros dispositivos.<\/p>\n<h3 id=\"sonido\" style=\"text-align: justify\">Sonido<\/h3>\n<p style=\"text-align: justify\"><img loading=\"lazy\" decoding=\"async\" data-attachment-id=\"26042\" data-permalink=\"https:\/\/kalot.com.mx\/site\/2016\/09\/07\/appleevent-novedades-la-keynote-2016\/speakers\/\" data-orig-file=\"https:\/\/i0.wp.com\/kalot.com.mx\/site\/wp-content\/uploads\/2016\/09\/speakers.jpg?fit=650%2C270&amp;ssl=1\" data-orig-size=\"650,270\" data-comments-opened=\"1\" data-image-meta=\"{&quot;aperture&quot;:&quot;0&quot;,&quot;credit&quot;:&quot;&quot;,&quot;camera&quot;:&quot;&quot;,&quot;caption&quot;:&quot;&quot;,&quot;created_timestamp&quot;:&quot;0&quot;,&quot;copyright&quot;:&quot;&quot;,&quot;focal_length&quot;:&quot;0&quot;,&quot;iso&quot;:&quot;0&quot;,&quot;shutter_speed&quot;:&quot;0&quot;,&quot;title&quot;:&quot;&quot;,&quot;orientation&quot;:&quot;0&quot;}\" data-image-title=\"speakers\" data-image-description=\"\" data-image-caption=\"\" data-large-file=\"https:\/\/i0.wp.com\/kalot.com.mx\/site\/wp-content\/uploads\/2016\/09\/speakers.jpg?fit=650%2C270&amp;ssl=1\" class=\"aligncenter wp-image-26042 size-full\" src=\"https:\/\/i0.wp.com\/kalot.com.mx\/site\/wp-content\/uploads\/2013\/08\/20130830-190129.jpg?fit=1536%2C1536&#038;ssl=1\" alt=\"speakers\" width=\"1536\" height=\"1536\" \/><\/p>\n<p style=\"text-align: justify\">Sonido est\u00e9reo en iPhone, una bocina abajo y una arriba, que funcionar\u00e1n cuando el dispositivo detecte que est\u00e1 en horizontal<\/p>\n<h3 id=\"bateria\" style=\"text-align: justify\">Bater\u00eda<\/h3>\n<p style=\"text-align: justify\">2 horas m\u00e1s que el iPhone 6S<\/p>\n<p style=\"text-align: justify\"><img loading=\"lazy\" decoding=\"async\" data-attachment-id=\"26048\" data-permalink=\"https:\/\/kalot.com.mx\/site\/2016\/09\/07\/appleevent-novedades-la-keynote-2016\/bat\/\" data-orig-file=\"https:\/\/i0.wp.com\/kalot.com.mx\/site\/wp-content\/uploads\/2016\/09\/bat.jpg?fit=650%2C268&amp;ssl=1\" data-orig-size=\"650,268\" data-comments-opened=\"1\" data-image-meta=\"{&quot;aperture&quot;:&quot;0&quot;,&quot;credit&quot;:&quot;&quot;,&quot;camera&quot;:&quot;&quot;,&quot;caption&quot;:&quot;&quot;,&quot;created_timestamp&quot;:&quot;0&quot;,&quot;copyright&quot;:&quot;&quot;,&quot;focal_length&quot;:&quot;0&quot;,&quot;iso&quot;:&quot;0&quot;,&quot;shutter_speed&quot;:&quot;0&quot;,&quot;title&quot;:&quot;&quot;,&quot;orientation&quot;:&quot;0&quot;}\" data-image-title=\"bat\" data-image-description=\"\" data-image-caption=\"\" data-large-file=\"https:\/\/i0.wp.com\/kalot.com.mx\/site\/wp-content\/uploads\/2016\/09\/bat.jpg?fit=650%2C268&amp;ssl=1\" class=\"aligncenter wp-image-26048 size-full\" src=\"https:\/\/i0.wp.com\/kalot.com.mx\/site\/wp-content\/uploads\/2013\/08\/20130830-190129.jpg?fit=1536%2C1536&#038;ssl=1\" alt=\"bat\" width=\"1536\" height=\"1536\" \/><\/p>\n<h3 id=\"lightning-airpods\" style=\"text-align: justify\">Lightning\u00a0AirPods<\/h3>\n<p style=\"text-align: justify\">Si quieres usar tus auriculares favoritos que no sean compatibles con\u00a0Lightning, Apple incluir\u00e1 un adaptador en tu iPhone 7 y iPhone 7 Plus.<\/p>\n<p style=\"text-align: justify\"><img loading=\"lazy\" decoding=\"async\" data-attachment-id=\"26043\" data-permalink=\"https:\/\/kalot.com.mx\/site\/2016\/09\/07\/appleevent-novedades-la-keynote-2016\/earpods\/\" data-orig-file=\"https:\/\/i0.wp.com\/kalot.com.mx\/site\/wp-content\/uploads\/2016\/09\/earpods.jpg?fit=650%2C269&amp;ssl=1\" data-orig-size=\"650,269\" data-comments-opened=\"1\" data-image-meta=\"{&quot;aperture&quot;:&quot;0&quot;,&quot;credit&quot;:&quot;&quot;,&quot;camera&quot;:&quot;&quot;,&quot;caption&quot;:&quot;&quot;,&quot;created_timestamp&quot;:&quot;0&quot;,&quot;copyright&quot;:&quot;&quot;,&quot;focal_length&quot;:&quot;0&quot;,&quot;iso&quot;:&quot;0&quot;,&quot;shutter_speed&quot;:&quot;0&quot;,&quot;title&quot;:&quot;&quot;,&quot;orientation&quot;:&quot;0&quot;}\" data-image-title=\"earpods\" data-image-description=\"\" data-image-caption=\"\" data-large-file=\"https:\/\/i0.wp.com\/kalot.com.mx\/site\/wp-content\/uploads\/2016\/09\/earpods.jpg?fit=650%2C269&amp;ssl=1\" class=\"aligncenter wp-image-26043 size-full\" src=\"https:\/\/i0.wp.com\/kalot.com.mx\/site\/wp-content\/uploads\/2013\/08\/20130830-190129.jpg?fit=1536%2C1536&#038;ssl=1\" alt=\"earpods\" width=\"1536\" height=\"1536\" \/><\/p>\n<h4 id=\"nuevos-auriculares-airpods\" style=\"text-align: justify\">Nuevos auriculares AirPods<\/h4>\n<p style=\"text-align: justify\">Como los cables son cosa del pasado conozcamos a los nuevos <strong>AirPods<\/strong><\/p>\n<p style=\"text-align: justify\"><img loading=\"lazy\" decoding=\"async\" data-attachment-id=\"26044\" data-permalink=\"https:\/\/kalot.com.mx\/site\/2016\/09\/07\/appleevent-novedades-la-keynote-2016\/airpods-1\/\" data-orig-file=\"https:\/\/i0.wp.com\/kalot.com.mx\/site\/wp-content\/uploads\/2016\/09\/airpods-1.jpg?fit=650%2C269&amp;ssl=1\" data-orig-size=\"650,269\" data-comments-opened=\"1\" data-image-meta=\"{&quot;aperture&quot;:&quot;0&quot;,&quot;credit&quot;:&quot;&quot;,&quot;camera&quot;:&quot;&quot;,&quot;caption&quot;:&quot;&quot;,&quot;created_timestamp&quot;:&quot;0&quot;,&quot;copyright&quot;:&quot;&quot;,&quot;focal_length&quot;:&quot;0&quot;,&quot;iso&quot;:&quot;0&quot;,&quot;shutter_speed&quot;:&quot;0&quot;,&quot;title&quot;:&quot;&quot;,&quot;orientation&quot;:&quot;0&quot;}\" data-image-title=\"airpods-1\" data-image-description=\"\" data-image-caption=\"\" data-large-file=\"https:\/\/i0.wp.com\/kalot.com.mx\/site\/wp-content\/uploads\/2016\/09\/airpods-1.jpg?fit=650%2C269&amp;ssl=1\" class=\"aligncenter wp-image-26044 size-full\" src=\"https:\/\/i0.wp.com\/kalot.com.mx\/site\/wp-content\/uploads\/2013\/08\/20130830-190129.jpg?fit=1536%2C1536&#038;ssl=1\" alt=\"airpods-1\" width=\"1536\" height=\"1536\" \/><\/p>\n<ul>\n<li style=\"text-align: justify\">W1 chip en los AirPods (chip que permite controlar y detectar cuando los tienes puestos)<\/li>\n<li style=\"text-align: justify\">Aceler\u00f3metro (responder\u00e1 a toques y vibraci\u00f3n de la voz)<\/li>\n<li style=\"text-align: justify\">Cargador inal\u00e1mbrico (se conecta cuando se aproxima al iPhone 7)<\/li>\n<li style=\"text-align: justify\">24 horas de m\u00fasica con una carga<\/li>\n<\/ul>\n<p><img loading=\"lazy\" decoding=\"async\" data-attachment-id=\"26046\" data-permalink=\"https:\/\/kalot.com.mx\/site\/2016\/09\/07\/appleevent-novedades-la-keynote-2016\/airpods-2\/\" data-orig-file=\"https:\/\/i0.wp.com\/kalot.com.mx\/site\/wp-content\/uploads\/2016\/09\/airpods-2.jpg?fit=650%2C308&amp;ssl=1\" data-orig-size=\"650,308\" data-comments-opened=\"1\" data-image-meta=\"{&quot;aperture&quot;:&quot;0&quot;,&quot;credit&quot;:&quot;&quot;,&quot;camera&quot;:&quot;&quot;,&quot;caption&quot;:&quot;&quot;,&quot;created_timestamp&quot;:&quot;0&quot;,&quot;copyright&quot;:&quot;&quot;,&quot;focal_length&quot;:&quot;0&quot;,&quot;iso&quot;:&quot;0&quot;,&quot;shutter_speed&quot;:&quot;0&quot;,&quot;title&quot;:&quot;&quot;,&quot;orientation&quot;:&quot;0&quot;}\" data-image-title=\"airpods-2\" data-image-description=\"\" data-image-caption=\"\" data-large-file=\"https:\/\/i0.wp.com\/kalot.com.mx\/site\/wp-content\/uploads\/2016\/09\/airpods-2.jpg?fit=650%2C308&amp;ssl=1\" class=\"aligncenter wp-image-26046 size-full\" src=\"https:\/\/i0.wp.com\/kalot.com.mx\/site\/wp-content\/uploads\/2013\/08\/20130830-190129.jpg?fit=1536%2C1536&#038;ssl=1\" alt=\"airpods-2\" width=\"1536\" height=\"1536\" \/><\/p>\n<p>Configuraci\u00f3n cruzada con iPhone, Apple Watch, todo un sistema arm\u00f3nico entre dispositivos.<\/p>\n<p>A partir de Octubre<\/p>\n<p><img loading=\"lazy\" decoding=\"async\" data-attachment-id=\"26055\" data-permalink=\"https:\/\/kalot.com.mx\/site\/2016\/09\/07\/appleevent-novedades-la-keynote-2016\/iphone-7\/\" data-orig-file=\"https:\/\/i0.wp.com\/kalot.com.mx\/site\/wp-content\/uploads\/2016\/09\/iphone-7.png?fit=1604%2C879&amp;ssl=1\" data-orig-size=\"1604,879\" data-comments-opened=\"1\" data-image-meta=\"{&quot;aperture&quot;:&quot;0&quot;,&quot;credit&quot;:&quot;&quot;,&quot;camera&quot;:&quot;&quot;,&quot;caption&quot;:&quot;&quot;,&quot;created_timestamp&quot;:&quot;0&quot;,&quot;copyright&quot;:&quot;&quot;,&quot;focal_length&quot;:&quot;0&quot;,&quot;iso&quot;:&quot;0&quot;,&quot;shutter_speed&quot;:&quot;0&quot;,&quot;title&quot;:&quot;&quot;,&quot;orientation&quot;:&quot;0&quot;}\" data-image-title=\"iphone-7\" data-image-description=\"\" data-image-caption=\"\" data-large-file=\"https:\/\/i0.wp.com\/kalot.com.mx\/site\/wp-content\/uploads\/2016\/09\/iphone-7.png?fit=1024%2C561&amp;ssl=1\" class=\"aligncenter size-full wp-image-26055\" src=\"https:\/\/i0.wp.com\/kalot.com.mx\/site\/wp-content\/uploads\/2013\/08\/20130830-190129.jpg?fit=1536%2C1536&#038;ssl=1\" alt=\"iphone-7\" width=\"1536\" height=\"1536\" \/><\/p>\n<h3 id=\"disponibilidad-del-iphone-7-y-7-plus-en-mexico\">Disponibilidad del iPhone 7 y 7 Plus en M\u00e9xico<\/h3>\n<p><img loading=\"lazy\" decoding=\"async\" data-attachment-id=\"26056\" data-permalink=\"https:\/\/kalot.com.mx\/site\/2016\/09\/07\/appleevent-novedades-la-keynote-2016\/iphone-7-precios\/\" data-orig-file=\"https:\/\/i0.wp.com\/kalot.com.mx\/site\/wp-content\/uploads\/2016\/09\/iphone-7-precios.png?fit=1003%2C871&amp;ssl=1\" data-orig-size=\"1003,871\" data-comments-opened=\"1\" data-image-meta=\"{&quot;aperture&quot;:&quot;0&quot;,&quot;credit&quot;:&quot;&quot;,&quot;camera&quot;:&quot;&quot;,&quot;caption&quot;:&quot;&quot;,&quot;created_timestamp&quot;:&quot;0&quot;,&quot;copyright&quot;:&quot;&quot;,&quot;focal_length&quot;:&quot;0&quot;,&quot;iso&quot;:&quot;0&quot;,&quot;shutter_speed&quot;:&quot;0&quot;,&quot;title&quot;:&quot;&quot;,&quot;orientation&quot;:&quot;0&quot;}\" data-image-title=\"iphone-7-precios\" data-image-description=\"\" data-image-caption=\"\" data-large-file=\"https:\/\/i0.wp.com\/kalot.com.mx\/site\/wp-content\/uploads\/2016\/09\/iphone-7-precios.png?fit=1003%2C871&amp;ssl=1\" class=\"aligncenter size-full wp-image-26056\" src=\"https:\/\/i0.wp.com\/kalot.com.mx\/site\/wp-content\/uploads\/2013\/08\/20130830-190129.jpg?fit=1536%2C1536&#038;ssl=1\" alt=\"iphone-7-precios\" width=\"1536\" height=\"1536\" \/><\/p>\n<h3 id=\"precio-iphone-7-y-7-plus-en-mexico-disponible-para-entrega-el-16-de-septiembre\">Precio iPhone 7 y 7 Plus en M\u00e9xico, disponible para entrega el 16 de septiembre<\/h3>\n<p><img loading=\"lazy\" decoding=\"async\" data-attachment-id=\"26057\" data-permalink=\"https:\/\/kalot.com.mx\/site\/2016\/09\/07\/appleevent-novedades-la-keynote-2016\/iphone-7-precio-mexico\/\" data-orig-file=\"https:\/\/i0.wp.com\/kalot.com.mx\/site\/wp-content\/uploads\/2016\/09\/iphone-7-precio-mexico.png?fit=1045%2C686&amp;ssl=1\" data-orig-size=\"1045,686\" data-comments-opened=\"1\" data-image-meta=\"{&quot;aperture&quot;:&quot;0&quot;,&quot;credit&quot;:&quot;&quot;,&quot;camera&quot;:&quot;&quot;,&quot;caption&quot;:&quot;&quot;,&quot;created_timestamp&quot;:&quot;0&quot;,&quot;copyright&quot;:&quot;&quot;,&quot;focal_length&quot;:&quot;0&quot;,&quot;iso&quot;:&quot;0&quot;,&quot;shutter_speed&quot;:&quot;0&quot;,&quot;title&quot;:&quot;&quot;,&quot;orientation&quot;:&quot;0&quot;}\" data-image-title=\"iphone-7-precio-mexico\" data-image-description=\"\" data-image-caption=\"\" data-large-file=\"https:\/\/i0.wp.com\/kalot.com.mx\/site\/wp-content\/uploads\/2016\/09\/iphone-7-precio-mexico.png?fit=1024%2C672&amp;ssl=1\" class=\"aligncenter size-full wp-image-26057\" src=\"https:\/\/i0.wp.com\/kalot.com.mx\/site\/wp-content\/uploads\/2013\/08\/20130830-190129.jpg?fit=1536%2C1536&#038;ssl=1\" alt=\"iphone-7-precio-mexico\" width=\"1536\" height=\"1536\" \/><\/p>\n<p>Aqu\u00ed les dejamos algunos <strong>videos promocionales de los nuevos devices de Apple<\/strong>, \u00bfcu\u00e1l piensan comprar?<\/p>\n<p><span class=\"embed-youtube\" style=\"text-align:center; display: block;\"><iframe class=\"youtube-player\" width=\"1200\" height=\"675\" src=\"https:\/\/www.youtube.com\/embed\/p2_O6M1m6xg?version=3&#038;rel=1&#038;showsearch=0&#038;showinfo=1&#038;iv_load_policy=1&#038;fs=1&#038;hl=es-MX&#038;autohide=2&#038;wmode=transparent\" allowfullscreen=\"true\" style=\"border:0;\" sandbox=\"allow-scripts allow-same-origin allow-popups allow-presentation allow-popups-to-escape-sandbox\"><\/iframe><\/span><\/p>\n<p><span class=\"embed-youtube\" style=\"text-align:center; display: block;\"><iframe class=\"youtube-player\" width=\"1200\" height=\"675\" src=\"https:\/\/www.youtube.com\/embed\/Q6dsRpVyyWs?version=3&#038;rel=1&#038;showsearch=0&#038;showinfo=1&#038;iv_load_policy=1&#038;fs=1&#038;hl=es-MX&#038;autohide=2&#038;wmode=transparent\" allowfullscreen=\"true\" style=\"border:0;\" sandbox=\"allow-scripts allow-same-origin allow-popups allow-presentation allow-popups-to-escape-sandbox\"><\/iframe><\/span><\/p>\n<p><span class=\"embed-youtube\" style=\"text-align:center; display: block;\"><iframe class=\"youtube-player\" width=\"1200\" height=\"675\" src=\"https:\/\/www.youtube.com\/embed\/RdtHX15sXiU?version=3&#038;rel=1&#038;showsearch=0&#038;showinfo=1&#038;iv_load_policy=1&#038;fs=1&#038;hl=es-MX&#038;autohide=2&#038;wmode=transparent\" allowfullscreen=\"true\" style=\"border:0;\" sandbox=\"allow-scripts allow-same-origin allow-popups allow-presentation allow-popups-to-escape-sandbox\"><\/iframe><\/span><\/p>\n<p><span class=\"embed-youtube\" style=\"text-align:center; display: block;\"><iframe class=\"youtube-player\" width=\"1200\" height=\"675\" src=\"https:\/\/www.youtube.com\/embed\/GeoUELDgyM4?version=3&#038;rel=1&#038;showsearch=0&#038;showinfo=1&#038;iv_load_policy=1&#038;fs=1&#038;hl=es-MX&#038;autohide=2&#038;wmode=transparent\" allowfullscreen=\"true\" style=\"border:0;\" sandbox=\"allow-scripts allow-same-origin allow-popups allow-presentation allow-popups-to-escape-sandbox\"><\/iframe><\/span><\/p>\n","protected":false},"excerpt":{"rendered":"Aqu\u00ed\u00a0un recuento de las principales novedades de la Keynote Mario se integra a la Appstore como &#8220;Super Mario&hellip;\n","protected":false},"author":160,"featured_media":26006,"comment_status":"open","ping_status":"open","sticky":false,"template":"","format":"standard","meta":{"jetpack_post_was_ever_published":false,"_jetpack_newsletter_access":"","_jetpack_dont_email_post_to_subs":false,"_jetpack_newsletter_tier_id":0,"_jetpack_memberships_contains_paywalled_content":false,"_jetpack_memberships_contains_paid_content":false,"footnotes":"","jetpack_publicize_message":"","jetpack_publicize_feature_enabled":true,"jetpack_social_post_already_shared":true,"jetpack_social_options":{"image_generator_settings":{"template":"highway","default_image_id":0,"font":"","enabled":false},"version":2}},"categories":[14,233,11,7,8],"tags":[309,797,800,798,315,799,796,801],"class_list":{"0":"post-26003","1":"post","2":"type-post","3":"status-publish","4":"format-standard","5":"has-post-thumbnail","7":"category-eventos","8":"category-gamers","9":"category-marketing","10":"category-novedades","11":"category-tecnologia","12":"tag-apple","13":"tag-apple-watch","14":"tag-appleevent","15":"tag-ios-10","16":"tag-iphone-7","17":"tag-iphone-7-plus","18":"tag-keynote","19":"tag-tim-cook","20":"cs-entry","21":"cs-video-wrap"},"yoast_head":"<!-- This site is optimized with the Yoast SEO plugin v27.5 - https:\/\/yoast.com\/product\/yoast-seo-wordpress\/ -->\n<title>#AppleEvent Lo que nos dej\u00f3 la Keynote 2016 - Kalot<\/title>\n<meta name=\"description\" content=\"Aqu\u00ed\u00a0un recuento de las principales novedades de la Keynote Mario se integra a la Appstore como &quot;Super Mario Run&quot; y Shigeru Miyamoto se hace presente!\" \/>\n<meta name=\"robots\" content=\"index, follow, max-snippet:-1, max-image-preview:large, max-video-preview:-1\" \/>\n<link rel=\"canonical\" href=\"https:\/\/kalot.com.mx\/site\/2016\/09\/07\/appleevent-novedades-la-keynote-2016\/\" \/>\n<meta property=\"og:locale\" content=\"es_MX\" \/>\n<meta property=\"og:type\" content=\"article\" \/>\n<meta property=\"og:title\" content=\"#AppleEvent Lo que nos dej\u00f3 la Keynote 2016 - Kalot\" \/>\n<meta property=\"og:description\" content=\"Aqu\u00ed\u00a0un recuento de las principales novedades de la Keynote Mario se integra a la Appstore como &quot;Super Mario Run&quot; y Shigeru Miyamoto se hace presente!\" \/>\n<meta property=\"og:url\" content=\"https:\/\/kalot.com.mx\/site\/2016\/09\/07\/appleevent-novedades-la-keynote-2016\/\" \/>\n<meta property=\"og:site_name\" content=\"Kalot\" \/>\n<meta property=\"article:publisher\" content=\"http:\/\/facebook.com\/mxkalot\" \/>\n<meta property=\"article:published_time\" content=\"2016-09-07T17:26:07+00:00\" \/>\n<meta property=\"article:modified_time\" content=\"2017-12-20T21:56:14+00:00\" \/>\n<meta property=\"og:image\" content=\"https:\/\/i0.wp.com\/kalot.com.mx\/site\/wp-content\/uploads\/2016\/09\/Keynote-7-septiembre-See-you-on-the-7th.jpeg?fit=2048%2C1340&ssl=1\" \/>\n\t<meta property=\"og:image:width\" content=\"2048\" \/>\n\t<meta property=\"og:image:height\" content=\"1340\" \/>\n\t<meta property=\"og:image:type\" content=\"image\/jpeg\" \/>\n<meta name=\"author\" content=\"Amauri Leija\" \/>\n<meta name=\"twitter:card\" content=\"summary_large_image\" \/>\n<meta name=\"twitter:creator\" content=\"@kalotmx\" \/>\n<meta name=\"twitter:site\" content=\"@kalotmx\" \/>\n<meta name=\"twitter:label1\" content=\"Escrito por\" \/>\n\t<meta name=\"twitter:data1\" content=\"Amauri Leija\" \/>\n\t<meta name=\"twitter:label2\" content=\"Tiempo de lectura\" \/>\n\t<meta name=\"twitter:data2\" content=\"5 minutos\" \/>\n<!-- \/ Yoast SEO plugin. -->","yoast_head_json":{"title":"#AppleEvent Lo que nos dej\u00f3 la Keynote 2016 - Kalot","description":"Aqu\u00ed\u00a0un recuento de las principales novedades de la Keynote Mario se integra a la Appstore como \"Super Mario Run\" y Shigeru Miyamoto se hace presente!","robots":{"index":"index","follow":"follow","max-snippet":"max-snippet:-1","max-image-preview":"max-image-preview:large","max-video-preview":"max-video-preview:-1"},"canonical":"https:\/\/kalot.com.mx\/site\/2016\/09\/07\/appleevent-novedades-la-keynote-2016\/","og_locale":"es_MX","og_type":"article","og_title":"#AppleEvent Lo que nos dej\u00f3 la Keynote 2016 - Kalot","og_description":"Aqu\u00ed\u00a0un recuento de las principales novedades de la Keynote Mario se integra a la Appstore como \"Super Mario Run\" y Shigeru Miyamoto se hace presente!","og_url":"https:\/\/kalot.com.mx\/site\/2016\/09\/07\/appleevent-novedades-la-keynote-2016\/","og_site_name":"Kalot","article_publisher":"http:\/\/facebook.com\/mxkalot","article_published_time":"2016-09-07T17:26:07+00:00","article_modified_time":"2017-12-20T21:56:14+00:00","og_image":[{"width":2048,"height":1340,"url":"https:\/\/i0.wp.com\/kalot.com.mx\/site\/wp-content\/uploads\/2016\/09\/Keynote-7-septiembre-See-you-on-the-7th.jpeg?fit=2048%2C1340&ssl=1","type":"image\/jpeg"}],"author":"Amauri Leija","twitter_card":"summary_large_image","twitter_creator":"@kalotmx","twitter_site":"@kalotmx","twitter_misc":{"Escrito por":"Amauri Leija","Tiempo de lectura":"5 minutos"},"schema":{"@context":"https:\/\/schema.org","@graph":[{"@type":"Article","@id":"https:\/\/kalot.com.mx\/site\/2016\/09\/07\/appleevent-novedades-la-keynote-2016\/#article","isPartOf":{"@id":"https:\/\/kalot.com.mx\/site\/2016\/09\/07\/appleevent-novedades-la-keynote-2016\/"},"author":{"name":"Amauri Leija","@id":"https:\/\/kalot.com.mx\/site\/#\/schema\/person\/65373deeb00426555e378973b8699965"},"headline":"#AppleEvent Lo que nos dej\u00f3 la Keynote 2016","datePublished":"2016-09-07T17:26:07+00:00","dateModified":"2017-12-20T21:56:14+00:00","mainEntityOfPage":{"@id":"https:\/\/kalot.com.mx\/site\/2016\/09\/07\/appleevent-novedades-la-keynote-2016\/"},"wordCount":996,"commentCount":2,"publisher":{"@id":"https:\/\/kalot.com.mx\/site\/#organization"},"image":{"@id":"https:\/\/kalot.com.mx\/site\/2016\/09\/07\/appleevent-novedades-la-keynote-2016\/#primaryimage"},"thumbnailUrl":"https:\/\/i0.wp.com\/kalot.com.mx\/site\/wp-content\/uploads\/2016\/09\/Keynote-7-septiembre-See-you-on-the-7th.jpeg?fit=2048%2C1340&ssl=1","keywords":["APPLE","Apple Watch","AppleEvent","iOS 10","iPhone 7","iPhone 7 Plus","Keynote","Tim Cook"],"articleSection":["Eventos","Gamers","Marketing","Novedades","Tecnolog\u00eda"],"inLanguage":"es","potentialAction":[{"@type":"CommentAction","name":"Comment","target":["https:\/\/kalot.com.mx\/site\/2016\/09\/07\/appleevent-novedades-la-keynote-2016\/#respond"]}]},{"@type":"WebPage","@id":"https:\/\/kalot.com.mx\/site\/2016\/09\/07\/appleevent-novedades-la-keynote-2016\/","url":"https:\/\/kalot.com.mx\/site\/2016\/09\/07\/appleevent-novedades-la-keynote-2016\/","name":"#AppleEvent Lo que nos dej\u00f3 la Keynote 2016 - Kalot","isPartOf":{"@id":"https:\/\/kalot.com.mx\/site\/#website"},"primaryImageOfPage":{"@id":"https:\/\/kalot.com.mx\/site\/2016\/09\/07\/appleevent-novedades-la-keynote-2016\/#primaryimage"},"image":{"@id":"https:\/\/kalot.com.mx\/site\/2016\/09\/07\/appleevent-novedades-la-keynote-2016\/#primaryimage"},"thumbnailUrl":"https:\/\/i0.wp.com\/kalot.com.mx\/site\/wp-content\/uploads\/2016\/09\/Keynote-7-septiembre-See-you-on-the-7th.jpeg?fit=2048%2C1340&ssl=1","datePublished":"2016-09-07T17:26:07+00:00","dateModified":"2017-12-20T21:56:14+00:00","description":"Aqu\u00ed\u00a0un recuento de las principales novedades de la Keynote Mario se integra a la Appstore como \"Super Mario Run\" y Shigeru Miyamoto se hace presente!","breadcrumb":{"@id":"https:\/\/kalot.com.mx\/site\/2016\/09\/07\/appleevent-novedades-la-keynote-2016\/#breadcrumb"},"inLanguage":"es","potentialAction":[{"@type":"ReadAction","target":["https:\/\/kalot.com.mx\/site\/2016\/09\/07\/appleevent-novedades-la-keynote-2016\/"]}]},{"@type":"ImageObject","inLanguage":"es","@id":"https:\/\/kalot.com.mx\/site\/2016\/09\/07\/appleevent-novedades-la-keynote-2016\/#primaryimage","url":"https:\/\/i0.wp.com\/kalot.com.mx\/site\/wp-content\/uploads\/2016\/09\/Keynote-7-septiembre-See-you-on-the-7th.jpeg?fit=2048%2C1340&ssl=1","contentUrl":"https:\/\/i0.wp.com\/kalot.com.mx\/site\/wp-content\/uploads\/2016\/09\/Keynote-7-septiembre-See-you-on-the-7th.jpeg?fit=2048%2C1340&ssl=1","width":2048,"height":1340},{"@type":"BreadcrumbList","@id":"https:\/\/kalot.com.mx\/site\/2016\/09\/07\/appleevent-novedades-la-keynote-2016\/#breadcrumb","itemListElement":[{"@type":"ListItem","position":1,"name":"Home","item":"https:\/\/kalot.com.mx\/site\/"},{"@type":"ListItem","position":2,"name":"#AppleEvent Lo que nos dej\u00f3 la Keynote 2016"}]},{"@type":"WebSite","@id":"https:\/\/kalot.com.mx\/site\/#website","url":"https:\/\/kalot.com.mx\/site\/","name":"Kalot","description":"Conoce Todo Sobre Todo","publisher":{"@id":"https:\/\/kalot.com.mx\/site\/#organization"},"potentialAction":[{"@type":"SearchAction","target":{"@type":"EntryPoint","urlTemplate":"https:\/\/kalot.com.mx\/site\/?s={search_term_string}"},"query-input":{"@type":"PropertyValueSpecification","valueRequired":true,"valueName":"search_term_string"}}],"inLanguage":"es"},{"@type":"Organization","@id":"https:\/\/kalot.com.mx\/site\/#organization","name":"Kalot","url":"https:\/\/kalot.com.mx\/site\/","logo":{"@type":"ImageObject","inLanguage":"es","@id":"https:\/\/kalot.com.mx\/site\/#\/schema\/logo\/image\/","url":"https:\/\/i0.wp.com\/kalot.com.mx\/site\/wp-content\/uploads\/2020\/04\/Kalot-logo-sin-tagline.png?fit=1707%2C1014&ssl=1","contentUrl":"https:\/\/i0.wp.com\/kalot.com.mx\/site\/wp-content\/uploads\/2020\/04\/Kalot-logo-sin-tagline.png?fit=1707%2C1014&ssl=1","width":1707,"height":1014,"caption":"Kalot"},"image":{"@id":"https:\/\/kalot.com.mx\/site\/#\/schema\/logo\/image\/"},"sameAs":["http:\/\/facebook.com\/mxkalot","https:\/\/x.com\/kalotmx","http:\/\/instagram.com\/kalotmx","http:\/\/pinterest.com\/jorgeerana\/kalot"]},{"@type":"Person","@id":"https:\/\/kalot.com.mx\/site\/#\/schema\/person\/65373deeb00426555e378973b8699965","name":"Amauri Leija","image":{"@type":"ImageObject","inLanguage":"es","@id":"https:\/\/secure.gravatar.com\/avatar\/2176cd85d96981388ff73f6a78c6f87ce4569a4e2b81fd43f075662e2af43ce6?s=96&d=mm&r=g","url":"https:\/\/secure.gravatar.com\/avatar\/2176cd85d96981388ff73f6a78c6f87ce4569a4e2b81fd43f075662e2af43ce6?s=96&d=mm&r=g","contentUrl":"https:\/\/secure.gravatar.com\/avatar\/2176cd85d96981388ff73f6a78c6f87ce4569a4e2b81fd43f075662e2af43ce6?s=96&d=mm&r=g","caption":"Amauri Leija"},"description":"No soy estudiante. Potosino. Tecnogeek. Cinefilo. Fan de Hayao Miyazaki, Satoru Iwata y el Ferras.","url":"https:\/\/kalot.com.mx\/site\/author\/amauri\/"}]}},"jetpack_publicize_connections":[],"jetpack_featured_media_url":"https:\/\/i0.wp.com\/kalot.com.mx\/site\/wp-content\/uploads\/2016\/09\/Keynote-7-septiembre-See-you-on-the-7th.jpeg?fit=2048%2C1340&ssl=1","jetpack_shortlink":"https:\/\/wp.me\/p6IHEI-6Lp","jetpack-related-posts":[{"id":25996,"url":"https:\/\/kalot.com.mx\/site\/2016\/09\/07\/donde-ver-la-keynote-ios-mac-windos-android\/","url_meta":{"origin":26003,"position":0},"title":"D\u00f3nde ver la Keynote! iOS, Mac, Windows, Android #AppleEvent","author":"Amauri Leija","date":"7 septiembre, 2016","format":false,"excerpt":"Hoy tienen\u00a0una cita los seguidores de\u00a0Apple La marca de la manzana no\u00a0ha confirmado ni desmentido de manera oficial el motivo del evento pero probablemente todo indica que sera la presentaci\u00f3n de los nuevos equipos iPhone 7 y iPhone 7 Plus. Tambi\u00e9n es posible que veamos\u00a0una nueva versi\u00f3n del Apple Watch.\u2026","rel":"","context":"En &quot;Marketing&quot;","block_context":{"text":"Marketing","link":"https:\/\/kalot.com.mx\/site\/category\/marketing\/"},"img":{"alt_text":"","src":"https:\/\/i0.wp.com\/kalot.com.mx\/site\/wp-content\/uploads\/2016\/09\/1024_2000.png?fit=1024%2C1024&ssl=1&resize=350%2C200","width":350,"height":200,"srcset":"https:\/\/i0.wp.com\/kalot.com.mx\/site\/wp-content\/uploads\/2016\/09\/1024_2000.png?fit=1024%2C1024&ssl=1&resize=350%2C200 1x, https:\/\/i0.wp.com\/kalot.com.mx\/site\/wp-content\/uploads\/2016\/09\/1024_2000.png?fit=1024%2C1024&ssl=1&resize=525%2C300 1.5x, https:\/\/i0.wp.com\/kalot.com.mx\/site\/wp-content\/uploads\/2016\/09\/1024_2000.png?fit=1024%2C1024&ssl=1&resize=700%2C400 2x"},"classes":[]},{"id":16585,"url":"https:\/\/kalot.com.mx\/site\/2014\/06\/02\/novedades-de-la-keynote-apple-wwdc14\/","url_meta":{"origin":26003,"position":1},"title":"Novedades de la Keynote Apple #WWDC14","author":"Cecilia Mata","date":"2 junio, 2014","format":false,"excerpt":"Hoy fue el gran d\u00eda para Apple \u00a0ya que arranco la WWDC \u00a0la keynote inaugural al frente de Tim Cook, que sin dudas hoy fue un d\u00eda de sorpresas para todos. Empezamos con la presencia de Tim cook que comenz\u00f3 hablando de lo importante que es la WWDC para los\u2026","rel":"","context":"Con 1 comentario","block_context":{"text":"Con 1 comentario","link":"https:\/\/kalot.com.mx\/site\/2014\/06\/02\/novedades-de-la-keynote-apple-wwdc14\/#comments"},"img":{"alt_text":"","src":"https:\/\/i0.wp.com\/kalot.com.mx\/site\/wp-content\/uploads\/2014\/06\/WWDC-2014-Grid-61-1024x576.jpg?fit=1024%2C576&ssl=1&resize=350%2C200","width":350,"height":200,"srcset":"https:\/\/i0.wp.com\/kalot.com.mx\/site\/wp-content\/uploads\/2014\/06\/WWDC-2014-Grid-61-1024x576.jpg?fit=1024%2C576&ssl=1&resize=350%2C200 1x, https:\/\/i0.wp.com\/kalot.com.mx\/site\/wp-content\/uploads\/2014\/06\/WWDC-2014-Grid-61-1024x576.jpg?fit=1024%2C576&ssl=1&resize=525%2C300 1.5x, https:\/\/i0.wp.com\/kalot.com.mx\/site\/wp-content\/uploads\/2014\/06\/WWDC-2014-Grid-61-1024x576.jpg?fit=1024%2C576&ssl=1&resize=700%2C400 2x"},"classes":[]},{"id":26079,"url":"https:\/\/kalot.com.mx\/site\/2016\/09\/09\/apple-e-ios10\/","url_meta":{"origin":26003,"position":2},"title":"Apple e #iOS10","author":"Amauri Leija","date":"9 septiembre, 2016","format":false,"excerpt":"Novedades de iOS 10 Despu\u00e9s de que todos vi\u00e9ramos la Keynote donde Apple present\u00f3 el nuevo iPhone 7, sali\u00f3 la versi\u00f3n Golden Master de iOS 10 para desarrolladores, fue cuesti\u00f3n de horas para que la versi\u00f3n Golden Master p\u00fablica se presentara. Y a todo esto \u00bfQu\u00e9 tiene de nuevo iOS10?\u2026","rel":"","context":"En &quot;Novedades&quot;","block_context":{"text":"Novedades","link":"https:\/\/kalot.com.mx\/site\/category\/novedades\/"},"img":{"alt_text":"","src":"https:\/\/i0.wp.com\/kalot.com.mx\/site\/wp-content\/uploads\/2016\/09\/ios10.png?fit=1200%2C549&ssl=1&resize=350%2C200","width":350,"height":200,"srcset":"https:\/\/i0.wp.com\/kalot.com.mx\/site\/wp-content\/uploads\/2016\/09\/ios10.png?fit=1200%2C549&ssl=1&resize=350%2C200 1x, https:\/\/i0.wp.com\/kalot.com.mx\/site\/wp-content\/uploads\/2016\/09\/ios10.png?fit=1200%2C549&ssl=1&resize=525%2C300 1.5x, https:\/\/i0.wp.com\/kalot.com.mx\/site\/wp-content\/uploads\/2016\/09\/ios10.png?fit=1200%2C549&ssl=1&resize=700%2C400 2x, https:\/\/i0.wp.com\/kalot.com.mx\/site\/wp-content\/uploads\/2016\/09\/ios10.png?fit=1200%2C549&ssl=1&resize=1050%2C600 3x"},"classes":[]},{"id":16553,"url":"https:\/\/kalot.com.mx\/site\/2014\/05\/30\/que-esperamos-de-la-wwdc-2014\/","url_meta":{"origin":26003,"position":3},"title":"\u00bfQu\u00e9 esperamos de la WWDC 2014?","author":"Cecilia Mata","date":"30 mayo, 2014","format":false,"excerpt":"Durante los \u00faltimos seis a\u00f1os, se ha producido un cambio cultural masivo. Ha cambiado la forma en que interactuamos con los dem\u00e1s,\u00a0 aprendemos cosas nuevas, nos entretenemos, hacemos nuestro trabajo Y vivimos \u00a0nuestras vidas diarias. Todo esto gracias a los desarrolladores y las aplicaciones que crean. La Apple WorldWide Developers\u2026","rel":"","context":"Entrada similar ","block_context":{"text":"Entrada similar ","link":""},"img":{"alt_text":"","src":"https:\/\/i0.wp.com\/kalot.com.mx\/site\/wp-content\/uploads\/2014\/05\/apple_wwdc_2014_wallpaper_mac_pc_by_dhanushparekh-d7cvr6b.jpg?fit=1024%2C576&ssl=1&resize=350%2C200","width":350,"height":200,"srcset":"https:\/\/i0.wp.com\/kalot.com.mx\/site\/wp-content\/uploads\/2014\/05\/apple_wwdc_2014_wallpaper_mac_pc_by_dhanushparekh-d7cvr6b.jpg?fit=1024%2C576&ssl=1&resize=350%2C200 1x, https:\/\/i0.wp.com\/kalot.com.mx\/site\/wp-content\/uploads\/2014\/05\/apple_wwdc_2014_wallpaper_mac_pc_by_dhanushparekh-d7cvr6b.jpg?fit=1024%2C576&ssl=1&resize=525%2C300 1.5x, https:\/\/i0.wp.com\/kalot.com.mx\/site\/wp-content\/uploads\/2014\/05\/apple_wwdc_2014_wallpaper_mac_pc_by_dhanushparekh-d7cvr6b.jpg?fit=1024%2C576&ssl=1&resize=700%2C400 2x"},"classes":[]},{"id":26156,"url":"https:\/\/kalot.com.mx\/site\/2016\/09\/13\/app-store-messages-ios10\/","url_meta":{"origin":26003,"position":4},"title":"App Store para Messages de #iOS10","author":"Amauri Leija","date":"13 septiembre, 2016","format":false,"excerpt":"Conoce lo nuevo de\u00a0Mensajes A tan solo poco tiempo del lanzamiento oficial de iOS 10, Apple ha decidido dar luz verde a la App Store de Mensajes. Aplicaci\u00f3n oficial de mensajer\u00eda instant\u00e1nea de dispositivos Apple, a\u00f1adiendo todos los beneficios que nos brindar\u00e1 como son\u00a0extensiones,\u00a0utilidades, juegos, y stickers (como los de\u2026","rel":"","context":"En &quot;Novedades&quot;","block_context":{"text":"Novedades","link":"https:\/\/kalot.com.mx\/site\/category\/novedades\/"},"img":{"alt_text":"","src":"https:\/\/i0.wp.com\/kalot.com.mx\/site\/wp-content\/uploads\/2016\/09\/asset-1-2.png?fit=744%2C305&ssl=1&resize=350%2C200","width":350,"height":200,"srcset":"https:\/\/i0.wp.com\/kalot.com.mx\/site\/wp-content\/uploads\/2016\/09\/asset-1-2.png?fit=744%2C305&ssl=1&resize=350%2C200 1x, https:\/\/i0.wp.com\/kalot.com.mx\/site\/wp-content\/uploads\/2016\/09\/asset-1-2.png?fit=744%2C305&ssl=1&resize=525%2C300 1.5x, https:\/\/i0.wp.com\/kalot.com.mx\/site\/wp-content\/uploads\/2016\/09\/asset-1-2.png?fit=744%2C305&ssl=1&resize=700%2C400 2x"},"classes":[]},{"id":19131,"url":"https:\/\/kalot.com.mx\/site\/2014\/11\/07\/microsoft-office-llega-ios\/","url_meta":{"origin":26003,"position":5},"title":"Microsoft Office llega a iOS","author":"Adrian Aldana","date":"7 noviembre, 2014","format":false,"excerpt":"\u00a1Hola a Todos! Como recordar\u00e1n anteriormente Microsoft hab\u00eda lanzado Office Mobile\u00a0la cu\u00e1l permit\u00eda\u00a0viisualizar documentos de las 3 plataformas, sin embargo la edici\u00f3n s\u00f3lo era posible por medio de la adquisici\u00f3n de una licencia de Office 365\u00a0y entonces ya podr\u00edas editar en\u00a0los dispositivos Apple (iOS, iPad, iPod). Pues ahora tenemos novedades,\u2026","rel":"","context":"Entrada similar ","block_context":{"text":"Entrada similar ","link":""},"img":{"alt_text":"","src":"https:\/\/i0.wp.com\/kalot.com.mx\/site\/wp-content\/uploads\/2014\/11\/Excel1.png?resize=350%2C200","width":350,"height":200,"srcset":"https:\/\/i0.wp.com\/kalot.com.mx\/site\/wp-content\/uploads\/2014\/11\/Excel1.png?resize=350%2C200 1x, https:\/\/i0.wp.com\/kalot.com.mx\/site\/wp-content\/uploads\/2014\/11\/Excel1.png?resize=525%2C300 1.5x"},"classes":[]}],"jetpack_sharing_enabled":true,"_links":{"self":[{"href":"https:\/\/kalot.com.mx\/site\/wp-json\/wp\/v2\/posts\/26003","targetHints":{"allow":["GET"]}}],"collection":[{"href":"https:\/\/kalot.com.mx\/site\/wp-json\/wp\/v2\/posts"}],"about":[{"href":"https:\/\/kalot.com.mx\/site\/wp-json\/wp\/v2\/types\/post"}],"author":[{"embeddable":true,"href":"https:\/\/kalot.com.mx\/site\/wp-json\/wp\/v2\/users\/160"}],"replies":[{"embeddable":true,"href":"https:\/\/kalot.com.mx\/site\/wp-json\/wp\/v2\/comments?post=26003"}],"version-history":[{"count":25,"href":"https:\/\/kalot.com.mx\/site\/wp-json\/wp\/v2\/posts\/26003\/revisions"}],"predecessor-version":[{"id":28040,"href":"https:\/\/kalot.com.mx\/site\/wp-json\/wp\/v2\/posts\/26003\/revisions\/28040"}],"wp:featuredmedia":[{"embeddable":true,"href":"https:\/\/kalot.com.mx\/site\/wp-json\/wp\/v2\/media\/26006"}],"wp:attachment":[{"href":"https:\/\/kalot.com.mx\/site\/wp-json\/wp\/v2\/media?parent=26003"}],"wp:term":[{"taxonomy":"category","embeddable":true,"href":"https:\/\/kalot.com.mx\/site\/wp-json\/wp\/v2\/categories?post=26003"},{"taxonomy":"post_tag","embeddable":true,"href":"https:\/\/kalot.com.mx\/site\/wp-json\/wp\/v2\/tags?post=26003"}],"curies":[{"name":"wp","href":"https:\/\/api.w.org\/{rel}","templated":true}]}}