{"id":25724,"date":"2016-08-07T13:00:10","date_gmt":"2016-08-07T19:00:10","guid":{"rendered":"http:\/\/kalot.com.mx\/site\/?p=25724"},"modified":"2016-08-07T13:19:58","modified_gmt":"2016-08-07T19:19:58","slug":"14-datos-stranger-things-te-haran-verla-podcast","status":"publish","type":"post","link":"https:\/\/kalot.com.mx\/site\/2016\/08\/07\/14-datos-stranger-things-te-haran-verla-podcast\/","title":{"rendered":"14 datos sobre Stranger Things que te har\u00e1n verla  #Podcast"},"content":{"rendered":"<h4 id=\"1-fue-lanzada-el-15-de-julio-de-2016-y-aunque-no-lo-creas-fue-rechazada-entre-15-y-20-veces-por-diferentes-cadenas-de-television-ya-que-les-aterrorizaba-la-idea-de-una-serie-para-adultos82\">1- Fue lanzada el 15 de julio de 2016 y aunque no lo creas fue rechazada entre 15 y 20 veces por diferentes cadenas de televisi\u00f3n ya que les aterrorizaba la idea de una serie para \u201cadultos&#8221; estelarizada por ni\u00f1os.<\/h4>\n<p><img data-recalc-dims=\"1\" decoding=\"async\" src=\"https:\/\/i0.wp.com\/media.giphy.com\/media\/3o6Ztf6n7TSvCzXz0s\/giphy.gif?w=1200&#038;ssl=1\" alt=\"\" \/><\/p>\n<p>2-La serie es creada por los hermanos Matt y Ross Duffer \u00a0es un homenaje genial al cine ochentero , con referencias a Steven Spielberg y Steven King entre muchas otras.<\/p>\n<h4 id=\"3-eleven-es-interpretada-por-millie-bobby-brown-la-produccion-la-convencio-de-cortarse-el-pelo-mostrandole-la-imagen-de-charlize-theron-en-su-personaje-para-mad-max-fury-road\">3-&#8220;Eleven&#8221; es interpretada por\u00a0Millie Bobby Brown la producci\u00f3n la convenci\u00f3 de cortarse el pelo mostr\u00e1ndole la imagen de Charlize Theron en su personaje para Mad Max Fury Road.<\/h4>\n<p><img data-recalc-dims=\"1\" decoding=\"async\" src=\"https:\/\/i0.wp.com\/media.giphy.com\/media\/l0MYA8ZKWJwFOlP9K\/giphy.gif?w=1200&#038;ssl=1\" alt=\"\" \/><\/p>\n<p>4-Los hermanos Duffer han recibido felicitaciones por parte de el mismo Steven King dici\u00e9ndoles que la serie es todo un \u00e9xito, esto v\u00eda twitter.<\/p>\n<h4 id=\"5-la-produccion-audiciono-mas-de-935-ninos-y-307-ninas-para-la-serie\">5-La producci\u00f3n audicion\u00f3 m\u00e1s de 935 ni\u00f1os y 307 ni\u00f1as para la serie.<\/h4>\n<p>6-La escena de la piscina en donde 11 flota se hizo realmente con 544 kilogramos de sal.<\/p>\n<p><img data-recalc-dims=\"1\" decoding=\"async\" src=\"https:\/\/i0.wp.com\/media.giphy.com\/media\/3o7TKVhFvrfc9xz0aY\/giphy.gif?w=1200&#038;ssl=1\" alt=\"\" \/><\/p>\n<h4 id=\"7-the-bargain-store-dolly-parton-africa-toto-hazy-shade-of-winter-the-bangles-should-i-stay-or-should-i-go-the-clash-son-canciones-que-aparecen-en-dife\">7-The Bargain Store \u2013 Dolly Parton, Africa \u2013 Toto Hazy Shade of Winter \u2013 The Bangles \u00a0,Should I Stay or Should I Go \u2013 The Clash, son canciones que aparecen en diferentes cap\u00edtulos a lo largo de la primera y \u00fanica temporada hasta el momento.<\/h4>\n<p>8-La trama plantea misterio al instante desde el primer capitulo un ni\u00f1o desaparece en un peque\u00f1o pueblo , \u00a0y gente empieza a fallecer.<\/p>\n<p><img data-recalc-dims=\"1\" decoding=\"async\" src=\"https:\/\/i0.wp.com\/media.giphy.com\/media\/3o7TKyumrzU4NoAUIU\/giphy.gif?w=1200&#038;ssl=1\" alt=\"\" \/><\/p>\n<p>9-Cuenta con una atm\u00f3sfera ochentera completamente (si sabemos que eres viejo).<\/p>\n<h4 id=\"10-el-diseno-de-arte-es-espectacular-te-envuelve-por-completo\">10-El dise\u00f1o de arte es espectacular te envuelve por completo.<\/h4>\n<p><img data-recalc-dims=\"1\" decoding=\"async\" src=\"https:\/\/i0.wp.com\/media.giphy.com\/media\/l0MYMRR8vPtN7D5W8\/giphy.gif?w=1200&#038;ssl=1\" alt=\"\" \/><\/p>\n<p>11-Te resultaran familiares cosas como \u00a0Star Wars, X-men, Atari, Calabozos y Dragones y muchas m\u00e1s referencias geeks.<\/p>\n<h4 id=\"12-los-personajes-son-entranables-lejos-de-winona-ryder-regresando-a-las-pantallas-y-sin-querer-robar-nada-el-grupo-de-ninos-se-lleva-la-trama-destaca-valores-como-la-amistad-y-el-companerismo\">12-Los personajes son entra\u00f1ables, lejos de Winona Ryder regresando a las pantallas (y sin querer robar nada), el grupo de ni\u00f1os se lleva la trama, destaca valores como la amistad y el compa\u00f1erismo, \u00a0una clara reminiscencia a Stand by me.<\/h4>\n<p><img data-recalc-dims=\"1\" decoding=\"async\" src=\"https:\/\/i0.wp.com\/media.giphy.com\/media\/3o6Ztm0Lv2eAMmNiZq\/giphy.gif?w=1200&#038;ssl=1\" alt=\"\" \/><\/p>\n<p>13-Hay un balance en las historias , cada personaje tiene su trama que se entrelaza con las de los dem\u00e1s.<\/p>\n<h4 id=\"14-posers-tienen-derecho-de-serlo-la-serie-da-para-eso-y-mas\">14- Posers tienen derecho de serlo (la serie da para eso y m\u00e1s).<\/h4>\n<h1 id=\"podcast\" style=\"text-align: center\"><span style=\"color: #ff0000\">#PODCAST<\/span><\/h1>\n<p><iframe title=\"STRANGER THINGS by Christian Flores\" width=\"1200\" height=\"400\" scrolling=\"no\" frameborder=\"no\" src=\"https:\/\/w.soundcloud.com\/player\/?visual=true&#038;url=https%3A%2F%2Fapi.soundcloud.com%2Ftracks%2F277186639&#038;show_artwork=true&#038;maxwidth=1200&#038;maxheight=1000&#038;dnt=1\"><\/iframe><\/p>\n<p><strong>Bonus:<\/strong> Encuentre usted, las 3 muletillas , 1 pleonasmo, 2 malas pronunciaciones en Ingl\u00e9s Martadebaylesco , los 2 errores en el podcast y gane un bonito premio (No mayor a $30.00 IVA INCLUIDO). (Es el primero no me juzguen)<\/p>\n<p>Agradezco al equipo de producci\u00f3n de <a href=\"http:\/\/www.playpublicidad.mx\" target=\"_blank\">www.playpublicidad.mx<\/a> por hacer posible la realizaci\u00f3n del podcast. (Por cierto ellos no se equivocaron)<br \/>\n<div class=\"embed-vimeo\" style=\"text-align: center;\"><iframe src=\"https:\/\/player.vimeo.com\/video\/175929311\" width=\"640\" height=\"360\" frameborder=\"0\" webkitallowfullscreen mozallowfullscreen allowfullscreen><\/iframe><\/div>\n<p><a href=\"https:\/\/vimeo.com\/175929311\">References to 70-80&#039;s movies in Stranger Things<\/a> from <a href=\"https:\/\/vimeo.com\/user18238325\">Ulysse Thevenon<\/a> on <a href=\"https:\/\/vimeo.com\">Vimeo<\/a>.<\/p>\n<h1 id=\"pd-si-no-la-han-visto-veanla-ya-no-manchen\" style=\"text-align: center\">PD. (SI NO LA HAN VISTO) V\u00c9ANLA YA, NO MANCHEN<\/h1>\n<p>&nbsp;<\/p>\n","protected":false},"excerpt":{"rendered":"1- Fue lanzada el 15 de julio de 2016 y aunque no lo creas fue rechazada entre 15&hellip;\n","protected":false},"author":32,"featured_media":25732,"comment_status":"open","ping_status":"open","sticky":false,"template":"","format":"standard","meta":{"jetpack_post_was_ever_published":false,"_jetpack_newsletter_access":"","_jetpack_dont_email_post_to_subs":false,"_jetpack_newsletter_tier_id":0,"_jetpack_memberships_contains_paywalled_content":false,"_jetpack_memberships_contains_paid_content":false,"footnotes":"","jetpack_publicize_message":"14 datos sobre Stranger Things que te har\u00e1n verla  #Podcast","jetpack_publicize_feature_enabled":true,"jetpack_social_post_already_shared":true,"jetpack_social_options":{"image_generator_settings":{"template":"highway","default_image_id":0,"font":"","enabled":false},"version":2}},"categories":[9,13,10,7],"tags":[28,528,711,712,713],"class_list":{"0":"post-25724","1":"post","2":"type-post","3":"status-publish","4":"format-standard","5":"has-post-thumbnail","7":"category-cine","8":"category-cultura","9":"category-musica","10":"category-novedades","11":"tag-mexico","12":"tag-netflix","13":"tag-novedades","14":"tag-podcast","15":"tag-stranger-things","16":"cs-entry","17":"cs-video-wrap"},"yoast_head":"<!-- This site is optimized with the Yoast SEO plugin v27.4 - https:\/\/yoast.com\/product\/yoast-seo-wordpress\/ -->\n<title>14 datos sobre Stranger Things que te har\u00e1n verla #Podcast - Kalot<\/title>\n<meta name=\"description\" content=\"1- Fue lanzada el 15 de julio de 2016 y aunque no lo creas fue rechazada entre 15 y 20 veces por diferentes cadenas de televisi\u00f3n ya que les aterrorizaba\" \/>\n<meta name=\"robots\" content=\"index, follow, max-snippet:-1, max-image-preview:large, max-video-preview:-1\" \/>\n<link rel=\"canonical\" href=\"https:\/\/kalot.com.mx\/site\/2016\/08\/07\/14-datos-stranger-things-te-haran-verla-podcast\/\" \/>\n<meta property=\"og:locale\" content=\"es_MX\" \/>\n<meta property=\"og:type\" content=\"article\" \/>\n<meta property=\"og:title\" content=\"14 datos sobre Stranger Things que te har\u00e1n verla #Podcast - Kalot\" \/>\n<meta property=\"og:description\" content=\"1- Fue lanzada el 15 de julio de 2016 y aunque no lo creas fue rechazada entre 15 y 20 veces por diferentes cadenas de televisi\u00f3n ya que les aterrorizaba\" \/>\n<meta property=\"og:url\" content=\"https:\/\/kalot.com.mx\/site\/2016\/08\/07\/14-datos-stranger-things-te-haran-verla-podcast\/\" \/>\n<meta property=\"og:site_name\" content=\"Kalot\" \/>\n<meta property=\"article:publisher\" content=\"http:\/\/facebook.com\/mxkalot\" \/>\n<meta property=\"article:author\" content=\"https:\/\/www.facebook.com\/christiansoyyo\" \/>\n<meta property=\"article:published_time\" content=\"2016-08-07T19:00:10+00:00\" \/>\n<meta property=\"article:modified_time\" content=\"2016-08-07T19:19:58+00:00\" \/>\n<meta property=\"og:image\" content=\"https:\/\/i2.wp.com\/kalot.com.mx\/site\/wp-content\/uploads\/2016\/08\/strangerthingsposter.jpg?fit=1280%2C1896&ssl=1\" \/>\n\t<meta property=\"og:image:width\" content=\"1280\" \/>\n\t<meta property=\"og:image:height\" content=\"1896\" \/>\n\t<meta property=\"og:image:type\" content=\"image\/jpeg\" \/>\n<meta name=\"author\" content=\"Christian Flores\" \/>\n<meta name=\"twitter:card\" content=\"summary_large_image\" \/>\n<meta name=\"twitter:creator\" content=\"@https:\/\/twitter.com\/_CristianFlores\" \/>\n<meta name=\"twitter:site\" content=\"@kalotmx\" \/>\n<meta name=\"twitter:label1\" content=\"Escrito por\" \/>\n\t<meta name=\"twitter:data1\" content=\"Christian Flores\" \/>\n\t<meta name=\"twitter:label2\" content=\"Tiempo de lectura\" \/>\n\t<meta name=\"twitter:data2\" content=\"2 minutos\" \/>\n<!-- \/ Yoast SEO plugin. -->","yoast_head_json":{"title":"14 datos sobre Stranger Things que te har\u00e1n verla #Podcast - Kalot","description":"1- Fue lanzada el 15 de julio de 2016 y aunque no lo creas fue rechazada entre 15 y 20 veces por diferentes cadenas de televisi\u00f3n ya que les aterrorizaba","robots":{"index":"index","follow":"follow","max-snippet":"max-snippet:-1","max-image-preview":"max-image-preview:large","max-video-preview":"max-video-preview:-1"},"canonical":"https:\/\/kalot.com.mx\/site\/2016\/08\/07\/14-datos-stranger-things-te-haran-verla-podcast\/","og_locale":"es_MX","og_type":"article","og_title":"14 datos sobre Stranger Things que te har\u00e1n verla #Podcast - Kalot","og_description":"1- Fue lanzada el 15 de julio de 2016 y aunque no lo creas fue rechazada entre 15 y 20 veces por diferentes cadenas de televisi\u00f3n ya que les aterrorizaba","og_url":"https:\/\/kalot.com.mx\/site\/2016\/08\/07\/14-datos-stranger-things-te-haran-verla-podcast\/","og_site_name":"Kalot","article_publisher":"http:\/\/facebook.com\/mxkalot","article_author":"https:\/\/www.facebook.com\/christiansoyyo","article_published_time":"2016-08-07T19:00:10+00:00","article_modified_time":"2016-08-07T19:19:58+00:00","og_image":[{"width":1280,"height":1896,"url":"https:\/\/i2.wp.com\/kalot.com.mx\/site\/wp-content\/uploads\/2016\/08\/strangerthingsposter.jpg?fit=1280%2C1896&ssl=1","type":"image\/jpeg"}],"author":"Christian Flores","twitter_card":"summary_large_image","twitter_creator":"@https:\/\/twitter.com\/_CristianFlores","twitter_site":"@kalotmx","twitter_misc":{"Escrito por":"Christian Flores","Tiempo de lectura":"2 minutos"},"schema":{"@context":"https:\/\/schema.org","@graph":[{"@type":"Article","@id":"https:\/\/kalot.com.mx\/site\/2016\/08\/07\/14-datos-stranger-things-te-haran-verla-podcast\/#article","isPartOf":{"@id":"https:\/\/kalot.com.mx\/site\/2016\/08\/07\/14-datos-stranger-things-te-haran-verla-podcast\/"},"author":{"name":"Christian Flores","@id":"https:\/\/kalot.com.mx\/site\/#\/schema\/person\/112f380671442bdb0c59bf7150309edb"},"headline":"14 datos sobre Stranger Things que te har\u00e1n verla #Podcast","datePublished":"2016-08-07T19:00:10+00:00","dateModified":"2016-08-07T19:19:58+00:00","mainEntityOfPage":{"@id":"https:\/\/kalot.com.mx\/site\/2016\/08\/07\/14-datos-stranger-things-te-haran-verla-podcast\/"},"wordCount":440,"commentCount":0,"publisher":{"@id":"https:\/\/kalot.com.mx\/site\/#organization"},"image":{"@id":"https:\/\/kalot.com.mx\/site\/2016\/08\/07\/14-datos-stranger-things-te-haran-verla-podcast\/#primaryimage"},"thumbnailUrl":"https:\/\/i0.wp.com\/kalot.com.mx\/site\/wp-content\/uploads\/2016\/08\/strangerthingsposter.jpg?fit=1280%2C1896&ssl=1","keywords":["mexico","Netflix","novedades","podcast","stranger things"],"articleSection":["Cine","Cultura","M\u00fasica","Novedades"],"inLanguage":"es","potentialAction":[{"@type":"CommentAction","name":"Comment","target":["https:\/\/kalot.com.mx\/site\/2016\/08\/07\/14-datos-stranger-things-te-haran-verla-podcast\/#respond"]}]},{"@type":"WebPage","@id":"https:\/\/kalot.com.mx\/site\/2016\/08\/07\/14-datos-stranger-things-te-haran-verla-podcast\/","url":"https:\/\/kalot.com.mx\/site\/2016\/08\/07\/14-datos-stranger-things-te-haran-verla-podcast\/","name":"14 datos sobre Stranger Things que te har\u00e1n verla #Podcast - Kalot","isPartOf":{"@id":"https:\/\/kalot.com.mx\/site\/#website"},"primaryImageOfPage":{"@id":"https:\/\/kalot.com.mx\/site\/2016\/08\/07\/14-datos-stranger-things-te-haran-verla-podcast\/#primaryimage"},"image":{"@id":"https:\/\/kalot.com.mx\/site\/2016\/08\/07\/14-datos-stranger-things-te-haran-verla-podcast\/#primaryimage"},"thumbnailUrl":"https:\/\/i0.wp.com\/kalot.com.mx\/site\/wp-content\/uploads\/2016\/08\/strangerthingsposter.jpg?fit=1280%2C1896&ssl=1","datePublished":"2016-08-07T19:00:10+00:00","dateModified":"2016-08-07T19:19:58+00:00","description":"1- Fue lanzada el 15 de julio de 2016 y aunque no lo creas fue rechazada entre 15 y 20 veces por diferentes cadenas de televisi\u00f3n ya que les aterrorizaba","breadcrumb":{"@id":"https:\/\/kalot.com.mx\/site\/2016\/08\/07\/14-datos-stranger-things-te-haran-verla-podcast\/#breadcrumb"},"inLanguage":"es","potentialAction":[{"@type":"ReadAction","target":["https:\/\/kalot.com.mx\/site\/2016\/08\/07\/14-datos-stranger-things-te-haran-verla-podcast\/"]}]},{"@type":"ImageObject","inLanguage":"es","@id":"https:\/\/kalot.com.mx\/site\/2016\/08\/07\/14-datos-stranger-things-te-haran-verla-podcast\/#primaryimage","url":"https:\/\/i0.wp.com\/kalot.com.mx\/site\/wp-content\/uploads\/2016\/08\/strangerthingsposter.jpg?fit=1280%2C1896&ssl=1","contentUrl":"https:\/\/i0.wp.com\/kalot.com.mx\/site\/wp-content\/uploads\/2016\/08\/strangerthingsposter.jpg?fit=1280%2C1896&ssl=1","width":1280,"height":1896},{"@type":"BreadcrumbList","@id":"https:\/\/kalot.com.mx\/site\/2016\/08\/07\/14-datos-stranger-things-te-haran-verla-podcast\/#breadcrumb","itemListElement":[{"@type":"ListItem","position":1,"name":"Home","item":"https:\/\/kalot.com.mx\/site\/"},{"@type":"ListItem","position":2,"name":"14 datos sobre Stranger Things que te har\u00e1n verla #Podcast"}]},{"@type":"WebSite","@id":"https:\/\/kalot.com.mx\/site\/#website","url":"https:\/\/kalot.com.mx\/site\/","name":"Kalot","description":"Conoce Todo Sobre Todo","publisher":{"@id":"https:\/\/kalot.com.mx\/site\/#organization"},"potentialAction":[{"@type":"SearchAction","target":{"@type":"EntryPoint","urlTemplate":"https:\/\/kalot.com.mx\/site\/?s={search_term_string}"},"query-input":{"@type":"PropertyValueSpecification","valueRequired":true,"valueName":"search_term_string"}}],"inLanguage":"es"},{"@type":"Organization","@id":"https:\/\/kalot.com.mx\/site\/#organization","name":"Kalot","url":"https:\/\/kalot.com.mx\/site\/","logo":{"@type":"ImageObject","inLanguage":"es","@id":"https:\/\/kalot.com.mx\/site\/#\/schema\/logo\/image\/","url":"https:\/\/i0.wp.com\/kalot.com.mx\/site\/wp-content\/uploads\/2020\/04\/Kalot-logo-sin-tagline.png?fit=1707%2C1014&ssl=1","contentUrl":"https:\/\/i0.wp.com\/kalot.com.mx\/site\/wp-content\/uploads\/2020\/04\/Kalot-logo-sin-tagline.png?fit=1707%2C1014&ssl=1","width":1707,"height":1014,"caption":"Kalot"},"image":{"@id":"https:\/\/kalot.com.mx\/site\/#\/schema\/logo\/image\/"},"sameAs":["http:\/\/facebook.com\/mxkalot","https:\/\/x.com\/kalotmx","http:\/\/instagram.com\/kalotmx","http:\/\/pinterest.com\/jorgeerana\/kalot"]},{"@type":"Person","@id":"https:\/\/kalot.com.mx\/site\/#\/schema\/person\/112f380671442bdb0c59bf7150309edb","name":"Christian Flores","image":{"@type":"ImageObject","inLanguage":"es","@id":"https:\/\/secure.gravatar.com\/avatar\/c5f3145495bcf3558f18eeaf9315f02c5d43a26cb3cf9668df6119259db28a5c?s=96&d=mm&r=g","url":"https:\/\/secure.gravatar.com\/avatar\/c5f3145495bcf3558f18eeaf9315f02c5d43a26cb3cf9668df6119259db28a5c?s=96&d=mm&r=g","contentUrl":"https:\/\/secure.gravatar.com\/avatar\/c5f3145495bcf3558f18eeaf9315f02c5d43a26cb3cf9668df6119259db28a5c?s=96&d=mm&r=g","caption":"Christian Flores"},"description":"Comunicador, Mercad\u00f3logo, Ex-Locutor, Publicista , disque Administrador. Hombre de convicciones firmes, fiel a mis valores y sue\u00f1os. Sincero, directo y sin tapujos ,potosino a morir. El sarcasmo; mi deporte favorito.","sameAs":["http:\/\/www.playpublicidad.mx\/","https:\/\/www.facebook.com\/christiansoyyo","https:\/\/www.instagram.com\/christian___flores\/","https:\/\/mx.linkedin.com\/in\/christian-flores-p\u00e9rez-79964742","https:\/\/x.com\/https:\/\/twitter.com\/_CristianFlores"],"url":"https:\/\/kalot.com.mx\/site\/author\/christian\/"}]}},"jetpack_publicize_connections":[],"jetpack_featured_media_url":"https:\/\/i0.wp.com\/kalot.com.mx\/site\/wp-content\/uploads\/2016\/08\/strangerthingsposter.jpg?fit=1280%2C1896&ssl=1","jetpack_shortlink":"https:\/\/wp.me\/p6IHEI-6GU","jetpack-related-posts":[{"id":24989,"url":"https:\/\/kalot.com.mx\/site\/2016\/02\/26\/laresena-las-aparicio\/","url_meta":{"origin":25724,"position":0},"title":"#LaRese\u00f1a: Las Aparicio","author":"yash","date":"26 febrero, 2016","format":false,"excerpt":"Un intento fallido por llevar un producto de televisi\u00f3n al cine que se queda corto a la de contar su propia historia. Nadie puede negar el rotundo \u00e9xito que obtuvo la producci\u00f3n televisiva de \"Las Aparicio\". Fue un producto de calidad que ofreci\u00f3 un contenido diferente y con tem\u00e1ticas poco\u2026","rel":"","context":"En &quot;Cine&quot;","block_context":{"text":"Cine","link":"https:\/\/kalot.com.mx\/site\/category\/cine\/"},"img":{"alt_text":"","src":"https:\/\/i0.wp.com\/kalot.com.mx\/site\/wp-content\/uploads\/2016\/02\/Aparicio3.jpg?fit=665%2C400&ssl=1&resize=350%2C200","width":350,"height":200,"srcset":"https:\/\/i0.wp.com\/kalot.com.mx\/site\/wp-content\/uploads\/2016\/02\/Aparicio3.jpg?fit=665%2C400&ssl=1&resize=350%2C200 1x, https:\/\/i0.wp.com\/kalot.com.mx\/site\/wp-content\/uploads\/2016\/02\/Aparicio3.jpg?fit=665%2C400&ssl=1&resize=525%2C300 1.5x"},"classes":[]},{"id":25845,"url":"https:\/\/kalot.com.mx\/site\/2016\/08\/23\/la-serie-clasica-batman-tendra-pelicula-animada\/","url_meta":{"origin":25724,"position":1},"title":"La serie cl\u00e1sica de Batman tendr\u00e1 pel\u00edcula animada","author":"yash","date":"23 agosto, 2016","format":false,"excerpt":"El hombre murci\u00e9lago de 1966 volver\u00e1 una vez m\u00e1s a la pantalla y en esta ocasi\u00f3n lo hace de una forma especial: Una pel\u00edcula animada. Bruno D\u00edaz y Ricardo Tapia est\u00e1n de regreso, las capas y los trajes ajustados tambi\u00e9n, la m\u00fasica de los 60 vuelve recargada para ofrecernos un\u2026","rel":"","context":"En &quot;Cine&quot;","block_context":{"text":"Cine","link":"https:\/\/kalot.com.mx\/site\/category\/cine\/"},"img":{"alt_text":"","src":"https:\/\/i0.wp.com\/kalot.com.mx\/site\/wp-content\/uploads\/2016\/08\/BatmanCapedCrusaders.png?fit=1200%2C674&ssl=1&resize=350%2C200","width":350,"height":200,"srcset":"https:\/\/i0.wp.com\/kalot.com.mx\/site\/wp-content\/uploads\/2016\/08\/BatmanCapedCrusaders.png?fit=1200%2C674&ssl=1&resize=350%2C200 1x, https:\/\/i0.wp.com\/kalot.com.mx\/site\/wp-content\/uploads\/2016\/08\/BatmanCapedCrusaders.png?fit=1200%2C674&ssl=1&resize=525%2C300 1.5x, https:\/\/i0.wp.com\/kalot.com.mx\/site\/wp-content\/uploads\/2016\/08\/BatmanCapedCrusaders.png?fit=1200%2C674&ssl=1&resize=700%2C400 2x, https:\/\/i0.wp.com\/kalot.com.mx\/site\/wp-content\/uploads\/2016\/08\/BatmanCapedCrusaders.png?fit=1200%2C674&ssl=1&resize=1050%2C600 3x"},"classes":[]},{"id":26245,"url":"https:\/\/kalot.com.mx\/site\/2016\/10\/08\/comienza-la-produccion-saw-legacy\/","url_meta":{"origin":25724,"position":2},"title":"Comienza la producci\u00f3n de SAW: Legacy","author":"yash","date":"8 octubre, 2016","format":false,"excerpt":"La saga que comenzara en 2004 ha iniciado la etapa de producci\u00f3n para su octava entrega seg\u00fan el portal\u00a0Bloody Disgusting. Bloody-Disgusting ha confirmado en exclusiva que la producci\u00f3n de SAW: Legacy \u00a0la octava pel\u00edcula de la franquicia creada por James Wan (Dead Silence, Insidious, The Conjuring) y Leigh Whannell ha\u2026","rel":"","context":"En &quot;Cine&quot;","block_context":{"text":"Cine","link":"https:\/\/kalot.com.mx\/site\/category\/cine\/"},"img":{"alt_text":"","src":"https:\/\/i0.wp.com\/kalot.com.mx\/site\/wp-content\/uploads\/2016\/10\/Saw_JigsawPuppet_Bike.jpg?fit=1200%2C675&ssl=1&resize=350%2C200","width":350,"height":200,"srcset":"https:\/\/i0.wp.com\/kalot.com.mx\/site\/wp-content\/uploads\/2016\/10\/Saw_JigsawPuppet_Bike.jpg?fit=1200%2C675&ssl=1&resize=350%2C200 1x, https:\/\/i0.wp.com\/kalot.com.mx\/site\/wp-content\/uploads\/2016\/10\/Saw_JigsawPuppet_Bike.jpg?fit=1200%2C675&ssl=1&resize=525%2C300 1.5x, https:\/\/i0.wp.com\/kalot.com.mx\/site\/wp-content\/uploads\/2016\/10\/Saw_JigsawPuppet_Bike.jpg?fit=1200%2C675&ssl=1&resize=700%2C400 2x, https:\/\/i0.wp.com\/kalot.com.mx\/site\/wp-content\/uploads\/2016\/10\/Saw_JigsawPuppet_Bike.jpg?fit=1200%2C675&ssl=1&resize=1050%2C600 3x"},"classes":[]},{"id":26205,"url":"https:\/\/kalot.com.mx\/site\/2016\/09\/26\/terror-bajo-la-tierra-tendra-una-nueva-secuela\/","url_meta":{"origin":25724,"position":3},"title":"&#8220;Terror Bajo la Tierra&#8221; tendr\u00e1 una nueva secuela","author":"yash","date":"26 septiembre, 2016","format":false,"excerpt":"La saga de los monstruos subterr\u00e1neos tendr\u00e1 una nueva secuela adem\u00e1s de que se prepara una serie de TV. \u00bfRecuerdas \"Terror Bajo la Tierra? Esa pel\u00edcula que contaba la historia de pueblo que era atacado por criaturas subterr\u00e1neas que se guiaban por el sonido. Pues bien, tal fue el \u00e9xito\u2026","rel":"","context":"En &quot;Cine&quot;","block_context":{"text":"Cine","link":"https:\/\/kalot.com.mx\/site\/category\/cine\/"},"img":{"alt_text":"","src":"https:\/\/i0.wp.com\/kalot.com.mx\/site\/wp-content\/uploads\/2016\/09\/tremors-5436cde278c2d.jpg?fit=1200%2C675&ssl=1&resize=350%2C200","width":350,"height":200,"srcset":"https:\/\/i0.wp.com\/kalot.com.mx\/site\/wp-content\/uploads\/2016\/09\/tremors-5436cde278c2d.jpg?fit=1200%2C675&ssl=1&resize=350%2C200 1x, https:\/\/i0.wp.com\/kalot.com.mx\/site\/wp-content\/uploads\/2016\/09\/tremors-5436cde278c2d.jpg?fit=1200%2C675&ssl=1&resize=525%2C300 1.5x, https:\/\/i0.wp.com\/kalot.com.mx\/site\/wp-content\/uploads\/2016\/09\/tremors-5436cde278c2d.jpg?fit=1200%2C675&ssl=1&resize=700%2C400 2x, https:\/\/i0.wp.com\/kalot.com.mx\/site\/wp-content\/uploads\/2016\/09\/tremors-5436cde278c2d.jpg?fit=1200%2C675&ssl=1&resize=1050%2C600 3x"},"classes":[]},{"id":24371,"url":"https:\/\/kalot.com.mx\/site\/2015\/11\/30\/laresena-goodnight-mommy\/","url_meta":{"origin":25724,"position":4},"title":"#LaRese\u00f1a: Goodnight Mommy","author":"yash","date":"30 noviembre, 2015","format":false,"excerpt":"Goodnight Mommy es la pel\u00edcula de terror que est\u00e1bamos esperando. Oscura, perturbante, con toques de gore y un final nada predecible. Estamos ante una verdadera obra de terror puro. Ya lo he dicho en anteriores posts, el cine de terror actual est\u00e1 en su peor momento, secuelas, remakes, secuelas de\u2026","rel":"","context":"En &quot;Cine&quot;","block_context":{"text":"Cine","link":"https:\/\/kalot.com.mx\/site\/category\/cine\/"},"img":{"alt_text":"","src":"https:\/\/i0.wp.com\/kalot.com.mx\/site\/wp-content\/uploads\/2015\/11\/atploqi1xjgespv15wfw.jpg?fit=1200%2C675&ssl=1&resize=350%2C200","width":350,"height":200,"srcset":"https:\/\/i0.wp.com\/kalot.com.mx\/site\/wp-content\/uploads\/2015\/11\/atploqi1xjgespv15wfw.jpg?fit=1200%2C675&ssl=1&resize=350%2C200 1x, https:\/\/i0.wp.com\/kalot.com.mx\/site\/wp-content\/uploads\/2015\/11\/atploqi1xjgespv15wfw.jpg?fit=1200%2C675&ssl=1&resize=525%2C300 1.5x, https:\/\/i0.wp.com\/kalot.com.mx\/site\/wp-content\/uploads\/2015\/11\/atploqi1xjgespv15wfw.jpg?fit=1200%2C675&ssl=1&resize=700%2C400 2x, https:\/\/i0.wp.com\/kalot.com.mx\/site\/wp-content\/uploads\/2015\/11\/atploqi1xjgespv15wfw.jpg?fit=1200%2C675&ssl=1&resize=1050%2C600 3x"},"classes":[]},{"id":25963,"url":"https:\/\/kalot.com.mx\/site\/2016\/09\/02\/nuevo-avance-exorcista-legendario-soundtrack\/","url_meta":{"origin":25724,"position":5},"title":"Nuevo avance de &#8220;El Exorcista&#8221; con el legendario soundtrack.","author":"yash","date":"2 septiembre, 2016","format":false,"excerpt":"La serie producida por FX llegar\u00e1 el pr\u00f3ximo 23 de Septiembre. Estamos a unas semanas de que FX estrena su tan esperada serie basada en la pel\u00edcula de \"El Exorcista\". Ser\u00e1 el pr\u00f3ximo 23 de Septiembre cuando veamos esta nueva adaptaci\u00f3n en la pantalla chica. En este nuevo avance podemos\u2026","rel":"","context":"En &quot;Cine&quot;","block_context":{"text":"Cine","link":"https:\/\/kalot.com.mx\/site\/category\/cine\/"},"img":{"alt_text":"","src":"https:\/\/i0.wp.com\/kalot.com.mx\/site\/wp-content\/uploads\/2016\/08\/The-Exorcist-FOX-Fotos.jpg?fit=1200%2C675&ssl=1&resize=350%2C200","width":350,"height":200,"srcset":"https:\/\/i0.wp.com\/kalot.com.mx\/site\/wp-content\/uploads\/2016\/08\/The-Exorcist-FOX-Fotos.jpg?fit=1200%2C675&ssl=1&resize=350%2C200 1x, https:\/\/i0.wp.com\/kalot.com.mx\/site\/wp-content\/uploads\/2016\/08\/The-Exorcist-FOX-Fotos.jpg?fit=1200%2C675&ssl=1&resize=525%2C300 1.5x, https:\/\/i0.wp.com\/kalot.com.mx\/site\/wp-content\/uploads\/2016\/08\/The-Exorcist-FOX-Fotos.jpg?fit=1200%2C675&ssl=1&resize=700%2C400 2x, https:\/\/i0.wp.com\/kalot.com.mx\/site\/wp-content\/uploads\/2016\/08\/The-Exorcist-FOX-Fotos.jpg?fit=1200%2C675&ssl=1&resize=1050%2C600 3x"},"classes":[]}],"jetpack_sharing_enabled":true,"_links":{"self":[{"href":"https:\/\/kalot.com.mx\/site\/wp-json\/wp\/v2\/posts\/25724","targetHints":{"allow":["GET"]}}],"collection":[{"href":"https:\/\/kalot.com.mx\/site\/wp-json\/wp\/v2\/posts"}],"about":[{"href":"https:\/\/kalot.com.mx\/site\/wp-json\/wp\/v2\/types\/post"}],"author":[{"embeddable":true,"href":"https:\/\/kalot.com.mx\/site\/wp-json\/wp\/v2\/users\/32"}],"replies":[{"embeddable":true,"href":"https:\/\/kalot.com.mx\/site\/wp-json\/wp\/v2\/comments?post=25724"}],"version-history":[{"count":33,"href":"https:\/\/kalot.com.mx\/site\/wp-json\/wp\/v2\/posts\/25724\/revisions"}],"predecessor-version":[{"id":25759,"href":"https:\/\/kalot.com.mx\/site\/wp-json\/wp\/v2\/posts\/25724\/revisions\/25759"}],"wp:featuredmedia":[{"embeddable":true,"href":"https:\/\/kalot.com.mx\/site\/wp-json\/wp\/v2\/media\/25732"}],"wp:attachment":[{"href":"https:\/\/kalot.com.mx\/site\/wp-json\/wp\/v2\/media?parent=25724"}],"wp:term":[{"taxonomy":"category","embeddable":true,"href":"https:\/\/kalot.com.mx\/site\/wp-json\/wp\/v2\/categories?post=25724"},{"taxonomy":"post_tag","embeddable":true,"href":"https:\/\/kalot.com.mx\/site\/wp-json\/wp\/v2\/tags?post=25724"}],"curies":[{"name":"wp","href":"https:\/\/api.w.org\/{rel}","templated":true}]}}