{"id":2569,"date":"2013-09-29T02:51:27","date_gmt":"2013-09-29T07:51:27","guid":{"rendered":"http:\/\/www.kalot.com.mx\/?p=2569"},"modified":"2014-04-30T04:14:03","modified_gmt":"2014-04-30T09:14:03","slug":"arcade-fire-estrena-musica-en-saturday-night-live","status":"publish","type":"post","link":"https:\/\/kalot.com.mx\/site\/2013\/09\/29\/arcade-fire-estrena-musica-en-saturday-night-live\/","title":{"rendered":"Arcade Fire estrena m\u00fasica en Saturday Night Live"},"content":{"rendered":"<p style=\"text-align: justify\">La noche del s\u00e1bado estuvo engalanada en la<strong> televisi\u00f3n norteamericana<\/strong> con la <strong>premier de la temporada n\u00famero 39<\/strong> en la historia de uno de los mejores shows de comedia en la historia de la televisi\u00f3n, estamos hablando de <strong>Saturday Night Live.<\/strong><\/p>\n<p style=\"text-align: justify\">El show cont\u00f3 con la presencia de<strong> invitados especiales<\/strong> como el regreso de <strong>Tina Fey<\/strong> al programa aunque fuera por s\u00f3lo una noche <strong>despu\u00e9s de 2 a\u00f1os de ausencia<\/strong> pero ahora como conductora, el actor <strong>Aaron Paul<\/strong> y los invitados musicales de lujo, <strong>Arcade Fire<\/strong>.<\/p>\n<p style=\"text-align: justify\">Los canadienses estuvieron presentando su nuevo material <em>Reflektor<\/em>, pr\u00f3ximo a estrenarse el <strong>29 de octubre<\/strong>. Como ya hab\u00edan adelantado en esta semana, despu\u00e9s de <strong>SNL<\/strong> se presentar\u00eda un <strong>especial de 30 minutos<\/strong> con m\u00fasica nueva de la banda mientras que en el show tocaron \u201c<strong>Afterlife<\/strong>\u201d y \u201c<strong>Reflektor<\/strong>\u201c. En cuanto se suban los videos a la red no duden que se los compartiremos en este espacio de <strong>Kalot<\/strong>.<\/p>\n<p>Por mientras les dejamos el <strong>teaser<\/strong> del after show que lleva por nombre<strong> Here Comes The Night Time<\/strong>:<\/p>\n<p><span class=\"embed-youtube\" style=\"text-align:center; display: block;\"><iframe class=\"youtube-player\" width=\"1200\" height=\"675\" src=\"https:\/\/www.youtube.com\/embed\/FlGmGsXh5_Q?version=3&rel=1&showsearch=0&showinfo=1&iv_load_policy=1&fs=1&hl=es-MX&autohide=2&wmode=transparent\" allowfullscreen=\"true\" style=\"border:0;\" sandbox=\"allow-scripts allow-same-origin allow-popups allow-presentation allow-popups-to-escape-sandbox\"><\/iframe><\/span><\/p>\n<p>Tambi\u00e9n les dejamos el video de <em>Reflektor<\/em>\u00a0dirigido por <strong>Anton Corbijn<\/strong> para hacer menos tediosa la espera del nuevo \u00e1lbum.<\/p>\n<p><span class=\"embed-youtube\" style=\"text-align:center; display: block;\"><iframe class=\"youtube-player\" width=\"1200\" height=\"675\" src=\"https:\/\/www.youtube.com\/embed\/7E0fVfectDo?version=3&rel=1&showsearch=0&showinfo=1&iv_load_policy=1&fs=1&hl=es-MX&autohide=2&wmode=transparent\" allowfullscreen=\"true\" style=\"border:0;\" sandbox=\"allow-scripts allow-same-origin allow-popups allow-presentation allow-popups-to-escape-sandbox\"><\/iframe><\/span><\/p>\n","protected":false},"excerpt":{"rendered":"La noche del s\u00e1bado estuvo engalanada en la televisi\u00f3n norteamericana con la premier de la temporada n\u00famero 39&hellip;\n","protected":false},"author":18,"featured_media":15621,"comment_status":"open","ping_status":"open","sticky":false,"template":"","format":"standard","meta":{"jetpack_post_was_ever_published":false,"_jetpack_newsletter_access":"","_jetpack_dont_email_post_to_subs":false,"_jetpack_newsletter_tier_id":0,"_jetpack_memberships_contains_paywalled_content":false,"_jetpack_memberships_contains_paid_content":false,"footnotes":"","jetpack_publicize_message":"","jetpack_publicize_feature_enabled":true,"jetpack_social_post_already_shared":true,"jetpack_social_options":{"image_generator_settings":{"template":"highway","default_image_id":0,"font":"","enabled":false},"version":2}},"categories":[],"tags":[],"class_list":{"0":"post-2569","1":"post","2":"type-post","3":"status-publish","4":"format-standard","5":"has-post-thumbnail","7":"cs-entry","8":"cs-video-wrap"},"yoast_head":"<!-- This site is optimized with the Yoast SEO plugin v27.5 - https:\/\/yoast.com\/product\/yoast-seo-wordpress\/ -->\n<title>Arcade Fire estrena m\u00fasica en SNL<\/title>\n<meta name=\"description\" content=\"La noche del s\u00e1bado estuvo engalanada en la televisi\u00f3n norteamericana con la premier de la temporada n\u00famero 39 en la historia de uno de los mejores shows\" \/>\n<meta name=\"robots\" content=\"index, follow, max-snippet:-1, max-image-preview:large, max-video-preview:-1\" \/>\n<link rel=\"canonical\" href=\"https:\/\/kalot.com.mx\/site\/2013\/09\/29\/arcade-fire-estrena-musica-en-saturday-night-live\/\" \/>\n<meta property=\"og:locale\" content=\"es_MX\" \/>\n<meta property=\"og:type\" content=\"article\" \/>\n<meta property=\"og:title\" content=\"Arcade Fire estrena m\u00fasica en SNL\" \/>\n<meta property=\"og:description\" content=\"La noche del s\u00e1bado estuvo engalanada en la televisi\u00f3n norteamericana con la premier de la temporada n\u00famero 39 en la historia de uno de los mejores shows\" \/>\n<meta property=\"og:url\" content=\"https:\/\/kalot.com.mx\/site\/2013\/09\/29\/arcade-fire-estrena-musica-en-saturday-night-live\/\" \/>\n<meta property=\"og:site_name\" content=\"Kalot\" \/>\n<meta property=\"article:publisher\" content=\"http:\/\/facebook.com\/mxkalot\" \/>\n<meta property=\"article:author\" content=\"https:\/\/www.facebook.com\/don.capu\" \/>\n<meta property=\"article:published_time\" content=\"2013-09-29T07:51:27+00:00\" \/>\n<meta property=\"article:modified_time\" content=\"2014-04-30T09:14:03+00:00\" \/>\n<meta property=\"og:image\" content=\"https:\/\/i1.wp.com\/kalot.com.mx\/site\/wp-content\/uploads\/2013\/09\/o-ARCADE-FIRE-facebook.jpg?fit=2000%2C1000&ssl=1\" \/>\n\t<meta property=\"og:image:width\" content=\"2000\" \/>\n\t<meta property=\"og:image:height\" content=\"1000\" \/>\n\t<meta property=\"og:image:type\" content=\"image\/jpeg\" \/>\n<meta name=\"author\" content=\"Omar Herrera\" \/>\n<meta name=\"twitter:card\" content=\"summary_large_image\" \/>\n<meta name=\"twitter:creator\" content=\"@thedoncapu\" \/>\n<meta name=\"twitter:site\" content=\"@kalotmx\" \/>\n<meta name=\"twitter:label1\" content=\"Escrito por\" \/>\n\t<meta name=\"twitter:data1\" content=\"Omar Herrera\" \/>\n\t<meta name=\"twitter:label2\" content=\"Tiempo de lectura\" \/>\n\t<meta name=\"twitter:data2\" content=\"1 minuto\" \/>\n<!-- \/ Yoast SEO plugin. -->","yoast_head_json":{"title":"Arcade Fire estrena m\u00fasica en SNL","description":"La noche del s\u00e1bado estuvo engalanada en la televisi\u00f3n norteamericana con la premier de la temporada n\u00famero 39 en la historia de uno de los mejores shows","robots":{"index":"index","follow":"follow","max-snippet":"max-snippet:-1","max-image-preview":"max-image-preview:large","max-video-preview":"max-video-preview:-1"},"canonical":"https:\/\/kalot.com.mx\/site\/2013\/09\/29\/arcade-fire-estrena-musica-en-saturday-night-live\/","og_locale":"es_MX","og_type":"article","og_title":"Arcade Fire estrena m\u00fasica en SNL","og_description":"La noche del s\u00e1bado estuvo engalanada en la televisi\u00f3n norteamericana con la premier de la temporada n\u00famero 39 en la historia de uno de los mejores shows","og_url":"https:\/\/kalot.com.mx\/site\/2013\/09\/29\/arcade-fire-estrena-musica-en-saturday-night-live\/","og_site_name":"Kalot","article_publisher":"http:\/\/facebook.com\/mxkalot","article_author":"https:\/\/www.facebook.com\/don.capu","article_published_time":"2013-09-29T07:51:27+00:00","article_modified_time":"2014-04-30T09:14:03+00:00","og_image":[{"width":2000,"height":1000,"url":"https:\/\/i1.wp.com\/kalot.com.mx\/site\/wp-content\/uploads\/2013\/09\/o-ARCADE-FIRE-facebook.jpg?fit=2000%2C1000&ssl=1","type":"image\/jpeg"}],"author":"Omar Herrera","twitter_card":"summary_large_image","twitter_creator":"@thedoncapu","twitter_site":"@kalotmx","twitter_misc":{"Escrito por":"Omar Herrera","Tiempo de lectura":"1 minuto"},"schema":{"@context":"https:\/\/schema.org","@graph":[{"@type":"Article","@id":"https:\/\/kalot.com.mx\/site\/2013\/09\/29\/arcade-fire-estrena-musica-en-saturday-night-live\/#article","isPartOf":{"@id":"https:\/\/kalot.com.mx\/site\/2013\/09\/29\/arcade-fire-estrena-musica-en-saturday-night-live\/"},"author":{"name":"Omar Herrera","@id":"https:\/\/kalot.com.mx\/site\/#\/schema\/person\/1bf32c47ee15104d1e824350c07ac220"},"headline":"Arcade Fire estrena m\u00fasica en Saturday Night Live","datePublished":"2013-09-29T07:51:27+00:00","dateModified":"2014-04-30T09:14:03+00:00","mainEntityOfPage":{"@id":"https:\/\/kalot.com.mx\/site\/2013\/09\/29\/arcade-fire-estrena-musica-en-saturday-night-live\/"},"wordCount":233,"commentCount":0,"publisher":{"@id":"https:\/\/kalot.com.mx\/site\/#organization"},"image":{"@id":"https:\/\/kalot.com.mx\/site\/2013\/09\/29\/arcade-fire-estrena-musica-en-saturday-night-live\/#primaryimage"},"thumbnailUrl":"https:\/\/i0.wp.com\/kalot.com.mx\/site\/wp-content\/uploads\/2013\/09\/o-ARCADE-FIRE-facebook.jpg?fit=2000%2C1000&ssl=1","inLanguage":"es","potentialAction":[{"@type":"CommentAction","name":"Comment","target":["https:\/\/kalot.com.mx\/site\/2013\/09\/29\/arcade-fire-estrena-musica-en-saturday-night-live\/#respond"]}]},{"@type":"WebPage","@id":"https:\/\/kalot.com.mx\/site\/2013\/09\/29\/arcade-fire-estrena-musica-en-saturday-night-live\/","url":"https:\/\/kalot.com.mx\/site\/2013\/09\/29\/arcade-fire-estrena-musica-en-saturday-night-live\/","name":"Arcade Fire estrena m\u00fasica en SNL","isPartOf":{"@id":"https:\/\/kalot.com.mx\/site\/#website"},"primaryImageOfPage":{"@id":"https:\/\/kalot.com.mx\/site\/2013\/09\/29\/arcade-fire-estrena-musica-en-saturday-night-live\/#primaryimage"},"image":{"@id":"https:\/\/kalot.com.mx\/site\/2013\/09\/29\/arcade-fire-estrena-musica-en-saturday-night-live\/#primaryimage"},"thumbnailUrl":"https:\/\/i0.wp.com\/kalot.com.mx\/site\/wp-content\/uploads\/2013\/09\/o-ARCADE-FIRE-facebook.jpg?fit=2000%2C1000&ssl=1","datePublished":"2013-09-29T07:51:27+00:00","dateModified":"2014-04-30T09:14:03+00:00","description":"La noche del s\u00e1bado estuvo engalanada en la televisi\u00f3n norteamericana con la premier de la temporada n\u00famero 39 en la historia de uno de los mejores shows","breadcrumb":{"@id":"https:\/\/kalot.com.mx\/site\/2013\/09\/29\/arcade-fire-estrena-musica-en-saturday-night-live\/#breadcrumb"},"inLanguage":"es","potentialAction":[{"@type":"ReadAction","target":["https:\/\/kalot.com.mx\/site\/2013\/09\/29\/arcade-fire-estrena-musica-en-saturday-night-live\/"]}]},{"@type":"ImageObject","inLanguage":"es","@id":"https:\/\/kalot.com.mx\/site\/2013\/09\/29\/arcade-fire-estrena-musica-en-saturday-night-live\/#primaryimage","url":"https:\/\/i0.wp.com\/kalot.com.mx\/site\/wp-content\/uploads\/2013\/09\/o-ARCADE-FIRE-facebook.jpg?fit=2000%2C1000&ssl=1","contentUrl":"https:\/\/i0.wp.com\/kalot.com.mx\/site\/wp-content\/uploads\/2013\/09\/o-ARCADE-FIRE-facebook.jpg?fit=2000%2C1000&ssl=1","width":2000,"height":1000},{"@type":"BreadcrumbList","@id":"https:\/\/kalot.com.mx\/site\/2013\/09\/29\/arcade-fire-estrena-musica-en-saturday-night-live\/#breadcrumb","itemListElement":[{"@type":"ListItem","position":1,"name":"Home","item":"https:\/\/kalot.com.mx\/site\/"},{"@type":"ListItem","position":2,"name":"Arcade Fire estrena m\u00fasica en Saturday Night Live"}]},{"@type":"WebSite","@id":"https:\/\/kalot.com.mx\/site\/#website","url":"https:\/\/kalot.com.mx\/site\/","name":"Kalot","description":"Conoce Todo Sobre Todo","publisher":{"@id":"https:\/\/kalot.com.mx\/site\/#organization"},"potentialAction":[{"@type":"SearchAction","target":{"@type":"EntryPoint","urlTemplate":"https:\/\/kalot.com.mx\/site\/?s={search_term_string}"},"query-input":{"@type":"PropertyValueSpecification","valueRequired":true,"valueName":"search_term_string"}}],"inLanguage":"es"},{"@type":"Organization","@id":"https:\/\/kalot.com.mx\/site\/#organization","name":"Kalot","url":"https:\/\/kalot.com.mx\/site\/","logo":{"@type":"ImageObject","inLanguage":"es","@id":"https:\/\/kalot.com.mx\/site\/#\/schema\/logo\/image\/","url":"https:\/\/i0.wp.com\/kalot.com.mx\/site\/wp-content\/uploads\/2020\/04\/Kalot-logo-sin-tagline.png?fit=1707%2C1014&ssl=1","contentUrl":"https:\/\/i0.wp.com\/kalot.com.mx\/site\/wp-content\/uploads\/2020\/04\/Kalot-logo-sin-tagline.png?fit=1707%2C1014&ssl=1","width":1707,"height":1014,"caption":"Kalot"},"image":{"@id":"https:\/\/kalot.com.mx\/site\/#\/schema\/logo\/image\/"},"sameAs":["http:\/\/facebook.com\/mxkalot","https:\/\/x.com\/kalotmx","http:\/\/instagram.com\/kalotmx","http:\/\/pinterest.com\/jorgeerana\/kalot"]},{"@type":"Person","@id":"https:\/\/kalot.com.mx\/site\/#\/schema\/person\/1bf32c47ee15104d1e824350c07ac220","name":"Omar Herrera","image":{"@type":"ImageObject","inLanguage":"es","@id":"https:\/\/secure.gravatar.com\/avatar\/ae84de016d43d093bed40799c6d19430bc23d65401e1d68c9afab71da0688278?s=96&d=mm&r=g","url":"https:\/\/secure.gravatar.com\/avatar\/ae84de016d43d093bed40799c6d19430bc23d65401e1d68c9afab71da0688278?s=96&d=mm&r=g","contentUrl":"https:\/\/secure.gravatar.com\/avatar\/ae84de016d43d093bed40799c6d19430bc23d65401e1d68c9afab71da0688278?s=96&d=mm&r=g","caption":"Omar Herrera"},"description":"Si mi vida se resumiera en una pel\u00edcula, ser\u00eda en una dirigida por Woody Allen. Licenciado en Ciencias y T\u00e9cnicas de la Comunicaci\u00f3n.","sameAs":["http:\/\/www.linkedin.com\/pub\/omar-vargas-herrera\/8a\/792\/288","https:\/\/www.facebook.com\/don.capu","https:\/\/x.com\/thedoncapu"],"url":"https:\/\/kalot.com.mx\/site\/author\/doncapu\/"}]}},"jetpack_publicize_connections":[],"jetpack_featured_media_url":"https:\/\/i0.wp.com\/kalot.com.mx\/site\/wp-content\/uploads\/2013\/09\/o-ARCADE-FIRE-facebook.jpg?fit=2000%2C1000&ssl=1","jetpack_shortlink":"https:\/\/wp.me\/p6IHEI-Fr","jetpack-related-posts":[{"id":8259,"url":"https:\/\/kalot.com.mx\/site\/2013\/12\/22\/los-mejores-videos-musicales-de-2013\/","url_meta":{"origin":2569,"position":0},"title":"Los mejores videos musicales de 2013","author":"Omar Herrera","date":"22 diciembre, 2013","format":false,"excerpt":"El siguiente ni siquiera es un conteo, en realidad s\u00f3lo es un post en donde queremos compartirles un poco de algunos de los mejores videos del a\u00f1o para la redacci\u00f3n de Kalot. Ha habido cientos de videos musicales con grandes producciones, excelente fotograf\u00eda, efectos visuales impresionantes o estrellas invitadas a\u2026","rel":"","context":"Con 1 comentario","block_context":{"text":"Con 1 comentario","link":"https:\/\/kalot.com.mx\/site\/2013\/12\/22\/los-mejores-videos-musicales-de-2013\/#comments"},"img":{"alt_text":"","src":"https:\/\/i0.wp.com\/kalot.com.mx\/site\/wp-content\/uploads\/2013\/12\/01ot.png?fit=638%2C343&ssl=1&resize=350%2C200","width":350,"height":200,"srcset":"https:\/\/i0.wp.com\/kalot.com.mx\/site\/wp-content\/uploads\/2013\/12\/01ot.png?fit=638%2C343&ssl=1&resize=350%2C200 1x, https:\/\/i0.wp.com\/kalot.com.mx\/site\/wp-content\/uploads\/2013\/12\/01ot.png?fit=638%2C343&ssl=1&resize=525%2C300 1.5x"},"classes":[]},{"id":31315,"url":"https:\/\/kalot.com.mx\/site\/2019\/04\/25\/dumbo-enternecedor-pero-con-estilo\/","url_meta":{"origin":2569,"position":1},"title":"Dumbo: enternecedor, pero con estilo","author":"Aldo L\u00f3pez","date":"25 abril, 2019","format":false,"excerpt":"Honestamente, poco recuerdo de la pel\u00edcula original, lo que puedo decir de la nueva versi\u00f3n es que desde un principio ten\u00eda todo para atraerme. Por un lado, la direcci\u00f3n, hablar de Tim Burton es hablar de un verdadero artista, m\u00e1s que consolidado, de culto. Por otro lado, el elenco, tenemos\u2026","rel":"","context":"En &quot;Cine&quot;","block_context":{"text":"Cine","link":"https:\/\/kalot.com.mx\/site\/category\/cine\/"},"img":{"alt_text":"","src":"https:\/\/i0.wp.com\/kalot.com.mx\/site\/wp-content\/uploads\/2019\/04\/Dumbo-cover1.jpg?fit=800%2C483&ssl=1&resize=350%2C200","width":350,"height":200,"srcset":"https:\/\/i0.wp.com\/kalot.com.mx\/site\/wp-content\/uploads\/2019\/04\/Dumbo-cover1.jpg?fit=800%2C483&ssl=1&resize=350%2C200 1x, https:\/\/i0.wp.com\/kalot.com.mx\/site\/wp-content\/uploads\/2019\/04\/Dumbo-cover1.jpg?fit=800%2C483&ssl=1&resize=525%2C300 1.5x, https:\/\/i0.wp.com\/kalot.com.mx\/site\/wp-content\/uploads\/2019\/04\/Dumbo-cover1.jpg?fit=800%2C483&ssl=1&resize=700%2C400 2x"},"classes":[]},{"id":25658,"url":"https:\/\/kalot.com.mx\/site\/2016\/07\/10\/quienes-inspiraron-a-david-bowie-parte-final\/","url_meta":{"origin":2569,"position":2},"title":"\u00bfQui\u00e9nes inspiraron a David Bowie? (Parte final).","author":"Aldo L\u00f3pez","date":"10 julio, 2016","format":false,"excerpt":"Llegamos a la \u00faltima etapa en la carrera del genio originario de Londres y contra lo que se pudiese pensar, signific\u00f3 un ejercicio a\u00fan m\u00e1s intenso de innovaci\u00f3n en su m\u00fasica. Sin perder m\u00e1s tiempo describo a los \u00faltimos seis artistas inspiradores del Duque Blanco hac\u00eda el final de su\u2026","rel":"","context":"En &quot;Cultura&quot;","block_context":{"text":"Cultura","link":"https:\/\/kalot.com.mx\/site\/category\/cultura\/"},"img":{"alt_text":"","src":"https:\/\/i0.wp.com\/kalot.com.mx\/site\/wp-content\/uploads\/2016\/07\/David-Bowie-Nothing.jpg?fit=1000%2C750&ssl=1&resize=350%2C200","width":350,"height":200,"srcset":"https:\/\/i0.wp.com\/kalot.com.mx\/site\/wp-content\/uploads\/2016\/07\/David-Bowie-Nothing.jpg?fit=1000%2C750&ssl=1&resize=350%2C200 1x, https:\/\/i0.wp.com\/kalot.com.mx\/site\/wp-content\/uploads\/2016\/07\/David-Bowie-Nothing.jpg?fit=1000%2C750&ssl=1&resize=525%2C300 1.5x, https:\/\/i0.wp.com\/kalot.com.mx\/site\/wp-content\/uploads\/2016\/07\/David-Bowie-Nothing.jpg?fit=1000%2C750&ssl=1&resize=700%2C400 2x"},"classes":[]},{"id":11919,"url":"https:\/\/kalot.com.mx\/site\/2014\/02\/18\/los-brit-awards-2014-se-acercan\/","url_meta":{"origin":2569,"position":3},"title":"Los Brit Awards 2014 Se acercan","author":"Cecilia Mata","date":"18 febrero, 2014","format":false,"excerpt":"Este miercoles 19 de febrero en la O2 Arena de la ciudad inglesa de Londres se llevara acabo el evento de los Brit Awards que reconoce lo mejor de la m\u00fasica brit\u00e1nica. El actor y comediante James Corden se desempe\u00f1ar\u00e1 como anfitri\u00f3n una vez m\u00e1s, mientras que Artic Monkeys, Bastille,\u2026","rel":"","context":"En &quot;Sin categor\u00eda&quot;","block_context":{"text":"Sin categor\u00eda","link":"https:\/\/kalot.com.mx\/site\/category\/sin-categoria\/"},"img":{"alt_text":"","src":"https:\/\/i0.wp.com\/kalot.com.mx\/site\/wp-content\/uploads\/2014\/02\/brits2014_600.jpg?fit=642%2C364&ssl=1&resize=350%2C200","width":350,"height":200,"srcset":"https:\/\/i0.wp.com\/kalot.com.mx\/site\/wp-content\/uploads\/2014\/02\/brits2014_600.jpg?fit=642%2C364&ssl=1&resize=350%2C200 1x, https:\/\/i0.wp.com\/kalot.com.mx\/site\/wp-content\/uploads\/2014\/02\/brits2014_600.jpg?fit=642%2C364&ssl=1&resize=525%2C300 1.5x"},"classes":[]},{"id":5457,"url":"https:\/\/kalot.com.mx\/site\/2013\/11\/01\/fiesta-morbido-mueran-humanos-xiii\/","url_meta":{"origin":2569,"position":4},"title":"Fiesta M\u00f3rbido \/ Mueran Humanos + XIII","author":"Karla Ju\u00e1rez","date":"1 noviembre, 2013","format":false,"excerpt":"As\u00ed es mis querid@s Kaloch@s, en un pre\u00e1mbulo de lo que este viernes tendr\u00e1 la Cineteca y WIRD como parte de el Festival M\u00f3rbido, nos traen un poco de ambiente vivo y loco a nuestra tierra potosina, presentando a Mueran Humanos y como invitados el grupo local XIII. http:\/\/youtu.be\/qKABWt7WBI0 Nada\u2026","rel":"","context":"Entrada similar ","block_context":{"text":"Entrada similar ","link":""},"img":{"alt_text":"","src":"https:\/\/i0.wp.com\/kalot.com.mx\/site\/wp-content\/uploads\/2013\/11\/FM-kalot.jpg?fit=720%2C360&ssl=1&resize=350%2C200","width":350,"height":200,"srcset":"https:\/\/i0.wp.com\/kalot.com.mx\/site\/wp-content\/uploads\/2013\/11\/FM-kalot.jpg?fit=720%2C360&ssl=1&resize=350%2C200 1x, https:\/\/i0.wp.com\/kalot.com.mx\/site\/wp-content\/uploads\/2013\/11\/FM-kalot.jpg?fit=720%2C360&ssl=1&resize=525%2C300 1.5x, https:\/\/i0.wp.com\/kalot.com.mx\/site\/wp-content\/uploads\/2013\/11\/FM-kalot.jpg?fit=720%2C360&ssl=1&resize=700%2C400 2x"},"classes":[]},{"id":30615,"url":"https:\/\/kalot.com.mx\/site\/2018\/10\/17\/a-star-is-born-refrescando-la-vieja-historia\/","url_meta":{"origin":2569,"position":5},"title":"A Star Is Born: refrescando la vieja historia.","author":"Aldo L\u00f3pez","date":"17 octubre, 2018","format":false,"excerpt":"Por lo regular no acostumbro ver pel\u00edculas del g\u00e9nero musical, cuando las veo por casualidad no puedo evitar pensar cada que hay una pausa en los di\u00e1logos: \u201cNo cantes, \u00a1por favor! Sigue actuando\u201d. Esto porque me agradan las tramas menos espectaculares y m\u00e1s cercanas a lo que es la forma\u2026","rel":"","context":"En &quot;Cine&quot;","block_context":{"text":"Cine","link":"https:\/\/kalot.com.mx\/site\/category\/cine\/"},"img":{"alt_text":"","src":"https:\/\/i0.wp.com\/kalot.com.mx\/site\/wp-content\/uploads\/2018\/10\/a-star-is-born-3.jpg?fit=768%2C507&ssl=1&resize=350%2C200","width":350,"height":200,"srcset":"https:\/\/i0.wp.com\/kalot.com.mx\/site\/wp-content\/uploads\/2018\/10\/a-star-is-born-3.jpg?fit=768%2C507&ssl=1&resize=350%2C200 1x, https:\/\/i0.wp.com\/kalot.com.mx\/site\/wp-content\/uploads\/2018\/10\/a-star-is-born-3.jpg?fit=768%2C507&ssl=1&resize=525%2C300 1.5x, https:\/\/i0.wp.com\/kalot.com.mx\/site\/wp-content\/uploads\/2018\/10\/a-star-is-born-3.jpg?fit=768%2C507&ssl=1&resize=700%2C400 2x"},"classes":[]}],"jetpack_sharing_enabled":true,"_links":{"self":[{"href":"https:\/\/kalot.com.mx\/site\/wp-json\/wp\/v2\/posts\/2569","targetHints":{"allow":["GET"]}}],"collection":[{"href":"https:\/\/kalot.com.mx\/site\/wp-json\/wp\/v2\/posts"}],"about":[{"href":"https:\/\/kalot.com.mx\/site\/wp-json\/wp\/v2\/types\/post"}],"author":[{"embeddable":true,"href":"https:\/\/kalot.com.mx\/site\/wp-json\/wp\/v2\/users\/18"}],"replies":[{"embeddable":true,"href":"https:\/\/kalot.com.mx\/site\/wp-json\/wp\/v2\/comments?post=2569"}],"version-history":[{"count":0,"href":"https:\/\/kalot.com.mx\/site\/wp-json\/wp\/v2\/posts\/2569\/revisions"}],"wp:featuredmedia":[{"embeddable":true,"href":"https:\/\/kalot.com.mx\/site\/wp-json\/wp\/v2\/media\/15621"}],"wp:attachment":[{"href":"https:\/\/kalot.com.mx\/site\/wp-json\/wp\/v2\/media?parent=2569"}],"wp:term":[{"taxonomy":"category","embeddable":true,"href":"https:\/\/kalot.com.mx\/site\/wp-json\/wp\/v2\/categories?post=2569"},{"taxonomy":"post_tag","embeddable":true,"href":"https:\/\/kalot.com.mx\/site\/wp-json\/wp\/v2\/tags?post=2569"}],"curies":[{"name":"wp","href":"https:\/\/api.w.org\/{rel}","templated":true}]}}