{"id":25617,"date":"2016-06-23T19:27:57","date_gmt":"2016-06-24T01:27:57","guid":{"rendered":"http:\/\/kalot.com.mx\/site\/?p=25617"},"modified":"2016-06-23T19:31:17","modified_gmt":"2016-06-24T01:31:17","slug":"rodando-film-festival-una-oportunidad-unirse-cine","status":"publish","type":"post","link":"https:\/\/kalot.com.mx\/site\/2016\/06\/23\/rodando-film-festival-una-oportunidad-unirse-cine\/","title":{"rendered":"Rodando Film Festival: una oportunidad para unirse con el cine"},"content":{"rendered":"<p>En San Luis Potos\u00ed el cine puede llegar a ser muy desvalorizado; posiblemente gran parte del p\u00fablico se limite \u00fanicamente a la recepci\u00f3n de producciones comerciales y muy taquilleras, pero, por otro lado, han surgido y se han fortalecido algunos festivales que vienen a romper esa acotada barrera entre cine y consumo. Precisamente se encuentra en vigencia la s\u00e9ptima edici\u00f3n del Rodando Film Festival; aclara Hector D Ramos (rodante del festival) que su prop\u00f3sito es \u201cllevar al p\u00fablico potosino pel\u00edculas mexicanas que dif\u00edcilmente ser\u00edan estrenadas en pantallas comerciales, acercando as\u00ed al p\u00fablico con un cine diferente, de propuesta y cercano a su realidad\u201d.<\/p>\n<p>La labor que realiza el festival es de naturaleza genuina: sus colaboradores participan de manera voluntaria y las funciones son gratuitas. \u00bfQu\u00e9 otra cosa puede pedir un p\u00fablico aut\u00e9nticamente cin\u00e9filo? Y es que el trabajo del Rodando va m\u00e1s all\u00e1 que el de las proyecciones; ha formalizado la tarea de compartir conocimiento a trav\u00e9s de conferencias y exposiciones. En otras palabras, el Rodando Film Festival ha llegado a ser una atractiva cercan\u00eda entre el p\u00fablico, los realizadores y el talento.<\/p>\n<p>Este festival representa una agradable oportunidad para que la audiencia pueda tener una nueva cercan\u00eda con pel\u00edculas mexicanas totalmente diferentes a las que visualizamos en el cine comercial. He ah\u00ed el encanto del Rodando: es de esos pocos espacios en San Luis Potos\u00ed en donde se puede hacer una real y justa estimaci\u00f3n acerca del valor del cine mexicano y, sobre todo, de la importancia de unirlo con sus espectadores. No hay mejor momento para ver cine mexicano de verdad.<\/p>\n<p>Resulta grato poder observar c\u00f3mo es que en el Rodando se est\u00e1 trabajando para que el cine mexicano tenga un alcance que le permita situarse y entenderse con un p\u00fablico capaz de conocer y percibir lo que la pel\u00edcula est\u00e1 intentando decirle. Este festival es digno de su reconocimiento por saber conquistar a aquellos que constantemente se encuentran a la espera de un cine distinto.<\/p>\n<p>La esencia del Rodando Film Festival trasciende desde su primera edici\u00f3n, pues ha tenido la oportunidad de evolucionar como un festival que realmente posee una identidad completamente cultural. La \u00fanica tarea que nos queda es aprovechar y apreciar las singulares y extraordinarias pel\u00edculas que el Rodando nos est\u00e1 ofreciendo para seguir construyendo un cine orgullosamente mexicano.<\/p>\n<p>&nbsp;<\/p>\n","protected":false},"excerpt":{"rendered":"En San Luis Potos\u00ed el cine puede llegar a ser muy desvalorizado; posiblemente gran parte del p\u00fablico se&hellip;\n","protected":false},"author":155,"featured_media":25618,"comment_status":"open","ping_status":"open","sticky":false,"template":"","format":"standard","meta":{"jetpack_post_was_ever_published":false,"_jetpack_newsletter_access":"","_jetpack_dont_email_post_to_subs":false,"_jetpack_newsletter_tier_id":0,"_jetpack_memberships_contains_paywalled_content":false,"_jetpack_memberships_contains_paid_content":false,"footnotes":"","jetpack_publicize_message":"","jetpack_publicize_feature_enabled":true,"jetpack_social_post_already_shared":true,"jetpack_social_options":{"image_generator_settings":{"template":"highway","default_image_id":0,"font":"","enabled":false},"version":2}},"categories":[9,13,14],"tags":[161,139,65],"class_list":{"0":"post-25617","1":"post","2":"type-post","3":"status-publish","4":"format-standard","5":"has-post-thumbnail","7":"category-cine","8":"category-cultura","9":"category-eventos","10":"tag-arte","11":"tag-cine","12":"tag-san-luis-potosi","13":"cs-entry","14":"cs-video-wrap"},"yoast_head":"<!-- This site is optimized with the Yoast SEO plugin v27.4 - https:\/\/yoast.com\/product\/yoast-seo-wordpress\/ -->\n<title>Rodando Film Festival: una oportunidad para unirse con el cine - Kalot<\/title>\n<meta name=\"description\" content=\"En San Luis Potos\u00ed el cine puede llegar a ser muy desvalorizado; posiblemente gran parte del p\u00fablico se limite \u00fanicamente a la recepci\u00f3n de producciones\" \/>\n<meta name=\"robots\" content=\"index, follow, max-snippet:-1, max-image-preview:large, max-video-preview:-1\" \/>\n<link rel=\"canonical\" href=\"https:\/\/kalot.com.mx\/site\/2016\/06\/23\/rodando-film-festival-una-oportunidad-unirse-cine\/\" \/>\n<meta property=\"og:locale\" content=\"es_MX\" \/>\n<meta property=\"og:type\" content=\"article\" \/>\n<meta property=\"og:title\" content=\"Rodando Film Festival: una oportunidad para unirse con el cine - Kalot\" \/>\n<meta property=\"og:description\" content=\"En San Luis Potos\u00ed el cine puede llegar a ser muy desvalorizado; posiblemente gran parte del p\u00fablico se limite \u00fanicamente a la recepci\u00f3n de producciones\" \/>\n<meta property=\"og:url\" content=\"https:\/\/kalot.com.mx\/site\/2016\/06\/23\/rodando-film-festival-una-oportunidad-unirse-cine\/\" \/>\n<meta property=\"og:site_name\" content=\"Kalot\" \/>\n<meta property=\"article:publisher\" content=\"http:\/\/facebook.com\/mxkalot\" \/>\n<meta property=\"article:author\" content=\"https:\/\/www.facebook.com\/cristina.vvill\" \/>\n<meta property=\"article:published_time\" content=\"2016-06-24T01:27:57+00:00\" \/>\n<meta property=\"article:modified_time\" content=\"2016-06-24T01:31:17+00:00\" \/>\n<meta property=\"og:image\" content=\"https:\/\/i0.wp.com\/kalot.com.mx\/site\/wp-content\/uploads\/2016\/06\/13331076_1150239458361191_569193326665555835_n-1.jpg?fit=960%2C353&ssl=1\" \/>\n\t<meta property=\"og:image:width\" content=\"960\" \/>\n\t<meta property=\"og:image:height\" content=\"353\" \/>\n\t<meta property=\"og:image:type\" content=\"image\/jpeg\" \/>\n<meta name=\"author\" content=\"Cristina Flores\" \/>\n<meta name=\"twitter:card\" content=\"summary_large_image\" \/>\n<meta name=\"twitter:creator\" content=\"@https:\/\/twitter.com\/cristinavll\" \/>\n<meta name=\"twitter:site\" content=\"@kalotmx\" \/>\n<meta name=\"twitter:label1\" content=\"Escrito por\" \/>\n\t<meta name=\"twitter:data1\" content=\"Cristina Flores\" \/>\n\t<meta name=\"twitter:label2\" content=\"Tiempo de lectura\" \/>\n\t<meta name=\"twitter:data2\" content=\"2 minutos\" \/>\n<!-- \/ Yoast SEO plugin. -->","yoast_head_json":{"title":"Rodando Film Festival: una oportunidad para unirse con el cine - Kalot","description":"En San Luis Potos\u00ed el cine puede llegar a ser muy desvalorizado; posiblemente gran parte del p\u00fablico se limite \u00fanicamente a la recepci\u00f3n de producciones","robots":{"index":"index","follow":"follow","max-snippet":"max-snippet:-1","max-image-preview":"max-image-preview:large","max-video-preview":"max-video-preview:-1"},"canonical":"https:\/\/kalot.com.mx\/site\/2016\/06\/23\/rodando-film-festival-una-oportunidad-unirse-cine\/","og_locale":"es_MX","og_type":"article","og_title":"Rodando Film Festival: una oportunidad para unirse con el cine - Kalot","og_description":"En San Luis Potos\u00ed el cine puede llegar a ser muy desvalorizado; posiblemente gran parte del p\u00fablico se limite \u00fanicamente a la recepci\u00f3n de producciones","og_url":"https:\/\/kalot.com.mx\/site\/2016\/06\/23\/rodando-film-festival-una-oportunidad-unirse-cine\/","og_site_name":"Kalot","article_publisher":"http:\/\/facebook.com\/mxkalot","article_author":"https:\/\/www.facebook.com\/cristina.vvill","article_published_time":"2016-06-24T01:27:57+00:00","article_modified_time":"2016-06-24T01:31:17+00:00","og_image":[{"width":960,"height":353,"url":"https:\/\/i0.wp.com\/kalot.com.mx\/site\/wp-content\/uploads\/2016\/06\/13331076_1150239458361191_569193326665555835_n-1.jpg?fit=960%2C353&ssl=1","type":"image\/jpeg"}],"author":"Cristina Flores","twitter_card":"summary_large_image","twitter_creator":"@https:\/\/twitter.com\/cristinavll","twitter_site":"@kalotmx","twitter_misc":{"Escrito por":"Cristina Flores","Tiempo de lectura":"2 minutos"},"schema":{"@context":"https:\/\/schema.org","@graph":[{"@type":"Article","@id":"https:\/\/kalot.com.mx\/site\/2016\/06\/23\/rodando-film-festival-una-oportunidad-unirse-cine\/#article","isPartOf":{"@id":"https:\/\/kalot.com.mx\/site\/2016\/06\/23\/rodando-film-festival-una-oportunidad-unirse-cine\/"},"author":{"name":"Cristina Flores","@id":"https:\/\/kalot.com.mx\/site\/#\/schema\/person\/51b9151e5d2eb4c7ab1d93fc5a52be9b"},"headline":"Rodando Film Festival: una oportunidad para unirse con el cine","datePublished":"2016-06-24T01:27:57+00:00","dateModified":"2016-06-24T01:31:17+00:00","mainEntityOfPage":{"@id":"https:\/\/kalot.com.mx\/site\/2016\/06\/23\/rodando-film-festival-una-oportunidad-unirse-cine\/"},"wordCount":420,"commentCount":0,"publisher":{"@id":"https:\/\/kalot.com.mx\/site\/#organization"},"image":{"@id":"https:\/\/kalot.com.mx\/site\/2016\/06\/23\/rodando-film-festival-una-oportunidad-unirse-cine\/#primaryimage"},"thumbnailUrl":"https:\/\/i0.wp.com\/kalot.com.mx\/site\/wp-content\/uploads\/2016\/06\/13331076_1150239458361191_569193326665555835_n-1.jpg?fit=960%2C353&ssl=1","keywords":["arte","CINE","san luis potosi"],"articleSection":["Cine","Cultura","Eventos"],"inLanguage":"es","potentialAction":[{"@type":"CommentAction","name":"Comment","target":["https:\/\/kalot.com.mx\/site\/2016\/06\/23\/rodando-film-festival-una-oportunidad-unirse-cine\/#respond"]}]},{"@type":"WebPage","@id":"https:\/\/kalot.com.mx\/site\/2016\/06\/23\/rodando-film-festival-una-oportunidad-unirse-cine\/","url":"https:\/\/kalot.com.mx\/site\/2016\/06\/23\/rodando-film-festival-una-oportunidad-unirse-cine\/","name":"Rodando Film Festival: una oportunidad para unirse con el cine - Kalot","isPartOf":{"@id":"https:\/\/kalot.com.mx\/site\/#website"},"primaryImageOfPage":{"@id":"https:\/\/kalot.com.mx\/site\/2016\/06\/23\/rodando-film-festival-una-oportunidad-unirse-cine\/#primaryimage"},"image":{"@id":"https:\/\/kalot.com.mx\/site\/2016\/06\/23\/rodando-film-festival-una-oportunidad-unirse-cine\/#primaryimage"},"thumbnailUrl":"https:\/\/i0.wp.com\/kalot.com.mx\/site\/wp-content\/uploads\/2016\/06\/13331076_1150239458361191_569193326665555835_n-1.jpg?fit=960%2C353&ssl=1","datePublished":"2016-06-24T01:27:57+00:00","dateModified":"2016-06-24T01:31:17+00:00","description":"En San Luis Potos\u00ed el cine puede llegar a ser muy desvalorizado; posiblemente gran parte del p\u00fablico se limite \u00fanicamente a la recepci\u00f3n de producciones","breadcrumb":{"@id":"https:\/\/kalot.com.mx\/site\/2016\/06\/23\/rodando-film-festival-una-oportunidad-unirse-cine\/#breadcrumb"},"inLanguage":"es","potentialAction":[{"@type":"ReadAction","target":["https:\/\/kalot.com.mx\/site\/2016\/06\/23\/rodando-film-festival-una-oportunidad-unirse-cine\/"]}]},{"@type":"ImageObject","inLanguage":"es","@id":"https:\/\/kalot.com.mx\/site\/2016\/06\/23\/rodando-film-festival-una-oportunidad-unirse-cine\/#primaryimage","url":"https:\/\/i0.wp.com\/kalot.com.mx\/site\/wp-content\/uploads\/2016\/06\/13331076_1150239458361191_569193326665555835_n-1.jpg?fit=960%2C353&ssl=1","contentUrl":"https:\/\/i0.wp.com\/kalot.com.mx\/site\/wp-content\/uploads\/2016\/06\/13331076_1150239458361191_569193326665555835_n-1.jpg?fit=960%2C353&ssl=1","width":960,"height":353},{"@type":"BreadcrumbList","@id":"https:\/\/kalot.com.mx\/site\/2016\/06\/23\/rodando-film-festival-una-oportunidad-unirse-cine\/#breadcrumb","itemListElement":[{"@type":"ListItem","position":1,"name":"Home","item":"https:\/\/kalot.com.mx\/site\/"},{"@type":"ListItem","position":2,"name":"Rodando Film Festival: una oportunidad para unirse con el cine"}]},{"@type":"WebSite","@id":"https:\/\/kalot.com.mx\/site\/#website","url":"https:\/\/kalot.com.mx\/site\/","name":"Kalot","description":"Conoce Todo Sobre Todo","publisher":{"@id":"https:\/\/kalot.com.mx\/site\/#organization"},"potentialAction":[{"@type":"SearchAction","target":{"@type":"EntryPoint","urlTemplate":"https:\/\/kalot.com.mx\/site\/?s={search_term_string}"},"query-input":{"@type":"PropertyValueSpecification","valueRequired":true,"valueName":"search_term_string"}}],"inLanguage":"es"},{"@type":"Organization","@id":"https:\/\/kalot.com.mx\/site\/#organization","name":"Kalot","url":"https:\/\/kalot.com.mx\/site\/","logo":{"@type":"ImageObject","inLanguage":"es","@id":"https:\/\/kalot.com.mx\/site\/#\/schema\/logo\/image\/","url":"https:\/\/i0.wp.com\/kalot.com.mx\/site\/wp-content\/uploads\/2020\/04\/Kalot-logo-sin-tagline.png?fit=1707%2C1014&ssl=1","contentUrl":"https:\/\/i0.wp.com\/kalot.com.mx\/site\/wp-content\/uploads\/2020\/04\/Kalot-logo-sin-tagline.png?fit=1707%2C1014&ssl=1","width":1707,"height":1014,"caption":"Kalot"},"image":{"@id":"https:\/\/kalot.com.mx\/site\/#\/schema\/logo\/image\/"},"sameAs":["http:\/\/facebook.com\/mxkalot","https:\/\/x.com\/kalotmx","http:\/\/instagram.com\/kalotmx","http:\/\/pinterest.com\/jorgeerana\/kalot"]},{"@type":"Person","@id":"https:\/\/kalot.com.mx\/site\/#\/schema\/person\/51b9151e5d2eb4c7ab1d93fc5a52be9b","name":"Cristina Flores","image":{"@type":"ImageObject","inLanguage":"es","@id":"https:\/\/secure.gravatar.com\/avatar\/26d024c3cad64aa6c6d1440cb21c5f2bacb4a45807741351370836e2b0b97d76?s=96&d=mm&r=g","url":"https:\/\/secure.gravatar.com\/avatar\/26d024c3cad64aa6c6d1440cb21c5f2bacb4a45807741351370836e2b0b97d76?s=96&d=mm&r=g","contentUrl":"https:\/\/secure.gravatar.com\/avatar\/26d024c3cad64aa6c6d1440cb21c5f2bacb4a45807741351370836e2b0b97d76?s=96&d=mm&r=g","caption":"Cristina Flores"},"description":"Estudiante de los procesos comunicativos. Periodismo Feminista. Menci\u00f3n Honor\u00edfica en Festival CineMA. Publicaciones y selecciones en otros festivales en M\u00e9xico y Espa\u00f1a.","sameAs":["https:\/\/www.facebook.com\/cristina.vvill","https:\/\/www.instagram.com\/cristinavll\/","https:\/\/x.com\/https:\/\/twitter.com\/cristinavll"],"url":"https:\/\/kalot.com.mx\/site\/author\/cristinaf\/"}]}},"jetpack_publicize_connections":[],"jetpack_featured_media_url":"https:\/\/i0.wp.com\/kalot.com.mx\/site\/wp-content\/uploads\/2016\/06\/13331076_1150239458361191_569193326665555835_n-1.jpg?fit=960%2C353&ssl=1","jetpack_shortlink":"https:\/\/wp.me\/p6IHEI-6Fb","jetpack-related-posts":[{"id":2082,"url":"https:\/\/kalot.com.mx\/site\/2013\/09\/20\/octubre-mes-del-rodandofilmfestival\/","url_meta":{"origin":25617,"position":0},"title":"Octubre, mes del #RodandoFilmFestival","author":"Misael Gallegos","date":"20 septiembre, 2013","format":false,"excerpt":"Regresa uno de los festivales m\u00e1s importantes de cine en la ciudad de San Luis Potos\u00ed en su tercera edici\u00f3n y se llevar\u00e1 a cabo del d\u00eda 18 al 26 de octubre en diferentes sedes de la ciudad y como principal la ic\u00f3nica \u201cCineteca alameda\u201d. Rodando Film Festival aparte de\u2026","rel":"","context":"Con 1 comentario","block_context":{"text":"Con 1 comentario","link":"https:\/\/kalot.com.mx\/site\/2013\/09\/20\/octubre-mes-del-rodandofilmfestival\/#comments"},"img":{"alt_text":"","src":"https:\/\/i0.wp.com\/kalot.com.mx\/site\/wp-content\/uploads\/2013\/09\/1185261_603953849656424_490516882_n.jpg?fit=960%2C357&ssl=1&resize=350%2C200","width":350,"height":200,"srcset":"https:\/\/i0.wp.com\/kalot.com.mx\/site\/wp-content\/uploads\/2013\/09\/1185261_603953849656424_490516882_n.jpg?fit=960%2C357&ssl=1&resize=350%2C200 1x, https:\/\/i0.wp.com\/kalot.com.mx\/site\/wp-content\/uploads\/2013\/09\/1185261_603953849656424_490516882_n.jpg?fit=960%2C357&ssl=1&resize=525%2C300 1.5x, https:\/\/i0.wp.com\/kalot.com.mx\/site\/wp-content\/uploads\/2013\/09\/1185261_603953849656424_490516882_n.jpg?fit=960%2C357&ssl=1&resize=700%2C400 2x"},"classes":[]},{"id":4897,"url":"https:\/\/kalot.com.mx\/site\/2013\/10\/25\/8-9festival-internacional-de-cortometraje\/","url_meta":{"origin":25617,"position":1},"title":"8.9\tFestival Internacional de Cortometraje, el cine a las calles&#8230; Caminos de Plata. Por @nancitaflaquita","author":"Nancy Huerta","date":"25 octubre, 2013","format":false,"excerpt":"\u00a1Que tal Kalochos! Esta vez le hablar\u00e9 de un festival de cortometrajes, en el cu\u00e1l tambi\u00e9n ando de mitotera. El Festival Internacional de cortometraje, el cine a las calles, es un proyecto que pertenece y desarrolla ACAENCORTO Producciones, A.C. es una alternativa para la difusi\u00f3n, exhibici\u00f3n y divulgaci\u00f3n de trabajos\u2026","rel":"","context":"Entrada similar ","block_context":{"text":"Entrada similar ","link":""},"img":{"alt_text":"","src":"https:\/\/i0.wp.com\/kalot.com.mx\/site\/wp-content\/uploads\/2013\/10\/547583_651078858240561_1053527315_n.jpg?fit=960%2C355&ssl=1&resize=350%2C200","width":350,"height":200,"srcset":"https:\/\/i0.wp.com\/kalot.com.mx\/site\/wp-content\/uploads\/2013\/10\/547583_651078858240561_1053527315_n.jpg?fit=960%2C355&ssl=1&resize=350%2C200 1x, https:\/\/i0.wp.com\/kalot.com.mx\/site\/wp-content\/uploads\/2013\/10\/547583_651078858240561_1053527315_n.jpg?fit=960%2C355&ssl=1&resize=525%2C300 1.5x, https:\/\/i0.wp.com\/kalot.com.mx\/site\/wp-content\/uploads\/2013\/10\/547583_651078858240561_1053527315_n.jpg?fit=960%2C355&ssl=1&resize=700%2C400 2x"},"classes":[]},{"id":3973,"url":"https:\/\/kalot.com.mx\/site\/2013\/10\/15\/graveda-cine-cinepolis\/","url_meta":{"origin":25617,"position":2},"title":"Graved\u00e1 #Cine @Cinepolis","author":"K. Max","date":"15 octubre, 2013","format":false,"excerpt":"Pues Alfonso Cuar\u00f3n, acaba de lanzar el 4 de octubre, su nueva pel\u00edcula protagonizada por Sandra Bullock y George Clooney, pero como en San Luis Potos\u00ed, se tardan un tiempecito en estrenarla, pues no la veremos hasta el s\u00e1bado, pero todas las cr\u00edticas han estado chingonas, y por un lado\u2026","rel":"","context":"Entrada similar ","block_context":{"text":"Entrada similar ","link":""},"img":{"alt_text":"","src":"https:\/\/i0.wp.com\/kalot.com.mx\/site\/wp-content\/uploads\/2013\/10\/gravedad-poster-imax.jpg?fit=1000%2C665&ssl=1&resize=350%2C200","width":350,"height":200,"srcset":"https:\/\/i0.wp.com\/kalot.com.mx\/site\/wp-content\/uploads\/2013\/10\/gravedad-poster-imax.jpg?fit=1000%2C665&ssl=1&resize=350%2C200 1x, https:\/\/i0.wp.com\/kalot.com.mx\/site\/wp-content\/uploads\/2013\/10\/gravedad-poster-imax.jpg?fit=1000%2C665&ssl=1&resize=525%2C300 1.5x, https:\/\/i0.wp.com\/kalot.com.mx\/site\/wp-content\/uploads\/2013\/10\/gravedad-poster-imax.jpg?fit=1000%2C665&ssl=1&resize=700%2C400 2x"},"classes":[]},{"id":14380,"url":"https:\/\/kalot.com.mx\/site\/2014\/04\/02\/la-grande-bellezza-en-la-cineteca-alameda-estreno-exclusivo\/","url_meta":{"origin":25617,"position":3},"title":"La Grande Bellezza en la Cineteca Alameda [ESTRENO EXCLUSIVO]","author":"Omar Herrera","date":"2 abril, 2014","format":false,"excerpt":"Ganadora indiscutible del Oscar a la Mejor Pel\u00edcula Extranjera o hablada en lengua no inglesa, La Gran Belleza (La Grande Bellezza, Italia, 2013 ), dirigida por el italiano Paolo Sorrentino llegar\u00e1 a la capital potosina\u00a0del mi\u00e9rcoles 2 al domingo 6 de abril en la Cineteca Alameda. La Gran Belleza narra\u2026","rel":"","context":"En &quot;Sin categor\u00eda&quot;","block_context":{"text":"Sin categor\u00eda","link":"https:\/\/kalot.com.mx\/site\/category\/sin-categoria\/"},"img":{"alt_text":"","src":"https:\/\/i0.wp.com\/kalot.com.mx\/site\/wp-content\/uploads\/2014\/04\/hero_GreatBeauty-2013-1.jpg?fit=1200%2C500&ssl=1&resize=350%2C200","width":350,"height":200,"srcset":"https:\/\/i0.wp.com\/kalot.com.mx\/site\/wp-content\/uploads\/2014\/04\/hero_GreatBeauty-2013-1.jpg?fit=1200%2C500&ssl=1&resize=350%2C200 1x, https:\/\/i0.wp.com\/kalot.com.mx\/site\/wp-content\/uploads\/2014\/04\/hero_GreatBeauty-2013-1.jpg?fit=1200%2C500&ssl=1&resize=525%2C300 1.5x, https:\/\/i0.wp.com\/kalot.com.mx\/site\/wp-content\/uploads\/2014\/04\/hero_GreatBeauty-2013-1.jpg?fit=1200%2C500&ssl=1&resize=700%2C400 2x, https:\/\/i0.wp.com\/kalot.com.mx\/site\/wp-content\/uploads\/2014\/04\/hero_GreatBeauty-2013-1.jpg?fit=1200%2C500&ssl=1&resize=1050%2C600 3x"},"classes":[]},{"id":21064,"url":"https:\/\/kalot.com.mx\/site\/2015\/04\/06\/el-festival-de-san-luis-cumple-xv-anos\/","url_meta":{"origin":25617,"position":4},"title":"El Festival de San Luis cumple XV a\u00f1os","author":"Jounne Gallardox","date":"6 abril, 2015","format":false,"excerpt":"El Festival de San Luis este a\u00f1o cumple XV a\u00f1os y se puede decir f\u00e1cil pero se ha requerido de muchas cabezas para pensar y muchas manos para crear lo que hoy representa el festival: una tradici\u00f3n, una semana de opciones culturales al alcance de todos, una buena reuni\u00f3n obligada\u2026","rel":"","context":"Con 1 comentario","block_context":{"text":"Con 1 comentario","link":"https:\/\/kalot.com.mx\/site\/2015\/04\/06\/el-festival-de-san-luis-cumple-xv-anos\/#comments"},"img":{"alt_text":"","src":"https:\/\/i0.wp.com\/kalot.com.mx\/site\/wp-content\/uploads\/2015\/04\/XV-Festival-de-San-Luis-1.jpg?fit=1200%2C442&ssl=1&resize=350%2C200","width":350,"height":200,"srcset":"https:\/\/i0.wp.com\/kalot.com.mx\/site\/wp-content\/uploads\/2015\/04\/XV-Festival-de-San-Luis-1.jpg?fit=1200%2C442&ssl=1&resize=350%2C200 1x, https:\/\/i0.wp.com\/kalot.com.mx\/site\/wp-content\/uploads\/2015\/04\/XV-Festival-de-San-Luis-1.jpg?fit=1200%2C442&ssl=1&resize=525%2C300 1.5x, https:\/\/i0.wp.com\/kalot.com.mx\/site\/wp-content\/uploads\/2015\/04\/XV-Festival-de-San-Luis-1.jpg?fit=1200%2C442&ssl=1&resize=700%2C400 2x, https:\/\/i0.wp.com\/kalot.com.mx\/site\/wp-content\/uploads\/2015\/04\/XV-Festival-de-San-Luis-1.jpg?fit=1200%2C442&ssl=1&resize=1050%2C600 3x"},"classes":[]},{"id":14787,"url":"https:\/\/kalot.com.mx\/site\/2014\/04\/12\/cine-avenida-su-demolicion\/","url_meta":{"origin":25617,"position":5},"title":"Cine Avenida, su demolici\u00f3n.","author":"Gustavo Elizarrar\u00e1s","date":"12 abril, 2014","format":false,"excerpt":"Todos los potosinos o en una gran parte conocemos y alg\u00fan d\u00eda tuvimos la oportunidad de visitar este gran inmueble ubicado en la ya muy conocida Av. Carranza. A mi parecer es una terrible noticia que suceda esto ya que San Luis Potos\u00ed tiene ese potencial explotable en sitios de\u2026","rel":"","context":"Entrada similar ","block_context":{"text":"Entrada similar ","link":""},"img":{"alt_text":"","src":"https:\/\/i0.wp.com\/kalot.com.mx\/site\/wp-content\/uploads\/2014\/04\/large.jpg?fit=640%2C398&ssl=1&resize=350%2C200","width":350,"height":200,"srcset":"https:\/\/i0.wp.com\/kalot.com.mx\/site\/wp-content\/uploads\/2014\/04\/large.jpg?fit=640%2C398&ssl=1&resize=350%2C200 1x, https:\/\/i0.wp.com\/kalot.com.mx\/site\/wp-content\/uploads\/2014\/04\/large.jpg?fit=640%2C398&ssl=1&resize=525%2C300 1.5x"},"classes":[]}],"jetpack_sharing_enabled":true,"_links":{"self":[{"href":"https:\/\/kalot.com.mx\/site\/wp-json\/wp\/v2\/posts\/25617","targetHints":{"allow":["GET"]}}],"collection":[{"href":"https:\/\/kalot.com.mx\/site\/wp-json\/wp\/v2\/posts"}],"about":[{"href":"https:\/\/kalot.com.mx\/site\/wp-json\/wp\/v2\/types\/post"}],"author":[{"embeddable":true,"href":"https:\/\/kalot.com.mx\/site\/wp-json\/wp\/v2\/users\/155"}],"replies":[{"embeddable":true,"href":"https:\/\/kalot.com.mx\/site\/wp-json\/wp\/v2\/comments?post=25617"}],"version-history":[{"count":1,"href":"https:\/\/kalot.com.mx\/site\/wp-json\/wp\/v2\/posts\/25617\/revisions"}],"predecessor-version":[{"id":25619,"href":"https:\/\/kalot.com.mx\/site\/wp-json\/wp\/v2\/posts\/25617\/revisions\/25619"}],"wp:featuredmedia":[{"embeddable":true,"href":"https:\/\/kalot.com.mx\/site\/wp-json\/wp\/v2\/media\/25618"}],"wp:attachment":[{"href":"https:\/\/kalot.com.mx\/site\/wp-json\/wp\/v2\/media?parent=25617"}],"wp:term":[{"taxonomy":"category","embeddable":true,"href":"https:\/\/kalot.com.mx\/site\/wp-json\/wp\/v2\/categories?post=25617"},{"taxonomy":"post_tag","embeddable":true,"href":"https:\/\/kalot.com.mx\/site\/wp-json\/wp\/v2\/tags?post=25617"}],"curies":[{"name":"wp","href":"https:\/\/api.w.org\/{rel}","templated":true}]}}