{"id":25550,"date":"2016-06-10T14:42:22","date_gmt":"2016-06-10T20:42:22","guid":{"rendered":"http:\/\/kalot.com.mx\/site\/?p=25550"},"modified":"2016-06-22T13:31:13","modified_gmt":"2016-06-22T19:31:13","slug":"camilo-vii-regreso-en-san-luis-potosi","status":"publish","type":"post","link":"https:\/\/kalot.com.mx\/site\/2016\/06\/10\/camilo-vii-regreso-en-san-luis-potosi\/","title":{"rendered":"Camilo VII regresa a San Luis Potos\u00ed"},"content":{"rendered":"<p>Tras su gira de promoci\u00f3n del EP &#8220;Maya&#8221; y dejando a los potosinos con ganas de m\u00e1s, Camilo S\u00e9ptimo regresa a la capital potosina. Esta vez con su Tour Ne\u00f3n presentando su nuevo material.<\/p>\n<p><span class=\"embed-youtube\" style=\"text-align:center; display: block;\"><iframe class=\"youtube-player\" width=\"1200\" height=\"675\" src=\"https:\/\/www.youtube.com\/embed\/M6hvGrBmCdQ?version=3&#038;rel=1&#038;showsearch=0&#038;showinfo=1&#038;iv_load_policy=1&#038;fs=1&#038;hl=es-MX&#038;autohide=2&#038;wmode=transparent\" allowfullscreen=\"true\" style=\"border:0;\" sandbox=\"allow-scripts allow-same-origin allow-popups allow-presentation allow-popups-to-escape-sandbox\"><\/iframe><\/span> <\/p>\n<p><img data-recalc-dims=\"1\" fetchpriority=\"high\" decoding=\"async\" data-attachment-id=\"25551\" data-permalink=\"https:\/\/kalot.com.mx\/site\/2016\/06\/10\/camilo-vii-regreso-en-san-luis-potosi\/camiloweb-1024x684\/\" data-orig-file=\"https:\/\/i0.wp.com\/kalot.com.mx\/site\/wp-content\/uploads\/2016\/06\/CAMILOWEB-1024x684.png?fit=1024%2C684&amp;ssl=1\" data-orig-size=\"1024,684\" data-comments-opened=\"1\" data-image-meta=\"{&quot;aperture&quot;:&quot;0&quot;,&quot;credit&quot;:&quot;&quot;,&quot;camera&quot;:&quot;&quot;,&quot;caption&quot;:&quot;&quot;,&quot;created_timestamp&quot;:&quot;0&quot;,&quot;copyright&quot;:&quot;&quot;,&quot;focal_length&quot;:&quot;0&quot;,&quot;iso&quot;:&quot;0&quot;,&quot;shutter_speed&quot;:&quot;0&quot;,&quot;title&quot;:&quot;&quot;,&quot;orientation&quot;:&quot;0&quot;}\" data-image-title=\"CAMILOVII\" data-image-description=\"\" data-image-caption=\"\" data-large-file=\"https:\/\/i0.wp.com\/kalot.com.mx\/site\/wp-content\/uploads\/2016\/06\/CAMILOWEB-1024x684.png?fit=1024%2C684&amp;ssl=1\" src=\"https:\/\/i0.wp.com\/kalot.com.mx\/site\/wp-content\/uploads\/2016\/06\/CAMILOWEB-1024x684.png?resize=1024%2C684\" alt=\"CAMILOVII\" width=\"1024\" height=\"684\" class=\"alignnone size-full wp-image-25551\" srcset=\"https:\/\/i0.wp.com\/kalot.com.mx\/site\/wp-content\/uploads\/2016\/06\/CAMILOWEB-1024x684.png?resize=1024%2C684&amp;ssl=1 1024w, https:\/\/i0.wp.com\/kalot.com.mx\/site\/wp-content\/uploads\/2016\/06\/CAMILOWEB-1024x684.png?resize=768%2C513&amp;ssl=1 768w, https:\/\/i0.wp.com\/kalot.com.mx\/site\/wp-content\/uploads\/2016\/06\/CAMILOWEB-1024x684.png?resize=300%2C200&amp;ssl=1 300w, https:\/\/i0.wp.com\/kalot.com.mx\/site\/wp-content\/uploads\/2016\/06\/CAMILOWEB-1024x684.png?resize=810%2C541&amp;ssl=1 810w\" sizes=\"(max-width: 1024px) 100vw, 1024px\" \/><\/p>\n<p>La banda originaria de la Ciudad de M\u00e9xico y su propuesta de rock un tanto m\u00e1s fresco, (y por fresco nos referimos a algo m\u00e1s bailable, fuera de los est\u00e1ndares de lo que es rock cl\u00e1sico) ha logrado sobresalir dentro de la escena nacional participando en festivales importantes como lo son Vive Latino y Pa\u00b4l Norte y a su vez han compartido escenario con bandas como Kings of Leon, D\u00ebnver, Dorian, entre otros. A\u00fan y cuando su trayectoria es corta, \u00bfQu\u00e9 tal, eh?<\/p>\n<p>En su m\u00e1s reciente producci\u00f3n nos muestran como siguen la misma ruta que con el EP &#8220;MAYA&#8221;, una onda muy dance beat tropical con algo de guitarras funk, lo que a muchos nos pone a bailar, a cantar y disfrutar, as\u00ed como darle lugar como una de las bandas que van a la cima de una manera realmente acelerada.<\/p>\n<p><span class=\"embed-youtube\" style=\"text-align:center; display: block;\"><iframe class=\"youtube-player\" width=\"1200\" height=\"675\" src=\"https:\/\/www.youtube.com\/embed\/Csaf1SeLld4?version=3&#038;rel=1&#038;showsearch=0&#038;showinfo=1&#038;iv_load_policy=1&#038;fs=1&#038;hl=es-MX&#038;autohide=2&#038;wmode=transparent\" allowfullscreen=\"true\" style=\"border:0;\" sandbox=\"allow-scripts allow-same-origin allow-popups allow-presentation allow-popups-to-escape-sandbox\"><\/iframe><\/span> <\/p>\n<p>La cita se llevar\u00e1 a cabo el viernes 24 de junio en Rockabilly a las 19:00 hrs con acceso \u00fanico a mayores de edad. Los boletos los puedes adquirir ya en el siguiente link:<\/p>\n<p><a href=\"https:\/\/camilo-vii-en-rockabilly-slp.boletia.com\/\">https:\/\/camilo-vii-en-rockabilly-slp.boletia.com\/<\/a> <\/p>\n<p><img data-recalc-dims=\"1\" decoding=\"async\" data-attachment-id=\"25553\" data-permalink=\"https:\/\/kalot.com.mx\/site\/2016\/06\/10\/camilo-vii-regreso-en-san-luis-potosi\/camilo-vii-24-06-16-s-l-p\/\" data-orig-file=\"https:\/\/i0.wp.com\/kalot.com.mx\/site\/wp-content\/uploads\/2016\/06\/Camilo-VII-24.06.16-S.L.P..png?fit=1000%2C1545&amp;ssl=1\" data-orig-size=\"1000,1545\" data-comments-opened=\"1\" data-image-meta=\"{&quot;aperture&quot;:&quot;0&quot;,&quot;credit&quot;:&quot;&quot;,&quot;camera&quot;:&quot;&quot;,&quot;caption&quot;:&quot;&quot;,&quot;created_timestamp&quot;:&quot;0&quot;,&quot;copyright&quot;:&quot;&quot;,&quot;focal_length&quot;:&quot;0&quot;,&quot;iso&quot;:&quot;0&quot;,&quot;shutter_speed&quot;:&quot;0&quot;,&quot;title&quot;:&quot;&quot;,&quot;orientation&quot;:&quot;0&quot;}\" data-image-title=\"Camilo VII 24.06.16 S.L.P.\" data-image-description=\"\" data-image-caption=\"\" data-large-file=\"https:\/\/i0.wp.com\/kalot.com.mx\/site\/wp-content\/uploads\/2016\/06\/Camilo-VII-24.06.16-S.L.P..png?fit=663%2C1024&amp;ssl=1\" src=\"https:\/\/i0.wp.com\/kalot.com.mx\/site\/wp-content\/uploads\/2016\/06\/Camilo-VII-24.06.16-S.L.P.-663x1024.png?resize=663%2C1024\" alt=\"Camilo VII 24.06.16 S.L.P.\" width=\"663\" height=\"1024\" class=\"alignnone size-large wp-image-25553\" srcset=\"https:\/\/i0.wp.com\/kalot.com.mx\/site\/wp-content\/uploads\/2016\/06\/Camilo-VII-24.06.16-S.L.P..png?resize=663%2C1024&amp;ssl=1 663w, https:\/\/i0.wp.com\/kalot.com.mx\/site\/wp-content\/uploads\/2016\/06\/Camilo-VII-24.06.16-S.L.P..png?resize=768%2C1187&amp;ssl=1 768w, https:\/\/i0.wp.com\/kalot.com.mx\/site\/wp-content\/uploads\/2016\/06\/Camilo-VII-24.06.16-S.L.P..png?resize=194%2C300&amp;ssl=1 194w, https:\/\/i0.wp.com\/kalot.com.mx\/site\/wp-content\/uploads\/2016\/06\/Camilo-VII-24.06.16-S.L.P..png?resize=810%2C1251&amp;ssl=1 810w, https:\/\/i0.wp.com\/kalot.com.mx\/site\/wp-content\/uploads\/2016\/06\/Camilo-VII-24.06.16-S.L.P..png?w=1000&amp;ssl=1 1000w\" sizes=\"(max-width: 663px) 100vw, 663px\" \/><\/p>\n<p>\u00a1KALOT TE LLEVA A VER A CAMILO S\u00c9PTIMO!<\/p>\n<p>1 &#8211; Comparte este post en tu perfil de Facebook.<\/p>\n<p>2- Escribe en los comentarios de esta publicaci\u00f3n, cu\u00e1l es tu canci\u00f3n favorita.<\/p>\n<p>Se har\u00e1 una selecci\u00f3n de 3 comentarios aleatoriamente y ganar\u00e1n su boleto sencillo.<br \/>\n* Solo pueden participar mayores de edad*<\/p>\n<p>El sorteo se llevar\u00e1 a cabo el d\u00eda 22 de junio a las 2:30 pm. \u00a1MUCHA SUERTE!<\/p>\n","protected":false},"excerpt":{"rendered":"Tras su gira de promoci\u00f3n del EP &#8220;Maya&#8221; y dejando a los potosinos con ganas de m\u00e1s, Camilo&hellip;\n","protected":false},"author":158,"featured_media":25558,"comment_status":"open","ping_status":"open","sticky":false,"template":"","format":"standard","meta":{"jetpack_post_was_ever_published":false,"_jetpack_newsletter_access":"","_jetpack_dont_email_post_to_subs":false,"_jetpack_newsletter_tier_id":0,"_jetpack_memberships_contains_paywalled_content":false,"_jetpack_memberships_contains_paid_content":false,"footnotes":"","jetpack_publicize_message":"","jetpack_publicize_feature_enabled":true,"jetpack_social_post_already_shared":true,"jetpack_social_options":{"image_generator_settings":{"template":"highway","default_image_id":0,"font":"","enabled":false},"version":2}},"categories":[14,10],"tags":[671,673,663,672,283,556,65,658],"class_list":{"0":"post-25550","1":"post","2":"type-post","3":"status-publish","4":"format-standard","5":"has-post-thumbnail","7":"category-eventos","8":"category-musica","9":"tag-camilo-septimo","10":"tag-conciertos","11":"tag-eventos-en-san-luis","12":"tag-indie-rock","13":"tag-musica","14":"tag-rock","15":"tag-san-luis-potosi","16":"tag-slp","17":"cs-entry","18":"cs-video-wrap"},"yoast_head":"<!-- This site is optimized with the Yoast SEO plugin v27.5 - https:\/\/yoast.com\/product\/yoast-seo-wordpress\/ -->\n<title>Camilo VII regresa a San Luis Potos\u00ed - Kalot<\/title>\n<meta name=\"description\" content=\"Tras su gira de promoci\u00f3n del EP &quot;Maya&quot; y dejando a los potosinos con ganas de m\u00e1s, Camilo S\u00e9ptimo regresa a la capital potosina. Esta vez con su Tour\" \/>\n<meta name=\"robots\" content=\"index, follow, max-snippet:-1, max-image-preview:large, max-video-preview:-1\" \/>\n<link rel=\"canonical\" href=\"https:\/\/kalot.com.mx\/site\/2016\/06\/10\/camilo-vii-regreso-en-san-luis-potosi\/\" \/>\n<meta property=\"og:locale\" content=\"es_MX\" \/>\n<meta property=\"og:type\" content=\"article\" \/>\n<meta property=\"og:title\" content=\"Camilo VII regresa a San Luis Potos\u00ed - Kalot\" \/>\n<meta property=\"og:description\" content=\"Tras su gira de promoci\u00f3n del EP &quot;Maya&quot; y dejando a los potosinos con ganas de m\u00e1s, Camilo S\u00e9ptimo regresa a la capital potosina. Esta vez con su Tour\" \/>\n<meta property=\"og:url\" content=\"https:\/\/kalot.com.mx\/site\/2016\/06\/10\/camilo-vii-regreso-en-san-luis-potosi\/\" \/>\n<meta property=\"og:site_name\" content=\"Kalot\" \/>\n<meta property=\"article:publisher\" content=\"http:\/\/facebook.com\/mxkalot\" \/>\n<meta property=\"article:published_time\" content=\"2016-06-10T20:42:22+00:00\" \/>\n<meta property=\"article:modified_time\" content=\"2016-06-22T19:31:13+00:00\" \/>\n<meta property=\"og:image\" content=\"https:\/\/i1.wp.com\/kalot.com.mx\/site\/wp-content\/uploads\/2016\/06\/Camilo-VII-24.06.16-S.L.P.-Banner.png?fit=851%2C315&ssl=1\" \/>\n\t<meta property=\"og:image:width\" content=\"851\" \/>\n\t<meta property=\"og:image:height\" content=\"315\" \/>\n\t<meta property=\"og:image:type\" content=\"image\/png\" \/>\n<meta name=\"author\" content=\"Eliana Mtz\" \/>\n<meta name=\"twitter:card\" content=\"summary_large_image\" \/>\n<meta name=\"twitter:creator\" content=\"@kalotmx\" \/>\n<meta name=\"twitter:site\" content=\"@kalotmx\" \/>\n<meta name=\"twitter:label1\" content=\"Escrito por\" \/>\n\t<meta name=\"twitter:data1\" content=\"Eliana Mtz\" \/>\n\t<meta name=\"twitter:label2\" content=\"Tiempo de lectura\" \/>\n\t<meta name=\"twitter:data2\" content=\"2 minutos\" \/>\n<!-- \/ Yoast SEO plugin. -->","yoast_head_json":{"title":"Camilo VII regresa a San Luis Potos\u00ed - Kalot","description":"Tras su gira de promoci\u00f3n del EP \"Maya\" y dejando a los potosinos con ganas de m\u00e1s, Camilo S\u00e9ptimo regresa a la capital potosina. Esta vez con su Tour","robots":{"index":"index","follow":"follow","max-snippet":"max-snippet:-1","max-image-preview":"max-image-preview:large","max-video-preview":"max-video-preview:-1"},"canonical":"https:\/\/kalot.com.mx\/site\/2016\/06\/10\/camilo-vii-regreso-en-san-luis-potosi\/","og_locale":"es_MX","og_type":"article","og_title":"Camilo VII regresa a San Luis Potos\u00ed - Kalot","og_description":"Tras su gira de promoci\u00f3n del EP \"Maya\" y dejando a los potosinos con ganas de m\u00e1s, Camilo S\u00e9ptimo regresa a la capital potosina. Esta vez con su Tour","og_url":"https:\/\/kalot.com.mx\/site\/2016\/06\/10\/camilo-vii-regreso-en-san-luis-potosi\/","og_site_name":"Kalot","article_publisher":"http:\/\/facebook.com\/mxkalot","article_published_time":"2016-06-10T20:42:22+00:00","article_modified_time":"2016-06-22T19:31:13+00:00","og_image":[{"width":851,"height":315,"url":"https:\/\/i1.wp.com\/kalot.com.mx\/site\/wp-content\/uploads\/2016\/06\/Camilo-VII-24.06.16-S.L.P.-Banner.png?fit=851%2C315&ssl=1","type":"image\/png"}],"author":"Eliana Mtz","twitter_card":"summary_large_image","twitter_creator":"@kalotmx","twitter_site":"@kalotmx","twitter_misc":{"Escrito por":"Eliana Mtz","Tiempo de lectura":"2 minutos"},"schema":{"@context":"https:\/\/schema.org","@graph":[{"@type":"Article","@id":"https:\/\/kalot.com.mx\/site\/2016\/06\/10\/camilo-vii-regreso-en-san-luis-potosi\/#article","isPartOf":{"@id":"https:\/\/kalot.com.mx\/site\/2016\/06\/10\/camilo-vii-regreso-en-san-luis-potosi\/"},"author":{"name":"Eliana Mtz","@id":"https:\/\/kalot.com.mx\/site\/#\/schema\/person\/74ec735be2a6afaa06488fcd75427def"},"headline":"Camilo VII regresa a San Luis Potos\u00ed","datePublished":"2016-06-10T20:42:22+00:00","dateModified":"2016-06-22T19:31:13+00:00","mainEntityOfPage":{"@id":"https:\/\/kalot.com.mx\/site\/2016\/06\/10\/camilo-vii-regreso-en-san-luis-potosi\/"},"wordCount":319,"commentCount":0,"publisher":{"@id":"https:\/\/kalot.com.mx\/site\/#organization"},"image":{"@id":"https:\/\/kalot.com.mx\/site\/2016\/06\/10\/camilo-vii-regreso-en-san-luis-potosi\/#primaryimage"},"thumbnailUrl":"https:\/\/i0.wp.com\/kalot.com.mx\/site\/wp-content\/uploads\/2016\/06\/Camilo-VII-24.06.16-S.L.P.-Banner.png?fit=851%2C315&ssl=1","keywords":["camilo s\u00e9ptimo","conciertos","eventos en san luis","indie rock","m\u00fasica","Rock","san luis potosi","slp"],"articleSection":["Eventos","M\u00fasica"],"inLanguage":"es","potentialAction":[{"@type":"CommentAction","name":"Comment","target":["https:\/\/kalot.com.mx\/site\/2016\/06\/10\/camilo-vii-regreso-en-san-luis-potosi\/#respond"]}]},{"@type":"WebPage","@id":"https:\/\/kalot.com.mx\/site\/2016\/06\/10\/camilo-vii-regreso-en-san-luis-potosi\/","url":"https:\/\/kalot.com.mx\/site\/2016\/06\/10\/camilo-vii-regreso-en-san-luis-potosi\/","name":"Camilo VII regresa a San Luis Potos\u00ed - Kalot","isPartOf":{"@id":"https:\/\/kalot.com.mx\/site\/#website"},"primaryImageOfPage":{"@id":"https:\/\/kalot.com.mx\/site\/2016\/06\/10\/camilo-vii-regreso-en-san-luis-potosi\/#primaryimage"},"image":{"@id":"https:\/\/kalot.com.mx\/site\/2016\/06\/10\/camilo-vii-regreso-en-san-luis-potosi\/#primaryimage"},"thumbnailUrl":"https:\/\/i0.wp.com\/kalot.com.mx\/site\/wp-content\/uploads\/2016\/06\/Camilo-VII-24.06.16-S.L.P.-Banner.png?fit=851%2C315&ssl=1","datePublished":"2016-06-10T20:42:22+00:00","dateModified":"2016-06-22T19:31:13+00:00","description":"Tras su gira de promoci\u00f3n del EP \"Maya\" y dejando a los potosinos con ganas de m\u00e1s, Camilo S\u00e9ptimo regresa a la capital potosina. Esta vez con su Tour","breadcrumb":{"@id":"https:\/\/kalot.com.mx\/site\/2016\/06\/10\/camilo-vii-regreso-en-san-luis-potosi\/#breadcrumb"},"inLanguage":"es","potentialAction":[{"@type":"ReadAction","target":["https:\/\/kalot.com.mx\/site\/2016\/06\/10\/camilo-vii-regreso-en-san-luis-potosi\/"]}]},{"@type":"ImageObject","inLanguage":"es","@id":"https:\/\/kalot.com.mx\/site\/2016\/06\/10\/camilo-vii-regreso-en-san-luis-potosi\/#primaryimage","url":"https:\/\/i0.wp.com\/kalot.com.mx\/site\/wp-content\/uploads\/2016\/06\/Camilo-VII-24.06.16-S.L.P.-Banner.png?fit=851%2C315&ssl=1","contentUrl":"https:\/\/i0.wp.com\/kalot.com.mx\/site\/wp-content\/uploads\/2016\/06\/Camilo-VII-24.06.16-S.L.P.-Banner.png?fit=851%2C315&ssl=1","width":851,"height":315},{"@type":"BreadcrumbList","@id":"https:\/\/kalot.com.mx\/site\/2016\/06\/10\/camilo-vii-regreso-en-san-luis-potosi\/#breadcrumb","itemListElement":[{"@type":"ListItem","position":1,"name":"Home","item":"https:\/\/kalot.com.mx\/site\/"},{"@type":"ListItem","position":2,"name":"Camilo VII regresa a San Luis Potos\u00ed"}]},{"@type":"WebSite","@id":"https:\/\/kalot.com.mx\/site\/#website","url":"https:\/\/kalot.com.mx\/site\/","name":"Kalot","description":"Conoce Todo Sobre Todo","publisher":{"@id":"https:\/\/kalot.com.mx\/site\/#organization"},"potentialAction":[{"@type":"SearchAction","target":{"@type":"EntryPoint","urlTemplate":"https:\/\/kalot.com.mx\/site\/?s={search_term_string}"},"query-input":{"@type":"PropertyValueSpecification","valueRequired":true,"valueName":"search_term_string"}}],"inLanguage":"es"},{"@type":"Organization","@id":"https:\/\/kalot.com.mx\/site\/#organization","name":"Kalot","url":"https:\/\/kalot.com.mx\/site\/","logo":{"@type":"ImageObject","inLanguage":"es","@id":"https:\/\/kalot.com.mx\/site\/#\/schema\/logo\/image\/","url":"https:\/\/i0.wp.com\/kalot.com.mx\/site\/wp-content\/uploads\/2020\/04\/Kalot-logo-sin-tagline.png?fit=1707%2C1014&ssl=1","contentUrl":"https:\/\/i0.wp.com\/kalot.com.mx\/site\/wp-content\/uploads\/2020\/04\/Kalot-logo-sin-tagline.png?fit=1707%2C1014&ssl=1","width":1707,"height":1014,"caption":"Kalot"},"image":{"@id":"https:\/\/kalot.com.mx\/site\/#\/schema\/logo\/image\/"},"sameAs":["http:\/\/facebook.com\/mxkalot","https:\/\/x.com\/kalotmx","http:\/\/instagram.com\/kalotmx","http:\/\/pinterest.com\/jorgeerana\/kalot"]},{"@type":"Person","@id":"https:\/\/kalot.com.mx\/site\/#\/schema\/person\/74ec735be2a6afaa06488fcd75427def","name":"Eliana Mtz","image":{"@type":"ImageObject","inLanguage":"es","@id":"https:\/\/secure.gravatar.com\/avatar\/337ea6466a42860210de70e4eaaf2c70a245b2dc664f66bee94f4d97e3b62fb0?s=96&d=mm&r=g","url":"https:\/\/secure.gravatar.com\/avatar\/337ea6466a42860210de70e4eaaf2c70a245b2dc664f66bee94f4d97e3b62fb0?s=96&d=mm&r=g","contentUrl":"https:\/\/secure.gravatar.com\/avatar\/337ea6466a42860210de70e4eaaf2c70a245b2dc664f66bee94f4d97e3b62fb0?s=96&d=mm&r=g","caption":"Eliana Mtz"},"url":"https:\/\/kalot.com.mx\/site\/author\/eliana\/"}]}},"jetpack_publicize_connections":[],"jetpack_featured_media_url":"https:\/\/i0.wp.com\/kalot.com.mx\/site\/wp-content\/uploads\/2016\/06\/Camilo-VII-24.06.16-S.L.P.-Banner.png?fit=851%2C315&ssl=1","jetpack_shortlink":"https:\/\/wp.me\/p6IHEI-6E6","jetpack-related-posts":[{"id":27355,"url":"https:\/\/kalot.com.mx\/site\/2017\/08\/30\/camilo-vii-en-slp-touroleos\/","url_meta":{"origin":25550,"position":0},"title":"Camilo VII en SLP: #TOUR\u00d3LEOS","author":"Jorge Era\u00f1a","date":"30 agosto, 2017","format":false,"excerpt":"Art\u00edculo por Alejandra Flores Camilo VII llega a San Luis Potos\u00ed este 2 de septiembre a Loud Open Stage a presentar su reciente disco \u201c\u00d3leos\u201d, material\u00a0producido por\u00a0Mario Miranda de Patterns\u00a0y Christian Jean de\u00a0Reyno, como parte de la gira CIRCUITO INDIO\u00a0qu\u00e9 es una innovadora red de booking impulsando el desarrollo art\u00edstico\u2026","rel":"","context":"En &quot;M\u00fasica&quot;","block_context":{"text":"M\u00fasica","link":"https:\/\/kalot.com.mx\/site\/category\/musica\/"},"img":{"alt_text":"","src":"https:\/\/i0.wp.com\/kalot.com.mx\/site\/wp-content\/uploads\/2017\/08\/camilo-septimo-slp.png?fit=840%2C468&ssl=1&resize=350%2C200","width":350,"height":200,"srcset":"https:\/\/i0.wp.com\/kalot.com.mx\/site\/wp-content\/uploads\/2017\/08\/camilo-septimo-slp.png?fit=840%2C468&ssl=1&resize=350%2C200 1x, https:\/\/i0.wp.com\/kalot.com.mx\/site\/wp-content\/uploads\/2017\/08\/camilo-septimo-slp.png?fit=840%2C468&ssl=1&resize=525%2C300 1.5x, https:\/\/i0.wp.com\/kalot.com.mx\/site\/wp-content\/uploads\/2017\/08\/camilo-septimo-slp.png?fit=840%2C468&ssl=1&resize=700%2C400 2x"},"classes":[]},{"id":25603,"url":"https:\/\/kalot.com.mx\/site\/2016\/06\/22\/entrevista-a-camilo-septimo\/","url_meta":{"origin":25550,"position":1},"title":"Entrevista a Camilo S\u00e9ptimo","author":"Eliana Mtz","date":"22 junio, 2016","format":false,"excerpt":"Tuvimos el gustazo de entrevistar a Manuel Mendoza (tambi\u00e9n conocido como Coe), vocalista de Camilo S\u00e9ptimo, banda mexicana que viene de nuevo a pisar la capital potosina con su #TourNe\u00f3n este viernes 24 de junio. Aqu\u00ed el link del evento: https:\/\/www.facebook.com\/events\/1604939259821393\/ Los integrantes se conocen desde hace tiempo atr\u00e1s, formando\u2026","rel":"","context":"En &quot;Eventos&quot;","block_context":{"text":"Eventos","link":"https:\/\/kalot.com.mx\/site\/category\/eventos\/"},"img":{"alt_text":"","src":"https:\/\/i0.wp.com\/kalot.com.mx\/site\/wp-content\/uploads\/2016\/06\/Camilo-VII-24.06.16-S.L.P.-Banner.png?fit=851%2C315&ssl=1&resize=350%2C200","width":350,"height":200,"srcset":"https:\/\/i0.wp.com\/kalot.com.mx\/site\/wp-content\/uploads\/2016\/06\/Camilo-VII-24.06.16-S.L.P.-Banner.png?fit=851%2C315&ssl=1&resize=350%2C200 1x, https:\/\/i0.wp.com\/kalot.com.mx\/site\/wp-content\/uploads\/2016\/06\/Camilo-VII-24.06.16-S.L.P.-Banner.png?fit=851%2C315&ssl=1&resize=525%2C300 1.5x, https:\/\/i0.wp.com\/kalot.com.mx\/site\/wp-content\/uploads\/2016\/06\/Camilo-VII-24.06.16-S.L.P.-Banner.png?fit=851%2C315&ssl=1&resize=700%2C400 2x"},"classes":[]},{"id":25504,"url":"https:\/\/kalot.com.mx\/site\/2016\/06\/01\/lo-necesitas-saber-acerca-del-electric-planet-2016-en-san-luis-potosi\/","url_meta":{"origin":25550,"position":2},"title":"Electric Planet 2016 en San Luis Potos\u00ed: Todo Lo Que Necesitas Saber (\u2795Boletos Gratis)","author":"Omar Herrera","date":"1 junio, 2016","format":false,"excerpt":"Por Omar Herrera Por primera ocasi\u00f3n el estado de San Luis Potos\u00ed ser\u00e1 sede principal de uno de los eventos m\u00e1s innovadores dentro de la escena electr\u00f3nica en los \u00faltimos a\u00f1os. El concepto del Electric Planet Festival nace en 2014 con la idea principal de los organizadores de armar un\u2026","rel":"","context":"En &quot;Eventos&quot;","block_context":{"text":"Eventos","link":"https:\/\/kalot.com.mx\/site\/category\/eventos\/"},"img":{"alt_text":"","src":"https:\/\/i0.wp.com\/kalot.com.mx\/site\/wp-content\/uploads\/2016\/06\/Imagen-1.png?fit=921%2C341&ssl=1&resize=350%2C200","width":350,"height":200,"srcset":"https:\/\/i0.wp.com\/kalot.com.mx\/site\/wp-content\/uploads\/2016\/06\/Imagen-1.png?fit=921%2C341&ssl=1&resize=350%2C200 1x, https:\/\/i0.wp.com\/kalot.com.mx\/site\/wp-content\/uploads\/2016\/06\/Imagen-1.png?fit=921%2C341&ssl=1&resize=525%2C300 1.5x, https:\/\/i0.wp.com\/kalot.com.mx\/site\/wp-content\/uploads\/2016\/06\/Imagen-1.png?fit=921%2C341&ssl=1&resize=700%2C400 2x"},"classes":[]},{"id":18547,"url":"https:\/\/kalot.com.mx\/site\/2014\/10\/06\/ballet-kiev\/","url_meta":{"origin":25550,"position":3},"title":"Ballet de Kiev en San Luis","author":"David S\u00e1nchez","date":"6 octubre, 2014","format":false,"excerpt":"Mis queridos animalitos de la creaci\u00f3n los extra\u00f1o mucho. Y si es que no he escrito es porque les tendr\u00e9 varias sorpresas en estos 2 meses. Y la primera de ellas es que estaremos cubriendo 2 de los eventos m\u00e1s importantes que se llevaran acabo en San Luis Potos\u00ed. El\u2026","rel":"","context":"Con 1 comentario","block_context":{"text":"Con 1 comentario","link":"https:\/\/kalot.com.mx\/site\/2014\/10\/06\/ballet-kiev\/#comments"},"img":{"alt_text":"","src":"https:\/\/i0.wp.com\/kalot.com.mx\/site\/wp-content\/uploads\/2014\/10\/balletKiev_WEB2.jpg?fit=1200%2C781&ssl=1&resize=350%2C200","width":350,"height":200,"srcset":"https:\/\/i0.wp.com\/kalot.com.mx\/site\/wp-content\/uploads\/2014\/10\/balletKiev_WEB2.jpg?fit=1200%2C781&ssl=1&resize=350%2C200 1x, https:\/\/i0.wp.com\/kalot.com.mx\/site\/wp-content\/uploads\/2014\/10\/balletKiev_WEB2.jpg?fit=1200%2C781&ssl=1&resize=525%2C300 1.5x, https:\/\/i0.wp.com\/kalot.com.mx\/site\/wp-content\/uploads\/2014\/10\/balletKiev_WEB2.jpg?fit=1200%2C781&ssl=1&resize=700%2C400 2x, https:\/\/i0.wp.com\/kalot.com.mx\/site\/wp-content\/uploads\/2014\/10\/balletKiev_WEB2.jpg?fit=1200%2C781&ssl=1&resize=1050%2C600 3x"},"classes":[]},{"id":13575,"url":"https:\/\/kalot.com.mx\/site\/2014\/03\/20\/queen-sinfonico-en-san-luis-potosi\/","url_meta":{"origin":25550,"position":4},"title":"Queen Sinf\u00f3nico en San Luis Potos\u00ed","author":"Dulce Mireles","date":"20 marzo, 2014","format":false,"excerpt":"Queen es de esas bandas emblemas que seguramente escuchaste de ni\u00f1o y tal vez fueron de tus primeras bandas favoritas, por herencia de tus pap\u00e1s, t\u00edos, hermanos o alg\u00fan familiar cercano. Y si no es el caso, tal vez lo descubriste por tu propia cuenta y es a\u00fan m\u00e1s especial.\u00a0\u00bfQu\u00e9\u2026","rel":"","context":"En &quot;Sin categor\u00eda&quot;","block_context":{"text":"Sin categor\u00eda","link":"https:\/\/kalot.com.mx\/site\/category\/sin-categoria\/"},"img":{"alt_text":"","src":"https:\/\/i0.wp.com\/kalot.com.mx\/site\/wp-content\/uploads\/2014\/03\/eventos-s.l.p-101.jpg?fit=602%2C391&ssl=1&resize=350%2C200","width":350,"height":200,"srcset":"https:\/\/i0.wp.com\/kalot.com.mx\/site\/wp-content\/uploads\/2014\/03\/eventos-s.l.p-101.jpg?fit=602%2C391&ssl=1&resize=350%2C200 1x, https:\/\/i0.wp.com\/kalot.com.mx\/site\/wp-content\/uploads\/2014\/03\/eventos-s.l.p-101.jpg?fit=602%2C391&ssl=1&resize=525%2C300 1.5x"},"classes":[]},{"id":14368,"url":"https:\/\/kalot.com.mx\/site\/2014\/04\/01\/festival-musical-alterno-2014-en-san-luis-potosi\/","url_meta":{"origin":25550,"position":5},"title":"Festival Musical Alterno 2014 en San Luis Potos\u00ed","author":"Omar Herrera","date":"1 abril, 2014","format":false,"excerpt":"\u201cM\u00e1s de 12 horas de m\u00fasica independiente, deportes y arte urbano.\u201d Suena bien \u00bfno? Por primera ocasi\u00f3n en nuestra ciudad se realizar\u00e1 un festival enfocado hacia la m\u00fasica alternativa, un espacio\u00a0para promocionar la cultura musical y el arte independiente local y nacional. Seguramente muchos de nosotros (porque no s\u00f3lo usted\u2026","rel":"","context":"En &quot;Sin categor\u00eda&quot;","block_context":{"text":"Sin categor\u00eda","link":"https:\/\/kalot.com.mx\/site\/category\/sin-categoria\/"},"img":{"alt_text":"","src":"https:\/\/i0.wp.com\/kalot.com.mx\/site\/wp-content\/uploads\/2014\/04\/1972333_227742050748909_230667581_n.jpg?fit=960%2C411&ssl=1&resize=350%2C200","width":350,"height":200,"srcset":"https:\/\/i0.wp.com\/kalot.com.mx\/site\/wp-content\/uploads\/2014\/04\/1972333_227742050748909_230667581_n.jpg?fit=960%2C411&ssl=1&resize=350%2C200 1x, https:\/\/i0.wp.com\/kalot.com.mx\/site\/wp-content\/uploads\/2014\/04\/1972333_227742050748909_230667581_n.jpg?fit=960%2C411&ssl=1&resize=525%2C300 1.5x, https:\/\/i0.wp.com\/kalot.com.mx\/site\/wp-content\/uploads\/2014\/04\/1972333_227742050748909_230667581_n.jpg?fit=960%2C411&ssl=1&resize=700%2C400 2x"},"classes":[]}],"jetpack_sharing_enabled":true,"_links":{"self":[{"href":"https:\/\/kalot.com.mx\/site\/wp-json\/wp\/v2\/posts\/25550","targetHints":{"allow":["GET"]}}],"collection":[{"href":"https:\/\/kalot.com.mx\/site\/wp-json\/wp\/v2\/posts"}],"about":[{"href":"https:\/\/kalot.com.mx\/site\/wp-json\/wp\/v2\/types\/post"}],"author":[{"embeddable":true,"href":"https:\/\/kalot.com.mx\/site\/wp-json\/wp\/v2\/users\/158"}],"replies":[{"embeddable":true,"href":"https:\/\/kalot.com.mx\/site\/wp-json\/wp\/v2\/comments?post=25550"}],"version-history":[{"count":13,"href":"https:\/\/kalot.com.mx\/site\/wp-json\/wp\/v2\/posts\/25550\/revisions"}],"predecessor-version":[{"id":25605,"href":"https:\/\/kalot.com.mx\/site\/wp-json\/wp\/v2\/posts\/25550\/revisions\/25605"}],"wp:featuredmedia":[{"embeddable":true,"href":"https:\/\/kalot.com.mx\/site\/wp-json\/wp\/v2\/media\/25558"}],"wp:attachment":[{"href":"https:\/\/kalot.com.mx\/site\/wp-json\/wp\/v2\/media?parent=25550"}],"wp:term":[{"taxonomy":"category","embeddable":true,"href":"https:\/\/kalot.com.mx\/site\/wp-json\/wp\/v2\/categories?post=25550"},{"taxonomy":"post_tag","embeddable":true,"href":"https:\/\/kalot.com.mx\/site\/wp-json\/wp\/v2\/tags?post=25550"}],"curies":[{"name":"wp","href":"https:\/\/api.w.org\/{rel}","templated":true}]}}