{"id":25526,"date":"2016-06-03T13:47:31","date_gmt":"2016-06-03T19:47:31","guid":{"rendered":"http:\/\/kalot.com.mx\/site\/?p=25526"},"modified":"2016-06-03T13:52:05","modified_gmt":"2016-06-03T19:52:05","slug":"bob-ross-regresa-ahora-en-netflix","status":"publish","type":"post","link":"https:\/\/kalot.com.mx\/site\/2016\/06\/03\/bob-ross-regresa-ahora-en-netflix\/","title":{"rendered":"Bob Ross Regresa; Ahora En Netflix"},"content":{"rendered":"<p style=\"text-align: justify\">Muy seguramente muchos de nosotros recordamos aquel programa que marc\u00f3 nuestras infancias a la primera mitad de los 90&#8217;s: hablo de <strong>&#8220;The Joy Of Painting&#8221;<\/strong>, el cu\u00e1l se transmit\u00eda en Canal Once en las tardes, all\u00e1 por el a\u00f1o de 1994.<\/p>\n<p style=\"text-align: justify\">El anfitri\u00f3n de dicho programa era <strong>Bob Ross<\/strong>, un famoso pintor estadounidense, principalmente especializado en la pintura de paisaje al \u00f3leo. El programa tuvo una duraci\u00f3n de 12 a\u00f1os seguidos al aire, mismos que terminaron debido al fallecimiento del ex-miembro de la Fuerza A\u00e9rea de los Estados Unidos. Una de las notables caracter\u00edsticas de su conductor, adem\u00e1s de su ochentoso look, era el uso de un lenguaje que romp\u00eda la cuarta pared y que engalanaba con divertidas <del>y fumadas<\/del> frases como <em>&#8220;happy little trees&#8221;<\/em>, as\u00ed como un gusto por el uso de adjetivos positivos para el televidente.<\/p>\n<p style=\"text-align: justify\">Ac\u00e1 un fragmento de The Joy Of Painting para los que no recuerdan:<\/p>\n<p><span class=\"embed-youtube\" style=\"text-align:center; display: block;\"><iframe class=\"youtube-player\" width=\"1200\" height=\"675\" src=\"https:\/\/www.youtube.com\/embed\/knOutsaiKfU?version=3&#038;rel=1&#038;showsearch=0&#038;showinfo=1&#038;iv_load_policy=1&#038;fs=1&#038;hl=es-MX&#038;autohide=2&#038;wmode=transparent\" allowfullscreen=\"true\" style=\"border:0;\" sandbox=\"allow-scripts allow-same-origin allow-popups allow-presentation allow-popups-to-escape-sandbox\"><\/iframe><\/span><\/p>\n<p style=\"text-align: justify\">Tan peculiar personaje regresar\u00e1 a la pantalla ahora en el formato de programaci\u00f3n de <strong>Netflix<\/strong>, quien transmitir\u00e1 25 episodios en streaming tanto en Estados Unidos como en Reino Unido. Esperemos se decida transmitir dicho contenido en Latinoam\u00e9rica ya que el programa es muy recordado por audiencias mexicanas.<\/p>\n<p style=\"text-align: justify\">Ac\u00e1 el trailer de Netflix para la serie:<\/p>\n<blockquote class=\"twitter-tweet\" data-width=\"550\" data-dnt=\"true\">\n<p lang=\"en\" dir=\"ltr\">His teachings are eternal. His hair is immovable. He is Bob Ross. <a href=\"https:\/\/twitter.com\/hashtag\/BeautyIsEverywhere?src=hash&amp;ref_src=twsrc%5Etfw\">#BeautyIsEverywhere<\/a><a href=\"https:\/\/t.co\/PCBk9M9LUO\">https:\/\/t.co\/PCBk9M9LUO<\/a><\/p>\n<p>&mdash; Netflix (@netflix) <a href=\"https:\/\/twitter.com\/netflix\/status\/738004937108398080?ref_src=twsrc%5Etfw\">June 1, 2016<\/a><\/p><\/blockquote>\n<p><script async src=\"https:\/\/platform.twitter.com\/widgets.js\" charset=\"utf-8\"><\/script><\/p>\n<p style=\"text-align: justify\"><strong>\u00bfQu\u00e9 les parece?<\/strong> A nuestro parecer es una excelente apuesta que realiza la plataforma por regresar programas de este tipo de corte educativo y art\u00edstico dentro de su cat\u00e1logo. Nos leemos luego.<\/p>\n<p style=\"text-align: justify\">V\u00eda The Independent<\/p>\n","protected":false},"excerpt":{"rendered":"Muy seguramente muchos de nosotros recordamos aquel programa que marc\u00f3 nuestras infancias a la primera mitad de los&hellip;\n","protected":false},"author":18,"featured_media":25527,"comment_status":"open","ping_status":"open","sticky":false,"template":"","format":"standard","meta":{"jetpack_post_was_ever_published":false,"_jetpack_newsletter_access":"","_jetpack_dont_email_post_to_subs":false,"_jetpack_newsletter_tier_id":0,"_jetpack_memberships_contains_paywalled_content":false,"_jetpack_memberships_contains_paid_content":false,"footnotes":"","jetpack_publicize_message":"","jetpack_publicize_feature_enabled":true,"jetpack_social_post_already_shared":true,"jetpack_social_options":{"image_generator_settings":{"template":"highway","default_image_id":0,"font":"","enabled":false},"version":2}},"categories":[13,7],"tags":[665,528,530,666],"class_list":{"0":"post-25526","1":"post","2":"type-post","3":"status-publish","4":"format-standard","5":"has-post-thumbnail","7":"category-cultura","8":"category-novedades","9":"tag-bob-ross","10":"tag-netflix","11":"tag-series","12":"tag-tv-shows","13":"cs-entry","14":"cs-video-wrap"},"yoast_head":"<!-- This site is optimized with the Yoast SEO plugin v27.4 - https:\/\/yoast.com\/product\/yoast-seo-wordpress\/ -->\n<title>Bob Ross Regresa; Ahora En Netflix - Kalot<\/title>\n<meta name=\"description\" content=\"Muy seguramente muchos de nosotros recordamos aquel programa que marc\u00f3 nuestras infancias a la primera mitad de los 90&#039;s: hablo de &quot;The Joy Of Painting&quot;,\" \/>\n<meta name=\"robots\" content=\"index, follow, max-snippet:-1, max-image-preview:large, max-video-preview:-1\" \/>\n<link rel=\"canonical\" href=\"https:\/\/kalot.com.mx\/site\/2016\/06\/03\/bob-ross-regresa-ahora-en-netflix\/\" \/>\n<meta property=\"og:locale\" content=\"es_MX\" \/>\n<meta property=\"og:type\" content=\"article\" \/>\n<meta property=\"og:title\" content=\"Bob Ross Regresa; Ahora En Netflix - Kalot\" \/>\n<meta property=\"og:description\" content=\"Muy seguramente muchos de nosotros recordamos aquel programa que marc\u00f3 nuestras infancias a la primera mitad de los 90&#039;s: hablo de &quot;The Joy Of Painting&quot;,\" \/>\n<meta property=\"og:url\" content=\"https:\/\/kalot.com.mx\/site\/2016\/06\/03\/bob-ross-regresa-ahora-en-netflix\/\" \/>\n<meta property=\"og:site_name\" content=\"Kalot\" \/>\n<meta property=\"article:publisher\" content=\"http:\/\/facebook.com\/mxkalot\" \/>\n<meta property=\"article:author\" content=\"https:\/\/www.facebook.com\/don.capu\" \/>\n<meta property=\"article:published_time\" content=\"2016-06-03T19:47:31+00:00\" \/>\n<meta property=\"article:modified_time\" content=\"2016-06-03T19:52:05+00:00\" \/>\n<meta property=\"og:image\" content=\"https:\/\/i0.wp.com\/kalot.com.mx\/site\/wp-content\/uploads\/2016\/06\/MTI1NDg4NTg2MDAxODA1Mjgy.jpg?fit=620%2C349&ssl=1\" \/>\n\t<meta property=\"og:image:width\" content=\"620\" \/>\n\t<meta property=\"og:image:height\" content=\"349\" \/>\n\t<meta property=\"og:image:type\" content=\"image\/jpeg\" \/>\n<meta name=\"author\" content=\"Omar Herrera\" \/>\n<meta name=\"twitter:card\" content=\"summary_large_image\" \/>\n<meta name=\"twitter:creator\" content=\"@thedoncapu\" \/>\n<meta name=\"twitter:site\" content=\"@kalotmx\" \/>\n<meta name=\"twitter:label1\" content=\"Escrito por\" \/>\n\t<meta name=\"twitter:data1\" content=\"Omar Herrera\" \/>\n\t<meta name=\"twitter:label2\" content=\"Tiempo de lectura\" \/>\n\t<meta name=\"twitter:data2\" content=\"1 minuto\" \/>\n<!-- \/ Yoast SEO plugin. -->","yoast_head_json":{"title":"Bob Ross Regresa; Ahora En Netflix - Kalot","description":"Muy seguramente muchos de nosotros recordamos aquel programa que marc\u00f3 nuestras infancias a la primera mitad de los 90's: hablo de \"The Joy Of Painting\",","robots":{"index":"index","follow":"follow","max-snippet":"max-snippet:-1","max-image-preview":"max-image-preview:large","max-video-preview":"max-video-preview:-1"},"canonical":"https:\/\/kalot.com.mx\/site\/2016\/06\/03\/bob-ross-regresa-ahora-en-netflix\/","og_locale":"es_MX","og_type":"article","og_title":"Bob Ross Regresa; Ahora En Netflix - Kalot","og_description":"Muy seguramente muchos de nosotros recordamos aquel programa que marc\u00f3 nuestras infancias a la primera mitad de los 90's: hablo de \"The Joy Of Painting\",","og_url":"https:\/\/kalot.com.mx\/site\/2016\/06\/03\/bob-ross-regresa-ahora-en-netflix\/","og_site_name":"Kalot","article_publisher":"http:\/\/facebook.com\/mxkalot","article_author":"https:\/\/www.facebook.com\/don.capu","article_published_time":"2016-06-03T19:47:31+00:00","article_modified_time":"2016-06-03T19:52:05+00:00","og_image":[{"width":620,"height":349,"url":"https:\/\/i0.wp.com\/kalot.com.mx\/site\/wp-content\/uploads\/2016\/06\/MTI1NDg4NTg2MDAxODA1Mjgy.jpg?fit=620%2C349&ssl=1","type":"image\/jpeg"}],"author":"Omar Herrera","twitter_card":"summary_large_image","twitter_creator":"@thedoncapu","twitter_site":"@kalotmx","twitter_misc":{"Escrito por":"Omar Herrera","Tiempo de lectura":"1 minuto"},"schema":{"@context":"https:\/\/schema.org","@graph":[{"@type":"Article","@id":"https:\/\/kalot.com.mx\/site\/2016\/06\/03\/bob-ross-regresa-ahora-en-netflix\/#article","isPartOf":{"@id":"https:\/\/kalot.com.mx\/site\/2016\/06\/03\/bob-ross-regresa-ahora-en-netflix\/"},"author":{"name":"Omar Herrera","@id":"https:\/\/kalot.com.mx\/site\/#\/schema\/person\/1bf32c47ee15104d1e824350c07ac220"},"headline":"Bob Ross Regresa; Ahora En Netflix","datePublished":"2016-06-03T19:47:31+00:00","dateModified":"2016-06-03T19:52:05+00:00","mainEntityOfPage":{"@id":"https:\/\/kalot.com.mx\/site\/2016\/06\/03\/bob-ross-regresa-ahora-en-netflix\/"},"wordCount":271,"commentCount":0,"publisher":{"@id":"https:\/\/kalot.com.mx\/site\/#organization"},"image":{"@id":"https:\/\/kalot.com.mx\/site\/2016\/06\/03\/bob-ross-regresa-ahora-en-netflix\/#primaryimage"},"thumbnailUrl":"https:\/\/i0.wp.com\/kalot.com.mx\/site\/wp-content\/uploads\/2016\/06\/MTI1NDg4NTg2MDAxODA1Mjgy.jpg?fit=620%2C349&ssl=1","keywords":["bob ross","Netflix","Series","tv shows"],"articleSection":["Cultura","Novedades"],"inLanguage":"es","potentialAction":[{"@type":"CommentAction","name":"Comment","target":["https:\/\/kalot.com.mx\/site\/2016\/06\/03\/bob-ross-regresa-ahora-en-netflix\/#respond"]}]},{"@type":"WebPage","@id":"https:\/\/kalot.com.mx\/site\/2016\/06\/03\/bob-ross-regresa-ahora-en-netflix\/","url":"https:\/\/kalot.com.mx\/site\/2016\/06\/03\/bob-ross-regresa-ahora-en-netflix\/","name":"Bob Ross Regresa; Ahora En Netflix - Kalot","isPartOf":{"@id":"https:\/\/kalot.com.mx\/site\/#website"},"primaryImageOfPage":{"@id":"https:\/\/kalot.com.mx\/site\/2016\/06\/03\/bob-ross-regresa-ahora-en-netflix\/#primaryimage"},"image":{"@id":"https:\/\/kalot.com.mx\/site\/2016\/06\/03\/bob-ross-regresa-ahora-en-netflix\/#primaryimage"},"thumbnailUrl":"https:\/\/i0.wp.com\/kalot.com.mx\/site\/wp-content\/uploads\/2016\/06\/MTI1NDg4NTg2MDAxODA1Mjgy.jpg?fit=620%2C349&ssl=1","datePublished":"2016-06-03T19:47:31+00:00","dateModified":"2016-06-03T19:52:05+00:00","description":"Muy seguramente muchos de nosotros recordamos aquel programa que marc\u00f3 nuestras infancias a la primera mitad de los 90's: hablo de \"The Joy Of Painting\",","breadcrumb":{"@id":"https:\/\/kalot.com.mx\/site\/2016\/06\/03\/bob-ross-regresa-ahora-en-netflix\/#breadcrumb"},"inLanguage":"es","potentialAction":[{"@type":"ReadAction","target":["https:\/\/kalot.com.mx\/site\/2016\/06\/03\/bob-ross-regresa-ahora-en-netflix\/"]}]},{"@type":"ImageObject","inLanguage":"es","@id":"https:\/\/kalot.com.mx\/site\/2016\/06\/03\/bob-ross-regresa-ahora-en-netflix\/#primaryimage","url":"https:\/\/i0.wp.com\/kalot.com.mx\/site\/wp-content\/uploads\/2016\/06\/MTI1NDg4NTg2MDAxODA1Mjgy.jpg?fit=620%2C349&ssl=1","contentUrl":"https:\/\/i0.wp.com\/kalot.com.mx\/site\/wp-content\/uploads\/2016\/06\/MTI1NDg4NTg2MDAxODA1Mjgy.jpg?fit=620%2C349&ssl=1","width":620,"height":349},{"@type":"BreadcrumbList","@id":"https:\/\/kalot.com.mx\/site\/2016\/06\/03\/bob-ross-regresa-ahora-en-netflix\/#breadcrumb","itemListElement":[{"@type":"ListItem","position":1,"name":"Home","item":"https:\/\/kalot.com.mx\/site\/"},{"@type":"ListItem","position":2,"name":"Bob Ross Regresa; Ahora En Netflix"}]},{"@type":"WebSite","@id":"https:\/\/kalot.com.mx\/site\/#website","url":"https:\/\/kalot.com.mx\/site\/","name":"Kalot","description":"Conoce Todo Sobre Todo","publisher":{"@id":"https:\/\/kalot.com.mx\/site\/#organization"},"potentialAction":[{"@type":"SearchAction","target":{"@type":"EntryPoint","urlTemplate":"https:\/\/kalot.com.mx\/site\/?s={search_term_string}"},"query-input":{"@type":"PropertyValueSpecification","valueRequired":true,"valueName":"search_term_string"}}],"inLanguage":"es"},{"@type":"Organization","@id":"https:\/\/kalot.com.mx\/site\/#organization","name":"Kalot","url":"https:\/\/kalot.com.mx\/site\/","logo":{"@type":"ImageObject","inLanguage":"es","@id":"https:\/\/kalot.com.mx\/site\/#\/schema\/logo\/image\/","url":"https:\/\/i0.wp.com\/kalot.com.mx\/site\/wp-content\/uploads\/2020\/04\/Kalot-logo-sin-tagline.png?fit=1707%2C1014&ssl=1","contentUrl":"https:\/\/i0.wp.com\/kalot.com.mx\/site\/wp-content\/uploads\/2020\/04\/Kalot-logo-sin-tagline.png?fit=1707%2C1014&ssl=1","width":1707,"height":1014,"caption":"Kalot"},"image":{"@id":"https:\/\/kalot.com.mx\/site\/#\/schema\/logo\/image\/"},"sameAs":["http:\/\/facebook.com\/mxkalot","https:\/\/x.com\/kalotmx","http:\/\/instagram.com\/kalotmx","http:\/\/pinterest.com\/jorgeerana\/kalot"]},{"@type":"Person","@id":"https:\/\/kalot.com.mx\/site\/#\/schema\/person\/1bf32c47ee15104d1e824350c07ac220","name":"Omar Herrera","image":{"@type":"ImageObject","inLanguage":"es","@id":"https:\/\/secure.gravatar.com\/avatar\/ae84de016d43d093bed40799c6d19430bc23d65401e1d68c9afab71da0688278?s=96&d=mm&r=g","url":"https:\/\/secure.gravatar.com\/avatar\/ae84de016d43d093bed40799c6d19430bc23d65401e1d68c9afab71da0688278?s=96&d=mm&r=g","contentUrl":"https:\/\/secure.gravatar.com\/avatar\/ae84de016d43d093bed40799c6d19430bc23d65401e1d68c9afab71da0688278?s=96&d=mm&r=g","caption":"Omar Herrera"},"description":"Si mi vida se resumiera en una pel\u00edcula, ser\u00eda en una dirigida por Woody Allen. Licenciado en Ciencias y T\u00e9cnicas de la Comunicaci\u00f3n.","sameAs":["http:\/\/www.linkedin.com\/pub\/omar-vargas-herrera\/8a\/792\/288","https:\/\/www.facebook.com\/don.capu","https:\/\/x.com\/thedoncapu"],"url":"https:\/\/kalot.com.mx\/site\/author\/doncapu\/"}]}},"jetpack_publicize_connections":[],"jetpack_featured_media_url":"https:\/\/i0.wp.com\/kalot.com.mx\/site\/wp-content\/uploads\/2016\/06\/MTI1NDg4NTg2MDAxODA1Mjgy.jpg?fit=620%2C349&ssl=1","jetpack_shortlink":"https:\/\/wp.me\/p6IHEI-6DI","jetpack-related-posts":[{"id":22203,"url":"https:\/\/kalot.com.mx\/site\/2015\/07\/10\/la-bbc-impide-a-el-ex-trio-de-top-gear-aparecer-en-tv-britanica-hasta-2017\/","url_meta":{"origin":25526,"position":0},"title":"La BBC impide a el ex trio de Top Gear aparecer en TV britanica hasta 2017","author":"Andres Bautista","date":"10 julio, 2015","format":false,"excerpt":"Seg\u00fan publica el portal Paultan, la BBC\u00a0habr\u00eda utilizado herramientas legales para impedir que Jeremy Clarkson, Richard Hammond y James May puedan formar parte de la plantilla de ITV hasta 2017, as\u00ed que no se les vera en televisi\u00f3n brit\u00e1nica hasta dentro de 2 a\u00f1os. Se sabe que Jeremy Clarkson, despedido\u2026","rel":"","context":"Entrada similar ","block_context":{"text":"Entrada similar ","link":""},"img":{"alt_text":"","src":"https:\/\/i0.wp.com\/kalot.com.mx\/site\/wp-content\/uploads\/2015\/07\/1_752054ea7c.jpg?fit=677%2C300&ssl=1&resize=350%2C200","width":350,"height":200,"srcset":"https:\/\/i0.wp.com\/kalot.com.mx\/site\/wp-content\/uploads\/2015\/07\/1_752054ea7c.jpg?fit=677%2C300&ssl=1&resize=350%2C200 1x, https:\/\/i0.wp.com\/kalot.com.mx\/site\/wp-content\/uploads\/2015\/07\/1_752054ea7c.jpg?fit=677%2C300&ssl=1&resize=525%2C300 1.5x"},"classes":[]},{"id":20354,"url":"https:\/\/kalot.com.mx\/site\/2015\/02\/09\/better-call-saul-episodio-uno-resena\/","url_meta":{"origin":25526,"position":1},"title":"Better Call Saul: Episodio Uno [Rese\u00f1a]","author":"Carlos Ru\u00edz Mtz","date":"9 febrero, 2015","format":false,"excerpt":"Hablar de Breaking Bad es hablar de uno de los mejores dramas\u00a0de la TV en los \u00faltimos tiempos, que pasar\u00e1 a la historia como serie de culto al nivel de Lost o Law and Order. Este \u00e9xito gener\u00f3 una oleada de fans incondicionales, que esperaban algo m\u00e1s de las aventuras\u2026","rel":"","context":"Entrada similar ","block_context":{"text":"Entrada similar ","link":""},"img":{"alt_text":"","src":"https:\/\/i0.wp.com\/kalot.com.mx\/site\/wp-content\/uploads\/2015\/02\/better-call-saul.jpg?fit=1024%2C502&ssl=1&resize=350%2C200","width":350,"height":200,"srcset":"https:\/\/i0.wp.com\/kalot.com.mx\/site\/wp-content\/uploads\/2015\/02\/better-call-saul.jpg?fit=1024%2C502&ssl=1&resize=350%2C200 1x, https:\/\/i0.wp.com\/kalot.com.mx\/site\/wp-content\/uploads\/2015\/02\/better-call-saul.jpg?fit=1024%2C502&ssl=1&resize=525%2C300 1.5x, https:\/\/i0.wp.com\/kalot.com.mx\/site\/wp-content\/uploads\/2015\/02\/better-call-saul.jpg?fit=1024%2C502&ssl=1&resize=700%2C400 2x"},"classes":[]},{"id":30029,"url":"https:\/\/kalot.com.mx\/site\/2018\/02\/02\/hulk-gray-del-gigante-esmeralda\/","url_meta":{"origin":25526,"position":2},"title":"Hulk Gray: antes del gigante esmeralda.","author":"Aldo L\u00f3pez","date":"2 febrero, 2018","format":false,"excerpt":"Actualmente Hulk es un personaje de gran \u00e9xito entre el p\u00fablico de la compa\u00f1\u00eda Marvel. Con varias series de televisi\u00f3n y dos pel\u00edculas individuales en su haber se ha convertido en un personaje de culto en el mundo de los comics. Creado en 1962 por el escritor Stan Lee y\u2026","rel":"","context":"En &quot;Destacado&quot;","block_context":{"text":"Destacado","link":"https:\/\/kalot.com.mx\/site\/category\/destacado\/"},"img":{"alt_text":"","src":"https:\/\/i0.wp.com\/kalot.com.mx\/site\/wp-content\/uploads\/2018\/01\/hulk-gray.jpg?fit=628%2C393&ssl=1&resize=350%2C200","width":350,"height":200,"srcset":"https:\/\/i0.wp.com\/kalot.com.mx\/site\/wp-content\/uploads\/2018\/01\/hulk-gray.jpg?fit=628%2C393&ssl=1&resize=350%2C200 1x, https:\/\/i0.wp.com\/kalot.com.mx\/site\/wp-content\/uploads\/2018\/01\/hulk-gray.jpg?fit=628%2C393&ssl=1&resize=525%2C300 1.5x"},"classes":[]},{"id":5175,"url":"https:\/\/kalot.com.mx\/site\/2013\/10\/29\/le-temes-la-oscuridad\/","url_meta":{"origin":25526,"position":3},"title":"\u00bfLe temes a la oscuridad?","author":"Dulce Mireles","date":"29 octubre, 2013","format":false,"excerpt":"Someto a la aprobaci\u00f3n de la sociedad de la medianoche, esta historia a la que llamo... \u00a0\u00bfLo recuerdan? La verdad que, como muchos de ustedes, yo si era bien fan de esta serie. En primera raz\u00f3n porque pertenezco a la generaci\u00f3n 90\u2019s y este programa era \u201cel hit\u201d de los\u2026","rel":"","context":"Con 4 comentarios","block_context":{"text":"Con 4 comentarios","link":"https:\/\/kalot.com.mx\/site\/2013\/10\/29\/le-temes-la-oscuridad\/#comments"},"img":{"alt_text":"","src":"https:\/\/i0.wp.com\/kalot.com.mx\/site\/wp-content\/uploads\/2013\/10\/Are-You-afraid-of-the-dark-2.jpg?fit=1000%2C539&ssl=1&resize=350%2C200","width":350,"height":200,"srcset":"https:\/\/i0.wp.com\/kalot.com.mx\/site\/wp-content\/uploads\/2013\/10\/Are-You-afraid-of-the-dark-2.jpg?fit=1000%2C539&ssl=1&resize=350%2C200 1x, https:\/\/i0.wp.com\/kalot.com.mx\/site\/wp-content\/uploads\/2013\/10\/Are-You-afraid-of-the-dark-2.jpg?fit=1000%2C539&ssl=1&resize=525%2C300 1.5x, https:\/\/i0.wp.com\/kalot.com.mx\/site\/wp-content\/uploads\/2013\/10\/Are-You-afraid-of-the-dark-2.jpg?fit=1000%2C539&ssl=1&resize=700%2C400 2x"},"classes":[]},{"id":23024,"url":"https:\/\/kalot.com.mx\/site\/2015\/08\/19\/elvira-te-daria-mi-tiempo-pero-lo-estoy-usando\/","url_meta":{"origin":25526,"position":4},"title":"Elvira, te dar\u00eda mi tiempo pero lo estoy usando","author":"Doctor Caligari","date":"19 agosto, 2015","format":false,"excerpt":"Al pensar en el nombre de Elvira, r\u00e1pidamente se nos viene a la mente Cassandra Peterson, quien era la presentadora de un programa de terror, en este caso podemos decir que existen ciertas similitudes entre el personaje de Elvira, interpretado por Cecilia Su\u00e1rez y la mencionada, la diferencia es que\u2026","rel":"","context":"Entrada similar ","block_context":{"text":"Entrada similar ","link":""},"img":{"alt_text":"","src":"https:\/\/i0.wp.com\/kalot.com.mx\/site\/wp-content\/uploads\/2015\/08\/elvira_te_daria_mi_vida_Enfilme_88p86_675_489.jpeg?fit=675%2C489&ssl=1&resize=350%2C200","width":350,"height":200,"srcset":"https:\/\/i0.wp.com\/kalot.com.mx\/site\/wp-content\/uploads\/2015\/08\/elvira_te_daria_mi_vida_Enfilme_88p86_675_489.jpeg?fit=675%2C489&ssl=1&resize=350%2C200 1x, https:\/\/i0.wp.com\/kalot.com.mx\/site\/wp-content\/uploads\/2015\/08\/elvira_te_daria_mi_vida_Enfilme_88p86_675_489.jpeg?fit=675%2C489&ssl=1&resize=525%2C300 1.5x"},"classes":[]},{"id":13983,"url":"https:\/\/kalot.com.mx\/site\/2014\/03\/26\/actores-de-ayer-y-ayer-presenta-rick-moranis\/","url_meta":{"origin":25526,"position":5},"title":"Actores de ayer y ayer presenta: Rick Moranis","author":"Omar Herrera","date":"26 marzo, 2014","format":false,"excerpt":"Es tal vez uno de los actores m\u00e1s singulares dentro del cine de la d\u00e9cada de los 80\u2019s; Rick Moranis es uno de esos actores que si naciste entre 1980 y 1995 de seguro viste un par de pel\u00edculas en donde el simp\u00e1tico comediante protagonizaba o bien era un personaje\u2026","rel":"","context":"En &quot;Sin categor\u00eda&quot;","block_context":{"text":"Sin categor\u00eda","link":"https:\/\/kalot.com.mx\/site\/category\/sin-categoria\/"},"img":{"alt_text":"","src":"https:\/\/i0.wp.com\/kalot.com.mx\/site\/wp-content\/uploads\/2014\/03\/honey.jpg?fit=1200%2C675&ssl=1&resize=350%2C200","width":350,"height":200,"srcset":"https:\/\/i0.wp.com\/kalot.com.mx\/site\/wp-content\/uploads\/2014\/03\/honey.jpg?fit=1200%2C675&ssl=1&resize=350%2C200 1x, https:\/\/i0.wp.com\/kalot.com.mx\/site\/wp-content\/uploads\/2014\/03\/honey.jpg?fit=1200%2C675&ssl=1&resize=525%2C300 1.5x, https:\/\/i0.wp.com\/kalot.com.mx\/site\/wp-content\/uploads\/2014\/03\/honey.jpg?fit=1200%2C675&ssl=1&resize=700%2C400 2x, https:\/\/i0.wp.com\/kalot.com.mx\/site\/wp-content\/uploads\/2014\/03\/honey.jpg?fit=1200%2C675&ssl=1&resize=1050%2C600 3x"},"classes":[]}],"jetpack_sharing_enabled":true,"_links":{"self":[{"href":"https:\/\/kalot.com.mx\/site\/wp-json\/wp\/v2\/posts\/25526","targetHints":{"allow":["GET"]}}],"collection":[{"href":"https:\/\/kalot.com.mx\/site\/wp-json\/wp\/v2\/posts"}],"about":[{"href":"https:\/\/kalot.com.mx\/site\/wp-json\/wp\/v2\/types\/post"}],"author":[{"embeddable":true,"href":"https:\/\/kalot.com.mx\/site\/wp-json\/wp\/v2\/users\/18"}],"replies":[{"embeddable":true,"href":"https:\/\/kalot.com.mx\/site\/wp-json\/wp\/v2\/comments?post=25526"}],"version-history":[{"count":3,"href":"https:\/\/kalot.com.mx\/site\/wp-json\/wp\/v2\/posts\/25526\/revisions"}],"predecessor-version":[{"id":25530,"href":"https:\/\/kalot.com.mx\/site\/wp-json\/wp\/v2\/posts\/25526\/revisions\/25530"}],"wp:featuredmedia":[{"embeddable":true,"href":"https:\/\/kalot.com.mx\/site\/wp-json\/wp\/v2\/media\/25527"}],"wp:attachment":[{"href":"https:\/\/kalot.com.mx\/site\/wp-json\/wp\/v2\/media?parent=25526"}],"wp:term":[{"taxonomy":"category","embeddable":true,"href":"https:\/\/kalot.com.mx\/site\/wp-json\/wp\/v2\/categories?post=25526"},{"taxonomy":"post_tag","embeddable":true,"href":"https:\/\/kalot.com.mx\/site\/wp-json\/wp\/v2\/tags?post=25526"}],"curies":[{"name":"wp","href":"https:\/\/api.w.org\/{rel}","templated":true}]}}