{"id":25407,"date":"2016-05-17T09:05:00","date_gmt":"2016-05-17T15:05:00","guid":{"rendered":"http:\/\/kalot.com.mx\/site\/?p=25407"},"modified":"2016-05-17T09:05:00","modified_gmt":"2016-05-17T15:05:00","slug":"primer-trailer-del-regreso-%e2%80%aaprison-break","status":"publish","type":"post","link":"https:\/\/kalot.com.mx\/site\/2016\/05\/17\/primer-trailer-del-regreso-%e2%80%aaprison-break\/","title":{"rendered":"Primer tr\u00e1iler del regreso de \u202aPrison Break"},"content":{"rendered":"<p><span class=\"embed-youtube\" style=\"text-align:center; display: block;\"><iframe class=\"youtube-player\" width=\"1200\" height=\"675\" src=\"https:\/\/www.youtube.com\/embed\/x9T-9fZn_oA?version=3&rel=1&showsearch=0&showinfo=1&iv_load_policy=1&fs=1&hl=es-MX&autohide=2&wmode=transparent\" allowfullscreen=\"true\" style=\"border:0;\" sandbox=\"allow-scripts allow-same-origin allow-popups allow-presentation allow-popups-to-escape-sandbox\"><\/iframe><\/span><\/p>\n","protected":false},"excerpt":{"rendered":"","protected":false},"author":1,"featured_media":25408,"comment_status":"open","ping_status":"open","sticky":false,"template":"","format":"video","meta":{"jetpack_post_was_ever_published":false,"_jetpack_newsletter_access":"","_jetpack_dont_email_post_to_subs":false,"_jetpack_newsletter_tier_id":0,"_jetpack_memberships_contains_paywalled_content":false,"_jetpack_memberships_contains_paid_content":false,"footnotes":"","jetpack_publicize_message":"","jetpack_publicize_feature_enabled":true,"jetpack_social_post_already_shared":false,"jetpack_social_options":{"image_generator_settings":{"template":"highway","default_image_id":0,"font":"","enabled":false},"version":2}},"categories":[1],"tags":[634],"class_list":{"0":"post-25407","1":"post","2":"type-post","3":"status-publish","4":"format-video","5":"has-post-thumbnail","7":"category-sin-categoria","8":"tag-primer-trailer-del-regreso-de-prison-break","9":"post_format-post-format-video","10":"cs-entry","11":"cs-video-wrap"},"yoast_head":"<!-- This site is optimized with the Yoast SEO plugin v27.5 - https:\/\/yoast.com\/product\/yoast-seo-wordpress\/ -->\n<title>Primer tr\u00e1iler del regreso de \u202aPrison Break - Kalot<\/title>\n<meta name=\"description\" content=\"https:\/\/www.youtube.com\/watch?v=x9T-9fZn_oA\" \/>\n<meta name=\"robots\" content=\"index, follow, max-snippet:-1, max-image-preview:large, max-video-preview:-1\" \/>\n<link rel=\"canonical\" href=\"https:\/\/kalot.com.mx\/site\/2016\/05\/17\/primer-trailer-del-regreso-\u202aprison-break\/\" \/>\n<meta property=\"og:locale\" content=\"es_MX\" \/>\n<meta property=\"og:type\" content=\"article\" \/>\n<meta property=\"og:title\" content=\"Primer tr\u00e1iler del regreso de \u202aPrison Break - Kalot\" \/>\n<meta property=\"og:description\" content=\"https:\/\/www.youtube.com\/watch?v=x9T-9fZn_oA\" \/>\n<meta property=\"og:url\" content=\"https:\/\/kalot.com.mx\/site\/2016\/05\/17\/primer-trailer-del-regreso-\u202aprison-break\/\" \/>\n<meta property=\"og:site_name\" content=\"Kalot\" \/>\n<meta property=\"article:publisher\" content=\"http:\/\/facebook.com\/mxkalot\" \/>\n<meta property=\"article:author\" content=\"http:\/\/www.facebook.com\/jorgeerana\" \/>\n<meta property=\"article:published_time\" content=\"2016-05-17T15:05:00+00:00\" \/>\n<meta property=\"og:image\" content=\"https:\/\/i0.wp.com\/kalot.com.mx\/site\/wp-content\/uploads\/2016\/05\/landscape-ustv-prison-break.jpg?fit=1280%2C640&ssl=1\" \/>\n\t<meta property=\"og:image:width\" content=\"1280\" \/>\n\t<meta property=\"og:image:height\" content=\"640\" \/>\n\t<meta property=\"og:image:type\" content=\"image\/jpeg\" \/>\n<meta name=\"author\" content=\"Jorge Era\u00f1a\" \/>\n<meta name=\"twitter:card\" content=\"summary_large_image\" \/>\n<meta name=\"twitter:creator\" content=\"@jorge_erana\" \/>\n<meta name=\"twitter:site\" content=\"@kalotmx\" \/>\n<meta name=\"twitter:label1\" content=\"Escrito por\" \/>\n\t<meta name=\"twitter:data1\" content=\"Jorge Era\u00f1a\" \/>\n<!-- \/ Yoast SEO plugin. -->","yoast_head_json":{"title":"Primer tr\u00e1iler del regreso de \u202aPrison Break - Kalot","description":"https:\/\/www.youtube.com\/watch?v=x9T-9fZn_oA","robots":{"index":"index","follow":"follow","max-snippet":"max-snippet:-1","max-image-preview":"max-image-preview:large","max-video-preview":"max-video-preview:-1"},"canonical":"https:\/\/kalot.com.mx\/site\/2016\/05\/17\/primer-trailer-del-regreso-\u202aprison-break\/","og_locale":"es_MX","og_type":"article","og_title":"Primer tr\u00e1iler del regreso de \u202aPrison Break - Kalot","og_description":"https:\/\/www.youtube.com\/watch?v=x9T-9fZn_oA","og_url":"https:\/\/kalot.com.mx\/site\/2016\/05\/17\/primer-trailer-del-regreso-\u202aprison-break\/","og_site_name":"Kalot","article_publisher":"http:\/\/facebook.com\/mxkalot","article_author":"http:\/\/www.facebook.com\/jorgeerana","article_published_time":"2016-05-17T15:05:00+00:00","og_image":[{"width":1280,"height":640,"url":"https:\/\/i0.wp.com\/kalot.com.mx\/site\/wp-content\/uploads\/2016\/05\/landscape-ustv-prison-break.jpg?fit=1280%2C640&ssl=1","type":"image\/jpeg"}],"author":"Jorge Era\u00f1a","twitter_card":"summary_large_image","twitter_creator":"@jorge_erana","twitter_site":"@kalotmx","twitter_misc":{"Escrito por":"Jorge Era\u00f1a"},"schema":{"@context":"https:\/\/schema.org","@graph":[{"@type":"Article","@id":"https:\/\/kalot.com.mx\/site\/2016\/05\/17\/primer-trailer-del-regreso-%e2%80%aaprison-break\/#article","isPartOf":{"@id":"https:\/\/kalot.com.mx\/site\/2016\/05\/17\/primer-trailer-del-regreso-%e2%80%aaprison-break\/"},"author":{"name":"Jorge Era\u00f1a","@id":"https:\/\/kalot.com.mx\/site\/#\/schema\/person\/439e32b5ce86d9bc80cf42ab58e1c6e0"},"headline":"Primer tr\u00e1iler del regreso de \u202aPrison Break","datePublished":"2016-05-17T15:05:00+00:00","mainEntityOfPage":{"@id":"https:\/\/kalot.com.mx\/site\/2016\/05\/17\/primer-trailer-del-regreso-%e2%80%aaprison-break\/"},"wordCount":18,"commentCount":0,"publisher":{"@id":"https:\/\/kalot.com.mx\/site\/#organization"},"image":{"@id":"https:\/\/kalot.com.mx\/site\/2016\/05\/17\/primer-trailer-del-regreso-%e2%80%aaprison-break\/#primaryimage"},"thumbnailUrl":"https:\/\/i0.wp.com\/kalot.com.mx\/site\/wp-content\/uploads\/2016\/05\/landscape-ustv-prison-break.jpg?fit=1280%2C640&ssl=1","keywords":["Primer tr\u00e1iler del regreso de \u202aPrison Break"],"inLanguage":"es","potentialAction":[{"@type":"CommentAction","name":"Comment","target":["https:\/\/kalot.com.mx\/site\/2016\/05\/17\/primer-trailer-del-regreso-%e2%80%aaprison-break\/#respond"]}]},{"@type":"WebPage","@id":"https:\/\/kalot.com.mx\/site\/2016\/05\/17\/primer-trailer-del-regreso-%e2%80%aaprison-break\/","url":"https:\/\/kalot.com.mx\/site\/2016\/05\/17\/primer-trailer-del-regreso-%e2%80%aaprison-break\/","name":"Primer tr\u00e1iler del regreso de \u202aPrison Break - Kalot","isPartOf":{"@id":"https:\/\/kalot.com.mx\/site\/#website"},"primaryImageOfPage":{"@id":"https:\/\/kalot.com.mx\/site\/2016\/05\/17\/primer-trailer-del-regreso-%e2%80%aaprison-break\/#primaryimage"},"image":{"@id":"https:\/\/kalot.com.mx\/site\/2016\/05\/17\/primer-trailer-del-regreso-%e2%80%aaprison-break\/#primaryimage"},"thumbnailUrl":"https:\/\/i0.wp.com\/kalot.com.mx\/site\/wp-content\/uploads\/2016\/05\/landscape-ustv-prison-break.jpg?fit=1280%2C640&ssl=1","datePublished":"2016-05-17T15:05:00+00:00","description":"https:\/\/www.youtube.com\/watch?v=x9T-9fZn_oA","breadcrumb":{"@id":"https:\/\/kalot.com.mx\/site\/2016\/05\/17\/primer-trailer-del-regreso-%e2%80%aaprison-break\/#breadcrumb"},"inLanguage":"es","potentialAction":[{"@type":"ReadAction","target":["https:\/\/kalot.com.mx\/site\/2016\/05\/17\/primer-trailer-del-regreso-%e2%80%aaprison-break\/"]}]},{"@type":"ImageObject","inLanguage":"es","@id":"https:\/\/kalot.com.mx\/site\/2016\/05\/17\/primer-trailer-del-regreso-%e2%80%aaprison-break\/#primaryimage","url":"https:\/\/i0.wp.com\/kalot.com.mx\/site\/wp-content\/uploads\/2016\/05\/landscape-ustv-prison-break.jpg?fit=1280%2C640&ssl=1","contentUrl":"https:\/\/i0.wp.com\/kalot.com.mx\/site\/wp-content\/uploads\/2016\/05\/landscape-ustv-prison-break.jpg?fit=1280%2C640&ssl=1","width":1280,"height":640},{"@type":"BreadcrumbList","@id":"https:\/\/kalot.com.mx\/site\/2016\/05\/17\/primer-trailer-del-regreso-%e2%80%aaprison-break\/#breadcrumb","itemListElement":[{"@type":"ListItem","position":1,"name":"Home","item":"https:\/\/kalot.com.mx\/site\/"},{"@type":"ListItem","position":2,"name":"Primer tr\u00e1iler del regreso de \u202aPrison Break"}]},{"@type":"WebSite","@id":"https:\/\/kalot.com.mx\/site\/#website","url":"https:\/\/kalot.com.mx\/site\/","name":"Kalot","description":"Conoce Todo Sobre Todo","publisher":{"@id":"https:\/\/kalot.com.mx\/site\/#organization"},"potentialAction":[{"@type":"SearchAction","target":{"@type":"EntryPoint","urlTemplate":"https:\/\/kalot.com.mx\/site\/?s={search_term_string}"},"query-input":{"@type":"PropertyValueSpecification","valueRequired":true,"valueName":"search_term_string"}}],"inLanguage":"es"},{"@type":"Organization","@id":"https:\/\/kalot.com.mx\/site\/#organization","name":"Kalot","url":"https:\/\/kalot.com.mx\/site\/","logo":{"@type":"ImageObject","inLanguage":"es","@id":"https:\/\/kalot.com.mx\/site\/#\/schema\/logo\/image\/","url":"https:\/\/i0.wp.com\/kalot.com.mx\/site\/wp-content\/uploads\/2020\/04\/Kalot-logo-sin-tagline.png?fit=1707%2C1014&ssl=1","contentUrl":"https:\/\/i0.wp.com\/kalot.com.mx\/site\/wp-content\/uploads\/2020\/04\/Kalot-logo-sin-tagline.png?fit=1707%2C1014&ssl=1","width":1707,"height":1014,"caption":"Kalot"},"image":{"@id":"https:\/\/kalot.com.mx\/site\/#\/schema\/logo\/image\/"},"sameAs":["http:\/\/facebook.com\/mxkalot","https:\/\/x.com\/kalotmx","http:\/\/instagram.com\/kalotmx","http:\/\/pinterest.com\/jorgeerana\/kalot"]},{"@type":"Person","@id":"https:\/\/kalot.com.mx\/site\/#\/schema\/person\/439e32b5ce86d9bc80cf42ab58e1c6e0","name":"Jorge Era\u00f1a","image":{"@type":"ImageObject","inLanguage":"es","@id":"https:\/\/secure.gravatar.com\/avatar\/212c04a1057d7abed0b82aaef6a7ff59168e10f70fcde39376c565ea83c43a85?s=96&d=mm&r=g","url":"https:\/\/secure.gravatar.com\/avatar\/212c04a1057d7abed0b82aaef6a7ff59168e10f70fcde39376c565ea83c43a85?s=96&d=mm&r=g","contentUrl":"https:\/\/secure.gravatar.com\/avatar\/212c04a1057d7abed0b82aaef6a7ff59168e10f70fcde39376c565ea83c43a85?s=96&d=mm&r=g","caption":"Jorge Era\u00f1a"},"description":"Fundador de @KalotMx Mercad\u00f3logo, amante de la tecnolog\u00eda, #Geekazo, #socialmedia, #MarketingDigital, tv-shows, movies y de la vida. Admin","sameAs":["http:\/\/www.kalot.com.mx","http:\/\/www.facebook.com\/jorgeerana","https:\/\/x.com\/jorge_erana"],"url":"https:\/\/kalot.com.mx\/site\/author\/admin\/"}]}},"jetpack_publicize_connections":[],"jetpack_featured_media_url":"https:\/\/i0.wp.com\/kalot.com.mx\/site\/wp-content\/uploads\/2016\/05\/landscape-ustv-prison-break.jpg?fit=1280%2C640&ssl=1","jetpack_shortlink":"https:\/\/wp.me\/p6IHEI-6BN","jetpack-related-posts":[{"id":22794,"url":"https:\/\/kalot.com.mx\/site\/2015\/08\/06\/prison-break-esta-de-regreso\/","url_meta":{"origin":25407,"position":0},"title":"\u00a1Prison Break Est\u00e1 de Regreso!","author":"yash","date":"6 agosto, 2015","format":false,"excerpt":"Despu\u00e9s de meses de rumores, finalmente la cadena FOX inform\u00f3 este jueves que se encuentra trabajando en una secuela de Prison Break. Tambi\u00e9n dio a conocer que regresa el creador original de la serie, Paul Scheuring, as\u00ed como sus protagonistas Dominic Purcell y Wentworth Miller. Los detalles de esta \u201cnueva\u2026","rel":"","context":"Entrada similar ","block_context":{"text":"Entrada similar ","link":""},"img":{"alt_text":"","src":"https:\/\/i0.wp.com\/kalot.com.mx\/site\/wp-content\/uploads\/2015\/08\/Prison-Break-1.jpg?fit=1200%2C675&ssl=1&resize=350%2C200","width":350,"height":200,"srcset":"https:\/\/i0.wp.com\/kalot.com.mx\/site\/wp-content\/uploads\/2015\/08\/Prison-Break-1.jpg?fit=1200%2C675&ssl=1&resize=350%2C200 1x, https:\/\/i0.wp.com\/kalot.com.mx\/site\/wp-content\/uploads\/2015\/08\/Prison-Break-1.jpg?fit=1200%2C675&ssl=1&resize=525%2C300 1.5x, https:\/\/i0.wp.com\/kalot.com.mx\/site\/wp-content\/uploads\/2015\/08\/Prison-Break-1.jpg?fit=1200%2C675&ssl=1&resize=700%2C400 2x, https:\/\/i0.wp.com\/kalot.com.mx\/site\/wp-content\/uploads\/2015\/08\/Prison-Break-1.jpg?fit=1200%2C675&ssl=1&resize=1050%2C600 3x"},"classes":[]},{"id":22714,"url":"https:\/\/kalot.com.mx\/site\/2015\/07\/31\/el-escalofriante-trailer-de-goodnight-mommy\/","url_meta":{"origin":25407,"position":1},"title":"El Escalofriante Trailer de &#8220;Goodnight Mommy&#8221;","author":"yash","date":"31 julio, 2015","format":false,"excerpt":"\"Goodnight Mommy\" es el titulo de la\u00a0pr\u00f3xima pel\u00edcula de terror psicol\u00f3gico, la cual ya ha liberado su primer escalofriante y prometedor trailer. Se nos muestra un ambiente oscuro, en el que unos hermanos gemelos esperan el regreso de su madre despu\u00e9s de una operaci\u00f3n facial. Todo comienza a tener tintes\u2026","rel":"","context":"Entrada similar ","block_context":{"text":"Entrada similar ","link":""},"img":{"alt_text":"","src":"https:\/\/i0.wp.com\/kalot.com.mx\/site\/wp-content\/uploads\/2015\/07\/Goodnight-Mommy.jpg?fit=1200%2C675&ssl=1&resize=350%2C200","width":350,"height":200,"srcset":"https:\/\/i0.wp.com\/kalot.com.mx\/site\/wp-content\/uploads\/2015\/07\/Goodnight-Mommy.jpg?fit=1200%2C675&ssl=1&resize=350%2C200 1x, https:\/\/i0.wp.com\/kalot.com.mx\/site\/wp-content\/uploads\/2015\/07\/Goodnight-Mommy.jpg?fit=1200%2C675&ssl=1&resize=525%2C300 1.5x, https:\/\/i0.wp.com\/kalot.com.mx\/site\/wp-content\/uploads\/2015\/07\/Goodnight-Mommy.jpg?fit=1200%2C675&ssl=1&resize=700%2C400 2x, https:\/\/i0.wp.com\/kalot.com.mx\/site\/wp-content\/uploads\/2015\/07\/Goodnight-Mommy.jpg?fit=1200%2C675&ssl=1&resize=1050%2C600 3x"},"classes":[]},{"id":14077,"url":"https:\/\/kalot.com.mx\/site\/2014\/03\/27\/teaser-trailer-tortugas-ninja\/","url_meta":{"origin":25407,"position":2},"title":"Teaser Trailer de Las Tortugas Ninja","author":"Jorge Era\u00f1a","date":"27 marzo, 2014","format":false,"excerpt":"Por fin se liber\u00f3 el primer Teaser Trailer de Las Tortugas Ninja Agosto 8 ser\u00e1 la fecha cuando veremos el regreso del que, personalmente he esperado por mucho tiempo volver a ver en Cine, les hablo de la nueva de pel\u00edcula producida por Michael Bay y dirigida por\u00a0Jonathan Liebesman que\u2026","rel":"","context":"Entrada similar ","block_context":{"text":"Entrada similar ","link":""},"img":{"alt_text":"","src":"https:\/\/i0.wp.com\/kalot.com.mx\/site\/wp-content\/uploads\/2014\/03\/tortugas-ninja.png?fit=680%2C478&ssl=1&resize=350%2C200","width":350,"height":200,"srcset":"https:\/\/i0.wp.com\/kalot.com.mx\/site\/wp-content\/uploads\/2014\/03\/tortugas-ninja.png?fit=680%2C478&ssl=1&resize=350%2C200 1x, https:\/\/i0.wp.com\/kalot.com.mx\/site\/wp-content\/uploads\/2014\/03\/tortugas-ninja.png?fit=680%2C478&ssl=1&resize=525%2C300 1.5x"},"classes":[]},{"id":26174,"url":"https:\/\/kalot.com.mx\/site\/2016\/09\/16\/primer-trailer-annabelle-2\/","url_meta":{"origin":25407,"position":3},"title":"Primer Trailer de Annabelle 2","author":"yash","date":"16 septiembre, 2016","format":false,"excerpt":"La segunda parte del\u00a0spin-off de \"El Conjuro\" tendr\u00e1 su estreno en 2017. La historia ser\u00e1 la siguiente: A\u00f1os despu\u00e9s del tr\u00e1gico fallecimiento de su hija, un fabricante de mu\u00f1ecas y su mujer reciben en su hogar a una monja y varias ni\u00f1as procedentes de un orfanato clausurado, quienes pronto se\u2026","rel":"","context":"En &quot;Cine&quot;","block_context":{"text":"Cine","link":"https:\/\/kalot.com.mx\/site\/category\/cine\/"},"img":{"alt_text":"","src":"https:\/\/i0.wp.com\/kalot.com.mx\/site\/wp-content\/uploads\/2016\/09\/original.jpg?fit=1200%2C675&ssl=1&resize=350%2C200","width":350,"height":200,"srcset":"https:\/\/i0.wp.com\/kalot.com.mx\/site\/wp-content\/uploads\/2016\/09\/original.jpg?fit=1200%2C675&ssl=1&resize=350%2C200 1x, https:\/\/i0.wp.com\/kalot.com.mx\/site\/wp-content\/uploads\/2016\/09\/original.jpg?fit=1200%2C675&ssl=1&resize=525%2C300 1.5x, https:\/\/i0.wp.com\/kalot.com.mx\/site\/wp-content\/uploads\/2016\/09\/original.jpg?fit=1200%2C675&ssl=1&resize=700%2C400 2x, https:\/\/i0.wp.com\/kalot.com.mx\/site\/wp-content\/uploads\/2016\/09\/original.jpg?fit=1200%2C675&ssl=1&resize=1050%2C600 3x"},"classes":[]},{"id":17770,"url":"https:\/\/kalot.com.mx\/site\/2014\/08\/27\/flash-y-su-nueva-serie-2do-trailer\/","url_meta":{"origin":25407,"position":4},"title":"The Flash y su nueva serie (2do trailer).","author":"Gustavo Elizarrar\u00e1s","date":"27 agosto, 2014","format":false,"excerpt":"En unas cuantas semanas tendremos el regreso de uno de nuestris super h\u00e9roes favoritos a la pantalla chica. Te presentamos el 2do trailer de Flash d\u00f3nde se puede apreciar como es que tiene el accidente hasta el traje que usar\u00e1. Barry Allen queda en coma al ser impactado por un\u2026","rel":"","context":"Entrada similar ","block_context":{"text":"Entrada similar ","link":""},"img":{"alt_text":"","src":"https:\/\/i0.wp.com\/kalot.com.mx\/site\/wp-content\/uploads\/2014\/08\/the-flash-cw-logo.jpg?fit=1200%2C671&ssl=1&resize=350%2C200","width":350,"height":200,"srcset":"https:\/\/i0.wp.com\/kalot.com.mx\/site\/wp-content\/uploads\/2014\/08\/the-flash-cw-logo.jpg?fit=1200%2C671&ssl=1&resize=350%2C200 1x, https:\/\/i0.wp.com\/kalot.com.mx\/site\/wp-content\/uploads\/2014\/08\/the-flash-cw-logo.jpg?fit=1200%2C671&ssl=1&resize=525%2C300 1.5x, https:\/\/i0.wp.com\/kalot.com.mx\/site\/wp-content\/uploads\/2014\/08\/the-flash-cw-logo.jpg?fit=1200%2C671&ssl=1&resize=700%2C400 2x, https:\/\/i0.wp.com\/kalot.com.mx\/site\/wp-content\/uploads\/2014\/08\/the-flash-cw-logo.jpg?fit=1200%2C671&ssl=1&resize=1050%2C600 3x"},"classes":[]},{"id":25851,"url":"https:\/\/kalot.com.mx\/site\/2016\/08\/24\/mira-trailer-aro-3\/","url_meta":{"origin":25407,"position":5},"title":"\u00a1Mira el tr\u00e1iler de &#8220;El Aro 3&#8221;!","author":"yash","date":"24 agosto, 2016","format":false,"excerpt":"La tercera parte de la saga de \"El Aro\" ha revelado su primer tr\u00e1iler. Hace unos d\u00edas se hab\u00eda anunciado que el tr\u00e1iler de la nueva entrega de \"El Aro\" se estrenar\u00eda en esta semana, pues finalmente la espera acab\u00f3 y Paramount Pictures lo ha liberado. Bajo el t\u00edtulo de\u2026","rel":"","context":"En &quot;Cine&quot;","block_context":{"text":"Cine","link":"https:\/\/kalot.com.mx\/site\/category\/cine\/"},"img":{"alt_text":"","src":"https:\/\/i0.wp.com\/kalot.com.mx\/site\/wp-content\/uploads\/2016\/08\/maxresdefault-1-1.jpg?fit=1200%2C675&ssl=1&resize=350%2C200","width":350,"height":200,"srcset":"https:\/\/i0.wp.com\/kalot.com.mx\/site\/wp-content\/uploads\/2016\/08\/maxresdefault-1-1.jpg?fit=1200%2C675&ssl=1&resize=350%2C200 1x, https:\/\/i0.wp.com\/kalot.com.mx\/site\/wp-content\/uploads\/2016\/08\/maxresdefault-1-1.jpg?fit=1200%2C675&ssl=1&resize=525%2C300 1.5x, https:\/\/i0.wp.com\/kalot.com.mx\/site\/wp-content\/uploads\/2016\/08\/maxresdefault-1-1.jpg?fit=1200%2C675&ssl=1&resize=700%2C400 2x, https:\/\/i0.wp.com\/kalot.com.mx\/site\/wp-content\/uploads\/2016\/08\/maxresdefault-1-1.jpg?fit=1200%2C675&ssl=1&resize=1050%2C600 3x"},"classes":[]}],"jetpack_sharing_enabled":true,"_links":{"self":[{"href":"https:\/\/kalot.com.mx\/site\/wp-json\/wp\/v2\/posts\/25407","targetHints":{"allow":["GET"]}}],"collection":[{"href":"https:\/\/kalot.com.mx\/site\/wp-json\/wp\/v2\/posts"}],"about":[{"href":"https:\/\/kalot.com.mx\/site\/wp-json\/wp\/v2\/types\/post"}],"author":[{"embeddable":true,"href":"https:\/\/kalot.com.mx\/site\/wp-json\/wp\/v2\/users\/1"}],"replies":[{"embeddable":true,"href":"https:\/\/kalot.com.mx\/site\/wp-json\/wp\/v2\/comments?post=25407"}],"version-history":[{"count":1,"href":"https:\/\/kalot.com.mx\/site\/wp-json\/wp\/v2\/posts\/25407\/revisions"}],"predecessor-version":[{"id":25409,"href":"https:\/\/kalot.com.mx\/site\/wp-json\/wp\/v2\/posts\/25407\/revisions\/25409"}],"wp:featuredmedia":[{"embeddable":true,"href":"https:\/\/kalot.com.mx\/site\/wp-json\/wp\/v2\/media\/25408"}],"wp:attachment":[{"href":"https:\/\/kalot.com.mx\/site\/wp-json\/wp\/v2\/media?parent=25407"}],"wp:term":[{"taxonomy":"category","embeddable":true,"href":"https:\/\/kalot.com.mx\/site\/wp-json\/wp\/v2\/categories?post=25407"},{"taxonomy":"post_tag","embeddable":true,"href":"https:\/\/kalot.com.mx\/site\/wp-json\/wp\/v2\/tags?post=25407"}],"curies":[{"name":"wp","href":"https:\/\/api.w.org\/{rel}","templated":true}]}}