{"id":25365,"date":"2016-05-13T08:22:49","date_gmt":"2016-05-13T14:22:49","guid":{"rendered":"http:\/\/kalot.com.mx\/site\/?p=25365"},"modified":"2016-05-13T18:57:53","modified_gmt":"2016-05-14T00:57:53","slug":"culpa-tenemos-los-la-fuimos-a-ver","status":"publish","type":"post","link":"https:\/\/kalot.com.mx\/site\/2016\/05\/13\/culpa-tenemos-los-la-fuimos-a-ver\/","title":{"rendered":"\u00bfQu\u00e9 culpa tenemos los que la fuimos a ver? [Rese\u00f1a]"},"content":{"rendered":"<p style=\"text-align: justify\">Awww las <strong>comedias rom\u00e1nticas mexicanas\u00a0<\/strong> ese gusto culposo que tengo, que se ubica entre las formas de entretenimiento m\u00e1s bajas (casi como ver un partido del am\u00e9rica e irle al am\u00e9rica). <strong>MENTIRA no hay nada m\u00e1s bajo que eso<\/strong> #OdienmeMas\u00a0 , debo confesar que no hay cosa tan sencilla y simple que me haga m\u00e1s feliz que arrancar el coche tomar el Rio Santiago a toda velocidad y lanzarme al cine para ver que hay de bueno, para despu\u00e9s terminar cenando makis. Por que\u2026 <strong>#Potosino<\/strong>, y precisamente ayer \u00a0no fue la excepci\u00f3n.<\/p>\n<p style=\"text-align: justify\">Podr\u00eda decirles que la pel\u00edcula que les rese\u00f1are a continuaci\u00f3n es simple y llena de lugares comunes, que es predecible, sosa\u00a0 y que no gasten su valioso tiempo en ver esta clase de propuesta en cine. Contrario a lo que me esperaba la verdad es que esta pel\u00edcula es todo menos predecible, tiene una historia que todos conocemos , pero que ni a hombres, ni mujeres hasta donde yo se nos gustar\u00eda protagonizar en la vida real.<\/p>\n<p><img data-recalc-dims=\"1\" fetchpriority=\"high\" decoding=\"async\" data-attachment-id=\"25367\" data-permalink=\"https:\/\/kalot.com.mx\/site\/2016\/05\/13\/culpa-tenemos-los-la-fuimos-a-ver\/unnamed14\/\" data-orig-file=\"https:\/\/i0.wp.com\/kalot.com.mx\/site\/wp-content\/uploads\/2016\/05\/unnamed14.png?fit=1034%2C297&amp;ssl=1\" data-orig-size=\"1034,297\" data-comments-opened=\"1\" data-image-meta=\"{&quot;aperture&quot;:&quot;0&quot;,&quot;credit&quot;:&quot;&quot;,&quot;camera&quot;:&quot;&quot;,&quot;caption&quot;:&quot;&quot;,&quot;created_timestamp&quot;:&quot;0&quot;,&quot;copyright&quot;:&quot;&quot;,&quot;focal_length&quot;:&quot;0&quot;,&quot;iso&quot;:&quot;0&quot;,&quot;shutter_speed&quot;:&quot;0&quot;,&quot;title&quot;:&quot;&quot;,&quot;orientation&quot;:&quot;0&quot;}\" data-image-title=\"unnamed14\" data-image-description=\"\" data-image-caption=\"\" data-large-file=\"https:\/\/i0.wp.com\/kalot.com.mx\/site\/wp-content\/uploads\/2016\/05\/unnamed14.png?fit=1024%2C294&amp;ssl=1\" class=\"alignnone wp-image-25367\" src=\"https:\/\/i0.wp.com\/kalot.com.mx\/site\/wp-content\/uploads\/2016\/05\/unnamed14-300x86.png?resize=656%2C188\" alt=\"unnamed14\" width=\"656\" height=\"188\" srcset=\"https:\/\/i0.wp.com\/kalot.com.mx\/site\/wp-content\/uploads\/2016\/05\/unnamed14.png?resize=300%2C86&amp;ssl=1 300w, https:\/\/i0.wp.com\/kalot.com.mx\/site\/wp-content\/uploads\/2016\/05\/unnamed14.png?resize=768%2C221&amp;ssl=1 768w, https:\/\/i0.wp.com\/kalot.com.mx\/site\/wp-content\/uploads\/2016\/05\/unnamed14.png?resize=1024%2C294&amp;ssl=1 1024w, https:\/\/i0.wp.com\/kalot.com.mx\/site\/wp-content\/uploads\/2016\/05\/unnamed14.png?resize=810%2C233&amp;ssl=1 810w, https:\/\/i0.wp.com\/kalot.com.mx\/site\/wp-content\/uploads\/2016\/05\/unnamed14.png?w=1034&amp;ssl=1 1034w\" sizes=\"(max-width: 656px) 100vw, 656px\" \/><\/p>\n<p style=\"text-align: justify\">Imag\u00ednense que se ponen una pedotototota \u00e9pica y no se acuerdan ni de quien se embarazaron \u00f3 no sabes ni a quien embarazaste (en el caso de ser hombre) pues bueno este es el comienzo de toda la l\u00ednea narrativa de\u00a0 <strong>\u201cQu\u00e9 culpa tiene el ni\u00f1o\u201d<\/strong> lo dem\u00e1s se cuenta solo. Los protagonistas son \u00a0<strong>Karla Souza<\/strong> o como yo la conozco\u00a0 <em>B\u00e1rbara Noble mi sue\u00f1o mas perverso y puerco<\/em> \u00a0y\u00a0 <strong>Ricardo Abarca<\/strong>\u00a0 quien es &#8220;conocido&#8221; por ser el protagonista de \u201c<strong>Cumbia Ninja<\/strong>\u201d <em>a dios gracias nunca vi esa cosa<\/em>. Participa tambi\u00e9n \u00a0gente como <strong>Jes\u00fas Ochoa<\/strong> , <strong>Mara Escalante<\/strong> (<em>Do\u00f1a Lucha<\/em>) poni\u00e9ndole esa pizca de barrio y humor \u00a0que a muchos nos resulta tan graciosa y en el peor de los casos familiar , Eric El\u00edas\u00a0 y\u00a0 dem\u00e1s \u201cartistas\u201d random de televisa hacen de esta cinta algo\u2026\u00a0 sino fuera de lo com\u00fan , en verdad logran un experimento bastante divertido y nada visto antes en la \u201ct\u00edpica\u201d comedia rom\u00e1ntica mexicana palomera.<\/p>\n<h1 id=\"los-pros\"><span style=\"color: #339966\">Los pros:<\/span><\/h1>\n<ul>\n<li style=\"text-align: justify\">Es divertida, muy graciosa.<\/li>\n<li style=\"text-align: justify\">Karla Souza (Mi vida te la comes).<\/li>\n<li style=\"text-align: justify\">Mara Escalante y Jes\u00fas Ochoa Arrancan risas a diestra y siniestra.<\/li>\n<li style=\"text-align: justify\">Hay un par de personajes con los cuales no parar\u00e1s de re\u00edr <strong>\u201cEl cad\u00e1ver\u201d<\/strong> por ejemplo o las amigas fresas de Mar\u00eda Eugenia.<\/li>\n<li style=\"text-align: justify\">Esta llena de tantos clich\u00e9s de esos que todos hemos visto que de verdad resulta bastante familiar, el caricaturizarlos acerca al espectador pues todos conocemos a alguien as\u00ed.<\/li>\n<li style=\"text-align: justify\">Un final completamente impredecible.<\/li>\n<li style=\"text-align: justify\">Diferente a todas las pelis rom\u00e1nticas que tu novia ya te hizo chutarte en una especie de trueque en especie; desde \u201cInspiraci\u00f3n\u201d o todas las de Martha Higareda, o las cochinadas de Man\u00e9 de la Parra y Arath de la Torre.<\/li>\n<\/ul>\n<h1 id=\"los-contras\"><span style=\"color: #ff0000\">Los contras:<\/span><\/h1>\n<ul>\n<li style=\"text-align: justify\">Hay una parte que en lo personal me parece que sale sobrando (Karla Souza ech\u00e1ndose un hip-hop \u00a0extra\u00f1o a media pel\u00edcula).<\/li>\n<li style=\"text-align: justify\">El final es tan impredecible que lo amas o lo odias (no hay medias tintas) o dices \u201cMuy bueno no me lo esperaba\u201d o de Plano \u201cHay no ma&amp;%$#\u00a0 que pende#&amp;%!&#8221;, en el cine como en muchas otras cosas el gusto se rompe en g\u00e9neros ( es m\u00e1s, yo no har\u00eda lo que termina haciendo el protagonista) cabe destacar que yo soy muy mala persona.<\/li>\n<li style=\"text-align: justify\">La musicalizaci\u00f3n y la fotograf\u00eda no fueron precisamente las m\u00e1s acertadas para un proyecto del tipo, hay mejores canciones para ilustrar algunas situaciones. &#8220;<strong>Chiquetere<\/strong>&#8221; de <strong>Rafa Villalba (1993)<\/strong> es el \u00fanico acierto.<\/li>\n<\/ul>\n<p><img data-recalc-dims=\"1\" decoding=\"async\" data-attachment-id=\"25366\" data-permalink=\"https:\/\/kalot.com.mx\/site\/2016\/05\/13\/culpa-tenemos-los-la-fuimos-a-ver\/queculpatienelnino_especial\/\" data-orig-file=\"https:\/\/i0.wp.com\/kalot.com.mx\/site\/wp-content\/uploads\/2016\/05\/queculpatienelnino_especial.jpg?fit=750%2C400&amp;ssl=1\" data-orig-size=\"750,400\" data-comments-opened=\"1\" data-image-meta=\"{&quot;aperture&quot;:&quot;0&quot;,&quot;credit&quot;:&quot;&quot;,&quot;camera&quot;:&quot;&quot;,&quot;caption&quot;:&quot;&quot;,&quot;created_timestamp&quot;:&quot;0&quot;,&quot;copyright&quot;:&quot;&quot;,&quot;focal_length&quot;:&quot;0&quot;,&quot;iso&quot;:&quot;0&quot;,&quot;shutter_speed&quot;:&quot;0&quot;,&quot;title&quot;:&quot;&quot;,&quot;orientation&quot;:&quot;0&quot;}\" data-image-title=\"queculpatienelnino_especial\" data-image-description=\"\" data-image-caption=\"\" data-large-file=\"https:\/\/i0.wp.com\/kalot.com.mx\/site\/wp-content\/uploads\/2016\/05\/queculpatienelnino_especial.jpg?fit=750%2C400&amp;ssl=1\" class=\"alignnone wp-image-25366\" src=\"https:\/\/i0.wp.com\/kalot.com.mx\/site\/wp-content\/uploads\/2016\/05\/queculpatienelnino_especial-300x160.jpg?resize=671%2C358\" alt=\"queculpatienelnino_especial\" width=\"671\" height=\"358\" srcset=\"https:\/\/i0.wp.com\/kalot.com.mx\/site\/wp-content\/uploads\/2016\/05\/queculpatienelnino_especial.jpg?resize=300%2C160&amp;ssl=1 300w, https:\/\/i0.wp.com\/kalot.com.mx\/site\/wp-content\/uploads\/2016\/05\/queculpatienelnino_especial.jpg?w=750&amp;ssl=1 750w\" sizes=\"(max-width: 671px) 100vw, 671px\" \/><\/p>\n<h3 id=\"y-que-culpa-tenemos-nosotros\"><strong>\u00bfY que culpa tenemos nosotros?<\/strong><\/h3>\n<p style=\"text-align: justify\"><strong>Ninguna<\/strong> , les aseguro que si la ven sin mayor \u00a0pretensi\u00f3n que divertirse, ser\u00e1 justamente lo que va a pasar, a veces vale la pena recordar que el cine es para pasarla bien. \u00a0Les dejo el tr\u00e1iler y un video de Karla Souza en el formato <strong>TEDx Talks<\/strong> que nos deja ver implicitamente\u00a0\u00a0del por que esta mujer hoy por hoy est\u00e1 en donde est\u00e1.<\/p>\n<p style=\"text-align: justify\"><strong>Me interesa mucho saber lo que piensan, v\u00e9anla \u00a0y me dicen \u00bfQu\u00e9 les parece? Me dar\u00e1 mucho gusto saber su opini\u00f3n<\/strong> \u00a0por este medio o en mi twitter si son gustosos <strong>@_cristianflores <\/strong>. Excelente viernes .<\/p>\n<p><span class=\"embed-youtube\" style=\"text-align:center; display: block;\"><iframe class=\"youtube-player\" width=\"1200\" height=\"675\" src=\"https:\/\/www.youtube.com\/embed\/2TqNKMToCkQ?version=3&#038;rel=1&#038;showsearch=0&#038;showinfo=1&#038;iv_load_policy=1&#038;fs=1&#038;hl=es-MX&#038;autohide=2&#038;wmode=transparent\" allowfullscreen=\"true\" style=\"border:0;\" sandbox=\"allow-scripts allow-same-origin allow-popups allow-presentation allow-popups-to-escape-sandbox\"><\/iframe><\/span><\/p>\n<p><span class=\"embed-youtube\" style=\"text-align:center; display: block;\"><iframe class=\"youtube-player\" width=\"1200\" height=\"675\" src=\"https:\/\/www.youtube.com\/embed\/kz6GON4ykNo?version=3&#038;rel=1&#038;showsearch=0&#038;showinfo=1&#038;iv_load_policy=1&#038;fs=1&#038;hl=es-MX&#038;autohide=2&#038;wmode=transparent\" allowfullscreen=\"true\" style=\"border:0;\" sandbox=\"allow-scripts allow-same-origin allow-popups allow-presentation allow-popups-to-escape-sandbox\"><\/iframe><\/span><\/p>\n","protected":false},"excerpt":{"rendered":"Awww las comedias rom\u00e1nticas mexicanas\u00a0 ese gusto culposo que tengo, que se ubica entre las formas de entretenimiento&hellip;\n","protected":false},"author":32,"featured_media":25374,"comment_status":"open","ping_status":"open","sticky":false,"template":"","format":"standard","meta":{"jetpack_post_was_ever_published":false,"_jetpack_newsletter_access":"","_jetpack_dont_email_post_to_subs":false,"_jetpack_newsletter_tier_id":0,"_jetpack_memberships_contains_paywalled_content":false,"_jetpack_memberships_contains_paid_content":false,"footnotes":"","jetpack_publicize_message":"","jetpack_publicize_feature_enabled":true,"jetpack_social_post_already_shared":true,"jetpack_social_options":{"image_generator_settings":{"template":"highway","default_image_id":0,"font":"","enabled":false},"version":2}},"categories":[9,7],"tags":[139,629,574,628,28,534,630],"class_list":{"0":"post-25365","1":"post","2":"type-post","3":"status-publish","4":"format-standard","5":"has-post-thumbnail","7":"category-cine","8":"category-novedades","9":"tag-cine","10":"tag-comedia-romantica","11":"tag-estreno","12":"tag-mexicano","13":"tag-mexico","14":"tag-nuevo","15":"tag-que-culpa-tiene-el-nino","16":"cs-entry","17":"cs-video-wrap"},"yoast_head":"<!-- This site is optimized with the Yoast SEO plugin v27.5 - https:\/\/yoast.com\/product\/yoast-seo-wordpress\/ -->\n<title>\u00bfQu\u00e9 culpa tenemos los que la fuimos a ver? [Rese\u00f1a] - Kalot<\/title>\n<meta name=\"description\" content=\"Awww las comedias rom\u00e1nticas mexicanas\u00a0 ese gusto culposo que tengo, que se ubica entre las formas de entretenimiento m\u00e1s bajas (casi como ver un partido\" \/>\n<meta name=\"robots\" content=\"index, follow, max-snippet:-1, max-image-preview:large, max-video-preview:-1\" \/>\n<link rel=\"canonical\" href=\"https:\/\/kalot.com.mx\/site\/2016\/05\/13\/culpa-tenemos-los-la-fuimos-a-ver\/\" \/>\n<meta property=\"og:locale\" content=\"es_MX\" \/>\n<meta property=\"og:type\" content=\"article\" \/>\n<meta property=\"og:title\" content=\"\u00bfQu\u00e9 culpa tenemos los que la fuimos a ver? [Rese\u00f1a] - Kalot\" \/>\n<meta property=\"og:description\" content=\"Awww las comedias rom\u00e1nticas mexicanas\u00a0 ese gusto culposo que tengo, que se ubica entre las formas de entretenimiento m\u00e1s bajas (casi como ver un partido\" \/>\n<meta property=\"og:url\" content=\"https:\/\/kalot.com.mx\/site\/2016\/05\/13\/culpa-tenemos-los-la-fuimos-a-ver\/\" \/>\n<meta property=\"og:site_name\" content=\"Kalot\" \/>\n<meta property=\"article:publisher\" content=\"http:\/\/facebook.com\/mxkalot\" \/>\n<meta property=\"article:author\" content=\"https:\/\/www.facebook.com\/christiansoyyo\" \/>\n<meta property=\"article:published_time\" content=\"2016-05-13T14:22:49+00:00\" \/>\n<meta property=\"article:modified_time\" content=\"2016-05-14T00:57:53+00:00\" \/>\n<meta property=\"og:image\" content=\"https:\/\/i2.wp.com\/kalot.com.mx\/site\/wp-content\/uploads\/2016\/05\/Captura-de-pantalla-2016-05-13-a-las-9.06.29-a.m..png?fit=2036%2C1255&ssl=1\" \/>\n\t<meta property=\"og:image:width\" content=\"2036\" \/>\n\t<meta property=\"og:image:height\" content=\"1255\" \/>\n\t<meta property=\"og:image:type\" content=\"image\/png\" \/>\n<meta name=\"author\" content=\"Christian Flores\" \/>\n<meta name=\"twitter:card\" content=\"summary_large_image\" \/>\n<meta name=\"twitter:creator\" content=\"@https:\/\/twitter.com\/_CristianFlores\" \/>\n<meta name=\"twitter:site\" content=\"@kalotmx\" \/>\n<meta name=\"twitter:label1\" content=\"Escrito por\" \/>\n\t<meta name=\"twitter:data1\" content=\"Christian Flores\" \/>\n\t<meta name=\"twitter:label2\" content=\"Tiempo de lectura\" \/>\n\t<meta name=\"twitter:data2\" content=\"4 minutos\" \/>\n<!-- \/ Yoast SEO plugin. -->","yoast_head_json":{"title":"\u00bfQu\u00e9 culpa tenemos los que la fuimos a ver? [Rese\u00f1a] - Kalot","description":"Awww las comedias rom\u00e1nticas mexicanas\u00a0 ese gusto culposo que tengo, que se ubica entre las formas de entretenimiento m\u00e1s bajas (casi como ver un partido","robots":{"index":"index","follow":"follow","max-snippet":"max-snippet:-1","max-image-preview":"max-image-preview:large","max-video-preview":"max-video-preview:-1"},"canonical":"https:\/\/kalot.com.mx\/site\/2016\/05\/13\/culpa-tenemos-los-la-fuimos-a-ver\/","og_locale":"es_MX","og_type":"article","og_title":"\u00bfQu\u00e9 culpa tenemos los que la fuimos a ver? [Rese\u00f1a] - Kalot","og_description":"Awww las comedias rom\u00e1nticas mexicanas\u00a0 ese gusto culposo que tengo, que se ubica entre las formas de entretenimiento m\u00e1s bajas (casi como ver un partido","og_url":"https:\/\/kalot.com.mx\/site\/2016\/05\/13\/culpa-tenemos-los-la-fuimos-a-ver\/","og_site_name":"Kalot","article_publisher":"http:\/\/facebook.com\/mxkalot","article_author":"https:\/\/www.facebook.com\/christiansoyyo","article_published_time":"2016-05-13T14:22:49+00:00","article_modified_time":"2016-05-14T00:57:53+00:00","og_image":[{"width":2036,"height":1255,"url":"https:\/\/i2.wp.com\/kalot.com.mx\/site\/wp-content\/uploads\/2016\/05\/Captura-de-pantalla-2016-05-13-a-las-9.06.29-a.m..png?fit=2036%2C1255&ssl=1","type":"image\/png"}],"author":"Christian Flores","twitter_card":"summary_large_image","twitter_creator":"@https:\/\/twitter.com\/_CristianFlores","twitter_site":"@kalotmx","twitter_misc":{"Escrito por":"Christian Flores","Tiempo de lectura":"4 minutos"},"schema":{"@context":"https:\/\/schema.org","@graph":[{"@type":"Article","@id":"https:\/\/kalot.com.mx\/site\/2016\/05\/13\/culpa-tenemos-los-la-fuimos-a-ver\/#article","isPartOf":{"@id":"https:\/\/kalot.com.mx\/site\/2016\/05\/13\/culpa-tenemos-los-la-fuimos-a-ver\/"},"author":{"name":"Christian Flores","@id":"https:\/\/kalot.com.mx\/site\/#\/schema\/person\/112f380671442bdb0c59bf7150309edb"},"headline":"\u00bfQu\u00e9 culpa tenemos los que la fuimos a ver? [Rese\u00f1a]","datePublished":"2016-05-13T14:22:49+00:00","dateModified":"2016-05-14T00:57:53+00:00","mainEntityOfPage":{"@id":"https:\/\/kalot.com.mx\/site\/2016\/05\/13\/culpa-tenemos-los-la-fuimos-a-ver\/"},"wordCount":743,"commentCount":0,"publisher":{"@id":"https:\/\/kalot.com.mx\/site\/#organization"},"image":{"@id":"https:\/\/kalot.com.mx\/site\/2016\/05\/13\/culpa-tenemos-los-la-fuimos-a-ver\/#primaryimage"},"thumbnailUrl":"https:\/\/i0.wp.com\/kalot.com.mx\/site\/wp-content\/uploads\/2016\/05\/Captura-de-pantalla-2016-05-13-a-las-9.06.29-a.m..png?fit=2036%2C1255&ssl=1","keywords":["CINE","comedia rom\u00e1ntica","Estreno","mexicano","mexico","Nuevo","Qu\u00e9 culpa tiene el ni\u00f1o"],"articleSection":["Cine","Novedades"],"inLanguage":"es","potentialAction":[{"@type":"CommentAction","name":"Comment","target":["https:\/\/kalot.com.mx\/site\/2016\/05\/13\/culpa-tenemos-los-la-fuimos-a-ver\/#respond"]}]},{"@type":"WebPage","@id":"https:\/\/kalot.com.mx\/site\/2016\/05\/13\/culpa-tenemos-los-la-fuimos-a-ver\/","url":"https:\/\/kalot.com.mx\/site\/2016\/05\/13\/culpa-tenemos-los-la-fuimos-a-ver\/","name":"\u00bfQu\u00e9 culpa tenemos los que la fuimos a ver? [Rese\u00f1a] - Kalot","isPartOf":{"@id":"https:\/\/kalot.com.mx\/site\/#website"},"primaryImageOfPage":{"@id":"https:\/\/kalot.com.mx\/site\/2016\/05\/13\/culpa-tenemos-los-la-fuimos-a-ver\/#primaryimage"},"image":{"@id":"https:\/\/kalot.com.mx\/site\/2016\/05\/13\/culpa-tenemos-los-la-fuimos-a-ver\/#primaryimage"},"thumbnailUrl":"https:\/\/i0.wp.com\/kalot.com.mx\/site\/wp-content\/uploads\/2016\/05\/Captura-de-pantalla-2016-05-13-a-las-9.06.29-a.m..png?fit=2036%2C1255&ssl=1","datePublished":"2016-05-13T14:22:49+00:00","dateModified":"2016-05-14T00:57:53+00:00","description":"Awww las comedias rom\u00e1nticas mexicanas\u00a0 ese gusto culposo que tengo, que se ubica entre las formas de entretenimiento m\u00e1s bajas (casi como ver un partido","breadcrumb":{"@id":"https:\/\/kalot.com.mx\/site\/2016\/05\/13\/culpa-tenemos-los-la-fuimos-a-ver\/#breadcrumb"},"inLanguage":"es","potentialAction":[{"@type":"ReadAction","target":["https:\/\/kalot.com.mx\/site\/2016\/05\/13\/culpa-tenemos-los-la-fuimos-a-ver\/"]}]},{"@type":"ImageObject","inLanguage":"es","@id":"https:\/\/kalot.com.mx\/site\/2016\/05\/13\/culpa-tenemos-los-la-fuimos-a-ver\/#primaryimage","url":"https:\/\/i0.wp.com\/kalot.com.mx\/site\/wp-content\/uploads\/2016\/05\/Captura-de-pantalla-2016-05-13-a-las-9.06.29-a.m..png?fit=2036%2C1255&ssl=1","contentUrl":"https:\/\/i0.wp.com\/kalot.com.mx\/site\/wp-content\/uploads\/2016\/05\/Captura-de-pantalla-2016-05-13-a-las-9.06.29-a.m..png?fit=2036%2C1255&ssl=1","width":2036,"height":1255},{"@type":"BreadcrumbList","@id":"https:\/\/kalot.com.mx\/site\/2016\/05\/13\/culpa-tenemos-los-la-fuimos-a-ver\/#breadcrumb","itemListElement":[{"@type":"ListItem","position":1,"name":"Home","item":"https:\/\/kalot.com.mx\/site\/"},{"@type":"ListItem","position":2,"name":"\u00bfQu\u00e9 culpa tenemos los que la fuimos a ver? [Rese\u00f1a]"}]},{"@type":"WebSite","@id":"https:\/\/kalot.com.mx\/site\/#website","url":"https:\/\/kalot.com.mx\/site\/","name":"Kalot","description":"Conoce Todo Sobre Todo","publisher":{"@id":"https:\/\/kalot.com.mx\/site\/#organization"},"potentialAction":[{"@type":"SearchAction","target":{"@type":"EntryPoint","urlTemplate":"https:\/\/kalot.com.mx\/site\/?s={search_term_string}"},"query-input":{"@type":"PropertyValueSpecification","valueRequired":true,"valueName":"search_term_string"}}],"inLanguage":"es"},{"@type":"Organization","@id":"https:\/\/kalot.com.mx\/site\/#organization","name":"Kalot","url":"https:\/\/kalot.com.mx\/site\/","logo":{"@type":"ImageObject","inLanguage":"es","@id":"https:\/\/kalot.com.mx\/site\/#\/schema\/logo\/image\/","url":"https:\/\/i0.wp.com\/kalot.com.mx\/site\/wp-content\/uploads\/2020\/04\/Kalot-logo-sin-tagline.png?fit=1707%2C1014&ssl=1","contentUrl":"https:\/\/i0.wp.com\/kalot.com.mx\/site\/wp-content\/uploads\/2020\/04\/Kalot-logo-sin-tagline.png?fit=1707%2C1014&ssl=1","width":1707,"height":1014,"caption":"Kalot"},"image":{"@id":"https:\/\/kalot.com.mx\/site\/#\/schema\/logo\/image\/"},"sameAs":["http:\/\/facebook.com\/mxkalot","https:\/\/x.com\/kalotmx","http:\/\/instagram.com\/kalotmx","http:\/\/pinterest.com\/jorgeerana\/kalot"]},{"@type":"Person","@id":"https:\/\/kalot.com.mx\/site\/#\/schema\/person\/112f380671442bdb0c59bf7150309edb","name":"Christian Flores","image":{"@type":"ImageObject","inLanguage":"es","@id":"https:\/\/secure.gravatar.com\/avatar\/c5f3145495bcf3558f18eeaf9315f02c5d43a26cb3cf9668df6119259db28a5c?s=96&d=mm&r=g","url":"https:\/\/secure.gravatar.com\/avatar\/c5f3145495bcf3558f18eeaf9315f02c5d43a26cb3cf9668df6119259db28a5c?s=96&d=mm&r=g","contentUrl":"https:\/\/secure.gravatar.com\/avatar\/c5f3145495bcf3558f18eeaf9315f02c5d43a26cb3cf9668df6119259db28a5c?s=96&d=mm&r=g","caption":"Christian Flores"},"description":"Comunicador, Mercad\u00f3logo, Ex-Locutor, Publicista , disque Administrador. Hombre de convicciones firmes, fiel a mis valores y sue\u00f1os. Sincero, directo y sin tapujos ,potosino a morir. El sarcasmo; mi deporte favorito.","sameAs":["http:\/\/www.playpublicidad.mx\/","https:\/\/www.facebook.com\/christiansoyyo","https:\/\/www.instagram.com\/christian___flores\/","https:\/\/mx.linkedin.com\/in\/christian-flores-p\u00e9rez-79964742","https:\/\/x.com\/https:\/\/twitter.com\/_CristianFlores"],"url":"https:\/\/kalot.com.mx\/site\/author\/christian\/"}]}},"jetpack_publicize_connections":[],"jetpack_featured_media_url":"https:\/\/i0.wp.com\/kalot.com.mx\/site\/wp-content\/uploads\/2016\/05\/Captura-de-pantalla-2016-05-13-a-las-9.06.29-a.m..png?fit=2036%2C1255&ssl=1","jetpack_shortlink":"https:\/\/wp.me\/p6IHEI-6B7","jetpack-related-posts":[{"id":3973,"url":"https:\/\/kalot.com.mx\/site\/2013\/10\/15\/graveda-cine-cinepolis\/","url_meta":{"origin":25365,"position":0},"title":"Graved\u00e1 #Cine @Cinepolis","author":"K. Max","date":"15 octubre, 2013","format":false,"excerpt":"Pues Alfonso Cuar\u00f3n, acaba de lanzar el 4 de octubre, su nueva pel\u00edcula protagonizada por Sandra Bullock y George Clooney, pero como en San Luis Potos\u00ed, se tardan un tiempecito en estrenarla, pues no la veremos hasta el s\u00e1bado, pero todas las cr\u00edticas han estado chingonas, y por un lado\u2026","rel":"","context":"Entrada similar ","block_context":{"text":"Entrada similar ","link":""},"img":{"alt_text":"","src":"https:\/\/i0.wp.com\/kalot.com.mx\/site\/wp-content\/uploads\/2013\/10\/gravedad-poster-imax.jpg?fit=1000%2C665&ssl=1&resize=350%2C200","width":350,"height":200,"srcset":"https:\/\/i0.wp.com\/kalot.com.mx\/site\/wp-content\/uploads\/2013\/10\/gravedad-poster-imax.jpg?fit=1000%2C665&ssl=1&resize=350%2C200 1x, https:\/\/i0.wp.com\/kalot.com.mx\/site\/wp-content\/uploads\/2013\/10\/gravedad-poster-imax.jpg?fit=1000%2C665&ssl=1&resize=525%2C300 1.5x, https:\/\/i0.wp.com\/kalot.com.mx\/site\/wp-content\/uploads\/2013\/10\/gravedad-poster-imax.jpg?fit=1000%2C665&ssl=1&resize=700%2C400 2x"},"classes":[]},{"id":16574,"url":"https:\/\/kalot.com.mx\/site\/2014\/06\/01\/daniel-radcliffe-regresa-al-cine-con\/","url_meta":{"origin":25365,"position":1},"title":"Daniel Radcliffe regresa al cine con &#8220;What If&#8221;","author":"Ivan Mendez","date":"1 junio, 2014","format":false,"excerpt":"El famoso actor de una de las franquicias m\u00e1s grande de todos los tiempos Harry Potter regresa al cine despu\u00e9s de su \u00faltima pel\u00edcula dram\u00e1tica \u201cKill Your Darlings\u201d (la cual pudimos ver en la Cineteca) pero esta vez incursionado en las comedias rom\u00e1nticas. \u201cWhat if\u201d se centra en la famosa\u2026","rel":"","context":"Con 1 comentario","block_context":{"text":"Con 1 comentario","link":"https:\/\/kalot.com.mx\/site\/2014\/06\/01\/daniel-radcliffe-regresa-al-cine-con\/#comments"},"img":{"alt_text":"","src":"https:\/\/i0.wp.com\/kalot.com.mx\/site\/wp-content\/uploads\/2014\/06\/what_if_ver2_xlg.jpg?fit=1200%2C898&ssl=1&resize=350%2C200","width":350,"height":200,"srcset":"https:\/\/i0.wp.com\/kalot.com.mx\/site\/wp-content\/uploads\/2014\/06\/what_if_ver2_xlg.jpg?fit=1200%2C898&ssl=1&resize=350%2C200 1x, https:\/\/i0.wp.com\/kalot.com.mx\/site\/wp-content\/uploads\/2014\/06\/what_if_ver2_xlg.jpg?fit=1200%2C898&ssl=1&resize=525%2C300 1.5x, https:\/\/i0.wp.com\/kalot.com.mx\/site\/wp-content\/uploads\/2014\/06\/what_if_ver2_xlg.jpg?fit=1200%2C898&ssl=1&resize=700%2C400 2x, https:\/\/i0.wp.com\/kalot.com.mx\/site\/wp-content\/uploads\/2014\/06\/what_if_ver2_xlg.jpg?fit=1200%2C898&ssl=1&resize=1050%2C600 3x"},"classes":[]},{"id":13472,"url":"https:\/\/kalot.com.mx\/site\/2014\/03\/15\/1001-peliculas-antes-morir\/","url_meta":{"origin":25365,"position":2},"title":"1,001 pel\u00edculas que tienes que ver antes de morir","author":"Jorge Era\u00f1a","date":"15 marzo, 2014","format":false,"excerpt":"Hay un libro llamado\u00a01001 Movies You Must See Before You Die, de Stephen Jay Schneider\u00a0que recopila en un listado las mejores pel\u00edculas que debemos de ver antes de morir, las presenta en un listado con el por qu\u00e9 de la pel\u00edcula y una peque\u00f1a descripci\u00f3n que nos inspira a enamorarnos\u2026","rel":"","context":"En &quot;Cine&quot;","block_context":{"text":"Cine","link":"https:\/\/kalot.com.mx\/site\/category\/cine\/"},"img":{"alt_text":"1001 movies","src":"https:\/\/i0.wp.com\/kalot.com.mx\/site\/wp-content\/uploads\/2014\/03\/1001movies2006.jpg?fit=400%2C358&ssl=1&resize=350%2C200","width":350,"height":200},"classes":[]},{"id":23786,"url":"https:\/\/kalot.com.mx\/site\/2015\/10\/06\/semana-de-cine-pasante-de-moda\/","url_meta":{"origin":25365,"position":3},"title":"Semana de Cine: Pasante de Moda","author":"Fabiia Rivera","date":"6 octubre, 2015","format":false,"excerpt":"Hola, mis queridos lectores... Excelente semana, y que mas que nada que martes de cine, martes de 2 x 1 \u00f3 \u00a0martes de god\u00ednez, que tal si se dan una escapadita al cine, para ver una de las pel\u00edculas encantadoras y de tragi - comedia, y lo llam\u00f3 as\u00ed porque\u2026","rel":"","context":"En &quot;Cine&quot;","block_context":{"text":"Cine","link":"https:\/\/kalot.com.mx\/site\/category\/cine\/"},"img":{"alt_text":"","src":"https:\/\/i0.wp.com\/kalot.com.mx\/site\/wp-content\/uploads\/2015\/10\/pasante-de-moda.jpg?fit=800%2C450&ssl=1&resize=350%2C200","width":350,"height":200,"srcset":"https:\/\/i0.wp.com\/kalot.com.mx\/site\/wp-content\/uploads\/2015\/10\/pasante-de-moda.jpg?fit=800%2C450&ssl=1&resize=350%2C200 1x, https:\/\/i0.wp.com\/kalot.com.mx\/site\/wp-content\/uploads\/2015\/10\/pasante-de-moda.jpg?fit=800%2C450&ssl=1&resize=525%2C300 1.5x, https:\/\/i0.wp.com\/kalot.com.mx\/site\/wp-content\/uploads\/2015\/10\/pasante-de-moda.jpg?fit=800%2C450&ssl=1&resize=700%2C400 2x"},"classes":[]},{"id":25617,"url":"https:\/\/kalot.com.mx\/site\/2016\/06\/23\/rodando-film-festival-una-oportunidad-unirse-cine\/","url_meta":{"origin":25365,"position":4},"title":"Rodando Film Festival: una oportunidad para unirse con el cine","author":"Cristina Flores","date":"23 junio, 2016","format":false,"excerpt":"En San Luis Potos\u00ed el cine puede llegar a ser muy desvalorizado; posiblemente gran parte del p\u00fablico se limite \u00fanicamente a la recepci\u00f3n de producciones comerciales y muy taquilleras, pero, por otro lado, han surgido y se han fortalecido algunos festivales que vienen a romper esa acotada barrera entre cine\u2026","rel":"","context":"En &quot;Cine&quot;","block_context":{"text":"Cine","link":"https:\/\/kalot.com.mx\/site\/category\/cine\/"},"img":{"alt_text":"","src":"https:\/\/i0.wp.com\/kalot.com.mx\/site\/wp-content\/uploads\/2016\/06\/13331076_1150239458361191_569193326665555835_n-1.jpg?fit=960%2C353&ssl=1&resize=350%2C200","width":350,"height":200,"srcset":"https:\/\/i0.wp.com\/kalot.com.mx\/site\/wp-content\/uploads\/2016\/06\/13331076_1150239458361191_569193326665555835_n-1.jpg?fit=960%2C353&ssl=1&resize=350%2C200 1x, https:\/\/i0.wp.com\/kalot.com.mx\/site\/wp-content\/uploads\/2016\/06\/13331076_1150239458361191_569193326665555835_n-1.jpg?fit=960%2C353&ssl=1&resize=525%2C300 1.5x, https:\/\/i0.wp.com\/kalot.com.mx\/site\/wp-content\/uploads\/2016\/06\/13331076_1150239458361191_569193326665555835_n-1.jpg?fit=960%2C353&ssl=1&resize=700%2C400 2x"},"classes":[]},{"id":20719,"url":"https:\/\/kalot.com.mx\/site\/2015\/03\/12\/el-santo-un-heroe-del-cine\/","url_meta":{"origin":25365,"position":5},"title":"El Santo: Un H\u00e9roe del Cine","author":"yash","date":"12 marzo, 2015","format":false,"excerpt":"El cine mexicano, a lo largo de su historia, ha vivido de todo. Desde su gloriosa \"\u00c9poca de Oro\" hasta su turbulento y oscuro mundo llamado \"Cine de Ficheras\". Pero hay una etapa en especial que es mi favorita, una etapa que me atrap\u00f3 con su magia desde la primera\u2026","rel":"","context":"En &quot;Cine&quot;","block_context":{"text":"Cine","link":"https:\/\/kalot.com.mx\/site\/category\/cine\/"},"img":{"alt_text":"","src":"https:\/\/i0.wp.com\/kalot.com.mx\/site\/wp-content\/uploads\/2015\/03\/santocera_03.jpg?fit=499%2C378&ssl=1&resize=350%2C200","width":350,"height":200},"classes":[]}],"jetpack_sharing_enabled":true,"_links":{"self":[{"href":"https:\/\/kalot.com.mx\/site\/wp-json\/wp\/v2\/posts\/25365","targetHints":{"allow":["GET"]}}],"collection":[{"href":"https:\/\/kalot.com.mx\/site\/wp-json\/wp\/v2\/posts"}],"about":[{"href":"https:\/\/kalot.com.mx\/site\/wp-json\/wp\/v2\/types\/post"}],"author":[{"embeddable":true,"href":"https:\/\/kalot.com.mx\/site\/wp-json\/wp\/v2\/users\/32"}],"replies":[{"embeddable":true,"href":"https:\/\/kalot.com.mx\/site\/wp-json\/wp\/v2\/comments?post=25365"}],"version-history":[{"count":13,"href":"https:\/\/kalot.com.mx\/site\/wp-json\/wp\/v2\/posts\/25365\/revisions"}],"predecessor-version":[{"id":25381,"href":"https:\/\/kalot.com.mx\/site\/wp-json\/wp\/v2\/posts\/25365\/revisions\/25381"}],"wp:featuredmedia":[{"embeddable":true,"href":"https:\/\/kalot.com.mx\/site\/wp-json\/wp\/v2\/media\/25374"}],"wp:attachment":[{"href":"https:\/\/kalot.com.mx\/site\/wp-json\/wp\/v2\/media?parent=25365"}],"wp:term":[{"taxonomy":"category","embeddable":true,"href":"https:\/\/kalot.com.mx\/site\/wp-json\/wp\/v2\/categories?post=25365"},{"taxonomy":"post_tag","embeddable":true,"href":"https:\/\/kalot.com.mx\/site\/wp-json\/wp\/v2\/tags?post=25365"}],"curies":[{"name":"wp","href":"https:\/\/api.w.org\/{rel}","templated":true}]}}