{"id":2500,"date":"2013-09-27T18:33:56","date_gmt":"2013-09-27T23:33:56","guid":{"rendered":"http:\/\/www.kalot.com.mx\/?p=2500"},"modified":"2013-10-15T12:58:55","modified_gmt":"2013-10-15T17:58:55","slug":"editar-publicaciones-facebook","status":"publish","type":"post","link":"https:\/\/kalot.com.mx\/site\/2013\/09\/27\/editar-publicaciones-facebook\/","title":{"rendered":"\u00a1Ahora ya puedes editar tus publicaciones en #Facebook!"},"content":{"rendered":"<p><a href=\"https:\/\/i0.wp.com\/www.kalot.com.mx\/wp-content\/uploads\/2013\/09\/descarga1.jpg\"><img data-recalc-dims=\"1\" fetchpriority=\"high\" decoding=\"async\" data-attachment-id=\"2503\" data-permalink=\"https:\/\/kalot.com.mx\/site\/2013\/09\/27\/editar-publicaciones-facebook\/descarga-2\/\" data-orig-file=\"https:\/\/i0.wp.com\/kalot.com.mx\/site\/wp-content\/uploads\/2013\/09\/descarga1.jpg?fit=300%2C168&amp;ssl=1\" data-orig-size=\"300,168\" data-comments-opened=\"1\" data-image-meta=\"{&quot;aperture&quot;:&quot;0&quot;,&quot;credit&quot;:&quot;&quot;,&quot;camera&quot;:&quot;&quot;,&quot;caption&quot;:&quot;&quot;,&quot;created_timestamp&quot;:&quot;0&quot;,&quot;copyright&quot;:&quot;&quot;,&quot;focal_length&quot;:&quot;0&quot;,&quot;iso&quot;:&quot;0&quot;,&quot;shutter_speed&quot;:&quot;0&quot;,&quot;title&quot;:&quot;&quot;}\" data-image-title=\"Facebook\" data-image-description=\"\" data-image-caption=\"\" data-large-file=\"https:\/\/i0.wp.com\/kalot.com.mx\/site\/wp-content\/uploads\/2013\/09\/descarga1.jpg?fit=300%2C168&amp;ssl=1\" class=\"alignleft size-full wp-image-2503\" alt=\"Actualizaci\u00f3n de Facebook\" src=\"https:\/\/i0.wp.com\/www.kalot.com.mx\/wp-content\/uploads\/2013\/09\/descarga1.jpg?resize=300%2C168\" width=\"300\" height=\"168\" \/><\/a>Si eres \u00a0un Kalocho o Kalocha, de los que pasa gran tiempo en Facebook, te tengo una buena noticia. No m\u00e1s errores de dedo, adi\u00f3s errores ortogr\u00e1ficos&#8230; <strong>\u00a1Ahora ya puedes editar tus publicaciones en Facebook!<\/strong><\/p>\n<p><strong><br \/>\n<\/strong>Y si eres <em>Community Manager<\/em> o creador de contenidos de alguna &#8220;<em>fan page&#8221;<\/em>, \u00e9sto te caer\u00e1 de maravilla.<!--more--><\/p>\n<p>Con \u00e9sta nueva funci\u00f3n, ya no ser\u00e1 necesario eliminar el post y volverlo a escribir. Si cometemos alg\u00fan error, solamente lo corregimos con una r\u00e1pida edici\u00f3n. En un abrir y cerrar de ojos, ya no habr\u00e1 pasado nada y todos tranquilos. \u00a0A continuaci\u00f3n les muestro c\u00f3mo funciona:<\/p>\n<p style=\"text-align: center\"><a href=\"https:\/\/i0.wp.com\/www.kalot.com.mx\/wp-content\/uploads\/2013\/09\/Editar-en-Facebook.jpg\"><img data-recalc-dims=\"1\" decoding=\"async\" data-attachment-id=\"2501\" data-permalink=\"https:\/\/kalot.com.mx\/site\/2013\/09\/27\/editar-publicaciones-facebook\/editar-en-facebook\/\" data-orig-file=\"https:\/\/i0.wp.com\/kalot.com.mx\/site\/wp-content\/uploads\/2013\/09\/Editar-en-Facebook.jpg?fit=225%2C242&amp;ssl=1\" data-orig-size=\"225,242\" data-comments-opened=\"1\" data-image-meta=\"{&quot;aperture&quot;:&quot;0&quot;,&quot;credit&quot;:&quot;Karenina&quot;,&quot;camera&quot;:&quot;&quot;,&quot;caption&quot;:&quot;&quot;,&quot;created_timestamp&quot;:&quot;1380298910&quot;,&quot;copyright&quot;:&quot;&quot;,&quot;focal_length&quot;:&quot;0&quot;,&quot;iso&quot;:&quot;0&quot;,&quot;shutter_speed&quot;:&quot;0&quot;,&quot;title&quot;:&quot;&quot;}\" data-image-title=\"Editar en Facebook\" data-image-description=\"\" data-image-caption=\"\" data-large-file=\"https:\/\/i0.wp.com\/kalot.com.mx\/site\/wp-content\/uploads\/2013\/09\/Editar-en-Facebook.jpg?fit=225%2C242&amp;ssl=1\" class=\"size-full wp-image-2501 aligncenter\" alt=\"Facebook\" src=\"https:\/\/i0.wp.com\/www.kalot.com.mx\/wp-content\/uploads\/2013\/09\/Editar-en-Facebook.jpg?resize=225%2C242\" width=\"225\" height=\"242\" \/><\/a>\u00a0Y as\u00ed aparece la <strong>caja para editar en<\/strong> <strong>Facebook<\/strong>.<\/p>\n<p style=\"text-align: center\"><a href=\"https:\/\/i0.wp.com\/www.kalot.com.mx\/wp-content\/uploads\/2013\/09\/Edicion.jpg\"><img data-recalc-dims=\"1\" decoding=\"async\" data-attachment-id=\"2502\" data-permalink=\"https:\/\/kalot.com.mx\/site\/2013\/09\/27\/editar-publicaciones-facebook\/edicion\/\" data-orig-file=\"https:\/\/i0.wp.com\/kalot.com.mx\/site\/wp-content\/uploads\/2013\/09\/Edicion.jpg?fit=509%2C95&amp;ssl=1\" data-orig-size=\"509,95\" data-comments-opened=\"1\" data-image-meta=\"{&quot;aperture&quot;:&quot;0&quot;,&quot;credit&quot;:&quot;Karenina&quot;,&quot;camera&quot;:&quot;&quot;,&quot;caption&quot;:&quot;&quot;,&quot;created_timestamp&quot;:&quot;1380299128&quot;,&quot;copyright&quot;:&quot;&quot;,&quot;focal_length&quot;:&quot;0&quot;,&quot;iso&quot;:&quot;0&quot;,&quot;shutter_speed&quot;:&quot;0&quot;,&quot;title&quot;:&quot;&quot;}\" data-image-title=\"Edici\u00f3n Facebook\" data-image-description=\"\" data-image-caption=\"\" data-large-file=\"https:\/\/i0.wp.com\/kalot.com.mx\/site\/wp-content\/uploads\/2013\/09\/Edicion.jpg?fit=509%2C95&amp;ssl=1\" class=\"size-medium wp-image-2502 aligncenter\" alt=\"Caja de editar facebook\" src=\"https:\/\/i0.wp.com\/www.kalot.com.mx\/wp-content\/uploads\/2013\/09\/Edicion-300x55.jpg?resize=300%2C55\" width=\"300\" height=\"55\" srcset=\"https:\/\/i0.wp.com\/kalot.com.mx\/site\/wp-content\/uploads\/2013\/09\/Edicion.jpg?resize=300%2C55&amp;ssl=1 300w, https:\/\/i0.wp.com\/kalot.com.mx\/site\/wp-content\/uploads\/2013\/09\/Edicion.jpg?w=509&amp;ssl=1 509w\" sizes=\"(max-width: 300px) 100vw, 300px\" \/><\/a><\/p>\n<p style=\"text-align: justify\">Si se te olvid\u00f3 etiquetar en la publicaci\u00f3n a la amiga, amigo, pariente, etc. Ya no tendr\u00e1s que recurrir a los comentarios (a menos de qu\u00e9 hayas etiquetado a mucha gente y ya no te permita) s\u00f3lo click en editar y etiquetar. Como en el ejemplo aparece <strong>Kalot<\/strong>.<\/p>\n<p style=\"text-align: justify\">Desde el punto de vista del Social Media, es una gran ayuda que \u00e9sta brindando \u00e9sta plataforma de <strong>Facebook.<\/strong> Porque si bien, en cada publicaci\u00f3n hay que estar muy atentos, siempre hay peque\u00f1os &#8220;resbalones&#8221; y ahora ya hay una oportunidad para levantarse.<\/p>\n<p style=\"text-align: justify\">Me gust\u00f3 \u00e9sta actualizaci\u00f3n, es algo que se hace de manera muy sencilla, y es \u00fatil.\u00a0Eso s\u00ed, nada de abusar y quererse pasar de listos, recuerden que\u00a0<strong>Facebook<\/strong>\u00a0todo lo sabe.<\/p>\n<p style=\"text-align: justify\">\u00bfA ustedes qu\u00e9 les parece? \u00a0\u00bfCreen que fomenta el hecho de cometer errores porque se pueden corregir? o \u00bfDa m\u00e1s confianza a la hora de publicar porque elimina la presi\u00f3n de &#8220;no tengo que equivocarme&#8221;?<\/p>\n<p style=\"text-align: justify\">Espero sus comentarios y nos seguimos leyendo.<\/p>\n<blockquote>\n<p style=\"text-align: justify\">Vivimos en un mundo en movimiento y es necesario estar teniendo cambios para seguir avanzando.<\/p>\n<\/blockquote>\n","protected":false},"excerpt":{"rendered":"Si eres \u00a0un Kalocho o Kalocha, de los que pasa gran tiempo en Facebook, te tengo una buena&hellip;\n","protected":false},"author":24,"featured_media":3101,"comment_status":"open","ping_status":"open","sticky":false,"template":"","format":"standard","meta":{"jetpack_post_was_ever_published":false,"_jetpack_newsletter_access":"","_jetpack_dont_email_post_to_subs":false,"_jetpack_newsletter_tier_id":0,"_jetpack_memberships_contains_paywalled_content":false,"_jetpack_memberships_contains_paid_content":false,"footnotes":"","jetpack_publicize_message":"\u00a1Ahora ya puedes editar tus publicaciones en #Facebook!","jetpack_publicize_feature_enabled":true,"jetpack_social_post_already_shared":true,"jetpack_social_options":{"image_generator_settings":{"template":"highway","default_image_id":0,"font":"","enabled":false},"version":2}},"categories":[],"tags":[],"class_list":{"0":"post-2500","1":"post","2":"type-post","3":"status-publish","4":"format-standard","5":"has-post-thumbnail","7":"cs-entry","8":"cs-video-wrap"},"yoast_head":"<!-- This site is optimized with the Yoast SEO plugin v27.4 - https:\/\/yoast.com\/product\/yoast-seo-wordpress\/ -->\n<title>\u00a1Ahora ya puedes editar tus publicaciones en #Facebook! - Kalot<\/title>\n<meta name=\"description\" content=\"Si eres \u00a0un Kalocho o Kalocha, de los que pasa gran tiempo en Facebook, te tengo una buena noticia. No m\u00e1s errores de dedo, adi\u00f3s errores ortogr\u00e1ficos...\" \/>\n<meta name=\"robots\" content=\"index, follow, max-snippet:-1, max-image-preview:large, max-video-preview:-1\" \/>\n<link rel=\"canonical\" href=\"https:\/\/kalot.com.mx\/site\/2013\/09\/27\/editar-publicaciones-facebook\/\" \/>\n<meta property=\"og:locale\" content=\"es_MX\" \/>\n<meta property=\"og:type\" content=\"article\" \/>\n<meta property=\"og:title\" content=\"\u00a1Ahora ya puedes editar tus publicaciones en #Facebook! - Kalot\" \/>\n<meta property=\"og:description\" content=\"Si eres \u00a0un Kalocho o Kalocha, de los que pasa gran tiempo en Facebook, te tengo una buena noticia. No m\u00e1s errores de dedo, adi\u00f3s errores ortogr\u00e1ficos...\" \/>\n<meta property=\"og:url\" content=\"https:\/\/kalot.com.mx\/site\/2013\/09\/27\/editar-publicaciones-facebook\/\" \/>\n<meta property=\"og:site_name\" content=\"Kalot\" \/>\n<meta property=\"article:publisher\" content=\"http:\/\/facebook.com\/mxkalot\" \/>\n<meta property=\"article:author\" content=\"https:\/\/www.facebook.com\/karego22\" \/>\n<meta property=\"article:published_time\" content=\"2013-09-27T23:33:56+00:00\" \/>\n<meta property=\"article:modified_time\" content=\"2013-10-15T17:58:55+00:00\" \/>\n<meta property=\"og:image\" content=\"https:\/\/i1.wp.com\/kalot.com.mx\/site\/wp-content\/uploads\/2013\/10\/facebook7.png?fit=512%2C512&ssl=1\" \/>\n\t<meta property=\"og:image:width\" content=\"512\" \/>\n\t<meta property=\"og:image:height\" content=\"512\" \/>\n\t<meta property=\"og:image:type\" content=\"image\/png\" \/>\n<meta name=\"author\" content=\"Karenina Gonzalez\" \/>\n<meta name=\"twitter:card\" content=\"summary_large_image\" \/>\n<meta name=\"twitter:creator\" content=\"@KareGo22\" \/>\n<meta name=\"twitter:site\" content=\"@kalotmx\" \/>\n<meta name=\"twitter:label1\" content=\"Escrito por\" \/>\n\t<meta name=\"twitter:data1\" content=\"Karenina Gonzalez\" \/>\n\t<meta name=\"twitter:label2\" content=\"Tiempo de lectura\" \/>\n\t<meta name=\"twitter:data2\" content=\"2 minutos\" \/>\n<!-- \/ Yoast SEO plugin. -->","yoast_head_json":{"title":"\u00a1Ahora ya puedes editar tus publicaciones en #Facebook! - Kalot","description":"Si eres \u00a0un Kalocho o Kalocha, de los que pasa gran tiempo en Facebook, te tengo una buena noticia. No m\u00e1s errores de dedo, adi\u00f3s errores ortogr\u00e1ficos...","robots":{"index":"index","follow":"follow","max-snippet":"max-snippet:-1","max-image-preview":"max-image-preview:large","max-video-preview":"max-video-preview:-1"},"canonical":"https:\/\/kalot.com.mx\/site\/2013\/09\/27\/editar-publicaciones-facebook\/","og_locale":"es_MX","og_type":"article","og_title":"\u00a1Ahora ya puedes editar tus publicaciones en #Facebook! - Kalot","og_description":"Si eres \u00a0un Kalocho o Kalocha, de los que pasa gran tiempo en Facebook, te tengo una buena noticia. No m\u00e1s errores de dedo, adi\u00f3s errores ortogr\u00e1ficos...","og_url":"https:\/\/kalot.com.mx\/site\/2013\/09\/27\/editar-publicaciones-facebook\/","og_site_name":"Kalot","article_publisher":"http:\/\/facebook.com\/mxkalot","article_author":"https:\/\/www.facebook.com\/karego22","article_published_time":"2013-09-27T23:33:56+00:00","article_modified_time":"2013-10-15T17:58:55+00:00","og_image":[{"width":512,"height":512,"url":"https:\/\/i1.wp.com\/kalot.com.mx\/site\/wp-content\/uploads\/2013\/10\/facebook7.png?fit=512%2C512&ssl=1","type":"image\/png"}],"author":"Karenina Gonzalez","twitter_card":"summary_large_image","twitter_creator":"@KareGo22","twitter_site":"@kalotmx","twitter_misc":{"Escrito por":"Karenina Gonzalez","Tiempo de lectura":"2 minutos"},"schema":{"@context":"https:\/\/schema.org","@graph":[{"@type":"Article","@id":"https:\/\/kalot.com.mx\/site\/2013\/09\/27\/editar-publicaciones-facebook\/#article","isPartOf":{"@id":"https:\/\/kalot.com.mx\/site\/2013\/09\/27\/editar-publicaciones-facebook\/"},"author":{"name":"Karenina Gonzalez","@id":"https:\/\/kalot.com.mx\/site\/#\/schema\/person\/b45fe5afd4e90f9fe3242de44c649503"},"headline":"\u00a1Ahora ya puedes editar tus publicaciones en #Facebook!","datePublished":"2013-09-27T23:33:56+00:00","dateModified":"2013-10-15T17:58:55+00:00","mainEntityOfPage":{"@id":"https:\/\/kalot.com.mx\/site\/2013\/09\/27\/editar-publicaciones-facebook\/"},"wordCount":313,"commentCount":0,"publisher":{"@id":"https:\/\/kalot.com.mx\/site\/#organization"},"image":{"@id":"https:\/\/kalot.com.mx\/site\/2013\/09\/27\/editar-publicaciones-facebook\/#primaryimage"},"thumbnailUrl":"https:\/\/i0.wp.com\/kalot.com.mx\/site\/wp-content\/uploads\/2013\/10\/facebook7.png?fit=512%2C512&ssl=1","inLanguage":"es","potentialAction":[{"@type":"CommentAction","name":"Comment","target":["https:\/\/kalot.com.mx\/site\/2013\/09\/27\/editar-publicaciones-facebook\/#respond"]}]},{"@type":"WebPage","@id":"https:\/\/kalot.com.mx\/site\/2013\/09\/27\/editar-publicaciones-facebook\/","url":"https:\/\/kalot.com.mx\/site\/2013\/09\/27\/editar-publicaciones-facebook\/","name":"\u00a1Ahora ya puedes editar tus publicaciones en #Facebook! - Kalot","isPartOf":{"@id":"https:\/\/kalot.com.mx\/site\/#website"},"primaryImageOfPage":{"@id":"https:\/\/kalot.com.mx\/site\/2013\/09\/27\/editar-publicaciones-facebook\/#primaryimage"},"image":{"@id":"https:\/\/kalot.com.mx\/site\/2013\/09\/27\/editar-publicaciones-facebook\/#primaryimage"},"thumbnailUrl":"https:\/\/i0.wp.com\/kalot.com.mx\/site\/wp-content\/uploads\/2013\/10\/facebook7.png?fit=512%2C512&ssl=1","datePublished":"2013-09-27T23:33:56+00:00","dateModified":"2013-10-15T17:58:55+00:00","description":"Si eres \u00a0un Kalocho o Kalocha, de los que pasa gran tiempo en Facebook, te tengo una buena noticia. No m\u00e1s errores de dedo, adi\u00f3s errores ortogr\u00e1ficos...","breadcrumb":{"@id":"https:\/\/kalot.com.mx\/site\/2013\/09\/27\/editar-publicaciones-facebook\/#breadcrumb"},"inLanguage":"es","potentialAction":[{"@type":"ReadAction","target":["https:\/\/kalot.com.mx\/site\/2013\/09\/27\/editar-publicaciones-facebook\/"]}]},{"@type":"ImageObject","inLanguage":"es","@id":"https:\/\/kalot.com.mx\/site\/2013\/09\/27\/editar-publicaciones-facebook\/#primaryimage","url":"https:\/\/i0.wp.com\/kalot.com.mx\/site\/wp-content\/uploads\/2013\/10\/facebook7.png?fit=512%2C512&ssl=1","contentUrl":"https:\/\/i0.wp.com\/kalot.com.mx\/site\/wp-content\/uploads\/2013\/10\/facebook7.png?fit=512%2C512&ssl=1","width":512,"height":512},{"@type":"BreadcrumbList","@id":"https:\/\/kalot.com.mx\/site\/2013\/09\/27\/editar-publicaciones-facebook\/#breadcrumb","itemListElement":[{"@type":"ListItem","position":1,"name":"Home","item":"https:\/\/kalot.com.mx\/site\/"},{"@type":"ListItem","position":2,"name":"\u00a1Ahora ya puedes editar tus publicaciones en #Facebook!"}]},{"@type":"WebSite","@id":"https:\/\/kalot.com.mx\/site\/#website","url":"https:\/\/kalot.com.mx\/site\/","name":"Kalot","description":"Conoce Todo Sobre Todo","publisher":{"@id":"https:\/\/kalot.com.mx\/site\/#organization"},"potentialAction":[{"@type":"SearchAction","target":{"@type":"EntryPoint","urlTemplate":"https:\/\/kalot.com.mx\/site\/?s={search_term_string}"},"query-input":{"@type":"PropertyValueSpecification","valueRequired":true,"valueName":"search_term_string"}}],"inLanguage":"es"},{"@type":"Organization","@id":"https:\/\/kalot.com.mx\/site\/#organization","name":"Kalot","url":"https:\/\/kalot.com.mx\/site\/","logo":{"@type":"ImageObject","inLanguage":"es","@id":"https:\/\/kalot.com.mx\/site\/#\/schema\/logo\/image\/","url":"https:\/\/i0.wp.com\/kalot.com.mx\/site\/wp-content\/uploads\/2020\/04\/Kalot-logo-sin-tagline.png?fit=1707%2C1014&ssl=1","contentUrl":"https:\/\/i0.wp.com\/kalot.com.mx\/site\/wp-content\/uploads\/2020\/04\/Kalot-logo-sin-tagline.png?fit=1707%2C1014&ssl=1","width":1707,"height":1014,"caption":"Kalot"},"image":{"@id":"https:\/\/kalot.com.mx\/site\/#\/schema\/logo\/image\/"},"sameAs":["http:\/\/facebook.com\/mxkalot","https:\/\/x.com\/kalotmx","http:\/\/instagram.com\/kalotmx","http:\/\/pinterest.com\/jorgeerana\/kalot"]},{"@type":"Person","@id":"https:\/\/kalot.com.mx\/site\/#\/schema\/person\/b45fe5afd4e90f9fe3242de44c649503","name":"Karenina Gonzalez","image":{"@type":"ImageObject","inLanguage":"es","@id":"https:\/\/secure.gravatar.com\/avatar\/1fdfbd0d759c4d5450db9d6931e246032892bcbe453b949a88d38f29095c0fb7?s=96&d=mm&r=g","url":"https:\/\/secure.gravatar.com\/avatar\/1fdfbd0d759c4d5450db9d6931e246032892bcbe453b949a88d38f29095c0fb7?s=96&d=mm&r=g","contentUrl":"https:\/\/secure.gravatar.com\/avatar\/1fdfbd0d759c4d5450db9d6931e246032892bcbe453b949a88d38f29095c0fb7?s=96&d=mm&r=g","caption":"Karenina Gonzalez"},"description":"Soy una loca marketera, colaboradora en la #RevistaMarketiin y en los blogs #MktLovers, #EspaciosBlog y #BlogMarketiin. Ahora formando parte de @KalotMx. El caf\u00e9 y las redes sociales son mi adicci\u00f3n.","sameAs":["http:\/\/www.mktlovers.wordpress.com","https:\/\/www.facebook.com\/karego22","https:\/\/x.com\/KareGo22"],"url":"https:\/\/kalot.com.mx\/site\/author\/kare\/"}]}},"jetpack_publicize_connections":[],"jetpack_featured_media_url":"https:\/\/i0.wp.com\/kalot.com.mx\/site\/wp-content\/uploads\/2013\/10\/facebook7.png?fit=512%2C512&ssl=1","jetpack_shortlink":"https:\/\/wp.me\/p6IHEI-Ek","jetpack-related-posts":[{"id":24529,"url":"https:\/\/kalot.com.mx\/site\/2015\/12\/14\/postcron-la-mejor-herramienta-para-gestionar-redes-sociales\/","url_meta":{"origin":2500,"position":0},"title":"Postcron: M\u00e1s que una Herramienta","author":"yash","date":"14 diciembre, 2015","format":false,"excerpt":"Gestionar redes sociales no es una tarea f\u00e1cil, siempre tienes que estar conectado y no puedes dejar escapara ning\u00fan detalle por m\u00ednimo que este sea. Al momento en el que aceptas llevar las cuentas de Twitter y Facebook de alguna empresa o de alg\u00fan sitio web, sabes que el compromiso\u2026","rel":"","context":"En &quot;Marketing&quot;","block_context":{"text":"Marketing","link":"https:\/\/kalot.com.mx\/site\/category\/marketing\/"},"img":{"alt_text":"","src":"https:\/\/i0.wp.com\/kalot.com.mx\/site\/wp-content\/uploads\/2015\/12\/shared-logo.png?fit=1024%2C1024&ssl=1&resize=350%2C200","width":350,"height":200,"srcset":"https:\/\/i0.wp.com\/kalot.com.mx\/site\/wp-content\/uploads\/2015\/12\/shared-logo.png?fit=1024%2C1024&ssl=1&resize=350%2C200 1x, https:\/\/i0.wp.com\/kalot.com.mx\/site\/wp-content\/uploads\/2015\/12\/shared-logo.png?fit=1024%2C1024&ssl=1&resize=525%2C300 1.5x, https:\/\/i0.wp.com\/kalot.com.mx\/site\/wp-content\/uploads\/2015\/12\/shared-logo.png?fit=1024%2C1024&ssl=1&resize=700%2C400 2x"},"classes":[]},{"id":22032,"url":"https:\/\/kalot.com.mx\/site\/2015\/06\/29\/10-apps-que-debes-tener-en-el-apple-watch\/","url_meta":{"origin":2500,"position":1},"title":"10 apps que debes tener en el Apple Watch","author":"Monica Prieto","date":"29 junio, 2015","format":false,"excerpt":"Sin duda, el tan codiciado reloj de la marca de la manzana es uno de los temas del momento, y si t\u00fa eres uno de los afortunados poseedores de un Apple Watch o piensas adquirirlo, aseg\u00farate de tener las aplicaciones m\u00e1s \u00fatiles para sacar el mayor provecho de este gadget.\u2026","rel":"","context":"En &quot;Tecnolog\u00eda&quot;","block_context":{"text":"Tecnolog\u00eda","link":"https:\/\/kalot.com.mx\/site\/category\/tecnologia\/"},"img":{"alt_text":"","src":"https:\/\/i0.wp.com\/kalot.com.mx\/site\/wp-content\/uploads\/2015\/06\/yeahP9090002.jpg?fit=960%2C640&ssl=1&resize=350%2C200","width":350,"height":200,"srcset":"https:\/\/i0.wp.com\/kalot.com.mx\/site\/wp-content\/uploads\/2015\/06\/yeahP9090002.jpg?fit=960%2C640&ssl=1&resize=350%2C200 1x, https:\/\/i0.wp.com\/kalot.com.mx\/site\/wp-content\/uploads\/2015\/06\/yeahP9090002.jpg?fit=960%2C640&ssl=1&resize=525%2C300 1.5x, https:\/\/i0.wp.com\/kalot.com.mx\/site\/wp-content\/uploads\/2015\/06\/yeahP9090002.jpg?fit=960%2C640&ssl=1&resize=700%2C400 2x"},"classes":[]},{"id":18959,"url":"https:\/\/kalot.com.mx\/site\/2014\/10\/27\/sobreviviendo-al-mundo-laboral\/","url_meta":{"origin":2500,"position":2},"title":"Sobreviviendo al Mundo Laboral","author":"Adrian Aldana","date":"27 octubre, 2014","format":false,"excerpt":"\u00a1Hola a todos! Espero tengan un excelente d\u00eda y un gran inicio de semana, en esta ocasi\u00f3n les quiero compartir algunos tips que he aprendido en mi vida laboral, mi experiencia ha sido en 2 trabajos principales en el primero dur\u00e9 5 a\u00f1os y en el segundo estoy por cumplir\u2026","rel":"","context":"Entrada similar ","block_context":{"text":"Entrada similar ","link":""},"img":{"alt_text":"","src":"https:\/\/i0.wp.com\/kalot.com.mx\/site\/wp-content\/uploads\/2014\/10\/Inspiration-for-innovation-Connecting-senior-execs-with-best-in-class-innovators-creates-excellent-breeding-ground-for-innovative-idea-generatio_strict_xxl.jpg?fit=610%2C343&ssl=1&resize=350%2C200","width":350,"height":200,"srcset":"https:\/\/i0.wp.com\/kalot.com.mx\/site\/wp-content\/uploads\/2014\/10\/Inspiration-for-innovation-Connecting-senior-execs-with-best-in-class-innovators-creates-excellent-breeding-ground-for-innovative-idea-generatio_strict_xxl.jpg?fit=610%2C343&ssl=1&resize=350%2C200 1x, https:\/\/i0.wp.com\/kalot.com.mx\/site\/wp-content\/uploads\/2014\/10\/Inspiration-for-innovation-Connecting-senior-execs-with-best-in-class-innovators-creates-excellent-breeding-ground-for-innovative-idea-generatio_strict_xxl.jpg?fit=610%2C343&ssl=1&resize=525%2C300 1.5x"},"classes":[]},{"id":525,"url":"https:\/\/kalot.com.mx\/site\/2013\/09\/04\/10-herramientas-must-have-para-community-managers\/","url_meta":{"origin":2500,"position":3},"title":"10 Herramientas &#8220;must have&#8221; para community managers","author":"Rudy Marin","date":"4 septiembre, 2013","format":false,"excerpt":"La tarea del community no es nada sencilla. Para muchas personas es \"solo publicar\" en la fanpage y listo. Un buen estratega digital sabe que el \"creador de contenidos\" es la clave para atraer la atenci\u00f3n del consumidor y lograr un v\u00ednculo entre \u00e9l y la marca. Desde mi punto\u2026","rel":"","context":"Con 1 comentario","block_context":{"text":"Con 1 comentario","link":"https:\/\/kalot.com.mx\/site\/2013\/09\/04\/10-herramientas-must-have-para-community-managers\/#comments"},"img":{"alt_text":"","src":"https:\/\/i0.wp.com\/kalot.com.mx\/site\/wp-content\/uploads\/2013\/09\/cm-tools.png?fit=588%2C240&ssl=1&resize=350%2C200","width":350,"height":200,"srcset":"https:\/\/i0.wp.com\/kalot.com.mx\/site\/wp-content\/uploads\/2013\/09\/cm-tools.png?fit=588%2C240&ssl=1&resize=350%2C200 1x, https:\/\/i0.wp.com\/kalot.com.mx\/site\/wp-content\/uploads\/2013\/09\/cm-tools.png?fit=588%2C240&ssl=1&resize=525%2C300 1.5x"},"classes":[]},{"id":6276,"url":"https:\/\/kalot.com.mx\/site\/2013\/11\/10\/una-app-para-bloquear-a-tu-ex\/","url_meta":{"origin":2500,"position":4},"title":"Una app para bloquear a tu ex","author":"Rom\u00e1n Salgado","date":"10 noviembre, 2013","format":false,"excerpt":"Por fin, un aliado m\u00f3vil\u00a0a la hora de evitar esos inc\u00f3modos momentos donde olvidas tu dignidad. \u00bfAcabas de terminar una relaci\u00f3n? Es dif\u00edcil, \u00bfno? Sobre todo la tentaci\u00f3n de volver a llamarla. Es por esto que una marca de refresco en Brasil, Guaran\u00e1 Antarctica, cre\u00f3 una divertida aplicaci\u00f3n que te\u2026","rel":"","context":"Entrada similar ","block_context":{"text":"Entrada similar ","link":""},"img":{"alt_text":"","src":"","width":0,"height":0},"classes":[]},{"id":3846,"url":"https:\/\/kalot.com.mx\/site\/2013\/10\/12\/ingles-gratis-duolingo\/","url_meta":{"origin":2500,"position":5},"title":"Aprende ingl\u00e9s y otros idiomas gratis con @duolingo #app","author":"Karenina Gonzalez","date":"12 octubre, 2013","format":false,"excerpt":"\u00a1Hola Kaloch@s! \u00bfAlguna vez han escuchado que el ingl\u00e9s es el idioma universal? Y en los negocios mucho m\u00e1s.\u00a0Pues bien, el ingl\u00e9s se tiene que convertir en nuestra segunda lengua.\u00a0\u00a1Si ya la hablas, felicidades! Puedes aprender m\u00e1s idiomas, con \u00e9sta aplicaci\u00f3n. Si no y eres de los que nom\u00e1s no\u2026","rel":"","context":"Con 2 comentarios","block_context":{"text":"Con 2 comentarios","link":"https:\/\/kalot.com.mx\/site\/2013\/10\/12\/ingles-gratis-duolingo\/#comments"},"img":{"alt_text":"Aprende ingl\u00e9s con duolingo. #app @KalotMx","src":"https:\/\/i0.wp.com\/kalot.com.mx\/site\/wp-content\/uploads\/2013\/10\/duolingo.jpg?fit=756%2C567&ssl=1&resize=350%2C200","width":350,"height":200,"srcset":"https:\/\/i0.wp.com\/kalot.com.mx\/site\/wp-content\/uploads\/2013\/10\/duolingo.jpg?fit=756%2C567&ssl=1&resize=350%2C200 1x, https:\/\/i0.wp.com\/kalot.com.mx\/site\/wp-content\/uploads\/2013\/10\/duolingo.jpg?fit=756%2C567&ssl=1&resize=525%2C300 1.5x, https:\/\/i0.wp.com\/kalot.com.mx\/site\/wp-content\/uploads\/2013\/10\/duolingo.jpg?fit=756%2C567&ssl=1&resize=700%2C400 2x"},"classes":[]}],"jetpack_sharing_enabled":true,"_links":{"self":[{"href":"https:\/\/kalot.com.mx\/site\/wp-json\/wp\/v2\/posts\/2500","targetHints":{"allow":["GET"]}}],"collection":[{"href":"https:\/\/kalot.com.mx\/site\/wp-json\/wp\/v2\/posts"}],"about":[{"href":"https:\/\/kalot.com.mx\/site\/wp-json\/wp\/v2\/types\/post"}],"author":[{"embeddable":true,"href":"https:\/\/kalot.com.mx\/site\/wp-json\/wp\/v2\/users\/24"}],"replies":[{"embeddable":true,"href":"https:\/\/kalot.com.mx\/site\/wp-json\/wp\/v2\/comments?post=2500"}],"version-history":[{"count":0,"href":"https:\/\/kalot.com.mx\/site\/wp-json\/wp\/v2\/posts\/2500\/revisions"}],"wp:featuredmedia":[{"embeddable":true,"href":"https:\/\/kalot.com.mx\/site\/wp-json\/wp\/v2\/media\/3101"}],"wp:attachment":[{"href":"https:\/\/kalot.com.mx\/site\/wp-json\/wp\/v2\/media?parent=2500"}],"wp:term":[{"taxonomy":"category","embeddable":true,"href":"https:\/\/kalot.com.mx\/site\/wp-json\/wp\/v2\/categories?post=2500"},{"taxonomy":"post_tag","embeddable":true,"href":"https:\/\/kalot.com.mx\/site\/wp-json\/wp\/v2\/tags?post=2500"}],"curies":[{"name":"wp","href":"https:\/\/api.w.org\/{rel}","templated":true}]}}