{"id":2473,"date":"2013-09-27T12:45:44","date_gmt":"2013-09-27T17:45:44","guid":{"rendered":"http:\/\/www.kalot.com.mx\/?p=2473"},"modified":"2017-12-20T15:55:50","modified_gmt":"2017-12-20T21:55:50","slug":"killers-estrena-video-para-shot-night","status":"publish","type":"post","link":"https:\/\/kalot.com.mx\/site\/2013\/09\/27\/killers-estrena-video-para-shot-night\/","title":{"rendered":"The Killers estrena video para &#8220;Shot At The Night&#8221;"},"content":{"rendered":"<p>Los oriundos de<strong> Las Vegas, Nevada<\/strong> acaba de estrenar su nuevo video titulado &#8220;<strong>Shot At The Night<\/strong>&#8221; que se desprende de su nuevo material discogr\u00e1fico recopilatorio titulado &#8220;<strong>Direct Hits<\/strong>&#8221; que hace un repaso por los 10 a\u00f1os musicales de la banda.<\/p>\n<p><img decoding=\"async\" data-attachment-id=\"2477\" data-permalink=\"https:\/\/kalot.com.mx\/site\/2013\/09\/27\/killers-estrena-video-para-shot-night\/9cf7e8dde5a932463f17305feb724974\/\" data-orig-file=\"https:\/\/i0.wp.com\/kalot.com.mx\/site\/wp-content\/uploads\/2013\/09\/9cf7e8dde5a932463f17305feb724974.png?fit=609%2C344&amp;ssl=1\" data-orig-size=\"609,344\" data-comments-opened=\"1\" data-image-meta=\"{&quot;aperture&quot;:&quot;0&quot;,&quot;credit&quot;:&quot;&quot;,&quot;camera&quot;:&quot;&quot;,&quot;caption&quot;:&quot;&quot;,&quot;created_timestamp&quot;:&quot;0&quot;,&quot;copyright&quot;:&quot;&quot;,&quot;focal_length&quot;:&quot;0&quot;,&quot;iso&quot;:&quot;0&quot;,&quot;shutter_speed&quot;:&quot;0&quot;,&quot;title&quot;:&quot;&quot;}\" data-image-title=\"9cf7e8dde5a932463f17305feb724974\" data-image-description=\"\" data-image-caption=\"\" data-large-file=\"https:\/\/i0.wp.com\/kalot.com.mx\/site\/wp-content\/uploads\/2013\/09\/9cf7e8dde5a932463f17305feb724974.png?fit=609%2C344&amp;ssl=1\" class=\"aligncenter size-full wp-image-2477\" alt=\"9cf7e8dde5a932463f17305feb724974\" src=\"https:\/\/i2.wp.com\/kalot.com.mx\/site\/wp-content\/uploads\/2013\/08\/20130830-190327.jpg?fit=113%2C150&#038;ssl=1\" width=\"113\" height=\"150\" \/><\/p>\n<p style=\"text-align: justify;\">El tema es uno de las 2 nuevas composiciones que vendr\u00e1n incluidos en el &#8220;nuevo&#8221; \u00e1lbum que estar\u00e1 disponible a partir del <strong>11 de noviembre<\/strong> en formato f\u00edsico y digital. <strong>Shot At The Night<\/strong> es producida por<strong> Anthony Gonz\u00e1lez de M83<\/strong>, por lo cu\u00e1l el tema tiene cierto tipo de influencias musicales propias de su banda.<\/p>\n<p><strong>Aqu\u00ed el video para Shot &#8220;At The Night&#8221;<\/strong>:<\/p>\n<p><span class=\"embed-youtube\" style=\"text-align:center; display: block;\"><iframe class=\"youtube-player\" width=\"1200\" height=\"675\" src=\"https:\/\/www.youtube.com\/embed\/X4YK-DEkvcw?version=3&#038;rel=1&#038;showsearch=0&#038;showinfo=1&#038;iv_load_policy=1&#038;fs=1&#038;hl=es-MX&#038;autohide=2&#038;wmode=transparent\" allowfullscreen=\"true\" style=\"border:0;\" sandbox=\"allow-scripts allow-same-origin allow-popups allow-presentation allow-popups-to-escape-sandbox\"><\/iframe><\/span><\/p>\n<p><strong>\u00bfC\u00f3mo lo ven kalochas y kalochos? \u00bfLes gust\u00f3 la canci\u00f3n y el video?<\/strong> Nos leemos pronto<\/p>\n","protected":false},"excerpt":{"rendered":"Los oriundos de Las Vegas, Nevada acaba de estrenar su nuevo video titulado &#8220;Shot At The Night&#8221; que&hellip;\n","protected":false},"author":18,"featured_media":2479,"comment_status":"open","ping_status":"open","sticky":false,"template":"","format":"standard","meta":{"jetpack_post_was_ever_published":false,"_jetpack_newsletter_access":"","_jetpack_dont_email_post_to_subs":false,"_jetpack_newsletter_tier_id":0,"_jetpack_memberships_contains_paywalled_content":false,"_jetpack_memberships_contains_paid_content":false,"footnotes":"","jetpack_publicize_message":"","jetpack_publicize_feature_enabled":true,"jetpack_social_post_already_shared":true,"jetpack_social_options":{"image_generator_settings":{"template":"highway","default_image_id":0,"font":"","enabled":false},"version":2}},"categories":[1],"tags":[],"class_list":{"0":"post-2473","1":"post","2":"type-post","3":"status-publish","4":"format-standard","5":"has-post-thumbnail","7":"category-sin-categoria","8":"cs-entry","9":"cs-video-wrap"},"yoast_head":"<!-- This site is optimized with the Yoast SEO plugin v27.4 - https:\/\/yoast.com\/product\/yoast-seo-wordpress\/ -->\n<title>The Killers estrena video para &quot;Shot At The Night&quot; - Kalot<\/title>\n<meta name=\"description\" content=\"Los oriundos de Las Vegas, Nevada acaba de estrenar su nuevo video titulado &quot;Shot At The Night&quot; que se desprende de su nuevo material discogr\u00e1fico\" \/>\n<meta name=\"robots\" content=\"index, follow, max-snippet:-1, max-image-preview:large, max-video-preview:-1\" \/>\n<link rel=\"canonical\" href=\"https:\/\/kalot.com.mx\/site\/2013\/09\/27\/killers-estrena-video-para-shot-night\/\" \/>\n<meta property=\"og:locale\" content=\"es_MX\" \/>\n<meta property=\"og:type\" content=\"article\" \/>\n<meta property=\"og:title\" content=\"The Killers estrena video para &quot;Shot At The Night&quot; - Kalot\" \/>\n<meta property=\"og:description\" content=\"Los oriundos de Las Vegas, Nevada acaba de estrenar su nuevo video titulado &quot;Shot At The Night&quot; que se desprende de su nuevo material discogr\u00e1fico\" \/>\n<meta property=\"og:url\" content=\"https:\/\/kalot.com.mx\/site\/2013\/09\/27\/killers-estrena-video-para-shot-night\/\" \/>\n<meta property=\"og:site_name\" content=\"Kalot\" \/>\n<meta property=\"article:publisher\" content=\"http:\/\/facebook.com\/mxkalot\" \/>\n<meta property=\"article:author\" content=\"https:\/\/www.facebook.com\/don.capu\" \/>\n<meta property=\"article:published_time\" content=\"2013-09-27T17:45:44+00:00\" \/>\n<meta property=\"article:modified_time\" content=\"2017-12-20T21:55:50+00:00\" \/>\n<meta property=\"og:image\" content=\"https:\/\/i0.wp.com\/kalot.com.mx\/site\/wp-content\/uploads\/2013\/09\/killetrs-600x400.jpg?fit=600%2C400&ssl=1\" \/>\n\t<meta property=\"og:image:width\" content=\"600\" \/>\n\t<meta property=\"og:image:height\" content=\"400\" \/>\n\t<meta property=\"og:image:type\" content=\"image\/jpeg\" \/>\n<meta name=\"author\" content=\"Omar Herrera\" \/>\n<meta name=\"twitter:card\" content=\"summary_large_image\" \/>\n<meta name=\"twitter:creator\" content=\"@thedoncapu\" \/>\n<meta name=\"twitter:site\" content=\"@kalotmx\" \/>\n<meta name=\"twitter:label1\" content=\"Escrito por\" \/>\n\t<meta name=\"twitter:data1\" content=\"Omar Herrera\" \/>\n\t<meta name=\"twitter:label2\" content=\"Tiempo de lectura\" \/>\n\t<meta name=\"twitter:data2\" content=\"1 minuto\" \/>\n<!-- \/ Yoast SEO plugin. -->","yoast_head_json":{"title":"The Killers estrena video para \"Shot At The Night\" - Kalot","description":"Los oriundos de Las Vegas, Nevada acaba de estrenar su nuevo video titulado \"Shot At The Night\" que se desprende de su nuevo material discogr\u00e1fico","robots":{"index":"index","follow":"follow","max-snippet":"max-snippet:-1","max-image-preview":"max-image-preview:large","max-video-preview":"max-video-preview:-1"},"canonical":"https:\/\/kalot.com.mx\/site\/2013\/09\/27\/killers-estrena-video-para-shot-night\/","og_locale":"es_MX","og_type":"article","og_title":"The Killers estrena video para \"Shot At The Night\" - Kalot","og_description":"Los oriundos de Las Vegas, Nevada acaba de estrenar su nuevo video titulado \"Shot At The Night\" que se desprende de su nuevo material discogr\u00e1fico","og_url":"https:\/\/kalot.com.mx\/site\/2013\/09\/27\/killers-estrena-video-para-shot-night\/","og_site_name":"Kalot","article_publisher":"http:\/\/facebook.com\/mxkalot","article_author":"https:\/\/www.facebook.com\/don.capu","article_published_time":"2013-09-27T17:45:44+00:00","article_modified_time":"2017-12-20T21:55:50+00:00","og_image":[{"width":600,"height":400,"url":"https:\/\/i0.wp.com\/kalot.com.mx\/site\/wp-content\/uploads\/2013\/09\/killetrs-600x400.jpg?fit=600%2C400&ssl=1","type":"image\/jpeg"}],"author":"Omar Herrera","twitter_card":"summary_large_image","twitter_creator":"@thedoncapu","twitter_site":"@kalotmx","twitter_misc":{"Escrito por":"Omar Herrera","Tiempo de lectura":"1 minuto"},"schema":{"@context":"https:\/\/schema.org","@graph":[{"@type":"Article","@id":"https:\/\/kalot.com.mx\/site\/2013\/09\/27\/killers-estrena-video-para-shot-night\/#article","isPartOf":{"@id":"https:\/\/kalot.com.mx\/site\/2013\/09\/27\/killers-estrena-video-para-shot-night\/"},"author":{"name":"Omar Herrera","@id":"https:\/\/kalot.com.mx\/site\/#\/schema\/person\/1bf32c47ee15104d1e824350c07ac220"},"headline":"The Killers estrena video para &#8220;Shot At The Night&#8221;","datePublished":"2013-09-27T17:45:44+00:00","dateModified":"2017-12-20T21:55:50+00:00","mainEntityOfPage":{"@id":"https:\/\/kalot.com.mx\/site\/2013\/09\/27\/killers-estrena-video-para-shot-night\/"},"wordCount":143,"commentCount":0,"publisher":{"@id":"https:\/\/kalot.com.mx\/site\/#organization"},"image":{"@id":"https:\/\/kalot.com.mx\/site\/2013\/09\/27\/killers-estrena-video-para-shot-night\/#primaryimage"},"thumbnailUrl":"https:\/\/i0.wp.com\/kalot.com.mx\/site\/wp-content\/uploads\/2013\/09\/killetrs-600x400.jpg?fit=600%2C400&ssl=1","inLanguage":"es","potentialAction":[{"@type":"CommentAction","name":"Comment","target":["https:\/\/kalot.com.mx\/site\/2013\/09\/27\/killers-estrena-video-para-shot-night\/#respond"]}]},{"@type":"WebPage","@id":"https:\/\/kalot.com.mx\/site\/2013\/09\/27\/killers-estrena-video-para-shot-night\/","url":"https:\/\/kalot.com.mx\/site\/2013\/09\/27\/killers-estrena-video-para-shot-night\/","name":"The Killers estrena video para \"Shot At The Night\" - Kalot","isPartOf":{"@id":"https:\/\/kalot.com.mx\/site\/#website"},"primaryImageOfPage":{"@id":"https:\/\/kalot.com.mx\/site\/2013\/09\/27\/killers-estrena-video-para-shot-night\/#primaryimage"},"image":{"@id":"https:\/\/kalot.com.mx\/site\/2013\/09\/27\/killers-estrena-video-para-shot-night\/#primaryimage"},"thumbnailUrl":"https:\/\/i0.wp.com\/kalot.com.mx\/site\/wp-content\/uploads\/2013\/09\/killetrs-600x400.jpg?fit=600%2C400&ssl=1","datePublished":"2013-09-27T17:45:44+00:00","dateModified":"2017-12-20T21:55:50+00:00","description":"Los oriundos de Las Vegas, Nevada acaba de estrenar su nuevo video titulado \"Shot At The Night\" que se desprende de su nuevo material discogr\u00e1fico","breadcrumb":{"@id":"https:\/\/kalot.com.mx\/site\/2013\/09\/27\/killers-estrena-video-para-shot-night\/#breadcrumb"},"inLanguage":"es","potentialAction":[{"@type":"ReadAction","target":["https:\/\/kalot.com.mx\/site\/2013\/09\/27\/killers-estrena-video-para-shot-night\/"]}]},{"@type":"ImageObject","inLanguage":"es","@id":"https:\/\/kalot.com.mx\/site\/2013\/09\/27\/killers-estrena-video-para-shot-night\/#primaryimage","url":"https:\/\/i0.wp.com\/kalot.com.mx\/site\/wp-content\/uploads\/2013\/09\/killetrs-600x400.jpg?fit=600%2C400&ssl=1","contentUrl":"https:\/\/i0.wp.com\/kalot.com.mx\/site\/wp-content\/uploads\/2013\/09\/killetrs-600x400.jpg?fit=600%2C400&ssl=1","width":600,"height":400},{"@type":"BreadcrumbList","@id":"https:\/\/kalot.com.mx\/site\/2013\/09\/27\/killers-estrena-video-para-shot-night\/#breadcrumb","itemListElement":[{"@type":"ListItem","position":1,"name":"Home","item":"https:\/\/kalot.com.mx\/site\/"},{"@type":"ListItem","position":2,"name":"The Killers estrena video para &#8220;Shot At The Night&#8221;"}]},{"@type":"WebSite","@id":"https:\/\/kalot.com.mx\/site\/#website","url":"https:\/\/kalot.com.mx\/site\/","name":"Kalot","description":"Conoce Todo Sobre Todo","publisher":{"@id":"https:\/\/kalot.com.mx\/site\/#organization"},"potentialAction":[{"@type":"SearchAction","target":{"@type":"EntryPoint","urlTemplate":"https:\/\/kalot.com.mx\/site\/?s={search_term_string}"},"query-input":{"@type":"PropertyValueSpecification","valueRequired":true,"valueName":"search_term_string"}}],"inLanguage":"es"},{"@type":"Organization","@id":"https:\/\/kalot.com.mx\/site\/#organization","name":"Kalot","url":"https:\/\/kalot.com.mx\/site\/","logo":{"@type":"ImageObject","inLanguage":"es","@id":"https:\/\/kalot.com.mx\/site\/#\/schema\/logo\/image\/","url":"https:\/\/i0.wp.com\/kalot.com.mx\/site\/wp-content\/uploads\/2020\/04\/Kalot-logo-sin-tagline.png?fit=1707%2C1014&ssl=1","contentUrl":"https:\/\/i0.wp.com\/kalot.com.mx\/site\/wp-content\/uploads\/2020\/04\/Kalot-logo-sin-tagline.png?fit=1707%2C1014&ssl=1","width":1707,"height":1014,"caption":"Kalot"},"image":{"@id":"https:\/\/kalot.com.mx\/site\/#\/schema\/logo\/image\/"},"sameAs":["http:\/\/facebook.com\/mxkalot","https:\/\/x.com\/kalotmx","http:\/\/instagram.com\/kalotmx","http:\/\/pinterest.com\/jorgeerana\/kalot"]},{"@type":"Person","@id":"https:\/\/kalot.com.mx\/site\/#\/schema\/person\/1bf32c47ee15104d1e824350c07ac220","name":"Omar Herrera","image":{"@type":"ImageObject","inLanguage":"es","@id":"https:\/\/secure.gravatar.com\/avatar\/ae84de016d43d093bed40799c6d19430bc23d65401e1d68c9afab71da0688278?s=96&d=mm&r=g","url":"https:\/\/secure.gravatar.com\/avatar\/ae84de016d43d093bed40799c6d19430bc23d65401e1d68c9afab71da0688278?s=96&d=mm&r=g","contentUrl":"https:\/\/secure.gravatar.com\/avatar\/ae84de016d43d093bed40799c6d19430bc23d65401e1d68c9afab71da0688278?s=96&d=mm&r=g","caption":"Omar Herrera"},"description":"Si mi vida se resumiera en una pel\u00edcula, ser\u00eda en una dirigida por Woody Allen. Licenciado en Ciencias y T\u00e9cnicas de la Comunicaci\u00f3n.","sameAs":["http:\/\/www.linkedin.com\/pub\/omar-vargas-herrera\/8a\/792\/288","https:\/\/www.facebook.com\/don.capu","https:\/\/x.com\/thedoncapu"],"url":"https:\/\/kalot.com.mx\/site\/author\/doncapu\/"}]}},"jetpack_publicize_connections":[],"jetpack_featured_media_url":"https:\/\/i0.wp.com\/kalot.com.mx\/site\/wp-content\/uploads\/2013\/09\/killetrs-600x400.jpg?fit=600%2C400&ssl=1","jetpack_shortlink":"https:\/\/wp.me\/p6IHEI-DT","jetpack-related-posts":[{"id":9511,"url":"https:\/\/kalot.com.mx\/site\/2014\/01\/13\/foster-people-estrena-coming-age-video\/","url_meta":{"origin":2473,"position":0},"title":"Foster the People estrena &#8220;Coming Of Age&#8221; [VIDEO]","author":"Omar Herrera","date":"13 enero, 2014","format":false,"excerpt":"Los oriundos de California mejor conocidos como Foster the People han regresado a la escena musical con nuevo material, nuevo video y nuevo sencillo de lo que es apenas su segundo disco de estudio titulado \u201cSupermodel\u201d y que ver\u00e1 la luz el pr\u00f3ximo 18 de marzo en formato f\u00edsico as\u00ed\u2026","rel":"","context":"En &quot;Sin categor\u00eda&quot;","block_context":{"text":"Sin categor\u00eda","link":"https:\/\/kalot.com.mx\/site\/category\/sin-categoria\/"},"img":{"alt_text":"","src":"https:\/\/i0.wp.com\/kalot.com.mx\/site\/wp-content\/uploads\/2014\/01\/tumblr_mzcggohAYA1rxwmvbo1_1280.jpg?fit=1200%2C1200&ssl=1&resize=350%2C200","width":350,"height":200,"srcset":"https:\/\/i0.wp.com\/kalot.com.mx\/site\/wp-content\/uploads\/2014\/01\/tumblr_mzcggohAYA1rxwmvbo1_1280.jpg?fit=1200%2C1200&ssl=1&resize=350%2C200 1x, https:\/\/i0.wp.com\/kalot.com.mx\/site\/wp-content\/uploads\/2014\/01\/tumblr_mzcggohAYA1rxwmvbo1_1280.jpg?fit=1200%2C1200&ssl=1&resize=525%2C300 1.5x, https:\/\/i0.wp.com\/kalot.com.mx\/site\/wp-content\/uploads\/2014\/01\/tumblr_mzcggohAYA1rxwmvbo1_1280.jpg?fit=1200%2C1200&ssl=1&resize=700%2C400 2x, https:\/\/i0.wp.com\/kalot.com.mx\/site\/wp-content\/uploads\/2014\/01\/tumblr_mzcggohAYA1rxwmvbo1_1280.jpg?fit=1200%2C1200&ssl=1&resize=1050%2C600 3x"},"classes":[]},{"id":18963,"url":"https:\/\/kalot.com.mx\/site\/2014\/10\/27\/chequen-el-nuevo-y-genial-video-de-ok-go\/","url_meta":{"origin":2473,"position":1},"title":"Chequen el nuevo y genial video de OK Go","author":"Omar Herrera","date":"27 octubre, 2014","format":false,"excerpt":"Cada que OK Go lanzan alg\u00fan video \u00e9ste ser\u00e1 noticia, en parte gracias a la gran creatividad de la banda y la cu\u00e1l se refleja en cada una de sus producciones. \u00c9sta no es la excepci\u00f3n. El segundo sencillo tiene por nombre \u201cI Won\u2019t Let You Down\u201d que se desprende\u2026","rel":"","context":"Entrada similar ","block_context":{"text":"Entrada similar ","link":""},"img":{"alt_text":"","src":"https:\/\/i0.wp.com\/kalot.com.mx\/site\/wp-content\/uploads\/2014\/10\/okgo-wontletyoudown-video.png?fit=608%2C339&ssl=1&resize=350%2C200","width":350,"height":200,"srcset":"https:\/\/i0.wp.com\/kalot.com.mx\/site\/wp-content\/uploads\/2014\/10\/okgo-wontletyoudown-video.png?fit=608%2C339&ssl=1&resize=350%2C200 1x, https:\/\/i0.wp.com\/kalot.com.mx\/site\/wp-content\/uploads\/2014\/10\/okgo-wontletyoudown-video.png?fit=608%2C339&ssl=1&resize=525%2C300 1.5x"},"classes":[]},{"id":2569,"url":"https:\/\/kalot.com.mx\/site\/2013\/09\/29\/arcade-fire-estrena-musica-en-saturday-night-live\/","url_meta":{"origin":2473,"position":2},"title":"Arcade Fire estrena m\u00fasica en Saturday Night Live","author":"Omar Herrera","date":"29 septiembre, 2013","format":false,"excerpt":"La noche del s\u00e1bado estuvo engalanada en la televisi\u00f3n norteamericana con la premier de la temporada n\u00famero 39 en la historia de uno de los mejores shows de comedia en la historia de la televisi\u00f3n, estamos hablando de Saturday Night Live. El show cont\u00f3 con la presencia de invitados especiales\u2026","rel":"","context":"Entrada similar ","block_context":{"text":"Entrada similar ","link":""},"img":{"alt_text":"","src":"https:\/\/i0.wp.com\/kalot.com.mx\/site\/wp-content\/uploads\/2013\/09\/o-ARCADE-FIRE-facebook.jpg?fit=1200%2C600&ssl=1&resize=350%2C200","width":350,"height":200,"srcset":"https:\/\/i0.wp.com\/kalot.com.mx\/site\/wp-content\/uploads\/2013\/09\/o-ARCADE-FIRE-facebook.jpg?fit=1200%2C600&ssl=1&resize=350%2C200 1x, https:\/\/i0.wp.com\/kalot.com.mx\/site\/wp-content\/uploads\/2013\/09\/o-ARCADE-FIRE-facebook.jpg?fit=1200%2C600&ssl=1&resize=525%2C300 1.5x, https:\/\/i0.wp.com\/kalot.com.mx\/site\/wp-content\/uploads\/2013\/09\/o-ARCADE-FIRE-facebook.jpg?fit=1200%2C600&ssl=1&resize=700%2C400 2x, https:\/\/i0.wp.com\/kalot.com.mx\/site\/wp-content\/uploads\/2013\/09\/o-ARCADE-FIRE-facebook.jpg?fit=1200%2C600&ssl=1&resize=1050%2C600 3x"},"classes":[]},{"id":20443,"url":"https:\/\/kalot.com.mx\/site\/2015\/02\/19\/blur-regresa-tras-12-anos-de-silencio\/","url_meta":{"origin":2473,"position":3},"title":"Blur regresa tras 12 a\u00f1os de silencio","author":"Chris Banks","date":"19 febrero, 2015","format":false,"excerpt":"La banda de rock inglesa, anunci\u00f3 hoy 19 de Febrero de 2015 el lanzamiento de su nuevo material discogr\u00e1fico titulado \"The Magic Whip\" que saldr\u00e1 luego de 12 a\u00f1os de silencio. La banda que debut\u00f3 en los 90\u00b4s hizo el anuncio en un restaurante chino en Londres durante una conferencia\u2026","rel":"","context":"Entrada similar ","block_context":{"text":"Entrada similar ","link":""},"img":{"alt_text":"","src":"https:\/\/i0.wp.com\/kalot.com.mx\/site\/wp-content\/uploads\/2015\/02\/BLUR.jpg?fit=600%2C600&ssl=1&resize=350%2C200","width":350,"height":200,"srcset":"https:\/\/i0.wp.com\/kalot.com.mx\/site\/wp-content\/uploads\/2015\/02\/BLUR.jpg?fit=600%2C600&ssl=1&resize=350%2C200 1x, https:\/\/i0.wp.com\/kalot.com.mx\/site\/wp-content\/uploads\/2015\/02\/BLUR.jpg?fit=600%2C600&ssl=1&resize=525%2C300 1.5x"},"classes":[]},{"id":8259,"url":"https:\/\/kalot.com.mx\/site\/2013\/12\/22\/los-mejores-videos-musicales-de-2013\/","url_meta":{"origin":2473,"position":4},"title":"Los mejores videos musicales de 2013","author":"Omar Herrera","date":"22 diciembre, 2013","format":false,"excerpt":"El siguiente ni siquiera es un conteo, en realidad s\u00f3lo es un post en donde queremos compartirles un poco de algunos de los mejores videos del a\u00f1o para la redacci\u00f3n de Kalot. Ha habido cientos de videos musicales con grandes producciones, excelente fotograf\u00eda, efectos visuales impresionantes o estrellas invitadas a\u2026","rel":"","context":"Con 1 comentario","block_context":{"text":"Con 1 comentario","link":"https:\/\/kalot.com.mx\/site\/2013\/12\/22\/los-mejores-videos-musicales-de-2013\/#comments"},"img":{"alt_text":"","src":"https:\/\/i0.wp.com\/kalot.com.mx\/site\/wp-content\/uploads\/2013\/12\/01ot.png?fit=638%2C343&ssl=1&resize=350%2C200","width":350,"height":200,"srcset":"https:\/\/i0.wp.com\/kalot.com.mx\/site\/wp-content\/uploads\/2013\/12\/01ot.png?fit=638%2C343&ssl=1&resize=350%2C200 1x, https:\/\/i0.wp.com\/kalot.com.mx\/site\/wp-content\/uploads\/2013\/12\/01ot.png?fit=638%2C343&ssl=1&resize=525%2C300 1.5x"},"classes":[]},{"id":12102,"url":"https:\/\/kalot.com.mx\/site\/2014\/02\/21\/nuevo-album-metronomy\/","url_meta":{"origin":2473,"position":5},"title":"Love Letters, el nuevo \u00e1lbum de Metronomy","author":"Miguel Amaya","date":"21 febrero, 2014","format":false,"excerpt":"Hace un par de d\u00edas se filtr\u00f3 el nuevo trabajo de los ingleses y despu\u00e9s de escucharlo, decid\u00ed rese\u00f1arlo. Cabe mencionar que el \u00e1lbum saldr\u00e1 a la venta el 10 de marzo del a\u00f1o presente. Metronomy hace su regreso musical con un \u00e1lbum completamente diferente a lo que nos ten\u00eda\u2026","rel":"","context":"En &quot;Sin categor\u00eda&quot;","block_context":{"text":"Sin categor\u00eda","link":"https:\/\/kalot.com.mx\/site\/category\/sin-categoria\/"},"img":{"alt_text":"","src":"https:\/\/i0.wp.com\/kalot.com.mx\/site\/wp-content\/uploads\/2014\/02\/Love-letters-nuevo-video-de-Metronomy1.jpg?fit=626%2C380&ssl=1&resize=350%2C200","width":350,"height":200,"srcset":"https:\/\/i0.wp.com\/kalot.com.mx\/site\/wp-content\/uploads\/2014\/02\/Love-letters-nuevo-video-de-Metronomy1.jpg?fit=626%2C380&ssl=1&resize=350%2C200 1x, https:\/\/i0.wp.com\/kalot.com.mx\/site\/wp-content\/uploads\/2014\/02\/Love-letters-nuevo-video-de-Metronomy1.jpg?fit=626%2C380&ssl=1&resize=525%2C300 1.5x"},"classes":[]}],"jetpack_sharing_enabled":true,"_links":{"self":[{"href":"https:\/\/kalot.com.mx\/site\/wp-json\/wp\/v2\/posts\/2473","targetHints":{"allow":["GET"]}}],"collection":[{"href":"https:\/\/kalot.com.mx\/site\/wp-json\/wp\/v2\/posts"}],"about":[{"href":"https:\/\/kalot.com.mx\/site\/wp-json\/wp\/v2\/types\/post"}],"author":[{"embeddable":true,"href":"https:\/\/kalot.com.mx\/site\/wp-json\/wp\/v2\/users\/18"}],"replies":[{"embeddable":true,"href":"https:\/\/kalot.com.mx\/site\/wp-json\/wp\/v2\/comments?post=2473"}],"version-history":[{"count":1,"href":"https:\/\/kalot.com.mx\/site\/wp-json\/wp\/v2\/posts\/2473\/revisions"}],"predecessor-version":[{"id":27984,"href":"https:\/\/kalot.com.mx\/site\/wp-json\/wp\/v2\/posts\/2473\/revisions\/27984"}],"wp:featuredmedia":[{"embeddable":true,"href":"https:\/\/kalot.com.mx\/site\/wp-json\/wp\/v2\/media\/2479"}],"wp:attachment":[{"href":"https:\/\/kalot.com.mx\/site\/wp-json\/wp\/v2\/media?parent=2473"}],"wp:term":[{"taxonomy":"category","embeddable":true,"href":"https:\/\/kalot.com.mx\/site\/wp-json\/wp\/v2\/categories?post=2473"},{"taxonomy":"post_tag","embeddable":true,"href":"https:\/\/kalot.com.mx\/site\/wp-json\/wp\/v2\/tags?post=2473"}],"curies":[{"name":"wp","href":"https:\/\/api.w.org\/{rel}","templated":true}]}}