{"id":24680,"date":"2016-01-06T11:36:51","date_gmt":"2016-01-06T17:36:51","guid":{"rendered":"http:\/\/kalot.com.mx\/site\/?p=24680"},"modified":"2017-12-20T15:55:59","modified_gmt":"2017-12-20T21:55:59","slug":"primer-adelanto-de-el-conjuro-2","status":"publish","type":"post","link":"https:\/\/kalot.com.mx\/site\/2016\/01\/06\/primer-adelanto-de-el-conjuro-2\/","title":{"rendered":"Primer adelanto de &#8220;El Conjuro 2&#8221;"},"content":{"rendered":"<p style=\"text-align: justify\">James Wan, director de &#8220;El Conjuro 2&#8221;, acaba de revelar a trav\u00e9s de su cuenta de Twitter el primer adelanto de lo que ser\u00e1 el trailer de la tan esperada secuela. Ma\u00f1ana ser\u00e1 el estreno de dicho trailer.<\/p>\n<p style=\"text-align: justify\"><img decoding=\"async\" data-attachment-id=\"24658\" data-permalink=\"https:\/\/kalot.com.mx\/site\/2015\/12\/31\/24657\/the-conjuring-2-enfield-ghost\/\" data-orig-file=\"https:\/\/i0.wp.com\/kalot.com.mx\/site\/wp-content\/uploads\/2015\/12\/the-conjuring-2-enfield-ghost.jpg?fit=612%2C380&amp;ssl=1\" data-orig-size=\"612,380\" data-comments-opened=\"1\" data-image-meta=\"{&quot;aperture&quot;:&quot;0&quot;,&quot;credit&quot;:&quot;&quot;,&quot;camera&quot;:&quot;&quot;,&quot;caption&quot;:&quot;&quot;,&quot;created_timestamp&quot;:&quot;0&quot;,&quot;copyright&quot;:&quot;&quot;,&quot;focal_length&quot;:&quot;0&quot;,&quot;iso&quot;:&quot;0&quot;,&quot;shutter_speed&quot;:&quot;0&quot;,&quot;title&quot;:&quot;&quot;,&quot;orientation&quot;:&quot;0&quot;}\" data-image-title=\"the-conjuring-2-enfield-ghost\" data-image-description=\"\" data-image-caption=\"\" data-large-file=\"https:\/\/i0.wp.com\/kalot.com.mx\/site\/wp-content\/uploads\/2015\/12\/the-conjuring-2-enfield-ghost.jpg?fit=612%2C380&amp;ssl=1\" class=\"aligncenter wp-image-24658 size-full\" src=\"https:\/\/i2.wp.com\/kalot.com.mx\/site\/wp-content\/uploads\/2013\/08\/20130830-190327.jpg?fit=113%2C150&#038;ssl=1\" alt=\"the-conjuring-2-enfield-ghost\" width=\"113\" height=\"150\" \/><\/p>\n<p style=\"text-align: justify\">La secuela de \u201cEl Conjuro\u201d tendr\u00e1 su estreno el pr\u00f3ximo 10 de junio de 2016 y se dice que tendr\u00e1, a manera de pr\u00f3logo, con <a href=\"http:\/\/kalot.com.mx\/site\/2015\/12\/16\/la-casa-maldita-de-amityville-aparecera-en-el-conjuro-2\/\">el terrible caso Amityville<\/a>. Despu\u00e9s, la secuela se enfocar\u00e1 en el <a href=\"http:\/\/kalot.com.mx\/site\/2015\/07\/09\/regresa-el-conjuro\/\">\u201cPoltergeist de Enfield\u201d<\/a>\u00a0que tuvo lugar en una casa de ciudad de Enfield, en Inglaterra a finales del a\u00f1o 1970.<\/p>\n<blockquote class=\"twitter-tweet\" lang=\"es\">\n<p dir=\"ltr\" lang=\"en\">Ok folks, here&#8217;s <a href=\"https:\/\/twitter.com\/TheConjuring\">@TheConjuring<\/a>&#8216;s Ed &amp; Lorraine Warren&#8217;s terrifying next case! <a href=\"https:\/\/twitter.com\/hashtag\/TheConjuring2?src=hash\">#TheConjuring2<\/a> teaser trailer tomorrow <a href=\"https:\/\/t.co\/cOssf5aP9z\">pic.twitter.com\/cOssf5aP9z<\/a><\/p>\n<p>\u2014 James Wan (@creepypuppet) <a href=\"https:\/\/twitter.com\/creepypuppet\/status\/684785645877764096\">enero 6, 2016<\/a><\/p><\/blockquote>\n","protected":false},"excerpt":{"rendered":"James Wan, director de &#8220;El Conjuro 2&#8221;, acaba de revelar a trav\u00e9s de su cuenta de Twitter el&hellip;\n","protected":false},"author":108,"featured_media":24658,"comment_status":"open","ping_status":"open","sticky":false,"template":"","format":"standard","meta":{"jetpack_post_was_ever_published":false,"_jetpack_newsletter_access":"","_jetpack_dont_email_post_to_subs":false,"_jetpack_newsletter_tier_id":0,"_jetpack_memberships_contains_paywalled_content":false,"_jetpack_memberships_contains_paid_content":false,"footnotes":"","jetpack_publicize_message":"","jetpack_publicize_feature_enabled":true,"jetpack_social_post_already_shared":true,"jetpack_social_options":{"image_generator_settings":{"template":"highway","default_image_id":0,"font":"","enabled":false},"version":2}},"categories":[9,7],"tags":[409],"class_list":{"0":"post-24680","1":"post","2":"type-post","3":"status-publish","4":"format-standard","5":"has-post-thumbnail","7":"category-cine","8":"category-novedades","9":"tag-elconjuro2","10":"cs-entry","11":"cs-video-wrap"},"yoast_head":"<!-- This site is optimized with the Yoast SEO plugin v27.4 - https:\/\/yoast.com\/product\/yoast-seo-wordpress\/ -->\n<title>Primer adelanto de &quot;El Conjuro 2&quot; - Kalot<\/title>\n<meta name=\"description\" content=\"James Wan, director de &quot;El Conjuro 2&quot;, acaba de revelar a trav\u00e9s de su cuenta de Twitter el primer adelanto de lo que ser\u00e1 el trailer de la tan esperada\" \/>\n<meta name=\"robots\" content=\"index, follow, max-snippet:-1, max-image-preview:large, max-video-preview:-1\" \/>\n<link rel=\"canonical\" href=\"https:\/\/kalot.com.mx\/site\/2016\/01\/06\/primer-adelanto-de-el-conjuro-2\/\" \/>\n<meta property=\"og:locale\" content=\"es_MX\" \/>\n<meta property=\"og:type\" content=\"article\" \/>\n<meta property=\"og:title\" content=\"Primer adelanto de &quot;El Conjuro 2&quot; - Kalot\" \/>\n<meta property=\"og:description\" content=\"James Wan, director de &quot;El Conjuro 2&quot;, acaba de revelar a trav\u00e9s de su cuenta de Twitter el primer adelanto de lo que ser\u00e1 el trailer de la tan esperada\" \/>\n<meta property=\"og:url\" content=\"https:\/\/kalot.com.mx\/site\/2016\/01\/06\/primer-adelanto-de-el-conjuro-2\/\" \/>\n<meta property=\"og:site_name\" content=\"Kalot\" \/>\n<meta property=\"article:publisher\" content=\"http:\/\/facebook.com\/mxkalot\" \/>\n<meta property=\"article:published_time\" content=\"2016-01-06T17:36:51+00:00\" \/>\n<meta property=\"article:modified_time\" content=\"2017-12-20T21:55:59+00:00\" \/>\n<meta property=\"og:image\" content=\"https:\/\/i2.wp.com\/kalot.com.mx\/site\/wp-content\/uploads\/2015\/12\/the-conjuring-2-enfield-ghost.jpg?fit=612%2C380&ssl=1\" \/>\n\t<meta property=\"og:image:width\" content=\"612\" \/>\n\t<meta property=\"og:image:height\" content=\"380\" \/>\n\t<meta property=\"og:image:type\" content=\"image\/jpeg\" \/>\n<meta name=\"author\" content=\"yash\" \/>\n<meta name=\"twitter:card\" content=\"summary_large_image\" \/>\n<meta name=\"twitter:creator\" content=\"@kalotmx\" \/>\n<meta name=\"twitter:site\" content=\"@kalotmx\" \/>\n<meta name=\"twitter:label1\" content=\"Escrito por\" \/>\n\t<meta name=\"twitter:data1\" content=\"yash\" \/>\n\t<meta name=\"twitter:label2\" content=\"Tiempo de lectura\" \/>\n\t<meta name=\"twitter:data2\" content=\"1 minuto\" \/>\n<!-- \/ Yoast SEO plugin. -->","yoast_head_json":{"title":"Primer adelanto de \"El Conjuro 2\" - Kalot","description":"James Wan, director de \"El Conjuro 2\", acaba de revelar a trav\u00e9s de su cuenta de Twitter el primer adelanto de lo que ser\u00e1 el trailer de la tan esperada","robots":{"index":"index","follow":"follow","max-snippet":"max-snippet:-1","max-image-preview":"max-image-preview:large","max-video-preview":"max-video-preview:-1"},"canonical":"https:\/\/kalot.com.mx\/site\/2016\/01\/06\/primer-adelanto-de-el-conjuro-2\/","og_locale":"es_MX","og_type":"article","og_title":"Primer adelanto de \"El Conjuro 2\" - Kalot","og_description":"James Wan, director de \"El Conjuro 2\", acaba de revelar a trav\u00e9s de su cuenta de Twitter el primer adelanto de lo que ser\u00e1 el trailer de la tan esperada","og_url":"https:\/\/kalot.com.mx\/site\/2016\/01\/06\/primer-adelanto-de-el-conjuro-2\/","og_site_name":"Kalot","article_publisher":"http:\/\/facebook.com\/mxkalot","article_published_time":"2016-01-06T17:36:51+00:00","article_modified_time":"2017-12-20T21:55:59+00:00","og_image":[{"width":612,"height":380,"url":"https:\/\/i2.wp.com\/kalot.com.mx\/site\/wp-content\/uploads\/2015\/12\/the-conjuring-2-enfield-ghost.jpg?fit=612%2C380&ssl=1","type":"image\/jpeg"}],"author":"yash","twitter_card":"summary_large_image","twitter_creator":"@kalotmx","twitter_site":"@kalotmx","twitter_misc":{"Escrito por":"yash","Tiempo de lectura":"1 minuto"},"schema":{"@context":"https:\/\/schema.org","@graph":[{"@type":"Article","@id":"https:\/\/kalot.com.mx\/site\/2016\/01\/06\/primer-adelanto-de-el-conjuro-2\/#article","isPartOf":{"@id":"https:\/\/kalot.com.mx\/site\/2016\/01\/06\/primer-adelanto-de-el-conjuro-2\/"},"author":{"name":"yash","@id":"https:\/\/kalot.com.mx\/site\/#\/schema\/person\/1d75ba57b0359df6aee12de5a86e5b04"},"headline":"Primer adelanto de &#8220;El Conjuro 2&#8221;","datePublished":"2016-01-06T17:36:51+00:00","dateModified":"2017-12-20T21:55:59+00:00","mainEntityOfPage":{"@id":"https:\/\/kalot.com.mx\/site\/2016\/01\/06\/primer-adelanto-de-el-conjuro-2\/"},"wordCount":129,"commentCount":0,"publisher":{"@id":"https:\/\/kalot.com.mx\/site\/#organization"},"image":{"@id":"https:\/\/kalot.com.mx\/site\/2016\/01\/06\/primer-adelanto-de-el-conjuro-2\/#primaryimage"},"thumbnailUrl":"https:\/\/i0.wp.com\/kalot.com.mx\/site\/wp-content\/uploads\/2015\/12\/the-conjuring-2-enfield-ghost.jpg?fit=612%2C380&ssl=1","keywords":["ElConjuro2"],"articleSection":["Cine","Novedades"],"inLanguage":"es","potentialAction":[{"@type":"CommentAction","name":"Comment","target":["https:\/\/kalot.com.mx\/site\/2016\/01\/06\/primer-adelanto-de-el-conjuro-2\/#respond"]}]},{"@type":"WebPage","@id":"https:\/\/kalot.com.mx\/site\/2016\/01\/06\/primer-adelanto-de-el-conjuro-2\/","url":"https:\/\/kalot.com.mx\/site\/2016\/01\/06\/primer-adelanto-de-el-conjuro-2\/","name":"Primer adelanto de \"El Conjuro 2\" - Kalot","isPartOf":{"@id":"https:\/\/kalot.com.mx\/site\/#website"},"primaryImageOfPage":{"@id":"https:\/\/kalot.com.mx\/site\/2016\/01\/06\/primer-adelanto-de-el-conjuro-2\/#primaryimage"},"image":{"@id":"https:\/\/kalot.com.mx\/site\/2016\/01\/06\/primer-adelanto-de-el-conjuro-2\/#primaryimage"},"thumbnailUrl":"https:\/\/i0.wp.com\/kalot.com.mx\/site\/wp-content\/uploads\/2015\/12\/the-conjuring-2-enfield-ghost.jpg?fit=612%2C380&ssl=1","datePublished":"2016-01-06T17:36:51+00:00","dateModified":"2017-12-20T21:55:59+00:00","description":"James Wan, director de \"El Conjuro 2\", acaba de revelar a trav\u00e9s de su cuenta de Twitter el primer adelanto de lo que ser\u00e1 el trailer de la tan esperada","breadcrumb":{"@id":"https:\/\/kalot.com.mx\/site\/2016\/01\/06\/primer-adelanto-de-el-conjuro-2\/#breadcrumb"},"inLanguage":"es","potentialAction":[{"@type":"ReadAction","target":["https:\/\/kalot.com.mx\/site\/2016\/01\/06\/primer-adelanto-de-el-conjuro-2\/"]}]},{"@type":"ImageObject","inLanguage":"es","@id":"https:\/\/kalot.com.mx\/site\/2016\/01\/06\/primer-adelanto-de-el-conjuro-2\/#primaryimage","url":"https:\/\/i0.wp.com\/kalot.com.mx\/site\/wp-content\/uploads\/2015\/12\/the-conjuring-2-enfield-ghost.jpg?fit=612%2C380&ssl=1","contentUrl":"https:\/\/i0.wp.com\/kalot.com.mx\/site\/wp-content\/uploads\/2015\/12\/the-conjuring-2-enfield-ghost.jpg?fit=612%2C380&ssl=1","width":612,"height":380},{"@type":"BreadcrumbList","@id":"https:\/\/kalot.com.mx\/site\/2016\/01\/06\/primer-adelanto-de-el-conjuro-2\/#breadcrumb","itemListElement":[{"@type":"ListItem","position":1,"name":"Home","item":"https:\/\/kalot.com.mx\/site\/"},{"@type":"ListItem","position":2,"name":"Primer adelanto de &#8220;El Conjuro 2&#8221;"}]},{"@type":"WebSite","@id":"https:\/\/kalot.com.mx\/site\/#website","url":"https:\/\/kalot.com.mx\/site\/","name":"Kalot","description":"Conoce Todo Sobre Todo","publisher":{"@id":"https:\/\/kalot.com.mx\/site\/#organization"},"potentialAction":[{"@type":"SearchAction","target":{"@type":"EntryPoint","urlTemplate":"https:\/\/kalot.com.mx\/site\/?s={search_term_string}"},"query-input":{"@type":"PropertyValueSpecification","valueRequired":true,"valueName":"search_term_string"}}],"inLanguage":"es"},{"@type":"Organization","@id":"https:\/\/kalot.com.mx\/site\/#organization","name":"Kalot","url":"https:\/\/kalot.com.mx\/site\/","logo":{"@type":"ImageObject","inLanguage":"es","@id":"https:\/\/kalot.com.mx\/site\/#\/schema\/logo\/image\/","url":"https:\/\/i0.wp.com\/kalot.com.mx\/site\/wp-content\/uploads\/2020\/04\/Kalot-logo-sin-tagline.png?fit=1707%2C1014&ssl=1","contentUrl":"https:\/\/i0.wp.com\/kalot.com.mx\/site\/wp-content\/uploads\/2020\/04\/Kalot-logo-sin-tagline.png?fit=1707%2C1014&ssl=1","width":1707,"height":1014,"caption":"Kalot"},"image":{"@id":"https:\/\/kalot.com.mx\/site\/#\/schema\/logo\/image\/"},"sameAs":["http:\/\/facebook.com\/mxkalot","https:\/\/x.com\/kalotmx","http:\/\/instagram.com\/kalotmx","http:\/\/pinterest.com\/jorgeerana\/kalot"]},{"@type":"Person","@id":"https:\/\/kalot.com.mx\/site\/#\/schema\/person\/1d75ba57b0359df6aee12de5a86e5b04","name":"yash","image":{"@type":"ImageObject","inLanguage":"es","@id":"https:\/\/secure.gravatar.com\/avatar\/be80e9883aa4c662e1a435d9ba36a6fba313cea893e0d847aac2ca2290e6decb?s=96&d=mm&r=g","url":"https:\/\/secure.gravatar.com\/avatar\/be80e9883aa4c662e1a435d9ba36a6fba313cea893e0d847aac2ca2290e6decb?s=96&d=mm&r=g","contentUrl":"https:\/\/secure.gravatar.com\/avatar\/be80e9883aa4c662e1a435d9ba36a6fba313cea893e0d847aac2ca2290e6decb?s=96&d=mm&r=g","caption":"yash"},"url":"https:\/\/kalot.com.mx\/site\/author\/yash\/"}]}},"jetpack_publicize_connections":[],"jetpack_featured_media_url":"https:\/\/i0.wp.com\/kalot.com.mx\/site\/wp-content\/uploads\/2015\/12\/the-conjuring-2-enfield-ghost.jpg?fit=612%2C380&ssl=1","jetpack_shortlink":"https:\/\/wp.me\/p6IHEI-6q4","jetpack-related-posts":[{"id":24689,"url":"https:\/\/kalot.com.mx\/site\/2016\/01\/07\/primer-trailer-de-el-conjuro-2\/","url_meta":{"origin":24680,"position":0},"title":"Primer trailer de &#8220;El Conjuro 2&#8221;","author":"yash","date":"7 enero, 2016","format":false,"excerpt":"\"El Conjuro 2\" revela su primer trailer en el que se muestra el terrible caso del\u00a0\u201cPoltergeist de Enfield\u201d. La secuela de \u201cEl Conjuro\u201d tendr\u00e1 su estreno el pr\u00f3ximo 10 de junio de 2016 y se dice que tendr\u00e1, a manera de pr\u00f3logo, con el terrible caso Amityville. Despu\u00e9s, la secuela\u2026","rel":"","context":"En &quot;Cine&quot;","block_context":{"text":"Cine","link":"https:\/\/kalot.com.mx\/site\/category\/cine\/"},"img":{"alt_text":"","src":"https:\/\/i0.wp.com\/kalot.com.mx\/site\/wp-content\/uploads\/2016\/01\/ElConjuro22.jpg?fit=1200%2C505&ssl=1&resize=350%2C200","width":350,"height":200,"srcset":"https:\/\/i0.wp.com\/kalot.com.mx\/site\/wp-content\/uploads\/2016\/01\/ElConjuro22.jpg?fit=1200%2C505&ssl=1&resize=350%2C200 1x, https:\/\/i0.wp.com\/kalot.com.mx\/site\/wp-content\/uploads\/2016\/01\/ElConjuro22.jpg?fit=1200%2C505&ssl=1&resize=525%2C300 1.5x, https:\/\/i0.wp.com\/kalot.com.mx\/site\/wp-content\/uploads\/2016\/01\/ElConjuro22.jpg?fit=1200%2C505&ssl=1&resize=700%2C400 2x, https:\/\/i0.wp.com\/kalot.com.mx\/site\/wp-content\/uploads\/2016\/01\/ElConjuro22.jpg?fit=1200%2C505&ssl=1&resize=1050%2C600 3x"},"classes":[]},{"id":24657,"url":"https:\/\/kalot.com.mx\/site\/2015\/12\/31\/24657\/","url_meta":{"origin":24680,"position":1},"title":"Primera imagen de &#8220;El Conjuro 2&#8221; revelada.","author":"yash","date":"31 diciembre, 2015","format":false,"excerpt":"EW comparte la primera imagen oficial de \"El Conjuro 2\" dirigida por James Wan, en la que los investigadores paranormales Ed y Lorraine Warre\u00a0(Patrick Wilson y Vera Farmiga) viajan a Inglaterra en \u00a01977 para ayudar a Peggy Hodgson y a sus cuatro hijos, en especial a su hija, Janet (interpretada\u2026","rel":"","context":"En &quot;Cine&quot;","block_context":{"text":"Cine","link":"https:\/\/kalot.com.mx\/site\/category\/cine\/"},"img":{"alt_text":"","src":"https:\/\/i0.wp.com\/kalot.com.mx\/site\/wp-content\/uploads\/2015\/12\/the-conjuring-2-enfield-ghost.jpg?fit=612%2C380&ssl=1&resize=350%2C200","width":350,"height":200,"srcset":"https:\/\/i0.wp.com\/kalot.com.mx\/site\/wp-content\/uploads\/2015\/12\/the-conjuring-2-enfield-ghost.jpg?fit=612%2C380&ssl=1&resize=350%2C200 1x, https:\/\/i0.wp.com\/kalot.com.mx\/site\/wp-content\/uploads\/2015\/12\/the-conjuring-2-enfield-ghost.jpg?fit=612%2C380&ssl=1&resize=525%2C300 1.5x"},"classes":[]},{"id":22163,"url":"https:\/\/kalot.com.mx\/site\/2015\/07\/09\/regresa-el-conjuro\/","url_meta":{"origin":24680,"position":2},"title":"Regresa &#8220;El Conjuro&#8221;","author":"yash","date":"9 julio, 2015","format":false,"excerpt":"El Conjuro 2: El Poltergeist de Enfield se estrenar\u00e1 el pr\u00f3ximo 10 de Junio de 2016 en Estados Unidos y hasta el momento solo se han confirmado como parte del elenco a Patrick Wilson y a Vera Farmiga. Es por ello que el actor\u00a0Patrick Wilson comparti\u00f3 a trav\u00e9s de su\u2026","rel":"","context":"Con 1 comentario","block_context":{"text":"Con 1 comentario","link":"https:\/\/kalot.com.mx\/site\/2015\/07\/09\/regresa-el-conjuro\/#comments"},"img":{"alt_text":"","src":"https:\/\/i0.wp.com\/kalot.com.mx\/site\/wp-content\/uploads\/2015\/07\/poltergeistenfield.jpg?fit=1200%2C796&ssl=1&resize=350%2C200","width":350,"height":200,"srcset":"https:\/\/i0.wp.com\/kalot.com.mx\/site\/wp-content\/uploads\/2015\/07\/poltergeistenfield.jpg?fit=1200%2C796&ssl=1&resize=350%2C200 1x, https:\/\/i0.wp.com\/kalot.com.mx\/site\/wp-content\/uploads\/2015\/07\/poltergeistenfield.jpg?fit=1200%2C796&ssl=1&resize=525%2C300 1.5x, https:\/\/i0.wp.com\/kalot.com.mx\/site\/wp-content\/uploads\/2015\/07\/poltergeistenfield.jpg?fit=1200%2C796&ssl=1&resize=700%2C400 2x, https:\/\/i0.wp.com\/kalot.com.mx\/site\/wp-content\/uploads\/2015\/07\/poltergeistenfield.jpg?fit=1200%2C796&ssl=1&resize=1050%2C600 3x"},"classes":[]},{"id":26174,"url":"https:\/\/kalot.com.mx\/site\/2016\/09\/16\/primer-trailer-annabelle-2\/","url_meta":{"origin":24680,"position":3},"title":"Primer Trailer de Annabelle 2","author":"yash","date":"16 septiembre, 2016","format":false,"excerpt":"La segunda parte del\u00a0spin-off de \"El Conjuro\" tendr\u00e1 su estreno en 2017. La historia ser\u00e1 la siguiente: A\u00f1os despu\u00e9s del tr\u00e1gico fallecimiento de su hija, un fabricante de mu\u00f1ecas y su mujer reciben en su hogar a una monja y varias ni\u00f1as procedentes de un orfanato clausurado, quienes pronto se\u2026","rel":"","context":"En &quot;Cine&quot;","block_context":{"text":"Cine","link":"https:\/\/kalot.com.mx\/site\/category\/cine\/"},"img":{"alt_text":"","src":"https:\/\/i0.wp.com\/kalot.com.mx\/site\/wp-content\/uploads\/2016\/09\/original.jpg?fit=1200%2C675&ssl=1&resize=350%2C200","width":350,"height":200,"srcset":"https:\/\/i0.wp.com\/kalot.com.mx\/site\/wp-content\/uploads\/2016\/09\/original.jpg?fit=1200%2C675&ssl=1&resize=350%2C200 1x, https:\/\/i0.wp.com\/kalot.com.mx\/site\/wp-content\/uploads\/2016\/09\/original.jpg?fit=1200%2C675&ssl=1&resize=525%2C300 1.5x, https:\/\/i0.wp.com\/kalot.com.mx\/site\/wp-content\/uploads\/2016\/09\/original.jpg?fit=1200%2C675&ssl=1&resize=700%2C400 2x, https:\/\/i0.wp.com\/kalot.com.mx\/site\/wp-content\/uploads\/2016\/09\/original.jpg?fit=1200%2C675&ssl=1&resize=1050%2C600 3x"},"classes":[]},{"id":24565,"url":"https:\/\/kalot.com.mx\/site\/2015\/12\/16\/la-casa-maldita-de-amityville-aparecera-en-el-conjuro-2\/","url_meta":{"origin":24680,"position":4},"title":"La casa maldita de Amityville aparecer\u00e1 en el Conjuro 2","author":"yash","date":"16 diciembre, 2015","format":false,"excerpt":"La segunda parte de la exitosa cinta \"El Conjuro\" sigue en su etapa de producci\u00f3n y se espera su estreno para\u00a0el 10 de junio del 2016. En los \u00faltimos d\u00edas se han ido revelando nuevos detalles acerca dela historia que se contar\u00e1 en la cinta. Como ya se hab\u00eda dicho\u2026","rel":"","context":"En &quot;Cine&quot;","block_context":{"text":"Cine","link":"https:\/\/kalot.com.mx\/site\/category\/cine\/"},"img":{"alt_text":"","src":"https:\/\/i0.wp.com\/kalot.com.mx\/site\/wp-content\/uploads\/2015\/12\/enfield2.jpg?fit=1024%2C576&ssl=1&resize=350%2C200","width":350,"height":200,"srcset":"https:\/\/i0.wp.com\/kalot.com.mx\/site\/wp-content\/uploads\/2015\/12\/enfield2.jpg?fit=1024%2C576&ssl=1&resize=350%2C200 1x, https:\/\/i0.wp.com\/kalot.com.mx\/site\/wp-content\/uploads\/2015\/12\/enfield2.jpg?fit=1024%2C576&ssl=1&resize=525%2C300 1.5x, https:\/\/i0.wp.com\/kalot.com.mx\/site\/wp-content\/uploads\/2015\/12\/enfield2.jpg?fit=1024%2C576&ssl=1&resize=700%2C400 2x"},"classes":[]},{"id":12777,"url":"https:\/\/kalot.com.mx\/site\/2014\/03\/01\/primer-trailer-the-purge-anarchy\/","url_meta":{"origin":24680,"position":5},"title":"Primer trailer de The Purge: Anarchy","author":"Carlos Ru\u00edz Mtz","date":"1 marzo, 2014","format":false,"excerpt":"El a\u00f1o pasado se estren\u00f3 una pel\u00edcula de terror suspenso bastante interesante, The Purge, que si bien no es una obra maestra en su g\u00e9nero, plantea una trama bastante original e interesante: \u00bfQu\u00e9 pasar\u00eda si todos pudi\u00e9ramos hacer cualquier cosa que se nos plazca durante 24 horas al a\u00f1o? \u00bfQu\u00e9\u2026","rel":"","context":"Entrada similar ","block_context":{"text":"Entrada similar ","link":""},"img":{"alt_text":"","src":"https:\/\/i0.wp.com\/kalot.com.mx\/site\/wp-content\/uploads\/2014\/03\/The-Purge-Anarchy-Trailer-News-We-Live-Film.jpg?fit=1200%2C675&ssl=1&resize=350%2C200","width":350,"height":200,"srcset":"https:\/\/i0.wp.com\/kalot.com.mx\/site\/wp-content\/uploads\/2014\/03\/The-Purge-Anarchy-Trailer-News-We-Live-Film.jpg?fit=1200%2C675&ssl=1&resize=350%2C200 1x, https:\/\/i0.wp.com\/kalot.com.mx\/site\/wp-content\/uploads\/2014\/03\/The-Purge-Anarchy-Trailer-News-We-Live-Film.jpg?fit=1200%2C675&ssl=1&resize=525%2C300 1.5x, https:\/\/i0.wp.com\/kalot.com.mx\/site\/wp-content\/uploads\/2014\/03\/The-Purge-Anarchy-Trailer-News-We-Live-Film.jpg?fit=1200%2C675&ssl=1&resize=700%2C400 2x, https:\/\/i0.wp.com\/kalot.com.mx\/site\/wp-content\/uploads\/2014\/03\/The-Purge-Anarchy-Trailer-News-We-Live-Film.jpg?fit=1200%2C675&ssl=1&resize=1050%2C600 3x"},"classes":[]}],"jetpack_sharing_enabled":true,"_links":{"self":[{"href":"https:\/\/kalot.com.mx\/site\/wp-json\/wp\/v2\/posts\/24680","targetHints":{"allow":["GET"]}}],"collection":[{"href":"https:\/\/kalot.com.mx\/site\/wp-json\/wp\/v2\/posts"}],"about":[{"href":"https:\/\/kalot.com.mx\/site\/wp-json\/wp\/v2\/types\/post"}],"author":[{"embeddable":true,"href":"https:\/\/kalot.com.mx\/site\/wp-json\/wp\/v2\/users\/108"}],"replies":[{"embeddable":true,"href":"https:\/\/kalot.com.mx\/site\/wp-json\/wp\/v2\/comments?post=24680"}],"version-history":[{"count":2,"href":"https:\/\/kalot.com.mx\/site\/wp-json\/wp\/v2\/posts\/24680\/revisions"}],"predecessor-version":[{"id":28014,"href":"https:\/\/kalot.com.mx\/site\/wp-json\/wp\/v2\/posts\/24680\/revisions\/28014"}],"wp:featuredmedia":[{"embeddable":true,"href":"https:\/\/kalot.com.mx\/site\/wp-json\/wp\/v2\/media\/24658"}],"wp:attachment":[{"href":"https:\/\/kalot.com.mx\/site\/wp-json\/wp\/v2\/media?parent=24680"}],"wp:term":[{"taxonomy":"category","embeddable":true,"href":"https:\/\/kalot.com.mx\/site\/wp-json\/wp\/v2\/categories?post=24680"},{"taxonomy":"post_tag","embeddable":true,"href":"https:\/\/kalot.com.mx\/site\/wp-json\/wp\/v2\/tags?post=24680"}],"curies":[{"name":"wp","href":"https:\/\/api.w.org\/{rel}","templated":true}]}}