{"id":24515,"date":"2015-12-11T08:57:27","date_gmt":"2015-12-11T14:57:27","guid":{"rendered":"http:\/\/kalot.com.mx\/site\/?p=24515"},"modified":"2015-12-14T19:58:33","modified_gmt":"2015-12-15T01:58:33","slug":"primer-trailer-oficial-de-xmen-apocalypse","status":"publish","type":"post","link":"https:\/\/kalot.com.mx\/site\/2015\/12\/11\/primer-trailer-oficial-de-xmen-apocalypse\/","title":{"rendered":"Primer tr\u00e1iler oficial de XMEN APOCALYPSE"},"content":{"rendered":"<p style=\"text-align: justify\">El cierre de a\u00f1o esta resultando espectacular, y solo nos deja con muchas ansias de estar ya en el 2016, porque cada vez mejores pel\u00edculas se acercan, y uno de ellos es sin duda esta, el cierre de la trilog\u00eda de XMEN empezada en FIRST CLASS, y por lo que podemos apreciar, tendremos un cierre m\u00e1s que espectacular por parte de 20th, antes que decidan si veremos X-FORCE c\u00f3mo continuaci\u00f3n de la saga mutante, o qu\u00e9 sigue.<\/p>\n<p style=\"text-align: justify\">Este tr\u00e1iler, corresponde a la grandiosa XMEN APOCALYPSE, y dicho sea de paso, esta excelente, pese a las cr\u00edticas en el CAST y en la historia, sobre el c\u00f3mo se presentar\u00e1, tendremos una pel\u00edcula realmente espectacular, conocemos a este mutante, y al ser un tipo extremadamente poderoso, es un hecho que los hijos del \u00e1tomo, tendr\u00e1n mucho, mucho trabajo para poder detenerlo.<\/p>\n<p style=\"text-align: justify\">APOCALYPSE, es un mutante mitol\u00f3gico, un mutante del viejo Egipto, no sabemos que tanto de su historia se respete, aunque creemos que ser\u00e1 muy muy poco, podemos esperar que por lo menos su viaje al espacio se confirme, y es por esto que regresa tanto tiempo despu\u00e9s. Este mutante, no tiene otro objetivo m\u00e1s que el poder y el conocimiento, aunado al extremo poder que posee, es un tipo casi invencible, de hecho de toda la vida se le a colocado c\u00f3mo el villano de MARVEL contraparte del gran DARKSEID de DC.<\/p>\n<p style=\"text-align: justify\">Es un villano temible, que tambi\u00e9n es capaz de controlar a mutantes de gran poder, especialmente los 4 m\u00e1s poderosos de su ejercito, los coloca c\u00f3mo sus JINETES, as\u00ed es LOS 4 JINETES DEL APOCALIPSIS, en este trailer nos sorprende gratamente qui\u00e9nes son, principalmente por ARC\u00c1NGEL, que es realmente un tipo extremadamente poderoso.<\/p>\n<p style=\"text-align: justify\">Veremos a una nueva STORM, una nueva JEAN GREY y un nuevo CYCLOPS, adem\u00e1s del regreso de toda la gran camada de mutantes de las dos entregas pasadas, no veremos elementos de la trilog\u00eda original, pero a\u00fan as\u00ed, veremos al gran MAGNETO de Michael Fassbender m\u00e1s poderoso que nunca, o por lo menos eso parece.<\/p>\n<p style=\"text-align: justify\">El tr\u00e1iler muestra muchos detalles, pero no les platicamos m\u00e1s y los dejamos para que lo pueden ver y disfrutar:<\/p>\n<p><span class=\"embed-youtube\" style=\"text-align:center; display: block;\"><iframe class=\"youtube-player\" width=\"1200\" height=\"675\" src=\"https:\/\/www.youtube.com\/embed\/bgQcilG-7as?version=3&#038;rel=1&#038;showsearch=0&#038;showinfo=1&#038;iv_load_policy=1&#038;fs=1&#038;hl=es-MX&#038;autohide=2&#038;wmode=transparent\" allowfullscreen=\"true\" style=\"border:0;\" sandbox=\"allow-scripts allow-same-origin allow-popups allow-presentation allow-popups-to-escape-sandbox\"><\/iframe><\/span><\/p>\n<p style=\"text-align: justify\">\u00bfQu\u00e9 les pareci\u00f3 el trailer de XMEN APOCALYPSE?<\/p>\n","protected":false},"excerpt":{"rendered":"El cierre de a\u00f1o esta resultando espectacular, y solo nos deja con muchas ansias de estar ya en&hellip;\n","protected":false},"author":11,"featured_media":24516,"comment_status":"open","ping_status":"open","sticky":false,"template":"","format":"standard","meta":{"jetpack_post_was_ever_published":false,"_jetpack_newsletter_access":"","_jetpack_dont_email_post_to_subs":false,"_jetpack_newsletter_tier_id":0,"_jetpack_memberships_contains_paywalled_content":false,"_jetpack_memberships_contains_paid_content":false,"footnotes":"","jetpack_publicize_message":"","jetpack_publicize_feature_enabled":true,"jetpack_social_post_already_shared":true,"jetpack_social_options":{"image_generator_settings":{"template":"highway","default_image_id":0,"font":"","enabled":false},"version":2}},"categories":[9],"tags":[396,394,395],"class_list":{"0":"post-24515","1":"post","2":"type-post","3":"status-publish","4":"format-standard","5":"has-post-thumbnail","7":"category-cine","8":"tag-20th-century-fox","9":"tag-xmen","10":"tag-xmen-apocalypse","11":"cs-entry","12":"cs-video-wrap"},"yoast_head":"<!-- This site is optimized with the Yoast SEO plugin v27.4 - https:\/\/yoast.com\/product\/yoast-seo-wordpress\/ -->\n<title>Primer tr\u00e1iler oficial de XMEN APOCALYPSE - Kalot<\/title>\n<meta name=\"description\" content=\"El cierre de a\u00f1o esta resultando espectacular, y solo nos deja con muchas ansias de estar ya en el 2016, porque cada vez mejores pel\u00edculas se acercan, y\" \/>\n<meta name=\"robots\" content=\"index, follow, max-snippet:-1, max-image-preview:large, max-video-preview:-1\" \/>\n<link rel=\"canonical\" href=\"https:\/\/kalot.com.mx\/site\/2015\/12\/11\/primer-trailer-oficial-de-xmen-apocalypse\/\" \/>\n<meta property=\"og:locale\" content=\"es_MX\" \/>\n<meta property=\"og:type\" content=\"article\" \/>\n<meta property=\"og:title\" content=\"Primer tr\u00e1iler oficial de XMEN APOCALYPSE - Kalot\" \/>\n<meta property=\"og:description\" content=\"El cierre de a\u00f1o esta resultando espectacular, y solo nos deja con muchas ansias de estar ya en el 2016, porque cada vez mejores pel\u00edculas se acercan, y\" \/>\n<meta property=\"og:url\" content=\"https:\/\/kalot.com.mx\/site\/2015\/12\/11\/primer-trailer-oficial-de-xmen-apocalypse\/\" \/>\n<meta property=\"og:site_name\" content=\"Kalot\" \/>\n<meta property=\"article:publisher\" content=\"http:\/\/facebook.com\/mxkalot\" \/>\n<meta property=\"article:published_time\" content=\"2015-12-11T14:57:27+00:00\" \/>\n<meta property=\"article:modified_time\" content=\"2015-12-15T01:58:33+00:00\" \/>\n<meta property=\"og:image\" content=\"https:\/\/i0.wp.com\/kalot.com.mx\/site\/wp-content\/uploads\/2015\/12\/ew-cover-1373-xmen_612x380-1.jpg?fit=640%2C397&ssl=1\" \/>\n\t<meta property=\"og:image:width\" content=\"640\" \/>\n\t<meta property=\"og:image:height\" content=\"397\" \/>\n\t<meta property=\"og:image:type\" content=\"image\/jpeg\" \/>\n<meta name=\"author\" content=\"HM_MKT007\" \/>\n<meta name=\"twitter:card\" content=\"summary_large_image\" \/>\n<meta name=\"twitter:creator\" content=\"@HM_MKT007\" \/>\n<meta name=\"twitter:site\" content=\"@kalotmx\" \/>\n<meta name=\"twitter:label1\" content=\"Escrito por\" \/>\n\t<meta name=\"twitter:data1\" content=\"HM_MKT007\" \/>\n\t<meta name=\"twitter:label2\" content=\"Tiempo de lectura\" \/>\n\t<meta name=\"twitter:data2\" content=\"2 minutos\" \/>\n<!-- \/ Yoast SEO plugin. -->","yoast_head_json":{"title":"Primer tr\u00e1iler oficial de XMEN APOCALYPSE - Kalot","description":"El cierre de a\u00f1o esta resultando espectacular, y solo nos deja con muchas ansias de estar ya en el 2016, porque cada vez mejores pel\u00edculas se acercan, y","robots":{"index":"index","follow":"follow","max-snippet":"max-snippet:-1","max-image-preview":"max-image-preview:large","max-video-preview":"max-video-preview:-1"},"canonical":"https:\/\/kalot.com.mx\/site\/2015\/12\/11\/primer-trailer-oficial-de-xmen-apocalypse\/","og_locale":"es_MX","og_type":"article","og_title":"Primer tr\u00e1iler oficial de XMEN APOCALYPSE - Kalot","og_description":"El cierre de a\u00f1o esta resultando espectacular, y solo nos deja con muchas ansias de estar ya en el 2016, porque cada vez mejores pel\u00edculas se acercan, y","og_url":"https:\/\/kalot.com.mx\/site\/2015\/12\/11\/primer-trailer-oficial-de-xmen-apocalypse\/","og_site_name":"Kalot","article_publisher":"http:\/\/facebook.com\/mxkalot","article_published_time":"2015-12-11T14:57:27+00:00","article_modified_time":"2015-12-15T01:58:33+00:00","og_image":[{"width":640,"height":397,"url":"https:\/\/i0.wp.com\/kalot.com.mx\/site\/wp-content\/uploads\/2015\/12\/ew-cover-1373-xmen_612x380-1.jpg?fit=640%2C397&ssl=1","type":"image\/jpeg"}],"author":"HM_MKT007","twitter_card":"summary_large_image","twitter_creator":"@HM_MKT007","twitter_site":"@kalotmx","twitter_misc":{"Escrito por":"HM_MKT007","Tiempo de lectura":"2 minutos"},"schema":{"@context":"https:\/\/schema.org","@graph":[{"@type":"Article","@id":"https:\/\/kalot.com.mx\/site\/2015\/12\/11\/primer-trailer-oficial-de-xmen-apocalypse\/#article","isPartOf":{"@id":"https:\/\/kalot.com.mx\/site\/2015\/12\/11\/primer-trailer-oficial-de-xmen-apocalypse\/"},"author":{"name":"HM_MKT007","@id":"https:\/\/kalot.com.mx\/site\/#\/schema\/person\/60f6fe29bfd83707f2738bccc81156ec"},"headline":"Primer tr\u00e1iler oficial de XMEN APOCALYPSE","datePublished":"2015-12-11T14:57:27+00:00","dateModified":"2015-12-15T01:58:33+00:00","mainEntityOfPage":{"@id":"https:\/\/kalot.com.mx\/site\/2015\/12\/11\/primer-trailer-oficial-de-xmen-apocalypse\/"},"wordCount":405,"commentCount":0,"publisher":{"@id":"https:\/\/kalot.com.mx\/site\/#organization"},"image":{"@id":"https:\/\/kalot.com.mx\/site\/2015\/12\/11\/primer-trailer-oficial-de-xmen-apocalypse\/#primaryimage"},"thumbnailUrl":"https:\/\/i0.wp.com\/kalot.com.mx\/site\/wp-content\/uploads\/2015\/12\/ew-cover-1373-xmen_612x380-1.jpg?fit=640%2C397&ssl=1","keywords":["20th century fox","XMEN","XMEN APOCALYPSE"],"articleSection":["Cine"],"inLanguage":"es","potentialAction":[{"@type":"CommentAction","name":"Comment","target":["https:\/\/kalot.com.mx\/site\/2015\/12\/11\/primer-trailer-oficial-de-xmen-apocalypse\/#respond"]}]},{"@type":"WebPage","@id":"https:\/\/kalot.com.mx\/site\/2015\/12\/11\/primer-trailer-oficial-de-xmen-apocalypse\/","url":"https:\/\/kalot.com.mx\/site\/2015\/12\/11\/primer-trailer-oficial-de-xmen-apocalypse\/","name":"Primer tr\u00e1iler oficial de XMEN APOCALYPSE - Kalot","isPartOf":{"@id":"https:\/\/kalot.com.mx\/site\/#website"},"primaryImageOfPage":{"@id":"https:\/\/kalot.com.mx\/site\/2015\/12\/11\/primer-trailer-oficial-de-xmen-apocalypse\/#primaryimage"},"image":{"@id":"https:\/\/kalot.com.mx\/site\/2015\/12\/11\/primer-trailer-oficial-de-xmen-apocalypse\/#primaryimage"},"thumbnailUrl":"https:\/\/i0.wp.com\/kalot.com.mx\/site\/wp-content\/uploads\/2015\/12\/ew-cover-1373-xmen_612x380-1.jpg?fit=640%2C397&ssl=1","datePublished":"2015-12-11T14:57:27+00:00","dateModified":"2015-12-15T01:58:33+00:00","description":"El cierre de a\u00f1o esta resultando espectacular, y solo nos deja con muchas ansias de estar ya en el 2016, porque cada vez mejores pel\u00edculas se acercan, y","breadcrumb":{"@id":"https:\/\/kalot.com.mx\/site\/2015\/12\/11\/primer-trailer-oficial-de-xmen-apocalypse\/#breadcrumb"},"inLanguage":"es","potentialAction":[{"@type":"ReadAction","target":["https:\/\/kalot.com.mx\/site\/2015\/12\/11\/primer-trailer-oficial-de-xmen-apocalypse\/"]}]},{"@type":"ImageObject","inLanguage":"es","@id":"https:\/\/kalot.com.mx\/site\/2015\/12\/11\/primer-trailer-oficial-de-xmen-apocalypse\/#primaryimage","url":"https:\/\/i0.wp.com\/kalot.com.mx\/site\/wp-content\/uploads\/2015\/12\/ew-cover-1373-xmen_612x380-1.jpg?fit=640%2C397&ssl=1","contentUrl":"https:\/\/i0.wp.com\/kalot.com.mx\/site\/wp-content\/uploads\/2015\/12\/ew-cover-1373-xmen_612x380-1.jpg?fit=640%2C397&ssl=1","width":640,"height":397},{"@type":"BreadcrumbList","@id":"https:\/\/kalot.com.mx\/site\/2015\/12\/11\/primer-trailer-oficial-de-xmen-apocalypse\/#breadcrumb","itemListElement":[{"@type":"ListItem","position":1,"name":"Home","item":"https:\/\/kalot.com.mx\/site\/"},{"@type":"ListItem","position":2,"name":"Primer tr\u00e1iler oficial de XMEN APOCALYPSE"}]},{"@type":"WebSite","@id":"https:\/\/kalot.com.mx\/site\/#website","url":"https:\/\/kalot.com.mx\/site\/","name":"Kalot","description":"Conoce Todo Sobre Todo","publisher":{"@id":"https:\/\/kalot.com.mx\/site\/#organization"},"potentialAction":[{"@type":"SearchAction","target":{"@type":"EntryPoint","urlTemplate":"https:\/\/kalot.com.mx\/site\/?s={search_term_string}"},"query-input":{"@type":"PropertyValueSpecification","valueRequired":true,"valueName":"search_term_string"}}],"inLanguage":"es"},{"@type":"Organization","@id":"https:\/\/kalot.com.mx\/site\/#organization","name":"Kalot","url":"https:\/\/kalot.com.mx\/site\/","logo":{"@type":"ImageObject","inLanguage":"es","@id":"https:\/\/kalot.com.mx\/site\/#\/schema\/logo\/image\/","url":"https:\/\/i0.wp.com\/kalot.com.mx\/site\/wp-content\/uploads\/2020\/04\/Kalot-logo-sin-tagline.png?fit=1707%2C1014&ssl=1","contentUrl":"https:\/\/i0.wp.com\/kalot.com.mx\/site\/wp-content\/uploads\/2020\/04\/Kalot-logo-sin-tagline.png?fit=1707%2C1014&ssl=1","width":1707,"height":1014,"caption":"Kalot"},"image":{"@id":"https:\/\/kalot.com.mx\/site\/#\/schema\/logo\/image\/"},"sameAs":["http:\/\/facebook.com\/mxkalot","https:\/\/x.com\/kalotmx","http:\/\/instagram.com\/kalotmx","http:\/\/pinterest.com\/jorgeerana\/kalot"]},{"@type":"Person","@id":"https:\/\/kalot.com.mx\/site\/#\/schema\/person\/60f6fe29bfd83707f2738bccc81156ec","name":"HM_MKT007","image":{"@type":"ImageObject","inLanguage":"es","@id":"https:\/\/secure.gravatar.com\/avatar\/8d5ec09079a21301186c9f7e8b973012363772e45326c576666fe5c082ebd717?s=96&d=mm&r=g","url":"https:\/\/secure.gravatar.com\/avatar\/8d5ec09079a21301186c9f7e8b973012363772e45326c576666fe5c082ebd717?s=96&d=mm&r=g","contentUrl":"https:\/\/secure.gravatar.com\/avatar\/8d5ec09079a21301186c9f7e8b973012363772e45326c576666fe5c082ebd717?s=96&d=mm&r=g","caption":"HM_MKT007"},"sameAs":["https:\/\/x.com\/@HM_MKT007"],"url":"https:\/\/kalot.com.mx\/site\/author\/hectorhdz\/"}]}},"jetpack_publicize_connections":[],"jetpack_featured_media_url":"https:\/\/i0.wp.com\/kalot.com.mx\/site\/wp-content\/uploads\/2015\/12\/ew-cover-1373-xmen_612x380-1.jpg?fit=640%2C397&ssl=1","jetpack_shortlink":"https:\/\/wp.me\/p6IHEI-6np","jetpack-related-posts":[{"id":25452,"url":"https:\/\/kalot.com.mx\/site\/2016\/05\/24\/xmen-apocalipsis-sencillamente-la-mejor-la-saga\/","url_meta":{"origin":24515,"position":0},"title":"XMEN APOCALIPSIS, sencillamente, la mejor de la saga.","author":"HM_MKT007","date":"24 mayo, 2016","format":false,"excerpt":"La semana pasada, llego el estreno de una pel\u00edcula m\u00e1s de s\u00faper h\u00e9roes, llego una de las m\u00e1s importantes apuestas por parte de FOX, y en especial, una que tiene que lograr resultados arrolladores, y parece ser, que as\u00ed ser\u00e1, sin m\u00e1s rodeos, esta es la rese\u00f1a de la pel\u00edcula\u2026","rel":"","context":"En &quot;Cine&quot;","block_context":{"text":"Cine","link":"https:\/\/kalot.com.mx\/site\/category\/cine\/"},"img":{"alt_text":"","src":"https:\/\/i0.wp.com\/kalot.com.mx\/site\/wp-content\/uploads\/2016\/05\/xmen-apocalipsis2.jpg?fit=1200%2C781&ssl=1&resize=350%2C200","width":350,"height":200,"srcset":"https:\/\/i0.wp.com\/kalot.com.mx\/site\/wp-content\/uploads\/2016\/05\/xmen-apocalipsis2.jpg?fit=1200%2C781&ssl=1&resize=350%2C200 1x, https:\/\/i0.wp.com\/kalot.com.mx\/site\/wp-content\/uploads\/2016\/05\/xmen-apocalipsis2.jpg?fit=1200%2C781&ssl=1&resize=525%2C300 1.5x, https:\/\/i0.wp.com\/kalot.com.mx\/site\/wp-content\/uploads\/2016\/05\/xmen-apocalipsis2.jpg?fit=1200%2C781&ssl=1&resize=700%2C400 2x, https:\/\/i0.wp.com\/kalot.com.mx\/site\/wp-content\/uploads\/2016\/05\/xmen-apocalipsis2.jpg?fit=1200%2C781&ssl=1&resize=1050%2C600 3x"},"classes":[]},{"id":17874,"url":"https:\/\/kalot.com.mx\/site\/2014\/09\/02\/juguemos-adivinar-con-x-men-cinematic-universe\/","url_meta":{"origin":24515,"position":1},"title":"JUGUEMOS A ADIVINAR con: X-MEN CINEMATIC  UNIVERSE","author":"HM_MKT007","date":"2 septiembre, 2014","format":false,"excerpt":"Esta secci\u00f3n en lo personal me agrada mucho, porque es muy divertido hacer esto, IMAGINAR que pasar\u00e1, y en esta ocasi\u00f3n, hacemos un brinco dentro del mundo superheroe, porque estamos en el universo de MARVEL, pero dentro del CINEMATIC UNIVERSE, sabemos que que muchos personajes no est\u00e1n en propiedad de\u2026","rel":"","context":"Entrada similar ","block_context":{"text":"Entrada similar ","link":""},"img":{"alt_text":"","src":"https:\/\/i0.wp.com\/kalot.com.mx\/site\/wp-content\/uploads\/2014\/09\/imagen-99.jpg?fit=1022%2C451&ssl=1&resize=350%2C200","width":350,"height":200,"srcset":"https:\/\/i0.wp.com\/kalot.com.mx\/site\/wp-content\/uploads\/2014\/09\/imagen-99.jpg?fit=1022%2C451&ssl=1&resize=350%2C200 1x, https:\/\/i0.wp.com\/kalot.com.mx\/site\/wp-content\/uploads\/2014\/09\/imagen-99.jpg?fit=1022%2C451&ssl=1&resize=525%2C300 1.5x, https:\/\/i0.wp.com\/kalot.com.mx\/site\/wp-content\/uploads\/2014\/09\/imagen-99.jpg?fit=1022%2C451&ssl=1&resize=700%2C400 2x"},"classes":[]},{"id":24850,"url":"https:\/\/kalot.com.mx\/site\/2016\/01\/29\/wolverine-murio-pero-es-remplazado-por\/","url_meta":{"origin":24515,"position":2},"title":"WOLVERINE esta muerto, pero ser\u00e1 remplazado por&#8230;","author":"HM_MKT007","date":"29 enero, 2016","format":false,"excerpt":"Hace un tiempo, inicio una serie llamada DEATH OF WOLVERINE, y s\u00ed, c\u00f3mo se imaginar\u00e1n, se trato de la muerte del gran LOGAN, o m\u00e1s conocido por todos c\u00f3mo WOLVERINE, y aunque sigue muerto, ya tiene un sustituto, algo que no se esperaba, bastante sorpresiva la decisi\u00f3n de MARVEL C\u00d3MICS.\u2026","rel":"","context":"En &quot;Novedades&quot;","block_context":{"text":"Novedades","link":"https:\/\/kalot.com.mx\/site\/category\/novedades\/"},"img":{"alt_text":"","src":"https:\/\/i0.wp.com\/kalot.com.mx\/site\/wp-content\/uploads\/2016\/01\/Portada-caricatura.jpg?fit=980%2C417&ssl=1&resize=350%2C200","width":350,"height":200,"srcset":"https:\/\/i0.wp.com\/kalot.com.mx\/site\/wp-content\/uploads\/2016\/01\/Portada-caricatura.jpg?fit=980%2C417&ssl=1&resize=350%2C200 1x, https:\/\/i0.wp.com\/kalot.com.mx\/site\/wp-content\/uploads\/2016\/01\/Portada-caricatura.jpg?fit=980%2C417&ssl=1&resize=525%2C300 1.5x, https:\/\/i0.wp.com\/kalot.com.mx\/site\/wp-content\/uploads\/2016\/01\/Portada-caricatura.jpg?fit=980%2C417&ssl=1&resize=700%2C400 2x"},"classes":[]},{"id":24933,"url":"https:\/\/kalot.com.mx\/site\/2016\/02\/12\/laresena-deadpool\/","url_meta":{"origin":24515,"position":3},"title":"#LaRese\u00f1a: Deadpool","author":"yash","date":"12 febrero, 2016","format":false,"excerpt":"Esta podr\u00eda ser una rese\u00f1a formal y objetiva... pero ese no ser\u00eda el estilo de Deadpool as\u00ed que la resumir\u00e9 en \u00a1Jodidamente espectacular! As\u00ed es, esta rese\u00f1a tendr\u00e1 un estilo diferente a las dem\u00e1s simplemente porque la pel\u00edcula lo amerita. No se puede hablar serio si se trata de Deadpool\u2026","rel":"","context":"En &quot;Cine&quot;","block_context":{"text":"Cine","link":"https:\/\/kalot.com.mx\/site\/category\/cine\/"},"img":{"alt_text":"","src":"https:\/\/i0.wp.com\/kalot.com.mx\/site\/wp-content\/uploads\/2016\/02\/deadpool3.jpg?fit=1200%2C646&ssl=1&resize=350%2C200","width":350,"height":200,"srcset":"https:\/\/i0.wp.com\/kalot.com.mx\/site\/wp-content\/uploads\/2016\/02\/deadpool3.jpg?fit=1200%2C646&ssl=1&resize=350%2C200 1x, https:\/\/i0.wp.com\/kalot.com.mx\/site\/wp-content\/uploads\/2016\/02\/deadpool3.jpg?fit=1200%2C646&ssl=1&resize=525%2C300 1.5x, https:\/\/i0.wp.com\/kalot.com.mx\/site\/wp-content\/uploads\/2016\/02\/deadpool3.jpg?fit=1200%2C646&ssl=1&resize=700%2C400 2x, https:\/\/i0.wp.com\/kalot.com.mx\/site\/wp-content\/uploads\/2016\/02\/deadpool3.jpg?fit=1200%2C646&ssl=1&resize=1050%2C600 3x"},"classes":[]},{"id":24506,"url":"https:\/\/kalot.com.mx\/site\/2015\/12\/10\/trailers-de-las-peliculas-mas-esperadas-para-2016\/","url_meta":{"origin":24515,"position":4},"title":"Tr\u00e1ilers de las pel\u00edculas m\u00e1s esperadas para 2016","author":"HM_MKT007","date":"10 diciembre, 2015","format":false,"excerpt":"Ahhh que bonito es iniciar un a\u00f1o con tan buenas expectativas, m\u00e1s cuanto tienes una lista tan amplia eh interesante de pel\u00edculas por ver, m\u00e1s cuando son tan emocionantes, \u00e9picos, divertidos, y cuanto se les ocurra, sin dudas, nos dejan con la emoci\u00f3n en lo m\u00e1s alto, y con ganas\u2026","rel":"","context":"En &quot;Cine&quot;","block_context":{"text":"Cine","link":"https:\/\/kalot.com.mx\/site\/category\/cine\/"},"img":{"alt_text":"","src":"https:\/\/i0.wp.com\/kalot.com.mx\/site\/wp-content\/uploads\/2015\/12\/cine.jpg?fit=618%2C336&ssl=1&resize=350%2C200","width":350,"height":200,"srcset":"https:\/\/i0.wp.com\/kalot.com.mx\/site\/wp-content\/uploads\/2015\/12\/cine.jpg?fit=618%2C336&ssl=1&resize=350%2C200 1x, https:\/\/i0.wp.com\/kalot.com.mx\/site\/wp-content\/uploads\/2015\/12\/cine.jpg?fit=618%2C336&ssl=1&resize=525%2C300 1.5x"},"classes":[]},{"id":22241,"url":"https:\/\/kalot.com.mx\/site\/2015\/07\/13\/trailer-filtrado-de-x-men-apocalypse\/","url_meta":{"origin":24515,"position":5},"title":"Tr\u00e1iler filtrado de X-Men: Apocalypse","author":"Jorge Era\u00f1a","date":"13 julio, 2015","format":false,"excerpt":"Este ha sido un mes bastante bueno para el cine y los fan\u00e1ticos de los Super H\u00e9roes, ya nos presentaron el tr\u00e1iler de BatmanVSuperman, el de Deadpool\u00a0y\u00a0el fant\u00e1stico avance de Suicide Squad. Ahora tenemos un tr\u00e1iler filtrado de X-Men: Apocalypse desde la Comic-Con de San Diego,\u00a0con una calidad que deja\u2026","rel":"","context":"Entrada similar ","block_context":{"text":"Entrada similar ","link":""},"img":{"alt_text":"","src":"https:\/\/i0.wp.com\/kalot.com.mx\/site\/wp-content\/uploads\/2015\/07\/Comic-Con-International-2015-20th-Century-Ay9McB3V1ZXx.jpg?fit=1024%2C713&ssl=1&resize=350%2C200","width":350,"height":200,"srcset":"https:\/\/i0.wp.com\/kalot.com.mx\/site\/wp-content\/uploads\/2015\/07\/Comic-Con-International-2015-20th-Century-Ay9McB3V1ZXx.jpg?fit=1024%2C713&ssl=1&resize=350%2C200 1x, https:\/\/i0.wp.com\/kalot.com.mx\/site\/wp-content\/uploads\/2015\/07\/Comic-Con-International-2015-20th-Century-Ay9McB3V1ZXx.jpg?fit=1024%2C713&ssl=1&resize=525%2C300 1.5x, https:\/\/i0.wp.com\/kalot.com.mx\/site\/wp-content\/uploads\/2015\/07\/Comic-Con-International-2015-20th-Century-Ay9McB3V1ZXx.jpg?fit=1024%2C713&ssl=1&resize=700%2C400 2x"},"classes":[]}],"jetpack_sharing_enabled":true,"_links":{"self":[{"href":"https:\/\/kalot.com.mx\/site\/wp-json\/wp\/v2\/posts\/24515","targetHints":{"allow":["GET"]}}],"collection":[{"href":"https:\/\/kalot.com.mx\/site\/wp-json\/wp\/v2\/posts"}],"about":[{"href":"https:\/\/kalot.com.mx\/site\/wp-json\/wp\/v2\/types\/post"}],"author":[{"embeddable":true,"href":"https:\/\/kalot.com.mx\/site\/wp-json\/wp\/v2\/users\/11"}],"replies":[{"embeddable":true,"href":"https:\/\/kalot.com.mx\/site\/wp-json\/wp\/v2\/comments?post=24515"}],"version-history":[{"count":2,"href":"https:\/\/kalot.com.mx\/site\/wp-json\/wp\/v2\/posts\/24515\/revisions"}],"predecessor-version":[{"id":24519,"href":"https:\/\/kalot.com.mx\/site\/wp-json\/wp\/v2\/posts\/24515\/revisions\/24519"}],"wp:featuredmedia":[{"embeddable":true,"href":"https:\/\/kalot.com.mx\/site\/wp-json\/wp\/v2\/media\/24516"}],"wp:attachment":[{"href":"https:\/\/kalot.com.mx\/site\/wp-json\/wp\/v2\/media?parent=24515"}],"wp:term":[{"taxonomy":"category","embeddable":true,"href":"https:\/\/kalot.com.mx\/site\/wp-json\/wp\/v2\/categories?post=24515"},{"taxonomy":"post_tag","embeddable":true,"href":"https:\/\/kalot.com.mx\/site\/wp-json\/wp\/v2\/tags?post=24515"}],"curies":[{"name":"wp","href":"https:\/\/api.w.org\/{rel}","templated":true}]}}