{"id":24291,"date":"2015-11-18T07:37:13","date_gmt":"2015-11-18T13:37:13","guid":{"rendered":"http:\/\/kalot.com.mx\/site\/?p=24291"},"modified":"2015-11-18T07:37:13","modified_gmt":"2015-11-18T13:37:13","slug":"primer-trailer-de-zoolander-2","status":"publish","type":"post","link":"https:\/\/kalot.com.mx\/site\/2015\/11\/18\/primer-trailer-de-zoolander-2\/","title":{"rendered":"Primer tr\u00e1iler de Zoolander 2"},"content":{"rendered":"<p>&#x1f631;&#x1f631;&#x1f631;&#x1f631;&#x1f631;&#x1f631;&#x1f631;&#x1f631;&#x1f631;&#x1f631;<\/p>\n<p>Primer tr\u00e1iler de Zoolander 2<\/p>\n<p>En desarrollo&#8230;<\/p>\n<p><span class=\"embed-youtube\" style=\"text-align:center; display: block;\"><iframe class=\"youtube-player\" width=\"1200\" height=\"675\" src=\"https:\/\/www.youtube.com\/embed\/4CL4LNWHegk?version=3&#038;rel=1&#038;showsearch=0&#038;showinfo=1&#038;iv_load_policy=1&#038;fs=1&#038;hl=es-MX&#038;autohide=2&#038;wmode=transparent\" allowfullscreen=\"true\" style=\"border:0;\" sandbox=\"allow-scripts allow-same-origin allow-popups allow-presentation allow-popups-to-escape-sandbox\"><\/iframe><\/span><\/p>\n<p>&nbsp;<\/p>\n","protected":false},"excerpt":{"rendered":"&#x1f631;&#x1f631;&#x1f631;&#x1f631;&#x1f631;&#x1f631;&#x1f631;&#x1f631;&#x1f631;&#x1f631; Primer tr\u00e1iler de Zoolander 2 En desarrollo&#8230; &nbsp;\n","protected":false},"author":1,"featured_media":24292,"comment_status":"open","ping_status":"open","sticky":false,"template":"","format":"standard","meta":{"jetpack_post_was_ever_published":false,"_jetpack_newsletter_access":"","_jetpack_dont_email_post_to_subs":false,"_jetpack_newsletter_tier_id":0,"_jetpack_memberships_contains_paywalled_content":false,"_jetpack_memberships_contains_paid_content":false,"footnotes":"","jetpack_publicize_message":"","jetpack_publicize_feature_enabled":true,"jetpack_social_post_already_shared":true,"jetpack_social_options":{"image_generator_settings":{"template":"highway","default_image_id":0,"font":"","enabled":false},"version":2}},"categories":[9],"tags":[262],"class_list":{"0":"post-24291","1":"post","2":"type-post","3":"status-publish","4":"format-standard","5":"has-post-thumbnail","7":"category-cine","8":"tag-zoolander-2","9":"cs-entry","10":"cs-video-wrap"},"yoast_head":"<!-- This site is optimized with the Yoast SEO plugin v27.5 - https:\/\/yoast.com\/product\/yoast-seo-wordpress\/ -->\n<title>Primer tr\u00e1iler de Zoolander 2 - Kalot<\/title>\n<meta name=\"description\" content=\"&#x1f631;&#x1f631;&#x1f631;&#x1f631;&#x1f631;&#x1f631;&#x1f631;&#x1f631;&#x1f631;&#x1f631; Primer tr\u00e1iler de Zoolander 2 En desarrollo...\" \/>\n<meta name=\"robots\" content=\"index, follow, max-snippet:-1, max-image-preview:large, max-video-preview:-1\" \/>\n<link rel=\"canonical\" href=\"https:\/\/kalot.com.mx\/site\/2015\/11\/18\/primer-trailer-de-zoolander-2\/\" \/>\n<meta property=\"og:locale\" content=\"es_MX\" \/>\n<meta property=\"og:type\" content=\"article\" \/>\n<meta property=\"og:title\" content=\"Primer tr\u00e1iler de Zoolander 2 - Kalot\" \/>\n<meta property=\"og:description\" content=\"&#x1f631;&#x1f631;&#x1f631;&#x1f631;&#x1f631;&#x1f631;&#x1f631;&#x1f631;&#x1f631;&#x1f631; Primer tr\u00e1iler de Zoolander 2 En desarrollo...\" \/>\n<meta property=\"og:url\" content=\"https:\/\/kalot.com.mx\/site\/2015\/11\/18\/primer-trailer-de-zoolander-2\/\" \/>\n<meta property=\"og:site_name\" content=\"Kalot\" \/>\n<meta property=\"article:publisher\" content=\"http:\/\/facebook.com\/mxkalot\" \/>\n<meta property=\"article:author\" content=\"http:\/\/www.facebook.com\/jorgeerana\" \/>\n<meta property=\"article:published_time\" content=\"2015-11-18T13:37:13+00:00\" \/>\n<meta property=\"og:image\" content=\"https:\/\/i0.wp.com\/kalot.com.mx\/site\/wp-content\/uploads\/2015\/11\/image.jpeg?fit=470%2C313&ssl=1\" \/>\n\t<meta property=\"og:image:width\" content=\"470\" \/>\n\t<meta property=\"og:image:height\" content=\"313\" \/>\n\t<meta property=\"og:image:type\" content=\"image\/jpeg\" \/>\n<meta name=\"author\" content=\"Jorge Era\u00f1a\" \/>\n<meta name=\"twitter:card\" content=\"summary_large_image\" \/>\n<meta name=\"twitter:creator\" content=\"@jorge_erana\" \/>\n<meta name=\"twitter:site\" content=\"@kalotmx\" \/>\n<meta name=\"twitter:label1\" content=\"Escrito por\" \/>\n\t<meta name=\"twitter:data1\" content=\"Jorge Era\u00f1a\" \/>\n<!-- \/ Yoast SEO plugin. -->","yoast_head_json":{"title":"Primer tr\u00e1iler de Zoolander 2 - Kalot","description":"&#x1f631;&#x1f631;&#x1f631;&#x1f631;&#x1f631;&#x1f631;&#x1f631;&#x1f631;&#x1f631;&#x1f631; Primer tr\u00e1iler de Zoolander 2 En desarrollo...","robots":{"index":"index","follow":"follow","max-snippet":"max-snippet:-1","max-image-preview":"max-image-preview:large","max-video-preview":"max-video-preview:-1"},"canonical":"https:\/\/kalot.com.mx\/site\/2015\/11\/18\/primer-trailer-de-zoolander-2\/","og_locale":"es_MX","og_type":"article","og_title":"Primer tr\u00e1iler de Zoolander 2 - Kalot","og_description":"&#x1f631;&#x1f631;&#x1f631;&#x1f631;&#x1f631;&#x1f631;&#x1f631;&#x1f631;&#x1f631;&#x1f631; Primer tr\u00e1iler de Zoolander 2 En desarrollo...","og_url":"https:\/\/kalot.com.mx\/site\/2015\/11\/18\/primer-trailer-de-zoolander-2\/","og_site_name":"Kalot","article_publisher":"http:\/\/facebook.com\/mxkalot","article_author":"http:\/\/www.facebook.com\/jorgeerana","article_published_time":"2015-11-18T13:37:13+00:00","og_image":[{"width":470,"height":313,"url":"https:\/\/i0.wp.com\/kalot.com.mx\/site\/wp-content\/uploads\/2015\/11\/image.jpeg?fit=470%2C313&ssl=1","type":"image\/jpeg"}],"author":"Jorge Era\u00f1a","twitter_card":"summary_large_image","twitter_creator":"@jorge_erana","twitter_site":"@kalotmx","twitter_misc":{"Escrito por":"Jorge Era\u00f1a"},"schema":{"@context":"https:\/\/schema.org","@graph":[{"@type":"Article","@id":"https:\/\/kalot.com.mx\/site\/2015\/11\/18\/primer-trailer-de-zoolander-2\/#article","isPartOf":{"@id":"https:\/\/kalot.com.mx\/site\/2015\/11\/18\/primer-trailer-de-zoolander-2\/"},"author":{"name":"Jorge Era\u00f1a","@id":"https:\/\/kalot.com.mx\/site\/#\/schema\/person\/439e32b5ce86d9bc80cf42ab58e1c6e0"},"headline":"Primer tr\u00e1iler de Zoolander 2","datePublished":"2015-11-18T13:37:13+00:00","mainEntityOfPage":{"@id":"https:\/\/kalot.com.mx\/site\/2015\/11\/18\/primer-trailer-de-zoolander-2\/"},"wordCount":59,"commentCount":0,"publisher":{"@id":"https:\/\/kalot.com.mx\/site\/#organization"},"image":{"@id":"https:\/\/kalot.com.mx\/site\/2015\/11\/18\/primer-trailer-de-zoolander-2\/#primaryimage"},"thumbnailUrl":"https:\/\/i0.wp.com\/kalot.com.mx\/site\/wp-content\/uploads\/2015\/11\/image.jpeg?fit=470%2C313&ssl=1","keywords":["Zoolander 2"],"articleSection":["Cine"],"inLanguage":"es","potentialAction":[{"@type":"CommentAction","name":"Comment","target":["https:\/\/kalot.com.mx\/site\/2015\/11\/18\/primer-trailer-de-zoolander-2\/#respond"]}]},{"@type":"WebPage","@id":"https:\/\/kalot.com.mx\/site\/2015\/11\/18\/primer-trailer-de-zoolander-2\/","url":"https:\/\/kalot.com.mx\/site\/2015\/11\/18\/primer-trailer-de-zoolander-2\/","name":"Primer tr\u00e1iler de Zoolander 2 - Kalot","isPartOf":{"@id":"https:\/\/kalot.com.mx\/site\/#website"},"primaryImageOfPage":{"@id":"https:\/\/kalot.com.mx\/site\/2015\/11\/18\/primer-trailer-de-zoolander-2\/#primaryimage"},"image":{"@id":"https:\/\/kalot.com.mx\/site\/2015\/11\/18\/primer-trailer-de-zoolander-2\/#primaryimage"},"thumbnailUrl":"https:\/\/i0.wp.com\/kalot.com.mx\/site\/wp-content\/uploads\/2015\/11\/image.jpeg?fit=470%2C313&ssl=1","datePublished":"2015-11-18T13:37:13+00:00","description":"&#x1f631;&#x1f631;&#x1f631;&#x1f631;&#x1f631;&#x1f631;&#x1f631;&#x1f631;&#x1f631;&#x1f631; Primer tr\u00e1iler de Zoolander 2 En desarrollo...","breadcrumb":{"@id":"https:\/\/kalot.com.mx\/site\/2015\/11\/18\/primer-trailer-de-zoolander-2\/#breadcrumb"},"inLanguage":"es","potentialAction":[{"@type":"ReadAction","target":["https:\/\/kalot.com.mx\/site\/2015\/11\/18\/primer-trailer-de-zoolander-2\/"]}]},{"@type":"ImageObject","inLanguage":"es","@id":"https:\/\/kalot.com.mx\/site\/2015\/11\/18\/primer-trailer-de-zoolander-2\/#primaryimage","url":"https:\/\/i0.wp.com\/kalot.com.mx\/site\/wp-content\/uploads\/2015\/11\/image.jpeg?fit=470%2C313&ssl=1","contentUrl":"https:\/\/i0.wp.com\/kalot.com.mx\/site\/wp-content\/uploads\/2015\/11\/image.jpeg?fit=470%2C313&ssl=1","width":470,"height":313},{"@type":"BreadcrumbList","@id":"https:\/\/kalot.com.mx\/site\/2015\/11\/18\/primer-trailer-de-zoolander-2\/#breadcrumb","itemListElement":[{"@type":"ListItem","position":1,"name":"Home","item":"https:\/\/kalot.com.mx\/site\/"},{"@type":"ListItem","position":2,"name":"Primer tr\u00e1iler de Zoolander 2"}]},{"@type":"WebSite","@id":"https:\/\/kalot.com.mx\/site\/#website","url":"https:\/\/kalot.com.mx\/site\/","name":"Kalot","description":"Conoce Todo Sobre Todo","publisher":{"@id":"https:\/\/kalot.com.mx\/site\/#organization"},"potentialAction":[{"@type":"SearchAction","target":{"@type":"EntryPoint","urlTemplate":"https:\/\/kalot.com.mx\/site\/?s={search_term_string}"},"query-input":{"@type":"PropertyValueSpecification","valueRequired":true,"valueName":"search_term_string"}}],"inLanguage":"es"},{"@type":"Organization","@id":"https:\/\/kalot.com.mx\/site\/#organization","name":"Kalot","url":"https:\/\/kalot.com.mx\/site\/","logo":{"@type":"ImageObject","inLanguage":"es","@id":"https:\/\/kalot.com.mx\/site\/#\/schema\/logo\/image\/","url":"https:\/\/i0.wp.com\/kalot.com.mx\/site\/wp-content\/uploads\/2020\/04\/Kalot-logo-sin-tagline.png?fit=1707%2C1014&ssl=1","contentUrl":"https:\/\/i0.wp.com\/kalot.com.mx\/site\/wp-content\/uploads\/2020\/04\/Kalot-logo-sin-tagline.png?fit=1707%2C1014&ssl=1","width":1707,"height":1014,"caption":"Kalot"},"image":{"@id":"https:\/\/kalot.com.mx\/site\/#\/schema\/logo\/image\/"},"sameAs":["http:\/\/facebook.com\/mxkalot","https:\/\/x.com\/kalotmx","http:\/\/instagram.com\/kalotmx","http:\/\/pinterest.com\/jorgeerana\/kalot"]},{"@type":"Person","@id":"https:\/\/kalot.com.mx\/site\/#\/schema\/person\/439e32b5ce86d9bc80cf42ab58e1c6e0","name":"Jorge Era\u00f1a","image":{"@type":"ImageObject","inLanguage":"es","@id":"https:\/\/secure.gravatar.com\/avatar\/212c04a1057d7abed0b82aaef6a7ff59168e10f70fcde39376c565ea83c43a85?s=96&d=mm&r=g","url":"https:\/\/secure.gravatar.com\/avatar\/212c04a1057d7abed0b82aaef6a7ff59168e10f70fcde39376c565ea83c43a85?s=96&d=mm&r=g","contentUrl":"https:\/\/secure.gravatar.com\/avatar\/212c04a1057d7abed0b82aaef6a7ff59168e10f70fcde39376c565ea83c43a85?s=96&d=mm&r=g","caption":"Jorge Era\u00f1a"},"description":"Fundador de @KalotMx Mercad\u00f3logo, amante de la tecnolog\u00eda, #Geekazo, #socialmedia, #MarketingDigital, tv-shows, movies y de la vida. Admin","sameAs":["http:\/\/www.kalot.com.mx","http:\/\/www.facebook.com\/jorgeerana","https:\/\/x.com\/jorge_erana"],"url":"https:\/\/kalot.com.mx\/site\/author\/admin\/"}]}},"jetpack_publicize_connections":[],"jetpack_featured_media_url":"https:\/\/i0.wp.com\/kalot.com.mx\/site\/wp-content\/uploads\/2015\/11\/image.jpeg?fit=470%2C313&ssl=1","jetpack_shortlink":"https:\/\/wp.me\/p6IHEI-6jN","jetpack-related-posts":[{"id":24306,"url":"https:\/\/kalot.com.mx\/site\/2015\/11\/24\/primer-trailer-de-capitan-america-civil-war\/","url_meta":{"origin":24291,"position":0},"title":"Primer tr\u00e1iler de Capit\u00e1n Am\u00e9rica: Civil War","author":"Jorge Era\u00f1a","date":"24 noviembre, 2015","format":false,"excerpt":"\ud83d\ude31\ud83d\ude31\ud83d\ude31\ud83d\ude31\ud83d\ude31\ud83d\ude31\ud83d\ude31\ud83d\ude31\ud83d\ude31 Primer tr\u00e1iler de Capitan America: Civil War https:\/\/youtube.com\/watch?v=uVdV-lxRPFo","rel":"","context":"En &quot;Cine&quot;","block_context":{"text":"Cine","link":"https:\/\/kalot.com.mx\/site\/category\/cine\/"},"img":{"alt_text":"","src":"https:\/\/i0.wp.com\/kalot.com.mx\/site\/wp-content\/uploads\/2015\/11\/image2.jpeg?fit=691%2C1024&ssl=1&resize=350%2C200","width":350,"height":200,"srcset":"https:\/\/i0.wp.com\/kalot.com.mx\/site\/wp-content\/uploads\/2015\/11\/image2.jpeg?fit=691%2C1024&ssl=1&resize=350%2C200 1x, https:\/\/i0.wp.com\/kalot.com.mx\/site\/wp-content\/uploads\/2015\/11\/image2.jpeg?fit=691%2C1024&ssl=1&resize=525%2C300 1.5x"},"classes":[]},{"id":22224,"url":"https:\/\/kalot.com.mx\/site\/2015\/07\/11\/lo-mas-epico-que-veras-el-dia-de-hoy-batmanvsuperman\/","url_meta":{"origin":24291,"position":1},"title":"Lo m\u00e1s \u00e9pico que ver\u00e1s el d\u00eda de hoy: #BatmanVSuperman\u00a0","author":"Jorge Era\u00f1a","date":"11 julio, 2015","format":false,"excerpt":"http:\/\/youtu.be\/0WWzgGyAH6Y En desarrollo... \ud83d\ude31\ud83d\ude31\ud83d\ude31\ud83d\ude31","rel":"","context":"Con 1 comentario","block_context":{"text":"Con 1 comentario","link":"https:\/\/kalot.com.mx\/site\/2015\/07\/11\/lo-mas-epico-que-veras-el-dia-de-hoy-batmanvsuperman\/#comments"},"img":{"alt_text":"","src":"https:\/\/i0.wp.com\/kalot.com.mx\/site\/wp-content\/uploads\/2015\/07\/IMG_2212-0.png?fit=1200%2C420&ssl=1&resize=350%2C200","width":350,"height":200,"srcset":"https:\/\/i0.wp.com\/kalot.com.mx\/site\/wp-content\/uploads\/2015\/07\/IMG_2212-0.png?fit=1200%2C420&ssl=1&resize=350%2C200 1x, https:\/\/i0.wp.com\/kalot.com.mx\/site\/wp-content\/uploads\/2015\/07\/IMG_2212-0.png?fit=1200%2C420&ssl=1&resize=525%2C300 1.5x, https:\/\/i0.wp.com\/kalot.com.mx\/site\/wp-content\/uploads\/2015\/07\/IMG_2212-0.png?fit=1200%2C420&ssl=1&resize=700%2C400 2x, https:\/\/i0.wp.com\/kalot.com.mx\/site\/wp-content\/uploads\/2015\/07\/IMG_2212-0.png?fit=1200%2C420&ssl=1&resize=1050%2C600 3x"},"classes":[]},{"id":24779,"url":"https:\/\/kalot.com.mx\/site\/2016\/01\/19\/trailer-de-suicide-squad\/","url_meta":{"origin":24291,"position":2},"title":"Tr\u00e1iler de Suicide Squad","author":"Jorge Era\u00f1a","date":"19 enero, 2016","format":false,"excerpt":"Aqu\u00ed el tr\u00e1iler de Suicide Squad\u00a0\ud83d\ude31\u00a0, no hay mucho que decir, Suicide Squad + Queen :) Ya queremos que sea Agosto https:\/\/www.facebook.com\/mxkalot\/posts\/981111378622545 https:\/\/www.youtube.com\/watch?v=CmRih_VtVAs&feature=youtu.be Ah, y Margot Robbie <3 \u00a0","rel":"","context":"En &quot;Cine&quot;","block_context":{"text":"Cine","link":"https:\/\/kalot.com.mx\/site\/category\/cine\/"},"img":{"alt_text":"","src":"https:\/\/i0.wp.com\/kalot.com.mx\/site\/wp-content\/uploads\/2016\/01\/12548848_1675342939413007_6018669936264006736_n.png?fit=851%2C315&ssl=1&resize=350%2C200","width":350,"height":200,"srcset":"https:\/\/i0.wp.com\/kalot.com.mx\/site\/wp-content\/uploads\/2016\/01\/12548848_1675342939413007_6018669936264006736_n.png?fit=851%2C315&ssl=1&resize=350%2C200 1x, https:\/\/i0.wp.com\/kalot.com.mx\/site\/wp-content\/uploads\/2016\/01\/12548848_1675342939413007_6018669936264006736_n.png?fit=851%2C315&ssl=1&resize=525%2C300 1.5x, https:\/\/i0.wp.com\/kalot.com.mx\/site\/wp-content\/uploads\/2016\/01\/12548848_1675342939413007_6018669936264006736_n.png?fit=851%2C315&ssl=1&resize=700%2C400 2x"},"classes":[]},{"id":24506,"url":"https:\/\/kalot.com.mx\/site\/2015\/12\/10\/trailers-de-las-peliculas-mas-esperadas-para-2016\/","url_meta":{"origin":24291,"position":3},"title":"Tr\u00e1ilers de las pel\u00edculas m\u00e1s esperadas para 2016","author":"HM_MKT007","date":"10 diciembre, 2015","format":false,"excerpt":"Ahhh que bonito es iniciar un a\u00f1o con tan buenas expectativas, m\u00e1s cuanto tienes una lista tan amplia eh interesante de pel\u00edculas por ver, m\u00e1s cuando son tan emocionantes, \u00e9picos, divertidos, y cuanto se les ocurra, sin dudas, nos dejan con la emoci\u00f3n en lo m\u00e1s alto, y con ganas\u2026","rel":"","context":"En &quot;Cine&quot;","block_context":{"text":"Cine","link":"https:\/\/kalot.com.mx\/site\/category\/cine\/"},"img":{"alt_text":"","src":"https:\/\/i0.wp.com\/kalot.com.mx\/site\/wp-content\/uploads\/2015\/12\/cine.jpg?fit=618%2C336&ssl=1&resize=350%2C200","width":350,"height":200,"srcset":"https:\/\/i0.wp.com\/kalot.com.mx\/site\/wp-content\/uploads\/2015\/12\/cine.jpg?fit=618%2C336&ssl=1&resize=350%2C200 1x, https:\/\/i0.wp.com\/kalot.com.mx\/site\/wp-content\/uploads\/2015\/12\/cine.jpg?fit=618%2C336&ssl=1&resize=525%2C300 1.5x"},"classes":[]},{"id":26711,"url":"https:\/\/kalot.com.mx\/site\/2016\/12\/09\/primer-trailer-spider-man-homecoming\/","url_meta":{"origin":24291,"position":4},"title":"Primer tr\u00e1iler de Spider-Man: Homecoming","author":"Jorge Era\u00f1a","date":"9 diciembre, 2016","format":false,"excerpt":"Primer tr\u00e1iler de Spider-Man: Homecoming. Estreno 7\/7\/17 \u00a0 https:\/\/www.youtube.com\/watch?v=xrzXIaTt99U","rel":"","context":"En &quot;Cine&quot;","block_context":{"text":"Cine","link":"https:\/\/kalot.com.mx\/site\/category\/cine\/"},"img":{"alt_text":"Primer tr\u00e1iler de Spider-Man: Homecoming","src":"https:\/\/i0.wp.com\/kalot.com.mx\/site\/wp-content\/uploads\/2016\/12\/spider-man-civil-war.jpg?fit=1200%2C632&ssl=1&resize=350%2C200","width":350,"height":200,"srcset":"https:\/\/i0.wp.com\/kalot.com.mx\/site\/wp-content\/uploads\/2016\/12\/spider-man-civil-war.jpg?fit=1200%2C632&ssl=1&resize=350%2C200 1x, https:\/\/i0.wp.com\/kalot.com.mx\/site\/wp-content\/uploads\/2016\/12\/spider-man-civil-war.jpg?fit=1200%2C632&ssl=1&resize=525%2C300 1.5x, https:\/\/i0.wp.com\/kalot.com.mx\/site\/wp-content\/uploads\/2016\/12\/spider-man-civil-war.jpg?fit=1200%2C632&ssl=1&resize=700%2C400 2x, https:\/\/i0.wp.com\/kalot.com.mx\/site\/wp-content\/uploads\/2016\/12\/spider-man-civil-war.jpg?fit=1200%2C632&ssl=1&resize=1050%2C600 3x"},"classes":[]},{"id":25407,"url":"https:\/\/kalot.com.mx\/site\/2016\/05\/17\/primer-trailer-del-regreso-%e2%80%aaprison-break\/","url_meta":{"origin":24291,"position":5},"title":"Primer tr\u00e1iler del regreso de \u202aPrison Break","author":"Jorge Era\u00f1a","date":"17 mayo, 2016","format":"video","excerpt":"https:\/\/www.youtube.com\/watch?v=x9T-9fZn_oA","rel":"","context":"En &quot;Sin categor\u00eda&quot;","block_context":{"text":"Sin categor\u00eda","link":"https:\/\/kalot.com.mx\/site\/category\/sin-categoria\/"},"img":{"alt_text":"","src":"https:\/\/i0.wp.com\/kalot.com.mx\/site\/wp-content\/uploads\/2016\/05\/landscape-ustv-prison-break.jpg?fit=1200%2C600&ssl=1&resize=350%2C200","width":350,"height":200,"srcset":"https:\/\/i0.wp.com\/kalot.com.mx\/site\/wp-content\/uploads\/2016\/05\/landscape-ustv-prison-break.jpg?fit=1200%2C600&ssl=1&resize=350%2C200 1x, https:\/\/i0.wp.com\/kalot.com.mx\/site\/wp-content\/uploads\/2016\/05\/landscape-ustv-prison-break.jpg?fit=1200%2C600&ssl=1&resize=525%2C300 1.5x, https:\/\/i0.wp.com\/kalot.com.mx\/site\/wp-content\/uploads\/2016\/05\/landscape-ustv-prison-break.jpg?fit=1200%2C600&ssl=1&resize=700%2C400 2x, https:\/\/i0.wp.com\/kalot.com.mx\/site\/wp-content\/uploads\/2016\/05\/landscape-ustv-prison-break.jpg?fit=1200%2C600&ssl=1&resize=1050%2C600 3x"},"classes":[]}],"jetpack_sharing_enabled":true,"_links":{"self":[{"href":"https:\/\/kalot.com.mx\/site\/wp-json\/wp\/v2\/posts\/24291","targetHints":{"allow":["GET"]}}],"collection":[{"href":"https:\/\/kalot.com.mx\/site\/wp-json\/wp\/v2\/posts"}],"about":[{"href":"https:\/\/kalot.com.mx\/site\/wp-json\/wp\/v2\/types\/post"}],"author":[{"embeddable":true,"href":"https:\/\/kalot.com.mx\/site\/wp-json\/wp\/v2\/users\/1"}],"replies":[{"embeddable":true,"href":"https:\/\/kalot.com.mx\/site\/wp-json\/wp\/v2\/comments?post=24291"}],"version-history":[{"count":1,"href":"https:\/\/kalot.com.mx\/site\/wp-json\/wp\/v2\/posts\/24291\/revisions"}],"predecessor-version":[{"id":24293,"href":"https:\/\/kalot.com.mx\/site\/wp-json\/wp\/v2\/posts\/24291\/revisions\/24293"}],"wp:featuredmedia":[{"embeddable":true,"href":"https:\/\/kalot.com.mx\/site\/wp-json\/wp\/v2\/media\/24292"}],"wp:attachment":[{"href":"https:\/\/kalot.com.mx\/site\/wp-json\/wp\/v2\/media?parent=24291"}],"wp:term":[{"taxonomy":"category","embeddable":true,"href":"https:\/\/kalot.com.mx\/site\/wp-json\/wp\/v2\/categories?post=24291"},{"taxonomy":"post_tag","embeddable":true,"href":"https:\/\/kalot.com.mx\/site\/wp-json\/wp\/v2\/tags?post=24291"}],"curies":[{"name":"wp","href":"https:\/\/api.w.org\/{rel}","templated":true}]}}