{"id":2426,"date":"2013-09-26T13:00:29","date_gmt":"2013-09-26T18:00:29","guid":{"rendered":"http:\/\/www.kalot.com.mx\/?p=2426"},"modified":"2017-12-20T15:55:50","modified_gmt":"2017-12-20T21:55:50","slug":"minions-para-el-2015-cine","status":"publish","type":"post","link":"https:\/\/kalot.com.mx\/site\/2013\/09\/26\/minions-para-el-2015-cine\/","title":{"rendered":"Minions para el 2015 #Cine"},"content":{"rendered":"<p>&nbsp;<\/p>\n<p>Gracias a su \u00e9xito obtenido en \u201cMi Villano Favorito\u201d los MINIOS tendr\u00e1n para el \u00a010 de Julio de 2015 su propia pel\u00edcula, se sab\u00eda que el estreno ser\u00eda en diciembre del 2014 pero debido al \u00e9xito de \u201cMi Villano Favorito 2\u201d, Universal opto por posponerla para que tuviera su propio \u00e9xito.<\/p>\n<p>La historia estar\u00e1 ambientada en la d\u00e9cada del 60 y seguir\u00e1 los pasos de estos peque\u00f1os seres amarillos antes de ser los ayudantes de Gru. La pel\u00edcula ser\u00e1 dirigida por Pierre Coffin, realizador de las dos de &#8220;Mi villano favorito&#8221; y &#8220;El L\u00f3rax: En busca de la tr\u00fafula perdida&#8221; (The Lorax), y por Kyle Balda, responsable de &#8220;El L\u00f3rax: En busca de la tr\u00fafula perdida&#8221; (The Lorax). En cuanto al reparto, Chris Renaud y Coffin les prestar\u00e1n sus voces a estos &#8220;comebananas&#8221;, Sandra Bullock ser\u00e1 Scarlett Overkill y Jon Hamm interpretar\u00e1 a Herb Overkill.<\/p>\n<p>Ahora un poco de conocimiento de los Minions:<\/p>\n<p>El lenguaje que hablan es conocido como MINION\u00a0 GIBBERISH, la segunda palabra significa \u201cescritura o discurso inentendible o sin sentido\u201d, por lo que se bautiz\u00f3 a su idioma de esa manera.<\/p>\n<p><img decoding=\"async\" data-attachment-id=\"2429\" data-permalink=\"https:\/\/kalot.com.mx\/site\/2013\/09\/26\/minions-para-el-2015-cine\/que-idioma-hablan-los-minions-cancion-banana-minions\/\" data-orig-file=\"https:\/\/i0.wp.com\/kalot.com.mx\/site\/wp-content\/uploads\/2013\/09\/Qu%C3%A9-idioma-hablan-los-Minions-Canci%C3%B3n-Banana-Minions.jpg?fit=600%2C833&amp;ssl=1\" data-orig-size=\"600,833\" data-comments-opened=\"1\" data-image-meta=\"{&quot;aperture&quot;:&quot;0&quot;,&quot;credit&quot;:&quot;&quot;,&quot;camera&quot;:&quot;&quot;,&quot;caption&quot;:&quot;&quot;,&quot;created_timestamp&quot;:&quot;0&quot;,&quot;copyright&quot;:&quot;&quot;,&quot;focal_length&quot;:&quot;0&quot;,&quot;iso&quot;:&quot;0&quot;,&quot;shutter_speed&quot;:&quot;0&quot;,&quot;title&quot;:&quot;&quot;}\" data-image-title=\"Qu\u00e9-idioma-hablan-los-Minions-Canci\u00f3n-Banana-Minions\" data-image-description=\"\" data-image-caption=\"\" data-large-file=\"https:\/\/i0.wp.com\/kalot.com.mx\/site\/wp-content\/uploads\/2013\/09\/Qu%C3%A9-idioma-hablan-los-Minions-Canci%C3%B3n-Banana-Minions.jpg?fit=600%2C833&amp;ssl=1\" class=\"size-medium wp-image-2429 aligncenter\" alt=\"Qu\u00e9-idioma-hablan-los-Minions-Canci\u00f3n-Banana-Minions\" src=\"https:\/\/i2.wp.com\/kalot.com.mx\/site\/wp-content\/uploads\/2013\/08\/20130830-190327.jpg?fit=113%2C150&#038;ssl=1\" width=\"113\" height=\"150\" \/><\/p>\n<p style=\"text-align: justify;\">Aunque lo \u201cinentendible\u201d de sus palabras es cuestionable, puesto que las palabras del lenguaje que usan los minions en realidad son una mezcla de palabras en idioma <i>indio, franc\u00e9s, espa\u00f1ol e italiano<\/i> y la mayor\u00eda hacen referencia a platillos de comida. Por ejemplo, \u201cpoulet tikka masala\u201d es \u201cpollo indio\u201d en franc\u00e9s. Y no olvidemos el \u201cTen para t\u00fa\u201d o el \u201cPepete\u201d haciendo referencia a un JUGUETE en espa\u00f1ol.<\/p>\n<p>\u00bfQui\u00e9nes son?<\/p>\n<p><a href=\"https:\/\/i0.wp.com\/www.kalot.com.mx\/wp-content\/uploads\/2013\/09\/1Dave.jpg\"><img decoding=\"async\" data-attachment-id=\"2428\" data-permalink=\"https:\/\/kalot.com.mx\/site\/2013\/09\/26\/minions-para-el-2015-cine\/1dave\/\" data-orig-file=\"https:\/\/i0.wp.com\/kalot.com.mx\/site\/wp-content\/uploads\/2013\/09\/1Dave.jpg?fit=344%2C258&amp;ssl=1\" data-orig-size=\"344,258\" data-comments-opened=\"1\" data-image-meta=\"{&quot;aperture&quot;:&quot;0&quot;,&quot;credit&quot;:&quot;&quot;,&quot;camera&quot;:&quot;&quot;,&quot;caption&quot;:&quot;&quot;,&quot;created_timestamp&quot;:&quot;0&quot;,&quot;copyright&quot;:&quot;&quot;,&quot;focal_length&quot;:&quot;0&quot;,&quot;iso&quot;:&quot;0&quot;,&quot;shutter_speed&quot;:&quot;0&quot;,&quot;title&quot;:&quot;&quot;}\" data-image-title=\"1Dave\" data-image-description=\"\" data-image-caption=\"\" data-large-file=\"https:\/\/i0.wp.com\/kalot.com.mx\/site\/wp-content\/uploads\/2013\/09\/1Dave.jpg?fit=344%2C258&amp;ssl=1\" class=\"alignnone size-medium wp-image-2428\" alt=\"1Dave\" src=\"https:\/\/i2.wp.com\/kalot.com.mx\/site\/wp-content\/uploads\/2013\/08\/20130830-190327.jpg?fit=113%2C150&#038;ssl=1\" width=\"113\" height=\"150\" \/><\/a>\u00a0 \u00a0 \u00a0 \u00a0 \u00a0<a href=\"https:\/\/i0.wp.com\/www.kalot.com.mx\/wp-content\/uploads\/2013\/09\/11Carl.jpg\"><img decoding=\"async\" data-attachment-id=\"2430\" data-permalink=\"https:\/\/kalot.com.mx\/site\/2013\/09\/26\/minions-para-el-2015-cine\/11carl\/\" data-orig-file=\"https:\/\/i0.wp.com\/kalot.com.mx\/site\/wp-content\/uploads\/2013\/09\/11Carl.jpg?fit=344%2C258&amp;ssl=1\" data-orig-size=\"344,258\" data-comments-opened=\"1\" data-image-meta=\"{&quot;aperture&quot;:&quot;0&quot;,&quot;credit&quot;:&quot;&quot;,&quot;camera&quot;:&quot;&quot;,&quot;caption&quot;:&quot;&quot;,&quot;created_timestamp&quot;:&quot;0&quot;,&quot;copyright&quot;:&quot;&quot;,&quot;focal_length&quot;:&quot;0&quot;,&quot;iso&quot;:&quot;0&quot;,&quot;shutter_speed&quot;:&quot;0&quot;,&quot;title&quot;:&quot;&quot;}\" data-image-title=\"11Carl\" data-image-description=\"\" data-image-caption=\"\" data-large-file=\"https:\/\/i0.wp.com\/kalot.com.mx\/site\/wp-content\/uploads\/2013\/09\/11Carl.jpg?fit=344%2C258&amp;ssl=1\" class=\"alignnone size-medium wp-image-2430\" alt=\"11Carl\" src=\"https:\/\/i2.wp.com\/kalot.com.mx\/site\/wp-content\/uploads\/2013\/08\/20130830-190327.jpg?fit=113%2C150&#038;ssl=1\" width=\"113\" height=\"150\" \/><\/a> <a href=\"https:\/\/i0.wp.com\/www.kalot.com.mx\/wp-content\/uploads\/2013\/09\/9Bob.jpg\"><img loading=\"lazy\" decoding=\"async\" data-attachment-id=\"2431\" data-permalink=\"https:\/\/kalot.com.mx\/site\/2013\/09\/26\/minions-para-el-2015-cine\/9bob\/\" data-orig-file=\"https:\/\/i0.wp.com\/kalot.com.mx\/site\/wp-content\/uploads\/2013\/09\/9Bob.jpg?fit=344%2C258&amp;ssl=1\" data-orig-size=\"344,258\" data-comments-opened=\"1\" data-image-meta=\"{&quot;aperture&quot;:&quot;0&quot;,&quot;credit&quot;:&quot;&quot;,&quot;camera&quot;:&quot;&quot;,&quot;caption&quot;:&quot;&quot;,&quot;created_timestamp&quot;:&quot;0&quot;,&quot;copyright&quot;:&quot;&quot;,&quot;focal_length&quot;:&quot;0&quot;,&quot;iso&quot;:&quot;0&quot;,&quot;shutter_speed&quot;:&quot;0&quot;,&quot;title&quot;:&quot;&quot;}\" data-image-title=\"9Bob\" data-image-description=\"\" data-image-caption=\"\" data-large-file=\"https:\/\/i0.wp.com\/kalot.com.mx\/site\/wp-content\/uploads\/2013\/09\/9Bob.jpg?fit=344%2C258&amp;ssl=1\" class=\"alignnone size-medium wp-image-2431\" alt=\"9Bob\" src=\"https:\/\/i2.wp.com\/kalot.com.mx\/site\/wp-content\/uploads\/2013\/08\/20130830-190327.jpg?fit=113%2C150&#038;ssl=1\" width=\"113\" height=\"150\" \/><\/a>\u00a0 \u00a0 \u00a0 \u00a0 \u00a0\u00a0<a href=\"https:\/\/i0.wp.com\/www.kalot.com.mx\/wp-content\/uploads\/2013\/09\/8Kevin.jpg\"><img loading=\"lazy\" decoding=\"async\" data-attachment-id=\"2432\" data-permalink=\"https:\/\/kalot.com.mx\/site\/2013\/09\/26\/minions-para-el-2015-cine\/8kevin\/\" data-orig-file=\"https:\/\/i0.wp.com\/kalot.com.mx\/site\/wp-content\/uploads\/2013\/09\/8Kevin.jpg?fit=344%2C258&amp;ssl=1\" data-orig-size=\"344,258\" data-comments-opened=\"1\" data-image-meta=\"{&quot;aperture&quot;:&quot;0&quot;,&quot;credit&quot;:&quot;&quot;,&quot;camera&quot;:&quot;&quot;,&quot;caption&quot;:&quot;&quot;,&quot;created_timestamp&quot;:&quot;0&quot;,&quot;copyright&quot;:&quot;&quot;,&quot;focal_length&quot;:&quot;0&quot;,&quot;iso&quot;:&quot;0&quot;,&quot;shutter_speed&quot;:&quot;0&quot;,&quot;title&quot;:&quot;&quot;}\" data-image-title=\"8Kevin\" data-image-description=\"\" data-image-caption=\"\" data-large-file=\"https:\/\/i0.wp.com\/kalot.com.mx\/site\/wp-content\/uploads\/2013\/09\/8Kevin.jpg?fit=344%2C258&amp;ssl=1\" class=\"alignnone size-medium wp-image-2432\" alt=\"8Kevin\" src=\"https:\/\/i2.wp.com\/kalot.com.mx\/site\/wp-content\/uploads\/2013\/08\/20130830-190327.jpg?fit=113%2C150&#038;ssl=1\" width=\"113\" height=\"150\" \/><\/a> <a href=\"https:\/\/i0.wp.com\/www.kalot.com.mx\/wp-content\/uploads\/2013\/09\/7Phil.jpg\"><img loading=\"lazy\" decoding=\"async\" data-attachment-id=\"2433\" data-permalink=\"https:\/\/kalot.com.mx\/site\/2013\/09\/26\/minions-para-el-2015-cine\/7phil\/\" data-orig-file=\"https:\/\/i0.wp.com\/kalot.com.mx\/site\/wp-content\/uploads\/2013\/09\/7Phil.jpg?fit=344%2C258&amp;ssl=1\" data-orig-size=\"344,258\" data-comments-opened=\"1\" data-image-meta=\"{&quot;aperture&quot;:&quot;0&quot;,&quot;credit&quot;:&quot;&quot;,&quot;camera&quot;:&quot;&quot;,&quot;caption&quot;:&quot;&quot;,&quot;created_timestamp&quot;:&quot;0&quot;,&quot;copyright&quot;:&quot;&quot;,&quot;focal_length&quot;:&quot;0&quot;,&quot;iso&quot;:&quot;0&quot;,&quot;shutter_speed&quot;:&quot;0&quot;,&quot;title&quot;:&quot;&quot;}\" data-image-title=\"7Phil\" data-image-description=\"\" data-image-caption=\"\" data-large-file=\"https:\/\/i0.wp.com\/kalot.com.mx\/site\/wp-content\/uploads\/2013\/09\/7Phil.jpg?fit=344%2C258&amp;ssl=1\" class=\"alignnone size-medium wp-image-2433\" alt=\"7Phil\" src=\"https:\/\/i2.wp.com\/kalot.com.mx\/site\/wp-content\/uploads\/2013\/08\/20130830-190327.jpg?fit=113%2C150&#038;ssl=1\" width=\"113\" height=\"150\" \/><\/a>\u00a0 \u00a0 \u00a0 \u00a0 \u00a0\u00a0<a href=\"https:\/\/i0.wp.com\/www.kalot.com.mx\/wp-content\/uploads\/2013\/09\/6Mark.jpg\"><img loading=\"lazy\" decoding=\"async\" data-attachment-id=\"2434\" data-permalink=\"https:\/\/kalot.com.mx\/site\/2013\/09\/26\/minions-para-el-2015-cine\/6mark\/\" data-orig-file=\"https:\/\/i0.wp.com\/kalot.com.mx\/site\/wp-content\/uploads\/2013\/09\/6Mark.jpg?fit=344%2C258&amp;ssl=1\" data-orig-size=\"344,258\" data-comments-opened=\"1\" data-image-meta=\"{&quot;aperture&quot;:&quot;0&quot;,&quot;credit&quot;:&quot;&quot;,&quot;camera&quot;:&quot;&quot;,&quot;caption&quot;:&quot;&quot;,&quot;created_timestamp&quot;:&quot;0&quot;,&quot;copyright&quot;:&quot;&quot;,&quot;focal_length&quot;:&quot;0&quot;,&quot;iso&quot;:&quot;0&quot;,&quot;shutter_speed&quot;:&quot;0&quot;,&quot;title&quot;:&quot;&quot;}\" data-image-title=\"6Mark\" data-image-description=\"\" data-image-caption=\"\" data-large-file=\"https:\/\/i0.wp.com\/kalot.com.mx\/site\/wp-content\/uploads\/2013\/09\/6Mark.jpg?fit=344%2C258&amp;ssl=1\" class=\"alignnone size-medium wp-image-2434\" alt=\"6Mark\" src=\"https:\/\/i2.wp.com\/kalot.com.mx\/site\/wp-content\/uploads\/2013\/08\/20130830-190327.jpg?fit=113%2C150&#038;ssl=1\" width=\"113\" height=\"150\" \/><\/a> <a href=\"https:\/\/i0.wp.com\/www.kalot.com.mx\/wp-content\/uploads\/2013\/09\/5Tim.jpg\"><img loading=\"lazy\" decoding=\"async\" data-attachment-id=\"2435\" data-permalink=\"https:\/\/kalot.com.mx\/site\/2013\/09\/26\/minions-para-el-2015-cine\/5tim\/\" data-orig-file=\"https:\/\/i0.wp.com\/kalot.com.mx\/site\/wp-content\/uploads\/2013\/09\/5Tim.jpg?fit=344%2C258&amp;ssl=1\" data-orig-size=\"344,258\" data-comments-opened=\"1\" data-image-meta=\"{&quot;aperture&quot;:&quot;0&quot;,&quot;credit&quot;:&quot;&quot;,&quot;camera&quot;:&quot;&quot;,&quot;caption&quot;:&quot;&quot;,&quot;created_timestamp&quot;:&quot;0&quot;,&quot;copyright&quot;:&quot;&quot;,&quot;focal_length&quot;:&quot;0&quot;,&quot;iso&quot;:&quot;0&quot;,&quot;shutter_speed&quot;:&quot;0&quot;,&quot;title&quot;:&quot;&quot;}\" data-image-title=\"5Tim\" data-image-description=\"\" data-image-caption=\"\" data-large-file=\"https:\/\/i0.wp.com\/kalot.com.mx\/site\/wp-content\/uploads\/2013\/09\/5Tim.jpg?fit=344%2C258&amp;ssl=1\" class=\"alignnone size-medium wp-image-2435\" alt=\"5Tim\" src=\"https:\/\/i2.wp.com\/kalot.com.mx\/site\/wp-content\/uploads\/2013\/08\/20130830-190327.jpg?fit=113%2C150&#038;ssl=1\" width=\"113\" height=\"150\" \/><\/a>\u00a0 \u00a0 \u00a0 \u00a0 \u00a0\u00a0<a href=\"https:\/\/i0.wp.com\/www.kalot.com.mx\/wp-content\/uploads\/2013\/09\/4Jorge.jpg\"><img loading=\"lazy\" decoding=\"async\" data-attachment-id=\"2436\" data-permalink=\"https:\/\/kalot.com.mx\/site\/2013\/09\/26\/minions-para-el-2015-cine\/4jorge\/\" data-orig-file=\"https:\/\/i0.wp.com\/kalot.com.mx\/site\/wp-content\/uploads\/2013\/09\/4Jorge.jpg?fit=344%2C258&amp;ssl=1\" data-orig-size=\"344,258\" data-comments-opened=\"1\" data-image-meta=\"{&quot;aperture&quot;:&quot;0&quot;,&quot;credit&quot;:&quot;&quot;,&quot;camera&quot;:&quot;&quot;,&quot;caption&quot;:&quot;&quot;,&quot;created_timestamp&quot;:&quot;0&quot;,&quot;copyright&quot;:&quot;&quot;,&quot;focal_length&quot;:&quot;0&quot;,&quot;iso&quot;:&quot;0&quot;,&quot;shutter_speed&quot;:&quot;0&quot;,&quot;title&quot;:&quot;&quot;}\" data-image-title=\"4Jorge\" data-image-description=\"\" data-image-caption=\"\" data-large-file=\"https:\/\/i0.wp.com\/kalot.com.mx\/site\/wp-content\/uploads\/2013\/09\/4Jorge.jpg?fit=344%2C258&amp;ssl=1\" class=\"alignnone size-medium wp-image-2436\" alt=\"4Jorge\" src=\"https:\/\/i2.wp.com\/kalot.com.mx\/site\/wp-content\/uploads\/2013\/08\/20130830-190327.jpg?fit=113%2C150&#038;ssl=1\" width=\"113\" height=\"150\" \/><\/a> <a href=\"https:\/\/i0.wp.com\/www.kalot.com.mx\/wp-content\/uploads\/2013\/09\/3Jerry.jpg\"><img loading=\"lazy\" decoding=\"async\" data-attachment-id=\"2437\" data-permalink=\"https:\/\/kalot.com.mx\/site\/2013\/09\/26\/minions-para-el-2015-cine\/3jerry\/\" data-orig-file=\"https:\/\/i0.wp.com\/kalot.com.mx\/site\/wp-content\/uploads\/2013\/09\/3Jerry.jpg?fit=344%2C258&amp;ssl=1\" data-orig-size=\"344,258\" data-comments-opened=\"1\" data-image-meta=\"{&quot;aperture&quot;:&quot;0&quot;,&quot;credit&quot;:&quot;&quot;,&quot;camera&quot;:&quot;&quot;,&quot;caption&quot;:&quot;&quot;,&quot;created_timestamp&quot;:&quot;0&quot;,&quot;copyright&quot;:&quot;&quot;,&quot;focal_length&quot;:&quot;0&quot;,&quot;iso&quot;:&quot;0&quot;,&quot;shutter_speed&quot;:&quot;0&quot;,&quot;title&quot;:&quot;&quot;}\" data-image-title=\"3Jerry\" data-image-description=\"\" data-image-caption=\"\" data-large-file=\"https:\/\/i0.wp.com\/kalot.com.mx\/site\/wp-content\/uploads\/2013\/09\/3Jerry.jpg?fit=344%2C258&amp;ssl=1\" class=\"alignnone size-medium wp-image-2437\" alt=\"3Jerry\" src=\"https:\/\/i2.wp.com\/kalot.com.mx\/site\/wp-content\/uploads\/2013\/08\/20130830-190327.jpg?fit=113%2C150&#038;ssl=1\" width=\"113\" height=\"150\" \/><\/a>\u00a0 \u00a0 \u00a0 \u00a0\u00a0<a href=\"https:\/\/i0.wp.com\/www.kalot.com.mx\/wp-content\/uploads\/2013\/09\/2Stuart.jpg\"><img loading=\"lazy\" decoding=\"async\" data-attachment-id=\"2438\" data-permalink=\"https:\/\/kalot.com.mx\/site\/2013\/09\/26\/minions-para-el-2015-cine\/2stuart\/\" data-orig-file=\"https:\/\/i0.wp.com\/kalot.com.mx\/site\/wp-content\/uploads\/2013\/09\/2Stuart.jpg?fit=344%2C258&amp;ssl=1\" data-orig-size=\"344,258\" data-comments-opened=\"1\" data-image-meta=\"{&quot;aperture&quot;:&quot;0&quot;,&quot;credit&quot;:&quot;&quot;,&quot;camera&quot;:&quot;&quot;,&quot;caption&quot;:&quot;&quot;,&quot;created_timestamp&quot;:&quot;0&quot;,&quot;copyright&quot;:&quot;&quot;,&quot;focal_length&quot;:&quot;0&quot;,&quot;iso&quot;:&quot;0&quot;,&quot;shutter_speed&quot;:&quot;0&quot;,&quot;title&quot;:&quot;&quot;}\" data-image-title=\"2Stuart\" data-image-description=\"\" data-image-caption=\"\" data-large-file=\"https:\/\/i0.wp.com\/kalot.com.mx\/site\/wp-content\/uploads\/2013\/09\/2Stuart.jpg?fit=344%2C258&amp;ssl=1\" class=\"alignnone size-medium wp-image-2438\" alt=\"2Stuart\" src=\"https:\/\/i2.wp.com\/kalot.com.mx\/site\/wp-content\/uploads\/2013\/08\/20130830-190327.jpg?fit=113%2C150&#038;ssl=1\" width=\"113\" height=\"150\" \/><\/a><\/p>\n<p>&nbsp;<\/p>\n<p>Ustedes que opinan de los Minios \u00bfVer\u00e1n la pel\u00edcula?. Que est\u00e9n muy bien cu\u00eddence, nos leemos pr\u00f3ximamente.<\/p>\n<p>&nbsp;<\/p>\n<p>Aqu\u00ed les dejo el trailer que hab\u00eda salido hace tiempo disfr\u00fatenlo.<\/p>\n<p><span class=\"embed-youtube\" style=\"text-align:center; display: block;\"><iframe class=\"youtube-player\" width=\"1200\" height=\"675\" src=\"https:\/\/www.youtube.com\/embed\/r21nZt-jqdw?version=3&#038;rel=1&#038;showsearch=0&#038;showinfo=1&#038;iv_load_policy=1&#038;fs=1&#038;hl=es-MX&#038;autohide=2&#038;wmode=transparent\" allowfullscreen=\"true\" style=\"border:0;\" sandbox=\"allow-scripts allow-same-origin allow-popups allow-presentation allow-popups-to-escape-sandbox\"><\/iframe><\/span><\/p>\n","protected":false},"excerpt":{"rendered":"&nbsp; Gracias a su \u00e9xito obtenido en \u201cMi Villano Favorito\u201d los MINIOS tendr\u00e1n para el \u00a010 de Julio&hellip;\n","protected":false},"author":19,"featured_media":2427,"comment_status":"open","ping_status":"open","sticky":false,"template":"","format":"standard","meta":{"jetpack_post_was_ever_published":false,"_jetpack_newsletter_access":"","_jetpack_dont_email_post_to_subs":false,"_jetpack_newsletter_tier_id":0,"_jetpack_memberships_contains_paywalled_content":false,"_jetpack_memberships_contains_paid_content":false,"footnotes":"","jetpack_publicize_message":"","jetpack_publicize_feature_enabled":true,"jetpack_social_post_already_shared":true,"jetpack_social_options":{"image_generator_settings":{"template":"highway","default_image_id":0,"font":"","enabled":false},"version":2}},"categories":[1],"tags":[],"class_list":{"0":"post-2426","1":"post","2":"type-post","3":"status-publish","4":"format-standard","5":"has-post-thumbnail","7":"category-sin-categoria","8":"cs-entry","9":"cs-video-wrap"},"yoast_head":"<!-- This site is optimized with the Yoast SEO plugin v27.4 - https:\/\/yoast.com\/product\/yoast-seo-wordpress\/ -->\n<title>Minions para el 2015 #Cine - Kalot<\/title>\n<meta name=\"description\" content=\"Minios la pel\u00edcula, ser\u00e1 dirigida por Pierre Coffin, y por Kyle Balda. Esta saldr\u00e1 a las salas en julio del 2015.\" \/>\n<meta name=\"robots\" content=\"index, follow, max-snippet:-1, max-image-preview:large, max-video-preview:-1\" \/>\n<link rel=\"canonical\" href=\"https:\/\/kalot.com.mx\/site\/2013\/09\/26\/minions-para-el-2015-cine\/\" \/>\n<meta property=\"og:locale\" content=\"es_MX\" \/>\n<meta property=\"og:type\" content=\"article\" \/>\n<meta property=\"og:title\" content=\"Minions para el 2015 #Cine - Kalot\" \/>\n<meta property=\"og:description\" content=\"Minios la pel\u00edcula, ser\u00e1 dirigida por Pierre Coffin, y por Kyle Balda. Esta saldr\u00e1 a las salas en julio del 2015.\" \/>\n<meta property=\"og:url\" content=\"https:\/\/kalot.com.mx\/site\/2013\/09\/26\/minions-para-el-2015-cine\/\" \/>\n<meta property=\"og:site_name\" content=\"Kalot\" \/>\n<meta property=\"article:publisher\" content=\"http:\/\/facebook.com\/mxkalot\" \/>\n<meta property=\"article:published_time\" content=\"2013-09-26T18:00:29+00:00\" \/>\n<meta property=\"article:modified_time\" content=\"2017-12-20T21:55:50+00:00\" \/>\n<meta property=\"og:image\" content=\"https:\/\/i1.wp.com\/kalot.com.mx\/site\/wp-content\/uploads\/2013\/09\/20589319.jpg?fit=640%2C256&ssl=1\" \/>\n\t<meta property=\"og:image:width\" content=\"640\" \/>\n\t<meta property=\"og:image:height\" content=\"256\" \/>\n\t<meta property=\"og:image:type\" content=\"image\/jpeg\" \/>\n<meta name=\"author\" content=\"Anastacio S\u00e1nchez\" \/>\n<meta name=\"twitter:card\" content=\"summary_large_image\" \/>\n<meta name=\"twitter:creator\" content=\"@kalotmx\" \/>\n<meta name=\"twitter:site\" content=\"@kalotmx\" \/>\n<meta name=\"twitter:label1\" content=\"Escrito por\" \/>\n\t<meta name=\"twitter:data1\" content=\"Anastacio S\u00e1nchez\" \/>\n\t<meta name=\"twitter:label2\" content=\"Tiempo de lectura\" \/>\n\t<meta name=\"twitter:data2\" content=\"2 minutos\" \/>\n<!-- \/ Yoast SEO plugin. -->","yoast_head_json":{"title":"Minions para el 2015 #Cine - Kalot","description":"Minios la pel\u00edcula, ser\u00e1 dirigida por Pierre Coffin, y por Kyle Balda. Esta saldr\u00e1 a las salas en julio del 2015.","robots":{"index":"index","follow":"follow","max-snippet":"max-snippet:-1","max-image-preview":"max-image-preview:large","max-video-preview":"max-video-preview:-1"},"canonical":"https:\/\/kalot.com.mx\/site\/2013\/09\/26\/minions-para-el-2015-cine\/","og_locale":"es_MX","og_type":"article","og_title":"Minions para el 2015 #Cine - Kalot","og_description":"Minios la pel\u00edcula, ser\u00e1 dirigida por Pierre Coffin, y por Kyle Balda. Esta saldr\u00e1 a las salas en julio del 2015.","og_url":"https:\/\/kalot.com.mx\/site\/2013\/09\/26\/minions-para-el-2015-cine\/","og_site_name":"Kalot","article_publisher":"http:\/\/facebook.com\/mxkalot","article_published_time":"2013-09-26T18:00:29+00:00","article_modified_time":"2017-12-20T21:55:50+00:00","og_image":[{"width":640,"height":256,"url":"https:\/\/i1.wp.com\/kalot.com.mx\/site\/wp-content\/uploads\/2013\/09\/20589319.jpg?fit=640%2C256&ssl=1","type":"image\/jpeg"}],"author":"Anastacio S\u00e1nchez","twitter_card":"summary_large_image","twitter_creator":"@kalotmx","twitter_site":"@kalotmx","twitter_misc":{"Escrito por":"Anastacio S\u00e1nchez","Tiempo de lectura":"2 minutos"},"schema":{"@context":"https:\/\/schema.org","@graph":[{"@type":"Article","@id":"https:\/\/kalot.com.mx\/site\/2013\/09\/26\/minions-para-el-2015-cine\/#article","isPartOf":{"@id":"https:\/\/kalot.com.mx\/site\/2013\/09\/26\/minions-para-el-2015-cine\/"},"author":{"name":"Anastacio S\u00e1nchez","@id":"https:\/\/kalot.com.mx\/site\/#\/schema\/person\/ee236b25e18db7b6c0361096b819085e"},"headline":"Minions para el 2015 #Cine","datePublished":"2013-09-26T18:00:29+00:00","dateModified":"2017-12-20T21:55:50+00:00","mainEntityOfPage":{"@id":"https:\/\/kalot.com.mx\/site\/2013\/09\/26\/minions-para-el-2015-cine\/"},"wordCount":317,"commentCount":0,"publisher":{"@id":"https:\/\/kalot.com.mx\/site\/#organization"},"image":{"@id":"https:\/\/kalot.com.mx\/site\/2013\/09\/26\/minions-para-el-2015-cine\/#primaryimage"},"thumbnailUrl":"https:\/\/i0.wp.com\/kalot.com.mx\/site\/wp-content\/uploads\/2013\/09\/20589319.jpg?fit=640%2C256&ssl=1","inLanguage":"es","potentialAction":[{"@type":"CommentAction","name":"Comment","target":["https:\/\/kalot.com.mx\/site\/2013\/09\/26\/minions-para-el-2015-cine\/#respond"]}]},{"@type":"WebPage","@id":"https:\/\/kalot.com.mx\/site\/2013\/09\/26\/minions-para-el-2015-cine\/","url":"https:\/\/kalot.com.mx\/site\/2013\/09\/26\/minions-para-el-2015-cine\/","name":"Minions para el 2015 #Cine - Kalot","isPartOf":{"@id":"https:\/\/kalot.com.mx\/site\/#website"},"primaryImageOfPage":{"@id":"https:\/\/kalot.com.mx\/site\/2013\/09\/26\/minions-para-el-2015-cine\/#primaryimage"},"image":{"@id":"https:\/\/kalot.com.mx\/site\/2013\/09\/26\/minions-para-el-2015-cine\/#primaryimage"},"thumbnailUrl":"https:\/\/i0.wp.com\/kalot.com.mx\/site\/wp-content\/uploads\/2013\/09\/20589319.jpg?fit=640%2C256&ssl=1","datePublished":"2013-09-26T18:00:29+00:00","dateModified":"2017-12-20T21:55:50+00:00","description":"Minios la pel\u00edcula, ser\u00e1 dirigida por Pierre Coffin, y por Kyle Balda. Esta saldr\u00e1 a las salas en julio del 2015.","breadcrumb":{"@id":"https:\/\/kalot.com.mx\/site\/2013\/09\/26\/minions-para-el-2015-cine\/#breadcrumb"},"inLanguage":"es","potentialAction":[{"@type":"ReadAction","target":["https:\/\/kalot.com.mx\/site\/2013\/09\/26\/minions-para-el-2015-cine\/"]}]},{"@type":"ImageObject","inLanguage":"es","@id":"https:\/\/kalot.com.mx\/site\/2013\/09\/26\/minions-para-el-2015-cine\/#primaryimage","url":"https:\/\/i0.wp.com\/kalot.com.mx\/site\/wp-content\/uploads\/2013\/09\/20589319.jpg?fit=640%2C256&ssl=1","contentUrl":"https:\/\/i0.wp.com\/kalot.com.mx\/site\/wp-content\/uploads\/2013\/09\/20589319.jpg?fit=640%2C256&ssl=1","width":640,"height":256},{"@type":"BreadcrumbList","@id":"https:\/\/kalot.com.mx\/site\/2013\/09\/26\/minions-para-el-2015-cine\/#breadcrumb","itemListElement":[{"@type":"ListItem","position":1,"name":"Home","item":"https:\/\/kalot.com.mx\/site\/"},{"@type":"ListItem","position":2,"name":"Minions para el 2015 #Cine"}]},{"@type":"WebSite","@id":"https:\/\/kalot.com.mx\/site\/#website","url":"https:\/\/kalot.com.mx\/site\/","name":"Kalot","description":"Conoce Todo Sobre Todo","publisher":{"@id":"https:\/\/kalot.com.mx\/site\/#organization"},"potentialAction":[{"@type":"SearchAction","target":{"@type":"EntryPoint","urlTemplate":"https:\/\/kalot.com.mx\/site\/?s={search_term_string}"},"query-input":{"@type":"PropertyValueSpecification","valueRequired":true,"valueName":"search_term_string"}}],"inLanguage":"es"},{"@type":"Organization","@id":"https:\/\/kalot.com.mx\/site\/#organization","name":"Kalot","url":"https:\/\/kalot.com.mx\/site\/","logo":{"@type":"ImageObject","inLanguage":"es","@id":"https:\/\/kalot.com.mx\/site\/#\/schema\/logo\/image\/","url":"https:\/\/i0.wp.com\/kalot.com.mx\/site\/wp-content\/uploads\/2020\/04\/Kalot-logo-sin-tagline.png?fit=1707%2C1014&ssl=1","contentUrl":"https:\/\/i0.wp.com\/kalot.com.mx\/site\/wp-content\/uploads\/2020\/04\/Kalot-logo-sin-tagline.png?fit=1707%2C1014&ssl=1","width":1707,"height":1014,"caption":"Kalot"},"image":{"@id":"https:\/\/kalot.com.mx\/site\/#\/schema\/logo\/image\/"},"sameAs":["http:\/\/facebook.com\/mxkalot","https:\/\/x.com\/kalotmx","http:\/\/instagram.com\/kalotmx","http:\/\/pinterest.com\/jorgeerana\/kalot"]},{"@type":"Person","@id":"https:\/\/kalot.com.mx\/site\/#\/schema\/person\/ee236b25e18db7b6c0361096b819085e","name":"Anastacio S\u00e1nchez","image":{"@type":"ImageObject","inLanguage":"es","@id":"https:\/\/secure.gravatar.com\/avatar\/324a92a45418ed8a3050af905f315c92e1a55b521705c4387fc1ff31aa115e86?s=96&d=mm&r=g","url":"https:\/\/secure.gravatar.com\/avatar\/324a92a45418ed8a3050af905f315c92e1a55b521705c4387fc1ff31aa115e86?s=96&d=mm&r=g","contentUrl":"https:\/\/secure.gravatar.com\/avatar\/324a92a45418ed8a3050af905f315c92e1a55b521705c4387fc1ff31aa115e86?s=96&d=mm&r=g","caption":"Anastacio S\u00e1nchez"},"description":"Soy Huasteco de nacimiento, Americanista de coraz\u00f3n y mercadologo en formaci\u00f3n, estudiante de la Universidad Polit\u00e9cnica de San Luis Potos\u00ed, Bloger novato.","sameAs":["https:\/\/twitter.com\/ASC2807"],"url":"https:\/\/kalot.com.mx\/site\/author\/tacho\/"}]}},"jetpack_publicize_connections":[],"jetpack_featured_media_url":"https:\/\/i0.wp.com\/kalot.com.mx\/site\/wp-content\/uploads\/2013\/09\/20589319.jpg?fit=640%2C256&ssl=1","jetpack_shortlink":"https:\/\/wp.me\/p6IHEI-D8","jetpack-related-posts":[{"id":22208,"url":"https:\/\/kalot.com.mx\/site\/2015\/07\/10\/y-llegaron-los-minions\/","url_meta":{"origin":2426,"position":0},"title":"Y Llegaron los Minions","author":"yash","date":"10 julio, 2015","format":false,"excerpt":"Por fin lleg\u00f3 el tan esperado\u00a0spin-off de \"Mi Villano Favorito\". Ten\u00eda \u00a0una tarea dif\u00edcil: Cargar con el peso protag\u00f3nico de una pel\u00edcula de comedia-familiar cuyo personaje central, en esta ocasi\u00f3n, no aparece. A mi parecer, lo cumpli\u00f3. Cuando se estren\u00f3 \"Mi Villano Favorito\", hubo unos personajes, unos peque\u00f1os seres amarillos\u2026","rel":"","context":"Entrada similar ","block_context":{"text":"Entrada similar ","link":""},"img":{"alt_text":"","src":"https:\/\/i0.wp.com\/kalot.com.mx\/site\/wp-content\/uploads\/2015\/07\/minions2.jpg?fit=1200%2C649&ssl=1&resize=350%2C200","width":350,"height":200,"srcset":"https:\/\/i0.wp.com\/kalot.com.mx\/site\/wp-content\/uploads\/2015\/07\/minions2.jpg?fit=1200%2C649&ssl=1&resize=350%2C200 1x, https:\/\/i0.wp.com\/kalot.com.mx\/site\/wp-content\/uploads\/2015\/07\/minions2.jpg?fit=1200%2C649&ssl=1&resize=525%2C300 1.5x, https:\/\/i0.wp.com\/kalot.com.mx\/site\/wp-content\/uploads\/2015\/07\/minions2.jpg?fit=1200%2C649&ssl=1&resize=700%2C400 2x, https:\/\/i0.wp.com\/kalot.com.mx\/site\/wp-content\/uploads\/2015\/07\/minions2.jpg?fit=1200%2C649&ssl=1&resize=1050%2C600 3x"},"classes":[]},{"id":9256,"url":"https:\/\/kalot.com.mx\/site\/2014\/01\/09\/y-los-nominados-los-bafta-son\/","url_meta":{"origin":2426,"position":1},"title":"Y los nominados a los BAFTA son:","author":"Ivan Mendez","date":"9 enero, 2014","format":false,"excerpt":"Los llamados Oscar brit\u00e1nicos est\u00e1n cada vez mas cerca y justo ayer se dieron a conocer la lista de lo que son los nominados a obtener este premio, se resalta que el mexicano Alfonso Cuar\u00f3n obtuvo 11 nominaciones por Gravedad. Aqu\u00ed te dejo la lista de nominaciones y te invito\u2026","rel":"","context":"Entrada similar ","block_context":{"text":"Entrada similar ","link":""},"img":{"alt_text":"","src":"https:\/\/i0.wp.com\/kalot.com.mx\/site\/wp-content\/uploads\/2014\/01\/bafta.jpg?fit=620%2C428&ssl=1&resize=350%2C200","width":350,"height":200,"srcset":"https:\/\/i0.wp.com\/kalot.com.mx\/site\/wp-content\/uploads\/2014\/01\/bafta.jpg?fit=620%2C428&ssl=1&resize=350%2C200 1x, https:\/\/i0.wp.com\/kalot.com.mx\/site\/wp-content\/uploads\/2014\/01\/bafta.jpg?fit=620%2C428&ssl=1&resize=525%2C300 1.5x"},"classes":[]},{"id":8081,"url":"https:\/\/kalot.com.mx\/site\/2013\/12\/19\/tmnt-tortugas-al-ataque-throwbackthursday-tmnt\/","url_meta":{"origin":2426,"position":2},"title":"TMNT, tortugas al ataque. #ThrowbackThursday #TMNT","author":"HM_MKT007","date":"19 diciembre, 2013","format":false,"excerpt":"Eh de reconocer algo, el d\u00eda de hoy es mi favorito, es jueves de\u00a0#ThrowbackThursday, y la verdad me encanta, porque me remonta a tan bellos recuerdos, al igual que a muchos estoy seguro. Bueno, el d\u00eda de hoy, hablaremos de algo realmente legendario, por todo su impacto y por como\u2026","rel":"","context":"Entrada similar ","block_context":{"text":"Entrada similar ","link":""},"img":{"alt_text":"","src":"https:\/\/i0.wp.com\/kalot.com.mx\/site\/wp-content\/uploads\/2013\/12\/teenage-mutant-ninja-turtles-1.jpg?fit=440%2C340&ssl=1&resize=350%2C200","width":350,"height":200},"classes":[]},{"id":9593,"url":"https:\/\/kalot.com.mx\/site\/2014\/01\/16\/y-los-nominados-los-oscar-de-este-ano-son\/","url_meta":{"origin":2426,"position":3},"title":"Lista completa nominados a los \u00d3scar 2014","author":"Omar Herrera","date":"16 enero, 2014","format":false,"excerpt":"Hoy en punto de las 7:30 am se han dado a conocer los nominados a los Premios \u00d3scar 2014. La cita fue en el\u00a0Academy's Samuel Goldwyn Theater en Beverly Hills, California. La ceremonia fue presidida por el actor Chris Hemsworth y la presidenta de la Academia Cheryl Boone Isaacs. La\u2026","rel":"","context":"Entrada similar ","block_context":{"text":"Entrada similar ","link":""},"img":{"alt_text":"","src":"https:\/\/i0.wp.com\/kalot.com.mx\/site\/wp-content\/uploads\/2014\/01\/Oscar-verleihung-news.jpg?fit=800%2C450&ssl=1&resize=350%2C200","width":350,"height":200,"srcset":"https:\/\/i0.wp.com\/kalot.com.mx\/site\/wp-content\/uploads\/2014\/01\/Oscar-verleihung-news.jpg?fit=800%2C450&ssl=1&resize=350%2C200 1x, https:\/\/i0.wp.com\/kalot.com.mx\/site\/wp-content\/uploads\/2014\/01\/Oscar-verleihung-news.jpg?fit=800%2C450&ssl=1&resize=525%2C300 1.5x, https:\/\/i0.wp.com\/kalot.com.mx\/site\/wp-content\/uploads\/2014\/01\/Oscar-verleihung-news.jpg?fit=800%2C450&ssl=1&resize=700%2C400 2x"},"classes":[]},{"id":22237,"url":"https:\/\/kalot.com.mx\/site\/2015\/07\/13\/im-not-gonna-kill-you-im-just-gonna-hurt-you-really-really-bad-trailer-de-suicide-squad\/","url_meta":{"origin":2426,"position":4},"title":"&#8220;I\u00b4m not gonna kill you.. I\u00b4m just gonna hurt you..really..really bad!&#8221; tr\u00e1iler de Suicide Squad","author":"Jorge Era\u00f1a","date":"13 julio, 2015","format":false,"excerpt":"https:\/\/www.facebook.com\/mxkalot\/posts\/894977380569279 De los mejores tr\u00e1ilers que hemos visto en ente 2015, ya falta muy poco para poder verla en cines. \u00bfQui\u00e9n es tu villano favorito? Suicide Squad se estrena en agosto del 2016 :)","rel":"","context":"Con 2 comentarios","block_context":{"text":"Con 2 comentarios","link":"https:\/\/kalot.com.mx\/site\/2015\/07\/13\/im-not-gonna-kill-you-im-just-gonna-hurt-you-really-really-bad-trailer-de-suicide-squad\/#comments"},"img":{"alt_text":"","src":"https:\/\/i0.wp.com\/kalot.com.mx\/site\/wp-content\/uploads\/2015\/07\/11709522_1613595558921079_4232762054125781174_n.png?fit=851%2C315&ssl=1&resize=350%2C200","width":350,"height":200,"srcset":"https:\/\/i0.wp.com\/kalot.com.mx\/site\/wp-content\/uploads\/2015\/07\/11709522_1613595558921079_4232762054125781174_n.png?fit=851%2C315&ssl=1&resize=350%2C200 1x, https:\/\/i0.wp.com\/kalot.com.mx\/site\/wp-content\/uploads\/2015\/07\/11709522_1613595558921079_4232762054125781174_n.png?fit=851%2C315&ssl=1&resize=525%2C300 1.5x, https:\/\/i0.wp.com\/kalot.com.mx\/site\/wp-content\/uploads\/2015\/07\/11709522_1613595558921079_4232762054125781174_n.png?fit=851%2C315&ssl=1&resize=700%2C400 2x"},"classes":[]},{"id":18975,"url":"https:\/\/kalot.com.mx\/site\/2014\/10\/28\/regresa-marvel-agents-shield\/","url_meta":{"origin":2426,"position":5},"title":"Regresa Marvel\u00b4s Agents of SHIELD","author":"Jorge Era\u00f1a","date":"28 octubre, 2014","format":false,"excerpt":"Marvel\u00b4s Agents of SHIELD est\u00e1 de regreso con su 2a temporada, regresa hoy\u00a028 de octubre y se transmitir\u00e1 todos\u00a0los martes a las 22:00 de M\u00e9xico. Aqu\u00ed les dejamos un avance de lo que ser\u00e1 el regreso de esta genial serie, en lo personal me gust\u00f3 mucho el giro que le\u2026","rel":"","context":"Entrada similar ","block_context":{"text":"Entrada similar ","link":""},"img":{"alt_text":"Marvel\u00b4s Agents of SHIELD est\u00e1 de regreso con su 2a temporada","src":"https:\/\/i0.wp.com\/kalot.com.mx\/site\/wp-content\/uploads\/2014\/10\/52fab082263bb.jpg?fit=940%2C529&ssl=1&resize=350%2C200","width":350,"height":200,"srcset":"https:\/\/i0.wp.com\/kalot.com.mx\/site\/wp-content\/uploads\/2014\/10\/52fab082263bb.jpg?fit=940%2C529&ssl=1&resize=350%2C200 1x, https:\/\/i0.wp.com\/kalot.com.mx\/site\/wp-content\/uploads\/2014\/10\/52fab082263bb.jpg?fit=940%2C529&ssl=1&resize=525%2C300 1.5x, https:\/\/i0.wp.com\/kalot.com.mx\/site\/wp-content\/uploads\/2014\/10\/52fab082263bb.jpg?fit=940%2C529&ssl=1&resize=700%2C400 2x"},"classes":[]}],"jetpack_sharing_enabled":true,"_links":{"self":[{"href":"https:\/\/kalot.com.mx\/site\/wp-json\/wp\/v2\/posts\/2426","targetHints":{"allow":["GET"]}}],"collection":[{"href":"https:\/\/kalot.com.mx\/site\/wp-json\/wp\/v2\/posts"}],"about":[{"href":"https:\/\/kalot.com.mx\/site\/wp-json\/wp\/v2\/types\/post"}],"author":[{"embeddable":true,"href":"https:\/\/kalot.com.mx\/site\/wp-json\/wp\/v2\/users\/19"}],"replies":[{"embeddable":true,"href":"https:\/\/kalot.com.mx\/site\/wp-json\/wp\/v2\/comments?post=2426"}],"version-history":[{"count":1,"href":"https:\/\/kalot.com.mx\/site\/wp-json\/wp\/v2\/posts\/2426\/revisions"}],"predecessor-version":[{"id":27979,"href":"https:\/\/kalot.com.mx\/site\/wp-json\/wp\/v2\/posts\/2426\/revisions\/27979"}],"wp:featuredmedia":[{"embeddable":true,"href":"https:\/\/kalot.com.mx\/site\/wp-json\/wp\/v2\/media\/2427"}],"wp:attachment":[{"href":"https:\/\/kalot.com.mx\/site\/wp-json\/wp\/v2\/media?parent=2426"}],"wp:term":[{"taxonomy":"category","embeddable":true,"href":"https:\/\/kalot.com.mx\/site\/wp-json\/wp\/v2\/categories?post=2426"},{"taxonomy":"post_tag","embeddable":true,"href":"https:\/\/kalot.com.mx\/site\/wp-json\/wp\/v2\/tags?post=2426"}],"curies":[{"name":"wp","href":"https:\/\/api.w.org\/{rel}","templated":true}]}}