{"id":24165,"date":"2015-10-30T13:15:24","date_gmt":"2015-10-30T19:15:24","guid":{"rendered":"http:\/\/kalot.com.mx\/site\/?p=24165"},"modified":"2017-12-20T15:55:52","modified_gmt":"2017-12-20T21:55:52","slug":"dia-de-muertos-viernesde-breviario-cultural","status":"publish","type":"post","link":"https:\/\/kalot.com.mx\/site\/2015\/10\/30\/dia-de-muertos-viernesde-breviario-cultural\/","title":{"rendered":"D\u00eda de muertos #Viernesde breviario cultural"},"content":{"rendered":"<blockquote>\n<p style=\"text-align: justify\">&#8220;<strong>Comer muertos es para el mexicano un verdadero placer, se considera la antropofagia de pan y az\u00facar.\u00a0<\/strong>El fen\u00f3meno se asimila con respeto e iron\u00eda, se desaf\u00eda a la muerte, se burlan de ella comi\u00e9ndola&#8221;. Jos\u00e9 Luis Curiel Monteagudo<\/p>\n<\/blockquote>\n<p style=\"text-align: justify\">Chiquillos y chiquillas, este fin de semana es de fiesta, porque festejamos una colorida y muy representativa celebraci\u00f3n del calendario mexicano y que nos identifica como una cultura rica en tradiciones.<\/p>\n<p style=\"text-align: justify\">Y tambi\u00e9n, este fin de semana se celebra la noche de brujas o Halloween, representativa de nuestro vecino del norte; seguro a ustedes tambi\u00e9n les ha tocado ver en redes sociales una avalancha en pro de las tradiciones mexicanas y desechar los extranjerismos, refiri\u00e9ndose a estas dos celebraciones que tienen or\u00edgenes diferentes, pero el mismo fin que es festejar.<\/p>\n<p style=\"text-align: justify\"><strong>Nuestra tradici\u00f3n no es subestimada por nadie<\/strong>, incluso Disney quiso adue\u00f1arse de ella, hubo un debate intenso y, por supuesto,\u00a0no nos hizo muy felices; pero que tal cuando vino Daniel Craig a grabar en las calles del centro hist\u00f3rico justo haciendo alusi\u00f3n a esta fiesta, <strong>es bueno saber que una tradici\u00f3n arraigada y de las m\u00e1s importantes de la cultura mexicana es reconocida a nivel mundial<\/strong> y est\u00e1 en nosotros conservarla.<\/p>\n<p style=\"text-align: justify\">Dicho lo anterior, es necesario recordar que nuestras tradiciones, incluso las de otros pa\u00edses, son lo que son por <strong>el sincretismo cultural<\/strong> que surge por la conquista de unas naciones sobre otras, en el caso de M\u00e9xico, nuestros ancestros celebraban a la muerte con ofrendas y sacrificios, al llegar los espa\u00f1oles se funde con la religi\u00f3n cat\u00f3lica, que al hacer la conversi\u00f3n a la religi\u00f3n que ellos profesaban ven la oportunidad de &#8220;pegar&#8221; la celebraci\u00f3n de la muerte prehisp\u00e1nica a la espa\u00f1ola del d\u00eda de todos los santos y de los fieles difuntos.<\/p>\n<p style=\"text-align: justify\"><strong>En el M\u00e9xico prehisp\u00e1nico la celebraci\u00f3n era todo un mes,<\/strong> m\u00e1s cercano al mes de agosto, y se ofrec\u00eda al dios <em>Mictecacihuatl<\/em>, se\u00f1or de la muerte. Cuando los Espa\u00f1oles llegan se mueve la festividad al mes de noviembre que es cuando ellos festejaban, un d\u00eda despu\u00e9s de d\u00eda de brujas.<\/p>\n<p style=\"text-align: justify\">Una de las figuras m\u00e1s representativas del D\u00eda de muertos es <strong>La Catrina<\/strong>, cuyo autor es Diego Rivera, peeeroooo, <strong>el precursor fue Jos\u00e9 Guadalupe Posada<\/strong>, caricaturista y grabador, sus ilustraciones de calaveras se imprim\u00edan en las publicaciones de combate en la \u00e9poca porfiriana en la que se criticaba el estilo de vida de la clase alta y de las situaciones sociales que se sucitaban, todo de manera burlona.<\/p>\n<p style=\"text-align: justify\"><a href=\"https:\/\/i0.wp.com\/kalot.com.mx\/site\/wp-content\/uploads\/2015\/10\/catrinas.png\"><img decoding=\"async\" data-attachment-id=\"24166\" data-permalink=\"https:\/\/kalot.com.mx\/site\/2015\/10\/30\/dia-de-muertos-viernesde-breviario-cultural\/catrinas\/\" data-orig-file=\"https:\/\/i0.wp.com\/kalot.com.mx\/site\/wp-content\/uploads\/2015\/10\/catrinas.png?fit=842%2C299&amp;ssl=1\" data-orig-size=\"842,299\" data-comments-opened=\"1\" data-image-meta=\"{&quot;aperture&quot;:&quot;0&quot;,&quot;credit&quot;:&quot;&quot;,&quot;camera&quot;:&quot;&quot;,&quot;caption&quot;:&quot;&quot;,&quot;created_timestamp&quot;:&quot;0&quot;,&quot;copyright&quot;:&quot;&quot;,&quot;focal_length&quot;:&quot;0&quot;,&quot;iso&quot;:&quot;0&quot;,&quot;shutter_speed&quot;:&quot;0&quot;,&quot;title&quot;:&quot;&quot;,&quot;orientation&quot;:&quot;0&quot;}\" data-image-title=\"catrinas\" data-image-description=\"\" data-image-caption=\"\" data-large-file=\"https:\/\/i0.wp.com\/kalot.com.mx\/site\/wp-content\/uploads\/2015\/10\/catrinas.png?fit=842%2C299&amp;ssl=1\" class=\"aligncenter size-medium wp-image-24166\" src=\"https:\/\/i2.wp.com\/kalot.com.mx\/site\/wp-content\/uploads\/2013\/08\/20130830-190327.jpg?fit=113%2C150&#038;ssl=1\" alt=\"catrinas\" width=\"113\" height=\"150\" \/><\/a><\/p>\n<p style=\"text-align: justify\">As\u00ed se constituye un pilar de la tradici\u00f3n, que son los <strong>escritos en forma de verso llenas de humor que conocemos como &#8220;calaveritas&#8221;<\/strong>. Otro elemento muy importante es <strong>la ofrenda<\/strong>, un altar que se ofrece en conmemoraci\u00f3n de los seres que ya han partido al otro mundo. La flor por excelencia de estas fechas es <strong>&#8220;la flor de veinte p\u00e9talos&#8221; cempoal-xochitl<\/strong>, que junto a las calaveritas de az\u00facar (chocolate o amaranto) adornan las ofrendas.<\/p>\n<p style=\"text-align: justify\"><a href=\"https:\/\/i0.wp.com\/kalot.com.mx\/site\/wp-content\/uploads\/2015\/10\/elementos.png\"><img decoding=\"async\" data-attachment-id=\"24167\" data-permalink=\"https:\/\/kalot.com.mx\/site\/2015\/10\/30\/dia-de-muertos-viernesde-breviario-cultural\/elementos\/\" data-orig-file=\"https:\/\/i0.wp.com\/kalot.com.mx\/site\/wp-content\/uploads\/2015\/10\/elementos.png?fit=1000%2C521&amp;ssl=1\" data-orig-size=\"1000,521\" data-comments-opened=\"1\" data-image-meta=\"{&quot;aperture&quot;:&quot;0&quot;,&quot;credit&quot;:&quot;&quot;,&quot;camera&quot;:&quot;&quot;,&quot;caption&quot;:&quot;&quot;,&quot;created_timestamp&quot;:&quot;0&quot;,&quot;copyright&quot;:&quot;&quot;,&quot;focal_length&quot;:&quot;0&quot;,&quot;iso&quot;:&quot;0&quot;,&quot;shutter_speed&quot;:&quot;0&quot;,&quot;title&quot;:&quot;&quot;,&quot;orientation&quot;:&quot;0&quot;}\" data-image-title=\"elementos\" data-image-description=\"\" data-image-caption=\"\" data-large-file=\"https:\/\/i0.wp.com\/kalot.com.mx\/site\/wp-content\/uploads\/2015\/10\/elementos.png?fit=1000%2C521&amp;ssl=1\" class=\"aligncenter size-medium wp-image-24167\" src=\"https:\/\/i2.wp.com\/kalot.com.mx\/site\/wp-content\/uploads\/2013\/08\/20130830-190327.jpg?fit=113%2C150&#038;ssl=1\" alt=\"elementos\" width=\"113\" height=\"150\" \/><\/a><\/p>\n<p style=\"text-align: justify\">El delicioso <strong>pan de muerto<\/strong>, que nace del ritual del sacrificio, se ofrec\u00eda el coraz\u00f3n del sacrificado al dios, como a los espa\u00f1oles les pareci\u00f3 un hecho horrible optaron por hornear un pan con forma de coraz\u00f3n con az\u00facar pintada de rojo simulando la sangre, no s\u00f3lo es un adorno sino parte de la gastronom\u00eda mexicana.<\/p>\n<p style=\"text-align: justify\"><a href=\"https:\/\/i0.wp.com\/kalot.com.mx\/site\/wp-content\/uploads\/2015\/10\/panes-de-muertos.jpg\"><img decoding=\"async\" data-attachment-id=\"24169\" data-permalink=\"https:\/\/kalot.com.mx\/site\/2015\/10\/30\/dia-de-muertos-viernesde-breviario-cultural\/panes-de-muertos\/\" data-orig-file=\"https:\/\/i0.wp.com\/kalot.com.mx\/site\/wp-content\/uploads\/2015\/10\/panes-de-muertos.jpg?fit=259%2C194&amp;ssl=1\" data-orig-size=\"259,194\" data-comments-opened=\"1\" data-image-meta=\"{&quot;aperture&quot;:&quot;0&quot;,&quot;credit&quot;:&quot;&quot;,&quot;camera&quot;:&quot;&quot;,&quot;caption&quot;:&quot;&quot;,&quot;created_timestamp&quot;:&quot;0&quot;,&quot;copyright&quot;:&quot;&quot;,&quot;focal_length&quot;:&quot;0&quot;,&quot;iso&quot;:&quot;0&quot;,&quot;shutter_speed&quot;:&quot;0&quot;,&quot;title&quot;:&quot;&quot;,&quot;orientation&quot;:&quot;0&quot;}\" data-image-title=\"panes de muertos\" data-image-description=\"\" data-image-caption=\"\" data-large-file=\"https:\/\/i0.wp.com\/kalot.com.mx\/site\/wp-content\/uploads\/2015\/10\/panes-de-muertos.jpg?fit=259%2C194&amp;ssl=1\" class=\"aligncenter size-full wp-image-24169\" src=\"https:\/\/i2.wp.com\/kalot.com.mx\/site\/wp-content\/uploads\/2013\/08\/20130830-190327.jpg?fit=113%2C150&#038;ssl=1\" alt=\"panes de muertos\" width=\"113\" height=\"150\" \/><\/a><\/p>\n<p style=\"text-align: justify\">La visita a los cementerios es dar la bienvenida a los difuntos, llev\u00e1ndoles sus guisos o frutas preferidas, sin embargo, tiene un significado m\u00e1s profundo proveniente de la cultura prehisp\u00e1nica, el de honrar a la madre tierra, Tonantzin, a quien en oto\u00f1o se le ofrec\u00edan productos del campo para procurarla y pedirle que las cosechas del siguiente a\u00f1o fueran buenas, y se hac\u00edan guardias para ahuyentar a las cosas malas que quisieran da\u00f1arla, por eso en las ofrendas hay frutas.<\/p>\n<p style=\"text-align: justify\"><a href=\"https:\/\/i0.wp.com\/kalot.com.mx\/site\/wp-content\/uploads\/2015\/10\/cementerios.jpeg\"><img loading=\"lazy\" decoding=\"async\" data-attachment-id=\"24168\" data-permalink=\"https:\/\/kalot.com.mx\/site\/2015\/10\/30\/dia-de-muertos-viernesde-breviario-cultural\/cementerios\/\" data-orig-file=\"https:\/\/i0.wp.com\/kalot.com.mx\/site\/wp-content\/uploads\/2015\/10\/cementerios.jpeg?fit=630%2C320&amp;ssl=1\" data-orig-size=\"630,320\" data-comments-opened=\"1\" data-image-meta=\"{&quot;aperture&quot;:&quot;0&quot;,&quot;credit&quot;:&quot;&quot;,&quot;camera&quot;:&quot;&quot;,&quot;caption&quot;:&quot;&quot;,&quot;created_timestamp&quot;:&quot;0&quot;,&quot;copyright&quot;:&quot;&quot;,&quot;focal_length&quot;:&quot;0&quot;,&quot;iso&quot;:&quot;0&quot;,&quot;shutter_speed&quot;:&quot;0&quot;,&quot;title&quot;:&quot;&quot;,&quot;orientation&quot;:&quot;0&quot;}\" data-image-title=\"cementerios\" data-image-description=\"\" data-image-caption=\"\" data-large-file=\"https:\/\/i0.wp.com\/kalot.com.mx\/site\/wp-content\/uploads\/2015\/10\/cementerios.jpeg?fit=630%2C320&amp;ssl=1\" class=\"aligncenter size-medium wp-image-24168\" src=\"https:\/\/i2.wp.com\/kalot.com.mx\/site\/wp-content\/uploads\/2013\/08\/20130830-190327.jpg?fit=113%2C150&#038;ssl=1\" alt=\"cementerios\" width=\"113\" height=\"150\" \/><\/a><\/p>\n<p style=\"text-align: justify\">Pedir &#8220;calaverita&#8221; es otro sincretismo, influenciado por el Halloween, se recorre casa por casa pidiendo la dulces, antes era dinero, lo que all\u00e1 se le dice &#8220;trick or treat&#8221;.<\/p>\n<p style=\"text-align: justify\"><strong>En distintos estados de la rep\u00fablica la conmemoraci\u00f3n inicia desde el 28 de octubre<\/strong> y se van preparando, haciendo limpieza en cementerios, prendiendo velas, rezando, haciendo rituales, todo para dar un c\u00e1lido recibimiento a quienes ya no habitan el mundo terrenal y que por unas horas tienen el permiso de visitar a sus seres queridos.<\/p>\n<p style=\"text-align: justify\">Como ven el D\u00eda de muertos es una celebraci\u00f3n llena de significado, s\u00ed es una fiesta, pero <strong>es todo un ritual<\/strong> y est\u00e1 en nosotros no perderla, ense\u00f1ar a los m\u00e1s peque\u00f1os a seguir las tradiciones ayudar\u00e1 a que no se pierda en la influencia de otras culturas. Sin embargo, disfrazarse como monstruo es un diversi\u00f3n que no debe estar peleada, s\u00f3lo <strong>recordar nuestras ra\u00edces, mantenerlas y mostrarlas al mundo<\/strong> es lo que har\u00e1 que esta fiesta no deje de tener la importancia y la belleza que tiene.<\/p>\n<p>&nbsp;<\/p>\n<h2 id=\"brenda-a\"><span style=\"color: #ff00ff\">Brenda A.<\/span><\/h2>\n<p>&nbsp;<\/p>\n<p>&nbsp;<\/p>\n<p>&nbsp;<\/p>\n<p>&nbsp;<\/p>\n<p>&nbsp;<\/p>\n<p>&nbsp;<\/p>\n<p>&nbsp;<\/p>\n","protected":false},"excerpt":{"rendered":"&#8220;Comer muertos es para el mexicano un verdadero placer, se considera la antropofagia de pan y az\u00facar.\u00a0El fen\u00f3meno&hellip;\n","protected":false},"author":135,"featured_media":24170,"comment_status":"open","ping_status":"open","sticky":false,"template":"","format":"standard","meta":{"jetpack_post_was_ever_published":false,"_jetpack_newsletter_access":"","_jetpack_dont_email_post_to_subs":false,"_jetpack_newsletter_tier_id":0,"_jetpack_memberships_contains_paywalled_content":false,"_jetpack_memberships_contains_paid_content":false,"footnotes":"","jetpack_publicize_message":"","jetpack_publicize_feature_enabled":true,"jetpack_social_post_already_shared":true,"jetpack_social_options":{"image_generator_settings":{"template":"highway","default_image_id":0,"font":"","enabled":false},"version":2}},"categories":[13],"tags":[229,225,223,28,230,232,231],"class_list":{"0":"post-24165","1":"post","2":"type-post","3":"status-publish","4":"format-standard","5":"has-post-thumbnail","7":"category-cultura","8":"tag-cultura","9":"tag-dia-de-muertos","10":"tag-halloween","11":"tag-mexico","12":"tag-muertos","13":"tag-ofrendas","14":"tag-pan-de-muertos","15":"cs-entry","16":"cs-video-wrap"},"yoast_head":"<!-- This site is optimized with the Yoast SEO plugin v27.5 - https:\/\/yoast.com\/product\/yoast-seo-wordpress\/ -->\n<title>D\u00eda de muertos #Viernesde breviario cultural - Kalot<\/title>\n<meta name=\"description\" content=\"&quot;Comer muertos es para el mexicano un verdadero placer, se considera la antropofagia de pan y az\u00facar.\u00a0El fen\u00f3meno se asimila con respeto e iron\u00eda, se\" \/>\n<meta name=\"robots\" content=\"index, follow, max-snippet:-1, max-image-preview:large, max-video-preview:-1\" \/>\n<link rel=\"canonical\" href=\"https:\/\/kalot.com.mx\/site\/2015\/10\/30\/dia-de-muertos-viernesde-breviario-cultural\/\" \/>\n<meta property=\"og:locale\" content=\"es_MX\" \/>\n<meta property=\"og:type\" content=\"article\" \/>\n<meta property=\"og:title\" content=\"D\u00eda de muertos #Viernesde breviario cultural - Kalot\" \/>\n<meta property=\"og:description\" content=\"&quot;Comer muertos es para el mexicano un verdadero placer, se considera la antropofagia de pan y az\u00facar.\u00a0El fen\u00f3meno se asimila con respeto e iron\u00eda, se\" \/>\n<meta property=\"og:url\" content=\"https:\/\/kalot.com.mx\/site\/2015\/10\/30\/dia-de-muertos-viernesde-breviario-cultural\/\" \/>\n<meta property=\"og:site_name\" content=\"Kalot\" \/>\n<meta property=\"article:publisher\" content=\"http:\/\/facebook.com\/mxkalot\" \/>\n<meta property=\"article:published_time\" content=\"2015-10-30T19:15:24+00:00\" \/>\n<meta property=\"article:modified_time\" content=\"2017-12-20T21:55:52+00:00\" \/>\n<meta property=\"og:image\" content=\"https:\/\/i2.wp.com\/kalot.com.mx\/site\/wp-content\/uploads\/2015\/10\/principal.jpg?fit=310%2C162&ssl=1\" \/>\n\t<meta property=\"og:image:width\" content=\"310\" \/>\n\t<meta property=\"og:image:height\" content=\"162\" \/>\n\t<meta property=\"og:image:type\" content=\"image\/jpeg\" \/>\n<meta name=\"author\" content=\"Brenda A\" \/>\n<meta name=\"twitter:card\" content=\"summary_large_image\" \/>\n<meta name=\"twitter:creator\" content=\"@kalotmx\" \/>\n<meta name=\"twitter:site\" content=\"@kalotmx\" \/>\n<meta name=\"twitter:label1\" content=\"Escrito por\" \/>\n\t<meta name=\"twitter:data1\" content=\"Brenda A\" \/>\n\t<meta name=\"twitter:label2\" content=\"Tiempo de lectura\" \/>\n\t<meta name=\"twitter:data2\" content=\"4 minutos\" \/>\n<!-- \/ Yoast SEO plugin. -->","yoast_head_json":{"title":"D\u00eda de muertos #Viernesde breviario cultural - Kalot","description":"\"Comer muertos es para el mexicano un verdadero placer, se considera la antropofagia de pan y az\u00facar.\u00a0El fen\u00f3meno se asimila con respeto e iron\u00eda, se","robots":{"index":"index","follow":"follow","max-snippet":"max-snippet:-1","max-image-preview":"max-image-preview:large","max-video-preview":"max-video-preview:-1"},"canonical":"https:\/\/kalot.com.mx\/site\/2015\/10\/30\/dia-de-muertos-viernesde-breviario-cultural\/","og_locale":"es_MX","og_type":"article","og_title":"D\u00eda de muertos #Viernesde breviario cultural - Kalot","og_description":"\"Comer muertos es para el mexicano un verdadero placer, se considera la antropofagia de pan y az\u00facar.\u00a0El fen\u00f3meno se asimila con respeto e iron\u00eda, se","og_url":"https:\/\/kalot.com.mx\/site\/2015\/10\/30\/dia-de-muertos-viernesde-breviario-cultural\/","og_site_name":"Kalot","article_publisher":"http:\/\/facebook.com\/mxkalot","article_published_time":"2015-10-30T19:15:24+00:00","article_modified_time":"2017-12-20T21:55:52+00:00","og_image":[{"width":310,"height":162,"url":"https:\/\/i2.wp.com\/kalot.com.mx\/site\/wp-content\/uploads\/2015\/10\/principal.jpg?fit=310%2C162&ssl=1","type":"image\/jpeg"}],"author":"Brenda A","twitter_card":"summary_large_image","twitter_creator":"@kalotmx","twitter_site":"@kalotmx","twitter_misc":{"Escrito por":"Brenda A","Tiempo de lectura":"4 minutos"},"schema":{"@context":"https:\/\/schema.org","@graph":[{"@type":"Article","@id":"https:\/\/kalot.com.mx\/site\/2015\/10\/30\/dia-de-muertos-viernesde-breviario-cultural\/#article","isPartOf":{"@id":"https:\/\/kalot.com.mx\/site\/2015\/10\/30\/dia-de-muertos-viernesde-breviario-cultural\/"},"author":{"name":"Brenda A","@id":"https:\/\/kalot.com.mx\/site\/#\/schema\/person\/fcbbd4831be1e4183f2b194b2b7b48f7"},"headline":"D\u00eda de muertos #Viernesde breviario cultural","datePublished":"2015-10-30T19:15:24+00:00","dateModified":"2017-12-20T21:55:52+00:00","mainEntityOfPage":{"@id":"https:\/\/kalot.com.mx\/site\/2015\/10\/30\/dia-de-muertos-viernesde-breviario-cultural\/"},"wordCount":880,"commentCount":0,"publisher":{"@id":"https:\/\/kalot.com.mx\/site\/#organization"},"image":{"@id":"https:\/\/kalot.com.mx\/site\/2015\/10\/30\/dia-de-muertos-viernesde-breviario-cultural\/#primaryimage"},"thumbnailUrl":"https:\/\/i0.wp.com\/kalot.com.mx\/site\/wp-content\/uploads\/2015\/10\/principal.jpg?fit=310%2C162&ssl=1","keywords":["cultura","D\u00eda de muertos","Halloween","mexico","muertos","ofrendas","pan de muertos"],"articleSection":["Cultura"],"inLanguage":"es","potentialAction":[{"@type":"CommentAction","name":"Comment","target":["https:\/\/kalot.com.mx\/site\/2015\/10\/30\/dia-de-muertos-viernesde-breviario-cultural\/#respond"]}]},{"@type":"WebPage","@id":"https:\/\/kalot.com.mx\/site\/2015\/10\/30\/dia-de-muertos-viernesde-breviario-cultural\/","url":"https:\/\/kalot.com.mx\/site\/2015\/10\/30\/dia-de-muertos-viernesde-breviario-cultural\/","name":"D\u00eda de muertos #Viernesde breviario cultural - Kalot","isPartOf":{"@id":"https:\/\/kalot.com.mx\/site\/#website"},"primaryImageOfPage":{"@id":"https:\/\/kalot.com.mx\/site\/2015\/10\/30\/dia-de-muertos-viernesde-breviario-cultural\/#primaryimage"},"image":{"@id":"https:\/\/kalot.com.mx\/site\/2015\/10\/30\/dia-de-muertos-viernesde-breviario-cultural\/#primaryimage"},"thumbnailUrl":"https:\/\/i0.wp.com\/kalot.com.mx\/site\/wp-content\/uploads\/2015\/10\/principal.jpg?fit=310%2C162&ssl=1","datePublished":"2015-10-30T19:15:24+00:00","dateModified":"2017-12-20T21:55:52+00:00","description":"\"Comer muertos es para el mexicano un verdadero placer, se considera la antropofagia de pan y az\u00facar.\u00a0El fen\u00f3meno se asimila con respeto e iron\u00eda, se","breadcrumb":{"@id":"https:\/\/kalot.com.mx\/site\/2015\/10\/30\/dia-de-muertos-viernesde-breviario-cultural\/#breadcrumb"},"inLanguage":"es","potentialAction":[{"@type":"ReadAction","target":["https:\/\/kalot.com.mx\/site\/2015\/10\/30\/dia-de-muertos-viernesde-breviario-cultural\/"]}]},{"@type":"ImageObject","inLanguage":"es","@id":"https:\/\/kalot.com.mx\/site\/2015\/10\/30\/dia-de-muertos-viernesde-breviario-cultural\/#primaryimage","url":"https:\/\/i0.wp.com\/kalot.com.mx\/site\/wp-content\/uploads\/2015\/10\/principal.jpg?fit=310%2C162&ssl=1","contentUrl":"https:\/\/i0.wp.com\/kalot.com.mx\/site\/wp-content\/uploads\/2015\/10\/principal.jpg?fit=310%2C162&ssl=1","width":310,"height":162},{"@type":"BreadcrumbList","@id":"https:\/\/kalot.com.mx\/site\/2015\/10\/30\/dia-de-muertos-viernesde-breviario-cultural\/#breadcrumb","itemListElement":[{"@type":"ListItem","position":1,"name":"Home","item":"https:\/\/kalot.com.mx\/site\/"},{"@type":"ListItem","position":2,"name":"D\u00eda de muertos #Viernesde breviario cultural"}]},{"@type":"WebSite","@id":"https:\/\/kalot.com.mx\/site\/#website","url":"https:\/\/kalot.com.mx\/site\/","name":"Kalot","description":"Conoce Todo Sobre Todo","publisher":{"@id":"https:\/\/kalot.com.mx\/site\/#organization"},"potentialAction":[{"@type":"SearchAction","target":{"@type":"EntryPoint","urlTemplate":"https:\/\/kalot.com.mx\/site\/?s={search_term_string}"},"query-input":{"@type":"PropertyValueSpecification","valueRequired":true,"valueName":"search_term_string"}}],"inLanguage":"es"},{"@type":"Organization","@id":"https:\/\/kalot.com.mx\/site\/#organization","name":"Kalot","url":"https:\/\/kalot.com.mx\/site\/","logo":{"@type":"ImageObject","inLanguage":"es","@id":"https:\/\/kalot.com.mx\/site\/#\/schema\/logo\/image\/","url":"https:\/\/i0.wp.com\/kalot.com.mx\/site\/wp-content\/uploads\/2020\/04\/Kalot-logo-sin-tagline.png?fit=1707%2C1014&ssl=1","contentUrl":"https:\/\/i0.wp.com\/kalot.com.mx\/site\/wp-content\/uploads\/2020\/04\/Kalot-logo-sin-tagline.png?fit=1707%2C1014&ssl=1","width":1707,"height":1014,"caption":"Kalot"},"image":{"@id":"https:\/\/kalot.com.mx\/site\/#\/schema\/logo\/image\/"},"sameAs":["http:\/\/facebook.com\/mxkalot","https:\/\/x.com\/kalotmx","http:\/\/instagram.com\/kalotmx","http:\/\/pinterest.com\/jorgeerana\/kalot"]},{"@type":"Person","@id":"https:\/\/kalot.com.mx\/site\/#\/schema\/person\/fcbbd4831be1e4183f2b194b2b7b48f7","name":"Brenda A","image":{"@type":"ImageObject","inLanguage":"es","@id":"https:\/\/secure.gravatar.com\/avatar\/3d5561524521638ceb53d1c5f080a2c3a30b0038aef192cfbdf248856f578979?s=96&d=mm&r=g","url":"https:\/\/secure.gravatar.com\/avatar\/3d5561524521638ceb53d1c5f080a2c3a30b0038aef192cfbdf248856f578979?s=96&d=mm&r=g","contentUrl":"https:\/\/secure.gravatar.com\/avatar\/3d5561524521638ceb53d1c5f080a2c3a30b0038aef192cfbdf248856f578979?s=96&d=mm&r=g","caption":"Brenda A"},"url":"https:\/\/kalot.com.mx\/site\/author\/mariana\/"}]}},"jetpack_publicize_connections":[],"jetpack_featured_media_url":"https:\/\/i0.wp.com\/kalot.com.mx\/site\/wp-content\/uploads\/2015\/10\/principal.jpg?fit=310%2C162&ssl=1","jetpack_shortlink":"https:\/\/wp.me\/p6IHEI-6hL","jetpack-related-posts":[{"id":5634,"url":"https:\/\/kalot.com.mx\/site\/2013\/11\/03\/tradiciones-magicas-xantolo\/","url_meta":{"origin":24165,"position":0},"title":"Tradiciones m\u00e1gicas: Xantolo","author":"Fernanda S\u00e1nchez","date":"3 noviembre, 2013","format":false,"excerpt":"Las tradiciones y costumbres que posee una cultura son los mayores tesoros con los que cuenta, no solo porque son el reflejo de su identidad, tambi\u00e9n porque son el legado que conservan desde sus inicios y que con mucho ah\u00ednco pasan de generaci\u00f3n en generaci\u00f3n. Son la luz que gu\u00eda\u2026","rel":"","context":"Entrada similar ","block_context":{"text":"Entrada similar ","link":""},"img":{"alt_text":"","src":"https:\/\/i0.wp.com\/kalot.com.mx\/site\/wp-content\/uploads\/2013\/11\/kalot-xantolo4.jpg?fit=620%2C468&ssl=1&resize=350%2C200","width":350,"height":200,"srcset":"https:\/\/i0.wp.com\/kalot.com.mx\/site\/wp-content\/uploads\/2013\/11\/kalot-xantolo4.jpg?fit=620%2C468&ssl=1&resize=350%2C200 1x, https:\/\/i0.wp.com\/kalot.com.mx\/site\/wp-content\/uploads\/2013\/11\/kalot-xantolo4.jpg?fit=620%2C468&ssl=1&resize=525%2C300 1.5x"},"classes":[]},{"id":19139,"url":"https:\/\/kalot.com.mx\/site\/2014\/11\/09\/dia-de-los-difuntos-luis-alcoriza-1988\/","url_meta":{"origin":24165,"position":1},"title":"D\u00eda de difuntos (Luis Alcoriza , 1988)","author":"Aldo L\u00f3pez","date":"9 noviembre, 2014","format":false,"excerpt":"La semana pasada se celebr\u00f3 en M\u00e9xico el D\u00eda de muertos, tambi\u00e9n conocido como D\u00eda de los fieles difuntos y Todos los santos. Esta fecha es muy especial para los mexicanos y admirada en el extranjero por la forma tan peculiar con que se trata el tema de la muerte.\u2026","rel":"","context":"En &quot;Cine&quot;","block_context":{"text":"Cine","link":"https:\/\/kalot.com.mx\/site\/category\/cine\/"},"img":{"alt_text":"","src":"https:\/\/i0.wp.com\/kalot.com.mx\/site\/wp-content\/uploads\/2014\/11\/dia-de-difuntos-4.jpg?fit=357%2C500&ssl=1&resize=350%2C200","width":350,"height":200},"classes":[]},{"id":5527,"url":"https:\/\/kalot.com.mx\/site\/2013\/11\/01\/dia-de-muertos-una-tradicion-muy-mexicana\/","url_meta":{"origin":24165,"position":2},"title":"D\u00eda de muertos: Una tradici\u00f3n muy mexicana","author":"Tania Aguirre","date":"1 noviembre, 2013","format":false,"excerpt":"Es un hecho que una de las cosas que mas nos intrigan como seres humanos es la muerte, pues no tenemos la certeza de saber que pasara con nosotros al morir. A la mayor\u00eda este hecho le causa miedo e incertidumbre, pero los mexicanos no somos parte de esa mayor\u00eda,\u2026","rel":"","context":"Entrada similar ","block_context":{"text":"Entrada similar ","link":""},"img":{"alt_text":"","src":"https:\/\/i0.wp.com\/kalot.com.mx\/site\/wp-content\/uploads\/2013\/11\/kalot-dia-de-muertos.jpg?fit=886%2C834&ssl=1&resize=350%2C200","width":350,"height":200,"srcset":"https:\/\/i0.wp.com\/kalot.com.mx\/site\/wp-content\/uploads\/2013\/11\/kalot-dia-de-muertos.jpg?fit=886%2C834&ssl=1&resize=350%2C200 1x, https:\/\/i0.wp.com\/kalot.com.mx\/site\/wp-content\/uploads\/2013\/11\/kalot-dia-de-muertos.jpg?fit=886%2C834&ssl=1&resize=525%2C300 1.5x, https:\/\/i0.wp.com\/kalot.com.mx\/site\/wp-content\/uploads\/2013\/11\/kalot-dia-de-muertos.jpg?fit=886%2C834&ssl=1&resize=700%2C400 2x"},"classes":[]},{"id":5627,"url":"https:\/\/kalot.com.mx\/site\/2013\/11\/03\/festival-de-vida-y-muerte-de-xcaret-riviera-maya\/","url_meta":{"origin":24165,"position":3},"title":"Festival de Vida y Muerte de Xcaret, Riviera Maya!","author":"Ceci Cuevas","date":"3 noviembre, 2013","format":false,"excerpt":"por Ceci Cuevas El festival de Tradiciones de Vida y Muerte de Xcaret, se lleva a cabo cada a\u00f1o siendo uno de los m\u00e1s reconocidos a nivel mundial. El festival empez\u00f3 siendo de un d\u00eda y por el gran \u00e9xito que han tenido, ahora tiene una duraci\u00f3n de cuatro d\u00edas!\u2026","rel":"","context":"Con 1 comentario","block_context":{"text":"Con 1 comentario","link":"https:\/\/kalot.com.mx\/site\/2013\/11\/03\/festival-de-vida-y-muerte-de-xcaret-riviera-maya\/#comments"},"img":{"alt_text":"","src":"https:\/\/i0.wp.com\/kalot.com.mx\/site\/wp-content\/uploads\/2013\/11\/20131103-062337-p.m..jpg?fit=520%2C565&ssl=1&resize=350%2C200","width":350,"height":200},"classes":[]},{"id":23811,"url":"https:\/\/kalot.com.mx\/site\/2015\/10\/09\/la-feria-del-huipil-viernesde-breviario-cultural\/","url_meta":{"origin":24165,"position":4},"title":"La feria del Huipil. #Viernesde breviario cultural.","author":"Brenda A","date":"9 octubre, 2015","format":false,"excerpt":"Chiquillos y chiquillas, pensar\u00e1n por qu\u00e9 una feria en nuestro breviario, pues porque todas las expresiones art\u00edsticas de una sociedad son considerados como cultura material, de modo que conocer las tradiciones que ocurren en los diversos lugares del pa\u00eds es importante. \u00a0Un HUIPIL o g\u00fcipil\u00a0es una blusa o vestido sin\u2026","rel":"","context":"En &quot;Cultura&quot;","block_context":{"text":"Cultura","link":"https:\/\/kalot.com.mx\/site\/category\/cultura\/"},"img":{"alt_text":"","src":"https:\/\/i0.wp.com\/kalot.com.mx\/site\/wp-content\/uploads\/2015\/10\/4reina_cuetzalan.jpg?fit=730%2C500&ssl=1&resize=350%2C200","width":350,"height":200,"srcset":"https:\/\/i0.wp.com\/kalot.com.mx\/site\/wp-content\/uploads\/2015\/10\/4reina_cuetzalan.jpg?fit=730%2C500&ssl=1&resize=350%2C200 1x, https:\/\/i0.wp.com\/kalot.com.mx\/site\/wp-content\/uploads\/2015\/10\/4reina_cuetzalan.jpg?fit=730%2C500&ssl=1&resize=525%2C300 1.5x, https:\/\/i0.wp.com\/kalot.com.mx\/site\/wp-content\/uploads\/2015\/10\/4reina_cuetzalan.jpg?fit=730%2C500&ssl=1&resize=700%2C400 2x"},"classes":[]},{"id":4793,"url":"https:\/\/kalot.com.mx\/site\/2013\/10\/24\/halloween-2013-los-disfraces-mas-freakys-ever\/","url_meta":{"origin":24165,"position":5},"title":"Halloween 2013\u2026 Los disfraces m\u00e1s freakys ever!","author":"Alejandro Villela","date":"24 octubre, 2013","format":false,"excerpt":"Una de las festividades favoritas de todo mundo est\u00e1 a la vuelta de la esquina, esa noche en la que puedes ser (o al menos parecer) lo que quieras ser\u2026 Halloween. Esta festividad de tradici\u00f3n celta se origin\u00f3 ya que, para ellos el fin del verano marcaba el inicio de\u2026","rel":"","context":"Entrada similar ","block_context":{"text":"Entrada similar ","link":""},"img":{"alt_text":"","src":"https:\/\/i0.wp.com\/kalot.com.mx\/site\/wp-content\/uploads\/2013\/10\/disfraz-sujetador-sosten.jpg?fit=550%2C460&ssl=1&resize=350%2C200","width":350,"height":200,"srcset":"https:\/\/i0.wp.com\/kalot.com.mx\/site\/wp-content\/uploads\/2013\/10\/disfraz-sujetador-sosten.jpg?fit=550%2C460&ssl=1&resize=350%2C200 1x, https:\/\/i0.wp.com\/kalot.com.mx\/site\/wp-content\/uploads\/2013\/10\/disfraz-sujetador-sosten.jpg?fit=550%2C460&ssl=1&resize=525%2C300 1.5x"},"classes":[]}],"jetpack_sharing_enabled":true,"_links":{"self":[{"href":"https:\/\/kalot.com.mx\/site\/wp-json\/wp\/v2\/posts\/24165","targetHints":{"allow":["GET"]}}],"collection":[{"href":"https:\/\/kalot.com.mx\/site\/wp-json\/wp\/v2\/posts"}],"about":[{"href":"https:\/\/kalot.com.mx\/site\/wp-json\/wp\/v2\/types\/post"}],"author":[{"embeddable":true,"href":"https:\/\/kalot.com.mx\/site\/wp-json\/wp\/v2\/users\/135"}],"replies":[{"embeddable":true,"href":"https:\/\/kalot.com.mx\/site\/wp-json\/wp\/v2\/comments?post=24165"}],"version-history":[{"count":2,"href":"https:\/\/kalot.com.mx\/site\/wp-json\/wp\/v2\/posts\/24165\/revisions"}],"predecessor-version":[{"id":27991,"href":"https:\/\/kalot.com.mx\/site\/wp-json\/wp\/v2\/posts\/24165\/revisions\/27991"}],"wp:featuredmedia":[{"embeddable":true,"href":"https:\/\/kalot.com.mx\/site\/wp-json\/wp\/v2\/media\/24170"}],"wp:attachment":[{"href":"https:\/\/kalot.com.mx\/site\/wp-json\/wp\/v2\/media?parent=24165"}],"wp:term":[{"taxonomy":"category","embeddable":true,"href":"https:\/\/kalot.com.mx\/site\/wp-json\/wp\/v2\/categories?post=24165"},{"taxonomy":"post_tag","embeddable":true,"href":"https:\/\/kalot.com.mx\/site\/wp-json\/wp\/v2\/tags?post=24165"}],"curies":[{"name":"wp","href":"https:\/\/api.w.org\/{rel}","templated":true}]}}