{"id":24046,"date":"2015-10-23T10:45:04","date_gmt":"2015-10-23T16:45:04","guid":{"rendered":"http:\/\/kalot.com.mx\/site\/?p=24046"},"modified":"2015-10-23T10:45:04","modified_gmt":"2015-10-23T16:45:04","slug":"los-comunicologos-chambitas-segun-algunos-testimonios","status":"publish","type":"post","link":"https:\/\/kalot.com.mx\/site\/2015\/10\/23\/los-comunicologos-chambitas-segun-algunos-testimonios\/","title":{"rendered":"Los comunic\u00f3logos chambitas, seg\u00fan algunos testimonios."},"content":{"rendered":"<p>Hace poco escuch\u00e9 a una persona ensalzando de una manera desmesurada a los comunic\u00f3logos, hasta cierto punto parad\u00f3jica, pues momentos despu\u00e9s dec\u00eda: los comunic\u00f3logos son los chambitas \u00bfPor qu\u00e9? Seg\u00fan cuenta la leyenda un comunic\u00f3logo puede y debe de hacer de todo, cualquier oficio o profesi\u00f3n que se nos venga a la mente, ah\u00ed entra el comunic\u00f3logo. Y a todo esto surge la inc\u00f3gnita acerca de si la carrera de Comunicaci\u00f3n est\u00e1 bastante limitada, desperdiciada y desvalorada, gracias a los mismos comunic\u00f3logos.<\/p>\n<p>\u00a0<\/p>\n<p>A\u00f1adiendo m\u00e1s saz\u00f3n a este texto, tambi\u00e9n est\u00e1 la parte en la que varios comunic\u00f3logos llaman a las dem\u00e1s personas \u201cnormales\u201d e incluso \u201ctontas\u201d porque seg\u00fan ellos se dejan enga\u00f1ar por la publicidad generada por los medios, sinti\u00e9ndose as\u00ed manipuladores, magos y hasta hechiceros de las mentes humanas.<\/p>\n<p>\u00a0<\/p>\n<p>Pero el problema no termina ah\u00ed, el dilema surge cuando muchos de los comunic\u00f3logos contempor\u00e1neos ofrecen muy probablemente la t\u00e9cnica, pero no el contenido, sometiendo as\u00ed a los espectadores migajas audiovisuales, que muy lejos de informar o despertar, solamente adormecen.<\/p>\n<p>\u00a0<\/p>\n<p>Otra de las contrariedades es \u00bfc\u00f3mo confiar en un contenido que me ofrece una persona que comete errores ortogr\u00e1ficos fatales? Y es que me atrevo a afirmar que este es un problema muy com\u00fan entre los que ejercen esta carrera, y debemos admitir que la ortograf\u00eda es la base para poder comunicarnos a trav\u00e9s de la palabra escrita.<\/p>\n<p>\u00a0<\/p>\n<p>No olvidemos que no por ser m\u00e9dicos, ingenieros, maestros, comunic\u00f3logos, etc., valemos menos o m\u00e1s que los dem\u00e1s. Para cerrar me parece grato recordar algunas palabras del Doctor Jorge A. Gonz\u00e1lez: todos somos inteligentes, pues la inteligencia es la capacidad de resolver problemas. Tristemente se tiene una idea contraria a la palabra inteligencia.<\/p>\n<p>\u00a0<\/p>\n<p>Lo que s\u00ed me parece terrible, es que otros profesionistas afirman y defienden que los comunic\u00f3logos, hacen lo mismo que otras carreras, que el \u00fanico fin es el mensaje que se manda.<\/p>\n<p>\u00a0<\/p>\n<p>Deber\u00edamos de preguntarnos \u00bfcu\u00e1l es realmente la actividad de un comunic\u00f3logo? \u00bfcu\u00e1ntos de ellos la desarrollan?<\/p>\n","protected":false},"excerpt":{"rendered":"Hace poco escuch\u00e9 a una persona ensalzando de una manera desmesurada a los comunic\u00f3logos, hasta cierto punto parad\u00f3jica,&hellip;\n","protected":false},"author":137,"featured_media":24047,"comment_status":"open","ping_status":"open","sticky":false,"template":"","format":"standard","meta":{"jetpack_post_was_ever_published":false,"_jetpack_newsletter_access":"","_jetpack_dont_email_post_to_subs":false,"_jetpack_newsletter_tier_id":0,"_jetpack_memberships_contains_paywalled_content":false,"_jetpack_memberships_contains_paid_content":false,"footnotes":"","jetpack_publicize_message":"","jetpack_publicize_feature_enabled":true,"jetpack_social_post_already_shared":true,"jetpack_social_options":{"image_generator_settings":{"template":"highway","default_image_id":0,"font":"","enabled":false},"version":2}},"categories":[13,7,12],"tags":[204,221,63],"class_list":{"0":"post-24046","1":"post","2":"type-post","3":"status-publish","4":"format-standard","5":"has-post-thumbnail","7":"category-cultura","8":"category-novedades","9":"category-reflexion","10":"tag-comunicacion","11":"tag-comunicologo","12":"tag-lugares-turisticos-san-luis-potosi","13":"cs-entry","14":"cs-video-wrap"},"yoast_head":"<!-- This site is optimized with the Yoast SEO plugin v27.5 - https:\/\/yoast.com\/product\/yoast-seo-wordpress\/ -->\n<title>Los comunic\u00f3logos chambitas, seg\u00fan algunos testimonios. - Kalot<\/title>\n<meta name=\"description\" content=\"Hace poco escuch\u00e9 a una persona ensalzando de una manera desmesurada a los comunic\u00f3logos, hasta cierto punto parad\u00f3jica, pues momentos despu\u00e9s dec\u00eda: los\" \/>\n<meta name=\"robots\" content=\"index, follow, max-snippet:-1, max-image-preview:large, max-video-preview:-1\" \/>\n<link rel=\"canonical\" href=\"https:\/\/kalot.com.mx\/site\/2015\/10\/23\/los-comunicologos-chambitas-segun-algunos-testimonios\/\" \/>\n<meta property=\"og:locale\" content=\"es_MX\" \/>\n<meta property=\"og:type\" content=\"article\" \/>\n<meta property=\"og:title\" content=\"Los comunic\u00f3logos chambitas, seg\u00fan algunos testimonios. - Kalot\" \/>\n<meta property=\"og:description\" content=\"Hace poco escuch\u00e9 a una persona ensalzando de una manera desmesurada a los comunic\u00f3logos, hasta cierto punto parad\u00f3jica, pues momentos despu\u00e9s dec\u00eda: los\" \/>\n<meta property=\"og:url\" content=\"https:\/\/kalot.com.mx\/site\/2015\/10\/23\/los-comunicologos-chambitas-segun-algunos-testimonios\/\" \/>\n<meta property=\"og:site_name\" content=\"Kalot\" \/>\n<meta property=\"article:publisher\" content=\"http:\/\/facebook.com\/mxkalot\" \/>\n<meta property=\"article:published_time\" content=\"2015-10-23T16:45:04+00:00\" \/>\n<meta property=\"og:image\" content=\"https:\/\/i0.wp.com\/kalot.com.mx\/site\/wp-content\/uploads\/2015\/10\/12179747_10156288046820372_116978480_n.jpg?fit=340%2C284&ssl=1\" \/>\n\t<meta property=\"og:image:width\" content=\"340\" \/>\n\t<meta property=\"og:image:height\" content=\"284\" \/>\n\t<meta property=\"og:image:type\" content=\"image\/jpeg\" \/>\n<meta name=\"author\" content=\"Doctor Caligari\" \/>\n<meta name=\"twitter:card\" content=\"summary_large_image\" \/>\n<meta name=\"twitter:creator\" content=\"@kalotmx\" \/>\n<meta name=\"twitter:site\" content=\"@kalotmx\" \/>\n<meta name=\"twitter:label1\" content=\"Escrito por\" \/>\n\t<meta name=\"twitter:data1\" content=\"Doctor Caligari\" \/>\n\t<meta name=\"twitter:label2\" content=\"Tiempo de lectura\" \/>\n\t<meta name=\"twitter:data2\" content=\"2 minutos\" \/>\n<!-- \/ Yoast SEO plugin. -->","yoast_head_json":{"title":"Los comunic\u00f3logos chambitas, seg\u00fan algunos testimonios. - Kalot","description":"Hace poco escuch\u00e9 a una persona ensalzando de una manera desmesurada a los comunic\u00f3logos, hasta cierto punto parad\u00f3jica, pues momentos despu\u00e9s dec\u00eda: los","robots":{"index":"index","follow":"follow","max-snippet":"max-snippet:-1","max-image-preview":"max-image-preview:large","max-video-preview":"max-video-preview:-1"},"canonical":"https:\/\/kalot.com.mx\/site\/2015\/10\/23\/los-comunicologos-chambitas-segun-algunos-testimonios\/","og_locale":"es_MX","og_type":"article","og_title":"Los comunic\u00f3logos chambitas, seg\u00fan algunos testimonios. - Kalot","og_description":"Hace poco escuch\u00e9 a una persona ensalzando de una manera desmesurada a los comunic\u00f3logos, hasta cierto punto parad\u00f3jica, pues momentos despu\u00e9s dec\u00eda: los","og_url":"https:\/\/kalot.com.mx\/site\/2015\/10\/23\/los-comunicologos-chambitas-segun-algunos-testimonios\/","og_site_name":"Kalot","article_publisher":"http:\/\/facebook.com\/mxkalot","article_published_time":"2015-10-23T16:45:04+00:00","og_image":[{"width":340,"height":284,"url":"https:\/\/i0.wp.com\/kalot.com.mx\/site\/wp-content\/uploads\/2015\/10\/12179747_10156288046820372_116978480_n.jpg?fit=340%2C284&ssl=1","type":"image\/jpeg"}],"author":"Doctor Caligari","twitter_card":"summary_large_image","twitter_creator":"@kalotmx","twitter_site":"@kalotmx","twitter_misc":{"Escrito por":"Doctor Caligari","Tiempo de lectura":"2 minutos"},"schema":{"@context":"https:\/\/schema.org","@graph":[{"@type":"Article","@id":"https:\/\/kalot.com.mx\/site\/2015\/10\/23\/los-comunicologos-chambitas-segun-algunos-testimonios\/#article","isPartOf":{"@id":"https:\/\/kalot.com.mx\/site\/2015\/10\/23\/los-comunicologos-chambitas-segun-algunos-testimonios\/"},"author":{"name":"Doctor Caligari","@id":"https:\/\/kalot.com.mx\/site\/#\/schema\/person\/645e1055387450a9aaddb8b199167f89"},"headline":"Los comunic\u00f3logos chambitas, seg\u00fan algunos testimonios.","datePublished":"2015-10-23T16:45:04+00:00","mainEntityOfPage":{"@id":"https:\/\/kalot.com.mx\/site\/2015\/10\/23\/los-comunicologos-chambitas-segun-algunos-testimonios\/"},"wordCount":382,"commentCount":0,"publisher":{"@id":"https:\/\/kalot.com.mx\/site\/#organization"},"image":{"@id":"https:\/\/kalot.com.mx\/site\/2015\/10\/23\/los-comunicologos-chambitas-segun-algunos-testimonios\/#primaryimage"},"thumbnailUrl":"https:\/\/i0.wp.com\/kalot.com.mx\/site\/wp-content\/uploads\/2015\/10\/12179747_10156288046820372_116978480_n.jpg?fit=340%2C284&ssl=1","keywords":["comunicacion","comunic\u00f3logo","lugares turisticos san luis potosi"],"articleSection":["Cultura","Novedades","Reflexi\u00f3n"],"inLanguage":"es","potentialAction":[{"@type":"CommentAction","name":"Comment","target":["https:\/\/kalot.com.mx\/site\/2015\/10\/23\/los-comunicologos-chambitas-segun-algunos-testimonios\/#respond"]}]},{"@type":"WebPage","@id":"https:\/\/kalot.com.mx\/site\/2015\/10\/23\/los-comunicologos-chambitas-segun-algunos-testimonios\/","url":"https:\/\/kalot.com.mx\/site\/2015\/10\/23\/los-comunicologos-chambitas-segun-algunos-testimonios\/","name":"Los comunic\u00f3logos chambitas, seg\u00fan algunos testimonios. - Kalot","isPartOf":{"@id":"https:\/\/kalot.com.mx\/site\/#website"},"primaryImageOfPage":{"@id":"https:\/\/kalot.com.mx\/site\/2015\/10\/23\/los-comunicologos-chambitas-segun-algunos-testimonios\/#primaryimage"},"image":{"@id":"https:\/\/kalot.com.mx\/site\/2015\/10\/23\/los-comunicologos-chambitas-segun-algunos-testimonios\/#primaryimage"},"thumbnailUrl":"https:\/\/i0.wp.com\/kalot.com.mx\/site\/wp-content\/uploads\/2015\/10\/12179747_10156288046820372_116978480_n.jpg?fit=340%2C284&ssl=1","datePublished":"2015-10-23T16:45:04+00:00","description":"Hace poco escuch\u00e9 a una persona ensalzando de una manera desmesurada a los comunic\u00f3logos, hasta cierto punto parad\u00f3jica, pues momentos despu\u00e9s dec\u00eda: los","breadcrumb":{"@id":"https:\/\/kalot.com.mx\/site\/2015\/10\/23\/los-comunicologos-chambitas-segun-algunos-testimonios\/#breadcrumb"},"inLanguage":"es","potentialAction":[{"@type":"ReadAction","target":["https:\/\/kalot.com.mx\/site\/2015\/10\/23\/los-comunicologos-chambitas-segun-algunos-testimonios\/"]}]},{"@type":"ImageObject","inLanguage":"es","@id":"https:\/\/kalot.com.mx\/site\/2015\/10\/23\/los-comunicologos-chambitas-segun-algunos-testimonios\/#primaryimage","url":"https:\/\/i0.wp.com\/kalot.com.mx\/site\/wp-content\/uploads\/2015\/10\/12179747_10156288046820372_116978480_n.jpg?fit=340%2C284&ssl=1","contentUrl":"https:\/\/i0.wp.com\/kalot.com.mx\/site\/wp-content\/uploads\/2015\/10\/12179747_10156288046820372_116978480_n.jpg?fit=340%2C284&ssl=1","width":340,"height":284},{"@type":"BreadcrumbList","@id":"https:\/\/kalot.com.mx\/site\/2015\/10\/23\/los-comunicologos-chambitas-segun-algunos-testimonios\/#breadcrumb","itemListElement":[{"@type":"ListItem","position":1,"name":"Home","item":"https:\/\/kalot.com.mx\/site\/"},{"@type":"ListItem","position":2,"name":"Los comunic\u00f3logos chambitas, seg\u00fan algunos testimonios."}]},{"@type":"WebSite","@id":"https:\/\/kalot.com.mx\/site\/#website","url":"https:\/\/kalot.com.mx\/site\/","name":"Kalot","description":"Conoce Todo Sobre Todo","publisher":{"@id":"https:\/\/kalot.com.mx\/site\/#organization"},"potentialAction":[{"@type":"SearchAction","target":{"@type":"EntryPoint","urlTemplate":"https:\/\/kalot.com.mx\/site\/?s={search_term_string}"},"query-input":{"@type":"PropertyValueSpecification","valueRequired":true,"valueName":"search_term_string"}}],"inLanguage":"es"},{"@type":"Organization","@id":"https:\/\/kalot.com.mx\/site\/#organization","name":"Kalot","url":"https:\/\/kalot.com.mx\/site\/","logo":{"@type":"ImageObject","inLanguage":"es","@id":"https:\/\/kalot.com.mx\/site\/#\/schema\/logo\/image\/","url":"https:\/\/i0.wp.com\/kalot.com.mx\/site\/wp-content\/uploads\/2020\/04\/Kalot-logo-sin-tagline.png?fit=1707%2C1014&ssl=1","contentUrl":"https:\/\/i0.wp.com\/kalot.com.mx\/site\/wp-content\/uploads\/2020\/04\/Kalot-logo-sin-tagline.png?fit=1707%2C1014&ssl=1","width":1707,"height":1014,"caption":"Kalot"},"image":{"@id":"https:\/\/kalot.com.mx\/site\/#\/schema\/logo\/image\/"},"sameAs":["http:\/\/facebook.com\/mxkalot","https:\/\/x.com\/kalotmx","http:\/\/instagram.com\/kalotmx","http:\/\/pinterest.com\/jorgeerana\/kalot"]},{"@type":"Person","@id":"https:\/\/kalot.com.mx\/site\/#\/schema\/person\/645e1055387450a9aaddb8b199167f89","name":"Doctor Caligari","image":{"@type":"ImageObject","inLanguage":"es","@id":"https:\/\/secure.gravatar.com\/avatar\/39f408f452c285bcf62aeb0cd476a4858c3ed7f4acbfaa3ee45e423d1e44c2f0?s=96&d=mm&r=g","url":"https:\/\/secure.gravatar.com\/avatar\/39f408f452c285bcf62aeb0cd476a4858c3ed7f4acbfaa3ee45e423d1e44c2f0?s=96&d=mm&r=g","contentUrl":"https:\/\/secure.gravatar.com\/avatar\/39f408f452c285bcf62aeb0cd476a4858c3ed7f4acbfaa3ee45e423d1e44c2f0?s=96&d=mm&r=g","caption":"Doctor Caligari"},"url":"https:\/\/kalot.com.mx\/site\/author\/sahiye\/"}]}},"jetpack_publicize_connections":[],"jetpack_featured_media_url":"https:\/\/i0.wp.com\/kalot.com.mx\/site\/wp-content\/uploads\/2015\/10\/12179747_10156288046820372_116978480_n.jpg?fit=340%2C284&ssl=1","jetpack_shortlink":"https:\/\/wp.me\/p6IHEI-6fQ","jetpack-related-posts":[{"id":25314,"url":"https:\/\/kalot.com.mx\/site\/2016\/04\/29\/los-comunicologos-chambitas-60-anos-tradicion\/","url_meta":{"origin":24046,"position":0},"title":"Los comunic\u00f3logos chambitas, m\u00e1s de 60 a\u00f1os de tradici\u00f3n.","author":"Doctor Caligari","date":"29 abril, 2016","format":false,"excerpt":"Es curioso c\u00f3mo al buscar la palabra comunic\u00f3logo lo primero que aparece en el motor de b\u00fasqueda Google son im\u00e1genes que, lo que dan a entender, es que un comunic\u00f3logo es igual a un tod\u00f3logo, que todo lo puede y si no, lo inventa; pareciera que el comunic\u00f3logo no tiene\u2026","rel":"","context":"En &quot;Cultura&quot;","block_context":{"text":"Cultura","link":"https:\/\/kalot.com.mx\/site\/category\/cultura\/"},"img":{"alt_text":"","src":"https:\/\/i0.wp.com\/kalot.com.mx\/site\/wp-content\/uploads\/2016\/04\/dia_comunicologo_6.jpg?fit=600%2C600&ssl=1&resize=350%2C200","width":350,"height":200,"srcset":"https:\/\/i0.wp.com\/kalot.com.mx\/site\/wp-content\/uploads\/2016\/04\/dia_comunicologo_6.jpg?fit=600%2C600&ssl=1&resize=350%2C200 1x, https:\/\/i0.wp.com\/kalot.com.mx\/site\/wp-content\/uploads\/2016\/04\/dia_comunicologo_6.jpg?fit=600%2C600&ssl=1&resize=525%2C300 1.5x"},"classes":[]},{"id":11052,"url":"https:\/\/kalot.com.mx\/site\/2014\/02\/03\/expectativa-vs-realidad-honestslogans\/","url_meta":{"origin":24046,"position":1},"title":"Expectativa vs Realidad #Honestslogans","author":"Dulce Mireles","date":"3 febrero, 2014","format":false,"excerpt":"Al momento de ofrecer un producto o servicio, existe un elemento que es el mejor cuate del logotipo: El buen eslogan. El eslogan es aquella frase acerca de lo que queremos proyectar como marca, algunos dicen que es \"el grito de guerra\" por los antecedentes del famoso \"I want you\"\u2026","rel":"","context":"Entrada similar ","block_context":{"text":"Entrada similar ","link":""},"img":{"alt_text":"","src":"https:\/\/i0.wp.com\/kalot.com.mx\/site\/wp-content\/uploads\/2014\/02\/3.jpg?fit=500%2C370&ssl=1&resize=350%2C200","width":350,"height":200},"classes":[]},{"id":8091,"url":"https:\/\/kalot.com.mx\/site\/2013\/12\/19\/un-dia-se-ocurrio-nacer-y-lo-hice-elmemopacheco\/","url_meta":{"origin":24046,"position":2},"title":"Un d\u00eda se me ocurri\u00f3 nacer y lo hice @ElMemoPacheco","author":"El Memo Pacheco","date":"19 diciembre, 2013","format":false,"excerpt":"Kalochas, Kalochos y Kalocheros, ya lleg\u00f3 el Sabor a su querida p\u00e1gina. Muchos lo saben, otros no, yo soy El Memo Pacheco, un humano m\u00e1s corriente que com\u00fan que goza del placer de escribir para todos ustedes. Comunic\u00f3logo que si acabo la carrera, orgullosamente L.C.C.; Locutor de radio e internet,\u2026","rel":"","context":"En &quot;Sin categor\u00eda&quot;","block_context":{"text":"Sin categor\u00eda","link":"https:\/\/kalot.com.mx\/site\/category\/sin-categoria\/"},"img":{"alt_text":"","src":"https:\/\/i0.wp.com\/kalot.com.mx\/site\/wp-content\/uploads\/2013\/12\/1462846_10202535858975132_978234794_n.jpg?fit=640%2C426&ssl=1&resize=350%2C200","width":350,"height":200,"srcset":"https:\/\/i0.wp.com\/kalot.com.mx\/site\/wp-content\/uploads\/2013\/12\/1462846_10202535858975132_978234794_n.jpg?fit=640%2C426&ssl=1&resize=350%2C200 1x, https:\/\/i0.wp.com\/kalot.com.mx\/site\/wp-content\/uploads\/2013\/12\/1462846_10202535858975132_978234794_n.jpg?fit=640%2C426&ssl=1&resize=525%2C300 1.5x"},"classes":[]},{"id":12386,"url":"https:\/\/kalot.com.mx\/site\/2014\/02\/24\/slim-televisa-tvazteca\/","url_meta":{"origin":24046,"position":3},"title":"Slim Vs Televisa y TV Azteca","author":"Samuel Arriaga","date":"24 febrero, 2014","format":false,"excerpt":"Carlos Slim enfrenta renovadas acusaciones por parte de sus rivales acerca de que ha eludido la ley en una alianza con un proveedor de televisi\u00f3n de pago, mientras el regulador de las telecomunicaciones se prepara para emitir una serie de disposiciones antimonopolio. Los titanes de los medios de comunicaci\u00f3n mexicanos\u2026","rel":"","context":"Entrada similar ","block_context":{"text":"Entrada similar ","link":""},"img":{"alt_text":"","src":"https:\/\/i0.wp.com\/kalot.com.mx\/site\/wp-content\/uploads\/2014\/02\/magnastes.jpg?fit=619%2C464&ssl=1&resize=350%2C200","width":350,"height":200,"srcset":"https:\/\/i0.wp.com\/kalot.com.mx\/site\/wp-content\/uploads\/2014\/02\/magnastes.jpg?fit=619%2C464&ssl=1&resize=350%2C200 1x, https:\/\/i0.wp.com\/kalot.com.mx\/site\/wp-content\/uploads\/2014\/02\/magnastes.jpg?fit=619%2C464&ssl=1&resize=525%2C300 1.5x"},"classes":[]},{"id":22647,"url":"https:\/\/kalot.com.mx\/site\/2015\/07\/29\/que-es-snapchat\/","url_meta":{"origin":24046,"position":4},"title":"Snapchat y por qu\u00e9 una marca es s\u00f3lo tan buena como su \u00faltimo instante","author":"Jos\u00e9 Francisco L\u00f3pez","date":"29 julio, 2015","format":false,"excerpt":"\u00a0 Hoy hablar\u00e9 de Snapchat. Y antes de que dejes de leer, perm\u00edteme darte tres cifras: 200 millones de usuarios activos mensuales. Cada d\u00eda se env\u00edan m\u00e1s de 700 millones de snaps. Como empresa, est\u00e1 valorada en 19.000 millones de d\u00f3lares. \u00bfConsegu\u00ed que quieras seguir leyendo? Si es as\u00ed, me\u2026","rel":"","context":"Entrada similar ","block_context":{"text":"Entrada similar ","link":""},"img":{"alt_text":"","src":"https:\/\/i0.wp.com\/kalot.com.mx\/site\/wp-content\/uploads\/2015\/07\/DIPLOMADO-EN-FINANZAS-PARA-NO-FINANCIEROS_795x350px-copy.png?fit=795%2C350&ssl=1&resize=350%2C200","width":350,"height":200,"srcset":"https:\/\/i0.wp.com\/kalot.com.mx\/site\/wp-content\/uploads\/2015\/07\/DIPLOMADO-EN-FINANZAS-PARA-NO-FINANCIEROS_795x350px-copy.png?fit=795%2C350&ssl=1&resize=350%2C200 1x, https:\/\/i0.wp.com\/kalot.com.mx\/site\/wp-content\/uploads\/2015\/07\/DIPLOMADO-EN-FINANZAS-PARA-NO-FINANCIEROS_795x350px-copy.png?fit=795%2C350&ssl=1&resize=525%2C300 1.5x, https:\/\/i0.wp.com\/kalot.com.mx\/site\/wp-content\/uploads\/2015\/07\/DIPLOMADO-EN-FINANZAS-PARA-NO-FINANCIEROS_795x350px-copy.png?fit=795%2C350&ssl=1&resize=700%2C400 2x"},"classes":[]},{"id":7859,"url":"https:\/\/kalot.com.mx\/site\/2013\/12\/15\/instagram-direct-compitiendo-por-la-privacidad-de-los-usuarios\/","url_meta":{"origin":24046,"position":5},"title":"Instagram Direct, compitiendo por la privacidad de los usuarios","author":"Edgar Villanueva","date":"15 diciembre, 2013","format":false,"excerpt":"Esta semana la firma estadounidense anunci\u00f3 la llegada de Instagram Direct, un sistema de mensajer\u00eda que complementa a su servicio principal y que\u00a0 permite a los usuarios enviar texto, video y fotograf\u00edas de manera privada. \u00a0A pesar de que los mensajes deben iniciar con una fotograf\u00eda, el CEO de la\u2026","rel":"","context":"Entrada similar ","block_context":{"text":"Entrada similar ","link":""},"img":{"alt_text":"","src":"https:\/\/i0.wp.com\/kalot.com.mx\/site\/wp-content\/uploads\/2013\/12\/instagram-direct-970x0.jpg?fit=970%2C646&ssl=1&resize=350%2C200","width":350,"height":200,"srcset":"https:\/\/i0.wp.com\/kalot.com.mx\/site\/wp-content\/uploads\/2013\/12\/instagram-direct-970x0.jpg?fit=970%2C646&ssl=1&resize=350%2C200 1x, https:\/\/i0.wp.com\/kalot.com.mx\/site\/wp-content\/uploads\/2013\/12\/instagram-direct-970x0.jpg?fit=970%2C646&ssl=1&resize=525%2C300 1.5x, https:\/\/i0.wp.com\/kalot.com.mx\/site\/wp-content\/uploads\/2013\/12\/instagram-direct-970x0.jpg?fit=970%2C646&ssl=1&resize=700%2C400 2x"},"classes":[]}],"jetpack_sharing_enabled":true,"_links":{"self":[{"href":"https:\/\/kalot.com.mx\/site\/wp-json\/wp\/v2\/posts\/24046","targetHints":{"allow":["GET"]}}],"collection":[{"href":"https:\/\/kalot.com.mx\/site\/wp-json\/wp\/v2\/posts"}],"about":[{"href":"https:\/\/kalot.com.mx\/site\/wp-json\/wp\/v2\/types\/post"}],"author":[{"embeddable":true,"href":"https:\/\/kalot.com.mx\/site\/wp-json\/wp\/v2\/users\/137"}],"replies":[{"embeddable":true,"href":"https:\/\/kalot.com.mx\/site\/wp-json\/wp\/v2\/comments?post=24046"}],"version-history":[{"count":1,"href":"https:\/\/kalot.com.mx\/site\/wp-json\/wp\/v2\/posts\/24046\/revisions"}],"predecessor-version":[{"id":24048,"href":"https:\/\/kalot.com.mx\/site\/wp-json\/wp\/v2\/posts\/24046\/revisions\/24048"}],"wp:featuredmedia":[{"embeddable":true,"href":"https:\/\/kalot.com.mx\/site\/wp-json\/wp\/v2\/media\/24047"}],"wp:attachment":[{"href":"https:\/\/kalot.com.mx\/site\/wp-json\/wp\/v2\/media?parent=24046"}],"wp:term":[{"taxonomy":"category","embeddable":true,"href":"https:\/\/kalot.com.mx\/site\/wp-json\/wp\/v2\/categories?post=24046"},{"taxonomy":"post_tag","embeddable":true,"href":"https:\/\/kalot.com.mx\/site\/wp-json\/wp\/v2\/tags?post=24046"}],"curies":[{"name":"wp","href":"https:\/\/api.w.org\/{rel}","templated":true}]}}